{"id":33756,"date":"2026-03-15T05:09:32","date_gmt":"2026-03-15T05:09:32","guid":{"rendered":"https:\/\/lobosnews.com.ar\/index.php\/2026\/03\/15\/hace-historia-en-las-juveniles-de-brasil-la-sondeo-la-verdeamarela-pero-fue-citada-por-argentina-es-mi-sueno-desde-chica\/"},"modified":"2026-03-15T08:57:16","modified_gmt":"2026-03-15T08:57:16","slug":"hace-historia-en-las-juveniles-de-brasil-la-sondeo-la-verdeamarela-pero-fue-citada-por-argentina-es-mi-sueno-desde-chica","status":"publish","type":"post","link":"https:\/\/lobosnews.com.ar\/index.php\/2026\/03\/15\/hace-historia-en-las-juveniles-de-brasil-la-sondeo-la-verdeamarela-pero-fue-citada-por-argentina-es-mi-sueno-desde-chica\/","title":{"rendered":"Hace historia en las juveniles de Brasil, la sonde\u00f3 la Verdeamarela, pero fue citada por Argentina: \u201cEs mi sue\u00f1o desde chica\u201d"},"content":{"rendered":"<p><img loading=\"lazy\" decoding=\"async\" src=\"https:\/\/lobosnews.com.ar\/wp-content\/uploads\/2026\/03\/hace-historia-en-las-juveniles-de-brasil-la-sondeo-la-verdeamarela-pero-fue-citada-por-argentina-es-mi-sueno-desde-chica.jpg\" alt=\"Rafa Robinson brilla con Gr\u00eamio y fue convocada a la selecci\u00f3n argentina sub-17 por primera vez\" height=\"1081\" width=\"1920\"\/><\/p>\n<p>La historia de <b>Rafaela \u201c<\/b><i><b>Rafinha<\/b><\/i><b>\u201d Robinson<\/b> no es solo la de una delantera con cifras asombrosas, sino la de una joven que transform\u00f3 obst\u00e1culos en impulso para llegar adonde pocos se atreven a imaginar. Desde <b>Ap\u00f3stoles<\/b>, en Misiones, hasta <b>Porto Alegre<\/b>, su vida es un viaje de sue\u00f1os y decisiones valientes, con una pelota como horizonte y una familia que la acompa\u00f1a desde el primer d\u00eda.<\/p>\n<p>Rafa Robinson naci\u00f3 en la provincia argentina, pero desde muy peque\u00f1a su hogar estuvo en Brasil. Lleva la doble identidad en el coraz\u00f3n, hija de <b>Valeria Paredes <\/b>y <b>Lucas Robinson<\/b>, sobrina del artista<b> Andr\u00e9s Paredes<\/b>, mezcla la calidez argentina con la pasi\u00f3n futbolera del pa\u00eds que la vio crecer. Entre palabras en espa\u00f1ol y portugu\u00e9s, se forj\u00f3 su car\u00e1cter. Fan\u00e1tica de <b>Messi <\/b>y <b>Alex Morgan<\/b>, siempre tuvo claro que el f\u00fatbol era su lenguaje universal.<\/p>\n<p><img loading=\"lazy\" decoding=\"async\" src=\"https:\/\/lobosnews.com.ar\/wp-content\/uploads\/2026\/03\/hace-historia-en-las-juveniles-de-brasil-la-sondeo-la-verdeamarela-pero-fue-citada-por-argentina-es-mi-sueno-desde-chica-1.jpg\" alt=\"El orgulloso posteo que comparti\u00f3 su club actual (@mosqueteirasoficial)\" height=\"1333\" width=\"1920\"\/><\/p>\n<p>Las primeras gambetas de Rafinha fueron en plazas, pero bajo los tres palos. <b>Ella quer\u00eda ser arquera<\/b>, y durante a\u00f1os <b>fue la \u00fanica nena en la escuelita del Gr\u00eamio en Santa Mar\u00eda<\/b> de <i>R\u00edo Grande del Sur<\/i>. A los ocho a\u00f1os, su ilusi\u00f3n era atajar, aunque <b>el destino le ten\u00eda reservado otro lugar en la cancha<\/b>. Cuando la familia se mud\u00f3 a Florian\u00f3polis, sigui\u00f3 defendiendo el arco en equipos de varones, e incluso lleg\u00f3 a jugar en el <b>PSG<\/b> de Brasil y el <b>Centro Ol\u00edmpico de San Pablo<\/b>.<\/p>\n<p>El cambio de posici\u00f3n fue tan inesperado como necesario. En sus inicios en el deporte continu\u00f3 en un campeonato solo con varones, pero \u201c<b>no eran muy buenos<\/b>\u201d, sostuvo la joven jugadora. As\u00ed que aquella ansiedad le gan\u00f3 y <b>dej\u00f3 el arco para desempe\u00f1arse en la cancha<\/b>. Esa inquietud la llev\u00f3 al lado contrario de su \u00e1rea, y finalmente lleg\u00f3 a su actual ubicaci\u00f3n, en el ataque. <b>Fue en Gr\u00eamio donde la ubicaron como delantera<\/b>, y all\u00ed descubri\u00f3 su verdadero potencial: \u201c<b>Cuando vine a hacer la prueba, todav\u00eda jugaba como mediocampista. Pero me colocaron como delantera. Y ah\u00ed me qued\u00e9<\/b>\u201d, record\u00f3 a <i>Globo Esporte<\/i>.<\/p>\n<p><img loading=\"lazy\" decoding=\"async\" src=\"https:\/\/lobosnews.com.ar\/wp-content\/uploads\/2026\/03\/hace-historia-en-las-juveniles-de-brasil-la-sondeo-la-verdeamarela-pero-fue-citada-por-argentina-es-mi-sueno-desde-chica-2.jpg\" alt=\"Rafinha comenz\u00f3 sus pasos en el f\u00fatbol como arquera hasta consolidarse en el ataque\" height=\"1138\" width=\"1920\"\/><\/p>\n<p>Alejarse de la familia para mudarse a Porto Alegre y sumarse al equipo femenino de Gr\u00eamio fue un salto grande. Pero la recompensa lleg\u00f3 pronto: en 2024, con solo 16 a\u00f1os,<b> anot\u00f3 el gol que le dio el t\u00edtulo del Gauch\u00e3o Sub 15 a su equipo<\/b>, nada menos que ante el cl\u00e1sico rival,<b> Internacional<\/b>. Ese a\u00f1o tambi\u00e9n <b>fue campeona del Brasileir\u00e3o Sub 17<\/b>, donde su nombre empez\u00f3 a sonar fuerte: en 11 partidos, <b>marc\u00f3 26 goles y se convirti\u00f3 en la m\u00e1xima goleadora del torneo<\/b>.<\/p>\n<p>El impacto de Rafa Robinson no se limita a los n\u00fameros. Su talento y perseverancia la llevaron a estar entre las tres m\u00e1ximas artilleras del campeonato, sum\u00f3 12 goles en 16 partidos con las <b>Mosqueteiras<\/b>. \u201c<b>Ganamos dos Campeonatos Estaduales, llegamos a la final del Brasileir\u00e3o sub-17. No esperaba estar entre ellas, porque muchas son una inspiraci\u00f3n para m\u00ed. Es un honor muy grande<\/b>\u201d, expres\u00f3 con humildad para <i>Globo Esporte<\/i>.<\/p>\n<p><img loading=\"lazy\" decoding=\"async\" src=\"https:\/\/lobosnews.com.ar\/wp-content\/uploads\/2026\/03\/hace-historia-en-las-juveniles-de-brasil-la-sondeo-la-verdeamarela-pero-fue-citada-por-argentina-es-mi-sueno-desde-chica-3.jpg\" alt=\"Con 17 a\u00f1os es una de las m\u00e1ximas goleadoras de Gr\u00eamio\" height=\"2426\" width=\"1920\"\/><\/p>\n<p>La noticia que cambiar\u00eda su vida lleg\u00f3 poco despu\u00e9s: <b>la convocatoria al seleccionado argentino Sub 17<\/b>. Pese a un sondeo por el conjunto brasile\u00f1o, <b>por primera vez defender\u00e1 la celeste y blanca<\/b> en un periodo de entrenamiento entre el 9 y el 20 de marzo en el <i>Predio Lionel Andr\u00e9s Messi<\/i> en Ezeiza. \u201c<b>Es la realizaci\u00f3n de un sue\u00f1o. Ser llamada a la selecci\u00f3n argentina jugando en Brasil es un gran reconocimiento de mi trabajo, y hacerlo mientras defiendo los colores del Gr\u00eamio hace que todo sea a\u00fan m\u00e1s especial. Agradezco al club y a los aficionados por todo el apoyo en esta trayectoria<\/b>\u201d, manifest\u00f3 la delantera en sus redes sociales.<\/p>\n<p>El club donde dio sus primeros pasos tambi\u00e9n celebr\u00f3 la noticia con orgullo: \u201cNuestra exalumna ha sido convocada para defender a la selecci\u00f3n argentina sub-17, demostrando que los grandes sue\u00f1os comienzan con peque\u00f1os pasos. <b>Ver esta trayectoria nos llena de alegr\u00eda y confirma que vamos por el buen camino: animando, formando y creyendo en cada atleta. Que sea solo el comienzo de una hermosa historia en el f\u00fatbol<\/b>\u201d, comparti\u00f3 la escuela de Santa Mar\u00eda.<\/p>\n<p><img loading=\"lazy\" decoding=\"async\" src=\"https:\/\/lobosnews.com.ar\/wp-content\/uploads\/2026\/03\/hace-historia-en-las-juveniles-de-brasil-la-sondeo-la-verdeamarela-pero-fue-citada-por-argentina-es-mi-sueno-desde-chica-4.jpg\" alt=\"Rafa, junto a Yami Rodr\u00edguez, referente de la selecci\u00f3n argentina (@rafinha.r)\" height=\"3058\" width=\"1920\"\/><\/p>\n<p>El camino de Rafinha no es aislado. Cada vez m\u00e1s futbolistas argentinas que se forman en el exterior llegan a la selecci\u00f3n. Nombres como <span class=\"waslinkname\">Dolores Delgado<\/span>, <b>Brunella Pilati<\/b>, <b>Emily Bernachea<\/b>, <b>Millie Montanari<\/b>, <b>Julia Zaldarriaga<\/b> y <b>Lola Rey<\/b> son parte de una generaci\u00f3n que enriquece al plantel nacional. El cuerpo t\u00e9cnico, encabezado por <b>Christian Meloni<\/b>, lo sabe: \u201c<b>Rafa alterna las competencias en su club con la Sub 17 y Sub 20, es una buena incorporaci\u00f3n<\/b>\u201d, se\u00f1al\u00f3. Mientras el objetivo inmediato es claro: buscar <b>la clasificaci\u00f3n al Mundial Sub 17 en el Sudamericano de Paraguay<\/b>, que se disputar\u00e1 entre el 24 de abril y el 9 de mayo. <b>Argentina compartir\u00e1 grupo con el local, Colombia, Chile y Bolivia<\/b>.<\/p>\n<p>En sus primeros d\u00edas junto a la selecci\u00f3n argentina sub-17, <b>Rafa Robinson transmiti\u00f3 su alegr\u00eda al describir el ambiente en los entrenamientos<\/b>. \u201c<b>Es espectacular, fui muy bien recibida, est\u00e1 siendo divertido y las chicas son muy buenas<\/b>\u201d, relat\u00f3 a <i><b>Infobae<\/b><\/i>. Adem\u00e1s confes\u00f3 con entusiasmo un anhelo propio: \u201c<b>Fue mi sue\u00f1o desde chica<\/b>\u201d. <\/p>\n","protected":false},"excerpt":{"rendered":"<p>La historia de Rafaela \u201cRafinha\u201d Robinson no es solo la de una delantera con cifras asombrosas, sino la de una joven que transform\u00f3 obst\u00e1culos en impulso para llegar adonde pocos se atreven a imaginar. Desde Ap\u00f3stoles, en Misiones, hasta Porto Alegre, su vida es un viaje de sue\u00f1os y decisiones valientes, con una pelota como&#8230;<\/p>\n","protected":false},"author":1,"featured_media":0,"comment_status":"open","ping_status":"closed","sticky":false,"template":"","format":"standard","meta":{"_jetpack_memberships_contains_paid_content":false,"footnotes":""},"categories":[30],"tags":[39],"class_list":["post-33756","post","type-post","status-publish","format-standard","hentry","category-argentina","tag-deportes"],"magazineBlocksPostFeaturedMedia":{"thumbnail":false,"medium":false,"medium_large":false,"large":false,"1536x1536":false,"2048x2048":false,"newsmatic-featured":false,"newsmatic-list":false,"newsmatic-thumb":false,"newsmatic-small":false,"newsmatic-grid":false},"magazineBlocksPostAuthor":{"name":"admin","avatar":"https:\/\/secure.gravatar.com\/avatar\/76e419471a2083bc3ceab22a763dbbf9b0c1bd15a6214cf3280e2c2dde4580f9?s=96&d=mm&r=g"},"magazineBlocksPostCommentsNumber":"0","magazineBlocksPostExcerpt":"La historia de Rafaela \u201cRafinha\u201d Robinson no es solo la de una delantera con cifras asombrosas, sino la de una joven que transform\u00f3 obst\u00e1culos en impulso para llegar adonde pocos se atreven a imaginar. Desde Ap\u00f3stoles, en Misiones, hasta Porto Alegre, su vida es un viaje de sue\u00f1os y decisiones valientes, con una pelota como...","magazineBlocksPostCategories":["Argentina"],"magazineBlocksPostViewCount":83,"magazineBlocksPostReadTime":5,"magazine_blocks_featured_image_url":{"full":false,"medium":false,"thumbnail":false},"magazine_blocks_author":{"display_name":"admin","author_link":"https:\/\/lobosnews.com.ar\/index.php\/author\/lobos-news\/"},"magazine_blocks_comment":0,"magazine_blocks_author_image":"https:\/\/secure.gravatar.com\/avatar\/76e419471a2083bc3ceab22a763dbbf9b0c1bd15a6214cf3280e2c2dde4580f9?s=96&d=mm&r=g","magazine_blocks_category":"<a href=\"#\" class=\"category-link category-link-30\">Argentina<\/a>","yoast_head":"<!-- This site is optimized with the Yoast SEO plugin v26.6 - https:\/\/yoast.com\/wordpress\/plugins\/seo\/ -->\n<title>Hace historia en las juveniles de Brasil, la sonde\u00f3 la Verdeamarela, pero fue citada por Argentina: \u201cEs mi sue\u00f1o desde chica\u201d - Lobos News<\/title>\n<meta name=\"robots\" content=\"index, follow, max-snippet:-1, max-image-preview:large, max-video-preview:-1\" \/>\n<link rel=\"canonical\" href=\"https:\/\/lobosnews.com.ar\/index.php\/2026\/03\/15\/hace-historia-en-las-juveniles-de-brasil-la-sondeo-la-verdeamarela-pero-fue-citada-por-argentina-es-mi-sueno-desde-chica\/\" \/>\n<meta property=\"og:locale\" content=\"es_ES\" \/>\n<meta property=\"og:type\" content=\"article\" \/>\n<meta property=\"og:title\" content=\"Hace historia en las juveniles de Brasil, la sonde\u00f3 la Verdeamarela, pero fue citada por Argentina: \u201cEs mi sue\u00f1o desde chica\u201d - Lobos News\" \/>\n<meta property=\"og:description\" content=\"La historia de Rafaela \u201cRafinha\u201d Robinson no es solo la de una delantera con cifras asombrosas, sino la de una joven que transform\u00f3 obst\u00e1culos en impulso para llegar adonde pocos se atreven a imaginar. Desde Ap\u00f3stoles, en Misiones, hasta Porto Alegre, su vida es un viaje de sue\u00f1os y decisiones valientes, con una pelota como...\" \/>\n<meta property=\"og:url\" content=\"https:\/\/lobosnews.com.ar\/index.php\/2026\/03\/15\/hace-historia-en-las-juveniles-de-brasil-la-sondeo-la-verdeamarela-pero-fue-citada-por-argentina-es-mi-sueno-desde-chica\/\" \/>\n<meta property=\"og:site_name\" content=\"Lobos News\" \/>\n<meta property=\"article:published_time\" content=\"2026-03-15T05:09:32+00:00\" \/>\n<meta property=\"article:modified_time\" content=\"2026-03-15T08:57:16+00:00\" \/>\n<meta property=\"og:image\" content=\"https:\/\/lobosnews.com.ar\/wp-content\/uploads\/2026\/03\/hace-historia-en-las-juveniles-de-brasil-la-sondeo-la-verdeamarela-pero-fue-citada-por-argentina-es-mi-sueno-desde-chica.jpg\" \/>\n<meta name=\"author\" content=\"admin\" \/>\n<meta name=\"twitter:card\" content=\"summary_large_image\" \/>\n<meta name=\"twitter:label1\" content=\"Escrito por\" \/>\n\t<meta name=\"twitter:data1\" content=\"admin\" \/>\n\t<meta name=\"twitter:label2\" content=\"Tiempo de lectura\" \/>\n\t<meta name=\"twitter:data2\" content=\"4 minutos\" \/>\n<script type=\"application\/ld+json\" class=\"yoast-schema-graph\">{\"@context\":\"https:\/\/schema.org\",\"@graph\":[{\"@type\":\"Article\",\"@id\":\"https:\/\/lobosnews.com.ar\/index.php\/2026\/03\/15\/hace-historia-en-las-juveniles-de-brasil-la-sondeo-la-verdeamarela-pero-fue-citada-por-argentina-es-mi-sueno-desde-chica\/#article\",\"isPartOf\":{\"@id\":\"https:\/\/lobosnews.com.ar\/index.php\/2026\/03\/15\/hace-historia-en-las-juveniles-de-brasil-la-sondeo-la-verdeamarela-pero-fue-citada-por-argentina-es-mi-sueno-desde-chica\/\"},\"author\":{\"name\":\"admin\",\"@id\":\"https:\/\/lobosnews.com.ar\/#\/schema\/person\/232422a593d5c541dd9aef6aaed10943\"},\"headline\":\"Hace historia en las juveniles de Brasil, la sonde\u00f3 la Verdeamarela, pero fue citada por Argentina: \u201cEs mi sue\u00f1o desde chica\u201d\",\"datePublished\":\"2026-03-15T05:09:32+00:00\",\"dateModified\":\"2026-03-15T08:57:16+00:00\",\"mainEntityOfPage\":{\"@id\":\"https:\/\/lobosnews.com.ar\/index.php\/2026\/03\/15\/hace-historia-en-las-juveniles-de-brasil-la-sondeo-la-verdeamarela-pero-fue-citada-por-argentina-es-mi-sueno-desde-chica\/\"},\"wordCount\":917,\"commentCount\":0,\"publisher\":{\"@id\":\"https:\/\/lobosnews.com.ar\/#organization\"},\"image\":{\"@id\":\"https:\/\/lobosnews.com.ar\/index.php\/2026\/03\/15\/hace-historia-en-las-juveniles-de-brasil-la-sondeo-la-verdeamarela-pero-fue-citada-por-argentina-es-mi-sueno-desde-chica\/#primaryimage\"},\"thumbnailUrl\":\"https:\/\/lobosnews.com.ar\/wp-content\/uploads\/2026\/03\/hace-historia-en-las-juveniles-de-brasil-la-sondeo-la-verdeamarela-pero-fue-citada-por-argentina-es-mi-sueno-desde-chica.jpg\",\"keywords\":[\"Deportes\"],\"articleSection\":[\"Argentina\"],\"inLanguage\":\"es\",\"potentialAction\":[{\"@type\":\"CommentAction\",\"name\":\"Comment\",\"target\":[\"https:\/\/lobosnews.com.ar\/index.php\/2026\/03\/15\/hace-historia-en-las-juveniles-de-brasil-la-sondeo-la-verdeamarela-pero-fue-citada-por-argentina-es-mi-sueno-desde-chica\/#respond\"]}]},{\"@type\":\"WebPage\",\"@id\":\"https:\/\/lobosnews.com.ar\/index.php\/2026\/03\/15\/hace-historia-en-las-juveniles-de-brasil-la-sondeo-la-verdeamarela-pero-fue-citada-por-argentina-es-mi-sueno-desde-chica\/\",\"url\":\"https:\/\/lobosnews.com.ar\/index.php\/2026\/03\/15\/hace-historia-en-las-juveniles-de-brasil-la-sondeo-la-verdeamarela-pero-fue-citada-por-argentina-es-mi-sueno-desde-chica\/\",\"name\":\"Hace historia en las juveniles de Brasil, la sonde\u00f3 la Verdeamarela, pero fue citada por Argentina: \u201cEs mi sue\u00f1o desde chica\u201d - Lobos News\",\"isPartOf\":{\"@id\":\"https:\/\/lobosnews.com.ar\/#website\"},\"primaryImageOfPage\":{\"@id\":\"https:\/\/lobosnews.com.ar\/index.php\/2026\/03\/15\/hace-historia-en-las-juveniles-de-brasil-la-sondeo-la-verdeamarela-pero-fue-citada-por-argentina-es-mi-sueno-desde-chica\/#primaryimage\"},\"image\":{\"@id\":\"https:\/\/lobosnews.com.ar\/index.php\/2026\/03\/15\/hace-historia-en-las-juveniles-de-brasil-la-sondeo-la-verdeamarela-pero-fue-citada-por-argentina-es-mi-sueno-desde-chica\/#primaryimage\"},\"thumbnailUrl\":\"https:\/\/lobosnews.com.ar\/wp-content\/uploads\/2026\/03\/hace-historia-en-las-juveniles-de-brasil-la-sondeo-la-verdeamarela-pero-fue-citada-por-argentina-es-mi-sueno-desde-chica.jpg\",\"datePublished\":\"2026-03-15T05:09:32+00:00\",\"dateModified\":\"2026-03-15T08:57:16+00:00\",\"breadcrumb\":{\"@id\":\"https:\/\/lobosnews.com.ar\/index.php\/2026\/03\/15\/hace-historia-en-las-juveniles-de-brasil-la-sondeo-la-verdeamarela-pero-fue-citada-por-argentina-es-mi-sueno-desde-chica\/#breadcrumb\"},\"inLanguage\":\"es\",\"potentialAction\":[{\"@type\":\"ReadAction\",\"target\":[\"https:\/\/lobosnews.com.ar\/index.php\/2026\/03\/15\/hace-historia-en-las-juveniles-de-brasil-la-sondeo-la-verdeamarela-pero-fue-citada-por-argentina-es-mi-sueno-desde-chica\/\"]}]},{\"@type\":\"ImageObject\",\"inLanguage\":\"es\",\"@id\":\"https:\/\/lobosnews.com.ar\/index.php\/2026\/03\/15\/hace-historia-en-las-juveniles-de-brasil-la-sondeo-la-verdeamarela-pero-fue-citada-por-argentina-es-mi-sueno-desde-chica\/#primaryimage\",\"url\":\"https:\/\/lobosnews.com.ar\/wp-content\/uploads\/2026\/03\/hace-historia-en-las-juveniles-de-brasil-la-sondeo-la-verdeamarela-pero-fue-citada-por-argentina-es-mi-sueno-desde-chica.jpg\",\"contentUrl\":\"https:\/\/lobosnews.com.ar\/wp-content\/uploads\/2026\/03\/hace-historia-en-las-juveniles-de-brasil-la-sondeo-la-verdeamarela-pero-fue-citada-por-argentina-es-mi-sueno-desde-chica.jpg\"},{\"@type\":\"BreadcrumbList\",\"@id\":\"https:\/\/lobosnews.com.ar\/index.php\/2026\/03\/15\/hace-historia-en-las-juveniles-de-brasil-la-sondeo-la-verdeamarela-pero-fue-citada-por-argentina-es-mi-sueno-desde-chica\/#breadcrumb\",\"itemListElement\":[{\"@type\":\"ListItem\",\"position\":1,\"name\":\"Portada\",\"item\":\"https:\/\/lobosnews.com.ar\/\"},{\"@type\":\"ListItem\",\"position\":2,\"name\":\"Hace historia en las juveniles de Brasil, la sonde\u00f3 la Verdeamarela, pero fue citada por Argentina: \u201cEs mi sue\u00f1o desde chica\u201d\"}]},{\"@type\":\"WebSite\",\"@id\":\"https:\/\/lobosnews.com.ar\/#website\",\"url\":\"https:\/\/lobosnews.com.ar\/\",\"name\":\"Lobos News\",\"description\":\"Informaci\u00f3n a cada instante\",\"publisher\":{\"@id\":\"https:\/\/lobosnews.com.ar\/#organization\"},\"potentialAction\":[{\"@type\":\"SearchAction\",\"target\":{\"@type\":\"EntryPoint\",\"urlTemplate\":\"https:\/\/lobosnews.com.ar\/?s={search_term_string}\"},\"query-input\":{\"@type\":\"PropertyValueSpecification\",\"valueRequired\":true,\"valueName\":\"search_term_string\"}}],\"inLanguage\":\"es\"},{\"@type\":\"Organization\",\"@id\":\"https:\/\/lobosnews.com.ar\/#organization\",\"name\":\"Lobos News\",\"url\":\"https:\/\/lobosnews.com.ar\/\",\"logo\":{\"@type\":\"ImageObject\",\"inLanguage\":\"es\",\"@id\":\"https:\/\/lobosnews.com.ar\/#\/schema\/logo\/image\/\",\"url\":\"https:\/\/lobosnews.com.ar\/wp-content\/uploads\/2026\/01\/logo-lobosnews.png\",\"contentUrl\":\"https:\/\/lobosnews.com.ar\/wp-content\/uploads\/2026\/01\/logo-lobosnews.png\",\"width\":500,\"height\":200,\"caption\":\"Lobos News\"},\"image\":{\"@id\":\"https:\/\/lobosnews.com.ar\/#\/schema\/logo\/image\/\"}},{\"@type\":\"Person\",\"@id\":\"https:\/\/lobosnews.com.ar\/#\/schema\/person\/232422a593d5c541dd9aef6aaed10943\",\"name\":\"admin\",\"image\":{\"@type\":\"ImageObject\",\"inLanguage\":\"es\",\"@id\":\"https:\/\/lobosnews.com.ar\/#\/schema\/person\/image\/\",\"url\":\"https:\/\/secure.gravatar.com\/avatar\/76e419471a2083bc3ceab22a763dbbf9b0c1bd15a6214cf3280e2c2dde4580f9?s=96&d=mm&r=g\",\"contentUrl\":\"https:\/\/secure.gravatar.com\/avatar\/76e419471a2083bc3ceab22a763dbbf9b0c1bd15a6214cf3280e2c2dde4580f9?s=96&d=mm&r=g\",\"caption\":\"admin\"},\"sameAs\":[\"https:\/\/lobosnews.com.ar\"],\"url\":\"https:\/\/lobosnews.com.ar\/index.php\/author\/lobos-news\/\"}]}<\/script>\n<!-- \/ Yoast SEO plugin. -->","yoast_head_json":{"title":"Hace historia en las juveniles de Brasil, la sonde\u00f3 la Verdeamarela, pero fue citada por Argentina: \u201cEs mi sue\u00f1o desde chica\u201d - Lobos News","robots":{"index":"index","follow":"follow","max-snippet":"max-snippet:-1","max-image-preview":"max-image-preview:large","max-video-preview":"max-video-preview:-1"},"canonical":"https:\/\/lobosnews.com.ar\/index.php\/2026\/03\/15\/hace-historia-en-las-juveniles-de-brasil-la-sondeo-la-verdeamarela-pero-fue-citada-por-argentina-es-mi-sueno-desde-chica\/","og_locale":"es_ES","og_type":"article","og_title":"Hace historia en las juveniles de Brasil, la sonde\u00f3 la Verdeamarela, pero fue citada por Argentina: \u201cEs mi sue\u00f1o desde chica\u201d - Lobos News","og_description":"La historia de Rafaela \u201cRafinha\u201d Robinson no es solo la de una delantera con cifras asombrosas, sino la de una joven que transform\u00f3 obst\u00e1culos en impulso para llegar adonde pocos se atreven a imaginar. Desde Ap\u00f3stoles, en Misiones, hasta Porto Alegre, su vida es un viaje de sue\u00f1os y decisiones valientes, con una pelota como...","og_url":"https:\/\/lobosnews.com.ar\/index.php\/2026\/03\/15\/hace-historia-en-las-juveniles-de-brasil-la-sondeo-la-verdeamarela-pero-fue-citada-por-argentina-es-mi-sueno-desde-chica\/","og_site_name":"Lobos News","article_published_time":"2026-03-15T05:09:32+00:00","article_modified_time":"2026-03-15T08:57:16+00:00","og_image":[{"url":"https:\/\/lobosnews.com.ar\/wp-content\/uploads\/2026\/03\/hace-historia-en-las-juveniles-de-brasil-la-sondeo-la-verdeamarela-pero-fue-citada-por-argentina-es-mi-sueno-desde-chica.jpg","type":"","width":"","height":""}],"author":"admin","twitter_card":"summary_large_image","twitter_misc":{"Escrito por":"admin","Tiempo de lectura":"4 minutos"},"schema":{"@context":"https:\/\/schema.org","@graph":[{"@type":"Article","@id":"https:\/\/lobosnews.com.ar\/index.php\/2026\/03\/15\/hace-historia-en-las-juveniles-de-brasil-la-sondeo-la-verdeamarela-pero-fue-citada-por-argentina-es-mi-sueno-desde-chica\/#article","isPartOf":{"@id":"https:\/\/lobosnews.com.ar\/index.php\/2026\/03\/15\/hace-historia-en-las-juveniles-de-brasil-la-sondeo-la-verdeamarela-pero-fue-citada-por-argentina-es-mi-sueno-desde-chica\/"},"author":{"name":"admin","@id":"https:\/\/lobosnews.com.ar\/#\/schema\/person\/232422a593d5c541dd9aef6aaed10943"},"headline":"Hace historia en las juveniles de Brasil, la sonde\u00f3 la Verdeamarela, pero fue citada por Argentina: \u201cEs mi sue\u00f1o desde chica\u201d","datePublished":"2026-03-15T05:09:32+00:00","dateModified":"2026-03-15T08:57:16+00:00","mainEntityOfPage":{"@id":"https:\/\/lobosnews.com.ar\/index.php\/2026\/03\/15\/hace-historia-en-las-juveniles-de-brasil-la-sondeo-la-verdeamarela-pero-fue-citada-por-argentina-es-mi-sueno-desde-chica\/"},"wordCount":917,"commentCount":0,"publisher":{"@id":"https:\/\/lobosnews.com.ar\/#organization"},"image":{"@id":"https:\/\/lobosnews.com.ar\/index.php\/2026\/03\/15\/hace-historia-en-las-juveniles-de-brasil-la-sondeo-la-verdeamarela-pero-fue-citada-por-argentina-es-mi-sueno-desde-chica\/#primaryimage"},"thumbnailUrl":"https:\/\/lobosnews.com.ar\/wp-content\/uploads\/2026\/03\/hace-historia-en-las-juveniles-de-brasil-la-sondeo-la-verdeamarela-pero-fue-citada-por-argentina-es-mi-sueno-desde-chica.jpg","keywords":["Deportes"],"articleSection":["Argentina"],"inLanguage":"es","potentialAction":[{"@type":"CommentAction","name":"Comment","target":["https:\/\/lobosnews.com.ar\/index.php\/2026\/03\/15\/hace-historia-en-las-juveniles-de-brasil-la-sondeo-la-verdeamarela-pero-fue-citada-por-argentina-es-mi-sueno-desde-chica\/#respond"]}]},{"@type":"WebPage","@id":"https:\/\/lobosnews.com.ar\/index.php\/2026\/03\/15\/hace-historia-en-las-juveniles-de-brasil-la-sondeo-la-verdeamarela-pero-fue-citada-por-argentina-es-mi-sueno-desde-chica\/","url":"https:\/\/lobosnews.com.ar\/index.php\/2026\/03\/15\/hace-historia-en-las-juveniles-de-brasil-la-sondeo-la-verdeamarela-pero-fue-citada-por-argentina-es-mi-sueno-desde-chica\/","name":"Hace historia en las juveniles de Brasil, la sonde\u00f3 la Verdeamarela, pero fue citada por Argentina: \u201cEs mi sue\u00f1o desde chica\u201d - Lobos News","isPartOf":{"@id":"https:\/\/lobosnews.com.ar\/#website"},"primaryImageOfPage":{"@id":"https:\/\/lobosnews.com.ar\/index.php\/2026\/03\/15\/hace-historia-en-las-juveniles-de-brasil-la-sondeo-la-verdeamarela-pero-fue-citada-por-argentina-es-mi-sueno-desde-chica\/#primaryimage"},"image":{"@id":"https:\/\/lobosnews.com.ar\/index.php\/2026\/03\/15\/hace-historia-en-las-juveniles-de-brasil-la-sondeo-la-verdeamarela-pero-fue-citada-por-argentina-es-mi-sueno-desde-chica\/#primaryimage"},"thumbnailUrl":"https:\/\/lobosnews.com.ar\/wp-content\/uploads\/2026\/03\/hace-historia-en-las-juveniles-de-brasil-la-sondeo-la-verdeamarela-pero-fue-citada-por-argentina-es-mi-sueno-desde-chica.jpg","datePublished":"2026-03-15T05:09:32+00:00","dateModified":"2026-03-15T08:57:16+00:00","breadcrumb":{"@id":"https:\/\/lobosnews.com.ar\/index.php\/2026\/03\/15\/hace-historia-en-las-juveniles-de-brasil-la-sondeo-la-verdeamarela-pero-fue-citada-por-argentina-es-mi-sueno-desde-chica\/#breadcrumb"},"inLanguage":"es","potentialAction":[{"@type":"ReadAction","target":["https:\/\/lobosnews.com.ar\/index.php\/2026\/03\/15\/hace-historia-en-las-juveniles-de-brasil-la-sondeo-la-verdeamarela-pero-fue-citada-por-argentina-es-mi-sueno-desde-chica\/"]}]},{"@type":"ImageObject","inLanguage":"es","@id":"https:\/\/lobosnews.com.ar\/index.php\/2026\/03\/15\/hace-historia-en-las-juveniles-de-brasil-la-sondeo-la-verdeamarela-pero-fue-citada-por-argentina-es-mi-sueno-desde-chica\/#primaryimage","url":"https:\/\/lobosnews.com.ar\/wp-content\/uploads\/2026\/03\/hace-historia-en-las-juveniles-de-brasil-la-sondeo-la-verdeamarela-pero-fue-citada-por-argentina-es-mi-sueno-desde-chica.jpg","contentUrl":"https:\/\/lobosnews.com.ar\/wp-content\/uploads\/2026\/03\/hace-historia-en-las-juveniles-de-brasil-la-sondeo-la-verdeamarela-pero-fue-citada-por-argentina-es-mi-sueno-desde-chica.jpg"},{"@type":"BreadcrumbList","@id":"https:\/\/lobosnews.com.ar\/index.php\/2026\/03\/15\/hace-historia-en-las-juveniles-de-brasil-la-sondeo-la-verdeamarela-pero-fue-citada-por-argentina-es-mi-sueno-desde-chica\/#breadcrumb","itemListElement":[{"@type":"ListItem","position":1,"name":"Portada","item":"https:\/\/lobosnews.com.ar\/"},{"@type":"ListItem","position":2,"name":"Hace historia en las juveniles de Brasil, la sonde\u00f3 la Verdeamarela, pero fue citada por Argentina: \u201cEs mi sue\u00f1o desde chica\u201d"}]},{"@type":"WebSite","@id":"https:\/\/lobosnews.com.ar\/#website","url":"https:\/\/lobosnews.com.ar\/","name":"Lobos News","description":"Informaci\u00f3n a cada instante","publisher":{"@id":"https:\/\/lobosnews.com.ar\/#organization"},"potentialAction":[{"@type":"SearchAction","target":{"@type":"EntryPoint","urlTemplate":"https:\/\/lobosnews.com.ar\/?s={search_term_string}"},"query-input":{"@type":"PropertyValueSpecification","valueRequired":true,"valueName":"search_term_string"}}],"inLanguage":"es"},{"@type":"Organization","@id":"https:\/\/lobosnews.com.ar\/#organization","name":"Lobos News","url":"https:\/\/lobosnews.com.ar\/","logo":{"@type":"ImageObject","inLanguage":"es","@id":"https:\/\/lobosnews.com.ar\/#\/schema\/logo\/image\/","url":"https:\/\/lobosnews.com.ar\/wp-content\/uploads\/2026\/01\/logo-lobosnews.png","contentUrl":"https:\/\/lobosnews.com.ar\/wp-content\/uploads\/2026\/01\/logo-lobosnews.png","width":500,"height":200,"caption":"Lobos News"},"image":{"@id":"https:\/\/lobosnews.com.ar\/#\/schema\/logo\/image\/"}},{"@type":"Person","@id":"https:\/\/lobosnews.com.ar\/#\/schema\/person\/232422a593d5c541dd9aef6aaed10943","name":"admin","image":{"@type":"ImageObject","inLanguage":"es","@id":"https:\/\/lobosnews.com.ar\/#\/schema\/person\/image\/","url":"https:\/\/secure.gravatar.com\/avatar\/76e419471a2083bc3ceab22a763dbbf9b0c1bd15a6214cf3280e2c2dde4580f9?s=96&d=mm&r=g","contentUrl":"https:\/\/secure.gravatar.com\/avatar\/76e419471a2083bc3ceab22a763dbbf9b0c1bd15a6214cf3280e2c2dde4580f9?s=96&d=mm&r=g","caption":"admin"},"sameAs":["https:\/\/lobosnews.com.ar"],"url":"https:\/\/lobosnews.com.ar\/index.php\/author\/lobos-news\/"}]}},"jetpack_featured_media_url":"","jetpack_sharing_enabled":true,"_links":{"self":[{"href":"https:\/\/lobosnews.com.ar\/index.php\/wp-json\/wp\/v2\/posts\/33756","targetHints":{"allow":["GET"]}}],"collection":[{"href":"https:\/\/lobosnews.com.ar\/index.php\/wp-json\/wp\/v2\/posts"}],"about":[{"href":"https:\/\/lobosnews.com.ar\/index.php\/wp-json\/wp\/v2\/types\/post"}],"author":[{"embeddable":true,"href":"https:\/\/lobosnews.com.ar\/index.php\/wp-json\/wp\/v2\/users\/1"}],"replies":[{"embeddable":true,"href":"https:\/\/lobosnews.com.ar\/index.php\/wp-json\/wp\/v2\/comments?post=33756"}],"version-history":[{"count":1,"href":"https:\/\/lobosnews.com.ar\/index.php\/wp-json\/wp\/v2\/posts\/33756\/revisions"}],"predecessor-version":[{"id":33762,"href":"https:\/\/lobosnews.com.ar\/index.php\/wp-json\/wp\/v2\/posts\/33756\/revisions\/33762"}],"wp:attachment":[{"href":"https:\/\/lobosnews.com.ar\/index.php\/wp-json\/wp\/v2\/media?parent=33756"}],"wp:term":[{"taxonomy":"category","embeddable":true,"href":"https:\/\/lobosnews.com.ar\/index.php\/wp-json\/wp\/v2\/categories?post=33756"},{"taxonomy":"post_tag","embeddable":true,"href":"https:\/\/lobosnews.com.ar\/index.php\/wp-json\/wp\/v2\/tags?post=33756"}],"curies":[{"name":"wp","href":"https:\/\/api.w.org\/{rel}","templated":true}]}}