{"id":33730,"date":"2026-03-15T05:42:56","date_gmt":"2026-03-15T05:42:56","guid":{"rendered":"https:\/\/lobosnews.com.ar\/index.php\/2026\/03\/15\/inundaciones-en-tucuman-bajo-el-nivel-del-agua-y-un-95-de-las-familias-afectadas-volvieron-a-sus-hogares\/"},"modified":"2026-03-15T06:40:57","modified_gmt":"2026-03-15T06:40:57","slug":"inundaciones-en-tucuman-bajo-el-nivel-del-agua-y-un-95-de-las-familias-afectadas-volvieron-a-sus-hogares","status":"publish","type":"post","link":"https:\/\/lobosnews.com.ar\/index.php\/2026\/03\/15\/inundaciones-en-tucuman-bajo-el-nivel-del-agua-y-un-95-de-las-familias-afectadas-volvieron-a-sus-hogares\/","title":{"rendered":"Inundaciones en Tucum\u00e1n: baj\u00f3 el nivel del agua y un 95% de las familias afectadas volvieron a sus hogares"},"content":{"rendered":"<p><img fetchpriority=\"high\" decoding=\"async\" src=\"https:\/\/lobosnews.com.ar\/wp-content\/uploads\/2026\/03\/inundaciones-en-tucuman-bajo-el-nivel-del-agua-y-un-95-de-las-familias-afectadas-volvieron-a-sus-hogares.jpg\" alt=\"A lo largo del s\u00e1bado, las autoridades y organizaciones se dedicaron a limpiar los hogares\" height=\"853\" width=\"1280\"\/><\/p>\n<p>A una semana de las <span class=\"waslinkname\"><b>inundaciones en Tucum\u00e1n<\/b><\/span>, este s\u00e1bado el Gobierno provincial desplegaron un operativo en <span class=\"waslinkname\"><b>La Madrid<\/b><\/span>, la localidad m\u00e1s afectada por el temporal, para que los vecinos pudieran regresar a sus casas. <b>\u201cHasta que no dejemos en condiciones la localidad, vamos a estar ac\u00e1\u201d<\/b>, asegur\u00f3 Dar\u00edo Monteros, ministro del Interior tucumano.<\/p>\n<p><b>\u201cEl 95% de la gente volvi\u00f3 a su hogar, aunque algunos vecinos a\u00fan permanecen en la ruta porque necesitan acondicionar sus casas\u201d<\/b>, inform\u00f3 el funcionario, quien estuvo al frente de las tareas de asistencia. Luego de que se registrara un descenso del agua, los equipos provinciales, municipales y organizaciones se encargaron de limpiar las viviendas.<\/p>\n<p>Al mismo tiempo, hubo cuadrillas especializadas que se encargaron de restablecer el<b> suministro de agua<\/b> y realizaron <b>mejoras en las rutas claves<\/b>, con la intenci\u00f3n de garantizar la entrada y salida de veh\u00edculos a la zona. \u201cHemos trabajado en forma conjunta con la SAT y con Vialidad. La SAT, a pesar de la falta de energ\u00eda, consigui\u00f3 que hoy ya est\u00e9n funcionando los seis pozos de agua del pueblo\u201d, destac\u00f3 Monteros.<\/p>\n<p>De acuerdo con el comunicado difundido por el Gobierno de Tucum\u00e1n, el mantenimiento de caminos se concentr\u00f3 en la ruta 157, que ya se encontrar\u00eda en condiciones de transitabilidad. A pesar de esto, advirtieron que hasta el domingo solo estar\u00e1 habilitada para el uso de los vecinos de La Madrid, las autoridades y colaboradores.<\/p>\n<p><img loading=\"lazy\" decoding=\"async\" src=\"https:\/\/lobosnews.com.ar\/wp-content\/uploads\/2026\/03\/inundaciones-en-tucuman-bajo-el-nivel-del-agua-y-un-95-de-las-familias-afectadas-volvieron-a-sus-hogares-1.jpg\" alt=\"Se realizaron tareas de fumigaci\u00f3n y limpieza en La Madrid\" height=\"473\" width=\"730\"\/><\/p>\n<p>\u201cA partir del lunes se valorar\u00e1 habilitar la ruta como corresponde para que circulen los veh\u00edculos que normalmente pasan por esta v\u00eda\u201d, confirm\u00f3 el ministro del Interior, tras anticipar que continuar\u00e1n con los desagotamientos de los pozos durante lo que quede del fin de semana.<\/p>\n<p>En l\u00ednea con esto, Monteros sostuvo que \u201chasta que no dejemos en condiciones la localidad, por instrucciones del gobernador <b>Osvaldo Jaldo<\/b>, vamos a estar ac\u00e1\u201c. Adem\u00e1s, indic\u00f3 que, una vez finalizadas esas acciones, comenzar\u00e1 la evaluaci\u00f3n de los da\u00f1os materiales junto al comisionado comunal.<\/p>\n<p>En el resto de la provincia, el ministro de Salud P\u00fablica de Tucum\u00e1n, <b>Luis Medina Ruiz<\/b>, encabez\u00f3 un operativo a\u00e9reo para asistir a las familias damnificadas y hacer un relevamiento oficial de los da\u00f1os provocados por las inundaciones. A lo largo de la jornada, detectaron que hab\u00eda <b>dos embarazadas aisladas por la crecida<\/b>, una de las cuales fue <b>trasladada preventivamente<\/b> a un hospital del sistema p\u00fablico pese a no presentar s\u00edntomas.<\/p>\n<p>Al describir la situaci\u00f3n de aislamiento total en diversos puntos del sur tucumano, el funcionario detall\u00f3: \u201cCon el helic\u00f3ptero pudimos llegar a lugares donde no hay forma de acceder por tierra. <b>No encontramos personas con patolog\u00edas, pero s\u00ed familias que no tienen c\u00f3mo salir<\/b>. Por eso llevamos bolsones con alimentos, agua potable, repelente, espirales, velas y otros elementos necesarios para estos momentos\u201d.<\/p>\n<p><img loading=\"lazy\" decoding=\"async\" src=\"https:\/\/lobosnews.com.ar\/wp-content\/uploads\/2026\/03\/inundaciones-en-tucuman-bajo-el-nivel-del-agua-y-un-95-de-las-familias-afectadas-volvieron-a-sus-hogares-2.jpg\" alt=\"Al sur de la provincia, las autoridades enviaron alimentos y dem\u00e1s elementos a los vecinos que contin\u00faan aislados\" height=\"1080\" width=\"1980\"\/><\/p>\n<p>Seg\u00fan inform\u00f3 Gabriel, un bombero voluntario de Bella Vista, las localidades m\u00e1s afectadas actualmente ser\u00edan <b>Barrancas<\/b>, <b>Esperanza<\/b> y <b>Taraca\u00eddos<\/b>. \u201cEsto reci\u00e9n empieza. Todav\u00eda queda mucha gente a la que tenemos que asistir y vamos a seguir trabajando para llegar a todos\u201d, indic\u00f3 al mencionar que en el procedimiento tambi\u00e9n trabajan las autoridades locales y el personal sanitario.<\/p>\n<p>Pese a la adversidad propia de la situaci\u00f3n, el titular de la cartera sanitaria valor\u00f3: \u201cEs muy fuerte ver el contexto en el que se encuentran muchas familias, pero tambi\u00e9n emociona la actitud de la gente, que es muy agradecida. Les explicamos que se trata de un fen\u00f3meno natural muy duro e inesperado, pero que el Estado est\u00e1 presente para acompa\u00f1arlos\u201d.<\/p>\n<p>Por otro lado, la ministra de Capital Humano, <b>Sandra Pettovello<\/b>, inform\u00f3 que Naci\u00f3n ya envi\u00f3 insumos para poder asistir a las familias afectadas. Por medio de una publicaci\u00f3n en la red social X, reforz\u00f3 su compromiso con el caso: <b>\u201cSeguimos trabajando para estar cerca de quienes m\u00e1s lo necesitan\u201d<\/b>.<\/p>\n<p>Seg\u00fan indic\u00f3, los elementos fueron embalados y enviados desde un dep\u00f3sito ubicado en Villa Martelli. Adem\u00e1s, tal como ilustr\u00f3 en un video, indic\u00f3 que se hab\u00edan enviado mochilas, abrigos, calzados, indumentaria y ropa para bebes.<\/p>\n","protected":false},"excerpt":{"rendered":"<p>A una semana de las inundaciones en Tucum\u00e1n, este s\u00e1bado el Gobierno provincial desplegaron un operativo en La Madrid, la localidad m\u00e1s afectada por el temporal, para que los vecinos pudieran regresar a sus casas. \u201cHasta que no dejemos en condiciones la localidad, vamos a estar ac\u00e1\u201d, asegur\u00f3 Dar\u00edo Monteros, ministro del Interior tucumano. \u201cEl&#8230;<\/p>\n","protected":false},"author":1,"featured_media":33735,"comment_status":"open","ping_status":"closed","sticky":false,"template":"","format":"standard","meta":{"_jetpack_memberships_contains_paid_content":false,"footnotes":""},"categories":[31,30,32,77,84,35,36,37],"tags":[],"class_list":["post-33730","post","type-post","status-publish","format-standard","has-post-thumbnail","hentry","category-actualidad","category-argentina","category-economia","category-inseguridad","category-masradios-com","category-nacionales","category-seguridad","category-sociedad"],"magazineBlocksPostFeaturedMedia":{"thumbnail":"https:\/\/lobosnews.com.ar\/wp-content\/uploads\/2026\/03\/inundaciones-en-tucuman-bajo-el-nivel-del-agua-y-un-95-de-las-familias-afectadas-volvieron-a-sus-hogares-4-150x150.jpg","medium":"https:\/\/lobosnews.com.ar\/wp-content\/uploads\/2026\/03\/inundaciones-en-tucuman-bajo-el-nivel-del-agua-y-un-95-de-las-familias-afectadas-volvieron-a-sus-hogares-4-300x164.jpg","medium_large":"https:\/\/lobosnews.com.ar\/wp-content\/uploads\/2026\/03\/inundaciones-en-tucuman-bajo-el-nivel-del-agua-y-un-95-de-las-familias-afectadas-volvieron-a-sus-hogares-4-768x419.jpg","large":"https:\/\/lobosnews.com.ar\/wp-content\/uploads\/2026\/03\/inundaciones-en-tucuman-bajo-el-nivel-del-agua-y-un-95-de-las-familias-afectadas-volvieron-a-sus-hogares-4-1024x559.jpg","1536x1536":"https:\/\/lobosnews.com.ar\/wp-content\/uploads\/2026\/03\/inundaciones-en-tucuman-bajo-el-nivel-del-agua-y-un-95-de-las-familias-afectadas-volvieron-a-sus-hogares-4-1536x838.jpg","2048x2048":"https:\/\/lobosnews.com.ar\/wp-content\/uploads\/2026\/03\/inundaciones-en-tucuman-bajo-el-nivel-del-agua-y-un-95-de-las-familias-afectadas-volvieron-a-sus-hogares-4.jpg","newsmatic-featured":"https:\/\/lobosnews.com.ar\/wp-content\/uploads\/2026\/03\/inundaciones-en-tucuman-bajo-el-nivel-del-agua-y-un-95-de-las-familias-afectadas-volvieron-a-sus-hogares-4-820x545.jpg","newsmatic-list":"https:\/\/lobosnews.com.ar\/wp-content\/uploads\/2026\/03\/inundaciones-en-tucuman-bajo-el-nivel-del-agua-y-un-95-de-las-familias-afectadas-volvieron-a-sus-hogares-4-600x400.jpg","newsmatic-thumb":"https:\/\/lobosnews.com.ar\/wp-content\/uploads\/2026\/03\/inundaciones-en-tucuman-bajo-el-nivel-del-agua-y-un-95-de-las-familias-afectadas-volvieron-a-sus-hogares-4-300x200.jpg","newsmatic-small":"https:\/\/lobosnews.com.ar\/wp-content\/uploads\/2026\/03\/inundaciones-en-tucuman-bajo-el-nivel-del-agua-y-un-95-de-las-familias-afectadas-volvieron-a-sus-hogares-4-150x95.jpg","newsmatic-grid":"https:\/\/lobosnews.com.ar\/wp-content\/uploads\/2026\/03\/inundaciones-en-tucuman-bajo-el-nivel-del-agua-y-un-95-de-las-familias-afectadas-volvieron-a-sus-hogares-4-400x250.jpg"},"magazineBlocksPostAuthor":{"name":"admin","avatar":"https:\/\/secure.gravatar.com\/avatar\/76e419471a2083bc3ceab22a763dbbf9b0c1bd15a6214cf3280e2c2dde4580f9?s=96&d=mm&r=g"},"magazineBlocksPostCommentsNumber":"0","magazineBlocksPostExcerpt":"A una semana de las inundaciones en Tucum\u00e1n, este s\u00e1bado el Gobierno provincial desplegaron un operativo en La Madrid, la localidad m\u00e1s afectada por el temporal, para que los vecinos pudieran regresar a sus casas. \u201cHasta que no dejemos en condiciones la localidad, vamos a estar ac\u00e1\u201d, asegur\u00f3 Dar\u00edo Monteros, ministro del Interior tucumano. \u201cEl...","magazineBlocksPostCategories":["Actualidad","Argentina","econom\u00eda","inseguridad","masradios.com","nacionales","seguridad","sociedad"],"magazineBlocksPostViewCount":77,"magazineBlocksPostReadTime":4,"magazine_blocks_featured_image_url":{"full":["https:\/\/lobosnews.com.ar\/wp-content\/uploads\/2026\/03\/inundaciones-en-tucuman-bajo-el-nivel-del-agua-y-un-95-de-las-familias-afectadas-volvieron-a-sus-hogares-4.jpg",1980,1080,false],"medium":["https:\/\/lobosnews.com.ar\/wp-content\/uploads\/2026\/03\/inundaciones-en-tucuman-bajo-el-nivel-del-agua-y-un-95-de-las-familias-afectadas-volvieron-a-sus-hogares-4-300x164.jpg",300,164,true],"thumbnail":["https:\/\/lobosnews.com.ar\/wp-content\/uploads\/2026\/03\/inundaciones-en-tucuman-bajo-el-nivel-del-agua-y-un-95-de-las-familias-afectadas-volvieron-a-sus-hogares-4-150x150.jpg",150,150,true]},"magazine_blocks_author":{"display_name":"admin","author_link":"https:\/\/lobosnews.com.ar\/index.php\/author\/lobos-news\/"},"magazine_blocks_comment":0,"magazine_blocks_author_image":"https:\/\/secure.gravatar.com\/avatar\/76e419471a2083bc3ceab22a763dbbf9b0c1bd15a6214cf3280e2c2dde4580f9?s=96&d=mm&r=g","magazine_blocks_category":"<a href=\"#\" class=\"category-link category-link-31\">Actualidad<\/a> <a href=\"#\" class=\"category-link category-link-30\">Argentina<\/a> <a href=\"#\" class=\"category-link category-link-32\">econom\u00eda<\/a> <a href=\"#\" class=\"category-link category-link-77\">inseguridad<\/a> <a href=\"#\" class=\"category-link category-link-84\">masradios.com<\/a> <a href=\"#\" class=\"category-link category-link-35\">nacionales<\/a> <a href=\"#\" class=\"category-link category-link-36\">seguridad<\/a> <a href=\"#\" class=\"category-link category-link-37\">sociedad<\/a>","yoast_head":"<!-- This site is optimized with the Yoast SEO plugin v26.6 - https:\/\/yoast.com\/wordpress\/plugins\/seo\/ -->\n<title>Inundaciones en Tucum\u00e1n: baj\u00f3 el nivel del agua y un 95% de las familias afectadas volvieron a sus hogares - Lobos News<\/title>\n<meta name=\"robots\" content=\"index, follow, max-snippet:-1, max-image-preview:large, max-video-preview:-1\" \/>\n<link rel=\"canonical\" href=\"https:\/\/lobosnews.com.ar\/index.php\/2026\/03\/15\/inundaciones-en-tucuman-bajo-el-nivel-del-agua-y-un-95-de-las-familias-afectadas-volvieron-a-sus-hogares\/\" \/>\n<meta property=\"og:locale\" content=\"es_ES\" \/>\n<meta property=\"og:type\" content=\"article\" \/>\n<meta property=\"og:title\" content=\"Inundaciones en Tucum\u00e1n: baj\u00f3 el nivel del agua y un 95% de las familias afectadas volvieron a sus hogares - Lobos News\" \/>\n<meta property=\"og:description\" content=\"A una semana de las inundaciones en Tucum\u00e1n, este s\u00e1bado el Gobierno provincial desplegaron un operativo en La Madrid, la localidad m\u00e1s afectada por el temporal, para que los vecinos pudieran regresar a sus casas. \u201cHasta que no dejemos en condiciones la localidad, vamos a estar ac\u00e1\u201d, asegur\u00f3 Dar\u00edo Monteros, ministro del Interior tucumano. \u201cEl...\" \/>\n<meta property=\"og:url\" content=\"https:\/\/lobosnews.com.ar\/index.php\/2026\/03\/15\/inundaciones-en-tucuman-bajo-el-nivel-del-agua-y-un-95-de-las-familias-afectadas-volvieron-a-sus-hogares\/\" \/>\n<meta property=\"og:site_name\" content=\"Lobos News\" \/>\n<meta property=\"article:published_time\" content=\"2026-03-15T05:42:56+00:00\" \/>\n<meta property=\"article:modified_time\" content=\"2026-03-15T06:40:57+00:00\" \/>\n<meta property=\"og:image\" content=\"https:\/\/lobosnews.com.ar\/wp-content\/uploads\/2026\/03\/inundaciones-en-tucuman-bajo-el-nivel-del-agua-y-un-95-de-las-familias-afectadas-volvieron-a-sus-hogares.jpg\" \/>\n<meta name=\"author\" content=\"admin\" \/>\n<meta name=\"twitter:card\" content=\"summary_large_image\" \/>\n<meta name=\"twitter:label1\" content=\"Escrito por\" \/>\n\t<meta name=\"twitter:data1\" content=\"admin\" \/>\n\t<meta name=\"twitter:label2\" content=\"Tiempo de lectura\" \/>\n\t<meta name=\"twitter:data2\" content=\"4 minutos\" \/>\n<script type=\"application\/ld+json\" class=\"yoast-schema-graph\">{\"@context\":\"https:\/\/schema.org\",\"@graph\":[{\"@type\":\"Article\",\"@id\":\"https:\/\/lobosnews.com.ar\/index.php\/2026\/03\/15\/inundaciones-en-tucuman-bajo-el-nivel-del-agua-y-un-95-de-las-familias-afectadas-volvieron-a-sus-hogares\/#article\",\"isPartOf\":{\"@id\":\"https:\/\/lobosnews.com.ar\/index.php\/2026\/03\/15\/inundaciones-en-tucuman-bajo-el-nivel-del-agua-y-un-95-de-las-familias-afectadas-volvieron-a-sus-hogares\/\"},\"author\":{\"name\":\"admin\",\"@id\":\"https:\/\/lobosnews.com.ar\/#\/schema\/person\/232422a593d5c541dd9aef6aaed10943\"},\"headline\":\"Inundaciones en Tucum\u00e1n: baj\u00f3 el nivel del agua y un 95% de las familias afectadas volvieron a sus hogares\",\"datePublished\":\"2026-03-15T05:42:56+00:00\",\"dateModified\":\"2026-03-15T06:40:57+00:00\",\"mainEntityOfPage\":{\"@id\":\"https:\/\/lobosnews.com.ar\/index.php\/2026\/03\/15\/inundaciones-en-tucuman-bajo-el-nivel-del-agua-y-un-95-de-las-familias-afectadas-volvieron-a-sus-hogares\/\"},\"wordCount\":722,\"commentCount\":0,\"publisher\":{\"@id\":\"https:\/\/lobosnews.com.ar\/#organization\"},\"image\":{\"@id\":\"https:\/\/lobosnews.com.ar\/index.php\/2026\/03\/15\/inundaciones-en-tucuman-bajo-el-nivel-del-agua-y-un-95-de-las-familias-afectadas-volvieron-a-sus-hogares\/#primaryimage\"},\"thumbnailUrl\":\"https:\/\/lobosnews.com.ar\/wp-content\/uploads\/2026\/03\/inundaciones-en-tucuman-bajo-el-nivel-del-agua-y-un-95-de-las-familias-afectadas-volvieron-a-sus-hogares-4.jpg\",\"articleSection\":[\"Actualidad\",\"Argentina\",\"econom\u00eda\",\"inseguridad\",\"masradios.com\",\"nacionales\",\"seguridad\",\"sociedad\"],\"inLanguage\":\"es\",\"potentialAction\":[{\"@type\":\"CommentAction\",\"name\":\"Comment\",\"target\":[\"https:\/\/lobosnews.com.ar\/index.php\/2026\/03\/15\/inundaciones-en-tucuman-bajo-el-nivel-del-agua-y-un-95-de-las-familias-afectadas-volvieron-a-sus-hogares\/#respond\"]}]},{\"@type\":\"WebPage\",\"@id\":\"https:\/\/lobosnews.com.ar\/index.php\/2026\/03\/15\/inundaciones-en-tucuman-bajo-el-nivel-del-agua-y-un-95-de-las-familias-afectadas-volvieron-a-sus-hogares\/\",\"url\":\"https:\/\/lobosnews.com.ar\/index.php\/2026\/03\/15\/inundaciones-en-tucuman-bajo-el-nivel-del-agua-y-un-95-de-las-familias-afectadas-volvieron-a-sus-hogares\/\",\"name\":\"Inundaciones en Tucum\u00e1n: baj\u00f3 el nivel del agua y un 95% de las familias afectadas volvieron a sus hogares - Lobos News\",\"isPartOf\":{\"@id\":\"https:\/\/lobosnews.com.ar\/#website\"},\"primaryImageOfPage\":{\"@id\":\"https:\/\/lobosnews.com.ar\/index.php\/2026\/03\/15\/inundaciones-en-tucuman-bajo-el-nivel-del-agua-y-un-95-de-las-familias-afectadas-volvieron-a-sus-hogares\/#primaryimage\"},\"image\":{\"@id\":\"https:\/\/lobosnews.com.ar\/index.php\/2026\/03\/15\/inundaciones-en-tucuman-bajo-el-nivel-del-agua-y-un-95-de-las-familias-afectadas-volvieron-a-sus-hogares\/#primaryimage\"},\"thumbnailUrl\":\"https:\/\/lobosnews.com.ar\/wp-content\/uploads\/2026\/03\/inundaciones-en-tucuman-bajo-el-nivel-del-agua-y-un-95-de-las-familias-afectadas-volvieron-a-sus-hogares-4.jpg\",\"datePublished\":\"2026-03-15T05:42:56+00:00\",\"dateModified\":\"2026-03-15T06:40:57+00:00\",\"breadcrumb\":{\"@id\":\"https:\/\/lobosnews.com.ar\/index.php\/2026\/03\/15\/inundaciones-en-tucuman-bajo-el-nivel-del-agua-y-un-95-de-las-familias-afectadas-volvieron-a-sus-hogares\/#breadcrumb\"},\"inLanguage\":\"es\",\"potentialAction\":[{\"@type\":\"ReadAction\",\"target\":[\"https:\/\/lobosnews.com.ar\/index.php\/2026\/03\/15\/inundaciones-en-tucuman-bajo-el-nivel-del-agua-y-un-95-de-las-familias-afectadas-volvieron-a-sus-hogares\/\"]}]},{\"@type\":\"ImageObject\",\"inLanguage\":\"es\",\"@id\":\"https:\/\/lobosnews.com.ar\/index.php\/2026\/03\/15\/inundaciones-en-tucuman-bajo-el-nivel-del-agua-y-un-95-de-las-familias-afectadas-volvieron-a-sus-hogares\/#primaryimage\",\"url\":\"https:\/\/lobosnews.com.ar\/wp-content\/uploads\/2026\/03\/inundaciones-en-tucuman-bajo-el-nivel-del-agua-y-un-95-de-las-familias-afectadas-volvieron-a-sus-hogares-4.jpg\",\"contentUrl\":\"https:\/\/lobosnews.com.ar\/wp-content\/uploads\/2026\/03\/inundaciones-en-tucuman-bajo-el-nivel-del-agua-y-un-95-de-las-familias-afectadas-volvieron-a-sus-hogares-4.jpg\",\"width\":1980,\"height\":1080,\"caption\":\"Inundaciones en Tucum\u00e1n: baj\u00f3 el nivel del agua y un 95% de las familias afectadas volvieron a sus hogares\"},{\"@type\":\"BreadcrumbList\",\"@id\":\"https:\/\/lobosnews.com.ar\/index.php\/2026\/03\/15\/inundaciones-en-tucuman-bajo-el-nivel-del-agua-y-un-95-de-las-familias-afectadas-volvieron-a-sus-hogares\/#breadcrumb\",\"itemListElement\":[{\"@type\":\"ListItem\",\"position\":1,\"name\":\"Portada\",\"item\":\"https:\/\/lobosnews.com.ar\/\"},{\"@type\":\"ListItem\",\"position\":2,\"name\":\"Inundaciones en Tucum\u00e1n: baj\u00f3 el nivel del agua y un 95% de las familias afectadas volvieron a sus hogares\"}]},{\"@type\":\"WebSite\",\"@id\":\"https:\/\/lobosnews.com.ar\/#website\",\"url\":\"https:\/\/lobosnews.com.ar\/\",\"name\":\"Lobos News\",\"description\":\"Informaci\u00f3n a cada instante\",\"publisher\":{\"@id\":\"https:\/\/lobosnews.com.ar\/#organization\"},\"potentialAction\":[{\"@type\":\"SearchAction\",\"target\":{\"@type\":\"EntryPoint\",\"urlTemplate\":\"https:\/\/lobosnews.com.ar\/?s={search_term_string}\"},\"query-input\":{\"@type\":\"PropertyValueSpecification\",\"valueRequired\":true,\"valueName\":\"search_term_string\"}}],\"inLanguage\":\"es\"},{\"@type\":\"Organization\",\"@id\":\"https:\/\/lobosnews.com.ar\/#organization\",\"name\":\"Lobos News\",\"url\":\"https:\/\/lobosnews.com.ar\/\",\"logo\":{\"@type\":\"ImageObject\",\"inLanguage\":\"es\",\"@id\":\"https:\/\/lobosnews.com.ar\/#\/schema\/logo\/image\/\",\"url\":\"https:\/\/lobosnews.com.ar\/wp-content\/uploads\/2026\/01\/logo-lobosnews.png\",\"contentUrl\":\"https:\/\/lobosnews.com.ar\/wp-content\/uploads\/2026\/01\/logo-lobosnews.png\",\"width\":500,\"height\":200,\"caption\":\"Lobos News\"},\"image\":{\"@id\":\"https:\/\/lobosnews.com.ar\/#\/schema\/logo\/image\/\"}},{\"@type\":\"Person\",\"@id\":\"https:\/\/lobosnews.com.ar\/#\/schema\/person\/232422a593d5c541dd9aef6aaed10943\",\"name\":\"admin\",\"image\":{\"@type\":\"ImageObject\",\"inLanguage\":\"es\",\"@id\":\"https:\/\/lobosnews.com.ar\/#\/schema\/person\/image\/\",\"url\":\"https:\/\/secure.gravatar.com\/avatar\/76e419471a2083bc3ceab22a763dbbf9b0c1bd15a6214cf3280e2c2dde4580f9?s=96&d=mm&r=g\",\"contentUrl\":\"https:\/\/secure.gravatar.com\/avatar\/76e419471a2083bc3ceab22a763dbbf9b0c1bd15a6214cf3280e2c2dde4580f9?s=96&d=mm&r=g\",\"caption\":\"admin\"},\"sameAs\":[\"https:\/\/lobosnews.com.ar\"],\"url\":\"https:\/\/lobosnews.com.ar\/index.php\/author\/lobos-news\/\"}]}<\/script>\n<!-- \/ Yoast SEO plugin. -->","yoast_head_json":{"title":"Inundaciones en Tucum\u00e1n: baj\u00f3 el nivel del agua y un 95% de las familias afectadas volvieron a sus hogares - Lobos News","robots":{"index":"index","follow":"follow","max-snippet":"max-snippet:-1","max-image-preview":"max-image-preview:large","max-video-preview":"max-video-preview:-1"},"canonical":"https:\/\/lobosnews.com.ar\/index.php\/2026\/03\/15\/inundaciones-en-tucuman-bajo-el-nivel-del-agua-y-un-95-de-las-familias-afectadas-volvieron-a-sus-hogares\/","og_locale":"es_ES","og_type":"article","og_title":"Inundaciones en Tucum\u00e1n: baj\u00f3 el nivel del agua y un 95% de las familias afectadas volvieron a sus hogares - Lobos News","og_description":"A una semana de las inundaciones en Tucum\u00e1n, este s\u00e1bado el Gobierno provincial desplegaron un operativo en La Madrid, la localidad m\u00e1s afectada por el temporal, para que los vecinos pudieran regresar a sus casas. \u201cHasta que no dejemos en condiciones la localidad, vamos a estar ac\u00e1\u201d, asegur\u00f3 Dar\u00edo Monteros, ministro del Interior tucumano. \u201cEl...","og_url":"https:\/\/lobosnews.com.ar\/index.php\/2026\/03\/15\/inundaciones-en-tucuman-bajo-el-nivel-del-agua-y-un-95-de-las-familias-afectadas-volvieron-a-sus-hogares\/","og_site_name":"Lobos News","article_published_time":"2026-03-15T05:42:56+00:00","article_modified_time":"2026-03-15T06:40:57+00:00","og_image":[{"url":"https:\/\/lobosnews.com.ar\/wp-content\/uploads\/2026\/03\/inundaciones-en-tucuman-bajo-el-nivel-del-agua-y-un-95-de-las-familias-afectadas-volvieron-a-sus-hogares.jpg","type":"","width":"","height":""}],"author":"admin","twitter_card":"summary_large_image","twitter_misc":{"Escrito por":"admin","Tiempo de lectura":"4 minutos"},"schema":{"@context":"https:\/\/schema.org","@graph":[{"@type":"Article","@id":"https:\/\/lobosnews.com.ar\/index.php\/2026\/03\/15\/inundaciones-en-tucuman-bajo-el-nivel-del-agua-y-un-95-de-las-familias-afectadas-volvieron-a-sus-hogares\/#article","isPartOf":{"@id":"https:\/\/lobosnews.com.ar\/index.php\/2026\/03\/15\/inundaciones-en-tucuman-bajo-el-nivel-del-agua-y-un-95-de-las-familias-afectadas-volvieron-a-sus-hogares\/"},"author":{"name":"admin","@id":"https:\/\/lobosnews.com.ar\/#\/schema\/person\/232422a593d5c541dd9aef6aaed10943"},"headline":"Inundaciones en Tucum\u00e1n: baj\u00f3 el nivel del agua y un 95% de las familias afectadas volvieron a sus hogares","datePublished":"2026-03-15T05:42:56+00:00","dateModified":"2026-03-15T06:40:57+00:00","mainEntityOfPage":{"@id":"https:\/\/lobosnews.com.ar\/index.php\/2026\/03\/15\/inundaciones-en-tucuman-bajo-el-nivel-del-agua-y-un-95-de-las-familias-afectadas-volvieron-a-sus-hogares\/"},"wordCount":722,"commentCount":0,"publisher":{"@id":"https:\/\/lobosnews.com.ar\/#organization"},"image":{"@id":"https:\/\/lobosnews.com.ar\/index.php\/2026\/03\/15\/inundaciones-en-tucuman-bajo-el-nivel-del-agua-y-un-95-de-las-familias-afectadas-volvieron-a-sus-hogares\/#primaryimage"},"thumbnailUrl":"https:\/\/lobosnews.com.ar\/wp-content\/uploads\/2026\/03\/inundaciones-en-tucuman-bajo-el-nivel-del-agua-y-un-95-de-las-familias-afectadas-volvieron-a-sus-hogares-4.jpg","articleSection":["Actualidad","Argentina","econom\u00eda","inseguridad","masradios.com","nacionales","seguridad","sociedad"],"inLanguage":"es","potentialAction":[{"@type":"CommentAction","name":"Comment","target":["https:\/\/lobosnews.com.ar\/index.php\/2026\/03\/15\/inundaciones-en-tucuman-bajo-el-nivel-del-agua-y-un-95-de-las-familias-afectadas-volvieron-a-sus-hogares\/#respond"]}]},{"@type":"WebPage","@id":"https:\/\/lobosnews.com.ar\/index.php\/2026\/03\/15\/inundaciones-en-tucuman-bajo-el-nivel-del-agua-y-un-95-de-las-familias-afectadas-volvieron-a-sus-hogares\/","url":"https:\/\/lobosnews.com.ar\/index.php\/2026\/03\/15\/inundaciones-en-tucuman-bajo-el-nivel-del-agua-y-un-95-de-las-familias-afectadas-volvieron-a-sus-hogares\/","name":"Inundaciones en Tucum\u00e1n: baj\u00f3 el nivel del agua y un 95% de las familias afectadas volvieron a sus hogares - Lobos News","isPartOf":{"@id":"https:\/\/lobosnews.com.ar\/#website"},"primaryImageOfPage":{"@id":"https:\/\/lobosnews.com.ar\/index.php\/2026\/03\/15\/inundaciones-en-tucuman-bajo-el-nivel-del-agua-y-un-95-de-las-familias-afectadas-volvieron-a-sus-hogares\/#primaryimage"},"image":{"@id":"https:\/\/lobosnews.com.ar\/index.php\/2026\/03\/15\/inundaciones-en-tucuman-bajo-el-nivel-del-agua-y-un-95-de-las-familias-afectadas-volvieron-a-sus-hogares\/#primaryimage"},"thumbnailUrl":"https:\/\/lobosnews.com.ar\/wp-content\/uploads\/2026\/03\/inundaciones-en-tucuman-bajo-el-nivel-del-agua-y-un-95-de-las-familias-afectadas-volvieron-a-sus-hogares-4.jpg","datePublished":"2026-03-15T05:42:56+00:00","dateModified":"2026-03-15T06:40:57+00:00","breadcrumb":{"@id":"https:\/\/lobosnews.com.ar\/index.php\/2026\/03\/15\/inundaciones-en-tucuman-bajo-el-nivel-del-agua-y-un-95-de-las-familias-afectadas-volvieron-a-sus-hogares\/#breadcrumb"},"inLanguage":"es","potentialAction":[{"@type":"ReadAction","target":["https:\/\/lobosnews.com.ar\/index.php\/2026\/03\/15\/inundaciones-en-tucuman-bajo-el-nivel-del-agua-y-un-95-de-las-familias-afectadas-volvieron-a-sus-hogares\/"]}]},{"@type":"ImageObject","inLanguage":"es","@id":"https:\/\/lobosnews.com.ar\/index.php\/2026\/03\/15\/inundaciones-en-tucuman-bajo-el-nivel-del-agua-y-un-95-de-las-familias-afectadas-volvieron-a-sus-hogares\/#primaryimage","url":"https:\/\/lobosnews.com.ar\/wp-content\/uploads\/2026\/03\/inundaciones-en-tucuman-bajo-el-nivel-del-agua-y-un-95-de-las-familias-afectadas-volvieron-a-sus-hogares-4.jpg","contentUrl":"https:\/\/lobosnews.com.ar\/wp-content\/uploads\/2026\/03\/inundaciones-en-tucuman-bajo-el-nivel-del-agua-y-un-95-de-las-familias-afectadas-volvieron-a-sus-hogares-4.jpg","width":1980,"height":1080,"caption":"Inundaciones en Tucum\u00e1n: baj\u00f3 el nivel del agua y un 95% de las familias afectadas volvieron a sus hogares"},{"@type":"BreadcrumbList","@id":"https:\/\/lobosnews.com.ar\/index.php\/2026\/03\/15\/inundaciones-en-tucuman-bajo-el-nivel-del-agua-y-un-95-de-las-familias-afectadas-volvieron-a-sus-hogares\/#breadcrumb","itemListElement":[{"@type":"ListItem","position":1,"name":"Portada","item":"https:\/\/lobosnews.com.ar\/"},{"@type":"ListItem","position":2,"name":"Inundaciones en Tucum\u00e1n: baj\u00f3 el nivel del agua y un 95% de las familias afectadas volvieron a sus hogares"}]},{"@type":"WebSite","@id":"https:\/\/lobosnews.com.ar\/#website","url":"https:\/\/lobosnews.com.ar\/","name":"Lobos News","description":"Informaci\u00f3n a cada instante","publisher":{"@id":"https:\/\/lobosnews.com.ar\/#organization"},"potentialAction":[{"@type":"SearchAction","target":{"@type":"EntryPoint","urlTemplate":"https:\/\/lobosnews.com.ar\/?s={search_term_string}"},"query-input":{"@type":"PropertyValueSpecification","valueRequired":true,"valueName":"search_term_string"}}],"inLanguage":"es"},{"@type":"Organization","@id":"https:\/\/lobosnews.com.ar\/#organization","name":"Lobos News","url":"https:\/\/lobosnews.com.ar\/","logo":{"@type":"ImageObject","inLanguage":"es","@id":"https:\/\/lobosnews.com.ar\/#\/schema\/logo\/image\/","url":"https:\/\/lobosnews.com.ar\/wp-content\/uploads\/2026\/01\/logo-lobosnews.png","contentUrl":"https:\/\/lobosnews.com.ar\/wp-content\/uploads\/2026\/01\/logo-lobosnews.png","width":500,"height":200,"caption":"Lobos News"},"image":{"@id":"https:\/\/lobosnews.com.ar\/#\/schema\/logo\/image\/"}},{"@type":"Person","@id":"https:\/\/lobosnews.com.ar\/#\/schema\/person\/232422a593d5c541dd9aef6aaed10943","name":"admin","image":{"@type":"ImageObject","inLanguage":"es","@id":"https:\/\/lobosnews.com.ar\/#\/schema\/person\/image\/","url":"https:\/\/secure.gravatar.com\/avatar\/76e419471a2083bc3ceab22a763dbbf9b0c1bd15a6214cf3280e2c2dde4580f9?s=96&d=mm&r=g","contentUrl":"https:\/\/secure.gravatar.com\/avatar\/76e419471a2083bc3ceab22a763dbbf9b0c1bd15a6214cf3280e2c2dde4580f9?s=96&d=mm&r=g","caption":"admin"},"sameAs":["https:\/\/lobosnews.com.ar"],"url":"https:\/\/lobosnews.com.ar\/index.php\/author\/lobos-news\/"}]}},"jetpack_featured_media_url":"https:\/\/lobosnews.com.ar\/wp-content\/uploads\/2026\/03\/inundaciones-en-tucuman-bajo-el-nivel-del-agua-y-un-95-de-las-familias-afectadas-volvieron-a-sus-hogares-4.jpg","jetpack_sharing_enabled":true,"_links":{"self":[{"href":"https:\/\/lobosnews.com.ar\/index.php\/wp-json\/wp\/v2\/posts\/33730","targetHints":{"allow":["GET"]}}],"collection":[{"href":"https:\/\/lobosnews.com.ar\/index.php\/wp-json\/wp\/v2\/posts"}],"about":[{"href":"https:\/\/lobosnews.com.ar\/index.php\/wp-json\/wp\/v2\/types\/post"}],"author":[{"embeddable":true,"href":"https:\/\/lobosnews.com.ar\/index.php\/wp-json\/wp\/v2\/users\/1"}],"replies":[{"embeddable":true,"href":"https:\/\/lobosnews.com.ar\/index.php\/wp-json\/wp\/v2\/comments?post=33730"}],"version-history":[{"count":1,"href":"https:\/\/lobosnews.com.ar\/index.php\/wp-json\/wp\/v2\/posts\/33730\/revisions"}],"predecessor-version":[{"id":33734,"href":"https:\/\/lobosnews.com.ar\/index.php\/wp-json\/wp\/v2\/posts\/33730\/revisions\/33734"}],"wp:featuredmedia":[{"embeddable":true,"href":"https:\/\/lobosnews.com.ar\/index.php\/wp-json\/wp\/v2\/media\/33735"}],"wp:attachment":[{"href":"https:\/\/lobosnews.com.ar\/index.php\/wp-json\/wp\/v2\/media?parent=33730"}],"wp:term":[{"taxonomy":"category","embeddable":true,"href":"https:\/\/lobosnews.com.ar\/index.php\/wp-json\/wp\/v2\/categories?post=33730"},{"taxonomy":"post_tag","embeddable":true,"href":"https:\/\/lobosnews.com.ar\/index.php\/wp-json\/wp\/v2\/tags?post=33730"}],"curies":[{"name":"wp","href":"https:\/\/api.w.org\/{rel}","templated":true}]}}