{"id":33724,"date":"2026-03-14T15:07:49","date_gmt":"2026-03-14T15:07:49","guid":{"rendered":"https:\/\/lobosnews.com.ar\/index.php\/2026\/03\/14\/un-estudio-espanol-desmiente-los-riesgos-del-fluor-en-la-pasta-de-dientes-y-respalda-su-seguridad\/"},"modified":"2026-03-15T03:43:18","modified_gmt":"2026-03-15T03:43:18","slug":"un-estudio-espanol-desmiente-los-riesgos-del-fluor-en-la-pasta-de-dientes-y-respalda-su-seguridad","status":"publish","type":"post","link":"https:\/\/lobosnews.com.ar\/index.php\/2026\/03\/14\/un-estudio-espanol-desmiente-los-riesgos-del-fluor-en-la-pasta-de-dientes-y-respalda-su-seguridad\/","title":{"rendered":"Un estudio espa\u00f1ol desmiente los riesgos del fl\u00faor en la pasta de dientes y respalda su seguridad"},"content":{"rendered":"<p><img loading=\"lazy\" decoding=\"async\" src=\"https:\/\/lobosnews.com.ar\/wp-content\/uploads\/2026\/03\/un-estudio-espanol-desmiente-los-riesgos-del-fluor-en-la-pasta-de-dientes-y-respalda-su-seguridad.jpg\" alt=\"Una revisi\u00f3n liderada por la Universidad de Granada concluye que las concentraciones aprobadas de fl\u00faor presentes en pastas dentales y otros productos no presentan riesgos para la salud ni efectos negativos comprobados en humanos. (Imagen de archivo)\" height=\"1080\" width=\"1920\"\/><\/p>\n<p>La <b>Universidad de Granada<\/b> present\u00f3 los resultados de una investigaci\u00f3n que analiza los posibles efectos del fl\u00faor presente en la <span class=\"waslinkname\">pasta de dientes <\/span>sobre la salud humana. El trabajo, dirigido por la investigadora<b> Inmaculada Cabello Malag\u00f3n<\/b>, revis\u00f3 la evidencia cient\u00edfica y evalu\u00f3 los niveles de <span class=\"waslinkname\">fl\u00faor <\/span>en productos de uso cotidiano, desmintiendo afirmaciones difundidas en redes sociales sobre la supuesta toxicidad de este mineral. <\/p>\n<p>De acuerdo con la agencia de noticias<i> Europa Press<\/i>, la profesional\u2014perteneciente al Departamento de Estomatolog\u00eda, un departamento acad\u00e9mico de la Universidad de Granada\u2014inform\u00f3 que \u201clas cantidades de fl\u00faor presentes en la pasta dental, el agua potable y los barnices cl\u00ednicos se mantienen bajo l\u00edmites seguros\u201d, dentro de los valores internacionales recomendados por la <b>Organizaci\u00f3n Mundial de la Salud <\/b>(hasta 1,5 mg\/L en agua potable y hasta 1.500 ppm en pastas infantiles). <\/p>\n<p>Adem\u00e1s, explic\u00f3 que <b>\u201cno provocan efectos adversos sobre la salud\u201d<\/b> y que no existe respaldo cient\u00edfico para las afirmaciones que relacionan el fl\u00faor con da\u00f1os cerebrales o alteraciones en la gl\u00e1ndula tiroides, seg\u00fan los resultados obtenidos. El estudio remarc\u00f3 que la adici\u00f3n controlada del mineral contribuye a fortalecer y remineralizar la superficie dental, reduciendo la incidencia de caries, especialmente en la poblaci\u00f3n infantil.<\/p>\n<p><img loading=\"lazy\" decoding=\"async\" src=\"https:\/\/lobosnews.com.ar\/wp-content\/uploads\/2026\/03\/un-estudio-espanol-desmiente-los-riesgos-del-fluor-en-la-pasta-de-dientes-y-respalda-su-seguridad-1.jpg\" alt=\"Un estudio desmiente riesgos para la salud asociados al fl\u00faor en la higiene bucal. - Cr\u00e9dito iStock\" height=\"1080\" width=\"1920\"\/><\/p>\n<h2>Qu\u00e9 dice el estudio sobre el fl\u00faor<\/h2>\n<p>El fl\u00faor es un mineral presente en el agua, la pasta de dientes y en tratamientos cl\u00ednicos odontol\u00f3gicos. <b>Su uso est\u00e1 respaldado por sociedades odontol\u00f3gicas internacionales <\/b>debido a su capacidad para reforzar el esmalte y prevenir la desmineralizaci\u00f3n causada por los \u00e1cidos de la placa bacteriana. Seg\u00fan la profesora Cabello Malag\u00f3n, la administraci\u00f3n de fl\u00faor en dosis controladas es necesaria para proteger la dentadura y evitar la aparici\u00f3n de caries, considerado uno de los problemas de salud m\u00e1s comunes a nivel global. <\/p>\n<p>El estudio se\u00f1al\u00f3 que la concentraci\u00f3n de fl\u00faor en las pastas dentales <b>responde a est\u00e1ndares internacionales de seguridad.<\/b> Los resultados respaldan que el uso cotidiano de productos fluorados no representa un riesgo para la salud cerebral ni para la funci\u00f3n tiroidea, negando las advertencias infundadas difundidas en distintos medios digitales.<\/p>\n<h2>Impacto del fl\u00faor en la salud<\/h2>\n<p>De acuerdo con la evidencia presentada, el fl\u00faor es utilizado para prevenir la caries dental gracias a su efecto reforzante en el esmalte y su acci\u00f3n remineralizante. La aplicaci\u00f3n controlada en productos odontol\u00f3gicos ha reducido la aparici\u00f3n de caries en ni\u00f1os y adultos, sin asociarse a riesgos comprobados en las cantidades recomendadas. Estas conclusiones refuerzan las directrices de organismos internacionales y sociedades cient\u00edficas.<\/p>\n<p><img loading=\"lazy\" decoding=\"async\" src=\"https:\/\/lobosnews.com.ar\/wp-content\/uploads\/2026\/03\/un-estudio-espanol-desmiente-los-riesgos-del-fluor-en-la-pasta-de-dientes-y-respalda-su-seguridad-2.jpg\" alt=\"La profesora Inmaculada Cabello Malag\u00f3n resalt\u00f3 que la dosis controlada del mineral fortalece el esmalte y no hay respaldo cient\u00edfico sobre supuestos da\u00f1os neuronales u hormonales por el uso responsable de productos fluorados. (Imagen Ilustrativa Infobae)\" height=\"768\" width=\"1408\"\/><\/p>\n<h2>Mitos desmentidos<\/h2>\n<p>En los \u00faltimos a\u00f1os, el fl\u00faor fue vinculado <b>err\u00f3neamente <\/b>con presuntos da\u00f1os neuronales o alteraciones hormonales. El trabajo liderado por la Universidad de Granada examin\u00f3 la literatura cient\u00edfica y \u201cno hall\u00f3 pruebas que respalden estas afirmaciones\u201d. La investigadora subray\u00f3 que \u201cla toxicidad s\u00f3lo se presenta en casos de ingesti\u00f3n masiva o exposici\u00f3n a concentraciones muy superiores a las recomendadas\u201d, por lo que el uso responsable de productos fluorados y la supervisi\u00f3n pedi\u00e1trica en la higiene dental infantil son suficientes para prevenir efectos adversos. Estos hallazgos desmienten la principal fuente de desinformaci\u00f3n que circula en redes sociales y algunos medios digitales.<\/p>\n<h2>Iniciativa de divulgaci\u00f3n y contexto institucional<\/h2>\n<p>La investigaci\u00f3n se enmarca en el programa La evidencia la da la ciencia, impulsado por la <i>Delegaci\u00f3n del Rector para la Salud y las Relaciones con el Sistema Sanitario<\/i> y apoyado por la <i>Oficina de Gesti\u00f3n de la Comunicaci\u00f3n de la UGR<\/i>. El objetivo es combatir la desinformaci\u00f3n y promover informaci\u00f3n verificada por expertos en salud p\u00fablica. La profesora Cabello Malag\u00f3n recalc\u00f3 la importancia de confiar en las recomendaciones de la comunidad cient\u00edfica y evitar mitos que pueden afectar la salud. La divulgaci\u00f3n de estudios claros y accesibles permite tomar decisiones informadas y mantener la confianza en productos de uso cotidiano respaldados por la evidencia cient\u00edfica. <\/p>\n","protected":false},"excerpt":{"rendered":"<p>La Universidad de Granada present\u00f3 los resultados de una investigaci\u00f3n que analiza los posibles efectos del fl\u00faor presente en la pasta de dientes sobre la salud humana. El trabajo, dirigido por la investigadora Inmaculada Cabello Malag\u00f3n, revis\u00f3 la evidencia cient\u00edfica y evalu\u00f3 los niveles de fl\u00faor en productos de uso cotidiano, desmintiendo afirmaciones difundidas en&#8230;<\/p>\n","protected":false},"author":1,"featured_media":33729,"comment_status":"open","ping_status":"closed","sticky":false,"template":"","format":"standard","meta":{"_jetpack_memberships_contains_paid_content":false,"footnotes":""},"categories":[81],"tags":[],"class_list":["post-33724","post","type-post","status-publish","format-standard","has-post-thumbnail","hentry","category-salud"],"magazineBlocksPostFeaturedMedia":{"thumbnail":"https:\/\/lobosnews.com.ar\/wp-content\/uploads\/2026\/03\/un-estudio-espanol-desmiente-los-riesgos-del-fluor-en-la-pasta-de-dientes-y-respalda-su-seguridad-4-150x150.jpg","medium":"https:\/\/lobosnews.com.ar\/wp-content\/uploads\/2026\/03\/un-estudio-espanol-desmiente-los-riesgos-del-fluor-en-la-pasta-de-dientes-y-respalda-su-seguridad-4-300x164.jpg","medium_large":"https:\/\/lobosnews.com.ar\/wp-content\/uploads\/2026\/03\/un-estudio-espanol-desmiente-los-riesgos-del-fluor-en-la-pasta-de-dientes-y-respalda-su-seguridad-4-768x419.jpg","large":"https:\/\/lobosnews.com.ar\/wp-content\/uploads\/2026\/03\/un-estudio-espanol-desmiente-los-riesgos-del-fluor-en-la-pasta-de-dientes-y-respalda-su-seguridad-4-1024x559.jpg","1536x1536":"https:\/\/lobosnews.com.ar\/wp-content\/uploads\/2026\/03\/un-estudio-espanol-desmiente-los-riesgos-del-fluor-en-la-pasta-de-dientes-y-respalda-su-seguridad-4.jpg","2048x2048":"https:\/\/lobosnews.com.ar\/wp-content\/uploads\/2026\/03\/un-estudio-espanol-desmiente-los-riesgos-del-fluor-en-la-pasta-de-dientes-y-respalda-su-seguridad-4.jpg","newsmatic-featured":"https:\/\/lobosnews.com.ar\/wp-content\/uploads\/2026\/03\/un-estudio-espanol-desmiente-los-riesgos-del-fluor-en-la-pasta-de-dientes-y-respalda-su-seguridad-4-820x545.jpg","newsmatic-list":"https:\/\/lobosnews.com.ar\/wp-content\/uploads\/2026\/03\/un-estudio-espanol-desmiente-los-riesgos-del-fluor-en-la-pasta-de-dientes-y-respalda-su-seguridad-4-600x400.jpg","newsmatic-thumb":"https:\/\/lobosnews.com.ar\/wp-content\/uploads\/2026\/03\/un-estudio-espanol-desmiente-los-riesgos-del-fluor-en-la-pasta-de-dientes-y-respalda-su-seguridad-4-300x200.jpg","newsmatic-small":"https:\/\/lobosnews.com.ar\/wp-content\/uploads\/2026\/03\/un-estudio-espanol-desmiente-los-riesgos-del-fluor-en-la-pasta-de-dientes-y-respalda-su-seguridad-4-150x95.jpg","newsmatic-grid":"https:\/\/lobosnews.com.ar\/wp-content\/uploads\/2026\/03\/un-estudio-espanol-desmiente-los-riesgos-del-fluor-en-la-pasta-de-dientes-y-respalda-su-seguridad-4-400x250.jpg"},"magazineBlocksPostAuthor":{"name":"admin","avatar":"https:\/\/secure.gravatar.com\/avatar\/76e419471a2083bc3ceab22a763dbbf9b0c1bd15a6214cf3280e2c2dde4580f9?s=96&d=mm&r=g"},"magazineBlocksPostCommentsNumber":"0","magazineBlocksPostExcerpt":"La Universidad de Granada present\u00f3 los resultados de una investigaci\u00f3n que analiza los posibles efectos del fl\u00faor presente en la pasta de dientes sobre la salud humana. El trabajo, dirigido por la investigadora Inmaculada Cabello Malag\u00f3n, revis\u00f3 la evidencia cient\u00edfica y evalu\u00f3 los niveles de fl\u00faor en productos de uso cotidiano, desmintiendo afirmaciones difundidas en...","magazineBlocksPostCategories":["Salud"],"magazineBlocksPostViewCount":79,"magazineBlocksPostReadTime":4,"magazine_blocks_featured_image_url":{"full":["https:\/\/lobosnews.com.ar\/wp-content\/uploads\/2026\/03\/un-estudio-espanol-desmiente-los-riesgos-del-fluor-en-la-pasta-de-dientes-y-respalda-su-seguridad-4.jpg",1408,768,false],"medium":["https:\/\/lobosnews.com.ar\/wp-content\/uploads\/2026\/03\/un-estudio-espanol-desmiente-los-riesgos-del-fluor-en-la-pasta-de-dientes-y-respalda-su-seguridad-4-300x164.jpg",300,164,true],"thumbnail":["https:\/\/lobosnews.com.ar\/wp-content\/uploads\/2026\/03\/un-estudio-espanol-desmiente-los-riesgos-del-fluor-en-la-pasta-de-dientes-y-respalda-su-seguridad-4-150x150.jpg",150,150,true]},"magazine_blocks_author":{"display_name":"admin","author_link":"https:\/\/lobosnews.com.ar\/index.php\/author\/lobos-news\/"},"magazine_blocks_comment":0,"magazine_blocks_author_image":"https:\/\/secure.gravatar.com\/avatar\/76e419471a2083bc3ceab22a763dbbf9b0c1bd15a6214cf3280e2c2dde4580f9?s=96&d=mm&r=g","magazine_blocks_category":"<a href=\"#\" class=\"category-link category-link-81\">Salud<\/a>","yoast_head":"<!-- This site is optimized with the Yoast SEO plugin v26.6 - https:\/\/yoast.com\/wordpress\/plugins\/seo\/ -->\n<title>Un estudio espa\u00f1ol desmiente los riesgos del fl\u00faor en la pasta de dientes y respalda su seguridad - Lobos News<\/title>\n<meta name=\"robots\" content=\"index, follow, max-snippet:-1, max-image-preview:large, max-video-preview:-1\" \/>\n<link rel=\"canonical\" href=\"https:\/\/lobosnews.com.ar\/index.php\/2026\/03\/14\/un-estudio-espanol-desmiente-los-riesgos-del-fluor-en-la-pasta-de-dientes-y-respalda-su-seguridad\/\" \/>\n<meta property=\"og:locale\" content=\"es_ES\" \/>\n<meta property=\"og:type\" content=\"article\" \/>\n<meta property=\"og:title\" content=\"Un estudio espa\u00f1ol desmiente los riesgos del fl\u00faor en la pasta de dientes y respalda su seguridad - Lobos News\" \/>\n<meta property=\"og:description\" content=\"La Universidad de Granada present\u00f3 los resultados de una investigaci\u00f3n que analiza los posibles efectos del fl\u00faor presente en la pasta de dientes sobre la salud humana. El trabajo, dirigido por la investigadora Inmaculada Cabello Malag\u00f3n, revis\u00f3 la evidencia cient\u00edfica y evalu\u00f3 los niveles de fl\u00faor en productos de uso cotidiano, desmintiendo afirmaciones difundidas en...\" \/>\n<meta property=\"og:url\" content=\"https:\/\/lobosnews.com.ar\/index.php\/2026\/03\/14\/un-estudio-espanol-desmiente-los-riesgos-del-fluor-en-la-pasta-de-dientes-y-respalda-su-seguridad\/\" \/>\n<meta property=\"og:site_name\" content=\"Lobos News\" \/>\n<meta property=\"article:published_time\" content=\"2026-03-14T15:07:49+00:00\" \/>\n<meta property=\"article:modified_time\" content=\"2026-03-15T03:43:18+00:00\" \/>\n<meta property=\"og:image\" content=\"https:\/\/lobosnews.com.ar\/wp-content\/uploads\/2026\/03\/un-estudio-espanol-desmiente-los-riesgos-del-fluor-en-la-pasta-de-dientes-y-respalda-su-seguridad.jpg\" \/>\n<meta name=\"author\" content=\"admin\" \/>\n<meta name=\"twitter:card\" content=\"summary_large_image\" \/>\n<meta name=\"twitter:label1\" content=\"Escrito por\" \/>\n\t<meta name=\"twitter:data1\" content=\"admin\" \/>\n\t<meta name=\"twitter:label2\" content=\"Tiempo de lectura\" \/>\n\t<meta name=\"twitter:data2\" content=\"3 minutos\" \/>\n<script type=\"application\/ld+json\" class=\"yoast-schema-graph\">{\"@context\":\"https:\/\/schema.org\",\"@graph\":[{\"@type\":\"Article\",\"@id\":\"https:\/\/lobosnews.com.ar\/index.php\/2026\/03\/14\/un-estudio-espanol-desmiente-los-riesgos-del-fluor-en-la-pasta-de-dientes-y-respalda-su-seguridad\/#article\",\"isPartOf\":{\"@id\":\"https:\/\/lobosnews.com.ar\/index.php\/2026\/03\/14\/un-estudio-espanol-desmiente-los-riesgos-del-fluor-en-la-pasta-de-dientes-y-respalda-su-seguridad\/\"},\"author\":{\"name\":\"admin\",\"@id\":\"https:\/\/lobosnews.com.ar\/#\/schema\/person\/232422a593d5c541dd9aef6aaed10943\"},\"headline\":\"Un estudio espa\u00f1ol desmiente los riesgos del fl\u00faor en la pasta de dientes y respalda su seguridad\",\"datePublished\":\"2026-03-14T15:07:49+00:00\",\"dateModified\":\"2026-03-15T03:43:18+00:00\",\"mainEntityOfPage\":{\"@id\":\"https:\/\/lobosnews.com.ar\/index.php\/2026\/03\/14\/un-estudio-espanol-desmiente-los-riesgos-del-fluor-en-la-pasta-de-dientes-y-respalda-su-seguridad\/\"},\"wordCount\":707,\"commentCount\":0,\"publisher\":{\"@id\":\"https:\/\/lobosnews.com.ar\/#organization\"},\"image\":{\"@id\":\"https:\/\/lobosnews.com.ar\/index.php\/2026\/03\/14\/un-estudio-espanol-desmiente-los-riesgos-del-fluor-en-la-pasta-de-dientes-y-respalda-su-seguridad\/#primaryimage\"},\"thumbnailUrl\":\"https:\/\/lobosnews.com.ar\/wp-content\/uploads\/2026\/03\/un-estudio-espanol-desmiente-los-riesgos-del-fluor-en-la-pasta-de-dientes-y-respalda-su-seguridad-4.jpg\",\"articleSection\":[\"Salud\"],\"inLanguage\":\"es\",\"potentialAction\":[{\"@type\":\"CommentAction\",\"name\":\"Comment\",\"target\":[\"https:\/\/lobosnews.com.ar\/index.php\/2026\/03\/14\/un-estudio-espanol-desmiente-los-riesgos-del-fluor-en-la-pasta-de-dientes-y-respalda-su-seguridad\/#respond\"]}]},{\"@type\":\"WebPage\",\"@id\":\"https:\/\/lobosnews.com.ar\/index.php\/2026\/03\/14\/un-estudio-espanol-desmiente-los-riesgos-del-fluor-en-la-pasta-de-dientes-y-respalda-su-seguridad\/\",\"url\":\"https:\/\/lobosnews.com.ar\/index.php\/2026\/03\/14\/un-estudio-espanol-desmiente-los-riesgos-del-fluor-en-la-pasta-de-dientes-y-respalda-su-seguridad\/\",\"name\":\"Un estudio espa\u00f1ol desmiente los riesgos del fl\u00faor en la pasta de dientes y respalda su seguridad - Lobos News\",\"isPartOf\":{\"@id\":\"https:\/\/lobosnews.com.ar\/#website\"},\"primaryImageOfPage\":{\"@id\":\"https:\/\/lobosnews.com.ar\/index.php\/2026\/03\/14\/un-estudio-espanol-desmiente-los-riesgos-del-fluor-en-la-pasta-de-dientes-y-respalda-su-seguridad\/#primaryimage\"},\"image\":{\"@id\":\"https:\/\/lobosnews.com.ar\/index.php\/2026\/03\/14\/un-estudio-espanol-desmiente-los-riesgos-del-fluor-en-la-pasta-de-dientes-y-respalda-su-seguridad\/#primaryimage\"},\"thumbnailUrl\":\"https:\/\/lobosnews.com.ar\/wp-content\/uploads\/2026\/03\/un-estudio-espanol-desmiente-los-riesgos-del-fluor-en-la-pasta-de-dientes-y-respalda-su-seguridad-4.jpg\",\"datePublished\":\"2026-03-14T15:07:49+00:00\",\"dateModified\":\"2026-03-15T03:43:18+00:00\",\"breadcrumb\":{\"@id\":\"https:\/\/lobosnews.com.ar\/index.php\/2026\/03\/14\/un-estudio-espanol-desmiente-los-riesgos-del-fluor-en-la-pasta-de-dientes-y-respalda-su-seguridad\/#breadcrumb\"},\"inLanguage\":\"es\",\"potentialAction\":[{\"@type\":\"ReadAction\",\"target\":[\"https:\/\/lobosnews.com.ar\/index.php\/2026\/03\/14\/un-estudio-espanol-desmiente-los-riesgos-del-fluor-en-la-pasta-de-dientes-y-respalda-su-seguridad\/\"]}]},{\"@type\":\"ImageObject\",\"inLanguage\":\"es\",\"@id\":\"https:\/\/lobosnews.com.ar\/index.php\/2026\/03\/14\/un-estudio-espanol-desmiente-los-riesgos-del-fluor-en-la-pasta-de-dientes-y-respalda-su-seguridad\/#primaryimage\",\"url\":\"https:\/\/lobosnews.com.ar\/wp-content\/uploads\/2026\/03\/un-estudio-espanol-desmiente-los-riesgos-del-fluor-en-la-pasta-de-dientes-y-respalda-su-seguridad-4.jpg\",\"contentUrl\":\"https:\/\/lobosnews.com.ar\/wp-content\/uploads\/2026\/03\/un-estudio-espanol-desmiente-los-riesgos-del-fluor-en-la-pasta-de-dientes-y-respalda-su-seguridad-4.jpg\",\"width\":1408,\"height\":768,\"caption\":\"Un estudio espa\u00f1ol desmiente los riesgos del fl\u00faor en la pasta de dientes y respalda su seguridad\"},{\"@type\":\"BreadcrumbList\",\"@id\":\"https:\/\/lobosnews.com.ar\/index.php\/2026\/03\/14\/un-estudio-espanol-desmiente-los-riesgos-del-fluor-en-la-pasta-de-dientes-y-respalda-su-seguridad\/#breadcrumb\",\"itemListElement\":[{\"@type\":\"ListItem\",\"position\":1,\"name\":\"Portada\",\"item\":\"https:\/\/lobosnews.com.ar\/\"},{\"@type\":\"ListItem\",\"position\":2,\"name\":\"Un estudio espa\u00f1ol desmiente los riesgos del fl\u00faor en la pasta de dientes y respalda su seguridad\"}]},{\"@type\":\"WebSite\",\"@id\":\"https:\/\/lobosnews.com.ar\/#website\",\"url\":\"https:\/\/lobosnews.com.ar\/\",\"name\":\"Lobos News\",\"description\":\"Informaci\u00f3n a cada instante\",\"publisher\":{\"@id\":\"https:\/\/lobosnews.com.ar\/#organization\"},\"potentialAction\":[{\"@type\":\"SearchAction\",\"target\":{\"@type\":\"EntryPoint\",\"urlTemplate\":\"https:\/\/lobosnews.com.ar\/?s={search_term_string}\"},\"query-input\":{\"@type\":\"PropertyValueSpecification\",\"valueRequired\":true,\"valueName\":\"search_term_string\"}}],\"inLanguage\":\"es\"},{\"@type\":\"Organization\",\"@id\":\"https:\/\/lobosnews.com.ar\/#organization\",\"name\":\"Lobos News\",\"url\":\"https:\/\/lobosnews.com.ar\/\",\"logo\":{\"@type\":\"ImageObject\",\"inLanguage\":\"es\",\"@id\":\"https:\/\/lobosnews.com.ar\/#\/schema\/logo\/image\/\",\"url\":\"https:\/\/lobosnews.com.ar\/wp-content\/uploads\/2026\/01\/logo-lobosnews.png\",\"contentUrl\":\"https:\/\/lobosnews.com.ar\/wp-content\/uploads\/2026\/01\/logo-lobosnews.png\",\"width\":500,\"height\":200,\"caption\":\"Lobos News\"},\"image\":{\"@id\":\"https:\/\/lobosnews.com.ar\/#\/schema\/logo\/image\/\"}},{\"@type\":\"Person\",\"@id\":\"https:\/\/lobosnews.com.ar\/#\/schema\/person\/232422a593d5c541dd9aef6aaed10943\",\"name\":\"admin\",\"image\":{\"@type\":\"ImageObject\",\"inLanguage\":\"es\",\"@id\":\"https:\/\/lobosnews.com.ar\/#\/schema\/person\/image\/\",\"url\":\"https:\/\/secure.gravatar.com\/avatar\/76e419471a2083bc3ceab22a763dbbf9b0c1bd15a6214cf3280e2c2dde4580f9?s=96&d=mm&r=g\",\"contentUrl\":\"https:\/\/secure.gravatar.com\/avatar\/76e419471a2083bc3ceab22a763dbbf9b0c1bd15a6214cf3280e2c2dde4580f9?s=96&d=mm&r=g\",\"caption\":\"admin\"},\"sameAs\":[\"https:\/\/lobosnews.com.ar\"],\"url\":\"https:\/\/lobosnews.com.ar\/index.php\/author\/lobos-news\/\"}]}<\/script>\n<!-- \/ Yoast SEO plugin. -->","yoast_head_json":{"title":"Un estudio espa\u00f1ol desmiente los riesgos del fl\u00faor en la pasta de dientes y respalda su seguridad - Lobos News","robots":{"index":"index","follow":"follow","max-snippet":"max-snippet:-1","max-image-preview":"max-image-preview:large","max-video-preview":"max-video-preview:-1"},"canonical":"https:\/\/lobosnews.com.ar\/index.php\/2026\/03\/14\/un-estudio-espanol-desmiente-los-riesgos-del-fluor-en-la-pasta-de-dientes-y-respalda-su-seguridad\/","og_locale":"es_ES","og_type":"article","og_title":"Un estudio espa\u00f1ol desmiente los riesgos del fl\u00faor en la pasta de dientes y respalda su seguridad - Lobos News","og_description":"La Universidad de Granada present\u00f3 los resultados de una investigaci\u00f3n que analiza los posibles efectos del fl\u00faor presente en la pasta de dientes sobre la salud humana. El trabajo, dirigido por la investigadora Inmaculada Cabello Malag\u00f3n, revis\u00f3 la evidencia cient\u00edfica y evalu\u00f3 los niveles de fl\u00faor en productos de uso cotidiano, desmintiendo afirmaciones difundidas en...","og_url":"https:\/\/lobosnews.com.ar\/index.php\/2026\/03\/14\/un-estudio-espanol-desmiente-los-riesgos-del-fluor-en-la-pasta-de-dientes-y-respalda-su-seguridad\/","og_site_name":"Lobos News","article_published_time":"2026-03-14T15:07:49+00:00","article_modified_time":"2026-03-15T03:43:18+00:00","og_image":[{"url":"https:\/\/lobosnews.com.ar\/wp-content\/uploads\/2026\/03\/un-estudio-espanol-desmiente-los-riesgos-del-fluor-en-la-pasta-de-dientes-y-respalda-su-seguridad.jpg","type":"","width":"","height":""}],"author":"admin","twitter_card":"summary_large_image","twitter_misc":{"Escrito por":"admin","Tiempo de lectura":"3 minutos"},"schema":{"@context":"https:\/\/schema.org","@graph":[{"@type":"Article","@id":"https:\/\/lobosnews.com.ar\/index.php\/2026\/03\/14\/un-estudio-espanol-desmiente-los-riesgos-del-fluor-en-la-pasta-de-dientes-y-respalda-su-seguridad\/#article","isPartOf":{"@id":"https:\/\/lobosnews.com.ar\/index.php\/2026\/03\/14\/un-estudio-espanol-desmiente-los-riesgos-del-fluor-en-la-pasta-de-dientes-y-respalda-su-seguridad\/"},"author":{"name":"admin","@id":"https:\/\/lobosnews.com.ar\/#\/schema\/person\/232422a593d5c541dd9aef6aaed10943"},"headline":"Un estudio espa\u00f1ol desmiente los riesgos del fl\u00faor en la pasta de dientes y respalda su seguridad","datePublished":"2026-03-14T15:07:49+00:00","dateModified":"2026-03-15T03:43:18+00:00","mainEntityOfPage":{"@id":"https:\/\/lobosnews.com.ar\/index.php\/2026\/03\/14\/un-estudio-espanol-desmiente-los-riesgos-del-fluor-en-la-pasta-de-dientes-y-respalda-su-seguridad\/"},"wordCount":707,"commentCount":0,"publisher":{"@id":"https:\/\/lobosnews.com.ar\/#organization"},"image":{"@id":"https:\/\/lobosnews.com.ar\/index.php\/2026\/03\/14\/un-estudio-espanol-desmiente-los-riesgos-del-fluor-en-la-pasta-de-dientes-y-respalda-su-seguridad\/#primaryimage"},"thumbnailUrl":"https:\/\/lobosnews.com.ar\/wp-content\/uploads\/2026\/03\/un-estudio-espanol-desmiente-los-riesgos-del-fluor-en-la-pasta-de-dientes-y-respalda-su-seguridad-4.jpg","articleSection":["Salud"],"inLanguage":"es","potentialAction":[{"@type":"CommentAction","name":"Comment","target":["https:\/\/lobosnews.com.ar\/index.php\/2026\/03\/14\/un-estudio-espanol-desmiente-los-riesgos-del-fluor-en-la-pasta-de-dientes-y-respalda-su-seguridad\/#respond"]}]},{"@type":"WebPage","@id":"https:\/\/lobosnews.com.ar\/index.php\/2026\/03\/14\/un-estudio-espanol-desmiente-los-riesgos-del-fluor-en-la-pasta-de-dientes-y-respalda-su-seguridad\/","url":"https:\/\/lobosnews.com.ar\/index.php\/2026\/03\/14\/un-estudio-espanol-desmiente-los-riesgos-del-fluor-en-la-pasta-de-dientes-y-respalda-su-seguridad\/","name":"Un estudio espa\u00f1ol desmiente los riesgos del fl\u00faor en la pasta de dientes y respalda su seguridad - Lobos News","isPartOf":{"@id":"https:\/\/lobosnews.com.ar\/#website"},"primaryImageOfPage":{"@id":"https:\/\/lobosnews.com.ar\/index.php\/2026\/03\/14\/un-estudio-espanol-desmiente-los-riesgos-del-fluor-en-la-pasta-de-dientes-y-respalda-su-seguridad\/#primaryimage"},"image":{"@id":"https:\/\/lobosnews.com.ar\/index.php\/2026\/03\/14\/un-estudio-espanol-desmiente-los-riesgos-del-fluor-en-la-pasta-de-dientes-y-respalda-su-seguridad\/#primaryimage"},"thumbnailUrl":"https:\/\/lobosnews.com.ar\/wp-content\/uploads\/2026\/03\/un-estudio-espanol-desmiente-los-riesgos-del-fluor-en-la-pasta-de-dientes-y-respalda-su-seguridad-4.jpg","datePublished":"2026-03-14T15:07:49+00:00","dateModified":"2026-03-15T03:43:18+00:00","breadcrumb":{"@id":"https:\/\/lobosnews.com.ar\/index.php\/2026\/03\/14\/un-estudio-espanol-desmiente-los-riesgos-del-fluor-en-la-pasta-de-dientes-y-respalda-su-seguridad\/#breadcrumb"},"inLanguage":"es","potentialAction":[{"@type":"ReadAction","target":["https:\/\/lobosnews.com.ar\/index.php\/2026\/03\/14\/un-estudio-espanol-desmiente-los-riesgos-del-fluor-en-la-pasta-de-dientes-y-respalda-su-seguridad\/"]}]},{"@type":"ImageObject","inLanguage":"es","@id":"https:\/\/lobosnews.com.ar\/index.php\/2026\/03\/14\/un-estudio-espanol-desmiente-los-riesgos-del-fluor-en-la-pasta-de-dientes-y-respalda-su-seguridad\/#primaryimage","url":"https:\/\/lobosnews.com.ar\/wp-content\/uploads\/2026\/03\/un-estudio-espanol-desmiente-los-riesgos-del-fluor-en-la-pasta-de-dientes-y-respalda-su-seguridad-4.jpg","contentUrl":"https:\/\/lobosnews.com.ar\/wp-content\/uploads\/2026\/03\/un-estudio-espanol-desmiente-los-riesgos-del-fluor-en-la-pasta-de-dientes-y-respalda-su-seguridad-4.jpg","width":1408,"height":768,"caption":"Un estudio espa\u00f1ol desmiente los riesgos del fl\u00faor en la pasta de dientes y respalda su seguridad"},{"@type":"BreadcrumbList","@id":"https:\/\/lobosnews.com.ar\/index.php\/2026\/03\/14\/un-estudio-espanol-desmiente-los-riesgos-del-fluor-en-la-pasta-de-dientes-y-respalda-su-seguridad\/#breadcrumb","itemListElement":[{"@type":"ListItem","position":1,"name":"Portada","item":"https:\/\/lobosnews.com.ar\/"},{"@type":"ListItem","position":2,"name":"Un estudio espa\u00f1ol desmiente los riesgos del fl\u00faor en la pasta de dientes y respalda su seguridad"}]},{"@type":"WebSite","@id":"https:\/\/lobosnews.com.ar\/#website","url":"https:\/\/lobosnews.com.ar\/","name":"Lobos News","description":"Informaci\u00f3n a cada instante","publisher":{"@id":"https:\/\/lobosnews.com.ar\/#organization"},"potentialAction":[{"@type":"SearchAction","target":{"@type":"EntryPoint","urlTemplate":"https:\/\/lobosnews.com.ar\/?s={search_term_string}"},"query-input":{"@type":"PropertyValueSpecification","valueRequired":true,"valueName":"search_term_string"}}],"inLanguage":"es"},{"@type":"Organization","@id":"https:\/\/lobosnews.com.ar\/#organization","name":"Lobos News","url":"https:\/\/lobosnews.com.ar\/","logo":{"@type":"ImageObject","inLanguage":"es","@id":"https:\/\/lobosnews.com.ar\/#\/schema\/logo\/image\/","url":"https:\/\/lobosnews.com.ar\/wp-content\/uploads\/2026\/01\/logo-lobosnews.png","contentUrl":"https:\/\/lobosnews.com.ar\/wp-content\/uploads\/2026\/01\/logo-lobosnews.png","width":500,"height":200,"caption":"Lobos News"},"image":{"@id":"https:\/\/lobosnews.com.ar\/#\/schema\/logo\/image\/"}},{"@type":"Person","@id":"https:\/\/lobosnews.com.ar\/#\/schema\/person\/232422a593d5c541dd9aef6aaed10943","name":"admin","image":{"@type":"ImageObject","inLanguage":"es","@id":"https:\/\/lobosnews.com.ar\/#\/schema\/person\/image\/","url":"https:\/\/secure.gravatar.com\/avatar\/76e419471a2083bc3ceab22a763dbbf9b0c1bd15a6214cf3280e2c2dde4580f9?s=96&d=mm&r=g","contentUrl":"https:\/\/secure.gravatar.com\/avatar\/76e419471a2083bc3ceab22a763dbbf9b0c1bd15a6214cf3280e2c2dde4580f9?s=96&d=mm&r=g","caption":"admin"},"sameAs":["https:\/\/lobosnews.com.ar"],"url":"https:\/\/lobosnews.com.ar\/index.php\/author\/lobos-news\/"}]}},"jetpack_featured_media_url":"https:\/\/lobosnews.com.ar\/wp-content\/uploads\/2026\/03\/un-estudio-espanol-desmiente-los-riesgos-del-fluor-en-la-pasta-de-dientes-y-respalda-su-seguridad-4.jpg","jetpack_sharing_enabled":true,"_links":{"self":[{"href":"https:\/\/lobosnews.com.ar\/index.php\/wp-json\/wp\/v2\/posts\/33724","targetHints":{"allow":["GET"]}}],"collection":[{"href":"https:\/\/lobosnews.com.ar\/index.php\/wp-json\/wp\/v2\/posts"}],"about":[{"href":"https:\/\/lobosnews.com.ar\/index.php\/wp-json\/wp\/v2\/types\/post"}],"author":[{"embeddable":true,"href":"https:\/\/lobosnews.com.ar\/index.php\/wp-json\/wp\/v2\/users\/1"}],"replies":[{"embeddable":true,"href":"https:\/\/lobosnews.com.ar\/index.php\/wp-json\/wp\/v2\/comments?post=33724"}],"version-history":[{"count":1,"href":"https:\/\/lobosnews.com.ar\/index.php\/wp-json\/wp\/v2\/posts\/33724\/revisions"}],"predecessor-version":[{"id":33728,"href":"https:\/\/lobosnews.com.ar\/index.php\/wp-json\/wp\/v2\/posts\/33724\/revisions\/33728"}],"wp:featuredmedia":[{"embeddable":true,"href":"https:\/\/lobosnews.com.ar\/index.php\/wp-json\/wp\/v2\/media\/33729"}],"wp:attachment":[{"href":"https:\/\/lobosnews.com.ar\/index.php\/wp-json\/wp\/v2\/media?parent=33724"}],"wp:term":[{"taxonomy":"category","embeddable":true,"href":"https:\/\/lobosnews.com.ar\/index.php\/wp-json\/wp\/v2\/categories?post=33724"},{"taxonomy":"post_tag","embeddable":true,"href":"https:\/\/lobosnews.com.ar\/index.php\/wp-json\/wp\/v2\/tags?post=33724"}],"curies":[{"name":"wp","href":"https:\/\/api.w.org\/{rel}","templated":true}]}}