{"id":33623,"date":"2026-03-15T02:35:06","date_gmt":"2026-03-15T02:35:06","guid":{"rendered":"https:\/\/lobosnews.com.ar\/index.php\/2026\/03\/15\/moria-casan-aclaro-si-esta-enojada-con-susana-gimenez-ante-la-inesperada-confesion-de-mirtha-legrand-ella-me-lo-dice\/"},"modified":"2026-03-15T03:25:15","modified_gmt":"2026-03-15T03:25:15","slug":"moria-casan-aclaro-si-esta-enojada-con-susana-gimenez-ante-la-inesperada-confesion-de-mirtha-legrand-ella-me-lo-dice","status":"publish","type":"post","link":"https:\/\/lobosnews.com.ar\/index.php\/2026\/03\/15\/moria-casan-aclaro-si-esta-enojada-con-susana-gimenez-ante-la-inesperada-confesion-de-mirtha-legrand-ella-me-lo-dice\/","title":{"rendered":"Moria Cas\u00e1n aclar\u00f3 si est\u00e1 enojada con Susana Gim\u00e9nez ante la inesperada confesi\u00f3n de Mirtha Legrand: \u00abElla me lo dice\u00bb"},"content":{"rendered":"<p>La tensi\u00f3n frecuente que rodea la relaci\u00f3n entre <span class=\"waslinkname\"><b>Mirtha Legrand<\/b><\/span>, <span class=\"waslinkname\"><b>Moria Cas\u00e1n<\/b><\/span> y <span class=\"waslinkname\"><b>Susana Gim\u00e9nez<\/b><\/span> volvi\u00f3 a captar la atenci\u00f3n tras una pregunta directa de La Chiqui. Durante una reciente emisi\u00f3n de <i>La Noche de Mirtha<\/i>, Legrand mir\u00f3 a Cas\u00e1n fijamente y le consult\u00f3: <b>\u201cTe voy a hacer una pregunta que no se si te va a gustar\u201d. <\/b><\/p>\n<p>El contrapunto en pantalla adquiri\u00f3 un tono risue\u00f1o gracias a intervenciones como la de <b>Coco Sily<\/b>, que exclam\u00f3 \u201cAy Dios m\u00edo\u2026\u201d anticipando la pregunta inc\u00f3moda. Cas\u00e1n, fiel a su estilo, avis\u00f3: \u201cNo s\u00e9 si te la voy a contestar si no me va a gustar\u201d.<\/p>\n<p>Entonces, Mirtha hizo la pregunta:<b> \u201cTe la tengo que hacer. \u00bfPor qu\u00e9 estas enojada con Susana Gim\u00e9nez?\u201c <\/b><\/p>\n<p>La respuesta de la capoc\u00f3mica fue contundente: <b>\u201cNo estoy enojada con Susana Gim\u00e9nez, te juro, \u00bfc\u00f3mo voy a estar enojada Ser\u00eda una loca si estoy enojada. Nunca me dio nada para enojarme. Al contrario, yo tengo un humor\u2026\u201d.<\/b><\/p>\n<p>Seg\u00fan declar\u00f3 Cas\u00e1n, su trato con Gim\u00e9nez siempre ha sido cordial y basado en el respeto. El di\u00e1logo subi\u00f3 de tono sin perder su car\u00e1cter distendido. Legrand insisti\u00f3, se\u00f1alando una infidencia sorpresiva: <b>\u201cElla cada vez, o cada tanto, no muy seguido, me dice qu\u00e9 le pasa a Moria, por qu\u00e9 est\u00e1 enojada, qu\u00e9 le hice\u201d.<\/b><\/p>\n<p><img fetchpriority=\"high\" decoding=\"async\" src=\"https:\/\/lobosnews.com.ar\/wp-content\/uploads\/2026\/03\/moria-casan-aclaro-si-esta-enojada-con-susana-gimenez-ante-la-inesperada-confesion-de-mirtha-legrand-ella-me-lo-dice.jpg\" alt=\"La mesaza de Mirtha: Coco Sily, Moria Cas\u00e1n, Ver\u00f3nica Llin\u00e1s y Dani La Chepi\" height=\"923\" width=\"1384\"\/><\/p>\n<p>Cas\u00e1n desdramatiz\u00f3 la cuesti\u00f3n y afirm\u00f3: <b>\u201cLa voy a llamar.<\/b> No le hice nada, por favor&#8230; Lo que pasa es que me vienen a preguntar por Susana Gim\u00e9nez. Yo soy como una opin\u00f3loga profesional\u201d.<\/p>\n<p>La conversaci\u00f3n incluy\u00f3 a <b>Ver\u00f3nica Llin\u00e1s<\/b>, quien subray\u00f3 la dimensi\u00f3n medi\u00e1tica del supuesto conflicto: \u201cHay mucho que lo arman despu\u00e9s los medios, porque les garpa\u201d. Cas\u00e1n reconoci\u00f3 que el humor que utiliza suele ser interpretado como ofensivo y, al mencionar la mudanza de Gim\u00e9nez a Uruguay, lanz\u00f3: <b>\u201cMe vienen a pedir qu\u00e9 opin\u00e1s que Susana se retir\u00f3 a Uruguay. Y\u2026 retiro impositivo y retiro espiritual\u201d.<\/b><\/p>\n<p>Legrand, que en todo momento defendi\u00f3 a Susana enfatizando que es \u201cbuena gente\u201d, record\u00f3 que Cas\u00e1n y Gim\u00e9nez compartieron numerosos proyectos: \u201cUstedes trabajaron juntas\u201d. Cas\u00e1n lo confirm\u00f3: \u201cClaro, divino. Es una compa\u00f1era hermosa, te puede decir lo buena compa\u00f1era que he sido con ella, mi amor\u201d.<\/p>\n<p>Ampli\u00f3 sobre el v\u00ednculo: \u201cTen\u00eda un problema que le traje al cirujano para que la opere. Estaba mal. Nos ayudamos mucho\u201d. Cas\u00e1n a\u00f1adi\u00f3: <b>\u201cTengo un sentido del humor, realmente, como un sarcasmo y una iron\u00eda, y pasada de rosca que a veces se nota como algo ofensivo, y yo no me doy cuenta que ofendo y si ofendo pido disculpas\u201d<\/b>.<\/p>\n<p><img loading=\"lazy\" decoding=\"async\" src=\"https:\/\/lobosnews.com.ar\/wp-content\/uploads\/2026\/03\/moria-casan-aclaro-si-esta-enojada-con-susana-gimenez-ante-la-inesperada-confesion-de-mirtha-legrand-ella-me-lo-dice-1.jpg\" alt=\"Moria Cas\u00e1n, Mirtha Legrand y Susana GIm\u00e9nez\" height=\"388\" width=\"659\"\/><\/p>\n<p>Aclar\u00f3 que la escasa participaci\u00f3n cruzada en televisi\u00f3n no responde a cuestiones personales: \u201cSusana me invita a m\u00ed y he ido siempre a su programa. Y todo el mundo dice: \u2018\u00bfMoria, est\u00e1 enojada Susana que no fue a su programa\u2019 No vino a mi programa porque nunca la invit\u00e9. No era para Susana Gim\u00e9nez ni para Mirtha Legrand. Era un programa para otro tipo de gente\u2026\u201d. Legrand concluy\u00f3 el tema: \u201cLe mandamos un beso\u2026\u201d. Y Cas\u00e1n evoc\u00f3 la historia com\u00fan: \u201cYo a Susana la quiero. Chicos, en los 80 hicimos pel\u00edculas, cine, teatro, de todo\u2026\u201d.<\/p>\n<h2>Las cr\u00edticas de Moria a Susana<\/h2>\n<p>Sin embargo, en julio de <b>2025<\/b>,<i> <\/i>la relaci\u00f3n no parec\u00eda estar pasando por un momento \u00f3ptimo. Luego de un duro intercambio entre <b>Susana Gim\u00e9nez<\/b> y <b>Graciela Alfano, <\/b> durante el D\u00eda del Amigo,<span class=\"waslinkname\"> Cas\u00e1n envi\u00f3 un mensaje a Alfano cargado de iron\u00eda y cr\u00edticas hacia Gim\u00e9nez<\/span>.<\/p>\n<p>Entre las frases m\u00e1s resonantes, Moria describi\u00f3 el momento de Susana, que estaba en Uruguay, episodio que trajo a la mesa de Mirtha Legrand esta noche: \u201cLa otra est\u00e1 ah\u00ed con retiro espiritual impositivo, chupando vino, pero uno solo porque si no le duele la cabeza y agarr\u00e1ndose de los pocos pelos que tiene porque ya no le qued\u00f3 ni una extensi\u00f3n albina de Miguel Romano. Nosotros ni registramos a ese ser\u201d.<\/p>\n<p>A lo largo de los a\u00f1os, el v\u00ednculo entre <b>Moria Cas\u00e1n<\/b> y <b>Susana Gim\u00e9nez<\/b> han atravesado malentendidos, pero la protagonista insiste: no hay resentimientos ni enfrentamientos verdaderos. Para Cas\u00e1n, los desencuentros y versiones en medios son simples an\u00e9cdotas dentro de una vida dedicada al espect\u00e1culo. La capacidad de mirar estos episodios con humor reduce el peso de las pol\u00e9micas habituales en el ambiente art\u00edstico argentino.<\/p>\n","protected":false},"excerpt":{"rendered":"<p>La tensi\u00f3n frecuente que rodea la relaci\u00f3n entre Mirtha Legrand, Moria Cas\u00e1n y Susana Gim\u00e9nez volvi\u00f3 a captar la atenci\u00f3n tras una pregunta directa de La Chiqui. Durante una reciente emisi\u00f3n de La Noche de Mirtha, Legrand mir\u00f3 a Cas\u00e1n fijamente y le consult\u00f3: \u201cTe voy a hacer una pregunta que no se si te&#8230;<\/p>\n","protected":false},"author":1,"featured_media":33629,"comment_status":"open","ping_status":"closed","sticky":false,"template":"","format":"standard","meta":{"_jetpack_memberships_contains_paid_content":false,"footnotes":""},"categories":[79],"tags":[],"class_list":["post-33623","post","type-post","status-publish","format-standard","has-post-thumbnail","hentry","category-cine-y-series"],"magazineBlocksPostFeaturedMedia":{"thumbnail":"https:\/\/lobosnews.com.ar\/wp-content\/uploads\/2026\/03\/moria-casan-aclaro-si-esta-enojada-con-susana-gimenez-ante-la-inesperada-confesion-de-mirtha-legrand-ella-me-lo-dice-4-150x150.jpg","medium":"https:\/\/lobosnews.com.ar\/wp-content\/uploads\/2026\/03\/moria-casan-aclaro-si-esta-enojada-con-susana-gimenez-ante-la-inesperada-confesion-de-mirtha-legrand-ella-me-lo-dice-4-300x177.jpg","medium_large":"https:\/\/lobosnews.com.ar\/wp-content\/uploads\/2026\/03\/moria-casan-aclaro-si-esta-enojada-con-susana-gimenez-ante-la-inesperada-confesion-de-mirtha-legrand-ella-me-lo-dice-4.jpg","large":"https:\/\/lobosnews.com.ar\/wp-content\/uploads\/2026\/03\/moria-casan-aclaro-si-esta-enojada-con-susana-gimenez-ante-la-inesperada-confesion-de-mirtha-legrand-ella-me-lo-dice-4.jpg","1536x1536":"https:\/\/lobosnews.com.ar\/wp-content\/uploads\/2026\/03\/moria-casan-aclaro-si-esta-enojada-con-susana-gimenez-ante-la-inesperada-confesion-de-mirtha-legrand-ella-me-lo-dice-4.jpg","2048x2048":"https:\/\/lobosnews.com.ar\/wp-content\/uploads\/2026\/03\/moria-casan-aclaro-si-esta-enojada-con-susana-gimenez-ante-la-inesperada-confesion-de-mirtha-legrand-ella-me-lo-dice-4.jpg","newsmatic-featured":"https:\/\/lobosnews.com.ar\/wp-content\/uploads\/2026\/03\/moria-casan-aclaro-si-esta-enojada-con-susana-gimenez-ante-la-inesperada-confesion-de-mirtha-legrand-ella-me-lo-dice-4.jpg","newsmatic-list":"https:\/\/lobosnews.com.ar\/wp-content\/uploads\/2026\/03\/moria-casan-aclaro-si-esta-enojada-con-susana-gimenez-ante-la-inesperada-confesion-de-mirtha-legrand-ella-me-lo-dice-4-600x388.jpg","newsmatic-thumb":"https:\/\/lobosnews.com.ar\/wp-content\/uploads\/2026\/03\/moria-casan-aclaro-si-esta-enojada-con-susana-gimenez-ante-la-inesperada-confesion-de-mirtha-legrand-ella-me-lo-dice-4-300x200.jpg","newsmatic-small":"https:\/\/lobosnews.com.ar\/wp-content\/uploads\/2026\/03\/moria-casan-aclaro-si-esta-enojada-con-susana-gimenez-ante-la-inesperada-confesion-de-mirtha-legrand-ella-me-lo-dice-4-150x95.jpg","newsmatic-grid":"https:\/\/lobosnews.com.ar\/wp-content\/uploads\/2026\/03\/moria-casan-aclaro-si-esta-enojada-con-susana-gimenez-ante-la-inesperada-confesion-de-mirtha-legrand-ella-me-lo-dice-4-400x250.jpg"},"magazineBlocksPostAuthor":{"name":"admin","avatar":"https:\/\/secure.gravatar.com\/avatar\/76e419471a2083bc3ceab22a763dbbf9b0c1bd15a6214cf3280e2c2dde4580f9?s=96&d=mm&r=g"},"magazineBlocksPostCommentsNumber":"0","magazineBlocksPostExcerpt":"La tensi\u00f3n frecuente que rodea la relaci\u00f3n entre Mirtha Legrand, Moria Cas\u00e1n y Susana Gim\u00e9nez volvi\u00f3 a captar la atenci\u00f3n tras una pregunta directa de La Chiqui. Durante una reciente emisi\u00f3n de La Noche de Mirtha, Legrand mir\u00f3 a Cas\u00e1n fijamente y le consult\u00f3: \u201cTe voy a hacer una pregunta que no se si te...","magazineBlocksPostCategories":["Cine y Series"],"magazineBlocksPostViewCount":113,"magazineBlocksPostReadTime":4,"magazine_blocks_featured_image_url":{"full":["https:\/\/lobosnews.com.ar\/wp-content\/uploads\/2026\/03\/moria-casan-aclaro-si-esta-enojada-con-susana-gimenez-ante-la-inesperada-confesion-de-mirtha-legrand-ella-me-lo-dice-4.jpg",659,388,false],"medium":["https:\/\/lobosnews.com.ar\/wp-content\/uploads\/2026\/03\/moria-casan-aclaro-si-esta-enojada-con-susana-gimenez-ante-la-inesperada-confesion-de-mirtha-legrand-ella-me-lo-dice-4-300x177.jpg",300,177,true],"thumbnail":["https:\/\/lobosnews.com.ar\/wp-content\/uploads\/2026\/03\/moria-casan-aclaro-si-esta-enojada-con-susana-gimenez-ante-la-inesperada-confesion-de-mirtha-legrand-ella-me-lo-dice-4-150x150.jpg",150,150,true]},"magazine_blocks_author":{"display_name":"admin","author_link":"https:\/\/lobosnews.com.ar\/index.php\/author\/lobos-news\/"},"magazine_blocks_comment":0,"magazine_blocks_author_image":"https:\/\/secure.gravatar.com\/avatar\/76e419471a2083bc3ceab22a763dbbf9b0c1bd15a6214cf3280e2c2dde4580f9?s=96&d=mm&r=g","magazine_blocks_category":"<a href=\"#\" class=\"category-link category-link-79\">Cine y Series<\/a>","yoast_head":"<!-- This site is optimized with the Yoast SEO plugin v26.6 - https:\/\/yoast.com\/wordpress\/plugins\/seo\/ -->\n<title>Moria Cas\u00e1n aclar\u00f3 si est\u00e1 enojada con Susana Gim\u00e9nez ante la inesperada confesi\u00f3n de Mirtha Legrand: \u00abElla me lo dice\u00bb - Lobos News<\/title>\n<meta name=\"robots\" content=\"index, follow, max-snippet:-1, max-image-preview:large, max-video-preview:-1\" \/>\n<link rel=\"canonical\" href=\"https:\/\/lobosnews.com.ar\/index.php\/2026\/03\/15\/moria-casan-aclaro-si-esta-enojada-con-susana-gimenez-ante-la-inesperada-confesion-de-mirtha-legrand-ella-me-lo-dice\/\" \/>\n<meta property=\"og:locale\" content=\"es_ES\" \/>\n<meta property=\"og:type\" content=\"article\" \/>\n<meta property=\"og:title\" content=\"Moria Cas\u00e1n aclar\u00f3 si est\u00e1 enojada con Susana Gim\u00e9nez ante la inesperada confesi\u00f3n de Mirtha Legrand: \u00abElla me lo dice\u00bb - Lobos News\" \/>\n<meta property=\"og:description\" content=\"La tensi\u00f3n frecuente que rodea la relaci\u00f3n entre Mirtha Legrand, Moria Cas\u00e1n y Susana Gim\u00e9nez volvi\u00f3 a captar la atenci\u00f3n tras una pregunta directa de La Chiqui. Durante una reciente emisi\u00f3n de La Noche de Mirtha, Legrand mir\u00f3 a Cas\u00e1n fijamente y le consult\u00f3: \u201cTe voy a hacer una pregunta que no se si te...\" \/>\n<meta property=\"og:url\" content=\"https:\/\/lobosnews.com.ar\/index.php\/2026\/03\/15\/moria-casan-aclaro-si-esta-enojada-con-susana-gimenez-ante-la-inesperada-confesion-de-mirtha-legrand-ella-me-lo-dice\/\" \/>\n<meta property=\"og:site_name\" content=\"Lobos News\" \/>\n<meta property=\"article:published_time\" content=\"2026-03-15T02:35:06+00:00\" \/>\n<meta property=\"article:modified_time\" content=\"2026-03-15T03:25:15+00:00\" \/>\n<meta property=\"og:image\" content=\"https:\/\/lobosnews.com.ar\/wp-content\/uploads\/2026\/03\/moria-casan-aclaro-si-esta-enojada-con-susana-gimenez-ante-la-inesperada-confesion-de-mirtha-legrand-ella-me-lo-dice.jpg\" \/>\n<meta name=\"author\" content=\"admin\" \/>\n<meta name=\"twitter:card\" content=\"summary_large_image\" \/>\n<meta name=\"twitter:label1\" content=\"Escrito por\" \/>\n\t<meta name=\"twitter:data1\" content=\"admin\" \/>\n\t<meta name=\"twitter:label2\" content=\"Tiempo de lectura\" \/>\n\t<meta name=\"twitter:data2\" content=\"4 minutos\" \/>\n<script type=\"application\/ld+json\" class=\"yoast-schema-graph\">{\"@context\":\"https:\/\/schema.org\",\"@graph\":[{\"@type\":\"Article\",\"@id\":\"https:\/\/lobosnews.com.ar\/index.php\/2026\/03\/15\/moria-casan-aclaro-si-esta-enojada-con-susana-gimenez-ante-la-inesperada-confesion-de-mirtha-legrand-ella-me-lo-dice\/#article\",\"isPartOf\":{\"@id\":\"https:\/\/lobosnews.com.ar\/index.php\/2026\/03\/15\/moria-casan-aclaro-si-esta-enojada-con-susana-gimenez-ante-la-inesperada-confesion-de-mirtha-legrand-ella-me-lo-dice\/\"},\"author\":{\"name\":\"admin\",\"@id\":\"https:\/\/lobosnews.com.ar\/#\/schema\/person\/232422a593d5c541dd9aef6aaed10943\"},\"headline\":\"Moria Cas\u00e1n aclar\u00f3 si est\u00e1 enojada con Susana Gim\u00e9nez ante la inesperada confesi\u00f3n de Mirtha Legrand: \u00abElla me lo dice\u00bb\",\"datePublished\":\"2026-03-15T02:35:06+00:00\",\"dateModified\":\"2026-03-15T03:25:15+00:00\",\"mainEntityOfPage\":{\"@id\":\"https:\/\/lobosnews.com.ar\/index.php\/2026\/03\/15\/moria-casan-aclaro-si-esta-enojada-con-susana-gimenez-ante-la-inesperada-confesion-de-mirtha-legrand-ella-me-lo-dice\/\"},\"wordCount\":794,\"commentCount\":0,\"publisher\":{\"@id\":\"https:\/\/lobosnews.com.ar\/#organization\"},\"image\":{\"@id\":\"https:\/\/lobosnews.com.ar\/index.php\/2026\/03\/15\/moria-casan-aclaro-si-esta-enojada-con-susana-gimenez-ante-la-inesperada-confesion-de-mirtha-legrand-ella-me-lo-dice\/#primaryimage\"},\"thumbnailUrl\":\"https:\/\/lobosnews.com.ar\/wp-content\/uploads\/2026\/03\/moria-casan-aclaro-si-esta-enojada-con-susana-gimenez-ante-la-inesperada-confesion-de-mirtha-legrand-ella-me-lo-dice-4.jpg\",\"articleSection\":[\"Cine y Series\"],\"inLanguage\":\"es\",\"potentialAction\":[{\"@type\":\"CommentAction\",\"name\":\"Comment\",\"target\":[\"https:\/\/lobosnews.com.ar\/index.php\/2026\/03\/15\/moria-casan-aclaro-si-esta-enojada-con-susana-gimenez-ante-la-inesperada-confesion-de-mirtha-legrand-ella-me-lo-dice\/#respond\"]}]},{\"@type\":\"WebPage\",\"@id\":\"https:\/\/lobosnews.com.ar\/index.php\/2026\/03\/15\/moria-casan-aclaro-si-esta-enojada-con-susana-gimenez-ante-la-inesperada-confesion-de-mirtha-legrand-ella-me-lo-dice\/\",\"url\":\"https:\/\/lobosnews.com.ar\/index.php\/2026\/03\/15\/moria-casan-aclaro-si-esta-enojada-con-susana-gimenez-ante-la-inesperada-confesion-de-mirtha-legrand-ella-me-lo-dice\/\",\"name\":\"Moria Cas\u00e1n aclar\u00f3 si est\u00e1 enojada con Susana Gim\u00e9nez ante la inesperada confesi\u00f3n de Mirtha Legrand: \u00abElla me lo dice\u00bb - Lobos News\",\"isPartOf\":{\"@id\":\"https:\/\/lobosnews.com.ar\/#website\"},\"primaryImageOfPage\":{\"@id\":\"https:\/\/lobosnews.com.ar\/index.php\/2026\/03\/15\/moria-casan-aclaro-si-esta-enojada-con-susana-gimenez-ante-la-inesperada-confesion-de-mirtha-legrand-ella-me-lo-dice\/#primaryimage\"},\"image\":{\"@id\":\"https:\/\/lobosnews.com.ar\/index.php\/2026\/03\/15\/moria-casan-aclaro-si-esta-enojada-con-susana-gimenez-ante-la-inesperada-confesion-de-mirtha-legrand-ella-me-lo-dice\/#primaryimage\"},\"thumbnailUrl\":\"https:\/\/lobosnews.com.ar\/wp-content\/uploads\/2026\/03\/moria-casan-aclaro-si-esta-enojada-con-susana-gimenez-ante-la-inesperada-confesion-de-mirtha-legrand-ella-me-lo-dice-4.jpg\",\"datePublished\":\"2026-03-15T02:35:06+00:00\",\"dateModified\":\"2026-03-15T03:25:15+00:00\",\"breadcrumb\":{\"@id\":\"https:\/\/lobosnews.com.ar\/index.php\/2026\/03\/15\/moria-casan-aclaro-si-esta-enojada-con-susana-gimenez-ante-la-inesperada-confesion-de-mirtha-legrand-ella-me-lo-dice\/#breadcrumb\"},\"inLanguage\":\"es\",\"potentialAction\":[{\"@type\":\"ReadAction\",\"target\":[\"https:\/\/lobosnews.com.ar\/index.php\/2026\/03\/15\/moria-casan-aclaro-si-esta-enojada-con-susana-gimenez-ante-la-inesperada-confesion-de-mirtha-legrand-ella-me-lo-dice\/\"]}]},{\"@type\":\"ImageObject\",\"inLanguage\":\"es\",\"@id\":\"https:\/\/lobosnews.com.ar\/index.php\/2026\/03\/15\/moria-casan-aclaro-si-esta-enojada-con-susana-gimenez-ante-la-inesperada-confesion-de-mirtha-legrand-ella-me-lo-dice\/#primaryimage\",\"url\":\"https:\/\/lobosnews.com.ar\/wp-content\/uploads\/2026\/03\/moria-casan-aclaro-si-esta-enojada-con-susana-gimenez-ante-la-inesperada-confesion-de-mirtha-legrand-ella-me-lo-dice-4.jpg\",\"contentUrl\":\"https:\/\/lobosnews.com.ar\/wp-content\/uploads\/2026\/03\/moria-casan-aclaro-si-esta-enojada-con-susana-gimenez-ante-la-inesperada-confesion-de-mirtha-legrand-ella-me-lo-dice-4.jpg\",\"width\":659,\"height\":388,\"caption\":\"Moria Cas\u00e1n aclar\u00f3 si est\u00e1 enojada con Susana Gim\u00e9nez ante la inesperada confesi\u00f3n de Mirtha Legrand: \u00abElla me lo dice\u00bb\"},{\"@type\":\"BreadcrumbList\",\"@id\":\"https:\/\/lobosnews.com.ar\/index.php\/2026\/03\/15\/moria-casan-aclaro-si-esta-enojada-con-susana-gimenez-ante-la-inesperada-confesion-de-mirtha-legrand-ella-me-lo-dice\/#breadcrumb\",\"itemListElement\":[{\"@type\":\"ListItem\",\"position\":1,\"name\":\"Portada\",\"item\":\"https:\/\/lobosnews.com.ar\/\"},{\"@type\":\"ListItem\",\"position\":2,\"name\":\"Moria Cas\u00e1n aclar\u00f3 si est\u00e1 enojada con Susana Gim\u00e9nez ante la inesperada confesi\u00f3n de Mirtha Legrand: \u00abElla me lo dice\u00bb\"}]},{\"@type\":\"WebSite\",\"@id\":\"https:\/\/lobosnews.com.ar\/#website\",\"url\":\"https:\/\/lobosnews.com.ar\/\",\"name\":\"Lobos News\",\"description\":\"Informaci\u00f3n a cada instante\",\"publisher\":{\"@id\":\"https:\/\/lobosnews.com.ar\/#organization\"},\"potentialAction\":[{\"@type\":\"SearchAction\",\"target\":{\"@type\":\"EntryPoint\",\"urlTemplate\":\"https:\/\/lobosnews.com.ar\/?s={search_term_string}\"},\"query-input\":{\"@type\":\"PropertyValueSpecification\",\"valueRequired\":true,\"valueName\":\"search_term_string\"}}],\"inLanguage\":\"es\"},{\"@type\":\"Organization\",\"@id\":\"https:\/\/lobosnews.com.ar\/#organization\",\"name\":\"Lobos News\",\"url\":\"https:\/\/lobosnews.com.ar\/\",\"logo\":{\"@type\":\"ImageObject\",\"inLanguage\":\"es\",\"@id\":\"https:\/\/lobosnews.com.ar\/#\/schema\/logo\/image\/\",\"url\":\"https:\/\/lobosnews.com.ar\/wp-content\/uploads\/2026\/01\/logo-lobosnews.png\",\"contentUrl\":\"https:\/\/lobosnews.com.ar\/wp-content\/uploads\/2026\/01\/logo-lobosnews.png\",\"width\":500,\"height\":200,\"caption\":\"Lobos News\"},\"image\":{\"@id\":\"https:\/\/lobosnews.com.ar\/#\/schema\/logo\/image\/\"}},{\"@type\":\"Person\",\"@id\":\"https:\/\/lobosnews.com.ar\/#\/schema\/person\/232422a593d5c541dd9aef6aaed10943\",\"name\":\"admin\",\"image\":{\"@type\":\"ImageObject\",\"inLanguage\":\"es\",\"@id\":\"https:\/\/lobosnews.com.ar\/#\/schema\/person\/image\/\",\"url\":\"https:\/\/secure.gravatar.com\/avatar\/76e419471a2083bc3ceab22a763dbbf9b0c1bd15a6214cf3280e2c2dde4580f9?s=96&d=mm&r=g\",\"contentUrl\":\"https:\/\/secure.gravatar.com\/avatar\/76e419471a2083bc3ceab22a763dbbf9b0c1bd15a6214cf3280e2c2dde4580f9?s=96&d=mm&r=g\",\"caption\":\"admin\"},\"sameAs\":[\"https:\/\/lobosnews.com.ar\"],\"url\":\"https:\/\/lobosnews.com.ar\/index.php\/author\/lobos-news\/\"}]}<\/script>\n<!-- \/ Yoast SEO plugin. -->","yoast_head_json":{"title":"Moria Cas\u00e1n aclar\u00f3 si est\u00e1 enojada con Susana Gim\u00e9nez ante la inesperada confesi\u00f3n de Mirtha Legrand: \u00abElla me lo dice\u00bb - Lobos News","robots":{"index":"index","follow":"follow","max-snippet":"max-snippet:-1","max-image-preview":"max-image-preview:large","max-video-preview":"max-video-preview:-1"},"canonical":"https:\/\/lobosnews.com.ar\/index.php\/2026\/03\/15\/moria-casan-aclaro-si-esta-enojada-con-susana-gimenez-ante-la-inesperada-confesion-de-mirtha-legrand-ella-me-lo-dice\/","og_locale":"es_ES","og_type":"article","og_title":"Moria Cas\u00e1n aclar\u00f3 si est\u00e1 enojada con Susana Gim\u00e9nez ante la inesperada confesi\u00f3n de Mirtha Legrand: \u00abElla me lo dice\u00bb - Lobos News","og_description":"La tensi\u00f3n frecuente que rodea la relaci\u00f3n entre Mirtha Legrand, Moria Cas\u00e1n y Susana Gim\u00e9nez volvi\u00f3 a captar la atenci\u00f3n tras una pregunta directa de La Chiqui. Durante una reciente emisi\u00f3n de La Noche de Mirtha, Legrand mir\u00f3 a Cas\u00e1n fijamente y le consult\u00f3: \u201cTe voy a hacer una pregunta que no se si te...","og_url":"https:\/\/lobosnews.com.ar\/index.php\/2026\/03\/15\/moria-casan-aclaro-si-esta-enojada-con-susana-gimenez-ante-la-inesperada-confesion-de-mirtha-legrand-ella-me-lo-dice\/","og_site_name":"Lobos News","article_published_time":"2026-03-15T02:35:06+00:00","article_modified_time":"2026-03-15T03:25:15+00:00","og_image":[{"url":"https:\/\/lobosnews.com.ar\/wp-content\/uploads\/2026\/03\/moria-casan-aclaro-si-esta-enojada-con-susana-gimenez-ante-la-inesperada-confesion-de-mirtha-legrand-ella-me-lo-dice.jpg","type":"","width":"","height":""}],"author":"admin","twitter_card":"summary_large_image","twitter_misc":{"Escrito por":"admin","Tiempo de lectura":"4 minutos"},"schema":{"@context":"https:\/\/schema.org","@graph":[{"@type":"Article","@id":"https:\/\/lobosnews.com.ar\/index.php\/2026\/03\/15\/moria-casan-aclaro-si-esta-enojada-con-susana-gimenez-ante-la-inesperada-confesion-de-mirtha-legrand-ella-me-lo-dice\/#article","isPartOf":{"@id":"https:\/\/lobosnews.com.ar\/index.php\/2026\/03\/15\/moria-casan-aclaro-si-esta-enojada-con-susana-gimenez-ante-la-inesperada-confesion-de-mirtha-legrand-ella-me-lo-dice\/"},"author":{"name":"admin","@id":"https:\/\/lobosnews.com.ar\/#\/schema\/person\/232422a593d5c541dd9aef6aaed10943"},"headline":"Moria Cas\u00e1n aclar\u00f3 si est\u00e1 enojada con Susana Gim\u00e9nez ante la inesperada confesi\u00f3n de Mirtha Legrand: \u00abElla me lo dice\u00bb","datePublished":"2026-03-15T02:35:06+00:00","dateModified":"2026-03-15T03:25:15+00:00","mainEntityOfPage":{"@id":"https:\/\/lobosnews.com.ar\/index.php\/2026\/03\/15\/moria-casan-aclaro-si-esta-enojada-con-susana-gimenez-ante-la-inesperada-confesion-de-mirtha-legrand-ella-me-lo-dice\/"},"wordCount":794,"commentCount":0,"publisher":{"@id":"https:\/\/lobosnews.com.ar\/#organization"},"image":{"@id":"https:\/\/lobosnews.com.ar\/index.php\/2026\/03\/15\/moria-casan-aclaro-si-esta-enojada-con-susana-gimenez-ante-la-inesperada-confesion-de-mirtha-legrand-ella-me-lo-dice\/#primaryimage"},"thumbnailUrl":"https:\/\/lobosnews.com.ar\/wp-content\/uploads\/2026\/03\/moria-casan-aclaro-si-esta-enojada-con-susana-gimenez-ante-la-inesperada-confesion-de-mirtha-legrand-ella-me-lo-dice-4.jpg","articleSection":["Cine y Series"],"inLanguage":"es","potentialAction":[{"@type":"CommentAction","name":"Comment","target":["https:\/\/lobosnews.com.ar\/index.php\/2026\/03\/15\/moria-casan-aclaro-si-esta-enojada-con-susana-gimenez-ante-la-inesperada-confesion-de-mirtha-legrand-ella-me-lo-dice\/#respond"]}]},{"@type":"WebPage","@id":"https:\/\/lobosnews.com.ar\/index.php\/2026\/03\/15\/moria-casan-aclaro-si-esta-enojada-con-susana-gimenez-ante-la-inesperada-confesion-de-mirtha-legrand-ella-me-lo-dice\/","url":"https:\/\/lobosnews.com.ar\/index.php\/2026\/03\/15\/moria-casan-aclaro-si-esta-enojada-con-susana-gimenez-ante-la-inesperada-confesion-de-mirtha-legrand-ella-me-lo-dice\/","name":"Moria Cas\u00e1n aclar\u00f3 si est\u00e1 enojada con Susana Gim\u00e9nez ante la inesperada confesi\u00f3n de Mirtha Legrand: \u00abElla me lo dice\u00bb - Lobos News","isPartOf":{"@id":"https:\/\/lobosnews.com.ar\/#website"},"primaryImageOfPage":{"@id":"https:\/\/lobosnews.com.ar\/index.php\/2026\/03\/15\/moria-casan-aclaro-si-esta-enojada-con-susana-gimenez-ante-la-inesperada-confesion-de-mirtha-legrand-ella-me-lo-dice\/#primaryimage"},"image":{"@id":"https:\/\/lobosnews.com.ar\/index.php\/2026\/03\/15\/moria-casan-aclaro-si-esta-enojada-con-susana-gimenez-ante-la-inesperada-confesion-de-mirtha-legrand-ella-me-lo-dice\/#primaryimage"},"thumbnailUrl":"https:\/\/lobosnews.com.ar\/wp-content\/uploads\/2026\/03\/moria-casan-aclaro-si-esta-enojada-con-susana-gimenez-ante-la-inesperada-confesion-de-mirtha-legrand-ella-me-lo-dice-4.jpg","datePublished":"2026-03-15T02:35:06+00:00","dateModified":"2026-03-15T03:25:15+00:00","breadcrumb":{"@id":"https:\/\/lobosnews.com.ar\/index.php\/2026\/03\/15\/moria-casan-aclaro-si-esta-enojada-con-susana-gimenez-ante-la-inesperada-confesion-de-mirtha-legrand-ella-me-lo-dice\/#breadcrumb"},"inLanguage":"es","potentialAction":[{"@type":"ReadAction","target":["https:\/\/lobosnews.com.ar\/index.php\/2026\/03\/15\/moria-casan-aclaro-si-esta-enojada-con-susana-gimenez-ante-la-inesperada-confesion-de-mirtha-legrand-ella-me-lo-dice\/"]}]},{"@type":"ImageObject","inLanguage":"es","@id":"https:\/\/lobosnews.com.ar\/index.php\/2026\/03\/15\/moria-casan-aclaro-si-esta-enojada-con-susana-gimenez-ante-la-inesperada-confesion-de-mirtha-legrand-ella-me-lo-dice\/#primaryimage","url":"https:\/\/lobosnews.com.ar\/wp-content\/uploads\/2026\/03\/moria-casan-aclaro-si-esta-enojada-con-susana-gimenez-ante-la-inesperada-confesion-de-mirtha-legrand-ella-me-lo-dice-4.jpg","contentUrl":"https:\/\/lobosnews.com.ar\/wp-content\/uploads\/2026\/03\/moria-casan-aclaro-si-esta-enojada-con-susana-gimenez-ante-la-inesperada-confesion-de-mirtha-legrand-ella-me-lo-dice-4.jpg","width":659,"height":388,"caption":"Moria Cas\u00e1n aclar\u00f3 si est\u00e1 enojada con Susana Gim\u00e9nez ante la inesperada confesi\u00f3n de Mirtha Legrand: \u00abElla me lo dice\u00bb"},{"@type":"BreadcrumbList","@id":"https:\/\/lobosnews.com.ar\/index.php\/2026\/03\/15\/moria-casan-aclaro-si-esta-enojada-con-susana-gimenez-ante-la-inesperada-confesion-de-mirtha-legrand-ella-me-lo-dice\/#breadcrumb","itemListElement":[{"@type":"ListItem","position":1,"name":"Portada","item":"https:\/\/lobosnews.com.ar\/"},{"@type":"ListItem","position":2,"name":"Moria Cas\u00e1n aclar\u00f3 si est\u00e1 enojada con Susana Gim\u00e9nez ante la inesperada confesi\u00f3n de Mirtha Legrand: \u00abElla me lo dice\u00bb"}]},{"@type":"WebSite","@id":"https:\/\/lobosnews.com.ar\/#website","url":"https:\/\/lobosnews.com.ar\/","name":"Lobos News","description":"Informaci\u00f3n a cada instante","publisher":{"@id":"https:\/\/lobosnews.com.ar\/#organization"},"potentialAction":[{"@type":"SearchAction","target":{"@type":"EntryPoint","urlTemplate":"https:\/\/lobosnews.com.ar\/?s={search_term_string}"},"query-input":{"@type":"PropertyValueSpecification","valueRequired":true,"valueName":"search_term_string"}}],"inLanguage":"es"},{"@type":"Organization","@id":"https:\/\/lobosnews.com.ar\/#organization","name":"Lobos News","url":"https:\/\/lobosnews.com.ar\/","logo":{"@type":"ImageObject","inLanguage":"es","@id":"https:\/\/lobosnews.com.ar\/#\/schema\/logo\/image\/","url":"https:\/\/lobosnews.com.ar\/wp-content\/uploads\/2026\/01\/logo-lobosnews.png","contentUrl":"https:\/\/lobosnews.com.ar\/wp-content\/uploads\/2026\/01\/logo-lobosnews.png","width":500,"height":200,"caption":"Lobos News"},"image":{"@id":"https:\/\/lobosnews.com.ar\/#\/schema\/logo\/image\/"}},{"@type":"Person","@id":"https:\/\/lobosnews.com.ar\/#\/schema\/person\/232422a593d5c541dd9aef6aaed10943","name":"admin","image":{"@type":"ImageObject","inLanguage":"es","@id":"https:\/\/lobosnews.com.ar\/#\/schema\/person\/image\/","url":"https:\/\/secure.gravatar.com\/avatar\/76e419471a2083bc3ceab22a763dbbf9b0c1bd15a6214cf3280e2c2dde4580f9?s=96&d=mm&r=g","contentUrl":"https:\/\/secure.gravatar.com\/avatar\/76e419471a2083bc3ceab22a763dbbf9b0c1bd15a6214cf3280e2c2dde4580f9?s=96&d=mm&r=g","caption":"admin"},"sameAs":["https:\/\/lobosnews.com.ar"],"url":"https:\/\/lobosnews.com.ar\/index.php\/author\/lobos-news\/"}]}},"jetpack_featured_media_url":"https:\/\/lobosnews.com.ar\/wp-content\/uploads\/2026\/03\/moria-casan-aclaro-si-esta-enojada-con-susana-gimenez-ante-la-inesperada-confesion-de-mirtha-legrand-ella-me-lo-dice-4.jpg","jetpack_sharing_enabled":true,"_links":{"self":[{"href":"https:\/\/lobosnews.com.ar\/index.php\/wp-json\/wp\/v2\/posts\/33623","targetHints":{"allow":["GET"]}}],"collection":[{"href":"https:\/\/lobosnews.com.ar\/index.php\/wp-json\/wp\/v2\/posts"}],"about":[{"href":"https:\/\/lobosnews.com.ar\/index.php\/wp-json\/wp\/v2\/types\/post"}],"author":[{"embeddable":true,"href":"https:\/\/lobosnews.com.ar\/index.php\/wp-json\/wp\/v2\/users\/1"}],"replies":[{"embeddable":true,"href":"https:\/\/lobosnews.com.ar\/index.php\/wp-json\/wp\/v2\/comments?post=33623"}],"version-history":[{"count":1,"href":"https:\/\/lobosnews.com.ar\/index.php\/wp-json\/wp\/v2\/posts\/33623\/revisions"}],"predecessor-version":[{"id":33627,"href":"https:\/\/lobosnews.com.ar\/index.php\/wp-json\/wp\/v2\/posts\/33623\/revisions\/33627"}],"wp:featuredmedia":[{"embeddable":true,"href":"https:\/\/lobosnews.com.ar\/index.php\/wp-json\/wp\/v2\/media\/33629"}],"wp:attachment":[{"href":"https:\/\/lobosnews.com.ar\/index.php\/wp-json\/wp\/v2\/media?parent=33623"}],"wp:term":[{"taxonomy":"category","embeddable":true,"href":"https:\/\/lobosnews.com.ar\/index.php\/wp-json\/wp\/v2\/categories?post=33623"},{"taxonomy":"post_tag","embeddable":true,"href":"https:\/\/lobosnews.com.ar\/index.php\/wp-json\/wp\/v2\/tags?post=33623"}],"curies":[{"name":"wp","href":"https:\/\/api.w.org\/{rel}","templated":true}]}}