{"id":33614,"date":"2026-03-15T00:40:13","date_gmt":"2026-03-15T00:40:13","guid":{"rendered":"https:\/\/lobosnews.com.ar\/index.php\/2026\/03\/15\/donald-trump-hablo-sobre-el-lider-supremo-irani-mojtaba-khamenei-he-oido-que-no-esta-vivo\/"},"modified":"2026-03-15T03:22:04","modified_gmt":"2026-03-15T03:22:04","slug":"donald-trump-hablo-sobre-el-lider-supremo-irani-mojtaba-khamenei-he-oido-que-no-esta-vivo","status":"publish","type":"post","link":"https:\/\/lobosnews.com.ar\/index.php\/2026\/03\/15\/donald-trump-hablo-sobre-el-lider-supremo-irani-mojtaba-khamenei-he-oido-que-no-esta-vivo\/","title":{"rendered":"Donald Trump habl\u00f3 sobre el l\u00edder supremo iran\u00ed Mojtaba Khamenei: \u201cHe o\u00eddo que no est\u00e1 vivo\u201d"},"content":{"rendered":"<p><img loading=\"lazy\" decoding=\"async\" src=\"https:\/\/lobosnews.com.ar\/wp-content\/uploads\/2026\/03\/donald-trump-hablo-sobre-el-lider-supremo-irani-mojtaba-khamenei-he-oido-que-no-esta-vivo.jpg\" alt=\"\u201cHe o\u00eddo que no est\u00e1 vivo\", afirm\u00f3 Trump sobre el l\u00edder supremo iran\u00ed, Mojtaba Khamenei\" height=\"1280\" width=\"1920\"\/><\/p>\n<p>El presidente de Estados Unidos,<span class=\"waslinkname\"> Donald Trump,<\/span> instal\u00f3 un clima de incertidumbre al afirmar que no est\u00e1 claro si el nuevo l\u00edder supremo de Ir\u00e1n, <b>Mojtaba Khamenei<\/b>, sigue con vida. La declaraci\u00f3n se produjo hoy durante una extensa entrevista telef\u00f3nica con <i>NBC News<\/i>, en la que el mandatario remarc\u00f3: <b>\u201cNo s\u00e9 si siquiera est\u00e1 vivo. Hasta ahora, nadie ha podido demostrarlo\u201d. <\/b><\/p>\n<p>Esta afirmaci\u00f3n abri\u00f3 interrogantes sobre el paradero y la situaci\u00f3n real del m\u00e1ximo dirigente iran\u00ed, quien asumi\u00f3 el cargo luego de la muerte de su padre, el ayatol\u00e1 Ali Khamenei, en un ataque a\u00e9reo hace poco m\u00e1s de una semana.<\/p>\n<p>En la entrevista Trump sostuvo que ha escuchado versiones contradictorias sobre la situaci\u00f3n de <b>Mojtaba Khamenei<\/b>. \u201c<b>He o\u00eddo que no est\u00e1 vivo, y si lo est\u00e1, deber\u00eda hacer algo muy inteligente por su pa\u00eds, y eso es rendirse\u201d<\/b>, expres\u00f3 el presidente, aunque luego reconoci\u00f3 que la noticia de su posible fallecimiento circula como <b>\u201cun rumor\u201d. <\/b><\/p>\n<p><img loading=\"lazy\" decoding=\"async\" src=\"https:\/\/lobosnews.com.ar\/wp-content\/uploads\/2026\/03\/donald-trump-hablo-sobre-el-lider-supremo-irani-mojtaba-khamenei-he-oido-que-no-esta-vivo-1.jpg\" alt=\"Nadie sabe el paradero de Mojtaba Khamenei (Reuters)\" height=\"533\" width=\"800\"\/><\/p>\n<p>La ausencia total de apariciones p\u00fablicas del nuevo l\u00edder supremo iran\u00ed desde el inicio de la crisis ha fortalecido la incertidumbre.<\/p>\n<p>El secretario de Defensa de Estados Unidos, <b>Pete Hegseth<\/b>, asegur\u00f3 ayer que Khamenei est\u00e1 \u201cherido y probablemente desfigurado\u201d tras los bombardeos iniciales contra el complejo donde resid\u00eda junto a su padre en Teher\u00e1n. <\/p>\n<p>Hegseth calific\u00f3 la reciente declaraci\u00f3n escrita atribuida al l\u00edder iran\u00ed de \u201cd\u00e9bil\u201d y subray\u00f3 en conferencia de prensa: <b>\u201cSabemos que el nuevo l\u00edder, no tan supremo, est\u00e1 herido y probablemente desfigurado. Desesperado y escondido, se ocult\u00f3. Cobarde. Eso es lo que hacen las ratas\u201d<\/b>. <\/p>\n<p><img loading=\"lazy\" decoding=\"async\" src=\"https:\/\/lobosnews.com.ar\/wp-content\/uploads\/2026\/03\/donald-trump-hablo-sobre-el-lider-supremo-irani-mojtaba-khamenei-he-oido-que-no-esta-vivo-2.jpg\" alt=\"El secretario de Defensa de Estados Unidos, Pete Hegseth asegur\u00f3 que el lider supremo \u201cherido y probablemente desfigurado\u201d (Reuters)\" height=\"533\" width=\"800\"\/><\/p>\n<p>La ausencia de <b>Mojtaba Khamenei<\/b> ha sido notoria tanto en actos oficiales como en celebraciones p\u00fablicas, lo que ha alimentado rumores y especulaciones. <\/p>\n<p>Luego de su nombramiento el jueves pasado solo se difundi\u00f3 una extensa declaraci\u00f3n le\u00edda a trav\u00e9s de la televisi\u00f3n estatal iran\u00ed, sin im\u00e1genes ni audio del propio l\u00edder. <\/p>\n<p>El viernes siguiente, fecha habitual de aparici\u00f3n p\u00fablica para el D\u00eda de Al Quds, Khamenei tampoco se mostr\u00f3. A seis d\u00edas de haber asumido el m\u00e1ximo cargo, la poblaci\u00f3n iran\u00ed a\u00fan no lo ha visto ni escuchado de manera directa.<\/p>\n<p>Fuentes citadas por <i>CNN<\/i> se\u00f1alaron que Mojtaba Khamenei habr\u00eda sufrido una fractura en el pie, una contusi\u00f3n en el ojo izquierdo y laceraciones menores en la cara durante el bombardeo que termin\u00f3 con la vida de su padre y de altos mandos militares iran\u00edes. <\/p>\n<p><img loading=\"lazy\" decoding=\"async\" src=\"https:\/\/lobosnews.com.ar\/wp-content\/uploads\/2026\/03\/donald-trump-hablo-sobre-el-lider-supremo-irani-mojtaba-khamenei-he-oido-que-no-esta-vivo-3.jpg\" alt=\"Los rumores sobre el paradero de Mojtaba Khamenei son cada vez mas fuertes (Europa Press)\" height=\"1281\" width=\"1920\"\/><\/p>\n<p>El hijo del presidente Masoud Pezeshkian, asesor del Gobierno, declar\u00f3 que el l\u00edder se encuentra en un lugar seguro y en buen estado de salud, aunque la informaci\u00f3n no ha sido confirmada oficialmente. Analistas internacionales subrayan que la falta de visibilidad y las comunicaciones restringidas en torno a Khamenei han contribuido a la sensaci\u00f3n de vac\u00edo de poder en la c\u00faspide de la Rep\u00fablica Isl\u00e1mica.<\/p>\n<p>En paralelo, el Departamento de Estado estadounidense anunci\u00f3 una recompensa de <span class=\"waslinkname\"><b>USD 10 millones<\/b><\/span> por informaci\u00f3n sobre el paradero de Mojtaba Khamenei y otros altos funcionarios del r\u00e9gimen, se\u00f1alando que estos dirigentes controlan operaciones de la Guardia Revolucionaria Isl\u00e1mica y la planificaci\u00f3n de actos de terrorismo global. <\/p>\n<p><img loading=\"lazy\" decoding=\"async\" src=\"https:\/\/lobosnews.com.ar\/wp-content\/uploads\/2026\/03\/donald-trump-hablo-sobre-el-lider-supremo-irani-mojtaba-khamenei-he-oido-que-no-esta-vivo-4.jpg\" alt=\"el Departamento de Estado estadounidense anunci\u00f3 una recompensa de USD 10 millones por informaci\u00f3n sobre el paradero de Mojtaba Khamenei (X)\" height=\"1200\" width=\"2048\"\/><\/p>\n<p>En cuanto a la postura internacional, Trump reiter\u00f3 que a\u00fan no est\u00e1 dispuesto a negociar un acuerdo de paz con Ir\u00e1n, argumentando que las condiciones ofrecidas no resultan lo suficientemente s\u00f3lidas. <\/p>\n<p>El presidente evit\u00f3 especificar qu\u00e9 exigencias incluir\u00eda un eventual acuerdo, aunque s\u00ed reconoci\u00f3 que cualquier compromiso deber\u00eda implicar el abandono completo de las ambiciones nucleares iran\u00edes. <\/p>\n<p>El mandatario tambi\u00e9n insisti\u00f3 en que varios pa\u00edses, entre ellos <b>China, Francia, Jap\u00f3n, Corea del Sur y el Reino Unido<\/b>, han sido convocados por su administraci\u00f3n para colaborar en asegurar la seguridad del Estrecho de Ormuz, paso clave para el comercio internacional de petr\u00f3leo.<\/p>\n<p><i>(Con informaci\u00f3n de NBC News)<\/i><\/p>\n","protected":false},"excerpt":{"rendered":"","protected":false},"author":1,"featured_media":33621,"comment_status":"open","ping_status":"closed","sticky":false,"template":"","format":"standard","meta":{"_jetpack_memberships_contains_paid_content":false,"footnotes":""},"categories":[31],"tags":[],"class_list":["post-33614","post","type-post","status-publish","format-standard","has-post-thumbnail","hentry","category-actualidad"],"magazineBlocksPostFeaturedMedia":{"thumbnail":"https:\/\/lobosnews.com.ar\/wp-content\/uploads\/2026\/03\/donald-trump-hablo-sobre-el-lider-supremo-irani-mojtaba-khamenei-he-oido-que-no-esta-vivo-8-150x150.jpg","medium":"https:\/\/lobosnews.com.ar\/wp-content\/uploads\/2026\/03\/donald-trump-hablo-sobre-el-lider-supremo-irani-mojtaba-khamenei-he-oido-que-no-esta-vivo-8-300x176.jpg","medium_large":"https:\/\/lobosnews.com.ar\/wp-content\/uploads\/2026\/03\/donald-trump-hablo-sobre-el-lider-supremo-irani-mojtaba-khamenei-he-oido-que-no-esta-vivo-8-768x450.jpg","large":"https:\/\/lobosnews.com.ar\/wp-content\/uploads\/2026\/03\/donald-trump-hablo-sobre-el-lider-supremo-irani-mojtaba-khamenei-he-oido-que-no-esta-vivo-8-1024x600.jpg","1536x1536":"https:\/\/lobosnews.com.ar\/wp-content\/uploads\/2026\/03\/donald-trump-hablo-sobre-el-lider-supremo-irani-mojtaba-khamenei-he-oido-que-no-esta-vivo-8-1536x900.jpg","2048x2048":"https:\/\/lobosnews.com.ar\/wp-content\/uploads\/2026\/03\/donald-trump-hablo-sobre-el-lider-supremo-irani-mojtaba-khamenei-he-oido-que-no-esta-vivo-8.jpg","newsmatic-featured":"https:\/\/lobosnews.com.ar\/wp-content\/uploads\/2026\/03\/donald-trump-hablo-sobre-el-lider-supremo-irani-mojtaba-khamenei-he-oido-que-no-esta-vivo-8-820x545.jpg","newsmatic-list":"https:\/\/lobosnews.com.ar\/wp-content\/uploads\/2026\/03\/donald-trump-hablo-sobre-el-lider-supremo-irani-mojtaba-khamenei-he-oido-que-no-esta-vivo-8-600x400.jpg","newsmatic-thumb":"https:\/\/lobosnews.com.ar\/wp-content\/uploads\/2026\/03\/donald-trump-hablo-sobre-el-lider-supremo-irani-mojtaba-khamenei-he-oido-que-no-esta-vivo-8-300x200.jpg","newsmatic-small":"https:\/\/lobosnews.com.ar\/wp-content\/uploads\/2026\/03\/donald-trump-hablo-sobre-el-lider-supremo-irani-mojtaba-khamenei-he-oido-que-no-esta-vivo-8-150x95.jpg","newsmatic-grid":"https:\/\/lobosnews.com.ar\/wp-content\/uploads\/2026\/03\/donald-trump-hablo-sobre-el-lider-supremo-irani-mojtaba-khamenei-he-oido-que-no-esta-vivo-8-400x250.jpg"},"magazineBlocksPostAuthor":{"name":"admin","avatar":"https:\/\/secure.gravatar.com\/avatar\/76e419471a2083bc3ceab22a763dbbf9b0c1bd15a6214cf3280e2c2dde4580f9?s=96&d=mm&r=g"},"magazineBlocksPostCommentsNumber":"0","magazineBlocksPostExcerpt":"","magazineBlocksPostCategories":["Actualidad"],"magazineBlocksPostViewCount":113,"magazineBlocksPostReadTime":0,"magazine_blocks_featured_image_url":{"full":["https:\/\/lobosnews.com.ar\/wp-content\/uploads\/2026\/03\/donald-trump-hablo-sobre-el-lider-supremo-irani-mojtaba-khamenei-he-oido-que-no-esta-vivo-8.jpg",2048,1200,false],"medium":["https:\/\/lobosnews.com.ar\/wp-content\/uploads\/2026\/03\/donald-trump-hablo-sobre-el-lider-supremo-irani-mojtaba-khamenei-he-oido-que-no-esta-vivo-8-300x176.jpg",300,176,true],"thumbnail":["https:\/\/lobosnews.com.ar\/wp-content\/uploads\/2026\/03\/donald-trump-hablo-sobre-el-lider-supremo-irani-mojtaba-khamenei-he-oido-que-no-esta-vivo-8-150x150.jpg",150,150,true]},"magazine_blocks_author":{"display_name":"admin","author_link":"https:\/\/lobosnews.com.ar\/index.php\/author\/lobos-news\/"},"magazine_blocks_comment":0,"magazine_blocks_author_image":"https:\/\/secure.gravatar.com\/avatar\/76e419471a2083bc3ceab22a763dbbf9b0c1bd15a6214cf3280e2c2dde4580f9?s=96&d=mm&r=g","magazine_blocks_category":"<a href=\"#\" class=\"category-link category-link-31\">Actualidad<\/a>","yoast_head":"<!-- This site is optimized with the Yoast SEO plugin v26.6 - https:\/\/yoast.com\/wordpress\/plugins\/seo\/ -->\n<title>Donald Trump habl\u00f3 sobre el l\u00edder supremo iran\u00ed Mojtaba Khamenei: \u201cHe o\u00eddo que no est\u00e1 vivo\u201d - Lobos News<\/title>\n<meta name=\"robots\" content=\"index, follow, max-snippet:-1, max-image-preview:large, max-video-preview:-1\" \/>\n<link rel=\"canonical\" href=\"https:\/\/lobosnews.com.ar\/index.php\/2026\/03\/15\/donald-trump-hablo-sobre-el-lider-supremo-irani-mojtaba-khamenei-he-oido-que-no-esta-vivo\/\" \/>\n<meta property=\"og:locale\" content=\"es_ES\" \/>\n<meta property=\"og:type\" content=\"article\" \/>\n<meta property=\"og:title\" content=\"Donald Trump habl\u00f3 sobre el l\u00edder supremo iran\u00ed Mojtaba Khamenei: \u201cHe o\u00eddo que no est\u00e1 vivo\u201d - Lobos News\" \/>\n<meta property=\"og:url\" content=\"https:\/\/lobosnews.com.ar\/index.php\/2026\/03\/15\/donald-trump-hablo-sobre-el-lider-supremo-irani-mojtaba-khamenei-he-oido-que-no-esta-vivo\/\" \/>\n<meta property=\"og:site_name\" content=\"Lobos News\" \/>\n<meta property=\"article:published_time\" content=\"2026-03-15T00:40:13+00:00\" \/>\n<meta property=\"article:modified_time\" content=\"2026-03-15T03:22:04+00:00\" \/>\n<meta property=\"og:image\" content=\"https:\/\/lobosnews.com.ar\/wp-content\/uploads\/2026\/03\/donald-trump-hablo-sobre-el-lider-supremo-irani-mojtaba-khamenei-he-oido-que-no-esta-vivo.jpg\" \/>\n<meta name=\"author\" content=\"admin\" \/>\n<meta name=\"twitter:card\" content=\"summary_large_image\" \/>\n<meta name=\"twitter:label1\" content=\"Escrito por\" \/>\n\t<meta name=\"twitter:data1\" content=\"admin\" \/>\n<script type=\"application\/ld+json\" class=\"yoast-schema-graph\">{\"@context\":\"https:\/\/schema.org\",\"@graph\":[{\"@type\":\"Article\",\"@id\":\"https:\/\/lobosnews.com.ar\/index.php\/2026\/03\/15\/donald-trump-hablo-sobre-el-lider-supremo-irani-mojtaba-khamenei-he-oido-que-no-esta-vivo\/#article\",\"isPartOf\":{\"@id\":\"https:\/\/lobosnews.com.ar\/index.php\/2026\/03\/15\/donald-trump-hablo-sobre-el-lider-supremo-irani-mojtaba-khamenei-he-oido-que-no-esta-vivo\/\"},\"author\":{\"name\":\"admin\",\"@id\":\"https:\/\/lobosnews.com.ar\/#\/schema\/person\/232422a593d5c541dd9aef6aaed10943\"},\"headline\":\"Donald Trump habl\u00f3 sobre el l\u00edder supremo iran\u00ed Mojtaba Khamenei: \u201cHe o\u00eddo que no est\u00e1 vivo\u201d\",\"datePublished\":\"2026-03-15T00:40:13+00:00\",\"dateModified\":\"2026-03-15T03:22:04+00:00\",\"mainEntityOfPage\":{\"@id\":\"https:\/\/lobosnews.com.ar\/index.php\/2026\/03\/15\/donald-trump-hablo-sobre-el-lider-supremo-irani-mojtaba-khamenei-he-oido-que-no-esta-vivo\/\"},\"wordCount\":18,\"commentCount\":0,\"publisher\":{\"@id\":\"https:\/\/lobosnews.com.ar\/#organization\"},\"image\":{\"@id\":\"https:\/\/lobosnews.com.ar\/index.php\/2026\/03\/15\/donald-trump-hablo-sobre-el-lider-supremo-irani-mojtaba-khamenei-he-oido-que-no-esta-vivo\/#primaryimage\"},\"thumbnailUrl\":\"https:\/\/lobosnews.com.ar\/wp-content\/uploads\/2026\/03\/donald-trump-hablo-sobre-el-lider-supremo-irani-mojtaba-khamenei-he-oido-que-no-esta-vivo-8.jpg\",\"articleSection\":[\"Actualidad\"],\"inLanguage\":\"es\",\"potentialAction\":[{\"@type\":\"CommentAction\",\"name\":\"Comment\",\"target\":[\"https:\/\/lobosnews.com.ar\/index.php\/2026\/03\/15\/donald-trump-hablo-sobre-el-lider-supremo-irani-mojtaba-khamenei-he-oido-que-no-esta-vivo\/#respond\"]}]},{\"@type\":\"WebPage\",\"@id\":\"https:\/\/lobosnews.com.ar\/index.php\/2026\/03\/15\/donald-trump-hablo-sobre-el-lider-supremo-irani-mojtaba-khamenei-he-oido-que-no-esta-vivo\/\",\"url\":\"https:\/\/lobosnews.com.ar\/index.php\/2026\/03\/15\/donald-trump-hablo-sobre-el-lider-supremo-irani-mojtaba-khamenei-he-oido-que-no-esta-vivo\/\",\"name\":\"Donald Trump habl\u00f3 sobre el l\u00edder supremo iran\u00ed Mojtaba Khamenei: \u201cHe o\u00eddo que no est\u00e1 vivo\u201d - Lobos News\",\"isPartOf\":{\"@id\":\"https:\/\/lobosnews.com.ar\/#website\"},\"primaryImageOfPage\":{\"@id\":\"https:\/\/lobosnews.com.ar\/index.php\/2026\/03\/15\/donald-trump-hablo-sobre-el-lider-supremo-irani-mojtaba-khamenei-he-oido-que-no-esta-vivo\/#primaryimage\"},\"image\":{\"@id\":\"https:\/\/lobosnews.com.ar\/index.php\/2026\/03\/15\/donald-trump-hablo-sobre-el-lider-supremo-irani-mojtaba-khamenei-he-oido-que-no-esta-vivo\/#primaryimage\"},\"thumbnailUrl\":\"https:\/\/lobosnews.com.ar\/wp-content\/uploads\/2026\/03\/donald-trump-hablo-sobre-el-lider-supremo-irani-mojtaba-khamenei-he-oido-que-no-esta-vivo-8.jpg\",\"datePublished\":\"2026-03-15T00:40:13+00:00\",\"dateModified\":\"2026-03-15T03:22:04+00:00\",\"breadcrumb\":{\"@id\":\"https:\/\/lobosnews.com.ar\/index.php\/2026\/03\/15\/donald-trump-hablo-sobre-el-lider-supremo-irani-mojtaba-khamenei-he-oido-que-no-esta-vivo\/#breadcrumb\"},\"inLanguage\":\"es\",\"potentialAction\":[{\"@type\":\"ReadAction\",\"target\":[\"https:\/\/lobosnews.com.ar\/index.php\/2026\/03\/15\/donald-trump-hablo-sobre-el-lider-supremo-irani-mojtaba-khamenei-he-oido-que-no-esta-vivo\/\"]}]},{\"@type\":\"ImageObject\",\"inLanguage\":\"es\",\"@id\":\"https:\/\/lobosnews.com.ar\/index.php\/2026\/03\/15\/donald-trump-hablo-sobre-el-lider-supremo-irani-mojtaba-khamenei-he-oido-que-no-esta-vivo\/#primaryimage\",\"url\":\"https:\/\/lobosnews.com.ar\/wp-content\/uploads\/2026\/03\/donald-trump-hablo-sobre-el-lider-supremo-irani-mojtaba-khamenei-he-oido-que-no-esta-vivo-8.jpg\",\"contentUrl\":\"https:\/\/lobosnews.com.ar\/wp-content\/uploads\/2026\/03\/donald-trump-hablo-sobre-el-lider-supremo-irani-mojtaba-khamenei-he-oido-que-no-esta-vivo-8.jpg\",\"width\":2048,\"height\":1200,\"caption\":\"Donald Trump habl\u00f3 sobre el l\u00edder supremo iran\u00ed Mojtaba Khamenei: \u201cHe o\u00eddo que no est\u00e1 vivo\u201d\"},{\"@type\":\"BreadcrumbList\",\"@id\":\"https:\/\/lobosnews.com.ar\/index.php\/2026\/03\/15\/donald-trump-hablo-sobre-el-lider-supremo-irani-mojtaba-khamenei-he-oido-que-no-esta-vivo\/#breadcrumb\",\"itemListElement\":[{\"@type\":\"ListItem\",\"position\":1,\"name\":\"Portada\",\"item\":\"https:\/\/lobosnews.com.ar\/\"},{\"@type\":\"ListItem\",\"position\":2,\"name\":\"Donald Trump habl\u00f3 sobre el l\u00edder supremo iran\u00ed Mojtaba Khamenei: \u201cHe o\u00eddo que no est\u00e1 vivo\u201d\"}]},{\"@type\":\"WebSite\",\"@id\":\"https:\/\/lobosnews.com.ar\/#website\",\"url\":\"https:\/\/lobosnews.com.ar\/\",\"name\":\"Lobos News\",\"description\":\"Informaci\u00f3n a cada instante\",\"publisher\":{\"@id\":\"https:\/\/lobosnews.com.ar\/#organization\"},\"potentialAction\":[{\"@type\":\"SearchAction\",\"target\":{\"@type\":\"EntryPoint\",\"urlTemplate\":\"https:\/\/lobosnews.com.ar\/?s={search_term_string}\"},\"query-input\":{\"@type\":\"PropertyValueSpecification\",\"valueRequired\":true,\"valueName\":\"search_term_string\"}}],\"inLanguage\":\"es\"},{\"@type\":\"Organization\",\"@id\":\"https:\/\/lobosnews.com.ar\/#organization\",\"name\":\"Lobos News\",\"url\":\"https:\/\/lobosnews.com.ar\/\",\"logo\":{\"@type\":\"ImageObject\",\"inLanguage\":\"es\",\"@id\":\"https:\/\/lobosnews.com.ar\/#\/schema\/logo\/image\/\",\"url\":\"https:\/\/lobosnews.com.ar\/wp-content\/uploads\/2026\/01\/logo-lobosnews.png\",\"contentUrl\":\"https:\/\/lobosnews.com.ar\/wp-content\/uploads\/2026\/01\/logo-lobosnews.png\",\"width\":500,\"height\":200,\"caption\":\"Lobos News\"},\"image\":{\"@id\":\"https:\/\/lobosnews.com.ar\/#\/schema\/logo\/image\/\"}},{\"@type\":\"Person\",\"@id\":\"https:\/\/lobosnews.com.ar\/#\/schema\/person\/232422a593d5c541dd9aef6aaed10943\",\"name\":\"admin\",\"image\":{\"@type\":\"ImageObject\",\"inLanguage\":\"es\",\"@id\":\"https:\/\/lobosnews.com.ar\/#\/schema\/person\/image\/\",\"url\":\"https:\/\/secure.gravatar.com\/avatar\/76e419471a2083bc3ceab22a763dbbf9b0c1bd15a6214cf3280e2c2dde4580f9?s=96&d=mm&r=g\",\"contentUrl\":\"https:\/\/secure.gravatar.com\/avatar\/76e419471a2083bc3ceab22a763dbbf9b0c1bd15a6214cf3280e2c2dde4580f9?s=96&d=mm&r=g\",\"caption\":\"admin\"},\"sameAs\":[\"https:\/\/lobosnews.com.ar\"],\"url\":\"https:\/\/lobosnews.com.ar\/index.php\/author\/lobos-news\/\"}]}<\/script>\n<!-- \/ Yoast SEO plugin. -->","yoast_head_json":{"title":"Donald Trump habl\u00f3 sobre el l\u00edder supremo iran\u00ed Mojtaba Khamenei: \u201cHe o\u00eddo que no est\u00e1 vivo\u201d - Lobos News","robots":{"index":"index","follow":"follow","max-snippet":"max-snippet:-1","max-image-preview":"max-image-preview:large","max-video-preview":"max-video-preview:-1"},"canonical":"https:\/\/lobosnews.com.ar\/index.php\/2026\/03\/15\/donald-trump-hablo-sobre-el-lider-supremo-irani-mojtaba-khamenei-he-oido-que-no-esta-vivo\/","og_locale":"es_ES","og_type":"article","og_title":"Donald Trump habl\u00f3 sobre el l\u00edder supremo iran\u00ed Mojtaba Khamenei: \u201cHe o\u00eddo que no est\u00e1 vivo\u201d - Lobos News","og_url":"https:\/\/lobosnews.com.ar\/index.php\/2026\/03\/15\/donald-trump-hablo-sobre-el-lider-supremo-irani-mojtaba-khamenei-he-oido-que-no-esta-vivo\/","og_site_name":"Lobos News","article_published_time":"2026-03-15T00:40:13+00:00","article_modified_time":"2026-03-15T03:22:04+00:00","og_image":[{"url":"https:\/\/lobosnews.com.ar\/wp-content\/uploads\/2026\/03\/donald-trump-hablo-sobre-el-lider-supremo-irani-mojtaba-khamenei-he-oido-que-no-esta-vivo.jpg","type":"","width":"","height":""}],"author":"admin","twitter_card":"summary_large_image","twitter_misc":{"Escrito por":"admin"},"schema":{"@context":"https:\/\/schema.org","@graph":[{"@type":"Article","@id":"https:\/\/lobosnews.com.ar\/index.php\/2026\/03\/15\/donald-trump-hablo-sobre-el-lider-supremo-irani-mojtaba-khamenei-he-oido-que-no-esta-vivo\/#article","isPartOf":{"@id":"https:\/\/lobosnews.com.ar\/index.php\/2026\/03\/15\/donald-trump-hablo-sobre-el-lider-supremo-irani-mojtaba-khamenei-he-oido-que-no-esta-vivo\/"},"author":{"name":"admin","@id":"https:\/\/lobosnews.com.ar\/#\/schema\/person\/232422a593d5c541dd9aef6aaed10943"},"headline":"Donald Trump habl\u00f3 sobre el l\u00edder supremo iran\u00ed Mojtaba Khamenei: \u201cHe o\u00eddo que no est\u00e1 vivo\u201d","datePublished":"2026-03-15T00:40:13+00:00","dateModified":"2026-03-15T03:22:04+00:00","mainEntityOfPage":{"@id":"https:\/\/lobosnews.com.ar\/index.php\/2026\/03\/15\/donald-trump-hablo-sobre-el-lider-supremo-irani-mojtaba-khamenei-he-oido-que-no-esta-vivo\/"},"wordCount":18,"commentCount":0,"publisher":{"@id":"https:\/\/lobosnews.com.ar\/#organization"},"image":{"@id":"https:\/\/lobosnews.com.ar\/index.php\/2026\/03\/15\/donald-trump-hablo-sobre-el-lider-supremo-irani-mojtaba-khamenei-he-oido-que-no-esta-vivo\/#primaryimage"},"thumbnailUrl":"https:\/\/lobosnews.com.ar\/wp-content\/uploads\/2026\/03\/donald-trump-hablo-sobre-el-lider-supremo-irani-mojtaba-khamenei-he-oido-que-no-esta-vivo-8.jpg","articleSection":["Actualidad"],"inLanguage":"es","potentialAction":[{"@type":"CommentAction","name":"Comment","target":["https:\/\/lobosnews.com.ar\/index.php\/2026\/03\/15\/donald-trump-hablo-sobre-el-lider-supremo-irani-mojtaba-khamenei-he-oido-que-no-esta-vivo\/#respond"]}]},{"@type":"WebPage","@id":"https:\/\/lobosnews.com.ar\/index.php\/2026\/03\/15\/donald-trump-hablo-sobre-el-lider-supremo-irani-mojtaba-khamenei-he-oido-que-no-esta-vivo\/","url":"https:\/\/lobosnews.com.ar\/index.php\/2026\/03\/15\/donald-trump-hablo-sobre-el-lider-supremo-irani-mojtaba-khamenei-he-oido-que-no-esta-vivo\/","name":"Donald Trump habl\u00f3 sobre el l\u00edder supremo iran\u00ed Mojtaba Khamenei: \u201cHe o\u00eddo que no est\u00e1 vivo\u201d - Lobos News","isPartOf":{"@id":"https:\/\/lobosnews.com.ar\/#website"},"primaryImageOfPage":{"@id":"https:\/\/lobosnews.com.ar\/index.php\/2026\/03\/15\/donald-trump-hablo-sobre-el-lider-supremo-irani-mojtaba-khamenei-he-oido-que-no-esta-vivo\/#primaryimage"},"image":{"@id":"https:\/\/lobosnews.com.ar\/index.php\/2026\/03\/15\/donald-trump-hablo-sobre-el-lider-supremo-irani-mojtaba-khamenei-he-oido-que-no-esta-vivo\/#primaryimage"},"thumbnailUrl":"https:\/\/lobosnews.com.ar\/wp-content\/uploads\/2026\/03\/donald-trump-hablo-sobre-el-lider-supremo-irani-mojtaba-khamenei-he-oido-que-no-esta-vivo-8.jpg","datePublished":"2026-03-15T00:40:13+00:00","dateModified":"2026-03-15T03:22:04+00:00","breadcrumb":{"@id":"https:\/\/lobosnews.com.ar\/index.php\/2026\/03\/15\/donald-trump-hablo-sobre-el-lider-supremo-irani-mojtaba-khamenei-he-oido-que-no-esta-vivo\/#breadcrumb"},"inLanguage":"es","potentialAction":[{"@type":"ReadAction","target":["https:\/\/lobosnews.com.ar\/index.php\/2026\/03\/15\/donald-trump-hablo-sobre-el-lider-supremo-irani-mojtaba-khamenei-he-oido-que-no-esta-vivo\/"]}]},{"@type":"ImageObject","inLanguage":"es","@id":"https:\/\/lobosnews.com.ar\/index.php\/2026\/03\/15\/donald-trump-hablo-sobre-el-lider-supremo-irani-mojtaba-khamenei-he-oido-que-no-esta-vivo\/#primaryimage","url":"https:\/\/lobosnews.com.ar\/wp-content\/uploads\/2026\/03\/donald-trump-hablo-sobre-el-lider-supremo-irani-mojtaba-khamenei-he-oido-que-no-esta-vivo-8.jpg","contentUrl":"https:\/\/lobosnews.com.ar\/wp-content\/uploads\/2026\/03\/donald-trump-hablo-sobre-el-lider-supremo-irani-mojtaba-khamenei-he-oido-que-no-esta-vivo-8.jpg","width":2048,"height":1200,"caption":"Donald Trump habl\u00f3 sobre el l\u00edder supremo iran\u00ed Mojtaba Khamenei: \u201cHe o\u00eddo que no est\u00e1 vivo\u201d"},{"@type":"BreadcrumbList","@id":"https:\/\/lobosnews.com.ar\/index.php\/2026\/03\/15\/donald-trump-hablo-sobre-el-lider-supremo-irani-mojtaba-khamenei-he-oido-que-no-esta-vivo\/#breadcrumb","itemListElement":[{"@type":"ListItem","position":1,"name":"Portada","item":"https:\/\/lobosnews.com.ar\/"},{"@type":"ListItem","position":2,"name":"Donald Trump habl\u00f3 sobre el l\u00edder supremo iran\u00ed Mojtaba Khamenei: \u201cHe o\u00eddo que no est\u00e1 vivo\u201d"}]},{"@type":"WebSite","@id":"https:\/\/lobosnews.com.ar\/#website","url":"https:\/\/lobosnews.com.ar\/","name":"Lobos News","description":"Informaci\u00f3n a cada instante","publisher":{"@id":"https:\/\/lobosnews.com.ar\/#organization"},"potentialAction":[{"@type":"SearchAction","target":{"@type":"EntryPoint","urlTemplate":"https:\/\/lobosnews.com.ar\/?s={search_term_string}"},"query-input":{"@type":"PropertyValueSpecification","valueRequired":true,"valueName":"search_term_string"}}],"inLanguage":"es"},{"@type":"Organization","@id":"https:\/\/lobosnews.com.ar\/#organization","name":"Lobos News","url":"https:\/\/lobosnews.com.ar\/","logo":{"@type":"ImageObject","inLanguage":"es","@id":"https:\/\/lobosnews.com.ar\/#\/schema\/logo\/image\/","url":"https:\/\/lobosnews.com.ar\/wp-content\/uploads\/2026\/01\/logo-lobosnews.png","contentUrl":"https:\/\/lobosnews.com.ar\/wp-content\/uploads\/2026\/01\/logo-lobosnews.png","width":500,"height":200,"caption":"Lobos News"},"image":{"@id":"https:\/\/lobosnews.com.ar\/#\/schema\/logo\/image\/"}},{"@type":"Person","@id":"https:\/\/lobosnews.com.ar\/#\/schema\/person\/232422a593d5c541dd9aef6aaed10943","name":"admin","image":{"@type":"ImageObject","inLanguage":"es","@id":"https:\/\/lobosnews.com.ar\/#\/schema\/person\/image\/","url":"https:\/\/secure.gravatar.com\/avatar\/76e419471a2083bc3ceab22a763dbbf9b0c1bd15a6214cf3280e2c2dde4580f9?s=96&d=mm&r=g","contentUrl":"https:\/\/secure.gravatar.com\/avatar\/76e419471a2083bc3ceab22a763dbbf9b0c1bd15a6214cf3280e2c2dde4580f9?s=96&d=mm&r=g","caption":"admin"},"sameAs":["https:\/\/lobosnews.com.ar"],"url":"https:\/\/lobosnews.com.ar\/index.php\/author\/lobos-news\/"}]}},"jetpack_featured_media_url":"https:\/\/lobosnews.com.ar\/wp-content\/uploads\/2026\/03\/donald-trump-hablo-sobre-el-lider-supremo-irani-mojtaba-khamenei-he-oido-que-no-esta-vivo-8.jpg","jetpack_sharing_enabled":true,"_links":{"self":[{"href":"https:\/\/lobosnews.com.ar\/index.php\/wp-json\/wp\/v2\/posts\/33614","targetHints":{"allow":["GET"]}}],"collection":[{"href":"https:\/\/lobosnews.com.ar\/index.php\/wp-json\/wp\/v2\/posts"}],"about":[{"href":"https:\/\/lobosnews.com.ar\/index.php\/wp-json\/wp\/v2\/types\/post"}],"author":[{"embeddable":true,"href":"https:\/\/lobosnews.com.ar\/index.php\/wp-json\/wp\/v2\/users\/1"}],"replies":[{"embeddable":true,"href":"https:\/\/lobosnews.com.ar\/index.php\/wp-json\/wp\/v2\/comments?post=33614"}],"version-history":[{"count":1,"href":"https:\/\/lobosnews.com.ar\/index.php\/wp-json\/wp\/v2\/posts\/33614\/revisions"}],"predecessor-version":[{"id":33620,"href":"https:\/\/lobosnews.com.ar\/index.php\/wp-json\/wp\/v2\/posts\/33614\/revisions\/33620"}],"wp:featuredmedia":[{"embeddable":true,"href":"https:\/\/lobosnews.com.ar\/index.php\/wp-json\/wp\/v2\/media\/33621"}],"wp:attachment":[{"href":"https:\/\/lobosnews.com.ar\/index.php\/wp-json\/wp\/v2\/media?parent=33614"}],"wp:term":[{"taxonomy":"category","embeddable":true,"href":"https:\/\/lobosnews.com.ar\/index.php\/wp-json\/wp\/v2\/categories?post=33614"},{"taxonomy":"post_tag","embeddable":true,"href":"https:\/\/lobosnews.com.ar\/index.php\/wp-json\/wp\/v2\/tags?post=33614"}],"curies":[{"name":"wp","href":"https:\/\/api.w.org\/{rel}","templated":true}]}}