{"id":33608,"date":"2026-03-15T00:47:15","date_gmt":"2026-03-15T00:47:15","guid":{"rendered":"https:\/\/lobosnews.com.ar\/index.php\/2026\/03\/15\/la-union-europea-decidio-prorrogar-las-sanciones-contra-2-600-personas-y-entidades-por-su-vinculo-con-la-invasion-a-ucrania\/"},"modified":"2026-03-15T03:20:39","modified_gmt":"2026-03-15T03:20:39","slug":"la-union-europea-decidio-prorrogar-las-sanciones-contra-2-600-personas-y-entidades-por-su-vinculo-con-la-invasion-a-ucrania","status":"publish","type":"post","link":"https:\/\/lobosnews.com.ar\/index.php\/2026\/03\/15\/la-union-europea-decidio-prorrogar-las-sanciones-contra-2-600-personas-y-entidades-por-su-vinculo-con-la-invasion-a-ucrania\/","title":{"rendered":"La Uni\u00f3n Europea decidi\u00f3 prorrogar las sanciones contra 2.600 personas y entidades por su v\u00ednculo con la invasi\u00f3n a Ucrania"},"content":{"rendered":"<p><img loading=\"lazy\" decoding=\"async\" src=\"https:\/\/lobosnews.com.ar\/wp-content\/uploads\/2026\/03\/la-union-europea-decidio-prorrogar-las-sanciones-contra-2-600-personas-y-entidades-por-su-vinculo-con-la-invasion-a-ucrania.jpg\" alt=\"La Uni\u00f3n Europea extendi\u00f3 hasta septiembre del 2026 las sanciones contra 2.600 personas y entidades vinculadas a la agresi\u00f3n a Ucrania (Europa Press) \" height=\"1968\" width=\"2891\"\/><\/p>\n<p>La <span class=\"waslinkname\">Uni\u00f3n Europea<\/span> ha decidido prorrogar, de manera un\u00e1nime, las sanciones contra individuos y entidades vinculados con la agresi\u00f3n a la soberan\u00eda y la integridad territorial de <span class=\"waslinkname\">Ucrania<\/span>. El anuncio, realizado al cierre de la semana, extiende las medidas restrictivas hasta el <b>15 de septiembre de 2026.<\/b><\/p>\n<p>Las sanciones afectan a cerca de <b>2.600 personas f\u00edsicas y jur\u00eddicas<\/b>, a quienes se les impone la prohibici\u00f3n de viajar, la inmovilizaci\u00f3n de activos y restricciones para acceder a fondos y recursos econ\u00f3micos. <\/p>\n<p>El Consejo de la Uni\u00f3n Europea aprob\u00f3 la continuidad de estas sanciones antes de que venciera el plazo previsto, garantizando as\u00ed su vigencia sin interrupciones. <\/p>\n<p>Desde el inicio de la invasi\u00f3n rusa en febrero de 2022, el bloque comunitario ha ampliado progresivamente su lista de sancionados para mantener la presi\u00f3n sobre quienes amenazan la soberan\u00eda ucraniana.<\/p>\n<p><img loading=\"lazy\" decoding=\"async\" src=\"https:\/\/lobosnews.com.ar\/wp-content\/uploads\/2026\/03\/la-union-europea-decidio-prorrogar-las-sanciones-contra-2-600-personas-y-entidades-por-su-vinculo-con-la-invasion-a-ucrania-1.jpg\" alt=\"Las fuerzas armadas rusas han sido se\u00f1aladas por violaciones al derecho internacional humanitario en Ucrania (Reuters)\" height=\"533\" width=\"800\"\/><\/p>\n<p>En esta pr\u00f3rroga, los 27 pa\u00edses acordaron retirar de la lista a siete personas: cinco por fallecimiento y dos, cuyas identidades no se han hecho p\u00fablicas, por otras razones. <\/p>\n<p>Un diplom\u00e1tico de la Uni\u00f3n Europea detall\u00f3 que uno de los nombres excluidos es <b>Niels Troost<\/b>, ciudadano neerland\u00e9s vinculado al comercio de<b> petr\u00f3leo ruso.<\/b> La revisi\u00f3n peri\u00f3dica de la lista responde a la necesidad de ajustar las medidas seg\u00fan cambios en las circunstancias personales o jur\u00eddicas de los afectados.<\/p>\n<p>La renovaci\u00f3n de las sanciones se produjo tras semanas de negociaciones marcadas por las reservas de Hungr\u00eda y Eslovaquia, pa\u00edses que solicitaron la exclusi\u00f3n de varios oligarcas rusos y expresaron objeciones relacionadas con el suministro energ\u00e9tico. <\/p>\n<p>Hungr\u00eda ha manifestado en reiteradas ocasiones su desacuerdo con las sanciones energ\u00e9ticas a Rusia, argumentando que los precios del petr\u00f3leo y el gas han aumentado y afectan a su econom\u00eda. <\/p>\n<p>Por su parte, el primer ministro h\u00fangaro, <b>Viktor Orban<\/b>, ha urgido a la Uni\u00f3n Europea a suspender las restricciones sobre el sector energ\u00e9tico ruso, posici\u00f3n que comparte en parte Eslovaquia.<\/p>\n<p><img loading=\"lazy\" decoding=\"async\" src=\"https:\/\/lobosnews.com.ar\/wp-content\/uploads\/2026\/03\/la-union-europea-decidio-prorrogar-las-sanciones-contra-2-600-personas-y-entidades-por-su-vinculo-con-la-invasion-a-ucrania-2.jpg\" alt=\"Viktor Orban exige suspender las sanciones energ\u00e9ticas europeas contra Rusia (Reuters)\" height=\"2569\" width=\"3727\"\/><\/p>\n<p>Las restricciones incluyen la prohibici\u00f3n de facilitar recursos a las personas y entidades incluidas en la lista, y seguir\u00e1n aplic\u00e1ndose al grueso de los sancionados. <\/p>\n<p>\u201c<b>La UE mantiene su firme determinaci\u00f3n de mantener e incrementar la presi\u00f3n sobre Rusia para que detenga su guerra de agresi\u00f3n y entable negociaciones significativas para la paz<\/b>\u201d, se\u00f1ala el mensaje.<\/p>\n<p>De forma paralela, la Uni\u00f3n Europea enfrenta el reto de avanzar en nuevas medidas. El vig\u00e9simo paquete de sanciones y un pr\u00e9stamo de <b>90.000 millones de euros<\/b> destinados a apoyar a Ucrania siguen bloqueados por el veto de Hungr\u00eda, pa\u00eds que justifica su postura por la interrupci\u00f3n del suministro de petr\u00f3leo a trav\u00e9s del <b>oleoducto Druzhba<\/b>, que cruza territorio ucraniano y result\u00f3 da\u00f1ado tras un ataque ruso en enero de este a\u00f1o. <\/p>\n<p>Los bombardeos rusos no cesan en Ucrania. Un ataque masivo ordenado por Mosc\u00fa alcanz\u00f3 la regi\u00f3n de Kiev y las ciudades de<b> Sumi, Kharkov, Dnipr\u00f3 y Mikolaiv<\/b>, dejando al menos siete muertos, cuatro de ellos en la capital, y numerosos heridos, seg\u00fan denunci\u00f3 el presidente Volodimir Zelensky. <\/p>\n<p>Las autoridades reportaron graves da\u00f1os en el sector energ\u00e9tico y en infraestructuras civiles, incluidas escuelas y edificios residenciales. <\/p>\n<p><i>(Con informaci\u00f3n de EFE y Reuters)<\/i><\/p>\n","protected":false},"excerpt":{"rendered":"<p>La Uni\u00f3n Europea ha decidido prorrogar, de manera un\u00e1nime, las sanciones contra individuos y entidades vinculados con la agresi\u00f3n a la soberan\u00eda y la integridad territorial de Ucrania. El anuncio, realizado al cierre de la semana, extiende las medidas restrictivas hasta el 15 de septiembre de 2026. Las sanciones afectan a cerca de 2.600 personas&#8230;<\/p>\n","protected":false},"author":1,"featured_media":33613,"comment_status":"open","ping_status":"closed","sticky":false,"template":"","format":"standard","meta":{"_jetpack_memberships_contains_paid_content":false,"footnotes":""},"categories":[31],"tags":[],"class_list":["post-33608","post","type-post","status-publish","format-standard","has-post-thumbnail","hentry","category-actualidad"],"magazineBlocksPostFeaturedMedia":{"thumbnail":"https:\/\/lobosnews.com.ar\/wp-content\/uploads\/2026\/03\/la-union-europea-decidio-prorrogar-las-sanciones-contra-2-600-personas-y-entidades-por-su-vinculo-con-la-invasion-a-ucrania-4-150x150.jpg","medium":"https:\/\/lobosnews.com.ar\/wp-content\/uploads\/2026\/03\/la-union-europea-decidio-prorrogar-las-sanciones-contra-2-600-personas-y-entidades-por-su-vinculo-con-la-invasion-a-ucrania-4-300x207.jpg","medium_large":"https:\/\/lobosnews.com.ar\/wp-content\/uploads\/2026\/03\/la-union-europea-decidio-prorrogar-las-sanciones-contra-2-600-personas-y-entidades-por-su-vinculo-con-la-invasion-a-ucrania-4-768x529.jpg","large":"https:\/\/lobosnews.com.ar\/wp-content\/uploads\/2026\/03\/la-union-europea-decidio-prorrogar-las-sanciones-contra-2-600-personas-y-entidades-por-su-vinculo-con-la-invasion-a-ucrania-4-1024x706.jpg","1536x1536":"https:\/\/lobosnews.com.ar\/wp-content\/uploads\/2026\/03\/la-union-europea-decidio-prorrogar-las-sanciones-contra-2-600-personas-y-entidades-por-su-vinculo-con-la-invasion-a-ucrania-4-1536x1059.jpg","2048x2048":"https:\/\/lobosnews.com.ar\/wp-content\/uploads\/2026\/03\/la-union-europea-decidio-prorrogar-las-sanciones-contra-2-600-personas-y-entidades-por-su-vinculo-con-la-invasion-a-ucrania-4-2048x1412.jpg","newsmatic-featured":"https:\/\/lobosnews.com.ar\/wp-content\/uploads\/2026\/03\/la-union-europea-decidio-prorrogar-las-sanciones-contra-2-600-personas-y-entidades-por-su-vinculo-con-la-invasion-a-ucrania-4-820x545.jpg","newsmatic-list":"https:\/\/lobosnews.com.ar\/wp-content\/uploads\/2026\/03\/la-union-europea-decidio-prorrogar-las-sanciones-contra-2-600-personas-y-entidades-por-su-vinculo-con-la-invasion-a-ucrania-4-600x400.jpg","newsmatic-thumb":"https:\/\/lobosnews.com.ar\/wp-content\/uploads\/2026\/03\/la-union-europea-decidio-prorrogar-las-sanciones-contra-2-600-personas-y-entidades-por-su-vinculo-con-la-invasion-a-ucrania-4-300x200.jpg","newsmatic-small":"https:\/\/lobosnews.com.ar\/wp-content\/uploads\/2026\/03\/la-union-europea-decidio-prorrogar-las-sanciones-contra-2-600-personas-y-entidades-por-su-vinculo-con-la-invasion-a-ucrania-4-150x95.jpg","newsmatic-grid":"https:\/\/lobosnews.com.ar\/wp-content\/uploads\/2026\/03\/la-union-europea-decidio-prorrogar-las-sanciones-contra-2-600-personas-y-entidades-por-su-vinculo-con-la-invasion-a-ucrania-4-400x250.jpg"},"magazineBlocksPostAuthor":{"name":"admin","avatar":"https:\/\/secure.gravatar.com\/avatar\/76e419471a2083bc3ceab22a763dbbf9b0c1bd15a6214cf3280e2c2dde4580f9?s=96&d=mm&r=g"},"magazineBlocksPostCommentsNumber":"0","magazineBlocksPostExcerpt":"La Uni\u00f3n Europea ha decidido prorrogar, de manera un\u00e1nime, las sanciones contra individuos y entidades vinculados con la agresi\u00f3n a la soberan\u00eda y la integridad territorial de Ucrania. El anuncio, realizado al cierre de la semana, extiende las medidas restrictivas hasta el 15 de septiembre de 2026. Las sanciones afectan a cerca de 2.600 personas...","magazineBlocksPostCategories":["Actualidad"],"magazineBlocksPostViewCount":92,"magazineBlocksPostReadTime":3,"magazine_blocks_featured_image_url":{"full":["https:\/\/lobosnews.com.ar\/wp-content\/uploads\/2026\/03\/la-union-europea-decidio-prorrogar-las-sanciones-contra-2-600-personas-y-entidades-por-su-vinculo-con-la-invasion-a-ucrania-4-scaled.jpg",2560,1765,false],"medium":["https:\/\/lobosnews.com.ar\/wp-content\/uploads\/2026\/03\/la-union-europea-decidio-prorrogar-las-sanciones-contra-2-600-personas-y-entidades-por-su-vinculo-con-la-invasion-a-ucrania-4-300x207.jpg",300,207,true],"thumbnail":["https:\/\/lobosnews.com.ar\/wp-content\/uploads\/2026\/03\/la-union-europea-decidio-prorrogar-las-sanciones-contra-2-600-personas-y-entidades-por-su-vinculo-con-la-invasion-a-ucrania-4-150x150.jpg",150,150,true]},"magazine_blocks_author":{"display_name":"admin","author_link":"https:\/\/lobosnews.com.ar\/index.php\/author\/lobos-news\/"},"magazine_blocks_comment":0,"magazine_blocks_author_image":"https:\/\/secure.gravatar.com\/avatar\/76e419471a2083bc3ceab22a763dbbf9b0c1bd15a6214cf3280e2c2dde4580f9?s=96&d=mm&r=g","magazine_blocks_category":"<a href=\"#\" class=\"category-link category-link-31\">Actualidad<\/a>","yoast_head":"<!-- This site is optimized with the Yoast SEO plugin v26.6 - https:\/\/yoast.com\/wordpress\/plugins\/seo\/ -->\n<title>La Uni\u00f3n Europea decidi\u00f3 prorrogar las sanciones contra 2.600 personas y entidades por su v\u00ednculo con la invasi\u00f3n a Ucrania - Lobos News<\/title>\n<meta name=\"robots\" content=\"index, follow, max-snippet:-1, max-image-preview:large, max-video-preview:-1\" \/>\n<link rel=\"canonical\" href=\"https:\/\/lobosnews.com.ar\/index.php\/2026\/03\/15\/la-union-europea-decidio-prorrogar-las-sanciones-contra-2-600-personas-y-entidades-por-su-vinculo-con-la-invasion-a-ucrania\/\" \/>\n<meta property=\"og:locale\" content=\"es_ES\" \/>\n<meta property=\"og:type\" content=\"article\" \/>\n<meta property=\"og:title\" content=\"La Uni\u00f3n Europea decidi\u00f3 prorrogar las sanciones contra 2.600 personas y entidades por su v\u00ednculo con la invasi\u00f3n a Ucrania - Lobos News\" \/>\n<meta property=\"og:description\" content=\"La Uni\u00f3n Europea ha decidido prorrogar, de manera un\u00e1nime, las sanciones contra individuos y entidades vinculados con la agresi\u00f3n a la soberan\u00eda y la integridad territorial de Ucrania. El anuncio, realizado al cierre de la semana, extiende las medidas restrictivas hasta el 15 de septiembre de 2026. Las sanciones afectan a cerca de 2.600 personas...\" \/>\n<meta property=\"og:url\" content=\"https:\/\/lobosnews.com.ar\/index.php\/2026\/03\/15\/la-union-europea-decidio-prorrogar-las-sanciones-contra-2-600-personas-y-entidades-por-su-vinculo-con-la-invasion-a-ucrania\/\" \/>\n<meta property=\"og:site_name\" content=\"Lobos News\" \/>\n<meta property=\"article:published_time\" content=\"2026-03-15T00:47:15+00:00\" \/>\n<meta property=\"article:modified_time\" content=\"2026-03-15T03:20:39+00:00\" \/>\n<meta property=\"og:image\" content=\"https:\/\/lobosnews.com.ar\/wp-content\/uploads\/2026\/03\/la-union-europea-decidio-prorrogar-las-sanciones-contra-2-600-personas-y-entidades-por-su-vinculo-con-la-invasion-a-ucrania.jpg\" \/>\n<meta name=\"author\" content=\"admin\" \/>\n<meta name=\"twitter:card\" content=\"summary_large_image\" \/>\n<meta name=\"twitter:label1\" content=\"Escrito por\" \/>\n\t<meta name=\"twitter:data1\" content=\"admin\" \/>\n\t<meta name=\"twitter:label2\" content=\"Tiempo de lectura\" \/>\n\t<meta name=\"twitter:data2\" content=\"3 minutos\" \/>\n<script type=\"application\/ld+json\" class=\"yoast-schema-graph\">{\"@context\":\"https:\/\/schema.org\",\"@graph\":[{\"@type\":\"Article\",\"@id\":\"https:\/\/lobosnews.com.ar\/index.php\/2026\/03\/15\/la-union-europea-decidio-prorrogar-las-sanciones-contra-2-600-personas-y-entidades-por-su-vinculo-con-la-invasion-a-ucrania\/#article\",\"isPartOf\":{\"@id\":\"https:\/\/lobosnews.com.ar\/index.php\/2026\/03\/15\/la-union-europea-decidio-prorrogar-las-sanciones-contra-2-600-personas-y-entidades-por-su-vinculo-con-la-invasion-a-ucrania\/\"},\"author\":{\"name\":\"admin\",\"@id\":\"https:\/\/lobosnews.com.ar\/#\/schema\/person\/232422a593d5c541dd9aef6aaed10943\"},\"headline\":\"La Uni\u00f3n Europea decidi\u00f3 prorrogar las sanciones contra 2.600 personas y entidades por su v\u00ednculo con la invasi\u00f3n a Ucrania\",\"datePublished\":\"2026-03-15T00:47:15+00:00\",\"dateModified\":\"2026-03-15T03:20:39+00:00\",\"mainEntityOfPage\":{\"@id\":\"https:\/\/lobosnews.com.ar\/index.php\/2026\/03\/15\/la-union-europea-decidio-prorrogar-las-sanciones-contra-2-600-personas-y-entidades-por-su-vinculo-con-la-invasion-a-ucrania\/\"},\"wordCount\":584,\"commentCount\":0,\"publisher\":{\"@id\":\"https:\/\/lobosnews.com.ar\/#organization\"},\"image\":{\"@id\":\"https:\/\/lobosnews.com.ar\/index.php\/2026\/03\/15\/la-union-europea-decidio-prorrogar-las-sanciones-contra-2-600-personas-y-entidades-por-su-vinculo-con-la-invasion-a-ucrania\/#primaryimage\"},\"thumbnailUrl\":\"https:\/\/lobosnews.com.ar\/wp-content\/uploads\/2026\/03\/la-union-europea-decidio-prorrogar-las-sanciones-contra-2-600-personas-y-entidades-por-su-vinculo-con-la-invasion-a-ucrania-4-scaled.jpg\",\"articleSection\":[\"Actualidad\"],\"inLanguage\":\"es\",\"potentialAction\":[{\"@type\":\"CommentAction\",\"name\":\"Comment\",\"target\":[\"https:\/\/lobosnews.com.ar\/index.php\/2026\/03\/15\/la-union-europea-decidio-prorrogar-las-sanciones-contra-2-600-personas-y-entidades-por-su-vinculo-con-la-invasion-a-ucrania\/#respond\"]}]},{\"@type\":\"WebPage\",\"@id\":\"https:\/\/lobosnews.com.ar\/index.php\/2026\/03\/15\/la-union-europea-decidio-prorrogar-las-sanciones-contra-2-600-personas-y-entidades-por-su-vinculo-con-la-invasion-a-ucrania\/\",\"url\":\"https:\/\/lobosnews.com.ar\/index.php\/2026\/03\/15\/la-union-europea-decidio-prorrogar-las-sanciones-contra-2-600-personas-y-entidades-por-su-vinculo-con-la-invasion-a-ucrania\/\",\"name\":\"La Uni\u00f3n Europea decidi\u00f3 prorrogar las sanciones contra 2.600 personas y entidades por su v\u00ednculo con la invasi\u00f3n a Ucrania - Lobos News\",\"isPartOf\":{\"@id\":\"https:\/\/lobosnews.com.ar\/#website\"},\"primaryImageOfPage\":{\"@id\":\"https:\/\/lobosnews.com.ar\/index.php\/2026\/03\/15\/la-union-europea-decidio-prorrogar-las-sanciones-contra-2-600-personas-y-entidades-por-su-vinculo-con-la-invasion-a-ucrania\/#primaryimage\"},\"image\":{\"@id\":\"https:\/\/lobosnews.com.ar\/index.php\/2026\/03\/15\/la-union-europea-decidio-prorrogar-las-sanciones-contra-2-600-personas-y-entidades-por-su-vinculo-con-la-invasion-a-ucrania\/#primaryimage\"},\"thumbnailUrl\":\"https:\/\/lobosnews.com.ar\/wp-content\/uploads\/2026\/03\/la-union-europea-decidio-prorrogar-las-sanciones-contra-2-600-personas-y-entidades-por-su-vinculo-con-la-invasion-a-ucrania-4-scaled.jpg\",\"datePublished\":\"2026-03-15T00:47:15+00:00\",\"dateModified\":\"2026-03-15T03:20:39+00:00\",\"breadcrumb\":{\"@id\":\"https:\/\/lobosnews.com.ar\/index.php\/2026\/03\/15\/la-union-europea-decidio-prorrogar-las-sanciones-contra-2-600-personas-y-entidades-por-su-vinculo-con-la-invasion-a-ucrania\/#breadcrumb\"},\"inLanguage\":\"es\",\"potentialAction\":[{\"@type\":\"ReadAction\",\"target\":[\"https:\/\/lobosnews.com.ar\/index.php\/2026\/03\/15\/la-union-europea-decidio-prorrogar-las-sanciones-contra-2-600-personas-y-entidades-por-su-vinculo-con-la-invasion-a-ucrania\/\"]}]},{\"@type\":\"ImageObject\",\"inLanguage\":\"es\",\"@id\":\"https:\/\/lobosnews.com.ar\/index.php\/2026\/03\/15\/la-union-europea-decidio-prorrogar-las-sanciones-contra-2-600-personas-y-entidades-por-su-vinculo-con-la-invasion-a-ucrania\/#primaryimage\",\"url\":\"https:\/\/lobosnews.com.ar\/wp-content\/uploads\/2026\/03\/la-union-europea-decidio-prorrogar-las-sanciones-contra-2-600-personas-y-entidades-por-su-vinculo-con-la-invasion-a-ucrania-4-scaled.jpg\",\"contentUrl\":\"https:\/\/lobosnews.com.ar\/wp-content\/uploads\/2026\/03\/la-union-europea-decidio-prorrogar-las-sanciones-contra-2-600-personas-y-entidades-por-su-vinculo-con-la-invasion-a-ucrania-4-scaled.jpg\",\"width\":2560,\"height\":1765,\"caption\":\"La Uni\u00f3n Europea decidi\u00f3 prorrogar las sanciones contra 2.600 personas y entidades por su v\u00ednculo con la invasi\u00f3n a Ucrania\"},{\"@type\":\"BreadcrumbList\",\"@id\":\"https:\/\/lobosnews.com.ar\/index.php\/2026\/03\/15\/la-union-europea-decidio-prorrogar-las-sanciones-contra-2-600-personas-y-entidades-por-su-vinculo-con-la-invasion-a-ucrania\/#breadcrumb\",\"itemListElement\":[{\"@type\":\"ListItem\",\"position\":1,\"name\":\"Portada\",\"item\":\"https:\/\/lobosnews.com.ar\/\"},{\"@type\":\"ListItem\",\"position\":2,\"name\":\"La Uni\u00f3n Europea decidi\u00f3 prorrogar las sanciones contra 2.600 personas y entidades por su v\u00ednculo con la invasi\u00f3n a Ucrania\"}]},{\"@type\":\"WebSite\",\"@id\":\"https:\/\/lobosnews.com.ar\/#website\",\"url\":\"https:\/\/lobosnews.com.ar\/\",\"name\":\"Lobos News\",\"description\":\"Informaci\u00f3n a cada instante\",\"publisher\":{\"@id\":\"https:\/\/lobosnews.com.ar\/#organization\"},\"potentialAction\":[{\"@type\":\"SearchAction\",\"target\":{\"@type\":\"EntryPoint\",\"urlTemplate\":\"https:\/\/lobosnews.com.ar\/?s={search_term_string}\"},\"query-input\":{\"@type\":\"PropertyValueSpecification\",\"valueRequired\":true,\"valueName\":\"search_term_string\"}}],\"inLanguage\":\"es\"},{\"@type\":\"Organization\",\"@id\":\"https:\/\/lobosnews.com.ar\/#organization\",\"name\":\"Lobos News\",\"url\":\"https:\/\/lobosnews.com.ar\/\",\"logo\":{\"@type\":\"ImageObject\",\"inLanguage\":\"es\",\"@id\":\"https:\/\/lobosnews.com.ar\/#\/schema\/logo\/image\/\",\"url\":\"https:\/\/lobosnews.com.ar\/wp-content\/uploads\/2026\/01\/logo-lobosnews.png\",\"contentUrl\":\"https:\/\/lobosnews.com.ar\/wp-content\/uploads\/2026\/01\/logo-lobosnews.png\",\"width\":500,\"height\":200,\"caption\":\"Lobos News\"},\"image\":{\"@id\":\"https:\/\/lobosnews.com.ar\/#\/schema\/logo\/image\/\"}},{\"@type\":\"Person\",\"@id\":\"https:\/\/lobosnews.com.ar\/#\/schema\/person\/232422a593d5c541dd9aef6aaed10943\",\"name\":\"admin\",\"image\":{\"@type\":\"ImageObject\",\"inLanguage\":\"es\",\"@id\":\"https:\/\/lobosnews.com.ar\/#\/schema\/person\/image\/\",\"url\":\"https:\/\/secure.gravatar.com\/avatar\/76e419471a2083bc3ceab22a763dbbf9b0c1bd15a6214cf3280e2c2dde4580f9?s=96&d=mm&r=g\",\"contentUrl\":\"https:\/\/secure.gravatar.com\/avatar\/76e419471a2083bc3ceab22a763dbbf9b0c1bd15a6214cf3280e2c2dde4580f9?s=96&d=mm&r=g\",\"caption\":\"admin\"},\"sameAs\":[\"https:\/\/lobosnews.com.ar\"],\"url\":\"https:\/\/lobosnews.com.ar\/index.php\/author\/lobos-news\/\"}]}<\/script>\n<!-- \/ Yoast SEO plugin. -->","yoast_head_json":{"title":"La Uni\u00f3n Europea decidi\u00f3 prorrogar las sanciones contra 2.600 personas y entidades por su v\u00ednculo con la invasi\u00f3n a Ucrania - Lobos News","robots":{"index":"index","follow":"follow","max-snippet":"max-snippet:-1","max-image-preview":"max-image-preview:large","max-video-preview":"max-video-preview:-1"},"canonical":"https:\/\/lobosnews.com.ar\/index.php\/2026\/03\/15\/la-union-europea-decidio-prorrogar-las-sanciones-contra-2-600-personas-y-entidades-por-su-vinculo-con-la-invasion-a-ucrania\/","og_locale":"es_ES","og_type":"article","og_title":"La Uni\u00f3n Europea decidi\u00f3 prorrogar las sanciones contra 2.600 personas y entidades por su v\u00ednculo con la invasi\u00f3n a Ucrania - Lobos News","og_description":"La Uni\u00f3n Europea ha decidido prorrogar, de manera un\u00e1nime, las sanciones contra individuos y entidades vinculados con la agresi\u00f3n a la soberan\u00eda y la integridad territorial de Ucrania. El anuncio, realizado al cierre de la semana, extiende las medidas restrictivas hasta el 15 de septiembre de 2026. Las sanciones afectan a cerca de 2.600 personas...","og_url":"https:\/\/lobosnews.com.ar\/index.php\/2026\/03\/15\/la-union-europea-decidio-prorrogar-las-sanciones-contra-2-600-personas-y-entidades-por-su-vinculo-con-la-invasion-a-ucrania\/","og_site_name":"Lobos News","article_published_time":"2026-03-15T00:47:15+00:00","article_modified_time":"2026-03-15T03:20:39+00:00","og_image":[{"url":"https:\/\/lobosnews.com.ar\/wp-content\/uploads\/2026\/03\/la-union-europea-decidio-prorrogar-las-sanciones-contra-2-600-personas-y-entidades-por-su-vinculo-con-la-invasion-a-ucrania.jpg","type":"","width":"","height":""}],"author":"admin","twitter_card":"summary_large_image","twitter_misc":{"Escrito por":"admin","Tiempo de lectura":"3 minutos"},"schema":{"@context":"https:\/\/schema.org","@graph":[{"@type":"Article","@id":"https:\/\/lobosnews.com.ar\/index.php\/2026\/03\/15\/la-union-europea-decidio-prorrogar-las-sanciones-contra-2-600-personas-y-entidades-por-su-vinculo-con-la-invasion-a-ucrania\/#article","isPartOf":{"@id":"https:\/\/lobosnews.com.ar\/index.php\/2026\/03\/15\/la-union-europea-decidio-prorrogar-las-sanciones-contra-2-600-personas-y-entidades-por-su-vinculo-con-la-invasion-a-ucrania\/"},"author":{"name":"admin","@id":"https:\/\/lobosnews.com.ar\/#\/schema\/person\/232422a593d5c541dd9aef6aaed10943"},"headline":"La Uni\u00f3n Europea decidi\u00f3 prorrogar las sanciones contra 2.600 personas y entidades por su v\u00ednculo con la invasi\u00f3n a Ucrania","datePublished":"2026-03-15T00:47:15+00:00","dateModified":"2026-03-15T03:20:39+00:00","mainEntityOfPage":{"@id":"https:\/\/lobosnews.com.ar\/index.php\/2026\/03\/15\/la-union-europea-decidio-prorrogar-las-sanciones-contra-2-600-personas-y-entidades-por-su-vinculo-con-la-invasion-a-ucrania\/"},"wordCount":584,"commentCount":0,"publisher":{"@id":"https:\/\/lobosnews.com.ar\/#organization"},"image":{"@id":"https:\/\/lobosnews.com.ar\/index.php\/2026\/03\/15\/la-union-europea-decidio-prorrogar-las-sanciones-contra-2-600-personas-y-entidades-por-su-vinculo-con-la-invasion-a-ucrania\/#primaryimage"},"thumbnailUrl":"https:\/\/lobosnews.com.ar\/wp-content\/uploads\/2026\/03\/la-union-europea-decidio-prorrogar-las-sanciones-contra-2-600-personas-y-entidades-por-su-vinculo-con-la-invasion-a-ucrania-4-scaled.jpg","articleSection":["Actualidad"],"inLanguage":"es","potentialAction":[{"@type":"CommentAction","name":"Comment","target":["https:\/\/lobosnews.com.ar\/index.php\/2026\/03\/15\/la-union-europea-decidio-prorrogar-las-sanciones-contra-2-600-personas-y-entidades-por-su-vinculo-con-la-invasion-a-ucrania\/#respond"]}]},{"@type":"WebPage","@id":"https:\/\/lobosnews.com.ar\/index.php\/2026\/03\/15\/la-union-europea-decidio-prorrogar-las-sanciones-contra-2-600-personas-y-entidades-por-su-vinculo-con-la-invasion-a-ucrania\/","url":"https:\/\/lobosnews.com.ar\/index.php\/2026\/03\/15\/la-union-europea-decidio-prorrogar-las-sanciones-contra-2-600-personas-y-entidades-por-su-vinculo-con-la-invasion-a-ucrania\/","name":"La Uni\u00f3n Europea decidi\u00f3 prorrogar las sanciones contra 2.600 personas y entidades por su v\u00ednculo con la invasi\u00f3n a Ucrania - Lobos News","isPartOf":{"@id":"https:\/\/lobosnews.com.ar\/#website"},"primaryImageOfPage":{"@id":"https:\/\/lobosnews.com.ar\/index.php\/2026\/03\/15\/la-union-europea-decidio-prorrogar-las-sanciones-contra-2-600-personas-y-entidades-por-su-vinculo-con-la-invasion-a-ucrania\/#primaryimage"},"image":{"@id":"https:\/\/lobosnews.com.ar\/index.php\/2026\/03\/15\/la-union-europea-decidio-prorrogar-las-sanciones-contra-2-600-personas-y-entidades-por-su-vinculo-con-la-invasion-a-ucrania\/#primaryimage"},"thumbnailUrl":"https:\/\/lobosnews.com.ar\/wp-content\/uploads\/2026\/03\/la-union-europea-decidio-prorrogar-las-sanciones-contra-2-600-personas-y-entidades-por-su-vinculo-con-la-invasion-a-ucrania-4-scaled.jpg","datePublished":"2026-03-15T00:47:15+00:00","dateModified":"2026-03-15T03:20:39+00:00","breadcrumb":{"@id":"https:\/\/lobosnews.com.ar\/index.php\/2026\/03\/15\/la-union-europea-decidio-prorrogar-las-sanciones-contra-2-600-personas-y-entidades-por-su-vinculo-con-la-invasion-a-ucrania\/#breadcrumb"},"inLanguage":"es","potentialAction":[{"@type":"ReadAction","target":["https:\/\/lobosnews.com.ar\/index.php\/2026\/03\/15\/la-union-europea-decidio-prorrogar-las-sanciones-contra-2-600-personas-y-entidades-por-su-vinculo-con-la-invasion-a-ucrania\/"]}]},{"@type":"ImageObject","inLanguage":"es","@id":"https:\/\/lobosnews.com.ar\/index.php\/2026\/03\/15\/la-union-europea-decidio-prorrogar-las-sanciones-contra-2-600-personas-y-entidades-por-su-vinculo-con-la-invasion-a-ucrania\/#primaryimage","url":"https:\/\/lobosnews.com.ar\/wp-content\/uploads\/2026\/03\/la-union-europea-decidio-prorrogar-las-sanciones-contra-2-600-personas-y-entidades-por-su-vinculo-con-la-invasion-a-ucrania-4-scaled.jpg","contentUrl":"https:\/\/lobosnews.com.ar\/wp-content\/uploads\/2026\/03\/la-union-europea-decidio-prorrogar-las-sanciones-contra-2-600-personas-y-entidades-por-su-vinculo-con-la-invasion-a-ucrania-4-scaled.jpg","width":2560,"height":1765,"caption":"La Uni\u00f3n Europea decidi\u00f3 prorrogar las sanciones contra 2.600 personas y entidades por su v\u00ednculo con la invasi\u00f3n a Ucrania"},{"@type":"BreadcrumbList","@id":"https:\/\/lobosnews.com.ar\/index.php\/2026\/03\/15\/la-union-europea-decidio-prorrogar-las-sanciones-contra-2-600-personas-y-entidades-por-su-vinculo-con-la-invasion-a-ucrania\/#breadcrumb","itemListElement":[{"@type":"ListItem","position":1,"name":"Portada","item":"https:\/\/lobosnews.com.ar\/"},{"@type":"ListItem","position":2,"name":"La Uni\u00f3n Europea decidi\u00f3 prorrogar las sanciones contra 2.600 personas y entidades por su v\u00ednculo con la invasi\u00f3n a Ucrania"}]},{"@type":"WebSite","@id":"https:\/\/lobosnews.com.ar\/#website","url":"https:\/\/lobosnews.com.ar\/","name":"Lobos News","description":"Informaci\u00f3n a cada instante","publisher":{"@id":"https:\/\/lobosnews.com.ar\/#organization"},"potentialAction":[{"@type":"SearchAction","target":{"@type":"EntryPoint","urlTemplate":"https:\/\/lobosnews.com.ar\/?s={search_term_string}"},"query-input":{"@type":"PropertyValueSpecification","valueRequired":true,"valueName":"search_term_string"}}],"inLanguage":"es"},{"@type":"Organization","@id":"https:\/\/lobosnews.com.ar\/#organization","name":"Lobos News","url":"https:\/\/lobosnews.com.ar\/","logo":{"@type":"ImageObject","inLanguage":"es","@id":"https:\/\/lobosnews.com.ar\/#\/schema\/logo\/image\/","url":"https:\/\/lobosnews.com.ar\/wp-content\/uploads\/2026\/01\/logo-lobosnews.png","contentUrl":"https:\/\/lobosnews.com.ar\/wp-content\/uploads\/2026\/01\/logo-lobosnews.png","width":500,"height":200,"caption":"Lobos News"},"image":{"@id":"https:\/\/lobosnews.com.ar\/#\/schema\/logo\/image\/"}},{"@type":"Person","@id":"https:\/\/lobosnews.com.ar\/#\/schema\/person\/232422a593d5c541dd9aef6aaed10943","name":"admin","image":{"@type":"ImageObject","inLanguage":"es","@id":"https:\/\/lobosnews.com.ar\/#\/schema\/person\/image\/","url":"https:\/\/secure.gravatar.com\/avatar\/76e419471a2083bc3ceab22a763dbbf9b0c1bd15a6214cf3280e2c2dde4580f9?s=96&d=mm&r=g","contentUrl":"https:\/\/secure.gravatar.com\/avatar\/76e419471a2083bc3ceab22a763dbbf9b0c1bd15a6214cf3280e2c2dde4580f9?s=96&d=mm&r=g","caption":"admin"},"sameAs":["https:\/\/lobosnews.com.ar"],"url":"https:\/\/lobosnews.com.ar\/index.php\/author\/lobos-news\/"}]}},"jetpack_featured_media_url":"https:\/\/lobosnews.com.ar\/wp-content\/uploads\/2026\/03\/la-union-europea-decidio-prorrogar-las-sanciones-contra-2-600-personas-y-entidades-por-su-vinculo-con-la-invasion-a-ucrania-4-scaled.jpg","jetpack_sharing_enabled":true,"_links":{"self":[{"href":"https:\/\/lobosnews.com.ar\/index.php\/wp-json\/wp\/v2\/posts\/33608","targetHints":{"allow":["GET"]}}],"collection":[{"href":"https:\/\/lobosnews.com.ar\/index.php\/wp-json\/wp\/v2\/posts"}],"about":[{"href":"https:\/\/lobosnews.com.ar\/index.php\/wp-json\/wp\/v2\/types\/post"}],"author":[{"embeddable":true,"href":"https:\/\/lobosnews.com.ar\/index.php\/wp-json\/wp\/v2\/users\/1"}],"replies":[{"embeddable":true,"href":"https:\/\/lobosnews.com.ar\/index.php\/wp-json\/wp\/v2\/comments?post=33608"}],"version-history":[{"count":1,"href":"https:\/\/lobosnews.com.ar\/index.php\/wp-json\/wp\/v2\/posts\/33608\/revisions"}],"predecessor-version":[{"id":33612,"href":"https:\/\/lobosnews.com.ar\/index.php\/wp-json\/wp\/v2\/posts\/33608\/revisions\/33612"}],"wp:featuredmedia":[{"embeddable":true,"href":"https:\/\/lobosnews.com.ar\/index.php\/wp-json\/wp\/v2\/media\/33613"}],"wp:attachment":[{"href":"https:\/\/lobosnews.com.ar\/index.php\/wp-json\/wp\/v2\/media?parent=33608"}],"wp:term":[{"taxonomy":"category","embeddable":true,"href":"https:\/\/lobosnews.com.ar\/index.php\/wp-json\/wp\/v2\/categories?post=33608"},{"taxonomy":"post_tag","embeddable":true,"href":"https:\/\/lobosnews.com.ar\/index.php\/wp-json\/wp\/v2\/tags?post=33608"}],"curies":[{"name":"wp","href":"https:\/\/api.w.org\/{rel}","templated":true}]}}