{"id":33601,"date":"2026-03-15T01:38:33","date_gmt":"2026-03-15T01:38:33","guid":{"rendered":"https:\/\/lobosnews.com.ar\/index.php\/2026\/03\/15\/una-batalla-tras-otra-y-sinners-marcan-un-ano-de-duelos-cerrados-para-los-oscar-segun-critico-salvadoreno\/"},"modified":"2026-03-15T03:19:28","modified_gmt":"2026-03-15T03:19:28","slug":"una-batalla-tras-otra-y-sinners-marcan-un-ano-de-duelos-cerrados-para-los-oscar-segun-critico-salvadoreno","status":"publish","type":"post","link":"https:\/\/lobosnews.com.ar\/index.php\/2026\/03\/15\/una-batalla-tras-otra-y-sinners-marcan-un-ano-de-duelos-cerrados-para-los-oscar-segun-critico-salvadoreno\/","title":{"rendered":"\u201cUna batalla tras otra\u201d y \u201cSinners\u201d marcan un a\u00f1o de duelos cerrados para los \u00d3scar, seg\u00fan cr\u00edtico salvadore\u00f1o"},"content":{"rendered":"<p><img loading=\"lazy\" decoding=\"async\" src=\"https:\/\/lobosnews.com.ar\/wp-content\/uploads\/2026\/03\/una-batalla-tras-otra-y-sinners-marcan-un-ano-de-duelos-cerrados-para-los-oscar-segun-critico-salvadoreno.jpg\" alt=\"La ceremonia de los \u00d3scar ser\u00e1 ma\u00f1ana en el Dolby Theatre, Hollywood, Los \u00c1ngeles. (Danny Moloshok\/Invision\/AP)\" height=\"1080\" width=\"1920\"\/><\/p>\n<p>En la antesala de la ceremonia de los \u00d3scar, el cr\u00edtico de cine salvadore\u00f1o <b>Rolando Medina L\u00f3pez<\/b> comparti\u00f3 con <i>Infobae<\/i> un an\u00e1lisis detallado de los principales candidatos y las tendencias que observa para la edici\u00f3n de este a\u00f1o. <b>Medina L\u00f3pez anticipa una competencia especialmente re\u00f1ida entre \u201cSinners\u201d y \u201cUna batalla tras otra\u201d, y destaca la transformaci\u00f3n en los gustos y composici\u00f3n de la Academia de Artes y Ciencias Cinematogr\u00e1ficas<\/b>.<\/p>\n<p>Seg\u00fan relat\u00f3 Medina L\u00f3pez a <i>Infobae<\/i>, \u201ceste es un a\u00f1o muy at\u00edpico, porque entre \u2018Sinners\u2019 y \u2018Una batalla tras otra\u2019, no recordamos en los \u00faltimas ediciones realmente una carrera tan cerrada\u201d. Apunta que <b>\u201cSinners\u201d llega a los \u00d3scar con 16 nominaciones, mientras que \u201cUna batalla tras otra\u201d suma 14<\/b>, lo que ha contribuido a elevar la expectativa sobre cu\u00e1l de las dos ser\u00e1 consagrada como mejor pel\u00edcula. El cr\u00edtico identifica que la diversificaci\u00f3n de votantes, con cerca de un 25% entre afrodescendientes y otras minor\u00edas, ha influido en las decisiones de la Academia y ha roto la hegemon\u00eda hist\u00f3rica de un perfil dominante.<\/p>\n<p>En cuanto a sus preferencias personales, <b>Medina L\u00f3pez se\u00f1ala que \u201cUna batalla tras otra\u201d es la pel\u00edcula m\u00e1s importante del a\u00f1o y la que representa mejor el momento actual del cine estadounidense<\/b>. Argumenta que el desgaste de la industria y la b\u00fasqueda de nuevas respuestas creativas marcan este ciclo, y remite a antecedentes hist\u00f3ricos, como la influencia que tuvo la llegada de la televisi\u00f3n en los a\u00f1os cincuenta y el posterior viraje hacia un cine m\u00e1s experimental. \u201cEstamos en tiempos de cambio y a m\u00ed no me asusta\u201d, afirma. Sobre sus predicciones, reconoce que \u201cSinners\u201d parte como favorita por la cantidad de nominaciones y el respaldo de ciertos sectores de la Academia, pero sostiene: <b>\u201cMi favorita, la mejor pel\u00edcula del a\u00f1o y la m\u00e1s importante ya en un cine cansado y agotado estadounidense, es \u2018Una batalla tras otra\u2019\u201d<\/b>.<\/p>\n<p>En la categor\u00eda de mejor director, <b>Medina L\u00f3pez considera que Paul Thomas Anderson es el m\u00e1s firme candidato al \u00d3scar<\/b> y sostiene que su trabajo merecer\u00eda arrasar en todas las categor\u00edas principales. \u201cPaul Thomas Anderson, director de \u2018Una batalla tras otra\u2019, es el director estadounidense contempor\u00e1neo que tiene al menos cuatro obras maestras indiscutibles y ning\u00fan \u00d3scar a mejor director. \u00c9l lo ganar\u00e1. Pero yo preferir\u00eda hasta que lo perdiera si al final la Academia se decanta por repartir premios como pi\u00f1ata con el fin de que todas las pel\u00edculas ganen sin importar si lo merecen objetivamente, o no. Me gusta tanto \u2018Una batalla tras otra\u2019, que, prefiero que salga con cero estatuillas -hasta de mejor director- como fue con Asesinos de la luna, de Martin Scorsese\u201d, comenta. <\/p>\n<p><img loading=\"lazy\" decoding=\"async\" src=\"https:\/\/lobosnews.com.ar\/wp-content\/uploads\/2026\/03\/una-batalla-tras-otra-y-sinners-marcan-un-ano-de-duelos-cerrados-para-los-oscar-segun-critico-salvadoreno-1.jpg\" alt=\"El pasado 22 de febrero, el director Paul Thomas Anderson, pos\u00f3 con el elenco de Una batalla tras otra luego de haber ganado los premios BAFTA a la mejor pel\u00edcula, al director, al gui\u00f3n adaptado y a la fotograf\u00eda en el Royal Festival Hall del Southbank Centre de Londres, Gran Breta\u00f1a. (REUTERS\/Suzanne Plunkett)\" height=\"3391\" width=\"5086\"\/><\/p>\n<p>A\u00f1ade que si Anderson no triunfara ingresar\u00eda autom\u00e1ticamente a ese olimpo de grandes directores nunca premiados por la Academia como es el caso de \u201cHitchcock, Chaplin o Stanley Kubrick\u201d.<\/p>\n<p>Respecto a los actores de reparto, anticipa que <b>Sean Penn se perfila como favorito en la categor\u00eda de mejor actor de reparto<\/b>. Medina L\u00f3pez destaca la solidez de su trabajo en una pel\u00edcula que, seg\u00fan sus palabras, \u201ces un drama y es una comedia\u201d. \u201cSean Penn deber\u00eda ganar. Consistente desde su primer plano hasta el \u00faltimo. Es un trabajo de maravilla\u201d, sostiene.<\/p>\n<p>En la categor\u00eda de mejor actriz, <b>Medina L\u00f3pez apuesta por Jessie Buckley por \u201cHamnet\u201d como la gran favorita para llevarse la estatuilla<\/b>, aunque subraya que, en su opini\u00f3n, Renate Reinsve ofrece la interpretaci\u00f3n m\u00e1s memorable del a\u00f1o. Sobre Emma Stone, Ross Byrne y Kate Hudson, resalta el alto nivel de la competencia, pero mantiene su pron\u00f3stico: \u201cJesse Buckley. Formidable\u201d.<\/p>\n<p>La categor\u00eda de mejor actriz de reparto presenta una de las competencias m\u00e1s abiertas. Medina L\u00f3pez identifica a <b>Amy Madigan, por \u201cWeapons\u201d, como la aspirante con mayor probabilidad de triunfo<\/b>, aunque se\u00f1ala que la dispersi\u00f3n de votos entre las candidatas de \u201cValor sentimental\u201d y \u201cPecadoras\u201d podr\u00eda favorecerla. \u201cCreo que va a ganar Amy Madigan, porque tanto Elle Fanning como Inga \u0130ldsdotir, se han anulado\u201d, analiza.<\/p>\n<p><img loading=\"lazy\" decoding=\"async\" src=\"https:\/\/lobosnews.com.ar\/wp-content\/uploads\/2026\/03\/una-batalla-tras-otra-y-sinners-marcan-un-ano-de-duelos-cerrados-para-los-oscar-segun-critico-salvadoreno-2.jpg\" alt=\"Michael B. Jordan pos\u00f3 en la alfombra roja del Royal Festival Hall in the Southbank Centre, London, Britain, donde tuvo lugar la edici\u00f3n de este a\u00f1o de los premios BAFTA.\/ (REUTERS\/Isabel Infantes)\" height=\"3173\" width=\"2373\"\/><\/p>\n<p>En cuanto a mejor actor protagonista, el cr\u00edtico identifica a <b>Michael B. Jordan como el m\u00e1s probable ganador<\/b>, aunque expresa una preferencia personal por Leonardo DiCaprio y Wagner Moura, a quienes considera responsables de las actuaciones m\u00e1s s\u00f3lidas. \u201cYo quisiera que ganara Wagner Moura o Leonardo DiCaprio por \u2018Una batalla tras otra\u2019. Es m\u00e1s, yo quisiera un empate entre Wagner Moura y Leonardo DiCaprio\u201d, afirma.<\/p>\n<p>Medina L\u00f3pez tambi\u00e9n reflexiona sobre el papel de las plataformas en la industria. Sostiene que la disputa entre Disney y Netflix trasciende las simples plataformas y responde a modelos de producci\u00f3n distintos, y propone que \u201cNetflix deber\u00eda tener sus propios premios\u201d.<\/p>\n<p>Al cierre de su an\u00e1lisis, Medina L\u00f3pez concluye que la edici\u00f3n de este a\u00f1o quedar\u00e1 marcada por la diversidad de estilos y la ausencia de un claro dominante, en un contexto que sigue desafiando a la Academia y a la industria global.<\/p>\n","protected":false},"excerpt":{"rendered":"<p>En la antesala de la ceremonia de los \u00d3scar, el cr\u00edtico de cine salvadore\u00f1o Rolando Medina L\u00f3pez comparti\u00f3 con Infobae un an\u00e1lisis detallado de los principales candidatos y las tendencias que observa para la edici\u00f3n de este a\u00f1o. Medina L\u00f3pez anticipa una competencia especialmente re\u00f1ida entre \u201cSinners\u201d y \u201cUna batalla tras otra\u201d, y destaca la&#8230;<\/p>\n","protected":false},"author":1,"featured_media":33606,"comment_status":"open","ping_status":"closed","sticky":false,"template":"","format":"standard","meta":{"_jetpack_memberships_contains_paid_content":false,"footnotes":""},"categories":[31],"tags":[],"class_list":["post-33601","post","type-post","status-publish","format-standard","has-post-thumbnail","hentry","category-actualidad"],"magazineBlocksPostFeaturedMedia":{"thumbnail":"https:\/\/lobosnews.com.ar\/wp-content\/uploads\/2026\/03\/una-batalla-tras-otra-y-sinners-marcan-un-ano-de-duelos-cerrados-para-los-oscar-segun-critico-salvadoreno-4-150x150.jpg","medium":"https:\/\/lobosnews.com.ar\/wp-content\/uploads\/2026\/03\/una-batalla-tras-otra-y-sinners-marcan-un-ano-de-duelos-cerrados-para-los-oscar-segun-critico-salvadoreno-4-224x300.jpg","medium_large":"https:\/\/lobosnews.com.ar\/wp-content\/uploads\/2026\/03\/una-batalla-tras-otra-y-sinners-marcan-un-ano-de-duelos-cerrados-para-los-oscar-segun-critico-salvadoreno-4-768x1027.jpg","large":"https:\/\/lobosnews.com.ar\/wp-content\/uploads\/2026\/03\/una-batalla-tras-otra-y-sinners-marcan-un-ano-de-duelos-cerrados-para-los-oscar-segun-critico-salvadoreno-4-766x1024.jpg","1536x1536":"https:\/\/lobosnews.com.ar\/wp-content\/uploads\/2026\/03\/una-batalla-tras-otra-y-sinners-marcan-un-ano-de-duelos-cerrados-para-los-oscar-segun-critico-salvadoreno-4-1149x1536.jpg","2048x2048":"https:\/\/lobosnews.com.ar\/wp-content\/uploads\/2026\/03\/una-batalla-tras-otra-y-sinners-marcan-un-ano-de-duelos-cerrados-para-los-oscar-segun-critico-salvadoreno-4-1532x2048.jpg","newsmatic-featured":"https:\/\/lobosnews.com.ar\/wp-content\/uploads\/2026\/03\/una-batalla-tras-otra-y-sinners-marcan-un-ano-de-duelos-cerrados-para-los-oscar-segun-critico-salvadoreno-4-820x545.jpg","newsmatic-list":"https:\/\/lobosnews.com.ar\/wp-content\/uploads\/2026\/03\/una-batalla-tras-otra-y-sinners-marcan-un-ano-de-duelos-cerrados-para-los-oscar-segun-critico-salvadoreno-4-600x400.jpg","newsmatic-thumb":"https:\/\/lobosnews.com.ar\/wp-content\/uploads\/2026\/03\/una-batalla-tras-otra-y-sinners-marcan-un-ano-de-duelos-cerrados-para-los-oscar-segun-critico-salvadoreno-4-300x200.jpg","newsmatic-small":"https:\/\/lobosnews.com.ar\/wp-content\/uploads\/2026\/03\/una-batalla-tras-otra-y-sinners-marcan-un-ano-de-duelos-cerrados-para-los-oscar-segun-critico-salvadoreno-4-150x95.jpg","newsmatic-grid":"https:\/\/lobosnews.com.ar\/wp-content\/uploads\/2026\/03\/una-batalla-tras-otra-y-sinners-marcan-un-ano-de-duelos-cerrados-para-los-oscar-segun-critico-salvadoreno-4-400x250.jpg"},"magazineBlocksPostAuthor":{"name":"admin","avatar":"https:\/\/secure.gravatar.com\/avatar\/76e419471a2083bc3ceab22a763dbbf9b0c1bd15a6214cf3280e2c2dde4580f9?s=96&d=mm&r=g"},"magazineBlocksPostCommentsNumber":"0","magazineBlocksPostExcerpt":"En la antesala de la ceremonia de los \u00d3scar, el cr\u00edtico de cine salvadore\u00f1o Rolando Medina L\u00f3pez comparti\u00f3 con Infobae un an\u00e1lisis detallado de los principales candidatos y las tendencias que observa para la edici\u00f3n de este a\u00f1o. Medina L\u00f3pez anticipa una competencia especialmente re\u00f1ida entre \u201cSinners\u201d y \u201cUna batalla tras otra\u201d, y destaca la...","magazineBlocksPostCategories":["Actualidad"],"magazineBlocksPostViewCount":106,"magazineBlocksPostReadTime":5,"magazine_blocks_featured_image_url":{"full":["https:\/\/lobosnews.com.ar\/wp-content\/uploads\/2026\/03\/una-batalla-tras-otra-y-sinners-marcan-un-ano-de-duelos-cerrados-para-los-oscar-segun-critico-salvadoreno-4-scaled.jpg",1915,2560,false],"medium":["https:\/\/lobosnews.com.ar\/wp-content\/uploads\/2026\/03\/una-batalla-tras-otra-y-sinners-marcan-un-ano-de-duelos-cerrados-para-los-oscar-segun-critico-salvadoreno-4-224x300.jpg",224,300,true],"thumbnail":["https:\/\/lobosnews.com.ar\/wp-content\/uploads\/2026\/03\/una-batalla-tras-otra-y-sinners-marcan-un-ano-de-duelos-cerrados-para-los-oscar-segun-critico-salvadoreno-4-150x150.jpg",150,150,true]},"magazine_blocks_author":{"display_name":"admin","author_link":"https:\/\/lobosnews.com.ar\/index.php\/author\/lobos-news\/"},"magazine_blocks_comment":0,"magazine_blocks_author_image":"https:\/\/secure.gravatar.com\/avatar\/76e419471a2083bc3ceab22a763dbbf9b0c1bd15a6214cf3280e2c2dde4580f9?s=96&d=mm&r=g","magazine_blocks_category":"<a href=\"#\" class=\"category-link category-link-31\">Actualidad<\/a>","yoast_head":"<!-- This site is optimized with the Yoast SEO plugin v26.6 - https:\/\/yoast.com\/wordpress\/plugins\/seo\/ -->\n<title>\u201cUna batalla tras otra\u201d y \u201cSinners\u201d marcan un a\u00f1o de duelos cerrados para los \u00d3scar, seg\u00fan cr\u00edtico salvadore\u00f1o - Lobos News<\/title>\n<meta name=\"robots\" content=\"index, follow, max-snippet:-1, max-image-preview:large, max-video-preview:-1\" \/>\n<link rel=\"canonical\" href=\"https:\/\/lobosnews.com.ar\/index.php\/2026\/03\/15\/una-batalla-tras-otra-y-sinners-marcan-un-ano-de-duelos-cerrados-para-los-oscar-segun-critico-salvadoreno\/\" \/>\n<meta property=\"og:locale\" content=\"es_ES\" \/>\n<meta property=\"og:type\" content=\"article\" \/>\n<meta property=\"og:title\" content=\"\u201cUna batalla tras otra\u201d y \u201cSinners\u201d marcan un a\u00f1o de duelos cerrados para los \u00d3scar, seg\u00fan cr\u00edtico salvadore\u00f1o - Lobos News\" \/>\n<meta property=\"og:description\" content=\"En la antesala de la ceremonia de los \u00d3scar, el cr\u00edtico de cine salvadore\u00f1o Rolando Medina L\u00f3pez comparti\u00f3 con Infobae un an\u00e1lisis detallado de los principales candidatos y las tendencias que observa para la edici\u00f3n de este a\u00f1o. Medina L\u00f3pez anticipa una competencia especialmente re\u00f1ida entre \u201cSinners\u201d y \u201cUna batalla tras otra\u201d, y destaca la...\" \/>\n<meta property=\"og:url\" content=\"https:\/\/lobosnews.com.ar\/index.php\/2026\/03\/15\/una-batalla-tras-otra-y-sinners-marcan-un-ano-de-duelos-cerrados-para-los-oscar-segun-critico-salvadoreno\/\" \/>\n<meta property=\"og:site_name\" content=\"Lobos News\" \/>\n<meta property=\"article:published_time\" content=\"2026-03-15T01:38:33+00:00\" \/>\n<meta property=\"article:modified_time\" content=\"2026-03-15T03:19:28+00:00\" \/>\n<meta property=\"og:image\" content=\"https:\/\/lobosnews.com.ar\/wp-content\/uploads\/2026\/03\/una-batalla-tras-otra-y-sinners-marcan-un-ano-de-duelos-cerrados-para-los-oscar-segun-critico-salvadoreno.jpg\" \/>\n<meta name=\"author\" content=\"admin\" \/>\n<meta name=\"twitter:card\" content=\"summary_large_image\" \/>\n<meta name=\"twitter:label1\" content=\"Escrito por\" \/>\n\t<meta name=\"twitter:data1\" content=\"admin\" \/>\n\t<meta name=\"twitter:label2\" content=\"Tiempo de lectura\" \/>\n\t<meta name=\"twitter:data2\" content=\"4 minutos\" \/>\n<script type=\"application\/ld+json\" class=\"yoast-schema-graph\">{\"@context\":\"https:\/\/schema.org\",\"@graph\":[{\"@type\":\"Article\",\"@id\":\"https:\/\/lobosnews.com.ar\/index.php\/2026\/03\/15\/una-batalla-tras-otra-y-sinners-marcan-un-ano-de-duelos-cerrados-para-los-oscar-segun-critico-salvadoreno\/#article\",\"isPartOf\":{\"@id\":\"https:\/\/lobosnews.com.ar\/index.php\/2026\/03\/15\/una-batalla-tras-otra-y-sinners-marcan-un-ano-de-duelos-cerrados-para-los-oscar-segun-critico-salvadoreno\/\"},\"author\":{\"name\":\"admin\",\"@id\":\"https:\/\/lobosnews.com.ar\/#\/schema\/person\/232422a593d5c541dd9aef6aaed10943\"},\"headline\":\"\u201cUna batalla tras otra\u201d y \u201cSinners\u201d marcan un a\u00f1o de duelos cerrados para los \u00d3scar, seg\u00fan cr\u00edtico salvadore\u00f1o\",\"datePublished\":\"2026-03-15T01:38:33+00:00\",\"dateModified\":\"2026-03-15T03:19:28+00:00\",\"mainEntityOfPage\":{\"@id\":\"https:\/\/lobosnews.com.ar\/index.php\/2026\/03\/15\/una-batalla-tras-otra-y-sinners-marcan-un-ano-de-duelos-cerrados-para-los-oscar-segun-critico-salvadoreno\/\"},\"wordCount\":899,\"commentCount\":0,\"publisher\":{\"@id\":\"https:\/\/lobosnews.com.ar\/#organization\"},\"image\":{\"@id\":\"https:\/\/lobosnews.com.ar\/index.php\/2026\/03\/15\/una-batalla-tras-otra-y-sinners-marcan-un-ano-de-duelos-cerrados-para-los-oscar-segun-critico-salvadoreno\/#primaryimage\"},\"thumbnailUrl\":\"https:\/\/lobosnews.com.ar\/wp-content\/uploads\/2026\/03\/una-batalla-tras-otra-y-sinners-marcan-un-ano-de-duelos-cerrados-para-los-oscar-segun-critico-salvadoreno-4-scaled.jpg\",\"articleSection\":[\"Actualidad\"],\"inLanguage\":\"es\",\"potentialAction\":[{\"@type\":\"CommentAction\",\"name\":\"Comment\",\"target\":[\"https:\/\/lobosnews.com.ar\/index.php\/2026\/03\/15\/una-batalla-tras-otra-y-sinners-marcan-un-ano-de-duelos-cerrados-para-los-oscar-segun-critico-salvadoreno\/#respond\"]}]},{\"@type\":\"WebPage\",\"@id\":\"https:\/\/lobosnews.com.ar\/index.php\/2026\/03\/15\/una-batalla-tras-otra-y-sinners-marcan-un-ano-de-duelos-cerrados-para-los-oscar-segun-critico-salvadoreno\/\",\"url\":\"https:\/\/lobosnews.com.ar\/index.php\/2026\/03\/15\/una-batalla-tras-otra-y-sinners-marcan-un-ano-de-duelos-cerrados-para-los-oscar-segun-critico-salvadoreno\/\",\"name\":\"\u201cUna batalla tras otra\u201d y \u201cSinners\u201d marcan un a\u00f1o de duelos cerrados para los \u00d3scar, seg\u00fan cr\u00edtico salvadore\u00f1o - Lobos News\",\"isPartOf\":{\"@id\":\"https:\/\/lobosnews.com.ar\/#website\"},\"primaryImageOfPage\":{\"@id\":\"https:\/\/lobosnews.com.ar\/index.php\/2026\/03\/15\/una-batalla-tras-otra-y-sinners-marcan-un-ano-de-duelos-cerrados-para-los-oscar-segun-critico-salvadoreno\/#primaryimage\"},\"image\":{\"@id\":\"https:\/\/lobosnews.com.ar\/index.php\/2026\/03\/15\/una-batalla-tras-otra-y-sinners-marcan-un-ano-de-duelos-cerrados-para-los-oscar-segun-critico-salvadoreno\/#primaryimage\"},\"thumbnailUrl\":\"https:\/\/lobosnews.com.ar\/wp-content\/uploads\/2026\/03\/una-batalla-tras-otra-y-sinners-marcan-un-ano-de-duelos-cerrados-para-los-oscar-segun-critico-salvadoreno-4-scaled.jpg\",\"datePublished\":\"2026-03-15T01:38:33+00:00\",\"dateModified\":\"2026-03-15T03:19:28+00:00\",\"breadcrumb\":{\"@id\":\"https:\/\/lobosnews.com.ar\/index.php\/2026\/03\/15\/una-batalla-tras-otra-y-sinners-marcan-un-ano-de-duelos-cerrados-para-los-oscar-segun-critico-salvadoreno\/#breadcrumb\"},\"inLanguage\":\"es\",\"potentialAction\":[{\"@type\":\"ReadAction\",\"target\":[\"https:\/\/lobosnews.com.ar\/index.php\/2026\/03\/15\/una-batalla-tras-otra-y-sinners-marcan-un-ano-de-duelos-cerrados-para-los-oscar-segun-critico-salvadoreno\/\"]}]},{\"@type\":\"ImageObject\",\"inLanguage\":\"es\",\"@id\":\"https:\/\/lobosnews.com.ar\/index.php\/2026\/03\/15\/una-batalla-tras-otra-y-sinners-marcan-un-ano-de-duelos-cerrados-para-los-oscar-segun-critico-salvadoreno\/#primaryimage\",\"url\":\"https:\/\/lobosnews.com.ar\/wp-content\/uploads\/2026\/03\/una-batalla-tras-otra-y-sinners-marcan-un-ano-de-duelos-cerrados-para-los-oscar-segun-critico-salvadoreno-4-scaled.jpg\",\"contentUrl\":\"https:\/\/lobosnews.com.ar\/wp-content\/uploads\/2026\/03\/una-batalla-tras-otra-y-sinners-marcan-un-ano-de-duelos-cerrados-para-los-oscar-segun-critico-salvadoreno-4-scaled.jpg\",\"width\":1915,\"height\":2560,\"caption\":\"\u201cUna batalla tras otra\u201d y \u201cSinners\u201d marcan un a\u00f1o de duelos cerrados para los \u00d3scar, seg\u00fan cr\u00edtico salvadore\u00f1o\"},{\"@type\":\"BreadcrumbList\",\"@id\":\"https:\/\/lobosnews.com.ar\/index.php\/2026\/03\/15\/una-batalla-tras-otra-y-sinners-marcan-un-ano-de-duelos-cerrados-para-los-oscar-segun-critico-salvadoreno\/#breadcrumb\",\"itemListElement\":[{\"@type\":\"ListItem\",\"position\":1,\"name\":\"Portada\",\"item\":\"https:\/\/lobosnews.com.ar\/\"},{\"@type\":\"ListItem\",\"position\":2,\"name\":\"\u201cUna batalla tras otra\u201d y \u201cSinners\u201d marcan un a\u00f1o de duelos cerrados para los \u00d3scar, seg\u00fan cr\u00edtico salvadore\u00f1o\"}]},{\"@type\":\"WebSite\",\"@id\":\"https:\/\/lobosnews.com.ar\/#website\",\"url\":\"https:\/\/lobosnews.com.ar\/\",\"name\":\"Lobos News\",\"description\":\"Informaci\u00f3n a cada instante\",\"publisher\":{\"@id\":\"https:\/\/lobosnews.com.ar\/#organization\"},\"potentialAction\":[{\"@type\":\"SearchAction\",\"target\":{\"@type\":\"EntryPoint\",\"urlTemplate\":\"https:\/\/lobosnews.com.ar\/?s={search_term_string}\"},\"query-input\":{\"@type\":\"PropertyValueSpecification\",\"valueRequired\":true,\"valueName\":\"search_term_string\"}}],\"inLanguage\":\"es\"},{\"@type\":\"Organization\",\"@id\":\"https:\/\/lobosnews.com.ar\/#organization\",\"name\":\"Lobos News\",\"url\":\"https:\/\/lobosnews.com.ar\/\",\"logo\":{\"@type\":\"ImageObject\",\"inLanguage\":\"es\",\"@id\":\"https:\/\/lobosnews.com.ar\/#\/schema\/logo\/image\/\",\"url\":\"https:\/\/lobosnews.com.ar\/wp-content\/uploads\/2026\/01\/logo-lobosnews.png\",\"contentUrl\":\"https:\/\/lobosnews.com.ar\/wp-content\/uploads\/2026\/01\/logo-lobosnews.png\",\"width\":500,\"height\":200,\"caption\":\"Lobos News\"},\"image\":{\"@id\":\"https:\/\/lobosnews.com.ar\/#\/schema\/logo\/image\/\"}},{\"@type\":\"Person\",\"@id\":\"https:\/\/lobosnews.com.ar\/#\/schema\/person\/232422a593d5c541dd9aef6aaed10943\",\"name\":\"admin\",\"image\":{\"@type\":\"ImageObject\",\"inLanguage\":\"es\",\"@id\":\"https:\/\/lobosnews.com.ar\/#\/schema\/person\/image\/\",\"url\":\"https:\/\/secure.gravatar.com\/avatar\/76e419471a2083bc3ceab22a763dbbf9b0c1bd15a6214cf3280e2c2dde4580f9?s=96&d=mm&r=g\",\"contentUrl\":\"https:\/\/secure.gravatar.com\/avatar\/76e419471a2083bc3ceab22a763dbbf9b0c1bd15a6214cf3280e2c2dde4580f9?s=96&d=mm&r=g\",\"caption\":\"admin\"},\"sameAs\":[\"https:\/\/lobosnews.com.ar\"],\"url\":\"https:\/\/lobosnews.com.ar\/index.php\/author\/lobos-news\/\"}]}<\/script>\n<!-- \/ Yoast SEO plugin. -->","yoast_head_json":{"title":"\u201cUna batalla tras otra\u201d y \u201cSinners\u201d marcan un a\u00f1o de duelos cerrados para los \u00d3scar, seg\u00fan cr\u00edtico salvadore\u00f1o - Lobos News","robots":{"index":"index","follow":"follow","max-snippet":"max-snippet:-1","max-image-preview":"max-image-preview:large","max-video-preview":"max-video-preview:-1"},"canonical":"https:\/\/lobosnews.com.ar\/index.php\/2026\/03\/15\/una-batalla-tras-otra-y-sinners-marcan-un-ano-de-duelos-cerrados-para-los-oscar-segun-critico-salvadoreno\/","og_locale":"es_ES","og_type":"article","og_title":"\u201cUna batalla tras otra\u201d y \u201cSinners\u201d marcan un a\u00f1o de duelos cerrados para los \u00d3scar, seg\u00fan cr\u00edtico salvadore\u00f1o - Lobos News","og_description":"En la antesala de la ceremonia de los \u00d3scar, el cr\u00edtico de cine salvadore\u00f1o Rolando Medina L\u00f3pez comparti\u00f3 con Infobae un an\u00e1lisis detallado de los principales candidatos y las tendencias que observa para la edici\u00f3n de este a\u00f1o. Medina L\u00f3pez anticipa una competencia especialmente re\u00f1ida entre \u201cSinners\u201d y \u201cUna batalla tras otra\u201d, y destaca la...","og_url":"https:\/\/lobosnews.com.ar\/index.php\/2026\/03\/15\/una-batalla-tras-otra-y-sinners-marcan-un-ano-de-duelos-cerrados-para-los-oscar-segun-critico-salvadoreno\/","og_site_name":"Lobos News","article_published_time":"2026-03-15T01:38:33+00:00","article_modified_time":"2026-03-15T03:19:28+00:00","og_image":[{"url":"https:\/\/lobosnews.com.ar\/wp-content\/uploads\/2026\/03\/una-batalla-tras-otra-y-sinners-marcan-un-ano-de-duelos-cerrados-para-los-oscar-segun-critico-salvadoreno.jpg","type":"","width":"","height":""}],"author":"admin","twitter_card":"summary_large_image","twitter_misc":{"Escrito por":"admin","Tiempo de lectura":"4 minutos"},"schema":{"@context":"https:\/\/schema.org","@graph":[{"@type":"Article","@id":"https:\/\/lobosnews.com.ar\/index.php\/2026\/03\/15\/una-batalla-tras-otra-y-sinners-marcan-un-ano-de-duelos-cerrados-para-los-oscar-segun-critico-salvadoreno\/#article","isPartOf":{"@id":"https:\/\/lobosnews.com.ar\/index.php\/2026\/03\/15\/una-batalla-tras-otra-y-sinners-marcan-un-ano-de-duelos-cerrados-para-los-oscar-segun-critico-salvadoreno\/"},"author":{"name":"admin","@id":"https:\/\/lobosnews.com.ar\/#\/schema\/person\/232422a593d5c541dd9aef6aaed10943"},"headline":"\u201cUna batalla tras otra\u201d y \u201cSinners\u201d marcan un a\u00f1o de duelos cerrados para los \u00d3scar, seg\u00fan cr\u00edtico salvadore\u00f1o","datePublished":"2026-03-15T01:38:33+00:00","dateModified":"2026-03-15T03:19:28+00:00","mainEntityOfPage":{"@id":"https:\/\/lobosnews.com.ar\/index.php\/2026\/03\/15\/una-batalla-tras-otra-y-sinners-marcan-un-ano-de-duelos-cerrados-para-los-oscar-segun-critico-salvadoreno\/"},"wordCount":899,"commentCount":0,"publisher":{"@id":"https:\/\/lobosnews.com.ar\/#organization"},"image":{"@id":"https:\/\/lobosnews.com.ar\/index.php\/2026\/03\/15\/una-batalla-tras-otra-y-sinners-marcan-un-ano-de-duelos-cerrados-para-los-oscar-segun-critico-salvadoreno\/#primaryimage"},"thumbnailUrl":"https:\/\/lobosnews.com.ar\/wp-content\/uploads\/2026\/03\/una-batalla-tras-otra-y-sinners-marcan-un-ano-de-duelos-cerrados-para-los-oscar-segun-critico-salvadoreno-4-scaled.jpg","articleSection":["Actualidad"],"inLanguage":"es","potentialAction":[{"@type":"CommentAction","name":"Comment","target":["https:\/\/lobosnews.com.ar\/index.php\/2026\/03\/15\/una-batalla-tras-otra-y-sinners-marcan-un-ano-de-duelos-cerrados-para-los-oscar-segun-critico-salvadoreno\/#respond"]}]},{"@type":"WebPage","@id":"https:\/\/lobosnews.com.ar\/index.php\/2026\/03\/15\/una-batalla-tras-otra-y-sinners-marcan-un-ano-de-duelos-cerrados-para-los-oscar-segun-critico-salvadoreno\/","url":"https:\/\/lobosnews.com.ar\/index.php\/2026\/03\/15\/una-batalla-tras-otra-y-sinners-marcan-un-ano-de-duelos-cerrados-para-los-oscar-segun-critico-salvadoreno\/","name":"\u201cUna batalla tras otra\u201d y \u201cSinners\u201d marcan un a\u00f1o de duelos cerrados para los \u00d3scar, seg\u00fan cr\u00edtico salvadore\u00f1o - Lobos News","isPartOf":{"@id":"https:\/\/lobosnews.com.ar\/#website"},"primaryImageOfPage":{"@id":"https:\/\/lobosnews.com.ar\/index.php\/2026\/03\/15\/una-batalla-tras-otra-y-sinners-marcan-un-ano-de-duelos-cerrados-para-los-oscar-segun-critico-salvadoreno\/#primaryimage"},"image":{"@id":"https:\/\/lobosnews.com.ar\/index.php\/2026\/03\/15\/una-batalla-tras-otra-y-sinners-marcan-un-ano-de-duelos-cerrados-para-los-oscar-segun-critico-salvadoreno\/#primaryimage"},"thumbnailUrl":"https:\/\/lobosnews.com.ar\/wp-content\/uploads\/2026\/03\/una-batalla-tras-otra-y-sinners-marcan-un-ano-de-duelos-cerrados-para-los-oscar-segun-critico-salvadoreno-4-scaled.jpg","datePublished":"2026-03-15T01:38:33+00:00","dateModified":"2026-03-15T03:19:28+00:00","breadcrumb":{"@id":"https:\/\/lobosnews.com.ar\/index.php\/2026\/03\/15\/una-batalla-tras-otra-y-sinners-marcan-un-ano-de-duelos-cerrados-para-los-oscar-segun-critico-salvadoreno\/#breadcrumb"},"inLanguage":"es","potentialAction":[{"@type":"ReadAction","target":["https:\/\/lobosnews.com.ar\/index.php\/2026\/03\/15\/una-batalla-tras-otra-y-sinners-marcan-un-ano-de-duelos-cerrados-para-los-oscar-segun-critico-salvadoreno\/"]}]},{"@type":"ImageObject","inLanguage":"es","@id":"https:\/\/lobosnews.com.ar\/index.php\/2026\/03\/15\/una-batalla-tras-otra-y-sinners-marcan-un-ano-de-duelos-cerrados-para-los-oscar-segun-critico-salvadoreno\/#primaryimage","url":"https:\/\/lobosnews.com.ar\/wp-content\/uploads\/2026\/03\/una-batalla-tras-otra-y-sinners-marcan-un-ano-de-duelos-cerrados-para-los-oscar-segun-critico-salvadoreno-4-scaled.jpg","contentUrl":"https:\/\/lobosnews.com.ar\/wp-content\/uploads\/2026\/03\/una-batalla-tras-otra-y-sinners-marcan-un-ano-de-duelos-cerrados-para-los-oscar-segun-critico-salvadoreno-4-scaled.jpg","width":1915,"height":2560,"caption":"\u201cUna batalla tras otra\u201d y \u201cSinners\u201d marcan un a\u00f1o de duelos cerrados para los \u00d3scar, seg\u00fan cr\u00edtico salvadore\u00f1o"},{"@type":"BreadcrumbList","@id":"https:\/\/lobosnews.com.ar\/index.php\/2026\/03\/15\/una-batalla-tras-otra-y-sinners-marcan-un-ano-de-duelos-cerrados-para-los-oscar-segun-critico-salvadoreno\/#breadcrumb","itemListElement":[{"@type":"ListItem","position":1,"name":"Portada","item":"https:\/\/lobosnews.com.ar\/"},{"@type":"ListItem","position":2,"name":"\u201cUna batalla tras otra\u201d y \u201cSinners\u201d marcan un a\u00f1o de duelos cerrados para los \u00d3scar, seg\u00fan cr\u00edtico salvadore\u00f1o"}]},{"@type":"WebSite","@id":"https:\/\/lobosnews.com.ar\/#website","url":"https:\/\/lobosnews.com.ar\/","name":"Lobos News","description":"Informaci\u00f3n a cada instante","publisher":{"@id":"https:\/\/lobosnews.com.ar\/#organization"},"potentialAction":[{"@type":"SearchAction","target":{"@type":"EntryPoint","urlTemplate":"https:\/\/lobosnews.com.ar\/?s={search_term_string}"},"query-input":{"@type":"PropertyValueSpecification","valueRequired":true,"valueName":"search_term_string"}}],"inLanguage":"es"},{"@type":"Organization","@id":"https:\/\/lobosnews.com.ar\/#organization","name":"Lobos News","url":"https:\/\/lobosnews.com.ar\/","logo":{"@type":"ImageObject","inLanguage":"es","@id":"https:\/\/lobosnews.com.ar\/#\/schema\/logo\/image\/","url":"https:\/\/lobosnews.com.ar\/wp-content\/uploads\/2026\/01\/logo-lobosnews.png","contentUrl":"https:\/\/lobosnews.com.ar\/wp-content\/uploads\/2026\/01\/logo-lobosnews.png","width":500,"height":200,"caption":"Lobos News"},"image":{"@id":"https:\/\/lobosnews.com.ar\/#\/schema\/logo\/image\/"}},{"@type":"Person","@id":"https:\/\/lobosnews.com.ar\/#\/schema\/person\/232422a593d5c541dd9aef6aaed10943","name":"admin","image":{"@type":"ImageObject","inLanguage":"es","@id":"https:\/\/lobosnews.com.ar\/#\/schema\/person\/image\/","url":"https:\/\/secure.gravatar.com\/avatar\/76e419471a2083bc3ceab22a763dbbf9b0c1bd15a6214cf3280e2c2dde4580f9?s=96&d=mm&r=g","contentUrl":"https:\/\/secure.gravatar.com\/avatar\/76e419471a2083bc3ceab22a763dbbf9b0c1bd15a6214cf3280e2c2dde4580f9?s=96&d=mm&r=g","caption":"admin"},"sameAs":["https:\/\/lobosnews.com.ar"],"url":"https:\/\/lobosnews.com.ar\/index.php\/author\/lobos-news\/"}]}},"jetpack_featured_media_url":"https:\/\/lobosnews.com.ar\/wp-content\/uploads\/2026\/03\/una-batalla-tras-otra-y-sinners-marcan-un-ano-de-duelos-cerrados-para-los-oscar-segun-critico-salvadoreno-4-scaled.jpg","jetpack_sharing_enabled":true,"_links":{"self":[{"href":"https:\/\/lobosnews.com.ar\/index.php\/wp-json\/wp\/v2\/posts\/33601","targetHints":{"allow":["GET"]}}],"collection":[{"href":"https:\/\/lobosnews.com.ar\/index.php\/wp-json\/wp\/v2\/posts"}],"about":[{"href":"https:\/\/lobosnews.com.ar\/index.php\/wp-json\/wp\/v2\/types\/post"}],"author":[{"embeddable":true,"href":"https:\/\/lobosnews.com.ar\/index.php\/wp-json\/wp\/v2\/users\/1"}],"replies":[{"embeddable":true,"href":"https:\/\/lobosnews.com.ar\/index.php\/wp-json\/wp\/v2\/comments?post=33601"}],"version-history":[{"count":1,"href":"https:\/\/lobosnews.com.ar\/index.php\/wp-json\/wp\/v2\/posts\/33601\/revisions"}],"predecessor-version":[{"id":33605,"href":"https:\/\/lobosnews.com.ar\/index.php\/wp-json\/wp\/v2\/posts\/33601\/revisions\/33605"}],"wp:featuredmedia":[{"embeddable":true,"href":"https:\/\/lobosnews.com.ar\/index.php\/wp-json\/wp\/v2\/media\/33606"}],"wp:attachment":[{"href":"https:\/\/lobosnews.com.ar\/index.php\/wp-json\/wp\/v2\/media?parent=33601"}],"wp:term":[{"taxonomy":"category","embeddable":true,"href":"https:\/\/lobosnews.com.ar\/index.php\/wp-json\/wp\/v2\/categories?post=33601"},{"taxonomy":"post_tag","embeddable":true,"href":"https:\/\/lobosnews.com.ar\/index.php\/wp-json\/wp\/v2\/tags?post=33601"}],"curies":[{"name":"wp","href":"https:\/\/api.w.org\/{rel}","templated":true}]}}