{"id":33581,"date":"2026-03-15T00:51:11","date_gmt":"2026-03-15T00:51:11","guid":{"rendered":"https:\/\/lobosnews.com.ar\/index.php\/2026\/03\/15\/golpe-en-la-barra-brava-de-tristan-suarez-detuvieron-al-lider-el-cuervo-straub-por-intento-de-homicidio\/"},"modified":"2026-03-15T02:54:56","modified_gmt":"2026-03-15T02:54:56","slug":"golpe-en-la-barra-brava-de-tristan-suarez-detuvieron-al-lider-el-cuervo-straub-por-intento-de-homicidio","status":"publish","type":"post","link":"https:\/\/lobosnews.com.ar\/index.php\/2026\/03\/15\/golpe-en-la-barra-brava-de-tristan-suarez-detuvieron-al-lider-el-cuervo-straub-por-intento-de-homicidio\/","title":{"rendered":"Golpe en la barra brava de Trist\u00e1n Su\u00e1rez: detuvieron al l\u00edder, \u201cEl Cuervo\u201d Straub, por intento de homicidio"},"content":{"rendered":"<p><img loading=\"lazy\" decoding=\"async\" src=\"https:\/\/lobosnews.com.ar\/wp-content\/uploads\/2026\/03\/golpe-en-la-barra-brava-de-tristan-suarez-detuvieron-al-lider-el-cuervo-straub-por-intento-de-homicidio.jpg\" alt=\"H\u00e9ctor Cuervo Straub fue detenido por la Polic\u00eda Federal Argentina por intento de homicidio\" height=\"1117\" width=\"1327\"\/><\/p>\n<p><b>H\u00e9ctor Straub<\/b> pensaba que la impunidad ser\u00eda para siempre. Hab\u00eda ganado la barra de <b>Trist\u00e1n Su\u00e1rez<\/b> cinco a\u00f1os atr\u00e1s, cuando sus predecesores, <b>Jorge <\/b><i><b>Karma<\/b><\/i><b> Karamaz\u00edn<\/b> y <b>Fernando Julio Chac\u00f3n<\/b>, alias <i>Nando<\/i>, cayeron presos. El primero fue detenido por estar involucrado con una <b>extorsi\u00f3n de la mafia china a supermercadistas orientales<\/b>, donde hac\u00eda de chofer, campana y todos los mandados que le encargaban. El segundo acusado, de <b>manejar un delivery de drogas en Ezeiza, Ca\u00f1uelas y Esteban Echeverr\u00eda<\/b> con un call center espec\u00edficamente dedicado a los estupefacientes. <\/p>\n<p>Fue entonces que <b>Straub<\/b>, alias<i> El Cuervo<\/i>, se dio cuenta que era su momento. Y durante pacientes 36 meses fue construyendo poder con contactos con el Justicialismo local, gente de Seguridad y dirigentes. Pero cuando <i>Karma<\/i> sali\u00f3 de la c\u00e1rcel quiso volver y la cosa se puso caliente durante un tiempito, hasta que se lleg\u00f3 a una soluci\u00f3n salom\u00f3nica:<b> el <\/b><i><b>Cuervo<\/b><\/i><b> se quedaba con la tribuna local y los beneficios de la jefatura y el <\/b><i><b>Karma <\/b><\/i><b>pod\u00eda ir con los suyos<\/b>, bastante menos en n\u00famero, a la vieja tribuna visitante, ahora que s\u00f3lo se juega con hinchas propios.<\/p>\n<p>La convivencia dentro del estadio del <i>Lechero <\/i>no sufri\u00f3 inconvenientes m\u00e1s all\u00e1 de algunos problemas en los barrios, que se arreglaban all\u00ed. Pero el a\u00f1o pasado, <i><b>Karma<\/b><\/i><b> trajo gente de Laferrere para hacerse fuerte y pensar en un regreso a todo vapor<\/b>. Y <b>Straub <\/b>empez\u00f3 a ver una mano negra detr\u00e1s. Ya hab\u00eda tenido inconvenientes judiciales pero como siempre sali\u00f3 indemne, pens\u00f3 que podr\u00eda seguir haciendo de las suyas sin tener que pagar ning\u00fan costo. Entonces, dio con uno de sus rivales en la popular y decidi\u00f3 dejar un mensaje para el resto:<b> junto a otros dos barras de su facci\u00f3n, lo molieron a palos en el cruce de la avenida Argentina y la calle Canale, en plena localidad de Trist\u00e1n Su\u00e1rez<\/b>. Primero fueron golpes y despu\u00e9s, seg\u00fan la denuncia judicial,<b> la agresi\u00f3n continu\u00f3 con un bate de b\u00e9isbol hasta dejarlo completamente inconsciente<\/b>.<\/p>\n<p><img loading=\"lazy\" decoding=\"async\" src=\"https:\/\/lobosnews.com.ar\/wp-content\/uploads\/2026\/03\/golpe-en-la-barra-brava-de-tristan-suarez-detuvieron-al-lider-el-cuervo-straub-por-intento-de-homicidio-1.jpg\" alt=\"H\u00e9ctor El Cuervo Straub, l\u00edder de la barra de Trist\u00e1n Su\u00e1rez\" height=\"692\" width=\"777\"\/><\/p>\n<p>Afortunadamente, hubo un llamado urgente al 911 y a familiares de la v\u00edctima que logr\u00f3 ser trasladada al hospital zonal donde le salvaron la vida. Claro que tard\u00f3 bastante en recuperarse. Cuando lo hizo, ya cuando se ven\u00eda el final de 2025, radic\u00f3 la denuncia e identific\u00f3 a dos de sus agresores, marcando al <i>Cuervo <\/i>como uno de ellos y<b> contando que todo ten\u00eda que ver con una interna de la barra brava del equipo<\/b> (NdR: El otro agresor contin\u00faa pr\u00f3fugo por lo que se reserva el nombre a pedido judicial).<\/p>\n<p>La causa recay\u00f3 en el fiscal de la UFI 2 de Ezeiza, <b>Carlos Alberto Hassan<\/b>, que entendi\u00f3 de entrada que hab\u00eda una presunta red de complicidad para no dar con el paradero del <i>Cuervo<\/i>, qui\u00e9n seg\u00fan los amigos de la v\u00edctima se segu\u00eda moviendo con absoluta libertad por la zona y <b>hasta se lo ve\u00eda organizando a la barra en la previa de los partidos de Trist\u00e1n Su\u00e1rez<\/b>. Fue as\u00ed que le pas\u00f3 la investigaci\u00f3n a la Divisi\u00f3n Homicidios de la Polic\u00eda Federal Argentina.<\/p>\n<p>A partir de entonces, enterado ins\u00f3litamente de la situaci\u00f3n, el <i>Cuervo <\/i>decidi\u00f3 mantenerse oculto y dejarle la tribuna ante el comienzo del nuevo torneo de este a\u00f1o a sus laderos, el <b>Negro Dante <\/b>y <b>Dami\u00e1n<\/b>. De esta forma, su grupo segu\u00eda manejando la tribuna local ante la amenaza de ir por todo de <i>Karma<\/i>, qui\u00e9n hab\u00eda mandado en la Popular desde comienzos de siglo hasta su ca\u00edda en prisi\u00f3n, y que ten\u00eda en su haber, por ejemplo,<b> haber sido parte de la ONG barra Hinchadas Unidas Argentinas y haber viajado a dos mundiales <\/b>en el exterior gracias a los beneficios que da el paravalanchas.<\/p>\n<p><img loading=\"lazy\" decoding=\"async\" src=\"https:\/\/lobosnews.com.ar\/wp-content\/uploads\/2026\/03\/golpe-en-la-barra-brava-de-tristan-suarez-detuvieron-al-lider-el-cuervo-straub-por-intento-de-homicidio-2.jpg\" alt=\"La Polic\u00eda Federal detuvo al l\u00edder de la barra brava de Trist\u00e1n Su\u00e1rez tras un operativo. Lo atraparon en la casa de su pareja \" height=\"863\" width=\"1162\"\/><\/p>\n<p>Lo cierto es que en esa zona gris en la que se mov\u00eda, el <i>Cuervo<\/i> cometi\u00f3 un error: enamorado lo vieron llegar en varias oportunidades a la casa de qui\u00e9n ser\u00eda su pareja, <b>en pleno Trist\u00e1n Su\u00e1rez<\/b>. Y tras hacer un seguimiento de oficiales de la Direcci\u00f3n Federal de Investigaciones, la Polic\u00eda termin\u00f3 deteni\u00e9ndolo.<\/p>\n<p>Este martes ser\u00e1 indagado por el fiscal y en su c\u00edrculo a\u00falico dicen que se presentar\u00e1n dos testigos a su favor, para intentar desmentir la acusaci\u00f3n y lograr su libertad. Parece dif\u00edcil que se la den dado sus antecedentes judiciales y la calificaci\u00f3n actual de homicidio en grado de tentativa. Por lo pronto, <b>Trist\u00e1n Su\u00e1rez<\/b> jug\u00f3 esta tarde con <b>Atl\u00e9tico G\u00fcemes<\/b> de Santiago del Estero de local por la quinta fecha de la <b>Primera Nacional<\/b> y m\u00e1s all\u00e1 del empate en uno, en la cancha hubo s\u00f3lo rumores de qui\u00e9n se pod\u00eda quedar con la barra, pero nadie movi\u00f3 una ficha para acelerar el traspaso, <b>dado que no se sabe si finalmente el <\/b><i><b>Cuervo <\/b><\/i><b>se saldr\u00e1 esta semana con la suya, o habr\u00e1 ca\u00eddo definitivamente<\/b>.<\/p>\n","protected":false},"excerpt":{"rendered":"<p>H\u00e9ctor Straub pensaba que la impunidad ser\u00eda para siempre. Hab\u00eda ganado la barra de Trist\u00e1n Su\u00e1rez cinco a\u00f1os atr\u00e1s, cuando sus predecesores, Jorge Karma Karamaz\u00edn y Fernando Julio Chac\u00f3n, alias Nando, cayeron presos. El primero fue detenido por estar involucrado con una extorsi\u00f3n de la mafia china a supermercadistas orientales, donde hac\u00eda de chofer, campana&#8230;<\/p>\n","protected":false},"author":1,"featured_media":0,"comment_status":"open","ping_status":"closed","sticky":false,"template":"","format":"standard","meta":{"_jetpack_memberships_contains_paid_content":false,"footnotes":""},"categories":[30],"tags":[39],"class_list":["post-33581","post","type-post","status-publish","format-standard","hentry","category-argentina","tag-deportes"],"magazineBlocksPostFeaturedMedia":{"thumbnail":false,"medium":false,"medium_large":false,"large":false,"1536x1536":false,"2048x2048":false,"newsmatic-featured":false,"newsmatic-list":false,"newsmatic-thumb":false,"newsmatic-small":false,"newsmatic-grid":false},"magazineBlocksPostAuthor":{"name":"admin","avatar":"https:\/\/secure.gravatar.com\/avatar\/76e419471a2083bc3ceab22a763dbbf9b0c1bd15a6214cf3280e2c2dde4580f9?s=96&d=mm&r=g"},"magazineBlocksPostCommentsNumber":"0","magazineBlocksPostExcerpt":"H\u00e9ctor Straub pensaba que la impunidad ser\u00eda para siempre. Hab\u00eda ganado la barra de Trist\u00e1n Su\u00e1rez cinco a\u00f1os atr\u00e1s, cuando sus predecesores, Jorge Karma Karamaz\u00edn y Fernando Julio Chac\u00f3n, alias Nando, cayeron presos. El primero fue detenido por estar involucrado con una extorsi\u00f3n de la mafia china a supermercadistas orientales, donde hac\u00eda de chofer, campana...","magazineBlocksPostCategories":["Argentina"],"magazineBlocksPostViewCount":110,"magazineBlocksPostReadTime":5,"magazine_blocks_featured_image_url":{"full":false,"medium":false,"thumbnail":false},"magazine_blocks_author":{"display_name":"admin","author_link":"https:\/\/lobosnews.com.ar\/index.php\/author\/lobos-news\/"},"magazine_blocks_comment":0,"magazine_blocks_author_image":"https:\/\/secure.gravatar.com\/avatar\/76e419471a2083bc3ceab22a763dbbf9b0c1bd15a6214cf3280e2c2dde4580f9?s=96&d=mm&r=g","magazine_blocks_category":"<a href=\"#\" class=\"category-link category-link-30\">Argentina<\/a>","yoast_head":"<!-- This site is optimized with the Yoast SEO plugin v26.6 - https:\/\/yoast.com\/wordpress\/plugins\/seo\/ -->\n<title>Golpe en la barra brava de Trist\u00e1n Su\u00e1rez: detuvieron al l\u00edder, \u201cEl Cuervo\u201d Straub, por intento de homicidio - Lobos News<\/title>\n<meta name=\"robots\" content=\"index, follow, max-snippet:-1, max-image-preview:large, max-video-preview:-1\" \/>\n<link rel=\"canonical\" href=\"https:\/\/lobosnews.com.ar\/index.php\/2026\/03\/15\/golpe-en-la-barra-brava-de-tristan-suarez-detuvieron-al-lider-el-cuervo-straub-por-intento-de-homicidio\/\" \/>\n<meta property=\"og:locale\" content=\"es_ES\" \/>\n<meta property=\"og:type\" content=\"article\" \/>\n<meta property=\"og:title\" content=\"Golpe en la barra brava de Trist\u00e1n Su\u00e1rez: detuvieron al l\u00edder, \u201cEl Cuervo\u201d Straub, por intento de homicidio - Lobos News\" \/>\n<meta property=\"og:description\" content=\"H\u00e9ctor Straub pensaba que la impunidad ser\u00eda para siempre. Hab\u00eda ganado la barra de Trist\u00e1n Su\u00e1rez cinco a\u00f1os atr\u00e1s, cuando sus predecesores, Jorge Karma Karamaz\u00edn y Fernando Julio Chac\u00f3n, alias Nando, cayeron presos. El primero fue detenido por estar involucrado con una extorsi\u00f3n de la mafia china a supermercadistas orientales, donde hac\u00eda de chofer, campana...\" \/>\n<meta property=\"og:url\" content=\"https:\/\/lobosnews.com.ar\/index.php\/2026\/03\/15\/golpe-en-la-barra-brava-de-tristan-suarez-detuvieron-al-lider-el-cuervo-straub-por-intento-de-homicidio\/\" \/>\n<meta property=\"og:site_name\" content=\"Lobos News\" \/>\n<meta property=\"article:published_time\" content=\"2026-03-15T00:51:11+00:00\" \/>\n<meta property=\"article:modified_time\" content=\"2026-03-15T02:54:56+00:00\" \/>\n<meta property=\"og:image\" content=\"https:\/\/lobosnews.com.ar\/wp-content\/uploads\/2026\/03\/golpe-en-la-barra-brava-de-tristan-suarez-detuvieron-al-lider-el-cuervo-straub-por-intento-de-homicidio.jpg\" \/>\n<meta name=\"author\" content=\"admin\" \/>\n<meta name=\"twitter:card\" content=\"summary_large_image\" \/>\n<meta name=\"twitter:label1\" content=\"Escrito por\" \/>\n\t<meta name=\"twitter:data1\" content=\"admin\" \/>\n\t<meta name=\"twitter:label2\" content=\"Tiempo de lectura\" \/>\n\t<meta name=\"twitter:data2\" content=\"4 minutos\" \/>\n<script type=\"application\/ld+json\" class=\"yoast-schema-graph\">{\"@context\":\"https:\/\/schema.org\",\"@graph\":[{\"@type\":\"Article\",\"@id\":\"https:\/\/lobosnews.com.ar\/index.php\/2026\/03\/15\/golpe-en-la-barra-brava-de-tristan-suarez-detuvieron-al-lider-el-cuervo-straub-por-intento-de-homicidio\/#article\",\"isPartOf\":{\"@id\":\"https:\/\/lobosnews.com.ar\/index.php\/2026\/03\/15\/golpe-en-la-barra-brava-de-tristan-suarez-detuvieron-al-lider-el-cuervo-straub-por-intento-de-homicidio\/\"},\"author\":{\"name\":\"admin\",\"@id\":\"https:\/\/lobosnews.com.ar\/#\/schema\/person\/232422a593d5c541dd9aef6aaed10943\"},\"headline\":\"Golpe en la barra brava de Trist\u00e1n Su\u00e1rez: detuvieron al l\u00edder, \u201cEl Cuervo\u201d Straub, por intento de homicidio\",\"datePublished\":\"2026-03-15T00:51:11+00:00\",\"dateModified\":\"2026-03-15T02:54:56+00:00\",\"mainEntityOfPage\":{\"@id\":\"https:\/\/lobosnews.com.ar\/index.php\/2026\/03\/15\/golpe-en-la-barra-brava-de-tristan-suarez-detuvieron-al-lider-el-cuervo-straub-por-intento-de-homicidio\/\"},\"wordCount\":884,\"commentCount\":0,\"publisher\":{\"@id\":\"https:\/\/lobosnews.com.ar\/#organization\"},\"image\":{\"@id\":\"https:\/\/lobosnews.com.ar\/index.php\/2026\/03\/15\/golpe-en-la-barra-brava-de-tristan-suarez-detuvieron-al-lider-el-cuervo-straub-por-intento-de-homicidio\/#primaryimage\"},\"thumbnailUrl\":\"https:\/\/lobosnews.com.ar\/wp-content\/uploads\/2026\/03\/golpe-en-la-barra-brava-de-tristan-suarez-detuvieron-al-lider-el-cuervo-straub-por-intento-de-homicidio.jpg\",\"keywords\":[\"Deportes\"],\"articleSection\":[\"Argentina\"],\"inLanguage\":\"es\",\"potentialAction\":[{\"@type\":\"CommentAction\",\"name\":\"Comment\",\"target\":[\"https:\/\/lobosnews.com.ar\/index.php\/2026\/03\/15\/golpe-en-la-barra-brava-de-tristan-suarez-detuvieron-al-lider-el-cuervo-straub-por-intento-de-homicidio\/#respond\"]}]},{\"@type\":\"WebPage\",\"@id\":\"https:\/\/lobosnews.com.ar\/index.php\/2026\/03\/15\/golpe-en-la-barra-brava-de-tristan-suarez-detuvieron-al-lider-el-cuervo-straub-por-intento-de-homicidio\/\",\"url\":\"https:\/\/lobosnews.com.ar\/index.php\/2026\/03\/15\/golpe-en-la-barra-brava-de-tristan-suarez-detuvieron-al-lider-el-cuervo-straub-por-intento-de-homicidio\/\",\"name\":\"Golpe en la barra brava de Trist\u00e1n Su\u00e1rez: detuvieron al l\u00edder, \u201cEl Cuervo\u201d Straub, por intento de homicidio - Lobos News\",\"isPartOf\":{\"@id\":\"https:\/\/lobosnews.com.ar\/#website\"},\"primaryImageOfPage\":{\"@id\":\"https:\/\/lobosnews.com.ar\/index.php\/2026\/03\/15\/golpe-en-la-barra-brava-de-tristan-suarez-detuvieron-al-lider-el-cuervo-straub-por-intento-de-homicidio\/#primaryimage\"},\"image\":{\"@id\":\"https:\/\/lobosnews.com.ar\/index.php\/2026\/03\/15\/golpe-en-la-barra-brava-de-tristan-suarez-detuvieron-al-lider-el-cuervo-straub-por-intento-de-homicidio\/#primaryimage\"},\"thumbnailUrl\":\"https:\/\/lobosnews.com.ar\/wp-content\/uploads\/2026\/03\/golpe-en-la-barra-brava-de-tristan-suarez-detuvieron-al-lider-el-cuervo-straub-por-intento-de-homicidio.jpg\",\"datePublished\":\"2026-03-15T00:51:11+00:00\",\"dateModified\":\"2026-03-15T02:54:56+00:00\",\"breadcrumb\":{\"@id\":\"https:\/\/lobosnews.com.ar\/index.php\/2026\/03\/15\/golpe-en-la-barra-brava-de-tristan-suarez-detuvieron-al-lider-el-cuervo-straub-por-intento-de-homicidio\/#breadcrumb\"},\"inLanguage\":\"es\",\"potentialAction\":[{\"@type\":\"ReadAction\",\"target\":[\"https:\/\/lobosnews.com.ar\/index.php\/2026\/03\/15\/golpe-en-la-barra-brava-de-tristan-suarez-detuvieron-al-lider-el-cuervo-straub-por-intento-de-homicidio\/\"]}]},{\"@type\":\"ImageObject\",\"inLanguage\":\"es\",\"@id\":\"https:\/\/lobosnews.com.ar\/index.php\/2026\/03\/15\/golpe-en-la-barra-brava-de-tristan-suarez-detuvieron-al-lider-el-cuervo-straub-por-intento-de-homicidio\/#primaryimage\",\"url\":\"https:\/\/lobosnews.com.ar\/wp-content\/uploads\/2026\/03\/golpe-en-la-barra-brava-de-tristan-suarez-detuvieron-al-lider-el-cuervo-straub-por-intento-de-homicidio.jpg\",\"contentUrl\":\"https:\/\/lobosnews.com.ar\/wp-content\/uploads\/2026\/03\/golpe-en-la-barra-brava-de-tristan-suarez-detuvieron-al-lider-el-cuervo-straub-por-intento-de-homicidio.jpg\"},{\"@type\":\"BreadcrumbList\",\"@id\":\"https:\/\/lobosnews.com.ar\/index.php\/2026\/03\/15\/golpe-en-la-barra-brava-de-tristan-suarez-detuvieron-al-lider-el-cuervo-straub-por-intento-de-homicidio\/#breadcrumb\",\"itemListElement\":[{\"@type\":\"ListItem\",\"position\":1,\"name\":\"Portada\",\"item\":\"https:\/\/lobosnews.com.ar\/\"},{\"@type\":\"ListItem\",\"position\":2,\"name\":\"Golpe en la barra brava de Trist\u00e1n Su\u00e1rez: detuvieron al l\u00edder, \u201cEl Cuervo\u201d Straub, por intento de homicidio\"}]},{\"@type\":\"WebSite\",\"@id\":\"https:\/\/lobosnews.com.ar\/#website\",\"url\":\"https:\/\/lobosnews.com.ar\/\",\"name\":\"Lobos News\",\"description\":\"Informaci\u00f3n a cada instante\",\"publisher\":{\"@id\":\"https:\/\/lobosnews.com.ar\/#organization\"},\"potentialAction\":[{\"@type\":\"SearchAction\",\"target\":{\"@type\":\"EntryPoint\",\"urlTemplate\":\"https:\/\/lobosnews.com.ar\/?s={search_term_string}\"},\"query-input\":{\"@type\":\"PropertyValueSpecification\",\"valueRequired\":true,\"valueName\":\"search_term_string\"}}],\"inLanguage\":\"es\"},{\"@type\":\"Organization\",\"@id\":\"https:\/\/lobosnews.com.ar\/#organization\",\"name\":\"Lobos News\",\"url\":\"https:\/\/lobosnews.com.ar\/\",\"logo\":{\"@type\":\"ImageObject\",\"inLanguage\":\"es\",\"@id\":\"https:\/\/lobosnews.com.ar\/#\/schema\/logo\/image\/\",\"url\":\"https:\/\/lobosnews.com.ar\/wp-content\/uploads\/2026\/01\/logo-lobosnews.png\",\"contentUrl\":\"https:\/\/lobosnews.com.ar\/wp-content\/uploads\/2026\/01\/logo-lobosnews.png\",\"width\":500,\"height\":200,\"caption\":\"Lobos News\"},\"image\":{\"@id\":\"https:\/\/lobosnews.com.ar\/#\/schema\/logo\/image\/\"}},{\"@type\":\"Person\",\"@id\":\"https:\/\/lobosnews.com.ar\/#\/schema\/person\/232422a593d5c541dd9aef6aaed10943\",\"name\":\"admin\",\"image\":{\"@type\":\"ImageObject\",\"inLanguage\":\"es\",\"@id\":\"https:\/\/lobosnews.com.ar\/#\/schema\/person\/image\/\",\"url\":\"https:\/\/secure.gravatar.com\/avatar\/76e419471a2083bc3ceab22a763dbbf9b0c1bd15a6214cf3280e2c2dde4580f9?s=96&d=mm&r=g\",\"contentUrl\":\"https:\/\/secure.gravatar.com\/avatar\/76e419471a2083bc3ceab22a763dbbf9b0c1bd15a6214cf3280e2c2dde4580f9?s=96&d=mm&r=g\",\"caption\":\"admin\"},\"sameAs\":[\"https:\/\/lobosnews.com.ar\"],\"url\":\"https:\/\/lobosnews.com.ar\/index.php\/author\/lobos-news\/\"}]}<\/script>\n<!-- \/ Yoast SEO plugin. -->","yoast_head_json":{"title":"Golpe en la barra brava de Trist\u00e1n Su\u00e1rez: detuvieron al l\u00edder, \u201cEl Cuervo\u201d Straub, por intento de homicidio - Lobos News","robots":{"index":"index","follow":"follow","max-snippet":"max-snippet:-1","max-image-preview":"max-image-preview:large","max-video-preview":"max-video-preview:-1"},"canonical":"https:\/\/lobosnews.com.ar\/index.php\/2026\/03\/15\/golpe-en-la-barra-brava-de-tristan-suarez-detuvieron-al-lider-el-cuervo-straub-por-intento-de-homicidio\/","og_locale":"es_ES","og_type":"article","og_title":"Golpe en la barra brava de Trist\u00e1n Su\u00e1rez: detuvieron al l\u00edder, \u201cEl Cuervo\u201d Straub, por intento de homicidio - Lobos News","og_description":"H\u00e9ctor Straub pensaba que la impunidad ser\u00eda para siempre. Hab\u00eda ganado la barra de Trist\u00e1n Su\u00e1rez cinco a\u00f1os atr\u00e1s, cuando sus predecesores, Jorge Karma Karamaz\u00edn y Fernando Julio Chac\u00f3n, alias Nando, cayeron presos. El primero fue detenido por estar involucrado con una extorsi\u00f3n de la mafia china a supermercadistas orientales, donde hac\u00eda de chofer, campana...","og_url":"https:\/\/lobosnews.com.ar\/index.php\/2026\/03\/15\/golpe-en-la-barra-brava-de-tristan-suarez-detuvieron-al-lider-el-cuervo-straub-por-intento-de-homicidio\/","og_site_name":"Lobos News","article_published_time":"2026-03-15T00:51:11+00:00","article_modified_time":"2026-03-15T02:54:56+00:00","og_image":[{"url":"https:\/\/lobosnews.com.ar\/wp-content\/uploads\/2026\/03\/golpe-en-la-barra-brava-de-tristan-suarez-detuvieron-al-lider-el-cuervo-straub-por-intento-de-homicidio.jpg","type":"","width":"","height":""}],"author":"admin","twitter_card":"summary_large_image","twitter_misc":{"Escrito por":"admin","Tiempo de lectura":"4 minutos"},"schema":{"@context":"https:\/\/schema.org","@graph":[{"@type":"Article","@id":"https:\/\/lobosnews.com.ar\/index.php\/2026\/03\/15\/golpe-en-la-barra-brava-de-tristan-suarez-detuvieron-al-lider-el-cuervo-straub-por-intento-de-homicidio\/#article","isPartOf":{"@id":"https:\/\/lobosnews.com.ar\/index.php\/2026\/03\/15\/golpe-en-la-barra-brava-de-tristan-suarez-detuvieron-al-lider-el-cuervo-straub-por-intento-de-homicidio\/"},"author":{"name":"admin","@id":"https:\/\/lobosnews.com.ar\/#\/schema\/person\/232422a593d5c541dd9aef6aaed10943"},"headline":"Golpe en la barra brava de Trist\u00e1n Su\u00e1rez: detuvieron al l\u00edder, \u201cEl Cuervo\u201d Straub, por intento de homicidio","datePublished":"2026-03-15T00:51:11+00:00","dateModified":"2026-03-15T02:54:56+00:00","mainEntityOfPage":{"@id":"https:\/\/lobosnews.com.ar\/index.php\/2026\/03\/15\/golpe-en-la-barra-brava-de-tristan-suarez-detuvieron-al-lider-el-cuervo-straub-por-intento-de-homicidio\/"},"wordCount":884,"commentCount":0,"publisher":{"@id":"https:\/\/lobosnews.com.ar\/#organization"},"image":{"@id":"https:\/\/lobosnews.com.ar\/index.php\/2026\/03\/15\/golpe-en-la-barra-brava-de-tristan-suarez-detuvieron-al-lider-el-cuervo-straub-por-intento-de-homicidio\/#primaryimage"},"thumbnailUrl":"https:\/\/lobosnews.com.ar\/wp-content\/uploads\/2026\/03\/golpe-en-la-barra-brava-de-tristan-suarez-detuvieron-al-lider-el-cuervo-straub-por-intento-de-homicidio.jpg","keywords":["Deportes"],"articleSection":["Argentina"],"inLanguage":"es","potentialAction":[{"@type":"CommentAction","name":"Comment","target":["https:\/\/lobosnews.com.ar\/index.php\/2026\/03\/15\/golpe-en-la-barra-brava-de-tristan-suarez-detuvieron-al-lider-el-cuervo-straub-por-intento-de-homicidio\/#respond"]}]},{"@type":"WebPage","@id":"https:\/\/lobosnews.com.ar\/index.php\/2026\/03\/15\/golpe-en-la-barra-brava-de-tristan-suarez-detuvieron-al-lider-el-cuervo-straub-por-intento-de-homicidio\/","url":"https:\/\/lobosnews.com.ar\/index.php\/2026\/03\/15\/golpe-en-la-barra-brava-de-tristan-suarez-detuvieron-al-lider-el-cuervo-straub-por-intento-de-homicidio\/","name":"Golpe en la barra brava de Trist\u00e1n Su\u00e1rez: detuvieron al l\u00edder, \u201cEl Cuervo\u201d Straub, por intento de homicidio - Lobos News","isPartOf":{"@id":"https:\/\/lobosnews.com.ar\/#website"},"primaryImageOfPage":{"@id":"https:\/\/lobosnews.com.ar\/index.php\/2026\/03\/15\/golpe-en-la-barra-brava-de-tristan-suarez-detuvieron-al-lider-el-cuervo-straub-por-intento-de-homicidio\/#primaryimage"},"image":{"@id":"https:\/\/lobosnews.com.ar\/index.php\/2026\/03\/15\/golpe-en-la-barra-brava-de-tristan-suarez-detuvieron-al-lider-el-cuervo-straub-por-intento-de-homicidio\/#primaryimage"},"thumbnailUrl":"https:\/\/lobosnews.com.ar\/wp-content\/uploads\/2026\/03\/golpe-en-la-barra-brava-de-tristan-suarez-detuvieron-al-lider-el-cuervo-straub-por-intento-de-homicidio.jpg","datePublished":"2026-03-15T00:51:11+00:00","dateModified":"2026-03-15T02:54:56+00:00","breadcrumb":{"@id":"https:\/\/lobosnews.com.ar\/index.php\/2026\/03\/15\/golpe-en-la-barra-brava-de-tristan-suarez-detuvieron-al-lider-el-cuervo-straub-por-intento-de-homicidio\/#breadcrumb"},"inLanguage":"es","potentialAction":[{"@type":"ReadAction","target":["https:\/\/lobosnews.com.ar\/index.php\/2026\/03\/15\/golpe-en-la-barra-brava-de-tristan-suarez-detuvieron-al-lider-el-cuervo-straub-por-intento-de-homicidio\/"]}]},{"@type":"ImageObject","inLanguage":"es","@id":"https:\/\/lobosnews.com.ar\/index.php\/2026\/03\/15\/golpe-en-la-barra-brava-de-tristan-suarez-detuvieron-al-lider-el-cuervo-straub-por-intento-de-homicidio\/#primaryimage","url":"https:\/\/lobosnews.com.ar\/wp-content\/uploads\/2026\/03\/golpe-en-la-barra-brava-de-tristan-suarez-detuvieron-al-lider-el-cuervo-straub-por-intento-de-homicidio.jpg","contentUrl":"https:\/\/lobosnews.com.ar\/wp-content\/uploads\/2026\/03\/golpe-en-la-barra-brava-de-tristan-suarez-detuvieron-al-lider-el-cuervo-straub-por-intento-de-homicidio.jpg"},{"@type":"BreadcrumbList","@id":"https:\/\/lobosnews.com.ar\/index.php\/2026\/03\/15\/golpe-en-la-barra-brava-de-tristan-suarez-detuvieron-al-lider-el-cuervo-straub-por-intento-de-homicidio\/#breadcrumb","itemListElement":[{"@type":"ListItem","position":1,"name":"Portada","item":"https:\/\/lobosnews.com.ar\/"},{"@type":"ListItem","position":2,"name":"Golpe en la barra brava de Trist\u00e1n Su\u00e1rez: detuvieron al l\u00edder, \u201cEl Cuervo\u201d Straub, por intento de homicidio"}]},{"@type":"WebSite","@id":"https:\/\/lobosnews.com.ar\/#website","url":"https:\/\/lobosnews.com.ar\/","name":"Lobos News","description":"Informaci\u00f3n a cada instante","publisher":{"@id":"https:\/\/lobosnews.com.ar\/#organization"},"potentialAction":[{"@type":"SearchAction","target":{"@type":"EntryPoint","urlTemplate":"https:\/\/lobosnews.com.ar\/?s={search_term_string}"},"query-input":{"@type":"PropertyValueSpecification","valueRequired":true,"valueName":"search_term_string"}}],"inLanguage":"es"},{"@type":"Organization","@id":"https:\/\/lobosnews.com.ar\/#organization","name":"Lobos News","url":"https:\/\/lobosnews.com.ar\/","logo":{"@type":"ImageObject","inLanguage":"es","@id":"https:\/\/lobosnews.com.ar\/#\/schema\/logo\/image\/","url":"https:\/\/lobosnews.com.ar\/wp-content\/uploads\/2026\/01\/logo-lobosnews.png","contentUrl":"https:\/\/lobosnews.com.ar\/wp-content\/uploads\/2026\/01\/logo-lobosnews.png","width":500,"height":200,"caption":"Lobos News"},"image":{"@id":"https:\/\/lobosnews.com.ar\/#\/schema\/logo\/image\/"}},{"@type":"Person","@id":"https:\/\/lobosnews.com.ar\/#\/schema\/person\/232422a593d5c541dd9aef6aaed10943","name":"admin","image":{"@type":"ImageObject","inLanguage":"es","@id":"https:\/\/lobosnews.com.ar\/#\/schema\/person\/image\/","url":"https:\/\/secure.gravatar.com\/avatar\/76e419471a2083bc3ceab22a763dbbf9b0c1bd15a6214cf3280e2c2dde4580f9?s=96&d=mm&r=g","contentUrl":"https:\/\/secure.gravatar.com\/avatar\/76e419471a2083bc3ceab22a763dbbf9b0c1bd15a6214cf3280e2c2dde4580f9?s=96&d=mm&r=g","caption":"admin"},"sameAs":["https:\/\/lobosnews.com.ar"],"url":"https:\/\/lobosnews.com.ar\/index.php\/author\/lobos-news\/"}]}},"jetpack_featured_media_url":"","jetpack_sharing_enabled":true,"_links":{"self":[{"href":"https:\/\/lobosnews.com.ar\/index.php\/wp-json\/wp\/v2\/posts\/33581","targetHints":{"allow":["GET"]}}],"collection":[{"href":"https:\/\/lobosnews.com.ar\/index.php\/wp-json\/wp\/v2\/posts"}],"about":[{"href":"https:\/\/lobosnews.com.ar\/index.php\/wp-json\/wp\/v2\/types\/post"}],"author":[{"embeddable":true,"href":"https:\/\/lobosnews.com.ar\/index.php\/wp-json\/wp\/v2\/users\/1"}],"replies":[{"embeddable":true,"href":"https:\/\/lobosnews.com.ar\/index.php\/wp-json\/wp\/v2\/comments?post=33581"}],"version-history":[{"count":1,"href":"https:\/\/lobosnews.com.ar\/index.php\/wp-json\/wp\/v2\/posts\/33581\/revisions"}],"predecessor-version":[{"id":33585,"href":"https:\/\/lobosnews.com.ar\/index.php\/wp-json\/wp\/v2\/posts\/33581\/revisions\/33585"}],"wp:attachment":[{"href":"https:\/\/lobosnews.com.ar\/index.php\/wp-json\/wp\/v2\/media?parent=33581"}],"wp:term":[{"taxonomy":"category","embeddable":true,"href":"https:\/\/lobosnews.com.ar\/index.php\/wp-json\/wp\/v2\/categories?post=33581"},{"taxonomy":"post_tag","embeddable":true,"href":"https:\/\/lobosnews.com.ar\/index.php\/wp-json\/wp\/v2\/tags?post=33581"}],"curies":[{"name":"wp","href":"https:\/\/api.w.org\/{rel}","templated":true}]}}