{"id":33526,"date":"2026-03-14T18:36:02","date_gmt":"2026-03-14T18:36:02","guid":{"rendered":"https:\/\/lobosnews.com.ar\/index.php\/2026\/03\/14\/el-fuerte-cruce-entre-eliana-guercio-y-carolina-molinari-queres-instalar-que-tuve-algo-con-tu-ex\/"},"modified":"2026-03-14T21:24:57","modified_gmt":"2026-03-14T21:24:57","slug":"el-fuerte-cruce-entre-eliana-guercio-y-carolina-molinari-queres-instalar-que-tuve-algo-con-tu-ex","status":"publish","type":"post","link":"https:\/\/lobosnews.com.ar\/index.php\/2026\/03\/14\/el-fuerte-cruce-entre-eliana-guercio-y-carolina-molinari-queres-instalar-que-tuve-algo-con-tu-ex\/","title":{"rendered":"El fuerte cruce entre Eliana Guercio y Carolina Molinari: \u201cQuer\u00e9s instalar que tuve algo con tu ex\u201d"},"content":{"rendered":"<p>En los \u00faltimos d\u00edas, la tensi\u00f3n en <i>LAM<\/i> estuvo en ascenso con acusaciones cruzadas de una tem\u00e1tica vintage hasta que la situaci\u00f3n explot\u00f3 al aire en la noche del viernes en Am\u00e9rica. Todo comenz\u00f3 cuando la <i>angelita<\/i> <b>Carolina Molinari<\/b> relat\u00f3 que <b>Eliana Guercio<\/b>, madre de compa\u00f1eros de colegio de sus hijos, evitaba saludarla durante los encuentros en la puerta del establecimiento. Seg\u00fan expuso Molinari, la situaci\u00f3n contrastaba con el trato que Guercio ofrec\u00eda a su exmarido, el futbolista <b>Mariano Pavone<\/b>, con quien s\u00ed manten\u00eda un saludo cordial. La inc\u00f3gnita sobre si exist\u00eda un affaire retro entre la actual pareja de <b>Sergio <\/b><i><b>Chiquito<\/b><\/i><b> Romero<\/b>, y Pavone qued\u00f3 planteada en el ciclo conducido por <b>\u00c1ngel de Brito<\/b>, hasta que la propia Guercio decidi\u00f3 llamar en vivo y protagonizar un fuerte cruce con la panelista.<\/p>\n<p>El ambiente se volvi\u00f3 tenso cuando surgi\u00f3 la pregunta sobre el v\u00ednculo entre Guercio y Pavone. Molinari prefiri\u00f3 que fuera la propia Guercio quien diera explicaciones: \u201cQue lo diga ella por qu\u00e9 lo conoce. \u00bfPor qu\u00e9 lo tengo que decir yo?\u201d. Con la actual panelista de <i>Gran Hermano<\/i> todav\u00eda ausente, Molinari cont\u00f3 que, al querer invitar a Sergio Romero a un streaming en Telefe, opt\u00f3 por escribirle a Guercio antes de contactar directamente a su esposo, porque le parec\u00eda desubicado.<b> Pero seg\u00fan ella, nunca obtuvo respuesta.<\/b><\/p>\n<p><img loading=\"lazy\" decoding=\"async\" src=\"https:\/\/lobosnews.com.ar\/wp-content\/uploads\/2026\/03\/el-fuerte-cruce-entre-eliana-guercio-y-carolina-molinari-queres-instalar-que-tuve-algo-con-tu-ex.jpg\" alt=\"Eliana Guercio y Chiquito Romero (Instagram)\" height=\"1584\" width=\"1920\"\/><\/p>\n<p>La situaci\u00f3n alcanz\u00f3 su punto m\u00e1s alto cuando Guercio llam\u00f3 a la producci\u00f3n y pidi\u00f3 salir al aire. Salud\u00f3 con iron\u00eda y, casi de inmediato, aclar\u00f3 el motivo por el que conoc\u00eda a Pavone: \u201c<b>Que Carolina Molinari no sepa por qu\u00e9 conozco al marido es lo mismo que decir que no sabe d\u00f3nde viven los hijos, porque sus hijos vivieron m\u00e1s de un a\u00f1o en mi casa\u201d<\/b>. Molinari rechaz\u00f3 esa afirmaci\u00f3n: \u201cMentira, eso no es verdad. Te alquil\u00f3 la casa por un mes, un verano. No vivieron un a\u00f1o en la casa\u201d. Ante esto, Guercio retruc\u00f3: \u201c\u00bfEntonces vivieron en mi casa o no vivieron en mi casa tus hijos?\u201d El eje de la discusi\u00f3n se desplaz\u00f3 hacia la convivencia temporal y no se logr\u00f3 consenso sobre el tiempo ni las circunstancias.<\/p>\n<p>En medio de la disputa, qued\u00f3 claro el motivo del desencuentro cotidiano en el colegio. Guercio fue terminante: \u201cYo a vos no te saludo\u201d. Molinari pregunt\u00f3 si la raz\u00f3n era haber contado el episodio en televisi\u00f3n, pero Guercio sum\u00f3 una acusaci\u00f3n: <b>\u201cPorque vos tuviste el tup\u00e9 de revelar un embarazo que yo ni sub\u00ed a mis redes. Sos una pobre cartonera\u201d<\/b>. La respuesta de Carolina fue firme: \u201cNunca dije que vos estabas embarazada\u201d, y neg\u00f3 enf\u00e1ticamente la acusaci\u00f3n. En ese punto, la discusi\u00f3n se carg\u00f3 de reproches personales. Guercio expres\u00f3: \u201cNo te saludo porque me parec\u00e9s un asco. \u00bfQuer\u00e9s que te lo diga m\u00e1s claro?\u201d Mientras tanto, Molinari insisti\u00f3: \u201c<b>Te est\u00e1s equivocando porque yo jam\u00e1s dije que vos estabas embarazada\u201d<\/b>. <\/p>\n<p><img loading=\"lazy\" decoding=\"async\" src=\"https:\/\/lobosnews.com.ar\/wp-content\/uploads\/2026\/03\/el-fuerte-cruce-entre-eliana-guercio-y-carolina-molinari-queres-instalar-que-tuve-algo-con-tu-ex-1.jpg\" alt=\"Carolina Molinari y Mariano Pavone estuvieron casados durante m\u00e1s de diez a\u00f1os y tienen dos hijos en com\u00fan, Bruno y Frida\" height=\"758\" width=\"770\"\/><\/p>\n<p>Ninguna cedi\u00f3 en su versi\u00f3n. La charla gir\u00f3 hacia los rumores de una posible relaci\u00f3n entre Guercio y Pavone. Guercio apunt\u00f3: <b>\u201cDale, quer\u00e9s instalar que yo tuve algo con tu ex, por favor\u201d<\/b>. Molinari devolvi\u00f3 la acusaci\u00f3n: \u201cNo, vos lo quisiste instalar. Si yo no dije nada, vos le mandaste mensaje a \u00c1ngel, \u00bfqu\u00e9 yo tengo que saber?\u201d Aqu\u00ed, la intervenci\u00f3n de De Brito fue clave y defendi\u00f3 a su actual panelista, aunque Guercio se mantuvo en su negativa.<\/p>\n<p>El cruce deriv\u00f3 en comentarios sobre la personalidad y las formas de cada una. Guercio sostuvo: <b>\u201cNo te saludo porque me parec\u00e9s un asco\u201d<\/b>, y Molinari la calific\u00f3 de \u201cdemasiado soberbia\u201d. Tambi\u00e9n discutieron sobre la vocera de la noticia del embarazo que tanto enoj\u00f3 a Eliana, y de Brito inform\u00f3 que todo hab\u00eda ocurrido mientras el ciclo se transmit\u00eda en la pantalla de El Trece: \u201cYo no trabajaba ah\u00ed\u201d, sentenci\u00f3 Molinari. \u201cNo voy a seguir hablando con una negadora\u201d, concluy\u00f3 Guercio, poniendo en pausa un episodio que promete seguir en el tiempo.<\/p>\n","protected":false},"excerpt":{"rendered":"<p>En los \u00faltimos d\u00edas, la tensi\u00f3n en LAM estuvo en ascenso con acusaciones cruzadas de una tem\u00e1tica vintage hasta que la situaci\u00f3n explot\u00f3 al aire en la noche del viernes en Am\u00e9rica. Todo comenz\u00f3 cuando la angelita Carolina Molinari relat\u00f3 que Eliana Guercio, madre de compa\u00f1eros de colegio de sus hijos, evitaba saludarla durante los&#8230;<\/p>\n","protected":false},"author":1,"featured_media":33530,"comment_status":"open","ping_status":"closed","sticky":false,"template":"","format":"standard","meta":{"_jetpack_memberships_contains_paid_content":false,"footnotes":""},"categories":[79],"tags":[],"class_list":["post-33526","post","type-post","status-publish","format-standard","has-post-thumbnail","hentry","category-cine-y-series"],"magazineBlocksPostFeaturedMedia":{"thumbnail":"https:\/\/lobosnews.com.ar\/wp-content\/uploads\/2026\/03\/el-fuerte-cruce-entre-eliana-guercio-y-carolina-molinari-queres-instalar-que-tuve-algo-con-tu-ex-2-150x150.jpg","medium":"https:\/\/lobosnews.com.ar\/wp-content\/uploads\/2026\/03\/el-fuerte-cruce-entre-eliana-guercio-y-carolina-molinari-queres-instalar-que-tuve-algo-con-tu-ex-2-300x295.jpg","medium_large":"https:\/\/lobosnews.com.ar\/wp-content\/uploads\/2026\/03\/el-fuerte-cruce-entre-eliana-guercio-y-carolina-molinari-queres-instalar-que-tuve-algo-con-tu-ex-2-768x756.jpg","large":"https:\/\/lobosnews.com.ar\/wp-content\/uploads\/2026\/03\/el-fuerte-cruce-entre-eliana-guercio-y-carolina-molinari-queres-instalar-que-tuve-algo-con-tu-ex-2.jpg","1536x1536":"https:\/\/lobosnews.com.ar\/wp-content\/uploads\/2026\/03\/el-fuerte-cruce-entre-eliana-guercio-y-carolina-molinari-queres-instalar-que-tuve-algo-con-tu-ex-2.jpg","2048x2048":"https:\/\/lobosnews.com.ar\/wp-content\/uploads\/2026\/03\/el-fuerte-cruce-entre-eliana-guercio-y-carolina-molinari-queres-instalar-que-tuve-algo-con-tu-ex-2.jpg","newsmatic-featured":"https:\/\/lobosnews.com.ar\/wp-content\/uploads\/2026\/03\/el-fuerte-cruce-entre-eliana-guercio-y-carolina-molinari-queres-instalar-que-tuve-algo-con-tu-ex-2-770x545.jpg","newsmatic-list":"https:\/\/lobosnews.com.ar\/wp-content\/uploads\/2026\/03\/el-fuerte-cruce-entre-eliana-guercio-y-carolina-molinari-queres-instalar-que-tuve-algo-con-tu-ex-2-600x400.jpg","newsmatic-thumb":"https:\/\/lobosnews.com.ar\/wp-content\/uploads\/2026\/03\/el-fuerte-cruce-entre-eliana-guercio-y-carolina-molinari-queres-instalar-que-tuve-algo-con-tu-ex-2-300x200.jpg","newsmatic-small":"https:\/\/lobosnews.com.ar\/wp-content\/uploads\/2026\/03\/el-fuerte-cruce-entre-eliana-guercio-y-carolina-molinari-queres-instalar-que-tuve-algo-con-tu-ex-2-150x95.jpg","newsmatic-grid":"https:\/\/lobosnews.com.ar\/wp-content\/uploads\/2026\/03\/el-fuerte-cruce-entre-eliana-guercio-y-carolina-molinari-queres-instalar-que-tuve-algo-con-tu-ex-2-400x250.jpg"},"magazineBlocksPostAuthor":{"name":"admin","avatar":"https:\/\/secure.gravatar.com\/avatar\/76e419471a2083bc3ceab22a763dbbf9b0c1bd15a6214cf3280e2c2dde4580f9?s=96&d=mm&r=g"},"magazineBlocksPostCommentsNumber":"0","magazineBlocksPostExcerpt":"En los \u00faltimos d\u00edas, la tensi\u00f3n en LAM estuvo en ascenso con acusaciones cruzadas de una tem\u00e1tica vintage hasta que la situaci\u00f3n explot\u00f3 al aire en la noche del viernes en Am\u00e9rica. Todo comenz\u00f3 cuando la angelita Carolina Molinari relat\u00f3 que Eliana Guercio, madre de compa\u00f1eros de colegio de sus hijos, evitaba saludarla durante los...","magazineBlocksPostCategories":["Cine y Series"],"magazineBlocksPostViewCount":90,"magazineBlocksPostReadTime":4,"magazine_blocks_featured_image_url":{"full":["https:\/\/lobosnews.com.ar\/wp-content\/uploads\/2026\/03\/el-fuerte-cruce-entre-eliana-guercio-y-carolina-molinari-queres-instalar-que-tuve-algo-con-tu-ex-2.jpg",770,758,false],"medium":["https:\/\/lobosnews.com.ar\/wp-content\/uploads\/2026\/03\/el-fuerte-cruce-entre-eliana-guercio-y-carolina-molinari-queres-instalar-que-tuve-algo-con-tu-ex-2-300x295.jpg",300,295,true],"thumbnail":["https:\/\/lobosnews.com.ar\/wp-content\/uploads\/2026\/03\/el-fuerte-cruce-entre-eliana-guercio-y-carolina-molinari-queres-instalar-que-tuve-algo-con-tu-ex-2-150x150.jpg",150,150,true]},"magazine_blocks_author":{"display_name":"admin","author_link":"https:\/\/lobosnews.com.ar\/index.php\/author\/lobos-news\/"},"magazine_blocks_comment":0,"magazine_blocks_author_image":"https:\/\/secure.gravatar.com\/avatar\/76e419471a2083bc3ceab22a763dbbf9b0c1bd15a6214cf3280e2c2dde4580f9?s=96&d=mm&r=g","magazine_blocks_category":"<a href=\"#\" class=\"category-link category-link-79\">Cine y Series<\/a>","yoast_head":"<!-- This site is optimized with the Yoast SEO plugin v26.6 - https:\/\/yoast.com\/wordpress\/plugins\/seo\/ -->\n<title>El fuerte cruce entre Eliana Guercio y Carolina Molinari: \u201cQuer\u00e9s instalar que tuve algo con tu ex\u201d - Lobos News<\/title>\n<meta name=\"robots\" content=\"index, follow, max-snippet:-1, max-image-preview:large, max-video-preview:-1\" \/>\n<link rel=\"canonical\" href=\"https:\/\/lobosnews.com.ar\/index.php\/2026\/03\/14\/el-fuerte-cruce-entre-eliana-guercio-y-carolina-molinari-queres-instalar-que-tuve-algo-con-tu-ex\/\" \/>\n<meta property=\"og:locale\" content=\"es_ES\" \/>\n<meta property=\"og:type\" content=\"article\" \/>\n<meta property=\"og:title\" content=\"El fuerte cruce entre Eliana Guercio y Carolina Molinari: \u201cQuer\u00e9s instalar que tuve algo con tu ex\u201d - Lobos News\" \/>\n<meta property=\"og:description\" content=\"En los \u00faltimos d\u00edas, la tensi\u00f3n en LAM estuvo en ascenso con acusaciones cruzadas de una tem\u00e1tica vintage hasta que la situaci\u00f3n explot\u00f3 al aire en la noche del viernes en Am\u00e9rica. Todo comenz\u00f3 cuando la angelita Carolina Molinari relat\u00f3 que Eliana Guercio, madre de compa\u00f1eros de colegio de sus hijos, evitaba saludarla durante los...\" \/>\n<meta property=\"og:url\" content=\"https:\/\/lobosnews.com.ar\/index.php\/2026\/03\/14\/el-fuerte-cruce-entre-eliana-guercio-y-carolina-molinari-queres-instalar-que-tuve-algo-con-tu-ex\/\" \/>\n<meta property=\"og:site_name\" content=\"Lobos News\" \/>\n<meta property=\"article:published_time\" content=\"2026-03-14T18:36:02+00:00\" \/>\n<meta property=\"article:modified_time\" content=\"2026-03-14T21:24:57+00:00\" \/>\n<meta property=\"og:image\" content=\"https:\/\/lobosnews.com.ar\/wp-content\/uploads\/2026\/03\/el-fuerte-cruce-entre-eliana-guercio-y-carolina-molinari-queres-instalar-que-tuve-algo-con-tu-ex.jpg\" \/>\n<meta name=\"author\" content=\"admin\" \/>\n<meta name=\"twitter:card\" content=\"summary_large_image\" \/>\n<meta name=\"twitter:label1\" content=\"Escrito por\" \/>\n\t<meta name=\"twitter:data1\" content=\"admin\" \/>\n\t<meta name=\"twitter:label2\" content=\"Tiempo de lectura\" \/>\n\t<meta name=\"twitter:data2\" content=\"3 minutos\" \/>\n<script type=\"application\/ld+json\" class=\"yoast-schema-graph\">{\"@context\":\"https:\/\/schema.org\",\"@graph\":[{\"@type\":\"Article\",\"@id\":\"https:\/\/lobosnews.com.ar\/index.php\/2026\/03\/14\/el-fuerte-cruce-entre-eliana-guercio-y-carolina-molinari-queres-instalar-que-tuve-algo-con-tu-ex\/#article\",\"isPartOf\":{\"@id\":\"https:\/\/lobosnews.com.ar\/index.php\/2026\/03\/14\/el-fuerte-cruce-entre-eliana-guercio-y-carolina-molinari-queres-instalar-que-tuve-algo-con-tu-ex\/\"},\"author\":{\"name\":\"admin\",\"@id\":\"https:\/\/lobosnews.com.ar\/#\/schema\/person\/232422a593d5c541dd9aef6aaed10943\"},\"headline\":\"El fuerte cruce entre Eliana Guercio y Carolina Molinari: \u201cQuer\u00e9s instalar que tuve algo con tu ex\u201d\",\"datePublished\":\"2026-03-14T18:36:02+00:00\",\"dateModified\":\"2026-03-14T21:24:57+00:00\",\"mainEntityOfPage\":{\"@id\":\"https:\/\/lobosnews.com.ar\/index.php\/2026\/03\/14\/el-fuerte-cruce-entre-eliana-guercio-y-carolina-molinari-queres-instalar-que-tuve-algo-con-tu-ex\/\"},\"wordCount\":705,\"commentCount\":0,\"publisher\":{\"@id\":\"https:\/\/lobosnews.com.ar\/#organization\"},\"image\":{\"@id\":\"https:\/\/lobosnews.com.ar\/index.php\/2026\/03\/14\/el-fuerte-cruce-entre-eliana-guercio-y-carolina-molinari-queres-instalar-que-tuve-algo-con-tu-ex\/#primaryimage\"},\"thumbnailUrl\":\"https:\/\/lobosnews.com.ar\/wp-content\/uploads\/2026\/03\/el-fuerte-cruce-entre-eliana-guercio-y-carolina-molinari-queres-instalar-que-tuve-algo-con-tu-ex-2.jpg\",\"articleSection\":[\"Cine y Series\"],\"inLanguage\":\"es\",\"potentialAction\":[{\"@type\":\"CommentAction\",\"name\":\"Comment\",\"target\":[\"https:\/\/lobosnews.com.ar\/index.php\/2026\/03\/14\/el-fuerte-cruce-entre-eliana-guercio-y-carolina-molinari-queres-instalar-que-tuve-algo-con-tu-ex\/#respond\"]}]},{\"@type\":\"WebPage\",\"@id\":\"https:\/\/lobosnews.com.ar\/index.php\/2026\/03\/14\/el-fuerte-cruce-entre-eliana-guercio-y-carolina-molinari-queres-instalar-que-tuve-algo-con-tu-ex\/\",\"url\":\"https:\/\/lobosnews.com.ar\/index.php\/2026\/03\/14\/el-fuerte-cruce-entre-eliana-guercio-y-carolina-molinari-queres-instalar-que-tuve-algo-con-tu-ex\/\",\"name\":\"El fuerte cruce entre Eliana Guercio y Carolina Molinari: \u201cQuer\u00e9s instalar que tuve algo con tu ex\u201d - Lobos News\",\"isPartOf\":{\"@id\":\"https:\/\/lobosnews.com.ar\/#website\"},\"primaryImageOfPage\":{\"@id\":\"https:\/\/lobosnews.com.ar\/index.php\/2026\/03\/14\/el-fuerte-cruce-entre-eliana-guercio-y-carolina-molinari-queres-instalar-que-tuve-algo-con-tu-ex\/#primaryimage\"},\"image\":{\"@id\":\"https:\/\/lobosnews.com.ar\/index.php\/2026\/03\/14\/el-fuerte-cruce-entre-eliana-guercio-y-carolina-molinari-queres-instalar-que-tuve-algo-con-tu-ex\/#primaryimage\"},\"thumbnailUrl\":\"https:\/\/lobosnews.com.ar\/wp-content\/uploads\/2026\/03\/el-fuerte-cruce-entre-eliana-guercio-y-carolina-molinari-queres-instalar-que-tuve-algo-con-tu-ex-2.jpg\",\"datePublished\":\"2026-03-14T18:36:02+00:00\",\"dateModified\":\"2026-03-14T21:24:57+00:00\",\"breadcrumb\":{\"@id\":\"https:\/\/lobosnews.com.ar\/index.php\/2026\/03\/14\/el-fuerte-cruce-entre-eliana-guercio-y-carolina-molinari-queres-instalar-que-tuve-algo-con-tu-ex\/#breadcrumb\"},\"inLanguage\":\"es\",\"potentialAction\":[{\"@type\":\"ReadAction\",\"target\":[\"https:\/\/lobosnews.com.ar\/index.php\/2026\/03\/14\/el-fuerte-cruce-entre-eliana-guercio-y-carolina-molinari-queres-instalar-que-tuve-algo-con-tu-ex\/\"]}]},{\"@type\":\"ImageObject\",\"inLanguage\":\"es\",\"@id\":\"https:\/\/lobosnews.com.ar\/index.php\/2026\/03\/14\/el-fuerte-cruce-entre-eliana-guercio-y-carolina-molinari-queres-instalar-que-tuve-algo-con-tu-ex\/#primaryimage\",\"url\":\"https:\/\/lobosnews.com.ar\/wp-content\/uploads\/2026\/03\/el-fuerte-cruce-entre-eliana-guercio-y-carolina-molinari-queres-instalar-que-tuve-algo-con-tu-ex-2.jpg\",\"contentUrl\":\"https:\/\/lobosnews.com.ar\/wp-content\/uploads\/2026\/03\/el-fuerte-cruce-entre-eliana-guercio-y-carolina-molinari-queres-instalar-que-tuve-algo-con-tu-ex-2.jpg\",\"width\":770,\"height\":758,\"caption\":\"El fuerte cruce entre Eliana Guercio y Carolina Molinari: \u201cQuer\u00e9s instalar que tuve algo con tu ex\u201d\"},{\"@type\":\"BreadcrumbList\",\"@id\":\"https:\/\/lobosnews.com.ar\/index.php\/2026\/03\/14\/el-fuerte-cruce-entre-eliana-guercio-y-carolina-molinari-queres-instalar-que-tuve-algo-con-tu-ex\/#breadcrumb\",\"itemListElement\":[{\"@type\":\"ListItem\",\"position\":1,\"name\":\"Portada\",\"item\":\"https:\/\/lobosnews.com.ar\/\"},{\"@type\":\"ListItem\",\"position\":2,\"name\":\"El fuerte cruce entre Eliana Guercio y Carolina Molinari: \u201cQuer\u00e9s instalar que tuve algo con tu ex\u201d\"}]},{\"@type\":\"WebSite\",\"@id\":\"https:\/\/lobosnews.com.ar\/#website\",\"url\":\"https:\/\/lobosnews.com.ar\/\",\"name\":\"Lobos News\",\"description\":\"Informaci\u00f3n a cada instante\",\"publisher\":{\"@id\":\"https:\/\/lobosnews.com.ar\/#organization\"},\"potentialAction\":[{\"@type\":\"SearchAction\",\"target\":{\"@type\":\"EntryPoint\",\"urlTemplate\":\"https:\/\/lobosnews.com.ar\/?s={search_term_string}\"},\"query-input\":{\"@type\":\"PropertyValueSpecification\",\"valueRequired\":true,\"valueName\":\"search_term_string\"}}],\"inLanguage\":\"es\"},{\"@type\":\"Organization\",\"@id\":\"https:\/\/lobosnews.com.ar\/#organization\",\"name\":\"Lobos News\",\"url\":\"https:\/\/lobosnews.com.ar\/\",\"logo\":{\"@type\":\"ImageObject\",\"inLanguage\":\"es\",\"@id\":\"https:\/\/lobosnews.com.ar\/#\/schema\/logo\/image\/\",\"url\":\"https:\/\/lobosnews.com.ar\/wp-content\/uploads\/2026\/01\/logo-lobosnews.png\",\"contentUrl\":\"https:\/\/lobosnews.com.ar\/wp-content\/uploads\/2026\/01\/logo-lobosnews.png\",\"width\":500,\"height\":200,\"caption\":\"Lobos News\"},\"image\":{\"@id\":\"https:\/\/lobosnews.com.ar\/#\/schema\/logo\/image\/\"}},{\"@type\":\"Person\",\"@id\":\"https:\/\/lobosnews.com.ar\/#\/schema\/person\/232422a593d5c541dd9aef6aaed10943\",\"name\":\"admin\",\"image\":{\"@type\":\"ImageObject\",\"inLanguage\":\"es\",\"@id\":\"https:\/\/lobosnews.com.ar\/#\/schema\/person\/image\/\",\"url\":\"https:\/\/secure.gravatar.com\/avatar\/76e419471a2083bc3ceab22a763dbbf9b0c1bd15a6214cf3280e2c2dde4580f9?s=96&d=mm&r=g\",\"contentUrl\":\"https:\/\/secure.gravatar.com\/avatar\/76e419471a2083bc3ceab22a763dbbf9b0c1bd15a6214cf3280e2c2dde4580f9?s=96&d=mm&r=g\",\"caption\":\"admin\"},\"sameAs\":[\"https:\/\/lobosnews.com.ar\"],\"url\":\"https:\/\/lobosnews.com.ar\/index.php\/author\/lobos-news\/\"}]}<\/script>\n<!-- \/ Yoast SEO plugin. -->","yoast_head_json":{"title":"El fuerte cruce entre Eliana Guercio y Carolina Molinari: \u201cQuer\u00e9s instalar que tuve algo con tu ex\u201d - Lobos News","robots":{"index":"index","follow":"follow","max-snippet":"max-snippet:-1","max-image-preview":"max-image-preview:large","max-video-preview":"max-video-preview:-1"},"canonical":"https:\/\/lobosnews.com.ar\/index.php\/2026\/03\/14\/el-fuerte-cruce-entre-eliana-guercio-y-carolina-molinari-queres-instalar-que-tuve-algo-con-tu-ex\/","og_locale":"es_ES","og_type":"article","og_title":"El fuerte cruce entre Eliana Guercio y Carolina Molinari: \u201cQuer\u00e9s instalar que tuve algo con tu ex\u201d - Lobos News","og_description":"En los \u00faltimos d\u00edas, la tensi\u00f3n en LAM estuvo en ascenso con acusaciones cruzadas de una tem\u00e1tica vintage hasta que la situaci\u00f3n explot\u00f3 al aire en la noche del viernes en Am\u00e9rica. Todo comenz\u00f3 cuando la angelita Carolina Molinari relat\u00f3 que Eliana Guercio, madre de compa\u00f1eros de colegio de sus hijos, evitaba saludarla durante los...","og_url":"https:\/\/lobosnews.com.ar\/index.php\/2026\/03\/14\/el-fuerte-cruce-entre-eliana-guercio-y-carolina-molinari-queres-instalar-que-tuve-algo-con-tu-ex\/","og_site_name":"Lobos News","article_published_time":"2026-03-14T18:36:02+00:00","article_modified_time":"2026-03-14T21:24:57+00:00","og_image":[{"url":"https:\/\/lobosnews.com.ar\/wp-content\/uploads\/2026\/03\/el-fuerte-cruce-entre-eliana-guercio-y-carolina-molinari-queres-instalar-que-tuve-algo-con-tu-ex.jpg","type":"","width":"","height":""}],"author":"admin","twitter_card":"summary_large_image","twitter_misc":{"Escrito por":"admin","Tiempo de lectura":"3 minutos"},"schema":{"@context":"https:\/\/schema.org","@graph":[{"@type":"Article","@id":"https:\/\/lobosnews.com.ar\/index.php\/2026\/03\/14\/el-fuerte-cruce-entre-eliana-guercio-y-carolina-molinari-queres-instalar-que-tuve-algo-con-tu-ex\/#article","isPartOf":{"@id":"https:\/\/lobosnews.com.ar\/index.php\/2026\/03\/14\/el-fuerte-cruce-entre-eliana-guercio-y-carolina-molinari-queres-instalar-que-tuve-algo-con-tu-ex\/"},"author":{"name":"admin","@id":"https:\/\/lobosnews.com.ar\/#\/schema\/person\/232422a593d5c541dd9aef6aaed10943"},"headline":"El fuerte cruce entre Eliana Guercio y Carolina Molinari: \u201cQuer\u00e9s instalar que tuve algo con tu ex\u201d","datePublished":"2026-03-14T18:36:02+00:00","dateModified":"2026-03-14T21:24:57+00:00","mainEntityOfPage":{"@id":"https:\/\/lobosnews.com.ar\/index.php\/2026\/03\/14\/el-fuerte-cruce-entre-eliana-guercio-y-carolina-molinari-queres-instalar-que-tuve-algo-con-tu-ex\/"},"wordCount":705,"commentCount":0,"publisher":{"@id":"https:\/\/lobosnews.com.ar\/#organization"},"image":{"@id":"https:\/\/lobosnews.com.ar\/index.php\/2026\/03\/14\/el-fuerte-cruce-entre-eliana-guercio-y-carolina-molinari-queres-instalar-que-tuve-algo-con-tu-ex\/#primaryimage"},"thumbnailUrl":"https:\/\/lobosnews.com.ar\/wp-content\/uploads\/2026\/03\/el-fuerte-cruce-entre-eliana-guercio-y-carolina-molinari-queres-instalar-que-tuve-algo-con-tu-ex-2.jpg","articleSection":["Cine y Series"],"inLanguage":"es","potentialAction":[{"@type":"CommentAction","name":"Comment","target":["https:\/\/lobosnews.com.ar\/index.php\/2026\/03\/14\/el-fuerte-cruce-entre-eliana-guercio-y-carolina-molinari-queres-instalar-que-tuve-algo-con-tu-ex\/#respond"]}]},{"@type":"WebPage","@id":"https:\/\/lobosnews.com.ar\/index.php\/2026\/03\/14\/el-fuerte-cruce-entre-eliana-guercio-y-carolina-molinari-queres-instalar-que-tuve-algo-con-tu-ex\/","url":"https:\/\/lobosnews.com.ar\/index.php\/2026\/03\/14\/el-fuerte-cruce-entre-eliana-guercio-y-carolina-molinari-queres-instalar-que-tuve-algo-con-tu-ex\/","name":"El fuerte cruce entre Eliana Guercio y Carolina Molinari: \u201cQuer\u00e9s instalar que tuve algo con tu ex\u201d - Lobos News","isPartOf":{"@id":"https:\/\/lobosnews.com.ar\/#website"},"primaryImageOfPage":{"@id":"https:\/\/lobosnews.com.ar\/index.php\/2026\/03\/14\/el-fuerte-cruce-entre-eliana-guercio-y-carolina-molinari-queres-instalar-que-tuve-algo-con-tu-ex\/#primaryimage"},"image":{"@id":"https:\/\/lobosnews.com.ar\/index.php\/2026\/03\/14\/el-fuerte-cruce-entre-eliana-guercio-y-carolina-molinari-queres-instalar-que-tuve-algo-con-tu-ex\/#primaryimage"},"thumbnailUrl":"https:\/\/lobosnews.com.ar\/wp-content\/uploads\/2026\/03\/el-fuerte-cruce-entre-eliana-guercio-y-carolina-molinari-queres-instalar-que-tuve-algo-con-tu-ex-2.jpg","datePublished":"2026-03-14T18:36:02+00:00","dateModified":"2026-03-14T21:24:57+00:00","breadcrumb":{"@id":"https:\/\/lobosnews.com.ar\/index.php\/2026\/03\/14\/el-fuerte-cruce-entre-eliana-guercio-y-carolina-molinari-queres-instalar-que-tuve-algo-con-tu-ex\/#breadcrumb"},"inLanguage":"es","potentialAction":[{"@type":"ReadAction","target":["https:\/\/lobosnews.com.ar\/index.php\/2026\/03\/14\/el-fuerte-cruce-entre-eliana-guercio-y-carolina-molinari-queres-instalar-que-tuve-algo-con-tu-ex\/"]}]},{"@type":"ImageObject","inLanguage":"es","@id":"https:\/\/lobosnews.com.ar\/index.php\/2026\/03\/14\/el-fuerte-cruce-entre-eliana-guercio-y-carolina-molinari-queres-instalar-que-tuve-algo-con-tu-ex\/#primaryimage","url":"https:\/\/lobosnews.com.ar\/wp-content\/uploads\/2026\/03\/el-fuerte-cruce-entre-eliana-guercio-y-carolina-molinari-queres-instalar-que-tuve-algo-con-tu-ex-2.jpg","contentUrl":"https:\/\/lobosnews.com.ar\/wp-content\/uploads\/2026\/03\/el-fuerte-cruce-entre-eliana-guercio-y-carolina-molinari-queres-instalar-que-tuve-algo-con-tu-ex-2.jpg","width":770,"height":758,"caption":"El fuerte cruce entre Eliana Guercio y Carolina Molinari: \u201cQuer\u00e9s instalar que tuve algo con tu ex\u201d"},{"@type":"BreadcrumbList","@id":"https:\/\/lobosnews.com.ar\/index.php\/2026\/03\/14\/el-fuerte-cruce-entre-eliana-guercio-y-carolina-molinari-queres-instalar-que-tuve-algo-con-tu-ex\/#breadcrumb","itemListElement":[{"@type":"ListItem","position":1,"name":"Portada","item":"https:\/\/lobosnews.com.ar\/"},{"@type":"ListItem","position":2,"name":"El fuerte cruce entre Eliana Guercio y Carolina Molinari: \u201cQuer\u00e9s instalar que tuve algo con tu ex\u201d"}]},{"@type":"WebSite","@id":"https:\/\/lobosnews.com.ar\/#website","url":"https:\/\/lobosnews.com.ar\/","name":"Lobos News","description":"Informaci\u00f3n a cada instante","publisher":{"@id":"https:\/\/lobosnews.com.ar\/#organization"},"potentialAction":[{"@type":"SearchAction","target":{"@type":"EntryPoint","urlTemplate":"https:\/\/lobosnews.com.ar\/?s={search_term_string}"},"query-input":{"@type":"PropertyValueSpecification","valueRequired":true,"valueName":"search_term_string"}}],"inLanguage":"es"},{"@type":"Organization","@id":"https:\/\/lobosnews.com.ar\/#organization","name":"Lobos News","url":"https:\/\/lobosnews.com.ar\/","logo":{"@type":"ImageObject","inLanguage":"es","@id":"https:\/\/lobosnews.com.ar\/#\/schema\/logo\/image\/","url":"https:\/\/lobosnews.com.ar\/wp-content\/uploads\/2026\/01\/logo-lobosnews.png","contentUrl":"https:\/\/lobosnews.com.ar\/wp-content\/uploads\/2026\/01\/logo-lobosnews.png","width":500,"height":200,"caption":"Lobos News"},"image":{"@id":"https:\/\/lobosnews.com.ar\/#\/schema\/logo\/image\/"}},{"@type":"Person","@id":"https:\/\/lobosnews.com.ar\/#\/schema\/person\/232422a593d5c541dd9aef6aaed10943","name":"admin","image":{"@type":"ImageObject","inLanguage":"es","@id":"https:\/\/lobosnews.com.ar\/#\/schema\/person\/image\/","url":"https:\/\/secure.gravatar.com\/avatar\/76e419471a2083bc3ceab22a763dbbf9b0c1bd15a6214cf3280e2c2dde4580f9?s=96&d=mm&r=g","contentUrl":"https:\/\/secure.gravatar.com\/avatar\/76e419471a2083bc3ceab22a763dbbf9b0c1bd15a6214cf3280e2c2dde4580f9?s=96&d=mm&r=g","caption":"admin"},"sameAs":["https:\/\/lobosnews.com.ar"],"url":"https:\/\/lobosnews.com.ar\/index.php\/author\/lobos-news\/"}]}},"jetpack_featured_media_url":"https:\/\/lobosnews.com.ar\/wp-content\/uploads\/2026\/03\/el-fuerte-cruce-entre-eliana-guercio-y-carolina-molinari-queres-instalar-que-tuve-algo-con-tu-ex-2.jpg","jetpack_sharing_enabled":true,"_links":{"self":[{"href":"https:\/\/lobosnews.com.ar\/index.php\/wp-json\/wp\/v2\/posts\/33526","targetHints":{"allow":["GET"]}}],"collection":[{"href":"https:\/\/lobosnews.com.ar\/index.php\/wp-json\/wp\/v2\/posts"}],"about":[{"href":"https:\/\/lobosnews.com.ar\/index.php\/wp-json\/wp\/v2\/types\/post"}],"author":[{"embeddable":true,"href":"https:\/\/lobosnews.com.ar\/index.php\/wp-json\/wp\/v2\/users\/1"}],"replies":[{"embeddable":true,"href":"https:\/\/lobosnews.com.ar\/index.php\/wp-json\/wp\/v2\/comments?post=33526"}],"version-history":[{"count":1,"href":"https:\/\/lobosnews.com.ar\/index.php\/wp-json\/wp\/v2\/posts\/33526\/revisions"}],"predecessor-version":[{"id":33529,"href":"https:\/\/lobosnews.com.ar\/index.php\/wp-json\/wp\/v2\/posts\/33526\/revisions\/33529"}],"wp:featuredmedia":[{"embeddable":true,"href":"https:\/\/lobosnews.com.ar\/index.php\/wp-json\/wp\/v2\/media\/33530"}],"wp:attachment":[{"href":"https:\/\/lobosnews.com.ar\/index.php\/wp-json\/wp\/v2\/media?parent=33526"}],"wp:term":[{"taxonomy":"category","embeddable":true,"href":"https:\/\/lobosnews.com.ar\/index.php\/wp-json\/wp\/v2\/categories?post=33526"},{"taxonomy":"post_tag","embeddable":true,"href":"https:\/\/lobosnews.com.ar\/index.php\/wp-json\/wp\/v2\/tags?post=33526"}],"curies":[{"name":"wp","href":"https:\/\/api.w.org\/{rel}","templated":true}]}}