{"id":33502,"date":"2026-03-14T18:45:22","date_gmt":"2026-03-14T18:45:22","guid":{"rendered":"https:\/\/lobosnews.com.ar\/index.php\/2026\/03\/14\/kast-anuncio-un-proyecto-de-ley-para-reconstruir-la-region-chilena-del-biobio-tras-los-devastadores-incendios-forestales\/"},"modified":"2026-03-14T21:12:46","modified_gmt":"2026-03-14T21:12:46","slug":"kast-anuncio-un-proyecto-de-ley-para-reconstruir-la-region-chilena-del-biobio-tras-los-devastadores-incendios-forestales","status":"publish","type":"post","link":"https:\/\/lobosnews.com.ar\/index.php\/2026\/03\/14\/kast-anuncio-un-proyecto-de-ley-para-reconstruir-la-region-chilena-del-biobio-tras-los-devastadores-incendios-forestales\/","title":{"rendered":"Kast anunci\u00f3 un proyecto de ley para reconstruir la regi\u00f3n chilena del Biob\u00edo tras los devastadores incendios forestales"},"content":{"rendered":"<p><img loading=\"lazy\" decoding=\"async\" src=\"https:\/\/lobosnews.com.ar\/wp-content\/uploads\/2026\/03\/kast-anuncio-un-proyecto-de-ley-para-reconstruir-la-region-chilena-del-biobio-tras-los-devastadores-incendios-forestales.jpg\" alt=\"El presidente chileno propuso eliminar temporalmente el IVA en la compra de viviendas (Reuters)\" height=\"2040\" width=\"3060\"\/><\/p>\n<p>La administraci\u00f3n de <span class=\"waslinkname\">Jos\u00e9 Antonio Kast<\/span> en <span class=\"waslinkname\">Chile<\/span> lanz\u00f3 <b>el \u201cProyecto de Ley de Reconstrucci\u00f3n Nacional\u201d<\/b> con el objetivo de enfrentar las secuelas de los incendios forestales que devastaron la Regi\u00f3n del Biob\u00edo en enero de 2026 y reimpulsar la <b>econom\u00eda del pa\u00eds. <\/b><\/p>\n<p>Uno de los ejes centrales del proyecto es la eliminaci\u00f3n temporal del <b>IVA <\/b>para la compra de viviendas, con el objetivo de incentivar la reconstrucci\u00f3n y el acceso habitacional.<\/p>\n<p>El anuncio se realiz\u00f3 en la comuna de <b>Penco<\/b>, donde el presidente encabez\u00f3 la presentaci\u00f3n de la iniciativa, destinada a la reconstrucci\u00f3n de viviendas, la reactivaci\u00f3n econ\u00f3mica y la reforma de instituciones tras la emergencia.<\/p>\n<p><img loading=\"lazy\" decoding=\"async\" src=\"https:\/\/lobosnews.com.ar\/wp-content\/uploads\/2026\/03\/kast-anuncio-un-proyecto-de-ley-para-reconstruir-la-region-chilena-del-biobio-tras-los-devastadores-incendios-forestales-1.jpg\" alt=\"El presidente instruy\u00f3 agilizar inversiones frenadas por permisos ambientales y sectoriales (Foto AP\/Esteban F\u00e9lix)\" height=\"3135\" width=\"4703\"\/><\/p>\n<p>La propuesta contempla <b>m\u00e1s de 40 medidas<\/b> estructuradas en cinco ejes principales, que incluyen la reconstrucci\u00f3n f\u00edsica de las zonas afectadas, la recuperaci\u00f3n econ\u00f3mica, reformas institucionales, orden fiscal y fortalecimiento de la seguridad p\u00fablica. <\/p>\n<p>Durante la emergencia, <b>19 personas fallecieron y cerca de 5.000 viviendas quedaron da\u00f1adas solo en Penco<\/b>, seg\u00fan datos oficiales. Para responder a esta situaci\u00f3n, el Ejecutivo propuso ampliar el Fondo de Emergencia Transitorio para incendios y destinar una inyecci\u00f3n adicional de 400 mil millones de pesos a la regi\u00f3n.<\/p>\n<p><img loading=\"lazy\" decoding=\"async\" src=\"https:\/\/lobosnews.com.ar\/wp-content\/uploads\/2026\/03\/kast-anuncio-un-proyecto-de-ley-para-reconstruir-la-region-chilena-del-biobio-tras-los-devastadores-incendios-forestales-2.jpg\" alt=\"Los incendios en Penco dejaron 19 fallecidos y cerca de 5.000 viviendas da\u00f1adas (Photo by GUILLERMO SALGADO \/ AFP)\" height=\"3712\" width=\"5568\"\/><\/p>\n<p>El gobierno busca dinamizar la econom\u00eda chilena con modificaciones tributarias. Entre las medidas, se plantea una <b>eliminaci\u00f3n temporal del IVA para la compra de viviendas<\/b> y la reducci\u00f3n de la tasa corporativa desde el<b> 27% al 23%. <\/b><\/p>\n<p>Adem\u00e1s, se prev\u00e9 un subsidio para proteger el empleo formal y la agilizaci\u00f3n de permisos ambientales y sectoriales, con el fin de acelerar la inversi\u00f3n en las zonas m\u00e1s afectadas. <\/p>\n<p>El paquete tambi\u00e9n incluye reformas al sistema de gratuidad universitaria, que ahora se limitar\u00e1 a estudiantes menores de 30 a\u00f1os, y el fortalecimiento de los mecanismos de cobro del Cr\u00e9dito con Aval del Estado (CAE). <\/p>\n<p><img loading=\"lazy\" decoding=\"async\" src=\"https:\/\/lobosnews.com.ar\/wp-content\/uploads\/2026\/03\/kast-anuncio-un-proyecto-de-ley-para-reconstruir-la-region-chilena-del-biobio-tras-los-devastadores-incendios-forestales-3.jpg\" alt=\"El acceso a la gratuidad universitaria se limitar\u00e1 a estudiantes menores de 30 a\u00f1os (Reuters)\" height=\"527\" width=\"800\"\/><\/p>\n<p>En el \u00e1mbito de la seguridad, la iniciativa endurece las sanciones al contrabando de cigarrillos y al transporte ilegal de migrantes, al tiempo que provee herramientas de inclusi\u00f3n financiera para proteger a los sectores m\u00e1s vulnerables de la usura y el cr\u00e9dito informal.<\/p>\n<p>Durante su visita a la Regi\u00f3n del Biob\u00edo, <b>Jos\u00e9 Antonio Kast<\/b> recorri\u00f3 sectores afectados, rindi\u00f3 homenaje a carabineros ca\u00eddos y supervis\u00f3 el despliegue de seguridad en la provincia de Arauco.<\/p>\n<p><img loading=\"lazy\" decoding=\"async\" src=\"https:\/\/lobosnews.com.ar\/wp-content\/uploads\/2026\/03\/kast-anuncio-un-proyecto-de-ley-para-reconstruir-la-region-chilena-del-biobio-tras-los-devastadores-incendios-forestales-4.jpg\" alt=\"El mandatario instal\u00f3 a dos parlamentarios de su sector en puestos clave del Congreso (Europa Press)\" height=\"1280\" width=\"1920\"\/><\/p>\n<p>En el contexto de la emergencia, la zona permanece bajo Estado de Cat\u00e1strofe Constitucional hasta el 18 de marzo, situaci\u00f3n que el nuevo mandatario deber\u00e1 evaluar si extiende o no, a trav\u00e9s de un decreto a tramitarse en los pr\u00f3ximos d\u00edas.<\/p>\n<p>El proyecto llega en un momento pol\u00edtico clave. Apenas asumido, <b>Kast<\/b> logr\u00f3 instalar a dos parlamentarios de su sector en posiciones estrat\u00e9gicas dentro del Congreso: <b>Paulina N\u00fa\u00f1ez<\/b> (RN) en el Senado y <b>Jorge Alessandri<\/b> (UDI) en la C\u00e1mara de Diputadas y Diputados.<\/p>\n<p>Paralelamente, firm\u00f3 varios decretos enfocados en fortalecer la seguridad y la gesti\u00f3n de fronteras. Entre estos destaca el \u2018<b>Plan Escudo Fronterizo\u2019,<\/b> que instruye a los ministerios de Defensa e Interior a gestionar cambios legales para frenar la migraci\u00f3n irregular, modificar las reglas del uso de la fuerza y construir barreras f\u00edsicas en sectores requeridos. <\/p>\n<p>La administraci\u00f3n tambi\u00e9n orden\u00f3 una auditor\u00eda total a la gesti\u00f3n saliente de <b>Gabriel Boric<\/b> en todos los ministerios e instituciones del Estado. <\/p>\n<p><img loading=\"lazy\" decoding=\"async\" src=\"https:\/\/lobosnews.com.ar\/wp-content\/uploads\/2026\/03\/kast-anuncio-un-proyecto-de-ley-para-reconstruir-la-region-chilena-del-biobio-tras-los-devastadores-incendios-forestales-5.jpg\" alt=\"Kast orden\u00f3 auditar la gesti\u00f3n de Gabriel Boric en todos los ministerios e instituciones (EFE)\" height=\"2000\" width=\"3000\"\/><\/p>\n<p>\u201cAqu\u00ed vemos la destrucci\u00f3n por el fuego, pero en Chile se han destruido muchas m\u00e1s cosas. La econom\u00eda, literalmente, se rompi\u00f3 y el crecimiento se estanc\u00f3\u201d, dijo Kast.<\/p>\n<p>El Producto Interno Bruto (PIB) creci\u00f3 un<b> 2,6% <\/b>en 2025 y la inflaci\u00f3n cerr\u00f3 en<b> 3,5%<\/b>. Sin embargo, el d\u00e9ficit fiscal estructural alcanz\u00f3 el 3,6% del PIB, el nivel m\u00e1s alto de las \u00faltimas dos d\u00e9cadas. <\/p>\n<p>Jos\u00e9 Antonio Kast advirti\u00f3 que la fuga de empresas nacionales y extranjeras hacia pa\u00edses con menor carga tributaria y menos regulaciones ha dejado a Chile en desventaja competitiva.<\/p>\n<p>Dentro de las prioridades inmediatas, el presidente instruy\u00f3 acelerar la construcci\u00f3n de viviendas en las regiones de <b>Valpara\u00edso<\/b>, <b>\u00d1uble<\/b> y <b>Biob\u00edo<\/b>, una tarea que qued\u00f3 a cargo del ministro de Vivienda, <b>Iv\u00e1n Poduje<\/b>, y la ministra de Desarrollo Social, <b>Mar\u00eda Jes\u00fas Wulf<\/b>. <\/p>\n<p><i>(Con informaci\u00f3n de EFE)<\/i><\/p>\n","protected":false},"excerpt":{"rendered":"<p>La administraci\u00f3n de Jos\u00e9 Antonio Kast en Chile lanz\u00f3 el \u201cProyecto de Ley de Reconstrucci\u00f3n Nacional\u201d con el objetivo de enfrentar las secuelas de los incendios forestales que devastaron la Regi\u00f3n del Biob\u00edo en enero de 2026 y reimpulsar la econom\u00eda del pa\u00eds. Uno de los ejes centrales del proyecto es la eliminaci\u00f3n temporal del&#8230;<\/p>\n","protected":false},"author":1,"featured_media":33510,"comment_status":"open","ping_status":"closed","sticky":false,"template":"","format":"standard","meta":{"_jetpack_memberships_contains_paid_content":false,"footnotes":""},"categories":[31],"tags":[],"class_list":["post-33502","post","type-post","status-publish","format-standard","has-post-thumbnail","hentry","category-actualidad"],"magazineBlocksPostFeaturedMedia":{"thumbnail":"https:\/\/lobosnews.com.ar\/wp-content\/uploads\/2026\/03\/kast-anuncio-un-proyecto-de-ley-para-reconstruir-la-region-chilena-del-biobio-tras-los-devastadores-incendios-forestales-10-150x150.jpg","medium":"https:\/\/lobosnews.com.ar\/wp-content\/uploads\/2026\/03\/kast-anuncio-un-proyecto-de-ley-para-reconstruir-la-region-chilena-del-biobio-tras-los-devastadores-incendios-forestales-10-300x200.jpg","medium_large":"https:\/\/lobosnews.com.ar\/wp-content\/uploads\/2026\/03\/kast-anuncio-un-proyecto-de-ley-para-reconstruir-la-region-chilena-del-biobio-tras-los-devastadores-incendios-forestales-10-768x512.jpg","large":"https:\/\/lobosnews.com.ar\/wp-content\/uploads\/2026\/03\/kast-anuncio-un-proyecto-de-ley-para-reconstruir-la-region-chilena-del-biobio-tras-los-devastadores-incendios-forestales-10-1024x683.jpg","1536x1536":"https:\/\/lobosnews.com.ar\/wp-content\/uploads\/2026\/03\/kast-anuncio-un-proyecto-de-ley-para-reconstruir-la-region-chilena-del-biobio-tras-los-devastadores-incendios-forestales-10-1536x1024.jpg","2048x2048":"https:\/\/lobosnews.com.ar\/wp-content\/uploads\/2026\/03\/kast-anuncio-un-proyecto-de-ley-para-reconstruir-la-region-chilena-del-biobio-tras-los-devastadores-incendios-forestales-10-2048x1365.jpg","newsmatic-featured":"https:\/\/lobosnews.com.ar\/wp-content\/uploads\/2026\/03\/kast-anuncio-un-proyecto-de-ley-para-reconstruir-la-region-chilena-del-biobio-tras-los-devastadores-incendios-forestales-10-820x545.jpg","newsmatic-list":"https:\/\/lobosnews.com.ar\/wp-content\/uploads\/2026\/03\/kast-anuncio-un-proyecto-de-ley-para-reconstruir-la-region-chilena-del-biobio-tras-los-devastadores-incendios-forestales-10-600x400.jpg","newsmatic-thumb":"https:\/\/lobosnews.com.ar\/wp-content\/uploads\/2026\/03\/kast-anuncio-un-proyecto-de-ley-para-reconstruir-la-region-chilena-del-biobio-tras-los-devastadores-incendios-forestales-10-300x200.jpg","newsmatic-small":"https:\/\/lobosnews.com.ar\/wp-content\/uploads\/2026\/03\/kast-anuncio-un-proyecto-de-ley-para-reconstruir-la-region-chilena-del-biobio-tras-los-devastadores-incendios-forestales-10-150x95.jpg","newsmatic-grid":"https:\/\/lobosnews.com.ar\/wp-content\/uploads\/2026\/03\/kast-anuncio-un-proyecto-de-ley-para-reconstruir-la-region-chilena-del-biobio-tras-los-devastadores-incendios-forestales-10-400x250.jpg"},"magazineBlocksPostAuthor":{"name":"admin","avatar":"https:\/\/secure.gravatar.com\/avatar\/76e419471a2083bc3ceab22a763dbbf9b0c1bd15a6214cf3280e2c2dde4580f9?s=96&d=mm&r=g"},"magazineBlocksPostCommentsNumber":"0","magazineBlocksPostExcerpt":"La administraci\u00f3n de Jos\u00e9 Antonio Kast en Chile lanz\u00f3 el \u201cProyecto de Ley de Reconstrucci\u00f3n Nacional\u201d con el objetivo de enfrentar las secuelas de los incendios forestales que devastaron la Regi\u00f3n del Biob\u00edo en enero de 2026 y reimpulsar la econom\u00eda del pa\u00eds. Uno de los ejes centrales del proyecto es la eliminaci\u00f3n temporal del...","magazineBlocksPostCategories":["Actualidad"],"magazineBlocksPostViewCount":91,"magazineBlocksPostReadTime":4,"magazine_blocks_featured_image_url":{"full":["https:\/\/lobosnews.com.ar\/wp-content\/uploads\/2026\/03\/kast-anuncio-un-proyecto-de-ley-para-reconstruir-la-region-chilena-del-biobio-tras-los-devastadores-incendios-forestales-10-scaled.jpg",2560,1707,false],"medium":["https:\/\/lobosnews.com.ar\/wp-content\/uploads\/2026\/03\/kast-anuncio-un-proyecto-de-ley-para-reconstruir-la-region-chilena-del-biobio-tras-los-devastadores-incendios-forestales-10-300x200.jpg",300,200,true],"thumbnail":["https:\/\/lobosnews.com.ar\/wp-content\/uploads\/2026\/03\/kast-anuncio-un-proyecto-de-ley-para-reconstruir-la-region-chilena-del-biobio-tras-los-devastadores-incendios-forestales-10-150x150.jpg",150,150,true]},"magazine_blocks_author":{"display_name":"admin","author_link":"https:\/\/lobosnews.com.ar\/index.php\/author\/lobos-news\/"},"magazine_blocks_comment":0,"magazine_blocks_author_image":"https:\/\/secure.gravatar.com\/avatar\/76e419471a2083bc3ceab22a763dbbf9b0c1bd15a6214cf3280e2c2dde4580f9?s=96&d=mm&r=g","magazine_blocks_category":"<a href=\"#\" class=\"category-link category-link-31\">Actualidad<\/a>","yoast_head":"<!-- This site is optimized with the Yoast SEO plugin v26.6 - https:\/\/yoast.com\/wordpress\/plugins\/seo\/ -->\n<title>Kast anunci\u00f3 un proyecto de ley para reconstruir la regi\u00f3n chilena del Biob\u00edo tras los devastadores incendios forestales - Lobos News<\/title>\n<meta name=\"robots\" content=\"index, follow, max-snippet:-1, max-image-preview:large, max-video-preview:-1\" \/>\n<link rel=\"canonical\" href=\"https:\/\/lobosnews.com.ar\/index.php\/2026\/03\/14\/kast-anuncio-un-proyecto-de-ley-para-reconstruir-la-region-chilena-del-biobio-tras-los-devastadores-incendios-forestales\/\" \/>\n<meta property=\"og:locale\" content=\"es_ES\" \/>\n<meta property=\"og:type\" content=\"article\" \/>\n<meta property=\"og:title\" content=\"Kast anunci\u00f3 un proyecto de ley para reconstruir la regi\u00f3n chilena del Biob\u00edo tras los devastadores incendios forestales - Lobos News\" \/>\n<meta property=\"og:description\" content=\"La administraci\u00f3n de Jos\u00e9 Antonio Kast en Chile lanz\u00f3 el \u201cProyecto de Ley de Reconstrucci\u00f3n Nacional\u201d con el objetivo de enfrentar las secuelas de los incendios forestales que devastaron la Regi\u00f3n del Biob\u00edo en enero de 2026 y reimpulsar la econom\u00eda del pa\u00eds. Uno de los ejes centrales del proyecto es la eliminaci\u00f3n temporal del...\" \/>\n<meta property=\"og:url\" content=\"https:\/\/lobosnews.com.ar\/index.php\/2026\/03\/14\/kast-anuncio-un-proyecto-de-ley-para-reconstruir-la-region-chilena-del-biobio-tras-los-devastadores-incendios-forestales\/\" \/>\n<meta property=\"og:site_name\" content=\"Lobos News\" \/>\n<meta property=\"article:published_time\" content=\"2026-03-14T18:45:22+00:00\" \/>\n<meta property=\"article:modified_time\" content=\"2026-03-14T21:12:46+00:00\" \/>\n<meta property=\"og:image\" content=\"https:\/\/lobosnews.com.ar\/wp-content\/uploads\/2026\/03\/kast-anuncio-un-proyecto-de-ley-para-reconstruir-la-region-chilena-del-biobio-tras-los-devastadores-incendios-forestales.jpg\" \/>\n<meta name=\"author\" content=\"admin\" \/>\n<meta name=\"twitter:card\" content=\"summary_large_image\" \/>\n<meta name=\"twitter:label1\" content=\"Escrito por\" \/>\n\t<meta name=\"twitter:data1\" content=\"admin\" \/>\n\t<meta name=\"twitter:label2\" content=\"Tiempo de lectura\" \/>\n\t<meta name=\"twitter:data2\" content=\"4 minutos\" \/>\n<script type=\"application\/ld+json\" class=\"yoast-schema-graph\">{\"@context\":\"https:\/\/schema.org\",\"@graph\":[{\"@type\":\"Article\",\"@id\":\"https:\/\/lobosnews.com.ar\/index.php\/2026\/03\/14\/kast-anuncio-un-proyecto-de-ley-para-reconstruir-la-region-chilena-del-biobio-tras-los-devastadores-incendios-forestales\/#article\",\"isPartOf\":{\"@id\":\"https:\/\/lobosnews.com.ar\/index.php\/2026\/03\/14\/kast-anuncio-un-proyecto-de-ley-para-reconstruir-la-region-chilena-del-biobio-tras-los-devastadores-incendios-forestales\/\"},\"author\":{\"name\":\"admin\",\"@id\":\"https:\/\/lobosnews.com.ar\/#\/schema\/person\/232422a593d5c541dd9aef6aaed10943\"},\"headline\":\"Kast anunci\u00f3 un proyecto de ley para reconstruir la regi\u00f3n chilena del Biob\u00edo tras los devastadores incendios forestales\",\"datePublished\":\"2026-03-14T18:45:22+00:00\",\"dateModified\":\"2026-03-14T21:12:46+00:00\",\"mainEntityOfPage\":{\"@id\":\"https:\/\/lobosnews.com.ar\/index.php\/2026\/03\/14\/kast-anuncio-un-proyecto-de-ley-para-reconstruir-la-region-chilena-del-biobio-tras-los-devastadores-incendios-forestales\/\"},\"wordCount\":739,\"commentCount\":0,\"publisher\":{\"@id\":\"https:\/\/lobosnews.com.ar\/#organization\"},\"image\":{\"@id\":\"https:\/\/lobosnews.com.ar\/index.php\/2026\/03\/14\/kast-anuncio-un-proyecto-de-ley-para-reconstruir-la-region-chilena-del-biobio-tras-los-devastadores-incendios-forestales\/#primaryimage\"},\"thumbnailUrl\":\"https:\/\/lobosnews.com.ar\/wp-content\/uploads\/2026\/03\/kast-anuncio-un-proyecto-de-ley-para-reconstruir-la-region-chilena-del-biobio-tras-los-devastadores-incendios-forestales-10-scaled.jpg\",\"articleSection\":[\"Actualidad\"],\"inLanguage\":\"es\",\"potentialAction\":[{\"@type\":\"CommentAction\",\"name\":\"Comment\",\"target\":[\"https:\/\/lobosnews.com.ar\/index.php\/2026\/03\/14\/kast-anuncio-un-proyecto-de-ley-para-reconstruir-la-region-chilena-del-biobio-tras-los-devastadores-incendios-forestales\/#respond\"]}]},{\"@type\":\"WebPage\",\"@id\":\"https:\/\/lobosnews.com.ar\/index.php\/2026\/03\/14\/kast-anuncio-un-proyecto-de-ley-para-reconstruir-la-region-chilena-del-biobio-tras-los-devastadores-incendios-forestales\/\",\"url\":\"https:\/\/lobosnews.com.ar\/index.php\/2026\/03\/14\/kast-anuncio-un-proyecto-de-ley-para-reconstruir-la-region-chilena-del-biobio-tras-los-devastadores-incendios-forestales\/\",\"name\":\"Kast anunci\u00f3 un proyecto de ley para reconstruir la regi\u00f3n chilena del Biob\u00edo tras los devastadores incendios forestales - Lobos News\",\"isPartOf\":{\"@id\":\"https:\/\/lobosnews.com.ar\/#website\"},\"primaryImageOfPage\":{\"@id\":\"https:\/\/lobosnews.com.ar\/index.php\/2026\/03\/14\/kast-anuncio-un-proyecto-de-ley-para-reconstruir-la-region-chilena-del-biobio-tras-los-devastadores-incendios-forestales\/#primaryimage\"},\"image\":{\"@id\":\"https:\/\/lobosnews.com.ar\/index.php\/2026\/03\/14\/kast-anuncio-un-proyecto-de-ley-para-reconstruir-la-region-chilena-del-biobio-tras-los-devastadores-incendios-forestales\/#primaryimage\"},\"thumbnailUrl\":\"https:\/\/lobosnews.com.ar\/wp-content\/uploads\/2026\/03\/kast-anuncio-un-proyecto-de-ley-para-reconstruir-la-region-chilena-del-biobio-tras-los-devastadores-incendios-forestales-10-scaled.jpg\",\"datePublished\":\"2026-03-14T18:45:22+00:00\",\"dateModified\":\"2026-03-14T21:12:46+00:00\",\"breadcrumb\":{\"@id\":\"https:\/\/lobosnews.com.ar\/index.php\/2026\/03\/14\/kast-anuncio-un-proyecto-de-ley-para-reconstruir-la-region-chilena-del-biobio-tras-los-devastadores-incendios-forestales\/#breadcrumb\"},\"inLanguage\":\"es\",\"potentialAction\":[{\"@type\":\"ReadAction\",\"target\":[\"https:\/\/lobosnews.com.ar\/index.php\/2026\/03\/14\/kast-anuncio-un-proyecto-de-ley-para-reconstruir-la-region-chilena-del-biobio-tras-los-devastadores-incendios-forestales\/\"]}]},{\"@type\":\"ImageObject\",\"inLanguage\":\"es\",\"@id\":\"https:\/\/lobosnews.com.ar\/index.php\/2026\/03\/14\/kast-anuncio-un-proyecto-de-ley-para-reconstruir-la-region-chilena-del-biobio-tras-los-devastadores-incendios-forestales\/#primaryimage\",\"url\":\"https:\/\/lobosnews.com.ar\/wp-content\/uploads\/2026\/03\/kast-anuncio-un-proyecto-de-ley-para-reconstruir-la-region-chilena-del-biobio-tras-los-devastadores-incendios-forestales-10-scaled.jpg\",\"contentUrl\":\"https:\/\/lobosnews.com.ar\/wp-content\/uploads\/2026\/03\/kast-anuncio-un-proyecto-de-ley-para-reconstruir-la-region-chilena-del-biobio-tras-los-devastadores-incendios-forestales-10-scaled.jpg\",\"width\":2560,\"height\":1707,\"caption\":\"Kast anunci\u00f3 un proyecto de ley para reconstruir la regi\u00f3n chilena del Biob\u00edo tras los devastadores incendios forestales\"},{\"@type\":\"BreadcrumbList\",\"@id\":\"https:\/\/lobosnews.com.ar\/index.php\/2026\/03\/14\/kast-anuncio-un-proyecto-de-ley-para-reconstruir-la-region-chilena-del-biobio-tras-los-devastadores-incendios-forestales\/#breadcrumb\",\"itemListElement\":[{\"@type\":\"ListItem\",\"position\":1,\"name\":\"Portada\",\"item\":\"https:\/\/lobosnews.com.ar\/\"},{\"@type\":\"ListItem\",\"position\":2,\"name\":\"Kast anunci\u00f3 un proyecto de ley para reconstruir la regi\u00f3n chilena del Biob\u00edo tras los devastadores incendios forestales\"}]},{\"@type\":\"WebSite\",\"@id\":\"https:\/\/lobosnews.com.ar\/#website\",\"url\":\"https:\/\/lobosnews.com.ar\/\",\"name\":\"Lobos News\",\"description\":\"Informaci\u00f3n a cada instante\",\"publisher\":{\"@id\":\"https:\/\/lobosnews.com.ar\/#organization\"},\"potentialAction\":[{\"@type\":\"SearchAction\",\"target\":{\"@type\":\"EntryPoint\",\"urlTemplate\":\"https:\/\/lobosnews.com.ar\/?s={search_term_string}\"},\"query-input\":{\"@type\":\"PropertyValueSpecification\",\"valueRequired\":true,\"valueName\":\"search_term_string\"}}],\"inLanguage\":\"es\"},{\"@type\":\"Organization\",\"@id\":\"https:\/\/lobosnews.com.ar\/#organization\",\"name\":\"Lobos News\",\"url\":\"https:\/\/lobosnews.com.ar\/\",\"logo\":{\"@type\":\"ImageObject\",\"inLanguage\":\"es\",\"@id\":\"https:\/\/lobosnews.com.ar\/#\/schema\/logo\/image\/\",\"url\":\"https:\/\/lobosnews.com.ar\/wp-content\/uploads\/2026\/01\/logo-lobosnews.png\",\"contentUrl\":\"https:\/\/lobosnews.com.ar\/wp-content\/uploads\/2026\/01\/logo-lobosnews.png\",\"width\":500,\"height\":200,\"caption\":\"Lobos News\"},\"image\":{\"@id\":\"https:\/\/lobosnews.com.ar\/#\/schema\/logo\/image\/\"}},{\"@type\":\"Person\",\"@id\":\"https:\/\/lobosnews.com.ar\/#\/schema\/person\/232422a593d5c541dd9aef6aaed10943\",\"name\":\"admin\",\"image\":{\"@type\":\"ImageObject\",\"inLanguage\":\"es\",\"@id\":\"https:\/\/lobosnews.com.ar\/#\/schema\/person\/image\/\",\"url\":\"https:\/\/secure.gravatar.com\/avatar\/76e419471a2083bc3ceab22a763dbbf9b0c1bd15a6214cf3280e2c2dde4580f9?s=96&d=mm&r=g\",\"contentUrl\":\"https:\/\/secure.gravatar.com\/avatar\/76e419471a2083bc3ceab22a763dbbf9b0c1bd15a6214cf3280e2c2dde4580f9?s=96&d=mm&r=g\",\"caption\":\"admin\"},\"sameAs\":[\"https:\/\/lobosnews.com.ar\"],\"url\":\"https:\/\/lobosnews.com.ar\/index.php\/author\/lobos-news\/\"}]}<\/script>\n<!-- \/ Yoast SEO plugin. -->","yoast_head_json":{"title":"Kast anunci\u00f3 un proyecto de ley para reconstruir la regi\u00f3n chilena del Biob\u00edo tras los devastadores incendios forestales - Lobos News","robots":{"index":"index","follow":"follow","max-snippet":"max-snippet:-1","max-image-preview":"max-image-preview:large","max-video-preview":"max-video-preview:-1"},"canonical":"https:\/\/lobosnews.com.ar\/index.php\/2026\/03\/14\/kast-anuncio-un-proyecto-de-ley-para-reconstruir-la-region-chilena-del-biobio-tras-los-devastadores-incendios-forestales\/","og_locale":"es_ES","og_type":"article","og_title":"Kast anunci\u00f3 un proyecto de ley para reconstruir la regi\u00f3n chilena del Biob\u00edo tras los devastadores incendios forestales - Lobos News","og_description":"La administraci\u00f3n de Jos\u00e9 Antonio Kast en Chile lanz\u00f3 el \u201cProyecto de Ley de Reconstrucci\u00f3n Nacional\u201d con el objetivo de enfrentar las secuelas de los incendios forestales que devastaron la Regi\u00f3n del Biob\u00edo en enero de 2026 y reimpulsar la econom\u00eda del pa\u00eds. Uno de los ejes centrales del proyecto es la eliminaci\u00f3n temporal del...","og_url":"https:\/\/lobosnews.com.ar\/index.php\/2026\/03\/14\/kast-anuncio-un-proyecto-de-ley-para-reconstruir-la-region-chilena-del-biobio-tras-los-devastadores-incendios-forestales\/","og_site_name":"Lobos News","article_published_time":"2026-03-14T18:45:22+00:00","article_modified_time":"2026-03-14T21:12:46+00:00","og_image":[{"url":"https:\/\/lobosnews.com.ar\/wp-content\/uploads\/2026\/03\/kast-anuncio-un-proyecto-de-ley-para-reconstruir-la-region-chilena-del-biobio-tras-los-devastadores-incendios-forestales.jpg","type":"","width":"","height":""}],"author":"admin","twitter_card":"summary_large_image","twitter_misc":{"Escrito por":"admin","Tiempo de lectura":"4 minutos"},"schema":{"@context":"https:\/\/schema.org","@graph":[{"@type":"Article","@id":"https:\/\/lobosnews.com.ar\/index.php\/2026\/03\/14\/kast-anuncio-un-proyecto-de-ley-para-reconstruir-la-region-chilena-del-biobio-tras-los-devastadores-incendios-forestales\/#article","isPartOf":{"@id":"https:\/\/lobosnews.com.ar\/index.php\/2026\/03\/14\/kast-anuncio-un-proyecto-de-ley-para-reconstruir-la-region-chilena-del-biobio-tras-los-devastadores-incendios-forestales\/"},"author":{"name":"admin","@id":"https:\/\/lobosnews.com.ar\/#\/schema\/person\/232422a593d5c541dd9aef6aaed10943"},"headline":"Kast anunci\u00f3 un proyecto de ley para reconstruir la regi\u00f3n chilena del Biob\u00edo tras los devastadores incendios forestales","datePublished":"2026-03-14T18:45:22+00:00","dateModified":"2026-03-14T21:12:46+00:00","mainEntityOfPage":{"@id":"https:\/\/lobosnews.com.ar\/index.php\/2026\/03\/14\/kast-anuncio-un-proyecto-de-ley-para-reconstruir-la-region-chilena-del-biobio-tras-los-devastadores-incendios-forestales\/"},"wordCount":739,"commentCount":0,"publisher":{"@id":"https:\/\/lobosnews.com.ar\/#organization"},"image":{"@id":"https:\/\/lobosnews.com.ar\/index.php\/2026\/03\/14\/kast-anuncio-un-proyecto-de-ley-para-reconstruir-la-region-chilena-del-biobio-tras-los-devastadores-incendios-forestales\/#primaryimage"},"thumbnailUrl":"https:\/\/lobosnews.com.ar\/wp-content\/uploads\/2026\/03\/kast-anuncio-un-proyecto-de-ley-para-reconstruir-la-region-chilena-del-biobio-tras-los-devastadores-incendios-forestales-10-scaled.jpg","articleSection":["Actualidad"],"inLanguage":"es","potentialAction":[{"@type":"CommentAction","name":"Comment","target":["https:\/\/lobosnews.com.ar\/index.php\/2026\/03\/14\/kast-anuncio-un-proyecto-de-ley-para-reconstruir-la-region-chilena-del-biobio-tras-los-devastadores-incendios-forestales\/#respond"]}]},{"@type":"WebPage","@id":"https:\/\/lobosnews.com.ar\/index.php\/2026\/03\/14\/kast-anuncio-un-proyecto-de-ley-para-reconstruir-la-region-chilena-del-biobio-tras-los-devastadores-incendios-forestales\/","url":"https:\/\/lobosnews.com.ar\/index.php\/2026\/03\/14\/kast-anuncio-un-proyecto-de-ley-para-reconstruir-la-region-chilena-del-biobio-tras-los-devastadores-incendios-forestales\/","name":"Kast anunci\u00f3 un proyecto de ley para reconstruir la regi\u00f3n chilena del Biob\u00edo tras los devastadores incendios forestales - Lobos News","isPartOf":{"@id":"https:\/\/lobosnews.com.ar\/#website"},"primaryImageOfPage":{"@id":"https:\/\/lobosnews.com.ar\/index.php\/2026\/03\/14\/kast-anuncio-un-proyecto-de-ley-para-reconstruir-la-region-chilena-del-biobio-tras-los-devastadores-incendios-forestales\/#primaryimage"},"image":{"@id":"https:\/\/lobosnews.com.ar\/index.php\/2026\/03\/14\/kast-anuncio-un-proyecto-de-ley-para-reconstruir-la-region-chilena-del-biobio-tras-los-devastadores-incendios-forestales\/#primaryimage"},"thumbnailUrl":"https:\/\/lobosnews.com.ar\/wp-content\/uploads\/2026\/03\/kast-anuncio-un-proyecto-de-ley-para-reconstruir-la-region-chilena-del-biobio-tras-los-devastadores-incendios-forestales-10-scaled.jpg","datePublished":"2026-03-14T18:45:22+00:00","dateModified":"2026-03-14T21:12:46+00:00","breadcrumb":{"@id":"https:\/\/lobosnews.com.ar\/index.php\/2026\/03\/14\/kast-anuncio-un-proyecto-de-ley-para-reconstruir-la-region-chilena-del-biobio-tras-los-devastadores-incendios-forestales\/#breadcrumb"},"inLanguage":"es","potentialAction":[{"@type":"ReadAction","target":["https:\/\/lobosnews.com.ar\/index.php\/2026\/03\/14\/kast-anuncio-un-proyecto-de-ley-para-reconstruir-la-region-chilena-del-biobio-tras-los-devastadores-incendios-forestales\/"]}]},{"@type":"ImageObject","inLanguage":"es","@id":"https:\/\/lobosnews.com.ar\/index.php\/2026\/03\/14\/kast-anuncio-un-proyecto-de-ley-para-reconstruir-la-region-chilena-del-biobio-tras-los-devastadores-incendios-forestales\/#primaryimage","url":"https:\/\/lobosnews.com.ar\/wp-content\/uploads\/2026\/03\/kast-anuncio-un-proyecto-de-ley-para-reconstruir-la-region-chilena-del-biobio-tras-los-devastadores-incendios-forestales-10-scaled.jpg","contentUrl":"https:\/\/lobosnews.com.ar\/wp-content\/uploads\/2026\/03\/kast-anuncio-un-proyecto-de-ley-para-reconstruir-la-region-chilena-del-biobio-tras-los-devastadores-incendios-forestales-10-scaled.jpg","width":2560,"height":1707,"caption":"Kast anunci\u00f3 un proyecto de ley para reconstruir la regi\u00f3n chilena del Biob\u00edo tras los devastadores incendios forestales"},{"@type":"BreadcrumbList","@id":"https:\/\/lobosnews.com.ar\/index.php\/2026\/03\/14\/kast-anuncio-un-proyecto-de-ley-para-reconstruir-la-region-chilena-del-biobio-tras-los-devastadores-incendios-forestales\/#breadcrumb","itemListElement":[{"@type":"ListItem","position":1,"name":"Portada","item":"https:\/\/lobosnews.com.ar\/"},{"@type":"ListItem","position":2,"name":"Kast anunci\u00f3 un proyecto de ley para reconstruir la regi\u00f3n chilena del Biob\u00edo tras los devastadores incendios forestales"}]},{"@type":"WebSite","@id":"https:\/\/lobosnews.com.ar\/#website","url":"https:\/\/lobosnews.com.ar\/","name":"Lobos News","description":"Informaci\u00f3n a cada instante","publisher":{"@id":"https:\/\/lobosnews.com.ar\/#organization"},"potentialAction":[{"@type":"SearchAction","target":{"@type":"EntryPoint","urlTemplate":"https:\/\/lobosnews.com.ar\/?s={search_term_string}"},"query-input":{"@type":"PropertyValueSpecification","valueRequired":true,"valueName":"search_term_string"}}],"inLanguage":"es"},{"@type":"Organization","@id":"https:\/\/lobosnews.com.ar\/#organization","name":"Lobos News","url":"https:\/\/lobosnews.com.ar\/","logo":{"@type":"ImageObject","inLanguage":"es","@id":"https:\/\/lobosnews.com.ar\/#\/schema\/logo\/image\/","url":"https:\/\/lobosnews.com.ar\/wp-content\/uploads\/2026\/01\/logo-lobosnews.png","contentUrl":"https:\/\/lobosnews.com.ar\/wp-content\/uploads\/2026\/01\/logo-lobosnews.png","width":500,"height":200,"caption":"Lobos News"},"image":{"@id":"https:\/\/lobosnews.com.ar\/#\/schema\/logo\/image\/"}},{"@type":"Person","@id":"https:\/\/lobosnews.com.ar\/#\/schema\/person\/232422a593d5c541dd9aef6aaed10943","name":"admin","image":{"@type":"ImageObject","inLanguage":"es","@id":"https:\/\/lobosnews.com.ar\/#\/schema\/person\/image\/","url":"https:\/\/secure.gravatar.com\/avatar\/76e419471a2083bc3ceab22a763dbbf9b0c1bd15a6214cf3280e2c2dde4580f9?s=96&d=mm&r=g","contentUrl":"https:\/\/secure.gravatar.com\/avatar\/76e419471a2083bc3ceab22a763dbbf9b0c1bd15a6214cf3280e2c2dde4580f9?s=96&d=mm&r=g","caption":"admin"},"sameAs":["https:\/\/lobosnews.com.ar"],"url":"https:\/\/lobosnews.com.ar\/index.php\/author\/lobos-news\/"}]}},"jetpack_featured_media_url":"https:\/\/lobosnews.com.ar\/wp-content\/uploads\/2026\/03\/kast-anuncio-un-proyecto-de-ley-para-reconstruir-la-region-chilena-del-biobio-tras-los-devastadores-incendios-forestales-10-scaled.jpg","jetpack_sharing_enabled":true,"_links":{"self":[{"href":"https:\/\/lobosnews.com.ar\/index.php\/wp-json\/wp\/v2\/posts\/33502","targetHints":{"allow":["GET"]}}],"collection":[{"href":"https:\/\/lobosnews.com.ar\/index.php\/wp-json\/wp\/v2\/posts"}],"about":[{"href":"https:\/\/lobosnews.com.ar\/index.php\/wp-json\/wp\/v2\/types\/post"}],"author":[{"embeddable":true,"href":"https:\/\/lobosnews.com.ar\/index.php\/wp-json\/wp\/v2\/users\/1"}],"replies":[{"embeddable":true,"href":"https:\/\/lobosnews.com.ar\/index.php\/wp-json\/wp\/v2\/comments?post=33502"}],"version-history":[{"count":1,"href":"https:\/\/lobosnews.com.ar\/index.php\/wp-json\/wp\/v2\/posts\/33502\/revisions"}],"predecessor-version":[{"id":33509,"href":"https:\/\/lobosnews.com.ar\/index.php\/wp-json\/wp\/v2\/posts\/33502\/revisions\/33509"}],"wp:featuredmedia":[{"embeddable":true,"href":"https:\/\/lobosnews.com.ar\/index.php\/wp-json\/wp\/v2\/media\/33510"}],"wp:attachment":[{"href":"https:\/\/lobosnews.com.ar\/index.php\/wp-json\/wp\/v2\/media?parent=33502"}],"wp:term":[{"taxonomy":"category","embeddable":true,"href":"https:\/\/lobosnews.com.ar\/index.php\/wp-json\/wp\/v2\/categories?post=33502"},{"taxonomy":"post_tag","embeddable":true,"href":"https:\/\/lobosnews.com.ar\/index.php\/wp-json\/wp\/v2\/tags?post=33502"}],"curies":[{"name":"wp","href":"https:\/\/api.w.org\/{rel}","templated":true}]}}