{"id":33476,"date":"2026-03-14T17:23:16","date_gmt":"2026-03-14T17:23:16","guid":{"rendered":"https:\/\/lobosnews.com.ar\/index.php\/2026\/03\/14\/un-regreso-y-varias-bajas-la-lista-de-concentrados-de-boca-juniors-para-visitar-a-union-en-santa-fe\/"},"modified":"2026-03-14T20:55:04","modified_gmt":"2026-03-14T20:55:04","slug":"un-regreso-y-varias-bajas-la-lista-de-concentrados-de-boca-juniors-para-visitar-a-union-en-santa-fe","status":"publish","type":"post","link":"https:\/\/lobosnews.com.ar\/index.php\/2026\/03\/14\/un-regreso-y-varias-bajas-la-lista-de-concentrados-de-boca-juniors-para-visitar-a-union-en-santa-fe\/","title":{"rendered":"Un regreso y varias bajas: la lista de concentrados de Boca Juniors para visitar a Uni\u00f3n en Santa Fe"},"content":{"rendered":"<p><img loading=\"lazy\" decoding=\"async\" src=\"https:\/\/lobosnews.com.ar\/wp-content\/uploads\/2026\/03\/un-regreso-y-varias-bajas-la-lista-de-concentrados-de-boca-juniors-para-visitar-a-union-en-santa-fe.jpg\" alt=\"El Xeneize volver\u00eda a repetir equipo ante Uni\u00f3n en Santa Fe\" height=\"2896\" width=\"4344\"\/><\/p>\n<p>La decisi\u00f3n de <b>Claudio \u00dabeda<\/b> de mantener sin modificaciones el once inicial de <b>Boca Juniors<\/b> para el duelo trascendental ante <b>Uni\u00f3n<\/b> representa una declaraci\u00f3n de principios en un contexto marcado por cr\u00edticas y presi\u00f3n institucional. La continuidad del equipo que empat\u00f3 frente a San Lorenzo busca consolidar una identidad de juego a\u00fan en medio de resultados que generan dudas en parte de la dirigencia y entre los hinchas. La cita ser\u00e1 ma\u00f1ana, a partir de las 22, en Santa Fe.<\/p>\n<p><b>La reaparici\u00f3n de Alan Velasco <\/b>en la lista de convocados es una de las novedades. El enganche, que disput\u00f3 69 minutos en el debut ante Riestra por el Apertura, se perdi\u00f3 los siguientes nueve compromisos despu\u00e9s de haber sufrido una distensi\u00f3n grado II del ligamento colateral medial de la rodilla izquierda. A tope desde lo f\u00edsico y ya en ritmo futbol\u00edstico, es probable que sume minutos en el complemento. Los que no fueron incluidos en la n\u00f3mina del viaje a Santa Fe son <b>Edinson Cavani<\/b> (contin\u00faa con un tratamiento para aliviar la zona lumbar), <b>Tom\u00e1s Belmonte <\/b>(desgarro en aductor izquierdo),<b> \u00c1ngel Romero <\/b>(distensi\u00f3n en aductor izquierdo),<b> Agust\u00edn Martegani, Gonzalo Gelini y Dylan Gorosito <\/b>(t\u00e1cticos).<\/p>\n<p><b>Marcelo Weigandt<\/b> y <b>Lautaro Di Lollo<\/b>, protagonistas de la acci\u00f3n que deriv\u00f3 en el empate de San Lorenzo, conservan su lugar en la zaga titular. Pese a que Juan Barinaga ya se encuentra recuperado de su lesi\u00f3n muscular, Ubeda opt\u00f3 por la estabilidad, manteniendo tanto al <i>Chelo <\/i>como al joven Di Lollo en el equipo inicial (m\u00e1s all\u00e1 de que Nicol\u00e1s Figal surg\u00eda como alternativa). <b>Uni\u00f3n <\/b>ser\u00e1 un rival de temer: a pesar de que se le escap\u00f3 la victoria ante Independiente en Avellaneda de forma ag\u00f3nica luego de ir 3-0 y 4-2 arriba, lleva cinco sin perder y es escolta de V\u00e9lez en la Zona A.<\/p>\n<p><img loading=\"lazy\" decoding=\"async\" src=\"https:\/\/lobosnews.com.ar\/wp-content\/uploads\/2026\/03\/un-regreso-y-varias-bajas-la-lista-de-concentrados-de-boca-juniors-para-visitar-a-union-en-santa-fe-1.jpg\" alt=\"Alan Velasco no juega oficialmente desde enero, cuando se lesion\u00f3 la rodilla izquierda ante Deportivo Riestra\" height=\"2048\" width=\"1462\"\/><\/p>\n<p>Esta decisi\u00f3n significa que <b>Boca <\/b>repetir\u00e1 por tercera vez consecutiva la misma formaci\u00f3n titular, un hecho in\u00e9dito en la era conocida como el ciclo de Sif\u00f3n. El mediocampo seguir\u00e1 conformado por <b>Milton Delgado<\/b> y <b>Leandro Paredes<\/b>, encargados de labores defensivas y de primer pase, complementados por la proyecci\u00f3n ofensiva de <b>Santiago Ascacibar<\/b> y la creatividad del juvenil <b>Tom\u00e1s Aranda<\/b>. En el ataque, la dupla de <b>Miguel Merentiel<\/b> y <b>Adam Bareiro<\/b> buscar\u00e1 reencontrarse con el gol tras quedar en blanco ante San Lorenzo, pero amparados en un registro reciente de cinco tantos en los \u00faltimos cuatro encuentros.<\/p>\n<p>El equipo que dirige <b>\u00dabeda<\/b> acumula seis partidos sin derrotas, aunque cuatro de ellos finalizaron en empate, todos en la Bombonera. El plantel persigue transformar esas igualdades en victorias que afiancen tanto los resultados como el proyecto de juego, objetivos a\u00fan distantes mientras la situaci\u00f3n del entrenador se percibe como fr\u00e1gil. El once que tiene en la cabeza el cuerpo t\u00e9cnico incluye a <b>Agust\u00edn Marches\u00edn<\/b>; <b>Marcelo Weigandt<\/b>, <b>Lautaro Di Lollo<\/b>, <b>Ayrton Costa<\/b>, <b>Lautaro Blanco<\/b>; <b>Santiago Ascacibar<\/b>, <b>Leandro Paredes<\/b>, <b>Milton Delgado<\/b>, <b>Tom\u00e1s Aranda<\/b>; <b>Miguel Merentiel<\/b> <b>y Adam Bareiro<\/b>.<\/p>\n<p>La apuesta de \u00dabeda es que la <b>repetici\u00f3n del equipo titular por tres partidos consecutivos<\/b> favorezca la consolidaci\u00f3n de un funcionamiento colectivo capaz de revertir la tendencia de empates, una de las marcas del Boca actual. La continuidad de todos los jugadores involucrados en acciones decisivas del \u00faltimo encuentro representa, para la dirigencia y el propio plantel, una oportunidad para reivindicar el proyecto futbol\u00edstico bajo la conducci\u00f3n del entrenador.<\/p>\n<p><b>LA LISTA DE CONCENTRADOS<\/b><\/p>\n<p><img loading=\"lazy\" decoding=\"async\" src=\"https:\/\/lobosnews.com.ar\/wp-content\/uploads\/2026\/03\/un-regreso-y-varias-bajas-la-lista-de-concentrados-de-boca-juniors-para-visitar-a-union-en-santa-fe-2.jpg\" alt=\"\" height=\"2048\" width=\"1639\"\/><\/p>\n<ul>\n<li><b>Arqueros:<\/b> Agust\u00edn Marches\u00edn, Leandro Brey y Javier Garc\u00eda<\/li>\n<li><b>Defensores: <\/b>Marcelo Weigandt, Juan Barinaga, Nicol\u00e1s Figal, Lautaro Di Lollo, Ayrton Costa, Marco Pellegrino y Lautaro Blanco<\/li>\n<li><b>Mediocampistas:<\/b> Leandro Paredes, Milton Delgado, Camilo Rey Domenech, Santiago Ascacibar, Williams Alarc\u00f3n, Ander Herrera<\/li>\n<li><b>Delanteros:<\/b> Kevin Zen\u00f3n, Alan Velasco, Tom\u00e1s Aranda, Iker Zufiaurre, Lucas Janson, Miguel Merentiel y Adam Bareiro<\/li>\n<\/ul>\n","protected":false},"excerpt":{"rendered":"<p>La decisi\u00f3n de Claudio \u00dabeda de mantener sin modificaciones el once inicial de Boca Juniors para el duelo trascendental ante Uni\u00f3n representa una declaraci\u00f3n de principios en un contexto marcado por cr\u00edticas y presi\u00f3n institucional. La continuidad del equipo que empat\u00f3 frente a San Lorenzo busca consolidar una identidad de juego a\u00fan en medio de&#8230;<\/p>\n","protected":false},"author":1,"featured_media":0,"comment_status":"open","ping_status":"closed","sticky":false,"template":"","format":"standard","meta":{"_jetpack_memberships_contains_paid_content":false,"footnotes":""},"categories":[30],"tags":[39],"class_list":["post-33476","post","type-post","status-publish","format-standard","hentry","category-argentina","tag-deportes"],"magazineBlocksPostFeaturedMedia":{"thumbnail":false,"medium":false,"medium_large":false,"large":false,"1536x1536":false,"2048x2048":false,"newsmatic-featured":false,"newsmatic-list":false,"newsmatic-thumb":false,"newsmatic-small":false,"newsmatic-grid":false},"magazineBlocksPostAuthor":{"name":"admin","avatar":"https:\/\/secure.gravatar.com\/avatar\/76e419471a2083bc3ceab22a763dbbf9b0c1bd15a6214cf3280e2c2dde4580f9?s=96&d=mm&r=g"},"magazineBlocksPostCommentsNumber":"0","magazineBlocksPostExcerpt":"La decisi\u00f3n de Claudio \u00dabeda de mantener sin modificaciones el once inicial de Boca Juniors para el duelo trascendental ante Uni\u00f3n representa una declaraci\u00f3n de principios en un contexto marcado por cr\u00edticas y presi\u00f3n institucional. La continuidad del equipo que empat\u00f3 frente a San Lorenzo busca consolidar una identidad de juego a\u00fan en medio de...","magazineBlocksPostCategories":["Argentina"],"magazineBlocksPostViewCount":87,"magazineBlocksPostReadTime":4,"magazine_blocks_featured_image_url":{"full":false,"medium":false,"thumbnail":false},"magazine_blocks_author":{"display_name":"admin","author_link":"https:\/\/lobosnews.com.ar\/index.php\/author\/lobos-news\/"},"magazine_blocks_comment":0,"magazine_blocks_author_image":"https:\/\/secure.gravatar.com\/avatar\/76e419471a2083bc3ceab22a763dbbf9b0c1bd15a6214cf3280e2c2dde4580f9?s=96&d=mm&r=g","magazine_blocks_category":"<a href=\"#\" class=\"category-link category-link-30\">Argentina<\/a>","yoast_head":"<!-- This site is optimized with the Yoast SEO plugin v26.6 - https:\/\/yoast.com\/wordpress\/plugins\/seo\/ -->\n<title>Un regreso y varias bajas: la lista de concentrados de Boca Juniors para visitar a Uni\u00f3n en Santa Fe - Lobos News<\/title>\n<meta name=\"robots\" content=\"index, follow, max-snippet:-1, max-image-preview:large, max-video-preview:-1\" \/>\n<link rel=\"canonical\" href=\"https:\/\/lobosnews.com.ar\/index.php\/2026\/03\/14\/un-regreso-y-varias-bajas-la-lista-de-concentrados-de-boca-juniors-para-visitar-a-union-en-santa-fe\/\" \/>\n<meta property=\"og:locale\" content=\"es_ES\" \/>\n<meta property=\"og:type\" content=\"article\" \/>\n<meta property=\"og:title\" content=\"Un regreso y varias bajas: la lista de concentrados de Boca Juniors para visitar a Uni\u00f3n en Santa Fe - Lobos News\" \/>\n<meta property=\"og:description\" content=\"La decisi\u00f3n de Claudio \u00dabeda de mantener sin modificaciones el once inicial de Boca Juniors para el duelo trascendental ante Uni\u00f3n representa una declaraci\u00f3n de principios en un contexto marcado por cr\u00edticas y presi\u00f3n institucional. La continuidad del equipo que empat\u00f3 frente a San Lorenzo busca consolidar una identidad de juego a\u00fan en medio de...\" \/>\n<meta property=\"og:url\" content=\"https:\/\/lobosnews.com.ar\/index.php\/2026\/03\/14\/un-regreso-y-varias-bajas-la-lista-de-concentrados-de-boca-juniors-para-visitar-a-union-en-santa-fe\/\" \/>\n<meta property=\"og:site_name\" content=\"Lobos News\" \/>\n<meta property=\"article:published_time\" content=\"2026-03-14T17:23:16+00:00\" \/>\n<meta property=\"article:modified_time\" content=\"2026-03-14T20:55:04+00:00\" \/>\n<meta property=\"og:image\" content=\"https:\/\/lobosnews.com.ar\/wp-content\/uploads\/2026\/03\/un-regreso-y-varias-bajas-la-lista-de-concentrados-de-boca-juniors-para-visitar-a-union-en-santa-fe.jpg\" \/>\n<meta name=\"author\" content=\"admin\" \/>\n<meta name=\"twitter:card\" content=\"summary_large_image\" \/>\n<meta name=\"twitter:label1\" content=\"Escrito por\" \/>\n\t<meta name=\"twitter:data1\" content=\"admin\" \/>\n\t<meta name=\"twitter:label2\" content=\"Tiempo de lectura\" \/>\n\t<meta name=\"twitter:data2\" content=\"3 minutos\" \/>\n<script type=\"application\/ld+json\" class=\"yoast-schema-graph\">{\"@context\":\"https:\/\/schema.org\",\"@graph\":[{\"@type\":\"Article\",\"@id\":\"https:\/\/lobosnews.com.ar\/index.php\/2026\/03\/14\/un-regreso-y-varias-bajas-la-lista-de-concentrados-de-boca-juniors-para-visitar-a-union-en-santa-fe\/#article\",\"isPartOf\":{\"@id\":\"https:\/\/lobosnews.com.ar\/index.php\/2026\/03\/14\/un-regreso-y-varias-bajas-la-lista-de-concentrados-de-boca-juniors-para-visitar-a-union-en-santa-fe\/\"},\"author\":{\"name\":\"admin\",\"@id\":\"https:\/\/lobosnews.com.ar\/#\/schema\/person\/232422a593d5c541dd9aef6aaed10943\"},\"headline\":\"Un regreso y varias bajas: la lista de concentrados de Boca Juniors para visitar a Uni\u00f3n en Santa Fe\",\"datePublished\":\"2026-03-14T17:23:16+00:00\",\"dateModified\":\"2026-03-14T20:55:04+00:00\",\"mainEntityOfPage\":{\"@id\":\"https:\/\/lobosnews.com.ar\/index.php\/2026\/03\/14\/un-regreso-y-varias-bajas-la-lista-de-concentrados-de-boca-juniors-para-visitar-a-union-en-santa-fe\/\"},\"wordCount\":680,\"commentCount\":0,\"publisher\":{\"@id\":\"https:\/\/lobosnews.com.ar\/#organization\"},\"image\":{\"@id\":\"https:\/\/lobosnews.com.ar\/index.php\/2026\/03\/14\/un-regreso-y-varias-bajas-la-lista-de-concentrados-de-boca-juniors-para-visitar-a-union-en-santa-fe\/#primaryimage\"},\"thumbnailUrl\":\"https:\/\/lobosnews.com.ar\/wp-content\/uploads\/2026\/03\/un-regreso-y-varias-bajas-la-lista-de-concentrados-de-boca-juniors-para-visitar-a-union-en-santa-fe.jpg\",\"keywords\":[\"Deportes\"],\"articleSection\":[\"Argentina\"],\"inLanguage\":\"es\",\"potentialAction\":[{\"@type\":\"CommentAction\",\"name\":\"Comment\",\"target\":[\"https:\/\/lobosnews.com.ar\/index.php\/2026\/03\/14\/un-regreso-y-varias-bajas-la-lista-de-concentrados-de-boca-juniors-para-visitar-a-union-en-santa-fe\/#respond\"]}]},{\"@type\":\"WebPage\",\"@id\":\"https:\/\/lobosnews.com.ar\/index.php\/2026\/03\/14\/un-regreso-y-varias-bajas-la-lista-de-concentrados-de-boca-juniors-para-visitar-a-union-en-santa-fe\/\",\"url\":\"https:\/\/lobosnews.com.ar\/index.php\/2026\/03\/14\/un-regreso-y-varias-bajas-la-lista-de-concentrados-de-boca-juniors-para-visitar-a-union-en-santa-fe\/\",\"name\":\"Un regreso y varias bajas: la lista de concentrados de Boca Juniors para visitar a Uni\u00f3n en Santa Fe - Lobos News\",\"isPartOf\":{\"@id\":\"https:\/\/lobosnews.com.ar\/#website\"},\"primaryImageOfPage\":{\"@id\":\"https:\/\/lobosnews.com.ar\/index.php\/2026\/03\/14\/un-regreso-y-varias-bajas-la-lista-de-concentrados-de-boca-juniors-para-visitar-a-union-en-santa-fe\/#primaryimage\"},\"image\":{\"@id\":\"https:\/\/lobosnews.com.ar\/index.php\/2026\/03\/14\/un-regreso-y-varias-bajas-la-lista-de-concentrados-de-boca-juniors-para-visitar-a-union-en-santa-fe\/#primaryimage\"},\"thumbnailUrl\":\"https:\/\/lobosnews.com.ar\/wp-content\/uploads\/2026\/03\/un-regreso-y-varias-bajas-la-lista-de-concentrados-de-boca-juniors-para-visitar-a-union-en-santa-fe.jpg\",\"datePublished\":\"2026-03-14T17:23:16+00:00\",\"dateModified\":\"2026-03-14T20:55:04+00:00\",\"breadcrumb\":{\"@id\":\"https:\/\/lobosnews.com.ar\/index.php\/2026\/03\/14\/un-regreso-y-varias-bajas-la-lista-de-concentrados-de-boca-juniors-para-visitar-a-union-en-santa-fe\/#breadcrumb\"},\"inLanguage\":\"es\",\"potentialAction\":[{\"@type\":\"ReadAction\",\"target\":[\"https:\/\/lobosnews.com.ar\/index.php\/2026\/03\/14\/un-regreso-y-varias-bajas-la-lista-de-concentrados-de-boca-juniors-para-visitar-a-union-en-santa-fe\/\"]}]},{\"@type\":\"ImageObject\",\"inLanguage\":\"es\",\"@id\":\"https:\/\/lobosnews.com.ar\/index.php\/2026\/03\/14\/un-regreso-y-varias-bajas-la-lista-de-concentrados-de-boca-juniors-para-visitar-a-union-en-santa-fe\/#primaryimage\",\"url\":\"https:\/\/lobosnews.com.ar\/wp-content\/uploads\/2026\/03\/un-regreso-y-varias-bajas-la-lista-de-concentrados-de-boca-juniors-para-visitar-a-union-en-santa-fe.jpg\",\"contentUrl\":\"https:\/\/lobosnews.com.ar\/wp-content\/uploads\/2026\/03\/un-regreso-y-varias-bajas-la-lista-de-concentrados-de-boca-juniors-para-visitar-a-union-en-santa-fe.jpg\"},{\"@type\":\"BreadcrumbList\",\"@id\":\"https:\/\/lobosnews.com.ar\/index.php\/2026\/03\/14\/un-regreso-y-varias-bajas-la-lista-de-concentrados-de-boca-juniors-para-visitar-a-union-en-santa-fe\/#breadcrumb\",\"itemListElement\":[{\"@type\":\"ListItem\",\"position\":1,\"name\":\"Portada\",\"item\":\"https:\/\/lobosnews.com.ar\/\"},{\"@type\":\"ListItem\",\"position\":2,\"name\":\"Un regreso y varias bajas: la lista de concentrados de Boca Juniors para visitar a Uni\u00f3n en Santa Fe\"}]},{\"@type\":\"WebSite\",\"@id\":\"https:\/\/lobosnews.com.ar\/#website\",\"url\":\"https:\/\/lobosnews.com.ar\/\",\"name\":\"Lobos News\",\"description\":\"Informaci\u00f3n a cada instante\",\"publisher\":{\"@id\":\"https:\/\/lobosnews.com.ar\/#organization\"},\"potentialAction\":[{\"@type\":\"SearchAction\",\"target\":{\"@type\":\"EntryPoint\",\"urlTemplate\":\"https:\/\/lobosnews.com.ar\/?s={search_term_string}\"},\"query-input\":{\"@type\":\"PropertyValueSpecification\",\"valueRequired\":true,\"valueName\":\"search_term_string\"}}],\"inLanguage\":\"es\"},{\"@type\":\"Organization\",\"@id\":\"https:\/\/lobosnews.com.ar\/#organization\",\"name\":\"Lobos News\",\"url\":\"https:\/\/lobosnews.com.ar\/\",\"logo\":{\"@type\":\"ImageObject\",\"inLanguage\":\"es\",\"@id\":\"https:\/\/lobosnews.com.ar\/#\/schema\/logo\/image\/\",\"url\":\"https:\/\/lobosnews.com.ar\/wp-content\/uploads\/2026\/01\/logo-lobosnews.png\",\"contentUrl\":\"https:\/\/lobosnews.com.ar\/wp-content\/uploads\/2026\/01\/logo-lobosnews.png\",\"width\":500,\"height\":200,\"caption\":\"Lobos News\"},\"image\":{\"@id\":\"https:\/\/lobosnews.com.ar\/#\/schema\/logo\/image\/\"}},{\"@type\":\"Person\",\"@id\":\"https:\/\/lobosnews.com.ar\/#\/schema\/person\/232422a593d5c541dd9aef6aaed10943\",\"name\":\"admin\",\"image\":{\"@type\":\"ImageObject\",\"inLanguage\":\"es\",\"@id\":\"https:\/\/lobosnews.com.ar\/#\/schema\/person\/image\/\",\"url\":\"https:\/\/secure.gravatar.com\/avatar\/76e419471a2083bc3ceab22a763dbbf9b0c1bd15a6214cf3280e2c2dde4580f9?s=96&d=mm&r=g\",\"contentUrl\":\"https:\/\/secure.gravatar.com\/avatar\/76e419471a2083bc3ceab22a763dbbf9b0c1bd15a6214cf3280e2c2dde4580f9?s=96&d=mm&r=g\",\"caption\":\"admin\"},\"sameAs\":[\"https:\/\/lobosnews.com.ar\"],\"url\":\"https:\/\/lobosnews.com.ar\/index.php\/author\/lobos-news\/\"}]}<\/script>\n<!-- \/ Yoast SEO plugin. -->","yoast_head_json":{"title":"Un regreso y varias bajas: la lista de concentrados de Boca Juniors para visitar a Uni\u00f3n en Santa Fe - Lobos News","robots":{"index":"index","follow":"follow","max-snippet":"max-snippet:-1","max-image-preview":"max-image-preview:large","max-video-preview":"max-video-preview:-1"},"canonical":"https:\/\/lobosnews.com.ar\/index.php\/2026\/03\/14\/un-regreso-y-varias-bajas-la-lista-de-concentrados-de-boca-juniors-para-visitar-a-union-en-santa-fe\/","og_locale":"es_ES","og_type":"article","og_title":"Un regreso y varias bajas: la lista de concentrados de Boca Juniors para visitar a Uni\u00f3n en Santa Fe - Lobos News","og_description":"La decisi\u00f3n de Claudio \u00dabeda de mantener sin modificaciones el once inicial de Boca Juniors para el duelo trascendental ante Uni\u00f3n representa una declaraci\u00f3n de principios en un contexto marcado por cr\u00edticas y presi\u00f3n institucional. La continuidad del equipo que empat\u00f3 frente a San Lorenzo busca consolidar una identidad de juego a\u00fan en medio de...","og_url":"https:\/\/lobosnews.com.ar\/index.php\/2026\/03\/14\/un-regreso-y-varias-bajas-la-lista-de-concentrados-de-boca-juniors-para-visitar-a-union-en-santa-fe\/","og_site_name":"Lobos News","article_published_time":"2026-03-14T17:23:16+00:00","article_modified_time":"2026-03-14T20:55:04+00:00","og_image":[{"url":"https:\/\/lobosnews.com.ar\/wp-content\/uploads\/2026\/03\/un-regreso-y-varias-bajas-la-lista-de-concentrados-de-boca-juniors-para-visitar-a-union-en-santa-fe.jpg","type":"","width":"","height":""}],"author":"admin","twitter_card":"summary_large_image","twitter_misc":{"Escrito por":"admin","Tiempo de lectura":"3 minutos"},"schema":{"@context":"https:\/\/schema.org","@graph":[{"@type":"Article","@id":"https:\/\/lobosnews.com.ar\/index.php\/2026\/03\/14\/un-regreso-y-varias-bajas-la-lista-de-concentrados-de-boca-juniors-para-visitar-a-union-en-santa-fe\/#article","isPartOf":{"@id":"https:\/\/lobosnews.com.ar\/index.php\/2026\/03\/14\/un-regreso-y-varias-bajas-la-lista-de-concentrados-de-boca-juniors-para-visitar-a-union-en-santa-fe\/"},"author":{"name":"admin","@id":"https:\/\/lobosnews.com.ar\/#\/schema\/person\/232422a593d5c541dd9aef6aaed10943"},"headline":"Un regreso y varias bajas: la lista de concentrados de Boca Juniors para visitar a Uni\u00f3n en Santa Fe","datePublished":"2026-03-14T17:23:16+00:00","dateModified":"2026-03-14T20:55:04+00:00","mainEntityOfPage":{"@id":"https:\/\/lobosnews.com.ar\/index.php\/2026\/03\/14\/un-regreso-y-varias-bajas-la-lista-de-concentrados-de-boca-juniors-para-visitar-a-union-en-santa-fe\/"},"wordCount":680,"commentCount":0,"publisher":{"@id":"https:\/\/lobosnews.com.ar\/#organization"},"image":{"@id":"https:\/\/lobosnews.com.ar\/index.php\/2026\/03\/14\/un-regreso-y-varias-bajas-la-lista-de-concentrados-de-boca-juniors-para-visitar-a-union-en-santa-fe\/#primaryimage"},"thumbnailUrl":"https:\/\/lobosnews.com.ar\/wp-content\/uploads\/2026\/03\/un-regreso-y-varias-bajas-la-lista-de-concentrados-de-boca-juniors-para-visitar-a-union-en-santa-fe.jpg","keywords":["Deportes"],"articleSection":["Argentina"],"inLanguage":"es","potentialAction":[{"@type":"CommentAction","name":"Comment","target":["https:\/\/lobosnews.com.ar\/index.php\/2026\/03\/14\/un-regreso-y-varias-bajas-la-lista-de-concentrados-de-boca-juniors-para-visitar-a-union-en-santa-fe\/#respond"]}]},{"@type":"WebPage","@id":"https:\/\/lobosnews.com.ar\/index.php\/2026\/03\/14\/un-regreso-y-varias-bajas-la-lista-de-concentrados-de-boca-juniors-para-visitar-a-union-en-santa-fe\/","url":"https:\/\/lobosnews.com.ar\/index.php\/2026\/03\/14\/un-regreso-y-varias-bajas-la-lista-de-concentrados-de-boca-juniors-para-visitar-a-union-en-santa-fe\/","name":"Un regreso y varias bajas: la lista de concentrados de Boca Juniors para visitar a Uni\u00f3n en Santa Fe - Lobos News","isPartOf":{"@id":"https:\/\/lobosnews.com.ar\/#website"},"primaryImageOfPage":{"@id":"https:\/\/lobosnews.com.ar\/index.php\/2026\/03\/14\/un-regreso-y-varias-bajas-la-lista-de-concentrados-de-boca-juniors-para-visitar-a-union-en-santa-fe\/#primaryimage"},"image":{"@id":"https:\/\/lobosnews.com.ar\/index.php\/2026\/03\/14\/un-regreso-y-varias-bajas-la-lista-de-concentrados-de-boca-juniors-para-visitar-a-union-en-santa-fe\/#primaryimage"},"thumbnailUrl":"https:\/\/lobosnews.com.ar\/wp-content\/uploads\/2026\/03\/un-regreso-y-varias-bajas-la-lista-de-concentrados-de-boca-juniors-para-visitar-a-union-en-santa-fe.jpg","datePublished":"2026-03-14T17:23:16+00:00","dateModified":"2026-03-14T20:55:04+00:00","breadcrumb":{"@id":"https:\/\/lobosnews.com.ar\/index.php\/2026\/03\/14\/un-regreso-y-varias-bajas-la-lista-de-concentrados-de-boca-juniors-para-visitar-a-union-en-santa-fe\/#breadcrumb"},"inLanguage":"es","potentialAction":[{"@type":"ReadAction","target":["https:\/\/lobosnews.com.ar\/index.php\/2026\/03\/14\/un-regreso-y-varias-bajas-la-lista-de-concentrados-de-boca-juniors-para-visitar-a-union-en-santa-fe\/"]}]},{"@type":"ImageObject","inLanguage":"es","@id":"https:\/\/lobosnews.com.ar\/index.php\/2026\/03\/14\/un-regreso-y-varias-bajas-la-lista-de-concentrados-de-boca-juniors-para-visitar-a-union-en-santa-fe\/#primaryimage","url":"https:\/\/lobosnews.com.ar\/wp-content\/uploads\/2026\/03\/un-regreso-y-varias-bajas-la-lista-de-concentrados-de-boca-juniors-para-visitar-a-union-en-santa-fe.jpg","contentUrl":"https:\/\/lobosnews.com.ar\/wp-content\/uploads\/2026\/03\/un-regreso-y-varias-bajas-la-lista-de-concentrados-de-boca-juniors-para-visitar-a-union-en-santa-fe.jpg"},{"@type":"BreadcrumbList","@id":"https:\/\/lobosnews.com.ar\/index.php\/2026\/03\/14\/un-regreso-y-varias-bajas-la-lista-de-concentrados-de-boca-juniors-para-visitar-a-union-en-santa-fe\/#breadcrumb","itemListElement":[{"@type":"ListItem","position":1,"name":"Portada","item":"https:\/\/lobosnews.com.ar\/"},{"@type":"ListItem","position":2,"name":"Un regreso y varias bajas: la lista de concentrados de Boca Juniors para visitar a Uni\u00f3n en Santa Fe"}]},{"@type":"WebSite","@id":"https:\/\/lobosnews.com.ar\/#website","url":"https:\/\/lobosnews.com.ar\/","name":"Lobos News","description":"Informaci\u00f3n a cada instante","publisher":{"@id":"https:\/\/lobosnews.com.ar\/#organization"},"potentialAction":[{"@type":"SearchAction","target":{"@type":"EntryPoint","urlTemplate":"https:\/\/lobosnews.com.ar\/?s={search_term_string}"},"query-input":{"@type":"PropertyValueSpecification","valueRequired":true,"valueName":"search_term_string"}}],"inLanguage":"es"},{"@type":"Organization","@id":"https:\/\/lobosnews.com.ar\/#organization","name":"Lobos News","url":"https:\/\/lobosnews.com.ar\/","logo":{"@type":"ImageObject","inLanguage":"es","@id":"https:\/\/lobosnews.com.ar\/#\/schema\/logo\/image\/","url":"https:\/\/lobosnews.com.ar\/wp-content\/uploads\/2026\/01\/logo-lobosnews.png","contentUrl":"https:\/\/lobosnews.com.ar\/wp-content\/uploads\/2026\/01\/logo-lobosnews.png","width":500,"height":200,"caption":"Lobos News"},"image":{"@id":"https:\/\/lobosnews.com.ar\/#\/schema\/logo\/image\/"}},{"@type":"Person","@id":"https:\/\/lobosnews.com.ar\/#\/schema\/person\/232422a593d5c541dd9aef6aaed10943","name":"admin","image":{"@type":"ImageObject","inLanguage":"es","@id":"https:\/\/lobosnews.com.ar\/#\/schema\/person\/image\/","url":"https:\/\/secure.gravatar.com\/avatar\/76e419471a2083bc3ceab22a763dbbf9b0c1bd15a6214cf3280e2c2dde4580f9?s=96&d=mm&r=g","contentUrl":"https:\/\/secure.gravatar.com\/avatar\/76e419471a2083bc3ceab22a763dbbf9b0c1bd15a6214cf3280e2c2dde4580f9?s=96&d=mm&r=g","caption":"admin"},"sameAs":["https:\/\/lobosnews.com.ar"],"url":"https:\/\/lobosnews.com.ar\/index.php\/author\/lobos-news\/"}]}},"jetpack_featured_media_url":"","jetpack_sharing_enabled":true,"_links":{"self":[{"href":"https:\/\/lobosnews.com.ar\/index.php\/wp-json\/wp\/v2\/posts\/33476","targetHints":{"allow":["GET"]}}],"collection":[{"href":"https:\/\/lobosnews.com.ar\/index.php\/wp-json\/wp\/v2\/posts"}],"about":[{"href":"https:\/\/lobosnews.com.ar\/index.php\/wp-json\/wp\/v2\/types\/post"}],"author":[{"embeddable":true,"href":"https:\/\/lobosnews.com.ar\/index.php\/wp-json\/wp\/v2\/users\/1"}],"replies":[{"embeddable":true,"href":"https:\/\/lobosnews.com.ar\/index.php\/wp-json\/wp\/v2\/comments?post=33476"}],"version-history":[{"count":1,"href":"https:\/\/lobosnews.com.ar\/index.php\/wp-json\/wp\/v2\/posts\/33476\/revisions"}],"predecessor-version":[{"id":33480,"href":"https:\/\/lobosnews.com.ar\/index.php\/wp-json\/wp\/v2\/posts\/33476\/revisions\/33480"}],"wp:attachment":[{"href":"https:\/\/lobosnews.com.ar\/index.php\/wp-json\/wp\/v2\/media?parent=33476"}],"wp:term":[{"taxonomy":"category","embeddable":true,"href":"https:\/\/lobosnews.com.ar\/index.php\/wp-json\/wp\/v2\/categories?post=33476"},{"taxonomy":"post_tag","embeddable":true,"href":"https:\/\/lobosnews.com.ar\/index.php\/wp-json\/wp\/v2\/tags?post=33476"}],"curies":[{"name":"wp","href":"https:\/\/api.w.org\/{rel}","templated":true}]}}