{"id":33466,"date":"2026-03-14T16:43:46","date_gmt":"2026-03-14T16:43:46","guid":{"rendered":"https:\/\/lobosnews.com.ar\/index.php\/2026\/03\/14\/rosario-asesinaron-a-tiros-a-un-prefecto-retirado-cuando-trabajaba-como-chofer-de-aplicacion\/"},"modified":"2026-03-14T18:39:00","modified_gmt":"2026-03-14T18:39:00","slug":"rosario-asesinaron-a-tiros-a-un-prefecto-retirado-cuando-trabajaba-como-chofer-de-aplicacion","status":"publish","type":"post","link":"https:\/\/lobosnews.com.ar\/index.php\/2026\/03\/14\/rosario-asesinaron-a-tiros-a-un-prefecto-retirado-cuando-trabajaba-como-chofer-de-aplicacion\/","title":{"rendered":"Rosario: asesinaron a tiros a un prefecto retirado cuando trabajaba como chofer de aplicaci\u00f3n"},"content":{"rendered":"<p><img loading=\"lazy\" decoding=\"async\" src=\"https:\/\/lobosnews.com.ar\/wp-content\/uploads\/2026\/03\/rosario-asesinaron-a-tiros-a-un-prefecto-retirado-cuando-trabajaba-como-chofer-de-aplicacion.jpg\" alt=\"Asesinaron a un retirado de Prefectura Naval Argentina\" height=\"1080\" width=\"1920\"\/><\/p>\n<p>Un agente retirado de <span class=\"waslinkname\"><b>Prefectura Naval Argentina<\/b><\/span> fue asesinado en las \u00faltimas horas cuando trabajaba como chofer de una <b>aplicaci\u00f3n de viajes en Rosario. <\/b>La v\u00edctima ten\u00eda 61 a\u00f1os y la interceptaron cuando conduc\u00eda su camioneta Kangoo, la cual utilizaba para hacer<b> traslado de pasajeros <\/b>desde que dej\u00f3 su trabajo en la fuerza. <\/p>\n<p>El ataque ocurri\u00f3 alrededor de las 6:35 de este s\u00e1bado en la zona de Las Fores Sur, en la intersecci\u00f3n de <b>Colectora Jos\u00e9 Mar\u00eda Rosa y 5 de Agosto<\/b>, seg\u00fan informaron fuentes policiales a <i>Infobae<\/i>. <\/p>\n<p>Personal del <b>Comando Radioel\u00e9ctrico<\/b> fue comisionado al lugar junto a una unidad de Infanter\u00eda, tras un aviso que alertaba sobre la presencia de un hombre tendido en la cinta asf\u00e1ltica. Al arribar, los efectivos constataron que la persona, de sexo masculino, se encontraba boca abajo y sin signos vitales, con varias lesiones compatibles con <b>heridas de arma de fuego.<\/b><\/p>\n<p>A las 6:50, una ambulancia lleg\u00f3 al sitio y confirm\u00f3 el deceso. Luego se identific\u00f3 a la v\u00edctima: <b>Juan Carlos Baini<\/b>, de 61 a\u00f1os, prefecto retirado en 2015.<\/p>\n<p>Seg\u00fan los primeros indicios recabados por el fiscal interviniente en el lugar, el hombre estaba tendido al lado de su camioneta que se encontraba con las<b> puertas abiertas y con las llaves puestas. <\/b><\/p>\n<p>Ante el episodio, se orden\u00f3 un relevamiento de la escena del hecho, toma de testimonios, levantamiento de rastros, an\u00e1lisis de c\u00e1maras de seguridad p\u00fablicas y privadas en la zona de influencia del hecho. Al momento hay en curso tareas investigativas en reserva para dilucidar la mec\u00e1nica y motivaci\u00f3n del hecho.<\/p>\n<p>Seg\u00fan supo este medio, la v\u00edctima cobraba un dinero tras el retiro de la fuerza, pero debido a que no era suficiente para vivir, se dedicaba a trabajar como chofer de una aplicaci\u00f3n de transporte de pasajeros. <\/p>\n<p>De hecho, esa actividad se conviriti\u00f3 en su principal sustento para \u00e9l y su esposa, con quien se mostraba feliz en las redes sociales. <b>Jugaba al f\u00fatbol con amigos y ten\u00eda planificado viajar a Buenos Aires en los pr\u00f3ximos d\u00edas para comprar ropa<\/b>. \u201cGanaba unos buenos mangos siendo chofer\u201d, indic\u00f3 una fuente que conoc\u00eda al prefecto.<\/p>\n<p>Seg\u00fan dijo, los asesinos <b>no permitieron que la v\u00edctima sacara el arma calibre.45 <\/b>que ten\u00eda en la cintura para defenderse y lo atacaron de espaldas. Cuando la Polic\u00eda lleg\u00f3 a la escena, de acuerdo con las fuentes policiales consultadas por este medio, el rev\u00f3lver estaba al lado del cad\u00e1ver Baini. <\/p>\n","protected":false},"excerpt":{"rendered":"<p>Un agente retirado de Prefectura Naval Argentina fue asesinado en las \u00faltimas horas cuando trabajaba como chofer de una aplicaci\u00f3n de viajes en Rosario. La v\u00edctima ten\u00eda 61 a\u00f1os y la interceptaron cuando conduc\u00eda su camioneta Kangoo, la cual utilizaba para hacer traslado de pasajeros desde que dej\u00f3 su trabajo en la fuerza. El ataque&#8230;<\/p>\n","protected":false},"author":1,"featured_media":33469,"comment_status":"open","ping_status":"closed","sticky":false,"template":"","format":"standard","meta":{"_jetpack_memberships_contains_paid_content":false,"footnotes":""},"categories":[31,30,32,77,84,35,36,37],"tags":[],"class_list":["post-33466","post","type-post","status-publish","format-standard","has-post-thumbnail","hentry","category-actualidad","category-argentina","category-economia","category-inseguridad","category-masradios-com","category-nacionales","category-seguridad","category-sociedad"],"magazineBlocksPostFeaturedMedia":{"thumbnail":"https:\/\/lobosnews.com.ar\/wp-content\/uploads\/2026\/03\/rosario-asesinaron-a-tiros-a-un-prefecto-retirado-cuando-trabajaba-como-chofer-de-aplicacion-150x150.jpg","medium":"https:\/\/lobosnews.com.ar\/wp-content\/uploads\/2026\/03\/rosario-asesinaron-a-tiros-a-un-prefecto-retirado-cuando-trabajaba-como-chofer-de-aplicacion-300x169.jpg","medium_large":"https:\/\/lobosnews.com.ar\/wp-content\/uploads\/2026\/03\/rosario-asesinaron-a-tiros-a-un-prefecto-retirado-cuando-trabajaba-como-chofer-de-aplicacion-768x432.jpg","large":"https:\/\/lobosnews.com.ar\/wp-content\/uploads\/2026\/03\/rosario-asesinaron-a-tiros-a-un-prefecto-retirado-cuando-trabajaba-como-chofer-de-aplicacion-1024x576.jpg","1536x1536":"https:\/\/lobosnews.com.ar\/wp-content\/uploads\/2026\/03\/rosario-asesinaron-a-tiros-a-un-prefecto-retirado-cuando-trabajaba-como-chofer-de-aplicacion-1536x864.jpg","2048x2048":"https:\/\/lobosnews.com.ar\/wp-content\/uploads\/2026\/03\/rosario-asesinaron-a-tiros-a-un-prefecto-retirado-cuando-trabajaba-como-chofer-de-aplicacion.jpg","newsmatic-featured":"https:\/\/lobosnews.com.ar\/wp-content\/uploads\/2026\/03\/rosario-asesinaron-a-tiros-a-un-prefecto-retirado-cuando-trabajaba-como-chofer-de-aplicacion-820x545.jpg","newsmatic-list":"https:\/\/lobosnews.com.ar\/wp-content\/uploads\/2026\/03\/rosario-asesinaron-a-tiros-a-un-prefecto-retirado-cuando-trabajaba-como-chofer-de-aplicacion-600x400.jpg","newsmatic-thumb":"https:\/\/lobosnews.com.ar\/wp-content\/uploads\/2026\/03\/rosario-asesinaron-a-tiros-a-un-prefecto-retirado-cuando-trabajaba-como-chofer-de-aplicacion-300x200.jpg","newsmatic-small":"https:\/\/lobosnews.com.ar\/wp-content\/uploads\/2026\/03\/rosario-asesinaron-a-tiros-a-un-prefecto-retirado-cuando-trabajaba-como-chofer-de-aplicacion-150x95.jpg","newsmatic-grid":"https:\/\/lobosnews.com.ar\/wp-content\/uploads\/2026\/03\/rosario-asesinaron-a-tiros-a-un-prefecto-retirado-cuando-trabajaba-como-chofer-de-aplicacion-400x250.jpg"},"magazineBlocksPostAuthor":{"name":"admin","avatar":"https:\/\/secure.gravatar.com\/avatar\/76e419471a2083bc3ceab22a763dbbf9b0c1bd15a6214cf3280e2c2dde4580f9?s=96&d=mm&r=g"},"magazineBlocksPostCommentsNumber":"0","magazineBlocksPostExcerpt":"Un agente retirado de Prefectura Naval Argentina fue asesinado en las \u00faltimas horas cuando trabajaba como chofer de una aplicaci\u00f3n de viajes en Rosario. La v\u00edctima ten\u00eda 61 a\u00f1os y la interceptaron cuando conduc\u00eda su camioneta Kangoo, la cual utilizaba para hacer traslado de pasajeros desde que dej\u00f3 su trabajo en la fuerza. El ataque...","magazineBlocksPostCategories":["Actualidad","Argentina","econom\u00eda","inseguridad","masradios.com","nacionales","seguridad","sociedad"],"magazineBlocksPostViewCount":84,"magazineBlocksPostReadTime":3,"magazine_blocks_featured_image_url":{"full":["https:\/\/lobosnews.com.ar\/wp-content\/uploads\/2026\/03\/rosario-asesinaron-a-tiros-a-un-prefecto-retirado-cuando-trabajaba-como-chofer-de-aplicacion.jpg",1920,1080,false],"medium":["https:\/\/lobosnews.com.ar\/wp-content\/uploads\/2026\/03\/rosario-asesinaron-a-tiros-a-un-prefecto-retirado-cuando-trabajaba-como-chofer-de-aplicacion-300x169.jpg",300,169,true],"thumbnail":["https:\/\/lobosnews.com.ar\/wp-content\/uploads\/2026\/03\/rosario-asesinaron-a-tiros-a-un-prefecto-retirado-cuando-trabajaba-como-chofer-de-aplicacion-150x150.jpg",150,150,true]},"magazine_blocks_author":{"display_name":"admin","author_link":"https:\/\/lobosnews.com.ar\/index.php\/author\/lobos-news\/"},"magazine_blocks_comment":0,"magazine_blocks_author_image":"https:\/\/secure.gravatar.com\/avatar\/76e419471a2083bc3ceab22a763dbbf9b0c1bd15a6214cf3280e2c2dde4580f9?s=96&d=mm&r=g","magazine_blocks_category":"<a href=\"#\" class=\"category-link category-link-31\">Actualidad<\/a> <a href=\"#\" class=\"category-link category-link-30\">Argentina<\/a> <a href=\"#\" class=\"category-link category-link-32\">econom\u00eda<\/a> <a href=\"#\" class=\"category-link category-link-77\">inseguridad<\/a> <a href=\"#\" class=\"category-link category-link-84\">masradios.com<\/a> <a href=\"#\" class=\"category-link category-link-35\">nacionales<\/a> <a href=\"#\" class=\"category-link category-link-36\">seguridad<\/a> <a href=\"#\" class=\"category-link category-link-37\">sociedad<\/a>","yoast_head":"<!-- This site is optimized with the Yoast SEO plugin v26.6 - https:\/\/yoast.com\/wordpress\/plugins\/seo\/ -->\n<title>Rosario: asesinaron a tiros a un prefecto retirado cuando trabajaba como chofer de aplicaci\u00f3n - Lobos News<\/title>\n<meta name=\"robots\" content=\"index, follow, max-snippet:-1, max-image-preview:large, max-video-preview:-1\" \/>\n<link rel=\"canonical\" href=\"https:\/\/lobosnews.com.ar\/index.php\/2026\/03\/14\/rosario-asesinaron-a-tiros-a-un-prefecto-retirado-cuando-trabajaba-como-chofer-de-aplicacion\/\" \/>\n<meta property=\"og:locale\" content=\"es_ES\" \/>\n<meta property=\"og:type\" content=\"article\" \/>\n<meta property=\"og:title\" content=\"Rosario: asesinaron a tiros a un prefecto retirado cuando trabajaba como chofer de aplicaci\u00f3n - Lobos News\" \/>\n<meta property=\"og:description\" content=\"Un agente retirado de Prefectura Naval Argentina fue asesinado en las \u00faltimas horas cuando trabajaba como chofer de una aplicaci\u00f3n de viajes en Rosario. La v\u00edctima ten\u00eda 61 a\u00f1os y la interceptaron cuando conduc\u00eda su camioneta Kangoo, la cual utilizaba para hacer traslado de pasajeros desde que dej\u00f3 su trabajo en la fuerza. El ataque...\" \/>\n<meta property=\"og:url\" content=\"https:\/\/lobosnews.com.ar\/index.php\/2026\/03\/14\/rosario-asesinaron-a-tiros-a-un-prefecto-retirado-cuando-trabajaba-como-chofer-de-aplicacion\/\" \/>\n<meta property=\"og:site_name\" content=\"Lobos News\" \/>\n<meta property=\"article:published_time\" content=\"2026-03-14T16:43:46+00:00\" \/>\n<meta property=\"article:modified_time\" content=\"2026-03-14T18:39:00+00:00\" \/>\n<meta property=\"og:image\" content=\"https:\/\/lobosnews.com.ar\/wp-content\/uploads\/2026\/03\/rosario-asesinaron-a-tiros-a-un-prefecto-retirado-cuando-trabajaba-como-chofer-de-aplicacion.jpg\" \/>\n<meta name=\"author\" content=\"admin\" \/>\n<meta name=\"twitter:card\" content=\"summary_large_image\" \/>\n<meta name=\"twitter:label1\" content=\"Escrito por\" \/>\n\t<meta name=\"twitter:data1\" content=\"admin\" \/>\n\t<meta name=\"twitter:label2\" content=\"Tiempo de lectura\" \/>\n\t<meta name=\"twitter:data2\" content=\"2 minutos\" \/>\n<script type=\"application\/ld+json\" class=\"yoast-schema-graph\">{\"@context\":\"https:\/\/schema.org\",\"@graph\":[{\"@type\":\"Article\",\"@id\":\"https:\/\/lobosnews.com.ar\/index.php\/2026\/03\/14\/rosario-asesinaron-a-tiros-a-un-prefecto-retirado-cuando-trabajaba-como-chofer-de-aplicacion\/#article\",\"isPartOf\":{\"@id\":\"https:\/\/lobosnews.com.ar\/index.php\/2026\/03\/14\/rosario-asesinaron-a-tiros-a-un-prefecto-retirado-cuando-trabajaba-como-chofer-de-aplicacion\/\"},\"author\":{\"name\":\"admin\",\"@id\":\"https:\/\/lobosnews.com.ar\/#\/schema\/person\/232422a593d5c541dd9aef6aaed10943\"},\"headline\":\"Rosario: asesinaron a tiros a un prefecto retirado cuando trabajaba como chofer de aplicaci\u00f3n\",\"datePublished\":\"2026-03-14T16:43:46+00:00\",\"dateModified\":\"2026-03-14T18:39:00+00:00\",\"mainEntityOfPage\":{\"@id\":\"https:\/\/lobosnews.com.ar\/index.php\/2026\/03\/14\/rosario-asesinaron-a-tiros-a-un-prefecto-retirado-cuando-trabajaba-como-chofer-de-aplicacion\/\"},\"wordCount\":444,\"commentCount\":0,\"publisher\":{\"@id\":\"https:\/\/lobosnews.com.ar\/#organization\"},\"image\":{\"@id\":\"https:\/\/lobosnews.com.ar\/index.php\/2026\/03\/14\/rosario-asesinaron-a-tiros-a-un-prefecto-retirado-cuando-trabajaba-como-chofer-de-aplicacion\/#primaryimage\"},\"thumbnailUrl\":\"https:\/\/lobosnews.com.ar\/wp-content\/uploads\/2026\/03\/rosario-asesinaron-a-tiros-a-un-prefecto-retirado-cuando-trabajaba-como-chofer-de-aplicacion.jpg\",\"articleSection\":[\"Actualidad\",\"Argentina\",\"econom\u00eda\",\"inseguridad\",\"masradios.com\",\"nacionales\",\"seguridad\",\"sociedad\"],\"inLanguage\":\"es\",\"potentialAction\":[{\"@type\":\"CommentAction\",\"name\":\"Comment\",\"target\":[\"https:\/\/lobosnews.com.ar\/index.php\/2026\/03\/14\/rosario-asesinaron-a-tiros-a-un-prefecto-retirado-cuando-trabajaba-como-chofer-de-aplicacion\/#respond\"]}]},{\"@type\":\"WebPage\",\"@id\":\"https:\/\/lobosnews.com.ar\/index.php\/2026\/03\/14\/rosario-asesinaron-a-tiros-a-un-prefecto-retirado-cuando-trabajaba-como-chofer-de-aplicacion\/\",\"url\":\"https:\/\/lobosnews.com.ar\/index.php\/2026\/03\/14\/rosario-asesinaron-a-tiros-a-un-prefecto-retirado-cuando-trabajaba-como-chofer-de-aplicacion\/\",\"name\":\"Rosario: asesinaron a tiros a un prefecto retirado cuando trabajaba como chofer de aplicaci\u00f3n - Lobos News\",\"isPartOf\":{\"@id\":\"https:\/\/lobosnews.com.ar\/#website\"},\"primaryImageOfPage\":{\"@id\":\"https:\/\/lobosnews.com.ar\/index.php\/2026\/03\/14\/rosario-asesinaron-a-tiros-a-un-prefecto-retirado-cuando-trabajaba-como-chofer-de-aplicacion\/#primaryimage\"},\"image\":{\"@id\":\"https:\/\/lobosnews.com.ar\/index.php\/2026\/03\/14\/rosario-asesinaron-a-tiros-a-un-prefecto-retirado-cuando-trabajaba-como-chofer-de-aplicacion\/#primaryimage\"},\"thumbnailUrl\":\"https:\/\/lobosnews.com.ar\/wp-content\/uploads\/2026\/03\/rosario-asesinaron-a-tiros-a-un-prefecto-retirado-cuando-trabajaba-como-chofer-de-aplicacion.jpg\",\"datePublished\":\"2026-03-14T16:43:46+00:00\",\"dateModified\":\"2026-03-14T18:39:00+00:00\",\"breadcrumb\":{\"@id\":\"https:\/\/lobosnews.com.ar\/index.php\/2026\/03\/14\/rosario-asesinaron-a-tiros-a-un-prefecto-retirado-cuando-trabajaba-como-chofer-de-aplicacion\/#breadcrumb\"},\"inLanguage\":\"es\",\"potentialAction\":[{\"@type\":\"ReadAction\",\"target\":[\"https:\/\/lobosnews.com.ar\/index.php\/2026\/03\/14\/rosario-asesinaron-a-tiros-a-un-prefecto-retirado-cuando-trabajaba-como-chofer-de-aplicacion\/\"]}]},{\"@type\":\"ImageObject\",\"inLanguage\":\"es\",\"@id\":\"https:\/\/lobosnews.com.ar\/index.php\/2026\/03\/14\/rosario-asesinaron-a-tiros-a-un-prefecto-retirado-cuando-trabajaba-como-chofer-de-aplicacion\/#primaryimage\",\"url\":\"https:\/\/lobosnews.com.ar\/wp-content\/uploads\/2026\/03\/rosario-asesinaron-a-tiros-a-un-prefecto-retirado-cuando-trabajaba-como-chofer-de-aplicacion.jpg\",\"contentUrl\":\"https:\/\/lobosnews.com.ar\/wp-content\/uploads\/2026\/03\/rosario-asesinaron-a-tiros-a-un-prefecto-retirado-cuando-trabajaba-como-chofer-de-aplicacion.jpg\",\"width\":1920,\"height\":1080,\"caption\":\"Rosario: asesinaron a tiros a un prefecto retirado cuando trabajaba como chofer de aplicaci\u00f3n\"},{\"@type\":\"BreadcrumbList\",\"@id\":\"https:\/\/lobosnews.com.ar\/index.php\/2026\/03\/14\/rosario-asesinaron-a-tiros-a-un-prefecto-retirado-cuando-trabajaba-como-chofer-de-aplicacion\/#breadcrumb\",\"itemListElement\":[{\"@type\":\"ListItem\",\"position\":1,\"name\":\"Portada\",\"item\":\"https:\/\/lobosnews.com.ar\/\"},{\"@type\":\"ListItem\",\"position\":2,\"name\":\"Rosario: asesinaron a tiros a un prefecto retirado cuando trabajaba como chofer de aplicaci\u00f3n\"}]},{\"@type\":\"WebSite\",\"@id\":\"https:\/\/lobosnews.com.ar\/#website\",\"url\":\"https:\/\/lobosnews.com.ar\/\",\"name\":\"Lobos News\",\"description\":\"Informaci\u00f3n a cada instante\",\"publisher\":{\"@id\":\"https:\/\/lobosnews.com.ar\/#organization\"},\"potentialAction\":[{\"@type\":\"SearchAction\",\"target\":{\"@type\":\"EntryPoint\",\"urlTemplate\":\"https:\/\/lobosnews.com.ar\/?s={search_term_string}\"},\"query-input\":{\"@type\":\"PropertyValueSpecification\",\"valueRequired\":true,\"valueName\":\"search_term_string\"}}],\"inLanguage\":\"es\"},{\"@type\":\"Organization\",\"@id\":\"https:\/\/lobosnews.com.ar\/#organization\",\"name\":\"Lobos News\",\"url\":\"https:\/\/lobosnews.com.ar\/\",\"logo\":{\"@type\":\"ImageObject\",\"inLanguage\":\"es\",\"@id\":\"https:\/\/lobosnews.com.ar\/#\/schema\/logo\/image\/\",\"url\":\"https:\/\/lobosnews.com.ar\/wp-content\/uploads\/2026\/01\/logo-lobosnews.png\",\"contentUrl\":\"https:\/\/lobosnews.com.ar\/wp-content\/uploads\/2026\/01\/logo-lobosnews.png\",\"width\":500,\"height\":200,\"caption\":\"Lobos News\"},\"image\":{\"@id\":\"https:\/\/lobosnews.com.ar\/#\/schema\/logo\/image\/\"}},{\"@type\":\"Person\",\"@id\":\"https:\/\/lobosnews.com.ar\/#\/schema\/person\/232422a593d5c541dd9aef6aaed10943\",\"name\":\"admin\",\"image\":{\"@type\":\"ImageObject\",\"inLanguage\":\"es\",\"@id\":\"https:\/\/lobosnews.com.ar\/#\/schema\/person\/image\/\",\"url\":\"https:\/\/secure.gravatar.com\/avatar\/76e419471a2083bc3ceab22a763dbbf9b0c1bd15a6214cf3280e2c2dde4580f9?s=96&d=mm&r=g\",\"contentUrl\":\"https:\/\/secure.gravatar.com\/avatar\/76e419471a2083bc3ceab22a763dbbf9b0c1bd15a6214cf3280e2c2dde4580f9?s=96&d=mm&r=g\",\"caption\":\"admin\"},\"sameAs\":[\"https:\/\/lobosnews.com.ar\"],\"url\":\"https:\/\/lobosnews.com.ar\/index.php\/author\/lobos-news\/\"}]}<\/script>\n<!-- \/ Yoast SEO plugin. -->","yoast_head_json":{"title":"Rosario: asesinaron a tiros a un prefecto retirado cuando trabajaba como chofer de aplicaci\u00f3n - Lobos News","robots":{"index":"index","follow":"follow","max-snippet":"max-snippet:-1","max-image-preview":"max-image-preview:large","max-video-preview":"max-video-preview:-1"},"canonical":"https:\/\/lobosnews.com.ar\/index.php\/2026\/03\/14\/rosario-asesinaron-a-tiros-a-un-prefecto-retirado-cuando-trabajaba-como-chofer-de-aplicacion\/","og_locale":"es_ES","og_type":"article","og_title":"Rosario: asesinaron a tiros a un prefecto retirado cuando trabajaba como chofer de aplicaci\u00f3n - Lobos News","og_description":"Un agente retirado de Prefectura Naval Argentina fue asesinado en las \u00faltimas horas cuando trabajaba como chofer de una aplicaci\u00f3n de viajes en Rosario. La v\u00edctima ten\u00eda 61 a\u00f1os y la interceptaron cuando conduc\u00eda su camioneta Kangoo, la cual utilizaba para hacer traslado de pasajeros desde que dej\u00f3 su trabajo en la fuerza. El ataque...","og_url":"https:\/\/lobosnews.com.ar\/index.php\/2026\/03\/14\/rosario-asesinaron-a-tiros-a-un-prefecto-retirado-cuando-trabajaba-como-chofer-de-aplicacion\/","og_site_name":"Lobos News","article_published_time":"2026-03-14T16:43:46+00:00","article_modified_time":"2026-03-14T18:39:00+00:00","og_image":[{"url":"https:\/\/lobosnews.com.ar\/wp-content\/uploads\/2026\/03\/rosario-asesinaron-a-tiros-a-un-prefecto-retirado-cuando-trabajaba-como-chofer-de-aplicacion.jpg","type":"","width":"","height":""}],"author":"admin","twitter_card":"summary_large_image","twitter_misc":{"Escrito por":"admin","Tiempo de lectura":"2 minutos"},"schema":{"@context":"https:\/\/schema.org","@graph":[{"@type":"Article","@id":"https:\/\/lobosnews.com.ar\/index.php\/2026\/03\/14\/rosario-asesinaron-a-tiros-a-un-prefecto-retirado-cuando-trabajaba-como-chofer-de-aplicacion\/#article","isPartOf":{"@id":"https:\/\/lobosnews.com.ar\/index.php\/2026\/03\/14\/rosario-asesinaron-a-tiros-a-un-prefecto-retirado-cuando-trabajaba-como-chofer-de-aplicacion\/"},"author":{"name":"admin","@id":"https:\/\/lobosnews.com.ar\/#\/schema\/person\/232422a593d5c541dd9aef6aaed10943"},"headline":"Rosario: asesinaron a tiros a un prefecto retirado cuando trabajaba como chofer de aplicaci\u00f3n","datePublished":"2026-03-14T16:43:46+00:00","dateModified":"2026-03-14T18:39:00+00:00","mainEntityOfPage":{"@id":"https:\/\/lobosnews.com.ar\/index.php\/2026\/03\/14\/rosario-asesinaron-a-tiros-a-un-prefecto-retirado-cuando-trabajaba-como-chofer-de-aplicacion\/"},"wordCount":444,"commentCount":0,"publisher":{"@id":"https:\/\/lobosnews.com.ar\/#organization"},"image":{"@id":"https:\/\/lobosnews.com.ar\/index.php\/2026\/03\/14\/rosario-asesinaron-a-tiros-a-un-prefecto-retirado-cuando-trabajaba-como-chofer-de-aplicacion\/#primaryimage"},"thumbnailUrl":"https:\/\/lobosnews.com.ar\/wp-content\/uploads\/2026\/03\/rosario-asesinaron-a-tiros-a-un-prefecto-retirado-cuando-trabajaba-como-chofer-de-aplicacion.jpg","articleSection":["Actualidad","Argentina","econom\u00eda","inseguridad","masradios.com","nacionales","seguridad","sociedad"],"inLanguage":"es","potentialAction":[{"@type":"CommentAction","name":"Comment","target":["https:\/\/lobosnews.com.ar\/index.php\/2026\/03\/14\/rosario-asesinaron-a-tiros-a-un-prefecto-retirado-cuando-trabajaba-como-chofer-de-aplicacion\/#respond"]}]},{"@type":"WebPage","@id":"https:\/\/lobosnews.com.ar\/index.php\/2026\/03\/14\/rosario-asesinaron-a-tiros-a-un-prefecto-retirado-cuando-trabajaba-como-chofer-de-aplicacion\/","url":"https:\/\/lobosnews.com.ar\/index.php\/2026\/03\/14\/rosario-asesinaron-a-tiros-a-un-prefecto-retirado-cuando-trabajaba-como-chofer-de-aplicacion\/","name":"Rosario: asesinaron a tiros a un prefecto retirado cuando trabajaba como chofer de aplicaci\u00f3n - Lobos News","isPartOf":{"@id":"https:\/\/lobosnews.com.ar\/#website"},"primaryImageOfPage":{"@id":"https:\/\/lobosnews.com.ar\/index.php\/2026\/03\/14\/rosario-asesinaron-a-tiros-a-un-prefecto-retirado-cuando-trabajaba-como-chofer-de-aplicacion\/#primaryimage"},"image":{"@id":"https:\/\/lobosnews.com.ar\/index.php\/2026\/03\/14\/rosario-asesinaron-a-tiros-a-un-prefecto-retirado-cuando-trabajaba-como-chofer-de-aplicacion\/#primaryimage"},"thumbnailUrl":"https:\/\/lobosnews.com.ar\/wp-content\/uploads\/2026\/03\/rosario-asesinaron-a-tiros-a-un-prefecto-retirado-cuando-trabajaba-como-chofer-de-aplicacion.jpg","datePublished":"2026-03-14T16:43:46+00:00","dateModified":"2026-03-14T18:39:00+00:00","breadcrumb":{"@id":"https:\/\/lobosnews.com.ar\/index.php\/2026\/03\/14\/rosario-asesinaron-a-tiros-a-un-prefecto-retirado-cuando-trabajaba-como-chofer-de-aplicacion\/#breadcrumb"},"inLanguage":"es","potentialAction":[{"@type":"ReadAction","target":["https:\/\/lobosnews.com.ar\/index.php\/2026\/03\/14\/rosario-asesinaron-a-tiros-a-un-prefecto-retirado-cuando-trabajaba-como-chofer-de-aplicacion\/"]}]},{"@type":"ImageObject","inLanguage":"es","@id":"https:\/\/lobosnews.com.ar\/index.php\/2026\/03\/14\/rosario-asesinaron-a-tiros-a-un-prefecto-retirado-cuando-trabajaba-como-chofer-de-aplicacion\/#primaryimage","url":"https:\/\/lobosnews.com.ar\/wp-content\/uploads\/2026\/03\/rosario-asesinaron-a-tiros-a-un-prefecto-retirado-cuando-trabajaba-como-chofer-de-aplicacion.jpg","contentUrl":"https:\/\/lobosnews.com.ar\/wp-content\/uploads\/2026\/03\/rosario-asesinaron-a-tiros-a-un-prefecto-retirado-cuando-trabajaba-como-chofer-de-aplicacion.jpg","width":1920,"height":1080,"caption":"Rosario: asesinaron a tiros a un prefecto retirado cuando trabajaba como chofer de aplicaci\u00f3n"},{"@type":"BreadcrumbList","@id":"https:\/\/lobosnews.com.ar\/index.php\/2026\/03\/14\/rosario-asesinaron-a-tiros-a-un-prefecto-retirado-cuando-trabajaba-como-chofer-de-aplicacion\/#breadcrumb","itemListElement":[{"@type":"ListItem","position":1,"name":"Portada","item":"https:\/\/lobosnews.com.ar\/"},{"@type":"ListItem","position":2,"name":"Rosario: asesinaron a tiros a un prefecto retirado cuando trabajaba como chofer de aplicaci\u00f3n"}]},{"@type":"WebSite","@id":"https:\/\/lobosnews.com.ar\/#website","url":"https:\/\/lobosnews.com.ar\/","name":"Lobos News","description":"Informaci\u00f3n a cada instante","publisher":{"@id":"https:\/\/lobosnews.com.ar\/#organization"},"potentialAction":[{"@type":"SearchAction","target":{"@type":"EntryPoint","urlTemplate":"https:\/\/lobosnews.com.ar\/?s={search_term_string}"},"query-input":{"@type":"PropertyValueSpecification","valueRequired":true,"valueName":"search_term_string"}}],"inLanguage":"es"},{"@type":"Organization","@id":"https:\/\/lobosnews.com.ar\/#organization","name":"Lobos News","url":"https:\/\/lobosnews.com.ar\/","logo":{"@type":"ImageObject","inLanguage":"es","@id":"https:\/\/lobosnews.com.ar\/#\/schema\/logo\/image\/","url":"https:\/\/lobosnews.com.ar\/wp-content\/uploads\/2026\/01\/logo-lobosnews.png","contentUrl":"https:\/\/lobosnews.com.ar\/wp-content\/uploads\/2026\/01\/logo-lobosnews.png","width":500,"height":200,"caption":"Lobos News"},"image":{"@id":"https:\/\/lobosnews.com.ar\/#\/schema\/logo\/image\/"}},{"@type":"Person","@id":"https:\/\/lobosnews.com.ar\/#\/schema\/person\/232422a593d5c541dd9aef6aaed10943","name":"admin","image":{"@type":"ImageObject","inLanguage":"es","@id":"https:\/\/lobosnews.com.ar\/#\/schema\/person\/image\/","url":"https:\/\/secure.gravatar.com\/avatar\/76e419471a2083bc3ceab22a763dbbf9b0c1bd15a6214cf3280e2c2dde4580f9?s=96&d=mm&r=g","contentUrl":"https:\/\/secure.gravatar.com\/avatar\/76e419471a2083bc3ceab22a763dbbf9b0c1bd15a6214cf3280e2c2dde4580f9?s=96&d=mm&r=g","caption":"admin"},"sameAs":["https:\/\/lobosnews.com.ar"],"url":"https:\/\/lobosnews.com.ar\/index.php\/author\/lobos-news\/"}]}},"jetpack_featured_media_url":"https:\/\/lobosnews.com.ar\/wp-content\/uploads\/2026\/03\/rosario-asesinaron-a-tiros-a-un-prefecto-retirado-cuando-trabajaba-como-chofer-de-aplicacion.jpg","jetpack_sharing_enabled":true,"_links":{"self":[{"href":"https:\/\/lobosnews.com.ar\/index.php\/wp-json\/wp\/v2\/posts\/33466","targetHints":{"allow":["GET"]}}],"collection":[{"href":"https:\/\/lobosnews.com.ar\/index.php\/wp-json\/wp\/v2\/posts"}],"about":[{"href":"https:\/\/lobosnews.com.ar\/index.php\/wp-json\/wp\/v2\/types\/post"}],"author":[{"embeddable":true,"href":"https:\/\/lobosnews.com.ar\/index.php\/wp-json\/wp\/v2\/users\/1"}],"replies":[{"embeddable":true,"href":"https:\/\/lobosnews.com.ar\/index.php\/wp-json\/wp\/v2\/comments?post=33466"}],"version-history":[{"count":1,"href":"https:\/\/lobosnews.com.ar\/index.php\/wp-json\/wp\/v2\/posts\/33466\/revisions"}],"predecessor-version":[{"id":33468,"href":"https:\/\/lobosnews.com.ar\/index.php\/wp-json\/wp\/v2\/posts\/33466\/revisions\/33468"}],"wp:featuredmedia":[{"embeddable":true,"href":"https:\/\/lobosnews.com.ar\/index.php\/wp-json\/wp\/v2\/media\/33469"}],"wp:attachment":[{"href":"https:\/\/lobosnews.com.ar\/index.php\/wp-json\/wp\/v2\/media?parent=33466"}],"wp:term":[{"taxonomy":"category","embeddable":true,"href":"https:\/\/lobosnews.com.ar\/index.php\/wp-json\/wp\/v2\/categories?post=33466"},{"taxonomy":"post_tag","embeddable":true,"href":"https:\/\/lobosnews.com.ar\/index.php\/wp-json\/wp\/v2\/tags?post=33466"}],"curies":[{"name":"wp","href":"https:\/\/api.w.org\/{rel}","templated":true}]}}