{"id":3345,"date":"2026-01-07T23:39:59","date_gmt":"2026-01-07T23:39:59","guid":{"rendered":"https:\/\/lobosnews.com.ar\/index.php\/2026\/01\/07\/es-dificil-decirle-que-no-a-river-furor-por-la-frase-de-un-delantero-surgido-en-el-millonario-que-juega-en-europa\/"},"modified":"2026-01-08T02:08:29","modified_gmt":"2026-01-08T02:08:29","slug":"es-dificil-decirle-que-no-a-river-furor-por-la-frase-de-un-delantero-surgido-en-el-millonario-que-juega-en-europa","status":"publish","type":"post","link":"https:\/\/lobosnews.com.ar\/index.php\/2026\/01\/07\/es-dificil-decirle-que-no-a-river-furor-por-la-frase-de-un-delantero-surgido-en-el-millonario-que-juega-en-europa\/","title":{"rendered":"\u201cEs dif\u00edcil decirle que no a River\u201d: furor por la frase de un delantero surgido en el Millonario que juega en Europa"},"content":{"rendered":"<p>La posibilidad de que <b>Lucas Beltr\u00e1n<\/b> regrese a <b>River Plate<\/b> ha despertado una ola de expectativas entre los hinchas, luego de que el delantero, actualmente en el <b>Valencia<\/b>, reconociera que \u201c<b>es dif\u00edcil decirle que no a River<\/b>\u201d si en alg\u00fan momento lo convocan. Aunque remarc\u00f3 que no hubo gestiones ni contactos oficiales desde N\u00fa\u00f1ez, la sola menci\u00f3n de un eventual regreso reactiv\u00f3 la ilusi\u00f3n riverplatense en pleno mercado de pases, mientras el club explora alternativas ofensivas para reforzar su plantel.<\/p>\n<p><img loading=\"lazy\" decoding=\"async\" src=\"https:\/\/lobosnews.com.ar\/wp-content\/uploads\/2026\/01\/es-dificil-decirle-que-no-a-river-furor-por-la-frase-de-un-delantero-surgido-en-el-millonario-que-juega-en-europa.jpg\" alt=\"Lucas Beltr\u00e1n form\u00f3 parte del equipo de River que se consagr\u00f3 campe\u00f3n de la Supercopa Argentina en 2019 (Cr\u00e9dito: Conmebol)\" height=\"576\" width=\"1024\"\/><\/p>\n<p>Esta declaraci\u00f3n de Beltr\u00e1n adquiere relevancia adicional si se considera el contexto de su presente deportivo: desde su llegada a pr\u00e9stamo al <b>Valencia<\/b> \u2014posici\u00f3n que ocupa desde hace seis meses\u2014, el atacante disput\u00f3 16 partidos, sum\u00f3 <b>672 minutos<\/b> y logr\u00f3 convertir apenas <b>dos goles<\/b>.<\/p>\n<p>Si bien en los \u00faltimos encuentros aument\u00f3 su presencia como titular, la competencia interna es significativa: el belga <b>Largie Ramazani<\/b> disputa con el argentino un lugar en la delantera, mientras que <b>Hugo Duro<\/b> se mantiene como la pieza fija del ataque. El equipo espa\u00f1ol, adem\u00e1s, atraviesa un momento apremiante en LaLiga, ubicado en el puesto 18\u00b0, que lo obligar\u00eda a descender de categor\u00eda si el torneo finalizara hoy.<\/p>\n<p><img loading=\"lazy\" decoding=\"async\" src=\"https:\/\/lobosnews.com.ar\/wp-content\/uploads\/2026\/01\/es-dificil-decirle-que-no-a-river-furor-por-la-frase-de-un-delantero-surgido-en-el-millonario-que-juega-en-europa-1.jpg\" alt=\"Lucas Beltr\u00e1n se ilusion\u00f3 con una vuelta a River Plate (REUTERS\/Agustin Marcarian\/File Photo)\" height=\"1937\" width=\"2841\"\/><\/p>\n<p>El v\u00ednculo emocional de Beltr\u00e1n con <b>River<\/b> surge de una trayectoria forjada en las <b>divisiones juveniles<\/b> y consolidada con logros en el primer equipo antes de su salida a Europa. Durante una entrevista transmitida por el youtuber <b>Ezzequiel<\/b>, el delantero explic\u00f3 los motivos de su apego por el club de N\u00fa\u00f1ez y confes\u00f3: \u201c<b>Tengo dos sue\u00f1os muy grandes: ganar la Libertadores con River y ser capit\u00e1n del club. Lo sent\u00ed cuando estaba ah\u00ed. No s\u00e9 cu\u00e1ndo ni si se dar\u00e1, pero River es un lugar donde fui feliz, donde me formaron y donde gan\u00e9 t\u00edtulos<\/b>\u201d. Esta identificaci\u00f3n se refuerza por el antecedente de otros excompa\u00f1eros \u2014como <b>Mart\u00ednez Quarta<\/b>, <b>Montiel<\/b>, <b>Pezzella<\/b> y <b>Driussi<\/b>\u2014 que en los \u00faltimos a\u00f1os consideraron regresar ante llamados de <b>Marcelo Gallardo<\/b>.<\/p>\n<p><img loading=\"lazy\" decoding=\"async\" src=\"https:\/\/lobosnews.com.ar\/wp-content\/uploads\/2026\/01\/es-dificil-decirle-que-no-a-river-furor-por-la-frase-de-un-delantero-surgido-en-el-millonario-que-juega-en-europa-2.jpg\" alt=\"Lucas Beltr\u00e1n juega actualmente en el Valencia de Espa\u00f1a (@valenciacf)\" height=\"523\" width=\"929\"\/><\/p>\n<p>Ante la consulta sobre una vuelta en el corto plazo, Beltr\u00e1n manifest\u00f3: \u201cNo puedo decir ni s\u00ed ni no (respecto a regresar antes del final de su contrato con la <b>Fiorentina<\/b>, vigente hasta mediados de 2028), porque soy una persona que va con el d\u00eda, puede pasar de todo\u201d. El propio futbolista detall\u00f3 que hasta ahora \u201c<b>no me han llamado para volver<\/b>, por ahora no tuve la posibilidad. Si me llaman lo voy a pensar, pero <b>es dif\u00edcil decirle que no a River<\/b>\u201d, indic\u00f3 en una charla que tuvo amplia repercusi\u00f3n.<\/p>\n<p>Actualmente, no se registran gestiones ni negociaciones en curso entre el club argentino y el entorno del delantero. Sin embargo, las palabras de <b>Lucas Beltr\u00e1n<\/b> bastaron para reinstalar su nombre en la agenda de River y devolver al plano p\u00fablico la esperanza de un futuro regreso al club que lo form\u00f3.<\/p>\n","protected":false},"excerpt":{"rendered":"<p>La posibilidad de que Lucas Beltr\u00e1n regrese a River Plate ha despertado una ola de expectativas entre los hinchas, luego de que el delantero, actualmente en el Valencia, reconociera que \u201ces dif\u00edcil decirle que no a River\u201d si en alg\u00fan momento lo convocan. Aunque remarc\u00f3 que no hubo gestiones ni contactos oficiales desde N\u00fa\u00f1ez, la&#8230;<\/p>\n","protected":false},"author":1,"featured_media":0,"comment_status":"open","ping_status":"closed","sticky":false,"template":"","format":"standard","meta":{"_jetpack_memberships_contains_paid_content":false,"footnotes":""},"categories":[30],"tags":[39],"class_list":["post-3345","post","type-post","status-publish","format-standard","hentry","category-argentina","tag-deportes"],"magazineBlocksPostFeaturedMedia":{"thumbnail":false,"medium":false,"medium_large":false,"large":false,"1536x1536":false,"2048x2048":false,"newsmatic-featured":false,"newsmatic-list":false,"newsmatic-thumb":false,"newsmatic-small":false,"newsmatic-grid":false},"magazineBlocksPostAuthor":{"name":"admin","avatar":"https:\/\/secure.gravatar.com\/avatar\/76e419471a2083bc3ceab22a763dbbf9b0c1bd15a6214cf3280e2c2dde4580f9?s=96&d=mm&r=g"},"magazineBlocksPostCommentsNumber":"0","magazineBlocksPostExcerpt":"La posibilidad de que Lucas Beltr\u00e1n regrese a River Plate ha despertado una ola de expectativas entre los hinchas, luego de que el delantero, actualmente en el Valencia, reconociera que \u201ces dif\u00edcil decirle que no a River\u201d si en alg\u00fan momento lo convocan. Aunque remarc\u00f3 que no hubo gestiones ni contactos oficiales desde N\u00fa\u00f1ez, la...","magazineBlocksPostCategories":["Argentina"],"magazineBlocksPostViewCount":115,"magazineBlocksPostReadTime":3,"magazine_blocks_featured_image_url":{"full":false,"medium":false,"thumbnail":false},"magazine_blocks_author":{"display_name":"admin","author_link":"https:\/\/lobosnews.com.ar\/index.php\/author\/lobos-news\/"},"magazine_blocks_comment":0,"magazine_blocks_author_image":"https:\/\/secure.gravatar.com\/avatar\/76e419471a2083bc3ceab22a763dbbf9b0c1bd15a6214cf3280e2c2dde4580f9?s=96&d=mm&r=g","magazine_blocks_category":"<a href=\"#\" class=\"category-link category-link-30\">Argentina<\/a>","yoast_head":"<!-- This site is optimized with the Yoast SEO plugin v26.6 - https:\/\/yoast.com\/wordpress\/plugins\/seo\/ -->\n<title>\u201cEs dif\u00edcil decirle que no a River\u201d: furor por la frase de un delantero surgido en el Millonario que juega en Europa - Lobos News<\/title>\n<meta name=\"robots\" content=\"index, follow, max-snippet:-1, max-image-preview:large, max-video-preview:-1\" \/>\n<link rel=\"canonical\" href=\"https:\/\/lobosnews.com.ar\/index.php\/2026\/01\/07\/es-dificil-decirle-que-no-a-river-furor-por-la-frase-de-un-delantero-surgido-en-el-millonario-que-juega-en-europa\/\" \/>\n<meta property=\"og:locale\" content=\"es_ES\" \/>\n<meta property=\"og:type\" content=\"article\" \/>\n<meta property=\"og:title\" content=\"\u201cEs dif\u00edcil decirle que no a River\u201d: furor por la frase de un delantero surgido en el Millonario que juega en Europa - Lobos News\" \/>\n<meta property=\"og:description\" content=\"La posibilidad de que Lucas Beltr\u00e1n regrese a River Plate ha despertado una ola de expectativas entre los hinchas, luego de que el delantero, actualmente en el Valencia, reconociera que \u201ces dif\u00edcil decirle que no a River\u201d si en alg\u00fan momento lo convocan. Aunque remarc\u00f3 que no hubo gestiones ni contactos oficiales desde N\u00fa\u00f1ez, la...\" \/>\n<meta property=\"og:url\" content=\"https:\/\/lobosnews.com.ar\/index.php\/2026\/01\/07\/es-dificil-decirle-que-no-a-river-furor-por-la-frase-de-un-delantero-surgido-en-el-millonario-que-juega-en-europa\/\" \/>\n<meta property=\"og:site_name\" content=\"Lobos News\" \/>\n<meta property=\"article:published_time\" content=\"2026-01-07T23:39:59+00:00\" \/>\n<meta property=\"article:modified_time\" content=\"2026-01-08T02:08:29+00:00\" \/>\n<meta property=\"og:image\" content=\"https:\/\/lobosnews.com.ar\/wp-content\/uploads\/2026\/01\/es-dificil-decirle-que-no-a-river-furor-por-la-frase-de-un-delantero-surgido-en-el-millonario-que-juega-en-europa.jpg\" \/>\n<meta name=\"author\" content=\"admin\" \/>\n<meta name=\"twitter:card\" content=\"summary_large_image\" \/>\n<meta name=\"twitter:label1\" content=\"Escrito por\" \/>\n\t<meta name=\"twitter:data1\" content=\"admin\" \/>\n\t<meta name=\"twitter:label2\" content=\"Tiempo de lectura\" \/>\n\t<meta name=\"twitter:data2\" content=\"2 minutos\" \/>\n<script type=\"application\/ld+json\" class=\"yoast-schema-graph\">{\"@context\":\"https:\/\/schema.org\",\"@graph\":[{\"@type\":\"Article\",\"@id\":\"https:\/\/lobosnews.com.ar\/index.php\/2026\/01\/07\/es-dificil-decirle-que-no-a-river-furor-por-la-frase-de-un-delantero-surgido-en-el-millonario-que-juega-en-europa\/#article\",\"isPartOf\":{\"@id\":\"https:\/\/lobosnews.com.ar\/index.php\/2026\/01\/07\/es-dificil-decirle-que-no-a-river-furor-por-la-frase-de-un-delantero-surgido-en-el-millonario-que-juega-en-europa\/\"},\"author\":{\"name\":\"admin\",\"@id\":\"https:\/\/lobosnews.com.ar\/#\/schema\/person\/232422a593d5c541dd9aef6aaed10943\"},\"headline\":\"\u201cEs dif\u00edcil decirle que no a River\u201d: furor por la frase de un delantero surgido en el Millonario que juega en Europa\",\"datePublished\":\"2026-01-07T23:39:59+00:00\",\"dateModified\":\"2026-01-08T02:08:29+00:00\",\"mainEntityOfPage\":{\"@id\":\"https:\/\/lobosnews.com.ar\/index.php\/2026\/01\/07\/es-dificil-decirle-que-no-a-river-furor-por-la-frase-de-un-delantero-surgido-en-el-millonario-que-juega-en-europa\/\"},\"wordCount\":508,\"commentCount\":0,\"publisher\":{\"@id\":\"https:\/\/lobosnews.com.ar\/#organization\"},\"image\":{\"@id\":\"https:\/\/lobosnews.com.ar\/index.php\/2026\/01\/07\/es-dificil-decirle-que-no-a-river-furor-por-la-frase-de-un-delantero-surgido-en-el-millonario-que-juega-en-europa\/#primaryimage\"},\"thumbnailUrl\":\"https:\/\/lobosnews.com.ar\/wp-content\/uploads\/2026\/01\/es-dificil-decirle-que-no-a-river-furor-por-la-frase-de-un-delantero-surgido-en-el-millonario-que-juega-en-europa.jpg\",\"keywords\":[\"Deportes\"],\"articleSection\":[\"Argentina\"],\"inLanguage\":\"es\",\"potentialAction\":[{\"@type\":\"CommentAction\",\"name\":\"Comment\",\"target\":[\"https:\/\/lobosnews.com.ar\/index.php\/2026\/01\/07\/es-dificil-decirle-que-no-a-river-furor-por-la-frase-de-un-delantero-surgido-en-el-millonario-que-juega-en-europa\/#respond\"]}]},{\"@type\":\"WebPage\",\"@id\":\"https:\/\/lobosnews.com.ar\/index.php\/2026\/01\/07\/es-dificil-decirle-que-no-a-river-furor-por-la-frase-de-un-delantero-surgido-en-el-millonario-que-juega-en-europa\/\",\"url\":\"https:\/\/lobosnews.com.ar\/index.php\/2026\/01\/07\/es-dificil-decirle-que-no-a-river-furor-por-la-frase-de-un-delantero-surgido-en-el-millonario-que-juega-en-europa\/\",\"name\":\"\u201cEs dif\u00edcil decirle que no a River\u201d: furor por la frase de un delantero surgido en el Millonario que juega en Europa - Lobos News\",\"isPartOf\":{\"@id\":\"https:\/\/lobosnews.com.ar\/#website\"},\"primaryImageOfPage\":{\"@id\":\"https:\/\/lobosnews.com.ar\/index.php\/2026\/01\/07\/es-dificil-decirle-que-no-a-river-furor-por-la-frase-de-un-delantero-surgido-en-el-millonario-que-juega-en-europa\/#primaryimage\"},\"image\":{\"@id\":\"https:\/\/lobosnews.com.ar\/index.php\/2026\/01\/07\/es-dificil-decirle-que-no-a-river-furor-por-la-frase-de-un-delantero-surgido-en-el-millonario-que-juega-en-europa\/#primaryimage\"},\"thumbnailUrl\":\"https:\/\/lobosnews.com.ar\/wp-content\/uploads\/2026\/01\/es-dificil-decirle-que-no-a-river-furor-por-la-frase-de-un-delantero-surgido-en-el-millonario-que-juega-en-europa.jpg\",\"datePublished\":\"2026-01-07T23:39:59+00:00\",\"dateModified\":\"2026-01-08T02:08:29+00:00\",\"breadcrumb\":{\"@id\":\"https:\/\/lobosnews.com.ar\/index.php\/2026\/01\/07\/es-dificil-decirle-que-no-a-river-furor-por-la-frase-de-un-delantero-surgido-en-el-millonario-que-juega-en-europa\/#breadcrumb\"},\"inLanguage\":\"es\",\"potentialAction\":[{\"@type\":\"ReadAction\",\"target\":[\"https:\/\/lobosnews.com.ar\/index.php\/2026\/01\/07\/es-dificil-decirle-que-no-a-river-furor-por-la-frase-de-un-delantero-surgido-en-el-millonario-que-juega-en-europa\/\"]}]},{\"@type\":\"ImageObject\",\"inLanguage\":\"es\",\"@id\":\"https:\/\/lobosnews.com.ar\/index.php\/2026\/01\/07\/es-dificil-decirle-que-no-a-river-furor-por-la-frase-de-un-delantero-surgido-en-el-millonario-que-juega-en-europa\/#primaryimage\",\"url\":\"https:\/\/lobosnews.com.ar\/wp-content\/uploads\/2026\/01\/es-dificil-decirle-que-no-a-river-furor-por-la-frase-de-un-delantero-surgido-en-el-millonario-que-juega-en-europa.jpg\",\"contentUrl\":\"https:\/\/lobosnews.com.ar\/wp-content\/uploads\/2026\/01\/es-dificil-decirle-que-no-a-river-furor-por-la-frase-de-un-delantero-surgido-en-el-millonario-que-juega-en-europa.jpg\"},{\"@type\":\"BreadcrumbList\",\"@id\":\"https:\/\/lobosnews.com.ar\/index.php\/2026\/01\/07\/es-dificil-decirle-que-no-a-river-furor-por-la-frase-de-un-delantero-surgido-en-el-millonario-que-juega-en-europa\/#breadcrumb\",\"itemListElement\":[{\"@type\":\"ListItem\",\"position\":1,\"name\":\"Portada\",\"item\":\"https:\/\/lobosnews.com.ar\/\"},{\"@type\":\"ListItem\",\"position\":2,\"name\":\"\u201cEs dif\u00edcil decirle que no a River\u201d: furor por la frase de un delantero surgido en el Millonario que juega en Europa\"}]},{\"@type\":\"WebSite\",\"@id\":\"https:\/\/lobosnews.com.ar\/#website\",\"url\":\"https:\/\/lobosnews.com.ar\/\",\"name\":\"Lobos News\",\"description\":\"Informaci\u00f3n a cada instante\",\"publisher\":{\"@id\":\"https:\/\/lobosnews.com.ar\/#organization\"},\"potentialAction\":[{\"@type\":\"SearchAction\",\"target\":{\"@type\":\"EntryPoint\",\"urlTemplate\":\"https:\/\/lobosnews.com.ar\/?s={search_term_string}\"},\"query-input\":{\"@type\":\"PropertyValueSpecification\",\"valueRequired\":true,\"valueName\":\"search_term_string\"}}],\"inLanguage\":\"es\"},{\"@type\":\"Organization\",\"@id\":\"https:\/\/lobosnews.com.ar\/#organization\",\"name\":\"Lobos News\",\"url\":\"https:\/\/lobosnews.com.ar\/\",\"logo\":{\"@type\":\"ImageObject\",\"inLanguage\":\"es\",\"@id\":\"https:\/\/lobosnews.com.ar\/#\/schema\/logo\/image\/\",\"url\":\"https:\/\/lobosnews.com.ar\/wp-content\/uploads\/2026\/01\/logo-lobosnews.png\",\"contentUrl\":\"https:\/\/lobosnews.com.ar\/wp-content\/uploads\/2026\/01\/logo-lobosnews.png\",\"width\":500,\"height\":200,\"caption\":\"Lobos News\"},\"image\":{\"@id\":\"https:\/\/lobosnews.com.ar\/#\/schema\/logo\/image\/\"}},{\"@type\":\"Person\",\"@id\":\"https:\/\/lobosnews.com.ar\/#\/schema\/person\/232422a593d5c541dd9aef6aaed10943\",\"name\":\"admin\",\"image\":{\"@type\":\"ImageObject\",\"inLanguage\":\"es\",\"@id\":\"https:\/\/lobosnews.com.ar\/#\/schema\/person\/image\/\",\"url\":\"https:\/\/secure.gravatar.com\/avatar\/76e419471a2083bc3ceab22a763dbbf9b0c1bd15a6214cf3280e2c2dde4580f9?s=96&d=mm&r=g\",\"contentUrl\":\"https:\/\/secure.gravatar.com\/avatar\/76e419471a2083bc3ceab22a763dbbf9b0c1bd15a6214cf3280e2c2dde4580f9?s=96&d=mm&r=g\",\"caption\":\"admin\"},\"sameAs\":[\"https:\/\/lobosnews.com.ar\"],\"url\":\"https:\/\/lobosnews.com.ar\/index.php\/author\/lobos-news\/\"}]}<\/script>\n<!-- \/ Yoast SEO plugin. -->","yoast_head_json":{"title":"\u201cEs dif\u00edcil decirle que no a River\u201d: furor por la frase de un delantero surgido en el Millonario que juega en Europa - Lobos News","robots":{"index":"index","follow":"follow","max-snippet":"max-snippet:-1","max-image-preview":"max-image-preview:large","max-video-preview":"max-video-preview:-1"},"canonical":"https:\/\/lobosnews.com.ar\/index.php\/2026\/01\/07\/es-dificil-decirle-que-no-a-river-furor-por-la-frase-de-un-delantero-surgido-en-el-millonario-que-juega-en-europa\/","og_locale":"es_ES","og_type":"article","og_title":"\u201cEs dif\u00edcil decirle que no a River\u201d: furor por la frase de un delantero surgido en el Millonario que juega en Europa - Lobos News","og_description":"La posibilidad de que Lucas Beltr\u00e1n regrese a River Plate ha despertado una ola de expectativas entre los hinchas, luego de que el delantero, actualmente en el Valencia, reconociera que \u201ces dif\u00edcil decirle que no a River\u201d si en alg\u00fan momento lo convocan. Aunque remarc\u00f3 que no hubo gestiones ni contactos oficiales desde N\u00fa\u00f1ez, la...","og_url":"https:\/\/lobosnews.com.ar\/index.php\/2026\/01\/07\/es-dificil-decirle-que-no-a-river-furor-por-la-frase-de-un-delantero-surgido-en-el-millonario-que-juega-en-europa\/","og_site_name":"Lobos News","article_published_time":"2026-01-07T23:39:59+00:00","article_modified_time":"2026-01-08T02:08:29+00:00","og_image":[{"url":"https:\/\/lobosnews.com.ar\/wp-content\/uploads\/2026\/01\/es-dificil-decirle-que-no-a-river-furor-por-la-frase-de-un-delantero-surgido-en-el-millonario-que-juega-en-europa.jpg","type":"","width":"","height":""}],"author":"admin","twitter_card":"summary_large_image","twitter_misc":{"Escrito por":"admin","Tiempo de lectura":"2 minutos"},"schema":{"@context":"https:\/\/schema.org","@graph":[{"@type":"Article","@id":"https:\/\/lobosnews.com.ar\/index.php\/2026\/01\/07\/es-dificil-decirle-que-no-a-river-furor-por-la-frase-de-un-delantero-surgido-en-el-millonario-que-juega-en-europa\/#article","isPartOf":{"@id":"https:\/\/lobosnews.com.ar\/index.php\/2026\/01\/07\/es-dificil-decirle-que-no-a-river-furor-por-la-frase-de-un-delantero-surgido-en-el-millonario-que-juega-en-europa\/"},"author":{"name":"admin","@id":"https:\/\/lobosnews.com.ar\/#\/schema\/person\/232422a593d5c541dd9aef6aaed10943"},"headline":"\u201cEs dif\u00edcil decirle que no a River\u201d: furor por la frase de un delantero surgido en el Millonario que juega en Europa","datePublished":"2026-01-07T23:39:59+00:00","dateModified":"2026-01-08T02:08:29+00:00","mainEntityOfPage":{"@id":"https:\/\/lobosnews.com.ar\/index.php\/2026\/01\/07\/es-dificil-decirle-que-no-a-river-furor-por-la-frase-de-un-delantero-surgido-en-el-millonario-que-juega-en-europa\/"},"wordCount":508,"commentCount":0,"publisher":{"@id":"https:\/\/lobosnews.com.ar\/#organization"},"image":{"@id":"https:\/\/lobosnews.com.ar\/index.php\/2026\/01\/07\/es-dificil-decirle-que-no-a-river-furor-por-la-frase-de-un-delantero-surgido-en-el-millonario-que-juega-en-europa\/#primaryimage"},"thumbnailUrl":"https:\/\/lobosnews.com.ar\/wp-content\/uploads\/2026\/01\/es-dificil-decirle-que-no-a-river-furor-por-la-frase-de-un-delantero-surgido-en-el-millonario-que-juega-en-europa.jpg","keywords":["Deportes"],"articleSection":["Argentina"],"inLanguage":"es","potentialAction":[{"@type":"CommentAction","name":"Comment","target":["https:\/\/lobosnews.com.ar\/index.php\/2026\/01\/07\/es-dificil-decirle-que-no-a-river-furor-por-la-frase-de-un-delantero-surgido-en-el-millonario-que-juega-en-europa\/#respond"]}]},{"@type":"WebPage","@id":"https:\/\/lobosnews.com.ar\/index.php\/2026\/01\/07\/es-dificil-decirle-que-no-a-river-furor-por-la-frase-de-un-delantero-surgido-en-el-millonario-que-juega-en-europa\/","url":"https:\/\/lobosnews.com.ar\/index.php\/2026\/01\/07\/es-dificil-decirle-que-no-a-river-furor-por-la-frase-de-un-delantero-surgido-en-el-millonario-que-juega-en-europa\/","name":"\u201cEs dif\u00edcil decirle que no a River\u201d: furor por la frase de un delantero surgido en el Millonario que juega en Europa - Lobos News","isPartOf":{"@id":"https:\/\/lobosnews.com.ar\/#website"},"primaryImageOfPage":{"@id":"https:\/\/lobosnews.com.ar\/index.php\/2026\/01\/07\/es-dificil-decirle-que-no-a-river-furor-por-la-frase-de-un-delantero-surgido-en-el-millonario-que-juega-en-europa\/#primaryimage"},"image":{"@id":"https:\/\/lobosnews.com.ar\/index.php\/2026\/01\/07\/es-dificil-decirle-que-no-a-river-furor-por-la-frase-de-un-delantero-surgido-en-el-millonario-que-juega-en-europa\/#primaryimage"},"thumbnailUrl":"https:\/\/lobosnews.com.ar\/wp-content\/uploads\/2026\/01\/es-dificil-decirle-que-no-a-river-furor-por-la-frase-de-un-delantero-surgido-en-el-millonario-que-juega-en-europa.jpg","datePublished":"2026-01-07T23:39:59+00:00","dateModified":"2026-01-08T02:08:29+00:00","breadcrumb":{"@id":"https:\/\/lobosnews.com.ar\/index.php\/2026\/01\/07\/es-dificil-decirle-que-no-a-river-furor-por-la-frase-de-un-delantero-surgido-en-el-millonario-que-juega-en-europa\/#breadcrumb"},"inLanguage":"es","potentialAction":[{"@type":"ReadAction","target":["https:\/\/lobosnews.com.ar\/index.php\/2026\/01\/07\/es-dificil-decirle-que-no-a-river-furor-por-la-frase-de-un-delantero-surgido-en-el-millonario-que-juega-en-europa\/"]}]},{"@type":"ImageObject","inLanguage":"es","@id":"https:\/\/lobosnews.com.ar\/index.php\/2026\/01\/07\/es-dificil-decirle-que-no-a-river-furor-por-la-frase-de-un-delantero-surgido-en-el-millonario-que-juega-en-europa\/#primaryimage","url":"https:\/\/lobosnews.com.ar\/wp-content\/uploads\/2026\/01\/es-dificil-decirle-que-no-a-river-furor-por-la-frase-de-un-delantero-surgido-en-el-millonario-que-juega-en-europa.jpg","contentUrl":"https:\/\/lobosnews.com.ar\/wp-content\/uploads\/2026\/01\/es-dificil-decirle-que-no-a-river-furor-por-la-frase-de-un-delantero-surgido-en-el-millonario-que-juega-en-europa.jpg"},{"@type":"BreadcrumbList","@id":"https:\/\/lobosnews.com.ar\/index.php\/2026\/01\/07\/es-dificil-decirle-que-no-a-river-furor-por-la-frase-de-un-delantero-surgido-en-el-millonario-que-juega-en-europa\/#breadcrumb","itemListElement":[{"@type":"ListItem","position":1,"name":"Portada","item":"https:\/\/lobosnews.com.ar\/"},{"@type":"ListItem","position":2,"name":"\u201cEs dif\u00edcil decirle que no a River\u201d: furor por la frase de un delantero surgido en el Millonario que juega en Europa"}]},{"@type":"WebSite","@id":"https:\/\/lobosnews.com.ar\/#website","url":"https:\/\/lobosnews.com.ar\/","name":"Lobos News","description":"Informaci\u00f3n a cada instante","publisher":{"@id":"https:\/\/lobosnews.com.ar\/#organization"},"potentialAction":[{"@type":"SearchAction","target":{"@type":"EntryPoint","urlTemplate":"https:\/\/lobosnews.com.ar\/?s={search_term_string}"},"query-input":{"@type":"PropertyValueSpecification","valueRequired":true,"valueName":"search_term_string"}}],"inLanguage":"es"},{"@type":"Organization","@id":"https:\/\/lobosnews.com.ar\/#organization","name":"Lobos News","url":"https:\/\/lobosnews.com.ar\/","logo":{"@type":"ImageObject","inLanguage":"es","@id":"https:\/\/lobosnews.com.ar\/#\/schema\/logo\/image\/","url":"https:\/\/lobosnews.com.ar\/wp-content\/uploads\/2026\/01\/logo-lobosnews.png","contentUrl":"https:\/\/lobosnews.com.ar\/wp-content\/uploads\/2026\/01\/logo-lobosnews.png","width":500,"height":200,"caption":"Lobos News"},"image":{"@id":"https:\/\/lobosnews.com.ar\/#\/schema\/logo\/image\/"}},{"@type":"Person","@id":"https:\/\/lobosnews.com.ar\/#\/schema\/person\/232422a593d5c541dd9aef6aaed10943","name":"admin","image":{"@type":"ImageObject","inLanguage":"es","@id":"https:\/\/lobosnews.com.ar\/#\/schema\/person\/image\/","url":"https:\/\/secure.gravatar.com\/avatar\/76e419471a2083bc3ceab22a763dbbf9b0c1bd15a6214cf3280e2c2dde4580f9?s=96&d=mm&r=g","contentUrl":"https:\/\/secure.gravatar.com\/avatar\/76e419471a2083bc3ceab22a763dbbf9b0c1bd15a6214cf3280e2c2dde4580f9?s=96&d=mm&r=g","caption":"admin"},"sameAs":["https:\/\/lobosnews.com.ar"],"url":"https:\/\/lobosnews.com.ar\/index.php\/author\/lobos-news\/"}]}},"jetpack_featured_media_url":"","jetpack_sharing_enabled":true,"_links":{"self":[{"href":"https:\/\/lobosnews.com.ar\/index.php\/wp-json\/wp\/v2\/posts\/3345","targetHints":{"allow":["GET"]}}],"collection":[{"href":"https:\/\/lobosnews.com.ar\/index.php\/wp-json\/wp\/v2\/posts"}],"about":[{"href":"https:\/\/lobosnews.com.ar\/index.php\/wp-json\/wp\/v2\/types\/post"}],"author":[{"embeddable":true,"href":"https:\/\/lobosnews.com.ar\/index.php\/wp-json\/wp\/v2\/users\/1"}],"replies":[{"embeddable":true,"href":"https:\/\/lobosnews.com.ar\/index.php\/wp-json\/wp\/v2\/comments?post=3345"}],"version-history":[{"count":1,"href":"https:\/\/lobosnews.com.ar\/index.php\/wp-json\/wp\/v2\/posts\/3345\/revisions"}],"predecessor-version":[{"id":3349,"href":"https:\/\/lobosnews.com.ar\/index.php\/wp-json\/wp\/v2\/posts\/3345\/revisions\/3349"}],"wp:attachment":[{"href":"https:\/\/lobosnews.com.ar\/index.php\/wp-json\/wp\/v2\/media?parent=3345"}],"wp:term":[{"taxonomy":"category","embeddable":true,"href":"https:\/\/lobosnews.com.ar\/index.php\/wp-json\/wp\/v2\/categories?post=3345"},{"taxonomy":"post_tag","embeddable":true,"href":"https:\/\/lobosnews.com.ar\/index.php\/wp-json\/wp\/v2\/tags?post=3345"}],"curies":[{"name":"wp","href":"https:\/\/api.w.org\/{rel}","templated":true}]}}