{"id":33370,"date":"2026-03-14T11:42:10","date_gmt":"2026-03-14T11:42:10","guid":{"rendered":"https:\/\/lobosnews.com.ar\/index.php\/2026\/03\/14\/los-grandes-elogios-del-director-de-alpine-por-el-compromiso-de-colapinto-en-el-gp-de-china-ha-dedicado-muchas-horas\/"},"modified":"2026-03-14T14:53:05","modified_gmt":"2026-03-14T14:53:05","slug":"los-grandes-elogios-del-director-de-alpine-por-el-compromiso-de-colapinto-en-el-gp-de-china-ha-dedicado-muchas-horas","status":"publish","type":"post","link":"https:\/\/lobosnews.com.ar\/index.php\/2026\/03\/14\/los-grandes-elogios-del-director-de-alpine-por-el-compromiso-de-colapinto-en-el-gp-de-china-ha-dedicado-muchas-horas\/","title":{"rendered":"Los grandes elogios del director de Alpine por el compromiso de Colapinto en el GP de China: \u201cHa dedicado muchas horas\u201d"},"content":{"rendered":"<p><img loading=\"lazy\" decoding=\"async\" src=\"https:\/\/lobosnews.com.ar\/wp-content\/uploads\/2026\/03\/los-grandes-elogios-del-director-de-alpine-por-el-compromiso-de-colapinto-en-el-gp-de-china-ha-dedicado-muchas-horas.jpg\" alt=\"Steve Nielsen destac\u00f3 el gran trabajo de Colapinto en el GP de China\" height=\"866\" width=\"1300\"\/><\/p>\n<p><b>Franco Colapinto<\/b> dio un salto en su rendimiento y dej\u00f3 buenas impresiones en el <b>Gran Premio de China<\/b>. Con un <span class=\"waslinkname\">monoplaza de <b>Alpine <\/b>que tiene algunos defectos<\/span> t\u00e9cnicos y no tiene las mejoras que est\u00e1n montadas en el A526 de su compa\u00f1ero <b>Pierre Gasly<\/b>, el argentino <span class=\"waslinkname\"><b>qued\u00f3 14\u00b0 en la carrera Sprint<\/b><\/span><b> <\/b>y <span class=\"waslinkname\"><b>finaliz\u00f3 12\u00b0 en la clasificaci\u00f3n<\/b><\/span>. El joven de 22 a\u00f1os no se meti\u00f3 a la Q3 por cinco mil\u00e9simas. <\/p>\n<p>Al igual que el <span class=\"waslinkname\">enorme gesto de respaldo por parte de <b>Flavio Briatore<\/b><\/span> en el pit lane, <b>Steve Nielsen<\/b>, director de Alpine, elogi\u00f3 la actuaci\u00f3n de Colapinto en el <i>Circuito Internacional de Shangh\u00e1i<\/i>. \u201c<b>Franco tambi\u00e9n dio un paso adelante de la carrera sprint a la clasificaci\u00f3n y tuvo la mala suerte de quedarse fuera de la Q3 por un margen m\u00ednimo<\/b>\u201d, coment\u00f3 en la gacetilla de prensa brindada por la escuder\u00eda.<\/p>\n<p>El ingeniero brit\u00e1nico tambi\u00e9n destac\u00f3 el fuerte compromiso del pilarense para mejorar su rendimiento en la F\u00f3rmula 1: \u201c<b>Ha dedicado muchas horas, ha trabajado duro con los ingenieros y ha aprendido de Pierre<\/b>, lo cual es fant\u00e1stico de ver\u201d.<\/p>\n<p>El arduo trabajo del corredor albiceleste para mejorar su nivel se vio reflejado en la pista, en la cual est\u00e1 compitiendo por primera vez. Franco est\u00e1 con<b> una caja de cambios vieja <\/b>que le hace <b>perder carga aerodin\u00e1mica <\/b>en la parte trasera. A esto tambi\u00e9n se suma <b>una especificaci\u00f3n antigua del ala delantera <\/b>en el coche del albiceleste respecto al de Gasly. En este contexto, <span class=\"waslinkname\">logr\u00f3 recortar la distancia a la que se encontraba de su compa\u00f1ero del viernes al s\u00e1bado<\/span> y mostr\u00f3 un nivel notablemente m\u00e1s competitivo. <\/p>\n<p><img loading=\"lazy\" decoding=\"async\" src=\"https:\/\/lobosnews.com.ar\/wp-content\/uploads\/2026\/03\/los-grandes-elogios-del-director-de-alpine-por-el-compromiso-de-colapinto-en-el-gp-de-china-ha-dedicado-muchas-horas-1.jpg\" alt=\"Franco Colapinto est\u00e1 participando por primera vez del GP de China y aspira a sumar sus primeros puntos con Alpine en la carrera del domingo (AP Foto\/Vincent Thian)\" height=\"5464\" width=\"8196\"\/><\/p>\n<p>Steve Nielsen tambi\u00e9n destac\u00f3 el nivel de Alpine en general en comparaci\u00f3n al debut en Australia. \u201c<b>Hemos empezado el fin de semana en mucho mejor forma que en Melbourne<\/b> y, como se puede ver en todos los equipos, estamos aprendiendo a manejar estos nuevos monoplazas y el nuevo reglamento a un ritmo vertiginoso\u201d, coment\u00f3 el director.<\/p>\n<p>Sin embargo, hizo hincapi\u00e9 en un problema que reportaron ambos pilotos durante la Sprint: la enorme degradaci\u00f3n de los neum\u00e1ticos que merm\u00f3 su ritmo en pista. \u201cPor desgracia, Pierre no pudo aprovechar en carrera su gran resultado en la clasificaci\u00f3n de Sprint, y <b>tanto \u00e9l como Franco han se\u00f1alado que tuvieron problemas con el clipping y el graining<\/b>. As\u00ed pues, de cara al Gran Premio de ma\u00f1ana, sabemos que a\u00fan <b>queda trabajo por hacer para garantizar que seamos m\u00e1s competitivos con mucho combustible<\/b>\u201d, explic\u00f3 Nielsen.<\/p>\n<p>No obstante, el ingeniero brit\u00e1nico se mostr\u00f3 optimista de cara a la carrera del domingo en China: \u201cEsper\u00e1bamos que algunos de nuestros rivales recortaran distancias hoy, por lo que el hecho de que Pierre haya repetido su gran actuaci\u00f3n con un s\u00e9ptimo puesto en la clasificaci\u00f3n es realmente muy positivo. <b>Sabiendo c\u00f3mo se desarroll\u00f3 la carrera sprint, sabemos que hay trabajo que hacer durante la noche para tener opciones de sumar puntos ma\u00f1ana<\/b>\u201d. <\/p>\n<p><!DOCTYPE html><br \/>\n<html><br \/>\n<head><br \/>\n<meta name=\"viewport\" content=\"width=device-width, initial-scale=1\"><\/p>\n<style>\n.container-video { position: relative; width: 100%; overflow: hidden; padding-top: 56.25%;\n}\n.responsive-iframe-video { position: absolute; top: 0; left: 0; bottom: 0; right: 0; width: 100%; height: 100%; border: none;\n}\n<\/style>\n<p><\/head><br \/>\n<body><\/p>\n<div class=\"container-video\"> <iframe title=\"video-espn\" class=\"responsive-iframe-video\" src=\"https:\/\/www.espn.com.ar\/core\/video\/iframe?id=16434499&#038;endcard=false&#038;omniReportSuite=wdgespge\" allowfullscreen><\/iframe>\n<\/div>\n<p><\/body><br \/>\n<\/html><\/p>\n<p><i>*El resumen de la clasificaci\u00f3n del GP de China<\/i><\/p>\n<p>El comunicado oficial de Alpine tambi\u00e9n incluy\u00f3 declaraciones de Pierre Gasly, quien se mostr\u00f3 muy conforme con el trabajo del equipo. \u201c<b>Estoy muy contento con el resultado de la clasificaci\u00f3n de hoy<\/b>, ya que nos ha permitido lograr nuestra segunda presencia en la Q3 del fin de semana. Estoy muy satisfecho con el trabajo que hemos realizado como equipo, y parece que vamos por el buen camino. Teniendo en cuenta d\u00f3nde est\u00e1bamos el fin de semana pasado, <b>esto me hace sentir optimista de cara al Gran Premio de ma\u00f1ana y tambi\u00e9n a las pr\u00f3ximas carreras<\/b>\u201d, analiz\u00f3 el franc\u00e9s.<\/p>\n<p>Respecto al rendimiento en las dos tandas de actividad, destac\u00f3: \u201cEsta tarde hemos hecho una buena sesi\u00f3n de clasificaci\u00f3n y hemos ido ganando velocidad en cada vuelta, mientras que por la ma\u00f1ana lo tuvimos m\u00e1s complicado en la carrera sprint, donde <b>sufrimos mucho desgaste de neum\u00e1ticos. Esto es algo en lo que tenemos que trabajar de cara a ma\u00f1ana si queremos competir con los coches que nos rodean<\/b>\u201d.<\/p>\n<p>A pesar de las dificultades que se presentaron, Gasly es optimista para el domingo: \u201cLas diferencias en la carrera y en la clasificaci\u00f3n son muy peque\u00f1as y <b>estamos en medio de un grupo muy apretado en la zona media<\/b>, as\u00ed que cada detalle cuenta y esperamos tener una ventaja competitiva ma\u00f1ana y traducir el progreso que hemos logrado este fin de semana en m\u00e1s puntos para el equipo\u201d.<\/p>\n<p><!DOCTYPE html><br \/>\n<html><br \/>\n<head><br \/>\n<meta name=\"viewport\" content=\"width=device-width, initial-scale=1\"><\/p>\n<style>\n.container-video { position: relative; width: 100%; overflow: hidden; padding-top: 56.25%;\n}\n.responsive-iframe-video { position: absolute; top: 0; left: 0; bottom: 0; right: 0; width: 100%; height: 100%; border: none;\n}\n<\/style>\n<p><\/head><br \/>\n<body><\/p>\n<div class=\"container-video\"> <iframe title=\"video-espn\" class=\"responsive-iframe-video\" src=\"https:\/\/www.espn.com.ar\/core\/video\/iframe?id=16434016&#038;endcard=false&#038;omniReportSuite=wdgespge\" allowfullscreen><\/iframe>\n<\/div>\n<p><\/body><br \/>\n<\/html><\/p>\n<p><i>*El compacto de la carrera Sprint en la que Colapinto finaliz\u00f3 14\u00b0<\/i><\/p>\n<p>La gacetilla de prensa oficial de Alpine tambi\u00e9n cont\u00f3 con la palabra de Colapinto, quien remarc\u00f3 su ilusi\u00f3n por mejorar sus resultados en el resto del fin de semana. \u201c<b>En comparaci\u00f3n con ayer y con c\u00f3mo empezamos el d\u00eda en la carrera Sprint, me siento mucho m\u00e1s optimista respecto al coche y al resultado de la clasificaci\u00f3n<\/b>. No pudimos cambiar mucho de la noche a la ma\u00f1ana con el parque cerrado y tuvimos problemas en la carrera sprint con algunos roces y un poco de granulado. Pero no nos rendimos, trabajamos duro como equipo y le dimos la vuelta a la situaci\u00f3n por la tarde\u201d, destac\u00f3.<\/p>\n<p>Sobre la evoluci\u00f3n de sus resultados, coment\u00f3: \u201cAyer hab\u00eda muchas cosas del coche que no entend\u00edamos y el trabajo que hicimos anoche con los ingenieros, adem\u00e1s de sentarnos a hablar con Pierre, <b>se tradujo en un mejor resultado hoy. Hemos cambiado muchas cosas en el coche<\/b> y sabemos d\u00f3nde nos falta mejorar\u201d.<\/p>\n<p>Por \u00faltimo, Colapinto volvi\u00f3 a lamentarse por quedarse al borde de clasificar a la \u00faltima tanda de la qualy: \u201c<b>Cuando est\u00e1s tan cerca de entrar en la Q3, sigues sinti\u00e9ndote un poco decepcionado<\/b>. Tuve algunos deslizamientos al salir de la \u00faltima curva y bloque\u00e9 las ruedas en algunos puntos, as\u00ed que el tiempo estaba ah\u00ed sin duda. <b>Estamos cerca de los puntos<\/b>, as\u00ed que esperemos tener una buena salida y ma\u00f1ana todo estar\u00e1 por decidir\u201d.<\/p>\n<p><span class=\"waslinkname\">El <b>Gran Premio de China<\/b> dar\u00e1 inicio a las 04:00<\/span> (hora argentina). La carrera principal contar\u00e1 con 56 vueltas. Despu\u00e9s de sumar un punto en Australia, Alpine buscar\u00e1 seguir cosechando unidades en el inicio de la temporada 2026 de la F\u00f3rmula 1.<\/p>\n","protected":false},"excerpt":{"rendered":"<p>Franco Colapinto dio un salto en su rendimiento y dej\u00f3 buenas impresiones en el Gran Premio de China. Con un monoplaza de Alpine que tiene algunos defectos t\u00e9cnicos y no tiene las mejoras que est\u00e1n montadas en el A526 de su compa\u00f1ero Pierre Gasly, el argentino qued\u00f3 14\u00b0 en la carrera Sprint y finaliz\u00f3 12\u00b0&#8230;<\/p>\n","protected":false},"author":1,"featured_media":0,"comment_status":"open","ping_status":"closed","sticky":false,"template":"","format":"standard","meta":{"_jetpack_memberships_contains_paid_content":false,"footnotes":""},"categories":[30],"tags":[39],"class_list":["post-33370","post","type-post","status-publish","format-standard","hentry","category-argentina","tag-deportes"],"magazineBlocksPostFeaturedMedia":{"thumbnail":false,"medium":false,"medium_large":false,"large":false,"1536x1536":false,"2048x2048":false,"newsmatic-featured":false,"newsmatic-list":false,"newsmatic-thumb":false,"newsmatic-small":false,"newsmatic-grid":false},"magazineBlocksPostAuthor":{"name":"admin","avatar":"https:\/\/secure.gravatar.com\/avatar\/76e419471a2083bc3ceab22a763dbbf9b0c1bd15a6214cf3280e2c2dde4580f9?s=96&d=mm&r=g"},"magazineBlocksPostCommentsNumber":"0","magazineBlocksPostExcerpt":"Franco Colapinto dio un salto en su rendimiento y dej\u00f3 buenas impresiones en el Gran Premio de China. Con un monoplaza de Alpine que tiene algunos defectos t\u00e9cnicos y no tiene las mejoras que est\u00e1n montadas en el A526 de su compa\u00f1ero Pierre Gasly, el argentino qued\u00f3 14\u00b0 en la carrera Sprint y finaliz\u00f3 12\u00b0...","magazineBlocksPostCategories":["Argentina"],"magazineBlocksPostViewCount":77,"magazineBlocksPostReadTime":6,"magazine_blocks_featured_image_url":{"full":false,"medium":false,"thumbnail":false},"magazine_blocks_author":{"display_name":"admin","author_link":"https:\/\/lobosnews.com.ar\/index.php\/author\/lobos-news\/"},"magazine_blocks_comment":0,"magazine_blocks_author_image":"https:\/\/secure.gravatar.com\/avatar\/76e419471a2083bc3ceab22a763dbbf9b0c1bd15a6214cf3280e2c2dde4580f9?s=96&d=mm&r=g","magazine_blocks_category":"<a href=\"#\" class=\"category-link category-link-30\">Argentina<\/a>","yoast_head":"<!-- This site is optimized with the Yoast SEO plugin v26.6 - https:\/\/yoast.com\/wordpress\/plugins\/seo\/ -->\n<title>Los grandes elogios del director de Alpine por el compromiso de Colapinto en el GP de China: \u201cHa dedicado muchas horas\u201d - Lobos News<\/title>\n<meta name=\"robots\" content=\"index, follow, max-snippet:-1, max-image-preview:large, max-video-preview:-1\" \/>\n<link rel=\"canonical\" href=\"https:\/\/lobosnews.com.ar\/index.php\/2026\/03\/14\/los-grandes-elogios-del-director-de-alpine-por-el-compromiso-de-colapinto-en-el-gp-de-china-ha-dedicado-muchas-horas\/\" \/>\n<meta property=\"og:locale\" content=\"es_ES\" \/>\n<meta property=\"og:type\" content=\"article\" \/>\n<meta property=\"og:title\" content=\"Los grandes elogios del director de Alpine por el compromiso de Colapinto en el GP de China: \u201cHa dedicado muchas horas\u201d - Lobos News\" \/>\n<meta property=\"og:description\" content=\"Franco Colapinto dio un salto en su rendimiento y dej\u00f3 buenas impresiones en el Gran Premio de China. Con un monoplaza de Alpine que tiene algunos defectos t\u00e9cnicos y no tiene las mejoras que est\u00e1n montadas en el A526 de su compa\u00f1ero Pierre Gasly, el argentino qued\u00f3 14\u00b0 en la carrera Sprint y finaliz\u00f3 12\u00b0...\" \/>\n<meta property=\"og:url\" content=\"https:\/\/lobosnews.com.ar\/index.php\/2026\/03\/14\/los-grandes-elogios-del-director-de-alpine-por-el-compromiso-de-colapinto-en-el-gp-de-china-ha-dedicado-muchas-horas\/\" \/>\n<meta property=\"og:site_name\" content=\"Lobos News\" \/>\n<meta property=\"article:published_time\" content=\"2026-03-14T11:42:10+00:00\" \/>\n<meta property=\"article:modified_time\" content=\"2026-03-14T14:53:05+00:00\" \/>\n<meta property=\"og:image\" content=\"https:\/\/lobosnews.com.ar\/wp-content\/uploads\/2026\/03\/los-grandes-elogios-del-director-de-alpine-por-el-compromiso-de-colapinto-en-el-gp-de-china-ha-dedicado-muchas-horas.jpg\" \/>\n<meta name=\"author\" content=\"admin\" \/>\n<meta name=\"twitter:card\" content=\"summary_large_image\" \/>\n<meta name=\"twitter:label1\" content=\"Escrito por\" \/>\n\t<meta name=\"twitter:data1\" content=\"admin\" \/>\n\t<meta name=\"twitter:label2\" content=\"Tiempo de lectura\" \/>\n\t<meta name=\"twitter:data2\" content=\"5 minutos\" \/>\n<script type=\"application\/ld+json\" class=\"yoast-schema-graph\">{\"@context\":\"https:\/\/schema.org\",\"@graph\":[{\"@type\":\"Article\",\"@id\":\"https:\/\/lobosnews.com.ar\/index.php\/2026\/03\/14\/los-grandes-elogios-del-director-de-alpine-por-el-compromiso-de-colapinto-en-el-gp-de-china-ha-dedicado-muchas-horas\/#article\",\"isPartOf\":{\"@id\":\"https:\/\/lobosnews.com.ar\/index.php\/2026\/03\/14\/los-grandes-elogios-del-director-de-alpine-por-el-compromiso-de-colapinto-en-el-gp-de-china-ha-dedicado-muchas-horas\/\"},\"author\":{\"name\":\"admin\",\"@id\":\"https:\/\/lobosnews.com.ar\/#\/schema\/person\/232422a593d5c541dd9aef6aaed10943\"},\"headline\":\"Los grandes elogios del director de Alpine por el compromiso de Colapinto en el GP de China: \u201cHa dedicado muchas horas\u201d\",\"datePublished\":\"2026-03-14T11:42:10+00:00\",\"dateModified\":\"2026-03-14T14:53:05+00:00\",\"mainEntityOfPage\":{\"@id\":\"https:\/\/lobosnews.com.ar\/index.php\/2026\/03\/14\/los-grandes-elogios-del-director-de-alpine-por-el-compromiso-de-colapinto-en-el-gp-de-china-ha-dedicado-muchas-horas\/\"},\"wordCount\":1102,\"commentCount\":0,\"publisher\":{\"@id\":\"https:\/\/lobosnews.com.ar\/#organization\"},\"image\":{\"@id\":\"https:\/\/lobosnews.com.ar\/index.php\/2026\/03\/14\/los-grandes-elogios-del-director-de-alpine-por-el-compromiso-de-colapinto-en-el-gp-de-china-ha-dedicado-muchas-horas\/#primaryimage\"},\"thumbnailUrl\":\"https:\/\/lobosnews.com.ar\/wp-content\/uploads\/2026\/03\/los-grandes-elogios-del-director-de-alpine-por-el-compromiso-de-colapinto-en-el-gp-de-china-ha-dedicado-muchas-horas.jpg\",\"keywords\":[\"Deportes\"],\"articleSection\":[\"Argentina\"],\"inLanguage\":\"es\",\"potentialAction\":[{\"@type\":\"CommentAction\",\"name\":\"Comment\",\"target\":[\"https:\/\/lobosnews.com.ar\/index.php\/2026\/03\/14\/los-grandes-elogios-del-director-de-alpine-por-el-compromiso-de-colapinto-en-el-gp-de-china-ha-dedicado-muchas-horas\/#respond\"]}]},{\"@type\":\"WebPage\",\"@id\":\"https:\/\/lobosnews.com.ar\/index.php\/2026\/03\/14\/los-grandes-elogios-del-director-de-alpine-por-el-compromiso-de-colapinto-en-el-gp-de-china-ha-dedicado-muchas-horas\/\",\"url\":\"https:\/\/lobosnews.com.ar\/index.php\/2026\/03\/14\/los-grandes-elogios-del-director-de-alpine-por-el-compromiso-de-colapinto-en-el-gp-de-china-ha-dedicado-muchas-horas\/\",\"name\":\"Los grandes elogios del director de Alpine por el compromiso de Colapinto en el GP de China: \u201cHa dedicado muchas horas\u201d - Lobos News\",\"isPartOf\":{\"@id\":\"https:\/\/lobosnews.com.ar\/#website\"},\"primaryImageOfPage\":{\"@id\":\"https:\/\/lobosnews.com.ar\/index.php\/2026\/03\/14\/los-grandes-elogios-del-director-de-alpine-por-el-compromiso-de-colapinto-en-el-gp-de-china-ha-dedicado-muchas-horas\/#primaryimage\"},\"image\":{\"@id\":\"https:\/\/lobosnews.com.ar\/index.php\/2026\/03\/14\/los-grandes-elogios-del-director-de-alpine-por-el-compromiso-de-colapinto-en-el-gp-de-china-ha-dedicado-muchas-horas\/#primaryimage\"},\"thumbnailUrl\":\"https:\/\/lobosnews.com.ar\/wp-content\/uploads\/2026\/03\/los-grandes-elogios-del-director-de-alpine-por-el-compromiso-de-colapinto-en-el-gp-de-china-ha-dedicado-muchas-horas.jpg\",\"datePublished\":\"2026-03-14T11:42:10+00:00\",\"dateModified\":\"2026-03-14T14:53:05+00:00\",\"breadcrumb\":{\"@id\":\"https:\/\/lobosnews.com.ar\/index.php\/2026\/03\/14\/los-grandes-elogios-del-director-de-alpine-por-el-compromiso-de-colapinto-en-el-gp-de-china-ha-dedicado-muchas-horas\/#breadcrumb\"},\"inLanguage\":\"es\",\"potentialAction\":[{\"@type\":\"ReadAction\",\"target\":[\"https:\/\/lobosnews.com.ar\/index.php\/2026\/03\/14\/los-grandes-elogios-del-director-de-alpine-por-el-compromiso-de-colapinto-en-el-gp-de-china-ha-dedicado-muchas-horas\/\"]}]},{\"@type\":\"ImageObject\",\"inLanguage\":\"es\",\"@id\":\"https:\/\/lobosnews.com.ar\/index.php\/2026\/03\/14\/los-grandes-elogios-del-director-de-alpine-por-el-compromiso-de-colapinto-en-el-gp-de-china-ha-dedicado-muchas-horas\/#primaryimage\",\"url\":\"https:\/\/lobosnews.com.ar\/wp-content\/uploads\/2026\/03\/los-grandes-elogios-del-director-de-alpine-por-el-compromiso-de-colapinto-en-el-gp-de-china-ha-dedicado-muchas-horas.jpg\",\"contentUrl\":\"https:\/\/lobosnews.com.ar\/wp-content\/uploads\/2026\/03\/los-grandes-elogios-del-director-de-alpine-por-el-compromiso-de-colapinto-en-el-gp-de-china-ha-dedicado-muchas-horas.jpg\"},{\"@type\":\"BreadcrumbList\",\"@id\":\"https:\/\/lobosnews.com.ar\/index.php\/2026\/03\/14\/los-grandes-elogios-del-director-de-alpine-por-el-compromiso-de-colapinto-en-el-gp-de-china-ha-dedicado-muchas-horas\/#breadcrumb\",\"itemListElement\":[{\"@type\":\"ListItem\",\"position\":1,\"name\":\"Portada\",\"item\":\"https:\/\/lobosnews.com.ar\/\"},{\"@type\":\"ListItem\",\"position\":2,\"name\":\"Los grandes elogios del director de Alpine por el compromiso de Colapinto en el GP de China: \u201cHa dedicado muchas horas\u201d\"}]},{\"@type\":\"WebSite\",\"@id\":\"https:\/\/lobosnews.com.ar\/#website\",\"url\":\"https:\/\/lobosnews.com.ar\/\",\"name\":\"Lobos News\",\"description\":\"Informaci\u00f3n a cada instante\",\"publisher\":{\"@id\":\"https:\/\/lobosnews.com.ar\/#organization\"},\"potentialAction\":[{\"@type\":\"SearchAction\",\"target\":{\"@type\":\"EntryPoint\",\"urlTemplate\":\"https:\/\/lobosnews.com.ar\/?s={search_term_string}\"},\"query-input\":{\"@type\":\"PropertyValueSpecification\",\"valueRequired\":true,\"valueName\":\"search_term_string\"}}],\"inLanguage\":\"es\"},{\"@type\":\"Organization\",\"@id\":\"https:\/\/lobosnews.com.ar\/#organization\",\"name\":\"Lobos News\",\"url\":\"https:\/\/lobosnews.com.ar\/\",\"logo\":{\"@type\":\"ImageObject\",\"inLanguage\":\"es\",\"@id\":\"https:\/\/lobosnews.com.ar\/#\/schema\/logo\/image\/\",\"url\":\"https:\/\/lobosnews.com.ar\/wp-content\/uploads\/2026\/01\/logo-lobosnews.png\",\"contentUrl\":\"https:\/\/lobosnews.com.ar\/wp-content\/uploads\/2026\/01\/logo-lobosnews.png\",\"width\":500,\"height\":200,\"caption\":\"Lobos News\"},\"image\":{\"@id\":\"https:\/\/lobosnews.com.ar\/#\/schema\/logo\/image\/\"}},{\"@type\":\"Person\",\"@id\":\"https:\/\/lobosnews.com.ar\/#\/schema\/person\/232422a593d5c541dd9aef6aaed10943\",\"name\":\"admin\",\"image\":{\"@type\":\"ImageObject\",\"inLanguage\":\"es\",\"@id\":\"https:\/\/lobosnews.com.ar\/#\/schema\/person\/image\/\",\"url\":\"https:\/\/secure.gravatar.com\/avatar\/76e419471a2083bc3ceab22a763dbbf9b0c1bd15a6214cf3280e2c2dde4580f9?s=96&d=mm&r=g\",\"contentUrl\":\"https:\/\/secure.gravatar.com\/avatar\/76e419471a2083bc3ceab22a763dbbf9b0c1bd15a6214cf3280e2c2dde4580f9?s=96&d=mm&r=g\",\"caption\":\"admin\"},\"sameAs\":[\"https:\/\/lobosnews.com.ar\"],\"url\":\"https:\/\/lobosnews.com.ar\/index.php\/author\/lobos-news\/\"}]}<\/script>\n<!-- \/ Yoast SEO plugin. -->","yoast_head_json":{"title":"Los grandes elogios del director de Alpine por el compromiso de Colapinto en el GP de China: \u201cHa dedicado muchas horas\u201d - Lobos News","robots":{"index":"index","follow":"follow","max-snippet":"max-snippet:-1","max-image-preview":"max-image-preview:large","max-video-preview":"max-video-preview:-1"},"canonical":"https:\/\/lobosnews.com.ar\/index.php\/2026\/03\/14\/los-grandes-elogios-del-director-de-alpine-por-el-compromiso-de-colapinto-en-el-gp-de-china-ha-dedicado-muchas-horas\/","og_locale":"es_ES","og_type":"article","og_title":"Los grandes elogios del director de Alpine por el compromiso de Colapinto en el GP de China: \u201cHa dedicado muchas horas\u201d - Lobos News","og_description":"Franco Colapinto dio un salto en su rendimiento y dej\u00f3 buenas impresiones en el Gran Premio de China. Con un monoplaza de Alpine que tiene algunos defectos t\u00e9cnicos y no tiene las mejoras que est\u00e1n montadas en el A526 de su compa\u00f1ero Pierre Gasly, el argentino qued\u00f3 14\u00b0 en la carrera Sprint y finaliz\u00f3 12\u00b0...","og_url":"https:\/\/lobosnews.com.ar\/index.php\/2026\/03\/14\/los-grandes-elogios-del-director-de-alpine-por-el-compromiso-de-colapinto-en-el-gp-de-china-ha-dedicado-muchas-horas\/","og_site_name":"Lobos News","article_published_time":"2026-03-14T11:42:10+00:00","article_modified_time":"2026-03-14T14:53:05+00:00","og_image":[{"url":"https:\/\/lobosnews.com.ar\/wp-content\/uploads\/2026\/03\/los-grandes-elogios-del-director-de-alpine-por-el-compromiso-de-colapinto-en-el-gp-de-china-ha-dedicado-muchas-horas.jpg","type":"","width":"","height":""}],"author":"admin","twitter_card":"summary_large_image","twitter_misc":{"Escrito por":"admin","Tiempo de lectura":"5 minutos"},"schema":{"@context":"https:\/\/schema.org","@graph":[{"@type":"Article","@id":"https:\/\/lobosnews.com.ar\/index.php\/2026\/03\/14\/los-grandes-elogios-del-director-de-alpine-por-el-compromiso-de-colapinto-en-el-gp-de-china-ha-dedicado-muchas-horas\/#article","isPartOf":{"@id":"https:\/\/lobosnews.com.ar\/index.php\/2026\/03\/14\/los-grandes-elogios-del-director-de-alpine-por-el-compromiso-de-colapinto-en-el-gp-de-china-ha-dedicado-muchas-horas\/"},"author":{"name":"admin","@id":"https:\/\/lobosnews.com.ar\/#\/schema\/person\/232422a593d5c541dd9aef6aaed10943"},"headline":"Los grandes elogios del director de Alpine por el compromiso de Colapinto en el GP de China: \u201cHa dedicado muchas horas\u201d","datePublished":"2026-03-14T11:42:10+00:00","dateModified":"2026-03-14T14:53:05+00:00","mainEntityOfPage":{"@id":"https:\/\/lobosnews.com.ar\/index.php\/2026\/03\/14\/los-grandes-elogios-del-director-de-alpine-por-el-compromiso-de-colapinto-en-el-gp-de-china-ha-dedicado-muchas-horas\/"},"wordCount":1102,"commentCount":0,"publisher":{"@id":"https:\/\/lobosnews.com.ar\/#organization"},"image":{"@id":"https:\/\/lobosnews.com.ar\/index.php\/2026\/03\/14\/los-grandes-elogios-del-director-de-alpine-por-el-compromiso-de-colapinto-en-el-gp-de-china-ha-dedicado-muchas-horas\/#primaryimage"},"thumbnailUrl":"https:\/\/lobosnews.com.ar\/wp-content\/uploads\/2026\/03\/los-grandes-elogios-del-director-de-alpine-por-el-compromiso-de-colapinto-en-el-gp-de-china-ha-dedicado-muchas-horas.jpg","keywords":["Deportes"],"articleSection":["Argentina"],"inLanguage":"es","potentialAction":[{"@type":"CommentAction","name":"Comment","target":["https:\/\/lobosnews.com.ar\/index.php\/2026\/03\/14\/los-grandes-elogios-del-director-de-alpine-por-el-compromiso-de-colapinto-en-el-gp-de-china-ha-dedicado-muchas-horas\/#respond"]}]},{"@type":"WebPage","@id":"https:\/\/lobosnews.com.ar\/index.php\/2026\/03\/14\/los-grandes-elogios-del-director-de-alpine-por-el-compromiso-de-colapinto-en-el-gp-de-china-ha-dedicado-muchas-horas\/","url":"https:\/\/lobosnews.com.ar\/index.php\/2026\/03\/14\/los-grandes-elogios-del-director-de-alpine-por-el-compromiso-de-colapinto-en-el-gp-de-china-ha-dedicado-muchas-horas\/","name":"Los grandes elogios del director de Alpine por el compromiso de Colapinto en el GP de China: \u201cHa dedicado muchas horas\u201d - Lobos News","isPartOf":{"@id":"https:\/\/lobosnews.com.ar\/#website"},"primaryImageOfPage":{"@id":"https:\/\/lobosnews.com.ar\/index.php\/2026\/03\/14\/los-grandes-elogios-del-director-de-alpine-por-el-compromiso-de-colapinto-en-el-gp-de-china-ha-dedicado-muchas-horas\/#primaryimage"},"image":{"@id":"https:\/\/lobosnews.com.ar\/index.php\/2026\/03\/14\/los-grandes-elogios-del-director-de-alpine-por-el-compromiso-de-colapinto-en-el-gp-de-china-ha-dedicado-muchas-horas\/#primaryimage"},"thumbnailUrl":"https:\/\/lobosnews.com.ar\/wp-content\/uploads\/2026\/03\/los-grandes-elogios-del-director-de-alpine-por-el-compromiso-de-colapinto-en-el-gp-de-china-ha-dedicado-muchas-horas.jpg","datePublished":"2026-03-14T11:42:10+00:00","dateModified":"2026-03-14T14:53:05+00:00","breadcrumb":{"@id":"https:\/\/lobosnews.com.ar\/index.php\/2026\/03\/14\/los-grandes-elogios-del-director-de-alpine-por-el-compromiso-de-colapinto-en-el-gp-de-china-ha-dedicado-muchas-horas\/#breadcrumb"},"inLanguage":"es","potentialAction":[{"@type":"ReadAction","target":["https:\/\/lobosnews.com.ar\/index.php\/2026\/03\/14\/los-grandes-elogios-del-director-de-alpine-por-el-compromiso-de-colapinto-en-el-gp-de-china-ha-dedicado-muchas-horas\/"]}]},{"@type":"ImageObject","inLanguage":"es","@id":"https:\/\/lobosnews.com.ar\/index.php\/2026\/03\/14\/los-grandes-elogios-del-director-de-alpine-por-el-compromiso-de-colapinto-en-el-gp-de-china-ha-dedicado-muchas-horas\/#primaryimage","url":"https:\/\/lobosnews.com.ar\/wp-content\/uploads\/2026\/03\/los-grandes-elogios-del-director-de-alpine-por-el-compromiso-de-colapinto-en-el-gp-de-china-ha-dedicado-muchas-horas.jpg","contentUrl":"https:\/\/lobosnews.com.ar\/wp-content\/uploads\/2026\/03\/los-grandes-elogios-del-director-de-alpine-por-el-compromiso-de-colapinto-en-el-gp-de-china-ha-dedicado-muchas-horas.jpg"},{"@type":"BreadcrumbList","@id":"https:\/\/lobosnews.com.ar\/index.php\/2026\/03\/14\/los-grandes-elogios-del-director-de-alpine-por-el-compromiso-de-colapinto-en-el-gp-de-china-ha-dedicado-muchas-horas\/#breadcrumb","itemListElement":[{"@type":"ListItem","position":1,"name":"Portada","item":"https:\/\/lobosnews.com.ar\/"},{"@type":"ListItem","position":2,"name":"Los grandes elogios del director de Alpine por el compromiso de Colapinto en el GP de China: \u201cHa dedicado muchas horas\u201d"}]},{"@type":"WebSite","@id":"https:\/\/lobosnews.com.ar\/#website","url":"https:\/\/lobosnews.com.ar\/","name":"Lobos News","description":"Informaci\u00f3n a cada instante","publisher":{"@id":"https:\/\/lobosnews.com.ar\/#organization"},"potentialAction":[{"@type":"SearchAction","target":{"@type":"EntryPoint","urlTemplate":"https:\/\/lobosnews.com.ar\/?s={search_term_string}"},"query-input":{"@type":"PropertyValueSpecification","valueRequired":true,"valueName":"search_term_string"}}],"inLanguage":"es"},{"@type":"Organization","@id":"https:\/\/lobosnews.com.ar\/#organization","name":"Lobos News","url":"https:\/\/lobosnews.com.ar\/","logo":{"@type":"ImageObject","inLanguage":"es","@id":"https:\/\/lobosnews.com.ar\/#\/schema\/logo\/image\/","url":"https:\/\/lobosnews.com.ar\/wp-content\/uploads\/2026\/01\/logo-lobosnews.png","contentUrl":"https:\/\/lobosnews.com.ar\/wp-content\/uploads\/2026\/01\/logo-lobosnews.png","width":500,"height":200,"caption":"Lobos News"},"image":{"@id":"https:\/\/lobosnews.com.ar\/#\/schema\/logo\/image\/"}},{"@type":"Person","@id":"https:\/\/lobosnews.com.ar\/#\/schema\/person\/232422a593d5c541dd9aef6aaed10943","name":"admin","image":{"@type":"ImageObject","inLanguage":"es","@id":"https:\/\/lobosnews.com.ar\/#\/schema\/person\/image\/","url":"https:\/\/secure.gravatar.com\/avatar\/76e419471a2083bc3ceab22a763dbbf9b0c1bd15a6214cf3280e2c2dde4580f9?s=96&d=mm&r=g","contentUrl":"https:\/\/secure.gravatar.com\/avatar\/76e419471a2083bc3ceab22a763dbbf9b0c1bd15a6214cf3280e2c2dde4580f9?s=96&d=mm&r=g","caption":"admin"},"sameAs":["https:\/\/lobosnews.com.ar"],"url":"https:\/\/lobosnews.com.ar\/index.php\/author\/lobos-news\/"}]}},"jetpack_featured_media_url":"","jetpack_sharing_enabled":true,"_links":{"self":[{"href":"https:\/\/lobosnews.com.ar\/index.php\/wp-json\/wp\/v2\/posts\/33370","targetHints":{"allow":["GET"]}}],"collection":[{"href":"https:\/\/lobosnews.com.ar\/index.php\/wp-json\/wp\/v2\/posts"}],"about":[{"href":"https:\/\/lobosnews.com.ar\/index.php\/wp-json\/wp\/v2\/types\/post"}],"author":[{"embeddable":true,"href":"https:\/\/lobosnews.com.ar\/index.php\/wp-json\/wp\/v2\/users\/1"}],"replies":[{"embeddable":true,"href":"https:\/\/lobosnews.com.ar\/index.php\/wp-json\/wp\/v2\/comments?post=33370"}],"version-history":[{"count":1,"href":"https:\/\/lobosnews.com.ar\/index.php\/wp-json\/wp\/v2\/posts\/33370\/revisions"}],"predecessor-version":[{"id":33373,"href":"https:\/\/lobosnews.com.ar\/index.php\/wp-json\/wp\/v2\/posts\/33370\/revisions\/33373"}],"wp:attachment":[{"href":"https:\/\/lobosnews.com.ar\/index.php\/wp-json\/wp\/v2\/media?parent=33370"}],"wp:term":[{"taxonomy":"category","embeddable":true,"href":"https:\/\/lobosnews.com.ar\/index.php\/wp-json\/wp\/v2\/categories?post=33370"},{"taxonomy":"post_tag","embeddable":true,"href":"https:\/\/lobosnews.com.ar\/index.php\/wp-json\/wp\/v2\/tags?post=33370"}],"curies":[{"name":"wp","href":"https:\/\/api.w.org\/{rel}","templated":true}]}}