{"id":33339,"date":"2026-03-14T11:28:10","date_gmt":"2026-03-14T11:28:10","guid":{"rendered":"https:\/\/lobosnews.com.ar\/index.php\/2026\/03\/14\/calor-en-el-amba-y-alertas-por-tormentas-lluvias-y-viento-en-distintas-regiones-del-pais\/"},"modified":"2026-03-14T12:36:51","modified_gmt":"2026-03-14T12:36:51","slug":"calor-en-el-amba-y-alertas-por-tormentas-lluvias-y-viento-en-distintas-regiones-del-pais","status":"publish","type":"post","link":"https:\/\/lobosnews.com.ar\/index.php\/2026\/03\/14\/calor-en-el-amba-y-alertas-por-tormentas-lluvias-y-viento-en-distintas-regiones-del-pais\/","title":{"rendered":"Calor en el AMBA y alertas por tormentas, lluvias y viento en distintas regiones del pa\u00eds"},"content":{"rendered":"<p><img fetchpriority=\"high\" decoding=\"async\" src=\"https:\/\/lobosnews.com.ar\/wp-content\/uploads\/2026\/03\/calor-en-el-amba-y-alertas-por-tormentas-lluvias-y-viento-en-distintas-regiones-del-pais.jpg\" alt=\"El domingo se alcanzar\u00e1n los 32 grados (Grosby)\" height=\"3744\" width=\"5616\"\/><\/p>\n<p>El <b>Servicio Meteorol\u00f3gico Nacional<\/b> (SMN) anticipa un fin de semana agradable, con temperaturas elevadas y sin probabilidad de lluvias en la <b>Ciudad de Buenos Aires <\/b>(CABA). Ma\u00f1ana, incluso, el term\u00f3metro alcanzar\u00e1 los 32 grados, en una jornada que se perfila como la m\u00e1s calurosa del fin de semana.<\/p>\n<p>Este s\u00e1bado, las temperaturas oscilar\u00e1n entre los 20 y los 27 grados. Sin lluvias previstas, el cielo se presentar\u00e1 entre parcialmente, algo y mayormente nublado a lo largo del d\u00eda, aunque con momentos de mayor presencia de sol. <\/p>\n<p>El domingo, en tanto, tendr\u00e1 una <b>m\u00ednima de 21 grados y una m\u00e1xima que llegar\u00e1 a los 32<\/b>. Las condiciones clim\u00e1ticas se mantendr\u00e1n similares a las del s\u00e1bado: cielo con nubosidad variable y sin precipitaciones en el pron\u00f3stico. <\/p>\n<p>De cara a la pr\u00f3xima semana, el calor continuar\u00e1 presente. Para el lunes se prev\u00e9 un ascenso en la temperatura m\u00ednima, que llegar\u00e1 a los 23 grados, mientras que la m\u00e1xima se mantendr\u00e1 en valores similares a los del domingo. No obstante, el pron\u00f3stico indica una leve probabilidad de lluvias, estimada entre un 0 y un 10 por ciento a lo largo del d\u00eda. <\/p>\n<p>En paralelo, tambi\u00e9n se esperan vientos moderados, con velocidades que oscilar\u00e1n entre los 23 y los 31 kil\u00f3metros por hora. Durante la tarde podr\u00edan registrarse r\u00e1fagas m\u00e1s intensas, que alcanzar\u00edan hasta los 50 kil\u00f3metros por hora en algunos sectores. <\/p>\n<p>El martes llegar\u00e1 un cambio en las condiciones del tiempo con un leve descenso t\u00e9rmico. Los valores se ubicar\u00e1n entre los 24 y los 28 grados. Si bien la probabilidad de lluvias se mantendr\u00e1 baja durante la ma\u00f1ana, hacia la tarde se prev\u00e9 la llegada de <b>tormentas<\/b> que podr\u00edan estar acompa\u00f1adas por vientos cercanos a los 40 kil\u00f3metros por hora y r\u00e1fagas que alcanzar\u00edan hasta los 59 km\/h.<\/p>\n<p>Este cambio traer\u00e1 consigo un importante alivio t\u00e9rmico tras varios d\u00edas de calor. Para el mi\u00e9rcoles se espera una jornada m\u00e1s fresca, con temperaturas que oscilar\u00e1n entre los 16 y los 25 grados. El cielo estar\u00e1 parcialmente nublado durante buena parte del d\u00eda, aunque sin precipitaciones previstas. <\/p>\n<p>El jueves continuar\u00e1 con condiciones similares, con nubosidad variable y temperaturas que se mover\u00e1n entre los 15 y los 24 grados. <\/p>\n<p>El \u00faltimo d\u00eda del pron\u00f3stico extendido es el viernes. Para esa jornada se prev\u00e9 un cielo parcialmente nublado, sin probabilidad de lluvias y con temperaturas que se ubicar\u00e1n entre los 20 y los 24 grados. As\u00ed, la semana cerrar\u00e1 con un clima moderado y sin fen\u00f3menos meteorol\u00f3gicos. <\/p>\n<p><img loading=\"lazy\" decoding=\"async\" src=\"https:\/\/lobosnews.com.ar\/wp-content\/uploads\/2026\/03\/calor-en-el-amba-y-alertas-por-tormentas-lluvias-y-viento-en-distintas-regiones-del-pais.png\" alt=\"Las provincias en alerta este s\u00e1bado.\" height=\"800\" width=\"472\"\/><\/p>\n<p>Este s\u00e1bado, adem\u00e1s, rigen diversas <b>alertas <\/b>meteorol\u00f3gicas por vientos, lluvias y tormentas en amplias regiones del pa\u00eds, seg\u00fan inform\u00f3 el organismo meteorol\u00f3gico. La zona afectada por el fen\u00f3meno del<b> Zonda<\/b> es el departamento de Malarg\u00fce, en la provincia de <b>Mendoza. <\/b><\/p>\n<p>En paralelo, las alertas por fuertes <b>vientos<\/b> se extienden a lo largo de la Patagonia, desde <b>Neuqu\u00e9n <\/b>hasta <b>Tierra del Fuego<\/b>, incluyendo tambi\u00e9n a <b>R\u00edo Negro, Chubut y Santa Cruz.<\/b><\/p>\n<p>Por otra parte, las advertencias por<b> lluvias<\/b> abarcan sectores de <b>Neuqu\u00e9n, R\u00edo Negro, Chubut y Tierra del Fuego<\/b>. Sin embargo, el \u00e1rea m\u00e1s comprometida comprende Cushamen, San Carlos de Bariloche, la Cordillera de Pilcaniyeu, la Cordillera de \u00d1orquinc\u00f3 y Los Lagos, donde rige alerta de nivel naranja. <\/p>\n<p>All\u00ed se prev\u00e9n lluvias fuertes y persistentes, con valores de precipitaci\u00f3n acumulada que podr\u00edan ubicarse entre 50 y 80 mil\u00edmetros. <\/p>\n<p>En las zonas bajo alerta amarilla se esperan precipitaciones acumuladas de entre 15 y 30 mil\u00edmetros, con la posibilidad de superar esos valores de forma localizada. En el caso particular de Tierra del Fuego, se estiman acumulados de entre 20 y 40 mil\u00edmetros, que tambi\u00e9n podr\u00edan ser mayores en determinados sectores.<\/p>\n<p>En tanto, el alerta amarillo por <b>tormentas<\/b> alcanza a varias provincias del norte y el centro del pa\u00eds, entre ellas <b>Salta, Jujuy, Tucum\u00e1n, Santiago del Estero, C\u00f3rdoba, Santa Fe, San Luis y Catamarca.<\/b><\/p>\n<p>De acuerdo con el organismo, las tormentas podr\u00edan estar acompa\u00f1adas por lluvias intensas en cortos per\u00edodos, frecuente actividad el\u00e9ctrica, ocasional ca\u00edda de granizo y r\u00e1fagas de viento que podr\u00edan superar los 70 kil\u00f3metros por hora. En cuanto a las precipitaciones, se prev\u00e9n valores acumulados de entre 25 y 50 mil\u00edmetros. <\/p>\n","protected":false},"excerpt":{"rendered":"<p>El Servicio Meteorol\u00f3gico Nacional (SMN) anticipa un fin de semana agradable, con temperaturas elevadas y sin probabilidad de lluvias en la Ciudad de Buenos Aires (CABA). Ma\u00f1ana, incluso, el term\u00f3metro alcanzar\u00e1 los 32 grados, en una jornada que se perfila como la m\u00e1s calurosa del fin de semana. Este s\u00e1bado, las temperaturas oscilar\u00e1n entre los&#8230;<\/p>\n","protected":false},"author":1,"featured_media":33343,"comment_status":"open","ping_status":"closed","sticky":false,"template":"","format":"standard","meta":{"_jetpack_memberships_contains_paid_content":false,"footnotes":""},"categories":[31,30,32,77,84,35,36,37],"tags":[],"class_list":["post-33339","post","type-post","status-publish","format-standard","has-post-thumbnail","hentry","category-actualidad","category-argentina","category-economia","category-inseguridad","category-masradios-com","category-nacionales","category-seguridad","category-sociedad"],"magazineBlocksPostFeaturedMedia":{"thumbnail":"https:\/\/lobosnews.com.ar\/wp-content\/uploads\/2026\/03\/calor-en-el-amba-y-alertas-por-tormentas-lluvias-y-viento-en-distintas-regiones-del-pais-150x150.png","medium":"https:\/\/lobosnews.com.ar\/wp-content\/uploads\/2026\/03\/calor-en-el-amba-y-alertas-por-tormentas-lluvias-y-viento-en-distintas-regiones-del-pais-177x300.png","medium_large":"https:\/\/lobosnews.com.ar\/wp-content\/uploads\/2026\/03\/calor-en-el-amba-y-alertas-por-tormentas-lluvias-y-viento-en-distintas-regiones-del-pais.png","large":"https:\/\/lobosnews.com.ar\/wp-content\/uploads\/2026\/03\/calor-en-el-amba-y-alertas-por-tormentas-lluvias-y-viento-en-distintas-regiones-del-pais.png","1536x1536":"https:\/\/lobosnews.com.ar\/wp-content\/uploads\/2026\/03\/calor-en-el-amba-y-alertas-por-tormentas-lluvias-y-viento-en-distintas-regiones-del-pais.png","2048x2048":"https:\/\/lobosnews.com.ar\/wp-content\/uploads\/2026\/03\/calor-en-el-amba-y-alertas-por-tormentas-lluvias-y-viento-en-distintas-regiones-del-pais.png","newsmatic-featured":"https:\/\/lobosnews.com.ar\/wp-content\/uploads\/2026\/03\/calor-en-el-amba-y-alertas-por-tormentas-lluvias-y-viento-en-distintas-regiones-del-pais-472x545.png","newsmatic-list":"https:\/\/lobosnews.com.ar\/wp-content\/uploads\/2026\/03\/calor-en-el-amba-y-alertas-por-tormentas-lluvias-y-viento-en-distintas-regiones-del-pais-472x400.png","newsmatic-thumb":"https:\/\/lobosnews.com.ar\/wp-content\/uploads\/2026\/03\/calor-en-el-amba-y-alertas-por-tormentas-lluvias-y-viento-en-distintas-regiones-del-pais-300x200.png","newsmatic-small":"https:\/\/lobosnews.com.ar\/wp-content\/uploads\/2026\/03\/calor-en-el-amba-y-alertas-por-tormentas-lluvias-y-viento-en-distintas-regiones-del-pais-150x95.png","newsmatic-grid":"https:\/\/lobosnews.com.ar\/wp-content\/uploads\/2026\/03\/calor-en-el-amba-y-alertas-por-tormentas-lluvias-y-viento-en-distintas-regiones-del-pais-400x250.png"},"magazineBlocksPostAuthor":{"name":"admin","avatar":"https:\/\/secure.gravatar.com\/avatar\/76e419471a2083bc3ceab22a763dbbf9b0c1bd15a6214cf3280e2c2dde4580f9?s=96&d=mm&r=g"},"magazineBlocksPostCommentsNumber":"0","magazineBlocksPostExcerpt":"El Servicio Meteorol\u00f3gico Nacional (SMN) anticipa un fin de semana agradable, con temperaturas elevadas y sin probabilidad de lluvias en la Ciudad de Buenos Aires (CABA). Ma\u00f1ana, incluso, el term\u00f3metro alcanzar\u00e1 los 32 grados, en una jornada que se perfila como la m\u00e1s calurosa del fin de semana. Este s\u00e1bado, las temperaturas oscilar\u00e1n entre los...","magazineBlocksPostCategories":["Actualidad","Argentina","econom\u00eda","inseguridad","masradios.com","nacionales","seguridad","sociedad"],"magazineBlocksPostViewCount":116,"magazineBlocksPostReadTime":4,"magazine_blocks_featured_image_url":{"full":["https:\/\/lobosnews.com.ar\/wp-content\/uploads\/2026\/03\/calor-en-el-amba-y-alertas-por-tormentas-lluvias-y-viento-en-distintas-regiones-del-pais.png",472,800,false],"medium":["https:\/\/lobosnews.com.ar\/wp-content\/uploads\/2026\/03\/calor-en-el-amba-y-alertas-por-tormentas-lluvias-y-viento-en-distintas-regiones-del-pais-177x300.png",177,300,true],"thumbnail":["https:\/\/lobosnews.com.ar\/wp-content\/uploads\/2026\/03\/calor-en-el-amba-y-alertas-por-tormentas-lluvias-y-viento-en-distintas-regiones-del-pais-150x150.png",150,150,true]},"magazine_blocks_author":{"display_name":"admin","author_link":"https:\/\/lobosnews.com.ar\/index.php\/author\/lobos-news\/"},"magazine_blocks_comment":0,"magazine_blocks_author_image":"https:\/\/secure.gravatar.com\/avatar\/76e419471a2083bc3ceab22a763dbbf9b0c1bd15a6214cf3280e2c2dde4580f9?s=96&d=mm&r=g","magazine_blocks_category":"<a href=\"#\" class=\"category-link category-link-31\">Actualidad<\/a> <a href=\"#\" class=\"category-link category-link-30\">Argentina<\/a> <a href=\"#\" class=\"category-link category-link-32\">econom\u00eda<\/a> <a href=\"#\" class=\"category-link category-link-77\">inseguridad<\/a> <a href=\"#\" class=\"category-link category-link-84\">masradios.com<\/a> <a href=\"#\" class=\"category-link category-link-35\">nacionales<\/a> <a href=\"#\" class=\"category-link category-link-36\">seguridad<\/a> <a href=\"#\" class=\"category-link category-link-37\">sociedad<\/a>","yoast_head":"<!-- This site is optimized with the Yoast SEO plugin v26.6 - https:\/\/yoast.com\/wordpress\/plugins\/seo\/ -->\n<title>Calor en el AMBA y alertas por tormentas, lluvias y viento en distintas regiones del pa\u00eds - Lobos News<\/title>\n<meta name=\"robots\" content=\"index, follow, max-snippet:-1, max-image-preview:large, max-video-preview:-1\" \/>\n<link rel=\"canonical\" href=\"https:\/\/lobosnews.com.ar\/index.php\/2026\/03\/14\/calor-en-el-amba-y-alertas-por-tormentas-lluvias-y-viento-en-distintas-regiones-del-pais\/\" \/>\n<meta property=\"og:locale\" content=\"es_ES\" \/>\n<meta property=\"og:type\" content=\"article\" \/>\n<meta property=\"og:title\" content=\"Calor en el AMBA y alertas por tormentas, lluvias y viento en distintas regiones del pa\u00eds - Lobos News\" \/>\n<meta property=\"og:description\" content=\"El Servicio Meteorol\u00f3gico Nacional (SMN) anticipa un fin de semana agradable, con temperaturas elevadas y sin probabilidad de lluvias en la Ciudad de Buenos Aires (CABA). Ma\u00f1ana, incluso, el term\u00f3metro alcanzar\u00e1 los 32 grados, en una jornada que se perfila como la m\u00e1s calurosa del fin de semana. Este s\u00e1bado, las temperaturas oscilar\u00e1n entre los...\" \/>\n<meta property=\"og:url\" content=\"https:\/\/lobosnews.com.ar\/index.php\/2026\/03\/14\/calor-en-el-amba-y-alertas-por-tormentas-lluvias-y-viento-en-distintas-regiones-del-pais\/\" \/>\n<meta property=\"og:site_name\" content=\"Lobos News\" \/>\n<meta property=\"article:published_time\" content=\"2026-03-14T11:28:10+00:00\" \/>\n<meta property=\"article:modified_time\" content=\"2026-03-14T12:36:51+00:00\" \/>\n<meta property=\"og:image\" content=\"https:\/\/lobosnews.com.ar\/wp-content\/uploads\/2026\/03\/calor-en-el-amba-y-alertas-por-tormentas-lluvias-y-viento-en-distintas-regiones-del-pais.jpg\" \/>\n<meta name=\"author\" content=\"admin\" \/>\n<meta name=\"twitter:card\" content=\"summary_large_image\" \/>\n<meta name=\"twitter:label1\" content=\"Escrito por\" \/>\n\t<meta name=\"twitter:data1\" content=\"admin\" \/>\n\t<meta name=\"twitter:label2\" content=\"Tiempo de lectura\" \/>\n\t<meta name=\"twitter:data2\" content=\"4 minutos\" \/>\n<script type=\"application\/ld+json\" class=\"yoast-schema-graph\">{\"@context\":\"https:\/\/schema.org\",\"@graph\":[{\"@type\":\"Article\",\"@id\":\"https:\/\/lobosnews.com.ar\/index.php\/2026\/03\/14\/calor-en-el-amba-y-alertas-por-tormentas-lluvias-y-viento-en-distintas-regiones-del-pais\/#article\",\"isPartOf\":{\"@id\":\"https:\/\/lobosnews.com.ar\/index.php\/2026\/03\/14\/calor-en-el-amba-y-alertas-por-tormentas-lluvias-y-viento-en-distintas-regiones-del-pais\/\"},\"author\":{\"name\":\"admin\",\"@id\":\"https:\/\/lobosnews.com.ar\/#\/schema\/person\/232422a593d5c541dd9aef6aaed10943\"},\"headline\":\"Calor en el AMBA y alertas por tormentas, lluvias y viento en distintas regiones del pa\u00eds\",\"datePublished\":\"2026-03-14T11:28:10+00:00\",\"dateModified\":\"2026-03-14T12:36:51+00:00\",\"mainEntityOfPage\":{\"@id\":\"https:\/\/lobosnews.com.ar\/index.php\/2026\/03\/14\/calor-en-el-amba-y-alertas-por-tormentas-lluvias-y-viento-en-distintas-regiones-del-pais\/\"},\"wordCount\":750,\"commentCount\":0,\"publisher\":{\"@id\":\"https:\/\/lobosnews.com.ar\/#organization\"},\"image\":{\"@id\":\"https:\/\/lobosnews.com.ar\/index.php\/2026\/03\/14\/calor-en-el-amba-y-alertas-por-tormentas-lluvias-y-viento-en-distintas-regiones-del-pais\/#primaryimage\"},\"thumbnailUrl\":\"https:\/\/lobosnews.com.ar\/wp-content\/uploads\/2026\/03\/calor-en-el-amba-y-alertas-por-tormentas-lluvias-y-viento-en-distintas-regiones-del-pais.png\",\"articleSection\":[\"Actualidad\",\"Argentina\",\"econom\u00eda\",\"inseguridad\",\"masradios.com\",\"nacionales\",\"seguridad\",\"sociedad\"],\"inLanguage\":\"es\",\"potentialAction\":[{\"@type\":\"CommentAction\",\"name\":\"Comment\",\"target\":[\"https:\/\/lobosnews.com.ar\/index.php\/2026\/03\/14\/calor-en-el-amba-y-alertas-por-tormentas-lluvias-y-viento-en-distintas-regiones-del-pais\/#respond\"]}]},{\"@type\":\"WebPage\",\"@id\":\"https:\/\/lobosnews.com.ar\/index.php\/2026\/03\/14\/calor-en-el-amba-y-alertas-por-tormentas-lluvias-y-viento-en-distintas-regiones-del-pais\/\",\"url\":\"https:\/\/lobosnews.com.ar\/index.php\/2026\/03\/14\/calor-en-el-amba-y-alertas-por-tormentas-lluvias-y-viento-en-distintas-regiones-del-pais\/\",\"name\":\"Calor en el AMBA y alertas por tormentas, lluvias y viento en distintas regiones del pa\u00eds - Lobos News\",\"isPartOf\":{\"@id\":\"https:\/\/lobosnews.com.ar\/#website\"},\"primaryImageOfPage\":{\"@id\":\"https:\/\/lobosnews.com.ar\/index.php\/2026\/03\/14\/calor-en-el-amba-y-alertas-por-tormentas-lluvias-y-viento-en-distintas-regiones-del-pais\/#primaryimage\"},\"image\":{\"@id\":\"https:\/\/lobosnews.com.ar\/index.php\/2026\/03\/14\/calor-en-el-amba-y-alertas-por-tormentas-lluvias-y-viento-en-distintas-regiones-del-pais\/#primaryimage\"},\"thumbnailUrl\":\"https:\/\/lobosnews.com.ar\/wp-content\/uploads\/2026\/03\/calor-en-el-amba-y-alertas-por-tormentas-lluvias-y-viento-en-distintas-regiones-del-pais.png\",\"datePublished\":\"2026-03-14T11:28:10+00:00\",\"dateModified\":\"2026-03-14T12:36:51+00:00\",\"breadcrumb\":{\"@id\":\"https:\/\/lobosnews.com.ar\/index.php\/2026\/03\/14\/calor-en-el-amba-y-alertas-por-tormentas-lluvias-y-viento-en-distintas-regiones-del-pais\/#breadcrumb\"},\"inLanguage\":\"es\",\"potentialAction\":[{\"@type\":\"ReadAction\",\"target\":[\"https:\/\/lobosnews.com.ar\/index.php\/2026\/03\/14\/calor-en-el-amba-y-alertas-por-tormentas-lluvias-y-viento-en-distintas-regiones-del-pais\/\"]}]},{\"@type\":\"ImageObject\",\"inLanguage\":\"es\",\"@id\":\"https:\/\/lobosnews.com.ar\/index.php\/2026\/03\/14\/calor-en-el-amba-y-alertas-por-tormentas-lluvias-y-viento-en-distintas-regiones-del-pais\/#primaryimage\",\"url\":\"https:\/\/lobosnews.com.ar\/wp-content\/uploads\/2026\/03\/calor-en-el-amba-y-alertas-por-tormentas-lluvias-y-viento-en-distintas-regiones-del-pais.png\",\"contentUrl\":\"https:\/\/lobosnews.com.ar\/wp-content\/uploads\/2026\/03\/calor-en-el-amba-y-alertas-por-tormentas-lluvias-y-viento-en-distintas-regiones-del-pais.png\",\"width\":472,\"height\":800,\"caption\":\"Calor en el AMBA y alertas por tormentas, lluvias y viento en distintas regiones del pa\u00eds\"},{\"@type\":\"BreadcrumbList\",\"@id\":\"https:\/\/lobosnews.com.ar\/index.php\/2026\/03\/14\/calor-en-el-amba-y-alertas-por-tormentas-lluvias-y-viento-en-distintas-regiones-del-pais\/#breadcrumb\",\"itemListElement\":[{\"@type\":\"ListItem\",\"position\":1,\"name\":\"Portada\",\"item\":\"https:\/\/lobosnews.com.ar\/\"},{\"@type\":\"ListItem\",\"position\":2,\"name\":\"Calor en el AMBA y alertas por tormentas, lluvias y viento en distintas regiones del pa\u00eds\"}]},{\"@type\":\"WebSite\",\"@id\":\"https:\/\/lobosnews.com.ar\/#website\",\"url\":\"https:\/\/lobosnews.com.ar\/\",\"name\":\"Lobos News\",\"description\":\"Informaci\u00f3n a cada instante\",\"publisher\":{\"@id\":\"https:\/\/lobosnews.com.ar\/#organization\"},\"potentialAction\":[{\"@type\":\"SearchAction\",\"target\":{\"@type\":\"EntryPoint\",\"urlTemplate\":\"https:\/\/lobosnews.com.ar\/?s={search_term_string}\"},\"query-input\":{\"@type\":\"PropertyValueSpecification\",\"valueRequired\":true,\"valueName\":\"search_term_string\"}}],\"inLanguage\":\"es\"},{\"@type\":\"Organization\",\"@id\":\"https:\/\/lobosnews.com.ar\/#organization\",\"name\":\"Lobos News\",\"url\":\"https:\/\/lobosnews.com.ar\/\",\"logo\":{\"@type\":\"ImageObject\",\"inLanguage\":\"es\",\"@id\":\"https:\/\/lobosnews.com.ar\/#\/schema\/logo\/image\/\",\"url\":\"https:\/\/lobosnews.com.ar\/wp-content\/uploads\/2026\/01\/logo-lobosnews.png\",\"contentUrl\":\"https:\/\/lobosnews.com.ar\/wp-content\/uploads\/2026\/01\/logo-lobosnews.png\",\"width\":500,\"height\":200,\"caption\":\"Lobos News\"},\"image\":{\"@id\":\"https:\/\/lobosnews.com.ar\/#\/schema\/logo\/image\/\"}},{\"@type\":\"Person\",\"@id\":\"https:\/\/lobosnews.com.ar\/#\/schema\/person\/232422a593d5c541dd9aef6aaed10943\",\"name\":\"admin\",\"image\":{\"@type\":\"ImageObject\",\"inLanguage\":\"es\",\"@id\":\"https:\/\/lobosnews.com.ar\/#\/schema\/person\/image\/\",\"url\":\"https:\/\/secure.gravatar.com\/avatar\/76e419471a2083bc3ceab22a763dbbf9b0c1bd15a6214cf3280e2c2dde4580f9?s=96&d=mm&r=g\",\"contentUrl\":\"https:\/\/secure.gravatar.com\/avatar\/76e419471a2083bc3ceab22a763dbbf9b0c1bd15a6214cf3280e2c2dde4580f9?s=96&d=mm&r=g\",\"caption\":\"admin\"},\"sameAs\":[\"https:\/\/lobosnews.com.ar\"],\"url\":\"https:\/\/lobosnews.com.ar\/index.php\/author\/lobos-news\/\"}]}<\/script>\n<!-- \/ Yoast SEO plugin. -->","yoast_head_json":{"title":"Calor en el AMBA y alertas por tormentas, lluvias y viento en distintas regiones del pa\u00eds - Lobos News","robots":{"index":"index","follow":"follow","max-snippet":"max-snippet:-1","max-image-preview":"max-image-preview:large","max-video-preview":"max-video-preview:-1"},"canonical":"https:\/\/lobosnews.com.ar\/index.php\/2026\/03\/14\/calor-en-el-amba-y-alertas-por-tormentas-lluvias-y-viento-en-distintas-regiones-del-pais\/","og_locale":"es_ES","og_type":"article","og_title":"Calor en el AMBA y alertas por tormentas, lluvias y viento en distintas regiones del pa\u00eds - Lobos News","og_description":"El Servicio Meteorol\u00f3gico Nacional (SMN) anticipa un fin de semana agradable, con temperaturas elevadas y sin probabilidad de lluvias en la Ciudad de Buenos Aires (CABA). Ma\u00f1ana, incluso, el term\u00f3metro alcanzar\u00e1 los 32 grados, en una jornada que se perfila como la m\u00e1s calurosa del fin de semana. Este s\u00e1bado, las temperaturas oscilar\u00e1n entre los...","og_url":"https:\/\/lobosnews.com.ar\/index.php\/2026\/03\/14\/calor-en-el-amba-y-alertas-por-tormentas-lluvias-y-viento-en-distintas-regiones-del-pais\/","og_site_name":"Lobos News","article_published_time":"2026-03-14T11:28:10+00:00","article_modified_time":"2026-03-14T12:36:51+00:00","og_image":[{"url":"https:\/\/lobosnews.com.ar\/wp-content\/uploads\/2026\/03\/calor-en-el-amba-y-alertas-por-tormentas-lluvias-y-viento-en-distintas-regiones-del-pais.jpg","type":"","width":"","height":""}],"author":"admin","twitter_card":"summary_large_image","twitter_misc":{"Escrito por":"admin","Tiempo de lectura":"4 minutos"},"schema":{"@context":"https:\/\/schema.org","@graph":[{"@type":"Article","@id":"https:\/\/lobosnews.com.ar\/index.php\/2026\/03\/14\/calor-en-el-amba-y-alertas-por-tormentas-lluvias-y-viento-en-distintas-regiones-del-pais\/#article","isPartOf":{"@id":"https:\/\/lobosnews.com.ar\/index.php\/2026\/03\/14\/calor-en-el-amba-y-alertas-por-tormentas-lluvias-y-viento-en-distintas-regiones-del-pais\/"},"author":{"name":"admin","@id":"https:\/\/lobosnews.com.ar\/#\/schema\/person\/232422a593d5c541dd9aef6aaed10943"},"headline":"Calor en el AMBA y alertas por tormentas, lluvias y viento en distintas regiones del pa\u00eds","datePublished":"2026-03-14T11:28:10+00:00","dateModified":"2026-03-14T12:36:51+00:00","mainEntityOfPage":{"@id":"https:\/\/lobosnews.com.ar\/index.php\/2026\/03\/14\/calor-en-el-amba-y-alertas-por-tormentas-lluvias-y-viento-en-distintas-regiones-del-pais\/"},"wordCount":750,"commentCount":0,"publisher":{"@id":"https:\/\/lobosnews.com.ar\/#organization"},"image":{"@id":"https:\/\/lobosnews.com.ar\/index.php\/2026\/03\/14\/calor-en-el-amba-y-alertas-por-tormentas-lluvias-y-viento-en-distintas-regiones-del-pais\/#primaryimage"},"thumbnailUrl":"https:\/\/lobosnews.com.ar\/wp-content\/uploads\/2026\/03\/calor-en-el-amba-y-alertas-por-tormentas-lluvias-y-viento-en-distintas-regiones-del-pais.png","articleSection":["Actualidad","Argentina","econom\u00eda","inseguridad","masradios.com","nacionales","seguridad","sociedad"],"inLanguage":"es","potentialAction":[{"@type":"CommentAction","name":"Comment","target":["https:\/\/lobosnews.com.ar\/index.php\/2026\/03\/14\/calor-en-el-amba-y-alertas-por-tormentas-lluvias-y-viento-en-distintas-regiones-del-pais\/#respond"]}]},{"@type":"WebPage","@id":"https:\/\/lobosnews.com.ar\/index.php\/2026\/03\/14\/calor-en-el-amba-y-alertas-por-tormentas-lluvias-y-viento-en-distintas-regiones-del-pais\/","url":"https:\/\/lobosnews.com.ar\/index.php\/2026\/03\/14\/calor-en-el-amba-y-alertas-por-tormentas-lluvias-y-viento-en-distintas-regiones-del-pais\/","name":"Calor en el AMBA y alertas por tormentas, lluvias y viento en distintas regiones del pa\u00eds - Lobos News","isPartOf":{"@id":"https:\/\/lobosnews.com.ar\/#website"},"primaryImageOfPage":{"@id":"https:\/\/lobosnews.com.ar\/index.php\/2026\/03\/14\/calor-en-el-amba-y-alertas-por-tormentas-lluvias-y-viento-en-distintas-regiones-del-pais\/#primaryimage"},"image":{"@id":"https:\/\/lobosnews.com.ar\/index.php\/2026\/03\/14\/calor-en-el-amba-y-alertas-por-tormentas-lluvias-y-viento-en-distintas-regiones-del-pais\/#primaryimage"},"thumbnailUrl":"https:\/\/lobosnews.com.ar\/wp-content\/uploads\/2026\/03\/calor-en-el-amba-y-alertas-por-tormentas-lluvias-y-viento-en-distintas-regiones-del-pais.png","datePublished":"2026-03-14T11:28:10+00:00","dateModified":"2026-03-14T12:36:51+00:00","breadcrumb":{"@id":"https:\/\/lobosnews.com.ar\/index.php\/2026\/03\/14\/calor-en-el-amba-y-alertas-por-tormentas-lluvias-y-viento-en-distintas-regiones-del-pais\/#breadcrumb"},"inLanguage":"es","potentialAction":[{"@type":"ReadAction","target":["https:\/\/lobosnews.com.ar\/index.php\/2026\/03\/14\/calor-en-el-amba-y-alertas-por-tormentas-lluvias-y-viento-en-distintas-regiones-del-pais\/"]}]},{"@type":"ImageObject","inLanguage":"es","@id":"https:\/\/lobosnews.com.ar\/index.php\/2026\/03\/14\/calor-en-el-amba-y-alertas-por-tormentas-lluvias-y-viento-en-distintas-regiones-del-pais\/#primaryimage","url":"https:\/\/lobosnews.com.ar\/wp-content\/uploads\/2026\/03\/calor-en-el-amba-y-alertas-por-tormentas-lluvias-y-viento-en-distintas-regiones-del-pais.png","contentUrl":"https:\/\/lobosnews.com.ar\/wp-content\/uploads\/2026\/03\/calor-en-el-amba-y-alertas-por-tormentas-lluvias-y-viento-en-distintas-regiones-del-pais.png","width":472,"height":800,"caption":"Calor en el AMBA y alertas por tormentas, lluvias y viento en distintas regiones del pa\u00eds"},{"@type":"BreadcrumbList","@id":"https:\/\/lobosnews.com.ar\/index.php\/2026\/03\/14\/calor-en-el-amba-y-alertas-por-tormentas-lluvias-y-viento-en-distintas-regiones-del-pais\/#breadcrumb","itemListElement":[{"@type":"ListItem","position":1,"name":"Portada","item":"https:\/\/lobosnews.com.ar\/"},{"@type":"ListItem","position":2,"name":"Calor en el AMBA y alertas por tormentas, lluvias y viento en distintas regiones del pa\u00eds"}]},{"@type":"WebSite","@id":"https:\/\/lobosnews.com.ar\/#website","url":"https:\/\/lobosnews.com.ar\/","name":"Lobos News","description":"Informaci\u00f3n a cada instante","publisher":{"@id":"https:\/\/lobosnews.com.ar\/#organization"},"potentialAction":[{"@type":"SearchAction","target":{"@type":"EntryPoint","urlTemplate":"https:\/\/lobosnews.com.ar\/?s={search_term_string}"},"query-input":{"@type":"PropertyValueSpecification","valueRequired":true,"valueName":"search_term_string"}}],"inLanguage":"es"},{"@type":"Organization","@id":"https:\/\/lobosnews.com.ar\/#organization","name":"Lobos News","url":"https:\/\/lobosnews.com.ar\/","logo":{"@type":"ImageObject","inLanguage":"es","@id":"https:\/\/lobosnews.com.ar\/#\/schema\/logo\/image\/","url":"https:\/\/lobosnews.com.ar\/wp-content\/uploads\/2026\/01\/logo-lobosnews.png","contentUrl":"https:\/\/lobosnews.com.ar\/wp-content\/uploads\/2026\/01\/logo-lobosnews.png","width":500,"height":200,"caption":"Lobos News"},"image":{"@id":"https:\/\/lobosnews.com.ar\/#\/schema\/logo\/image\/"}},{"@type":"Person","@id":"https:\/\/lobosnews.com.ar\/#\/schema\/person\/232422a593d5c541dd9aef6aaed10943","name":"admin","image":{"@type":"ImageObject","inLanguage":"es","@id":"https:\/\/lobosnews.com.ar\/#\/schema\/person\/image\/","url":"https:\/\/secure.gravatar.com\/avatar\/76e419471a2083bc3ceab22a763dbbf9b0c1bd15a6214cf3280e2c2dde4580f9?s=96&d=mm&r=g","contentUrl":"https:\/\/secure.gravatar.com\/avatar\/76e419471a2083bc3ceab22a763dbbf9b0c1bd15a6214cf3280e2c2dde4580f9?s=96&d=mm&r=g","caption":"admin"},"sameAs":["https:\/\/lobosnews.com.ar"],"url":"https:\/\/lobosnews.com.ar\/index.php\/author\/lobos-news\/"}]}},"jetpack_featured_media_url":"https:\/\/lobosnews.com.ar\/wp-content\/uploads\/2026\/03\/calor-en-el-amba-y-alertas-por-tormentas-lluvias-y-viento-en-distintas-regiones-del-pais.png","jetpack_sharing_enabled":true,"_links":{"self":[{"href":"https:\/\/lobosnews.com.ar\/index.php\/wp-json\/wp\/v2\/posts\/33339","targetHints":{"allow":["GET"]}}],"collection":[{"href":"https:\/\/lobosnews.com.ar\/index.php\/wp-json\/wp\/v2\/posts"}],"about":[{"href":"https:\/\/lobosnews.com.ar\/index.php\/wp-json\/wp\/v2\/types\/post"}],"author":[{"embeddable":true,"href":"https:\/\/lobosnews.com.ar\/index.php\/wp-json\/wp\/v2\/users\/1"}],"replies":[{"embeddable":true,"href":"https:\/\/lobosnews.com.ar\/index.php\/wp-json\/wp\/v2\/comments?post=33339"}],"version-history":[{"count":1,"href":"https:\/\/lobosnews.com.ar\/index.php\/wp-json\/wp\/v2\/posts\/33339\/revisions"}],"predecessor-version":[{"id":33342,"href":"https:\/\/lobosnews.com.ar\/index.php\/wp-json\/wp\/v2\/posts\/33339\/revisions\/33342"}],"wp:featuredmedia":[{"embeddable":true,"href":"https:\/\/lobosnews.com.ar\/index.php\/wp-json\/wp\/v2\/media\/33343"}],"wp:attachment":[{"href":"https:\/\/lobosnews.com.ar\/index.php\/wp-json\/wp\/v2\/media?parent=33339"}],"wp:term":[{"taxonomy":"category","embeddable":true,"href":"https:\/\/lobosnews.com.ar\/index.php\/wp-json\/wp\/v2\/categories?post=33339"},{"taxonomy":"post_tag","embeddable":true,"href":"https:\/\/lobosnews.com.ar\/index.php\/wp-json\/wp\/v2\/tags?post=33339"}],"curies":[{"name":"wp","href":"https:\/\/api.w.org\/{rel}","templated":true}]}}