{"id":33323,"date":"2026-03-14T04:30:31","date_gmt":"2026-03-14T04:30:31","guid":{"rendered":"https:\/\/lobosnews.com.ar\/index.php\/2026\/03\/14\/los-jovenes-sobrevivientes-de-avc-enfrentan-obstaculos-unicos-en-salud-mental\/"},"modified":"2026-03-14T09:40:52","modified_gmt":"2026-03-14T09:40:52","slug":"los-jovenes-sobrevivientes-de-avc-enfrentan-obstaculos-unicos-en-salud-mental","status":"publish","type":"post","link":"https:\/\/lobosnews.com.ar\/index.php\/2026\/03\/14\/los-jovenes-sobrevivientes-de-avc-enfrentan-obstaculos-unicos-en-salud-mental\/","title":{"rendered":"Los j\u00f3venes sobrevivientes de AVC enfrentan obst\u00e1culos \u00fanicos en salud mental"},"content":{"rendered":"<p><img loading=\"lazy\" decoding=\"async\" src=\"https:\/\/lobosnews.com.ar\/wp-content\/uploads\/2026\/03\/los-jovenes-sobrevivientes-de-avc-enfrentan-obstaculos-unicos-en-salud-mental.jpg\" alt=\"\" height=\"632\" width=\"1120\"\/><\/p>\n<p>VIERNES, 13 de marzo de 2026 (HealthDay News) &#8212; Aunque un ictus suele considerarse una condici\u00f3n que afecta a las personas mayores, nuevas investigaciones muestran que los j\u00f3venes supervivientes est\u00e1n atravesando una crisis silenciosa de salud mental y lucha cognitiva.<\/p>\n<p>Investigadores de la Universidad de Florida advierten que, aunque las tasas de ictus est\u00e1n aumentando entre los adultos menores de 50 a\u00f1os, el sistema sanitario no est\u00e1 proporcionando el apoyo especializado que necesitan para recuperar sus vidas.<\/p>\n<p>Aproximadamente el 15% de los ictus ocurren en personas menores de 50 a\u00f1os.<\/p>\n<p>El an\u00e1lisis &#8211;publicado recientemente en la revista Geriatrics &#8212; examin\u00f3 datos de m\u00e1s de 17.000 supervivientes encuestados por los Centros para el Control y la Prevenci\u00f3n de Enfermedades de EE . UU. en 2023. Revel\u00f3 una brecha notable entre la recuperaci\u00f3n f\u00edsica y mental.<\/p>\n<p>Aunque los pacientes m\u00e1s j\u00f3venes suelen tener m\u00e1s facilidad para caminar o subir escaleras que sus hom\u00f3logos mayores, ten\u00edan el doble de probabilidades de reportar dificultades con tareas b\u00e1sicas como hacer recados, recordar informaci\u00f3n o mantener la concentraci\u00f3n.<\/p>\n<p>La recuperaci\u00f3n para una persona m\u00e1s joven no consiste solo en mover m\u00fasculos; A menudo se trata de reconstruir una mente y una carrera.<\/p>\n<p>El estudio mostr\u00f3 que los supervivientes m\u00e1s j\u00f3venes ten\u00edan casi el doble de d\u00edas de problemas de salud mental al mes en comparaci\u00f3n con los mayores de 50 a\u00f1os.<\/p>\n<p>\u00abCon el aumento de la tasa de ictus entre las personas menores de 50 a\u00f1os, el aparato m\u00e9dico debe reconocer que los j\u00f3venes supervivientes necesitan estrategias de rehabilitaci\u00f3n espec\u00edficas por edad que incluyan componentes diferentes a los de los supervivientes mayores de ictus\u00bb, dijo la coautora del estudio Molly Jacobs, profesora del Colegio de Salud P\u00fablica y Profesiones de la Salud de la UF en Gainesville.<\/p>\n<p>Uno de los mayores obst\u00e1culos para una recuperaci\u00f3n completa es la p\u00e9rdida de un empleo.<\/p>\n<p>Los supervivientes m\u00e1s j\u00f3venes que estaban desempleados enfrentaban los desaf\u00edos m\u00e1s graves, con el doble de probabilidades de problemas de concentraci\u00f3n y limitaciones para realizar las tareas cotidianas.<\/p>\n<p>Los investigadores se\u00f1alaron un ciclo complicado: la mala salud cognitiva dificulta el trabajo, pero no trabajar impide que los pacientes accedan al apoyo social y al seguro m\u00e9dico que les ayudan a mejorar.<\/p>\n<p>Dado que muchos programas de rehabilitaci\u00f3n est\u00e1n dise\u00f1ados para adultos mayores &#8211;centr\u00e1ndose mucho en caminar y en la independencia f\u00edsica&#8211;, los pacientes m\u00e1s j\u00f3venes a menudo tienen que buscar la atenci\u00f3n de salud mental y la terapia cognitiva que realmente necesitan.<\/p>\n<p>\u00abEs importante ser tu propio defensor, porque necesitas facilitar no solo tu propia reintegraci\u00f3n en el mercado laboral, sino tambi\u00e9n en tu familia y tu comunidad\u00bb, a\u00f1adi\u00f3 Jacobs. \u00abSin esos sistemas de apoyo, no vas a sentir que te has recuperado completamente de este devastador evento de salud.\u00bb<\/p>\n<p>M\u00e1s informaci\u00f3n<\/p>\n<p>Los Centros para el Control y la Prevenci\u00f3n de Enfermedades de EE. UU. ofrecen una gu\u00eda sobre tratamientos e intervenciones para la recuperaci\u00f3n del ictus.<\/p>\n<p>FUENTES: Comunicado de prensa de la Universidad de Florida, 10 de marzo de 2026; Geriatr\u00eda, 4 de marzo de 2026<\/p>\n","protected":false},"excerpt":{"rendered":"<p>VIERNES, 13 de marzo de 2026 (HealthDay News) &#8212; Aunque un ictus suele considerarse una condici\u00f3n que afecta a las personas mayores, nuevas investigaciones muestran que los j\u00f3venes supervivientes est\u00e1n atravesando una crisis silenciosa de salud mental y lucha cognitiva. Investigadores de la Universidad de Florida advierten que, aunque las tasas de ictus est\u00e1n aumentando&#8230;<\/p>\n","protected":false},"author":1,"featured_media":33326,"comment_status":"open","ping_status":"closed","sticky":false,"template":"","format":"standard","meta":{"_jetpack_memberships_contains_paid_content":false,"footnotes":""},"categories":[81],"tags":[],"class_list":["post-33323","post","type-post","status-publish","format-standard","has-post-thumbnail","hentry","category-salud"],"magazineBlocksPostFeaturedMedia":{"thumbnail":"https:\/\/lobosnews.com.ar\/wp-content\/uploads\/2026\/03\/los-jovenes-sobrevivientes-de-avc-enfrentan-obstaculos-unicos-en-salud-mental-150x150.jpg","medium":"https:\/\/lobosnews.com.ar\/wp-content\/uploads\/2026\/03\/los-jovenes-sobrevivientes-de-avc-enfrentan-obstaculos-unicos-en-salud-mental-300x169.jpg","medium_large":"https:\/\/lobosnews.com.ar\/wp-content\/uploads\/2026\/03\/los-jovenes-sobrevivientes-de-avc-enfrentan-obstaculos-unicos-en-salud-mental-768x433.jpg","large":"https:\/\/lobosnews.com.ar\/wp-content\/uploads\/2026\/03\/los-jovenes-sobrevivientes-de-avc-enfrentan-obstaculos-unicos-en-salud-mental-1024x578.jpg","1536x1536":"https:\/\/lobosnews.com.ar\/wp-content\/uploads\/2026\/03\/los-jovenes-sobrevivientes-de-avc-enfrentan-obstaculos-unicos-en-salud-mental.jpg","2048x2048":"https:\/\/lobosnews.com.ar\/wp-content\/uploads\/2026\/03\/los-jovenes-sobrevivientes-de-avc-enfrentan-obstaculos-unicos-en-salud-mental.jpg","newsmatic-featured":"https:\/\/lobosnews.com.ar\/wp-content\/uploads\/2026\/03\/los-jovenes-sobrevivientes-de-avc-enfrentan-obstaculos-unicos-en-salud-mental-820x545.jpg","newsmatic-list":"https:\/\/lobosnews.com.ar\/wp-content\/uploads\/2026\/03\/los-jovenes-sobrevivientes-de-avc-enfrentan-obstaculos-unicos-en-salud-mental-600x400.jpg","newsmatic-thumb":"https:\/\/lobosnews.com.ar\/wp-content\/uploads\/2026\/03\/los-jovenes-sobrevivientes-de-avc-enfrentan-obstaculos-unicos-en-salud-mental-300x200.jpg","newsmatic-small":"https:\/\/lobosnews.com.ar\/wp-content\/uploads\/2026\/03\/los-jovenes-sobrevivientes-de-avc-enfrentan-obstaculos-unicos-en-salud-mental-150x95.jpg","newsmatic-grid":"https:\/\/lobosnews.com.ar\/wp-content\/uploads\/2026\/03\/los-jovenes-sobrevivientes-de-avc-enfrentan-obstaculos-unicos-en-salud-mental-400x250.jpg"},"magazineBlocksPostAuthor":{"name":"admin","avatar":"https:\/\/secure.gravatar.com\/avatar\/76e419471a2083bc3ceab22a763dbbf9b0c1bd15a6214cf3280e2c2dde4580f9?s=96&d=mm&r=g"},"magazineBlocksPostCommentsNumber":"0","magazineBlocksPostExcerpt":"VIERNES, 13 de marzo de 2026 (HealthDay News) &#8212; Aunque un ictus suele considerarse una condici\u00f3n que afecta a las personas mayores, nuevas investigaciones muestran que los j\u00f3venes supervivientes est\u00e1n atravesando una crisis silenciosa de salud mental y lucha cognitiva. Investigadores de la Universidad de Florida advierten que, aunque las tasas de ictus est\u00e1n aumentando...","magazineBlocksPostCategories":["Salud"],"magazineBlocksPostViewCount":65,"magazineBlocksPostReadTime":3,"magazine_blocks_featured_image_url":{"full":["https:\/\/lobosnews.com.ar\/wp-content\/uploads\/2026\/03\/los-jovenes-sobrevivientes-de-avc-enfrentan-obstaculos-unicos-en-salud-mental.jpg",1120,632,false],"medium":["https:\/\/lobosnews.com.ar\/wp-content\/uploads\/2026\/03\/los-jovenes-sobrevivientes-de-avc-enfrentan-obstaculos-unicos-en-salud-mental-300x169.jpg",300,169,true],"thumbnail":["https:\/\/lobosnews.com.ar\/wp-content\/uploads\/2026\/03\/los-jovenes-sobrevivientes-de-avc-enfrentan-obstaculos-unicos-en-salud-mental-150x150.jpg",150,150,true]},"magazine_blocks_author":{"display_name":"admin","author_link":"https:\/\/lobosnews.com.ar\/index.php\/author\/lobos-news\/"},"magazine_blocks_comment":0,"magazine_blocks_author_image":"https:\/\/secure.gravatar.com\/avatar\/76e419471a2083bc3ceab22a763dbbf9b0c1bd15a6214cf3280e2c2dde4580f9?s=96&d=mm&r=g","magazine_blocks_category":"<a href=\"#\" class=\"category-link category-link-81\">Salud<\/a>","yoast_head":"<!-- This site is optimized with the Yoast SEO plugin v26.6 - https:\/\/yoast.com\/wordpress\/plugins\/seo\/ -->\n<title>Los j\u00f3venes sobrevivientes de AVC enfrentan obst\u00e1culos \u00fanicos en salud mental - Lobos News<\/title>\n<meta name=\"robots\" content=\"index, follow, max-snippet:-1, max-image-preview:large, max-video-preview:-1\" \/>\n<link rel=\"canonical\" href=\"https:\/\/lobosnews.com.ar\/index.php\/2026\/03\/14\/los-jovenes-sobrevivientes-de-avc-enfrentan-obstaculos-unicos-en-salud-mental\/\" \/>\n<meta property=\"og:locale\" content=\"es_ES\" \/>\n<meta property=\"og:type\" content=\"article\" \/>\n<meta property=\"og:title\" content=\"Los j\u00f3venes sobrevivientes de AVC enfrentan obst\u00e1culos \u00fanicos en salud mental - Lobos News\" \/>\n<meta property=\"og:description\" content=\"VIERNES, 13 de marzo de 2026 (HealthDay News) &#8212; Aunque un ictus suele considerarse una condici\u00f3n que afecta a las personas mayores, nuevas investigaciones muestran que los j\u00f3venes supervivientes est\u00e1n atravesando una crisis silenciosa de salud mental y lucha cognitiva. Investigadores de la Universidad de Florida advierten que, aunque las tasas de ictus est\u00e1n aumentando...\" \/>\n<meta property=\"og:url\" content=\"https:\/\/lobosnews.com.ar\/index.php\/2026\/03\/14\/los-jovenes-sobrevivientes-de-avc-enfrentan-obstaculos-unicos-en-salud-mental\/\" \/>\n<meta property=\"og:site_name\" content=\"Lobos News\" \/>\n<meta property=\"article:published_time\" content=\"2026-03-14T04:30:31+00:00\" \/>\n<meta property=\"article:modified_time\" content=\"2026-03-14T09:40:52+00:00\" \/>\n<meta property=\"og:image\" content=\"https:\/\/lobosnews.com.ar\/wp-content\/uploads\/2026\/03\/los-jovenes-sobrevivientes-de-avc-enfrentan-obstaculos-unicos-en-salud-mental.jpg\" \/>\n<meta name=\"author\" content=\"admin\" \/>\n<meta name=\"twitter:card\" content=\"summary_large_image\" \/>\n<meta name=\"twitter:label1\" content=\"Escrito por\" \/>\n\t<meta name=\"twitter:data1\" content=\"admin\" \/>\n\t<meta name=\"twitter:label2\" content=\"Tiempo de lectura\" \/>\n\t<meta name=\"twitter:data2\" content=\"3 minutos\" \/>\n<script type=\"application\/ld+json\" class=\"yoast-schema-graph\">{\"@context\":\"https:\/\/schema.org\",\"@graph\":[{\"@type\":\"Article\",\"@id\":\"https:\/\/lobosnews.com.ar\/index.php\/2026\/03\/14\/los-jovenes-sobrevivientes-de-avc-enfrentan-obstaculos-unicos-en-salud-mental\/#article\",\"isPartOf\":{\"@id\":\"https:\/\/lobosnews.com.ar\/index.php\/2026\/03\/14\/los-jovenes-sobrevivientes-de-avc-enfrentan-obstaculos-unicos-en-salud-mental\/\"},\"author\":{\"name\":\"admin\",\"@id\":\"https:\/\/lobosnews.com.ar\/#\/schema\/person\/232422a593d5c541dd9aef6aaed10943\"},\"headline\":\"Los j\u00f3venes sobrevivientes de AVC enfrentan obst\u00e1culos \u00fanicos en salud mental\",\"datePublished\":\"2026-03-14T04:30:31+00:00\",\"dateModified\":\"2026-03-14T09:40:52+00:00\",\"mainEntityOfPage\":{\"@id\":\"https:\/\/lobosnews.com.ar\/index.php\/2026\/03\/14\/los-jovenes-sobrevivientes-de-avc-enfrentan-obstaculos-unicos-en-salud-mental\/\"},\"wordCount\":561,\"commentCount\":0,\"publisher\":{\"@id\":\"https:\/\/lobosnews.com.ar\/#organization\"},\"image\":{\"@id\":\"https:\/\/lobosnews.com.ar\/index.php\/2026\/03\/14\/los-jovenes-sobrevivientes-de-avc-enfrentan-obstaculos-unicos-en-salud-mental\/#primaryimage\"},\"thumbnailUrl\":\"https:\/\/lobosnews.com.ar\/wp-content\/uploads\/2026\/03\/los-jovenes-sobrevivientes-de-avc-enfrentan-obstaculos-unicos-en-salud-mental.jpg\",\"articleSection\":[\"Salud\"],\"inLanguage\":\"es\",\"potentialAction\":[{\"@type\":\"CommentAction\",\"name\":\"Comment\",\"target\":[\"https:\/\/lobosnews.com.ar\/index.php\/2026\/03\/14\/los-jovenes-sobrevivientes-de-avc-enfrentan-obstaculos-unicos-en-salud-mental\/#respond\"]}]},{\"@type\":\"WebPage\",\"@id\":\"https:\/\/lobosnews.com.ar\/index.php\/2026\/03\/14\/los-jovenes-sobrevivientes-de-avc-enfrentan-obstaculos-unicos-en-salud-mental\/\",\"url\":\"https:\/\/lobosnews.com.ar\/index.php\/2026\/03\/14\/los-jovenes-sobrevivientes-de-avc-enfrentan-obstaculos-unicos-en-salud-mental\/\",\"name\":\"Los j\u00f3venes sobrevivientes de AVC enfrentan obst\u00e1culos \u00fanicos en salud mental - Lobos News\",\"isPartOf\":{\"@id\":\"https:\/\/lobosnews.com.ar\/#website\"},\"primaryImageOfPage\":{\"@id\":\"https:\/\/lobosnews.com.ar\/index.php\/2026\/03\/14\/los-jovenes-sobrevivientes-de-avc-enfrentan-obstaculos-unicos-en-salud-mental\/#primaryimage\"},\"image\":{\"@id\":\"https:\/\/lobosnews.com.ar\/index.php\/2026\/03\/14\/los-jovenes-sobrevivientes-de-avc-enfrentan-obstaculos-unicos-en-salud-mental\/#primaryimage\"},\"thumbnailUrl\":\"https:\/\/lobosnews.com.ar\/wp-content\/uploads\/2026\/03\/los-jovenes-sobrevivientes-de-avc-enfrentan-obstaculos-unicos-en-salud-mental.jpg\",\"datePublished\":\"2026-03-14T04:30:31+00:00\",\"dateModified\":\"2026-03-14T09:40:52+00:00\",\"breadcrumb\":{\"@id\":\"https:\/\/lobosnews.com.ar\/index.php\/2026\/03\/14\/los-jovenes-sobrevivientes-de-avc-enfrentan-obstaculos-unicos-en-salud-mental\/#breadcrumb\"},\"inLanguage\":\"es\",\"potentialAction\":[{\"@type\":\"ReadAction\",\"target\":[\"https:\/\/lobosnews.com.ar\/index.php\/2026\/03\/14\/los-jovenes-sobrevivientes-de-avc-enfrentan-obstaculos-unicos-en-salud-mental\/\"]}]},{\"@type\":\"ImageObject\",\"inLanguage\":\"es\",\"@id\":\"https:\/\/lobosnews.com.ar\/index.php\/2026\/03\/14\/los-jovenes-sobrevivientes-de-avc-enfrentan-obstaculos-unicos-en-salud-mental\/#primaryimage\",\"url\":\"https:\/\/lobosnews.com.ar\/wp-content\/uploads\/2026\/03\/los-jovenes-sobrevivientes-de-avc-enfrentan-obstaculos-unicos-en-salud-mental.jpg\",\"contentUrl\":\"https:\/\/lobosnews.com.ar\/wp-content\/uploads\/2026\/03\/los-jovenes-sobrevivientes-de-avc-enfrentan-obstaculos-unicos-en-salud-mental.jpg\",\"width\":1120,\"height\":632,\"caption\":\"Los j\u00f3venes sobrevivientes de AVC enfrentan obst\u00e1culos \u00fanicos en salud mental\"},{\"@type\":\"BreadcrumbList\",\"@id\":\"https:\/\/lobosnews.com.ar\/index.php\/2026\/03\/14\/los-jovenes-sobrevivientes-de-avc-enfrentan-obstaculos-unicos-en-salud-mental\/#breadcrumb\",\"itemListElement\":[{\"@type\":\"ListItem\",\"position\":1,\"name\":\"Portada\",\"item\":\"https:\/\/lobosnews.com.ar\/\"},{\"@type\":\"ListItem\",\"position\":2,\"name\":\"Los j\u00f3venes sobrevivientes de AVC enfrentan obst\u00e1culos \u00fanicos en salud mental\"}]},{\"@type\":\"WebSite\",\"@id\":\"https:\/\/lobosnews.com.ar\/#website\",\"url\":\"https:\/\/lobosnews.com.ar\/\",\"name\":\"Lobos News\",\"description\":\"Informaci\u00f3n a cada instante\",\"publisher\":{\"@id\":\"https:\/\/lobosnews.com.ar\/#organization\"},\"potentialAction\":[{\"@type\":\"SearchAction\",\"target\":{\"@type\":\"EntryPoint\",\"urlTemplate\":\"https:\/\/lobosnews.com.ar\/?s={search_term_string}\"},\"query-input\":{\"@type\":\"PropertyValueSpecification\",\"valueRequired\":true,\"valueName\":\"search_term_string\"}}],\"inLanguage\":\"es\"},{\"@type\":\"Organization\",\"@id\":\"https:\/\/lobosnews.com.ar\/#organization\",\"name\":\"Lobos News\",\"url\":\"https:\/\/lobosnews.com.ar\/\",\"logo\":{\"@type\":\"ImageObject\",\"inLanguage\":\"es\",\"@id\":\"https:\/\/lobosnews.com.ar\/#\/schema\/logo\/image\/\",\"url\":\"https:\/\/lobosnews.com.ar\/wp-content\/uploads\/2026\/01\/logo-lobosnews.png\",\"contentUrl\":\"https:\/\/lobosnews.com.ar\/wp-content\/uploads\/2026\/01\/logo-lobosnews.png\",\"width\":500,\"height\":200,\"caption\":\"Lobos News\"},\"image\":{\"@id\":\"https:\/\/lobosnews.com.ar\/#\/schema\/logo\/image\/\"}},{\"@type\":\"Person\",\"@id\":\"https:\/\/lobosnews.com.ar\/#\/schema\/person\/232422a593d5c541dd9aef6aaed10943\",\"name\":\"admin\",\"image\":{\"@type\":\"ImageObject\",\"inLanguage\":\"es\",\"@id\":\"https:\/\/lobosnews.com.ar\/#\/schema\/person\/image\/\",\"url\":\"https:\/\/secure.gravatar.com\/avatar\/76e419471a2083bc3ceab22a763dbbf9b0c1bd15a6214cf3280e2c2dde4580f9?s=96&d=mm&r=g\",\"contentUrl\":\"https:\/\/secure.gravatar.com\/avatar\/76e419471a2083bc3ceab22a763dbbf9b0c1bd15a6214cf3280e2c2dde4580f9?s=96&d=mm&r=g\",\"caption\":\"admin\"},\"sameAs\":[\"https:\/\/lobosnews.com.ar\"],\"url\":\"https:\/\/lobosnews.com.ar\/index.php\/author\/lobos-news\/\"}]}<\/script>\n<!-- \/ Yoast SEO plugin. -->","yoast_head_json":{"title":"Los j\u00f3venes sobrevivientes de AVC enfrentan obst\u00e1culos \u00fanicos en salud mental - Lobos News","robots":{"index":"index","follow":"follow","max-snippet":"max-snippet:-1","max-image-preview":"max-image-preview:large","max-video-preview":"max-video-preview:-1"},"canonical":"https:\/\/lobosnews.com.ar\/index.php\/2026\/03\/14\/los-jovenes-sobrevivientes-de-avc-enfrentan-obstaculos-unicos-en-salud-mental\/","og_locale":"es_ES","og_type":"article","og_title":"Los j\u00f3venes sobrevivientes de AVC enfrentan obst\u00e1culos \u00fanicos en salud mental - Lobos News","og_description":"VIERNES, 13 de marzo de 2026 (HealthDay News) &#8212; Aunque un ictus suele considerarse una condici\u00f3n que afecta a las personas mayores, nuevas investigaciones muestran que los j\u00f3venes supervivientes est\u00e1n atravesando una crisis silenciosa de salud mental y lucha cognitiva. Investigadores de la Universidad de Florida advierten que, aunque las tasas de ictus est\u00e1n aumentando...","og_url":"https:\/\/lobosnews.com.ar\/index.php\/2026\/03\/14\/los-jovenes-sobrevivientes-de-avc-enfrentan-obstaculos-unicos-en-salud-mental\/","og_site_name":"Lobos News","article_published_time":"2026-03-14T04:30:31+00:00","article_modified_time":"2026-03-14T09:40:52+00:00","og_image":[{"url":"https:\/\/lobosnews.com.ar\/wp-content\/uploads\/2026\/03\/los-jovenes-sobrevivientes-de-avc-enfrentan-obstaculos-unicos-en-salud-mental.jpg","type":"","width":"","height":""}],"author":"admin","twitter_card":"summary_large_image","twitter_misc":{"Escrito por":"admin","Tiempo de lectura":"3 minutos"},"schema":{"@context":"https:\/\/schema.org","@graph":[{"@type":"Article","@id":"https:\/\/lobosnews.com.ar\/index.php\/2026\/03\/14\/los-jovenes-sobrevivientes-de-avc-enfrentan-obstaculos-unicos-en-salud-mental\/#article","isPartOf":{"@id":"https:\/\/lobosnews.com.ar\/index.php\/2026\/03\/14\/los-jovenes-sobrevivientes-de-avc-enfrentan-obstaculos-unicos-en-salud-mental\/"},"author":{"name":"admin","@id":"https:\/\/lobosnews.com.ar\/#\/schema\/person\/232422a593d5c541dd9aef6aaed10943"},"headline":"Los j\u00f3venes sobrevivientes de AVC enfrentan obst\u00e1culos \u00fanicos en salud mental","datePublished":"2026-03-14T04:30:31+00:00","dateModified":"2026-03-14T09:40:52+00:00","mainEntityOfPage":{"@id":"https:\/\/lobosnews.com.ar\/index.php\/2026\/03\/14\/los-jovenes-sobrevivientes-de-avc-enfrentan-obstaculos-unicos-en-salud-mental\/"},"wordCount":561,"commentCount":0,"publisher":{"@id":"https:\/\/lobosnews.com.ar\/#organization"},"image":{"@id":"https:\/\/lobosnews.com.ar\/index.php\/2026\/03\/14\/los-jovenes-sobrevivientes-de-avc-enfrentan-obstaculos-unicos-en-salud-mental\/#primaryimage"},"thumbnailUrl":"https:\/\/lobosnews.com.ar\/wp-content\/uploads\/2026\/03\/los-jovenes-sobrevivientes-de-avc-enfrentan-obstaculos-unicos-en-salud-mental.jpg","articleSection":["Salud"],"inLanguage":"es","potentialAction":[{"@type":"CommentAction","name":"Comment","target":["https:\/\/lobosnews.com.ar\/index.php\/2026\/03\/14\/los-jovenes-sobrevivientes-de-avc-enfrentan-obstaculos-unicos-en-salud-mental\/#respond"]}]},{"@type":"WebPage","@id":"https:\/\/lobosnews.com.ar\/index.php\/2026\/03\/14\/los-jovenes-sobrevivientes-de-avc-enfrentan-obstaculos-unicos-en-salud-mental\/","url":"https:\/\/lobosnews.com.ar\/index.php\/2026\/03\/14\/los-jovenes-sobrevivientes-de-avc-enfrentan-obstaculos-unicos-en-salud-mental\/","name":"Los j\u00f3venes sobrevivientes de AVC enfrentan obst\u00e1culos \u00fanicos en salud mental - Lobos News","isPartOf":{"@id":"https:\/\/lobosnews.com.ar\/#website"},"primaryImageOfPage":{"@id":"https:\/\/lobosnews.com.ar\/index.php\/2026\/03\/14\/los-jovenes-sobrevivientes-de-avc-enfrentan-obstaculos-unicos-en-salud-mental\/#primaryimage"},"image":{"@id":"https:\/\/lobosnews.com.ar\/index.php\/2026\/03\/14\/los-jovenes-sobrevivientes-de-avc-enfrentan-obstaculos-unicos-en-salud-mental\/#primaryimage"},"thumbnailUrl":"https:\/\/lobosnews.com.ar\/wp-content\/uploads\/2026\/03\/los-jovenes-sobrevivientes-de-avc-enfrentan-obstaculos-unicos-en-salud-mental.jpg","datePublished":"2026-03-14T04:30:31+00:00","dateModified":"2026-03-14T09:40:52+00:00","breadcrumb":{"@id":"https:\/\/lobosnews.com.ar\/index.php\/2026\/03\/14\/los-jovenes-sobrevivientes-de-avc-enfrentan-obstaculos-unicos-en-salud-mental\/#breadcrumb"},"inLanguage":"es","potentialAction":[{"@type":"ReadAction","target":["https:\/\/lobosnews.com.ar\/index.php\/2026\/03\/14\/los-jovenes-sobrevivientes-de-avc-enfrentan-obstaculos-unicos-en-salud-mental\/"]}]},{"@type":"ImageObject","inLanguage":"es","@id":"https:\/\/lobosnews.com.ar\/index.php\/2026\/03\/14\/los-jovenes-sobrevivientes-de-avc-enfrentan-obstaculos-unicos-en-salud-mental\/#primaryimage","url":"https:\/\/lobosnews.com.ar\/wp-content\/uploads\/2026\/03\/los-jovenes-sobrevivientes-de-avc-enfrentan-obstaculos-unicos-en-salud-mental.jpg","contentUrl":"https:\/\/lobosnews.com.ar\/wp-content\/uploads\/2026\/03\/los-jovenes-sobrevivientes-de-avc-enfrentan-obstaculos-unicos-en-salud-mental.jpg","width":1120,"height":632,"caption":"Los j\u00f3venes sobrevivientes de AVC enfrentan obst\u00e1culos \u00fanicos en salud mental"},{"@type":"BreadcrumbList","@id":"https:\/\/lobosnews.com.ar\/index.php\/2026\/03\/14\/los-jovenes-sobrevivientes-de-avc-enfrentan-obstaculos-unicos-en-salud-mental\/#breadcrumb","itemListElement":[{"@type":"ListItem","position":1,"name":"Portada","item":"https:\/\/lobosnews.com.ar\/"},{"@type":"ListItem","position":2,"name":"Los j\u00f3venes sobrevivientes de AVC enfrentan obst\u00e1culos \u00fanicos en salud mental"}]},{"@type":"WebSite","@id":"https:\/\/lobosnews.com.ar\/#website","url":"https:\/\/lobosnews.com.ar\/","name":"Lobos News","description":"Informaci\u00f3n a cada instante","publisher":{"@id":"https:\/\/lobosnews.com.ar\/#organization"},"potentialAction":[{"@type":"SearchAction","target":{"@type":"EntryPoint","urlTemplate":"https:\/\/lobosnews.com.ar\/?s={search_term_string}"},"query-input":{"@type":"PropertyValueSpecification","valueRequired":true,"valueName":"search_term_string"}}],"inLanguage":"es"},{"@type":"Organization","@id":"https:\/\/lobosnews.com.ar\/#organization","name":"Lobos News","url":"https:\/\/lobosnews.com.ar\/","logo":{"@type":"ImageObject","inLanguage":"es","@id":"https:\/\/lobosnews.com.ar\/#\/schema\/logo\/image\/","url":"https:\/\/lobosnews.com.ar\/wp-content\/uploads\/2026\/01\/logo-lobosnews.png","contentUrl":"https:\/\/lobosnews.com.ar\/wp-content\/uploads\/2026\/01\/logo-lobosnews.png","width":500,"height":200,"caption":"Lobos News"},"image":{"@id":"https:\/\/lobosnews.com.ar\/#\/schema\/logo\/image\/"}},{"@type":"Person","@id":"https:\/\/lobosnews.com.ar\/#\/schema\/person\/232422a593d5c541dd9aef6aaed10943","name":"admin","image":{"@type":"ImageObject","inLanguage":"es","@id":"https:\/\/lobosnews.com.ar\/#\/schema\/person\/image\/","url":"https:\/\/secure.gravatar.com\/avatar\/76e419471a2083bc3ceab22a763dbbf9b0c1bd15a6214cf3280e2c2dde4580f9?s=96&d=mm&r=g","contentUrl":"https:\/\/secure.gravatar.com\/avatar\/76e419471a2083bc3ceab22a763dbbf9b0c1bd15a6214cf3280e2c2dde4580f9?s=96&d=mm&r=g","caption":"admin"},"sameAs":["https:\/\/lobosnews.com.ar"],"url":"https:\/\/lobosnews.com.ar\/index.php\/author\/lobos-news\/"}]}},"jetpack_featured_media_url":"https:\/\/lobosnews.com.ar\/wp-content\/uploads\/2026\/03\/los-jovenes-sobrevivientes-de-avc-enfrentan-obstaculos-unicos-en-salud-mental.jpg","jetpack_sharing_enabled":true,"_links":{"self":[{"href":"https:\/\/lobosnews.com.ar\/index.php\/wp-json\/wp\/v2\/posts\/33323","targetHints":{"allow":["GET"]}}],"collection":[{"href":"https:\/\/lobosnews.com.ar\/index.php\/wp-json\/wp\/v2\/posts"}],"about":[{"href":"https:\/\/lobosnews.com.ar\/index.php\/wp-json\/wp\/v2\/types\/post"}],"author":[{"embeddable":true,"href":"https:\/\/lobosnews.com.ar\/index.php\/wp-json\/wp\/v2\/users\/1"}],"replies":[{"embeddable":true,"href":"https:\/\/lobosnews.com.ar\/index.php\/wp-json\/wp\/v2\/comments?post=33323"}],"version-history":[{"count":1,"href":"https:\/\/lobosnews.com.ar\/index.php\/wp-json\/wp\/v2\/posts\/33323\/revisions"}],"predecessor-version":[{"id":33325,"href":"https:\/\/lobosnews.com.ar\/index.php\/wp-json\/wp\/v2\/posts\/33323\/revisions\/33325"}],"wp:featuredmedia":[{"embeddable":true,"href":"https:\/\/lobosnews.com.ar\/index.php\/wp-json\/wp\/v2\/media\/33326"}],"wp:attachment":[{"href":"https:\/\/lobosnews.com.ar\/index.php\/wp-json\/wp\/v2\/media?parent=33323"}],"wp:term":[{"taxonomy":"category","embeddable":true,"href":"https:\/\/lobosnews.com.ar\/index.php\/wp-json\/wp\/v2\/categories?post=33323"},{"taxonomy":"post_tag","embeddable":true,"href":"https:\/\/lobosnews.com.ar\/index.php\/wp-json\/wp\/v2\/tags?post=33323"}],"curies":[{"name":"wp","href":"https:\/\/api.w.org\/{rel}","templated":true}]}}