{"id":33319,"date":"2026-03-14T04:30:49","date_gmt":"2026-03-14T04:30:49","guid":{"rendered":"https:\/\/lobosnews.com.ar\/index.php\/2026\/03\/14\/los-alimentos-ultraprocesados-son-malos-para-la-salud-osea-segun-los-investigadores\/"},"modified":"2026-03-14T09:40:50","modified_gmt":"2026-03-14T09:40:50","slug":"los-alimentos-ultraprocesados-son-malos-para-la-salud-osea-segun-los-investigadores","status":"publish","type":"post","link":"https:\/\/lobosnews.com.ar\/index.php\/2026\/03\/14\/los-alimentos-ultraprocesados-son-malos-para-la-salud-osea-segun-los-investigadores\/","title":{"rendered":"Los alimentos ultraprocesados son malos para la salud \u00f3sea, seg\u00fan los investigadores"},"content":{"rendered":"<p><img loading=\"lazy\" decoding=\"async\" src=\"https:\/\/lobosnews.com.ar\/wp-content\/uploads\/2026\/03\/los-alimentos-ultraprocesados-son-malos-para-la-salud-osea-segun-los-investigadores.jpg\" alt=\"\" height=\"800\" width=\"1200\"\/><\/p>\n<p>VIERNES, 13 de marzo de 2026 (HealthDay News) &#8212; \u00abEso har\u00e1 que tus dientes se pudran.\u00bb<\/p>\n<p>Durante d\u00e9cadas, los padres han intentado alejar a los ni\u00f1os de la comida basura con esa simple advertencia.<\/p>\n<p>Resulta que este tipo de alimentos tambi\u00e9n es perjudicial para los huesos, seg\u00fan un nuevo estudio.<\/p>\n<p>Las personas que consumen m\u00e1s alimentos ultraprocesados tienden a tener menor densidad \u00f3sea y un mayor riesgo de fracturas de cadera, seg\u00fan informaron recientemente investigadores en The British Journal of Nutrition.<\/p>\n<p>Por cada 3,7 raciones extra consumidas al d\u00eda, el riesgo de fractura de cadera aumenta casi un 11%, seg\u00fan los investigadores.<\/p>\n<p>Eso significa que cada porci\u00f3n de pizza congelada, cada bol de cereales para el desayuno, cada refresco azucarado y cada comida lista para calentar aumentan el riesgo de huesos quebradizos y f\u00e1ciles de romper, seg\u00fan los investigadores.<\/p>\n<p>\u00abLos alimentos ultraprocesados pueden encontrarse f\u00e1cilmente en cualquier visita al supermercado, y estos hallazgos aumentan las preocupaciones sobre c\u00f3mo pueden afectar a nuestra salud \u00f3sea\u00bb, dijo el investigador Dr. Lu Qi, profesor de salud p\u00fablica en la Universidad de Tulane en Nueva Orleans, en un comunicado de prensa.<\/p>\n<p>Los alimentos ultraprocesados se elaboran principalmente a partir de sustancias extra\u00eddas de alimentos integrales, como grasas saturadas, almidones y az\u00facares a\u00f1adidos. Tambi\u00e9n contienen una gran variedad de aditivos para hacerlos m\u00e1s sabrosos, atractivos y estables en conservaci\u00f3n.<\/p>\n<p>Estos alimentos representan alrededor del 55% del total de calor\u00edas consumidas por los estadounidenses, seg\u00fan los investigadores en notas de fondo.<\/p>\n<p>Para el nuevo estudio, los investigadores hicieron un seguimiento de la dieta y salud de casi 164.000 personas que participan en UK Biobank, un proyecto de investigaci\u00f3n sanitaria a largo plazo en el Reino Unido.<\/p>\n<p>Los resultados mostraron que, de media, las personas consum\u00edan unas ocho raciones diarias de alimentos ultraprocesados. Adem\u00e1s, cuanto m\u00e1s com\u00edan, mayor era su riesgo de menor densidad \u00f3sea.<\/p>\n<p>\u00abNuestra cohorte de estudio fue seguida durante m\u00e1s de 12 a\u00f1os, y descubrimos que las altas ingestas de alimentos ultraprocesados estaban relacionadas con una reducci\u00f3n de la densidad mineral \u00f3sea en varios lugares, incluyendo \u00e1reas clave del f\u00e9mur superior y la regi\u00f3n lumbar\u00bb, dijo Qi.<\/p>\n<p>La relaci\u00f3n negativa entre los alimentos ultraprocesados y la densidad \u00f3sea fue m\u00e1s evidente entre los adultos menores de 65 a\u00f1os y las personas con bajo peso, seg\u00fan los investigadores.<\/p>\n<p>El \u00edndice de masa corporal (IMC) es una medida de la grasa corporal basada en la altura y el peso. Los investigadores se\u00f1alaron que un IMC bajo es un factor de riesgo para la mala salud \u00f3sea y podr\u00eda empeorar los efectos de los alimentos ultraprocesados sobre la densidad \u00f3sea, seg\u00fan ellos.<\/p>\n<p>Del mismo modo, los adultos j\u00f3venes menores de 65 a\u00f1os podr\u00edan tener una digesti\u00f3n m\u00e1s fuerte que absorba m\u00e1s ingredientes poco saludables de esos alimentos, seg\u00fan los investigadores.<\/p>\n<p>\u00abNuestros resultados no son sorprendentes\u00bb, dijo Qi. \u00abLos alimentos ultraprocesados se han asociado de forma constante con diversos trastornos relacionados con la nutrici\u00f3n y la salud \u00f3sea depende de una nutrici\u00f3n adecuada.\u00bb<\/p>\n<p>M\u00e1s informaci\u00f3n<\/p>\n<p>La Facultad de Medicina de Yale tiene m\u00e1s informaci\u00f3n sobre alimentos ultraprocesados y salud.<\/p>\n<p>FUENTE: Universidad de Tulane, comunicado de prensa, 11 de marzo de 2026<\/p>\n<p>## Lo que esto significa para ti<\/p>\n<p>Consumir m\u00e1s alimentos ultraprocesados podr\u00eda aumentar el riesgo de fracturas.<\/p>\n","protected":false},"excerpt":{"rendered":"<p>VIERNES, 13 de marzo de 2026 (HealthDay News) &#8212; \u00abEso har\u00e1 que tus dientes se pudran.\u00bb Durante d\u00e9cadas, los padres han intentado alejar a los ni\u00f1os de la comida basura con esa simple advertencia. Resulta que este tipo de alimentos tambi\u00e9n es perjudicial para los huesos, seg\u00fan un nuevo estudio. Las personas que consumen m\u00e1s&#8230;<\/p>\n","protected":false},"author":1,"featured_media":33322,"comment_status":"open","ping_status":"closed","sticky":false,"template":"","format":"standard","meta":{"_jetpack_memberships_contains_paid_content":false,"footnotes":""},"categories":[81],"tags":[],"class_list":["post-33319","post","type-post","status-publish","format-standard","has-post-thumbnail","hentry","category-salud"],"magazineBlocksPostFeaturedMedia":{"thumbnail":"https:\/\/lobosnews.com.ar\/wp-content\/uploads\/2026\/03\/los-alimentos-ultraprocesados-son-malos-para-la-salud-osea-segun-los-investigadores-150x150.jpg","medium":"https:\/\/lobosnews.com.ar\/wp-content\/uploads\/2026\/03\/los-alimentos-ultraprocesados-son-malos-para-la-salud-osea-segun-los-investigadores-300x200.jpg","medium_large":"https:\/\/lobosnews.com.ar\/wp-content\/uploads\/2026\/03\/los-alimentos-ultraprocesados-son-malos-para-la-salud-osea-segun-los-investigadores-768x512.jpg","large":"https:\/\/lobosnews.com.ar\/wp-content\/uploads\/2026\/03\/los-alimentos-ultraprocesados-son-malos-para-la-salud-osea-segun-los-investigadores-1024x683.jpg","1536x1536":"https:\/\/lobosnews.com.ar\/wp-content\/uploads\/2026\/03\/los-alimentos-ultraprocesados-son-malos-para-la-salud-osea-segun-los-investigadores.jpg","2048x2048":"https:\/\/lobosnews.com.ar\/wp-content\/uploads\/2026\/03\/los-alimentos-ultraprocesados-son-malos-para-la-salud-osea-segun-los-investigadores.jpg","newsmatic-featured":"https:\/\/lobosnews.com.ar\/wp-content\/uploads\/2026\/03\/los-alimentos-ultraprocesados-son-malos-para-la-salud-osea-segun-los-investigadores-820x545.jpg","newsmatic-list":"https:\/\/lobosnews.com.ar\/wp-content\/uploads\/2026\/03\/los-alimentos-ultraprocesados-son-malos-para-la-salud-osea-segun-los-investigadores-600x400.jpg","newsmatic-thumb":"https:\/\/lobosnews.com.ar\/wp-content\/uploads\/2026\/03\/los-alimentos-ultraprocesados-son-malos-para-la-salud-osea-segun-los-investigadores-300x200.jpg","newsmatic-small":"https:\/\/lobosnews.com.ar\/wp-content\/uploads\/2026\/03\/los-alimentos-ultraprocesados-son-malos-para-la-salud-osea-segun-los-investigadores-150x95.jpg","newsmatic-grid":"https:\/\/lobosnews.com.ar\/wp-content\/uploads\/2026\/03\/los-alimentos-ultraprocesados-son-malos-para-la-salud-osea-segun-los-investigadores-400x250.jpg"},"magazineBlocksPostAuthor":{"name":"admin","avatar":"https:\/\/secure.gravatar.com\/avatar\/76e419471a2083bc3ceab22a763dbbf9b0c1bd15a6214cf3280e2c2dde4580f9?s=96&d=mm&r=g"},"magazineBlocksPostCommentsNumber":"0","magazineBlocksPostExcerpt":"VIERNES, 13 de marzo de 2026 (HealthDay News) &#8212; \u00abEso har\u00e1 que tus dientes se pudran.\u00bb Durante d\u00e9cadas, los padres han intentado alejar a los ni\u00f1os de la comida basura con esa simple advertencia. Resulta que este tipo de alimentos tambi\u00e9n es perjudicial para los huesos, seg\u00fan un nuevo estudio. Las personas que consumen m\u00e1s...","magazineBlocksPostCategories":["Salud"],"magazineBlocksPostViewCount":69,"magazineBlocksPostReadTime":3,"magazine_blocks_featured_image_url":{"full":["https:\/\/lobosnews.com.ar\/wp-content\/uploads\/2026\/03\/los-alimentos-ultraprocesados-son-malos-para-la-salud-osea-segun-los-investigadores.jpg",1200,800,false],"medium":["https:\/\/lobosnews.com.ar\/wp-content\/uploads\/2026\/03\/los-alimentos-ultraprocesados-son-malos-para-la-salud-osea-segun-los-investigadores-300x200.jpg",300,200,true],"thumbnail":["https:\/\/lobosnews.com.ar\/wp-content\/uploads\/2026\/03\/los-alimentos-ultraprocesados-son-malos-para-la-salud-osea-segun-los-investigadores-150x150.jpg",150,150,true]},"magazine_blocks_author":{"display_name":"admin","author_link":"https:\/\/lobosnews.com.ar\/index.php\/author\/lobos-news\/"},"magazine_blocks_comment":0,"magazine_blocks_author_image":"https:\/\/secure.gravatar.com\/avatar\/76e419471a2083bc3ceab22a763dbbf9b0c1bd15a6214cf3280e2c2dde4580f9?s=96&d=mm&r=g","magazine_blocks_category":"<a href=\"#\" class=\"category-link category-link-81\">Salud<\/a>","yoast_head":"<!-- This site is optimized with the Yoast SEO plugin v26.6 - https:\/\/yoast.com\/wordpress\/plugins\/seo\/ -->\n<title>Los alimentos ultraprocesados son malos para la salud \u00f3sea, seg\u00fan los investigadores - Lobos News<\/title>\n<meta name=\"robots\" content=\"index, follow, max-snippet:-1, max-image-preview:large, max-video-preview:-1\" \/>\n<link rel=\"canonical\" href=\"https:\/\/lobosnews.com.ar\/index.php\/2026\/03\/14\/los-alimentos-ultraprocesados-son-malos-para-la-salud-osea-segun-los-investigadores\/\" \/>\n<meta property=\"og:locale\" content=\"es_ES\" \/>\n<meta property=\"og:type\" content=\"article\" \/>\n<meta property=\"og:title\" content=\"Los alimentos ultraprocesados son malos para la salud \u00f3sea, seg\u00fan los investigadores - Lobos News\" \/>\n<meta property=\"og:description\" content=\"VIERNES, 13 de marzo de 2026 (HealthDay News) &#8212; \u00abEso har\u00e1 que tus dientes se pudran.\u00bb Durante d\u00e9cadas, los padres han intentado alejar a los ni\u00f1os de la comida basura con esa simple advertencia. Resulta que este tipo de alimentos tambi\u00e9n es perjudicial para los huesos, seg\u00fan un nuevo estudio. Las personas que consumen m\u00e1s...\" \/>\n<meta property=\"og:url\" content=\"https:\/\/lobosnews.com.ar\/index.php\/2026\/03\/14\/los-alimentos-ultraprocesados-son-malos-para-la-salud-osea-segun-los-investigadores\/\" \/>\n<meta property=\"og:site_name\" content=\"Lobos News\" \/>\n<meta property=\"article:published_time\" content=\"2026-03-14T04:30:49+00:00\" \/>\n<meta property=\"article:modified_time\" content=\"2026-03-14T09:40:50+00:00\" \/>\n<meta property=\"og:image\" content=\"https:\/\/lobosnews.com.ar\/wp-content\/uploads\/2026\/03\/los-alimentos-ultraprocesados-son-malos-para-la-salud-osea-segun-los-investigadores.jpg\" \/>\n<meta name=\"author\" content=\"admin\" \/>\n<meta name=\"twitter:card\" content=\"summary_large_image\" \/>\n<meta name=\"twitter:label1\" content=\"Escrito por\" \/>\n\t<meta name=\"twitter:data1\" content=\"admin\" \/>\n\t<meta name=\"twitter:label2\" content=\"Tiempo de lectura\" \/>\n\t<meta name=\"twitter:data2\" content=\"3 minutos\" \/>\n<script type=\"application\/ld+json\" class=\"yoast-schema-graph\">{\"@context\":\"https:\/\/schema.org\",\"@graph\":[{\"@type\":\"Article\",\"@id\":\"https:\/\/lobosnews.com.ar\/index.php\/2026\/03\/14\/los-alimentos-ultraprocesados-son-malos-para-la-salud-osea-segun-los-investigadores\/#article\",\"isPartOf\":{\"@id\":\"https:\/\/lobosnews.com.ar\/index.php\/2026\/03\/14\/los-alimentos-ultraprocesados-son-malos-para-la-salud-osea-segun-los-investigadores\/\"},\"author\":{\"name\":\"admin\",\"@id\":\"https:\/\/lobosnews.com.ar\/#\/schema\/person\/232422a593d5c541dd9aef6aaed10943\"},\"headline\":\"Los alimentos ultraprocesados son malos para la salud \u00f3sea, seg\u00fan los investigadores\",\"datePublished\":\"2026-03-14T04:30:49+00:00\",\"dateModified\":\"2026-03-14T09:40:50+00:00\",\"mainEntityOfPage\":{\"@id\":\"https:\/\/lobosnews.com.ar\/index.php\/2026\/03\/14\/los-alimentos-ultraprocesados-son-malos-para-la-salud-osea-segun-los-investigadores\/\"},\"wordCount\":594,\"commentCount\":0,\"publisher\":{\"@id\":\"https:\/\/lobosnews.com.ar\/#organization\"},\"image\":{\"@id\":\"https:\/\/lobosnews.com.ar\/index.php\/2026\/03\/14\/los-alimentos-ultraprocesados-son-malos-para-la-salud-osea-segun-los-investigadores\/#primaryimage\"},\"thumbnailUrl\":\"https:\/\/lobosnews.com.ar\/wp-content\/uploads\/2026\/03\/los-alimentos-ultraprocesados-son-malos-para-la-salud-osea-segun-los-investigadores.jpg\",\"articleSection\":[\"Salud\"],\"inLanguage\":\"es\",\"potentialAction\":[{\"@type\":\"CommentAction\",\"name\":\"Comment\",\"target\":[\"https:\/\/lobosnews.com.ar\/index.php\/2026\/03\/14\/los-alimentos-ultraprocesados-son-malos-para-la-salud-osea-segun-los-investigadores\/#respond\"]}]},{\"@type\":\"WebPage\",\"@id\":\"https:\/\/lobosnews.com.ar\/index.php\/2026\/03\/14\/los-alimentos-ultraprocesados-son-malos-para-la-salud-osea-segun-los-investigadores\/\",\"url\":\"https:\/\/lobosnews.com.ar\/index.php\/2026\/03\/14\/los-alimentos-ultraprocesados-son-malos-para-la-salud-osea-segun-los-investigadores\/\",\"name\":\"Los alimentos ultraprocesados son malos para la salud \u00f3sea, seg\u00fan los investigadores - Lobos News\",\"isPartOf\":{\"@id\":\"https:\/\/lobosnews.com.ar\/#website\"},\"primaryImageOfPage\":{\"@id\":\"https:\/\/lobosnews.com.ar\/index.php\/2026\/03\/14\/los-alimentos-ultraprocesados-son-malos-para-la-salud-osea-segun-los-investigadores\/#primaryimage\"},\"image\":{\"@id\":\"https:\/\/lobosnews.com.ar\/index.php\/2026\/03\/14\/los-alimentos-ultraprocesados-son-malos-para-la-salud-osea-segun-los-investigadores\/#primaryimage\"},\"thumbnailUrl\":\"https:\/\/lobosnews.com.ar\/wp-content\/uploads\/2026\/03\/los-alimentos-ultraprocesados-son-malos-para-la-salud-osea-segun-los-investigadores.jpg\",\"datePublished\":\"2026-03-14T04:30:49+00:00\",\"dateModified\":\"2026-03-14T09:40:50+00:00\",\"breadcrumb\":{\"@id\":\"https:\/\/lobosnews.com.ar\/index.php\/2026\/03\/14\/los-alimentos-ultraprocesados-son-malos-para-la-salud-osea-segun-los-investigadores\/#breadcrumb\"},\"inLanguage\":\"es\",\"potentialAction\":[{\"@type\":\"ReadAction\",\"target\":[\"https:\/\/lobosnews.com.ar\/index.php\/2026\/03\/14\/los-alimentos-ultraprocesados-son-malos-para-la-salud-osea-segun-los-investigadores\/\"]}]},{\"@type\":\"ImageObject\",\"inLanguage\":\"es\",\"@id\":\"https:\/\/lobosnews.com.ar\/index.php\/2026\/03\/14\/los-alimentos-ultraprocesados-son-malos-para-la-salud-osea-segun-los-investigadores\/#primaryimage\",\"url\":\"https:\/\/lobosnews.com.ar\/wp-content\/uploads\/2026\/03\/los-alimentos-ultraprocesados-son-malos-para-la-salud-osea-segun-los-investigadores.jpg\",\"contentUrl\":\"https:\/\/lobosnews.com.ar\/wp-content\/uploads\/2026\/03\/los-alimentos-ultraprocesados-son-malos-para-la-salud-osea-segun-los-investigadores.jpg\",\"width\":1200,\"height\":800,\"caption\":\"Los alimentos ultraprocesados son malos para la salud \u00f3sea, seg\u00fan los investigadores\"},{\"@type\":\"BreadcrumbList\",\"@id\":\"https:\/\/lobosnews.com.ar\/index.php\/2026\/03\/14\/los-alimentos-ultraprocesados-son-malos-para-la-salud-osea-segun-los-investigadores\/#breadcrumb\",\"itemListElement\":[{\"@type\":\"ListItem\",\"position\":1,\"name\":\"Portada\",\"item\":\"https:\/\/lobosnews.com.ar\/\"},{\"@type\":\"ListItem\",\"position\":2,\"name\":\"Los alimentos ultraprocesados son malos para la salud \u00f3sea, seg\u00fan los investigadores\"}]},{\"@type\":\"WebSite\",\"@id\":\"https:\/\/lobosnews.com.ar\/#website\",\"url\":\"https:\/\/lobosnews.com.ar\/\",\"name\":\"Lobos News\",\"description\":\"Informaci\u00f3n a cada instante\",\"publisher\":{\"@id\":\"https:\/\/lobosnews.com.ar\/#organization\"},\"potentialAction\":[{\"@type\":\"SearchAction\",\"target\":{\"@type\":\"EntryPoint\",\"urlTemplate\":\"https:\/\/lobosnews.com.ar\/?s={search_term_string}\"},\"query-input\":{\"@type\":\"PropertyValueSpecification\",\"valueRequired\":true,\"valueName\":\"search_term_string\"}}],\"inLanguage\":\"es\"},{\"@type\":\"Organization\",\"@id\":\"https:\/\/lobosnews.com.ar\/#organization\",\"name\":\"Lobos News\",\"url\":\"https:\/\/lobosnews.com.ar\/\",\"logo\":{\"@type\":\"ImageObject\",\"inLanguage\":\"es\",\"@id\":\"https:\/\/lobosnews.com.ar\/#\/schema\/logo\/image\/\",\"url\":\"https:\/\/lobosnews.com.ar\/wp-content\/uploads\/2026\/01\/logo-lobosnews.png\",\"contentUrl\":\"https:\/\/lobosnews.com.ar\/wp-content\/uploads\/2026\/01\/logo-lobosnews.png\",\"width\":500,\"height\":200,\"caption\":\"Lobos News\"},\"image\":{\"@id\":\"https:\/\/lobosnews.com.ar\/#\/schema\/logo\/image\/\"}},{\"@type\":\"Person\",\"@id\":\"https:\/\/lobosnews.com.ar\/#\/schema\/person\/232422a593d5c541dd9aef6aaed10943\",\"name\":\"admin\",\"image\":{\"@type\":\"ImageObject\",\"inLanguage\":\"es\",\"@id\":\"https:\/\/lobosnews.com.ar\/#\/schema\/person\/image\/\",\"url\":\"https:\/\/secure.gravatar.com\/avatar\/76e419471a2083bc3ceab22a763dbbf9b0c1bd15a6214cf3280e2c2dde4580f9?s=96&d=mm&r=g\",\"contentUrl\":\"https:\/\/secure.gravatar.com\/avatar\/76e419471a2083bc3ceab22a763dbbf9b0c1bd15a6214cf3280e2c2dde4580f9?s=96&d=mm&r=g\",\"caption\":\"admin\"},\"sameAs\":[\"https:\/\/lobosnews.com.ar\"],\"url\":\"https:\/\/lobosnews.com.ar\/index.php\/author\/lobos-news\/\"}]}<\/script>\n<!-- \/ Yoast SEO plugin. -->","yoast_head_json":{"title":"Los alimentos ultraprocesados son malos para la salud \u00f3sea, seg\u00fan los investigadores - Lobos News","robots":{"index":"index","follow":"follow","max-snippet":"max-snippet:-1","max-image-preview":"max-image-preview:large","max-video-preview":"max-video-preview:-1"},"canonical":"https:\/\/lobosnews.com.ar\/index.php\/2026\/03\/14\/los-alimentos-ultraprocesados-son-malos-para-la-salud-osea-segun-los-investigadores\/","og_locale":"es_ES","og_type":"article","og_title":"Los alimentos ultraprocesados son malos para la salud \u00f3sea, seg\u00fan los investigadores - Lobos News","og_description":"VIERNES, 13 de marzo de 2026 (HealthDay News) &#8212; \u00abEso har\u00e1 que tus dientes se pudran.\u00bb Durante d\u00e9cadas, los padres han intentado alejar a los ni\u00f1os de la comida basura con esa simple advertencia. Resulta que este tipo de alimentos tambi\u00e9n es perjudicial para los huesos, seg\u00fan un nuevo estudio. Las personas que consumen m\u00e1s...","og_url":"https:\/\/lobosnews.com.ar\/index.php\/2026\/03\/14\/los-alimentos-ultraprocesados-son-malos-para-la-salud-osea-segun-los-investigadores\/","og_site_name":"Lobos News","article_published_time":"2026-03-14T04:30:49+00:00","article_modified_time":"2026-03-14T09:40:50+00:00","og_image":[{"url":"https:\/\/lobosnews.com.ar\/wp-content\/uploads\/2026\/03\/los-alimentos-ultraprocesados-son-malos-para-la-salud-osea-segun-los-investigadores.jpg","type":"","width":"","height":""}],"author":"admin","twitter_card":"summary_large_image","twitter_misc":{"Escrito por":"admin","Tiempo de lectura":"3 minutos"},"schema":{"@context":"https:\/\/schema.org","@graph":[{"@type":"Article","@id":"https:\/\/lobosnews.com.ar\/index.php\/2026\/03\/14\/los-alimentos-ultraprocesados-son-malos-para-la-salud-osea-segun-los-investigadores\/#article","isPartOf":{"@id":"https:\/\/lobosnews.com.ar\/index.php\/2026\/03\/14\/los-alimentos-ultraprocesados-son-malos-para-la-salud-osea-segun-los-investigadores\/"},"author":{"name":"admin","@id":"https:\/\/lobosnews.com.ar\/#\/schema\/person\/232422a593d5c541dd9aef6aaed10943"},"headline":"Los alimentos ultraprocesados son malos para la salud \u00f3sea, seg\u00fan los investigadores","datePublished":"2026-03-14T04:30:49+00:00","dateModified":"2026-03-14T09:40:50+00:00","mainEntityOfPage":{"@id":"https:\/\/lobosnews.com.ar\/index.php\/2026\/03\/14\/los-alimentos-ultraprocesados-son-malos-para-la-salud-osea-segun-los-investigadores\/"},"wordCount":594,"commentCount":0,"publisher":{"@id":"https:\/\/lobosnews.com.ar\/#organization"},"image":{"@id":"https:\/\/lobosnews.com.ar\/index.php\/2026\/03\/14\/los-alimentos-ultraprocesados-son-malos-para-la-salud-osea-segun-los-investigadores\/#primaryimage"},"thumbnailUrl":"https:\/\/lobosnews.com.ar\/wp-content\/uploads\/2026\/03\/los-alimentos-ultraprocesados-son-malos-para-la-salud-osea-segun-los-investigadores.jpg","articleSection":["Salud"],"inLanguage":"es","potentialAction":[{"@type":"CommentAction","name":"Comment","target":["https:\/\/lobosnews.com.ar\/index.php\/2026\/03\/14\/los-alimentos-ultraprocesados-son-malos-para-la-salud-osea-segun-los-investigadores\/#respond"]}]},{"@type":"WebPage","@id":"https:\/\/lobosnews.com.ar\/index.php\/2026\/03\/14\/los-alimentos-ultraprocesados-son-malos-para-la-salud-osea-segun-los-investigadores\/","url":"https:\/\/lobosnews.com.ar\/index.php\/2026\/03\/14\/los-alimentos-ultraprocesados-son-malos-para-la-salud-osea-segun-los-investigadores\/","name":"Los alimentos ultraprocesados son malos para la salud \u00f3sea, seg\u00fan los investigadores - Lobos News","isPartOf":{"@id":"https:\/\/lobosnews.com.ar\/#website"},"primaryImageOfPage":{"@id":"https:\/\/lobosnews.com.ar\/index.php\/2026\/03\/14\/los-alimentos-ultraprocesados-son-malos-para-la-salud-osea-segun-los-investigadores\/#primaryimage"},"image":{"@id":"https:\/\/lobosnews.com.ar\/index.php\/2026\/03\/14\/los-alimentos-ultraprocesados-son-malos-para-la-salud-osea-segun-los-investigadores\/#primaryimage"},"thumbnailUrl":"https:\/\/lobosnews.com.ar\/wp-content\/uploads\/2026\/03\/los-alimentos-ultraprocesados-son-malos-para-la-salud-osea-segun-los-investigadores.jpg","datePublished":"2026-03-14T04:30:49+00:00","dateModified":"2026-03-14T09:40:50+00:00","breadcrumb":{"@id":"https:\/\/lobosnews.com.ar\/index.php\/2026\/03\/14\/los-alimentos-ultraprocesados-son-malos-para-la-salud-osea-segun-los-investigadores\/#breadcrumb"},"inLanguage":"es","potentialAction":[{"@type":"ReadAction","target":["https:\/\/lobosnews.com.ar\/index.php\/2026\/03\/14\/los-alimentos-ultraprocesados-son-malos-para-la-salud-osea-segun-los-investigadores\/"]}]},{"@type":"ImageObject","inLanguage":"es","@id":"https:\/\/lobosnews.com.ar\/index.php\/2026\/03\/14\/los-alimentos-ultraprocesados-son-malos-para-la-salud-osea-segun-los-investigadores\/#primaryimage","url":"https:\/\/lobosnews.com.ar\/wp-content\/uploads\/2026\/03\/los-alimentos-ultraprocesados-son-malos-para-la-salud-osea-segun-los-investigadores.jpg","contentUrl":"https:\/\/lobosnews.com.ar\/wp-content\/uploads\/2026\/03\/los-alimentos-ultraprocesados-son-malos-para-la-salud-osea-segun-los-investigadores.jpg","width":1200,"height":800,"caption":"Los alimentos ultraprocesados son malos para la salud \u00f3sea, seg\u00fan los investigadores"},{"@type":"BreadcrumbList","@id":"https:\/\/lobosnews.com.ar\/index.php\/2026\/03\/14\/los-alimentos-ultraprocesados-son-malos-para-la-salud-osea-segun-los-investigadores\/#breadcrumb","itemListElement":[{"@type":"ListItem","position":1,"name":"Portada","item":"https:\/\/lobosnews.com.ar\/"},{"@type":"ListItem","position":2,"name":"Los alimentos ultraprocesados son malos para la salud \u00f3sea, seg\u00fan los investigadores"}]},{"@type":"WebSite","@id":"https:\/\/lobosnews.com.ar\/#website","url":"https:\/\/lobosnews.com.ar\/","name":"Lobos News","description":"Informaci\u00f3n a cada instante","publisher":{"@id":"https:\/\/lobosnews.com.ar\/#organization"},"potentialAction":[{"@type":"SearchAction","target":{"@type":"EntryPoint","urlTemplate":"https:\/\/lobosnews.com.ar\/?s={search_term_string}"},"query-input":{"@type":"PropertyValueSpecification","valueRequired":true,"valueName":"search_term_string"}}],"inLanguage":"es"},{"@type":"Organization","@id":"https:\/\/lobosnews.com.ar\/#organization","name":"Lobos News","url":"https:\/\/lobosnews.com.ar\/","logo":{"@type":"ImageObject","inLanguage":"es","@id":"https:\/\/lobosnews.com.ar\/#\/schema\/logo\/image\/","url":"https:\/\/lobosnews.com.ar\/wp-content\/uploads\/2026\/01\/logo-lobosnews.png","contentUrl":"https:\/\/lobosnews.com.ar\/wp-content\/uploads\/2026\/01\/logo-lobosnews.png","width":500,"height":200,"caption":"Lobos News"},"image":{"@id":"https:\/\/lobosnews.com.ar\/#\/schema\/logo\/image\/"}},{"@type":"Person","@id":"https:\/\/lobosnews.com.ar\/#\/schema\/person\/232422a593d5c541dd9aef6aaed10943","name":"admin","image":{"@type":"ImageObject","inLanguage":"es","@id":"https:\/\/lobosnews.com.ar\/#\/schema\/person\/image\/","url":"https:\/\/secure.gravatar.com\/avatar\/76e419471a2083bc3ceab22a763dbbf9b0c1bd15a6214cf3280e2c2dde4580f9?s=96&d=mm&r=g","contentUrl":"https:\/\/secure.gravatar.com\/avatar\/76e419471a2083bc3ceab22a763dbbf9b0c1bd15a6214cf3280e2c2dde4580f9?s=96&d=mm&r=g","caption":"admin"},"sameAs":["https:\/\/lobosnews.com.ar"],"url":"https:\/\/lobosnews.com.ar\/index.php\/author\/lobos-news\/"}]}},"jetpack_featured_media_url":"https:\/\/lobosnews.com.ar\/wp-content\/uploads\/2026\/03\/los-alimentos-ultraprocesados-son-malos-para-la-salud-osea-segun-los-investigadores.jpg","jetpack_sharing_enabled":true,"_links":{"self":[{"href":"https:\/\/lobosnews.com.ar\/index.php\/wp-json\/wp\/v2\/posts\/33319","targetHints":{"allow":["GET"]}}],"collection":[{"href":"https:\/\/lobosnews.com.ar\/index.php\/wp-json\/wp\/v2\/posts"}],"about":[{"href":"https:\/\/lobosnews.com.ar\/index.php\/wp-json\/wp\/v2\/types\/post"}],"author":[{"embeddable":true,"href":"https:\/\/lobosnews.com.ar\/index.php\/wp-json\/wp\/v2\/users\/1"}],"replies":[{"embeddable":true,"href":"https:\/\/lobosnews.com.ar\/index.php\/wp-json\/wp\/v2\/comments?post=33319"}],"version-history":[{"count":1,"href":"https:\/\/lobosnews.com.ar\/index.php\/wp-json\/wp\/v2\/posts\/33319\/revisions"}],"predecessor-version":[{"id":33321,"href":"https:\/\/lobosnews.com.ar\/index.php\/wp-json\/wp\/v2\/posts\/33319\/revisions\/33321"}],"wp:featuredmedia":[{"embeddable":true,"href":"https:\/\/lobosnews.com.ar\/index.php\/wp-json\/wp\/v2\/media\/33322"}],"wp:attachment":[{"href":"https:\/\/lobosnews.com.ar\/index.php\/wp-json\/wp\/v2\/media?parent=33319"}],"wp:term":[{"taxonomy":"category","embeddable":true,"href":"https:\/\/lobosnews.com.ar\/index.php\/wp-json\/wp\/v2\/categories?post=33319"},{"taxonomy":"post_tag","embeddable":true,"href":"https:\/\/lobosnews.com.ar\/index.php\/wp-json\/wp\/v2\/tags?post=33319"}],"curies":[{"name":"wp","href":"https:\/\/api.w.org\/{rel}","templated":true}]}}