{"id":33308,"date":"2026-03-14T04:44:06","date_gmt":"2026-03-14T04:44:06","guid":{"rendered":"https:\/\/lobosnews.com.ar\/index.php\/2026\/03\/14\/axel-kuschevatzky-revelo-cual-es-su-pelicula-candidata-al-oro-en-los-oscar-y-sus-expectativas-previo-a-la-ceremonia\/"},"modified":"2026-03-14T09:24:51","modified_gmt":"2026-03-14T09:24:51","slug":"axel-kuschevatzky-revelo-cual-es-su-pelicula-candidata-al-oro-en-los-oscar-y-sus-expectativas-previo-a-la-ceremonia","status":"publish","type":"post","link":"https:\/\/lobosnews.com.ar\/index.php\/2026\/03\/14\/axel-kuschevatzky-revelo-cual-es-su-pelicula-candidata-al-oro-en-los-oscar-y-sus-expectativas-previo-a-la-ceremonia\/","title":{"rendered":"Axel Kuschevatzky revel\u00f3 cu\u00e1l es su pel\u00edcula candidata al oro en los Oscar y sus expectativas previo a la ceremonia"},"content":{"rendered":"<p>Con la cuenta regresiva en marcha, la industria cinematogr\u00e1fica se prepara para vivir su noche m\u00e1s especial, la entrega de los <span class=\"waslinkname\"><b>Oscar<\/b><\/span>. Este 15 de marzo, el Dolby Theatre at Ovation Hollywood, en Los \u00c1ngeles, ser\u00e1 el escenario de la 98 edici\u00f3n, la cual premiar\u00e1 el trabajo de actores, directores y guionistas.<\/p>\n<p>En ese marco, una de las personas que vive la previa con gran pasi\u00f3n es <b>Axel Kuschevatzky<\/b>. Tal es as\u00ed que el productor cinematogr\u00e1fico dialog\u00f3 con Infobae en Vivo y dio su perspectiva de cara a la ceremonia. <\/p>\n<p>\u201c\u00bfEn qu\u00e9 se destaca este \u00d3scar 2026?\u201d, comenz\u00f3 pregunt\u00e1ndole <b>Gonzalo Azis<\/b> en <i>Infobae al Regreso<\/i>. \u201cMucha diversidad, pel\u00edculas de todo el mundo. La Academia de Hollywood tiene nueve mil quinientos, eh, votantes. M\u00e1s de la mitad de los votantes viven fuera de Estados Unidos y eso se refleja mucho en las nominaciones. Entre la categor\u00eda mejor pel\u00edcula hay dos pel\u00edculas no norteamericanas, por ejemplo, no anglosajonas. El agente secreto, la pel\u00edcula brasile\u00f1a de Clayton Mendoza Filho, y Valor sentimental. Las otras ocho s\u00ed son pel\u00edculas anglosajonas. Algunas son de estudio, otras son pel\u00edculas independientes\u201d, comenz\u00f3 diciendo el invitado.<\/p>\n<p>Acto seguido, Kuschevatzky continu\u00f3 detallando los puntos clave de la premiaci\u00f3n: \u201cEsta diversidad del grupo votante, entre los cuales hay casi unos treinta argentinos, entre los que me incluyo, se ve en las candidatas. No es como en otra \u00e9poca, donde ten\u00edas solamente pel\u00edculas de estudio, solamente pel\u00edculas norteamericanas, a veces alguna pel\u00edcula inglesa se colaba. Hoy ten\u00e9s cosas muy fuertes. Los Pecadores, de Sinners es una pel\u00edcula que tiene diecis\u00e9is nominaciones, la convierte en la pel\u00edcula m\u00e1s nominada de la historia. En realidad, lo que hace la diferencia es que este a\u00f1o por primera vez se entrega el \u00d3scar a mejor casting. Si no hubiese quedado en 15 y no hubiese roto el r\u00e9cord hist\u00f3rico\u201d.<\/p>\n<p>Fue entonces cuando el conductor ahond\u00f3: \u201cM\u00e1s all\u00e1 de las que tienen m\u00e1s chances de ganar, a vos, de las que est\u00e1n nominadas a mejor pel\u00edcula, \u00bfcu\u00e1l es la que m\u00e1s te gust\u00f3?\u201d. Inmediatamente, en menos de un segundo, el entrevistado afirm\u00f3: \u201cEl agente secreto. Me parece la mejor pel\u00edcula que sali\u00f3 de Latinoam\u00e9rica en los \u00faltimos veinticinco a\u00f1os. Para m\u00ed es una obra maestra de punta a punta. Es una pel\u00edcula de una inteligencia, de una sofisticaci\u00f3n, de millones de niveles de lectura. Nunca te cansas de verla. Y me voy a apuntar una cuarta porque siempre le encuentro cosas. Me parece incre\u00edble\u201d.<\/p>\n<p>Luego, Aziz resalt\u00f3 la trayectoria de Axel: \u201cVos participaste desde varios lugares de este premio, porque tambi\u00e9n ten\u00e9s el detalle de haber sido un un premiado para la Rep\u00fablica Argentina en cuanto al tema del \u00d3scar\u201d. Con humildad, el invitado respondi\u00f3: \u201cFui parte de las \u00faltimas tres pel\u00edculas argentinas nominadas al \u00d3scar. Fui parte de El secreto de sus ojos, que lo gan\u00f3, de Relatos salvajes y de Argentina, 1985\u201d.<\/p>\n<p>Hecha esta salvedad, Aziz busc\u00f3 mayor profundidad en la charla y trat\u00f3 de que el p\u00fablico dimensionara la importancia dele vento: \u201cY por eso te pregunto. Vos arrancaste siendo un cr\u00edtico de cine. Terminaste siendo un productor de cine y llegaste a lo m\u00e1s alto. El \u00d3scar es la Copa FIFA del cine claramente, \u00bfno?\u201d.<\/p>\n<p><img loading=\"lazy\" decoding=\"async\" src=\"https:\/\/lobosnews.com.ar\/wp-content\/uploads\/2026\/03\/axel-kuschevatzky-revelo-cual-es-su-pelicula-candidata-al-oro-en-los-oscar-y-sus-expectativas-previo-a-la-ceremonia.jpg\" alt=\"Axel Kuschevatzky resalta la importancia de una nominaci\u00f3n al Oscar para mejorar el valor de mercado de profesionales del cine\" height=\"1080\" width=\"1920\"\/><\/p>\n<p>De forma tajante, el especialista en cine relat\u00f3: \u201cLa gente cree que la obsesi\u00f3n por ganar un \u00d3scar, de los que trabajamos en cine, est\u00e1 relacionada con la autoestima. Y en realidad no tiene nada que ver con eso. Si vos hac\u00e9s pel\u00edculas, si sos actor o actriz o guionista o director, eleva tu valor de mercado. Est\u00e1s en condiciones de acceder a una vida mejor si quer\u00e9s. Si sos productor, ten\u00e9s la posibilidad de tocar la puerta y que alguien te financie los proyectos. Entonces s\u00ed, modifica. Una nominaci\u00f3n no modifica tu existencia. Un \u00d3scar, te da la vuelta en el aire. Ahora, es muy f\u00e1cil marearse y es muy f\u00e1cil pensar que porque una vez hiciste un gol, ese gol dura toda la vida. Y la verdad es que no. Las medallas caducan\u201d.<\/p>\n<p>\u201c\u00bfCu\u00e1l es el criterio para seleccionar qu\u00e9 pel\u00edculas como El agente secreto o Valor sentimental est\u00e9n nominadas como mejor pel\u00edcula en la categor\u00eda que todos conocemos y tambi\u00e9n en la categor\u00eda mejor pel\u00edcula internacional?\u201d, consult\u00f3 la mesa period\u00edstica. Fiel a su estilo, Axel explic\u00f3: \u201cVoy a tirar abajo todas las teor\u00edas conspirativas. Lo voy a contar como votante de la academia. La votaci\u00f3n de la academia tiene varias etapas. Hay una primera etapa donde la academia est\u00e1 dividida por especialidades. Yo, por ejemplo, soy productor y voto solamente mejor pel\u00edcula. Los actores votan solamente en la primera ronda: mejor pel\u00edcula, mejor actor y mejor actor de reparto, mejor actriz de reparto. Nosotros no sabemos qu\u00e9 vota otra gente. Yo no s\u00e9 qu\u00e9 est\u00e1n votando los guionistas o los m\u00fasicos, y ellos no saben qu\u00e9 estamos votando los productores\u201d.<\/p>\n<p>Por \u00faltimo, Kuschevatzky coment\u00f3: \u201cCuando una pel\u00edcula tiene muchas nominaciones es porque hubo un consenso invisible, no porque gente se puso de acuerdo. Vuelvo a lo mismo, nueve mil quinientos votantes en todo el mundo. Imaginate la diversidad. Ahora, en la primera ronda hay varias categor\u00edas que son optativas: mejor corto, mejor pel\u00edcula animada y mejor pel\u00edcula internacional. Vos te anot\u00e1s a trav\u00e9s del sitio de la academia, te llega un link para ver las pel\u00edculas y te tocan al boleo nueve pel\u00edculas. Y despu\u00e9s te dicen: \u201cBueno, de estas nueve pel\u00edculas, cu\u00e1l es el orden de preferencia que pondr\u00edas\u201d. Ese es el primer filtro. El segundo filtro es que a partir de esa lista quedan las nominadas. Es decir, no existe un criterio \u00fanico. La academia no viene y te dice: \u201cTen\u00e9s que votar la que vaya en contra del sistema\u201d\u201d.<\/p>\n<p><i><b>Infobae en Vivo <\/b><\/i><i>te acompa\u00f1a cada d\u00eda en YouTube con entrevistas, an\u00e1lisis y la informaci\u00f3n m\u00e1s destacada, en un formato cercano y din\u00e1mico.<\/i><\/p>\n<p><i>* De 7 a 9: Infobae al Amanecer: Nacho Gir\u00f3n, Luciana Rubinska y Bel\u00e9n Escobar<\/i><\/p>\n<p><i>* De 9 a 12: Infobae a las Nueve: Gonzalo S\u00e1nchez, Tatiana Schapiro, Ram\u00f3n Indart y Cecilia Boufflet<\/i><\/p>\n<p><i>* De 12 a 15: Infobae al Mediod\u00eda: Maru Duffard, Andrei Serbin Pont, Jimena Grandinetti, Fede Mayol y Facundo Kablan<\/i><\/p>\n<p><i>* De 15 a 18: Infobae a la Tarde: Manu Jove, Maia Jastreblansky y Paula Guardia Bourdin; rotan en la semana Marcos Shaw, Lara L\u00f3pez Calvo y Tom\u00e1s Trap\u00e9<\/i><\/p>\n<p><i>* De 18 a 21: Infobae al Regreso: Gonzalo Aziz, Diego Iglesias, Malena de los R\u00edos y Mat\u00edas Barber\u00eda; rotan en la semana Gustavo Lazzari, Mart\u00edn Tetaz y Mica Mendelevich<\/i><\/p>\n","protected":false},"excerpt":{"rendered":"<p>Con la cuenta regresiva en marcha, la industria cinematogr\u00e1fica se prepara para vivir su noche m\u00e1s especial, la entrega de los Oscar. Este 15 de marzo, el Dolby Theatre at Ovation Hollywood, en Los \u00c1ngeles, ser\u00e1 el escenario de la 98 edici\u00f3n, la cual premiar\u00e1 el trabajo de actores, directores y guionistas. En ese marco,&#8230;<\/p>\n","protected":false},"author":1,"featured_media":33311,"comment_status":"open","ping_status":"closed","sticky":false,"template":"","format":"standard","meta":{"_jetpack_memberships_contains_paid_content":false,"footnotes":""},"categories":[79],"tags":[],"class_list":["post-33308","post","type-post","status-publish","format-standard","has-post-thumbnail","hentry","category-cine-y-series"],"magazineBlocksPostFeaturedMedia":{"thumbnail":"https:\/\/lobosnews.com.ar\/wp-content\/uploads\/2026\/03\/axel-kuschevatzky-revelo-cual-es-su-pelicula-candidata-al-oro-en-los-oscar-y-sus-expectativas-previo-a-la-ceremonia-150x150.jpg","medium":"https:\/\/lobosnews.com.ar\/wp-content\/uploads\/2026\/03\/axel-kuschevatzky-revelo-cual-es-su-pelicula-candidata-al-oro-en-los-oscar-y-sus-expectativas-previo-a-la-ceremonia-300x169.jpg","medium_large":"https:\/\/lobosnews.com.ar\/wp-content\/uploads\/2026\/03\/axel-kuschevatzky-revelo-cual-es-su-pelicula-candidata-al-oro-en-los-oscar-y-sus-expectativas-previo-a-la-ceremonia-768x432.jpg","large":"https:\/\/lobosnews.com.ar\/wp-content\/uploads\/2026\/03\/axel-kuschevatzky-revelo-cual-es-su-pelicula-candidata-al-oro-en-los-oscar-y-sus-expectativas-previo-a-la-ceremonia-1024x576.jpg","1536x1536":"https:\/\/lobosnews.com.ar\/wp-content\/uploads\/2026\/03\/axel-kuschevatzky-revelo-cual-es-su-pelicula-candidata-al-oro-en-los-oscar-y-sus-expectativas-previo-a-la-ceremonia-1536x864.jpg","2048x2048":"https:\/\/lobosnews.com.ar\/wp-content\/uploads\/2026\/03\/axel-kuschevatzky-revelo-cual-es-su-pelicula-candidata-al-oro-en-los-oscar-y-sus-expectativas-previo-a-la-ceremonia.jpg","newsmatic-featured":"https:\/\/lobosnews.com.ar\/wp-content\/uploads\/2026\/03\/axel-kuschevatzky-revelo-cual-es-su-pelicula-candidata-al-oro-en-los-oscar-y-sus-expectativas-previo-a-la-ceremonia-820x545.jpg","newsmatic-list":"https:\/\/lobosnews.com.ar\/wp-content\/uploads\/2026\/03\/axel-kuschevatzky-revelo-cual-es-su-pelicula-candidata-al-oro-en-los-oscar-y-sus-expectativas-previo-a-la-ceremonia-600x400.jpg","newsmatic-thumb":"https:\/\/lobosnews.com.ar\/wp-content\/uploads\/2026\/03\/axel-kuschevatzky-revelo-cual-es-su-pelicula-candidata-al-oro-en-los-oscar-y-sus-expectativas-previo-a-la-ceremonia-300x200.jpg","newsmatic-small":"https:\/\/lobosnews.com.ar\/wp-content\/uploads\/2026\/03\/axel-kuschevatzky-revelo-cual-es-su-pelicula-candidata-al-oro-en-los-oscar-y-sus-expectativas-previo-a-la-ceremonia-150x95.jpg","newsmatic-grid":"https:\/\/lobosnews.com.ar\/wp-content\/uploads\/2026\/03\/axel-kuschevatzky-revelo-cual-es-su-pelicula-candidata-al-oro-en-los-oscar-y-sus-expectativas-previo-a-la-ceremonia-400x250.jpg"},"magazineBlocksPostAuthor":{"name":"admin","avatar":"https:\/\/secure.gravatar.com\/avatar\/76e419471a2083bc3ceab22a763dbbf9b0c1bd15a6214cf3280e2c2dde4580f9?s=96&d=mm&r=g"},"magazineBlocksPostCommentsNumber":"0","magazineBlocksPostExcerpt":"Con la cuenta regresiva en marcha, la industria cinematogr\u00e1fica se prepara para vivir su noche m\u00e1s especial, la entrega de los Oscar. Este 15 de marzo, el Dolby Theatre at Ovation Hollywood, en Los \u00c1ngeles, ser\u00e1 el escenario de la 98 edici\u00f3n, la cual premiar\u00e1 el trabajo de actores, directores y guionistas. En ese marco,...","magazineBlocksPostCategories":["Cine y Series"],"magazineBlocksPostViewCount":92,"magazineBlocksPostReadTime":6,"magazine_blocks_featured_image_url":{"full":["https:\/\/lobosnews.com.ar\/wp-content\/uploads\/2026\/03\/axel-kuschevatzky-revelo-cual-es-su-pelicula-candidata-al-oro-en-los-oscar-y-sus-expectativas-previo-a-la-ceremonia.jpg",1920,1080,false],"medium":["https:\/\/lobosnews.com.ar\/wp-content\/uploads\/2026\/03\/axel-kuschevatzky-revelo-cual-es-su-pelicula-candidata-al-oro-en-los-oscar-y-sus-expectativas-previo-a-la-ceremonia-300x169.jpg",300,169,true],"thumbnail":["https:\/\/lobosnews.com.ar\/wp-content\/uploads\/2026\/03\/axel-kuschevatzky-revelo-cual-es-su-pelicula-candidata-al-oro-en-los-oscar-y-sus-expectativas-previo-a-la-ceremonia-150x150.jpg",150,150,true]},"magazine_blocks_author":{"display_name":"admin","author_link":"https:\/\/lobosnews.com.ar\/index.php\/author\/lobos-news\/"},"magazine_blocks_comment":0,"magazine_blocks_author_image":"https:\/\/secure.gravatar.com\/avatar\/76e419471a2083bc3ceab22a763dbbf9b0c1bd15a6214cf3280e2c2dde4580f9?s=96&d=mm&r=g","magazine_blocks_category":"<a href=\"#\" class=\"category-link category-link-79\">Cine y Series<\/a>","yoast_head":"<!-- This site is optimized with the Yoast SEO plugin v26.6 - https:\/\/yoast.com\/wordpress\/plugins\/seo\/ -->\n<title>Axel Kuschevatzky revel\u00f3 cu\u00e1l es su pel\u00edcula candidata al oro en los Oscar y sus expectativas previo a la ceremonia - Lobos News<\/title>\n<meta name=\"robots\" content=\"index, follow, max-snippet:-1, max-image-preview:large, max-video-preview:-1\" \/>\n<link rel=\"canonical\" href=\"https:\/\/lobosnews.com.ar\/index.php\/2026\/03\/14\/axel-kuschevatzky-revelo-cual-es-su-pelicula-candidata-al-oro-en-los-oscar-y-sus-expectativas-previo-a-la-ceremonia\/\" \/>\n<meta property=\"og:locale\" content=\"es_ES\" \/>\n<meta property=\"og:type\" content=\"article\" \/>\n<meta property=\"og:title\" content=\"Axel Kuschevatzky revel\u00f3 cu\u00e1l es su pel\u00edcula candidata al oro en los Oscar y sus expectativas previo a la ceremonia - Lobos News\" \/>\n<meta property=\"og:description\" content=\"Con la cuenta regresiva en marcha, la industria cinematogr\u00e1fica se prepara para vivir su noche m\u00e1s especial, la entrega de los Oscar. Este 15 de marzo, el Dolby Theatre at Ovation Hollywood, en Los \u00c1ngeles, ser\u00e1 el escenario de la 98 edici\u00f3n, la cual premiar\u00e1 el trabajo de actores, directores y guionistas. En ese marco,...\" \/>\n<meta property=\"og:url\" content=\"https:\/\/lobosnews.com.ar\/index.php\/2026\/03\/14\/axel-kuschevatzky-revelo-cual-es-su-pelicula-candidata-al-oro-en-los-oscar-y-sus-expectativas-previo-a-la-ceremonia\/\" \/>\n<meta property=\"og:site_name\" content=\"Lobos News\" \/>\n<meta property=\"article:published_time\" content=\"2026-03-14T04:44:06+00:00\" \/>\n<meta property=\"article:modified_time\" content=\"2026-03-14T09:24:51+00:00\" \/>\n<meta property=\"og:image\" content=\"https:\/\/lobosnews.com.ar\/wp-content\/uploads\/2026\/03\/axel-kuschevatzky-revelo-cual-es-su-pelicula-candidata-al-oro-en-los-oscar-y-sus-expectativas-previo-a-la-ceremonia.jpg\" \/>\n<meta name=\"author\" content=\"admin\" \/>\n<meta name=\"twitter:card\" content=\"summary_large_image\" \/>\n<meta name=\"twitter:label1\" content=\"Escrito por\" \/>\n\t<meta name=\"twitter:data1\" content=\"admin\" \/>\n\t<meta name=\"twitter:label2\" content=\"Tiempo de lectura\" \/>\n\t<meta name=\"twitter:data2\" content=\"6 minutos\" \/>\n<script type=\"application\/ld+json\" class=\"yoast-schema-graph\">{\"@context\":\"https:\/\/schema.org\",\"@graph\":[{\"@type\":\"Article\",\"@id\":\"https:\/\/lobosnews.com.ar\/index.php\/2026\/03\/14\/axel-kuschevatzky-revelo-cual-es-su-pelicula-candidata-al-oro-en-los-oscar-y-sus-expectativas-previo-a-la-ceremonia\/#article\",\"isPartOf\":{\"@id\":\"https:\/\/lobosnews.com.ar\/index.php\/2026\/03\/14\/axel-kuschevatzky-revelo-cual-es-su-pelicula-candidata-al-oro-en-los-oscar-y-sus-expectativas-previo-a-la-ceremonia\/\"},\"author\":{\"name\":\"admin\",\"@id\":\"https:\/\/lobosnews.com.ar\/#\/schema\/person\/232422a593d5c541dd9aef6aaed10943\"},\"headline\":\"Axel Kuschevatzky revel\u00f3 cu\u00e1l es su pel\u00edcula candidata al oro en los Oscar y sus expectativas previo a la ceremonia\",\"datePublished\":\"2026-03-14T04:44:06+00:00\",\"dateModified\":\"2026-03-14T09:24:51+00:00\",\"mainEntityOfPage\":{\"@id\":\"https:\/\/lobosnews.com.ar\/index.php\/2026\/03\/14\/axel-kuschevatzky-revelo-cual-es-su-pelicula-candidata-al-oro-en-los-oscar-y-sus-expectativas-previo-a-la-ceremonia\/\"},\"wordCount\":1186,\"commentCount\":0,\"publisher\":{\"@id\":\"https:\/\/lobosnews.com.ar\/#organization\"},\"image\":{\"@id\":\"https:\/\/lobosnews.com.ar\/index.php\/2026\/03\/14\/axel-kuschevatzky-revelo-cual-es-su-pelicula-candidata-al-oro-en-los-oscar-y-sus-expectativas-previo-a-la-ceremonia\/#primaryimage\"},\"thumbnailUrl\":\"https:\/\/lobosnews.com.ar\/wp-content\/uploads\/2026\/03\/axel-kuschevatzky-revelo-cual-es-su-pelicula-candidata-al-oro-en-los-oscar-y-sus-expectativas-previo-a-la-ceremonia.jpg\",\"articleSection\":[\"Cine y Series\"],\"inLanguage\":\"es\",\"potentialAction\":[{\"@type\":\"CommentAction\",\"name\":\"Comment\",\"target\":[\"https:\/\/lobosnews.com.ar\/index.php\/2026\/03\/14\/axel-kuschevatzky-revelo-cual-es-su-pelicula-candidata-al-oro-en-los-oscar-y-sus-expectativas-previo-a-la-ceremonia\/#respond\"]}]},{\"@type\":\"WebPage\",\"@id\":\"https:\/\/lobosnews.com.ar\/index.php\/2026\/03\/14\/axel-kuschevatzky-revelo-cual-es-su-pelicula-candidata-al-oro-en-los-oscar-y-sus-expectativas-previo-a-la-ceremonia\/\",\"url\":\"https:\/\/lobosnews.com.ar\/index.php\/2026\/03\/14\/axel-kuschevatzky-revelo-cual-es-su-pelicula-candidata-al-oro-en-los-oscar-y-sus-expectativas-previo-a-la-ceremonia\/\",\"name\":\"Axel Kuschevatzky revel\u00f3 cu\u00e1l es su pel\u00edcula candidata al oro en los Oscar y sus expectativas previo a la ceremonia - Lobos News\",\"isPartOf\":{\"@id\":\"https:\/\/lobosnews.com.ar\/#website\"},\"primaryImageOfPage\":{\"@id\":\"https:\/\/lobosnews.com.ar\/index.php\/2026\/03\/14\/axel-kuschevatzky-revelo-cual-es-su-pelicula-candidata-al-oro-en-los-oscar-y-sus-expectativas-previo-a-la-ceremonia\/#primaryimage\"},\"image\":{\"@id\":\"https:\/\/lobosnews.com.ar\/index.php\/2026\/03\/14\/axel-kuschevatzky-revelo-cual-es-su-pelicula-candidata-al-oro-en-los-oscar-y-sus-expectativas-previo-a-la-ceremonia\/#primaryimage\"},\"thumbnailUrl\":\"https:\/\/lobosnews.com.ar\/wp-content\/uploads\/2026\/03\/axel-kuschevatzky-revelo-cual-es-su-pelicula-candidata-al-oro-en-los-oscar-y-sus-expectativas-previo-a-la-ceremonia.jpg\",\"datePublished\":\"2026-03-14T04:44:06+00:00\",\"dateModified\":\"2026-03-14T09:24:51+00:00\",\"breadcrumb\":{\"@id\":\"https:\/\/lobosnews.com.ar\/index.php\/2026\/03\/14\/axel-kuschevatzky-revelo-cual-es-su-pelicula-candidata-al-oro-en-los-oscar-y-sus-expectativas-previo-a-la-ceremonia\/#breadcrumb\"},\"inLanguage\":\"es\",\"potentialAction\":[{\"@type\":\"ReadAction\",\"target\":[\"https:\/\/lobosnews.com.ar\/index.php\/2026\/03\/14\/axel-kuschevatzky-revelo-cual-es-su-pelicula-candidata-al-oro-en-los-oscar-y-sus-expectativas-previo-a-la-ceremonia\/\"]}]},{\"@type\":\"ImageObject\",\"inLanguage\":\"es\",\"@id\":\"https:\/\/lobosnews.com.ar\/index.php\/2026\/03\/14\/axel-kuschevatzky-revelo-cual-es-su-pelicula-candidata-al-oro-en-los-oscar-y-sus-expectativas-previo-a-la-ceremonia\/#primaryimage\",\"url\":\"https:\/\/lobosnews.com.ar\/wp-content\/uploads\/2026\/03\/axel-kuschevatzky-revelo-cual-es-su-pelicula-candidata-al-oro-en-los-oscar-y-sus-expectativas-previo-a-la-ceremonia.jpg\",\"contentUrl\":\"https:\/\/lobosnews.com.ar\/wp-content\/uploads\/2026\/03\/axel-kuschevatzky-revelo-cual-es-su-pelicula-candidata-al-oro-en-los-oscar-y-sus-expectativas-previo-a-la-ceremonia.jpg\",\"width\":1920,\"height\":1080,\"caption\":\"Axel Kuschevatzky revel\u00f3 cu\u00e1l es su pel\u00edcula candidata al oro en los Oscar y sus expectativas previo a la ceremonia\"},{\"@type\":\"BreadcrumbList\",\"@id\":\"https:\/\/lobosnews.com.ar\/index.php\/2026\/03\/14\/axel-kuschevatzky-revelo-cual-es-su-pelicula-candidata-al-oro-en-los-oscar-y-sus-expectativas-previo-a-la-ceremonia\/#breadcrumb\",\"itemListElement\":[{\"@type\":\"ListItem\",\"position\":1,\"name\":\"Portada\",\"item\":\"https:\/\/lobosnews.com.ar\/\"},{\"@type\":\"ListItem\",\"position\":2,\"name\":\"Axel Kuschevatzky revel\u00f3 cu\u00e1l es su pel\u00edcula candidata al oro en los Oscar y sus expectativas previo a la ceremonia\"}]},{\"@type\":\"WebSite\",\"@id\":\"https:\/\/lobosnews.com.ar\/#website\",\"url\":\"https:\/\/lobosnews.com.ar\/\",\"name\":\"Lobos News\",\"description\":\"Informaci\u00f3n a cada instante\",\"publisher\":{\"@id\":\"https:\/\/lobosnews.com.ar\/#organization\"},\"potentialAction\":[{\"@type\":\"SearchAction\",\"target\":{\"@type\":\"EntryPoint\",\"urlTemplate\":\"https:\/\/lobosnews.com.ar\/?s={search_term_string}\"},\"query-input\":{\"@type\":\"PropertyValueSpecification\",\"valueRequired\":true,\"valueName\":\"search_term_string\"}}],\"inLanguage\":\"es\"},{\"@type\":\"Organization\",\"@id\":\"https:\/\/lobosnews.com.ar\/#organization\",\"name\":\"Lobos News\",\"url\":\"https:\/\/lobosnews.com.ar\/\",\"logo\":{\"@type\":\"ImageObject\",\"inLanguage\":\"es\",\"@id\":\"https:\/\/lobosnews.com.ar\/#\/schema\/logo\/image\/\",\"url\":\"https:\/\/lobosnews.com.ar\/wp-content\/uploads\/2026\/01\/logo-lobosnews.png\",\"contentUrl\":\"https:\/\/lobosnews.com.ar\/wp-content\/uploads\/2026\/01\/logo-lobosnews.png\",\"width\":500,\"height\":200,\"caption\":\"Lobos News\"},\"image\":{\"@id\":\"https:\/\/lobosnews.com.ar\/#\/schema\/logo\/image\/\"}},{\"@type\":\"Person\",\"@id\":\"https:\/\/lobosnews.com.ar\/#\/schema\/person\/232422a593d5c541dd9aef6aaed10943\",\"name\":\"admin\",\"image\":{\"@type\":\"ImageObject\",\"inLanguage\":\"es\",\"@id\":\"https:\/\/lobosnews.com.ar\/#\/schema\/person\/image\/\",\"url\":\"https:\/\/secure.gravatar.com\/avatar\/76e419471a2083bc3ceab22a763dbbf9b0c1bd15a6214cf3280e2c2dde4580f9?s=96&d=mm&r=g\",\"contentUrl\":\"https:\/\/secure.gravatar.com\/avatar\/76e419471a2083bc3ceab22a763dbbf9b0c1bd15a6214cf3280e2c2dde4580f9?s=96&d=mm&r=g\",\"caption\":\"admin\"},\"sameAs\":[\"https:\/\/lobosnews.com.ar\"],\"url\":\"https:\/\/lobosnews.com.ar\/index.php\/author\/lobos-news\/\"}]}<\/script>\n<!-- \/ Yoast SEO plugin. -->","yoast_head_json":{"title":"Axel Kuschevatzky revel\u00f3 cu\u00e1l es su pel\u00edcula candidata al oro en los Oscar y sus expectativas previo a la ceremonia - Lobos News","robots":{"index":"index","follow":"follow","max-snippet":"max-snippet:-1","max-image-preview":"max-image-preview:large","max-video-preview":"max-video-preview:-1"},"canonical":"https:\/\/lobosnews.com.ar\/index.php\/2026\/03\/14\/axel-kuschevatzky-revelo-cual-es-su-pelicula-candidata-al-oro-en-los-oscar-y-sus-expectativas-previo-a-la-ceremonia\/","og_locale":"es_ES","og_type":"article","og_title":"Axel Kuschevatzky revel\u00f3 cu\u00e1l es su pel\u00edcula candidata al oro en los Oscar y sus expectativas previo a la ceremonia - Lobos News","og_description":"Con la cuenta regresiva en marcha, la industria cinematogr\u00e1fica se prepara para vivir su noche m\u00e1s especial, la entrega de los Oscar. Este 15 de marzo, el Dolby Theatre at Ovation Hollywood, en Los \u00c1ngeles, ser\u00e1 el escenario de la 98 edici\u00f3n, la cual premiar\u00e1 el trabajo de actores, directores y guionistas. En ese marco,...","og_url":"https:\/\/lobosnews.com.ar\/index.php\/2026\/03\/14\/axel-kuschevatzky-revelo-cual-es-su-pelicula-candidata-al-oro-en-los-oscar-y-sus-expectativas-previo-a-la-ceremonia\/","og_site_name":"Lobos News","article_published_time":"2026-03-14T04:44:06+00:00","article_modified_time":"2026-03-14T09:24:51+00:00","og_image":[{"url":"https:\/\/lobosnews.com.ar\/wp-content\/uploads\/2026\/03\/axel-kuschevatzky-revelo-cual-es-su-pelicula-candidata-al-oro-en-los-oscar-y-sus-expectativas-previo-a-la-ceremonia.jpg","type":"","width":"","height":""}],"author":"admin","twitter_card":"summary_large_image","twitter_misc":{"Escrito por":"admin","Tiempo de lectura":"6 minutos"},"schema":{"@context":"https:\/\/schema.org","@graph":[{"@type":"Article","@id":"https:\/\/lobosnews.com.ar\/index.php\/2026\/03\/14\/axel-kuschevatzky-revelo-cual-es-su-pelicula-candidata-al-oro-en-los-oscar-y-sus-expectativas-previo-a-la-ceremonia\/#article","isPartOf":{"@id":"https:\/\/lobosnews.com.ar\/index.php\/2026\/03\/14\/axel-kuschevatzky-revelo-cual-es-su-pelicula-candidata-al-oro-en-los-oscar-y-sus-expectativas-previo-a-la-ceremonia\/"},"author":{"name":"admin","@id":"https:\/\/lobosnews.com.ar\/#\/schema\/person\/232422a593d5c541dd9aef6aaed10943"},"headline":"Axel Kuschevatzky revel\u00f3 cu\u00e1l es su pel\u00edcula candidata al oro en los Oscar y sus expectativas previo a la ceremonia","datePublished":"2026-03-14T04:44:06+00:00","dateModified":"2026-03-14T09:24:51+00:00","mainEntityOfPage":{"@id":"https:\/\/lobosnews.com.ar\/index.php\/2026\/03\/14\/axel-kuschevatzky-revelo-cual-es-su-pelicula-candidata-al-oro-en-los-oscar-y-sus-expectativas-previo-a-la-ceremonia\/"},"wordCount":1186,"commentCount":0,"publisher":{"@id":"https:\/\/lobosnews.com.ar\/#organization"},"image":{"@id":"https:\/\/lobosnews.com.ar\/index.php\/2026\/03\/14\/axel-kuschevatzky-revelo-cual-es-su-pelicula-candidata-al-oro-en-los-oscar-y-sus-expectativas-previo-a-la-ceremonia\/#primaryimage"},"thumbnailUrl":"https:\/\/lobosnews.com.ar\/wp-content\/uploads\/2026\/03\/axel-kuschevatzky-revelo-cual-es-su-pelicula-candidata-al-oro-en-los-oscar-y-sus-expectativas-previo-a-la-ceremonia.jpg","articleSection":["Cine y Series"],"inLanguage":"es","potentialAction":[{"@type":"CommentAction","name":"Comment","target":["https:\/\/lobosnews.com.ar\/index.php\/2026\/03\/14\/axel-kuschevatzky-revelo-cual-es-su-pelicula-candidata-al-oro-en-los-oscar-y-sus-expectativas-previo-a-la-ceremonia\/#respond"]}]},{"@type":"WebPage","@id":"https:\/\/lobosnews.com.ar\/index.php\/2026\/03\/14\/axel-kuschevatzky-revelo-cual-es-su-pelicula-candidata-al-oro-en-los-oscar-y-sus-expectativas-previo-a-la-ceremonia\/","url":"https:\/\/lobosnews.com.ar\/index.php\/2026\/03\/14\/axel-kuschevatzky-revelo-cual-es-su-pelicula-candidata-al-oro-en-los-oscar-y-sus-expectativas-previo-a-la-ceremonia\/","name":"Axel Kuschevatzky revel\u00f3 cu\u00e1l es su pel\u00edcula candidata al oro en los Oscar y sus expectativas previo a la ceremonia - Lobos News","isPartOf":{"@id":"https:\/\/lobosnews.com.ar\/#website"},"primaryImageOfPage":{"@id":"https:\/\/lobosnews.com.ar\/index.php\/2026\/03\/14\/axel-kuschevatzky-revelo-cual-es-su-pelicula-candidata-al-oro-en-los-oscar-y-sus-expectativas-previo-a-la-ceremonia\/#primaryimage"},"image":{"@id":"https:\/\/lobosnews.com.ar\/index.php\/2026\/03\/14\/axel-kuschevatzky-revelo-cual-es-su-pelicula-candidata-al-oro-en-los-oscar-y-sus-expectativas-previo-a-la-ceremonia\/#primaryimage"},"thumbnailUrl":"https:\/\/lobosnews.com.ar\/wp-content\/uploads\/2026\/03\/axel-kuschevatzky-revelo-cual-es-su-pelicula-candidata-al-oro-en-los-oscar-y-sus-expectativas-previo-a-la-ceremonia.jpg","datePublished":"2026-03-14T04:44:06+00:00","dateModified":"2026-03-14T09:24:51+00:00","breadcrumb":{"@id":"https:\/\/lobosnews.com.ar\/index.php\/2026\/03\/14\/axel-kuschevatzky-revelo-cual-es-su-pelicula-candidata-al-oro-en-los-oscar-y-sus-expectativas-previo-a-la-ceremonia\/#breadcrumb"},"inLanguage":"es","potentialAction":[{"@type":"ReadAction","target":["https:\/\/lobosnews.com.ar\/index.php\/2026\/03\/14\/axel-kuschevatzky-revelo-cual-es-su-pelicula-candidata-al-oro-en-los-oscar-y-sus-expectativas-previo-a-la-ceremonia\/"]}]},{"@type":"ImageObject","inLanguage":"es","@id":"https:\/\/lobosnews.com.ar\/index.php\/2026\/03\/14\/axel-kuschevatzky-revelo-cual-es-su-pelicula-candidata-al-oro-en-los-oscar-y-sus-expectativas-previo-a-la-ceremonia\/#primaryimage","url":"https:\/\/lobosnews.com.ar\/wp-content\/uploads\/2026\/03\/axel-kuschevatzky-revelo-cual-es-su-pelicula-candidata-al-oro-en-los-oscar-y-sus-expectativas-previo-a-la-ceremonia.jpg","contentUrl":"https:\/\/lobosnews.com.ar\/wp-content\/uploads\/2026\/03\/axel-kuschevatzky-revelo-cual-es-su-pelicula-candidata-al-oro-en-los-oscar-y-sus-expectativas-previo-a-la-ceremonia.jpg","width":1920,"height":1080,"caption":"Axel Kuschevatzky revel\u00f3 cu\u00e1l es su pel\u00edcula candidata al oro en los Oscar y sus expectativas previo a la ceremonia"},{"@type":"BreadcrumbList","@id":"https:\/\/lobosnews.com.ar\/index.php\/2026\/03\/14\/axel-kuschevatzky-revelo-cual-es-su-pelicula-candidata-al-oro-en-los-oscar-y-sus-expectativas-previo-a-la-ceremonia\/#breadcrumb","itemListElement":[{"@type":"ListItem","position":1,"name":"Portada","item":"https:\/\/lobosnews.com.ar\/"},{"@type":"ListItem","position":2,"name":"Axel Kuschevatzky revel\u00f3 cu\u00e1l es su pel\u00edcula candidata al oro en los Oscar y sus expectativas previo a la ceremonia"}]},{"@type":"WebSite","@id":"https:\/\/lobosnews.com.ar\/#website","url":"https:\/\/lobosnews.com.ar\/","name":"Lobos News","description":"Informaci\u00f3n a cada instante","publisher":{"@id":"https:\/\/lobosnews.com.ar\/#organization"},"potentialAction":[{"@type":"SearchAction","target":{"@type":"EntryPoint","urlTemplate":"https:\/\/lobosnews.com.ar\/?s={search_term_string}"},"query-input":{"@type":"PropertyValueSpecification","valueRequired":true,"valueName":"search_term_string"}}],"inLanguage":"es"},{"@type":"Organization","@id":"https:\/\/lobosnews.com.ar\/#organization","name":"Lobos News","url":"https:\/\/lobosnews.com.ar\/","logo":{"@type":"ImageObject","inLanguage":"es","@id":"https:\/\/lobosnews.com.ar\/#\/schema\/logo\/image\/","url":"https:\/\/lobosnews.com.ar\/wp-content\/uploads\/2026\/01\/logo-lobosnews.png","contentUrl":"https:\/\/lobosnews.com.ar\/wp-content\/uploads\/2026\/01\/logo-lobosnews.png","width":500,"height":200,"caption":"Lobos News"},"image":{"@id":"https:\/\/lobosnews.com.ar\/#\/schema\/logo\/image\/"}},{"@type":"Person","@id":"https:\/\/lobosnews.com.ar\/#\/schema\/person\/232422a593d5c541dd9aef6aaed10943","name":"admin","image":{"@type":"ImageObject","inLanguage":"es","@id":"https:\/\/lobosnews.com.ar\/#\/schema\/person\/image\/","url":"https:\/\/secure.gravatar.com\/avatar\/76e419471a2083bc3ceab22a763dbbf9b0c1bd15a6214cf3280e2c2dde4580f9?s=96&d=mm&r=g","contentUrl":"https:\/\/secure.gravatar.com\/avatar\/76e419471a2083bc3ceab22a763dbbf9b0c1bd15a6214cf3280e2c2dde4580f9?s=96&d=mm&r=g","caption":"admin"},"sameAs":["https:\/\/lobosnews.com.ar"],"url":"https:\/\/lobosnews.com.ar\/index.php\/author\/lobos-news\/"}]}},"jetpack_featured_media_url":"https:\/\/lobosnews.com.ar\/wp-content\/uploads\/2026\/03\/axel-kuschevatzky-revelo-cual-es-su-pelicula-candidata-al-oro-en-los-oscar-y-sus-expectativas-previo-a-la-ceremonia.jpg","jetpack_sharing_enabled":true,"_links":{"self":[{"href":"https:\/\/lobosnews.com.ar\/index.php\/wp-json\/wp\/v2\/posts\/33308","targetHints":{"allow":["GET"]}}],"collection":[{"href":"https:\/\/lobosnews.com.ar\/index.php\/wp-json\/wp\/v2\/posts"}],"about":[{"href":"https:\/\/lobosnews.com.ar\/index.php\/wp-json\/wp\/v2\/types\/post"}],"author":[{"embeddable":true,"href":"https:\/\/lobosnews.com.ar\/index.php\/wp-json\/wp\/v2\/users\/1"}],"replies":[{"embeddable":true,"href":"https:\/\/lobosnews.com.ar\/index.php\/wp-json\/wp\/v2\/comments?post=33308"}],"version-history":[{"count":1,"href":"https:\/\/lobosnews.com.ar\/index.php\/wp-json\/wp\/v2\/posts\/33308\/revisions"}],"predecessor-version":[{"id":33310,"href":"https:\/\/lobosnews.com.ar\/index.php\/wp-json\/wp\/v2\/posts\/33308\/revisions\/33310"}],"wp:featuredmedia":[{"embeddable":true,"href":"https:\/\/lobosnews.com.ar\/index.php\/wp-json\/wp\/v2\/media\/33311"}],"wp:attachment":[{"href":"https:\/\/lobosnews.com.ar\/index.php\/wp-json\/wp\/v2\/media?parent=33308"}],"wp:term":[{"taxonomy":"category","embeddable":true,"href":"https:\/\/lobosnews.com.ar\/index.php\/wp-json\/wp\/v2\/categories?post=33308"},{"taxonomy":"post_tag","embeddable":true,"href":"https:\/\/lobosnews.com.ar\/index.php\/wp-json\/wp\/v2\/tags?post=33308"}],"curies":[{"name":"wp","href":"https:\/\/api.w.org\/{rel}","templated":true}]}}