{"id":33225,"date":"2026-03-14T07:30:00","date_gmt":"2026-03-14T07:30:00","guid":{"rendered":"https:\/\/lobosnews.com.ar\/index.php\/2026\/03\/14\/su-padre-le-dio-una-golpiza-vio-que-no-respiraba-y-lo-tiro-en-una-zanja-el-brutal-crimen-que-conmociona-a-uruguay\/"},"modified":"2026-03-14T09:07:01","modified_gmt":"2026-03-14T09:07:01","slug":"su-padre-le-dio-una-golpiza-vio-que-no-respiraba-y-lo-tiro-en-una-zanja-el-brutal-crimen-que-conmociona-a-uruguay","status":"publish","type":"post","link":"https:\/\/lobosnews.com.ar\/index.php\/2026\/03\/14\/su-padre-le-dio-una-golpiza-vio-que-no-respiraba-y-lo-tiro-en-una-zanja-el-brutal-crimen-que-conmociona-a-uruguay\/","title":{"rendered":"Su padre le dio una golpiza, vio que no respiraba y lo tir\u00f3 en una zanja: el brutal crimen que conmociona a Uruguay"},"content":{"rendered":"<p><img loading=\"lazy\" decoding=\"async\" src=\"https:\/\/lobosnews.com.ar\/wp-content\/uploads\/2026\/03\/su-padre-le-dio-una-golpiza-vio-que-no-respiraba-y-lo-tiro-en-una-zanja-el-brutal-crimen-que-conmociona-a-uruguay.jpg\" alt=\"Jonathan Correa, de 15 a\u00f1os, fue matado a golpes por su padre (Captura Telemundo\/Canal 12)\" height=\"1288\" width=\"1774\"\/><\/p>\n<p>El adolescente<b> Jonathan Correa,<\/b> de 15 a\u00f1os, tuvo una fuerte discusi\u00f3n con su padre, <b>Jonathan Calero<\/b>, el viernes de noche y el mayor lo comenz\u00f3 a golpear tomando un cable. El hombre, de 37 a\u00f1os, le dio una fuerte golpiza en su dormitorio, mientras su madre y su hermana (de nueve a\u00f1os) estaban en otra habitaci\u00f3n. <b>Cuando termin\u00f3 de golpearlo, lo mand\u00f3 a dormir. El adolescente ya no se despertar\u00eda. <\/b><\/p>\n<p>Entre las dos y las tres de esa madrugada \u2013seg\u00fan la reconstrucci\u00f3n que hizo Fiscal\u00eda consignada por <i>La Diaria\u2013, <\/i>Calero se levant\u00f3 y fue hasta el dormitorio en el que hac\u00eda algunas horas hab\u00eda golpeado a su hijo. <b>All\u00ed vio que el menor no reaccionaba, que estaba sin signos vitales. <\/b>Entonces <b>decidi\u00f3 cargarlo, llev\u00e1rselo de la casa y tirarlo en una cuneta. <\/b><\/p>\n<p>Cuando la madre se levant\u00f3, vio que el adolescente no estaba y ambos empezaron a buscarlo. Hasta que finalmente el hombre confiesa que est\u00e1 en un lugar. All\u00ed intentaron <b>reanimarlo, pero no hab\u00eda nada por hacer. <\/b><span class=\"waslinkname\">Jonathan, el adolescente de 15 a\u00f1os, hab\u00eda muerto<\/span>. <\/p>\n<p><img loading=\"lazy\" decoding=\"async\" src=\"https:\/\/lobosnews.com.ar\/wp-content\/uploads\/2026\/03\/su-padre-le-dio-una-golpiza-vio-que-no-respiraba-y-lo-tiro-en-una-zanja-el-brutal-crimen-que-conmociona-a-uruguay-1.jpg\" alt=\"Jonathan Correa fue asesinado por su padre en Uruguay (Captura Telemundo\/Canal 12)\" height=\"1200\" width=\"1928\"\/><\/p>\n<p>Lo primero que dijo Calero cuando vio que su hijo hab\u00eda fallecido fue que se podr\u00eda haber ca\u00eddo de un \u201cpuentecito que hab\u00eda cerca\u201d, de acuerdo al relato de la fiscal. <\/p>\n<p>El caso gener\u00f3 conmoci\u00f3n en Uruguay. Con el paso de los d\u00edas se supo que la UTU (el secundario especializado en oficios al que asist\u00eda) hab\u00eda denunciado que Jonathan sufr\u00eda violencia desde que era chico, pero esa denuncia nunca avanz\u00f3 ni en la Polic\u00eda ni en Poder Judicial. Tambi\u00e9n hablaron las autoridades pol\u00edticas \u2013hasta el<b> presidente de la Rep\u00fablica, Yamand\u00fa Orsi<\/b>\u2013, quienes lamentaron la omisi\u00f3n que hubo de parte del Estado en este caso. <\/p>\n<p>La Justicia dispuso que Calero sea imputado por un delito de violencia dom\u00e9stica agravada y homicidio especialmente agravado por haberse cometido contra su hijo y en presencia de menores de edad, tal como lo pidi\u00f3 la<b> fiscal del caso, Sabrina Flores. <\/b><\/p>\n<p><img loading=\"lazy\" decoding=\"async\" src=\"https:\/\/lobosnews.com.ar\/wp-content\/uploads\/2026\/03\/su-padre-le-dio-una-golpiza-vio-que-no-respiraba-y-lo-tiro-en-una-zanja-el-brutal-crimen-que-conmociona-a-uruguay-2.jpg\" alt=\"Jonathan Correa fue asesinado por su padre y apareci\u00f3 en una zanja en Uruguay (Captura Telemundo\/Canal 12)\" height=\"1290\" width=\"2426\"\/><\/p>\n<p>Calero era un clasificador y feriante. <\/p>\n<h2>Violencia desde \u201chace mucho tiempo\u201d<\/h2>\n<p>Jonathan era en la secundaria un chico introvertido. As\u00ed lo recordaron sus compa\u00f1eros en el noticiero uruguayo <i>Telemundo. <\/i>El joven no era muy sociable: no ten\u00eda amigos ni molestaba. Eso s\u00ed: <b>era un \u201cbuen pibito\u201d, \u201cinteligente\u201d y \u201cquerido\u201d por sus compa\u00f1eros pese a su timidez. <\/b>Pero los otros alumnos de la UTU tambi\u00e9n notaban que en su casa sufr\u00eda violencia. <b>Ten\u00eda moretones en los brazos y se los tapaba con una campera<\/b>\u201d, relat\u00f3 uno de ellos. Tambi\u00e9n contaron que se lo notaba con los \u201cojos negros\u201d.<\/p>\n<p><img loading=\"lazy\" decoding=\"async\" src=\"https:\/\/lobosnews.com.ar\/wp-content\/uploads\/2026\/03\/su-padre-le-dio-una-golpiza-vio-que-no-respiraba-y-lo-tiro-en-una-zanja-el-brutal-crimen-que-conmociona-a-uruguay-3.jpg\" alt=\"La madre de Jonathan Correa fue agredida luego de que el padre lo asesinara a golpes (Captura Telemundo\/Canal 12)\" height=\"1336\" width=\"2374\"\/><\/p>\n<p>La violencia no solo fue una percepci\u00f3n de sus compa\u00f1eros: tambi\u00e9n qued\u00f3 reflejada en las pericias forenses que fueron analizadas por la Fiscal\u00eda, y consignadas en el art\u00edculo de <i>La Diaria<\/i>. En el escrito de imputaci\u00f3n, la fiscal concluy\u00f3 que <b>hubo \u201cdiferentes tipos de violencias f\u00edsicas sobre el cuerpo\u201d de Jonathan<\/b>. La m\u00e9dica que realiz\u00f3 la autopsia forense plante\u00f3 que tiene \u201cm\u00faltiples heridas, de diferente tiempo de antig\u00fcedad\u201d, y que la causa de muerte son los golpes que recibi\u00f3. <\/p>\n<p>\u201c<b>Hay tantas lesiones que la forense no pudo constatar bien d\u00f3nde hab\u00eda iniciado el sangrado<\/b>\u201d, se\u00f1ala el pedido de imputaci\u00f3n de la fiscal, que fue le\u00eddo en la audiencia. <\/p>\n<p>El padre de Jonathan fue enviado a la c\u00e1rcel en prisi\u00f3n preventiva por 180 d\u00edas, mientras avanza la investigaci\u00f3n.<\/p>\n<p>La defensa del adolescente no se opuso a la formalizaci\u00f3n ni a la prisi\u00f3n preventiva. Sin embargo, su abogado (de oficio) solicit\u00f3 atenci\u00f3n m\u00e9dica en la c\u00e1rcel para continuar un tratamiento de asma. Tambi\u00e9n pidi\u00f3 una <b>pericia psiqui\u00e1trica<\/b> para saber si es capaz que apreciar el car\u00e1cter il\u00edcito de sus actos: es decir, <b>para saber si es imputable o inimputable.<\/b><\/p>\n<p><b>La hermana de Jonathan originalmente fue a vivir con su abuela, pero sobre ella tambi\u00e9n hay acusaciones de violencia<\/b>, seg\u00fan inform\u00f3 <i>El Observador<\/i>. Por eso, la Justicia dispuso que tanto ella \u2013que tiene nueve a\u00f1os\u2013 como dos de sus primos fueran enviados a centros del organismo estatal de menores de Uruguay (<b>INAU<\/b>). <\/p>\n<h2>Yamand\u00fa Orsi: un crimen \u201cespantoso\u201d <\/h2>\n<p>El presidente uruguayo se refiri\u00f3 el jueves a la muerte de Jonathan y marc\u00f3 las fallas estatales que hubo. <\/p>\n<p><img loading=\"lazy\" decoding=\"async\" src=\"https:\/\/lobosnews.com.ar\/wp-content\/uploads\/2026\/03\/su-padre-le-dio-una-golpiza-vio-que-no-respiraba-y-lo-tiro-en-una-zanja-el-brutal-crimen-que-conmociona-a-uruguay-4.jpg\" alt=\"Jonathan Correa fue asesinado por su padre en Uruguay (Captura Telemundo\/Canal 12)\" height=\"1284\" width=\"1948\"\/><\/p>\n<p>\u201cEs espantoso, terrible. <b>La muerte de un ni\u00f1o nos parte el coraz\u00f3n<\/b>. De esa forma, adem\u00e1s: una muerte violenta\u201d, expres\u00f3 Orsi en una rueda de prensa. Se\u00f1al\u00f3 tambi\u00e9n que la vida que llevan menores como Jonathan significa \u201cotro golpe\u201d para el Estado uruguayo. Y como tercer lugar plante\u00f3 una pregunta: \u201c<b>\u00bfC\u00f3mo desde el Estado no pudimos resolverlo a tiempo, c\u00f3mo no lo pudimos impedir?<\/b>\u201d.<\/p>\n<p>El presidente le dio la raz\u00f3n al <b>ministro del Interior, Carlos Negro<\/b>, quien antes hab\u00eda expresado su \u201cindignaci\u00f3n\u201d y \u201cprofunda tristeza\u201d por la muerte del joven. \u201c<b>El Estado todo fall\u00f3<\/b>. Los mecanismos de protecci\u00f3n que debemos tener frente a las instancias evidentemente fallaron. Tenemos que hacer un reconocimiento de estas fallas en los controles, tenemos que seguramente asumir las responsabilidades como Estado e investigar qu\u00e9 fue lo que sucedi\u00f3, qu\u00e9 fue lo que fall\u00f3 y luego sacar conclusiones\u201d, expres\u00f3.<\/p>\n<p>Negro anunci\u00f3 que se inici\u00f3 una investigaci\u00f3n administrativa para buscar responsabilidades.<\/p>\n<p><img loading=\"lazy\" decoding=\"async\" src=\"https:\/\/lobosnews.com.ar\/wp-content\/uploads\/2026\/03\/su-padre-le-dio-una-golpiza-vio-que-no-respiraba-y-lo-tiro-en-una-zanja-el-brutal-crimen-que-conmociona-a-uruguay-5.jpg\" alt=\"La madre de Jonathan Correa fue agredida luego de que el padre lo asesinara a golpes (Captura Telemundo\/Canal 12)\" height=\"1338\" width=\"2428\"\/><\/p>\n<p>La Suprema Corte de Justicia, en tanto, tambi\u00e9n pidi\u00f3 informes para saber c\u00f3mo fue el accionar de la Justicia luego de la denuncia que present\u00f3 el centro de estudios por la violencia que recib\u00eda Jonathan. <\/p>\n","protected":false},"excerpt":{"rendered":"<p>El adolescente Jonathan Correa, de 15 a\u00f1os, tuvo una fuerte discusi\u00f3n con su padre, Jonathan Calero, el viernes de noche y el mayor lo comenz\u00f3 a golpear tomando un cable. El hombre, de 37 a\u00f1os, le dio una fuerte golpiza en su dormitorio, mientras su madre y su hermana (de nueve a\u00f1os) estaban en otra&#8230;<\/p>\n","protected":false},"author":1,"featured_media":33233,"comment_status":"open","ping_status":"closed","sticky":false,"template":"","format":"standard","meta":{"_jetpack_memberships_contains_paid_content":false,"footnotes":""},"categories":[31],"tags":[],"class_list":["post-33225","post","type-post","status-publish","format-standard","has-post-thumbnail","hentry","category-actualidad"],"magazineBlocksPostFeaturedMedia":{"thumbnail":"https:\/\/lobosnews.com.ar\/wp-content\/uploads\/2026\/03\/su-padre-le-dio-una-golpiza-vio-que-no-respiraba-y-lo-tiro-en-una-zanja-el-brutal-crimen-que-conmociona-a-uruguay-10-150x150.jpg","medium":"https:\/\/lobosnews.com.ar\/wp-content\/uploads\/2026\/03\/su-padre-le-dio-una-golpiza-vio-que-no-respiraba-y-lo-tiro-en-una-zanja-el-brutal-crimen-que-conmociona-a-uruguay-10-300x165.jpg","medium_large":"https:\/\/lobosnews.com.ar\/wp-content\/uploads\/2026\/03\/su-padre-le-dio-una-golpiza-vio-que-no-respiraba-y-lo-tiro-en-una-zanja-el-brutal-crimen-que-conmociona-a-uruguay-10-768x423.jpg","large":"https:\/\/lobosnews.com.ar\/wp-content\/uploads\/2026\/03\/su-padre-le-dio-una-golpiza-vio-que-no-respiraba-y-lo-tiro-en-una-zanja-el-brutal-crimen-que-conmociona-a-uruguay-10-1024x564.jpg","1536x1536":"https:\/\/lobosnews.com.ar\/wp-content\/uploads\/2026\/03\/su-padre-le-dio-una-golpiza-vio-que-no-respiraba-y-lo-tiro-en-una-zanja-el-brutal-crimen-que-conmociona-a-uruguay-10-1536x846.jpg","2048x2048":"https:\/\/lobosnews.com.ar\/wp-content\/uploads\/2026\/03\/su-padre-le-dio-una-golpiza-vio-que-no-respiraba-y-lo-tiro-en-una-zanja-el-brutal-crimen-que-conmociona-a-uruguay-10-2048x1129.jpg","newsmatic-featured":"https:\/\/lobosnews.com.ar\/wp-content\/uploads\/2026\/03\/su-padre-le-dio-una-golpiza-vio-que-no-respiraba-y-lo-tiro-en-una-zanja-el-brutal-crimen-que-conmociona-a-uruguay-10-820x545.jpg","newsmatic-list":"https:\/\/lobosnews.com.ar\/wp-content\/uploads\/2026\/03\/su-padre-le-dio-una-golpiza-vio-que-no-respiraba-y-lo-tiro-en-una-zanja-el-brutal-crimen-que-conmociona-a-uruguay-10-600x400.jpg","newsmatic-thumb":"https:\/\/lobosnews.com.ar\/wp-content\/uploads\/2026\/03\/su-padre-le-dio-una-golpiza-vio-que-no-respiraba-y-lo-tiro-en-una-zanja-el-brutal-crimen-que-conmociona-a-uruguay-10-300x200.jpg","newsmatic-small":"https:\/\/lobosnews.com.ar\/wp-content\/uploads\/2026\/03\/su-padre-le-dio-una-golpiza-vio-que-no-respiraba-y-lo-tiro-en-una-zanja-el-brutal-crimen-que-conmociona-a-uruguay-10-150x95.jpg","newsmatic-grid":"https:\/\/lobosnews.com.ar\/wp-content\/uploads\/2026\/03\/su-padre-le-dio-una-golpiza-vio-que-no-respiraba-y-lo-tiro-en-una-zanja-el-brutal-crimen-que-conmociona-a-uruguay-10-400x250.jpg"},"magazineBlocksPostAuthor":{"name":"admin","avatar":"https:\/\/secure.gravatar.com\/avatar\/76e419471a2083bc3ceab22a763dbbf9b0c1bd15a6214cf3280e2c2dde4580f9?s=96&d=mm&r=g"},"magazineBlocksPostCommentsNumber":"0","magazineBlocksPostExcerpt":"El adolescente Jonathan Correa, de 15 a\u00f1os, tuvo una fuerte discusi\u00f3n con su padre, Jonathan Calero, el viernes de noche y el mayor lo comenz\u00f3 a golpear tomando un cable. El hombre, de 37 a\u00f1os, le dio una fuerte golpiza en su dormitorio, mientras su madre y su hermana (de nueve a\u00f1os) estaban en otra...","magazineBlocksPostCategories":["Actualidad"],"magazineBlocksPostViewCount":91,"magazineBlocksPostReadTime":5,"magazine_blocks_featured_image_url":{"full":["https:\/\/lobosnews.com.ar\/wp-content\/uploads\/2026\/03\/su-padre-le-dio-una-golpiza-vio-que-no-respiraba-y-lo-tiro-en-una-zanja-el-brutal-crimen-que-conmociona-a-uruguay-10.jpg",2428,1338,false],"medium":["https:\/\/lobosnews.com.ar\/wp-content\/uploads\/2026\/03\/su-padre-le-dio-una-golpiza-vio-que-no-respiraba-y-lo-tiro-en-una-zanja-el-brutal-crimen-que-conmociona-a-uruguay-10-300x165.jpg",300,165,true],"thumbnail":["https:\/\/lobosnews.com.ar\/wp-content\/uploads\/2026\/03\/su-padre-le-dio-una-golpiza-vio-que-no-respiraba-y-lo-tiro-en-una-zanja-el-brutal-crimen-que-conmociona-a-uruguay-10-150x150.jpg",150,150,true]},"magazine_blocks_author":{"display_name":"admin","author_link":"https:\/\/lobosnews.com.ar\/index.php\/author\/lobos-news\/"},"magazine_blocks_comment":0,"magazine_blocks_author_image":"https:\/\/secure.gravatar.com\/avatar\/76e419471a2083bc3ceab22a763dbbf9b0c1bd15a6214cf3280e2c2dde4580f9?s=96&d=mm&r=g","magazine_blocks_category":"<a href=\"#\" class=\"category-link category-link-31\">Actualidad<\/a>","yoast_head":"<!-- This site is optimized with the Yoast SEO plugin v26.6 - https:\/\/yoast.com\/wordpress\/plugins\/seo\/ -->\n<title>Su padre le dio una golpiza, vio que no respiraba y lo tir\u00f3 en una zanja: el brutal crimen que conmociona a Uruguay - Lobos News<\/title>\n<meta name=\"robots\" content=\"index, follow, max-snippet:-1, max-image-preview:large, max-video-preview:-1\" \/>\n<link rel=\"canonical\" href=\"https:\/\/lobosnews.com.ar\/index.php\/2026\/03\/14\/su-padre-le-dio-una-golpiza-vio-que-no-respiraba-y-lo-tiro-en-una-zanja-el-brutal-crimen-que-conmociona-a-uruguay\/\" \/>\n<meta property=\"og:locale\" content=\"es_ES\" \/>\n<meta property=\"og:type\" content=\"article\" \/>\n<meta property=\"og:title\" content=\"Su padre le dio una golpiza, vio que no respiraba y lo tir\u00f3 en una zanja: el brutal crimen que conmociona a Uruguay - Lobos News\" \/>\n<meta property=\"og:description\" content=\"El adolescente Jonathan Correa, de 15 a\u00f1os, tuvo una fuerte discusi\u00f3n con su padre, Jonathan Calero, el viernes de noche y el mayor lo comenz\u00f3 a golpear tomando un cable. El hombre, de 37 a\u00f1os, le dio una fuerte golpiza en su dormitorio, mientras su madre y su hermana (de nueve a\u00f1os) estaban en otra...\" \/>\n<meta property=\"og:url\" content=\"https:\/\/lobosnews.com.ar\/index.php\/2026\/03\/14\/su-padre-le-dio-una-golpiza-vio-que-no-respiraba-y-lo-tiro-en-una-zanja-el-brutal-crimen-que-conmociona-a-uruguay\/\" \/>\n<meta property=\"og:site_name\" content=\"Lobos News\" \/>\n<meta property=\"article:published_time\" content=\"2026-03-14T07:30:00+00:00\" \/>\n<meta property=\"article:modified_time\" content=\"2026-03-14T09:07:01+00:00\" \/>\n<meta property=\"og:image\" content=\"https:\/\/lobosnews.com.ar\/wp-content\/uploads\/2026\/03\/su-padre-le-dio-una-golpiza-vio-que-no-respiraba-y-lo-tiro-en-una-zanja-el-brutal-crimen-que-conmociona-a-uruguay.jpg\" \/>\n<meta name=\"author\" content=\"admin\" \/>\n<meta name=\"twitter:card\" content=\"summary_large_image\" \/>\n<meta name=\"twitter:label1\" content=\"Escrito por\" \/>\n\t<meta name=\"twitter:data1\" content=\"admin\" \/>\n\t<meta name=\"twitter:label2\" content=\"Tiempo de lectura\" \/>\n\t<meta name=\"twitter:data2\" content=\"5 minutos\" \/>\n<script type=\"application\/ld+json\" class=\"yoast-schema-graph\">{\"@context\":\"https:\/\/schema.org\",\"@graph\":[{\"@type\":\"Article\",\"@id\":\"https:\/\/lobosnews.com.ar\/index.php\/2026\/03\/14\/su-padre-le-dio-una-golpiza-vio-que-no-respiraba-y-lo-tiro-en-una-zanja-el-brutal-crimen-que-conmociona-a-uruguay\/#article\",\"isPartOf\":{\"@id\":\"https:\/\/lobosnews.com.ar\/index.php\/2026\/03\/14\/su-padre-le-dio-una-golpiza-vio-que-no-respiraba-y-lo-tiro-en-una-zanja-el-brutal-crimen-que-conmociona-a-uruguay\/\"},\"author\":{\"name\":\"admin\",\"@id\":\"https:\/\/lobosnews.com.ar\/#\/schema\/person\/232422a593d5c541dd9aef6aaed10943\"},\"headline\":\"Su padre le dio una golpiza, vio que no respiraba y lo tir\u00f3 en una zanja: el brutal crimen que conmociona a Uruguay\",\"datePublished\":\"2026-03-14T07:30:00+00:00\",\"dateModified\":\"2026-03-14T09:07:01+00:00\",\"mainEntityOfPage\":{\"@id\":\"https:\/\/lobosnews.com.ar\/index.php\/2026\/03\/14\/su-padre-le-dio-una-golpiza-vio-que-no-respiraba-y-lo-tiro-en-una-zanja-el-brutal-crimen-que-conmociona-a-uruguay\/\"},\"wordCount\":973,\"commentCount\":0,\"publisher\":{\"@id\":\"https:\/\/lobosnews.com.ar\/#organization\"},\"image\":{\"@id\":\"https:\/\/lobosnews.com.ar\/index.php\/2026\/03\/14\/su-padre-le-dio-una-golpiza-vio-que-no-respiraba-y-lo-tiro-en-una-zanja-el-brutal-crimen-que-conmociona-a-uruguay\/#primaryimage\"},\"thumbnailUrl\":\"https:\/\/lobosnews.com.ar\/wp-content\/uploads\/2026\/03\/su-padre-le-dio-una-golpiza-vio-que-no-respiraba-y-lo-tiro-en-una-zanja-el-brutal-crimen-que-conmociona-a-uruguay-10.jpg\",\"articleSection\":[\"Actualidad\"],\"inLanguage\":\"es\",\"potentialAction\":[{\"@type\":\"CommentAction\",\"name\":\"Comment\",\"target\":[\"https:\/\/lobosnews.com.ar\/index.php\/2026\/03\/14\/su-padre-le-dio-una-golpiza-vio-que-no-respiraba-y-lo-tiro-en-una-zanja-el-brutal-crimen-que-conmociona-a-uruguay\/#respond\"]}]},{\"@type\":\"WebPage\",\"@id\":\"https:\/\/lobosnews.com.ar\/index.php\/2026\/03\/14\/su-padre-le-dio-una-golpiza-vio-que-no-respiraba-y-lo-tiro-en-una-zanja-el-brutal-crimen-que-conmociona-a-uruguay\/\",\"url\":\"https:\/\/lobosnews.com.ar\/index.php\/2026\/03\/14\/su-padre-le-dio-una-golpiza-vio-que-no-respiraba-y-lo-tiro-en-una-zanja-el-brutal-crimen-que-conmociona-a-uruguay\/\",\"name\":\"Su padre le dio una golpiza, vio que no respiraba y lo tir\u00f3 en una zanja: el brutal crimen que conmociona a Uruguay - Lobos News\",\"isPartOf\":{\"@id\":\"https:\/\/lobosnews.com.ar\/#website\"},\"primaryImageOfPage\":{\"@id\":\"https:\/\/lobosnews.com.ar\/index.php\/2026\/03\/14\/su-padre-le-dio-una-golpiza-vio-que-no-respiraba-y-lo-tiro-en-una-zanja-el-brutal-crimen-que-conmociona-a-uruguay\/#primaryimage\"},\"image\":{\"@id\":\"https:\/\/lobosnews.com.ar\/index.php\/2026\/03\/14\/su-padre-le-dio-una-golpiza-vio-que-no-respiraba-y-lo-tiro-en-una-zanja-el-brutal-crimen-que-conmociona-a-uruguay\/#primaryimage\"},\"thumbnailUrl\":\"https:\/\/lobosnews.com.ar\/wp-content\/uploads\/2026\/03\/su-padre-le-dio-una-golpiza-vio-que-no-respiraba-y-lo-tiro-en-una-zanja-el-brutal-crimen-que-conmociona-a-uruguay-10.jpg\",\"datePublished\":\"2026-03-14T07:30:00+00:00\",\"dateModified\":\"2026-03-14T09:07:01+00:00\",\"breadcrumb\":{\"@id\":\"https:\/\/lobosnews.com.ar\/index.php\/2026\/03\/14\/su-padre-le-dio-una-golpiza-vio-que-no-respiraba-y-lo-tiro-en-una-zanja-el-brutal-crimen-que-conmociona-a-uruguay\/#breadcrumb\"},\"inLanguage\":\"es\",\"potentialAction\":[{\"@type\":\"ReadAction\",\"target\":[\"https:\/\/lobosnews.com.ar\/index.php\/2026\/03\/14\/su-padre-le-dio-una-golpiza-vio-que-no-respiraba-y-lo-tiro-en-una-zanja-el-brutal-crimen-que-conmociona-a-uruguay\/\"]}]},{\"@type\":\"ImageObject\",\"inLanguage\":\"es\",\"@id\":\"https:\/\/lobosnews.com.ar\/index.php\/2026\/03\/14\/su-padre-le-dio-una-golpiza-vio-que-no-respiraba-y-lo-tiro-en-una-zanja-el-brutal-crimen-que-conmociona-a-uruguay\/#primaryimage\",\"url\":\"https:\/\/lobosnews.com.ar\/wp-content\/uploads\/2026\/03\/su-padre-le-dio-una-golpiza-vio-que-no-respiraba-y-lo-tiro-en-una-zanja-el-brutal-crimen-que-conmociona-a-uruguay-10.jpg\",\"contentUrl\":\"https:\/\/lobosnews.com.ar\/wp-content\/uploads\/2026\/03\/su-padre-le-dio-una-golpiza-vio-que-no-respiraba-y-lo-tiro-en-una-zanja-el-brutal-crimen-que-conmociona-a-uruguay-10.jpg\",\"width\":2428,\"height\":1338,\"caption\":\"Su padre le dio una golpiza, vio que no respiraba y lo tir\u00f3 en una zanja: el brutal crimen que conmociona a Uruguay\"},{\"@type\":\"BreadcrumbList\",\"@id\":\"https:\/\/lobosnews.com.ar\/index.php\/2026\/03\/14\/su-padre-le-dio-una-golpiza-vio-que-no-respiraba-y-lo-tiro-en-una-zanja-el-brutal-crimen-que-conmociona-a-uruguay\/#breadcrumb\",\"itemListElement\":[{\"@type\":\"ListItem\",\"position\":1,\"name\":\"Portada\",\"item\":\"https:\/\/lobosnews.com.ar\/\"},{\"@type\":\"ListItem\",\"position\":2,\"name\":\"Su padre le dio una golpiza, vio que no respiraba y lo tir\u00f3 en una zanja: el brutal crimen que conmociona a Uruguay\"}]},{\"@type\":\"WebSite\",\"@id\":\"https:\/\/lobosnews.com.ar\/#website\",\"url\":\"https:\/\/lobosnews.com.ar\/\",\"name\":\"Lobos News\",\"description\":\"Informaci\u00f3n a cada instante\",\"publisher\":{\"@id\":\"https:\/\/lobosnews.com.ar\/#organization\"},\"potentialAction\":[{\"@type\":\"SearchAction\",\"target\":{\"@type\":\"EntryPoint\",\"urlTemplate\":\"https:\/\/lobosnews.com.ar\/?s={search_term_string}\"},\"query-input\":{\"@type\":\"PropertyValueSpecification\",\"valueRequired\":true,\"valueName\":\"search_term_string\"}}],\"inLanguage\":\"es\"},{\"@type\":\"Organization\",\"@id\":\"https:\/\/lobosnews.com.ar\/#organization\",\"name\":\"Lobos News\",\"url\":\"https:\/\/lobosnews.com.ar\/\",\"logo\":{\"@type\":\"ImageObject\",\"inLanguage\":\"es\",\"@id\":\"https:\/\/lobosnews.com.ar\/#\/schema\/logo\/image\/\",\"url\":\"https:\/\/lobosnews.com.ar\/wp-content\/uploads\/2026\/01\/logo-lobosnews.png\",\"contentUrl\":\"https:\/\/lobosnews.com.ar\/wp-content\/uploads\/2026\/01\/logo-lobosnews.png\",\"width\":500,\"height\":200,\"caption\":\"Lobos News\"},\"image\":{\"@id\":\"https:\/\/lobosnews.com.ar\/#\/schema\/logo\/image\/\"}},{\"@type\":\"Person\",\"@id\":\"https:\/\/lobosnews.com.ar\/#\/schema\/person\/232422a593d5c541dd9aef6aaed10943\",\"name\":\"admin\",\"image\":{\"@type\":\"ImageObject\",\"inLanguage\":\"es\",\"@id\":\"https:\/\/lobosnews.com.ar\/#\/schema\/person\/image\/\",\"url\":\"https:\/\/secure.gravatar.com\/avatar\/76e419471a2083bc3ceab22a763dbbf9b0c1bd15a6214cf3280e2c2dde4580f9?s=96&d=mm&r=g\",\"contentUrl\":\"https:\/\/secure.gravatar.com\/avatar\/76e419471a2083bc3ceab22a763dbbf9b0c1bd15a6214cf3280e2c2dde4580f9?s=96&d=mm&r=g\",\"caption\":\"admin\"},\"sameAs\":[\"https:\/\/lobosnews.com.ar\"],\"url\":\"https:\/\/lobosnews.com.ar\/index.php\/author\/lobos-news\/\"}]}<\/script>\n<!-- \/ Yoast SEO plugin. -->","yoast_head_json":{"title":"Su padre le dio una golpiza, vio que no respiraba y lo tir\u00f3 en una zanja: el brutal crimen que conmociona a Uruguay - Lobos News","robots":{"index":"index","follow":"follow","max-snippet":"max-snippet:-1","max-image-preview":"max-image-preview:large","max-video-preview":"max-video-preview:-1"},"canonical":"https:\/\/lobosnews.com.ar\/index.php\/2026\/03\/14\/su-padre-le-dio-una-golpiza-vio-que-no-respiraba-y-lo-tiro-en-una-zanja-el-brutal-crimen-que-conmociona-a-uruguay\/","og_locale":"es_ES","og_type":"article","og_title":"Su padre le dio una golpiza, vio que no respiraba y lo tir\u00f3 en una zanja: el brutal crimen que conmociona a Uruguay - Lobos News","og_description":"El adolescente Jonathan Correa, de 15 a\u00f1os, tuvo una fuerte discusi\u00f3n con su padre, Jonathan Calero, el viernes de noche y el mayor lo comenz\u00f3 a golpear tomando un cable. El hombre, de 37 a\u00f1os, le dio una fuerte golpiza en su dormitorio, mientras su madre y su hermana (de nueve a\u00f1os) estaban en otra...","og_url":"https:\/\/lobosnews.com.ar\/index.php\/2026\/03\/14\/su-padre-le-dio-una-golpiza-vio-que-no-respiraba-y-lo-tiro-en-una-zanja-el-brutal-crimen-que-conmociona-a-uruguay\/","og_site_name":"Lobos News","article_published_time":"2026-03-14T07:30:00+00:00","article_modified_time":"2026-03-14T09:07:01+00:00","og_image":[{"url":"https:\/\/lobosnews.com.ar\/wp-content\/uploads\/2026\/03\/su-padre-le-dio-una-golpiza-vio-que-no-respiraba-y-lo-tiro-en-una-zanja-el-brutal-crimen-que-conmociona-a-uruguay.jpg","type":"","width":"","height":""}],"author":"admin","twitter_card":"summary_large_image","twitter_misc":{"Escrito por":"admin","Tiempo de lectura":"5 minutos"},"schema":{"@context":"https:\/\/schema.org","@graph":[{"@type":"Article","@id":"https:\/\/lobosnews.com.ar\/index.php\/2026\/03\/14\/su-padre-le-dio-una-golpiza-vio-que-no-respiraba-y-lo-tiro-en-una-zanja-el-brutal-crimen-que-conmociona-a-uruguay\/#article","isPartOf":{"@id":"https:\/\/lobosnews.com.ar\/index.php\/2026\/03\/14\/su-padre-le-dio-una-golpiza-vio-que-no-respiraba-y-lo-tiro-en-una-zanja-el-brutal-crimen-que-conmociona-a-uruguay\/"},"author":{"name":"admin","@id":"https:\/\/lobosnews.com.ar\/#\/schema\/person\/232422a593d5c541dd9aef6aaed10943"},"headline":"Su padre le dio una golpiza, vio que no respiraba y lo tir\u00f3 en una zanja: el brutal crimen que conmociona a Uruguay","datePublished":"2026-03-14T07:30:00+00:00","dateModified":"2026-03-14T09:07:01+00:00","mainEntityOfPage":{"@id":"https:\/\/lobosnews.com.ar\/index.php\/2026\/03\/14\/su-padre-le-dio-una-golpiza-vio-que-no-respiraba-y-lo-tiro-en-una-zanja-el-brutal-crimen-que-conmociona-a-uruguay\/"},"wordCount":973,"commentCount":0,"publisher":{"@id":"https:\/\/lobosnews.com.ar\/#organization"},"image":{"@id":"https:\/\/lobosnews.com.ar\/index.php\/2026\/03\/14\/su-padre-le-dio-una-golpiza-vio-que-no-respiraba-y-lo-tiro-en-una-zanja-el-brutal-crimen-que-conmociona-a-uruguay\/#primaryimage"},"thumbnailUrl":"https:\/\/lobosnews.com.ar\/wp-content\/uploads\/2026\/03\/su-padre-le-dio-una-golpiza-vio-que-no-respiraba-y-lo-tiro-en-una-zanja-el-brutal-crimen-que-conmociona-a-uruguay-10.jpg","articleSection":["Actualidad"],"inLanguage":"es","potentialAction":[{"@type":"CommentAction","name":"Comment","target":["https:\/\/lobosnews.com.ar\/index.php\/2026\/03\/14\/su-padre-le-dio-una-golpiza-vio-que-no-respiraba-y-lo-tiro-en-una-zanja-el-brutal-crimen-que-conmociona-a-uruguay\/#respond"]}]},{"@type":"WebPage","@id":"https:\/\/lobosnews.com.ar\/index.php\/2026\/03\/14\/su-padre-le-dio-una-golpiza-vio-que-no-respiraba-y-lo-tiro-en-una-zanja-el-brutal-crimen-que-conmociona-a-uruguay\/","url":"https:\/\/lobosnews.com.ar\/index.php\/2026\/03\/14\/su-padre-le-dio-una-golpiza-vio-que-no-respiraba-y-lo-tiro-en-una-zanja-el-brutal-crimen-que-conmociona-a-uruguay\/","name":"Su padre le dio una golpiza, vio que no respiraba y lo tir\u00f3 en una zanja: el brutal crimen que conmociona a Uruguay - Lobos News","isPartOf":{"@id":"https:\/\/lobosnews.com.ar\/#website"},"primaryImageOfPage":{"@id":"https:\/\/lobosnews.com.ar\/index.php\/2026\/03\/14\/su-padre-le-dio-una-golpiza-vio-que-no-respiraba-y-lo-tiro-en-una-zanja-el-brutal-crimen-que-conmociona-a-uruguay\/#primaryimage"},"image":{"@id":"https:\/\/lobosnews.com.ar\/index.php\/2026\/03\/14\/su-padre-le-dio-una-golpiza-vio-que-no-respiraba-y-lo-tiro-en-una-zanja-el-brutal-crimen-que-conmociona-a-uruguay\/#primaryimage"},"thumbnailUrl":"https:\/\/lobosnews.com.ar\/wp-content\/uploads\/2026\/03\/su-padre-le-dio-una-golpiza-vio-que-no-respiraba-y-lo-tiro-en-una-zanja-el-brutal-crimen-que-conmociona-a-uruguay-10.jpg","datePublished":"2026-03-14T07:30:00+00:00","dateModified":"2026-03-14T09:07:01+00:00","breadcrumb":{"@id":"https:\/\/lobosnews.com.ar\/index.php\/2026\/03\/14\/su-padre-le-dio-una-golpiza-vio-que-no-respiraba-y-lo-tiro-en-una-zanja-el-brutal-crimen-que-conmociona-a-uruguay\/#breadcrumb"},"inLanguage":"es","potentialAction":[{"@type":"ReadAction","target":["https:\/\/lobosnews.com.ar\/index.php\/2026\/03\/14\/su-padre-le-dio-una-golpiza-vio-que-no-respiraba-y-lo-tiro-en-una-zanja-el-brutal-crimen-que-conmociona-a-uruguay\/"]}]},{"@type":"ImageObject","inLanguage":"es","@id":"https:\/\/lobosnews.com.ar\/index.php\/2026\/03\/14\/su-padre-le-dio-una-golpiza-vio-que-no-respiraba-y-lo-tiro-en-una-zanja-el-brutal-crimen-que-conmociona-a-uruguay\/#primaryimage","url":"https:\/\/lobosnews.com.ar\/wp-content\/uploads\/2026\/03\/su-padre-le-dio-una-golpiza-vio-que-no-respiraba-y-lo-tiro-en-una-zanja-el-brutal-crimen-que-conmociona-a-uruguay-10.jpg","contentUrl":"https:\/\/lobosnews.com.ar\/wp-content\/uploads\/2026\/03\/su-padre-le-dio-una-golpiza-vio-que-no-respiraba-y-lo-tiro-en-una-zanja-el-brutal-crimen-que-conmociona-a-uruguay-10.jpg","width":2428,"height":1338,"caption":"Su padre le dio una golpiza, vio que no respiraba y lo tir\u00f3 en una zanja: el brutal crimen que conmociona a Uruguay"},{"@type":"BreadcrumbList","@id":"https:\/\/lobosnews.com.ar\/index.php\/2026\/03\/14\/su-padre-le-dio-una-golpiza-vio-que-no-respiraba-y-lo-tiro-en-una-zanja-el-brutal-crimen-que-conmociona-a-uruguay\/#breadcrumb","itemListElement":[{"@type":"ListItem","position":1,"name":"Portada","item":"https:\/\/lobosnews.com.ar\/"},{"@type":"ListItem","position":2,"name":"Su padre le dio una golpiza, vio que no respiraba y lo tir\u00f3 en una zanja: el brutal crimen que conmociona a Uruguay"}]},{"@type":"WebSite","@id":"https:\/\/lobosnews.com.ar\/#website","url":"https:\/\/lobosnews.com.ar\/","name":"Lobos News","description":"Informaci\u00f3n a cada instante","publisher":{"@id":"https:\/\/lobosnews.com.ar\/#organization"},"potentialAction":[{"@type":"SearchAction","target":{"@type":"EntryPoint","urlTemplate":"https:\/\/lobosnews.com.ar\/?s={search_term_string}"},"query-input":{"@type":"PropertyValueSpecification","valueRequired":true,"valueName":"search_term_string"}}],"inLanguage":"es"},{"@type":"Organization","@id":"https:\/\/lobosnews.com.ar\/#organization","name":"Lobos News","url":"https:\/\/lobosnews.com.ar\/","logo":{"@type":"ImageObject","inLanguage":"es","@id":"https:\/\/lobosnews.com.ar\/#\/schema\/logo\/image\/","url":"https:\/\/lobosnews.com.ar\/wp-content\/uploads\/2026\/01\/logo-lobosnews.png","contentUrl":"https:\/\/lobosnews.com.ar\/wp-content\/uploads\/2026\/01\/logo-lobosnews.png","width":500,"height":200,"caption":"Lobos News"},"image":{"@id":"https:\/\/lobosnews.com.ar\/#\/schema\/logo\/image\/"}},{"@type":"Person","@id":"https:\/\/lobosnews.com.ar\/#\/schema\/person\/232422a593d5c541dd9aef6aaed10943","name":"admin","image":{"@type":"ImageObject","inLanguage":"es","@id":"https:\/\/lobosnews.com.ar\/#\/schema\/person\/image\/","url":"https:\/\/secure.gravatar.com\/avatar\/76e419471a2083bc3ceab22a763dbbf9b0c1bd15a6214cf3280e2c2dde4580f9?s=96&d=mm&r=g","contentUrl":"https:\/\/secure.gravatar.com\/avatar\/76e419471a2083bc3ceab22a763dbbf9b0c1bd15a6214cf3280e2c2dde4580f9?s=96&d=mm&r=g","caption":"admin"},"sameAs":["https:\/\/lobosnews.com.ar"],"url":"https:\/\/lobosnews.com.ar\/index.php\/author\/lobos-news\/"}]}},"jetpack_featured_media_url":"https:\/\/lobosnews.com.ar\/wp-content\/uploads\/2026\/03\/su-padre-le-dio-una-golpiza-vio-que-no-respiraba-y-lo-tiro-en-una-zanja-el-brutal-crimen-que-conmociona-a-uruguay-10.jpg","jetpack_sharing_enabled":true,"_links":{"self":[{"href":"https:\/\/lobosnews.com.ar\/index.php\/wp-json\/wp\/v2\/posts\/33225","targetHints":{"allow":["GET"]}}],"collection":[{"href":"https:\/\/lobosnews.com.ar\/index.php\/wp-json\/wp\/v2\/posts"}],"about":[{"href":"https:\/\/lobosnews.com.ar\/index.php\/wp-json\/wp\/v2\/types\/post"}],"author":[{"embeddable":true,"href":"https:\/\/lobosnews.com.ar\/index.php\/wp-json\/wp\/v2\/users\/1"}],"replies":[{"embeddable":true,"href":"https:\/\/lobosnews.com.ar\/index.php\/wp-json\/wp\/v2\/comments?post=33225"}],"version-history":[{"count":1,"href":"https:\/\/lobosnews.com.ar\/index.php\/wp-json\/wp\/v2\/posts\/33225\/revisions"}],"predecessor-version":[{"id":33232,"href":"https:\/\/lobosnews.com.ar\/index.php\/wp-json\/wp\/v2\/posts\/33225\/revisions\/33232"}],"wp:featuredmedia":[{"embeddable":true,"href":"https:\/\/lobosnews.com.ar\/index.php\/wp-json\/wp\/v2\/media\/33233"}],"wp:attachment":[{"href":"https:\/\/lobosnews.com.ar\/index.php\/wp-json\/wp\/v2\/media?parent=33225"}],"wp:term":[{"taxonomy":"category","embeddable":true,"href":"https:\/\/lobosnews.com.ar\/index.php\/wp-json\/wp\/v2\/categories?post=33225"},{"taxonomy":"post_tag","embeddable":true,"href":"https:\/\/lobosnews.com.ar\/index.php\/wp-json\/wp\/v2\/tags?post=33225"}],"curies":[{"name":"wp","href":"https:\/\/api.w.org\/{rel}","templated":true}]}}