{"id":33189,"date":"2026-03-14T04:33:25","date_gmt":"2026-03-14T04:33:25","guid":{"rendered":"https:\/\/lobosnews.com.ar\/index.php\/2026\/03\/14\/estaba-profugo-por-el-crimen-de-un-vecino-y-lo-detuvieron-en-quilmes-tres-anos-despues\/"},"modified":"2026-03-14T06:38:58","modified_gmt":"2026-03-14T06:38:58","slug":"estaba-profugo-por-el-crimen-de-un-vecino-y-lo-detuvieron-en-quilmes-tres-anos-despues","status":"publish","type":"post","link":"https:\/\/lobosnews.com.ar\/index.php\/2026\/03\/14\/estaba-profugo-por-el-crimen-de-un-vecino-y-lo-detuvieron-en-quilmes-tres-anos-despues\/","title":{"rendered":"Estaba pr\u00f3fugo por el crimen de un vecino y lo detuvieron en Quilmes tres a\u00f1os despu\u00e9s"},"content":{"rendered":"<p><img loading=\"lazy\" decoding=\"async\" src=\"https:\/\/lobosnews.com.ar\/wp-content\/uploads\/2026\/03\/estaba-profugo-por-el-crimen-de-un-vecino-y-lo-detuvieron-en-quilmes-tres-anos-despues.jpg\" alt=\"El hombre de 60 a\u00f1os fue capturado mientras caminaba por Quilmes\" height=\"1080\" width=\"1980\"\/><\/p>\n<p>Despu\u00e9s de permanecer casi tres a\u00f1os y medio pr\u00f3fugo de la Justicia, este viernes detuvieron a <b>un hombre acusado de haber asesinado a su vecino y herido a otro hombre a disparos<\/b>. La captura se concret\u00f3 en la localidad bonaerense de <span class=\"waslinkname\"><b>Quilmes<\/b><\/span>, luego de que descubrieran la zona en donde se ocultaba.<\/p>\n<p>Seg\u00fan confirmaron fuentes oficiales a <b>Infobae<\/b>, la detenci\u00f3n fue producto de una investigaci\u00f3n coordinada por la Direcci\u00f3n Departamental de Investigaciones (DDI) de Florencio Varela junto al Ministerio P\u00fablico Fiscal (MPF). As\u00ed, pudieron determinar que <b>el fugitivo, identificado como A. G. (60), se mov\u00eda entre Quilmes y El Palomar<\/b>.<\/p>\n<p>El caso se remonta a la noche del 23 de octubre de 2022, cuando el acusado y otros dos sujetos tuvieron una pelea vecinal con la v\u00edctima fatal, <b>Juan Nicol\u00e1s G\u00f3mez<\/b>, y <b>H. A. U.<\/b>, el hombre que terminar\u00eda herido post balacera.<\/p>\n<p>Aunque no se determin\u00f3 el motivo detr\u00e1s del altercado, las autoridades constataron que, minutos despu\u00e9s de la pelea, A. G. y sus c\u00f3mplices interceptaron a las v\u00edctimas en las inmediaciones de las calles La Haya y Costa Rica, en<b> Florencio Varela<\/b>.<\/p>\n<p><img loading=\"lazy\" decoding=\"async\" src=\"https:\/\/lobosnews.com.ar\/wp-content\/uploads\/2026\/03\/estaba-profugo-por-el-crimen-de-un-vecino-y-lo-detuvieron-en-quilmes-tres-anos-despues-1.jpg\" alt=\"Tras ser ingresada la noche del ataque, la v\u00edctima muri\u00f3 al d\u00eda siguiente\" height=\"1080\" width=\"1920\"\/><\/p>\n<p>De acuerdo con el expediente, los tres hombres portaban armas de fuego, mientras que los damnificados habr\u00edan estado desarmados. Producto del tiroteo, H. A. U. result\u00f3 herido en el abdomen y el brazo derecho, mientras que <b>G\u00f3mez recibi\u00f3 dos impactos que provocaron lesiones internas graves.<\/b><\/p>\n<p>A ra\u00edz de la gravedad de las heridas, la v\u00edctima tuvo que ser trasladado de urgencia hacia el Hospital Mi Pueblo. No obstante, al d\u00eda siguiente, el personal m\u00e9dico confirm\u00f3 la muerte producto de la gravedad de las heridas.<\/p>\n<p>Desde ese momento, el caso qued\u00f3 bajo investigaci\u00f3n de la Unidad Funcional de Instrucci\u00f3n (UFI) N\u00b0 5 de Florencio Varela. Aunque intentaron detener al acusado, confirmaron que hab\u00eda abandonado su domicilio y se mantuvo escondido hasta ahora.<\/p>\n<p>Por este motivo, se orden\u00f3 que se realizara una investigaci\u00f3n destinada a localizar al pr\u00f3fugo. Fue as\u00ed que, tras una serie de tareas investigativas, estableci\u00f3 que A. G. alternaba su estad\u00eda entre una vivienda en El Palomar y otra en la zona de Quilmes. <\/p>\n<p><img loading=\"lazy\" decoding=\"async\" src=\"https:\/\/lobosnews.com.ar\/wp-content\/uploads\/2026\/03\/estaba-profugo-por-el-crimen-de-un-vecino-y-lo-detuvieron-en-quilmes-tres-anos-despues-2.jpg\" alt=\"La zona donde fue detenido el pr\u00f3fugo por homicidio\" height=\"661\" width=\"1239\"\/><\/p>\n<p>A partir de esta limitaci\u00f3n, la polic\u00eda implement\u00f3 dispositivos de vigilancia encubierta sobre ambos domicilios y, finalmente, logr\u00f3 arrestar al sospechoso en la intersecci\u00f3n de las calles Larrea y Entre R\u00edos, en Quilmes. Luego de que fuera trasladado hacia la dependencia policial, se espera que sea imputado en las pr\u00f3ximas horas.<\/p>\n<h2>Capturaron a un hombre que mat\u00f3 a su vecino despu\u00e9s de haber discutido con su pareja<\/h2>\n<p>Durante diez a\u00f1os, la tranquilidad habitual de Villa Tranquila se vio alterada por la ausencia de<b> Enrique Marcelo Paz<\/b>, conocido localmente como \u201cPorky\u201d. Su paradero era un enigma para las autoridades desde el d\u00eda en que fue acusado del homicidio de su vecino, <b>Miguel C\u00e9sar Molina<\/b>, en <b>Dock Sud<\/b>.<\/p>\n<p>La reciente aparici\u00f3n de Paz en el barrio marc\u00f3 el desenlace de una larga b\u00fasqueda, debido a que un familiar de la v\u00edctima lo identific\u00f3 mientras realizaba tr\u00e1mites en la zona. Luego de que diera aviso a la polic\u00eda, lograron detenerlo tras un operativo de vigilancia encubierta. El acusado no opuso resistencia.<\/p>\n<p><img loading=\"lazy\" decoding=\"async\" src=\"https:\/\/lobosnews.com.ar\/wp-content\/uploads\/2026\/03\/estaba-profugo-por-el-crimen-de-un-vecino-y-lo-detuvieron-en-quilmes-tres-anos-despues-3.jpg\" alt=\"El hombre ya fue imputado por homicidio agravado por el uso de arma de fuego\" height=\"1080\" width=\"1920\"\/><\/p>\n<p>La investigaci\u00f3n hab\u00eda permanecido activa a pesar del paso de los a\u00f1os y de los cambios administrativos en la Unidad Funcional de Instrucci\u00f3n y Juicio N\u00b04 de Avellaneda-Lan\u00fas. El expediente nunca fue archivado, ya que las autoridades reunieron pruebas y testimonios que se\u00f1alaban a Paz como el presunto autor del hecho, pero su fuga manten\u00eda el caso estancado.<\/p>\n<p>El episodio que desencaden\u00f3 la acusaci\u00f3n ocurri\u00f3 el<b> 9 de mayo de 2015<\/b>. Ese d\u00eda, tras una discusi\u00f3n con su pareja, Paz sali\u00f3 de su hogar en estado de alteraci\u00f3n y, armado, se dirigi\u00f3 hacia la esquina de Estanislao del Campo y General Levalle. All\u00ed se cruz\u00f3 con Molina, de 31 a\u00f1os, con quien <b>no ten\u00eda antecedentes de conflictos<\/b>. Seg\u00fan la reconstrucci\u00f3n policial, <b>tras un breve intercambio Paz dispar\u00f3 contra el abdomen de Molina, quien muri\u00f3 poco despu\u00e9s en el hospital Pedro Fiorito<\/b>.<\/p>\n<p>Durante el tiempo que permaneci\u00f3 pr\u00f3fugo, Paz no dej\u00f3 rastros en el sistema laboral ni bancario. El \u00fanico registro oficial vinculado a su nombre fue el cobro de dos planes sociales, lo que dificult\u00f3 la tarea de los investigadores para rastrearlo.<\/p>\n<p>Luego de que fuera detenido, lo trasladaron a la Fiscal\u00eda, donde se neg\u00f3 a declarar. Sin embargo, en esa instancia, recibi\u00f3 la notificaci\u00f3n de imputaci\u00f3n por <b>homicidio agravado por el uso de arma de fuego<\/b>. La causa se encuentra ahora en etapa de prisi\u00f3n preventiva y se espera que avance hacia el juicio oral.<\/p>\n","protected":false},"excerpt":{"rendered":"<p>Despu\u00e9s de permanecer casi tres a\u00f1os y medio pr\u00f3fugo de la Justicia, este viernes detuvieron a un hombre acusado de haber asesinado a su vecino y herido a otro hombre a disparos. La captura se concret\u00f3 en la localidad bonaerense de Quilmes, luego de que descubrieran la zona en donde se ocultaba. Seg\u00fan confirmaron fuentes&#8230;<\/p>\n","protected":false},"author":1,"featured_media":33195,"comment_status":"open","ping_status":"closed","sticky":false,"template":"","format":"standard","meta":{"_jetpack_memberships_contains_paid_content":false,"footnotes":""},"categories":[31,30,32,77,84,35,36,37],"tags":[],"class_list":["post-33189","post","type-post","status-publish","format-standard","has-post-thumbnail","hentry","category-actualidad","category-argentina","category-economia","category-inseguridad","category-masradios-com","category-nacionales","category-seguridad","category-sociedad"],"magazineBlocksPostFeaturedMedia":{"thumbnail":"https:\/\/lobosnews.com.ar\/wp-content\/uploads\/2026\/03\/estaba-profugo-por-el-crimen-de-un-vecino-y-lo-detuvieron-en-quilmes-tres-anos-despues-8-150x150.jpg","medium":"https:\/\/lobosnews.com.ar\/wp-content\/uploads\/2026\/03\/estaba-profugo-por-el-crimen-de-un-vecino-y-lo-detuvieron-en-quilmes-tres-anos-despues-8-300x169.jpg","medium_large":"https:\/\/lobosnews.com.ar\/wp-content\/uploads\/2026\/03\/estaba-profugo-por-el-crimen-de-un-vecino-y-lo-detuvieron-en-quilmes-tres-anos-despues-8-768x432.jpg","large":"https:\/\/lobosnews.com.ar\/wp-content\/uploads\/2026\/03\/estaba-profugo-por-el-crimen-de-un-vecino-y-lo-detuvieron-en-quilmes-tres-anos-despues-8-1024x576.jpg","1536x1536":"https:\/\/lobosnews.com.ar\/wp-content\/uploads\/2026\/03\/estaba-profugo-por-el-crimen-de-un-vecino-y-lo-detuvieron-en-quilmes-tres-anos-despues-8-1536x864.jpg","2048x2048":"https:\/\/lobosnews.com.ar\/wp-content\/uploads\/2026\/03\/estaba-profugo-por-el-crimen-de-un-vecino-y-lo-detuvieron-en-quilmes-tres-anos-despues-8.jpg","newsmatic-featured":"https:\/\/lobosnews.com.ar\/wp-content\/uploads\/2026\/03\/estaba-profugo-por-el-crimen-de-un-vecino-y-lo-detuvieron-en-quilmes-tres-anos-despues-8-820x545.jpg","newsmatic-list":"https:\/\/lobosnews.com.ar\/wp-content\/uploads\/2026\/03\/estaba-profugo-por-el-crimen-de-un-vecino-y-lo-detuvieron-en-quilmes-tres-anos-despues-8-600x400.jpg","newsmatic-thumb":"https:\/\/lobosnews.com.ar\/wp-content\/uploads\/2026\/03\/estaba-profugo-por-el-crimen-de-un-vecino-y-lo-detuvieron-en-quilmes-tres-anos-despues-8-300x200.jpg","newsmatic-small":"https:\/\/lobosnews.com.ar\/wp-content\/uploads\/2026\/03\/estaba-profugo-por-el-crimen-de-un-vecino-y-lo-detuvieron-en-quilmes-tres-anos-despues-8-150x95.jpg","newsmatic-grid":"https:\/\/lobosnews.com.ar\/wp-content\/uploads\/2026\/03\/estaba-profugo-por-el-crimen-de-un-vecino-y-lo-detuvieron-en-quilmes-tres-anos-despues-8-400x250.jpg"},"magazineBlocksPostAuthor":{"name":"admin","avatar":"https:\/\/secure.gravatar.com\/avatar\/76e419471a2083bc3ceab22a763dbbf9b0c1bd15a6214cf3280e2c2dde4580f9?s=96&d=mm&r=g"},"magazineBlocksPostCommentsNumber":"0","magazineBlocksPostExcerpt":"Despu\u00e9s de permanecer casi tres a\u00f1os y medio pr\u00f3fugo de la Justicia, este viernes detuvieron a un hombre acusado de haber asesinado a su vecino y herido a otro hombre a disparos. La captura se concret\u00f3 en la localidad bonaerense de Quilmes, luego de que descubrieran la zona en donde se ocultaba. Seg\u00fan confirmaron fuentes...","magazineBlocksPostCategories":["Actualidad","Argentina","econom\u00eda","inseguridad","masradios.com","nacionales","seguridad","sociedad"],"magazineBlocksPostViewCount":81,"magazineBlocksPostReadTime":5,"magazine_blocks_featured_image_url":{"full":["https:\/\/lobosnews.com.ar\/wp-content\/uploads\/2026\/03\/estaba-profugo-por-el-crimen-de-un-vecino-y-lo-detuvieron-en-quilmes-tres-anos-despues-8.jpg",1920,1080,false],"medium":["https:\/\/lobosnews.com.ar\/wp-content\/uploads\/2026\/03\/estaba-profugo-por-el-crimen-de-un-vecino-y-lo-detuvieron-en-quilmes-tres-anos-despues-8-300x169.jpg",300,169,true],"thumbnail":["https:\/\/lobosnews.com.ar\/wp-content\/uploads\/2026\/03\/estaba-profugo-por-el-crimen-de-un-vecino-y-lo-detuvieron-en-quilmes-tres-anos-despues-8-150x150.jpg",150,150,true]},"magazine_blocks_author":{"display_name":"admin","author_link":"https:\/\/lobosnews.com.ar\/index.php\/author\/lobos-news\/"},"magazine_blocks_comment":0,"magazine_blocks_author_image":"https:\/\/secure.gravatar.com\/avatar\/76e419471a2083bc3ceab22a763dbbf9b0c1bd15a6214cf3280e2c2dde4580f9?s=96&d=mm&r=g","magazine_blocks_category":"<a href=\"#\" class=\"category-link category-link-31\">Actualidad<\/a> <a href=\"#\" class=\"category-link category-link-30\">Argentina<\/a> <a href=\"#\" class=\"category-link category-link-32\">econom\u00eda<\/a> <a href=\"#\" class=\"category-link category-link-77\">inseguridad<\/a> <a href=\"#\" class=\"category-link category-link-84\">masradios.com<\/a> <a href=\"#\" class=\"category-link category-link-35\">nacionales<\/a> <a href=\"#\" class=\"category-link category-link-36\">seguridad<\/a> <a href=\"#\" class=\"category-link category-link-37\">sociedad<\/a>","yoast_head":"<!-- This site is optimized with the Yoast SEO plugin v26.6 - https:\/\/yoast.com\/wordpress\/plugins\/seo\/ -->\n<title>Estaba pr\u00f3fugo por el crimen de un vecino y lo detuvieron en Quilmes tres a\u00f1os despu\u00e9s - Lobos News<\/title>\n<meta name=\"robots\" content=\"index, follow, max-snippet:-1, max-image-preview:large, max-video-preview:-1\" \/>\n<link rel=\"canonical\" href=\"https:\/\/lobosnews.com.ar\/index.php\/2026\/03\/14\/estaba-profugo-por-el-crimen-de-un-vecino-y-lo-detuvieron-en-quilmes-tres-anos-despues\/\" \/>\n<meta property=\"og:locale\" content=\"es_ES\" \/>\n<meta property=\"og:type\" content=\"article\" \/>\n<meta property=\"og:title\" content=\"Estaba pr\u00f3fugo por el crimen de un vecino y lo detuvieron en Quilmes tres a\u00f1os despu\u00e9s - Lobos News\" \/>\n<meta property=\"og:description\" content=\"Despu\u00e9s de permanecer casi tres a\u00f1os y medio pr\u00f3fugo de la Justicia, este viernes detuvieron a un hombre acusado de haber asesinado a su vecino y herido a otro hombre a disparos. La captura se concret\u00f3 en la localidad bonaerense de Quilmes, luego de que descubrieran la zona en donde se ocultaba. Seg\u00fan confirmaron fuentes...\" \/>\n<meta property=\"og:url\" content=\"https:\/\/lobosnews.com.ar\/index.php\/2026\/03\/14\/estaba-profugo-por-el-crimen-de-un-vecino-y-lo-detuvieron-en-quilmes-tres-anos-despues\/\" \/>\n<meta property=\"og:site_name\" content=\"Lobos News\" \/>\n<meta property=\"article:published_time\" content=\"2026-03-14T04:33:25+00:00\" \/>\n<meta property=\"article:modified_time\" content=\"2026-03-14T06:38:58+00:00\" \/>\n<meta property=\"og:image\" content=\"https:\/\/lobosnews.com.ar\/wp-content\/uploads\/2026\/03\/estaba-profugo-por-el-crimen-de-un-vecino-y-lo-detuvieron-en-quilmes-tres-anos-despues.jpg\" \/>\n<meta name=\"author\" content=\"admin\" \/>\n<meta name=\"twitter:card\" content=\"summary_large_image\" \/>\n<meta name=\"twitter:label1\" content=\"Escrito por\" \/>\n\t<meta name=\"twitter:data1\" content=\"admin\" \/>\n\t<meta name=\"twitter:label2\" content=\"Tiempo de lectura\" \/>\n\t<meta name=\"twitter:data2\" content=\"4 minutos\" \/>\n<script type=\"application\/ld+json\" class=\"yoast-schema-graph\">{\"@context\":\"https:\/\/schema.org\",\"@graph\":[{\"@type\":\"Article\",\"@id\":\"https:\/\/lobosnews.com.ar\/index.php\/2026\/03\/14\/estaba-profugo-por-el-crimen-de-un-vecino-y-lo-detuvieron-en-quilmes-tres-anos-despues\/#article\",\"isPartOf\":{\"@id\":\"https:\/\/lobosnews.com.ar\/index.php\/2026\/03\/14\/estaba-profugo-por-el-crimen-de-un-vecino-y-lo-detuvieron-en-quilmes-tres-anos-despues\/\"},\"author\":{\"name\":\"admin\",\"@id\":\"https:\/\/lobosnews.com.ar\/#\/schema\/person\/232422a593d5c541dd9aef6aaed10943\"},\"headline\":\"Estaba pr\u00f3fugo por el crimen de un vecino y lo detuvieron en Quilmes tres a\u00f1os despu\u00e9s\",\"datePublished\":\"2026-03-14T04:33:25+00:00\",\"dateModified\":\"2026-03-14T06:38:58+00:00\",\"mainEntityOfPage\":{\"@id\":\"https:\/\/lobosnews.com.ar\/index.php\/2026\/03\/14\/estaba-profugo-por-el-crimen-de-un-vecino-y-lo-detuvieron-en-quilmes-tres-anos-despues\/\"},\"wordCount\":828,\"commentCount\":0,\"publisher\":{\"@id\":\"https:\/\/lobosnews.com.ar\/#organization\"},\"image\":{\"@id\":\"https:\/\/lobosnews.com.ar\/index.php\/2026\/03\/14\/estaba-profugo-por-el-crimen-de-un-vecino-y-lo-detuvieron-en-quilmes-tres-anos-despues\/#primaryimage\"},\"thumbnailUrl\":\"https:\/\/lobosnews.com.ar\/wp-content\/uploads\/2026\/03\/estaba-profugo-por-el-crimen-de-un-vecino-y-lo-detuvieron-en-quilmes-tres-anos-despues-8.jpg\",\"articleSection\":[\"Actualidad\",\"Argentina\",\"econom\u00eda\",\"inseguridad\",\"masradios.com\",\"nacionales\",\"seguridad\",\"sociedad\"],\"inLanguage\":\"es\",\"potentialAction\":[{\"@type\":\"CommentAction\",\"name\":\"Comment\",\"target\":[\"https:\/\/lobosnews.com.ar\/index.php\/2026\/03\/14\/estaba-profugo-por-el-crimen-de-un-vecino-y-lo-detuvieron-en-quilmes-tres-anos-despues\/#respond\"]}]},{\"@type\":\"WebPage\",\"@id\":\"https:\/\/lobosnews.com.ar\/index.php\/2026\/03\/14\/estaba-profugo-por-el-crimen-de-un-vecino-y-lo-detuvieron-en-quilmes-tres-anos-despues\/\",\"url\":\"https:\/\/lobosnews.com.ar\/index.php\/2026\/03\/14\/estaba-profugo-por-el-crimen-de-un-vecino-y-lo-detuvieron-en-quilmes-tres-anos-despues\/\",\"name\":\"Estaba pr\u00f3fugo por el crimen de un vecino y lo detuvieron en Quilmes tres a\u00f1os despu\u00e9s - Lobos News\",\"isPartOf\":{\"@id\":\"https:\/\/lobosnews.com.ar\/#website\"},\"primaryImageOfPage\":{\"@id\":\"https:\/\/lobosnews.com.ar\/index.php\/2026\/03\/14\/estaba-profugo-por-el-crimen-de-un-vecino-y-lo-detuvieron-en-quilmes-tres-anos-despues\/#primaryimage\"},\"image\":{\"@id\":\"https:\/\/lobosnews.com.ar\/index.php\/2026\/03\/14\/estaba-profugo-por-el-crimen-de-un-vecino-y-lo-detuvieron-en-quilmes-tres-anos-despues\/#primaryimage\"},\"thumbnailUrl\":\"https:\/\/lobosnews.com.ar\/wp-content\/uploads\/2026\/03\/estaba-profugo-por-el-crimen-de-un-vecino-y-lo-detuvieron-en-quilmes-tres-anos-despues-8.jpg\",\"datePublished\":\"2026-03-14T04:33:25+00:00\",\"dateModified\":\"2026-03-14T06:38:58+00:00\",\"breadcrumb\":{\"@id\":\"https:\/\/lobosnews.com.ar\/index.php\/2026\/03\/14\/estaba-profugo-por-el-crimen-de-un-vecino-y-lo-detuvieron-en-quilmes-tres-anos-despues\/#breadcrumb\"},\"inLanguage\":\"es\",\"potentialAction\":[{\"@type\":\"ReadAction\",\"target\":[\"https:\/\/lobosnews.com.ar\/index.php\/2026\/03\/14\/estaba-profugo-por-el-crimen-de-un-vecino-y-lo-detuvieron-en-quilmes-tres-anos-despues\/\"]}]},{\"@type\":\"ImageObject\",\"inLanguage\":\"es\",\"@id\":\"https:\/\/lobosnews.com.ar\/index.php\/2026\/03\/14\/estaba-profugo-por-el-crimen-de-un-vecino-y-lo-detuvieron-en-quilmes-tres-anos-despues\/#primaryimage\",\"url\":\"https:\/\/lobosnews.com.ar\/wp-content\/uploads\/2026\/03\/estaba-profugo-por-el-crimen-de-un-vecino-y-lo-detuvieron-en-quilmes-tres-anos-despues-8.jpg\",\"contentUrl\":\"https:\/\/lobosnews.com.ar\/wp-content\/uploads\/2026\/03\/estaba-profugo-por-el-crimen-de-un-vecino-y-lo-detuvieron-en-quilmes-tres-anos-despues-8.jpg\",\"width\":1920,\"height\":1080,\"caption\":\"Estaba pr\u00f3fugo por el crimen de un vecino y lo detuvieron en Quilmes tres a\u00f1os despu\u00e9s\"},{\"@type\":\"BreadcrumbList\",\"@id\":\"https:\/\/lobosnews.com.ar\/index.php\/2026\/03\/14\/estaba-profugo-por-el-crimen-de-un-vecino-y-lo-detuvieron-en-quilmes-tres-anos-despues\/#breadcrumb\",\"itemListElement\":[{\"@type\":\"ListItem\",\"position\":1,\"name\":\"Portada\",\"item\":\"https:\/\/lobosnews.com.ar\/\"},{\"@type\":\"ListItem\",\"position\":2,\"name\":\"Estaba pr\u00f3fugo por el crimen de un vecino y lo detuvieron en Quilmes tres a\u00f1os despu\u00e9s\"}]},{\"@type\":\"WebSite\",\"@id\":\"https:\/\/lobosnews.com.ar\/#website\",\"url\":\"https:\/\/lobosnews.com.ar\/\",\"name\":\"Lobos News\",\"description\":\"Informaci\u00f3n a cada instante\",\"publisher\":{\"@id\":\"https:\/\/lobosnews.com.ar\/#organization\"},\"potentialAction\":[{\"@type\":\"SearchAction\",\"target\":{\"@type\":\"EntryPoint\",\"urlTemplate\":\"https:\/\/lobosnews.com.ar\/?s={search_term_string}\"},\"query-input\":{\"@type\":\"PropertyValueSpecification\",\"valueRequired\":true,\"valueName\":\"search_term_string\"}}],\"inLanguage\":\"es\"},{\"@type\":\"Organization\",\"@id\":\"https:\/\/lobosnews.com.ar\/#organization\",\"name\":\"Lobos News\",\"url\":\"https:\/\/lobosnews.com.ar\/\",\"logo\":{\"@type\":\"ImageObject\",\"inLanguage\":\"es\",\"@id\":\"https:\/\/lobosnews.com.ar\/#\/schema\/logo\/image\/\",\"url\":\"https:\/\/lobosnews.com.ar\/wp-content\/uploads\/2026\/01\/logo-lobosnews.png\",\"contentUrl\":\"https:\/\/lobosnews.com.ar\/wp-content\/uploads\/2026\/01\/logo-lobosnews.png\",\"width\":500,\"height\":200,\"caption\":\"Lobos News\"},\"image\":{\"@id\":\"https:\/\/lobosnews.com.ar\/#\/schema\/logo\/image\/\"}},{\"@type\":\"Person\",\"@id\":\"https:\/\/lobosnews.com.ar\/#\/schema\/person\/232422a593d5c541dd9aef6aaed10943\",\"name\":\"admin\",\"image\":{\"@type\":\"ImageObject\",\"inLanguage\":\"es\",\"@id\":\"https:\/\/lobosnews.com.ar\/#\/schema\/person\/image\/\",\"url\":\"https:\/\/secure.gravatar.com\/avatar\/76e419471a2083bc3ceab22a763dbbf9b0c1bd15a6214cf3280e2c2dde4580f9?s=96&d=mm&r=g\",\"contentUrl\":\"https:\/\/secure.gravatar.com\/avatar\/76e419471a2083bc3ceab22a763dbbf9b0c1bd15a6214cf3280e2c2dde4580f9?s=96&d=mm&r=g\",\"caption\":\"admin\"},\"sameAs\":[\"https:\/\/lobosnews.com.ar\"],\"url\":\"https:\/\/lobosnews.com.ar\/index.php\/author\/lobos-news\/\"}]}<\/script>\n<!-- \/ Yoast SEO plugin. -->","yoast_head_json":{"title":"Estaba pr\u00f3fugo por el crimen de un vecino y lo detuvieron en Quilmes tres a\u00f1os despu\u00e9s - Lobos News","robots":{"index":"index","follow":"follow","max-snippet":"max-snippet:-1","max-image-preview":"max-image-preview:large","max-video-preview":"max-video-preview:-1"},"canonical":"https:\/\/lobosnews.com.ar\/index.php\/2026\/03\/14\/estaba-profugo-por-el-crimen-de-un-vecino-y-lo-detuvieron-en-quilmes-tres-anos-despues\/","og_locale":"es_ES","og_type":"article","og_title":"Estaba pr\u00f3fugo por el crimen de un vecino y lo detuvieron en Quilmes tres a\u00f1os despu\u00e9s - Lobos News","og_description":"Despu\u00e9s de permanecer casi tres a\u00f1os y medio pr\u00f3fugo de la Justicia, este viernes detuvieron a un hombre acusado de haber asesinado a su vecino y herido a otro hombre a disparos. La captura se concret\u00f3 en la localidad bonaerense de Quilmes, luego de que descubrieran la zona en donde se ocultaba. Seg\u00fan confirmaron fuentes...","og_url":"https:\/\/lobosnews.com.ar\/index.php\/2026\/03\/14\/estaba-profugo-por-el-crimen-de-un-vecino-y-lo-detuvieron-en-quilmes-tres-anos-despues\/","og_site_name":"Lobos News","article_published_time":"2026-03-14T04:33:25+00:00","article_modified_time":"2026-03-14T06:38:58+00:00","og_image":[{"url":"https:\/\/lobosnews.com.ar\/wp-content\/uploads\/2026\/03\/estaba-profugo-por-el-crimen-de-un-vecino-y-lo-detuvieron-en-quilmes-tres-anos-despues.jpg","type":"","width":"","height":""}],"author":"admin","twitter_card":"summary_large_image","twitter_misc":{"Escrito por":"admin","Tiempo de lectura":"4 minutos"},"schema":{"@context":"https:\/\/schema.org","@graph":[{"@type":"Article","@id":"https:\/\/lobosnews.com.ar\/index.php\/2026\/03\/14\/estaba-profugo-por-el-crimen-de-un-vecino-y-lo-detuvieron-en-quilmes-tres-anos-despues\/#article","isPartOf":{"@id":"https:\/\/lobosnews.com.ar\/index.php\/2026\/03\/14\/estaba-profugo-por-el-crimen-de-un-vecino-y-lo-detuvieron-en-quilmes-tres-anos-despues\/"},"author":{"name":"admin","@id":"https:\/\/lobosnews.com.ar\/#\/schema\/person\/232422a593d5c541dd9aef6aaed10943"},"headline":"Estaba pr\u00f3fugo por el crimen de un vecino y lo detuvieron en Quilmes tres a\u00f1os despu\u00e9s","datePublished":"2026-03-14T04:33:25+00:00","dateModified":"2026-03-14T06:38:58+00:00","mainEntityOfPage":{"@id":"https:\/\/lobosnews.com.ar\/index.php\/2026\/03\/14\/estaba-profugo-por-el-crimen-de-un-vecino-y-lo-detuvieron-en-quilmes-tres-anos-despues\/"},"wordCount":828,"commentCount":0,"publisher":{"@id":"https:\/\/lobosnews.com.ar\/#organization"},"image":{"@id":"https:\/\/lobosnews.com.ar\/index.php\/2026\/03\/14\/estaba-profugo-por-el-crimen-de-un-vecino-y-lo-detuvieron-en-quilmes-tres-anos-despues\/#primaryimage"},"thumbnailUrl":"https:\/\/lobosnews.com.ar\/wp-content\/uploads\/2026\/03\/estaba-profugo-por-el-crimen-de-un-vecino-y-lo-detuvieron-en-quilmes-tres-anos-despues-8.jpg","articleSection":["Actualidad","Argentina","econom\u00eda","inseguridad","masradios.com","nacionales","seguridad","sociedad"],"inLanguage":"es","potentialAction":[{"@type":"CommentAction","name":"Comment","target":["https:\/\/lobosnews.com.ar\/index.php\/2026\/03\/14\/estaba-profugo-por-el-crimen-de-un-vecino-y-lo-detuvieron-en-quilmes-tres-anos-despues\/#respond"]}]},{"@type":"WebPage","@id":"https:\/\/lobosnews.com.ar\/index.php\/2026\/03\/14\/estaba-profugo-por-el-crimen-de-un-vecino-y-lo-detuvieron-en-quilmes-tres-anos-despues\/","url":"https:\/\/lobosnews.com.ar\/index.php\/2026\/03\/14\/estaba-profugo-por-el-crimen-de-un-vecino-y-lo-detuvieron-en-quilmes-tres-anos-despues\/","name":"Estaba pr\u00f3fugo por el crimen de un vecino y lo detuvieron en Quilmes tres a\u00f1os despu\u00e9s - Lobos News","isPartOf":{"@id":"https:\/\/lobosnews.com.ar\/#website"},"primaryImageOfPage":{"@id":"https:\/\/lobosnews.com.ar\/index.php\/2026\/03\/14\/estaba-profugo-por-el-crimen-de-un-vecino-y-lo-detuvieron-en-quilmes-tres-anos-despues\/#primaryimage"},"image":{"@id":"https:\/\/lobosnews.com.ar\/index.php\/2026\/03\/14\/estaba-profugo-por-el-crimen-de-un-vecino-y-lo-detuvieron-en-quilmes-tres-anos-despues\/#primaryimage"},"thumbnailUrl":"https:\/\/lobosnews.com.ar\/wp-content\/uploads\/2026\/03\/estaba-profugo-por-el-crimen-de-un-vecino-y-lo-detuvieron-en-quilmes-tres-anos-despues-8.jpg","datePublished":"2026-03-14T04:33:25+00:00","dateModified":"2026-03-14T06:38:58+00:00","breadcrumb":{"@id":"https:\/\/lobosnews.com.ar\/index.php\/2026\/03\/14\/estaba-profugo-por-el-crimen-de-un-vecino-y-lo-detuvieron-en-quilmes-tres-anos-despues\/#breadcrumb"},"inLanguage":"es","potentialAction":[{"@type":"ReadAction","target":["https:\/\/lobosnews.com.ar\/index.php\/2026\/03\/14\/estaba-profugo-por-el-crimen-de-un-vecino-y-lo-detuvieron-en-quilmes-tres-anos-despues\/"]}]},{"@type":"ImageObject","inLanguage":"es","@id":"https:\/\/lobosnews.com.ar\/index.php\/2026\/03\/14\/estaba-profugo-por-el-crimen-de-un-vecino-y-lo-detuvieron-en-quilmes-tres-anos-despues\/#primaryimage","url":"https:\/\/lobosnews.com.ar\/wp-content\/uploads\/2026\/03\/estaba-profugo-por-el-crimen-de-un-vecino-y-lo-detuvieron-en-quilmes-tres-anos-despues-8.jpg","contentUrl":"https:\/\/lobosnews.com.ar\/wp-content\/uploads\/2026\/03\/estaba-profugo-por-el-crimen-de-un-vecino-y-lo-detuvieron-en-quilmes-tres-anos-despues-8.jpg","width":1920,"height":1080,"caption":"Estaba pr\u00f3fugo por el crimen de un vecino y lo detuvieron en Quilmes tres a\u00f1os despu\u00e9s"},{"@type":"BreadcrumbList","@id":"https:\/\/lobosnews.com.ar\/index.php\/2026\/03\/14\/estaba-profugo-por-el-crimen-de-un-vecino-y-lo-detuvieron-en-quilmes-tres-anos-despues\/#breadcrumb","itemListElement":[{"@type":"ListItem","position":1,"name":"Portada","item":"https:\/\/lobosnews.com.ar\/"},{"@type":"ListItem","position":2,"name":"Estaba pr\u00f3fugo por el crimen de un vecino y lo detuvieron en Quilmes tres a\u00f1os despu\u00e9s"}]},{"@type":"WebSite","@id":"https:\/\/lobosnews.com.ar\/#website","url":"https:\/\/lobosnews.com.ar\/","name":"Lobos News","description":"Informaci\u00f3n a cada instante","publisher":{"@id":"https:\/\/lobosnews.com.ar\/#organization"},"potentialAction":[{"@type":"SearchAction","target":{"@type":"EntryPoint","urlTemplate":"https:\/\/lobosnews.com.ar\/?s={search_term_string}"},"query-input":{"@type":"PropertyValueSpecification","valueRequired":true,"valueName":"search_term_string"}}],"inLanguage":"es"},{"@type":"Organization","@id":"https:\/\/lobosnews.com.ar\/#organization","name":"Lobos News","url":"https:\/\/lobosnews.com.ar\/","logo":{"@type":"ImageObject","inLanguage":"es","@id":"https:\/\/lobosnews.com.ar\/#\/schema\/logo\/image\/","url":"https:\/\/lobosnews.com.ar\/wp-content\/uploads\/2026\/01\/logo-lobosnews.png","contentUrl":"https:\/\/lobosnews.com.ar\/wp-content\/uploads\/2026\/01\/logo-lobosnews.png","width":500,"height":200,"caption":"Lobos News"},"image":{"@id":"https:\/\/lobosnews.com.ar\/#\/schema\/logo\/image\/"}},{"@type":"Person","@id":"https:\/\/lobosnews.com.ar\/#\/schema\/person\/232422a593d5c541dd9aef6aaed10943","name":"admin","image":{"@type":"ImageObject","inLanguage":"es","@id":"https:\/\/lobosnews.com.ar\/#\/schema\/person\/image\/","url":"https:\/\/secure.gravatar.com\/avatar\/76e419471a2083bc3ceab22a763dbbf9b0c1bd15a6214cf3280e2c2dde4580f9?s=96&d=mm&r=g","contentUrl":"https:\/\/secure.gravatar.com\/avatar\/76e419471a2083bc3ceab22a763dbbf9b0c1bd15a6214cf3280e2c2dde4580f9?s=96&d=mm&r=g","caption":"admin"},"sameAs":["https:\/\/lobosnews.com.ar"],"url":"https:\/\/lobosnews.com.ar\/index.php\/author\/lobos-news\/"}]}},"jetpack_featured_media_url":"https:\/\/lobosnews.com.ar\/wp-content\/uploads\/2026\/03\/estaba-profugo-por-el-crimen-de-un-vecino-y-lo-detuvieron-en-quilmes-tres-anos-despues-8.jpg","jetpack_sharing_enabled":true,"_links":{"self":[{"href":"https:\/\/lobosnews.com.ar\/index.php\/wp-json\/wp\/v2\/posts\/33189","targetHints":{"allow":["GET"]}}],"collection":[{"href":"https:\/\/lobosnews.com.ar\/index.php\/wp-json\/wp\/v2\/posts"}],"about":[{"href":"https:\/\/lobosnews.com.ar\/index.php\/wp-json\/wp\/v2\/types\/post"}],"author":[{"embeddable":true,"href":"https:\/\/lobosnews.com.ar\/index.php\/wp-json\/wp\/v2\/users\/1"}],"replies":[{"embeddable":true,"href":"https:\/\/lobosnews.com.ar\/index.php\/wp-json\/wp\/v2\/comments?post=33189"}],"version-history":[{"count":1,"href":"https:\/\/lobosnews.com.ar\/index.php\/wp-json\/wp\/v2\/posts\/33189\/revisions"}],"predecessor-version":[{"id":33194,"href":"https:\/\/lobosnews.com.ar\/index.php\/wp-json\/wp\/v2\/posts\/33189\/revisions\/33194"}],"wp:featuredmedia":[{"embeddable":true,"href":"https:\/\/lobosnews.com.ar\/index.php\/wp-json\/wp\/v2\/media\/33195"}],"wp:attachment":[{"href":"https:\/\/lobosnews.com.ar\/index.php\/wp-json\/wp\/v2\/media?parent=33189"}],"wp:term":[{"taxonomy":"category","embeddable":true,"href":"https:\/\/lobosnews.com.ar\/index.php\/wp-json\/wp\/v2\/categories?post=33189"},{"taxonomy":"post_tag","embeddable":true,"href":"https:\/\/lobosnews.com.ar\/index.php\/wp-json\/wp\/v2\/tags?post=33189"}],"curies":[{"name":"wp","href":"https:\/\/api.w.org\/{rel}","templated":true}]}}