{"id":33182,"date":"2026-03-14T04:38:34","date_gmt":"2026-03-14T04:38:34","guid":{"rendered":"https:\/\/lobosnews.com.ar\/index.php\/2026\/03\/14\/la-crio-la-esposa-de-su-padre-y-a-los-26-anos-pidio-ser-adoptada-por-ella-tener-que-demostrar-que-era-mi-mama-fue-fuerte-y-raro\/"},"modified":"2026-03-14T06:37:25","modified_gmt":"2026-03-14T06:37:25","slug":"la-crio-la-esposa-de-su-padre-y-a-los-26-anos-pidio-ser-adoptada-por-ella-tener-que-demostrar-que-era-mi-mama-fue-fuerte-y-raro","status":"publish","type":"post","link":"https:\/\/lobosnews.com.ar\/index.php\/2026\/03\/14\/la-crio-la-esposa-de-su-padre-y-a-los-26-anos-pidio-ser-adoptada-por-ella-tener-que-demostrar-que-era-mi-mama-fue-fuerte-y-raro\/","title":{"rendered":"La crio la esposa de su padre y a los 26 a\u00f1os pidi\u00f3 ser adoptada por ella: \u201cTener que demostrar que era mi mam\u00e1 fue fuerte y raro\u201d"},"content":{"rendered":"<p><img loading=\"lazy\" decoding=\"async\" src=\"https:\/\/lobosnews.com.ar\/wp-content\/uploads\/2026\/03\/la-crio-la-esposa-de-su-padre-y-a-los-26-anos-pidio-ser-adoptada-por-ella-tener-que-demostrar-que-era-mi-mama-fue-fuerte-y-raro.jpg\" alt=\"\u201cTener que demostrar que mi mam\u00e1 era mi mam\u00e1 fue fuerte y raro, porque en mi vida siempre fue una verdad absoluta\", dice M. (Foto\/Imagen Ilustrativa Infobae)\" height=\"1536\" width=\"2752\"\/><\/p>\n<p>Esta historia comenz\u00f3 el <b>25 de abril de 1986<\/b>, cuando H. y E. \u2014una parejita de j\u00f3venes de 24 a\u00f1os que viv\u00eda en Bah\u00eda Blanca\u2014 decidieron casarse. Once a\u00f1os despu\u00e9s, atravesaron una crisis y se distanciaron durante un a\u00f1o. A comienzos de 1999, se sentaron a conversar y resolvieron volver a intentarlo. Pero no lo har\u00edan solos: <b>un beb\u00e9 estaba en camino<\/b>.<\/p>\n<p>Es que, en el tiempo que estuvieron separados, <b>E. mantuvo un v\u00ednculo con otra mujer que qued\u00f3 embarazada<\/b>. Sin embargo, desde el inicio, ella le dej\u00f3 en claro que maternar no estaba en sus planes y que tampoco estaba en condiciones de hacerlo. As\u00ed las cosas, entre los tres llegaron a un acuerdo: H. y E. se har\u00edan cargo juntos de la hija por nacer.<\/p>\n<p>Y as\u00ed fue. Desde que M. lleg\u00f3 al mundo, en julio de 1999, H. ocup\u00f3 el lugar de madre y la crio como a una hija propia durante m\u00e1s de dos d\u00e9cadas. En el 2000, incluso, los tres se fueron a vivir a la provincia de R\u00edo Negro y, a\u00f1os m\u00e1s tarde,<b> H. se divorci\u00f3 de E. Pero eso nunca modific\u00f3 la relaci\u00f3n con M<\/b>.<\/p>\n<p>En 2025, madre e hija asistieron juntas al estudio de una abogada con una pregunta simple: <b>si era posible que el Estado reconociera legalmente ese v\u00ednculo, que ya exist\u00eda en su vida cotidiana<\/b>. Es decir, que H. figurara en los papeles como la madre de M.<\/p>\n<p>La respuesta lleg\u00f3 en febrero pasado, cuando el Juzgado de Familia N\u00b05 de Viedma autoriz\u00f3 la adopci\u00f3n por integraci\u00f3n. Para entonces, M. ten\u00eda 26 a\u00f1os y H. 64. La decisi\u00f3n judicial fue difundida por varios medios locales de Viedma y r\u00e1pidamente llam\u00f3 la atenci\u00f3n por una particularidad: <b>se trataba de una \u201cadopci\u00f3n por integraci\u00f3n\u201d de una persona mayor de edad<\/b>.<\/p>\n<p>En el fallo, la magistrada <b>Ana Carolina Scoccia<\/b> explic\u00f3 que este tipo de adopciones en familias ensambladas tiene como fin proteger el inter\u00e9s superior del hijo o hija reconociendo v\u00ednculos que ya existen. Aunque la joven es mayor de edad, la ley permite esta excepci\u00f3n cuando se demuestra que hubo \u201cposesi\u00f3n de estado de hija\u201d durante su minor\u00eda de edad; es decir, que siempre fue tratada y reconocida como tal.<\/p>\n<p>Con el objetivo de conocer a las protagonistas de la historia, <b>Infobae<\/b> se puso en contacto con la abogada que llev\u00f3 adelante el caso, la doctora <b>Daniela Vivas<\/b>, especializada en Derecho de Ni\u00f1ez, Adolescencia y Familia, para que les acercara la propuesta de una entrevista. <b>Madre e hija agradecieron el inter\u00e9s, pero prefirieron no hablar p\u00fablicamente por ahora<\/b>.<\/p>\n<p>A cambio, compartieron una reflexi\u00f3n sobre lo que signific\u00f3 el proceso: c\u00f3mo vivieron cada paso del tr\u00e1mite y qu\u00e9 sintieron al llevar su historia ante la Justicia. \u201c<b>Tener que demostrar que mi mam\u00e1 era mi mam\u00e1 fue fuerte y raro, porque en mi vida siempre fue una verdad absoluta<\/b>. Tambi\u00e9n para ella fue movilizante. Ella misma dijo que reci\u00e9n ahora cay\u00f3 en la cuenta de la importancia de lo legal. Durante mucho tiempo pens\u00f3 que, al estar divorciada de mi padre, ya hab\u00eda perdido la oportunidad de adoptarme\u201d, cont\u00f3 M.<\/p>\n<p><img loading=\"lazy\" decoding=\"async\" src=\"https:\/\/lobosnews.com.ar\/wp-content\/uploads\/2026\/03\/la-crio-la-esposa-de-su-padre-y-a-los-26-anos-pidio-ser-adoptada-por-ella-tener-que-demostrar-que-era-mi-mama-fue-fuerte-y-raro-1.jpg\" alt=\"En 2015 H. y E. se divorciaron, pero M. se qued\u00f3 viviendo con su mam\u00e1 (Foto\/Imagen Ilustrativa Infobae)\" height=\"1536\" width=\"2752\"\/><\/p>\n<h2>Dar el paso<\/h2>\n<p>La abogada Daniela Vivas todav\u00eda recuerda la frase que pronunci\u00f3 M. el d\u00eda que se entrevistaron por primera vez: <b>\u201cQuiero ser hija legal de mi mam\u00e1\u201d<\/b>.<\/p>\n<p>La joven no hab\u00eda llegado al estudio para pedir un cambio de apellido \u2014de hecho, llevaba el de su padre biol\u00f3gico y no ten\u00eda intenci\u00f3n de modificarlo\u2014 sino algo m\u00e1s profundo: que su identidad legal coincidiera con la historia que hab\u00eda vivido. \u201cHoy leo mi partida de nacimiento y veo que tengo una filiaci\u00f3n materna que no conozco, el nombre de una se\u00f1ora que no es nada m\u00edo\u201d, explic\u00f3 entonces. <\/p>\n<p>El planteo implicaba abrir un proceso judicial sensible. <b>Cuando se discute un cambio de filiaci\u00f3n, la ley exige citar tambi\u00e9n a la progenitora biol\u00f3gica<\/b>. \u201cNo se trata de un \u2018formalismo\u2019 \u2014explica Vivas\u2014 sino que se discute estado civil y derechos personal\u00edsimos\u201d. En este caso, la mujer se present\u00f3 en el expediente, reconoci\u00f3 que no particip\u00f3 de la historia familiar posterior al nacimiento y dej\u00f3 una afirmaci\u00f3n que, para la abogada, fue tan simple como contundente: la madre de M. era quien la hab\u00eda criado.<\/p>\n<p>\u201cEsto fue clave. <b>Durante a\u00f1os, la historia de esa familia convivi\u00f3 con un vac\u00edo que no siempre se nombra<\/b>. A veces por pudor, a veces por lealtades cruzadas, a veces porque no hay palabras \u2018no crueles\u2019 para decirlo. El silencio puede ser un mecanismo de supervivencia familiar. Pero el silencio tambi\u00e9n tiene un costo: deja la identidad a mitad de camino, como si la vida real fuera una cosa y el registro otra\u201d, sostiene Vivas.<\/p>\n<p>Hasta ese momento, ni M. ni sus padres ten\u00edan claro si una adopci\u00f3n era posible. \u201cLa charla que tuvimos mi mam\u00e1, mi pap\u00e1 y yo con Daniela fue muy importante, porque nos abri\u00f3 los ojos en muchos aspectos y nos dio claridad\u201d, escribi\u00f3 la joven en el mensaje que envi\u00f3 a este medio. \u201cElla fue quien nos explic\u00f3 que se pod\u00eda tramitar directamente una nueva partida de nacimiento. Adem\u00e1s de sorprendernos, <b>fue un empuj\u00f3n enorme y una alegr\u00eda inmensa saber que algo que parec\u00eda imposible pod\u00eda hacerse realidad<\/b>\u201d, sum\u00f3.<\/p>\n<p>En palabras de Vivas: \u201cReconocer el v\u00ednculo que sostuvo y sostiene una vida no significa borrar de d\u00f3nde se viene. Son dos planos convivientes: el origen y la crianza. <b>Se puede reconocer una crianza sin negar un origen. El derecho no obliga a elegir una y descartar la otra, sino que se articulan<\/b>. Como dijo la doctora Marisa Herrera antes de que el C\u00f3digo Civil y Comercial entrara en vigencia y que tiene valor de \u00e9poca: <b>\u2018La realidad social cambi\u00f3 y cuando la realidad social cambia, el derecho no puede hacerse el distra\u00eddo. Puede resistir, o puede ordenar. En identidad, resistir sale car\u00edsimo\u2019<\/b>\u201d.<\/p>\n<p><img loading=\"lazy\" decoding=\"async\" src=\"https:\/\/lobosnews.com.ar\/wp-content\/uploads\/2026\/03\/la-crio-la-esposa-de-su-padre-y-a-los-26-anos-pidio-ser-adoptada-por-ella-tener-que-demostrar-que-era-mi-mama-fue-fuerte-y-raro-2.jpg\" alt=\"H. asumi\u00f3 las funciones maternas desde los tres d\u00edas de vida de M. (Foto\/Imagen Ilustrativa Infobae)\" height=\"1536\" width=\"2752\"\/><\/p>\n<h2>\u201cPara m\u00ed nunca existi\u00f3 otra mam\u00e1\u201d<\/h2>\n<p>Cuando lleg\u00f3 el momento de iniciar el proceso, madre e hija sab\u00edan que la historia que hab\u00edan vivido durante 26 a\u00f1os ten\u00eda que traducirse en pruebas. No se trataba solo de contarla: hab\u00eda que demostrarla.<\/p>\n<p>Para eso presentaron desde documentaci\u00f3n hasta testimonios de familiares y personas que formaron parte de su vida cotidiana, entre ellas, la terapeuta de M. y la directora del colegio donde curs\u00f3 el primario.<\/p>\n<p>Entre la evidencia se destac\u00f3 <b>un \u00e1lbum de fotos<\/b> titulado <i>De los recuerdos<\/i>, que reconstru\u00eda cronol\u00f3gicamente el primer a\u00f1o de vida de la joven. Seg\u00fan pudo saber <b>Infobae<\/b>, cada foto estaba fechada y anotada a mano por H. y E. En una de las primeras p\u00e1ginas aparec\u00eda una frase escrita por la propia madre de crianza: <b>\u201cTe estuvimos esperando tanto tiempo\u2026 Bienvenida, dulce M.\u201d<\/b>.<\/p>\n<p>A eso se sum\u00f3 <b>una carta que la propia M. escribi\u00f3 para el expediente<\/b>, en la que explic\u00f3 con sus propias palabras por qu\u00e9 necesitaba que su documentaci\u00f3n reflejara lo que siempre hab\u00eda sido su vida.<\/p>\n<p>Ahora, la joven lo explica as\u00ed: \u201cTodo esto fue mucho m\u00e1s que un tr\u00e1mite. Fue un proceso que nos conmovi\u00f3 profundamente. A m\u00ed me hizo caer en cuenta de muchas cosas que ten\u00eda 100% naturalizadas y que, de pronto, tuve que explicar. Y eso me doli\u00f3 y me descoloc\u00f3. <b>Para m\u00ed nunca existi\u00f3 otra mam\u00e1. Sin embargo, en los papeles figuraba otra persona con la que jam\u00e1s tuve v\u00ednculo y eso siempre me pes\u00f3<\/b>. Sent\u00eda que estaba en deuda conmigo misma y tambi\u00e9n con ella, con mi mam\u00e1, quien me crio, me am\u00f3 y me cuid\u00f3 desde el primer d\u00eda de mi vida\u201d.<\/p>\n<p><img loading=\"lazy\" decoding=\"async\" src=\"https:\/\/lobosnews.com.ar\/wp-content\/uploads\/2026\/03\/la-crio-la-esposa-de-su-padre-y-a-los-26-anos-pidio-ser-adoptada-por-ella-tener-que-demostrar-que-era-mi-mama-fue-fuerte-y-raro-3.jpg\" alt=\"\u201cTodo esto fue mucho m\u00e1s que un tr\u00e1mite. Fue un proceso que nos conmovi\u00f3 profundamente. A m\u00ed me hizo caer en cuenta de muchas cosas que ten\u00eda 100% naturalizadas y que, de pronto, tuve que explicar\", cont\u00f3 M. (Foto\/Imagen Ilustrativa Infobae)\" height=\"1536\" width=\"2752\"\/><\/p>\n<h2>\u201cEl derecho a la identidad es dignidad\u201d<\/h2>\n<p>\u201cCuando empec\u00e9 este tr\u00e1mite jam\u00e1s imagin\u00e9 que alg\u00fan d\u00eda iba a existir una partida donde mi mam\u00e1 apareciera legalmente en mi vida. En ese momento era algo impensado. Hoy que es una realidad, todav\u00eda estamos procesando todo lo que significa\u201d, le escribi\u00f3 M. a <b>Infobae<\/b>. \u201cSabemos que puede ser importante que otras familias sepan que esto es posible. Si visibilizarlo ayuda a alguien que est\u00e9 pasando por algo parecido, nos va a alegrar mucho\u201d, se despidi\u00f3.<\/p>\n<p>Para la abogada Daniela Vivas, el expediente judicial fue apenas la formalizaci\u00f3n de algo que ya exist\u00eda. <b>\u201cLa adopci\u00f3n por integraci\u00f3n es el nombre jur\u00eddico de algo que muchas veces pasa en silencio: alguien cr\u00eda, cuida, se queda, sostiene, y un d\u00eda necesita que el Estado deje de mirar para otro lado\u201d<\/b>, explica.<\/p>\n<p>\u201c<b>Esta situaci\u00f3n familiar deja una ense\u00f1anza necesaria: se puede respetar la decisi\u00f3n de no asumir una crianza sin convertirla en estigma<\/b>; se puede sostener el debido proceso sin negar la verdad afectiva; y se puede reconocer una adopci\u00f3n por integraci\u00f3n fundada en v\u00ednculos socioafectivos sin borrar los or\u00edgenes, sino orden\u00e1ndolos con honestidad y con garant\u00edas. <b>Creo que el derecho de familia no se trata de expedientes prolijos: se trata de vidas<\/b>. Y cuando una persona pide que su partida de nacimiento diga lo que su historia ya sabe, lo m\u00ednimo que el sistema puede hacer es escuchar, probar, garantizar, y finalmente reconocer. <b>Porque el derecho a la identidad no es un lujo. Es dignidad\u201d<\/b>, concluye.<\/p>\n<p>En el caso de M., esa identidad se resume en una frase que decidi\u00f3 tatuarse no hace mucho y que dice: <i><b>Born in chaos, raised in love<\/b><\/i><b> <\/b>(Nacida en el caos, criada en el amor).<\/p>\n","protected":false},"excerpt":{"rendered":"<p>\u201cEl derecho a la identidad es dignidad\u201d \u201cCuando empec\u00e9 este tr\u00e1mite jam\u00e1s imagin\u00e9 que alg\u00fan d\u00eda iba a existir una partida donde mi mam\u00e1 apareciera legalmente en mi vida. En ese momento era algo impensado. Hoy que es una realidad, todav\u00eda estamos procesando todo lo que significa\u201d, le escribi\u00f3 M. a Infobae. \u201cSabemos que puede&#8230;<\/p>\n","protected":false},"author":1,"featured_media":33188,"comment_status":"open","ping_status":"closed","sticky":false,"template":"","format":"standard","meta":{"_jetpack_memberships_contains_paid_content":false,"footnotes":""},"categories":[31,30,32,77,84,35,36,37],"tags":[],"class_list":["post-33182","post","type-post","status-publish","format-standard","has-post-thumbnail","hentry","category-actualidad","category-argentina","category-economia","category-inseguridad","category-masradios-com","category-nacionales","category-seguridad","category-sociedad"],"magazineBlocksPostFeaturedMedia":{"thumbnail":"https:\/\/lobosnews.com.ar\/wp-content\/uploads\/2026\/03\/la-crio-la-esposa-de-su-padre-y-a-los-26-anos-pidio-ser-adoptada-por-ella-tener-que-demostrar-que-era-mi-mama-fue-fuerte-y-raro-6-150x150.jpg","medium":"https:\/\/lobosnews.com.ar\/wp-content\/uploads\/2026\/03\/la-crio-la-esposa-de-su-padre-y-a-los-26-anos-pidio-ser-adoptada-por-ella-tener-que-demostrar-que-era-mi-mama-fue-fuerte-y-raro-6-300x167.jpg","medium_large":"https:\/\/lobosnews.com.ar\/wp-content\/uploads\/2026\/03\/la-crio-la-esposa-de-su-padre-y-a-los-26-anos-pidio-ser-adoptada-por-ella-tener-que-demostrar-que-era-mi-mama-fue-fuerte-y-raro-6-768x429.jpg","large":"https:\/\/lobosnews.com.ar\/wp-content\/uploads\/2026\/03\/la-crio-la-esposa-de-su-padre-y-a-los-26-anos-pidio-ser-adoptada-por-ella-tener-que-demostrar-que-era-mi-mama-fue-fuerte-y-raro-6-1024x572.jpg","1536x1536":"https:\/\/lobosnews.com.ar\/wp-content\/uploads\/2026\/03\/la-crio-la-esposa-de-su-padre-y-a-los-26-anos-pidio-ser-adoptada-por-ella-tener-que-demostrar-que-era-mi-mama-fue-fuerte-y-raro-6-1536x857.jpg","2048x2048":"https:\/\/lobosnews.com.ar\/wp-content\/uploads\/2026\/03\/la-crio-la-esposa-de-su-padre-y-a-los-26-anos-pidio-ser-adoptada-por-ella-tener-que-demostrar-que-era-mi-mama-fue-fuerte-y-raro-6-2048x1143.jpg","newsmatic-featured":"https:\/\/lobosnews.com.ar\/wp-content\/uploads\/2026\/03\/la-crio-la-esposa-de-su-padre-y-a-los-26-anos-pidio-ser-adoptada-por-ella-tener-que-demostrar-que-era-mi-mama-fue-fuerte-y-raro-6-820x545.jpg","newsmatic-list":"https:\/\/lobosnews.com.ar\/wp-content\/uploads\/2026\/03\/la-crio-la-esposa-de-su-padre-y-a-los-26-anos-pidio-ser-adoptada-por-ella-tener-que-demostrar-que-era-mi-mama-fue-fuerte-y-raro-6-600x400.jpg","newsmatic-thumb":"https:\/\/lobosnews.com.ar\/wp-content\/uploads\/2026\/03\/la-crio-la-esposa-de-su-padre-y-a-los-26-anos-pidio-ser-adoptada-por-ella-tener-que-demostrar-que-era-mi-mama-fue-fuerte-y-raro-6-300x200.jpg","newsmatic-small":"https:\/\/lobosnews.com.ar\/wp-content\/uploads\/2026\/03\/la-crio-la-esposa-de-su-padre-y-a-los-26-anos-pidio-ser-adoptada-por-ella-tener-que-demostrar-que-era-mi-mama-fue-fuerte-y-raro-6-150x95.jpg","newsmatic-grid":"https:\/\/lobosnews.com.ar\/wp-content\/uploads\/2026\/03\/la-crio-la-esposa-de-su-padre-y-a-los-26-anos-pidio-ser-adoptada-por-ella-tener-que-demostrar-que-era-mi-mama-fue-fuerte-y-raro-6-400x250.jpg"},"magazineBlocksPostAuthor":{"name":"admin","avatar":"https:\/\/secure.gravatar.com\/avatar\/76e419471a2083bc3ceab22a763dbbf9b0c1bd15a6214cf3280e2c2dde4580f9?s=96&d=mm&r=g"},"magazineBlocksPostCommentsNumber":"0","magazineBlocksPostExcerpt":"\u201cEl derecho a la identidad es dignidad\u201d \u201cCuando empec\u00e9 este tr\u00e1mite jam\u00e1s imagin\u00e9 que alg\u00fan d\u00eda iba a existir una partida donde mi mam\u00e1 apareciera legalmente en mi vida. En ese momento era algo impensado. Hoy que es una realidad, todav\u00eda estamos procesando todo lo que significa\u201d, le escribi\u00f3 M. a Infobae. \u201cSabemos que puede...","magazineBlocksPostCategories":["Actualidad","Argentina","econom\u00eda","inseguridad","masradios.com","nacionales","seguridad","sociedad"],"magazineBlocksPostViewCount":86,"magazineBlocksPostReadTime":2,"magazine_blocks_featured_image_url":{"full":["https:\/\/lobosnews.com.ar\/wp-content\/uploads\/2026\/03\/la-crio-la-esposa-de-su-padre-y-a-los-26-anos-pidio-ser-adoptada-por-ella-tener-que-demostrar-que-era-mi-mama-fue-fuerte-y-raro-6-scaled.jpg",2560,1429,false],"medium":["https:\/\/lobosnews.com.ar\/wp-content\/uploads\/2026\/03\/la-crio-la-esposa-de-su-padre-y-a-los-26-anos-pidio-ser-adoptada-por-ella-tener-que-demostrar-que-era-mi-mama-fue-fuerte-y-raro-6-300x167.jpg",300,167,true],"thumbnail":["https:\/\/lobosnews.com.ar\/wp-content\/uploads\/2026\/03\/la-crio-la-esposa-de-su-padre-y-a-los-26-anos-pidio-ser-adoptada-por-ella-tener-que-demostrar-que-era-mi-mama-fue-fuerte-y-raro-6-150x150.jpg",150,150,true]},"magazine_blocks_author":{"display_name":"admin","author_link":"https:\/\/lobosnews.com.ar\/index.php\/author\/lobos-news\/"},"magazine_blocks_comment":0,"magazine_blocks_author_image":"https:\/\/secure.gravatar.com\/avatar\/76e419471a2083bc3ceab22a763dbbf9b0c1bd15a6214cf3280e2c2dde4580f9?s=96&d=mm&r=g","magazine_blocks_category":"<a href=\"#\" class=\"category-link category-link-31\">Actualidad<\/a> <a href=\"#\" class=\"category-link category-link-30\">Argentina<\/a> <a href=\"#\" class=\"category-link category-link-32\">econom\u00eda<\/a> <a href=\"#\" class=\"category-link category-link-77\">inseguridad<\/a> <a href=\"#\" class=\"category-link category-link-84\">masradios.com<\/a> <a href=\"#\" class=\"category-link category-link-35\">nacionales<\/a> <a href=\"#\" class=\"category-link category-link-36\">seguridad<\/a> <a href=\"#\" class=\"category-link category-link-37\">sociedad<\/a>","yoast_head":"<!-- This site is optimized with the Yoast SEO plugin v26.6 - https:\/\/yoast.com\/wordpress\/plugins\/seo\/ -->\n<title>La crio la esposa de su padre y a los 26 a\u00f1os pidi\u00f3 ser adoptada por ella: \u201cTener que demostrar que era mi mam\u00e1 fue fuerte y raro\u201d - Lobos News<\/title>\n<meta name=\"robots\" content=\"index, follow, max-snippet:-1, max-image-preview:large, max-video-preview:-1\" \/>\n<link rel=\"canonical\" href=\"https:\/\/lobosnews.com.ar\/index.php\/2026\/03\/14\/la-crio-la-esposa-de-su-padre-y-a-los-26-anos-pidio-ser-adoptada-por-ella-tener-que-demostrar-que-era-mi-mama-fue-fuerte-y-raro\/\" \/>\n<meta property=\"og:locale\" content=\"es_ES\" \/>\n<meta property=\"og:type\" content=\"article\" \/>\n<meta property=\"og:title\" content=\"La crio la esposa de su padre y a los 26 a\u00f1os pidi\u00f3 ser adoptada por ella: \u201cTener que demostrar que era mi mam\u00e1 fue fuerte y raro\u201d - Lobos News\" \/>\n<meta property=\"og:description\" content=\"\u201cEl derecho a la identidad es dignidad\u201d \u201cCuando empec\u00e9 este tr\u00e1mite jam\u00e1s imagin\u00e9 que alg\u00fan d\u00eda iba a existir una partida donde mi mam\u00e1 apareciera legalmente en mi vida. En ese momento era algo impensado. Hoy que es una realidad, todav\u00eda estamos procesando todo lo que significa\u201d, le escribi\u00f3 M. a Infobae. \u201cSabemos que puede...\" \/>\n<meta property=\"og:url\" content=\"https:\/\/lobosnews.com.ar\/index.php\/2026\/03\/14\/la-crio-la-esposa-de-su-padre-y-a-los-26-anos-pidio-ser-adoptada-por-ella-tener-que-demostrar-que-era-mi-mama-fue-fuerte-y-raro\/\" \/>\n<meta property=\"og:site_name\" content=\"Lobos News\" \/>\n<meta property=\"article:published_time\" content=\"2026-03-14T04:38:34+00:00\" \/>\n<meta property=\"article:modified_time\" content=\"2026-03-14T06:37:25+00:00\" \/>\n<meta property=\"og:image\" content=\"https:\/\/lobosnews.com.ar\/wp-content\/uploads\/2026\/03\/la-crio-la-esposa-de-su-padre-y-a-los-26-anos-pidio-ser-adoptada-por-ella-tener-que-demostrar-que-era-mi-mama-fue-fuerte-y-raro.jpg\" \/>\n<meta name=\"author\" content=\"admin\" \/>\n<meta name=\"twitter:card\" content=\"summary_large_image\" \/>\n<meta name=\"twitter:label1\" content=\"Escrito por\" \/>\n\t<meta name=\"twitter:data1\" content=\"admin\" \/>\n\t<meta name=\"twitter:label2\" content=\"Tiempo de lectura\" \/>\n\t<meta name=\"twitter:data2\" content=\"2 minutos\" \/>\n<script type=\"application\/ld+json\" class=\"yoast-schema-graph\">{\"@context\":\"https:\/\/schema.org\",\"@graph\":[{\"@type\":\"Article\",\"@id\":\"https:\/\/lobosnews.com.ar\/index.php\/2026\/03\/14\/la-crio-la-esposa-de-su-padre-y-a-los-26-anos-pidio-ser-adoptada-por-ella-tener-que-demostrar-que-era-mi-mama-fue-fuerte-y-raro\/#article\",\"isPartOf\":{\"@id\":\"https:\/\/lobosnews.com.ar\/index.php\/2026\/03\/14\/la-crio-la-esposa-de-su-padre-y-a-los-26-anos-pidio-ser-adoptada-por-ella-tener-que-demostrar-que-era-mi-mama-fue-fuerte-y-raro\/\"},\"author\":{\"name\":\"admin\",\"@id\":\"https:\/\/lobosnews.com.ar\/#\/schema\/person\/232422a593d5c541dd9aef6aaed10943\"},\"headline\":\"La crio la esposa de su padre y a los 26 a\u00f1os pidi\u00f3 ser adoptada por ella: \u201cTener que demostrar que era mi mam\u00e1 fue fuerte y raro\u201d\",\"datePublished\":\"2026-03-14T04:38:34+00:00\",\"dateModified\":\"2026-03-14T06:37:25+00:00\",\"mainEntityOfPage\":{\"@id\":\"https:\/\/lobosnews.com.ar\/index.php\/2026\/03\/14\/la-crio-la-esposa-de-su-padre-y-a-los-26-anos-pidio-ser-adoptada-por-ella-tener-que-demostrar-que-era-mi-mama-fue-fuerte-y-raro\/\"},\"wordCount\":336,\"commentCount\":0,\"publisher\":{\"@id\":\"https:\/\/lobosnews.com.ar\/#organization\"},\"image\":{\"@id\":\"https:\/\/lobosnews.com.ar\/index.php\/2026\/03\/14\/la-crio-la-esposa-de-su-padre-y-a-los-26-anos-pidio-ser-adoptada-por-ella-tener-que-demostrar-que-era-mi-mama-fue-fuerte-y-raro\/#primaryimage\"},\"thumbnailUrl\":\"https:\/\/lobosnews.com.ar\/wp-content\/uploads\/2026\/03\/la-crio-la-esposa-de-su-padre-y-a-los-26-anos-pidio-ser-adoptada-por-ella-tener-que-demostrar-que-era-mi-mama-fue-fuerte-y-raro-6-scaled.jpg\",\"articleSection\":[\"Actualidad\",\"Argentina\",\"econom\u00eda\",\"inseguridad\",\"masradios.com\",\"nacionales\",\"seguridad\",\"sociedad\"],\"inLanguage\":\"es\",\"potentialAction\":[{\"@type\":\"CommentAction\",\"name\":\"Comment\",\"target\":[\"https:\/\/lobosnews.com.ar\/index.php\/2026\/03\/14\/la-crio-la-esposa-de-su-padre-y-a-los-26-anos-pidio-ser-adoptada-por-ella-tener-que-demostrar-que-era-mi-mama-fue-fuerte-y-raro\/#respond\"]}]},{\"@type\":\"WebPage\",\"@id\":\"https:\/\/lobosnews.com.ar\/index.php\/2026\/03\/14\/la-crio-la-esposa-de-su-padre-y-a-los-26-anos-pidio-ser-adoptada-por-ella-tener-que-demostrar-que-era-mi-mama-fue-fuerte-y-raro\/\",\"url\":\"https:\/\/lobosnews.com.ar\/index.php\/2026\/03\/14\/la-crio-la-esposa-de-su-padre-y-a-los-26-anos-pidio-ser-adoptada-por-ella-tener-que-demostrar-que-era-mi-mama-fue-fuerte-y-raro\/\",\"name\":\"La crio la esposa de su padre y a los 26 a\u00f1os pidi\u00f3 ser adoptada por ella: \u201cTener que demostrar que era mi mam\u00e1 fue fuerte y raro\u201d - Lobos News\",\"isPartOf\":{\"@id\":\"https:\/\/lobosnews.com.ar\/#website\"},\"primaryImageOfPage\":{\"@id\":\"https:\/\/lobosnews.com.ar\/index.php\/2026\/03\/14\/la-crio-la-esposa-de-su-padre-y-a-los-26-anos-pidio-ser-adoptada-por-ella-tener-que-demostrar-que-era-mi-mama-fue-fuerte-y-raro\/#primaryimage\"},\"image\":{\"@id\":\"https:\/\/lobosnews.com.ar\/index.php\/2026\/03\/14\/la-crio-la-esposa-de-su-padre-y-a-los-26-anos-pidio-ser-adoptada-por-ella-tener-que-demostrar-que-era-mi-mama-fue-fuerte-y-raro\/#primaryimage\"},\"thumbnailUrl\":\"https:\/\/lobosnews.com.ar\/wp-content\/uploads\/2026\/03\/la-crio-la-esposa-de-su-padre-y-a-los-26-anos-pidio-ser-adoptada-por-ella-tener-que-demostrar-que-era-mi-mama-fue-fuerte-y-raro-6-scaled.jpg\",\"datePublished\":\"2026-03-14T04:38:34+00:00\",\"dateModified\":\"2026-03-14T06:37:25+00:00\",\"breadcrumb\":{\"@id\":\"https:\/\/lobosnews.com.ar\/index.php\/2026\/03\/14\/la-crio-la-esposa-de-su-padre-y-a-los-26-anos-pidio-ser-adoptada-por-ella-tener-que-demostrar-que-era-mi-mama-fue-fuerte-y-raro\/#breadcrumb\"},\"inLanguage\":\"es\",\"potentialAction\":[{\"@type\":\"ReadAction\",\"target\":[\"https:\/\/lobosnews.com.ar\/index.php\/2026\/03\/14\/la-crio-la-esposa-de-su-padre-y-a-los-26-anos-pidio-ser-adoptada-por-ella-tener-que-demostrar-que-era-mi-mama-fue-fuerte-y-raro\/\"]}]},{\"@type\":\"ImageObject\",\"inLanguage\":\"es\",\"@id\":\"https:\/\/lobosnews.com.ar\/index.php\/2026\/03\/14\/la-crio-la-esposa-de-su-padre-y-a-los-26-anos-pidio-ser-adoptada-por-ella-tener-que-demostrar-que-era-mi-mama-fue-fuerte-y-raro\/#primaryimage\",\"url\":\"https:\/\/lobosnews.com.ar\/wp-content\/uploads\/2026\/03\/la-crio-la-esposa-de-su-padre-y-a-los-26-anos-pidio-ser-adoptada-por-ella-tener-que-demostrar-que-era-mi-mama-fue-fuerte-y-raro-6-scaled.jpg\",\"contentUrl\":\"https:\/\/lobosnews.com.ar\/wp-content\/uploads\/2026\/03\/la-crio-la-esposa-de-su-padre-y-a-los-26-anos-pidio-ser-adoptada-por-ella-tener-que-demostrar-que-era-mi-mama-fue-fuerte-y-raro-6-scaled.jpg\",\"width\":2560,\"height\":1429,\"caption\":\"La crio la esposa de su padre y a los 26 a\u00f1os pidi\u00f3 ser adoptada por ella: \u201cTener que demostrar que era mi mam\u00e1 fue fuerte y raro\u201d\"},{\"@type\":\"BreadcrumbList\",\"@id\":\"https:\/\/lobosnews.com.ar\/index.php\/2026\/03\/14\/la-crio-la-esposa-de-su-padre-y-a-los-26-anos-pidio-ser-adoptada-por-ella-tener-que-demostrar-que-era-mi-mama-fue-fuerte-y-raro\/#breadcrumb\",\"itemListElement\":[{\"@type\":\"ListItem\",\"position\":1,\"name\":\"Portada\",\"item\":\"https:\/\/lobosnews.com.ar\/\"},{\"@type\":\"ListItem\",\"position\":2,\"name\":\"La crio la esposa de su padre y a los 26 a\u00f1os pidi\u00f3 ser adoptada por ella: \u201cTener que demostrar que era mi mam\u00e1 fue fuerte y raro\u201d\"}]},{\"@type\":\"WebSite\",\"@id\":\"https:\/\/lobosnews.com.ar\/#website\",\"url\":\"https:\/\/lobosnews.com.ar\/\",\"name\":\"Lobos News\",\"description\":\"Informaci\u00f3n a cada instante\",\"publisher\":{\"@id\":\"https:\/\/lobosnews.com.ar\/#organization\"},\"potentialAction\":[{\"@type\":\"SearchAction\",\"target\":{\"@type\":\"EntryPoint\",\"urlTemplate\":\"https:\/\/lobosnews.com.ar\/?s={search_term_string}\"},\"query-input\":{\"@type\":\"PropertyValueSpecification\",\"valueRequired\":true,\"valueName\":\"search_term_string\"}}],\"inLanguage\":\"es\"},{\"@type\":\"Organization\",\"@id\":\"https:\/\/lobosnews.com.ar\/#organization\",\"name\":\"Lobos News\",\"url\":\"https:\/\/lobosnews.com.ar\/\",\"logo\":{\"@type\":\"ImageObject\",\"inLanguage\":\"es\",\"@id\":\"https:\/\/lobosnews.com.ar\/#\/schema\/logo\/image\/\",\"url\":\"https:\/\/lobosnews.com.ar\/wp-content\/uploads\/2026\/01\/logo-lobosnews.png\",\"contentUrl\":\"https:\/\/lobosnews.com.ar\/wp-content\/uploads\/2026\/01\/logo-lobosnews.png\",\"width\":500,\"height\":200,\"caption\":\"Lobos News\"},\"image\":{\"@id\":\"https:\/\/lobosnews.com.ar\/#\/schema\/logo\/image\/\"}},{\"@type\":\"Person\",\"@id\":\"https:\/\/lobosnews.com.ar\/#\/schema\/person\/232422a593d5c541dd9aef6aaed10943\",\"name\":\"admin\",\"image\":{\"@type\":\"ImageObject\",\"inLanguage\":\"es\",\"@id\":\"https:\/\/lobosnews.com.ar\/#\/schema\/person\/image\/\",\"url\":\"https:\/\/secure.gravatar.com\/avatar\/76e419471a2083bc3ceab22a763dbbf9b0c1bd15a6214cf3280e2c2dde4580f9?s=96&d=mm&r=g\",\"contentUrl\":\"https:\/\/secure.gravatar.com\/avatar\/76e419471a2083bc3ceab22a763dbbf9b0c1bd15a6214cf3280e2c2dde4580f9?s=96&d=mm&r=g\",\"caption\":\"admin\"},\"sameAs\":[\"https:\/\/lobosnews.com.ar\"],\"url\":\"https:\/\/lobosnews.com.ar\/index.php\/author\/lobos-news\/\"}]}<\/script>\n<!-- \/ Yoast SEO plugin. -->","yoast_head_json":{"title":"La crio la esposa de su padre y a los 26 a\u00f1os pidi\u00f3 ser adoptada por ella: \u201cTener que demostrar que era mi mam\u00e1 fue fuerte y raro\u201d - Lobos News","robots":{"index":"index","follow":"follow","max-snippet":"max-snippet:-1","max-image-preview":"max-image-preview:large","max-video-preview":"max-video-preview:-1"},"canonical":"https:\/\/lobosnews.com.ar\/index.php\/2026\/03\/14\/la-crio-la-esposa-de-su-padre-y-a-los-26-anos-pidio-ser-adoptada-por-ella-tener-que-demostrar-que-era-mi-mama-fue-fuerte-y-raro\/","og_locale":"es_ES","og_type":"article","og_title":"La crio la esposa de su padre y a los 26 a\u00f1os pidi\u00f3 ser adoptada por ella: \u201cTener que demostrar que era mi mam\u00e1 fue fuerte y raro\u201d - Lobos News","og_description":"\u201cEl derecho a la identidad es dignidad\u201d \u201cCuando empec\u00e9 este tr\u00e1mite jam\u00e1s imagin\u00e9 que alg\u00fan d\u00eda iba a existir una partida donde mi mam\u00e1 apareciera legalmente en mi vida. En ese momento era algo impensado. Hoy que es una realidad, todav\u00eda estamos procesando todo lo que significa\u201d, le escribi\u00f3 M. a Infobae. \u201cSabemos que puede...","og_url":"https:\/\/lobosnews.com.ar\/index.php\/2026\/03\/14\/la-crio-la-esposa-de-su-padre-y-a-los-26-anos-pidio-ser-adoptada-por-ella-tener-que-demostrar-que-era-mi-mama-fue-fuerte-y-raro\/","og_site_name":"Lobos News","article_published_time":"2026-03-14T04:38:34+00:00","article_modified_time":"2026-03-14T06:37:25+00:00","og_image":[{"url":"https:\/\/lobosnews.com.ar\/wp-content\/uploads\/2026\/03\/la-crio-la-esposa-de-su-padre-y-a-los-26-anos-pidio-ser-adoptada-por-ella-tener-que-demostrar-que-era-mi-mama-fue-fuerte-y-raro.jpg","type":"","width":"","height":""}],"author":"admin","twitter_card":"summary_large_image","twitter_misc":{"Escrito por":"admin","Tiempo de lectura":"2 minutos"},"schema":{"@context":"https:\/\/schema.org","@graph":[{"@type":"Article","@id":"https:\/\/lobosnews.com.ar\/index.php\/2026\/03\/14\/la-crio-la-esposa-de-su-padre-y-a-los-26-anos-pidio-ser-adoptada-por-ella-tener-que-demostrar-que-era-mi-mama-fue-fuerte-y-raro\/#article","isPartOf":{"@id":"https:\/\/lobosnews.com.ar\/index.php\/2026\/03\/14\/la-crio-la-esposa-de-su-padre-y-a-los-26-anos-pidio-ser-adoptada-por-ella-tener-que-demostrar-que-era-mi-mama-fue-fuerte-y-raro\/"},"author":{"name":"admin","@id":"https:\/\/lobosnews.com.ar\/#\/schema\/person\/232422a593d5c541dd9aef6aaed10943"},"headline":"La crio la esposa de su padre y a los 26 a\u00f1os pidi\u00f3 ser adoptada por ella: \u201cTener que demostrar que era mi mam\u00e1 fue fuerte y raro\u201d","datePublished":"2026-03-14T04:38:34+00:00","dateModified":"2026-03-14T06:37:25+00:00","mainEntityOfPage":{"@id":"https:\/\/lobosnews.com.ar\/index.php\/2026\/03\/14\/la-crio-la-esposa-de-su-padre-y-a-los-26-anos-pidio-ser-adoptada-por-ella-tener-que-demostrar-que-era-mi-mama-fue-fuerte-y-raro\/"},"wordCount":336,"commentCount":0,"publisher":{"@id":"https:\/\/lobosnews.com.ar\/#organization"},"image":{"@id":"https:\/\/lobosnews.com.ar\/index.php\/2026\/03\/14\/la-crio-la-esposa-de-su-padre-y-a-los-26-anos-pidio-ser-adoptada-por-ella-tener-que-demostrar-que-era-mi-mama-fue-fuerte-y-raro\/#primaryimage"},"thumbnailUrl":"https:\/\/lobosnews.com.ar\/wp-content\/uploads\/2026\/03\/la-crio-la-esposa-de-su-padre-y-a-los-26-anos-pidio-ser-adoptada-por-ella-tener-que-demostrar-que-era-mi-mama-fue-fuerte-y-raro-6-scaled.jpg","articleSection":["Actualidad","Argentina","econom\u00eda","inseguridad","masradios.com","nacionales","seguridad","sociedad"],"inLanguage":"es","potentialAction":[{"@type":"CommentAction","name":"Comment","target":["https:\/\/lobosnews.com.ar\/index.php\/2026\/03\/14\/la-crio-la-esposa-de-su-padre-y-a-los-26-anos-pidio-ser-adoptada-por-ella-tener-que-demostrar-que-era-mi-mama-fue-fuerte-y-raro\/#respond"]}]},{"@type":"WebPage","@id":"https:\/\/lobosnews.com.ar\/index.php\/2026\/03\/14\/la-crio-la-esposa-de-su-padre-y-a-los-26-anos-pidio-ser-adoptada-por-ella-tener-que-demostrar-que-era-mi-mama-fue-fuerte-y-raro\/","url":"https:\/\/lobosnews.com.ar\/index.php\/2026\/03\/14\/la-crio-la-esposa-de-su-padre-y-a-los-26-anos-pidio-ser-adoptada-por-ella-tener-que-demostrar-que-era-mi-mama-fue-fuerte-y-raro\/","name":"La crio la esposa de su padre y a los 26 a\u00f1os pidi\u00f3 ser adoptada por ella: \u201cTener que demostrar que era mi mam\u00e1 fue fuerte y raro\u201d - Lobos News","isPartOf":{"@id":"https:\/\/lobosnews.com.ar\/#website"},"primaryImageOfPage":{"@id":"https:\/\/lobosnews.com.ar\/index.php\/2026\/03\/14\/la-crio-la-esposa-de-su-padre-y-a-los-26-anos-pidio-ser-adoptada-por-ella-tener-que-demostrar-que-era-mi-mama-fue-fuerte-y-raro\/#primaryimage"},"image":{"@id":"https:\/\/lobosnews.com.ar\/index.php\/2026\/03\/14\/la-crio-la-esposa-de-su-padre-y-a-los-26-anos-pidio-ser-adoptada-por-ella-tener-que-demostrar-que-era-mi-mama-fue-fuerte-y-raro\/#primaryimage"},"thumbnailUrl":"https:\/\/lobosnews.com.ar\/wp-content\/uploads\/2026\/03\/la-crio-la-esposa-de-su-padre-y-a-los-26-anos-pidio-ser-adoptada-por-ella-tener-que-demostrar-que-era-mi-mama-fue-fuerte-y-raro-6-scaled.jpg","datePublished":"2026-03-14T04:38:34+00:00","dateModified":"2026-03-14T06:37:25+00:00","breadcrumb":{"@id":"https:\/\/lobosnews.com.ar\/index.php\/2026\/03\/14\/la-crio-la-esposa-de-su-padre-y-a-los-26-anos-pidio-ser-adoptada-por-ella-tener-que-demostrar-que-era-mi-mama-fue-fuerte-y-raro\/#breadcrumb"},"inLanguage":"es","potentialAction":[{"@type":"ReadAction","target":["https:\/\/lobosnews.com.ar\/index.php\/2026\/03\/14\/la-crio-la-esposa-de-su-padre-y-a-los-26-anos-pidio-ser-adoptada-por-ella-tener-que-demostrar-que-era-mi-mama-fue-fuerte-y-raro\/"]}]},{"@type":"ImageObject","inLanguage":"es","@id":"https:\/\/lobosnews.com.ar\/index.php\/2026\/03\/14\/la-crio-la-esposa-de-su-padre-y-a-los-26-anos-pidio-ser-adoptada-por-ella-tener-que-demostrar-que-era-mi-mama-fue-fuerte-y-raro\/#primaryimage","url":"https:\/\/lobosnews.com.ar\/wp-content\/uploads\/2026\/03\/la-crio-la-esposa-de-su-padre-y-a-los-26-anos-pidio-ser-adoptada-por-ella-tener-que-demostrar-que-era-mi-mama-fue-fuerte-y-raro-6-scaled.jpg","contentUrl":"https:\/\/lobosnews.com.ar\/wp-content\/uploads\/2026\/03\/la-crio-la-esposa-de-su-padre-y-a-los-26-anos-pidio-ser-adoptada-por-ella-tener-que-demostrar-que-era-mi-mama-fue-fuerte-y-raro-6-scaled.jpg","width":2560,"height":1429,"caption":"La crio la esposa de su padre y a los 26 a\u00f1os pidi\u00f3 ser adoptada por ella: \u201cTener que demostrar que era mi mam\u00e1 fue fuerte y raro\u201d"},{"@type":"BreadcrumbList","@id":"https:\/\/lobosnews.com.ar\/index.php\/2026\/03\/14\/la-crio-la-esposa-de-su-padre-y-a-los-26-anos-pidio-ser-adoptada-por-ella-tener-que-demostrar-que-era-mi-mama-fue-fuerte-y-raro\/#breadcrumb","itemListElement":[{"@type":"ListItem","position":1,"name":"Portada","item":"https:\/\/lobosnews.com.ar\/"},{"@type":"ListItem","position":2,"name":"La crio la esposa de su padre y a los 26 a\u00f1os pidi\u00f3 ser adoptada por ella: \u201cTener que demostrar que era mi mam\u00e1 fue fuerte y raro\u201d"}]},{"@type":"WebSite","@id":"https:\/\/lobosnews.com.ar\/#website","url":"https:\/\/lobosnews.com.ar\/","name":"Lobos News","description":"Informaci\u00f3n a cada instante","publisher":{"@id":"https:\/\/lobosnews.com.ar\/#organization"},"potentialAction":[{"@type":"SearchAction","target":{"@type":"EntryPoint","urlTemplate":"https:\/\/lobosnews.com.ar\/?s={search_term_string}"},"query-input":{"@type":"PropertyValueSpecification","valueRequired":true,"valueName":"search_term_string"}}],"inLanguage":"es"},{"@type":"Organization","@id":"https:\/\/lobosnews.com.ar\/#organization","name":"Lobos News","url":"https:\/\/lobosnews.com.ar\/","logo":{"@type":"ImageObject","inLanguage":"es","@id":"https:\/\/lobosnews.com.ar\/#\/schema\/logo\/image\/","url":"https:\/\/lobosnews.com.ar\/wp-content\/uploads\/2026\/01\/logo-lobosnews.png","contentUrl":"https:\/\/lobosnews.com.ar\/wp-content\/uploads\/2026\/01\/logo-lobosnews.png","width":500,"height":200,"caption":"Lobos News"},"image":{"@id":"https:\/\/lobosnews.com.ar\/#\/schema\/logo\/image\/"}},{"@type":"Person","@id":"https:\/\/lobosnews.com.ar\/#\/schema\/person\/232422a593d5c541dd9aef6aaed10943","name":"admin","image":{"@type":"ImageObject","inLanguage":"es","@id":"https:\/\/lobosnews.com.ar\/#\/schema\/person\/image\/","url":"https:\/\/secure.gravatar.com\/avatar\/76e419471a2083bc3ceab22a763dbbf9b0c1bd15a6214cf3280e2c2dde4580f9?s=96&d=mm&r=g","contentUrl":"https:\/\/secure.gravatar.com\/avatar\/76e419471a2083bc3ceab22a763dbbf9b0c1bd15a6214cf3280e2c2dde4580f9?s=96&d=mm&r=g","caption":"admin"},"sameAs":["https:\/\/lobosnews.com.ar"],"url":"https:\/\/lobosnews.com.ar\/index.php\/author\/lobos-news\/"}]}},"jetpack_featured_media_url":"https:\/\/lobosnews.com.ar\/wp-content\/uploads\/2026\/03\/la-crio-la-esposa-de-su-padre-y-a-los-26-anos-pidio-ser-adoptada-por-ella-tener-que-demostrar-que-era-mi-mama-fue-fuerte-y-raro-6-scaled.jpg","jetpack_sharing_enabled":true,"_links":{"self":[{"href":"https:\/\/lobosnews.com.ar\/index.php\/wp-json\/wp\/v2\/posts\/33182","targetHints":{"allow":["GET"]}}],"collection":[{"href":"https:\/\/lobosnews.com.ar\/index.php\/wp-json\/wp\/v2\/posts"}],"about":[{"href":"https:\/\/lobosnews.com.ar\/index.php\/wp-json\/wp\/v2\/types\/post"}],"author":[{"embeddable":true,"href":"https:\/\/lobosnews.com.ar\/index.php\/wp-json\/wp\/v2\/users\/1"}],"replies":[{"embeddable":true,"href":"https:\/\/lobosnews.com.ar\/index.php\/wp-json\/wp\/v2\/comments?post=33182"}],"version-history":[{"count":1,"href":"https:\/\/lobosnews.com.ar\/index.php\/wp-json\/wp\/v2\/posts\/33182\/revisions"}],"predecessor-version":[{"id":33187,"href":"https:\/\/lobosnews.com.ar\/index.php\/wp-json\/wp\/v2\/posts\/33182\/revisions\/33187"}],"wp:featuredmedia":[{"embeddable":true,"href":"https:\/\/lobosnews.com.ar\/index.php\/wp-json\/wp\/v2\/media\/33188"}],"wp:attachment":[{"href":"https:\/\/lobosnews.com.ar\/index.php\/wp-json\/wp\/v2\/media?parent=33182"}],"wp:term":[{"taxonomy":"category","embeddable":true,"href":"https:\/\/lobosnews.com.ar\/index.php\/wp-json\/wp\/v2\/categories?post=33182"},{"taxonomy":"post_tag","embeddable":true,"href":"https:\/\/lobosnews.com.ar\/index.php\/wp-json\/wp\/v2\/tags?post=33182"}],"curies":[{"name":"wp","href":"https:\/\/api.w.org\/{rel}","templated":true}]}}