{"id":33134,"date":"2026-03-13T22:37:51","date_gmt":"2026-03-13T22:37:51","guid":{"rendered":"https:\/\/lobosnews.com.ar\/index.php\/2026\/03\/13\/ivana-figueiras-y-dario-cvitanich-viajaron-a-europa-con-un-divertido-ida-y-vuelta-a-bordo-tremendo-vecino-me-toco\/"},"modified":"2026-03-14T03:17:59","modified_gmt":"2026-03-14T03:17:59","slug":"ivana-figueiras-y-dario-cvitanich-viajaron-a-europa-con-un-divertido-ida-y-vuelta-a-bordo-tremendo-vecino-me-toco","status":"publish","type":"post","link":"https:\/\/lobosnews.com.ar\/index.php\/2026\/03\/13\/ivana-figueiras-y-dario-cvitanich-viajaron-a-europa-con-un-divertido-ida-y-vuelta-a-bordo-tremendo-vecino-me-toco\/","title":{"rendered":"Ivana Figueiras y Dar\u00edo Cvitanich viajaron a Europa con un divertido ida y vuelta a bordo: \u201cTremendo vecino me toc\u00f3\u201d"},"content":{"rendered":"<p>El viaje de <b>Dar\u00edo Cvitanich e Ivana Figueiras a \u00c1msterdam<\/b> representa un punto de inflexi\u00f3n para la pareja, que se mostr\u00f3 unida y relajada en redes sociales a bordo de la <b>cabina de clase ejecutiva<\/b> rumbo a los Pa\u00edses Bajos. La complicidad y los gestos rom\u00e1nticos capturados en im\u00e1genes reflejan el cambio, tras meses marcados por la exposici\u00f3n medi\u00e1tica y los rumores.<\/p>\n<p>En este trayecto, <b>Cvitanich y Figueiras<\/b> demuestran un presente sereno, disfrutando de su compa\u00f1\u00eda y dejando atr\u00e1s la tensi\u00f3n asociada con la separaci\u00f3n previa del exfutbolista. El viaje simboliza una nueva etapa, marcada por la armon\u00eda y el deseo de reconstruir la estabilidad sentimental, tal como muestran las publicaciones y frases compartidas en sus redes sociales.<\/p>\n<p>Durante el vuelo hacia \u00c1msterdam, la pareja protagoniz\u00f3 momentos espont\u00e1neos y divertidos. Sentados en la secci\u00f3n de clase ejecutiva, Figueiras film\u00f3 a Cvitanich mientras esperaban las instrucciones de seguridad, acompa\u00f1ando el video con el mensaje:<b> \u201cTremendo vecino me toc\u00f3 jijiji\u201d<\/b>. La respuesta de Cvitanich no tard\u00f3 en llegar: comparti\u00f3 una imagen con gesto serio, mientras Figueiras, con gafas de sol oscuras, lanzaba un beso y sosten\u00eda una copa de vino; sobre la mesa, copas de vino blanco y men\u00fas marrones completaban un ambiente \u00edntimo y relajado.<\/p>\n<p><img loading=\"lazy\" decoding=\"async\" src=\"https:\/\/lobosnews.com.ar\/wp-content\/uploads\/2026\/03\/ivana-figueiras-y-dario-cvitanich-viajaron-a-europa-con-un-divertido-ida-y-vuelta-a-bordo-tremendo-vecino-me-toco.jpg\" alt=\"Ivana Figueiras fotografi\u00f3 a un serio Dar\u00edo Cvitanich y brome\u00f3 con la imagen: \"Tremendo vecino me toc\u00f3 jijiji\"\" height=\"1920\" width=\"1080\"\/><\/p>\n<p>Ambos eligieron atuendos c\u00f3modos y elegantes. Cvitanich luc\u00eda barba recortada y camiseta oscura, y Figueiras llevaba el cabello recogido, pendientes vistosos y una campera gris.<\/p>\n<p>Estas im\u00e1genes y mensajes ponen de relieve una complicidad renovada, con intercambio de bromas y muestras de afecto que marcan distancia respecto a los momentos conflictivos del pasado. Cvitanich tambi\u00e9n public\u00f3 la foto de la pantalla del avi\u00f3n mostrando un molino neerland\u00e9s, acompa\u00f1ada del mensaje \u201cNext step\u201d, como se\u00f1al del nuevo rumbo que emprenden juntos.<\/p>\n<p><img loading=\"lazy\" decoding=\"async\" src=\"https:\/\/lobosnews.com.ar\/wp-content\/uploads\/2026\/03\/ivana-figueiras-y-dario-cvitanich-viajaron-a-europa-con-un-divertido-ida-y-vuelta-a-bordo-tremendo-vecino-me-toco-1.jpg\" alt=\"La respuesta en foto de Cvitanich a Figueiras\" height=\"1920\" width=\"1080\"\/><\/p>\n<p>A trav\u00e9s de otra postal en blanco y negro, publicada por Cvitanich en redes sociales, el exfutbolista aparece de manera distendida junto a la modelo. Ambos transmiten serenidad y una atm\u00f3sfera de <b>romance<\/b> alejada de la controversia medi\u00e1tica previa.<\/p>\n<h2>Del conflicto medi\u00e1tico al presente sereno<\/h2>\n<p>La historia reciente de la pareja toma especial relevancia al ser comparada con la etapa anterior. La separaci\u00f3n de <b>Cvitanich y Chechu Bonelli<\/b>, madre de sus tres hijas, estuvo rodeada de rumores y exposici\u00f3n en los medios. Al poco tiempo, Cvitanich e Ivana Figueiras iniciaron una relaci\u00f3n y optaron por priorizar su bienestar, compartiendo p\u00fablicamente su nueva etapa.<\/p>\n<p><img loading=\"lazy\" decoding=\"async\" src=\"https:\/\/lobosnews.com.ar\/wp-content\/uploads\/2026\/03\/ivana-figueiras-y-dario-cvitanich-viajaron-a-europa-con-un-divertido-ida-y-vuelta-a-bordo-tremendo-vecino-me-toco-2.jpg\" alt=\"Cvitanich y Figueiras marcharon a Amsterdam\" height=\"1920\" width=\"1080\"\/><\/p>\n<p>La presentaci\u00f3n oficial de la pareja ocurri\u00f3 a mediados de enero en Buenos Aires, durante una funci\u00f3n teatral. Consultado entonces, Cvitanich resumi\u00f3 el proceso: \u201cBien, tranquilo. S\u00e9 internamente todo lo que pas\u00f3 y, bueno, hoy en otra etapa, muy contento, muy feliz\u201d.<\/p>\n<p>Al referirse a las especulaciones sobre el acuerdo de divorcio, Cvitanich declar\u00f3: \u201cParte del pasado. Parte resuelta y parte de la intimidad\u201d. Sobre la convivencia con Bonelli y la familia ensamblada, sostuvo: \u201cHay que tener una relaci\u00f3n cordial hoy\u201d.<\/p>\n<p><img loading=\"lazy\" decoding=\"async\" src=\"https:\/\/lobosnews.com.ar\/wp-content\/uploads\/2026\/03\/ivana-figueiras-y-dario-cvitanich-viajaron-a-europa-con-un-divertido-ida-y-vuelta-a-bordo-tremendo-vecino-me-toco-3.jpg\" alt=\"En blanco y negro, la pareja expuso su amor ante sus seguidores (Instagram)\" height=\"863\" width=\"480\"\/><\/p>\n<h2>Un nuevo cap\u00edtulo<\/h2>\n<p>En el presente, la pareja est\u00e1 enfocada en proyectos conjuntos y en disfrutar momentos cotidianos de armon\u00eda. La elecci\u00f3n de la canci\u00f3n \u201cAhora y todo\u201d como acompa\u00f1amiento de una de sus publicaciones enfatiza el deseo de vivir intensamente este cap\u00edtulo. Las im\u00e1genes y los actos espont\u00e1neos compartidos confirman esta etapa de disfrute y tranquilidad.<\/p>\n<p>Las recientes publicaciones muestran una vida cotidiana donde priman la <b>armon\u00eda<\/b> y los planes compartidos. La pareja consolida as\u00ed un nuevo ciclo, priorizando el respeto y la felicidad com\u00fan a trav\u00e9s de actividades familiares y gestos de cercan\u00eda.<\/p>\n<p>Tras dejar atr\u00e1s las dificultades y la exposici\u00f3n medi\u00e1tica, <b>Cvitanich y Figueiras<\/b> han optado por compartir sin reservas su v\u00ednculo, mostr\u00e1ndose aut\u00e9nticos y apostando por una convivencia basada en la calma, la complicidad y la construcci\u00f3n de nuevos recuerdos.<\/p>\n","protected":false},"excerpt":{"rendered":"<p>El viaje de Dar\u00edo Cvitanich e Ivana Figueiras a \u00c1msterdam representa un punto de inflexi\u00f3n para la pareja, que se mostr\u00f3 unida y relajada en redes sociales a bordo de la cabina de clase ejecutiva rumbo a los Pa\u00edses Bajos. La complicidad y los gestos rom\u00e1nticos capturados en im\u00e1genes reflejan el cambio, tras meses marcados&#8230;<\/p>\n","protected":false},"author":1,"featured_media":33140,"comment_status":"open","ping_status":"closed","sticky":false,"template":"","format":"standard","meta":{"_jetpack_memberships_contains_paid_content":false,"footnotes":""},"categories":[79],"tags":[],"class_list":["post-33134","post","type-post","status-publish","format-standard","has-post-thumbnail","hentry","category-cine-y-series"],"magazineBlocksPostFeaturedMedia":{"thumbnail":"https:\/\/lobosnews.com.ar\/wp-content\/uploads\/2026\/03\/ivana-figueiras-y-dario-cvitanich-viajaron-a-europa-con-un-divertido-ida-y-vuelta-a-bordo-tremendo-vecino-me-toco-6-150x150.jpg","medium":"https:\/\/lobosnews.com.ar\/wp-content\/uploads\/2026\/03\/ivana-figueiras-y-dario-cvitanich-viajaron-a-europa-con-un-divertido-ida-y-vuelta-a-bordo-tremendo-vecino-me-toco-6-167x300.jpg","medium_large":"https:\/\/lobosnews.com.ar\/wp-content\/uploads\/2026\/03\/ivana-figueiras-y-dario-cvitanich-viajaron-a-europa-con-un-divertido-ida-y-vuelta-a-bordo-tremendo-vecino-me-toco-6.jpg","large":"https:\/\/lobosnews.com.ar\/wp-content\/uploads\/2026\/03\/ivana-figueiras-y-dario-cvitanich-viajaron-a-europa-con-un-divertido-ida-y-vuelta-a-bordo-tremendo-vecino-me-toco-6.jpg","1536x1536":"https:\/\/lobosnews.com.ar\/wp-content\/uploads\/2026\/03\/ivana-figueiras-y-dario-cvitanich-viajaron-a-europa-con-un-divertido-ida-y-vuelta-a-bordo-tremendo-vecino-me-toco-6.jpg","2048x2048":"https:\/\/lobosnews.com.ar\/wp-content\/uploads\/2026\/03\/ivana-figueiras-y-dario-cvitanich-viajaron-a-europa-con-un-divertido-ida-y-vuelta-a-bordo-tremendo-vecino-me-toco-6.jpg","newsmatic-featured":"https:\/\/lobosnews.com.ar\/wp-content\/uploads\/2026\/03\/ivana-figueiras-y-dario-cvitanich-viajaron-a-europa-con-un-divertido-ida-y-vuelta-a-bordo-tremendo-vecino-me-toco-6-480x545.jpg","newsmatic-list":"https:\/\/lobosnews.com.ar\/wp-content\/uploads\/2026\/03\/ivana-figueiras-y-dario-cvitanich-viajaron-a-europa-con-un-divertido-ida-y-vuelta-a-bordo-tremendo-vecino-me-toco-6-480x400.jpg","newsmatic-thumb":"https:\/\/lobosnews.com.ar\/wp-content\/uploads\/2026\/03\/ivana-figueiras-y-dario-cvitanich-viajaron-a-europa-con-un-divertido-ida-y-vuelta-a-bordo-tremendo-vecino-me-toco-6-300x200.jpg","newsmatic-small":"https:\/\/lobosnews.com.ar\/wp-content\/uploads\/2026\/03\/ivana-figueiras-y-dario-cvitanich-viajaron-a-europa-con-un-divertido-ida-y-vuelta-a-bordo-tremendo-vecino-me-toco-6-150x95.jpg","newsmatic-grid":"https:\/\/lobosnews.com.ar\/wp-content\/uploads\/2026\/03\/ivana-figueiras-y-dario-cvitanich-viajaron-a-europa-con-un-divertido-ida-y-vuelta-a-bordo-tremendo-vecino-me-toco-6-400x250.jpg"},"magazineBlocksPostAuthor":{"name":"admin","avatar":"https:\/\/secure.gravatar.com\/avatar\/76e419471a2083bc3ceab22a763dbbf9b0c1bd15a6214cf3280e2c2dde4580f9?s=96&d=mm&r=g"},"magazineBlocksPostCommentsNumber":"0","magazineBlocksPostExcerpt":"El viaje de Dar\u00edo Cvitanich e Ivana Figueiras a \u00c1msterdam representa un punto de inflexi\u00f3n para la pareja, que se mostr\u00f3 unida y relajada en redes sociales a bordo de la cabina de clase ejecutiva rumbo a los Pa\u00edses Bajos. La complicidad y los gestos rom\u00e1nticos capturados en im\u00e1genes reflejan el cambio, tras meses marcados...","magazineBlocksPostCategories":["Cine y Series"],"magazineBlocksPostViewCount":97,"magazineBlocksPostReadTime":4,"magazine_blocks_featured_image_url":{"full":["https:\/\/lobosnews.com.ar\/wp-content\/uploads\/2026\/03\/ivana-figueiras-y-dario-cvitanich-viajaron-a-europa-con-un-divertido-ida-y-vuelta-a-bordo-tremendo-vecino-me-toco-6.jpg",480,863,false],"medium":["https:\/\/lobosnews.com.ar\/wp-content\/uploads\/2026\/03\/ivana-figueiras-y-dario-cvitanich-viajaron-a-europa-con-un-divertido-ida-y-vuelta-a-bordo-tremendo-vecino-me-toco-6-167x300.jpg",167,300,true],"thumbnail":["https:\/\/lobosnews.com.ar\/wp-content\/uploads\/2026\/03\/ivana-figueiras-y-dario-cvitanich-viajaron-a-europa-con-un-divertido-ida-y-vuelta-a-bordo-tremendo-vecino-me-toco-6-150x150.jpg",150,150,true]},"magazine_blocks_author":{"display_name":"admin","author_link":"https:\/\/lobosnews.com.ar\/index.php\/author\/lobos-news\/"},"magazine_blocks_comment":0,"magazine_blocks_author_image":"https:\/\/secure.gravatar.com\/avatar\/76e419471a2083bc3ceab22a763dbbf9b0c1bd15a6214cf3280e2c2dde4580f9?s=96&d=mm&r=g","magazine_blocks_category":"<a href=\"#\" class=\"category-link category-link-79\">Cine y Series<\/a>","yoast_head":"<!-- This site is optimized with the Yoast SEO plugin v26.6 - https:\/\/yoast.com\/wordpress\/plugins\/seo\/ -->\n<title>Ivana Figueiras y Dar\u00edo Cvitanich viajaron a Europa con un divertido ida y vuelta a bordo: \u201cTremendo vecino me toc\u00f3\u201d - Lobos News<\/title>\n<meta name=\"robots\" content=\"index, follow, max-snippet:-1, max-image-preview:large, max-video-preview:-1\" \/>\n<link rel=\"canonical\" href=\"https:\/\/lobosnews.com.ar\/index.php\/2026\/03\/13\/ivana-figueiras-y-dario-cvitanich-viajaron-a-europa-con-un-divertido-ida-y-vuelta-a-bordo-tremendo-vecino-me-toco\/\" \/>\n<meta property=\"og:locale\" content=\"es_ES\" \/>\n<meta property=\"og:type\" content=\"article\" \/>\n<meta property=\"og:title\" content=\"Ivana Figueiras y Dar\u00edo Cvitanich viajaron a Europa con un divertido ida y vuelta a bordo: \u201cTremendo vecino me toc\u00f3\u201d - Lobos News\" \/>\n<meta property=\"og:description\" content=\"El viaje de Dar\u00edo Cvitanich e Ivana Figueiras a \u00c1msterdam representa un punto de inflexi\u00f3n para la pareja, que se mostr\u00f3 unida y relajada en redes sociales a bordo de la cabina de clase ejecutiva rumbo a los Pa\u00edses Bajos. La complicidad y los gestos rom\u00e1nticos capturados en im\u00e1genes reflejan el cambio, tras meses marcados...\" \/>\n<meta property=\"og:url\" content=\"https:\/\/lobosnews.com.ar\/index.php\/2026\/03\/13\/ivana-figueiras-y-dario-cvitanich-viajaron-a-europa-con-un-divertido-ida-y-vuelta-a-bordo-tremendo-vecino-me-toco\/\" \/>\n<meta property=\"og:site_name\" content=\"Lobos News\" \/>\n<meta property=\"article:published_time\" content=\"2026-03-13T22:37:51+00:00\" \/>\n<meta property=\"article:modified_time\" content=\"2026-03-14T03:17:59+00:00\" \/>\n<meta property=\"og:image\" content=\"https:\/\/lobosnews.com.ar\/wp-content\/uploads\/2026\/03\/ivana-figueiras-y-dario-cvitanich-viajaron-a-europa-con-un-divertido-ida-y-vuelta-a-bordo-tremendo-vecino-me-toco.jpg\" \/>\n<meta name=\"author\" content=\"admin\" \/>\n<meta name=\"twitter:card\" content=\"summary_large_image\" \/>\n<meta name=\"twitter:label1\" content=\"Escrito por\" \/>\n\t<meta name=\"twitter:data1\" content=\"admin\" \/>\n\t<meta name=\"twitter:label2\" content=\"Tiempo de lectura\" \/>\n\t<meta name=\"twitter:data2\" content=\"3 minutos\" \/>\n<script type=\"application\/ld+json\" class=\"yoast-schema-graph\">{\"@context\":\"https:\/\/schema.org\",\"@graph\":[{\"@type\":\"Article\",\"@id\":\"https:\/\/lobosnews.com.ar\/index.php\/2026\/03\/13\/ivana-figueiras-y-dario-cvitanich-viajaron-a-europa-con-un-divertido-ida-y-vuelta-a-bordo-tremendo-vecino-me-toco\/#article\",\"isPartOf\":{\"@id\":\"https:\/\/lobosnews.com.ar\/index.php\/2026\/03\/13\/ivana-figueiras-y-dario-cvitanich-viajaron-a-europa-con-un-divertido-ida-y-vuelta-a-bordo-tremendo-vecino-me-toco\/\"},\"author\":{\"name\":\"admin\",\"@id\":\"https:\/\/lobosnews.com.ar\/#\/schema\/person\/232422a593d5c541dd9aef6aaed10943\"},\"headline\":\"Ivana Figueiras y Dar\u00edo Cvitanich viajaron a Europa con un divertido ida y vuelta a bordo: \u201cTremendo vecino me toc\u00f3\u201d\",\"datePublished\":\"2026-03-13T22:37:51+00:00\",\"dateModified\":\"2026-03-14T03:17:59+00:00\",\"mainEntityOfPage\":{\"@id\":\"https:\/\/lobosnews.com.ar\/index.php\/2026\/03\/13\/ivana-figueiras-y-dario-cvitanich-viajaron-a-europa-con-un-divertido-ida-y-vuelta-a-bordo-tremendo-vecino-me-toco\/\"},\"wordCount\":678,\"commentCount\":0,\"publisher\":{\"@id\":\"https:\/\/lobosnews.com.ar\/#organization\"},\"image\":{\"@id\":\"https:\/\/lobosnews.com.ar\/index.php\/2026\/03\/13\/ivana-figueiras-y-dario-cvitanich-viajaron-a-europa-con-un-divertido-ida-y-vuelta-a-bordo-tremendo-vecino-me-toco\/#primaryimage\"},\"thumbnailUrl\":\"https:\/\/lobosnews.com.ar\/wp-content\/uploads\/2026\/03\/ivana-figueiras-y-dario-cvitanich-viajaron-a-europa-con-un-divertido-ida-y-vuelta-a-bordo-tremendo-vecino-me-toco-6.jpg\",\"articleSection\":[\"Cine y Series\"],\"inLanguage\":\"es\",\"potentialAction\":[{\"@type\":\"CommentAction\",\"name\":\"Comment\",\"target\":[\"https:\/\/lobosnews.com.ar\/index.php\/2026\/03\/13\/ivana-figueiras-y-dario-cvitanich-viajaron-a-europa-con-un-divertido-ida-y-vuelta-a-bordo-tremendo-vecino-me-toco\/#respond\"]}]},{\"@type\":\"WebPage\",\"@id\":\"https:\/\/lobosnews.com.ar\/index.php\/2026\/03\/13\/ivana-figueiras-y-dario-cvitanich-viajaron-a-europa-con-un-divertido-ida-y-vuelta-a-bordo-tremendo-vecino-me-toco\/\",\"url\":\"https:\/\/lobosnews.com.ar\/index.php\/2026\/03\/13\/ivana-figueiras-y-dario-cvitanich-viajaron-a-europa-con-un-divertido-ida-y-vuelta-a-bordo-tremendo-vecino-me-toco\/\",\"name\":\"Ivana Figueiras y Dar\u00edo Cvitanich viajaron a Europa con un divertido ida y vuelta a bordo: \u201cTremendo vecino me toc\u00f3\u201d - Lobos News\",\"isPartOf\":{\"@id\":\"https:\/\/lobosnews.com.ar\/#website\"},\"primaryImageOfPage\":{\"@id\":\"https:\/\/lobosnews.com.ar\/index.php\/2026\/03\/13\/ivana-figueiras-y-dario-cvitanich-viajaron-a-europa-con-un-divertido-ida-y-vuelta-a-bordo-tremendo-vecino-me-toco\/#primaryimage\"},\"image\":{\"@id\":\"https:\/\/lobosnews.com.ar\/index.php\/2026\/03\/13\/ivana-figueiras-y-dario-cvitanich-viajaron-a-europa-con-un-divertido-ida-y-vuelta-a-bordo-tremendo-vecino-me-toco\/#primaryimage\"},\"thumbnailUrl\":\"https:\/\/lobosnews.com.ar\/wp-content\/uploads\/2026\/03\/ivana-figueiras-y-dario-cvitanich-viajaron-a-europa-con-un-divertido-ida-y-vuelta-a-bordo-tremendo-vecino-me-toco-6.jpg\",\"datePublished\":\"2026-03-13T22:37:51+00:00\",\"dateModified\":\"2026-03-14T03:17:59+00:00\",\"breadcrumb\":{\"@id\":\"https:\/\/lobosnews.com.ar\/index.php\/2026\/03\/13\/ivana-figueiras-y-dario-cvitanich-viajaron-a-europa-con-un-divertido-ida-y-vuelta-a-bordo-tremendo-vecino-me-toco\/#breadcrumb\"},\"inLanguage\":\"es\",\"potentialAction\":[{\"@type\":\"ReadAction\",\"target\":[\"https:\/\/lobosnews.com.ar\/index.php\/2026\/03\/13\/ivana-figueiras-y-dario-cvitanich-viajaron-a-europa-con-un-divertido-ida-y-vuelta-a-bordo-tremendo-vecino-me-toco\/\"]}]},{\"@type\":\"ImageObject\",\"inLanguage\":\"es\",\"@id\":\"https:\/\/lobosnews.com.ar\/index.php\/2026\/03\/13\/ivana-figueiras-y-dario-cvitanich-viajaron-a-europa-con-un-divertido-ida-y-vuelta-a-bordo-tremendo-vecino-me-toco\/#primaryimage\",\"url\":\"https:\/\/lobosnews.com.ar\/wp-content\/uploads\/2026\/03\/ivana-figueiras-y-dario-cvitanich-viajaron-a-europa-con-un-divertido-ida-y-vuelta-a-bordo-tremendo-vecino-me-toco-6.jpg\",\"contentUrl\":\"https:\/\/lobosnews.com.ar\/wp-content\/uploads\/2026\/03\/ivana-figueiras-y-dario-cvitanich-viajaron-a-europa-con-un-divertido-ida-y-vuelta-a-bordo-tremendo-vecino-me-toco-6.jpg\",\"width\":480,\"height\":863,\"caption\":\"Ivana Figueiras y Dar\u00edo Cvitanich viajaron a Europa con un divertido ida y vuelta a bordo: \u201cTremendo vecino me toc\u00f3\u201d\"},{\"@type\":\"BreadcrumbList\",\"@id\":\"https:\/\/lobosnews.com.ar\/index.php\/2026\/03\/13\/ivana-figueiras-y-dario-cvitanich-viajaron-a-europa-con-un-divertido-ida-y-vuelta-a-bordo-tremendo-vecino-me-toco\/#breadcrumb\",\"itemListElement\":[{\"@type\":\"ListItem\",\"position\":1,\"name\":\"Portada\",\"item\":\"https:\/\/lobosnews.com.ar\/\"},{\"@type\":\"ListItem\",\"position\":2,\"name\":\"Ivana Figueiras y Dar\u00edo Cvitanich viajaron a Europa con un divertido ida y vuelta a bordo: \u201cTremendo vecino me toc\u00f3\u201d\"}]},{\"@type\":\"WebSite\",\"@id\":\"https:\/\/lobosnews.com.ar\/#website\",\"url\":\"https:\/\/lobosnews.com.ar\/\",\"name\":\"Lobos News\",\"description\":\"Informaci\u00f3n a cada instante\",\"publisher\":{\"@id\":\"https:\/\/lobosnews.com.ar\/#organization\"},\"potentialAction\":[{\"@type\":\"SearchAction\",\"target\":{\"@type\":\"EntryPoint\",\"urlTemplate\":\"https:\/\/lobosnews.com.ar\/?s={search_term_string}\"},\"query-input\":{\"@type\":\"PropertyValueSpecification\",\"valueRequired\":true,\"valueName\":\"search_term_string\"}}],\"inLanguage\":\"es\"},{\"@type\":\"Organization\",\"@id\":\"https:\/\/lobosnews.com.ar\/#organization\",\"name\":\"Lobos News\",\"url\":\"https:\/\/lobosnews.com.ar\/\",\"logo\":{\"@type\":\"ImageObject\",\"inLanguage\":\"es\",\"@id\":\"https:\/\/lobosnews.com.ar\/#\/schema\/logo\/image\/\",\"url\":\"https:\/\/lobosnews.com.ar\/wp-content\/uploads\/2026\/01\/logo-lobosnews.png\",\"contentUrl\":\"https:\/\/lobosnews.com.ar\/wp-content\/uploads\/2026\/01\/logo-lobosnews.png\",\"width\":500,\"height\":200,\"caption\":\"Lobos News\"},\"image\":{\"@id\":\"https:\/\/lobosnews.com.ar\/#\/schema\/logo\/image\/\"}},{\"@type\":\"Person\",\"@id\":\"https:\/\/lobosnews.com.ar\/#\/schema\/person\/232422a593d5c541dd9aef6aaed10943\",\"name\":\"admin\",\"image\":{\"@type\":\"ImageObject\",\"inLanguage\":\"es\",\"@id\":\"https:\/\/lobosnews.com.ar\/#\/schema\/person\/image\/\",\"url\":\"https:\/\/secure.gravatar.com\/avatar\/76e419471a2083bc3ceab22a763dbbf9b0c1bd15a6214cf3280e2c2dde4580f9?s=96&d=mm&r=g\",\"contentUrl\":\"https:\/\/secure.gravatar.com\/avatar\/76e419471a2083bc3ceab22a763dbbf9b0c1bd15a6214cf3280e2c2dde4580f9?s=96&d=mm&r=g\",\"caption\":\"admin\"},\"sameAs\":[\"https:\/\/lobosnews.com.ar\"],\"url\":\"https:\/\/lobosnews.com.ar\/index.php\/author\/lobos-news\/\"}]}<\/script>\n<!-- \/ Yoast SEO plugin. -->","yoast_head_json":{"title":"Ivana Figueiras y Dar\u00edo Cvitanich viajaron a Europa con un divertido ida y vuelta a bordo: \u201cTremendo vecino me toc\u00f3\u201d - Lobos News","robots":{"index":"index","follow":"follow","max-snippet":"max-snippet:-1","max-image-preview":"max-image-preview:large","max-video-preview":"max-video-preview:-1"},"canonical":"https:\/\/lobosnews.com.ar\/index.php\/2026\/03\/13\/ivana-figueiras-y-dario-cvitanich-viajaron-a-europa-con-un-divertido-ida-y-vuelta-a-bordo-tremendo-vecino-me-toco\/","og_locale":"es_ES","og_type":"article","og_title":"Ivana Figueiras y Dar\u00edo Cvitanich viajaron a Europa con un divertido ida y vuelta a bordo: \u201cTremendo vecino me toc\u00f3\u201d - Lobos News","og_description":"El viaje de Dar\u00edo Cvitanich e Ivana Figueiras a \u00c1msterdam representa un punto de inflexi\u00f3n para la pareja, que se mostr\u00f3 unida y relajada en redes sociales a bordo de la cabina de clase ejecutiva rumbo a los Pa\u00edses Bajos. La complicidad y los gestos rom\u00e1nticos capturados en im\u00e1genes reflejan el cambio, tras meses marcados...","og_url":"https:\/\/lobosnews.com.ar\/index.php\/2026\/03\/13\/ivana-figueiras-y-dario-cvitanich-viajaron-a-europa-con-un-divertido-ida-y-vuelta-a-bordo-tremendo-vecino-me-toco\/","og_site_name":"Lobos News","article_published_time":"2026-03-13T22:37:51+00:00","article_modified_time":"2026-03-14T03:17:59+00:00","og_image":[{"url":"https:\/\/lobosnews.com.ar\/wp-content\/uploads\/2026\/03\/ivana-figueiras-y-dario-cvitanich-viajaron-a-europa-con-un-divertido-ida-y-vuelta-a-bordo-tremendo-vecino-me-toco.jpg","type":"","width":"","height":""}],"author":"admin","twitter_card":"summary_large_image","twitter_misc":{"Escrito por":"admin","Tiempo de lectura":"3 minutos"},"schema":{"@context":"https:\/\/schema.org","@graph":[{"@type":"Article","@id":"https:\/\/lobosnews.com.ar\/index.php\/2026\/03\/13\/ivana-figueiras-y-dario-cvitanich-viajaron-a-europa-con-un-divertido-ida-y-vuelta-a-bordo-tremendo-vecino-me-toco\/#article","isPartOf":{"@id":"https:\/\/lobosnews.com.ar\/index.php\/2026\/03\/13\/ivana-figueiras-y-dario-cvitanich-viajaron-a-europa-con-un-divertido-ida-y-vuelta-a-bordo-tremendo-vecino-me-toco\/"},"author":{"name":"admin","@id":"https:\/\/lobosnews.com.ar\/#\/schema\/person\/232422a593d5c541dd9aef6aaed10943"},"headline":"Ivana Figueiras y Dar\u00edo Cvitanich viajaron a Europa con un divertido ida y vuelta a bordo: \u201cTremendo vecino me toc\u00f3\u201d","datePublished":"2026-03-13T22:37:51+00:00","dateModified":"2026-03-14T03:17:59+00:00","mainEntityOfPage":{"@id":"https:\/\/lobosnews.com.ar\/index.php\/2026\/03\/13\/ivana-figueiras-y-dario-cvitanich-viajaron-a-europa-con-un-divertido-ida-y-vuelta-a-bordo-tremendo-vecino-me-toco\/"},"wordCount":678,"commentCount":0,"publisher":{"@id":"https:\/\/lobosnews.com.ar\/#organization"},"image":{"@id":"https:\/\/lobosnews.com.ar\/index.php\/2026\/03\/13\/ivana-figueiras-y-dario-cvitanich-viajaron-a-europa-con-un-divertido-ida-y-vuelta-a-bordo-tremendo-vecino-me-toco\/#primaryimage"},"thumbnailUrl":"https:\/\/lobosnews.com.ar\/wp-content\/uploads\/2026\/03\/ivana-figueiras-y-dario-cvitanich-viajaron-a-europa-con-un-divertido-ida-y-vuelta-a-bordo-tremendo-vecino-me-toco-6.jpg","articleSection":["Cine y Series"],"inLanguage":"es","potentialAction":[{"@type":"CommentAction","name":"Comment","target":["https:\/\/lobosnews.com.ar\/index.php\/2026\/03\/13\/ivana-figueiras-y-dario-cvitanich-viajaron-a-europa-con-un-divertido-ida-y-vuelta-a-bordo-tremendo-vecino-me-toco\/#respond"]}]},{"@type":"WebPage","@id":"https:\/\/lobosnews.com.ar\/index.php\/2026\/03\/13\/ivana-figueiras-y-dario-cvitanich-viajaron-a-europa-con-un-divertido-ida-y-vuelta-a-bordo-tremendo-vecino-me-toco\/","url":"https:\/\/lobosnews.com.ar\/index.php\/2026\/03\/13\/ivana-figueiras-y-dario-cvitanich-viajaron-a-europa-con-un-divertido-ida-y-vuelta-a-bordo-tremendo-vecino-me-toco\/","name":"Ivana Figueiras y Dar\u00edo Cvitanich viajaron a Europa con un divertido ida y vuelta a bordo: \u201cTremendo vecino me toc\u00f3\u201d - Lobos News","isPartOf":{"@id":"https:\/\/lobosnews.com.ar\/#website"},"primaryImageOfPage":{"@id":"https:\/\/lobosnews.com.ar\/index.php\/2026\/03\/13\/ivana-figueiras-y-dario-cvitanich-viajaron-a-europa-con-un-divertido-ida-y-vuelta-a-bordo-tremendo-vecino-me-toco\/#primaryimage"},"image":{"@id":"https:\/\/lobosnews.com.ar\/index.php\/2026\/03\/13\/ivana-figueiras-y-dario-cvitanich-viajaron-a-europa-con-un-divertido-ida-y-vuelta-a-bordo-tremendo-vecino-me-toco\/#primaryimage"},"thumbnailUrl":"https:\/\/lobosnews.com.ar\/wp-content\/uploads\/2026\/03\/ivana-figueiras-y-dario-cvitanich-viajaron-a-europa-con-un-divertido-ida-y-vuelta-a-bordo-tremendo-vecino-me-toco-6.jpg","datePublished":"2026-03-13T22:37:51+00:00","dateModified":"2026-03-14T03:17:59+00:00","breadcrumb":{"@id":"https:\/\/lobosnews.com.ar\/index.php\/2026\/03\/13\/ivana-figueiras-y-dario-cvitanich-viajaron-a-europa-con-un-divertido-ida-y-vuelta-a-bordo-tremendo-vecino-me-toco\/#breadcrumb"},"inLanguage":"es","potentialAction":[{"@type":"ReadAction","target":["https:\/\/lobosnews.com.ar\/index.php\/2026\/03\/13\/ivana-figueiras-y-dario-cvitanich-viajaron-a-europa-con-un-divertido-ida-y-vuelta-a-bordo-tremendo-vecino-me-toco\/"]}]},{"@type":"ImageObject","inLanguage":"es","@id":"https:\/\/lobosnews.com.ar\/index.php\/2026\/03\/13\/ivana-figueiras-y-dario-cvitanich-viajaron-a-europa-con-un-divertido-ida-y-vuelta-a-bordo-tremendo-vecino-me-toco\/#primaryimage","url":"https:\/\/lobosnews.com.ar\/wp-content\/uploads\/2026\/03\/ivana-figueiras-y-dario-cvitanich-viajaron-a-europa-con-un-divertido-ida-y-vuelta-a-bordo-tremendo-vecino-me-toco-6.jpg","contentUrl":"https:\/\/lobosnews.com.ar\/wp-content\/uploads\/2026\/03\/ivana-figueiras-y-dario-cvitanich-viajaron-a-europa-con-un-divertido-ida-y-vuelta-a-bordo-tremendo-vecino-me-toco-6.jpg","width":480,"height":863,"caption":"Ivana Figueiras y Dar\u00edo Cvitanich viajaron a Europa con un divertido ida y vuelta a bordo: \u201cTremendo vecino me toc\u00f3\u201d"},{"@type":"BreadcrumbList","@id":"https:\/\/lobosnews.com.ar\/index.php\/2026\/03\/13\/ivana-figueiras-y-dario-cvitanich-viajaron-a-europa-con-un-divertido-ida-y-vuelta-a-bordo-tremendo-vecino-me-toco\/#breadcrumb","itemListElement":[{"@type":"ListItem","position":1,"name":"Portada","item":"https:\/\/lobosnews.com.ar\/"},{"@type":"ListItem","position":2,"name":"Ivana Figueiras y Dar\u00edo Cvitanich viajaron a Europa con un divertido ida y vuelta a bordo: \u201cTremendo vecino me toc\u00f3\u201d"}]},{"@type":"WebSite","@id":"https:\/\/lobosnews.com.ar\/#website","url":"https:\/\/lobosnews.com.ar\/","name":"Lobos News","description":"Informaci\u00f3n a cada instante","publisher":{"@id":"https:\/\/lobosnews.com.ar\/#organization"},"potentialAction":[{"@type":"SearchAction","target":{"@type":"EntryPoint","urlTemplate":"https:\/\/lobosnews.com.ar\/?s={search_term_string}"},"query-input":{"@type":"PropertyValueSpecification","valueRequired":true,"valueName":"search_term_string"}}],"inLanguage":"es"},{"@type":"Organization","@id":"https:\/\/lobosnews.com.ar\/#organization","name":"Lobos News","url":"https:\/\/lobosnews.com.ar\/","logo":{"@type":"ImageObject","inLanguage":"es","@id":"https:\/\/lobosnews.com.ar\/#\/schema\/logo\/image\/","url":"https:\/\/lobosnews.com.ar\/wp-content\/uploads\/2026\/01\/logo-lobosnews.png","contentUrl":"https:\/\/lobosnews.com.ar\/wp-content\/uploads\/2026\/01\/logo-lobosnews.png","width":500,"height":200,"caption":"Lobos News"},"image":{"@id":"https:\/\/lobosnews.com.ar\/#\/schema\/logo\/image\/"}},{"@type":"Person","@id":"https:\/\/lobosnews.com.ar\/#\/schema\/person\/232422a593d5c541dd9aef6aaed10943","name":"admin","image":{"@type":"ImageObject","inLanguage":"es","@id":"https:\/\/lobosnews.com.ar\/#\/schema\/person\/image\/","url":"https:\/\/secure.gravatar.com\/avatar\/76e419471a2083bc3ceab22a763dbbf9b0c1bd15a6214cf3280e2c2dde4580f9?s=96&d=mm&r=g","contentUrl":"https:\/\/secure.gravatar.com\/avatar\/76e419471a2083bc3ceab22a763dbbf9b0c1bd15a6214cf3280e2c2dde4580f9?s=96&d=mm&r=g","caption":"admin"},"sameAs":["https:\/\/lobosnews.com.ar"],"url":"https:\/\/lobosnews.com.ar\/index.php\/author\/lobos-news\/"}]}},"jetpack_featured_media_url":"https:\/\/lobosnews.com.ar\/wp-content\/uploads\/2026\/03\/ivana-figueiras-y-dario-cvitanich-viajaron-a-europa-con-un-divertido-ida-y-vuelta-a-bordo-tremendo-vecino-me-toco-6.jpg","jetpack_sharing_enabled":true,"_links":{"self":[{"href":"https:\/\/lobosnews.com.ar\/index.php\/wp-json\/wp\/v2\/posts\/33134","targetHints":{"allow":["GET"]}}],"collection":[{"href":"https:\/\/lobosnews.com.ar\/index.php\/wp-json\/wp\/v2\/posts"}],"about":[{"href":"https:\/\/lobosnews.com.ar\/index.php\/wp-json\/wp\/v2\/types\/post"}],"author":[{"embeddable":true,"href":"https:\/\/lobosnews.com.ar\/index.php\/wp-json\/wp\/v2\/users\/1"}],"replies":[{"embeddable":true,"href":"https:\/\/lobosnews.com.ar\/index.php\/wp-json\/wp\/v2\/comments?post=33134"}],"version-history":[{"count":1,"href":"https:\/\/lobosnews.com.ar\/index.php\/wp-json\/wp\/v2\/posts\/33134\/revisions"}],"predecessor-version":[{"id":33139,"href":"https:\/\/lobosnews.com.ar\/index.php\/wp-json\/wp\/v2\/posts\/33134\/revisions\/33139"}],"wp:featuredmedia":[{"embeddable":true,"href":"https:\/\/lobosnews.com.ar\/index.php\/wp-json\/wp\/v2\/media\/33140"}],"wp:attachment":[{"href":"https:\/\/lobosnews.com.ar\/index.php\/wp-json\/wp\/v2\/media?parent=33134"}],"wp:term":[{"taxonomy":"category","embeddable":true,"href":"https:\/\/lobosnews.com.ar\/index.php\/wp-json\/wp\/v2\/categories?post=33134"},{"taxonomy":"post_tag","embeddable":true,"href":"https:\/\/lobosnews.com.ar\/index.php\/wp-json\/wp\/v2\/tags?post=33134"}],"curies":[{"name":"wp","href":"https:\/\/api.w.org\/{rel}","templated":true}]}}