{"id":33049,"date":"2026-03-13T22:21:10","date_gmt":"2026-03-13T22:21:10","guid":{"rendered":"https:\/\/lobosnews.com.ar\/index.php\/2026\/03\/13\/estafaban-con-falsos-alquileres-los-lideres-de-la-banda-operaban-desde-la-carcel\/"},"modified":"2026-03-14T00:35:37","modified_gmt":"2026-03-14T00:35:37","slug":"estafaban-con-falsos-alquileres-los-lideres-de-la-banda-operaban-desde-la-carcel","status":"publish","type":"post","link":"https:\/\/lobosnews.com.ar\/index.php\/2026\/03\/13\/estafaban-con-falsos-alquileres-los-lideres-de-la-banda-operaban-desde-la-carcel\/","title":{"rendered":"Estafaban con falsos alquileres: los l\u00edderes de la banda operaban desde la c\u00e1rcel"},"content":{"rendered":"<p><img loading=\"lazy\" decoding=\"async\" src=\"https:\/\/lobosnews.com.ar\/wp-content\/uploads\/2026\/03\/estafaban-con-falsos-alquileres-los-lideres-de-la-banda-operaban-desde-la-carcel.jpg\" alt=\"Las estafas por alquileres truchos en Jun\u00edn se concretaron mediante publicaciones enga\u00f1osas en redes sociales y pedidos de adelantos econ\u00f3micos\" height=\"1426\" width=\"1200\"\/><\/p>\n<p>Dos sospechosos fueron detenidos como parte de <b>una organizaci\u00f3n dedicada a estafas con alquileres falsos operada desde una c\u00e1rcel <\/b>de la ciudad bonaerense de <span class=\"waslinkname\"><b>Jun\u00edn<\/b><\/span>. La investigaci\u00f3n comenz\u00f3 luego de que un vecino local denunciara haber ca\u00eddo en la trampa.<\/p>\n<p>La banda, que operaba a trav\u00e9s de redes sociales, cay\u00f3 tras una serie de allanamientos simult\u00e1neos coordinados por la <b>UFI N\u00b01<\/b> del <b>Departamento Judicial Jun\u00edn<\/b>, bajo la direcci\u00f3n de la fiscal <b>Vanina Lisazo<\/b> y la supervisi\u00f3n del <b>Juzgado de Garant\u00edas N\u00b03<\/b>.<\/p>\n<p>La mec\u00e1nica de las maniobras consist\u00eda en captar v\u00edctimas a trav\u00e9s de publicaciones enga\u00f1osas que simulaban ofertas de alquileres inexistentes. Una vez que el interesado se contactaba, <b>se le solicitaban datos personales y un adelanto econ\u00f3mico para asegurar la operaci\u00f3n<\/b>. De esta forma, los responsables lograban apropiarse de sumas de dinero sin concretar la entrega de ning\u00fan inmueble.<\/p>\n<p>Las indagaciones realizadas por la <b>Secci\u00f3n de Investigaciones de Cibercrimen Jun\u00edn<\/b> permitieron reconstruir el entramado comunicacional que utilizaban los involucrados, identificando l\u00edneas telef\u00f3nicas, cuentas bancarias, personas asociadas a la operatoria y los perfiles digitales utilizados.<\/p>\n<p><img loading=\"lazy\" decoding=\"async\" src=\"https:\/\/lobosnews.com.ar\/wp-content\/uploads\/2026\/03\/estafaban-con-falsos-alquileres-los-lideres-de-la-banda-operaban-desde-la-carcel-1.jpg\" alt=\"Los allanamientos en Jun\u00edn permitieron secuestrar celulares y tarjetas SIM utilizadas en las comunicaciones y movimientos bancarios de la banda de estafas\" height=\"1600\" width=\"1200\"\/><\/p>\n<p>Este trabajo llev\u00f3 a la concreci\u00f3n de varios procedimientos simult\u00e1neos que involucraron a distintas dependencias policiales, incluyendo la <b>Divisi\u00f3n de Investigaciones Cibercrimen Interior Norte IV Bragado<\/b>, la <b>Jefatura Departamental Jun\u00edn<\/b> y el <b>Grupo de Apoyo Departamental (GAD)<\/b>, entre otros.<\/p>\n<p>Uno de los operativos m\u00e1s relevantes se realiz\u00f3 en la <b>Alcaid\u00eda N\u00b049<\/b> de <b>Jun\u00edn<\/b>, instituci\u00f3n donde se encuentran alojados dos de los principales imputados: <b>Marcos Omar<\/b> <b>Rodr\u00edguez Morales <\/b>y <b>Juli\u00e1n Sebasti\u00e1n Ledesma Herrera<\/b>. Ambos, con antecedentes penales vigentes, presuntamente lideraban la maniobra delictiva desde el <b>Pabell\u00f3n 7<\/b> del establecimiento.<\/p>\n<p>Durante el allanamiento, el personal policial <b>incaut\u00f3 dos tel\u00e9fonos celulares y tarjetas SIM<\/b>, elementos que habr\u00edan sido utilizados para las comunicaciones vinculadas al esquema fraudulento. Ahora, estos dispositivos ser\u00e1n sometidos a peritajes y an\u00e1lisis t\u00e9cnicos para rastrear la posible existencia de otras v\u00edctimas.<\/p>\n<p>En paralelo, el operativo incluy\u00f3 allanamientos en distintos barrios de la ciudad. En el <b>barrio San Francisco<\/b>, agentes irrumpieron en el domicilio de una mujer. All\u00ed tambi\u00e9n secuestraron un tel\u00e9fono celular y una tarjeta SIM que resultan de inter\u00e9s para la causa.<\/p>\n<p>Similares procedimientos se desarrollaron en el <b>Barrio Emilio Mitre<\/b> y en el <b>Barrio San Antonio<\/b>, donde tambi\u00e9n se requisaron dispositivos electr\u00f3nicos y tarjetas asociadas a la investigaci\u00f3n. Esta estrategia coordinada permiti\u00f3 recabar pruebas que ser\u00e1n pieza clave para el avance judicial.<\/p>\n<h2>Los antecedentes de los detenidos<\/h2>\n<p>Rodr\u00edguez Morales, seg\u00fan expedientes judiciales, cumple una pena de cuatro a\u00f1os por \u201c<b>tenencia de estupefacientes con fines de comercializaci\u00f3n<\/b>\u201d, la cual vence el 9 de abril de 2028.<\/p>\n<p>Ledesma Herrera, en tanto, enfrenta una condena de siete a\u00f1os y tres meses por \u201c<b>robo triplemente calificado por el uso de arma de fuego<\/b> cuya aptitud para el disparo no ha podido ser acreditada, por el empleo de arma en uso impropio y por su comisi\u00f3n en poblado y en banda, todo en concurso ideal\u201d, con vencimiento el 14 de julio de 2030.<\/p>\n<p>Ambos permanecen alojados en la <b>Alcaid\u00eda N\u00b049<\/b> de <b>Jun\u00edn<\/b>, donde, a pesar de las restricciones propias del r\u00e9gimen carcelario, habr\u00edan ideado y ejecutado el plan de estafas.<\/p>\n<p>Todas las personas allanadas recibieron notificaci\u00f3n formal sobre la formaci\u00f3n de la causa por el delito de <b>estafa<\/b> y quedaron a disposici\u00f3n de la <b>Fiscal\u00eda interviniente<\/b>, bajo la obligaci\u00f3n de presentarse en sede judicial para prestar declaraci\u00f3n indagatoria.<\/p>\n","protected":false},"excerpt":{"rendered":"<p>Dos sospechosos fueron detenidos como parte de una organizaci\u00f3n dedicada a estafas con alquileres falsos operada desde una c\u00e1rcel de la ciudad bonaerense de Jun\u00edn. La investigaci\u00f3n comenz\u00f3 luego de que un vecino local denunciara haber ca\u00eddo en la trampa. La banda, que operaba a trav\u00e9s de redes sociales, cay\u00f3 tras una serie de allanamientos&#8230;<\/p>\n","protected":false},"author":1,"featured_media":33053,"comment_status":"open","ping_status":"closed","sticky":false,"template":"","format":"standard","meta":{"_jetpack_memberships_contains_paid_content":false,"footnotes":""},"categories":[31,30,32,77,84,35,36,37],"tags":[],"class_list":["post-33049","post","type-post","status-publish","format-standard","has-post-thumbnail","hentry","category-actualidad","category-argentina","category-economia","category-inseguridad","category-masradios-com","category-nacionales","category-seguridad","category-sociedad"],"magazineBlocksPostFeaturedMedia":{"thumbnail":"https:\/\/lobosnews.com.ar\/wp-content\/uploads\/2026\/03\/estafaban-con-falsos-alquileres-los-lideres-de-la-banda-operaban-desde-la-carcel-3-150x150.jpg","medium":"https:\/\/lobosnews.com.ar\/wp-content\/uploads\/2026\/03\/estafaban-con-falsos-alquileres-los-lideres-de-la-banda-operaban-desde-la-carcel-3-225x300.jpg","medium_large":"https:\/\/lobosnews.com.ar\/wp-content\/uploads\/2026\/03\/estafaban-con-falsos-alquileres-los-lideres-de-la-banda-operaban-desde-la-carcel-3-768x1024.jpg","large":"https:\/\/lobosnews.com.ar\/wp-content\/uploads\/2026\/03\/estafaban-con-falsos-alquileres-los-lideres-de-la-banda-operaban-desde-la-carcel-3-768x1024.jpg","1536x1536":"https:\/\/lobosnews.com.ar\/wp-content\/uploads\/2026\/03\/estafaban-con-falsos-alquileres-los-lideres-de-la-banda-operaban-desde-la-carcel-3-1152x1536.jpg","2048x2048":"https:\/\/lobosnews.com.ar\/wp-content\/uploads\/2026\/03\/estafaban-con-falsos-alquileres-los-lideres-de-la-banda-operaban-desde-la-carcel-3.jpg","newsmatic-featured":"https:\/\/lobosnews.com.ar\/wp-content\/uploads\/2026\/03\/estafaban-con-falsos-alquileres-los-lideres-de-la-banda-operaban-desde-la-carcel-3-820x545.jpg","newsmatic-list":"https:\/\/lobosnews.com.ar\/wp-content\/uploads\/2026\/03\/estafaban-con-falsos-alquileres-los-lideres-de-la-banda-operaban-desde-la-carcel-3-600x400.jpg","newsmatic-thumb":"https:\/\/lobosnews.com.ar\/wp-content\/uploads\/2026\/03\/estafaban-con-falsos-alquileres-los-lideres-de-la-banda-operaban-desde-la-carcel-3-300x200.jpg","newsmatic-small":"https:\/\/lobosnews.com.ar\/wp-content\/uploads\/2026\/03\/estafaban-con-falsos-alquileres-los-lideres-de-la-banda-operaban-desde-la-carcel-3-150x95.jpg","newsmatic-grid":"https:\/\/lobosnews.com.ar\/wp-content\/uploads\/2026\/03\/estafaban-con-falsos-alquileres-los-lideres-de-la-banda-operaban-desde-la-carcel-3-400x250.jpg"},"magazineBlocksPostAuthor":{"name":"admin","avatar":"https:\/\/secure.gravatar.com\/avatar\/76e419471a2083bc3ceab22a763dbbf9b0c1bd15a6214cf3280e2c2dde4580f9?s=96&d=mm&r=g"},"magazineBlocksPostCommentsNumber":"0","magazineBlocksPostExcerpt":"Dos sospechosos fueron detenidos como parte de una organizaci\u00f3n dedicada a estafas con alquileres falsos operada desde una c\u00e1rcel de la ciudad bonaerense de Jun\u00edn. La investigaci\u00f3n comenz\u00f3 luego de que un vecino local denunciara haber ca\u00eddo en la trampa. La banda, que operaba a trav\u00e9s de redes sociales, cay\u00f3 tras una serie de allanamientos...","magazineBlocksPostCategories":["Actualidad","Argentina","econom\u00eda","inseguridad","masradios.com","nacionales","seguridad","sociedad"],"magazineBlocksPostViewCount":71,"magazineBlocksPostReadTime":4,"magazine_blocks_featured_image_url":{"full":["https:\/\/lobosnews.com.ar\/wp-content\/uploads\/2026\/03\/estafaban-con-falsos-alquileres-los-lideres-de-la-banda-operaban-desde-la-carcel-3.jpg",1200,1600,false],"medium":["https:\/\/lobosnews.com.ar\/wp-content\/uploads\/2026\/03\/estafaban-con-falsos-alquileres-los-lideres-de-la-banda-operaban-desde-la-carcel-3-225x300.jpg",225,300,true],"thumbnail":["https:\/\/lobosnews.com.ar\/wp-content\/uploads\/2026\/03\/estafaban-con-falsos-alquileres-los-lideres-de-la-banda-operaban-desde-la-carcel-3-150x150.jpg",150,150,true]},"magazine_blocks_author":{"display_name":"admin","author_link":"https:\/\/lobosnews.com.ar\/index.php\/author\/lobos-news\/"},"magazine_blocks_comment":0,"magazine_blocks_author_image":"https:\/\/secure.gravatar.com\/avatar\/76e419471a2083bc3ceab22a763dbbf9b0c1bd15a6214cf3280e2c2dde4580f9?s=96&d=mm&r=g","magazine_blocks_category":"<a href=\"#\" class=\"category-link category-link-31\">Actualidad<\/a> <a href=\"#\" class=\"category-link category-link-30\">Argentina<\/a> <a href=\"#\" class=\"category-link category-link-32\">econom\u00eda<\/a> <a href=\"#\" class=\"category-link category-link-77\">inseguridad<\/a> <a href=\"#\" class=\"category-link category-link-84\">masradios.com<\/a> <a href=\"#\" class=\"category-link category-link-35\">nacionales<\/a> <a href=\"#\" class=\"category-link category-link-36\">seguridad<\/a> <a href=\"#\" class=\"category-link category-link-37\">sociedad<\/a>","yoast_head":"<!-- This site is optimized with the Yoast SEO plugin v26.6 - https:\/\/yoast.com\/wordpress\/plugins\/seo\/ -->\n<title>Estafaban con falsos alquileres: los l\u00edderes de la banda operaban desde la c\u00e1rcel - Lobos News<\/title>\n<meta name=\"robots\" content=\"index, follow, max-snippet:-1, max-image-preview:large, max-video-preview:-1\" \/>\n<link rel=\"canonical\" href=\"https:\/\/lobosnews.com.ar\/index.php\/2026\/03\/13\/estafaban-con-falsos-alquileres-los-lideres-de-la-banda-operaban-desde-la-carcel\/\" \/>\n<meta property=\"og:locale\" content=\"es_ES\" \/>\n<meta property=\"og:type\" content=\"article\" \/>\n<meta property=\"og:title\" content=\"Estafaban con falsos alquileres: los l\u00edderes de la banda operaban desde la c\u00e1rcel - Lobos News\" \/>\n<meta property=\"og:description\" content=\"Dos sospechosos fueron detenidos como parte de una organizaci\u00f3n dedicada a estafas con alquileres falsos operada desde una c\u00e1rcel de la ciudad bonaerense de Jun\u00edn. La investigaci\u00f3n comenz\u00f3 luego de que un vecino local denunciara haber ca\u00eddo en la trampa. La banda, que operaba a trav\u00e9s de redes sociales, cay\u00f3 tras una serie de allanamientos...\" \/>\n<meta property=\"og:url\" content=\"https:\/\/lobosnews.com.ar\/index.php\/2026\/03\/13\/estafaban-con-falsos-alquileres-los-lideres-de-la-banda-operaban-desde-la-carcel\/\" \/>\n<meta property=\"og:site_name\" content=\"Lobos News\" \/>\n<meta property=\"article:published_time\" content=\"2026-03-13T22:21:10+00:00\" \/>\n<meta property=\"article:modified_time\" content=\"2026-03-14T00:35:37+00:00\" \/>\n<meta property=\"og:image\" content=\"https:\/\/lobosnews.com.ar\/wp-content\/uploads\/2026\/03\/estafaban-con-falsos-alquileres-los-lideres-de-la-banda-operaban-desde-la-carcel.jpg\" \/>\n<meta name=\"author\" content=\"admin\" \/>\n<meta name=\"twitter:card\" content=\"summary_large_image\" \/>\n<meta name=\"twitter:label1\" content=\"Escrito por\" \/>\n\t<meta name=\"twitter:data1\" content=\"admin\" \/>\n\t<meta name=\"twitter:label2\" content=\"Tiempo de lectura\" \/>\n\t<meta name=\"twitter:data2\" content=\"3 minutos\" \/>\n<script type=\"application\/ld+json\" class=\"yoast-schema-graph\">{\"@context\":\"https:\/\/schema.org\",\"@graph\":[{\"@type\":\"Article\",\"@id\":\"https:\/\/lobosnews.com.ar\/index.php\/2026\/03\/13\/estafaban-con-falsos-alquileres-los-lideres-de-la-banda-operaban-desde-la-carcel\/#article\",\"isPartOf\":{\"@id\":\"https:\/\/lobosnews.com.ar\/index.php\/2026\/03\/13\/estafaban-con-falsos-alquileres-los-lideres-de-la-banda-operaban-desde-la-carcel\/\"},\"author\":{\"name\":\"admin\",\"@id\":\"https:\/\/lobosnews.com.ar\/#\/schema\/person\/232422a593d5c541dd9aef6aaed10943\"},\"headline\":\"Estafaban con falsos alquileres: los l\u00edderes de la banda operaban desde la c\u00e1rcel\",\"datePublished\":\"2026-03-13T22:21:10+00:00\",\"dateModified\":\"2026-03-14T00:35:37+00:00\",\"mainEntityOfPage\":{\"@id\":\"https:\/\/lobosnews.com.ar\/index.php\/2026\/03\/13\/estafaban-con-falsos-alquileres-los-lideres-de-la-banda-operaban-desde-la-carcel\/\"},\"wordCount\":623,\"commentCount\":0,\"publisher\":{\"@id\":\"https:\/\/lobosnews.com.ar\/#organization\"},\"image\":{\"@id\":\"https:\/\/lobosnews.com.ar\/index.php\/2026\/03\/13\/estafaban-con-falsos-alquileres-los-lideres-de-la-banda-operaban-desde-la-carcel\/#primaryimage\"},\"thumbnailUrl\":\"https:\/\/lobosnews.com.ar\/wp-content\/uploads\/2026\/03\/estafaban-con-falsos-alquileres-los-lideres-de-la-banda-operaban-desde-la-carcel-3.jpg\",\"articleSection\":[\"Actualidad\",\"Argentina\",\"econom\u00eda\",\"inseguridad\",\"masradios.com\",\"nacionales\",\"seguridad\",\"sociedad\"],\"inLanguage\":\"es\",\"potentialAction\":[{\"@type\":\"CommentAction\",\"name\":\"Comment\",\"target\":[\"https:\/\/lobosnews.com.ar\/index.php\/2026\/03\/13\/estafaban-con-falsos-alquileres-los-lideres-de-la-banda-operaban-desde-la-carcel\/#respond\"]}]},{\"@type\":\"WebPage\",\"@id\":\"https:\/\/lobosnews.com.ar\/index.php\/2026\/03\/13\/estafaban-con-falsos-alquileres-los-lideres-de-la-banda-operaban-desde-la-carcel\/\",\"url\":\"https:\/\/lobosnews.com.ar\/index.php\/2026\/03\/13\/estafaban-con-falsos-alquileres-los-lideres-de-la-banda-operaban-desde-la-carcel\/\",\"name\":\"Estafaban con falsos alquileres: los l\u00edderes de la banda operaban desde la c\u00e1rcel - Lobos News\",\"isPartOf\":{\"@id\":\"https:\/\/lobosnews.com.ar\/#website\"},\"primaryImageOfPage\":{\"@id\":\"https:\/\/lobosnews.com.ar\/index.php\/2026\/03\/13\/estafaban-con-falsos-alquileres-los-lideres-de-la-banda-operaban-desde-la-carcel\/#primaryimage\"},\"image\":{\"@id\":\"https:\/\/lobosnews.com.ar\/index.php\/2026\/03\/13\/estafaban-con-falsos-alquileres-los-lideres-de-la-banda-operaban-desde-la-carcel\/#primaryimage\"},\"thumbnailUrl\":\"https:\/\/lobosnews.com.ar\/wp-content\/uploads\/2026\/03\/estafaban-con-falsos-alquileres-los-lideres-de-la-banda-operaban-desde-la-carcel-3.jpg\",\"datePublished\":\"2026-03-13T22:21:10+00:00\",\"dateModified\":\"2026-03-14T00:35:37+00:00\",\"breadcrumb\":{\"@id\":\"https:\/\/lobosnews.com.ar\/index.php\/2026\/03\/13\/estafaban-con-falsos-alquileres-los-lideres-de-la-banda-operaban-desde-la-carcel\/#breadcrumb\"},\"inLanguage\":\"es\",\"potentialAction\":[{\"@type\":\"ReadAction\",\"target\":[\"https:\/\/lobosnews.com.ar\/index.php\/2026\/03\/13\/estafaban-con-falsos-alquileres-los-lideres-de-la-banda-operaban-desde-la-carcel\/\"]}]},{\"@type\":\"ImageObject\",\"inLanguage\":\"es\",\"@id\":\"https:\/\/lobosnews.com.ar\/index.php\/2026\/03\/13\/estafaban-con-falsos-alquileres-los-lideres-de-la-banda-operaban-desde-la-carcel\/#primaryimage\",\"url\":\"https:\/\/lobosnews.com.ar\/wp-content\/uploads\/2026\/03\/estafaban-con-falsos-alquileres-los-lideres-de-la-banda-operaban-desde-la-carcel-3.jpg\",\"contentUrl\":\"https:\/\/lobosnews.com.ar\/wp-content\/uploads\/2026\/03\/estafaban-con-falsos-alquileres-los-lideres-de-la-banda-operaban-desde-la-carcel-3.jpg\",\"width\":1200,\"height\":1600,\"caption\":\"Estafaban con falsos alquileres: los l\u00edderes de la banda operaban desde la c\u00e1rcel\"},{\"@type\":\"BreadcrumbList\",\"@id\":\"https:\/\/lobosnews.com.ar\/index.php\/2026\/03\/13\/estafaban-con-falsos-alquileres-los-lideres-de-la-banda-operaban-desde-la-carcel\/#breadcrumb\",\"itemListElement\":[{\"@type\":\"ListItem\",\"position\":1,\"name\":\"Portada\",\"item\":\"https:\/\/lobosnews.com.ar\/\"},{\"@type\":\"ListItem\",\"position\":2,\"name\":\"Estafaban con falsos alquileres: los l\u00edderes de la banda operaban desde la c\u00e1rcel\"}]},{\"@type\":\"WebSite\",\"@id\":\"https:\/\/lobosnews.com.ar\/#website\",\"url\":\"https:\/\/lobosnews.com.ar\/\",\"name\":\"Lobos News\",\"description\":\"Informaci\u00f3n a cada instante\",\"publisher\":{\"@id\":\"https:\/\/lobosnews.com.ar\/#organization\"},\"potentialAction\":[{\"@type\":\"SearchAction\",\"target\":{\"@type\":\"EntryPoint\",\"urlTemplate\":\"https:\/\/lobosnews.com.ar\/?s={search_term_string}\"},\"query-input\":{\"@type\":\"PropertyValueSpecification\",\"valueRequired\":true,\"valueName\":\"search_term_string\"}}],\"inLanguage\":\"es\"},{\"@type\":\"Organization\",\"@id\":\"https:\/\/lobosnews.com.ar\/#organization\",\"name\":\"Lobos News\",\"url\":\"https:\/\/lobosnews.com.ar\/\",\"logo\":{\"@type\":\"ImageObject\",\"inLanguage\":\"es\",\"@id\":\"https:\/\/lobosnews.com.ar\/#\/schema\/logo\/image\/\",\"url\":\"https:\/\/lobosnews.com.ar\/wp-content\/uploads\/2026\/01\/logo-lobosnews.png\",\"contentUrl\":\"https:\/\/lobosnews.com.ar\/wp-content\/uploads\/2026\/01\/logo-lobosnews.png\",\"width\":500,\"height\":200,\"caption\":\"Lobos News\"},\"image\":{\"@id\":\"https:\/\/lobosnews.com.ar\/#\/schema\/logo\/image\/\"}},{\"@type\":\"Person\",\"@id\":\"https:\/\/lobosnews.com.ar\/#\/schema\/person\/232422a593d5c541dd9aef6aaed10943\",\"name\":\"admin\",\"image\":{\"@type\":\"ImageObject\",\"inLanguage\":\"es\",\"@id\":\"https:\/\/lobosnews.com.ar\/#\/schema\/person\/image\/\",\"url\":\"https:\/\/secure.gravatar.com\/avatar\/76e419471a2083bc3ceab22a763dbbf9b0c1bd15a6214cf3280e2c2dde4580f9?s=96&d=mm&r=g\",\"contentUrl\":\"https:\/\/secure.gravatar.com\/avatar\/76e419471a2083bc3ceab22a763dbbf9b0c1bd15a6214cf3280e2c2dde4580f9?s=96&d=mm&r=g\",\"caption\":\"admin\"},\"sameAs\":[\"https:\/\/lobosnews.com.ar\"],\"url\":\"https:\/\/lobosnews.com.ar\/index.php\/author\/lobos-news\/\"}]}<\/script>\n<!-- \/ Yoast SEO plugin. -->","yoast_head_json":{"title":"Estafaban con falsos alquileres: los l\u00edderes de la banda operaban desde la c\u00e1rcel - Lobos News","robots":{"index":"index","follow":"follow","max-snippet":"max-snippet:-1","max-image-preview":"max-image-preview:large","max-video-preview":"max-video-preview:-1"},"canonical":"https:\/\/lobosnews.com.ar\/index.php\/2026\/03\/13\/estafaban-con-falsos-alquileres-los-lideres-de-la-banda-operaban-desde-la-carcel\/","og_locale":"es_ES","og_type":"article","og_title":"Estafaban con falsos alquileres: los l\u00edderes de la banda operaban desde la c\u00e1rcel - Lobos News","og_description":"Dos sospechosos fueron detenidos como parte de una organizaci\u00f3n dedicada a estafas con alquileres falsos operada desde una c\u00e1rcel de la ciudad bonaerense de Jun\u00edn. La investigaci\u00f3n comenz\u00f3 luego de que un vecino local denunciara haber ca\u00eddo en la trampa. La banda, que operaba a trav\u00e9s de redes sociales, cay\u00f3 tras una serie de allanamientos...","og_url":"https:\/\/lobosnews.com.ar\/index.php\/2026\/03\/13\/estafaban-con-falsos-alquileres-los-lideres-de-la-banda-operaban-desde-la-carcel\/","og_site_name":"Lobos News","article_published_time":"2026-03-13T22:21:10+00:00","article_modified_time":"2026-03-14T00:35:37+00:00","og_image":[{"url":"https:\/\/lobosnews.com.ar\/wp-content\/uploads\/2026\/03\/estafaban-con-falsos-alquileres-los-lideres-de-la-banda-operaban-desde-la-carcel.jpg","type":"","width":"","height":""}],"author":"admin","twitter_card":"summary_large_image","twitter_misc":{"Escrito por":"admin","Tiempo de lectura":"3 minutos"},"schema":{"@context":"https:\/\/schema.org","@graph":[{"@type":"Article","@id":"https:\/\/lobosnews.com.ar\/index.php\/2026\/03\/13\/estafaban-con-falsos-alquileres-los-lideres-de-la-banda-operaban-desde-la-carcel\/#article","isPartOf":{"@id":"https:\/\/lobosnews.com.ar\/index.php\/2026\/03\/13\/estafaban-con-falsos-alquileres-los-lideres-de-la-banda-operaban-desde-la-carcel\/"},"author":{"name":"admin","@id":"https:\/\/lobosnews.com.ar\/#\/schema\/person\/232422a593d5c541dd9aef6aaed10943"},"headline":"Estafaban con falsos alquileres: los l\u00edderes de la banda operaban desde la c\u00e1rcel","datePublished":"2026-03-13T22:21:10+00:00","dateModified":"2026-03-14T00:35:37+00:00","mainEntityOfPage":{"@id":"https:\/\/lobosnews.com.ar\/index.php\/2026\/03\/13\/estafaban-con-falsos-alquileres-los-lideres-de-la-banda-operaban-desde-la-carcel\/"},"wordCount":623,"commentCount":0,"publisher":{"@id":"https:\/\/lobosnews.com.ar\/#organization"},"image":{"@id":"https:\/\/lobosnews.com.ar\/index.php\/2026\/03\/13\/estafaban-con-falsos-alquileres-los-lideres-de-la-banda-operaban-desde-la-carcel\/#primaryimage"},"thumbnailUrl":"https:\/\/lobosnews.com.ar\/wp-content\/uploads\/2026\/03\/estafaban-con-falsos-alquileres-los-lideres-de-la-banda-operaban-desde-la-carcel-3.jpg","articleSection":["Actualidad","Argentina","econom\u00eda","inseguridad","masradios.com","nacionales","seguridad","sociedad"],"inLanguage":"es","potentialAction":[{"@type":"CommentAction","name":"Comment","target":["https:\/\/lobosnews.com.ar\/index.php\/2026\/03\/13\/estafaban-con-falsos-alquileres-los-lideres-de-la-banda-operaban-desde-la-carcel\/#respond"]}]},{"@type":"WebPage","@id":"https:\/\/lobosnews.com.ar\/index.php\/2026\/03\/13\/estafaban-con-falsos-alquileres-los-lideres-de-la-banda-operaban-desde-la-carcel\/","url":"https:\/\/lobosnews.com.ar\/index.php\/2026\/03\/13\/estafaban-con-falsos-alquileres-los-lideres-de-la-banda-operaban-desde-la-carcel\/","name":"Estafaban con falsos alquileres: los l\u00edderes de la banda operaban desde la c\u00e1rcel - Lobos News","isPartOf":{"@id":"https:\/\/lobosnews.com.ar\/#website"},"primaryImageOfPage":{"@id":"https:\/\/lobosnews.com.ar\/index.php\/2026\/03\/13\/estafaban-con-falsos-alquileres-los-lideres-de-la-banda-operaban-desde-la-carcel\/#primaryimage"},"image":{"@id":"https:\/\/lobosnews.com.ar\/index.php\/2026\/03\/13\/estafaban-con-falsos-alquileres-los-lideres-de-la-banda-operaban-desde-la-carcel\/#primaryimage"},"thumbnailUrl":"https:\/\/lobosnews.com.ar\/wp-content\/uploads\/2026\/03\/estafaban-con-falsos-alquileres-los-lideres-de-la-banda-operaban-desde-la-carcel-3.jpg","datePublished":"2026-03-13T22:21:10+00:00","dateModified":"2026-03-14T00:35:37+00:00","breadcrumb":{"@id":"https:\/\/lobosnews.com.ar\/index.php\/2026\/03\/13\/estafaban-con-falsos-alquileres-los-lideres-de-la-banda-operaban-desde-la-carcel\/#breadcrumb"},"inLanguage":"es","potentialAction":[{"@type":"ReadAction","target":["https:\/\/lobosnews.com.ar\/index.php\/2026\/03\/13\/estafaban-con-falsos-alquileres-los-lideres-de-la-banda-operaban-desde-la-carcel\/"]}]},{"@type":"ImageObject","inLanguage":"es","@id":"https:\/\/lobosnews.com.ar\/index.php\/2026\/03\/13\/estafaban-con-falsos-alquileres-los-lideres-de-la-banda-operaban-desde-la-carcel\/#primaryimage","url":"https:\/\/lobosnews.com.ar\/wp-content\/uploads\/2026\/03\/estafaban-con-falsos-alquileres-los-lideres-de-la-banda-operaban-desde-la-carcel-3.jpg","contentUrl":"https:\/\/lobosnews.com.ar\/wp-content\/uploads\/2026\/03\/estafaban-con-falsos-alquileres-los-lideres-de-la-banda-operaban-desde-la-carcel-3.jpg","width":1200,"height":1600,"caption":"Estafaban con falsos alquileres: los l\u00edderes de la banda operaban desde la c\u00e1rcel"},{"@type":"BreadcrumbList","@id":"https:\/\/lobosnews.com.ar\/index.php\/2026\/03\/13\/estafaban-con-falsos-alquileres-los-lideres-de-la-banda-operaban-desde-la-carcel\/#breadcrumb","itemListElement":[{"@type":"ListItem","position":1,"name":"Portada","item":"https:\/\/lobosnews.com.ar\/"},{"@type":"ListItem","position":2,"name":"Estafaban con falsos alquileres: los l\u00edderes de la banda operaban desde la c\u00e1rcel"}]},{"@type":"WebSite","@id":"https:\/\/lobosnews.com.ar\/#website","url":"https:\/\/lobosnews.com.ar\/","name":"Lobos News","description":"Informaci\u00f3n a cada instante","publisher":{"@id":"https:\/\/lobosnews.com.ar\/#organization"},"potentialAction":[{"@type":"SearchAction","target":{"@type":"EntryPoint","urlTemplate":"https:\/\/lobosnews.com.ar\/?s={search_term_string}"},"query-input":{"@type":"PropertyValueSpecification","valueRequired":true,"valueName":"search_term_string"}}],"inLanguage":"es"},{"@type":"Organization","@id":"https:\/\/lobosnews.com.ar\/#organization","name":"Lobos News","url":"https:\/\/lobosnews.com.ar\/","logo":{"@type":"ImageObject","inLanguage":"es","@id":"https:\/\/lobosnews.com.ar\/#\/schema\/logo\/image\/","url":"https:\/\/lobosnews.com.ar\/wp-content\/uploads\/2026\/01\/logo-lobosnews.png","contentUrl":"https:\/\/lobosnews.com.ar\/wp-content\/uploads\/2026\/01\/logo-lobosnews.png","width":500,"height":200,"caption":"Lobos News"},"image":{"@id":"https:\/\/lobosnews.com.ar\/#\/schema\/logo\/image\/"}},{"@type":"Person","@id":"https:\/\/lobosnews.com.ar\/#\/schema\/person\/232422a593d5c541dd9aef6aaed10943","name":"admin","image":{"@type":"ImageObject","inLanguage":"es","@id":"https:\/\/lobosnews.com.ar\/#\/schema\/person\/image\/","url":"https:\/\/secure.gravatar.com\/avatar\/76e419471a2083bc3ceab22a763dbbf9b0c1bd15a6214cf3280e2c2dde4580f9?s=96&d=mm&r=g","contentUrl":"https:\/\/secure.gravatar.com\/avatar\/76e419471a2083bc3ceab22a763dbbf9b0c1bd15a6214cf3280e2c2dde4580f9?s=96&d=mm&r=g","caption":"admin"},"sameAs":["https:\/\/lobosnews.com.ar"],"url":"https:\/\/lobosnews.com.ar\/index.php\/author\/lobos-news\/"}]}},"jetpack_featured_media_url":"https:\/\/lobosnews.com.ar\/wp-content\/uploads\/2026\/03\/estafaban-con-falsos-alquileres-los-lideres-de-la-banda-operaban-desde-la-carcel-3.jpg","jetpack_sharing_enabled":true,"_links":{"self":[{"href":"https:\/\/lobosnews.com.ar\/index.php\/wp-json\/wp\/v2\/posts\/33049","targetHints":{"allow":["GET"]}}],"collection":[{"href":"https:\/\/lobosnews.com.ar\/index.php\/wp-json\/wp\/v2\/posts"}],"about":[{"href":"https:\/\/lobosnews.com.ar\/index.php\/wp-json\/wp\/v2\/types\/post"}],"author":[{"embeddable":true,"href":"https:\/\/lobosnews.com.ar\/index.php\/wp-json\/wp\/v2\/users\/1"}],"replies":[{"embeddable":true,"href":"https:\/\/lobosnews.com.ar\/index.php\/wp-json\/wp\/v2\/comments?post=33049"}],"version-history":[{"count":1,"href":"https:\/\/lobosnews.com.ar\/index.php\/wp-json\/wp\/v2\/posts\/33049\/revisions"}],"predecessor-version":[{"id":33052,"href":"https:\/\/lobosnews.com.ar\/index.php\/wp-json\/wp\/v2\/posts\/33049\/revisions\/33052"}],"wp:featuredmedia":[{"embeddable":true,"href":"https:\/\/lobosnews.com.ar\/index.php\/wp-json\/wp\/v2\/media\/33053"}],"wp:attachment":[{"href":"https:\/\/lobosnews.com.ar\/index.php\/wp-json\/wp\/v2\/media?parent=33049"}],"wp:term":[{"taxonomy":"category","embeddable":true,"href":"https:\/\/lobosnews.com.ar\/index.php\/wp-json\/wp\/v2\/categories?post=33049"},{"taxonomy":"post_tag","embeddable":true,"href":"https:\/\/lobosnews.com.ar\/index.php\/wp-json\/wp\/v2\/tags?post=33049"}],"curies":[{"name":"wp","href":"https:\/\/api.w.org\/{rel}","templated":true}]}}