{"id":32968,"date":"2026-03-13T16:55:37","date_gmt":"2026-03-13T16:55:37","guid":{"rendered":"https:\/\/lobosnews.com.ar\/index.php\/2026\/03\/13\/las-llamativas-declaraciones-del-dt-del-tottenham-luego-del-polemico-cambio-del-arquero-ocurren-cosas-inusuales\/"},"modified":"2026-03-13T20:53:08","modified_gmt":"2026-03-13T20:53:08","slug":"las-llamativas-declaraciones-del-dt-del-tottenham-luego-del-polemico-cambio-del-arquero-ocurren-cosas-inusuales","status":"publish","type":"post","link":"https:\/\/lobosnews.com.ar\/index.php\/2026\/03\/13\/las-llamativas-declaraciones-del-dt-del-tottenham-luego-del-polemico-cambio-del-arquero-ocurren-cosas-inusuales\/","title":{"rendered":"Las llamativas declaraciones del DT del Tottenham luego del pol\u00e9mico cambio del arquero: \u201cOcurren cosas inusuales\u201d"},"content":{"rendered":"<p><img loading=\"lazy\" decoding=\"async\" src=\"https:\/\/lobosnews.com.ar\/wp-content\/uploads\/2026\/03\/las-llamativas-declaraciones-del-dt-del-tottenham-luego-del-polemico-cambio-del-arquero-ocurren-cosas-inusuales.jpg\" alt=\"Igor Tudor tiene el objetivo de salvar al Tottenham del descenso en medio de un clima desolador (Reuters\/Matthew Childs)\" height=\"1146\" width=\"1633\"\/><\/p>\n<p><b>Tottenham <\/b>est\u00e1 atravesando uno de los momentos m\u00e1s delicados de su historia. Los <i>Spurs <\/i>est\u00e1n sumerguidos en una p\u00e9sima racha de resultados y <b>pelean por el descenso en la Premier League<\/b>. En medio de este contexto, afronta una plaga de lesiones que mantienen a un plantel notablemente mermado. El director t\u00e9cnico <b>Igor Tudor<\/b> calific\u00f3 la situaci\u00f3n como \u201c\u00fanica\u201d en su carrera antes del duelo contra el <b>Liverpool<\/b>. Adem\u00e1s, hizo hincapi\u00e9 en el pol\u00e9mico cambio del arquero <span class=\"waslinkname\"><b>Antonin Kinsky<\/b> a los 17 minutos en el partido contra el <b>Atl\u00e9tico de Madrid<\/b><\/span>.<\/p>\n<p>\u201cTenemos muchos problemas para armar el once inicial. <b>As\u00ed son las cosas en este club. Sucede todo el tiempo. Empezamos a construir y luego pasa algo<\/b>, como una tarjeta roja en el \u00faltimo partido o tres o cuatro lesiones\u201d, destac\u00f3 el entrenador croata en la conferencia de prensa previa a la visita a <i>Anfield <\/i>por la fecha 30 del certamen ingl\u00e9s, seg\u00fan difundi\u00f3 el medio ingl\u00e9s <i>BBC<\/i>.<\/p>\n<p>Tottenham afrontar\u00e1 el partido a un punto de caer en la zona roja y no podr\u00e1 contar con 13 futbolistas por bajas, incluido el argentino <b>Cristian <\/b><i><b>Cuti <\/b><\/i><b>Romero<\/b> por un choque con <b>Joao Palhinha<\/b> \u2014tampoco jugar\u00e1\u2014 <span class=\"waslinkname\">en el duelo contra el Atl\u00e9tico de Madrid<\/span>. \u201c<b>Es algo muy raro, nunca me hab\u00eda encontrado en esta situaci\u00f3n en mi carrera. Es muy inusual<\/b>, pero hay que aceptarlo e intentar cambiar lo que est\u00e9 a nuestro alcance\u201d, analiz\u00f3 Tudor.<\/p>\n<p>Adem\u00e1s de la baja del marcador central de la selecci\u00f3n argentina, que es el capit\u00e1n del equipo, se suman las ausencias de <b>Micky van de Ven<\/b> por expulsi\u00f3n, <b>Yves Bissouma<\/b> por una molestia f\u00edsica, <b>Conor Gallagher<\/b> por fiebre y los lesionados de larga duraci\u00f3n <b>James Maddison<\/b>,<b> Dejan Kulusevski<\/b>, <b>Rodrigo Bentancur<\/b> y <b>Mohammed Kudus<\/b>. \u00bfOtro dato que enciende las alarmas? Tottenham recibi\u00f3 17 goles en sus \u00faltimas cuatro visitas a <i>Anfield<\/i><i><b> <\/b><\/i>para chocar contra el Liverpool.<\/p>\n<p><img loading=\"lazy\" decoding=\"async\" src=\"https:\/\/lobosnews.com.ar\/wp-content\/uploads\/2026\/03\/las-llamativas-declaraciones-del-dt-del-tottenham-luego-del-polemico-cambio-del-arquero-ocurren-cosas-inusuales-1.jpg\" alt=\"En medio de un presente desolador, Cuti Romero no podr\u00e1 jugar contra el Liverpool (Reuters\/Matthew Childs)\" height=\"2104\" width=\"2722\"\/><\/p>\n<p>Igor Tudor tambi\u00e9n hizo alusi\u00f3n al <span class=\"waslinkname\">pol\u00e9mico cambio del arquero <b>Antonin Kinsky<\/b> antes de los 20 minutos de partido<\/span> por los octavos de la UEFA Champions League contra el Atl\u00e9tico de Madrid luego de <span class=\"waslinkname\">protagonizar dos errores que terminaron en gol<\/span> del <i>Colchonero<\/i>. Cuando le preguntaron si el joven guardameta de 22 a\u00f1os volver\u00e1 a sumar minutos con los <i>Spurs<\/i>, fue contundente al afirmar que<b> \u201cseguro que jugar\u00e1\u201d.<\/b><\/p>\n<p>\u201c<b>Es algo muy poco com\u00fan. Llevo entrenando 15 a\u00f1os y nunca me hab\u00eda ocurrido<\/b>. Regres\u00f3 al d\u00eda siguiente y se mostr\u00f3 muy bien y positivo en el entrenamiento. Nada m\u00e1s. Probablemente sea la primera y \u00faltima vez que esto sucede en mi vida y en la de mucha gente\u201d, agreg\u00f3. No obstante, confirm\u00f3 que el italiano <b>Guglielmo Vicario<\/b> ser\u00e1 el titular en el siguiente compromiso.<\/p>\n<p>Al mismo tiempo, <span class=\"waslinkname\">hizo hincapi\u00e9 en las palabras que le dijo dentro del vestuario<\/span>: \u201cEs el mismo mensaje que ten\u00eda antes. <b>Puedes salir y hacerte la v\u00edctima<\/b>. Todo el mundo estaba enviando mensajes de ayuda y de \u2018estoy contigo\u2019, y eso tambi\u00e9n es agradable. <b>Seguro que a lo largo de su carrera cometer\u00e1 otros errores<\/b>, pero creo que tiene la fuerza y \u200b\u200bla calidad necesarias para tener una muy buena carrera\u201d. <\/p>\n<p><!DOCTYPE html><br \/>\n<html><br \/>\n<head><br \/>\n<meta name=\"viewport\" content=\"width=device-width, initial-scale=1\"><\/p>\n<style>\n.container-video { position: relative; width: 100%; overflow: hidden; padding-top: 56.25%;\n}\n.responsive-iframe-video { position: absolute; top: 0; left: 0; bottom: 0; right: 0; width: 100%; height: 100%; border: none;\n}\n<\/style>\n<p><\/head><br \/>\n<body><\/p>\n<div class=\"container-video\"> <iframe title=\"video-espn\" class=\"responsive-iframe-video\" src=\"https:\/\/www.espn.com.ar\/core\/video\/iframe?id=16418561&#038;endcard=false&#038;omniReportSuite=wdgespge\" allowfullscreen><\/iframe>\n<\/div>\n<p><\/body><br \/>\n<\/html><\/p>\n<p><i>*El compacto de la dur\u00edsima ca\u00edda contra el Atl\u00e9tico de Madrid por la Champions<\/i><\/p>\n<p><b>Tottenham iniciar\u00e1 la fecha con 29 unidades. <\/b>En la pelea por el descenso lo acompa\u00f1an <b>el Nottingham Forest, tambi\u00e9n con 29, y el West Ham, que tiene 28 puntos <\/b>y est\u00e1 marcando la zona roja. \u201cNo es una situaci\u00f3n f\u00e1cil, no es un momento f\u00e1cil. Cambiar las cosas supone un gran reto. Como en todo en la vida, puedes elegir c\u00f3mo ver la situaci\u00f3n. <b>Puedes llorar o puedes luchar<\/b>. Puedes ser la v\u00edctima o puedes cambiar algo. Este es el mensaje que les transmit\u00ed a los jugadores\u201d, argument\u00f3 Tudor. <\/p>\n<p>En esta misma l\u00ednea, sum\u00f3: \u201cLa botella est\u00e1 medio vac\u00eda o medio llena. <b>Aqu\u00ed no hay nada lleno, hay muchas cosas vac\u00edas<\/b>. Pero los momentos dif\u00edciles no duran para siempre. Pasar\u00e1n. Creo que los jugadores que aprovechen esta oportunidad, que tengan el valor de cambiar estas cosas, se convertir\u00e1n en mejores personas y mejores jugadores despu\u00e9s. Esto nos concierne a todos\u201d.<\/p>\n<p>Despu\u00e9s de visitar al Liverpool, los <i>Spurs <\/i>deber\u00e1n cerrar la llave de los octavos de la Champions contra el <b>Atl\u00e9tico de Madrid<\/b>: chocar\u00e1n el mi\u00e9rcoles 18 de marzo a las 17:00 (hora argentina). La ida termin\u00f3 con un resultado 5-2 a favor del equipo de Diego <i>Cholo <\/i>Simeone. Luego de esto, tendr\u00e1 que afrontar un duelo trascendental en la Premier League al recibir al <b>Nottingham Forest<\/b>, partido que podr\u00eda marcar el futuro de la pelea por el descenso. Cabe recordar que ya fueron eliminados de la Carabao Cup y de la FA Cup.<\/p>\n","protected":false},"excerpt":{"rendered":"<p>Tottenham est\u00e1 atravesando uno de los momentos m\u00e1s delicados de su historia. Los Spurs est\u00e1n sumerguidos en una p\u00e9sima racha de resultados y pelean por el descenso en la Premier League. En medio de este contexto, afronta una plaga de lesiones que mantienen a un plantel notablemente mermado. El director t\u00e9cnico Igor Tudor calific\u00f3 la&#8230;<\/p>\n","protected":false},"author":1,"featured_media":0,"comment_status":"open","ping_status":"closed","sticky":false,"template":"","format":"standard","meta":{"_jetpack_memberships_contains_paid_content":false,"footnotes":""},"categories":[30],"tags":[39],"class_list":["post-32968","post","type-post","status-publish","format-standard","hentry","category-argentina","tag-deportes"],"magazineBlocksPostFeaturedMedia":{"thumbnail":false,"medium":false,"medium_large":false,"large":false,"1536x1536":false,"2048x2048":false,"newsmatic-featured":false,"newsmatic-list":false,"newsmatic-thumb":false,"newsmatic-small":false,"newsmatic-grid":false},"magazineBlocksPostAuthor":{"name":"admin","avatar":"https:\/\/secure.gravatar.com\/avatar\/76e419471a2083bc3ceab22a763dbbf9b0c1bd15a6214cf3280e2c2dde4580f9?s=96&d=mm&r=g"},"magazineBlocksPostCommentsNumber":"0","magazineBlocksPostExcerpt":"Tottenham est\u00e1 atravesando uno de los momentos m\u00e1s delicados de su historia. Los Spurs est\u00e1n sumerguidos en una p\u00e9sima racha de resultados y pelean por el descenso en la Premier League. En medio de este contexto, afronta una plaga de lesiones que mantienen a un plantel notablemente mermado. El director t\u00e9cnico Igor Tudor calific\u00f3 la...","magazineBlocksPostCategories":["Argentina"],"magazineBlocksPostViewCount":111,"magazineBlocksPostReadTime":5,"magazine_blocks_featured_image_url":{"full":false,"medium":false,"thumbnail":false},"magazine_blocks_author":{"display_name":"admin","author_link":"https:\/\/lobosnews.com.ar\/index.php\/author\/lobos-news\/"},"magazine_blocks_comment":0,"magazine_blocks_author_image":"https:\/\/secure.gravatar.com\/avatar\/76e419471a2083bc3ceab22a763dbbf9b0c1bd15a6214cf3280e2c2dde4580f9?s=96&d=mm&r=g","magazine_blocks_category":"<a href=\"#\" class=\"category-link category-link-30\">Argentina<\/a>","yoast_head":"<!-- This site is optimized with the Yoast SEO plugin v26.6 - https:\/\/yoast.com\/wordpress\/plugins\/seo\/ -->\n<title>Las llamativas declaraciones del DT del Tottenham luego del pol\u00e9mico cambio del arquero: \u201cOcurren cosas inusuales\u201d - Lobos News<\/title>\n<meta name=\"robots\" content=\"index, follow, max-snippet:-1, max-image-preview:large, max-video-preview:-1\" \/>\n<link rel=\"canonical\" href=\"https:\/\/lobosnews.com.ar\/index.php\/2026\/03\/13\/las-llamativas-declaraciones-del-dt-del-tottenham-luego-del-polemico-cambio-del-arquero-ocurren-cosas-inusuales\/\" \/>\n<meta property=\"og:locale\" content=\"es_ES\" \/>\n<meta property=\"og:type\" content=\"article\" \/>\n<meta property=\"og:title\" content=\"Las llamativas declaraciones del DT del Tottenham luego del pol\u00e9mico cambio del arquero: \u201cOcurren cosas inusuales\u201d - Lobos News\" \/>\n<meta property=\"og:description\" content=\"Tottenham est\u00e1 atravesando uno de los momentos m\u00e1s delicados de su historia. Los Spurs est\u00e1n sumerguidos en una p\u00e9sima racha de resultados y pelean por el descenso en la Premier League. En medio de este contexto, afronta una plaga de lesiones que mantienen a un plantel notablemente mermado. El director t\u00e9cnico Igor Tudor calific\u00f3 la...\" \/>\n<meta property=\"og:url\" content=\"https:\/\/lobosnews.com.ar\/index.php\/2026\/03\/13\/las-llamativas-declaraciones-del-dt-del-tottenham-luego-del-polemico-cambio-del-arquero-ocurren-cosas-inusuales\/\" \/>\n<meta property=\"og:site_name\" content=\"Lobos News\" \/>\n<meta property=\"article:published_time\" content=\"2026-03-13T16:55:37+00:00\" \/>\n<meta property=\"article:modified_time\" content=\"2026-03-13T20:53:08+00:00\" \/>\n<meta property=\"og:image\" content=\"https:\/\/lobosnews.com.ar\/wp-content\/uploads\/2026\/03\/las-llamativas-declaraciones-del-dt-del-tottenham-luego-del-polemico-cambio-del-arquero-ocurren-cosas-inusuales.jpg\" \/>\n<meta name=\"author\" content=\"admin\" \/>\n<meta name=\"twitter:card\" content=\"summary_large_image\" \/>\n<meta name=\"twitter:label1\" content=\"Escrito por\" \/>\n\t<meta name=\"twitter:data1\" content=\"admin\" \/>\n\t<meta name=\"twitter:label2\" content=\"Tiempo de lectura\" \/>\n\t<meta name=\"twitter:data2\" content=\"4 minutos\" \/>\n<script type=\"application\/ld+json\" class=\"yoast-schema-graph\">{\"@context\":\"https:\/\/schema.org\",\"@graph\":[{\"@type\":\"Article\",\"@id\":\"https:\/\/lobosnews.com.ar\/index.php\/2026\/03\/13\/las-llamativas-declaraciones-del-dt-del-tottenham-luego-del-polemico-cambio-del-arquero-ocurren-cosas-inusuales\/#article\",\"isPartOf\":{\"@id\":\"https:\/\/lobosnews.com.ar\/index.php\/2026\/03\/13\/las-llamativas-declaraciones-del-dt-del-tottenham-luego-del-polemico-cambio-del-arquero-ocurren-cosas-inusuales\/\"},\"author\":{\"name\":\"admin\",\"@id\":\"https:\/\/lobosnews.com.ar\/#\/schema\/person\/232422a593d5c541dd9aef6aaed10943\"},\"headline\":\"Las llamativas declaraciones del DT del Tottenham luego del pol\u00e9mico cambio del arquero: \u201cOcurren cosas inusuales\u201d\",\"datePublished\":\"2026-03-13T16:55:37+00:00\",\"dateModified\":\"2026-03-13T20:53:08+00:00\",\"mainEntityOfPage\":{\"@id\":\"https:\/\/lobosnews.com.ar\/index.php\/2026\/03\/13\/las-llamativas-declaraciones-del-dt-del-tottenham-luego-del-polemico-cambio-del-arquero-ocurren-cosas-inusuales\/\"},\"wordCount\":831,\"commentCount\":0,\"publisher\":{\"@id\":\"https:\/\/lobosnews.com.ar\/#organization\"},\"image\":{\"@id\":\"https:\/\/lobosnews.com.ar\/index.php\/2026\/03\/13\/las-llamativas-declaraciones-del-dt-del-tottenham-luego-del-polemico-cambio-del-arquero-ocurren-cosas-inusuales\/#primaryimage\"},\"thumbnailUrl\":\"https:\/\/lobosnews.com.ar\/wp-content\/uploads\/2026\/03\/las-llamativas-declaraciones-del-dt-del-tottenham-luego-del-polemico-cambio-del-arquero-ocurren-cosas-inusuales.jpg\",\"keywords\":[\"Deportes\"],\"articleSection\":[\"Argentina\"],\"inLanguage\":\"es\",\"potentialAction\":[{\"@type\":\"CommentAction\",\"name\":\"Comment\",\"target\":[\"https:\/\/lobosnews.com.ar\/index.php\/2026\/03\/13\/las-llamativas-declaraciones-del-dt-del-tottenham-luego-del-polemico-cambio-del-arquero-ocurren-cosas-inusuales\/#respond\"]}]},{\"@type\":\"WebPage\",\"@id\":\"https:\/\/lobosnews.com.ar\/index.php\/2026\/03\/13\/las-llamativas-declaraciones-del-dt-del-tottenham-luego-del-polemico-cambio-del-arquero-ocurren-cosas-inusuales\/\",\"url\":\"https:\/\/lobosnews.com.ar\/index.php\/2026\/03\/13\/las-llamativas-declaraciones-del-dt-del-tottenham-luego-del-polemico-cambio-del-arquero-ocurren-cosas-inusuales\/\",\"name\":\"Las llamativas declaraciones del DT del Tottenham luego del pol\u00e9mico cambio del arquero: \u201cOcurren cosas inusuales\u201d - Lobos News\",\"isPartOf\":{\"@id\":\"https:\/\/lobosnews.com.ar\/#website\"},\"primaryImageOfPage\":{\"@id\":\"https:\/\/lobosnews.com.ar\/index.php\/2026\/03\/13\/las-llamativas-declaraciones-del-dt-del-tottenham-luego-del-polemico-cambio-del-arquero-ocurren-cosas-inusuales\/#primaryimage\"},\"image\":{\"@id\":\"https:\/\/lobosnews.com.ar\/index.php\/2026\/03\/13\/las-llamativas-declaraciones-del-dt-del-tottenham-luego-del-polemico-cambio-del-arquero-ocurren-cosas-inusuales\/#primaryimage\"},\"thumbnailUrl\":\"https:\/\/lobosnews.com.ar\/wp-content\/uploads\/2026\/03\/las-llamativas-declaraciones-del-dt-del-tottenham-luego-del-polemico-cambio-del-arquero-ocurren-cosas-inusuales.jpg\",\"datePublished\":\"2026-03-13T16:55:37+00:00\",\"dateModified\":\"2026-03-13T20:53:08+00:00\",\"breadcrumb\":{\"@id\":\"https:\/\/lobosnews.com.ar\/index.php\/2026\/03\/13\/las-llamativas-declaraciones-del-dt-del-tottenham-luego-del-polemico-cambio-del-arquero-ocurren-cosas-inusuales\/#breadcrumb\"},\"inLanguage\":\"es\",\"potentialAction\":[{\"@type\":\"ReadAction\",\"target\":[\"https:\/\/lobosnews.com.ar\/index.php\/2026\/03\/13\/las-llamativas-declaraciones-del-dt-del-tottenham-luego-del-polemico-cambio-del-arquero-ocurren-cosas-inusuales\/\"]}]},{\"@type\":\"ImageObject\",\"inLanguage\":\"es\",\"@id\":\"https:\/\/lobosnews.com.ar\/index.php\/2026\/03\/13\/las-llamativas-declaraciones-del-dt-del-tottenham-luego-del-polemico-cambio-del-arquero-ocurren-cosas-inusuales\/#primaryimage\",\"url\":\"https:\/\/lobosnews.com.ar\/wp-content\/uploads\/2026\/03\/las-llamativas-declaraciones-del-dt-del-tottenham-luego-del-polemico-cambio-del-arquero-ocurren-cosas-inusuales.jpg\",\"contentUrl\":\"https:\/\/lobosnews.com.ar\/wp-content\/uploads\/2026\/03\/las-llamativas-declaraciones-del-dt-del-tottenham-luego-del-polemico-cambio-del-arquero-ocurren-cosas-inusuales.jpg\"},{\"@type\":\"BreadcrumbList\",\"@id\":\"https:\/\/lobosnews.com.ar\/index.php\/2026\/03\/13\/las-llamativas-declaraciones-del-dt-del-tottenham-luego-del-polemico-cambio-del-arquero-ocurren-cosas-inusuales\/#breadcrumb\",\"itemListElement\":[{\"@type\":\"ListItem\",\"position\":1,\"name\":\"Portada\",\"item\":\"https:\/\/lobosnews.com.ar\/\"},{\"@type\":\"ListItem\",\"position\":2,\"name\":\"Las llamativas declaraciones del DT del Tottenham luego del pol\u00e9mico cambio del arquero: \u201cOcurren cosas inusuales\u201d\"}]},{\"@type\":\"WebSite\",\"@id\":\"https:\/\/lobosnews.com.ar\/#website\",\"url\":\"https:\/\/lobosnews.com.ar\/\",\"name\":\"Lobos News\",\"description\":\"Informaci\u00f3n a cada instante\",\"publisher\":{\"@id\":\"https:\/\/lobosnews.com.ar\/#organization\"},\"potentialAction\":[{\"@type\":\"SearchAction\",\"target\":{\"@type\":\"EntryPoint\",\"urlTemplate\":\"https:\/\/lobosnews.com.ar\/?s={search_term_string}\"},\"query-input\":{\"@type\":\"PropertyValueSpecification\",\"valueRequired\":true,\"valueName\":\"search_term_string\"}}],\"inLanguage\":\"es\"},{\"@type\":\"Organization\",\"@id\":\"https:\/\/lobosnews.com.ar\/#organization\",\"name\":\"Lobos News\",\"url\":\"https:\/\/lobosnews.com.ar\/\",\"logo\":{\"@type\":\"ImageObject\",\"inLanguage\":\"es\",\"@id\":\"https:\/\/lobosnews.com.ar\/#\/schema\/logo\/image\/\",\"url\":\"https:\/\/lobosnews.com.ar\/wp-content\/uploads\/2026\/01\/logo-lobosnews.png\",\"contentUrl\":\"https:\/\/lobosnews.com.ar\/wp-content\/uploads\/2026\/01\/logo-lobosnews.png\",\"width\":500,\"height\":200,\"caption\":\"Lobos News\"},\"image\":{\"@id\":\"https:\/\/lobosnews.com.ar\/#\/schema\/logo\/image\/\"}},{\"@type\":\"Person\",\"@id\":\"https:\/\/lobosnews.com.ar\/#\/schema\/person\/232422a593d5c541dd9aef6aaed10943\",\"name\":\"admin\",\"image\":{\"@type\":\"ImageObject\",\"inLanguage\":\"es\",\"@id\":\"https:\/\/lobosnews.com.ar\/#\/schema\/person\/image\/\",\"url\":\"https:\/\/secure.gravatar.com\/avatar\/76e419471a2083bc3ceab22a763dbbf9b0c1bd15a6214cf3280e2c2dde4580f9?s=96&d=mm&r=g\",\"contentUrl\":\"https:\/\/secure.gravatar.com\/avatar\/76e419471a2083bc3ceab22a763dbbf9b0c1bd15a6214cf3280e2c2dde4580f9?s=96&d=mm&r=g\",\"caption\":\"admin\"},\"sameAs\":[\"https:\/\/lobosnews.com.ar\"],\"url\":\"https:\/\/lobosnews.com.ar\/index.php\/author\/lobos-news\/\"}]}<\/script>\n<!-- \/ Yoast SEO plugin. -->","yoast_head_json":{"title":"Las llamativas declaraciones del DT del Tottenham luego del pol\u00e9mico cambio del arquero: \u201cOcurren cosas inusuales\u201d - Lobos News","robots":{"index":"index","follow":"follow","max-snippet":"max-snippet:-1","max-image-preview":"max-image-preview:large","max-video-preview":"max-video-preview:-1"},"canonical":"https:\/\/lobosnews.com.ar\/index.php\/2026\/03\/13\/las-llamativas-declaraciones-del-dt-del-tottenham-luego-del-polemico-cambio-del-arquero-ocurren-cosas-inusuales\/","og_locale":"es_ES","og_type":"article","og_title":"Las llamativas declaraciones del DT del Tottenham luego del pol\u00e9mico cambio del arquero: \u201cOcurren cosas inusuales\u201d - Lobos News","og_description":"Tottenham est\u00e1 atravesando uno de los momentos m\u00e1s delicados de su historia. Los Spurs est\u00e1n sumerguidos en una p\u00e9sima racha de resultados y pelean por el descenso en la Premier League. En medio de este contexto, afronta una plaga de lesiones que mantienen a un plantel notablemente mermado. El director t\u00e9cnico Igor Tudor calific\u00f3 la...","og_url":"https:\/\/lobosnews.com.ar\/index.php\/2026\/03\/13\/las-llamativas-declaraciones-del-dt-del-tottenham-luego-del-polemico-cambio-del-arquero-ocurren-cosas-inusuales\/","og_site_name":"Lobos News","article_published_time":"2026-03-13T16:55:37+00:00","article_modified_time":"2026-03-13T20:53:08+00:00","og_image":[{"url":"https:\/\/lobosnews.com.ar\/wp-content\/uploads\/2026\/03\/las-llamativas-declaraciones-del-dt-del-tottenham-luego-del-polemico-cambio-del-arquero-ocurren-cosas-inusuales.jpg","type":"","width":"","height":""}],"author":"admin","twitter_card":"summary_large_image","twitter_misc":{"Escrito por":"admin","Tiempo de lectura":"4 minutos"},"schema":{"@context":"https:\/\/schema.org","@graph":[{"@type":"Article","@id":"https:\/\/lobosnews.com.ar\/index.php\/2026\/03\/13\/las-llamativas-declaraciones-del-dt-del-tottenham-luego-del-polemico-cambio-del-arquero-ocurren-cosas-inusuales\/#article","isPartOf":{"@id":"https:\/\/lobosnews.com.ar\/index.php\/2026\/03\/13\/las-llamativas-declaraciones-del-dt-del-tottenham-luego-del-polemico-cambio-del-arquero-ocurren-cosas-inusuales\/"},"author":{"name":"admin","@id":"https:\/\/lobosnews.com.ar\/#\/schema\/person\/232422a593d5c541dd9aef6aaed10943"},"headline":"Las llamativas declaraciones del DT del Tottenham luego del pol\u00e9mico cambio del arquero: \u201cOcurren cosas inusuales\u201d","datePublished":"2026-03-13T16:55:37+00:00","dateModified":"2026-03-13T20:53:08+00:00","mainEntityOfPage":{"@id":"https:\/\/lobosnews.com.ar\/index.php\/2026\/03\/13\/las-llamativas-declaraciones-del-dt-del-tottenham-luego-del-polemico-cambio-del-arquero-ocurren-cosas-inusuales\/"},"wordCount":831,"commentCount":0,"publisher":{"@id":"https:\/\/lobosnews.com.ar\/#organization"},"image":{"@id":"https:\/\/lobosnews.com.ar\/index.php\/2026\/03\/13\/las-llamativas-declaraciones-del-dt-del-tottenham-luego-del-polemico-cambio-del-arquero-ocurren-cosas-inusuales\/#primaryimage"},"thumbnailUrl":"https:\/\/lobosnews.com.ar\/wp-content\/uploads\/2026\/03\/las-llamativas-declaraciones-del-dt-del-tottenham-luego-del-polemico-cambio-del-arquero-ocurren-cosas-inusuales.jpg","keywords":["Deportes"],"articleSection":["Argentina"],"inLanguage":"es","potentialAction":[{"@type":"CommentAction","name":"Comment","target":["https:\/\/lobosnews.com.ar\/index.php\/2026\/03\/13\/las-llamativas-declaraciones-del-dt-del-tottenham-luego-del-polemico-cambio-del-arquero-ocurren-cosas-inusuales\/#respond"]}]},{"@type":"WebPage","@id":"https:\/\/lobosnews.com.ar\/index.php\/2026\/03\/13\/las-llamativas-declaraciones-del-dt-del-tottenham-luego-del-polemico-cambio-del-arquero-ocurren-cosas-inusuales\/","url":"https:\/\/lobosnews.com.ar\/index.php\/2026\/03\/13\/las-llamativas-declaraciones-del-dt-del-tottenham-luego-del-polemico-cambio-del-arquero-ocurren-cosas-inusuales\/","name":"Las llamativas declaraciones del DT del Tottenham luego del pol\u00e9mico cambio del arquero: \u201cOcurren cosas inusuales\u201d - Lobos News","isPartOf":{"@id":"https:\/\/lobosnews.com.ar\/#website"},"primaryImageOfPage":{"@id":"https:\/\/lobosnews.com.ar\/index.php\/2026\/03\/13\/las-llamativas-declaraciones-del-dt-del-tottenham-luego-del-polemico-cambio-del-arquero-ocurren-cosas-inusuales\/#primaryimage"},"image":{"@id":"https:\/\/lobosnews.com.ar\/index.php\/2026\/03\/13\/las-llamativas-declaraciones-del-dt-del-tottenham-luego-del-polemico-cambio-del-arquero-ocurren-cosas-inusuales\/#primaryimage"},"thumbnailUrl":"https:\/\/lobosnews.com.ar\/wp-content\/uploads\/2026\/03\/las-llamativas-declaraciones-del-dt-del-tottenham-luego-del-polemico-cambio-del-arquero-ocurren-cosas-inusuales.jpg","datePublished":"2026-03-13T16:55:37+00:00","dateModified":"2026-03-13T20:53:08+00:00","breadcrumb":{"@id":"https:\/\/lobosnews.com.ar\/index.php\/2026\/03\/13\/las-llamativas-declaraciones-del-dt-del-tottenham-luego-del-polemico-cambio-del-arquero-ocurren-cosas-inusuales\/#breadcrumb"},"inLanguage":"es","potentialAction":[{"@type":"ReadAction","target":["https:\/\/lobosnews.com.ar\/index.php\/2026\/03\/13\/las-llamativas-declaraciones-del-dt-del-tottenham-luego-del-polemico-cambio-del-arquero-ocurren-cosas-inusuales\/"]}]},{"@type":"ImageObject","inLanguage":"es","@id":"https:\/\/lobosnews.com.ar\/index.php\/2026\/03\/13\/las-llamativas-declaraciones-del-dt-del-tottenham-luego-del-polemico-cambio-del-arquero-ocurren-cosas-inusuales\/#primaryimage","url":"https:\/\/lobosnews.com.ar\/wp-content\/uploads\/2026\/03\/las-llamativas-declaraciones-del-dt-del-tottenham-luego-del-polemico-cambio-del-arquero-ocurren-cosas-inusuales.jpg","contentUrl":"https:\/\/lobosnews.com.ar\/wp-content\/uploads\/2026\/03\/las-llamativas-declaraciones-del-dt-del-tottenham-luego-del-polemico-cambio-del-arquero-ocurren-cosas-inusuales.jpg"},{"@type":"BreadcrumbList","@id":"https:\/\/lobosnews.com.ar\/index.php\/2026\/03\/13\/las-llamativas-declaraciones-del-dt-del-tottenham-luego-del-polemico-cambio-del-arquero-ocurren-cosas-inusuales\/#breadcrumb","itemListElement":[{"@type":"ListItem","position":1,"name":"Portada","item":"https:\/\/lobosnews.com.ar\/"},{"@type":"ListItem","position":2,"name":"Las llamativas declaraciones del DT del Tottenham luego del pol\u00e9mico cambio del arquero: \u201cOcurren cosas inusuales\u201d"}]},{"@type":"WebSite","@id":"https:\/\/lobosnews.com.ar\/#website","url":"https:\/\/lobosnews.com.ar\/","name":"Lobos News","description":"Informaci\u00f3n a cada instante","publisher":{"@id":"https:\/\/lobosnews.com.ar\/#organization"},"potentialAction":[{"@type":"SearchAction","target":{"@type":"EntryPoint","urlTemplate":"https:\/\/lobosnews.com.ar\/?s={search_term_string}"},"query-input":{"@type":"PropertyValueSpecification","valueRequired":true,"valueName":"search_term_string"}}],"inLanguage":"es"},{"@type":"Organization","@id":"https:\/\/lobosnews.com.ar\/#organization","name":"Lobos News","url":"https:\/\/lobosnews.com.ar\/","logo":{"@type":"ImageObject","inLanguage":"es","@id":"https:\/\/lobosnews.com.ar\/#\/schema\/logo\/image\/","url":"https:\/\/lobosnews.com.ar\/wp-content\/uploads\/2026\/01\/logo-lobosnews.png","contentUrl":"https:\/\/lobosnews.com.ar\/wp-content\/uploads\/2026\/01\/logo-lobosnews.png","width":500,"height":200,"caption":"Lobos News"},"image":{"@id":"https:\/\/lobosnews.com.ar\/#\/schema\/logo\/image\/"}},{"@type":"Person","@id":"https:\/\/lobosnews.com.ar\/#\/schema\/person\/232422a593d5c541dd9aef6aaed10943","name":"admin","image":{"@type":"ImageObject","inLanguage":"es","@id":"https:\/\/lobosnews.com.ar\/#\/schema\/person\/image\/","url":"https:\/\/secure.gravatar.com\/avatar\/76e419471a2083bc3ceab22a763dbbf9b0c1bd15a6214cf3280e2c2dde4580f9?s=96&d=mm&r=g","contentUrl":"https:\/\/secure.gravatar.com\/avatar\/76e419471a2083bc3ceab22a763dbbf9b0c1bd15a6214cf3280e2c2dde4580f9?s=96&d=mm&r=g","caption":"admin"},"sameAs":["https:\/\/lobosnews.com.ar"],"url":"https:\/\/lobosnews.com.ar\/index.php\/author\/lobos-news\/"}]}},"jetpack_featured_media_url":"","jetpack_sharing_enabled":true,"_links":{"self":[{"href":"https:\/\/lobosnews.com.ar\/index.php\/wp-json\/wp\/v2\/posts\/32968","targetHints":{"allow":["GET"]}}],"collection":[{"href":"https:\/\/lobosnews.com.ar\/index.php\/wp-json\/wp\/v2\/posts"}],"about":[{"href":"https:\/\/lobosnews.com.ar\/index.php\/wp-json\/wp\/v2\/types\/post"}],"author":[{"embeddable":true,"href":"https:\/\/lobosnews.com.ar\/index.php\/wp-json\/wp\/v2\/users\/1"}],"replies":[{"embeddable":true,"href":"https:\/\/lobosnews.com.ar\/index.php\/wp-json\/wp\/v2\/comments?post=32968"}],"version-history":[{"count":1,"href":"https:\/\/lobosnews.com.ar\/index.php\/wp-json\/wp\/v2\/posts\/32968\/revisions"}],"predecessor-version":[{"id":32971,"href":"https:\/\/lobosnews.com.ar\/index.php\/wp-json\/wp\/v2\/posts\/32968\/revisions\/32971"}],"wp:attachment":[{"href":"https:\/\/lobosnews.com.ar\/index.php\/wp-json\/wp\/v2\/media?parent=32968"}],"wp:term":[{"taxonomy":"category","embeddable":true,"href":"https:\/\/lobosnews.com.ar\/index.php\/wp-json\/wp\/v2\/categories?post=32968"},{"taxonomy":"post_tag","embeddable":true,"href":"https:\/\/lobosnews.com.ar\/index.php\/wp-json\/wp\/v2\/tags?post=32968"}],"curies":[{"name":"wp","href":"https:\/\/api.w.org\/{rel}","templated":true}]}}