{"id":32964,"date":"2026-03-13T17:51:33","date_gmt":"2026-03-13T17:51:33","guid":{"rendered":"https:\/\/lobosnews.com.ar\/index.php\/2026\/03\/13\/despidieron-a-otro-entrenador-en-primera-division-ya-se-fueron-seis-en-apenas-9-partidos\/"},"modified":"2026-03-13T20:52:57","modified_gmt":"2026-03-13T20:52:57","slug":"despidieron-a-otro-entrenador-en-primera-division-ya-se-fueron-seis-en-apenas-9-partidos","status":"publish","type":"post","link":"https:\/\/lobosnews.com.ar\/index.php\/2026\/03\/13\/despidieron-a-otro-entrenador-en-primera-division-ya-se-fueron-seis-en-apenas-9-partidos\/","title":{"rendered":"Despidieron a otro entrenador en Primera Divisi\u00f3n: ya se fueron seis en apenas 9 partidos"},"content":{"rendered":"<p><img loading=\"lazy\" decoding=\"async\" src=\"https:\/\/lobosnews.com.ar\/wp-content\/uploads\/2026\/03\/despidieron-a-otro-entrenador-en-primera-division-ya-se-fueron-seis-en-apenas-9-partidos.jpg\" alt=\"\" height=\"608\" width=\"1080\"\/><\/p>\n<p><b>Iv\u00e1n Delfino<\/b> dej\u00f3 de ser el director t\u00e9cnico de <b>Estudiantes de R\u00edo Cuarto<\/b> tras la derrota por <b>1-0 ante Belgrano de C\u00f3rdoba<\/b> en la d\u00e9cima fecha del <b>Torneo Apertura<\/b>, seg\u00fan inform\u00f3 este jueves el club cordob\u00e9s a trav\u00e9s de un comunicado. Con esta salida, <b>Estudiantes de R\u00edo Cuarto<\/b> se suma a la lista de seis clubes argentinos que se han quedado sin entrenador desde el inicio del campeonato, un fen\u00f3meno que tuvo su pico a fines de febrero.<\/p>\n<p>El comunicado oficial del <i>Le\u00f3n<\/i> inform\u00f3: \u201cLa Dirgencia de Asociaci\u00f3n Atl\u00e9tica Estudiantes de R\u00edo Cuarto comunica a sus socios, simpatizantes y a la opini\u00f3n p\u00fablica en general, que se ha decidido poner fin a la etapa de Iv\u00e1n Delfino como Director T\u00e9cnico del plantel profesional..En este momento las palabras de agradecimiento resultan insuficientes. Iv\u00e1n no solo fue el conductor t\u00e1ctico de nuestro equipo junto a su cuerpo t\u00e9cnico; fue el arquitecto de un sue\u00f1o que nuestra ciudad esper\u00f3 durante d\u00e9cadas\u201d. <\/p>\n<p>Y complet\u00f3: \u201cBajo su mando, Estudiantes alcanz\u00f3 la gloria m\u00e1xima: el hist\u00f3rico ascenso a la Liga Profesional, un hito que cambi\u00f3 para siempre el destino de nuestra instituci\u00f3n y puso el nombre de R\u00edo Cuarto en la cima del f\u00fatbol argentino.Su profesionalismo y su entrega absoluta dejan para siempre una huella imborrable en Estudiantes. <b>Desde el club le deseamos el mayor de los \u00e9xitos en sus pr\u00f3ximos desaf\u00edos profesionales, con la certeza de que su legado de esfuerzo y humildad seguir\u00e1 guiando nuestro camino en la elite del f\u00fatbol profesional&#8230; \u00a1Gracias, Iv\u00e1n! \u00a1Hasta siempre!<\/b>\u201c.<\/p>\n<p><img loading=\"lazy\" decoding=\"async\" src=\"https:\/\/lobosnews.com.ar\/wp-content\/uploads\/2026\/03\/despidieron-a-otro-entrenador-en-primera-division-ya-se-fueron-seis-en-apenas-9-partidos-1.jpg\" alt=\"Leandro Romagnoli est\u00e1 apuntado para suceder a Iv\u00e1n Delfino en Estudiantes de R\u00edo Cuarto\" height=\"3840\" width=\"5760\"\/><\/p>\n<p>El club de R\u00edo Cuarto hab\u00eda sumado solo 4 puntos en nueve partidos en este Torneo Apertura y reconoci\u00f3 en su mensaje la \u201chuella imborrable\u201d que deja Iv\u00e1n Delfino y su cuerpo t\u00e9cnico. Los cordobeses solamente pudieron ganarle a Hurac\u00e1n en condici\u00f3n de local, mientras que rescataron su otra unidad con el empate sin goles ante Argentinos Juniors en la misma condici\u00f3n. En la siguiente jornada, Estudiantes tendr\u00e1 que visitar a<b> Racing <\/b>en Avellaneda:<b> <\/b>la cita ser\u00e1 este lunes 16 de marzo a partir de las 20 en el <i>Cilindro<\/i>. Aunque todav\u00eda no existen precisiones respecto al reemplazante, el principal apuntado es <b>Leandro Romagnoli<\/b>, quien pele\u00f3 por la permanencia al frente de San Mart\u00edn de San Juan el a\u00f1o pasado.<\/p>\n<p>Previamente, la competencia ya hab\u00eda registrado las salidas de <b>Daniel Oldr\u00e1<\/b> de Instituto de C\u00f3rdoba apenas en la segunda jornada, de <b>Eduardo Dom\u00ednguez<\/b> de Estudiantes de La Plata por una oferta de Atl\u00e9tico Mineiro, y de la dupla <b>Favio Orsi y Sergio G\u00f3mez<\/b> en Newell\u2019s, tras un mal inicio. A estos casos se les sumaron las renuncias de <b>Marcelo Gallardo<\/b> en River y de <b>Hugo Colace<\/b> en Atl\u00e9tico Tucum\u00e1n. <\/p>\n","protected":false},"excerpt":{"rendered":"<p>Iv\u00e1n Delfino dej\u00f3 de ser el director t\u00e9cnico de Estudiantes de R\u00edo Cuarto tras la derrota por 1-0 ante Belgrano de C\u00f3rdoba en la d\u00e9cima fecha del Torneo Apertura, seg\u00fan inform\u00f3 este jueves el club cordob\u00e9s a trav\u00e9s de un comunicado. Con esta salida, Estudiantes de R\u00edo Cuarto se suma a la lista de seis&#8230;<\/p>\n","protected":false},"author":1,"featured_media":0,"comment_status":"open","ping_status":"closed","sticky":false,"template":"","format":"standard","meta":{"_jetpack_memberships_contains_paid_content":false,"footnotes":""},"categories":[30],"tags":[39],"class_list":["post-32964","post","type-post","status-publish","format-standard","hentry","category-argentina","tag-deportes"],"magazineBlocksPostFeaturedMedia":{"thumbnail":false,"medium":false,"medium_large":false,"large":false,"1536x1536":false,"2048x2048":false,"newsmatic-featured":false,"newsmatic-list":false,"newsmatic-thumb":false,"newsmatic-small":false,"newsmatic-grid":false},"magazineBlocksPostAuthor":{"name":"admin","avatar":"https:\/\/secure.gravatar.com\/avatar\/76e419471a2083bc3ceab22a763dbbf9b0c1bd15a6214cf3280e2c2dde4580f9?s=96&d=mm&r=g"},"magazineBlocksPostCommentsNumber":"0","magazineBlocksPostExcerpt":"Iv\u00e1n Delfino dej\u00f3 de ser el director t\u00e9cnico de Estudiantes de R\u00edo Cuarto tras la derrota por 1-0 ante Belgrano de C\u00f3rdoba en la d\u00e9cima fecha del Torneo Apertura, seg\u00fan inform\u00f3 este jueves el club cordob\u00e9s a trav\u00e9s de un comunicado. Con esta salida, Estudiantes de R\u00edo Cuarto se suma a la lista de seis...","magazineBlocksPostCategories":["Argentina"],"magazineBlocksPostViewCount":87,"magazineBlocksPostReadTime":3,"magazine_blocks_featured_image_url":{"full":false,"medium":false,"thumbnail":false},"magazine_blocks_author":{"display_name":"admin","author_link":"https:\/\/lobosnews.com.ar\/index.php\/author\/lobos-news\/"},"magazine_blocks_comment":0,"magazine_blocks_author_image":"https:\/\/secure.gravatar.com\/avatar\/76e419471a2083bc3ceab22a763dbbf9b0c1bd15a6214cf3280e2c2dde4580f9?s=96&d=mm&r=g","magazine_blocks_category":"<a href=\"#\" class=\"category-link category-link-30\">Argentina<\/a>","yoast_head":"<!-- This site is optimized with the Yoast SEO plugin v26.6 - https:\/\/yoast.com\/wordpress\/plugins\/seo\/ -->\n<title>Despidieron a otro entrenador en Primera Divisi\u00f3n: ya se fueron seis en apenas 9 partidos - Lobos News<\/title>\n<meta name=\"robots\" content=\"index, follow, max-snippet:-1, max-image-preview:large, max-video-preview:-1\" \/>\n<link rel=\"canonical\" href=\"https:\/\/lobosnews.com.ar\/index.php\/2026\/03\/13\/despidieron-a-otro-entrenador-en-primera-division-ya-se-fueron-seis-en-apenas-9-partidos\/\" \/>\n<meta property=\"og:locale\" content=\"es_ES\" \/>\n<meta property=\"og:type\" content=\"article\" \/>\n<meta property=\"og:title\" content=\"Despidieron a otro entrenador en Primera Divisi\u00f3n: ya se fueron seis en apenas 9 partidos - Lobos News\" \/>\n<meta property=\"og:description\" content=\"Iv\u00e1n Delfino dej\u00f3 de ser el director t\u00e9cnico de Estudiantes de R\u00edo Cuarto tras la derrota por 1-0 ante Belgrano de C\u00f3rdoba en la d\u00e9cima fecha del Torneo Apertura, seg\u00fan inform\u00f3 este jueves el club cordob\u00e9s a trav\u00e9s de un comunicado. Con esta salida, Estudiantes de R\u00edo Cuarto se suma a la lista de seis...\" \/>\n<meta property=\"og:url\" content=\"https:\/\/lobosnews.com.ar\/index.php\/2026\/03\/13\/despidieron-a-otro-entrenador-en-primera-division-ya-se-fueron-seis-en-apenas-9-partidos\/\" \/>\n<meta property=\"og:site_name\" content=\"Lobos News\" \/>\n<meta property=\"article:published_time\" content=\"2026-03-13T17:51:33+00:00\" \/>\n<meta property=\"article:modified_time\" content=\"2026-03-13T20:52:57+00:00\" \/>\n<meta property=\"og:image\" content=\"https:\/\/lobosnews.com.ar\/wp-content\/uploads\/2026\/03\/despidieron-a-otro-entrenador-en-primera-division-ya-se-fueron-seis-en-apenas-9-partidos.jpg\" \/>\n<meta name=\"author\" content=\"admin\" \/>\n<meta name=\"twitter:card\" content=\"summary_large_image\" \/>\n<meta name=\"twitter:label1\" content=\"Escrito por\" \/>\n\t<meta name=\"twitter:data1\" content=\"admin\" \/>\n\t<meta name=\"twitter:label2\" content=\"Tiempo de lectura\" \/>\n\t<meta name=\"twitter:data2\" content=\"2 minutos\" \/>\n<script type=\"application\/ld+json\" class=\"yoast-schema-graph\">{\"@context\":\"https:\/\/schema.org\",\"@graph\":[{\"@type\":\"Article\",\"@id\":\"https:\/\/lobosnews.com.ar\/index.php\/2026\/03\/13\/despidieron-a-otro-entrenador-en-primera-division-ya-se-fueron-seis-en-apenas-9-partidos\/#article\",\"isPartOf\":{\"@id\":\"https:\/\/lobosnews.com.ar\/index.php\/2026\/03\/13\/despidieron-a-otro-entrenador-en-primera-division-ya-se-fueron-seis-en-apenas-9-partidos\/\"},\"author\":{\"name\":\"admin\",\"@id\":\"https:\/\/lobosnews.com.ar\/#\/schema\/person\/232422a593d5c541dd9aef6aaed10943\"},\"headline\":\"Despidieron a otro entrenador en Primera Divisi\u00f3n: ya se fueron seis en apenas 9 partidos\",\"datePublished\":\"2026-03-13T17:51:33+00:00\",\"dateModified\":\"2026-03-13T20:52:57+00:00\",\"mainEntityOfPage\":{\"@id\":\"https:\/\/lobosnews.com.ar\/index.php\/2026\/03\/13\/despidieron-a-otro-entrenador-en-primera-division-ya-se-fueron-seis-en-apenas-9-partidos\/\"},\"wordCount\":505,\"commentCount\":0,\"publisher\":{\"@id\":\"https:\/\/lobosnews.com.ar\/#organization\"},\"image\":{\"@id\":\"https:\/\/lobosnews.com.ar\/index.php\/2026\/03\/13\/despidieron-a-otro-entrenador-en-primera-division-ya-se-fueron-seis-en-apenas-9-partidos\/#primaryimage\"},\"thumbnailUrl\":\"https:\/\/lobosnews.com.ar\/wp-content\/uploads\/2026\/03\/despidieron-a-otro-entrenador-en-primera-division-ya-se-fueron-seis-en-apenas-9-partidos.jpg\",\"keywords\":[\"Deportes\"],\"articleSection\":[\"Argentina\"],\"inLanguage\":\"es\",\"potentialAction\":[{\"@type\":\"CommentAction\",\"name\":\"Comment\",\"target\":[\"https:\/\/lobosnews.com.ar\/index.php\/2026\/03\/13\/despidieron-a-otro-entrenador-en-primera-division-ya-se-fueron-seis-en-apenas-9-partidos\/#respond\"]}]},{\"@type\":\"WebPage\",\"@id\":\"https:\/\/lobosnews.com.ar\/index.php\/2026\/03\/13\/despidieron-a-otro-entrenador-en-primera-division-ya-se-fueron-seis-en-apenas-9-partidos\/\",\"url\":\"https:\/\/lobosnews.com.ar\/index.php\/2026\/03\/13\/despidieron-a-otro-entrenador-en-primera-division-ya-se-fueron-seis-en-apenas-9-partidos\/\",\"name\":\"Despidieron a otro entrenador en Primera Divisi\u00f3n: ya se fueron seis en apenas 9 partidos - Lobos News\",\"isPartOf\":{\"@id\":\"https:\/\/lobosnews.com.ar\/#website\"},\"primaryImageOfPage\":{\"@id\":\"https:\/\/lobosnews.com.ar\/index.php\/2026\/03\/13\/despidieron-a-otro-entrenador-en-primera-division-ya-se-fueron-seis-en-apenas-9-partidos\/#primaryimage\"},\"image\":{\"@id\":\"https:\/\/lobosnews.com.ar\/index.php\/2026\/03\/13\/despidieron-a-otro-entrenador-en-primera-division-ya-se-fueron-seis-en-apenas-9-partidos\/#primaryimage\"},\"thumbnailUrl\":\"https:\/\/lobosnews.com.ar\/wp-content\/uploads\/2026\/03\/despidieron-a-otro-entrenador-en-primera-division-ya-se-fueron-seis-en-apenas-9-partidos.jpg\",\"datePublished\":\"2026-03-13T17:51:33+00:00\",\"dateModified\":\"2026-03-13T20:52:57+00:00\",\"breadcrumb\":{\"@id\":\"https:\/\/lobosnews.com.ar\/index.php\/2026\/03\/13\/despidieron-a-otro-entrenador-en-primera-division-ya-se-fueron-seis-en-apenas-9-partidos\/#breadcrumb\"},\"inLanguage\":\"es\",\"potentialAction\":[{\"@type\":\"ReadAction\",\"target\":[\"https:\/\/lobosnews.com.ar\/index.php\/2026\/03\/13\/despidieron-a-otro-entrenador-en-primera-division-ya-se-fueron-seis-en-apenas-9-partidos\/\"]}]},{\"@type\":\"ImageObject\",\"inLanguage\":\"es\",\"@id\":\"https:\/\/lobosnews.com.ar\/index.php\/2026\/03\/13\/despidieron-a-otro-entrenador-en-primera-division-ya-se-fueron-seis-en-apenas-9-partidos\/#primaryimage\",\"url\":\"https:\/\/lobosnews.com.ar\/wp-content\/uploads\/2026\/03\/despidieron-a-otro-entrenador-en-primera-division-ya-se-fueron-seis-en-apenas-9-partidos.jpg\",\"contentUrl\":\"https:\/\/lobosnews.com.ar\/wp-content\/uploads\/2026\/03\/despidieron-a-otro-entrenador-en-primera-division-ya-se-fueron-seis-en-apenas-9-partidos.jpg\"},{\"@type\":\"BreadcrumbList\",\"@id\":\"https:\/\/lobosnews.com.ar\/index.php\/2026\/03\/13\/despidieron-a-otro-entrenador-en-primera-division-ya-se-fueron-seis-en-apenas-9-partidos\/#breadcrumb\",\"itemListElement\":[{\"@type\":\"ListItem\",\"position\":1,\"name\":\"Portada\",\"item\":\"https:\/\/lobosnews.com.ar\/\"},{\"@type\":\"ListItem\",\"position\":2,\"name\":\"Despidieron a otro entrenador en Primera Divisi\u00f3n: ya se fueron seis en apenas 9 partidos\"}]},{\"@type\":\"WebSite\",\"@id\":\"https:\/\/lobosnews.com.ar\/#website\",\"url\":\"https:\/\/lobosnews.com.ar\/\",\"name\":\"Lobos News\",\"description\":\"Informaci\u00f3n a cada instante\",\"publisher\":{\"@id\":\"https:\/\/lobosnews.com.ar\/#organization\"},\"potentialAction\":[{\"@type\":\"SearchAction\",\"target\":{\"@type\":\"EntryPoint\",\"urlTemplate\":\"https:\/\/lobosnews.com.ar\/?s={search_term_string}\"},\"query-input\":{\"@type\":\"PropertyValueSpecification\",\"valueRequired\":true,\"valueName\":\"search_term_string\"}}],\"inLanguage\":\"es\"},{\"@type\":\"Organization\",\"@id\":\"https:\/\/lobosnews.com.ar\/#organization\",\"name\":\"Lobos News\",\"url\":\"https:\/\/lobosnews.com.ar\/\",\"logo\":{\"@type\":\"ImageObject\",\"inLanguage\":\"es\",\"@id\":\"https:\/\/lobosnews.com.ar\/#\/schema\/logo\/image\/\",\"url\":\"https:\/\/lobosnews.com.ar\/wp-content\/uploads\/2026\/01\/logo-lobosnews.png\",\"contentUrl\":\"https:\/\/lobosnews.com.ar\/wp-content\/uploads\/2026\/01\/logo-lobosnews.png\",\"width\":500,\"height\":200,\"caption\":\"Lobos News\"},\"image\":{\"@id\":\"https:\/\/lobosnews.com.ar\/#\/schema\/logo\/image\/\"}},{\"@type\":\"Person\",\"@id\":\"https:\/\/lobosnews.com.ar\/#\/schema\/person\/232422a593d5c541dd9aef6aaed10943\",\"name\":\"admin\",\"image\":{\"@type\":\"ImageObject\",\"inLanguage\":\"es\",\"@id\":\"https:\/\/lobosnews.com.ar\/#\/schema\/person\/image\/\",\"url\":\"https:\/\/secure.gravatar.com\/avatar\/76e419471a2083bc3ceab22a763dbbf9b0c1bd15a6214cf3280e2c2dde4580f9?s=96&d=mm&r=g\",\"contentUrl\":\"https:\/\/secure.gravatar.com\/avatar\/76e419471a2083bc3ceab22a763dbbf9b0c1bd15a6214cf3280e2c2dde4580f9?s=96&d=mm&r=g\",\"caption\":\"admin\"},\"sameAs\":[\"https:\/\/lobosnews.com.ar\"],\"url\":\"https:\/\/lobosnews.com.ar\/index.php\/author\/lobos-news\/\"}]}<\/script>\n<!-- \/ Yoast SEO plugin. -->","yoast_head_json":{"title":"Despidieron a otro entrenador en Primera Divisi\u00f3n: ya se fueron seis en apenas 9 partidos - Lobos News","robots":{"index":"index","follow":"follow","max-snippet":"max-snippet:-1","max-image-preview":"max-image-preview:large","max-video-preview":"max-video-preview:-1"},"canonical":"https:\/\/lobosnews.com.ar\/index.php\/2026\/03\/13\/despidieron-a-otro-entrenador-en-primera-division-ya-se-fueron-seis-en-apenas-9-partidos\/","og_locale":"es_ES","og_type":"article","og_title":"Despidieron a otro entrenador en Primera Divisi\u00f3n: ya se fueron seis en apenas 9 partidos - Lobos News","og_description":"Iv\u00e1n Delfino dej\u00f3 de ser el director t\u00e9cnico de Estudiantes de R\u00edo Cuarto tras la derrota por 1-0 ante Belgrano de C\u00f3rdoba en la d\u00e9cima fecha del Torneo Apertura, seg\u00fan inform\u00f3 este jueves el club cordob\u00e9s a trav\u00e9s de un comunicado. Con esta salida, Estudiantes de R\u00edo Cuarto se suma a la lista de seis...","og_url":"https:\/\/lobosnews.com.ar\/index.php\/2026\/03\/13\/despidieron-a-otro-entrenador-en-primera-division-ya-se-fueron-seis-en-apenas-9-partidos\/","og_site_name":"Lobos News","article_published_time":"2026-03-13T17:51:33+00:00","article_modified_time":"2026-03-13T20:52:57+00:00","og_image":[{"url":"https:\/\/lobosnews.com.ar\/wp-content\/uploads\/2026\/03\/despidieron-a-otro-entrenador-en-primera-division-ya-se-fueron-seis-en-apenas-9-partidos.jpg","type":"","width":"","height":""}],"author":"admin","twitter_card":"summary_large_image","twitter_misc":{"Escrito por":"admin","Tiempo de lectura":"2 minutos"},"schema":{"@context":"https:\/\/schema.org","@graph":[{"@type":"Article","@id":"https:\/\/lobosnews.com.ar\/index.php\/2026\/03\/13\/despidieron-a-otro-entrenador-en-primera-division-ya-se-fueron-seis-en-apenas-9-partidos\/#article","isPartOf":{"@id":"https:\/\/lobosnews.com.ar\/index.php\/2026\/03\/13\/despidieron-a-otro-entrenador-en-primera-division-ya-se-fueron-seis-en-apenas-9-partidos\/"},"author":{"name":"admin","@id":"https:\/\/lobosnews.com.ar\/#\/schema\/person\/232422a593d5c541dd9aef6aaed10943"},"headline":"Despidieron a otro entrenador en Primera Divisi\u00f3n: ya se fueron seis en apenas 9 partidos","datePublished":"2026-03-13T17:51:33+00:00","dateModified":"2026-03-13T20:52:57+00:00","mainEntityOfPage":{"@id":"https:\/\/lobosnews.com.ar\/index.php\/2026\/03\/13\/despidieron-a-otro-entrenador-en-primera-division-ya-se-fueron-seis-en-apenas-9-partidos\/"},"wordCount":505,"commentCount":0,"publisher":{"@id":"https:\/\/lobosnews.com.ar\/#organization"},"image":{"@id":"https:\/\/lobosnews.com.ar\/index.php\/2026\/03\/13\/despidieron-a-otro-entrenador-en-primera-division-ya-se-fueron-seis-en-apenas-9-partidos\/#primaryimage"},"thumbnailUrl":"https:\/\/lobosnews.com.ar\/wp-content\/uploads\/2026\/03\/despidieron-a-otro-entrenador-en-primera-division-ya-se-fueron-seis-en-apenas-9-partidos.jpg","keywords":["Deportes"],"articleSection":["Argentina"],"inLanguage":"es","potentialAction":[{"@type":"CommentAction","name":"Comment","target":["https:\/\/lobosnews.com.ar\/index.php\/2026\/03\/13\/despidieron-a-otro-entrenador-en-primera-division-ya-se-fueron-seis-en-apenas-9-partidos\/#respond"]}]},{"@type":"WebPage","@id":"https:\/\/lobosnews.com.ar\/index.php\/2026\/03\/13\/despidieron-a-otro-entrenador-en-primera-division-ya-se-fueron-seis-en-apenas-9-partidos\/","url":"https:\/\/lobosnews.com.ar\/index.php\/2026\/03\/13\/despidieron-a-otro-entrenador-en-primera-division-ya-se-fueron-seis-en-apenas-9-partidos\/","name":"Despidieron a otro entrenador en Primera Divisi\u00f3n: ya se fueron seis en apenas 9 partidos - Lobos News","isPartOf":{"@id":"https:\/\/lobosnews.com.ar\/#website"},"primaryImageOfPage":{"@id":"https:\/\/lobosnews.com.ar\/index.php\/2026\/03\/13\/despidieron-a-otro-entrenador-en-primera-division-ya-se-fueron-seis-en-apenas-9-partidos\/#primaryimage"},"image":{"@id":"https:\/\/lobosnews.com.ar\/index.php\/2026\/03\/13\/despidieron-a-otro-entrenador-en-primera-division-ya-se-fueron-seis-en-apenas-9-partidos\/#primaryimage"},"thumbnailUrl":"https:\/\/lobosnews.com.ar\/wp-content\/uploads\/2026\/03\/despidieron-a-otro-entrenador-en-primera-division-ya-se-fueron-seis-en-apenas-9-partidos.jpg","datePublished":"2026-03-13T17:51:33+00:00","dateModified":"2026-03-13T20:52:57+00:00","breadcrumb":{"@id":"https:\/\/lobosnews.com.ar\/index.php\/2026\/03\/13\/despidieron-a-otro-entrenador-en-primera-division-ya-se-fueron-seis-en-apenas-9-partidos\/#breadcrumb"},"inLanguage":"es","potentialAction":[{"@type":"ReadAction","target":["https:\/\/lobosnews.com.ar\/index.php\/2026\/03\/13\/despidieron-a-otro-entrenador-en-primera-division-ya-se-fueron-seis-en-apenas-9-partidos\/"]}]},{"@type":"ImageObject","inLanguage":"es","@id":"https:\/\/lobosnews.com.ar\/index.php\/2026\/03\/13\/despidieron-a-otro-entrenador-en-primera-division-ya-se-fueron-seis-en-apenas-9-partidos\/#primaryimage","url":"https:\/\/lobosnews.com.ar\/wp-content\/uploads\/2026\/03\/despidieron-a-otro-entrenador-en-primera-division-ya-se-fueron-seis-en-apenas-9-partidos.jpg","contentUrl":"https:\/\/lobosnews.com.ar\/wp-content\/uploads\/2026\/03\/despidieron-a-otro-entrenador-en-primera-division-ya-se-fueron-seis-en-apenas-9-partidos.jpg"},{"@type":"BreadcrumbList","@id":"https:\/\/lobosnews.com.ar\/index.php\/2026\/03\/13\/despidieron-a-otro-entrenador-en-primera-division-ya-se-fueron-seis-en-apenas-9-partidos\/#breadcrumb","itemListElement":[{"@type":"ListItem","position":1,"name":"Portada","item":"https:\/\/lobosnews.com.ar\/"},{"@type":"ListItem","position":2,"name":"Despidieron a otro entrenador en Primera Divisi\u00f3n: ya se fueron seis en apenas 9 partidos"}]},{"@type":"WebSite","@id":"https:\/\/lobosnews.com.ar\/#website","url":"https:\/\/lobosnews.com.ar\/","name":"Lobos News","description":"Informaci\u00f3n a cada instante","publisher":{"@id":"https:\/\/lobosnews.com.ar\/#organization"},"potentialAction":[{"@type":"SearchAction","target":{"@type":"EntryPoint","urlTemplate":"https:\/\/lobosnews.com.ar\/?s={search_term_string}"},"query-input":{"@type":"PropertyValueSpecification","valueRequired":true,"valueName":"search_term_string"}}],"inLanguage":"es"},{"@type":"Organization","@id":"https:\/\/lobosnews.com.ar\/#organization","name":"Lobos News","url":"https:\/\/lobosnews.com.ar\/","logo":{"@type":"ImageObject","inLanguage":"es","@id":"https:\/\/lobosnews.com.ar\/#\/schema\/logo\/image\/","url":"https:\/\/lobosnews.com.ar\/wp-content\/uploads\/2026\/01\/logo-lobosnews.png","contentUrl":"https:\/\/lobosnews.com.ar\/wp-content\/uploads\/2026\/01\/logo-lobosnews.png","width":500,"height":200,"caption":"Lobos News"},"image":{"@id":"https:\/\/lobosnews.com.ar\/#\/schema\/logo\/image\/"}},{"@type":"Person","@id":"https:\/\/lobosnews.com.ar\/#\/schema\/person\/232422a593d5c541dd9aef6aaed10943","name":"admin","image":{"@type":"ImageObject","inLanguage":"es","@id":"https:\/\/lobosnews.com.ar\/#\/schema\/person\/image\/","url":"https:\/\/secure.gravatar.com\/avatar\/76e419471a2083bc3ceab22a763dbbf9b0c1bd15a6214cf3280e2c2dde4580f9?s=96&d=mm&r=g","contentUrl":"https:\/\/secure.gravatar.com\/avatar\/76e419471a2083bc3ceab22a763dbbf9b0c1bd15a6214cf3280e2c2dde4580f9?s=96&d=mm&r=g","caption":"admin"},"sameAs":["https:\/\/lobosnews.com.ar"],"url":"https:\/\/lobosnews.com.ar\/index.php\/author\/lobos-news\/"}]}},"jetpack_featured_media_url":"","jetpack_sharing_enabled":true,"_links":{"self":[{"href":"https:\/\/lobosnews.com.ar\/index.php\/wp-json\/wp\/v2\/posts\/32964","targetHints":{"allow":["GET"]}}],"collection":[{"href":"https:\/\/lobosnews.com.ar\/index.php\/wp-json\/wp\/v2\/posts"}],"about":[{"href":"https:\/\/lobosnews.com.ar\/index.php\/wp-json\/wp\/v2\/types\/post"}],"author":[{"embeddable":true,"href":"https:\/\/lobosnews.com.ar\/index.php\/wp-json\/wp\/v2\/users\/1"}],"replies":[{"embeddable":true,"href":"https:\/\/lobosnews.com.ar\/index.php\/wp-json\/wp\/v2\/comments?post=32964"}],"version-history":[{"count":1,"href":"https:\/\/lobosnews.com.ar\/index.php\/wp-json\/wp\/v2\/posts\/32964\/revisions"}],"predecessor-version":[{"id":32967,"href":"https:\/\/lobosnews.com.ar\/index.php\/wp-json\/wp\/v2\/posts\/32964\/revisions\/32967"}],"wp:attachment":[{"href":"https:\/\/lobosnews.com.ar\/index.php\/wp-json\/wp\/v2\/media?parent=32964"}],"wp:term":[{"taxonomy":"category","embeddable":true,"href":"https:\/\/lobosnews.com.ar\/index.php\/wp-json\/wp\/v2\/categories?post=32964"},{"taxonomy":"post_tag","embeddable":true,"href":"https:\/\/lobosnews.com.ar\/index.php\/wp-json\/wp\/v2\/tags?post=32964"}],"curies":[{"name":"wp","href":"https:\/\/api.w.org\/{rel}","templated":true}]}}