{"id":32937,"date":"2026-03-13T09:00:01","date_gmt":"2026-03-13T09:00:01","guid":{"rendered":"https:\/\/lobosnews.com.ar\/index.php\/2026\/03\/13\/cual-es-el-horario-ideal-para-desayunar-y-reducir-el-riesgo-de-obesidad-segun-expertos\/"},"modified":"2026-03-13T15:39:33","modified_gmt":"2026-03-13T15:39:33","slug":"cual-es-el-horario-ideal-para-desayunar-y-reducir-el-riesgo-de-obesidad-segun-expertos","status":"publish","type":"post","link":"https:\/\/lobosnews.com.ar\/index.php\/2026\/03\/13\/cual-es-el-horario-ideal-para-desayunar-y-reducir-el-riesgo-de-obesidad-segun-expertos\/","title":{"rendered":"Cu\u00e1l es el horario ideal para desayunar y reducir el riesgo de obesidad, seg\u00fan expertos"},"content":{"rendered":"<p><img loading=\"lazy\" decoding=\"async\" src=\"https:\/\/lobosnews.com.ar\/wp-content\/uploads\/2026\/03\/cual-es-el-horario-ideal-para-desayunar-y-reducir-el-riesgo-de-obesidad-segun-expertos.jpg\" alt=\"Desayunar entre 60 y 120 minutos despu\u00e9s de despertar optimiza el metabolismo y ayuda en el control de peso saludable (Imagen Ilustrativa Infobae)\" height=\"816\" width=\"1456\"\/><\/p>\n<p><span class=\"waslinkname\"><b>Desayunar<\/b><\/span><b> en el momento adecuado impacta directamente en los<\/b> <b>niveles de energ\u00eda<\/b> y en el mantenimiento de un peso saludable, seg\u00fan recomendaciones recientes validadas por<i> GQ<\/i>. <b>Tomar el desayuno entre una y dos horas despu\u00e9s de despertar favorece el funcionamiento metab\u00f3lico y la respuesta energ\u00e9tica del organismo,<\/b> de acuerdo con expertos citados por el medio.<\/p>\n<p>El horario recomendado para desayunar es entre <b>60 y 120 minutos tras despertar<\/b>. Esta pauta contribuye al equilibrio de los niveles de az\u00facar en sangre y se asocia con una mayor sensaci\u00f3n de energ\u00eda a lo largo del d\u00eda, aspectos relevantes para quienes buscan cuidar su peso y su bienestar, seg\u00fan la <b>Escuela de Salud P\u00fablica de Harvard.<\/b><\/p>\n<p>Desayunar temprano interrumpe el ayuno nocturno y proporciona la dosis inicial de nutrientes al cuerpo. Este momento aprovecha la sensibilidad a la insulina en las primeras horas del d\u00eda, condici\u00f3n que facilita la absorci\u00f3n de nutrientes y optimiza el rendimiento cerebral y muscular, precisa<i> GQ<\/i>. Adem\u00e1s, consumir el desayuno dentro del periodo recomendado alinea las dem\u00e1s comidas con los ritmos circadianos, promoviendo el control del metabolismo y del apetito.<\/p>\n<h2>Riesgos de omitir o retrasar el desayuno<\/h2>\n<p>La omisi\u00f3n del desayuno o su retraso m\u00e1s all\u00e1 de las dos horas desde el inicio del d\u00eda puede tener consecuencias adversas para la salud metab\u00f3lica. La Escuela de Salud P\u00fablica de Harvard advierte que quienes no desayunan presentan un<b> mayor riesgo de sufrir resistencia a la insulina, alteraciones en los perfiles lip\u00eddicos y aumento de peso corporal. <\/b><\/p>\n<p><img loading=\"lazy\" decoding=\"async\" src=\"https:\/\/lobosnews.com.ar\/wp-content\/uploads\/2026\/03\/cual-es-el-horario-ideal-para-desayunar-y-reducir-el-riesgo-de-obesidad-segun-expertos-1.jpg\" alt=\"La omisi\u00f3n o retraso excesivo del desayuno aumenta el riesgo de obesidad, resistencia a la insulina y alteraciones en los perfiles lip\u00eddicos (Imagen Ilustrativa Infobae)\" height=\"768\" width=\"1408\"\/><\/p>\n<p>Diversos <span class=\"waslinkname\">estudios longitudinales<\/span> publicados por la instituci\u00f3n han documentado que<b> los adultos que omiten el desayuno tienen un riesgo hasta 27% superior de desarrollar enfermedades cardiovasculares y un 20% mayor de sufrir diabetes tipo 2<\/b>, en comparaci\u00f3n con quienes mantienen un patr\u00f3n regular de desayuno.<\/p>\n<p>Adem\u00e1s, investigaciones citadas por Harvard y respaldadas por la revista m\u00e9dica The Lancet muestran que la ausencia de un desayuno equilibrado impacta negativamente en la funci\u00f3n cognitiva, la memoria y el estado de alerta, especialmente en ni\u00f1os, adolescentes y adultos mayores. <\/p>\n<p>Un<span class=\"waslinkname\"> an\u00e1lisis epidemiol\u00f3gico <\/span>publicado revel\u00f3 que <b>desayunar al menos cinco veces por semana se asocia con un menor riesgo de obesidad, hipertensi\u00f3n, accidentes cerebrovasculares y enfermedades coronarias<\/b>. Estos hallazgos refuerzan la importancia de mantener un horario regular para el desayuno y de integrarlo como parte clave de la rutina diaria de salud.<\/p>\n<h2>Alimentos recomendados para un desayuno saludable<\/h2>\n<p><img loading=\"lazy\" decoding=\"async\" src=\"https:\/\/lobosnews.com.ar\/wp-content\/uploads\/2026\/03\/cual-es-el-horario-ideal-para-desayunar-y-reducir-el-riesgo-de-obesidad-segun-expertos-2.jpg\" alt=\"Incluir carbohidratos complejos como la avena y el pan integral en el desayuno ayuda a mantener niveles estables de energ\u00eda (Imagen Ilustrativa Infobae)\" height=\"816\" width=\"1456\"\/><\/p>\n<p>La calidad nutricional del desayuno es tan decisiva como el momento de su consumo. La Escuela de Salud P\u00fablica de Harvard recomienda estructurar la primera comida del d\u00eda a partir de <b>carbohidratos complejos<\/b> \u2014como <b>avena, pan integral o quinoa<\/b>\u2014, que proveen energ\u00eda de liberaci\u00f3n sostenida y ayudan a estabilizar los niveles de glucosa en sangre.<\/p>\n<p>Las <b>prote\u00ednas magras<\/b>, presentes en huevos, yogur natural, leche descremada, legumbres o frutos secos, promueven la saciedad y contribuyen al desarrollo y reparaci\u00f3n de tejidos. La <b>fibra diet\u00e9tica<\/b>, abundante en frutas frescas, verduras y cereales integrales, favorece la salud digestiva y el control del peso, adem\u00e1s de modular la absorci\u00f3n de az\u00facares. Las <b>grasas saludables<\/b>, como las del aceite de oliva extra virgen, el aguacate y las semillas, aportan energ\u00eda y benefician la funci\u00f3n cardiovascular y la absorci\u00f3n de vitaminas liposolubles.<\/p>\n<p><b>Un desayuno bien planificado <\/b>\u2014variado, rico en nutrientes y adaptado a las necesidades energ\u00e9ticas individuales\u2014 contribuye a la estabilidad del apetito durante el d\u00eda y facilita la adopci\u00f3n de h\u00e1bitos alimentarios sostenibles para el <span class=\"waslinkname\">control del peso <\/span>y la prevenci\u00f3n de enfermedades cr\u00f3nicas.<\/p>\n<p><img loading=\"lazy\" decoding=\"async\" src=\"https:\/\/lobosnews.com.ar\/wp-content\/uploads\/2026\/03\/cual-es-el-horario-ideal-para-desayunar-y-reducir-el-riesgo-de-obesidad-segun-expertos-3.jpg\" alt=\"La rutina consistente de desayunar est\u00e1 vinculada con mejores indicadores de bienestar general y rendimiento cognitivo (Imagen Ilustrativa Infobae)\" height=\"768\" width=\"1408\"\/><\/p>\n<p>Desayunar de manera consciente implica<b> seleccionar alimentos de alta calidad nutricional<\/b>, ajustar las porciones seg\u00fan el nivel de actividad f\u00edsica y las necesidades personales, y evitar opciones ultraprocesadas, ricas en az\u00facares simples y grasas saturadas. <\/p>\n<p>De acuerdo con la Escuela de Salud P\u00fablica de Harvard y la revista<i> The Lancet, <\/i>priorizar el consumo de alimentos frescos y mantener una rutina consistente de desayuno se asocian con mejores indicadores de salud metab\u00f3lica, mejor desempe\u00f1o cognitivo y mayor bienestar general desde las primeras horas del d\u00eda.<\/p>\n","protected":false},"excerpt":{"rendered":"<p>Desayunar en el momento adecuado impacta directamente en los niveles de energ\u00eda y en el mantenimiento de un peso saludable, seg\u00fan recomendaciones recientes validadas por GQ. Tomar el desayuno entre una y dos horas despu\u00e9s de despertar favorece el funcionamiento metab\u00f3lico y la respuesta energ\u00e9tica del organismo, de acuerdo con expertos citados por el medio&#8230;.<\/p>\n","protected":false},"author":1,"featured_media":32943,"comment_status":"open","ping_status":"closed","sticky":false,"template":"","format":"standard","meta":{"_jetpack_memberships_contains_paid_content":false,"footnotes":""},"categories":[81],"tags":[],"class_list":["post-32937","post","type-post","status-publish","format-standard","has-post-thumbnail","hentry","category-salud"],"magazineBlocksPostFeaturedMedia":{"thumbnail":"https:\/\/lobosnews.com.ar\/wp-content\/uploads\/2026\/03\/cual-es-el-horario-ideal-para-desayunar-y-reducir-el-riesgo-de-obesidad-segun-expertos-6-150x150.jpg","medium":"https:\/\/lobosnews.com.ar\/wp-content\/uploads\/2026\/03\/cual-es-el-horario-ideal-para-desayunar-y-reducir-el-riesgo-de-obesidad-segun-expertos-6-300x164.jpg","medium_large":"https:\/\/lobosnews.com.ar\/wp-content\/uploads\/2026\/03\/cual-es-el-horario-ideal-para-desayunar-y-reducir-el-riesgo-de-obesidad-segun-expertos-6-768x419.jpg","large":"https:\/\/lobosnews.com.ar\/wp-content\/uploads\/2026\/03\/cual-es-el-horario-ideal-para-desayunar-y-reducir-el-riesgo-de-obesidad-segun-expertos-6-1024x559.jpg","1536x1536":"https:\/\/lobosnews.com.ar\/wp-content\/uploads\/2026\/03\/cual-es-el-horario-ideal-para-desayunar-y-reducir-el-riesgo-de-obesidad-segun-expertos-6.jpg","2048x2048":"https:\/\/lobosnews.com.ar\/wp-content\/uploads\/2026\/03\/cual-es-el-horario-ideal-para-desayunar-y-reducir-el-riesgo-de-obesidad-segun-expertos-6.jpg","newsmatic-featured":"https:\/\/lobosnews.com.ar\/wp-content\/uploads\/2026\/03\/cual-es-el-horario-ideal-para-desayunar-y-reducir-el-riesgo-de-obesidad-segun-expertos-6-820x545.jpg","newsmatic-list":"https:\/\/lobosnews.com.ar\/wp-content\/uploads\/2026\/03\/cual-es-el-horario-ideal-para-desayunar-y-reducir-el-riesgo-de-obesidad-segun-expertos-6-600x400.jpg","newsmatic-thumb":"https:\/\/lobosnews.com.ar\/wp-content\/uploads\/2026\/03\/cual-es-el-horario-ideal-para-desayunar-y-reducir-el-riesgo-de-obesidad-segun-expertos-6-300x200.jpg","newsmatic-small":"https:\/\/lobosnews.com.ar\/wp-content\/uploads\/2026\/03\/cual-es-el-horario-ideal-para-desayunar-y-reducir-el-riesgo-de-obesidad-segun-expertos-6-150x95.jpg","newsmatic-grid":"https:\/\/lobosnews.com.ar\/wp-content\/uploads\/2026\/03\/cual-es-el-horario-ideal-para-desayunar-y-reducir-el-riesgo-de-obesidad-segun-expertos-6-400x250.jpg"},"magazineBlocksPostAuthor":{"name":"admin","avatar":"https:\/\/secure.gravatar.com\/avatar\/76e419471a2083bc3ceab22a763dbbf9b0c1bd15a6214cf3280e2c2dde4580f9?s=96&d=mm&r=g"},"magazineBlocksPostCommentsNumber":"0","magazineBlocksPostExcerpt":"Desayunar en el momento adecuado impacta directamente en los niveles de energ\u00eda y en el mantenimiento de un peso saludable, seg\u00fan recomendaciones recientes validadas por GQ. Tomar el desayuno entre una y dos horas despu\u00e9s de despertar favorece el funcionamiento metab\u00f3lico y la respuesta energ\u00e9tica del organismo, de acuerdo con expertos citados por el medio....","magazineBlocksPostCategories":["Salud"],"magazineBlocksPostViewCount":96,"magazineBlocksPostReadTime":4,"magazine_blocks_featured_image_url":{"full":["https:\/\/lobosnews.com.ar\/wp-content\/uploads\/2026\/03\/cual-es-el-horario-ideal-para-desayunar-y-reducir-el-riesgo-de-obesidad-segun-expertos-6.jpg",1408,768,false],"medium":["https:\/\/lobosnews.com.ar\/wp-content\/uploads\/2026\/03\/cual-es-el-horario-ideal-para-desayunar-y-reducir-el-riesgo-de-obesidad-segun-expertos-6-300x164.jpg",300,164,true],"thumbnail":["https:\/\/lobosnews.com.ar\/wp-content\/uploads\/2026\/03\/cual-es-el-horario-ideal-para-desayunar-y-reducir-el-riesgo-de-obesidad-segun-expertos-6-150x150.jpg",150,150,true]},"magazine_blocks_author":{"display_name":"admin","author_link":"https:\/\/lobosnews.com.ar\/index.php\/author\/lobos-news\/"},"magazine_blocks_comment":0,"magazine_blocks_author_image":"https:\/\/secure.gravatar.com\/avatar\/76e419471a2083bc3ceab22a763dbbf9b0c1bd15a6214cf3280e2c2dde4580f9?s=96&d=mm&r=g","magazine_blocks_category":"<a href=\"#\" class=\"category-link category-link-81\">Salud<\/a>","yoast_head":"<!-- This site is optimized with the Yoast SEO plugin v26.6 - https:\/\/yoast.com\/wordpress\/plugins\/seo\/ -->\n<title>Cu\u00e1l es el horario ideal para desayunar y reducir el riesgo de obesidad, seg\u00fan expertos - Lobos News<\/title>\n<meta name=\"robots\" content=\"index, follow, max-snippet:-1, max-image-preview:large, max-video-preview:-1\" \/>\n<link rel=\"canonical\" href=\"https:\/\/lobosnews.com.ar\/index.php\/2026\/03\/13\/cual-es-el-horario-ideal-para-desayunar-y-reducir-el-riesgo-de-obesidad-segun-expertos\/\" \/>\n<meta property=\"og:locale\" content=\"es_ES\" \/>\n<meta property=\"og:type\" content=\"article\" \/>\n<meta property=\"og:title\" content=\"Cu\u00e1l es el horario ideal para desayunar y reducir el riesgo de obesidad, seg\u00fan expertos - Lobos News\" \/>\n<meta property=\"og:description\" content=\"Desayunar en el momento adecuado impacta directamente en los niveles de energ\u00eda y en el mantenimiento de un peso saludable, seg\u00fan recomendaciones recientes validadas por GQ. Tomar el desayuno entre una y dos horas despu\u00e9s de despertar favorece el funcionamiento metab\u00f3lico y la respuesta energ\u00e9tica del organismo, de acuerdo con expertos citados por el medio....\" \/>\n<meta property=\"og:url\" content=\"https:\/\/lobosnews.com.ar\/index.php\/2026\/03\/13\/cual-es-el-horario-ideal-para-desayunar-y-reducir-el-riesgo-de-obesidad-segun-expertos\/\" \/>\n<meta property=\"og:site_name\" content=\"Lobos News\" \/>\n<meta property=\"article:published_time\" content=\"2026-03-13T09:00:01+00:00\" \/>\n<meta property=\"article:modified_time\" content=\"2026-03-13T15:39:33+00:00\" \/>\n<meta property=\"og:image\" content=\"https:\/\/lobosnews.com.ar\/wp-content\/uploads\/2026\/03\/cual-es-el-horario-ideal-para-desayunar-y-reducir-el-riesgo-de-obesidad-segun-expertos.jpg\" \/>\n<meta name=\"author\" content=\"admin\" \/>\n<meta name=\"twitter:card\" content=\"summary_large_image\" \/>\n<meta name=\"twitter:label1\" content=\"Escrito por\" \/>\n\t<meta name=\"twitter:data1\" content=\"admin\" \/>\n\t<meta name=\"twitter:label2\" content=\"Tiempo de lectura\" \/>\n\t<meta name=\"twitter:data2\" content=\"4 minutos\" \/>\n<script type=\"application\/ld+json\" class=\"yoast-schema-graph\">{\"@context\":\"https:\/\/schema.org\",\"@graph\":[{\"@type\":\"Article\",\"@id\":\"https:\/\/lobosnews.com.ar\/index.php\/2026\/03\/13\/cual-es-el-horario-ideal-para-desayunar-y-reducir-el-riesgo-de-obesidad-segun-expertos\/#article\",\"isPartOf\":{\"@id\":\"https:\/\/lobosnews.com.ar\/index.php\/2026\/03\/13\/cual-es-el-horario-ideal-para-desayunar-y-reducir-el-riesgo-de-obesidad-segun-expertos\/\"},\"author\":{\"name\":\"admin\",\"@id\":\"https:\/\/lobosnews.com.ar\/#\/schema\/person\/232422a593d5c541dd9aef6aaed10943\"},\"headline\":\"Cu\u00e1l es el horario ideal para desayunar y reducir el riesgo de obesidad, seg\u00fan expertos\",\"datePublished\":\"2026-03-13T09:00:01+00:00\",\"dateModified\":\"2026-03-13T15:39:33+00:00\",\"mainEntityOfPage\":{\"@id\":\"https:\/\/lobosnews.com.ar\/index.php\/2026\/03\/13\/cual-es-el-horario-ideal-para-desayunar-y-reducir-el-riesgo-de-obesidad-segun-expertos\/\"},\"wordCount\":724,\"commentCount\":0,\"publisher\":{\"@id\":\"https:\/\/lobosnews.com.ar\/#organization\"},\"image\":{\"@id\":\"https:\/\/lobosnews.com.ar\/index.php\/2026\/03\/13\/cual-es-el-horario-ideal-para-desayunar-y-reducir-el-riesgo-de-obesidad-segun-expertos\/#primaryimage\"},\"thumbnailUrl\":\"https:\/\/lobosnews.com.ar\/wp-content\/uploads\/2026\/03\/cual-es-el-horario-ideal-para-desayunar-y-reducir-el-riesgo-de-obesidad-segun-expertos-6.jpg\",\"articleSection\":[\"Salud\"],\"inLanguage\":\"es\",\"potentialAction\":[{\"@type\":\"CommentAction\",\"name\":\"Comment\",\"target\":[\"https:\/\/lobosnews.com.ar\/index.php\/2026\/03\/13\/cual-es-el-horario-ideal-para-desayunar-y-reducir-el-riesgo-de-obesidad-segun-expertos\/#respond\"]}]},{\"@type\":\"WebPage\",\"@id\":\"https:\/\/lobosnews.com.ar\/index.php\/2026\/03\/13\/cual-es-el-horario-ideal-para-desayunar-y-reducir-el-riesgo-de-obesidad-segun-expertos\/\",\"url\":\"https:\/\/lobosnews.com.ar\/index.php\/2026\/03\/13\/cual-es-el-horario-ideal-para-desayunar-y-reducir-el-riesgo-de-obesidad-segun-expertos\/\",\"name\":\"Cu\u00e1l es el horario ideal para desayunar y reducir el riesgo de obesidad, seg\u00fan expertos - Lobos News\",\"isPartOf\":{\"@id\":\"https:\/\/lobosnews.com.ar\/#website\"},\"primaryImageOfPage\":{\"@id\":\"https:\/\/lobosnews.com.ar\/index.php\/2026\/03\/13\/cual-es-el-horario-ideal-para-desayunar-y-reducir-el-riesgo-de-obesidad-segun-expertos\/#primaryimage\"},\"image\":{\"@id\":\"https:\/\/lobosnews.com.ar\/index.php\/2026\/03\/13\/cual-es-el-horario-ideal-para-desayunar-y-reducir-el-riesgo-de-obesidad-segun-expertos\/#primaryimage\"},\"thumbnailUrl\":\"https:\/\/lobosnews.com.ar\/wp-content\/uploads\/2026\/03\/cual-es-el-horario-ideal-para-desayunar-y-reducir-el-riesgo-de-obesidad-segun-expertos-6.jpg\",\"datePublished\":\"2026-03-13T09:00:01+00:00\",\"dateModified\":\"2026-03-13T15:39:33+00:00\",\"breadcrumb\":{\"@id\":\"https:\/\/lobosnews.com.ar\/index.php\/2026\/03\/13\/cual-es-el-horario-ideal-para-desayunar-y-reducir-el-riesgo-de-obesidad-segun-expertos\/#breadcrumb\"},\"inLanguage\":\"es\",\"potentialAction\":[{\"@type\":\"ReadAction\",\"target\":[\"https:\/\/lobosnews.com.ar\/index.php\/2026\/03\/13\/cual-es-el-horario-ideal-para-desayunar-y-reducir-el-riesgo-de-obesidad-segun-expertos\/\"]}]},{\"@type\":\"ImageObject\",\"inLanguage\":\"es\",\"@id\":\"https:\/\/lobosnews.com.ar\/index.php\/2026\/03\/13\/cual-es-el-horario-ideal-para-desayunar-y-reducir-el-riesgo-de-obesidad-segun-expertos\/#primaryimage\",\"url\":\"https:\/\/lobosnews.com.ar\/wp-content\/uploads\/2026\/03\/cual-es-el-horario-ideal-para-desayunar-y-reducir-el-riesgo-de-obesidad-segun-expertos-6.jpg\",\"contentUrl\":\"https:\/\/lobosnews.com.ar\/wp-content\/uploads\/2026\/03\/cual-es-el-horario-ideal-para-desayunar-y-reducir-el-riesgo-de-obesidad-segun-expertos-6.jpg\",\"width\":1408,\"height\":768,\"caption\":\"Cu\u00e1l es el horario ideal para desayunar y reducir el riesgo de obesidad, seg\u00fan expertos\"},{\"@type\":\"BreadcrumbList\",\"@id\":\"https:\/\/lobosnews.com.ar\/index.php\/2026\/03\/13\/cual-es-el-horario-ideal-para-desayunar-y-reducir-el-riesgo-de-obesidad-segun-expertos\/#breadcrumb\",\"itemListElement\":[{\"@type\":\"ListItem\",\"position\":1,\"name\":\"Portada\",\"item\":\"https:\/\/lobosnews.com.ar\/\"},{\"@type\":\"ListItem\",\"position\":2,\"name\":\"Cu\u00e1l es el horario ideal para desayunar y reducir el riesgo de obesidad, seg\u00fan expertos\"}]},{\"@type\":\"WebSite\",\"@id\":\"https:\/\/lobosnews.com.ar\/#website\",\"url\":\"https:\/\/lobosnews.com.ar\/\",\"name\":\"Lobos News\",\"description\":\"Informaci\u00f3n a cada instante\",\"publisher\":{\"@id\":\"https:\/\/lobosnews.com.ar\/#organization\"},\"potentialAction\":[{\"@type\":\"SearchAction\",\"target\":{\"@type\":\"EntryPoint\",\"urlTemplate\":\"https:\/\/lobosnews.com.ar\/?s={search_term_string}\"},\"query-input\":{\"@type\":\"PropertyValueSpecification\",\"valueRequired\":true,\"valueName\":\"search_term_string\"}}],\"inLanguage\":\"es\"},{\"@type\":\"Organization\",\"@id\":\"https:\/\/lobosnews.com.ar\/#organization\",\"name\":\"Lobos News\",\"url\":\"https:\/\/lobosnews.com.ar\/\",\"logo\":{\"@type\":\"ImageObject\",\"inLanguage\":\"es\",\"@id\":\"https:\/\/lobosnews.com.ar\/#\/schema\/logo\/image\/\",\"url\":\"https:\/\/lobosnews.com.ar\/wp-content\/uploads\/2026\/01\/logo-lobosnews.png\",\"contentUrl\":\"https:\/\/lobosnews.com.ar\/wp-content\/uploads\/2026\/01\/logo-lobosnews.png\",\"width\":500,\"height\":200,\"caption\":\"Lobos News\"},\"image\":{\"@id\":\"https:\/\/lobosnews.com.ar\/#\/schema\/logo\/image\/\"}},{\"@type\":\"Person\",\"@id\":\"https:\/\/lobosnews.com.ar\/#\/schema\/person\/232422a593d5c541dd9aef6aaed10943\",\"name\":\"admin\",\"image\":{\"@type\":\"ImageObject\",\"inLanguage\":\"es\",\"@id\":\"https:\/\/lobosnews.com.ar\/#\/schema\/person\/image\/\",\"url\":\"https:\/\/secure.gravatar.com\/avatar\/76e419471a2083bc3ceab22a763dbbf9b0c1bd15a6214cf3280e2c2dde4580f9?s=96&d=mm&r=g\",\"contentUrl\":\"https:\/\/secure.gravatar.com\/avatar\/76e419471a2083bc3ceab22a763dbbf9b0c1bd15a6214cf3280e2c2dde4580f9?s=96&d=mm&r=g\",\"caption\":\"admin\"},\"sameAs\":[\"https:\/\/lobosnews.com.ar\"],\"url\":\"https:\/\/lobosnews.com.ar\/index.php\/author\/lobos-news\/\"}]}<\/script>\n<!-- \/ Yoast SEO plugin. -->","yoast_head_json":{"title":"Cu\u00e1l es el horario ideal para desayunar y reducir el riesgo de obesidad, seg\u00fan expertos - Lobos News","robots":{"index":"index","follow":"follow","max-snippet":"max-snippet:-1","max-image-preview":"max-image-preview:large","max-video-preview":"max-video-preview:-1"},"canonical":"https:\/\/lobosnews.com.ar\/index.php\/2026\/03\/13\/cual-es-el-horario-ideal-para-desayunar-y-reducir-el-riesgo-de-obesidad-segun-expertos\/","og_locale":"es_ES","og_type":"article","og_title":"Cu\u00e1l es el horario ideal para desayunar y reducir el riesgo de obesidad, seg\u00fan expertos - Lobos News","og_description":"Desayunar en el momento adecuado impacta directamente en los niveles de energ\u00eda y en el mantenimiento de un peso saludable, seg\u00fan recomendaciones recientes validadas por GQ. Tomar el desayuno entre una y dos horas despu\u00e9s de despertar favorece el funcionamiento metab\u00f3lico y la respuesta energ\u00e9tica del organismo, de acuerdo con expertos citados por el medio....","og_url":"https:\/\/lobosnews.com.ar\/index.php\/2026\/03\/13\/cual-es-el-horario-ideal-para-desayunar-y-reducir-el-riesgo-de-obesidad-segun-expertos\/","og_site_name":"Lobos News","article_published_time":"2026-03-13T09:00:01+00:00","article_modified_time":"2026-03-13T15:39:33+00:00","og_image":[{"url":"https:\/\/lobosnews.com.ar\/wp-content\/uploads\/2026\/03\/cual-es-el-horario-ideal-para-desayunar-y-reducir-el-riesgo-de-obesidad-segun-expertos.jpg","type":"","width":"","height":""}],"author":"admin","twitter_card":"summary_large_image","twitter_misc":{"Escrito por":"admin","Tiempo de lectura":"4 minutos"},"schema":{"@context":"https:\/\/schema.org","@graph":[{"@type":"Article","@id":"https:\/\/lobosnews.com.ar\/index.php\/2026\/03\/13\/cual-es-el-horario-ideal-para-desayunar-y-reducir-el-riesgo-de-obesidad-segun-expertos\/#article","isPartOf":{"@id":"https:\/\/lobosnews.com.ar\/index.php\/2026\/03\/13\/cual-es-el-horario-ideal-para-desayunar-y-reducir-el-riesgo-de-obesidad-segun-expertos\/"},"author":{"name":"admin","@id":"https:\/\/lobosnews.com.ar\/#\/schema\/person\/232422a593d5c541dd9aef6aaed10943"},"headline":"Cu\u00e1l es el horario ideal para desayunar y reducir el riesgo de obesidad, seg\u00fan expertos","datePublished":"2026-03-13T09:00:01+00:00","dateModified":"2026-03-13T15:39:33+00:00","mainEntityOfPage":{"@id":"https:\/\/lobosnews.com.ar\/index.php\/2026\/03\/13\/cual-es-el-horario-ideal-para-desayunar-y-reducir-el-riesgo-de-obesidad-segun-expertos\/"},"wordCount":724,"commentCount":0,"publisher":{"@id":"https:\/\/lobosnews.com.ar\/#organization"},"image":{"@id":"https:\/\/lobosnews.com.ar\/index.php\/2026\/03\/13\/cual-es-el-horario-ideal-para-desayunar-y-reducir-el-riesgo-de-obesidad-segun-expertos\/#primaryimage"},"thumbnailUrl":"https:\/\/lobosnews.com.ar\/wp-content\/uploads\/2026\/03\/cual-es-el-horario-ideal-para-desayunar-y-reducir-el-riesgo-de-obesidad-segun-expertos-6.jpg","articleSection":["Salud"],"inLanguage":"es","potentialAction":[{"@type":"CommentAction","name":"Comment","target":["https:\/\/lobosnews.com.ar\/index.php\/2026\/03\/13\/cual-es-el-horario-ideal-para-desayunar-y-reducir-el-riesgo-de-obesidad-segun-expertos\/#respond"]}]},{"@type":"WebPage","@id":"https:\/\/lobosnews.com.ar\/index.php\/2026\/03\/13\/cual-es-el-horario-ideal-para-desayunar-y-reducir-el-riesgo-de-obesidad-segun-expertos\/","url":"https:\/\/lobosnews.com.ar\/index.php\/2026\/03\/13\/cual-es-el-horario-ideal-para-desayunar-y-reducir-el-riesgo-de-obesidad-segun-expertos\/","name":"Cu\u00e1l es el horario ideal para desayunar y reducir el riesgo de obesidad, seg\u00fan expertos - Lobos News","isPartOf":{"@id":"https:\/\/lobosnews.com.ar\/#website"},"primaryImageOfPage":{"@id":"https:\/\/lobosnews.com.ar\/index.php\/2026\/03\/13\/cual-es-el-horario-ideal-para-desayunar-y-reducir-el-riesgo-de-obesidad-segun-expertos\/#primaryimage"},"image":{"@id":"https:\/\/lobosnews.com.ar\/index.php\/2026\/03\/13\/cual-es-el-horario-ideal-para-desayunar-y-reducir-el-riesgo-de-obesidad-segun-expertos\/#primaryimage"},"thumbnailUrl":"https:\/\/lobosnews.com.ar\/wp-content\/uploads\/2026\/03\/cual-es-el-horario-ideal-para-desayunar-y-reducir-el-riesgo-de-obesidad-segun-expertos-6.jpg","datePublished":"2026-03-13T09:00:01+00:00","dateModified":"2026-03-13T15:39:33+00:00","breadcrumb":{"@id":"https:\/\/lobosnews.com.ar\/index.php\/2026\/03\/13\/cual-es-el-horario-ideal-para-desayunar-y-reducir-el-riesgo-de-obesidad-segun-expertos\/#breadcrumb"},"inLanguage":"es","potentialAction":[{"@type":"ReadAction","target":["https:\/\/lobosnews.com.ar\/index.php\/2026\/03\/13\/cual-es-el-horario-ideal-para-desayunar-y-reducir-el-riesgo-de-obesidad-segun-expertos\/"]}]},{"@type":"ImageObject","inLanguage":"es","@id":"https:\/\/lobosnews.com.ar\/index.php\/2026\/03\/13\/cual-es-el-horario-ideal-para-desayunar-y-reducir-el-riesgo-de-obesidad-segun-expertos\/#primaryimage","url":"https:\/\/lobosnews.com.ar\/wp-content\/uploads\/2026\/03\/cual-es-el-horario-ideal-para-desayunar-y-reducir-el-riesgo-de-obesidad-segun-expertos-6.jpg","contentUrl":"https:\/\/lobosnews.com.ar\/wp-content\/uploads\/2026\/03\/cual-es-el-horario-ideal-para-desayunar-y-reducir-el-riesgo-de-obesidad-segun-expertos-6.jpg","width":1408,"height":768,"caption":"Cu\u00e1l es el horario ideal para desayunar y reducir el riesgo de obesidad, seg\u00fan expertos"},{"@type":"BreadcrumbList","@id":"https:\/\/lobosnews.com.ar\/index.php\/2026\/03\/13\/cual-es-el-horario-ideal-para-desayunar-y-reducir-el-riesgo-de-obesidad-segun-expertos\/#breadcrumb","itemListElement":[{"@type":"ListItem","position":1,"name":"Portada","item":"https:\/\/lobosnews.com.ar\/"},{"@type":"ListItem","position":2,"name":"Cu\u00e1l es el horario ideal para desayunar y reducir el riesgo de obesidad, seg\u00fan expertos"}]},{"@type":"WebSite","@id":"https:\/\/lobosnews.com.ar\/#website","url":"https:\/\/lobosnews.com.ar\/","name":"Lobos News","description":"Informaci\u00f3n a cada instante","publisher":{"@id":"https:\/\/lobosnews.com.ar\/#organization"},"potentialAction":[{"@type":"SearchAction","target":{"@type":"EntryPoint","urlTemplate":"https:\/\/lobosnews.com.ar\/?s={search_term_string}"},"query-input":{"@type":"PropertyValueSpecification","valueRequired":true,"valueName":"search_term_string"}}],"inLanguage":"es"},{"@type":"Organization","@id":"https:\/\/lobosnews.com.ar\/#organization","name":"Lobos News","url":"https:\/\/lobosnews.com.ar\/","logo":{"@type":"ImageObject","inLanguage":"es","@id":"https:\/\/lobosnews.com.ar\/#\/schema\/logo\/image\/","url":"https:\/\/lobosnews.com.ar\/wp-content\/uploads\/2026\/01\/logo-lobosnews.png","contentUrl":"https:\/\/lobosnews.com.ar\/wp-content\/uploads\/2026\/01\/logo-lobosnews.png","width":500,"height":200,"caption":"Lobos News"},"image":{"@id":"https:\/\/lobosnews.com.ar\/#\/schema\/logo\/image\/"}},{"@type":"Person","@id":"https:\/\/lobosnews.com.ar\/#\/schema\/person\/232422a593d5c541dd9aef6aaed10943","name":"admin","image":{"@type":"ImageObject","inLanguage":"es","@id":"https:\/\/lobosnews.com.ar\/#\/schema\/person\/image\/","url":"https:\/\/secure.gravatar.com\/avatar\/76e419471a2083bc3ceab22a763dbbf9b0c1bd15a6214cf3280e2c2dde4580f9?s=96&d=mm&r=g","contentUrl":"https:\/\/secure.gravatar.com\/avatar\/76e419471a2083bc3ceab22a763dbbf9b0c1bd15a6214cf3280e2c2dde4580f9?s=96&d=mm&r=g","caption":"admin"},"sameAs":["https:\/\/lobosnews.com.ar"],"url":"https:\/\/lobosnews.com.ar\/index.php\/author\/lobos-news\/"}]}},"jetpack_featured_media_url":"https:\/\/lobosnews.com.ar\/wp-content\/uploads\/2026\/03\/cual-es-el-horario-ideal-para-desayunar-y-reducir-el-riesgo-de-obesidad-segun-expertos-6.jpg","jetpack_sharing_enabled":true,"_links":{"self":[{"href":"https:\/\/lobosnews.com.ar\/index.php\/wp-json\/wp\/v2\/posts\/32937","targetHints":{"allow":["GET"]}}],"collection":[{"href":"https:\/\/lobosnews.com.ar\/index.php\/wp-json\/wp\/v2\/posts"}],"about":[{"href":"https:\/\/lobosnews.com.ar\/index.php\/wp-json\/wp\/v2\/types\/post"}],"author":[{"embeddable":true,"href":"https:\/\/lobosnews.com.ar\/index.php\/wp-json\/wp\/v2\/users\/1"}],"replies":[{"embeddable":true,"href":"https:\/\/lobosnews.com.ar\/index.php\/wp-json\/wp\/v2\/comments?post=32937"}],"version-history":[{"count":1,"href":"https:\/\/lobosnews.com.ar\/index.php\/wp-json\/wp\/v2\/posts\/32937\/revisions"}],"predecessor-version":[{"id":32942,"href":"https:\/\/lobosnews.com.ar\/index.php\/wp-json\/wp\/v2\/posts\/32937\/revisions\/32942"}],"wp:featuredmedia":[{"embeddable":true,"href":"https:\/\/lobosnews.com.ar\/index.php\/wp-json\/wp\/v2\/media\/32943"}],"wp:attachment":[{"href":"https:\/\/lobosnews.com.ar\/index.php\/wp-json\/wp\/v2\/media?parent=32937"}],"wp:term":[{"taxonomy":"category","embeddable":true,"href":"https:\/\/lobosnews.com.ar\/index.php\/wp-json\/wp\/v2\/categories?post=32937"},{"taxonomy":"post_tag","embeddable":true,"href":"https:\/\/lobosnews.com.ar\/index.php\/wp-json\/wp\/v2\/tags?post=32937"}],"curies":[{"name":"wp","href":"https:\/\/api.w.org\/{rel}","templated":true}]}}