{"id":32877,"date":"2026-03-13T13:46:00","date_gmt":"2026-03-13T13:46:00","guid":{"rendered":"https:\/\/lobosnews.com.ar\/index.php\/2026\/03\/13\/efecto-del-cambio-climatico-el-ascenso-del-nivel-del-mar-modifica-la-rotacion-de-la-tierra-y-alarga-los-dias-como-nunca-antes\/"},"modified":"2026-03-13T15:00:47","modified_gmt":"2026-03-13T15:00:47","slug":"efecto-del-cambio-climatico-el-ascenso-del-nivel-del-mar-modifica-la-rotacion-de-la-tierra-y-alarga-los-dias-como-nunca-antes","status":"publish","type":"post","link":"https:\/\/lobosnews.com.ar\/index.php\/2026\/03\/13\/efecto-del-cambio-climatico-el-ascenso-del-nivel-del-mar-modifica-la-rotacion-de-la-tierra-y-alarga-los-dias-como-nunca-antes\/","title":{"rendered":"Efecto del cambio clim\u00e1tico: el ascenso del nivel del mar modifica la rotaci\u00f3n de la Tierra y alarga los d\u00edas como nunca antes"},"content":{"rendered":"<p><img loading=\"lazy\" decoding=\"async\" src=\"https:\/\/lobosnews.com.ar\/wp-content\/uploads\/2026\/03\/efecto-del-cambio-climatico-el-ascenso-del-nivel-del-mar-modifica-la-rotacion-de-la-tierra-y-alarga-los-dias-como-nunca-antes.jpg\" alt=\"El aumento acelerado del nivel del mar por el cambio clim\u00e1tico alarga los d\u00edas terrestres a un ritmo in\u00e9dito en 3,6 millones de a\u00f1os (Imagen Ilustrativa Infobae)\" height=\"768\" width=\"1408\"\/><\/p>\n<p>El <b>aumento acelerado del<\/b> <span class=\"waslinkname\"><b>nivel del mar<\/b><\/span>, impulsado por el <span class=\"waslinkname\"><b>cambio clim\u00e1tico<\/b><\/span>, est\u00e1 provocando que <b>los d\u00edas en la Tierra se alarguen a un ritmo sin precedentes en los \u00faltimos 3,6 millones de a\u00f1os<\/b>.<\/p>\n<p>As\u00ed lo detect\u00f3 un estudio reciente liderado por <b>Mostafa Kiani Shahvandi<\/b> de la Universidad de Viena, <b>Austria <\/b>y <b>Benedikt Soja<\/b> de la universidad t\u00e9cnica ETH Zurich, <b>Suiza<\/b>. <\/p>\n<p>Lo publicaron en la revista cient\u00edfica <span class=\"waslinkname\"><i><b>Journal of Geophysical Research: Solid Earth<\/b><\/i>. <\/span><\/p>\n<p>El equipo de cient\u00edficos demostr\u00f3 que, entre los a\u00f1os 2000 y 2020, la duraci\u00f3n de los d\u00edas se increment\u00f3 en<b> 1,33 milisegundos por siglo debido al deshielo<\/b> de los polos y glaciares.<\/p>\n<p><img loading=\"lazy\" decoding=\"async\" src=\"https:\/\/lobosnews.com.ar\/wp-content\/uploads\/2026\/03\/efecto-del-cambio-climatico-el-ascenso-del-nivel-del-mar-modifica-la-rotacion-de-la-tierra-y-alarga-los-dias-como-nunca-antes-1.jpg\" alt=\"Un estudio liderado por la Universidad de Viena y la ETH Zurich identifica el deshielo polar como principal causa del incremento en la duraci\u00f3n del d\u00eda (Imagen Ilustrativa Infobae)\" height=\"816\" width=\"1456\"\/><\/p>\n<p>Es una velocidad de cambio que nunca antes se hab\u00eda registrado, ni siquiera durante las grandes oscilaciones clim\u00e1ticas del pasado.<\/p>\n<p>En el \u00faltimo tercio del trabajo, el profesor y doctor Soja explic\u00f3 que al final del siglo XXI, el cambio clim\u00e1tico ser\u00e1 un factor de mayor peso en la duraci\u00f3n del d\u00eda que la Luna, hist\u00f3ricamente determinante en la rotaci\u00f3n terrestre. <\/p>\n<p>La precisi\u00f3n de estos registros es clave para industrias tan delicadas como la navegaci\u00f3n espacial, que depende del control exacto del giro planetario.<\/p>\n<h2>Ecos de un pasado sumergido<\/h2>\n<p><img loading=\"lazy\" decoding=\"async\" src=\"https:\/\/lobosnews.com.ar\/wp-content\/uploads\/2026\/03\/efecto-del-cambio-climatico-el-ascenso-del-nivel-del-mar-modifica-la-rotacion-de-la-tierra-y-alarga-los-dias-como-nunca-antes-2.jpg\" alt=\"Entre 2000 y 2020, la duraci\u00f3n de los d\u00edas aument\u00f3 1,33 milisegundos por siglo, debido a la elevaci\u00f3n global del nivel del mar (Imagen Ilustrativa Infobae)\" height=\"768\" width=\"1408\"\/><\/p>\n<p>El an\u00e1lisis de restos fosilizados de foramin\u00edferos, que son microorganismos marinos, permiti\u00f3 reconstruir la evoluci\u00f3n en las variaciones del d\u00eda en relaci\u00f3n con el nivel del mar. <\/p>\n<p>A partir de la composici\u00f3n qu\u00edmica de estos f\u00f3siles se pueden inferir las fluctuaciones del nivel del mar y, matem\u00e1ticamente, derivar los cambios en la duraci\u00f3n del d\u00eda. <\/p>\n<p>Para dar solidez a esas conclusiones, los cient\u00edficos emplearon un modelo probabil\u00edstico de aprendizaje profundo, ajustado a los procesos f\u00edsicos de variaci\u00f3n del nivel marino y capaz de gestionar las incertidumbres propias de los datos paleoclim\u00e1ticos.<\/p>\n<p>Durante el Cuaternario, los ciclos de avance y retroceso de los glaciares continentales provocaron variaciones en el tiempo de rotaci\u00f3n planetaria, y los autores recalcan que la aceleraci\u00f3n actual no tiene paralelo desde el final del Plioceno, hace 3,6 millones de a\u00f1os. <\/p>\n<p><img loading=\"lazy\" decoding=\"async\" src=\"https:\/\/lobosnews.com.ar\/wp-content\/uploads\/2026\/03\/efecto-del-cambio-climatico-el-ascenso-del-nivel-del-mar-modifica-la-rotacion-de-la-tierra-y-alarga-los-dias-como-nunca-antes-3.jpg\" alt=\"La influencia humana en el cambio clim\u00e1tico supera a cualquier fen\u00f3meno natural previo en la alteraci\u00f3n de la rotaci\u00f3n de la Tierra. (Imagen Ilustrativa Infobae)\" height=\"816\" width=\"1456\"\/><\/p>\n<p>Solo hace dos millones de a\u00f1os se percibi\u00f3 un ritmo similar, pero ni antes ni despu\u00e9s la rotaci\u00f3n fue tan impactada por el ascenso de los mares como en el periodo 2000-2020. <\/p>\n<p>Kiani Shahvandi precis\u00f3 que \u00fanicamente hace aproximadamente dos millones de a\u00f1os la tasa de cambio fue casi comparable, pero en ning\u00fan otro momento la velocidad y magnitud del aumento en el nivel del mar y la duraci\u00f3n del d\u00eda fueron tan pronunciadas como ahora.<\/p>\n<h2>La huella humana en los relojes del planeta<\/h2>\n<p><img loading=\"lazy\" decoding=\"async\" src=\"https:\/\/lobosnews.com.ar\/wp-content\/uploads\/2026\/03\/efecto-del-cambio-climatico-el-ascenso-del-nivel-del-mar-modifica-la-rotacion-de-la-tierra-y-alarga-los-dias-como-nunca-antes-4.jpg\" alt=\"Durante el Cuaternario, los glaciares alteraron la rotaci\u00f3n terrestre, pero hoy el ritmo del aumento del nivel marino carece de precedentes recientes (Imagen Ilustrativa Infobae)\" height=\"816\" width=\"1456\"\/><\/p>\n<p>El deshielo de los polos y glaciares, provocado por las actividades humanas, es la principal causa del acortamiento del giro de la Tierra en el siglo XXI. <\/p>\n<p>Soja afirm\u00f3: \u201cEste r\u00e1pido aumento en la duraci\u00f3n del d\u00eda implica que la velocidad del cambio clim\u00e1tico moderno es in\u00e9dita desde el final del Plioceno\u201d. <\/p>\n<p>A\u00f1adi\u00f3 que el presente aumento en la longitud del d\u00eda puede atribuirse principalmente a la influencia humana.<\/p>\n<p>En t\u00e9rminos comparativos, la tasa actual de incrementos diarios, equivalente a 1,33 milisegundos por siglo, contrasta radicalmente con las oscilaciones previas verificadas en distintos ciclos clim\u00e1ticos.<\/p>\n<p><img loading=\"lazy\" decoding=\"async\" src=\"https:\/\/lobosnews.com.ar\/wp-content\/uploads\/2026\/03\/efecto-del-cambio-climatico-el-ascenso-del-nivel-del-mar-modifica-la-rotacion-de-la-tierra-y-alarga-los-dias-como-nunca-antes-5.jpg\" alt=\"El incremento milim\u00e9trico en la duraci\u00f3n del d\u00eda, aunque peque\u00f1o, podr\u00eda afectar procesos ingenieriles y desarrollo tecnol\u00f3gico global. (Imagen Ilustrativa Infobae)\" height=\"768\" width=\"1408\"\/><\/p>\n<p>Las alteraciones, aunque min\u00fasculas, generan dificultades t\u00e9cnicas. Soja advirti\u00f3 que, aunque los cambios sean solo de milisegundos, pueden causar problemas en muchos campos, por ejemplo, en la navegaci\u00f3n espacial precisa, que exige informaci\u00f3n exacta sobre la rotaci\u00f3n de la Tierra.<\/p>\n<p>La investigaci\u00f3n subraya que el cambio inducido por actividades humanas en la rotaci\u00f3n planetaria, derivado del ascenso del mar, supera en ritmo y magnitud a cualquier fen\u00f3meno natural detectado desde hace varios millones de a\u00f1os. <\/p>\n<p>Los efectos se proyectan m\u00e1s all\u00e1 de la astronom\u00eda o la f\u00edsica fundamental, pues podr\u00edan incidir directamente en la ingenier\u00eda y el desarrollo tecnol\u00f3gico global.<\/p>\n","protected":false},"excerpt":{"rendered":"<p>El aumento acelerado del nivel del mar, impulsado por el cambio clim\u00e1tico, est\u00e1 provocando que los d\u00edas en la Tierra se alarguen a un ritmo sin precedentes en los \u00faltimos 3,6 millones de a\u00f1os. As\u00ed lo detect\u00f3 un estudio reciente liderado por Mostafa Kiani Shahvandi de la Universidad de Viena, Austria y Benedikt Soja de&#8230;<\/p>\n","protected":false},"author":1,"featured_media":32885,"comment_status":"open","ping_status":"closed","sticky":false,"template":"","format":"standard","meta":{"_jetpack_memberships_contains_paid_content":false,"footnotes":""},"categories":[31],"tags":[],"class_list":["post-32877","post","type-post","status-publish","format-standard","has-post-thumbnail","hentry","category-actualidad"],"magazineBlocksPostFeaturedMedia":{"thumbnail":"https:\/\/lobosnews.com.ar\/wp-content\/uploads\/2026\/03\/efecto-del-cambio-climatico-el-ascenso-del-nivel-del-mar-modifica-la-rotacion-de-la-tierra-y-alarga-los-dias-como-nunca-antes-10-150x150.jpg","medium":"https:\/\/lobosnews.com.ar\/wp-content\/uploads\/2026\/03\/efecto-del-cambio-climatico-el-ascenso-del-nivel-del-mar-modifica-la-rotacion-de-la-tierra-y-alarga-los-dias-como-nunca-antes-10-300x164.jpg","medium_large":"https:\/\/lobosnews.com.ar\/wp-content\/uploads\/2026\/03\/efecto-del-cambio-climatico-el-ascenso-del-nivel-del-mar-modifica-la-rotacion-de-la-tierra-y-alarga-los-dias-como-nunca-antes-10-768x419.jpg","large":"https:\/\/lobosnews.com.ar\/wp-content\/uploads\/2026\/03\/efecto-del-cambio-climatico-el-ascenso-del-nivel-del-mar-modifica-la-rotacion-de-la-tierra-y-alarga-los-dias-como-nunca-antes-10-1024x559.jpg","1536x1536":"https:\/\/lobosnews.com.ar\/wp-content\/uploads\/2026\/03\/efecto-del-cambio-climatico-el-ascenso-del-nivel-del-mar-modifica-la-rotacion-de-la-tierra-y-alarga-los-dias-como-nunca-antes-10.jpg","2048x2048":"https:\/\/lobosnews.com.ar\/wp-content\/uploads\/2026\/03\/efecto-del-cambio-climatico-el-ascenso-del-nivel-del-mar-modifica-la-rotacion-de-la-tierra-y-alarga-los-dias-como-nunca-antes-10.jpg","newsmatic-featured":"https:\/\/lobosnews.com.ar\/wp-content\/uploads\/2026\/03\/efecto-del-cambio-climatico-el-ascenso-del-nivel-del-mar-modifica-la-rotacion-de-la-tierra-y-alarga-los-dias-como-nunca-antes-10-820x545.jpg","newsmatic-list":"https:\/\/lobosnews.com.ar\/wp-content\/uploads\/2026\/03\/efecto-del-cambio-climatico-el-ascenso-del-nivel-del-mar-modifica-la-rotacion-de-la-tierra-y-alarga-los-dias-como-nunca-antes-10-600x400.jpg","newsmatic-thumb":"https:\/\/lobosnews.com.ar\/wp-content\/uploads\/2026\/03\/efecto-del-cambio-climatico-el-ascenso-del-nivel-del-mar-modifica-la-rotacion-de-la-tierra-y-alarga-los-dias-como-nunca-antes-10-300x200.jpg","newsmatic-small":"https:\/\/lobosnews.com.ar\/wp-content\/uploads\/2026\/03\/efecto-del-cambio-climatico-el-ascenso-del-nivel-del-mar-modifica-la-rotacion-de-la-tierra-y-alarga-los-dias-como-nunca-antes-10-150x95.jpg","newsmatic-grid":"https:\/\/lobosnews.com.ar\/wp-content\/uploads\/2026\/03\/efecto-del-cambio-climatico-el-ascenso-del-nivel-del-mar-modifica-la-rotacion-de-la-tierra-y-alarga-los-dias-como-nunca-antes-10-400x250.jpg"},"magazineBlocksPostAuthor":{"name":"admin","avatar":"https:\/\/secure.gravatar.com\/avatar\/76e419471a2083bc3ceab22a763dbbf9b0c1bd15a6214cf3280e2c2dde4580f9?s=96&d=mm&r=g"},"magazineBlocksPostCommentsNumber":"0","magazineBlocksPostExcerpt":"El aumento acelerado del nivel del mar, impulsado por el cambio clim\u00e1tico, est\u00e1 provocando que los d\u00edas en la Tierra se alarguen a un ritmo sin precedentes en los \u00faltimos 3,6 millones de a\u00f1os. As\u00ed lo detect\u00f3 un estudio reciente liderado por Mostafa Kiani Shahvandi de la Universidad de Viena, Austria y Benedikt Soja de...","magazineBlocksPostCategories":["Actualidad"],"magazineBlocksPostViewCount":107,"magazineBlocksPostReadTime":4,"magazine_blocks_featured_image_url":{"full":["https:\/\/lobosnews.com.ar\/wp-content\/uploads\/2026\/03\/efecto-del-cambio-climatico-el-ascenso-del-nivel-del-mar-modifica-la-rotacion-de-la-tierra-y-alarga-los-dias-como-nunca-antes-10.jpg",1408,768,false],"medium":["https:\/\/lobosnews.com.ar\/wp-content\/uploads\/2026\/03\/efecto-del-cambio-climatico-el-ascenso-del-nivel-del-mar-modifica-la-rotacion-de-la-tierra-y-alarga-los-dias-como-nunca-antes-10-300x164.jpg",300,164,true],"thumbnail":["https:\/\/lobosnews.com.ar\/wp-content\/uploads\/2026\/03\/efecto-del-cambio-climatico-el-ascenso-del-nivel-del-mar-modifica-la-rotacion-de-la-tierra-y-alarga-los-dias-como-nunca-antes-10-150x150.jpg",150,150,true]},"magazine_blocks_author":{"display_name":"admin","author_link":"https:\/\/lobosnews.com.ar\/index.php\/author\/lobos-news\/"},"magazine_blocks_comment":2,"magazine_blocks_author_image":"https:\/\/secure.gravatar.com\/avatar\/76e419471a2083bc3ceab22a763dbbf9b0c1bd15a6214cf3280e2c2dde4580f9?s=96&d=mm&r=g","magazine_blocks_category":"<a href=\"#\" class=\"category-link category-link-31\">Actualidad<\/a>","yoast_head":"<!-- This site is optimized with the Yoast SEO plugin v26.6 - https:\/\/yoast.com\/wordpress\/plugins\/seo\/ -->\n<title>Efecto del cambio clim\u00e1tico: el ascenso del nivel del mar modifica la rotaci\u00f3n de la Tierra y alarga los d\u00edas como nunca antes - Lobos News<\/title>\n<meta name=\"robots\" content=\"index, follow, max-snippet:-1, max-image-preview:large, max-video-preview:-1\" \/>\n<link rel=\"canonical\" href=\"https:\/\/lobosnews.com.ar\/index.php\/2026\/03\/13\/efecto-del-cambio-climatico-el-ascenso-del-nivel-del-mar-modifica-la-rotacion-de-la-tierra-y-alarga-los-dias-como-nunca-antes\/\" \/>\n<meta property=\"og:locale\" content=\"es_ES\" \/>\n<meta property=\"og:type\" content=\"article\" \/>\n<meta property=\"og:title\" content=\"Efecto del cambio clim\u00e1tico: el ascenso del nivel del mar modifica la rotaci\u00f3n de la Tierra y alarga los d\u00edas como nunca antes - Lobos News\" \/>\n<meta property=\"og:description\" content=\"El aumento acelerado del nivel del mar, impulsado por el cambio clim\u00e1tico, est\u00e1 provocando que los d\u00edas en la Tierra se alarguen a un ritmo sin precedentes en los \u00faltimos 3,6 millones de a\u00f1os. As\u00ed lo detect\u00f3 un estudio reciente liderado por Mostafa Kiani Shahvandi de la Universidad de Viena, Austria y Benedikt Soja de...\" \/>\n<meta property=\"og:url\" content=\"https:\/\/lobosnews.com.ar\/index.php\/2026\/03\/13\/efecto-del-cambio-climatico-el-ascenso-del-nivel-del-mar-modifica-la-rotacion-de-la-tierra-y-alarga-los-dias-como-nunca-antes\/\" \/>\n<meta property=\"og:site_name\" content=\"Lobos News\" \/>\n<meta property=\"article:published_time\" content=\"2026-03-13T13:46:00+00:00\" \/>\n<meta property=\"article:modified_time\" content=\"2026-03-13T15:00:47+00:00\" \/>\n<meta property=\"og:image\" content=\"https:\/\/lobosnews.com.ar\/wp-content\/uploads\/2026\/03\/efecto-del-cambio-climatico-el-ascenso-del-nivel-del-mar-modifica-la-rotacion-de-la-tierra-y-alarga-los-dias-como-nunca-antes.jpg\" \/>\n<meta name=\"author\" content=\"admin\" \/>\n<meta name=\"twitter:card\" content=\"summary_large_image\" \/>\n<meta name=\"twitter:label1\" content=\"Escrito por\" \/>\n\t<meta name=\"twitter:data1\" content=\"admin\" \/>\n\t<meta name=\"twitter:label2\" content=\"Tiempo de lectura\" \/>\n\t<meta name=\"twitter:data2\" content=\"3 minutos\" \/>\n<script type=\"application\/ld+json\" class=\"yoast-schema-graph\">{\"@context\":\"https:\/\/schema.org\",\"@graph\":[{\"@type\":\"Article\",\"@id\":\"https:\/\/lobosnews.com.ar\/index.php\/2026\/03\/13\/efecto-del-cambio-climatico-el-ascenso-del-nivel-del-mar-modifica-la-rotacion-de-la-tierra-y-alarga-los-dias-como-nunca-antes\/#article\",\"isPartOf\":{\"@id\":\"https:\/\/lobosnews.com.ar\/index.php\/2026\/03\/13\/efecto-del-cambio-climatico-el-ascenso-del-nivel-del-mar-modifica-la-rotacion-de-la-tierra-y-alarga-los-dias-como-nunca-antes\/\"},\"author\":{\"name\":\"admin\",\"@id\":\"https:\/\/lobosnews.com.ar\/#\/schema\/person\/232422a593d5c541dd9aef6aaed10943\"},\"headline\":\"Efecto del cambio clim\u00e1tico: el ascenso del nivel del mar modifica la rotaci\u00f3n de la Tierra y alarga los d\u00edas como nunca antes\",\"datePublished\":\"2026-03-13T13:46:00+00:00\",\"dateModified\":\"2026-03-13T15:00:47+00:00\",\"mainEntityOfPage\":{\"@id\":\"https:\/\/lobosnews.com.ar\/index.php\/2026\/03\/13\/efecto-del-cambio-climatico-el-ascenso-del-nivel-del-mar-modifica-la-rotacion-de-la-tierra-y-alarga-los-dias-como-nunca-antes\/\"},\"wordCount\":694,\"commentCount\":0,\"publisher\":{\"@id\":\"https:\/\/lobosnews.com.ar\/#organization\"},\"image\":{\"@id\":\"https:\/\/lobosnews.com.ar\/index.php\/2026\/03\/13\/efecto-del-cambio-climatico-el-ascenso-del-nivel-del-mar-modifica-la-rotacion-de-la-tierra-y-alarga-los-dias-como-nunca-antes\/#primaryimage\"},\"thumbnailUrl\":\"https:\/\/lobosnews.com.ar\/wp-content\/uploads\/2026\/03\/efecto-del-cambio-climatico-el-ascenso-del-nivel-del-mar-modifica-la-rotacion-de-la-tierra-y-alarga-los-dias-como-nunca-antes-10.jpg\",\"articleSection\":[\"Actualidad\"],\"inLanguage\":\"es\",\"potentialAction\":[{\"@type\":\"CommentAction\",\"name\":\"Comment\",\"target\":[\"https:\/\/lobosnews.com.ar\/index.php\/2026\/03\/13\/efecto-del-cambio-climatico-el-ascenso-del-nivel-del-mar-modifica-la-rotacion-de-la-tierra-y-alarga-los-dias-como-nunca-antes\/#respond\"]}]},{\"@type\":\"WebPage\",\"@id\":\"https:\/\/lobosnews.com.ar\/index.php\/2026\/03\/13\/efecto-del-cambio-climatico-el-ascenso-del-nivel-del-mar-modifica-la-rotacion-de-la-tierra-y-alarga-los-dias-como-nunca-antes\/\",\"url\":\"https:\/\/lobosnews.com.ar\/index.php\/2026\/03\/13\/efecto-del-cambio-climatico-el-ascenso-del-nivel-del-mar-modifica-la-rotacion-de-la-tierra-y-alarga-los-dias-como-nunca-antes\/\",\"name\":\"Efecto del cambio clim\u00e1tico: el ascenso del nivel del mar modifica la rotaci\u00f3n de la Tierra y alarga los d\u00edas como nunca antes - Lobos News\",\"isPartOf\":{\"@id\":\"https:\/\/lobosnews.com.ar\/#website\"},\"primaryImageOfPage\":{\"@id\":\"https:\/\/lobosnews.com.ar\/index.php\/2026\/03\/13\/efecto-del-cambio-climatico-el-ascenso-del-nivel-del-mar-modifica-la-rotacion-de-la-tierra-y-alarga-los-dias-como-nunca-antes\/#primaryimage\"},\"image\":{\"@id\":\"https:\/\/lobosnews.com.ar\/index.php\/2026\/03\/13\/efecto-del-cambio-climatico-el-ascenso-del-nivel-del-mar-modifica-la-rotacion-de-la-tierra-y-alarga-los-dias-como-nunca-antes\/#primaryimage\"},\"thumbnailUrl\":\"https:\/\/lobosnews.com.ar\/wp-content\/uploads\/2026\/03\/efecto-del-cambio-climatico-el-ascenso-del-nivel-del-mar-modifica-la-rotacion-de-la-tierra-y-alarga-los-dias-como-nunca-antes-10.jpg\",\"datePublished\":\"2026-03-13T13:46:00+00:00\",\"dateModified\":\"2026-03-13T15:00:47+00:00\",\"breadcrumb\":{\"@id\":\"https:\/\/lobosnews.com.ar\/index.php\/2026\/03\/13\/efecto-del-cambio-climatico-el-ascenso-del-nivel-del-mar-modifica-la-rotacion-de-la-tierra-y-alarga-los-dias-como-nunca-antes\/#breadcrumb\"},\"inLanguage\":\"es\",\"potentialAction\":[{\"@type\":\"ReadAction\",\"target\":[\"https:\/\/lobosnews.com.ar\/index.php\/2026\/03\/13\/efecto-del-cambio-climatico-el-ascenso-del-nivel-del-mar-modifica-la-rotacion-de-la-tierra-y-alarga-los-dias-como-nunca-antes\/\"]}]},{\"@type\":\"ImageObject\",\"inLanguage\":\"es\",\"@id\":\"https:\/\/lobosnews.com.ar\/index.php\/2026\/03\/13\/efecto-del-cambio-climatico-el-ascenso-del-nivel-del-mar-modifica-la-rotacion-de-la-tierra-y-alarga-los-dias-como-nunca-antes\/#primaryimage\",\"url\":\"https:\/\/lobosnews.com.ar\/wp-content\/uploads\/2026\/03\/efecto-del-cambio-climatico-el-ascenso-del-nivel-del-mar-modifica-la-rotacion-de-la-tierra-y-alarga-los-dias-como-nunca-antes-10.jpg\",\"contentUrl\":\"https:\/\/lobosnews.com.ar\/wp-content\/uploads\/2026\/03\/efecto-del-cambio-climatico-el-ascenso-del-nivel-del-mar-modifica-la-rotacion-de-la-tierra-y-alarga-los-dias-como-nunca-antes-10.jpg\",\"width\":1408,\"height\":768,\"caption\":\"Efecto del cambio clim\u00e1tico: el ascenso del nivel del mar modifica la rotaci\u00f3n de la Tierra y alarga los d\u00edas como nunca antes\"},{\"@type\":\"BreadcrumbList\",\"@id\":\"https:\/\/lobosnews.com.ar\/index.php\/2026\/03\/13\/efecto-del-cambio-climatico-el-ascenso-del-nivel-del-mar-modifica-la-rotacion-de-la-tierra-y-alarga-los-dias-como-nunca-antes\/#breadcrumb\",\"itemListElement\":[{\"@type\":\"ListItem\",\"position\":1,\"name\":\"Portada\",\"item\":\"https:\/\/lobosnews.com.ar\/\"},{\"@type\":\"ListItem\",\"position\":2,\"name\":\"Efecto del cambio clim\u00e1tico: el ascenso del nivel del mar modifica la rotaci\u00f3n de la Tierra y alarga los d\u00edas como nunca antes\"}]},{\"@type\":\"WebSite\",\"@id\":\"https:\/\/lobosnews.com.ar\/#website\",\"url\":\"https:\/\/lobosnews.com.ar\/\",\"name\":\"Lobos News\",\"description\":\"Informaci\u00f3n a cada instante\",\"publisher\":{\"@id\":\"https:\/\/lobosnews.com.ar\/#organization\"},\"potentialAction\":[{\"@type\":\"SearchAction\",\"target\":{\"@type\":\"EntryPoint\",\"urlTemplate\":\"https:\/\/lobosnews.com.ar\/?s={search_term_string}\"},\"query-input\":{\"@type\":\"PropertyValueSpecification\",\"valueRequired\":true,\"valueName\":\"search_term_string\"}}],\"inLanguage\":\"es\"},{\"@type\":\"Organization\",\"@id\":\"https:\/\/lobosnews.com.ar\/#organization\",\"name\":\"Lobos News\",\"url\":\"https:\/\/lobosnews.com.ar\/\",\"logo\":{\"@type\":\"ImageObject\",\"inLanguage\":\"es\",\"@id\":\"https:\/\/lobosnews.com.ar\/#\/schema\/logo\/image\/\",\"url\":\"https:\/\/lobosnews.com.ar\/wp-content\/uploads\/2026\/01\/logo-lobosnews.png\",\"contentUrl\":\"https:\/\/lobosnews.com.ar\/wp-content\/uploads\/2026\/01\/logo-lobosnews.png\",\"width\":500,\"height\":200,\"caption\":\"Lobos News\"},\"image\":{\"@id\":\"https:\/\/lobosnews.com.ar\/#\/schema\/logo\/image\/\"}},{\"@type\":\"Person\",\"@id\":\"https:\/\/lobosnews.com.ar\/#\/schema\/person\/232422a593d5c541dd9aef6aaed10943\",\"name\":\"admin\",\"image\":{\"@type\":\"ImageObject\",\"inLanguage\":\"es\",\"@id\":\"https:\/\/lobosnews.com.ar\/#\/schema\/person\/image\/\",\"url\":\"https:\/\/secure.gravatar.com\/avatar\/76e419471a2083bc3ceab22a763dbbf9b0c1bd15a6214cf3280e2c2dde4580f9?s=96&d=mm&r=g\",\"contentUrl\":\"https:\/\/secure.gravatar.com\/avatar\/76e419471a2083bc3ceab22a763dbbf9b0c1bd15a6214cf3280e2c2dde4580f9?s=96&d=mm&r=g\",\"caption\":\"admin\"},\"sameAs\":[\"https:\/\/lobosnews.com.ar\"],\"url\":\"https:\/\/lobosnews.com.ar\/index.php\/author\/lobos-news\/\"}]}<\/script>\n<!-- \/ Yoast SEO plugin. -->","yoast_head_json":{"title":"Efecto del cambio clim\u00e1tico: el ascenso del nivel del mar modifica la rotaci\u00f3n de la Tierra y alarga los d\u00edas como nunca antes - Lobos News","robots":{"index":"index","follow":"follow","max-snippet":"max-snippet:-1","max-image-preview":"max-image-preview:large","max-video-preview":"max-video-preview:-1"},"canonical":"https:\/\/lobosnews.com.ar\/index.php\/2026\/03\/13\/efecto-del-cambio-climatico-el-ascenso-del-nivel-del-mar-modifica-la-rotacion-de-la-tierra-y-alarga-los-dias-como-nunca-antes\/","og_locale":"es_ES","og_type":"article","og_title":"Efecto del cambio clim\u00e1tico: el ascenso del nivel del mar modifica la rotaci\u00f3n de la Tierra y alarga los d\u00edas como nunca antes - Lobos News","og_description":"El aumento acelerado del nivel del mar, impulsado por el cambio clim\u00e1tico, est\u00e1 provocando que los d\u00edas en la Tierra se alarguen a un ritmo sin precedentes en los \u00faltimos 3,6 millones de a\u00f1os. As\u00ed lo detect\u00f3 un estudio reciente liderado por Mostafa Kiani Shahvandi de la Universidad de Viena, Austria y Benedikt Soja de...","og_url":"https:\/\/lobosnews.com.ar\/index.php\/2026\/03\/13\/efecto-del-cambio-climatico-el-ascenso-del-nivel-del-mar-modifica-la-rotacion-de-la-tierra-y-alarga-los-dias-como-nunca-antes\/","og_site_name":"Lobos News","article_published_time":"2026-03-13T13:46:00+00:00","article_modified_time":"2026-03-13T15:00:47+00:00","og_image":[{"url":"https:\/\/lobosnews.com.ar\/wp-content\/uploads\/2026\/03\/efecto-del-cambio-climatico-el-ascenso-del-nivel-del-mar-modifica-la-rotacion-de-la-tierra-y-alarga-los-dias-como-nunca-antes.jpg","type":"","width":"","height":""}],"author":"admin","twitter_card":"summary_large_image","twitter_misc":{"Escrito por":"admin","Tiempo de lectura":"3 minutos"},"schema":{"@context":"https:\/\/schema.org","@graph":[{"@type":"Article","@id":"https:\/\/lobosnews.com.ar\/index.php\/2026\/03\/13\/efecto-del-cambio-climatico-el-ascenso-del-nivel-del-mar-modifica-la-rotacion-de-la-tierra-y-alarga-los-dias-como-nunca-antes\/#article","isPartOf":{"@id":"https:\/\/lobosnews.com.ar\/index.php\/2026\/03\/13\/efecto-del-cambio-climatico-el-ascenso-del-nivel-del-mar-modifica-la-rotacion-de-la-tierra-y-alarga-los-dias-como-nunca-antes\/"},"author":{"name":"admin","@id":"https:\/\/lobosnews.com.ar\/#\/schema\/person\/232422a593d5c541dd9aef6aaed10943"},"headline":"Efecto del cambio clim\u00e1tico: el ascenso del nivel del mar modifica la rotaci\u00f3n de la Tierra y alarga los d\u00edas como nunca antes","datePublished":"2026-03-13T13:46:00+00:00","dateModified":"2026-03-13T15:00:47+00:00","mainEntityOfPage":{"@id":"https:\/\/lobosnews.com.ar\/index.php\/2026\/03\/13\/efecto-del-cambio-climatico-el-ascenso-del-nivel-del-mar-modifica-la-rotacion-de-la-tierra-y-alarga-los-dias-como-nunca-antes\/"},"wordCount":694,"commentCount":0,"publisher":{"@id":"https:\/\/lobosnews.com.ar\/#organization"},"image":{"@id":"https:\/\/lobosnews.com.ar\/index.php\/2026\/03\/13\/efecto-del-cambio-climatico-el-ascenso-del-nivel-del-mar-modifica-la-rotacion-de-la-tierra-y-alarga-los-dias-como-nunca-antes\/#primaryimage"},"thumbnailUrl":"https:\/\/lobosnews.com.ar\/wp-content\/uploads\/2026\/03\/efecto-del-cambio-climatico-el-ascenso-del-nivel-del-mar-modifica-la-rotacion-de-la-tierra-y-alarga-los-dias-como-nunca-antes-10.jpg","articleSection":["Actualidad"],"inLanguage":"es","potentialAction":[{"@type":"CommentAction","name":"Comment","target":["https:\/\/lobosnews.com.ar\/index.php\/2026\/03\/13\/efecto-del-cambio-climatico-el-ascenso-del-nivel-del-mar-modifica-la-rotacion-de-la-tierra-y-alarga-los-dias-como-nunca-antes\/#respond"]}]},{"@type":"WebPage","@id":"https:\/\/lobosnews.com.ar\/index.php\/2026\/03\/13\/efecto-del-cambio-climatico-el-ascenso-del-nivel-del-mar-modifica-la-rotacion-de-la-tierra-y-alarga-los-dias-como-nunca-antes\/","url":"https:\/\/lobosnews.com.ar\/index.php\/2026\/03\/13\/efecto-del-cambio-climatico-el-ascenso-del-nivel-del-mar-modifica-la-rotacion-de-la-tierra-y-alarga-los-dias-como-nunca-antes\/","name":"Efecto del cambio clim\u00e1tico: el ascenso del nivel del mar modifica la rotaci\u00f3n de la Tierra y alarga los d\u00edas como nunca antes - Lobos News","isPartOf":{"@id":"https:\/\/lobosnews.com.ar\/#website"},"primaryImageOfPage":{"@id":"https:\/\/lobosnews.com.ar\/index.php\/2026\/03\/13\/efecto-del-cambio-climatico-el-ascenso-del-nivel-del-mar-modifica-la-rotacion-de-la-tierra-y-alarga-los-dias-como-nunca-antes\/#primaryimage"},"image":{"@id":"https:\/\/lobosnews.com.ar\/index.php\/2026\/03\/13\/efecto-del-cambio-climatico-el-ascenso-del-nivel-del-mar-modifica-la-rotacion-de-la-tierra-y-alarga-los-dias-como-nunca-antes\/#primaryimage"},"thumbnailUrl":"https:\/\/lobosnews.com.ar\/wp-content\/uploads\/2026\/03\/efecto-del-cambio-climatico-el-ascenso-del-nivel-del-mar-modifica-la-rotacion-de-la-tierra-y-alarga-los-dias-como-nunca-antes-10.jpg","datePublished":"2026-03-13T13:46:00+00:00","dateModified":"2026-03-13T15:00:47+00:00","breadcrumb":{"@id":"https:\/\/lobosnews.com.ar\/index.php\/2026\/03\/13\/efecto-del-cambio-climatico-el-ascenso-del-nivel-del-mar-modifica-la-rotacion-de-la-tierra-y-alarga-los-dias-como-nunca-antes\/#breadcrumb"},"inLanguage":"es","potentialAction":[{"@type":"ReadAction","target":["https:\/\/lobosnews.com.ar\/index.php\/2026\/03\/13\/efecto-del-cambio-climatico-el-ascenso-del-nivel-del-mar-modifica-la-rotacion-de-la-tierra-y-alarga-los-dias-como-nunca-antes\/"]}]},{"@type":"ImageObject","inLanguage":"es","@id":"https:\/\/lobosnews.com.ar\/index.php\/2026\/03\/13\/efecto-del-cambio-climatico-el-ascenso-del-nivel-del-mar-modifica-la-rotacion-de-la-tierra-y-alarga-los-dias-como-nunca-antes\/#primaryimage","url":"https:\/\/lobosnews.com.ar\/wp-content\/uploads\/2026\/03\/efecto-del-cambio-climatico-el-ascenso-del-nivel-del-mar-modifica-la-rotacion-de-la-tierra-y-alarga-los-dias-como-nunca-antes-10.jpg","contentUrl":"https:\/\/lobosnews.com.ar\/wp-content\/uploads\/2026\/03\/efecto-del-cambio-climatico-el-ascenso-del-nivel-del-mar-modifica-la-rotacion-de-la-tierra-y-alarga-los-dias-como-nunca-antes-10.jpg","width":1408,"height":768,"caption":"Efecto del cambio clim\u00e1tico: el ascenso del nivel del mar modifica la rotaci\u00f3n de la Tierra y alarga los d\u00edas como nunca antes"},{"@type":"BreadcrumbList","@id":"https:\/\/lobosnews.com.ar\/index.php\/2026\/03\/13\/efecto-del-cambio-climatico-el-ascenso-del-nivel-del-mar-modifica-la-rotacion-de-la-tierra-y-alarga-los-dias-como-nunca-antes\/#breadcrumb","itemListElement":[{"@type":"ListItem","position":1,"name":"Portada","item":"https:\/\/lobosnews.com.ar\/"},{"@type":"ListItem","position":2,"name":"Efecto del cambio clim\u00e1tico: el ascenso del nivel del mar modifica la rotaci\u00f3n de la Tierra y alarga los d\u00edas como nunca antes"}]},{"@type":"WebSite","@id":"https:\/\/lobosnews.com.ar\/#website","url":"https:\/\/lobosnews.com.ar\/","name":"Lobos News","description":"Informaci\u00f3n a cada instante","publisher":{"@id":"https:\/\/lobosnews.com.ar\/#organization"},"potentialAction":[{"@type":"SearchAction","target":{"@type":"EntryPoint","urlTemplate":"https:\/\/lobosnews.com.ar\/?s={search_term_string}"},"query-input":{"@type":"PropertyValueSpecification","valueRequired":true,"valueName":"search_term_string"}}],"inLanguage":"es"},{"@type":"Organization","@id":"https:\/\/lobosnews.com.ar\/#organization","name":"Lobos News","url":"https:\/\/lobosnews.com.ar\/","logo":{"@type":"ImageObject","inLanguage":"es","@id":"https:\/\/lobosnews.com.ar\/#\/schema\/logo\/image\/","url":"https:\/\/lobosnews.com.ar\/wp-content\/uploads\/2026\/01\/logo-lobosnews.png","contentUrl":"https:\/\/lobosnews.com.ar\/wp-content\/uploads\/2026\/01\/logo-lobosnews.png","width":500,"height":200,"caption":"Lobos News"},"image":{"@id":"https:\/\/lobosnews.com.ar\/#\/schema\/logo\/image\/"}},{"@type":"Person","@id":"https:\/\/lobosnews.com.ar\/#\/schema\/person\/232422a593d5c541dd9aef6aaed10943","name":"admin","image":{"@type":"ImageObject","inLanguage":"es","@id":"https:\/\/lobosnews.com.ar\/#\/schema\/person\/image\/","url":"https:\/\/secure.gravatar.com\/avatar\/76e419471a2083bc3ceab22a763dbbf9b0c1bd15a6214cf3280e2c2dde4580f9?s=96&d=mm&r=g","contentUrl":"https:\/\/secure.gravatar.com\/avatar\/76e419471a2083bc3ceab22a763dbbf9b0c1bd15a6214cf3280e2c2dde4580f9?s=96&d=mm&r=g","caption":"admin"},"sameAs":["https:\/\/lobosnews.com.ar"],"url":"https:\/\/lobosnews.com.ar\/index.php\/author\/lobos-news\/"}]}},"jetpack_featured_media_url":"https:\/\/lobosnews.com.ar\/wp-content\/uploads\/2026\/03\/efecto-del-cambio-climatico-el-ascenso-del-nivel-del-mar-modifica-la-rotacion-de-la-tierra-y-alarga-los-dias-como-nunca-antes-10.jpg","jetpack_sharing_enabled":true,"_links":{"self":[{"href":"https:\/\/lobosnews.com.ar\/index.php\/wp-json\/wp\/v2\/posts\/32877","targetHints":{"allow":["GET"]}}],"collection":[{"href":"https:\/\/lobosnews.com.ar\/index.php\/wp-json\/wp\/v2\/posts"}],"about":[{"href":"https:\/\/lobosnews.com.ar\/index.php\/wp-json\/wp\/v2\/types\/post"}],"author":[{"embeddable":true,"href":"https:\/\/lobosnews.com.ar\/index.php\/wp-json\/wp\/v2\/users\/1"}],"replies":[{"embeddable":true,"href":"https:\/\/lobosnews.com.ar\/index.php\/wp-json\/wp\/v2\/comments?post=32877"}],"version-history":[{"count":1,"href":"https:\/\/lobosnews.com.ar\/index.php\/wp-json\/wp\/v2\/posts\/32877\/revisions"}],"predecessor-version":[{"id":32884,"href":"https:\/\/lobosnews.com.ar\/index.php\/wp-json\/wp\/v2\/posts\/32877\/revisions\/32884"}],"wp:featuredmedia":[{"embeddable":true,"href":"https:\/\/lobosnews.com.ar\/index.php\/wp-json\/wp\/v2\/media\/32885"}],"wp:attachment":[{"href":"https:\/\/lobosnews.com.ar\/index.php\/wp-json\/wp\/v2\/media?parent=32877"}],"wp:term":[{"taxonomy":"category","embeddable":true,"href":"https:\/\/lobosnews.com.ar\/index.php\/wp-json\/wp\/v2\/categories?post=32877"},{"taxonomy":"post_tag","embeddable":true,"href":"https:\/\/lobosnews.com.ar\/index.php\/wp-json\/wp\/v2\/tags?post=32877"}],"curies":[{"name":"wp","href":"https:\/\/api.w.org\/{rel}","templated":true}]}}