{"id":32873,"date":"2026-03-13T14:53:50","date_gmt":"2026-03-13T14:53:50","guid":{"rendered":"https:\/\/lobosnews.com.ar\/index.php\/2026\/03\/13\/el-narco-sebastian-marset-fue-detenido-en-un-operativo-policial-en-santa-cruz-de-la-sierra\/"},"modified":"2026-03-13T15:00:42","modified_gmt":"2026-03-13T15:00:42","slug":"el-narco-sebastian-marset-fue-detenido-en-un-operativo-policial-en-santa-cruz-de-la-sierra","status":"publish","type":"post","link":"https:\/\/lobosnews.com.ar\/index.php\/2026\/03\/13\/el-narco-sebastian-marset-fue-detenido-en-un-operativo-policial-en-santa-cruz-de-la-sierra\/","title":{"rendered":"El narco Sebasti\u00e1n Marset fue detenido en un operativo policial en Santa Cruz de la Sierra"},"content":{"rendered":"<p><img fetchpriority=\"high\" decoding=\"async\" src=\"https:\/\/lobosnews.com.ar\/wp-content\/uploads\/2026\/03\/el-narco-sebastian-marset-fue-detenido-en-un-operativo-policial-en-santa-cruz-de-la-sierra.jpg\" alt=\"Sebasti\u00e1n Marset es capturado en Bolivia el 13 de marzo de 2026, sentado en una mesa con agentes de seguridad que revisan documentos durante el operativo.\" height=\"1080\" width=\"1920\"\/><\/p>\n<p>La Polic\u00eda boliviana arrest\u00f3 este viernes al narcotraficante uruguayo <b>Sebasti\u00e1n Marset <\/b>en un operativo policial realizado la madrugada de este martes en el barrio <b>Las Palmas <\/b>de <b>Santa Cruz de la Sierra<\/b>. <\/p>\n<p>Si bien las autoridades de Gobierno a\u00fan no emitieron un informe oficial, fuentes policiales confirmaron a <i><b>Infobae<\/b><\/i><i> <\/i>la captura del narcotraficante.<\/p>\n<p>El operativo, realizado con agentes de la <b>Fuerza Especial Contra el Narcotr\u00e1fico <\/b>y la <b>Unidad T\u00e1ctica de Operaciones Policiales <\/b>(UTOP), inici\u00f3 a las 2:30 de la ma\u00f1ana. A las 8:30,hora local, el Ministerio de Gobierno inform\u00f3 el traslado de 200 polic\u00edas de \u00e9lite desde El Alto hacia Santa Cruz, para apoyar el resguardo policial.<\/p>\n<p>En im\u00e1genes difundidas por medios locales se observa a polic\u00edas fuertemente armados salir de una vivienda de color blanco y custodiando a cuatro personas enmanilladas. Se presume que <b>los detenidos eran parte de su equipo de seguridad<\/b>.<\/p>\n<p>Marset, de nacionalidad uruguaya, era <b>uno de los narcotraficantes m\u00e1s buscados de Sudam\u00e9rica <\/b>en los \u00faltimos a\u00f1os. Se lo acusa principalmente de liderar una red internacional de tr\u00e1fico de coca\u00edna y lavado de dinero que opera entre Bolivia, Paraguay, Uruguay y Europa.<\/p>\n<p>En<b> 2023 escap\u00f3 de un operativo policial en Santa Cruz de la Sierra<\/b>, donde llev\u00f3 una vida p\u00fablica con otra identidad. Desde ese operativo del que logr\u00f3 huir, se desconoc\u00eda su paradero. <\/p>\n","protected":false},"excerpt":{"rendered":"<p>La Polic\u00eda boliviana arrest\u00f3 este viernes al narcotraficante uruguayo Sebasti\u00e1n Marset en un operativo policial realizado la madrugada de este martes en el barrio Las Palmas de Santa Cruz de la Sierra. Si bien las autoridades de Gobierno a\u00fan no emitieron un informe oficial, fuentes policiales confirmaron a Infobae la captura del narcotraficante. El operativo,&#8230;<\/p>\n","protected":false},"author":1,"featured_media":32876,"comment_status":"open","ping_status":"closed","sticky":false,"template":"","format":"standard","meta":{"_jetpack_memberships_contains_paid_content":false,"footnotes":""},"categories":[31],"tags":[],"class_list":["post-32873","post","type-post","status-publish","format-standard","has-post-thumbnail","hentry","category-actualidad"],"magazineBlocksPostFeaturedMedia":{"thumbnail":"https:\/\/lobosnews.com.ar\/wp-content\/uploads\/2026\/03\/el-narco-sebastian-marset-fue-detenido-en-un-operativo-policial-en-santa-cruz-de-la-sierra-150x150.jpg","medium":"https:\/\/lobosnews.com.ar\/wp-content\/uploads\/2026\/03\/el-narco-sebastian-marset-fue-detenido-en-un-operativo-policial-en-santa-cruz-de-la-sierra-300x169.jpg","medium_large":"https:\/\/lobosnews.com.ar\/wp-content\/uploads\/2026\/03\/el-narco-sebastian-marset-fue-detenido-en-un-operativo-policial-en-santa-cruz-de-la-sierra-768x432.jpg","large":"https:\/\/lobosnews.com.ar\/wp-content\/uploads\/2026\/03\/el-narco-sebastian-marset-fue-detenido-en-un-operativo-policial-en-santa-cruz-de-la-sierra-1024x576.jpg","1536x1536":"https:\/\/lobosnews.com.ar\/wp-content\/uploads\/2026\/03\/el-narco-sebastian-marset-fue-detenido-en-un-operativo-policial-en-santa-cruz-de-la-sierra-1536x864.jpg","2048x2048":"https:\/\/lobosnews.com.ar\/wp-content\/uploads\/2026\/03\/el-narco-sebastian-marset-fue-detenido-en-un-operativo-policial-en-santa-cruz-de-la-sierra.jpg","newsmatic-featured":"https:\/\/lobosnews.com.ar\/wp-content\/uploads\/2026\/03\/el-narco-sebastian-marset-fue-detenido-en-un-operativo-policial-en-santa-cruz-de-la-sierra-820x545.jpg","newsmatic-list":"https:\/\/lobosnews.com.ar\/wp-content\/uploads\/2026\/03\/el-narco-sebastian-marset-fue-detenido-en-un-operativo-policial-en-santa-cruz-de-la-sierra-600x400.jpg","newsmatic-thumb":"https:\/\/lobosnews.com.ar\/wp-content\/uploads\/2026\/03\/el-narco-sebastian-marset-fue-detenido-en-un-operativo-policial-en-santa-cruz-de-la-sierra-300x200.jpg","newsmatic-small":"https:\/\/lobosnews.com.ar\/wp-content\/uploads\/2026\/03\/el-narco-sebastian-marset-fue-detenido-en-un-operativo-policial-en-santa-cruz-de-la-sierra-150x95.jpg","newsmatic-grid":"https:\/\/lobosnews.com.ar\/wp-content\/uploads\/2026\/03\/el-narco-sebastian-marset-fue-detenido-en-un-operativo-policial-en-santa-cruz-de-la-sierra-400x250.jpg"},"magazineBlocksPostAuthor":{"name":"admin","avatar":"https:\/\/secure.gravatar.com\/avatar\/76e419471a2083bc3ceab22a763dbbf9b0c1bd15a6214cf3280e2c2dde4580f9?s=96&d=mm&r=g"},"magazineBlocksPostCommentsNumber":"0","magazineBlocksPostExcerpt":"La Polic\u00eda boliviana arrest\u00f3 este viernes al narcotraficante uruguayo Sebasti\u00e1n Marset en un operativo policial realizado la madrugada de este martes en el barrio Las Palmas de Santa Cruz de la Sierra. Si bien las autoridades de Gobierno a\u00fan no emitieron un informe oficial, fuentes policiales confirmaron a Infobae la captura del narcotraficante. El operativo,...","magazineBlocksPostCategories":["Actualidad"],"magazineBlocksPostViewCount":93,"magazineBlocksPostReadTime":2,"magazine_blocks_featured_image_url":{"full":["https:\/\/lobosnews.com.ar\/wp-content\/uploads\/2026\/03\/el-narco-sebastian-marset-fue-detenido-en-un-operativo-policial-en-santa-cruz-de-la-sierra.jpg",1920,1080,false],"medium":["https:\/\/lobosnews.com.ar\/wp-content\/uploads\/2026\/03\/el-narco-sebastian-marset-fue-detenido-en-un-operativo-policial-en-santa-cruz-de-la-sierra-300x169.jpg",300,169,true],"thumbnail":["https:\/\/lobosnews.com.ar\/wp-content\/uploads\/2026\/03\/el-narco-sebastian-marset-fue-detenido-en-un-operativo-policial-en-santa-cruz-de-la-sierra-150x150.jpg",150,150,true]},"magazine_blocks_author":{"display_name":"admin","author_link":"https:\/\/lobosnews.com.ar\/index.php\/author\/lobos-news\/"},"magazine_blocks_comment":0,"magazine_blocks_author_image":"https:\/\/secure.gravatar.com\/avatar\/76e419471a2083bc3ceab22a763dbbf9b0c1bd15a6214cf3280e2c2dde4580f9?s=96&d=mm&r=g","magazine_blocks_category":"<a href=\"#\" class=\"category-link category-link-31\">Actualidad<\/a>","yoast_head":"<!-- This site is optimized with the Yoast SEO plugin v26.6 - https:\/\/yoast.com\/wordpress\/plugins\/seo\/ -->\n<title>El narco Sebasti\u00e1n Marset fue detenido en un operativo policial en Santa Cruz de la Sierra - Lobos News<\/title>\n<meta name=\"robots\" content=\"index, follow, max-snippet:-1, max-image-preview:large, max-video-preview:-1\" \/>\n<link rel=\"canonical\" href=\"https:\/\/lobosnews.com.ar\/index.php\/2026\/03\/13\/el-narco-sebastian-marset-fue-detenido-en-un-operativo-policial-en-santa-cruz-de-la-sierra\/\" \/>\n<meta property=\"og:locale\" content=\"es_ES\" \/>\n<meta property=\"og:type\" content=\"article\" \/>\n<meta property=\"og:title\" content=\"El narco Sebasti\u00e1n Marset fue detenido en un operativo policial en Santa Cruz de la Sierra - Lobos News\" \/>\n<meta property=\"og:description\" content=\"La Polic\u00eda boliviana arrest\u00f3 este viernes al narcotraficante uruguayo Sebasti\u00e1n Marset en un operativo policial realizado la madrugada de este martes en el barrio Las Palmas de Santa Cruz de la Sierra. Si bien las autoridades de Gobierno a\u00fan no emitieron un informe oficial, fuentes policiales confirmaron a Infobae la captura del narcotraficante. El operativo,...\" \/>\n<meta property=\"og:url\" content=\"https:\/\/lobosnews.com.ar\/index.php\/2026\/03\/13\/el-narco-sebastian-marset-fue-detenido-en-un-operativo-policial-en-santa-cruz-de-la-sierra\/\" \/>\n<meta property=\"og:site_name\" content=\"Lobos News\" \/>\n<meta property=\"article:published_time\" content=\"2026-03-13T14:53:50+00:00\" \/>\n<meta property=\"article:modified_time\" content=\"2026-03-13T15:00:42+00:00\" \/>\n<meta property=\"og:image\" content=\"https:\/\/lobosnews.com.ar\/wp-content\/uploads\/2026\/03\/el-narco-sebastian-marset-fue-detenido-en-un-operativo-policial-en-santa-cruz-de-la-sierra.jpg\" \/>\n<meta name=\"author\" content=\"admin\" \/>\n<meta name=\"twitter:card\" content=\"summary_large_image\" \/>\n<meta name=\"twitter:label1\" content=\"Escrito por\" \/>\n\t<meta name=\"twitter:data1\" content=\"admin\" \/>\n\t<meta name=\"twitter:label2\" content=\"Tiempo de lectura\" \/>\n\t<meta name=\"twitter:data2\" content=\"1 minuto\" \/>\n<script type=\"application\/ld+json\" class=\"yoast-schema-graph\">{\"@context\":\"https:\/\/schema.org\",\"@graph\":[{\"@type\":\"Article\",\"@id\":\"https:\/\/lobosnews.com.ar\/index.php\/2026\/03\/13\/el-narco-sebastian-marset-fue-detenido-en-un-operativo-policial-en-santa-cruz-de-la-sierra\/#article\",\"isPartOf\":{\"@id\":\"https:\/\/lobosnews.com.ar\/index.php\/2026\/03\/13\/el-narco-sebastian-marset-fue-detenido-en-un-operativo-policial-en-santa-cruz-de-la-sierra\/\"},\"author\":{\"name\":\"admin\",\"@id\":\"https:\/\/lobosnews.com.ar\/#\/schema\/person\/232422a593d5c541dd9aef6aaed10943\"},\"headline\":\"El narco Sebasti\u00e1n Marset fue detenido en un operativo policial en Santa Cruz de la Sierra\",\"datePublished\":\"2026-03-13T14:53:50+00:00\",\"dateModified\":\"2026-03-13T15:00:42+00:00\",\"mainEntityOfPage\":{\"@id\":\"https:\/\/lobosnews.com.ar\/index.php\/2026\/03\/13\/el-narco-sebastian-marset-fue-detenido-en-un-operativo-policial-en-santa-cruz-de-la-sierra\/\"},\"wordCount\":248,\"commentCount\":0,\"publisher\":{\"@id\":\"https:\/\/lobosnews.com.ar\/#organization\"},\"image\":{\"@id\":\"https:\/\/lobosnews.com.ar\/index.php\/2026\/03\/13\/el-narco-sebastian-marset-fue-detenido-en-un-operativo-policial-en-santa-cruz-de-la-sierra\/#primaryimage\"},\"thumbnailUrl\":\"https:\/\/lobosnews.com.ar\/wp-content\/uploads\/2026\/03\/el-narco-sebastian-marset-fue-detenido-en-un-operativo-policial-en-santa-cruz-de-la-sierra.jpg\",\"articleSection\":[\"Actualidad\"],\"inLanguage\":\"es\",\"potentialAction\":[{\"@type\":\"CommentAction\",\"name\":\"Comment\",\"target\":[\"https:\/\/lobosnews.com.ar\/index.php\/2026\/03\/13\/el-narco-sebastian-marset-fue-detenido-en-un-operativo-policial-en-santa-cruz-de-la-sierra\/#respond\"]}]},{\"@type\":\"WebPage\",\"@id\":\"https:\/\/lobosnews.com.ar\/index.php\/2026\/03\/13\/el-narco-sebastian-marset-fue-detenido-en-un-operativo-policial-en-santa-cruz-de-la-sierra\/\",\"url\":\"https:\/\/lobosnews.com.ar\/index.php\/2026\/03\/13\/el-narco-sebastian-marset-fue-detenido-en-un-operativo-policial-en-santa-cruz-de-la-sierra\/\",\"name\":\"El narco Sebasti\u00e1n Marset fue detenido en un operativo policial en Santa Cruz de la Sierra - Lobos News\",\"isPartOf\":{\"@id\":\"https:\/\/lobosnews.com.ar\/#website\"},\"primaryImageOfPage\":{\"@id\":\"https:\/\/lobosnews.com.ar\/index.php\/2026\/03\/13\/el-narco-sebastian-marset-fue-detenido-en-un-operativo-policial-en-santa-cruz-de-la-sierra\/#primaryimage\"},\"image\":{\"@id\":\"https:\/\/lobosnews.com.ar\/index.php\/2026\/03\/13\/el-narco-sebastian-marset-fue-detenido-en-un-operativo-policial-en-santa-cruz-de-la-sierra\/#primaryimage\"},\"thumbnailUrl\":\"https:\/\/lobosnews.com.ar\/wp-content\/uploads\/2026\/03\/el-narco-sebastian-marset-fue-detenido-en-un-operativo-policial-en-santa-cruz-de-la-sierra.jpg\",\"datePublished\":\"2026-03-13T14:53:50+00:00\",\"dateModified\":\"2026-03-13T15:00:42+00:00\",\"breadcrumb\":{\"@id\":\"https:\/\/lobosnews.com.ar\/index.php\/2026\/03\/13\/el-narco-sebastian-marset-fue-detenido-en-un-operativo-policial-en-santa-cruz-de-la-sierra\/#breadcrumb\"},\"inLanguage\":\"es\",\"potentialAction\":[{\"@type\":\"ReadAction\",\"target\":[\"https:\/\/lobosnews.com.ar\/index.php\/2026\/03\/13\/el-narco-sebastian-marset-fue-detenido-en-un-operativo-policial-en-santa-cruz-de-la-sierra\/\"]}]},{\"@type\":\"ImageObject\",\"inLanguage\":\"es\",\"@id\":\"https:\/\/lobosnews.com.ar\/index.php\/2026\/03\/13\/el-narco-sebastian-marset-fue-detenido-en-un-operativo-policial-en-santa-cruz-de-la-sierra\/#primaryimage\",\"url\":\"https:\/\/lobosnews.com.ar\/wp-content\/uploads\/2026\/03\/el-narco-sebastian-marset-fue-detenido-en-un-operativo-policial-en-santa-cruz-de-la-sierra.jpg\",\"contentUrl\":\"https:\/\/lobosnews.com.ar\/wp-content\/uploads\/2026\/03\/el-narco-sebastian-marset-fue-detenido-en-un-operativo-policial-en-santa-cruz-de-la-sierra.jpg\",\"width\":1920,\"height\":1080,\"caption\":\"El narco Sebasti\u00e1n Marset fue detenido en un operativo policial en Santa Cruz de la Sierra\"},{\"@type\":\"BreadcrumbList\",\"@id\":\"https:\/\/lobosnews.com.ar\/index.php\/2026\/03\/13\/el-narco-sebastian-marset-fue-detenido-en-un-operativo-policial-en-santa-cruz-de-la-sierra\/#breadcrumb\",\"itemListElement\":[{\"@type\":\"ListItem\",\"position\":1,\"name\":\"Portada\",\"item\":\"https:\/\/lobosnews.com.ar\/\"},{\"@type\":\"ListItem\",\"position\":2,\"name\":\"El narco Sebasti\u00e1n Marset fue detenido en un operativo policial en Santa Cruz de la Sierra\"}]},{\"@type\":\"WebSite\",\"@id\":\"https:\/\/lobosnews.com.ar\/#website\",\"url\":\"https:\/\/lobosnews.com.ar\/\",\"name\":\"Lobos News\",\"description\":\"Informaci\u00f3n a cada instante\",\"publisher\":{\"@id\":\"https:\/\/lobosnews.com.ar\/#organization\"},\"potentialAction\":[{\"@type\":\"SearchAction\",\"target\":{\"@type\":\"EntryPoint\",\"urlTemplate\":\"https:\/\/lobosnews.com.ar\/?s={search_term_string}\"},\"query-input\":{\"@type\":\"PropertyValueSpecification\",\"valueRequired\":true,\"valueName\":\"search_term_string\"}}],\"inLanguage\":\"es\"},{\"@type\":\"Organization\",\"@id\":\"https:\/\/lobosnews.com.ar\/#organization\",\"name\":\"Lobos News\",\"url\":\"https:\/\/lobosnews.com.ar\/\",\"logo\":{\"@type\":\"ImageObject\",\"inLanguage\":\"es\",\"@id\":\"https:\/\/lobosnews.com.ar\/#\/schema\/logo\/image\/\",\"url\":\"https:\/\/lobosnews.com.ar\/wp-content\/uploads\/2026\/01\/logo-lobosnews.png\",\"contentUrl\":\"https:\/\/lobosnews.com.ar\/wp-content\/uploads\/2026\/01\/logo-lobosnews.png\",\"width\":500,\"height\":200,\"caption\":\"Lobos News\"},\"image\":{\"@id\":\"https:\/\/lobosnews.com.ar\/#\/schema\/logo\/image\/\"}},{\"@type\":\"Person\",\"@id\":\"https:\/\/lobosnews.com.ar\/#\/schema\/person\/232422a593d5c541dd9aef6aaed10943\",\"name\":\"admin\",\"image\":{\"@type\":\"ImageObject\",\"inLanguage\":\"es\",\"@id\":\"https:\/\/lobosnews.com.ar\/#\/schema\/person\/image\/\",\"url\":\"https:\/\/secure.gravatar.com\/avatar\/76e419471a2083bc3ceab22a763dbbf9b0c1bd15a6214cf3280e2c2dde4580f9?s=96&d=mm&r=g\",\"contentUrl\":\"https:\/\/secure.gravatar.com\/avatar\/76e419471a2083bc3ceab22a763dbbf9b0c1bd15a6214cf3280e2c2dde4580f9?s=96&d=mm&r=g\",\"caption\":\"admin\"},\"sameAs\":[\"https:\/\/lobosnews.com.ar\"],\"url\":\"https:\/\/lobosnews.com.ar\/index.php\/author\/lobos-news\/\"}]}<\/script>\n<!-- \/ Yoast SEO plugin. -->","yoast_head_json":{"title":"El narco Sebasti\u00e1n Marset fue detenido en un operativo policial en Santa Cruz de la Sierra - Lobos News","robots":{"index":"index","follow":"follow","max-snippet":"max-snippet:-1","max-image-preview":"max-image-preview:large","max-video-preview":"max-video-preview:-1"},"canonical":"https:\/\/lobosnews.com.ar\/index.php\/2026\/03\/13\/el-narco-sebastian-marset-fue-detenido-en-un-operativo-policial-en-santa-cruz-de-la-sierra\/","og_locale":"es_ES","og_type":"article","og_title":"El narco Sebasti\u00e1n Marset fue detenido en un operativo policial en Santa Cruz de la Sierra - Lobos News","og_description":"La Polic\u00eda boliviana arrest\u00f3 este viernes al narcotraficante uruguayo Sebasti\u00e1n Marset en un operativo policial realizado la madrugada de este martes en el barrio Las Palmas de Santa Cruz de la Sierra. Si bien las autoridades de Gobierno a\u00fan no emitieron un informe oficial, fuentes policiales confirmaron a Infobae la captura del narcotraficante. El operativo,...","og_url":"https:\/\/lobosnews.com.ar\/index.php\/2026\/03\/13\/el-narco-sebastian-marset-fue-detenido-en-un-operativo-policial-en-santa-cruz-de-la-sierra\/","og_site_name":"Lobos News","article_published_time":"2026-03-13T14:53:50+00:00","article_modified_time":"2026-03-13T15:00:42+00:00","og_image":[{"url":"https:\/\/lobosnews.com.ar\/wp-content\/uploads\/2026\/03\/el-narco-sebastian-marset-fue-detenido-en-un-operativo-policial-en-santa-cruz-de-la-sierra.jpg","type":"","width":"","height":""}],"author":"admin","twitter_card":"summary_large_image","twitter_misc":{"Escrito por":"admin","Tiempo de lectura":"1 minuto"},"schema":{"@context":"https:\/\/schema.org","@graph":[{"@type":"Article","@id":"https:\/\/lobosnews.com.ar\/index.php\/2026\/03\/13\/el-narco-sebastian-marset-fue-detenido-en-un-operativo-policial-en-santa-cruz-de-la-sierra\/#article","isPartOf":{"@id":"https:\/\/lobosnews.com.ar\/index.php\/2026\/03\/13\/el-narco-sebastian-marset-fue-detenido-en-un-operativo-policial-en-santa-cruz-de-la-sierra\/"},"author":{"name":"admin","@id":"https:\/\/lobosnews.com.ar\/#\/schema\/person\/232422a593d5c541dd9aef6aaed10943"},"headline":"El narco Sebasti\u00e1n Marset fue detenido en un operativo policial en Santa Cruz de la Sierra","datePublished":"2026-03-13T14:53:50+00:00","dateModified":"2026-03-13T15:00:42+00:00","mainEntityOfPage":{"@id":"https:\/\/lobosnews.com.ar\/index.php\/2026\/03\/13\/el-narco-sebastian-marset-fue-detenido-en-un-operativo-policial-en-santa-cruz-de-la-sierra\/"},"wordCount":248,"commentCount":0,"publisher":{"@id":"https:\/\/lobosnews.com.ar\/#organization"},"image":{"@id":"https:\/\/lobosnews.com.ar\/index.php\/2026\/03\/13\/el-narco-sebastian-marset-fue-detenido-en-un-operativo-policial-en-santa-cruz-de-la-sierra\/#primaryimage"},"thumbnailUrl":"https:\/\/lobosnews.com.ar\/wp-content\/uploads\/2026\/03\/el-narco-sebastian-marset-fue-detenido-en-un-operativo-policial-en-santa-cruz-de-la-sierra.jpg","articleSection":["Actualidad"],"inLanguage":"es","potentialAction":[{"@type":"CommentAction","name":"Comment","target":["https:\/\/lobosnews.com.ar\/index.php\/2026\/03\/13\/el-narco-sebastian-marset-fue-detenido-en-un-operativo-policial-en-santa-cruz-de-la-sierra\/#respond"]}]},{"@type":"WebPage","@id":"https:\/\/lobosnews.com.ar\/index.php\/2026\/03\/13\/el-narco-sebastian-marset-fue-detenido-en-un-operativo-policial-en-santa-cruz-de-la-sierra\/","url":"https:\/\/lobosnews.com.ar\/index.php\/2026\/03\/13\/el-narco-sebastian-marset-fue-detenido-en-un-operativo-policial-en-santa-cruz-de-la-sierra\/","name":"El narco Sebasti\u00e1n Marset fue detenido en un operativo policial en Santa Cruz de la Sierra - Lobos News","isPartOf":{"@id":"https:\/\/lobosnews.com.ar\/#website"},"primaryImageOfPage":{"@id":"https:\/\/lobosnews.com.ar\/index.php\/2026\/03\/13\/el-narco-sebastian-marset-fue-detenido-en-un-operativo-policial-en-santa-cruz-de-la-sierra\/#primaryimage"},"image":{"@id":"https:\/\/lobosnews.com.ar\/index.php\/2026\/03\/13\/el-narco-sebastian-marset-fue-detenido-en-un-operativo-policial-en-santa-cruz-de-la-sierra\/#primaryimage"},"thumbnailUrl":"https:\/\/lobosnews.com.ar\/wp-content\/uploads\/2026\/03\/el-narco-sebastian-marset-fue-detenido-en-un-operativo-policial-en-santa-cruz-de-la-sierra.jpg","datePublished":"2026-03-13T14:53:50+00:00","dateModified":"2026-03-13T15:00:42+00:00","breadcrumb":{"@id":"https:\/\/lobosnews.com.ar\/index.php\/2026\/03\/13\/el-narco-sebastian-marset-fue-detenido-en-un-operativo-policial-en-santa-cruz-de-la-sierra\/#breadcrumb"},"inLanguage":"es","potentialAction":[{"@type":"ReadAction","target":["https:\/\/lobosnews.com.ar\/index.php\/2026\/03\/13\/el-narco-sebastian-marset-fue-detenido-en-un-operativo-policial-en-santa-cruz-de-la-sierra\/"]}]},{"@type":"ImageObject","inLanguage":"es","@id":"https:\/\/lobosnews.com.ar\/index.php\/2026\/03\/13\/el-narco-sebastian-marset-fue-detenido-en-un-operativo-policial-en-santa-cruz-de-la-sierra\/#primaryimage","url":"https:\/\/lobosnews.com.ar\/wp-content\/uploads\/2026\/03\/el-narco-sebastian-marset-fue-detenido-en-un-operativo-policial-en-santa-cruz-de-la-sierra.jpg","contentUrl":"https:\/\/lobosnews.com.ar\/wp-content\/uploads\/2026\/03\/el-narco-sebastian-marset-fue-detenido-en-un-operativo-policial-en-santa-cruz-de-la-sierra.jpg","width":1920,"height":1080,"caption":"El narco Sebasti\u00e1n Marset fue detenido en un operativo policial en Santa Cruz de la Sierra"},{"@type":"BreadcrumbList","@id":"https:\/\/lobosnews.com.ar\/index.php\/2026\/03\/13\/el-narco-sebastian-marset-fue-detenido-en-un-operativo-policial-en-santa-cruz-de-la-sierra\/#breadcrumb","itemListElement":[{"@type":"ListItem","position":1,"name":"Portada","item":"https:\/\/lobosnews.com.ar\/"},{"@type":"ListItem","position":2,"name":"El narco Sebasti\u00e1n Marset fue detenido en un operativo policial en Santa Cruz de la Sierra"}]},{"@type":"WebSite","@id":"https:\/\/lobosnews.com.ar\/#website","url":"https:\/\/lobosnews.com.ar\/","name":"Lobos News","description":"Informaci\u00f3n a cada instante","publisher":{"@id":"https:\/\/lobosnews.com.ar\/#organization"},"potentialAction":[{"@type":"SearchAction","target":{"@type":"EntryPoint","urlTemplate":"https:\/\/lobosnews.com.ar\/?s={search_term_string}"},"query-input":{"@type":"PropertyValueSpecification","valueRequired":true,"valueName":"search_term_string"}}],"inLanguage":"es"},{"@type":"Organization","@id":"https:\/\/lobosnews.com.ar\/#organization","name":"Lobos News","url":"https:\/\/lobosnews.com.ar\/","logo":{"@type":"ImageObject","inLanguage":"es","@id":"https:\/\/lobosnews.com.ar\/#\/schema\/logo\/image\/","url":"https:\/\/lobosnews.com.ar\/wp-content\/uploads\/2026\/01\/logo-lobosnews.png","contentUrl":"https:\/\/lobosnews.com.ar\/wp-content\/uploads\/2026\/01\/logo-lobosnews.png","width":500,"height":200,"caption":"Lobos News"},"image":{"@id":"https:\/\/lobosnews.com.ar\/#\/schema\/logo\/image\/"}},{"@type":"Person","@id":"https:\/\/lobosnews.com.ar\/#\/schema\/person\/232422a593d5c541dd9aef6aaed10943","name":"admin","image":{"@type":"ImageObject","inLanguage":"es","@id":"https:\/\/lobosnews.com.ar\/#\/schema\/person\/image\/","url":"https:\/\/secure.gravatar.com\/avatar\/76e419471a2083bc3ceab22a763dbbf9b0c1bd15a6214cf3280e2c2dde4580f9?s=96&d=mm&r=g","contentUrl":"https:\/\/secure.gravatar.com\/avatar\/76e419471a2083bc3ceab22a763dbbf9b0c1bd15a6214cf3280e2c2dde4580f9?s=96&d=mm&r=g","caption":"admin"},"sameAs":["https:\/\/lobosnews.com.ar"],"url":"https:\/\/lobosnews.com.ar\/index.php\/author\/lobos-news\/"}]}},"jetpack_featured_media_url":"https:\/\/lobosnews.com.ar\/wp-content\/uploads\/2026\/03\/el-narco-sebastian-marset-fue-detenido-en-un-operativo-policial-en-santa-cruz-de-la-sierra.jpg","jetpack_sharing_enabled":true,"_links":{"self":[{"href":"https:\/\/lobosnews.com.ar\/index.php\/wp-json\/wp\/v2\/posts\/32873","targetHints":{"allow":["GET"]}}],"collection":[{"href":"https:\/\/lobosnews.com.ar\/index.php\/wp-json\/wp\/v2\/posts"}],"about":[{"href":"https:\/\/lobosnews.com.ar\/index.php\/wp-json\/wp\/v2\/types\/post"}],"author":[{"embeddable":true,"href":"https:\/\/lobosnews.com.ar\/index.php\/wp-json\/wp\/v2\/users\/1"}],"replies":[{"embeddable":true,"href":"https:\/\/lobosnews.com.ar\/index.php\/wp-json\/wp\/v2\/comments?post=32873"}],"version-history":[{"count":1,"href":"https:\/\/lobosnews.com.ar\/index.php\/wp-json\/wp\/v2\/posts\/32873\/revisions"}],"predecessor-version":[{"id":32875,"href":"https:\/\/lobosnews.com.ar\/index.php\/wp-json\/wp\/v2\/posts\/32873\/revisions\/32875"}],"wp:featuredmedia":[{"embeddable":true,"href":"https:\/\/lobosnews.com.ar\/index.php\/wp-json\/wp\/v2\/media\/32876"}],"wp:attachment":[{"href":"https:\/\/lobosnews.com.ar\/index.php\/wp-json\/wp\/v2\/media?parent=32873"}],"wp:term":[{"taxonomy":"category","embeddable":true,"href":"https:\/\/lobosnews.com.ar\/index.php\/wp-json\/wp\/v2\/categories?post=32873"},{"taxonomy":"post_tag","embeddable":true,"href":"https:\/\/lobosnews.com.ar\/index.php\/wp-json\/wp\/v2\/tags?post=32873"}],"curies":[{"name":"wp","href":"https:\/\/api.w.org\/{rel}","templated":true}]}}