{"id":3281,"date":"2026-01-07T16:02:43","date_gmt":"2026-01-07T16:02:43","guid":{"rendered":"https:\/\/lobosnews.com.ar\/index.php\/2026\/01\/07\/la-palabra-de-romina-gaetani-tras-denunciar-a-su-exnovio-por-violencia-de-genero-me-redujo-y-me-volvio-chiquita\/"},"modified":"2026-01-07T21:59:44","modified_gmt":"2026-01-07T21:59:44","slug":"la-palabra-de-romina-gaetani-tras-denunciar-a-su-exnovio-por-violencia-de-genero-me-redujo-y-me-volvio-chiquita","status":"publish","type":"post","link":"https:\/\/lobosnews.com.ar\/index.php\/2026\/01\/07\/la-palabra-de-romina-gaetani-tras-denunciar-a-su-exnovio-por-violencia-de-genero-me-redujo-y-me-volvio-chiquita\/","title":{"rendered":"La palabra de Romina Gaetani tras denunciar a su exnovio por violencia de g\u00e9nero: \u201cMe redujo y me volvi\u00f3 chiquita\u201d"},"content":{"rendered":"<p>Hace una semana,<b> <\/b><span class=\"waslinkname\"><b>Romina Gaetani<\/b><\/span> cont\u00f3 que fue<span class=\"waslinkname\"> v\u00edctima de violencia de g\u00e9nero<\/span> por parte de su expareja, <b>Luis Cavanagh<\/b>. El episodio la llev\u00f3 a estar internada y a tomar la decisi\u00f3n de<span class=\"waslinkname\"> denunciarlo ante la justicia<\/span>. En este contexto, tambi\u00e9n <span class=\"waslinkname\">regreso a los escenarios con un show <\/span>y le envi\u00f3 un mensaje a <b>Mar\u00eda Fernanda Callej\u00f3n, <\/b>que la actriz<b> <\/b>ley\u00f3 al aire de<i> La Ma\u00f1ana con Moria <\/i>(El Trece), luego de someterse a una pericia psiqui\u00e1trica y ampliar la denuncia.<\/p>\n<p>Callej\u00f3n, amiga de la actriz, ley\u00f3 en el mensaje en el que Gaetani, que primero, le expres\u00f3 su admiraci\u00f3n a la conductora, adem\u00e1s de agradecerle la oportunidad de difundir su testimonio: \u201c<b>Quiero contarles que estoy rota.<\/b> Mi cabeza a\u00fan no encuentra las palabras para procesar todo,<b> para llegar a entender c\u00f3mo me dej\u00e9 poner las manos encima<\/b>\u201d. Y sigui\u00f3: \u201cAntes era verbal\u2026 Hechos de violencia, sobre todo verbales, que uno va calando, hasta que me redujo y me volvi\u00f3 chiquita\u00bb, comunic\u00f3 Romina a trav\u00e9s de Callej\u00f3n. <\/p>\n<p>Y continu\u00f3: \u201cLo que ya sabemos, pero a veces nos toca vivirlo y no lo podemos ver, porque a\u00fan lo amo y sufro por eso. <b>Fue desintegrando mi autoestima<\/b>. No era la primera vez que revisaba mi celular. Me controlaba. Manipulaciones. Hechos irreproducibles que ayer declar\u00e9 en su totalidad con lujo de detalles en mi pericia psiqui\u00e1trica\u201d, cerr\u00f3 el mensaje que envi\u00f3 la actriz de <i>Herederos de una venganza.<\/i><\/p>\n<p><img loading=\"lazy\" decoding=\"async\" src=\"https:\/\/lobosnews.com.ar\/wp-content\/uploads\/2026\/01\/la-palabra-de-romina-gaetani-tras-denunciar-a-su-exnovio-por-violencia-de-genero-me-redujo-y-me-volvio-chiquita.jpg\" alt=\"El hecho de violencia sucedi\u00f3 el lunes pasado por la noche \" height=\"1080\" width=\"1920\"\/><\/p>\n<p>Luego del mensaje, Fernanda explic\u00f3 que Romina termin\u00f3 pidiendo una perimetral y el bot\u00f3n de p\u00e1nico, cosa que <span class=\"waslinkname\">en un principio hab\u00eda rechazado<\/span>. Pese al dif\u00edcil momento, debi\u00f3 seguir adelante con sus compromisos laborales: \u201cEn el medio, ella ya ten\u00eda pautada la actuaci\u00f3n con La Bomba de Tiempo y que se atraviese una situaci\u00f3n de violencia de g\u00e9nero <b>no significa que el mundo se detenga. Vos segu\u00eds siendo la misma mujer<\/b>, <b>ten\u00e9s que salir a trabaja<\/b>r, cumplir con lo que ya estaba pautado\u201d, reflexion\u00f3 la actriz de <i>Viudas Negras<\/i>, y remarc\u00f3 el dolor por el juicio social y las cr\u00edticas que surgen en este tipo de situaciones.<\/p>\n<p>Durante la charla, Moria Cas\u00e1n y las dem\u00e1s panelistas debatieron sobre la dificultad de encajar con el estereotipo de v\u00edctima y el peso de las expectativas sociales, especialmente cuando la mujer afectada es exitosa y empoderada. Se hizo hincapi\u00e9 en que el hecho de que Gaetani haya interpretado la canci\u00f3n \u201cMalo\u201d -tema escrito por la espa\u00f1ola Bebe y popularizado en nuestro pa\u00eds como cortina de la serie <i>Mujeres asesinas-<\/i> no fue una referencia a su caso particular, sino una elecci\u00f3n art\u00edstica previa a la denuncia.<\/p>\n<p>El testimonio de Gaetani, le\u00eddo por su amiga y acompa\u00f1ado por la reflexi\u00f3n del equipo, puso en primer plano el dolor, el proceso judicial y medi\u00e1tico, y la necesidad de apoyo y comprensi\u00f3n para quienes atraviesan situaciones de violencia de g\u00e9nero. <\/p>\n<p>La actriz reapareci\u00f3 en p\u00fablico la noche del 5 de enero en el <b>Centro Cultural Konex<\/b>, en el barrio del Abasto. Subi\u00f3 al escenario junto al grupo <b>La Bomba de Tiempo <\/b>e interpret\u00f3, entre otros temas, <i>\u201cMalo\u201d<\/i>, compuesta por la artista espa\u00f1ola <b>Bebe<\/b>, un tema que muchos interpretaron como simb\u00f3lico y representativo de su momento personal.<\/p>\n<p>Esta presentaci\u00f3n tuvo lugar a menos de veinticuatro horas de la cita judicial, en la que se someti\u00f3 a un<span class=\"waslinkname\"> <b>informe de riesgo <\/b>en Centro de Asistencia a la V\u00edctima<\/span>, que depende del Ministerio P\u00fablico Fiscal. Durante el show, Gaetani no realiz\u00f3 declaraciones sobre la causa ni sobre su situaci\u00f3n personal. Opt\u00f3 por enfocarse \u00fanicamente en su papel como cantante, un compromiso que, asegur\u00f3, ten\u00eda pactado desde hace tiempo.<\/p>\n<p>El martes, la actriz se someti\u00f3 al informe de riesgo con las <b>psic\u00f3logas <\/b>del Centro de Asistencia a la V\u00edctima. No se trat\u00f3 de una pericia, sino de un encuentro para <b>evaluar en qu\u00e9 nivel de riesgo se encuentra<\/b>.<\/p>\n<p>\u201cHay mujeres en las que el riesgo es alt\u00edsimo, pero en su discurso no se dan cuenta de que est\u00e1n siendo v\u00edctimas de violencia g\u00e9nero. Entonces, las profesionales eval\u00faan esto: no hacen test ni nada por el estilo. <b>Es una entrevista con determinadas preguntas para verificar<\/b>\u201d, explicaron fuentes especializadas a<b> Infobae<\/b>.<\/p>\n","protected":false},"excerpt":{"rendered":"<p>Hace una semana, Romina Gaetani cont\u00f3 que fue v\u00edctima de violencia de g\u00e9nero por parte de su expareja, Luis Cavanagh. El episodio la llev\u00f3 a estar internada y a tomar la decisi\u00f3n de denunciarlo ante la justicia. En este contexto, tambi\u00e9n regreso a los escenarios con un show y le envi\u00f3 un mensaje a Mar\u00eda&#8230;<\/p>\n","protected":false},"author":1,"featured_media":3284,"comment_status":"open","ping_status":"closed","sticky":false,"template":"","format":"standard","meta":{"_jetpack_memberships_contains_paid_content":false,"footnotes":""},"categories":[79],"tags":[],"class_list":["post-3281","post","type-post","status-publish","format-standard","has-post-thumbnail","hentry","category-cine-y-series"],"magazineBlocksPostFeaturedMedia":{"thumbnail":"https:\/\/lobosnews.com.ar\/wp-content\/uploads\/2026\/01\/la-palabra-de-romina-gaetani-tras-denunciar-a-su-exnovio-por-violencia-de-genero-me-redujo-y-me-volvio-chiquita-150x150.jpg","medium":"https:\/\/lobosnews.com.ar\/wp-content\/uploads\/2026\/01\/la-palabra-de-romina-gaetani-tras-denunciar-a-su-exnovio-por-violencia-de-genero-me-redujo-y-me-volvio-chiquita-300x169.jpg","medium_large":"https:\/\/lobosnews.com.ar\/wp-content\/uploads\/2026\/01\/la-palabra-de-romina-gaetani-tras-denunciar-a-su-exnovio-por-violencia-de-genero-me-redujo-y-me-volvio-chiquita-768x432.jpg","large":"https:\/\/lobosnews.com.ar\/wp-content\/uploads\/2026\/01\/la-palabra-de-romina-gaetani-tras-denunciar-a-su-exnovio-por-violencia-de-genero-me-redujo-y-me-volvio-chiquita-1024x576.jpg","1536x1536":"https:\/\/lobosnews.com.ar\/wp-content\/uploads\/2026\/01\/la-palabra-de-romina-gaetani-tras-denunciar-a-su-exnovio-por-violencia-de-genero-me-redujo-y-me-volvio-chiquita-1536x864.jpg","2048x2048":"https:\/\/lobosnews.com.ar\/wp-content\/uploads\/2026\/01\/la-palabra-de-romina-gaetani-tras-denunciar-a-su-exnovio-por-violencia-de-genero-me-redujo-y-me-volvio-chiquita.jpg","newsmatic-featured":"https:\/\/lobosnews.com.ar\/wp-content\/uploads\/2026\/01\/la-palabra-de-romina-gaetani-tras-denunciar-a-su-exnovio-por-violencia-de-genero-me-redujo-y-me-volvio-chiquita-820x545.jpg","newsmatic-list":"https:\/\/lobosnews.com.ar\/wp-content\/uploads\/2026\/01\/la-palabra-de-romina-gaetani-tras-denunciar-a-su-exnovio-por-violencia-de-genero-me-redujo-y-me-volvio-chiquita-600x400.jpg","newsmatic-thumb":"https:\/\/lobosnews.com.ar\/wp-content\/uploads\/2026\/01\/la-palabra-de-romina-gaetani-tras-denunciar-a-su-exnovio-por-violencia-de-genero-me-redujo-y-me-volvio-chiquita-300x200.jpg","newsmatic-small":"https:\/\/lobosnews.com.ar\/wp-content\/uploads\/2026\/01\/la-palabra-de-romina-gaetani-tras-denunciar-a-su-exnovio-por-violencia-de-genero-me-redujo-y-me-volvio-chiquita-150x95.jpg","newsmatic-grid":"https:\/\/lobosnews.com.ar\/wp-content\/uploads\/2026\/01\/la-palabra-de-romina-gaetani-tras-denunciar-a-su-exnovio-por-violencia-de-genero-me-redujo-y-me-volvio-chiquita-400x250.jpg"},"magazineBlocksPostAuthor":{"name":"admin","avatar":"https:\/\/secure.gravatar.com\/avatar\/76e419471a2083bc3ceab22a763dbbf9b0c1bd15a6214cf3280e2c2dde4580f9?s=96&d=mm&r=g"},"magazineBlocksPostCommentsNumber":"0","magazineBlocksPostExcerpt":"Hace una semana, Romina Gaetani cont\u00f3 que fue v\u00edctima de violencia de g\u00e9nero por parte de su expareja, Luis Cavanagh. El episodio la llev\u00f3 a estar internada y a tomar la decisi\u00f3n de denunciarlo ante la justicia. En este contexto, tambi\u00e9n regreso a los escenarios con un show y le envi\u00f3 un mensaje a Mar\u00eda...","magazineBlocksPostCategories":["Cine y Series"],"magazineBlocksPostViewCount":188,"magazineBlocksPostReadTime":4,"magazine_blocks_featured_image_url":{"full":["https:\/\/lobosnews.com.ar\/wp-content\/uploads\/2026\/01\/la-palabra-de-romina-gaetani-tras-denunciar-a-su-exnovio-por-violencia-de-genero-me-redujo-y-me-volvio-chiquita.jpg",1920,1080,false],"medium":["https:\/\/lobosnews.com.ar\/wp-content\/uploads\/2026\/01\/la-palabra-de-romina-gaetani-tras-denunciar-a-su-exnovio-por-violencia-de-genero-me-redujo-y-me-volvio-chiquita-300x169.jpg",300,169,true],"thumbnail":["https:\/\/lobosnews.com.ar\/wp-content\/uploads\/2026\/01\/la-palabra-de-romina-gaetani-tras-denunciar-a-su-exnovio-por-violencia-de-genero-me-redujo-y-me-volvio-chiquita-150x150.jpg",150,150,true]},"magazine_blocks_author":{"display_name":"admin","author_link":"https:\/\/lobosnews.com.ar\/index.php\/author\/lobos-news\/"},"magazine_blocks_comment":0,"magazine_blocks_author_image":"https:\/\/secure.gravatar.com\/avatar\/76e419471a2083bc3ceab22a763dbbf9b0c1bd15a6214cf3280e2c2dde4580f9?s=96&d=mm&r=g","magazine_blocks_category":"<a href=\"#\" class=\"category-link category-link-79\">Cine y Series<\/a>","yoast_head":"<!-- This site is optimized with the Yoast SEO plugin v26.6 - https:\/\/yoast.com\/wordpress\/plugins\/seo\/ -->\n<title>La palabra de Romina Gaetani tras denunciar a su exnovio por violencia de g\u00e9nero: \u201cMe redujo y me volvi\u00f3 chiquita\u201d - Lobos News<\/title>\n<meta name=\"robots\" content=\"index, follow, max-snippet:-1, max-image-preview:large, max-video-preview:-1\" \/>\n<link rel=\"canonical\" href=\"https:\/\/lobosnews.com.ar\/index.php\/2026\/01\/07\/la-palabra-de-romina-gaetani-tras-denunciar-a-su-exnovio-por-violencia-de-genero-me-redujo-y-me-volvio-chiquita\/\" \/>\n<meta property=\"og:locale\" content=\"es_ES\" \/>\n<meta property=\"og:type\" content=\"article\" \/>\n<meta property=\"og:title\" content=\"La palabra de Romina Gaetani tras denunciar a su exnovio por violencia de g\u00e9nero: \u201cMe redujo y me volvi\u00f3 chiquita\u201d - Lobos News\" \/>\n<meta property=\"og:description\" content=\"Hace una semana, Romina Gaetani cont\u00f3 que fue v\u00edctima de violencia de g\u00e9nero por parte de su expareja, Luis Cavanagh. El episodio la llev\u00f3 a estar internada y a tomar la decisi\u00f3n de denunciarlo ante la justicia. En este contexto, tambi\u00e9n regreso a los escenarios con un show y le envi\u00f3 un mensaje a Mar\u00eda...\" \/>\n<meta property=\"og:url\" content=\"https:\/\/lobosnews.com.ar\/index.php\/2026\/01\/07\/la-palabra-de-romina-gaetani-tras-denunciar-a-su-exnovio-por-violencia-de-genero-me-redujo-y-me-volvio-chiquita\/\" \/>\n<meta property=\"og:site_name\" content=\"Lobos News\" \/>\n<meta property=\"article:published_time\" content=\"2026-01-07T16:02:43+00:00\" \/>\n<meta property=\"article:modified_time\" content=\"2026-01-07T21:59:44+00:00\" \/>\n<meta property=\"og:image\" content=\"https:\/\/lobosnews.com.ar\/wp-content\/uploads\/2026\/01\/la-palabra-de-romina-gaetani-tras-denunciar-a-su-exnovio-por-violencia-de-genero-me-redujo-y-me-volvio-chiquita.jpg\" \/>\n<meta name=\"author\" content=\"admin\" \/>\n<meta name=\"twitter:card\" content=\"summary_large_image\" \/>\n<meta name=\"twitter:label1\" content=\"Escrito por\" \/>\n\t<meta name=\"twitter:data1\" content=\"admin\" \/>\n\t<meta name=\"twitter:label2\" content=\"Tiempo de lectura\" \/>\n\t<meta name=\"twitter:data2\" content=\"4 minutos\" \/>\n<script type=\"application\/ld+json\" class=\"yoast-schema-graph\">{\"@context\":\"https:\/\/schema.org\",\"@graph\":[{\"@type\":\"Article\",\"@id\":\"https:\/\/lobosnews.com.ar\/index.php\/2026\/01\/07\/la-palabra-de-romina-gaetani-tras-denunciar-a-su-exnovio-por-violencia-de-genero-me-redujo-y-me-volvio-chiquita\/#article\",\"isPartOf\":{\"@id\":\"https:\/\/lobosnews.com.ar\/index.php\/2026\/01\/07\/la-palabra-de-romina-gaetani-tras-denunciar-a-su-exnovio-por-violencia-de-genero-me-redujo-y-me-volvio-chiquita\/\"},\"author\":{\"name\":\"admin\",\"@id\":\"https:\/\/lobosnews.com.ar\/#\/schema\/person\/232422a593d5c541dd9aef6aaed10943\"},\"headline\":\"La palabra de Romina Gaetani tras denunciar a su exnovio por violencia de g\u00e9nero: \u201cMe redujo y me volvi\u00f3 chiquita\u201d\",\"datePublished\":\"2026-01-07T16:02:43+00:00\",\"dateModified\":\"2026-01-07T21:59:44+00:00\",\"mainEntityOfPage\":{\"@id\":\"https:\/\/lobosnews.com.ar\/index.php\/2026\/01\/07\/la-palabra-de-romina-gaetani-tras-denunciar-a-su-exnovio-por-violencia-de-genero-me-redujo-y-me-volvio-chiquita\/\"},\"wordCount\":761,\"commentCount\":0,\"publisher\":{\"@id\":\"https:\/\/lobosnews.com.ar\/#organization\"},\"image\":{\"@id\":\"https:\/\/lobosnews.com.ar\/index.php\/2026\/01\/07\/la-palabra-de-romina-gaetani-tras-denunciar-a-su-exnovio-por-violencia-de-genero-me-redujo-y-me-volvio-chiquita\/#primaryimage\"},\"thumbnailUrl\":\"https:\/\/lobosnews.com.ar\/wp-content\/uploads\/2026\/01\/la-palabra-de-romina-gaetani-tras-denunciar-a-su-exnovio-por-violencia-de-genero-me-redujo-y-me-volvio-chiquita.jpg\",\"articleSection\":[\"Cine y Series\"],\"inLanguage\":\"es\",\"potentialAction\":[{\"@type\":\"CommentAction\",\"name\":\"Comment\",\"target\":[\"https:\/\/lobosnews.com.ar\/index.php\/2026\/01\/07\/la-palabra-de-romina-gaetani-tras-denunciar-a-su-exnovio-por-violencia-de-genero-me-redujo-y-me-volvio-chiquita\/#respond\"]}]},{\"@type\":\"WebPage\",\"@id\":\"https:\/\/lobosnews.com.ar\/index.php\/2026\/01\/07\/la-palabra-de-romina-gaetani-tras-denunciar-a-su-exnovio-por-violencia-de-genero-me-redujo-y-me-volvio-chiquita\/\",\"url\":\"https:\/\/lobosnews.com.ar\/index.php\/2026\/01\/07\/la-palabra-de-romina-gaetani-tras-denunciar-a-su-exnovio-por-violencia-de-genero-me-redujo-y-me-volvio-chiquita\/\",\"name\":\"La palabra de Romina Gaetani tras denunciar a su exnovio por violencia de g\u00e9nero: \u201cMe redujo y me volvi\u00f3 chiquita\u201d - Lobos News\",\"isPartOf\":{\"@id\":\"https:\/\/lobosnews.com.ar\/#website\"},\"primaryImageOfPage\":{\"@id\":\"https:\/\/lobosnews.com.ar\/index.php\/2026\/01\/07\/la-palabra-de-romina-gaetani-tras-denunciar-a-su-exnovio-por-violencia-de-genero-me-redujo-y-me-volvio-chiquita\/#primaryimage\"},\"image\":{\"@id\":\"https:\/\/lobosnews.com.ar\/index.php\/2026\/01\/07\/la-palabra-de-romina-gaetani-tras-denunciar-a-su-exnovio-por-violencia-de-genero-me-redujo-y-me-volvio-chiquita\/#primaryimage\"},\"thumbnailUrl\":\"https:\/\/lobosnews.com.ar\/wp-content\/uploads\/2026\/01\/la-palabra-de-romina-gaetani-tras-denunciar-a-su-exnovio-por-violencia-de-genero-me-redujo-y-me-volvio-chiquita.jpg\",\"datePublished\":\"2026-01-07T16:02:43+00:00\",\"dateModified\":\"2026-01-07T21:59:44+00:00\",\"breadcrumb\":{\"@id\":\"https:\/\/lobosnews.com.ar\/index.php\/2026\/01\/07\/la-palabra-de-romina-gaetani-tras-denunciar-a-su-exnovio-por-violencia-de-genero-me-redujo-y-me-volvio-chiquita\/#breadcrumb\"},\"inLanguage\":\"es\",\"potentialAction\":[{\"@type\":\"ReadAction\",\"target\":[\"https:\/\/lobosnews.com.ar\/index.php\/2026\/01\/07\/la-palabra-de-romina-gaetani-tras-denunciar-a-su-exnovio-por-violencia-de-genero-me-redujo-y-me-volvio-chiquita\/\"]}]},{\"@type\":\"ImageObject\",\"inLanguage\":\"es\",\"@id\":\"https:\/\/lobosnews.com.ar\/index.php\/2026\/01\/07\/la-palabra-de-romina-gaetani-tras-denunciar-a-su-exnovio-por-violencia-de-genero-me-redujo-y-me-volvio-chiquita\/#primaryimage\",\"url\":\"https:\/\/lobosnews.com.ar\/wp-content\/uploads\/2026\/01\/la-palabra-de-romina-gaetani-tras-denunciar-a-su-exnovio-por-violencia-de-genero-me-redujo-y-me-volvio-chiquita.jpg\",\"contentUrl\":\"https:\/\/lobosnews.com.ar\/wp-content\/uploads\/2026\/01\/la-palabra-de-romina-gaetani-tras-denunciar-a-su-exnovio-por-violencia-de-genero-me-redujo-y-me-volvio-chiquita.jpg\",\"width\":1920,\"height\":1080,\"caption\":\"La palabra de Romina Gaetani tras denunciar a su exnovio por violencia de g\u00e9nero: \u201cMe redujo y me volvi\u00f3 chiquita\u201d\"},{\"@type\":\"BreadcrumbList\",\"@id\":\"https:\/\/lobosnews.com.ar\/index.php\/2026\/01\/07\/la-palabra-de-romina-gaetani-tras-denunciar-a-su-exnovio-por-violencia-de-genero-me-redujo-y-me-volvio-chiquita\/#breadcrumb\",\"itemListElement\":[{\"@type\":\"ListItem\",\"position\":1,\"name\":\"Portada\",\"item\":\"https:\/\/lobosnews.com.ar\/\"},{\"@type\":\"ListItem\",\"position\":2,\"name\":\"La palabra de Romina Gaetani tras denunciar a su exnovio por violencia de g\u00e9nero: \u201cMe redujo y me volvi\u00f3 chiquita\u201d\"}]},{\"@type\":\"WebSite\",\"@id\":\"https:\/\/lobosnews.com.ar\/#website\",\"url\":\"https:\/\/lobosnews.com.ar\/\",\"name\":\"Lobos News\",\"description\":\"Informaci\u00f3n a cada instante\",\"publisher\":{\"@id\":\"https:\/\/lobosnews.com.ar\/#organization\"},\"potentialAction\":[{\"@type\":\"SearchAction\",\"target\":{\"@type\":\"EntryPoint\",\"urlTemplate\":\"https:\/\/lobosnews.com.ar\/?s={search_term_string}\"},\"query-input\":{\"@type\":\"PropertyValueSpecification\",\"valueRequired\":true,\"valueName\":\"search_term_string\"}}],\"inLanguage\":\"es\"},{\"@type\":\"Organization\",\"@id\":\"https:\/\/lobosnews.com.ar\/#organization\",\"name\":\"Lobos News\",\"url\":\"https:\/\/lobosnews.com.ar\/\",\"logo\":{\"@type\":\"ImageObject\",\"inLanguage\":\"es\",\"@id\":\"https:\/\/lobosnews.com.ar\/#\/schema\/logo\/image\/\",\"url\":\"https:\/\/lobosnews.com.ar\/wp-content\/uploads\/2026\/01\/logo-lobosnews.png\",\"contentUrl\":\"https:\/\/lobosnews.com.ar\/wp-content\/uploads\/2026\/01\/logo-lobosnews.png\",\"width\":500,\"height\":200,\"caption\":\"Lobos News\"},\"image\":{\"@id\":\"https:\/\/lobosnews.com.ar\/#\/schema\/logo\/image\/\"}},{\"@type\":\"Person\",\"@id\":\"https:\/\/lobosnews.com.ar\/#\/schema\/person\/232422a593d5c541dd9aef6aaed10943\",\"name\":\"admin\",\"image\":{\"@type\":\"ImageObject\",\"inLanguage\":\"es\",\"@id\":\"https:\/\/lobosnews.com.ar\/#\/schema\/person\/image\/\",\"url\":\"https:\/\/secure.gravatar.com\/avatar\/76e419471a2083bc3ceab22a763dbbf9b0c1bd15a6214cf3280e2c2dde4580f9?s=96&d=mm&r=g\",\"contentUrl\":\"https:\/\/secure.gravatar.com\/avatar\/76e419471a2083bc3ceab22a763dbbf9b0c1bd15a6214cf3280e2c2dde4580f9?s=96&d=mm&r=g\",\"caption\":\"admin\"},\"sameAs\":[\"https:\/\/lobosnews.com.ar\"],\"url\":\"https:\/\/lobosnews.com.ar\/index.php\/author\/lobos-news\/\"}]}<\/script>\n<!-- \/ Yoast SEO plugin. -->","yoast_head_json":{"title":"La palabra de Romina Gaetani tras denunciar a su exnovio por violencia de g\u00e9nero: \u201cMe redujo y me volvi\u00f3 chiquita\u201d - Lobos News","robots":{"index":"index","follow":"follow","max-snippet":"max-snippet:-1","max-image-preview":"max-image-preview:large","max-video-preview":"max-video-preview:-1"},"canonical":"https:\/\/lobosnews.com.ar\/index.php\/2026\/01\/07\/la-palabra-de-romina-gaetani-tras-denunciar-a-su-exnovio-por-violencia-de-genero-me-redujo-y-me-volvio-chiquita\/","og_locale":"es_ES","og_type":"article","og_title":"La palabra de Romina Gaetani tras denunciar a su exnovio por violencia de g\u00e9nero: \u201cMe redujo y me volvi\u00f3 chiquita\u201d - Lobos News","og_description":"Hace una semana, Romina Gaetani cont\u00f3 que fue v\u00edctima de violencia de g\u00e9nero por parte de su expareja, Luis Cavanagh. El episodio la llev\u00f3 a estar internada y a tomar la decisi\u00f3n de denunciarlo ante la justicia. En este contexto, tambi\u00e9n regreso a los escenarios con un show y le envi\u00f3 un mensaje a Mar\u00eda...","og_url":"https:\/\/lobosnews.com.ar\/index.php\/2026\/01\/07\/la-palabra-de-romina-gaetani-tras-denunciar-a-su-exnovio-por-violencia-de-genero-me-redujo-y-me-volvio-chiquita\/","og_site_name":"Lobos News","article_published_time":"2026-01-07T16:02:43+00:00","article_modified_time":"2026-01-07T21:59:44+00:00","og_image":[{"url":"https:\/\/lobosnews.com.ar\/wp-content\/uploads\/2026\/01\/la-palabra-de-romina-gaetani-tras-denunciar-a-su-exnovio-por-violencia-de-genero-me-redujo-y-me-volvio-chiquita.jpg","type":"","width":"","height":""}],"author":"admin","twitter_card":"summary_large_image","twitter_misc":{"Escrito por":"admin","Tiempo de lectura":"4 minutos"},"schema":{"@context":"https:\/\/schema.org","@graph":[{"@type":"Article","@id":"https:\/\/lobosnews.com.ar\/index.php\/2026\/01\/07\/la-palabra-de-romina-gaetani-tras-denunciar-a-su-exnovio-por-violencia-de-genero-me-redujo-y-me-volvio-chiquita\/#article","isPartOf":{"@id":"https:\/\/lobosnews.com.ar\/index.php\/2026\/01\/07\/la-palabra-de-romina-gaetani-tras-denunciar-a-su-exnovio-por-violencia-de-genero-me-redujo-y-me-volvio-chiquita\/"},"author":{"name":"admin","@id":"https:\/\/lobosnews.com.ar\/#\/schema\/person\/232422a593d5c541dd9aef6aaed10943"},"headline":"La palabra de Romina Gaetani tras denunciar a su exnovio por violencia de g\u00e9nero: \u201cMe redujo y me volvi\u00f3 chiquita\u201d","datePublished":"2026-01-07T16:02:43+00:00","dateModified":"2026-01-07T21:59:44+00:00","mainEntityOfPage":{"@id":"https:\/\/lobosnews.com.ar\/index.php\/2026\/01\/07\/la-palabra-de-romina-gaetani-tras-denunciar-a-su-exnovio-por-violencia-de-genero-me-redujo-y-me-volvio-chiquita\/"},"wordCount":761,"commentCount":0,"publisher":{"@id":"https:\/\/lobosnews.com.ar\/#organization"},"image":{"@id":"https:\/\/lobosnews.com.ar\/index.php\/2026\/01\/07\/la-palabra-de-romina-gaetani-tras-denunciar-a-su-exnovio-por-violencia-de-genero-me-redujo-y-me-volvio-chiquita\/#primaryimage"},"thumbnailUrl":"https:\/\/lobosnews.com.ar\/wp-content\/uploads\/2026\/01\/la-palabra-de-romina-gaetani-tras-denunciar-a-su-exnovio-por-violencia-de-genero-me-redujo-y-me-volvio-chiquita.jpg","articleSection":["Cine y Series"],"inLanguage":"es","potentialAction":[{"@type":"CommentAction","name":"Comment","target":["https:\/\/lobosnews.com.ar\/index.php\/2026\/01\/07\/la-palabra-de-romina-gaetani-tras-denunciar-a-su-exnovio-por-violencia-de-genero-me-redujo-y-me-volvio-chiquita\/#respond"]}]},{"@type":"WebPage","@id":"https:\/\/lobosnews.com.ar\/index.php\/2026\/01\/07\/la-palabra-de-romina-gaetani-tras-denunciar-a-su-exnovio-por-violencia-de-genero-me-redujo-y-me-volvio-chiquita\/","url":"https:\/\/lobosnews.com.ar\/index.php\/2026\/01\/07\/la-palabra-de-romina-gaetani-tras-denunciar-a-su-exnovio-por-violencia-de-genero-me-redujo-y-me-volvio-chiquita\/","name":"La palabra de Romina Gaetani tras denunciar a su exnovio por violencia de g\u00e9nero: \u201cMe redujo y me volvi\u00f3 chiquita\u201d - Lobos News","isPartOf":{"@id":"https:\/\/lobosnews.com.ar\/#website"},"primaryImageOfPage":{"@id":"https:\/\/lobosnews.com.ar\/index.php\/2026\/01\/07\/la-palabra-de-romina-gaetani-tras-denunciar-a-su-exnovio-por-violencia-de-genero-me-redujo-y-me-volvio-chiquita\/#primaryimage"},"image":{"@id":"https:\/\/lobosnews.com.ar\/index.php\/2026\/01\/07\/la-palabra-de-romina-gaetani-tras-denunciar-a-su-exnovio-por-violencia-de-genero-me-redujo-y-me-volvio-chiquita\/#primaryimage"},"thumbnailUrl":"https:\/\/lobosnews.com.ar\/wp-content\/uploads\/2026\/01\/la-palabra-de-romina-gaetani-tras-denunciar-a-su-exnovio-por-violencia-de-genero-me-redujo-y-me-volvio-chiquita.jpg","datePublished":"2026-01-07T16:02:43+00:00","dateModified":"2026-01-07T21:59:44+00:00","breadcrumb":{"@id":"https:\/\/lobosnews.com.ar\/index.php\/2026\/01\/07\/la-palabra-de-romina-gaetani-tras-denunciar-a-su-exnovio-por-violencia-de-genero-me-redujo-y-me-volvio-chiquita\/#breadcrumb"},"inLanguage":"es","potentialAction":[{"@type":"ReadAction","target":["https:\/\/lobosnews.com.ar\/index.php\/2026\/01\/07\/la-palabra-de-romina-gaetani-tras-denunciar-a-su-exnovio-por-violencia-de-genero-me-redujo-y-me-volvio-chiquita\/"]}]},{"@type":"ImageObject","inLanguage":"es","@id":"https:\/\/lobosnews.com.ar\/index.php\/2026\/01\/07\/la-palabra-de-romina-gaetani-tras-denunciar-a-su-exnovio-por-violencia-de-genero-me-redujo-y-me-volvio-chiquita\/#primaryimage","url":"https:\/\/lobosnews.com.ar\/wp-content\/uploads\/2026\/01\/la-palabra-de-romina-gaetani-tras-denunciar-a-su-exnovio-por-violencia-de-genero-me-redujo-y-me-volvio-chiquita.jpg","contentUrl":"https:\/\/lobosnews.com.ar\/wp-content\/uploads\/2026\/01\/la-palabra-de-romina-gaetani-tras-denunciar-a-su-exnovio-por-violencia-de-genero-me-redujo-y-me-volvio-chiquita.jpg","width":1920,"height":1080,"caption":"La palabra de Romina Gaetani tras denunciar a su exnovio por violencia de g\u00e9nero: \u201cMe redujo y me volvi\u00f3 chiquita\u201d"},{"@type":"BreadcrumbList","@id":"https:\/\/lobosnews.com.ar\/index.php\/2026\/01\/07\/la-palabra-de-romina-gaetani-tras-denunciar-a-su-exnovio-por-violencia-de-genero-me-redujo-y-me-volvio-chiquita\/#breadcrumb","itemListElement":[{"@type":"ListItem","position":1,"name":"Portada","item":"https:\/\/lobosnews.com.ar\/"},{"@type":"ListItem","position":2,"name":"La palabra de Romina Gaetani tras denunciar a su exnovio por violencia de g\u00e9nero: \u201cMe redujo y me volvi\u00f3 chiquita\u201d"}]},{"@type":"WebSite","@id":"https:\/\/lobosnews.com.ar\/#website","url":"https:\/\/lobosnews.com.ar\/","name":"Lobos News","description":"Informaci\u00f3n a cada instante","publisher":{"@id":"https:\/\/lobosnews.com.ar\/#organization"},"potentialAction":[{"@type":"SearchAction","target":{"@type":"EntryPoint","urlTemplate":"https:\/\/lobosnews.com.ar\/?s={search_term_string}"},"query-input":{"@type":"PropertyValueSpecification","valueRequired":true,"valueName":"search_term_string"}}],"inLanguage":"es"},{"@type":"Organization","@id":"https:\/\/lobosnews.com.ar\/#organization","name":"Lobos News","url":"https:\/\/lobosnews.com.ar\/","logo":{"@type":"ImageObject","inLanguage":"es","@id":"https:\/\/lobosnews.com.ar\/#\/schema\/logo\/image\/","url":"https:\/\/lobosnews.com.ar\/wp-content\/uploads\/2026\/01\/logo-lobosnews.png","contentUrl":"https:\/\/lobosnews.com.ar\/wp-content\/uploads\/2026\/01\/logo-lobosnews.png","width":500,"height":200,"caption":"Lobos News"},"image":{"@id":"https:\/\/lobosnews.com.ar\/#\/schema\/logo\/image\/"}},{"@type":"Person","@id":"https:\/\/lobosnews.com.ar\/#\/schema\/person\/232422a593d5c541dd9aef6aaed10943","name":"admin","image":{"@type":"ImageObject","inLanguage":"es","@id":"https:\/\/lobosnews.com.ar\/#\/schema\/person\/image\/","url":"https:\/\/secure.gravatar.com\/avatar\/76e419471a2083bc3ceab22a763dbbf9b0c1bd15a6214cf3280e2c2dde4580f9?s=96&d=mm&r=g","contentUrl":"https:\/\/secure.gravatar.com\/avatar\/76e419471a2083bc3ceab22a763dbbf9b0c1bd15a6214cf3280e2c2dde4580f9?s=96&d=mm&r=g","caption":"admin"},"sameAs":["https:\/\/lobosnews.com.ar"],"url":"https:\/\/lobosnews.com.ar\/index.php\/author\/lobos-news\/"}]}},"jetpack_featured_media_url":"https:\/\/lobosnews.com.ar\/wp-content\/uploads\/2026\/01\/la-palabra-de-romina-gaetani-tras-denunciar-a-su-exnovio-por-violencia-de-genero-me-redujo-y-me-volvio-chiquita.jpg","jetpack_sharing_enabled":true,"_links":{"self":[{"href":"https:\/\/lobosnews.com.ar\/index.php\/wp-json\/wp\/v2\/posts\/3281","targetHints":{"allow":["GET"]}}],"collection":[{"href":"https:\/\/lobosnews.com.ar\/index.php\/wp-json\/wp\/v2\/posts"}],"about":[{"href":"https:\/\/lobosnews.com.ar\/index.php\/wp-json\/wp\/v2\/types\/post"}],"author":[{"embeddable":true,"href":"https:\/\/lobosnews.com.ar\/index.php\/wp-json\/wp\/v2\/users\/1"}],"replies":[{"embeddable":true,"href":"https:\/\/lobosnews.com.ar\/index.php\/wp-json\/wp\/v2\/comments?post=3281"}],"version-history":[{"count":1,"href":"https:\/\/lobosnews.com.ar\/index.php\/wp-json\/wp\/v2\/posts\/3281\/revisions"}],"predecessor-version":[{"id":3283,"href":"https:\/\/lobosnews.com.ar\/index.php\/wp-json\/wp\/v2\/posts\/3281\/revisions\/3283"}],"wp:featuredmedia":[{"embeddable":true,"href":"https:\/\/lobosnews.com.ar\/index.php\/wp-json\/wp\/v2\/media\/3284"}],"wp:attachment":[{"href":"https:\/\/lobosnews.com.ar\/index.php\/wp-json\/wp\/v2\/media?parent=3281"}],"wp:term":[{"taxonomy":"category","embeddable":true,"href":"https:\/\/lobosnews.com.ar\/index.php\/wp-json\/wp\/v2\/categories?post=3281"},{"taxonomy":"post_tag","embeddable":true,"href":"https:\/\/lobosnews.com.ar\/index.php\/wp-json\/wp\/v2\/tags?post=3281"}],"curies":[{"name":"wp","href":"https:\/\/api.w.org\/{rel}","templated":true}]}}