{"id":32804,"date":"2026-03-13T04:21:44","date_gmt":"2026-03-13T04:21:44","guid":{"rendered":"https:\/\/lobosnews.com.ar\/index.php\/2026\/03\/13\/el-cara-a-cara-entre-carmina-y-el-esposo-de-mavinga-tras-sus-comentarios-racistas-en-gran-hermano-no-acepto-las-disculpas\/"},"modified":"2026-03-13T09:09:12","modified_gmt":"2026-03-13T09:09:12","slug":"el-cara-a-cara-entre-carmina-y-el-esposo-de-mavinga-tras-sus-comentarios-racistas-en-gran-hermano-no-acepto-las-disculpas","status":"publish","type":"post","link":"https:\/\/lobosnews.com.ar\/index.php\/2026\/03\/13\/el-cara-a-cara-entre-carmina-y-el-esposo-de-mavinga-tras-sus-comentarios-racistas-en-gran-hermano-no-acepto-las-disculpas\/","title":{"rendered":"El cara a cara entre Carmi\u00f1a y el esposo de Mavinga tras sus comentarios racistas en Gran Hermano: \u201cNo acepto las disculpas\u201d"},"content":{"rendered":"<p>Pasaron 24 horas desde su eliminaci\u00f3n, sin embargo, la calma todav\u00eda no regres\u00f3 a la vida de Carmi\u00f1a Masi. Luego de abandonar la casa de <span class=\"waslinkname\"><i><b>Gran Hermano<\/b><\/i><\/span> (Telefe) por comentarios racistas, la participante paraguaya intent\u00f3 explicar la situaci\u00f3n y brindar disculpas p\u00fablicas tanto a los seguidores del reality como a la familia de Mavinga. Sin embargo, el esposo de la mujer nacida en \u00c1frica no dio por terminada la situaci\u00f3n, generando una situaci\u00f3n de tensi\u00f3n en el certamen.<\/p>\n<p>Todo comenz\u00f3 cuando Carmi\u00f1a arrib\u00f3 al estudio de Gran Hermano e intent\u00f3 contextualizar el momento en el que hizo comentarios racistas contra Mavinga. Luego de que Santiago del Moro la alentara a dirigirse a la familia de su compa\u00f1era, Masi comenz\u00f3 diciendo: \u201cA ustedes tambi\u00e9n les pido disculpas. No tengo justificaci\u00f3n. Hay chistes que no se dicen. Lastimosamente, me puse muy c\u00f3moda en la casa donde estaba viviendo e hice ese chiste de muy mal gusto. Me cost\u00f3 la expulsi\u00f3n de Gran Hermano. Les pido disculpas a ustedes y lo voy a hacer las veces que lo tenga que hacer, porque as\u00ed como s\u00e9 que puedo jugar, s\u00e9 cu\u00e1ndo me equivoco y les agradezco que est\u00e9n presente\u201d. <\/p>\n<p>Luego, intentando bajar la tensi\u00f3n del ambiente, la paraguaya destac\u00f3 que la propia Mavinga la hab\u00eda perdonado: \u201cY como la escuch\u00e9 a ella que dijo que me perdon\u00f3, ojal\u00e1 acepten mis disculpas, porque perd\u00f3n se le pide a Dios, pero realmente me siento muy mal, porque incluso siempre me llev\u00e9 bien con Mavinga. Me voy a encargar tambi\u00e9n de poder explicar ac\u00e1 lo que pas\u00f3. Vuelvo a decir, no tiene justificaci\u00f3n, pero les pido disculpas si se sintieron ofendidos. Como se lo dije ayer a ella, ten\u00edamos un juego entre nosotras y se me fue de las manos\u201d.<\/p>\n<p>Fue entonces cuando Dami\u00e1n, el esposo de la mujer nacida en \u00c1frica, coment\u00f3: \u201cNo acepto las disculpas. No me pareci\u00f3 sincera de la manera que sali\u00f3 de la casa, de una manera altanera, soberbia, como si estuviera saliendo por la puerta grande y sali\u00f3 por la puerta de atr\u00e1s. No me resultan sinceras tus disculpas y no me llegan. No las veo sinceras. Veo que est\u00e1s pidiendo disculpas para un reality y no me parece que represente lo que realmente pens\u00e1s. Perd\u00f3n, pero pienso eso\u201d.<\/p>\n<p><img loading=\"lazy\" decoding=\"async\" src=\"https:\/\/lobosnews.com.ar\/wp-content\/uploads\/2026\/03\/el-cara-a-cara-entre-carmina-y-el-esposo-de-mavinga-tras-sus-comentarios-racistas-en-gran-hermano-no-acepto-las-disculpas.jpg\" alt=\"Gran Hermano: las disculpas de Carmi\u00f1a Masi no convencen y el reality vive momentos de tensi\u00f3n\" height=\"1080\" width=\"1920\"\/><\/p>\n<p>Inmediatamente, la situaci\u00f3n gener\u00f3 un tenso debate, del cual tambi\u00e9n participaron los panelistas del programa. \u201cMe da mucha verg\u00fcenza ver ahora eso. Como dice Moria, no aclares que oscurece, pero me parece importante volver a pedir disculpas. Soy una bocona. S\u00e9 que tengo que trabajar much\u00edsimo eso porque trabajo en los medios de comunicaci\u00f3n. Es un chiste que no se dice, pero ya que tanto me quieren juzgar, si alguien tiene una c\u00e1mara veinticuatro horas, d\u00edganme si ustedes en su casa de repente no dicen alg\u00fan tipo de comentarios cancelables\u201d, expres\u00f3 Masi, intentando desprenderse de todo reproche.<\/p>\n<p>R\u00e1pidamente, Ceferino Reato tom\u00f3 la palabra y consult\u00f3: \u201cUna pregunta, Carminia, vos dec\u00eds que hiciste un chiste que no se hace. \u00bfCu\u00e1l es el chiste de todo esto? \u00bfY con qui\u00e9n lo hiciste?\u201c. Lejos de repetir sus dichos, Carmi\u00f1a subray\u00f3: \u201dEl chiste que no se hace est\u00e1, ya lo vieron ustedes y asumo que se vio todo el d\u00eda y no da volver a repetirlo y lo vuelvo a decir: estaba c\u00f3moda en la casa donde estaba viviendo. Se re\u00edan conmigo. Entonces, tampoco dimension\u00e9 que estaba y\u00e9ndome a la mi&#8230;.Me da mucha verg\u00fcenza lo que hice y me cost\u00f3 la expulsi\u00f3n. Ahora, s\u00e9 que jugu\u00e9 bien, tuve mala suerte y perd\u00ed. Y lo que m\u00e1s me duele es que le decepcion\u00e9 a mi pap\u00e1\u201c.<\/p>\n<p>Santiago del Moro volvi\u00f3 a repetir el pedido hacia la familia de Mavinga: \u201cPrimero las disculpas a Mavinga y a su familia\u201d, a lo que Carmi\u00f1a volvi\u00f3 a repetir: \u201cAntes de irme le dije a Mavinga: \u201cVos sab\u00e9s que nosotras ten\u00edamos un juego\u201d. Se ve todo, pero no siempre todo sale al aire, para el que no sabe, nosotros jug\u00e1bamos todos los d\u00edas que hac\u00edamos nuestras series verticales para divertirnos. Y una vez con Mavinga jugando, le dije: \u201cVos sos hoy la due\u00f1a y ten\u00e9s los esclavos blancos\u201d. Y demos la vuelta a la historia y empezamos a jugar. Y eso se lo dije ayer a Mavinga antes de irme. Y te pido mil disculpas porque no fue mi intenci\u00f3n que pase eso\u201d.<\/p>\n<p>A\u00fan as\u00ed, Laura Ubfal mostr\u00f3 su impaciencia con la situaci\u00f3n y afirm\u00f3 que Masi no tomaba dimensi\u00f3n de sus actos: \u201c\u00bfVos te diste cuenta cuando Mavinga te dice: \u201c\u00bfQu\u00e9 te hice? \u00bfQu\u00e9 te hice?\u201d. Como se lo debe haber preguntado a tantos que la deben haber agredido muchas veces. Ella viene sufriendo esto desde que naci\u00f3\u201d.<\/p>\n","protected":false},"excerpt":{"rendered":"<p>Pasaron 24 horas desde su eliminaci\u00f3n, sin embargo, la calma todav\u00eda no regres\u00f3 a la vida de Carmi\u00f1a Masi. Luego de abandonar la casa de Gran Hermano (Telefe) por comentarios racistas, la participante paraguaya intent\u00f3 explicar la situaci\u00f3n y brindar disculpas p\u00fablicas tanto a los seguidores del reality como a la familia de Mavinga. Sin&#8230;<\/p>\n","protected":false},"author":1,"featured_media":32807,"comment_status":"open","ping_status":"closed","sticky":false,"template":"","format":"standard","meta":{"_jetpack_memberships_contains_paid_content":false,"footnotes":""},"categories":[79],"tags":[],"class_list":["post-32804","post","type-post","status-publish","format-standard","has-post-thumbnail","hentry","category-cine-y-series"],"magazineBlocksPostFeaturedMedia":{"thumbnail":"https:\/\/lobosnews.com.ar\/wp-content\/uploads\/2026\/03\/el-cara-a-cara-entre-carmina-y-el-esposo-de-mavinga-tras-sus-comentarios-racistas-en-gran-hermano-no-acepto-las-disculpas-150x150.jpg","medium":"https:\/\/lobosnews.com.ar\/wp-content\/uploads\/2026\/03\/el-cara-a-cara-entre-carmina-y-el-esposo-de-mavinga-tras-sus-comentarios-racistas-en-gran-hermano-no-acepto-las-disculpas-300x169.jpg","medium_large":"https:\/\/lobosnews.com.ar\/wp-content\/uploads\/2026\/03\/el-cara-a-cara-entre-carmina-y-el-esposo-de-mavinga-tras-sus-comentarios-racistas-en-gran-hermano-no-acepto-las-disculpas-768x432.jpg","large":"https:\/\/lobosnews.com.ar\/wp-content\/uploads\/2026\/03\/el-cara-a-cara-entre-carmina-y-el-esposo-de-mavinga-tras-sus-comentarios-racistas-en-gran-hermano-no-acepto-las-disculpas-1024x576.jpg","1536x1536":"https:\/\/lobosnews.com.ar\/wp-content\/uploads\/2026\/03\/el-cara-a-cara-entre-carmina-y-el-esposo-de-mavinga-tras-sus-comentarios-racistas-en-gran-hermano-no-acepto-las-disculpas-1536x864.jpg","2048x2048":"https:\/\/lobosnews.com.ar\/wp-content\/uploads\/2026\/03\/el-cara-a-cara-entre-carmina-y-el-esposo-de-mavinga-tras-sus-comentarios-racistas-en-gran-hermano-no-acepto-las-disculpas.jpg","newsmatic-featured":"https:\/\/lobosnews.com.ar\/wp-content\/uploads\/2026\/03\/el-cara-a-cara-entre-carmina-y-el-esposo-de-mavinga-tras-sus-comentarios-racistas-en-gran-hermano-no-acepto-las-disculpas-820x545.jpg","newsmatic-list":"https:\/\/lobosnews.com.ar\/wp-content\/uploads\/2026\/03\/el-cara-a-cara-entre-carmina-y-el-esposo-de-mavinga-tras-sus-comentarios-racistas-en-gran-hermano-no-acepto-las-disculpas-600x400.jpg","newsmatic-thumb":"https:\/\/lobosnews.com.ar\/wp-content\/uploads\/2026\/03\/el-cara-a-cara-entre-carmina-y-el-esposo-de-mavinga-tras-sus-comentarios-racistas-en-gran-hermano-no-acepto-las-disculpas-300x200.jpg","newsmatic-small":"https:\/\/lobosnews.com.ar\/wp-content\/uploads\/2026\/03\/el-cara-a-cara-entre-carmina-y-el-esposo-de-mavinga-tras-sus-comentarios-racistas-en-gran-hermano-no-acepto-las-disculpas-150x95.jpg","newsmatic-grid":"https:\/\/lobosnews.com.ar\/wp-content\/uploads\/2026\/03\/el-cara-a-cara-entre-carmina-y-el-esposo-de-mavinga-tras-sus-comentarios-racistas-en-gran-hermano-no-acepto-las-disculpas-400x250.jpg"},"magazineBlocksPostAuthor":{"name":"admin","avatar":"https:\/\/secure.gravatar.com\/avatar\/76e419471a2083bc3ceab22a763dbbf9b0c1bd15a6214cf3280e2c2dde4580f9?s=96&d=mm&r=g"},"magazineBlocksPostCommentsNumber":"0","magazineBlocksPostExcerpt":"Pasaron 24 horas desde su eliminaci\u00f3n, sin embargo, la calma todav\u00eda no regres\u00f3 a la vida de Carmi\u00f1a Masi. Luego de abandonar la casa de Gran Hermano (Telefe) por comentarios racistas, la participante paraguaya intent\u00f3 explicar la situaci\u00f3n y brindar disculpas p\u00fablicas tanto a los seguidores del reality como a la familia de Mavinga. Sin...","magazineBlocksPostCategories":["Cine y Series"],"magazineBlocksPostViewCount":139,"magazineBlocksPostReadTime":5,"magazine_blocks_featured_image_url":{"full":["https:\/\/lobosnews.com.ar\/wp-content\/uploads\/2026\/03\/el-cara-a-cara-entre-carmina-y-el-esposo-de-mavinga-tras-sus-comentarios-racistas-en-gran-hermano-no-acepto-las-disculpas.jpg",1920,1080,false],"medium":["https:\/\/lobosnews.com.ar\/wp-content\/uploads\/2026\/03\/el-cara-a-cara-entre-carmina-y-el-esposo-de-mavinga-tras-sus-comentarios-racistas-en-gran-hermano-no-acepto-las-disculpas-300x169.jpg",300,169,true],"thumbnail":["https:\/\/lobosnews.com.ar\/wp-content\/uploads\/2026\/03\/el-cara-a-cara-entre-carmina-y-el-esposo-de-mavinga-tras-sus-comentarios-racistas-en-gran-hermano-no-acepto-las-disculpas-150x150.jpg",150,150,true]},"magazine_blocks_author":{"display_name":"admin","author_link":"https:\/\/lobosnews.com.ar\/index.php\/author\/lobos-news\/"},"magazine_blocks_comment":0,"magazine_blocks_author_image":"https:\/\/secure.gravatar.com\/avatar\/76e419471a2083bc3ceab22a763dbbf9b0c1bd15a6214cf3280e2c2dde4580f9?s=96&d=mm&r=g","magazine_blocks_category":"<a href=\"#\" class=\"category-link category-link-79\">Cine y Series<\/a>","yoast_head":"<!-- This site is optimized with the Yoast SEO plugin v26.6 - https:\/\/yoast.com\/wordpress\/plugins\/seo\/ -->\n<title>El cara a cara entre Carmi\u00f1a y el esposo de Mavinga tras sus comentarios racistas en Gran Hermano: \u201cNo acepto las disculpas\u201d - Lobos News<\/title>\n<meta name=\"robots\" content=\"index, follow, max-snippet:-1, max-image-preview:large, max-video-preview:-1\" \/>\n<link rel=\"canonical\" href=\"https:\/\/lobosnews.com.ar\/index.php\/2026\/03\/13\/el-cara-a-cara-entre-carmina-y-el-esposo-de-mavinga-tras-sus-comentarios-racistas-en-gran-hermano-no-acepto-las-disculpas\/\" \/>\n<meta property=\"og:locale\" content=\"es_ES\" \/>\n<meta property=\"og:type\" content=\"article\" \/>\n<meta property=\"og:title\" content=\"El cara a cara entre Carmi\u00f1a y el esposo de Mavinga tras sus comentarios racistas en Gran Hermano: \u201cNo acepto las disculpas\u201d - Lobos News\" \/>\n<meta property=\"og:description\" content=\"Pasaron 24 horas desde su eliminaci\u00f3n, sin embargo, la calma todav\u00eda no regres\u00f3 a la vida de Carmi\u00f1a Masi. Luego de abandonar la casa de Gran Hermano (Telefe) por comentarios racistas, la participante paraguaya intent\u00f3 explicar la situaci\u00f3n y brindar disculpas p\u00fablicas tanto a los seguidores del reality como a la familia de Mavinga. Sin...\" \/>\n<meta property=\"og:url\" content=\"https:\/\/lobosnews.com.ar\/index.php\/2026\/03\/13\/el-cara-a-cara-entre-carmina-y-el-esposo-de-mavinga-tras-sus-comentarios-racistas-en-gran-hermano-no-acepto-las-disculpas\/\" \/>\n<meta property=\"og:site_name\" content=\"Lobos News\" \/>\n<meta property=\"article:published_time\" content=\"2026-03-13T04:21:44+00:00\" \/>\n<meta property=\"article:modified_time\" content=\"2026-03-13T09:09:12+00:00\" \/>\n<meta property=\"og:image\" content=\"https:\/\/lobosnews.com.ar\/wp-content\/uploads\/2026\/03\/el-cara-a-cara-entre-carmina-y-el-esposo-de-mavinga-tras-sus-comentarios-racistas-en-gran-hermano-no-acepto-las-disculpas.jpg\" \/>\n<meta name=\"author\" content=\"admin\" \/>\n<meta name=\"twitter:card\" content=\"summary_large_image\" \/>\n<meta name=\"twitter:label1\" content=\"Escrito por\" \/>\n\t<meta name=\"twitter:data1\" content=\"admin\" \/>\n\t<meta name=\"twitter:label2\" content=\"Tiempo de lectura\" \/>\n\t<meta name=\"twitter:data2\" content=\"4 minutos\" \/>\n<script type=\"application\/ld+json\" class=\"yoast-schema-graph\">{\"@context\":\"https:\/\/schema.org\",\"@graph\":[{\"@type\":\"Article\",\"@id\":\"https:\/\/lobosnews.com.ar\/index.php\/2026\/03\/13\/el-cara-a-cara-entre-carmina-y-el-esposo-de-mavinga-tras-sus-comentarios-racistas-en-gran-hermano-no-acepto-las-disculpas\/#article\",\"isPartOf\":{\"@id\":\"https:\/\/lobosnews.com.ar\/index.php\/2026\/03\/13\/el-cara-a-cara-entre-carmina-y-el-esposo-de-mavinga-tras-sus-comentarios-racistas-en-gran-hermano-no-acepto-las-disculpas\/\"},\"author\":{\"name\":\"admin\",\"@id\":\"https:\/\/lobosnews.com.ar\/#\/schema\/person\/232422a593d5c541dd9aef6aaed10943\"},\"headline\":\"El cara a cara entre Carmi\u00f1a y el esposo de Mavinga tras sus comentarios racistas en Gran Hermano: \u201cNo acepto las disculpas\u201d\",\"datePublished\":\"2026-03-13T04:21:44+00:00\",\"dateModified\":\"2026-03-13T09:09:12+00:00\",\"mainEntityOfPage\":{\"@id\":\"https:\/\/lobosnews.com.ar\/index.php\/2026\/03\/13\/el-cara-a-cara-entre-carmina-y-el-esposo-de-mavinga-tras-sus-comentarios-racistas-en-gran-hermano-no-acepto-las-disculpas\/\"},\"wordCount\":860,\"commentCount\":0,\"publisher\":{\"@id\":\"https:\/\/lobosnews.com.ar\/#organization\"},\"image\":{\"@id\":\"https:\/\/lobosnews.com.ar\/index.php\/2026\/03\/13\/el-cara-a-cara-entre-carmina-y-el-esposo-de-mavinga-tras-sus-comentarios-racistas-en-gran-hermano-no-acepto-las-disculpas\/#primaryimage\"},\"thumbnailUrl\":\"https:\/\/lobosnews.com.ar\/wp-content\/uploads\/2026\/03\/el-cara-a-cara-entre-carmina-y-el-esposo-de-mavinga-tras-sus-comentarios-racistas-en-gran-hermano-no-acepto-las-disculpas.jpg\",\"articleSection\":[\"Cine y Series\"],\"inLanguage\":\"es\",\"potentialAction\":[{\"@type\":\"CommentAction\",\"name\":\"Comment\",\"target\":[\"https:\/\/lobosnews.com.ar\/index.php\/2026\/03\/13\/el-cara-a-cara-entre-carmina-y-el-esposo-de-mavinga-tras-sus-comentarios-racistas-en-gran-hermano-no-acepto-las-disculpas\/#respond\"]}]},{\"@type\":\"WebPage\",\"@id\":\"https:\/\/lobosnews.com.ar\/index.php\/2026\/03\/13\/el-cara-a-cara-entre-carmina-y-el-esposo-de-mavinga-tras-sus-comentarios-racistas-en-gran-hermano-no-acepto-las-disculpas\/\",\"url\":\"https:\/\/lobosnews.com.ar\/index.php\/2026\/03\/13\/el-cara-a-cara-entre-carmina-y-el-esposo-de-mavinga-tras-sus-comentarios-racistas-en-gran-hermano-no-acepto-las-disculpas\/\",\"name\":\"El cara a cara entre Carmi\u00f1a y el esposo de Mavinga tras sus comentarios racistas en Gran Hermano: \u201cNo acepto las disculpas\u201d - Lobos News\",\"isPartOf\":{\"@id\":\"https:\/\/lobosnews.com.ar\/#website\"},\"primaryImageOfPage\":{\"@id\":\"https:\/\/lobosnews.com.ar\/index.php\/2026\/03\/13\/el-cara-a-cara-entre-carmina-y-el-esposo-de-mavinga-tras-sus-comentarios-racistas-en-gran-hermano-no-acepto-las-disculpas\/#primaryimage\"},\"image\":{\"@id\":\"https:\/\/lobosnews.com.ar\/index.php\/2026\/03\/13\/el-cara-a-cara-entre-carmina-y-el-esposo-de-mavinga-tras-sus-comentarios-racistas-en-gran-hermano-no-acepto-las-disculpas\/#primaryimage\"},\"thumbnailUrl\":\"https:\/\/lobosnews.com.ar\/wp-content\/uploads\/2026\/03\/el-cara-a-cara-entre-carmina-y-el-esposo-de-mavinga-tras-sus-comentarios-racistas-en-gran-hermano-no-acepto-las-disculpas.jpg\",\"datePublished\":\"2026-03-13T04:21:44+00:00\",\"dateModified\":\"2026-03-13T09:09:12+00:00\",\"breadcrumb\":{\"@id\":\"https:\/\/lobosnews.com.ar\/index.php\/2026\/03\/13\/el-cara-a-cara-entre-carmina-y-el-esposo-de-mavinga-tras-sus-comentarios-racistas-en-gran-hermano-no-acepto-las-disculpas\/#breadcrumb\"},\"inLanguage\":\"es\",\"potentialAction\":[{\"@type\":\"ReadAction\",\"target\":[\"https:\/\/lobosnews.com.ar\/index.php\/2026\/03\/13\/el-cara-a-cara-entre-carmina-y-el-esposo-de-mavinga-tras-sus-comentarios-racistas-en-gran-hermano-no-acepto-las-disculpas\/\"]}]},{\"@type\":\"ImageObject\",\"inLanguage\":\"es\",\"@id\":\"https:\/\/lobosnews.com.ar\/index.php\/2026\/03\/13\/el-cara-a-cara-entre-carmina-y-el-esposo-de-mavinga-tras-sus-comentarios-racistas-en-gran-hermano-no-acepto-las-disculpas\/#primaryimage\",\"url\":\"https:\/\/lobosnews.com.ar\/wp-content\/uploads\/2026\/03\/el-cara-a-cara-entre-carmina-y-el-esposo-de-mavinga-tras-sus-comentarios-racistas-en-gran-hermano-no-acepto-las-disculpas.jpg\",\"contentUrl\":\"https:\/\/lobosnews.com.ar\/wp-content\/uploads\/2026\/03\/el-cara-a-cara-entre-carmina-y-el-esposo-de-mavinga-tras-sus-comentarios-racistas-en-gran-hermano-no-acepto-las-disculpas.jpg\",\"width\":1920,\"height\":1080,\"caption\":\"El cara a cara entre Carmi\u00f1a y el esposo de Mavinga tras sus comentarios racistas en Gran Hermano: \u201cNo acepto las disculpas\u201d\"},{\"@type\":\"BreadcrumbList\",\"@id\":\"https:\/\/lobosnews.com.ar\/index.php\/2026\/03\/13\/el-cara-a-cara-entre-carmina-y-el-esposo-de-mavinga-tras-sus-comentarios-racistas-en-gran-hermano-no-acepto-las-disculpas\/#breadcrumb\",\"itemListElement\":[{\"@type\":\"ListItem\",\"position\":1,\"name\":\"Portada\",\"item\":\"https:\/\/lobosnews.com.ar\/\"},{\"@type\":\"ListItem\",\"position\":2,\"name\":\"El cara a cara entre Carmi\u00f1a y el esposo de Mavinga tras sus comentarios racistas en Gran Hermano: \u201cNo acepto las disculpas\u201d\"}]},{\"@type\":\"WebSite\",\"@id\":\"https:\/\/lobosnews.com.ar\/#website\",\"url\":\"https:\/\/lobosnews.com.ar\/\",\"name\":\"Lobos News\",\"description\":\"Informaci\u00f3n a cada instante\",\"publisher\":{\"@id\":\"https:\/\/lobosnews.com.ar\/#organization\"},\"potentialAction\":[{\"@type\":\"SearchAction\",\"target\":{\"@type\":\"EntryPoint\",\"urlTemplate\":\"https:\/\/lobosnews.com.ar\/?s={search_term_string}\"},\"query-input\":{\"@type\":\"PropertyValueSpecification\",\"valueRequired\":true,\"valueName\":\"search_term_string\"}}],\"inLanguage\":\"es\"},{\"@type\":\"Organization\",\"@id\":\"https:\/\/lobosnews.com.ar\/#organization\",\"name\":\"Lobos News\",\"url\":\"https:\/\/lobosnews.com.ar\/\",\"logo\":{\"@type\":\"ImageObject\",\"inLanguage\":\"es\",\"@id\":\"https:\/\/lobosnews.com.ar\/#\/schema\/logo\/image\/\",\"url\":\"https:\/\/lobosnews.com.ar\/wp-content\/uploads\/2026\/01\/logo-lobosnews.png\",\"contentUrl\":\"https:\/\/lobosnews.com.ar\/wp-content\/uploads\/2026\/01\/logo-lobosnews.png\",\"width\":500,\"height\":200,\"caption\":\"Lobos News\"},\"image\":{\"@id\":\"https:\/\/lobosnews.com.ar\/#\/schema\/logo\/image\/\"}},{\"@type\":\"Person\",\"@id\":\"https:\/\/lobosnews.com.ar\/#\/schema\/person\/232422a593d5c541dd9aef6aaed10943\",\"name\":\"admin\",\"image\":{\"@type\":\"ImageObject\",\"inLanguage\":\"es\",\"@id\":\"https:\/\/lobosnews.com.ar\/#\/schema\/person\/image\/\",\"url\":\"https:\/\/secure.gravatar.com\/avatar\/76e419471a2083bc3ceab22a763dbbf9b0c1bd15a6214cf3280e2c2dde4580f9?s=96&d=mm&r=g\",\"contentUrl\":\"https:\/\/secure.gravatar.com\/avatar\/76e419471a2083bc3ceab22a763dbbf9b0c1bd15a6214cf3280e2c2dde4580f9?s=96&d=mm&r=g\",\"caption\":\"admin\"},\"sameAs\":[\"https:\/\/lobosnews.com.ar\"],\"url\":\"https:\/\/lobosnews.com.ar\/index.php\/author\/lobos-news\/\"}]}<\/script>\n<!-- \/ Yoast SEO plugin. -->","yoast_head_json":{"title":"El cara a cara entre Carmi\u00f1a y el esposo de Mavinga tras sus comentarios racistas en Gran Hermano: \u201cNo acepto las disculpas\u201d - Lobos News","robots":{"index":"index","follow":"follow","max-snippet":"max-snippet:-1","max-image-preview":"max-image-preview:large","max-video-preview":"max-video-preview:-1"},"canonical":"https:\/\/lobosnews.com.ar\/index.php\/2026\/03\/13\/el-cara-a-cara-entre-carmina-y-el-esposo-de-mavinga-tras-sus-comentarios-racistas-en-gran-hermano-no-acepto-las-disculpas\/","og_locale":"es_ES","og_type":"article","og_title":"El cara a cara entre Carmi\u00f1a y el esposo de Mavinga tras sus comentarios racistas en Gran Hermano: \u201cNo acepto las disculpas\u201d - Lobos News","og_description":"Pasaron 24 horas desde su eliminaci\u00f3n, sin embargo, la calma todav\u00eda no regres\u00f3 a la vida de Carmi\u00f1a Masi. Luego de abandonar la casa de Gran Hermano (Telefe) por comentarios racistas, la participante paraguaya intent\u00f3 explicar la situaci\u00f3n y brindar disculpas p\u00fablicas tanto a los seguidores del reality como a la familia de Mavinga. Sin...","og_url":"https:\/\/lobosnews.com.ar\/index.php\/2026\/03\/13\/el-cara-a-cara-entre-carmina-y-el-esposo-de-mavinga-tras-sus-comentarios-racistas-en-gran-hermano-no-acepto-las-disculpas\/","og_site_name":"Lobos News","article_published_time":"2026-03-13T04:21:44+00:00","article_modified_time":"2026-03-13T09:09:12+00:00","og_image":[{"url":"https:\/\/lobosnews.com.ar\/wp-content\/uploads\/2026\/03\/el-cara-a-cara-entre-carmina-y-el-esposo-de-mavinga-tras-sus-comentarios-racistas-en-gran-hermano-no-acepto-las-disculpas.jpg","type":"","width":"","height":""}],"author":"admin","twitter_card":"summary_large_image","twitter_misc":{"Escrito por":"admin","Tiempo de lectura":"4 minutos"},"schema":{"@context":"https:\/\/schema.org","@graph":[{"@type":"Article","@id":"https:\/\/lobosnews.com.ar\/index.php\/2026\/03\/13\/el-cara-a-cara-entre-carmina-y-el-esposo-de-mavinga-tras-sus-comentarios-racistas-en-gran-hermano-no-acepto-las-disculpas\/#article","isPartOf":{"@id":"https:\/\/lobosnews.com.ar\/index.php\/2026\/03\/13\/el-cara-a-cara-entre-carmina-y-el-esposo-de-mavinga-tras-sus-comentarios-racistas-en-gran-hermano-no-acepto-las-disculpas\/"},"author":{"name":"admin","@id":"https:\/\/lobosnews.com.ar\/#\/schema\/person\/232422a593d5c541dd9aef6aaed10943"},"headline":"El cara a cara entre Carmi\u00f1a y el esposo de Mavinga tras sus comentarios racistas en Gran Hermano: \u201cNo acepto las disculpas\u201d","datePublished":"2026-03-13T04:21:44+00:00","dateModified":"2026-03-13T09:09:12+00:00","mainEntityOfPage":{"@id":"https:\/\/lobosnews.com.ar\/index.php\/2026\/03\/13\/el-cara-a-cara-entre-carmina-y-el-esposo-de-mavinga-tras-sus-comentarios-racistas-en-gran-hermano-no-acepto-las-disculpas\/"},"wordCount":860,"commentCount":0,"publisher":{"@id":"https:\/\/lobosnews.com.ar\/#organization"},"image":{"@id":"https:\/\/lobosnews.com.ar\/index.php\/2026\/03\/13\/el-cara-a-cara-entre-carmina-y-el-esposo-de-mavinga-tras-sus-comentarios-racistas-en-gran-hermano-no-acepto-las-disculpas\/#primaryimage"},"thumbnailUrl":"https:\/\/lobosnews.com.ar\/wp-content\/uploads\/2026\/03\/el-cara-a-cara-entre-carmina-y-el-esposo-de-mavinga-tras-sus-comentarios-racistas-en-gran-hermano-no-acepto-las-disculpas.jpg","articleSection":["Cine y Series"],"inLanguage":"es","potentialAction":[{"@type":"CommentAction","name":"Comment","target":["https:\/\/lobosnews.com.ar\/index.php\/2026\/03\/13\/el-cara-a-cara-entre-carmina-y-el-esposo-de-mavinga-tras-sus-comentarios-racistas-en-gran-hermano-no-acepto-las-disculpas\/#respond"]}]},{"@type":"WebPage","@id":"https:\/\/lobosnews.com.ar\/index.php\/2026\/03\/13\/el-cara-a-cara-entre-carmina-y-el-esposo-de-mavinga-tras-sus-comentarios-racistas-en-gran-hermano-no-acepto-las-disculpas\/","url":"https:\/\/lobosnews.com.ar\/index.php\/2026\/03\/13\/el-cara-a-cara-entre-carmina-y-el-esposo-de-mavinga-tras-sus-comentarios-racistas-en-gran-hermano-no-acepto-las-disculpas\/","name":"El cara a cara entre Carmi\u00f1a y el esposo de Mavinga tras sus comentarios racistas en Gran Hermano: \u201cNo acepto las disculpas\u201d - Lobos News","isPartOf":{"@id":"https:\/\/lobosnews.com.ar\/#website"},"primaryImageOfPage":{"@id":"https:\/\/lobosnews.com.ar\/index.php\/2026\/03\/13\/el-cara-a-cara-entre-carmina-y-el-esposo-de-mavinga-tras-sus-comentarios-racistas-en-gran-hermano-no-acepto-las-disculpas\/#primaryimage"},"image":{"@id":"https:\/\/lobosnews.com.ar\/index.php\/2026\/03\/13\/el-cara-a-cara-entre-carmina-y-el-esposo-de-mavinga-tras-sus-comentarios-racistas-en-gran-hermano-no-acepto-las-disculpas\/#primaryimage"},"thumbnailUrl":"https:\/\/lobosnews.com.ar\/wp-content\/uploads\/2026\/03\/el-cara-a-cara-entre-carmina-y-el-esposo-de-mavinga-tras-sus-comentarios-racistas-en-gran-hermano-no-acepto-las-disculpas.jpg","datePublished":"2026-03-13T04:21:44+00:00","dateModified":"2026-03-13T09:09:12+00:00","breadcrumb":{"@id":"https:\/\/lobosnews.com.ar\/index.php\/2026\/03\/13\/el-cara-a-cara-entre-carmina-y-el-esposo-de-mavinga-tras-sus-comentarios-racistas-en-gran-hermano-no-acepto-las-disculpas\/#breadcrumb"},"inLanguage":"es","potentialAction":[{"@type":"ReadAction","target":["https:\/\/lobosnews.com.ar\/index.php\/2026\/03\/13\/el-cara-a-cara-entre-carmina-y-el-esposo-de-mavinga-tras-sus-comentarios-racistas-en-gran-hermano-no-acepto-las-disculpas\/"]}]},{"@type":"ImageObject","inLanguage":"es","@id":"https:\/\/lobosnews.com.ar\/index.php\/2026\/03\/13\/el-cara-a-cara-entre-carmina-y-el-esposo-de-mavinga-tras-sus-comentarios-racistas-en-gran-hermano-no-acepto-las-disculpas\/#primaryimage","url":"https:\/\/lobosnews.com.ar\/wp-content\/uploads\/2026\/03\/el-cara-a-cara-entre-carmina-y-el-esposo-de-mavinga-tras-sus-comentarios-racistas-en-gran-hermano-no-acepto-las-disculpas.jpg","contentUrl":"https:\/\/lobosnews.com.ar\/wp-content\/uploads\/2026\/03\/el-cara-a-cara-entre-carmina-y-el-esposo-de-mavinga-tras-sus-comentarios-racistas-en-gran-hermano-no-acepto-las-disculpas.jpg","width":1920,"height":1080,"caption":"El cara a cara entre Carmi\u00f1a y el esposo de Mavinga tras sus comentarios racistas en Gran Hermano: \u201cNo acepto las disculpas\u201d"},{"@type":"BreadcrumbList","@id":"https:\/\/lobosnews.com.ar\/index.php\/2026\/03\/13\/el-cara-a-cara-entre-carmina-y-el-esposo-de-mavinga-tras-sus-comentarios-racistas-en-gran-hermano-no-acepto-las-disculpas\/#breadcrumb","itemListElement":[{"@type":"ListItem","position":1,"name":"Portada","item":"https:\/\/lobosnews.com.ar\/"},{"@type":"ListItem","position":2,"name":"El cara a cara entre Carmi\u00f1a y el esposo de Mavinga tras sus comentarios racistas en Gran Hermano: \u201cNo acepto las disculpas\u201d"}]},{"@type":"WebSite","@id":"https:\/\/lobosnews.com.ar\/#website","url":"https:\/\/lobosnews.com.ar\/","name":"Lobos News","description":"Informaci\u00f3n a cada instante","publisher":{"@id":"https:\/\/lobosnews.com.ar\/#organization"},"potentialAction":[{"@type":"SearchAction","target":{"@type":"EntryPoint","urlTemplate":"https:\/\/lobosnews.com.ar\/?s={search_term_string}"},"query-input":{"@type":"PropertyValueSpecification","valueRequired":true,"valueName":"search_term_string"}}],"inLanguage":"es"},{"@type":"Organization","@id":"https:\/\/lobosnews.com.ar\/#organization","name":"Lobos News","url":"https:\/\/lobosnews.com.ar\/","logo":{"@type":"ImageObject","inLanguage":"es","@id":"https:\/\/lobosnews.com.ar\/#\/schema\/logo\/image\/","url":"https:\/\/lobosnews.com.ar\/wp-content\/uploads\/2026\/01\/logo-lobosnews.png","contentUrl":"https:\/\/lobosnews.com.ar\/wp-content\/uploads\/2026\/01\/logo-lobosnews.png","width":500,"height":200,"caption":"Lobos News"},"image":{"@id":"https:\/\/lobosnews.com.ar\/#\/schema\/logo\/image\/"}},{"@type":"Person","@id":"https:\/\/lobosnews.com.ar\/#\/schema\/person\/232422a593d5c541dd9aef6aaed10943","name":"admin","image":{"@type":"ImageObject","inLanguage":"es","@id":"https:\/\/lobosnews.com.ar\/#\/schema\/person\/image\/","url":"https:\/\/secure.gravatar.com\/avatar\/76e419471a2083bc3ceab22a763dbbf9b0c1bd15a6214cf3280e2c2dde4580f9?s=96&d=mm&r=g","contentUrl":"https:\/\/secure.gravatar.com\/avatar\/76e419471a2083bc3ceab22a763dbbf9b0c1bd15a6214cf3280e2c2dde4580f9?s=96&d=mm&r=g","caption":"admin"},"sameAs":["https:\/\/lobosnews.com.ar"],"url":"https:\/\/lobosnews.com.ar\/index.php\/author\/lobos-news\/"}]}},"jetpack_featured_media_url":"https:\/\/lobosnews.com.ar\/wp-content\/uploads\/2026\/03\/el-cara-a-cara-entre-carmina-y-el-esposo-de-mavinga-tras-sus-comentarios-racistas-en-gran-hermano-no-acepto-las-disculpas.jpg","jetpack_sharing_enabled":true,"_links":{"self":[{"href":"https:\/\/lobosnews.com.ar\/index.php\/wp-json\/wp\/v2\/posts\/32804","targetHints":{"allow":["GET"]}}],"collection":[{"href":"https:\/\/lobosnews.com.ar\/index.php\/wp-json\/wp\/v2\/posts"}],"about":[{"href":"https:\/\/lobosnews.com.ar\/index.php\/wp-json\/wp\/v2\/types\/post"}],"author":[{"embeddable":true,"href":"https:\/\/lobosnews.com.ar\/index.php\/wp-json\/wp\/v2\/users\/1"}],"replies":[{"embeddable":true,"href":"https:\/\/lobosnews.com.ar\/index.php\/wp-json\/wp\/v2\/comments?post=32804"}],"version-history":[{"count":1,"href":"https:\/\/lobosnews.com.ar\/index.php\/wp-json\/wp\/v2\/posts\/32804\/revisions"}],"predecessor-version":[{"id":32806,"href":"https:\/\/lobosnews.com.ar\/index.php\/wp-json\/wp\/v2\/posts\/32804\/revisions\/32806"}],"wp:featuredmedia":[{"embeddable":true,"href":"https:\/\/lobosnews.com.ar\/index.php\/wp-json\/wp\/v2\/media\/32807"}],"wp:attachment":[{"href":"https:\/\/lobosnews.com.ar\/index.php\/wp-json\/wp\/v2\/media?parent=32804"}],"wp:term":[{"taxonomy":"category","embeddable":true,"href":"https:\/\/lobosnews.com.ar\/index.php\/wp-json\/wp\/v2\/categories?post=32804"},{"taxonomy":"post_tag","embeddable":true,"href":"https:\/\/lobosnews.com.ar\/index.php\/wp-json\/wp\/v2\/tags?post=32804"}],"curies":[{"name":"wp","href":"https:\/\/api.w.org\/{rel}","templated":true}]}}