{"id":32712,"date":"2026-03-13T01:15:37","date_gmt":"2026-03-13T01:15:37","guid":{"rendered":"https:\/\/lobosnews.com.ar\/index.php\/2026\/03\/13\/especialista-en-alergias-pediatricas-alimenta-a-los-bebes-con-alergenos-antes-no-despues\/"},"modified":"2026-03-13T03:36:53","modified_gmt":"2026-03-13T03:36:53","slug":"especialista-en-alergias-pediatricas-alimenta-a-los-bebes-con-alergenos-antes-no-despues","status":"publish","type":"post","link":"https:\/\/lobosnews.com.ar\/index.php\/2026\/03\/13\/especialista-en-alergias-pediatricas-alimenta-a-los-bebes-con-alergenos-antes-no-despues\/","title":{"rendered":"Especialista en alergias pedi\u00e1tricas: Alimenta a los beb\u00e9s con alergenos antes, no despu\u00e9s"},"content":{"rendered":"<p><img loading=\"lazy\" decoding=\"async\" src=\"https:\/\/lobosnews.com.ar\/wp-content\/uploads\/2026\/03\/especialista-en-alergias-pediatricas-alimenta-a-los-bebes-con-alergenos-antes-no-despues.jpg\" alt=\"\" height=\"800\" width=\"1200\"\/><\/p>\n<p>JUEVES, 12 de marzo de 2026 (HealthDay News) &#8212; En enero de 2026, el Departamento de Agricultura de EE. UU. public\u00f3 nuevas Directrices Diet\u00e9ticas para Estadounidenses, 2025-2030.<\/p>\n<p>Su mensaje principal es promover dietas que incluyan alimentos integrales ricos en prote\u00ednas y l\u00e1cteos enteros, minimizando al mismo tiempo los alimentos ultraprocesados. Como alerg\u00f3logo\/inmun\u00f3logo pedi\u00e1trico, me alegra ver que se incluyen consejos para la prevenci\u00f3n de alergias alimentarias en beb\u00e9s.<\/p>\n<p>Desafortunadamente, esta informaci\u00f3n est\u00e1 profundamente oculta en el documento, desactualizada y carece de una justificaci\u00f3n y detalles importantes que se discuten a continuaci\u00f3n.<\/p>\n<p>En la p\u00e1gina 5 de 8 dentro de las nuevas directrices, hay una secci\u00f3n titulada \u00abPoblaciones y consideraciones especiales\u00bb con un subt\u00edtulo \u00abInfancia y Primera Infancia (Nacimiento-4 a\u00f1os)\u00bb. Junto con una discusi\u00f3n sobre los beneficios de la lactancia materna, esta secci\u00f3n sugiere introducir alimentos s\u00f3lidos a los 6 meses de edad.<\/p>\n<p>Los autores clasifican err\u00f3neamente a los beb\u00e9s con alergia al huevo como \u00abde alto riesgo\u00bb, mientras que el eczema grave es el factor de mayor riesgo para desarrollar alergia alimentaria.<\/p>\n<p>Adem\u00e1s, se debe recomendar a los padres que introduzcan alimentos alerg\u00e9nicos como cacahuete, huevo, leche, frutos secos y mariscos a todos los beb\u00e9s, a partir de los 4 a 6 meses de edad. Esto ha demostrado ser seguro y muy eficaz para reducir el desarrollo de alergias alimentarias.<\/p>\n<p>La historia de los cambios en las pautas de alimentaci\u00f3n infantil y el aumento de las alergias alimentarias ha recibido mucha atenci\u00f3n en los \u00faltimos a\u00f1os.<\/p>\n<p>En 2000, la Academia Americana de Pediatr\u00eda aconsej\u00f3 a los padres evitar dar l\u00e1cteos a los beb\u00e9s hasta el a\u00f1o de edad, no usar huevos hasta los 2 a\u00f1os y no comer cacahuetes, frutos secos ni mariscos hasta los 3 a\u00f1os.<\/p>\n<p>Esto se basaba en la opini\u00f3n de expertos vigentes en ese momento. Ten\u00eda sentido, bas\u00e1ndose en el conocimiento de la \u00e9poca, recomendar la evitaci\u00f3n para proteger a los beb\u00e9s. Desafortunadamente, este consejo era err\u00f3neo.<\/p>\n<p>Durante los siguientes 20 a\u00f1os, surgieron nuevas pruebas que apoyaban un enfoque opuesto. El emblem\u00e1tico ensayo LEAP publicado en 2015 fue el primer estudio en mostrar una reducci\u00f3n dr\u00e1stica de la alergia al cacahuete al alimentar los cacahuetes temprano y mantenerlos en la dieta. Las directrices actuales y decenas de estudios adicionales tambi\u00e9n respaldan esto.<\/p>\n<p>En 2017, se a\u00f1adieron directrices recomendando hacerse pruebas para la alergia al cacahuete antes de la introducci\u00f3n en beb\u00e9s con eczema grave y\/o alergia al huevo. Resulta que ese consejo tambi\u00e9n era err\u00f3neo. No es de extra\u00f1ar que los padres se frustren con estos cambios en las recomendaciones.<\/p>\n<p>Pero as\u00ed es como funciona la ciencia: los nuevos enfoques deber\u00edan sustituir a los consejos antiguos basados en nuevas evidencias. La ciencia nunca \u00abtermina\u00bb. Rara vez tenemos respuestas definitivas a nada. La ciencia evoluciona y mejora nuestra comprensi\u00f3n, lo cual es beneficioso para todos nosotros.<\/p>\n<p>Desde 2017, se han realizado decenas de estudios adicionales y nuevas directrices que han evaluado el momento de introducci\u00f3n de al\u00e9rgenos comunes como leche, huevo, cacahuete, frutos secos, soja, trigo, s\u00e9samo y mariscos.<\/p>\n<p>Aqu\u00ed est\u00e1n los cuatro mensajes principales para padres y pediatras para prevenir alergias alimentarias:<\/p>\n<p>Todos los beb\u00e9s deber\u00edan empezar a comer alimentos al\u00e9rgicos entre los 4 y 6 meses de edad, una vez que hayan demostrado la capacidad de comer otros s\u00f3lidos, como pur\u00e9s y cereales. El eccema persistente y severo es el factor de riesgo m\u00e1s fuerte para desarrollar alergias alimentarias, pero todos los beb\u00e9s pueden beneficiarse. No se recomienda hacer pruebas de alergias antes de la introducci\u00f3n debido a posibles diagn\u00f3sticos err\u00f3neos por resultados falsos positivos y retraso en la introducci\u00f3n durante la espera de la cita. Si los beb\u00e9s no han consumido alimentos alerg\u00e9nicos antes de los 6 meses de edad, deber\u00edan empezar a comerlos lo antes posible.<br \/>\nMantener alimentos al\u00e9rgicos en la dieta al menos varias veces por semana (o m\u00e1s) es probablemente el factor m\u00e1s crucial para promover la tolerancia. En otras palabras, los padres no deber\u00edan probar un poco de mantequilla de cacahuete a los 6 meses y pensar que eso es suficiente para prevenir la alergia al cacahuete. Se les debe aconsejar que sigan alimentando a su beb\u00e9 con frecuencia y a largo plazo.<br \/>\nUna dieta diversa llena de diversos alimentos, incluidos los alerg\u00e9nicos, es importante para la prevenci\u00f3n.<br \/>\nSi un beb\u00e9 desarrolla una reacci\u00f3n al\u00e9rgica sospechosa tras comer un alimento (normalmente urticaria y\/o v\u00f3mito dentro de la hora tras la ingesti\u00f3n), debe evitar ese alimento hasta que su pediatra o un alerg\u00f3logo lo eval\u00fae.<\/p>\n<p>Desafortunadamente, las nuevas pautas diet\u00e9ticas carecen de contexto sobre por qu\u00e9 es importante el momento de la introducci\u00f3n o la inclusi\u00f3n frecuente en la dieta.<\/p>\n<p>A pesar de estar recomendadas desde hace casi una d\u00e9cada, las actuales directrices de prevenci\u00f3n de alergias alimentarias a\u00fan no est\u00e1n siendo implementadas completamente por parte de pediatras o padres, aunque las tendencias recientes en alergia al cacahuete sugieren una disminuci\u00f3n desde la publicaci\u00f3n de las gu\u00edas de 2017.<\/p>\n<p>Los alerg\u00f3logos llevan casi una d\u00e9cada promoviendo la prevenci\u00f3n de alergias alimentarias, y es refrescante ver parte de esta informaci\u00f3n incluida en las nuevas directrices diet\u00e9ticas del USDA.<\/p>\n<p>Sin embargo, muchos padres siguen teniendo miedo de dar cacahuetes a sus beb\u00e9s. Alimentar a los beb\u00e9s se ha convertido en un procedimiento m\u00e9dico, pero no tiene por qu\u00e9 ser as\u00ed.<\/p>\n<p>Si quieres saber m\u00e1s, el Colegio Americano de Alergias, Asma e Inmunolog\u00eda ofrece educaci\u00f3n para pacientes y una herramienta de b\u00fasqueda para encontrar alerg\u00f3logos certificados en tu zona.<\/p>\n<p>Sobre el experto<\/p>\n<p>El Dr. Stukus es profesor de pediatr\u00eda cl\u00ednica y director del Centro de Tratamiento de Alergias Alimentarias en el Nationwide Children&#8217;s Hospital en Columbus, Ohio. El Dr. Stukus es el actual presidente electo del Colegio Americano de Alergias, Asma e Inmunolog\u00eda. Adem\u00e1s, es editor asociado de Annals of Allergy, Asthma and Immunology y anteriormente fue miembro electo del comit\u00e9 ejecutivo de la secci\u00f3n de alergias e inmunolog\u00eda dentro de la Academia Americana de Pediatr\u00eda. El Dr. Stukus ha escrito m\u00e1s de 120 art\u00edculos revisados por pares, 2 libros (acaba de terminar su tercero) y una docena de cap\u00edtulos de libros. Est\u00e1 activo en las redes sociales como @AllergyKidsDoc donde combate la desinformaci\u00f3n.<\/p>\n","protected":false},"excerpt":{"rendered":"<p>JUEVES, 12 de marzo de 2026 (HealthDay News) &#8212; En enero de 2026, el Departamento de Agricultura de EE. UU. public\u00f3 nuevas Directrices Diet\u00e9ticas para Estadounidenses, 2025-2030. Su mensaje principal es promover dietas que incluyan alimentos integrales ricos en prote\u00ednas y l\u00e1cteos enteros, minimizando al mismo tiempo los alimentos ultraprocesados. Como alerg\u00f3logo\/inmun\u00f3logo pedi\u00e1trico, me alegra&#8230;<\/p>\n","protected":false},"author":1,"featured_media":32715,"comment_status":"open","ping_status":"closed","sticky":false,"template":"","format":"standard","meta":{"_jetpack_memberships_contains_paid_content":false,"footnotes":""},"categories":[81],"tags":[],"class_list":["post-32712","post","type-post","status-publish","format-standard","has-post-thumbnail","hentry","category-salud"],"magazineBlocksPostFeaturedMedia":{"thumbnail":"https:\/\/lobosnews.com.ar\/wp-content\/uploads\/2026\/03\/especialista-en-alergias-pediatricas-alimenta-a-los-bebes-con-alergenos-antes-no-despues-150x150.jpg","medium":"https:\/\/lobosnews.com.ar\/wp-content\/uploads\/2026\/03\/especialista-en-alergias-pediatricas-alimenta-a-los-bebes-con-alergenos-antes-no-despues-300x200.jpg","medium_large":"https:\/\/lobosnews.com.ar\/wp-content\/uploads\/2026\/03\/especialista-en-alergias-pediatricas-alimenta-a-los-bebes-con-alergenos-antes-no-despues-768x512.jpg","large":"https:\/\/lobosnews.com.ar\/wp-content\/uploads\/2026\/03\/especialista-en-alergias-pediatricas-alimenta-a-los-bebes-con-alergenos-antes-no-despues-1024x683.jpg","1536x1536":"https:\/\/lobosnews.com.ar\/wp-content\/uploads\/2026\/03\/especialista-en-alergias-pediatricas-alimenta-a-los-bebes-con-alergenos-antes-no-despues.jpg","2048x2048":"https:\/\/lobosnews.com.ar\/wp-content\/uploads\/2026\/03\/especialista-en-alergias-pediatricas-alimenta-a-los-bebes-con-alergenos-antes-no-despues.jpg","newsmatic-featured":"https:\/\/lobosnews.com.ar\/wp-content\/uploads\/2026\/03\/especialista-en-alergias-pediatricas-alimenta-a-los-bebes-con-alergenos-antes-no-despues-820x545.jpg","newsmatic-list":"https:\/\/lobosnews.com.ar\/wp-content\/uploads\/2026\/03\/especialista-en-alergias-pediatricas-alimenta-a-los-bebes-con-alergenos-antes-no-despues-600x400.jpg","newsmatic-thumb":"https:\/\/lobosnews.com.ar\/wp-content\/uploads\/2026\/03\/especialista-en-alergias-pediatricas-alimenta-a-los-bebes-con-alergenos-antes-no-despues-300x200.jpg","newsmatic-small":"https:\/\/lobosnews.com.ar\/wp-content\/uploads\/2026\/03\/especialista-en-alergias-pediatricas-alimenta-a-los-bebes-con-alergenos-antes-no-despues-150x95.jpg","newsmatic-grid":"https:\/\/lobosnews.com.ar\/wp-content\/uploads\/2026\/03\/especialista-en-alergias-pediatricas-alimenta-a-los-bebes-con-alergenos-antes-no-despues-400x250.jpg"},"magazineBlocksPostAuthor":{"name":"admin","avatar":"https:\/\/secure.gravatar.com\/avatar\/76e419471a2083bc3ceab22a763dbbf9b0c1bd15a6214cf3280e2c2dde4580f9?s=96&d=mm&r=g"},"magazineBlocksPostCommentsNumber":"0","magazineBlocksPostExcerpt":"JUEVES, 12 de marzo de 2026 (HealthDay News) &#8212; En enero de 2026, el Departamento de Agricultura de EE. UU. public\u00f3 nuevas Directrices Diet\u00e9ticas para Estadounidenses, 2025-2030. Su mensaje principal es promover dietas que incluyan alimentos integrales ricos en prote\u00ednas y l\u00e1cteos enteros, minimizando al mismo tiempo los alimentos ultraprocesados. Como alerg\u00f3logo\/inmun\u00f3logo pedi\u00e1trico, me alegra...","magazineBlocksPostCategories":["Salud"],"magazineBlocksPostViewCount":86,"magazineBlocksPostReadTime":6,"magazine_blocks_featured_image_url":{"full":["https:\/\/lobosnews.com.ar\/wp-content\/uploads\/2026\/03\/especialista-en-alergias-pediatricas-alimenta-a-los-bebes-con-alergenos-antes-no-despues.jpg",1200,800,false],"medium":["https:\/\/lobosnews.com.ar\/wp-content\/uploads\/2026\/03\/especialista-en-alergias-pediatricas-alimenta-a-los-bebes-con-alergenos-antes-no-despues-300x200.jpg",300,200,true],"thumbnail":["https:\/\/lobosnews.com.ar\/wp-content\/uploads\/2026\/03\/especialista-en-alergias-pediatricas-alimenta-a-los-bebes-con-alergenos-antes-no-despues-150x150.jpg",150,150,true]},"magazine_blocks_author":{"display_name":"admin","author_link":"https:\/\/lobosnews.com.ar\/index.php\/author\/lobos-news\/"},"magazine_blocks_comment":0,"magazine_blocks_author_image":"https:\/\/secure.gravatar.com\/avatar\/76e419471a2083bc3ceab22a763dbbf9b0c1bd15a6214cf3280e2c2dde4580f9?s=96&d=mm&r=g","magazine_blocks_category":"<a href=\"#\" class=\"category-link category-link-81\">Salud<\/a>","yoast_head":"<!-- This site is optimized with the Yoast SEO plugin v26.6 - https:\/\/yoast.com\/wordpress\/plugins\/seo\/ -->\n<title>Especialista en alergias pedi\u00e1tricas: Alimenta a los beb\u00e9s con alergenos antes, no despu\u00e9s - Lobos News<\/title>\n<meta name=\"robots\" content=\"index, follow, max-snippet:-1, max-image-preview:large, max-video-preview:-1\" \/>\n<link rel=\"canonical\" href=\"https:\/\/lobosnews.com.ar\/index.php\/2026\/03\/13\/especialista-en-alergias-pediatricas-alimenta-a-los-bebes-con-alergenos-antes-no-despues\/\" \/>\n<meta property=\"og:locale\" content=\"es_ES\" \/>\n<meta property=\"og:type\" content=\"article\" \/>\n<meta property=\"og:title\" content=\"Especialista en alergias pedi\u00e1tricas: Alimenta a los beb\u00e9s con alergenos antes, no despu\u00e9s - Lobos News\" \/>\n<meta property=\"og:description\" content=\"JUEVES, 12 de marzo de 2026 (HealthDay News) &#8212; En enero de 2026, el Departamento de Agricultura de EE. UU. public\u00f3 nuevas Directrices Diet\u00e9ticas para Estadounidenses, 2025-2030. Su mensaje principal es promover dietas que incluyan alimentos integrales ricos en prote\u00ednas y l\u00e1cteos enteros, minimizando al mismo tiempo los alimentos ultraprocesados. Como alerg\u00f3logo\/inmun\u00f3logo pedi\u00e1trico, me alegra...\" \/>\n<meta property=\"og:url\" content=\"https:\/\/lobosnews.com.ar\/index.php\/2026\/03\/13\/especialista-en-alergias-pediatricas-alimenta-a-los-bebes-con-alergenos-antes-no-despues\/\" \/>\n<meta property=\"og:site_name\" content=\"Lobos News\" \/>\n<meta property=\"article:published_time\" content=\"2026-03-13T01:15:37+00:00\" \/>\n<meta property=\"article:modified_time\" content=\"2026-03-13T03:36:53+00:00\" \/>\n<meta property=\"og:image\" content=\"https:\/\/lobosnews.com.ar\/wp-content\/uploads\/2026\/03\/especialista-en-alergias-pediatricas-alimenta-a-los-bebes-con-alergenos-antes-no-despues.jpg\" \/>\n<meta name=\"author\" content=\"admin\" \/>\n<meta name=\"twitter:card\" content=\"summary_large_image\" \/>\n<meta name=\"twitter:label1\" content=\"Escrito por\" \/>\n\t<meta name=\"twitter:data1\" content=\"admin\" \/>\n\t<meta name=\"twitter:label2\" content=\"Tiempo de lectura\" \/>\n\t<meta name=\"twitter:data2\" content=\"6 minutos\" \/>\n<script type=\"application\/ld+json\" class=\"yoast-schema-graph\">{\"@context\":\"https:\/\/schema.org\",\"@graph\":[{\"@type\":\"Article\",\"@id\":\"https:\/\/lobosnews.com.ar\/index.php\/2026\/03\/13\/especialista-en-alergias-pediatricas-alimenta-a-los-bebes-con-alergenos-antes-no-despues\/#article\",\"isPartOf\":{\"@id\":\"https:\/\/lobosnews.com.ar\/index.php\/2026\/03\/13\/especialista-en-alergias-pediatricas-alimenta-a-los-bebes-con-alergenos-antes-no-despues\/\"},\"author\":{\"name\":\"admin\",\"@id\":\"https:\/\/lobosnews.com.ar\/#\/schema\/person\/232422a593d5c541dd9aef6aaed10943\"},\"headline\":\"Especialista en alergias pedi\u00e1tricas: Alimenta a los beb\u00e9s con alergenos antes, no despu\u00e9s\",\"datePublished\":\"2026-03-13T01:15:37+00:00\",\"dateModified\":\"2026-03-13T03:36:53+00:00\",\"mainEntityOfPage\":{\"@id\":\"https:\/\/lobosnews.com.ar\/index.php\/2026\/03\/13\/especialista-en-alergias-pediatricas-alimenta-a-los-bebes-con-alergenos-antes-no-despues\/\"},\"wordCount\":1132,\"commentCount\":0,\"publisher\":{\"@id\":\"https:\/\/lobosnews.com.ar\/#organization\"},\"image\":{\"@id\":\"https:\/\/lobosnews.com.ar\/index.php\/2026\/03\/13\/especialista-en-alergias-pediatricas-alimenta-a-los-bebes-con-alergenos-antes-no-despues\/#primaryimage\"},\"thumbnailUrl\":\"https:\/\/lobosnews.com.ar\/wp-content\/uploads\/2026\/03\/especialista-en-alergias-pediatricas-alimenta-a-los-bebes-con-alergenos-antes-no-despues.jpg\",\"articleSection\":[\"Salud\"],\"inLanguage\":\"es\",\"potentialAction\":[{\"@type\":\"CommentAction\",\"name\":\"Comment\",\"target\":[\"https:\/\/lobosnews.com.ar\/index.php\/2026\/03\/13\/especialista-en-alergias-pediatricas-alimenta-a-los-bebes-con-alergenos-antes-no-despues\/#respond\"]}]},{\"@type\":\"WebPage\",\"@id\":\"https:\/\/lobosnews.com.ar\/index.php\/2026\/03\/13\/especialista-en-alergias-pediatricas-alimenta-a-los-bebes-con-alergenos-antes-no-despues\/\",\"url\":\"https:\/\/lobosnews.com.ar\/index.php\/2026\/03\/13\/especialista-en-alergias-pediatricas-alimenta-a-los-bebes-con-alergenos-antes-no-despues\/\",\"name\":\"Especialista en alergias pedi\u00e1tricas: Alimenta a los beb\u00e9s con alergenos antes, no despu\u00e9s - Lobos News\",\"isPartOf\":{\"@id\":\"https:\/\/lobosnews.com.ar\/#website\"},\"primaryImageOfPage\":{\"@id\":\"https:\/\/lobosnews.com.ar\/index.php\/2026\/03\/13\/especialista-en-alergias-pediatricas-alimenta-a-los-bebes-con-alergenos-antes-no-despues\/#primaryimage\"},\"image\":{\"@id\":\"https:\/\/lobosnews.com.ar\/index.php\/2026\/03\/13\/especialista-en-alergias-pediatricas-alimenta-a-los-bebes-con-alergenos-antes-no-despues\/#primaryimage\"},\"thumbnailUrl\":\"https:\/\/lobosnews.com.ar\/wp-content\/uploads\/2026\/03\/especialista-en-alergias-pediatricas-alimenta-a-los-bebes-con-alergenos-antes-no-despues.jpg\",\"datePublished\":\"2026-03-13T01:15:37+00:00\",\"dateModified\":\"2026-03-13T03:36:53+00:00\",\"breadcrumb\":{\"@id\":\"https:\/\/lobosnews.com.ar\/index.php\/2026\/03\/13\/especialista-en-alergias-pediatricas-alimenta-a-los-bebes-con-alergenos-antes-no-despues\/#breadcrumb\"},\"inLanguage\":\"es\",\"potentialAction\":[{\"@type\":\"ReadAction\",\"target\":[\"https:\/\/lobosnews.com.ar\/index.php\/2026\/03\/13\/especialista-en-alergias-pediatricas-alimenta-a-los-bebes-con-alergenos-antes-no-despues\/\"]}]},{\"@type\":\"ImageObject\",\"inLanguage\":\"es\",\"@id\":\"https:\/\/lobosnews.com.ar\/index.php\/2026\/03\/13\/especialista-en-alergias-pediatricas-alimenta-a-los-bebes-con-alergenos-antes-no-despues\/#primaryimage\",\"url\":\"https:\/\/lobosnews.com.ar\/wp-content\/uploads\/2026\/03\/especialista-en-alergias-pediatricas-alimenta-a-los-bebes-con-alergenos-antes-no-despues.jpg\",\"contentUrl\":\"https:\/\/lobosnews.com.ar\/wp-content\/uploads\/2026\/03\/especialista-en-alergias-pediatricas-alimenta-a-los-bebes-con-alergenos-antes-no-despues.jpg\",\"width\":1200,\"height\":800,\"caption\":\"Especialista en alergias pedi\u00e1tricas: Alimenta a los beb\u00e9s con alergenos antes, no despu\u00e9s\"},{\"@type\":\"BreadcrumbList\",\"@id\":\"https:\/\/lobosnews.com.ar\/index.php\/2026\/03\/13\/especialista-en-alergias-pediatricas-alimenta-a-los-bebes-con-alergenos-antes-no-despues\/#breadcrumb\",\"itemListElement\":[{\"@type\":\"ListItem\",\"position\":1,\"name\":\"Portada\",\"item\":\"https:\/\/lobosnews.com.ar\/\"},{\"@type\":\"ListItem\",\"position\":2,\"name\":\"Especialista en alergias pedi\u00e1tricas: Alimenta a los beb\u00e9s con alergenos antes, no despu\u00e9s\"}]},{\"@type\":\"WebSite\",\"@id\":\"https:\/\/lobosnews.com.ar\/#website\",\"url\":\"https:\/\/lobosnews.com.ar\/\",\"name\":\"Lobos News\",\"description\":\"Informaci\u00f3n a cada instante\",\"publisher\":{\"@id\":\"https:\/\/lobosnews.com.ar\/#organization\"},\"potentialAction\":[{\"@type\":\"SearchAction\",\"target\":{\"@type\":\"EntryPoint\",\"urlTemplate\":\"https:\/\/lobosnews.com.ar\/?s={search_term_string}\"},\"query-input\":{\"@type\":\"PropertyValueSpecification\",\"valueRequired\":true,\"valueName\":\"search_term_string\"}}],\"inLanguage\":\"es\"},{\"@type\":\"Organization\",\"@id\":\"https:\/\/lobosnews.com.ar\/#organization\",\"name\":\"Lobos News\",\"url\":\"https:\/\/lobosnews.com.ar\/\",\"logo\":{\"@type\":\"ImageObject\",\"inLanguage\":\"es\",\"@id\":\"https:\/\/lobosnews.com.ar\/#\/schema\/logo\/image\/\",\"url\":\"https:\/\/lobosnews.com.ar\/wp-content\/uploads\/2026\/01\/logo-lobosnews.png\",\"contentUrl\":\"https:\/\/lobosnews.com.ar\/wp-content\/uploads\/2026\/01\/logo-lobosnews.png\",\"width\":500,\"height\":200,\"caption\":\"Lobos News\"},\"image\":{\"@id\":\"https:\/\/lobosnews.com.ar\/#\/schema\/logo\/image\/\"}},{\"@type\":\"Person\",\"@id\":\"https:\/\/lobosnews.com.ar\/#\/schema\/person\/232422a593d5c541dd9aef6aaed10943\",\"name\":\"admin\",\"image\":{\"@type\":\"ImageObject\",\"inLanguage\":\"es\",\"@id\":\"https:\/\/lobosnews.com.ar\/#\/schema\/person\/image\/\",\"url\":\"https:\/\/secure.gravatar.com\/avatar\/76e419471a2083bc3ceab22a763dbbf9b0c1bd15a6214cf3280e2c2dde4580f9?s=96&d=mm&r=g\",\"contentUrl\":\"https:\/\/secure.gravatar.com\/avatar\/76e419471a2083bc3ceab22a763dbbf9b0c1bd15a6214cf3280e2c2dde4580f9?s=96&d=mm&r=g\",\"caption\":\"admin\"},\"sameAs\":[\"https:\/\/lobosnews.com.ar\"],\"url\":\"https:\/\/lobosnews.com.ar\/index.php\/author\/lobos-news\/\"}]}<\/script>\n<!-- \/ Yoast SEO plugin. -->","yoast_head_json":{"title":"Especialista en alergias pedi\u00e1tricas: Alimenta a los beb\u00e9s con alergenos antes, no despu\u00e9s - Lobos News","robots":{"index":"index","follow":"follow","max-snippet":"max-snippet:-1","max-image-preview":"max-image-preview:large","max-video-preview":"max-video-preview:-1"},"canonical":"https:\/\/lobosnews.com.ar\/index.php\/2026\/03\/13\/especialista-en-alergias-pediatricas-alimenta-a-los-bebes-con-alergenos-antes-no-despues\/","og_locale":"es_ES","og_type":"article","og_title":"Especialista en alergias pedi\u00e1tricas: Alimenta a los beb\u00e9s con alergenos antes, no despu\u00e9s - Lobos News","og_description":"JUEVES, 12 de marzo de 2026 (HealthDay News) &#8212; En enero de 2026, el Departamento de Agricultura de EE. UU. public\u00f3 nuevas Directrices Diet\u00e9ticas para Estadounidenses, 2025-2030. Su mensaje principal es promover dietas que incluyan alimentos integrales ricos en prote\u00ednas y l\u00e1cteos enteros, minimizando al mismo tiempo los alimentos ultraprocesados. Como alerg\u00f3logo\/inmun\u00f3logo pedi\u00e1trico, me alegra...","og_url":"https:\/\/lobosnews.com.ar\/index.php\/2026\/03\/13\/especialista-en-alergias-pediatricas-alimenta-a-los-bebes-con-alergenos-antes-no-despues\/","og_site_name":"Lobos News","article_published_time":"2026-03-13T01:15:37+00:00","article_modified_time":"2026-03-13T03:36:53+00:00","og_image":[{"url":"https:\/\/lobosnews.com.ar\/wp-content\/uploads\/2026\/03\/especialista-en-alergias-pediatricas-alimenta-a-los-bebes-con-alergenos-antes-no-despues.jpg","type":"","width":"","height":""}],"author":"admin","twitter_card":"summary_large_image","twitter_misc":{"Escrito por":"admin","Tiempo de lectura":"6 minutos"},"schema":{"@context":"https:\/\/schema.org","@graph":[{"@type":"Article","@id":"https:\/\/lobosnews.com.ar\/index.php\/2026\/03\/13\/especialista-en-alergias-pediatricas-alimenta-a-los-bebes-con-alergenos-antes-no-despues\/#article","isPartOf":{"@id":"https:\/\/lobosnews.com.ar\/index.php\/2026\/03\/13\/especialista-en-alergias-pediatricas-alimenta-a-los-bebes-con-alergenos-antes-no-despues\/"},"author":{"name":"admin","@id":"https:\/\/lobosnews.com.ar\/#\/schema\/person\/232422a593d5c541dd9aef6aaed10943"},"headline":"Especialista en alergias pedi\u00e1tricas: Alimenta a los beb\u00e9s con alergenos antes, no despu\u00e9s","datePublished":"2026-03-13T01:15:37+00:00","dateModified":"2026-03-13T03:36:53+00:00","mainEntityOfPage":{"@id":"https:\/\/lobosnews.com.ar\/index.php\/2026\/03\/13\/especialista-en-alergias-pediatricas-alimenta-a-los-bebes-con-alergenos-antes-no-despues\/"},"wordCount":1132,"commentCount":0,"publisher":{"@id":"https:\/\/lobosnews.com.ar\/#organization"},"image":{"@id":"https:\/\/lobosnews.com.ar\/index.php\/2026\/03\/13\/especialista-en-alergias-pediatricas-alimenta-a-los-bebes-con-alergenos-antes-no-despues\/#primaryimage"},"thumbnailUrl":"https:\/\/lobosnews.com.ar\/wp-content\/uploads\/2026\/03\/especialista-en-alergias-pediatricas-alimenta-a-los-bebes-con-alergenos-antes-no-despues.jpg","articleSection":["Salud"],"inLanguage":"es","potentialAction":[{"@type":"CommentAction","name":"Comment","target":["https:\/\/lobosnews.com.ar\/index.php\/2026\/03\/13\/especialista-en-alergias-pediatricas-alimenta-a-los-bebes-con-alergenos-antes-no-despues\/#respond"]}]},{"@type":"WebPage","@id":"https:\/\/lobosnews.com.ar\/index.php\/2026\/03\/13\/especialista-en-alergias-pediatricas-alimenta-a-los-bebes-con-alergenos-antes-no-despues\/","url":"https:\/\/lobosnews.com.ar\/index.php\/2026\/03\/13\/especialista-en-alergias-pediatricas-alimenta-a-los-bebes-con-alergenos-antes-no-despues\/","name":"Especialista en alergias pedi\u00e1tricas: Alimenta a los beb\u00e9s con alergenos antes, no despu\u00e9s - Lobos News","isPartOf":{"@id":"https:\/\/lobosnews.com.ar\/#website"},"primaryImageOfPage":{"@id":"https:\/\/lobosnews.com.ar\/index.php\/2026\/03\/13\/especialista-en-alergias-pediatricas-alimenta-a-los-bebes-con-alergenos-antes-no-despues\/#primaryimage"},"image":{"@id":"https:\/\/lobosnews.com.ar\/index.php\/2026\/03\/13\/especialista-en-alergias-pediatricas-alimenta-a-los-bebes-con-alergenos-antes-no-despues\/#primaryimage"},"thumbnailUrl":"https:\/\/lobosnews.com.ar\/wp-content\/uploads\/2026\/03\/especialista-en-alergias-pediatricas-alimenta-a-los-bebes-con-alergenos-antes-no-despues.jpg","datePublished":"2026-03-13T01:15:37+00:00","dateModified":"2026-03-13T03:36:53+00:00","breadcrumb":{"@id":"https:\/\/lobosnews.com.ar\/index.php\/2026\/03\/13\/especialista-en-alergias-pediatricas-alimenta-a-los-bebes-con-alergenos-antes-no-despues\/#breadcrumb"},"inLanguage":"es","potentialAction":[{"@type":"ReadAction","target":["https:\/\/lobosnews.com.ar\/index.php\/2026\/03\/13\/especialista-en-alergias-pediatricas-alimenta-a-los-bebes-con-alergenos-antes-no-despues\/"]}]},{"@type":"ImageObject","inLanguage":"es","@id":"https:\/\/lobosnews.com.ar\/index.php\/2026\/03\/13\/especialista-en-alergias-pediatricas-alimenta-a-los-bebes-con-alergenos-antes-no-despues\/#primaryimage","url":"https:\/\/lobosnews.com.ar\/wp-content\/uploads\/2026\/03\/especialista-en-alergias-pediatricas-alimenta-a-los-bebes-con-alergenos-antes-no-despues.jpg","contentUrl":"https:\/\/lobosnews.com.ar\/wp-content\/uploads\/2026\/03\/especialista-en-alergias-pediatricas-alimenta-a-los-bebes-con-alergenos-antes-no-despues.jpg","width":1200,"height":800,"caption":"Especialista en alergias pedi\u00e1tricas: Alimenta a los beb\u00e9s con alergenos antes, no despu\u00e9s"},{"@type":"BreadcrumbList","@id":"https:\/\/lobosnews.com.ar\/index.php\/2026\/03\/13\/especialista-en-alergias-pediatricas-alimenta-a-los-bebes-con-alergenos-antes-no-despues\/#breadcrumb","itemListElement":[{"@type":"ListItem","position":1,"name":"Portada","item":"https:\/\/lobosnews.com.ar\/"},{"@type":"ListItem","position":2,"name":"Especialista en alergias pedi\u00e1tricas: Alimenta a los beb\u00e9s con alergenos antes, no despu\u00e9s"}]},{"@type":"WebSite","@id":"https:\/\/lobosnews.com.ar\/#website","url":"https:\/\/lobosnews.com.ar\/","name":"Lobos News","description":"Informaci\u00f3n a cada instante","publisher":{"@id":"https:\/\/lobosnews.com.ar\/#organization"},"potentialAction":[{"@type":"SearchAction","target":{"@type":"EntryPoint","urlTemplate":"https:\/\/lobosnews.com.ar\/?s={search_term_string}"},"query-input":{"@type":"PropertyValueSpecification","valueRequired":true,"valueName":"search_term_string"}}],"inLanguage":"es"},{"@type":"Organization","@id":"https:\/\/lobosnews.com.ar\/#organization","name":"Lobos News","url":"https:\/\/lobosnews.com.ar\/","logo":{"@type":"ImageObject","inLanguage":"es","@id":"https:\/\/lobosnews.com.ar\/#\/schema\/logo\/image\/","url":"https:\/\/lobosnews.com.ar\/wp-content\/uploads\/2026\/01\/logo-lobosnews.png","contentUrl":"https:\/\/lobosnews.com.ar\/wp-content\/uploads\/2026\/01\/logo-lobosnews.png","width":500,"height":200,"caption":"Lobos News"},"image":{"@id":"https:\/\/lobosnews.com.ar\/#\/schema\/logo\/image\/"}},{"@type":"Person","@id":"https:\/\/lobosnews.com.ar\/#\/schema\/person\/232422a593d5c541dd9aef6aaed10943","name":"admin","image":{"@type":"ImageObject","inLanguage":"es","@id":"https:\/\/lobosnews.com.ar\/#\/schema\/person\/image\/","url":"https:\/\/secure.gravatar.com\/avatar\/76e419471a2083bc3ceab22a763dbbf9b0c1bd15a6214cf3280e2c2dde4580f9?s=96&d=mm&r=g","contentUrl":"https:\/\/secure.gravatar.com\/avatar\/76e419471a2083bc3ceab22a763dbbf9b0c1bd15a6214cf3280e2c2dde4580f9?s=96&d=mm&r=g","caption":"admin"},"sameAs":["https:\/\/lobosnews.com.ar"],"url":"https:\/\/lobosnews.com.ar\/index.php\/author\/lobos-news\/"}]}},"jetpack_featured_media_url":"https:\/\/lobosnews.com.ar\/wp-content\/uploads\/2026\/03\/especialista-en-alergias-pediatricas-alimenta-a-los-bebes-con-alergenos-antes-no-despues.jpg","jetpack_sharing_enabled":true,"_links":{"self":[{"href":"https:\/\/lobosnews.com.ar\/index.php\/wp-json\/wp\/v2\/posts\/32712","targetHints":{"allow":["GET"]}}],"collection":[{"href":"https:\/\/lobosnews.com.ar\/index.php\/wp-json\/wp\/v2\/posts"}],"about":[{"href":"https:\/\/lobosnews.com.ar\/index.php\/wp-json\/wp\/v2\/types\/post"}],"author":[{"embeddable":true,"href":"https:\/\/lobosnews.com.ar\/index.php\/wp-json\/wp\/v2\/users\/1"}],"replies":[{"embeddable":true,"href":"https:\/\/lobosnews.com.ar\/index.php\/wp-json\/wp\/v2\/comments?post=32712"}],"version-history":[{"count":1,"href":"https:\/\/lobosnews.com.ar\/index.php\/wp-json\/wp\/v2\/posts\/32712\/revisions"}],"predecessor-version":[{"id":32714,"href":"https:\/\/lobosnews.com.ar\/index.php\/wp-json\/wp\/v2\/posts\/32712\/revisions\/32714"}],"wp:featuredmedia":[{"embeddable":true,"href":"https:\/\/lobosnews.com.ar\/index.php\/wp-json\/wp\/v2\/media\/32715"}],"wp:attachment":[{"href":"https:\/\/lobosnews.com.ar\/index.php\/wp-json\/wp\/v2\/media?parent=32712"}],"wp:term":[{"taxonomy":"category","embeddable":true,"href":"https:\/\/lobosnews.com.ar\/index.php\/wp-json\/wp\/v2\/categories?post=32712"},{"taxonomy":"post_tag","embeddable":true,"href":"https:\/\/lobosnews.com.ar\/index.php\/wp-json\/wp\/v2\/tags?post=32712"}],"curies":[{"name":"wp","href":"https:\/\/api.w.org\/{rel}","templated":true}]}}