{"id":32581,"date":"2026-03-12T20:24:53","date_gmt":"2026-03-12T20:24:53","guid":{"rendered":"https:\/\/lobosnews.com.ar\/index.php\/2026\/03\/12\/luego-de-sus-dias-en-milan-wanda-nara-y-martin-migueles-partieron-hacia-un-paradisiaco-destino\/"},"modified":"2026-03-12T21:07:37","modified_gmt":"2026-03-12T21:07:37","slug":"luego-de-sus-dias-en-milan-wanda-nara-y-martin-migueles-partieron-hacia-un-paradisiaco-destino","status":"publish","type":"post","link":"https:\/\/lobosnews.com.ar\/index.php\/2026\/03\/12\/luego-de-sus-dias-en-milan-wanda-nara-y-martin-migueles-partieron-hacia-un-paradisiaco-destino\/","title":{"rendered":"Luego de sus d\u00edas en Mil\u00e1n, Wanda Nara y Mart\u00edn Migueles partieron hacia un paradis\u00edaco destino"},"content":{"rendered":"<p><img fetchpriority=\"high\" decoding=\"async\" src=\"https:\/\/lobosnews.com.ar\/wp-content\/uploads\/2026\/03\/luego-de-sus-dias-en-milan-wanda-nara-y-martin-migueles-partieron-hacia-un-paradisiaco-destino.jpg\" alt=\"Wanda Nara y Mart\u00edn Migueles viajaron a Maldivas luego de sus d\u00edas en Mil\u00e1n (Instagram)\" height=\"2346\" width=\"1320\"\/><\/p>\n<p>Minutos despu\u00e9s de que <span class=\"waslinkname\"><b>Mauro Icardi<\/b><\/span> publicara en redes sociales <span class=\"waslinkname\">un extenso comunicado celebrando<\/span> la sentencia efectiva de divorcio,<span class=\"waslinkname\"> <b>Wanda Nara<\/b><\/span> sorprendi\u00f3 a sus seguidores con una seguidilla de im\u00e1genes que marcaron un cambio de escenario y de energ\u00eda. Tras <span class=\"waslinkname\">su paso por Mil\u00e1n<\/span>, donde asisti\u00f3 a la audiencia clave por la divisi\u00f3n de bienes y comparti\u00f3 d\u00edas con <span class=\"waslinkname\"><b>Mart\u00edn Migueles<\/b><\/span>, la empresaria decidi\u00f3 iniciar un nuevo viaje rumbo a las Islas Maldivas, un destino repleto de recuerdos personales ya que fue habitual en sus a\u00f1os junto a Icardi y sus cinco hijos.<\/p>\n<p>La publicaci\u00f3n de Wanda lleg\u00f3 con timing calculado: mientras el comunicado de su ex recorr\u00eda los portales y las redes, ella opt\u00f3 por mostrar su propio presente. En sus historias, registr\u00f3 el inicio del viaje a bordo de un avi\u00f3n privado, con un look total pink que incluy\u00f3 vincha de toalla y rutina de skincare. \u201cTengo un secreto que me hace mucha ilusi\u00f3n. Faltan pocos d\u00edas para que puedan ver toda mi nueva l\u00ednea renovada de SKIN\u201d, escribi\u00f3, entremezclando promoci\u00f3n personal y gui\u00f1o a sus seguidores.<\/p>\n<p>El relato visual continu\u00f3 con una postal a\u00e9rea sobrevolando Arabia Saudita, marcando la escala rumbo al para\u00edso del \u00cdndico. El viaje sigui\u00f3 con detalles del desayuno a bordo, partidas de juegos de mesa en el avi\u00f3n y la llegada nocturna a Maldivas, donde Wanda pos\u00f3 sus valijas sobre el muelle frente al mar y la noche anticip\u00f3 el descanso. \u201cNuestro veh\u00edculo estos d\u00edas\u201d, escribi\u00f3 sobre una imagen de las bicicletas con las que planea recorrer la isla, anticipando jornadas de relax, desconexi\u00f3n y disfrute.<\/p>\n<p><img loading=\"lazy\" decoding=\"async\" src=\"https:\/\/lobosnews.com.ar\/wp-content\/uploads\/2026\/03\/luego-de-sus-dias-en-milan-wanda-nara-y-martin-migueles-partieron-hacia-un-paradisiaco-destino-1.jpg\" alt=\"Durante el velo compartieron momentos de relax y diversi\u00f3n, con comidas gourmet y juegos\" height=\"2346\" width=\"1320\"\/><img loading=\"lazy\" decoding=\"async\" src=\"https:\/\/lobosnews.com.ar\/wp-content\/uploads\/2026\/03\/luego-de-sus-dias-en-milan-wanda-nara-y-martin-migueles-partieron-hacia-un-paradisiaco-destino-2.jpg\" alt=\"Maldivas fue el destino elegido por la pareja para una mini luna de miel \" height=\"2346\" width=\"1320\"\/><\/p>\n<p>Las postales no solo mostraron la intimidad del viaje y la rutina de Wanda, sino que, en el contexto de la reciente sentencia de divorcio y la elecci\u00f3n de un destino tan simb\u00f3lico, sumaron una cuota de interpretaci\u00f3n y especulaci\u00f3n sobre el presente sentimental y medi\u00e1tico de la empresaria. La coincidencia de los tiempos y los escenarios transform\u00f3 la escapada a Maldivas en un mensaje p\u00fablico: una combinaci\u00f3n de disfrute, independencia y, quiz\u00e1s, un sutil palito para su exmarido.<\/p>\n<p>As\u00ed, una vez m\u00e1s, Wanda Nara convirti\u00f3 un viaje en un nuevo cap\u00edtulo bajo la mirada de todos, reafirmando su habilidad para transformar cada movimiento personal en parte de la agenda p\u00fablica y medi\u00e1tica. <\/p>\n<p>Durante los \u00faltimos d\u00edas, Wanda mostr\u00f3 en sus redes una serie de im\u00e1genes frente a uno de los monumentos m\u00e1s emblem\u00e1ticos de la ciudad: <b>la Catedral de Mil\u00e1n<\/b>, conocida mundialmente como el Duomo. En una de las fotos, donde posa frente a la imponente arquitectura g\u00f3tica del edificio, escribi\u00f3 una frase que llam\u00f3 la atenci\u00f3n de sus seguidores: <b>\u201cMi casa hace 17 a\u00f1os\u201d<\/b>, acompa\u00f1ada por un emoji de la bandera italiana, una cara emocionada y un coraz\u00f3n rojo.<\/p>\n<p><img loading=\"lazy\" decoding=\"async\" src=\"https:\/\/lobosnews.com.ar\/wp-content\/uploads\/2026\/03\/luego-de-sus-dias-en-milan-wanda-nara-y-martin-migueles-partieron-hacia-un-paradisiaco-destino-3.jpg\" alt=\"\"Nuestro veh\u00edculo estos d\u00edas\", escribi\u00f3 Wanda en una foto de unas bicicletas (Instagram)\" height=\"2346\" width=\"1320\"\/><\/p>\n<p>La frase no fue casual. Mil\u00e1n ocupa un lugar central en la vida de Wanda, ya que <b>fue en esta ciudad donde se consolid\u00f3 gran parte de su historia con Mauro Icardi<\/b>, cuando el delantero argentino jugaba en el Inter. Durante a\u00f1os, la pareja vivi\u00f3 all\u00ed junto a sus hijos, mientras ella tambi\u00e9n desempe\u00f1aba un rol clave como representante del futbolista.<\/p>\n<p>Las fotos que comparti\u00f3 en esta nueva visita muestran a la empresaria caminando por la plaza del Duomo con un look relajado y elegante: un abrigo largo oscuro, jeans amplios y zapatillas deportivas, acompa\u00f1ado por gafas de sol. <b>En las im\u00e1genes se la ve recorriendo la zona tur\u00edstica entre visitantes y transe\u00fantes, con la catedral como tel\u00f3n de fondo.<\/b><\/p>\n<p>M\u00e1s all\u00e1 de las obligaciones legales, Wanda aprovech\u00f3 el viaje para disfrutar de algunos de los placeres gastron\u00f3micos que ofrece la ciudad. Entre las experiencias que comparti\u00f3 con sus seguidores se destac\u00f3 <b>un almuerzo en BVLGARI Il Ristorante Niko Romito<\/b>, uno de los restaurantes m\u00e1s exclusivos de Mil\u00e1n. En sus historias de Instagram mostr\u00f3 detalles del lugar, la ambientaci\u00f3n y parte del men\u00fa, en una escena que reflejaba el costado m\u00e1s relajado de su visita.<\/p>\n","protected":false},"excerpt":{"rendered":"<p>Minutos despu\u00e9s de que Mauro Icardi publicara en redes sociales un extenso comunicado celebrando la sentencia efectiva de divorcio, Wanda Nara sorprendi\u00f3 a sus seguidores con una seguidilla de im\u00e1genes que marcaron un cambio de escenario y de energ\u00eda. Tras su paso por Mil\u00e1n, donde asisti\u00f3 a la audiencia clave por la divisi\u00f3n de bienes&#8230;<\/p>\n","protected":false},"author":1,"featured_media":32587,"comment_status":"open","ping_status":"closed","sticky":false,"template":"","format":"standard","meta":{"_jetpack_memberships_contains_paid_content":false,"footnotes":""},"categories":[79],"tags":[],"class_list":["post-32581","post","type-post","status-publish","format-standard","has-post-thumbnail","hentry","category-cine-y-series"],"magazineBlocksPostFeaturedMedia":{"thumbnail":"https:\/\/lobosnews.com.ar\/wp-content\/uploads\/2026\/03\/luego-de-sus-dias-en-milan-wanda-nara-y-martin-migueles-partieron-hacia-un-paradisiaco-destino-6-150x150.jpg","medium":"https:\/\/lobosnews.com.ar\/wp-content\/uploads\/2026\/03\/luego-de-sus-dias-en-milan-wanda-nara-y-martin-migueles-partieron-hacia-un-paradisiaco-destino-6-169x300.jpg","medium_large":"https:\/\/lobosnews.com.ar\/wp-content\/uploads\/2026\/03\/luego-de-sus-dias-en-milan-wanda-nara-y-martin-migueles-partieron-hacia-un-paradisiaco-destino-6-768x1365.jpg","large":"https:\/\/lobosnews.com.ar\/wp-content\/uploads\/2026\/03\/luego-de-sus-dias-en-milan-wanda-nara-y-martin-migueles-partieron-hacia-un-paradisiaco-destino-6-576x1024.jpg","1536x1536":"https:\/\/lobosnews.com.ar\/wp-content\/uploads\/2026\/03\/luego-de-sus-dias-en-milan-wanda-nara-y-martin-migueles-partieron-hacia-un-paradisiaco-destino-6-864x1536.jpg","2048x2048":"https:\/\/lobosnews.com.ar\/wp-content\/uploads\/2026\/03\/luego-de-sus-dias-en-milan-wanda-nara-y-martin-migueles-partieron-hacia-un-paradisiaco-destino-6-1152x2048.jpg","newsmatic-featured":"https:\/\/lobosnews.com.ar\/wp-content\/uploads\/2026\/03\/luego-de-sus-dias-en-milan-wanda-nara-y-martin-migueles-partieron-hacia-un-paradisiaco-destino-6-820x545.jpg","newsmatic-list":"https:\/\/lobosnews.com.ar\/wp-content\/uploads\/2026\/03\/luego-de-sus-dias-en-milan-wanda-nara-y-martin-migueles-partieron-hacia-un-paradisiaco-destino-6-600x400.jpg","newsmatic-thumb":"https:\/\/lobosnews.com.ar\/wp-content\/uploads\/2026\/03\/luego-de-sus-dias-en-milan-wanda-nara-y-martin-migueles-partieron-hacia-un-paradisiaco-destino-6-300x200.jpg","newsmatic-small":"https:\/\/lobosnews.com.ar\/wp-content\/uploads\/2026\/03\/luego-de-sus-dias-en-milan-wanda-nara-y-martin-migueles-partieron-hacia-un-paradisiaco-destino-6-150x95.jpg","newsmatic-grid":"https:\/\/lobosnews.com.ar\/wp-content\/uploads\/2026\/03\/luego-de-sus-dias-en-milan-wanda-nara-y-martin-migueles-partieron-hacia-un-paradisiaco-destino-6-400x250.jpg"},"magazineBlocksPostAuthor":{"name":"admin","avatar":"https:\/\/secure.gravatar.com\/avatar\/76e419471a2083bc3ceab22a763dbbf9b0c1bd15a6214cf3280e2c2dde4580f9?s=96&d=mm&r=g"},"magazineBlocksPostCommentsNumber":"0","magazineBlocksPostExcerpt":"Minutos despu\u00e9s de que Mauro Icardi publicara en redes sociales un extenso comunicado celebrando la sentencia efectiva de divorcio, Wanda Nara sorprendi\u00f3 a sus seguidores con una seguidilla de im\u00e1genes que marcaron un cambio de escenario y de energ\u00eda. Tras su paso por Mil\u00e1n, donde asisti\u00f3 a la audiencia clave por la divisi\u00f3n de bienes...","magazineBlocksPostCategories":["Cine y Series"],"magazineBlocksPostViewCount":93,"magazineBlocksPostReadTime":4,"magazine_blocks_featured_image_url":{"full":["https:\/\/lobosnews.com.ar\/wp-content\/uploads\/2026\/03\/luego-de-sus-dias-en-milan-wanda-nara-y-martin-migueles-partieron-hacia-un-paradisiaco-destino-6.jpg",1320,2346,false],"medium":["https:\/\/lobosnews.com.ar\/wp-content\/uploads\/2026\/03\/luego-de-sus-dias-en-milan-wanda-nara-y-martin-migueles-partieron-hacia-un-paradisiaco-destino-6-169x300.jpg",169,300,true],"thumbnail":["https:\/\/lobosnews.com.ar\/wp-content\/uploads\/2026\/03\/luego-de-sus-dias-en-milan-wanda-nara-y-martin-migueles-partieron-hacia-un-paradisiaco-destino-6-150x150.jpg",150,150,true]},"magazine_blocks_author":{"display_name":"admin","author_link":"https:\/\/lobosnews.com.ar\/index.php\/author\/lobos-news\/"},"magazine_blocks_comment":0,"magazine_blocks_author_image":"https:\/\/secure.gravatar.com\/avatar\/76e419471a2083bc3ceab22a763dbbf9b0c1bd15a6214cf3280e2c2dde4580f9?s=96&d=mm&r=g","magazine_blocks_category":"<a href=\"#\" class=\"category-link category-link-79\">Cine y Series<\/a>","yoast_head":"<!-- This site is optimized with the Yoast SEO plugin v26.6 - https:\/\/yoast.com\/wordpress\/plugins\/seo\/ -->\n<title>Luego de sus d\u00edas en Mil\u00e1n, Wanda Nara y Mart\u00edn Migueles partieron hacia un paradis\u00edaco destino - Lobos News<\/title>\n<meta name=\"robots\" content=\"index, follow, max-snippet:-1, max-image-preview:large, max-video-preview:-1\" \/>\n<link rel=\"canonical\" href=\"https:\/\/lobosnews.com.ar\/index.php\/2026\/03\/12\/luego-de-sus-dias-en-milan-wanda-nara-y-martin-migueles-partieron-hacia-un-paradisiaco-destino\/\" \/>\n<meta property=\"og:locale\" content=\"es_ES\" \/>\n<meta property=\"og:type\" content=\"article\" \/>\n<meta property=\"og:title\" content=\"Luego de sus d\u00edas en Mil\u00e1n, Wanda Nara y Mart\u00edn Migueles partieron hacia un paradis\u00edaco destino - Lobos News\" \/>\n<meta property=\"og:description\" content=\"Minutos despu\u00e9s de que Mauro Icardi publicara en redes sociales un extenso comunicado celebrando la sentencia efectiva de divorcio, Wanda Nara sorprendi\u00f3 a sus seguidores con una seguidilla de im\u00e1genes que marcaron un cambio de escenario y de energ\u00eda. Tras su paso por Mil\u00e1n, donde asisti\u00f3 a la audiencia clave por la divisi\u00f3n de bienes...\" \/>\n<meta property=\"og:url\" content=\"https:\/\/lobosnews.com.ar\/index.php\/2026\/03\/12\/luego-de-sus-dias-en-milan-wanda-nara-y-martin-migueles-partieron-hacia-un-paradisiaco-destino\/\" \/>\n<meta property=\"og:site_name\" content=\"Lobos News\" \/>\n<meta property=\"article:published_time\" content=\"2026-03-12T20:24:53+00:00\" \/>\n<meta property=\"article:modified_time\" content=\"2026-03-12T21:07:37+00:00\" \/>\n<meta property=\"og:image\" content=\"https:\/\/lobosnews.com.ar\/wp-content\/uploads\/2026\/03\/luego-de-sus-dias-en-milan-wanda-nara-y-martin-migueles-partieron-hacia-un-paradisiaco-destino.jpg\" \/>\n<meta name=\"author\" content=\"admin\" \/>\n<meta name=\"twitter:card\" content=\"summary_large_image\" \/>\n<meta name=\"twitter:label1\" content=\"Escrito por\" \/>\n\t<meta name=\"twitter:data1\" content=\"admin\" \/>\n\t<meta name=\"twitter:label2\" content=\"Tiempo de lectura\" \/>\n\t<meta name=\"twitter:data2\" content=\"4 minutos\" \/>\n<script type=\"application\/ld+json\" class=\"yoast-schema-graph\">{\"@context\":\"https:\/\/schema.org\",\"@graph\":[{\"@type\":\"Article\",\"@id\":\"https:\/\/lobosnews.com.ar\/index.php\/2026\/03\/12\/luego-de-sus-dias-en-milan-wanda-nara-y-martin-migueles-partieron-hacia-un-paradisiaco-destino\/#article\",\"isPartOf\":{\"@id\":\"https:\/\/lobosnews.com.ar\/index.php\/2026\/03\/12\/luego-de-sus-dias-en-milan-wanda-nara-y-martin-migueles-partieron-hacia-un-paradisiaco-destino\/\"},\"author\":{\"name\":\"admin\",\"@id\":\"https:\/\/lobosnews.com.ar\/#\/schema\/person\/232422a593d5c541dd9aef6aaed10943\"},\"headline\":\"Luego de sus d\u00edas en Mil\u00e1n, Wanda Nara y Mart\u00edn Migueles partieron hacia un paradis\u00edaco destino\",\"datePublished\":\"2026-03-12T20:24:53+00:00\",\"dateModified\":\"2026-03-12T21:07:37+00:00\",\"mainEntityOfPage\":{\"@id\":\"https:\/\/lobosnews.com.ar\/index.php\/2026\/03\/12\/luego-de-sus-dias-en-milan-wanda-nara-y-martin-migueles-partieron-hacia-un-paradisiaco-destino\/\"},\"wordCount\":727,\"commentCount\":0,\"publisher\":{\"@id\":\"https:\/\/lobosnews.com.ar\/#organization\"},\"image\":{\"@id\":\"https:\/\/lobosnews.com.ar\/index.php\/2026\/03\/12\/luego-de-sus-dias-en-milan-wanda-nara-y-martin-migueles-partieron-hacia-un-paradisiaco-destino\/#primaryimage\"},\"thumbnailUrl\":\"https:\/\/lobosnews.com.ar\/wp-content\/uploads\/2026\/03\/luego-de-sus-dias-en-milan-wanda-nara-y-martin-migueles-partieron-hacia-un-paradisiaco-destino-6.jpg\",\"articleSection\":[\"Cine y Series\"],\"inLanguage\":\"es\",\"potentialAction\":[{\"@type\":\"CommentAction\",\"name\":\"Comment\",\"target\":[\"https:\/\/lobosnews.com.ar\/index.php\/2026\/03\/12\/luego-de-sus-dias-en-milan-wanda-nara-y-martin-migueles-partieron-hacia-un-paradisiaco-destino\/#respond\"]}]},{\"@type\":\"WebPage\",\"@id\":\"https:\/\/lobosnews.com.ar\/index.php\/2026\/03\/12\/luego-de-sus-dias-en-milan-wanda-nara-y-martin-migueles-partieron-hacia-un-paradisiaco-destino\/\",\"url\":\"https:\/\/lobosnews.com.ar\/index.php\/2026\/03\/12\/luego-de-sus-dias-en-milan-wanda-nara-y-martin-migueles-partieron-hacia-un-paradisiaco-destino\/\",\"name\":\"Luego de sus d\u00edas en Mil\u00e1n, Wanda Nara y Mart\u00edn Migueles partieron hacia un paradis\u00edaco destino - Lobos News\",\"isPartOf\":{\"@id\":\"https:\/\/lobosnews.com.ar\/#website\"},\"primaryImageOfPage\":{\"@id\":\"https:\/\/lobosnews.com.ar\/index.php\/2026\/03\/12\/luego-de-sus-dias-en-milan-wanda-nara-y-martin-migueles-partieron-hacia-un-paradisiaco-destino\/#primaryimage\"},\"image\":{\"@id\":\"https:\/\/lobosnews.com.ar\/index.php\/2026\/03\/12\/luego-de-sus-dias-en-milan-wanda-nara-y-martin-migueles-partieron-hacia-un-paradisiaco-destino\/#primaryimage\"},\"thumbnailUrl\":\"https:\/\/lobosnews.com.ar\/wp-content\/uploads\/2026\/03\/luego-de-sus-dias-en-milan-wanda-nara-y-martin-migueles-partieron-hacia-un-paradisiaco-destino-6.jpg\",\"datePublished\":\"2026-03-12T20:24:53+00:00\",\"dateModified\":\"2026-03-12T21:07:37+00:00\",\"breadcrumb\":{\"@id\":\"https:\/\/lobosnews.com.ar\/index.php\/2026\/03\/12\/luego-de-sus-dias-en-milan-wanda-nara-y-martin-migueles-partieron-hacia-un-paradisiaco-destino\/#breadcrumb\"},\"inLanguage\":\"es\",\"potentialAction\":[{\"@type\":\"ReadAction\",\"target\":[\"https:\/\/lobosnews.com.ar\/index.php\/2026\/03\/12\/luego-de-sus-dias-en-milan-wanda-nara-y-martin-migueles-partieron-hacia-un-paradisiaco-destino\/\"]}]},{\"@type\":\"ImageObject\",\"inLanguage\":\"es\",\"@id\":\"https:\/\/lobosnews.com.ar\/index.php\/2026\/03\/12\/luego-de-sus-dias-en-milan-wanda-nara-y-martin-migueles-partieron-hacia-un-paradisiaco-destino\/#primaryimage\",\"url\":\"https:\/\/lobosnews.com.ar\/wp-content\/uploads\/2026\/03\/luego-de-sus-dias-en-milan-wanda-nara-y-martin-migueles-partieron-hacia-un-paradisiaco-destino-6.jpg\",\"contentUrl\":\"https:\/\/lobosnews.com.ar\/wp-content\/uploads\/2026\/03\/luego-de-sus-dias-en-milan-wanda-nara-y-martin-migueles-partieron-hacia-un-paradisiaco-destino-6.jpg\",\"width\":1320,\"height\":2346,\"caption\":\"Luego de sus d\u00edas en Mil\u00e1n, Wanda Nara y Mart\u00edn Migueles partieron hacia un paradis\u00edaco destino\"},{\"@type\":\"BreadcrumbList\",\"@id\":\"https:\/\/lobosnews.com.ar\/index.php\/2026\/03\/12\/luego-de-sus-dias-en-milan-wanda-nara-y-martin-migueles-partieron-hacia-un-paradisiaco-destino\/#breadcrumb\",\"itemListElement\":[{\"@type\":\"ListItem\",\"position\":1,\"name\":\"Portada\",\"item\":\"https:\/\/lobosnews.com.ar\/\"},{\"@type\":\"ListItem\",\"position\":2,\"name\":\"Luego de sus d\u00edas en Mil\u00e1n, Wanda Nara y Mart\u00edn Migueles partieron hacia un paradis\u00edaco destino\"}]},{\"@type\":\"WebSite\",\"@id\":\"https:\/\/lobosnews.com.ar\/#website\",\"url\":\"https:\/\/lobosnews.com.ar\/\",\"name\":\"Lobos News\",\"description\":\"Informaci\u00f3n a cada instante\",\"publisher\":{\"@id\":\"https:\/\/lobosnews.com.ar\/#organization\"},\"potentialAction\":[{\"@type\":\"SearchAction\",\"target\":{\"@type\":\"EntryPoint\",\"urlTemplate\":\"https:\/\/lobosnews.com.ar\/?s={search_term_string}\"},\"query-input\":{\"@type\":\"PropertyValueSpecification\",\"valueRequired\":true,\"valueName\":\"search_term_string\"}}],\"inLanguage\":\"es\"},{\"@type\":\"Organization\",\"@id\":\"https:\/\/lobosnews.com.ar\/#organization\",\"name\":\"Lobos News\",\"url\":\"https:\/\/lobosnews.com.ar\/\",\"logo\":{\"@type\":\"ImageObject\",\"inLanguage\":\"es\",\"@id\":\"https:\/\/lobosnews.com.ar\/#\/schema\/logo\/image\/\",\"url\":\"https:\/\/lobosnews.com.ar\/wp-content\/uploads\/2026\/01\/logo-lobosnews.png\",\"contentUrl\":\"https:\/\/lobosnews.com.ar\/wp-content\/uploads\/2026\/01\/logo-lobosnews.png\",\"width\":500,\"height\":200,\"caption\":\"Lobos News\"},\"image\":{\"@id\":\"https:\/\/lobosnews.com.ar\/#\/schema\/logo\/image\/\"}},{\"@type\":\"Person\",\"@id\":\"https:\/\/lobosnews.com.ar\/#\/schema\/person\/232422a593d5c541dd9aef6aaed10943\",\"name\":\"admin\",\"image\":{\"@type\":\"ImageObject\",\"inLanguage\":\"es\",\"@id\":\"https:\/\/lobosnews.com.ar\/#\/schema\/person\/image\/\",\"url\":\"https:\/\/secure.gravatar.com\/avatar\/76e419471a2083bc3ceab22a763dbbf9b0c1bd15a6214cf3280e2c2dde4580f9?s=96&d=mm&r=g\",\"contentUrl\":\"https:\/\/secure.gravatar.com\/avatar\/76e419471a2083bc3ceab22a763dbbf9b0c1bd15a6214cf3280e2c2dde4580f9?s=96&d=mm&r=g\",\"caption\":\"admin\"},\"sameAs\":[\"https:\/\/lobosnews.com.ar\"],\"url\":\"https:\/\/lobosnews.com.ar\/index.php\/author\/lobos-news\/\"}]}<\/script>\n<!-- \/ Yoast SEO plugin. -->","yoast_head_json":{"title":"Luego de sus d\u00edas en Mil\u00e1n, Wanda Nara y Mart\u00edn Migueles partieron hacia un paradis\u00edaco destino - Lobos News","robots":{"index":"index","follow":"follow","max-snippet":"max-snippet:-1","max-image-preview":"max-image-preview:large","max-video-preview":"max-video-preview:-1"},"canonical":"https:\/\/lobosnews.com.ar\/index.php\/2026\/03\/12\/luego-de-sus-dias-en-milan-wanda-nara-y-martin-migueles-partieron-hacia-un-paradisiaco-destino\/","og_locale":"es_ES","og_type":"article","og_title":"Luego de sus d\u00edas en Mil\u00e1n, Wanda Nara y Mart\u00edn Migueles partieron hacia un paradis\u00edaco destino - Lobos News","og_description":"Minutos despu\u00e9s de que Mauro Icardi publicara en redes sociales un extenso comunicado celebrando la sentencia efectiva de divorcio, Wanda Nara sorprendi\u00f3 a sus seguidores con una seguidilla de im\u00e1genes que marcaron un cambio de escenario y de energ\u00eda. Tras su paso por Mil\u00e1n, donde asisti\u00f3 a la audiencia clave por la divisi\u00f3n de bienes...","og_url":"https:\/\/lobosnews.com.ar\/index.php\/2026\/03\/12\/luego-de-sus-dias-en-milan-wanda-nara-y-martin-migueles-partieron-hacia-un-paradisiaco-destino\/","og_site_name":"Lobos News","article_published_time":"2026-03-12T20:24:53+00:00","article_modified_time":"2026-03-12T21:07:37+00:00","og_image":[{"url":"https:\/\/lobosnews.com.ar\/wp-content\/uploads\/2026\/03\/luego-de-sus-dias-en-milan-wanda-nara-y-martin-migueles-partieron-hacia-un-paradisiaco-destino.jpg","type":"","width":"","height":""}],"author":"admin","twitter_card":"summary_large_image","twitter_misc":{"Escrito por":"admin","Tiempo de lectura":"4 minutos"},"schema":{"@context":"https:\/\/schema.org","@graph":[{"@type":"Article","@id":"https:\/\/lobosnews.com.ar\/index.php\/2026\/03\/12\/luego-de-sus-dias-en-milan-wanda-nara-y-martin-migueles-partieron-hacia-un-paradisiaco-destino\/#article","isPartOf":{"@id":"https:\/\/lobosnews.com.ar\/index.php\/2026\/03\/12\/luego-de-sus-dias-en-milan-wanda-nara-y-martin-migueles-partieron-hacia-un-paradisiaco-destino\/"},"author":{"name":"admin","@id":"https:\/\/lobosnews.com.ar\/#\/schema\/person\/232422a593d5c541dd9aef6aaed10943"},"headline":"Luego de sus d\u00edas en Mil\u00e1n, Wanda Nara y Mart\u00edn Migueles partieron hacia un paradis\u00edaco destino","datePublished":"2026-03-12T20:24:53+00:00","dateModified":"2026-03-12T21:07:37+00:00","mainEntityOfPage":{"@id":"https:\/\/lobosnews.com.ar\/index.php\/2026\/03\/12\/luego-de-sus-dias-en-milan-wanda-nara-y-martin-migueles-partieron-hacia-un-paradisiaco-destino\/"},"wordCount":727,"commentCount":0,"publisher":{"@id":"https:\/\/lobosnews.com.ar\/#organization"},"image":{"@id":"https:\/\/lobosnews.com.ar\/index.php\/2026\/03\/12\/luego-de-sus-dias-en-milan-wanda-nara-y-martin-migueles-partieron-hacia-un-paradisiaco-destino\/#primaryimage"},"thumbnailUrl":"https:\/\/lobosnews.com.ar\/wp-content\/uploads\/2026\/03\/luego-de-sus-dias-en-milan-wanda-nara-y-martin-migueles-partieron-hacia-un-paradisiaco-destino-6.jpg","articleSection":["Cine y Series"],"inLanguage":"es","potentialAction":[{"@type":"CommentAction","name":"Comment","target":["https:\/\/lobosnews.com.ar\/index.php\/2026\/03\/12\/luego-de-sus-dias-en-milan-wanda-nara-y-martin-migueles-partieron-hacia-un-paradisiaco-destino\/#respond"]}]},{"@type":"WebPage","@id":"https:\/\/lobosnews.com.ar\/index.php\/2026\/03\/12\/luego-de-sus-dias-en-milan-wanda-nara-y-martin-migueles-partieron-hacia-un-paradisiaco-destino\/","url":"https:\/\/lobosnews.com.ar\/index.php\/2026\/03\/12\/luego-de-sus-dias-en-milan-wanda-nara-y-martin-migueles-partieron-hacia-un-paradisiaco-destino\/","name":"Luego de sus d\u00edas en Mil\u00e1n, Wanda Nara y Mart\u00edn Migueles partieron hacia un paradis\u00edaco destino - Lobos News","isPartOf":{"@id":"https:\/\/lobosnews.com.ar\/#website"},"primaryImageOfPage":{"@id":"https:\/\/lobosnews.com.ar\/index.php\/2026\/03\/12\/luego-de-sus-dias-en-milan-wanda-nara-y-martin-migueles-partieron-hacia-un-paradisiaco-destino\/#primaryimage"},"image":{"@id":"https:\/\/lobosnews.com.ar\/index.php\/2026\/03\/12\/luego-de-sus-dias-en-milan-wanda-nara-y-martin-migueles-partieron-hacia-un-paradisiaco-destino\/#primaryimage"},"thumbnailUrl":"https:\/\/lobosnews.com.ar\/wp-content\/uploads\/2026\/03\/luego-de-sus-dias-en-milan-wanda-nara-y-martin-migueles-partieron-hacia-un-paradisiaco-destino-6.jpg","datePublished":"2026-03-12T20:24:53+00:00","dateModified":"2026-03-12T21:07:37+00:00","breadcrumb":{"@id":"https:\/\/lobosnews.com.ar\/index.php\/2026\/03\/12\/luego-de-sus-dias-en-milan-wanda-nara-y-martin-migueles-partieron-hacia-un-paradisiaco-destino\/#breadcrumb"},"inLanguage":"es","potentialAction":[{"@type":"ReadAction","target":["https:\/\/lobosnews.com.ar\/index.php\/2026\/03\/12\/luego-de-sus-dias-en-milan-wanda-nara-y-martin-migueles-partieron-hacia-un-paradisiaco-destino\/"]}]},{"@type":"ImageObject","inLanguage":"es","@id":"https:\/\/lobosnews.com.ar\/index.php\/2026\/03\/12\/luego-de-sus-dias-en-milan-wanda-nara-y-martin-migueles-partieron-hacia-un-paradisiaco-destino\/#primaryimage","url":"https:\/\/lobosnews.com.ar\/wp-content\/uploads\/2026\/03\/luego-de-sus-dias-en-milan-wanda-nara-y-martin-migueles-partieron-hacia-un-paradisiaco-destino-6.jpg","contentUrl":"https:\/\/lobosnews.com.ar\/wp-content\/uploads\/2026\/03\/luego-de-sus-dias-en-milan-wanda-nara-y-martin-migueles-partieron-hacia-un-paradisiaco-destino-6.jpg","width":1320,"height":2346,"caption":"Luego de sus d\u00edas en Mil\u00e1n, Wanda Nara y Mart\u00edn Migueles partieron hacia un paradis\u00edaco destino"},{"@type":"BreadcrumbList","@id":"https:\/\/lobosnews.com.ar\/index.php\/2026\/03\/12\/luego-de-sus-dias-en-milan-wanda-nara-y-martin-migueles-partieron-hacia-un-paradisiaco-destino\/#breadcrumb","itemListElement":[{"@type":"ListItem","position":1,"name":"Portada","item":"https:\/\/lobosnews.com.ar\/"},{"@type":"ListItem","position":2,"name":"Luego de sus d\u00edas en Mil\u00e1n, Wanda Nara y Mart\u00edn Migueles partieron hacia un paradis\u00edaco destino"}]},{"@type":"WebSite","@id":"https:\/\/lobosnews.com.ar\/#website","url":"https:\/\/lobosnews.com.ar\/","name":"Lobos News","description":"Informaci\u00f3n a cada instante","publisher":{"@id":"https:\/\/lobosnews.com.ar\/#organization"},"potentialAction":[{"@type":"SearchAction","target":{"@type":"EntryPoint","urlTemplate":"https:\/\/lobosnews.com.ar\/?s={search_term_string}"},"query-input":{"@type":"PropertyValueSpecification","valueRequired":true,"valueName":"search_term_string"}}],"inLanguage":"es"},{"@type":"Organization","@id":"https:\/\/lobosnews.com.ar\/#organization","name":"Lobos News","url":"https:\/\/lobosnews.com.ar\/","logo":{"@type":"ImageObject","inLanguage":"es","@id":"https:\/\/lobosnews.com.ar\/#\/schema\/logo\/image\/","url":"https:\/\/lobosnews.com.ar\/wp-content\/uploads\/2026\/01\/logo-lobosnews.png","contentUrl":"https:\/\/lobosnews.com.ar\/wp-content\/uploads\/2026\/01\/logo-lobosnews.png","width":500,"height":200,"caption":"Lobos News"},"image":{"@id":"https:\/\/lobosnews.com.ar\/#\/schema\/logo\/image\/"}},{"@type":"Person","@id":"https:\/\/lobosnews.com.ar\/#\/schema\/person\/232422a593d5c541dd9aef6aaed10943","name":"admin","image":{"@type":"ImageObject","inLanguage":"es","@id":"https:\/\/lobosnews.com.ar\/#\/schema\/person\/image\/","url":"https:\/\/secure.gravatar.com\/avatar\/76e419471a2083bc3ceab22a763dbbf9b0c1bd15a6214cf3280e2c2dde4580f9?s=96&d=mm&r=g","contentUrl":"https:\/\/secure.gravatar.com\/avatar\/76e419471a2083bc3ceab22a763dbbf9b0c1bd15a6214cf3280e2c2dde4580f9?s=96&d=mm&r=g","caption":"admin"},"sameAs":["https:\/\/lobosnews.com.ar"],"url":"https:\/\/lobosnews.com.ar\/index.php\/author\/lobos-news\/"}]}},"jetpack_featured_media_url":"https:\/\/lobosnews.com.ar\/wp-content\/uploads\/2026\/03\/luego-de-sus-dias-en-milan-wanda-nara-y-martin-migueles-partieron-hacia-un-paradisiaco-destino-6.jpg","jetpack_sharing_enabled":true,"_links":{"self":[{"href":"https:\/\/lobosnews.com.ar\/index.php\/wp-json\/wp\/v2\/posts\/32581","targetHints":{"allow":["GET"]}}],"collection":[{"href":"https:\/\/lobosnews.com.ar\/index.php\/wp-json\/wp\/v2\/posts"}],"about":[{"href":"https:\/\/lobosnews.com.ar\/index.php\/wp-json\/wp\/v2\/types\/post"}],"author":[{"embeddable":true,"href":"https:\/\/lobosnews.com.ar\/index.php\/wp-json\/wp\/v2\/users\/1"}],"replies":[{"embeddable":true,"href":"https:\/\/lobosnews.com.ar\/index.php\/wp-json\/wp\/v2\/comments?post=32581"}],"version-history":[{"count":1,"href":"https:\/\/lobosnews.com.ar\/index.php\/wp-json\/wp\/v2\/posts\/32581\/revisions"}],"predecessor-version":[{"id":32586,"href":"https:\/\/lobosnews.com.ar\/index.php\/wp-json\/wp\/v2\/posts\/32581\/revisions\/32586"}],"wp:featuredmedia":[{"embeddable":true,"href":"https:\/\/lobosnews.com.ar\/index.php\/wp-json\/wp\/v2\/media\/32587"}],"wp:attachment":[{"href":"https:\/\/lobosnews.com.ar\/index.php\/wp-json\/wp\/v2\/media?parent=32581"}],"wp:term":[{"taxonomy":"category","embeddable":true,"href":"https:\/\/lobosnews.com.ar\/index.php\/wp-json\/wp\/v2\/categories?post=32581"},{"taxonomy":"post_tag","embeddable":true,"href":"https:\/\/lobosnews.com.ar\/index.php\/wp-json\/wp\/v2\/tags?post=32581"}],"curies":[{"name":"wp","href":"https:\/\/api.w.org\/{rel}","templated":true}]}}