{"id":32546,"date":"2026-03-12T16:57:03","date_gmt":"2026-03-12T16:57:03","guid":{"rendered":"https:\/\/lobosnews.com.ar\/index.php\/2026\/03\/12\/trump-dijo-que-iran-no-deberia-ir-al-mundial-por-su-propia-seguridad\/"},"modified":"2026-03-12T20:48:49","modified_gmt":"2026-03-12T20:48:49","slug":"trump-dijo-que-iran-no-deberia-ir-al-mundial-por-su-propia-seguridad","status":"publish","type":"post","link":"https:\/\/lobosnews.com.ar\/index.php\/2026\/03\/12\/trump-dijo-que-iran-no-deberia-ir-al-mundial-por-su-propia-seguridad\/","title":{"rendered":"Trump dijo que Ir\u00e1n no deber\u00eda ir al Mundial por su \u201cpropia seguridad\u201d"},"content":{"rendered":"<p><img loading=\"lazy\" decoding=\"async\" src=\"https:\/\/lobosnews.com.ar\/wp-content\/uploads\/2026\/03\/trump-dijo-que-iran-no-deberia-ir-al-mundial-por-su-propia-seguridad.jpg\" alt=\"Jugadores de la selecci\u00f3n nacional de Ir\u00e1n posan antes de un partido de eliminatorias en Teher\u00e1n, el 20 de marzo de 2025. (WANA via Reuters)\" height=\"2800\" width=\"4374\"\/><\/p>\n<p>El presidente de Estados Unidos, <b>Donald Trump, afirm\u00f3 este jueves que Ir\u00e1n no deber\u00eda participar en el pr\u00f3ximo Mundial de f\u00fatbol en Norteam\u00e9rica por \u201csu propia seguridad<\/b>\u201d, en plena guerra en Oriente Medio. <\/p>\n<p>A trav\u00e9s de su plataforma <i>Truth Social<\/i>, <b>Trump puso en duda la conveniencia de la presencia iran\u00ed en el torneo, que comienza en menos de 100 d\u00edas<\/b>, en medio de la guerra abierta en Oriente Medio.<\/p>\n<p><b>\u201cLa selecci\u00f3n nacional de f\u00fatbol de Ir\u00e1n es bienvenida al Mundial, pero realmente no creo que sea apropiado que est\u00e9n ah\u00ed, por su propia vida y seguridad\u201d<\/b>, escribi\u00f3 el mandatario.<\/p>\n<p><img loading=\"lazy\" decoding=\"async\" src=\"https:\/\/lobosnews.com.ar\/wp-content\/uploads\/2026\/03\/trump-dijo-que-iran-no-deberia-ir-al-mundial-por-su-propia-seguridad-1.jpg\" alt=\"El posteo de Trump en Truth Social.\" height=\"352\" width=\"649\"\/><\/p>\n<p>Esta postura choca con lo reportado el martes por el presidente de la FIFA, <b>Gianni Infantino<\/b>. Tras una reuni\u00f3n en la Casa Blanca, el dirigente del f\u00fatbol mundial asegur\u00f3 que <span class=\"waslinkname\">Trump le hab\u00eda garantizado que los jugadores iran\u00edes ser\u00edan bienvenidos<\/span> en Estados Unidos pese a las hostilidades militares que Washington e Israel mantienen contra Teher\u00e1n desde el pasado 28 de febrero.<\/p>\n<h2>Un conflicto que desborda la cancha<\/h2>\n<p>La incertidumbre sobre la participaci\u00f3n de Ir\u00e1n no proviene solo de la Casa Blanca. <b>En Teher\u00e1n, el gobierno ya ha dado se\u00f1ales de retirada.<\/b> El ministro de Deportes, <b>Ahmad Donyamali<\/b>, fue tajante el mi\u00e9rcoles al declarar que <span class=\"waslinkname\"><b>\u201cno existen condiciones\u201d para que su pa\u00eds compita.<\/b><\/span><\/p>\n<p><b>\u201cDefinitivamente, no tenemos ninguna posibilidad de participar de esta manera\u201d, <\/b>se\u00f1al\u00f3 Donyamali a medios internacionales. El funcionario vincul\u00f3 la decisi\u00f3n al ataque estadounidense e israel\u00ed del mes pasado en el que muri\u00f3 el l\u00edder iran\u00ed, el ayatol\u00e1 <b>Al\u00ed Khmenei<\/b>. Seg\u00fan el r\u00e9gimen, el conflicto ha provocado la muerte de miles de civiles en los \u00faltimos meses, lo que hace <b>\u201cimposible\u201d centrarse en la competici\u00f3n deportiva.<\/b><\/p>\n<p>Ir\u00e1n est\u00e1 encuadrado en el Grupo G y <b>sus tres partidos de la primera fase est\u00e1n programados en ciudades de Estados Unidos:<\/b> dos en Los \u00c1ngeles y uno en Seattle. Sus rivales asignados son B\u00e9lgica, Egipto y Nueva Zelanda.<\/p>\n<h2>El antecedente de las jugadoras asiladas<\/h2>\n<p><img loading=\"lazy\" decoding=\"async\" src=\"https:\/\/lobosnews.com.ar\/wp-content\/uploads\/2026\/03\/trump-dijo-que-iran-no-deberia-ir-al-mundial-por-su-propia-seguridad-2.jpg\" alt=\" Tras una reuni\u00f3n en la Casa Blanca, Infantino asegur\u00f3 que Trump le hab\u00eda garantizado que los jugadores iran\u00edes ser\u00edan bienvenidos en Estados Unidos \" height=\"1280\" width=\"1920\"\/><\/p>\n<p>La tensi\u00f3n pol\u00edtica ya hab\u00eda fracturado la estructura del f\u00fatbol iran\u00ed antes de la escalada b\u00e9lica. Durante la reciente Copa de Asia femenina en Australia,<b> cinco jugadoras de la selecci\u00f3n nacional solicitaron asilo pol\u00edtico tras negarse a cantar el himno de su pa\u00eds,<\/b> un gesto de protesta que tem\u00edan les acarreara represalias graves al volver a Teher\u00e1n.<\/p>\n<p><b>Trump intervino p\u00fablicamente en este episodio, instando al gobierno australiano a concederles el refugio.<\/b> Australia finalmente otorg\u00f3 visados humanitarios a las atletas que decidieron no regresar.<\/p>\n<p>El presidente de la Federaci\u00f3n Iran\u00ed de F\u00fatbol, Mehdi Taj, utiliz\u00f3 este incidente para cuestionar la neutralidad de la sede mundialista. <b>\u201c\u00bfQu\u00e9 persona sensata enviar\u00eda a su selecci\u00f3n nacional a Estados Unidos si la Copa del Mundo fuera tan pol\u00edtica como lo fue la Copa de Asia en Australia\u201d,<\/b> pregunt\u00f3 Taj, sugiriendo un boicot antes incluso de que el gobierno confirmara la retirada.<\/p>\n<h2>Multas y el posible reemplazo de Irak<\/h2>\n<p><b>La FIFA a\u00fan no ha emitido una comunicaci\u00f3n oficial retirando a Ir\u00e1n del sorteo<\/b>, pero el reglamento para el torneo de 2026 es severo. Una retirada a menos de 30 d\u00edas del inicio conlleva una multa m\u00ednima de 550,000 euros, adem\u00e1s de la obligaci\u00f3n de devolver los fondos de preparaci\u00f3n y la posible exclusi\u00f3n de futuras competencias internacionales.<\/p>\n<p>Si se formaliza la baja,<b> la plaza vacante debe ser ocupada por otra federaci\u00f3n de la Confederaci\u00f3n Asi\u00e1tica (AFC)<\/b>. Seg\u00fan el orden de clasificaci\u00f3n, la selecci\u00f3n de Irak es la principal candidata para ocupar el puesto. Irak ya tiene programado un partido de repesca intercontinental contra el ganador de Bolivia y Surinam para el 31 de marzo en Monterrey, M\u00e9xico.<\/p>\n<p>Sin embargo, la federaci\u00f3n iraqu\u00ed tambi\u00e9n ha solicitado el aplazamiento de sus compromisos debido a la inestabilidad en la regi\u00f3n, lo que deja a la FIFA en una posici\u00f3n log\u00edstica cr\u00edtica a semanas de la inauguraci\u00f3n.<\/p>\n","protected":false},"excerpt":{"rendered":"<p>El presidente de Estados Unidos, Donald Trump, afirm\u00f3 este jueves que Ir\u00e1n no deber\u00eda participar en el pr\u00f3ximo Mundial de f\u00fatbol en Norteam\u00e9rica por \u201csu propia seguridad\u201d, en plena guerra en Oriente Medio. A trav\u00e9s de su plataforma Truth Social, Trump puso en duda la conveniencia de la presencia iran\u00ed en el torneo, que comienza&#8230;<\/p>\n","protected":false},"author":1,"featured_media":0,"comment_status":"open","ping_status":"closed","sticky":false,"template":"","format":"standard","meta":{"_jetpack_memberships_contains_paid_content":false,"footnotes":""},"categories":[30],"tags":[39],"class_list":["post-32546","post","type-post","status-publish","format-standard","hentry","category-argentina","tag-deportes"],"magazineBlocksPostFeaturedMedia":{"thumbnail":false,"medium":false,"medium_large":false,"large":false,"1536x1536":false,"2048x2048":false,"newsmatic-featured":false,"newsmatic-list":false,"newsmatic-thumb":false,"newsmatic-small":false,"newsmatic-grid":false},"magazineBlocksPostAuthor":{"name":"admin","avatar":"https:\/\/secure.gravatar.com\/avatar\/76e419471a2083bc3ceab22a763dbbf9b0c1bd15a6214cf3280e2c2dde4580f9?s=96&d=mm&r=g"},"magazineBlocksPostCommentsNumber":"0","magazineBlocksPostExcerpt":"El presidente de Estados Unidos, Donald Trump, afirm\u00f3 este jueves que Ir\u00e1n no deber\u00eda participar en el pr\u00f3ximo Mundial de f\u00fatbol en Norteam\u00e9rica por \u201csu propia seguridad\u201d, en plena guerra en Oriente Medio. A trav\u00e9s de su plataforma Truth Social, Trump puso en duda la conveniencia de la presencia iran\u00ed en el torneo, que comienza...","magazineBlocksPostCategories":["Argentina"],"magazineBlocksPostViewCount":87,"magazineBlocksPostReadTime":4,"magazine_blocks_featured_image_url":{"full":false,"medium":false,"thumbnail":false},"magazine_blocks_author":{"display_name":"admin","author_link":"https:\/\/lobosnews.com.ar\/index.php\/author\/lobos-news\/"},"magazine_blocks_comment":0,"magazine_blocks_author_image":"https:\/\/secure.gravatar.com\/avatar\/76e419471a2083bc3ceab22a763dbbf9b0c1bd15a6214cf3280e2c2dde4580f9?s=96&d=mm&r=g","magazine_blocks_category":"<a href=\"#\" class=\"category-link category-link-30\">Argentina<\/a>","yoast_head":"<!-- This site is optimized with the Yoast SEO plugin v26.6 - https:\/\/yoast.com\/wordpress\/plugins\/seo\/ -->\n<title>Trump dijo que Ir\u00e1n no deber\u00eda ir al Mundial por su \u201cpropia seguridad\u201d - Lobos News<\/title>\n<meta name=\"robots\" content=\"index, follow, max-snippet:-1, max-image-preview:large, max-video-preview:-1\" \/>\n<link rel=\"canonical\" href=\"https:\/\/lobosnews.com.ar\/index.php\/2026\/03\/12\/trump-dijo-que-iran-no-deberia-ir-al-mundial-por-su-propia-seguridad\/\" \/>\n<meta property=\"og:locale\" content=\"es_ES\" \/>\n<meta property=\"og:type\" content=\"article\" \/>\n<meta property=\"og:title\" content=\"Trump dijo que Ir\u00e1n no deber\u00eda ir al Mundial por su \u201cpropia seguridad\u201d - Lobos News\" \/>\n<meta property=\"og:description\" content=\"El presidente de Estados Unidos, Donald Trump, afirm\u00f3 este jueves que Ir\u00e1n no deber\u00eda participar en el pr\u00f3ximo Mundial de f\u00fatbol en Norteam\u00e9rica por \u201csu propia seguridad\u201d, en plena guerra en Oriente Medio. A trav\u00e9s de su plataforma Truth Social, Trump puso en duda la conveniencia de la presencia iran\u00ed en el torneo, que comienza...\" \/>\n<meta property=\"og:url\" content=\"https:\/\/lobosnews.com.ar\/index.php\/2026\/03\/12\/trump-dijo-que-iran-no-deberia-ir-al-mundial-por-su-propia-seguridad\/\" \/>\n<meta property=\"og:site_name\" content=\"Lobos News\" \/>\n<meta property=\"article:published_time\" content=\"2026-03-12T16:57:03+00:00\" \/>\n<meta property=\"article:modified_time\" content=\"2026-03-12T20:48:49+00:00\" \/>\n<meta property=\"og:image\" content=\"https:\/\/lobosnews.com.ar\/wp-content\/uploads\/2026\/03\/trump-dijo-que-iran-no-deberia-ir-al-mundial-por-su-propia-seguridad.jpg\" \/>\n<meta name=\"author\" content=\"admin\" \/>\n<meta name=\"twitter:card\" content=\"summary_large_image\" \/>\n<meta name=\"twitter:label1\" content=\"Escrito por\" \/>\n\t<meta name=\"twitter:data1\" content=\"admin\" \/>\n\t<meta name=\"twitter:label2\" content=\"Tiempo de lectura\" \/>\n\t<meta name=\"twitter:data2\" content=\"3 minutos\" \/>\n<script type=\"application\/ld+json\" class=\"yoast-schema-graph\">{\"@context\":\"https:\/\/schema.org\",\"@graph\":[{\"@type\":\"Article\",\"@id\":\"https:\/\/lobosnews.com.ar\/index.php\/2026\/03\/12\/trump-dijo-que-iran-no-deberia-ir-al-mundial-por-su-propia-seguridad\/#article\",\"isPartOf\":{\"@id\":\"https:\/\/lobosnews.com.ar\/index.php\/2026\/03\/12\/trump-dijo-que-iran-no-deberia-ir-al-mundial-por-su-propia-seguridad\/\"},\"author\":{\"name\":\"admin\",\"@id\":\"https:\/\/lobosnews.com.ar\/#\/schema\/person\/232422a593d5c541dd9aef6aaed10943\"},\"headline\":\"Trump dijo que Ir\u00e1n no deber\u00eda ir al Mundial por su \u201cpropia seguridad\u201d\",\"datePublished\":\"2026-03-12T16:57:03+00:00\",\"dateModified\":\"2026-03-12T20:48:49+00:00\",\"mainEntityOfPage\":{\"@id\":\"https:\/\/lobosnews.com.ar\/index.php\/2026\/03\/12\/trump-dijo-que-iran-no-deberia-ir-al-mundial-por-su-propia-seguridad\/\"},\"wordCount\":708,\"commentCount\":0,\"publisher\":{\"@id\":\"https:\/\/lobosnews.com.ar\/#organization\"},\"image\":{\"@id\":\"https:\/\/lobosnews.com.ar\/index.php\/2026\/03\/12\/trump-dijo-que-iran-no-deberia-ir-al-mundial-por-su-propia-seguridad\/#primaryimage\"},\"thumbnailUrl\":\"https:\/\/lobosnews.com.ar\/wp-content\/uploads\/2026\/03\/trump-dijo-que-iran-no-deberia-ir-al-mundial-por-su-propia-seguridad.jpg\",\"keywords\":[\"Deportes\"],\"articleSection\":[\"Argentina\"],\"inLanguage\":\"es\",\"potentialAction\":[{\"@type\":\"CommentAction\",\"name\":\"Comment\",\"target\":[\"https:\/\/lobosnews.com.ar\/index.php\/2026\/03\/12\/trump-dijo-que-iran-no-deberia-ir-al-mundial-por-su-propia-seguridad\/#respond\"]}]},{\"@type\":\"WebPage\",\"@id\":\"https:\/\/lobosnews.com.ar\/index.php\/2026\/03\/12\/trump-dijo-que-iran-no-deberia-ir-al-mundial-por-su-propia-seguridad\/\",\"url\":\"https:\/\/lobosnews.com.ar\/index.php\/2026\/03\/12\/trump-dijo-que-iran-no-deberia-ir-al-mundial-por-su-propia-seguridad\/\",\"name\":\"Trump dijo que Ir\u00e1n no deber\u00eda ir al Mundial por su \u201cpropia seguridad\u201d - Lobos News\",\"isPartOf\":{\"@id\":\"https:\/\/lobosnews.com.ar\/#website\"},\"primaryImageOfPage\":{\"@id\":\"https:\/\/lobosnews.com.ar\/index.php\/2026\/03\/12\/trump-dijo-que-iran-no-deberia-ir-al-mundial-por-su-propia-seguridad\/#primaryimage\"},\"image\":{\"@id\":\"https:\/\/lobosnews.com.ar\/index.php\/2026\/03\/12\/trump-dijo-que-iran-no-deberia-ir-al-mundial-por-su-propia-seguridad\/#primaryimage\"},\"thumbnailUrl\":\"https:\/\/lobosnews.com.ar\/wp-content\/uploads\/2026\/03\/trump-dijo-que-iran-no-deberia-ir-al-mundial-por-su-propia-seguridad.jpg\",\"datePublished\":\"2026-03-12T16:57:03+00:00\",\"dateModified\":\"2026-03-12T20:48:49+00:00\",\"breadcrumb\":{\"@id\":\"https:\/\/lobosnews.com.ar\/index.php\/2026\/03\/12\/trump-dijo-que-iran-no-deberia-ir-al-mundial-por-su-propia-seguridad\/#breadcrumb\"},\"inLanguage\":\"es\",\"potentialAction\":[{\"@type\":\"ReadAction\",\"target\":[\"https:\/\/lobosnews.com.ar\/index.php\/2026\/03\/12\/trump-dijo-que-iran-no-deberia-ir-al-mundial-por-su-propia-seguridad\/\"]}]},{\"@type\":\"ImageObject\",\"inLanguage\":\"es\",\"@id\":\"https:\/\/lobosnews.com.ar\/index.php\/2026\/03\/12\/trump-dijo-que-iran-no-deberia-ir-al-mundial-por-su-propia-seguridad\/#primaryimage\",\"url\":\"https:\/\/lobosnews.com.ar\/wp-content\/uploads\/2026\/03\/trump-dijo-que-iran-no-deberia-ir-al-mundial-por-su-propia-seguridad.jpg\",\"contentUrl\":\"https:\/\/lobosnews.com.ar\/wp-content\/uploads\/2026\/03\/trump-dijo-que-iran-no-deberia-ir-al-mundial-por-su-propia-seguridad.jpg\"},{\"@type\":\"BreadcrumbList\",\"@id\":\"https:\/\/lobosnews.com.ar\/index.php\/2026\/03\/12\/trump-dijo-que-iran-no-deberia-ir-al-mundial-por-su-propia-seguridad\/#breadcrumb\",\"itemListElement\":[{\"@type\":\"ListItem\",\"position\":1,\"name\":\"Portada\",\"item\":\"https:\/\/lobosnews.com.ar\/\"},{\"@type\":\"ListItem\",\"position\":2,\"name\":\"Trump dijo que Ir\u00e1n no deber\u00eda ir al Mundial por su \u201cpropia seguridad\u201d\"}]},{\"@type\":\"WebSite\",\"@id\":\"https:\/\/lobosnews.com.ar\/#website\",\"url\":\"https:\/\/lobosnews.com.ar\/\",\"name\":\"Lobos News\",\"description\":\"Informaci\u00f3n a cada instante\",\"publisher\":{\"@id\":\"https:\/\/lobosnews.com.ar\/#organization\"},\"potentialAction\":[{\"@type\":\"SearchAction\",\"target\":{\"@type\":\"EntryPoint\",\"urlTemplate\":\"https:\/\/lobosnews.com.ar\/?s={search_term_string}\"},\"query-input\":{\"@type\":\"PropertyValueSpecification\",\"valueRequired\":true,\"valueName\":\"search_term_string\"}}],\"inLanguage\":\"es\"},{\"@type\":\"Organization\",\"@id\":\"https:\/\/lobosnews.com.ar\/#organization\",\"name\":\"Lobos News\",\"url\":\"https:\/\/lobosnews.com.ar\/\",\"logo\":{\"@type\":\"ImageObject\",\"inLanguage\":\"es\",\"@id\":\"https:\/\/lobosnews.com.ar\/#\/schema\/logo\/image\/\",\"url\":\"https:\/\/lobosnews.com.ar\/wp-content\/uploads\/2026\/01\/logo-lobosnews.png\",\"contentUrl\":\"https:\/\/lobosnews.com.ar\/wp-content\/uploads\/2026\/01\/logo-lobosnews.png\",\"width\":500,\"height\":200,\"caption\":\"Lobos News\"},\"image\":{\"@id\":\"https:\/\/lobosnews.com.ar\/#\/schema\/logo\/image\/\"}},{\"@type\":\"Person\",\"@id\":\"https:\/\/lobosnews.com.ar\/#\/schema\/person\/232422a593d5c541dd9aef6aaed10943\",\"name\":\"admin\",\"image\":{\"@type\":\"ImageObject\",\"inLanguage\":\"es\",\"@id\":\"https:\/\/lobosnews.com.ar\/#\/schema\/person\/image\/\",\"url\":\"https:\/\/secure.gravatar.com\/avatar\/76e419471a2083bc3ceab22a763dbbf9b0c1bd15a6214cf3280e2c2dde4580f9?s=96&d=mm&r=g\",\"contentUrl\":\"https:\/\/secure.gravatar.com\/avatar\/76e419471a2083bc3ceab22a763dbbf9b0c1bd15a6214cf3280e2c2dde4580f9?s=96&d=mm&r=g\",\"caption\":\"admin\"},\"sameAs\":[\"https:\/\/lobosnews.com.ar\"],\"url\":\"https:\/\/lobosnews.com.ar\/index.php\/author\/lobos-news\/\"}]}<\/script>\n<!-- \/ Yoast SEO plugin. -->","yoast_head_json":{"title":"Trump dijo que Ir\u00e1n no deber\u00eda ir al Mundial por su \u201cpropia seguridad\u201d - Lobos News","robots":{"index":"index","follow":"follow","max-snippet":"max-snippet:-1","max-image-preview":"max-image-preview:large","max-video-preview":"max-video-preview:-1"},"canonical":"https:\/\/lobosnews.com.ar\/index.php\/2026\/03\/12\/trump-dijo-que-iran-no-deberia-ir-al-mundial-por-su-propia-seguridad\/","og_locale":"es_ES","og_type":"article","og_title":"Trump dijo que Ir\u00e1n no deber\u00eda ir al Mundial por su \u201cpropia seguridad\u201d - Lobos News","og_description":"El presidente de Estados Unidos, Donald Trump, afirm\u00f3 este jueves que Ir\u00e1n no deber\u00eda participar en el pr\u00f3ximo Mundial de f\u00fatbol en Norteam\u00e9rica por \u201csu propia seguridad\u201d, en plena guerra en Oriente Medio. A trav\u00e9s de su plataforma Truth Social, Trump puso en duda la conveniencia de la presencia iran\u00ed en el torneo, que comienza...","og_url":"https:\/\/lobosnews.com.ar\/index.php\/2026\/03\/12\/trump-dijo-que-iran-no-deberia-ir-al-mundial-por-su-propia-seguridad\/","og_site_name":"Lobos News","article_published_time":"2026-03-12T16:57:03+00:00","article_modified_time":"2026-03-12T20:48:49+00:00","og_image":[{"url":"https:\/\/lobosnews.com.ar\/wp-content\/uploads\/2026\/03\/trump-dijo-que-iran-no-deberia-ir-al-mundial-por-su-propia-seguridad.jpg","type":"","width":"","height":""}],"author":"admin","twitter_card":"summary_large_image","twitter_misc":{"Escrito por":"admin","Tiempo de lectura":"3 minutos"},"schema":{"@context":"https:\/\/schema.org","@graph":[{"@type":"Article","@id":"https:\/\/lobosnews.com.ar\/index.php\/2026\/03\/12\/trump-dijo-que-iran-no-deberia-ir-al-mundial-por-su-propia-seguridad\/#article","isPartOf":{"@id":"https:\/\/lobosnews.com.ar\/index.php\/2026\/03\/12\/trump-dijo-que-iran-no-deberia-ir-al-mundial-por-su-propia-seguridad\/"},"author":{"name":"admin","@id":"https:\/\/lobosnews.com.ar\/#\/schema\/person\/232422a593d5c541dd9aef6aaed10943"},"headline":"Trump dijo que Ir\u00e1n no deber\u00eda ir al Mundial por su \u201cpropia seguridad\u201d","datePublished":"2026-03-12T16:57:03+00:00","dateModified":"2026-03-12T20:48:49+00:00","mainEntityOfPage":{"@id":"https:\/\/lobosnews.com.ar\/index.php\/2026\/03\/12\/trump-dijo-que-iran-no-deberia-ir-al-mundial-por-su-propia-seguridad\/"},"wordCount":708,"commentCount":0,"publisher":{"@id":"https:\/\/lobosnews.com.ar\/#organization"},"image":{"@id":"https:\/\/lobosnews.com.ar\/index.php\/2026\/03\/12\/trump-dijo-que-iran-no-deberia-ir-al-mundial-por-su-propia-seguridad\/#primaryimage"},"thumbnailUrl":"https:\/\/lobosnews.com.ar\/wp-content\/uploads\/2026\/03\/trump-dijo-que-iran-no-deberia-ir-al-mundial-por-su-propia-seguridad.jpg","keywords":["Deportes"],"articleSection":["Argentina"],"inLanguage":"es","potentialAction":[{"@type":"CommentAction","name":"Comment","target":["https:\/\/lobosnews.com.ar\/index.php\/2026\/03\/12\/trump-dijo-que-iran-no-deberia-ir-al-mundial-por-su-propia-seguridad\/#respond"]}]},{"@type":"WebPage","@id":"https:\/\/lobosnews.com.ar\/index.php\/2026\/03\/12\/trump-dijo-que-iran-no-deberia-ir-al-mundial-por-su-propia-seguridad\/","url":"https:\/\/lobosnews.com.ar\/index.php\/2026\/03\/12\/trump-dijo-que-iran-no-deberia-ir-al-mundial-por-su-propia-seguridad\/","name":"Trump dijo que Ir\u00e1n no deber\u00eda ir al Mundial por su \u201cpropia seguridad\u201d - Lobos News","isPartOf":{"@id":"https:\/\/lobosnews.com.ar\/#website"},"primaryImageOfPage":{"@id":"https:\/\/lobosnews.com.ar\/index.php\/2026\/03\/12\/trump-dijo-que-iran-no-deberia-ir-al-mundial-por-su-propia-seguridad\/#primaryimage"},"image":{"@id":"https:\/\/lobosnews.com.ar\/index.php\/2026\/03\/12\/trump-dijo-que-iran-no-deberia-ir-al-mundial-por-su-propia-seguridad\/#primaryimage"},"thumbnailUrl":"https:\/\/lobosnews.com.ar\/wp-content\/uploads\/2026\/03\/trump-dijo-que-iran-no-deberia-ir-al-mundial-por-su-propia-seguridad.jpg","datePublished":"2026-03-12T16:57:03+00:00","dateModified":"2026-03-12T20:48:49+00:00","breadcrumb":{"@id":"https:\/\/lobosnews.com.ar\/index.php\/2026\/03\/12\/trump-dijo-que-iran-no-deberia-ir-al-mundial-por-su-propia-seguridad\/#breadcrumb"},"inLanguage":"es","potentialAction":[{"@type":"ReadAction","target":["https:\/\/lobosnews.com.ar\/index.php\/2026\/03\/12\/trump-dijo-que-iran-no-deberia-ir-al-mundial-por-su-propia-seguridad\/"]}]},{"@type":"ImageObject","inLanguage":"es","@id":"https:\/\/lobosnews.com.ar\/index.php\/2026\/03\/12\/trump-dijo-que-iran-no-deberia-ir-al-mundial-por-su-propia-seguridad\/#primaryimage","url":"https:\/\/lobosnews.com.ar\/wp-content\/uploads\/2026\/03\/trump-dijo-que-iran-no-deberia-ir-al-mundial-por-su-propia-seguridad.jpg","contentUrl":"https:\/\/lobosnews.com.ar\/wp-content\/uploads\/2026\/03\/trump-dijo-que-iran-no-deberia-ir-al-mundial-por-su-propia-seguridad.jpg"},{"@type":"BreadcrumbList","@id":"https:\/\/lobosnews.com.ar\/index.php\/2026\/03\/12\/trump-dijo-que-iran-no-deberia-ir-al-mundial-por-su-propia-seguridad\/#breadcrumb","itemListElement":[{"@type":"ListItem","position":1,"name":"Portada","item":"https:\/\/lobosnews.com.ar\/"},{"@type":"ListItem","position":2,"name":"Trump dijo que Ir\u00e1n no deber\u00eda ir al Mundial por su \u201cpropia seguridad\u201d"}]},{"@type":"WebSite","@id":"https:\/\/lobosnews.com.ar\/#website","url":"https:\/\/lobosnews.com.ar\/","name":"Lobos News","description":"Informaci\u00f3n a cada instante","publisher":{"@id":"https:\/\/lobosnews.com.ar\/#organization"},"potentialAction":[{"@type":"SearchAction","target":{"@type":"EntryPoint","urlTemplate":"https:\/\/lobosnews.com.ar\/?s={search_term_string}"},"query-input":{"@type":"PropertyValueSpecification","valueRequired":true,"valueName":"search_term_string"}}],"inLanguage":"es"},{"@type":"Organization","@id":"https:\/\/lobosnews.com.ar\/#organization","name":"Lobos News","url":"https:\/\/lobosnews.com.ar\/","logo":{"@type":"ImageObject","inLanguage":"es","@id":"https:\/\/lobosnews.com.ar\/#\/schema\/logo\/image\/","url":"https:\/\/lobosnews.com.ar\/wp-content\/uploads\/2026\/01\/logo-lobosnews.png","contentUrl":"https:\/\/lobosnews.com.ar\/wp-content\/uploads\/2026\/01\/logo-lobosnews.png","width":500,"height":200,"caption":"Lobos News"},"image":{"@id":"https:\/\/lobosnews.com.ar\/#\/schema\/logo\/image\/"}},{"@type":"Person","@id":"https:\/\/lobosnews.com.ar\/#\/schema\/person\/232422a593d5c541dd9aef6aaed10943","name":"admin","image":{"@type":"ImageObject","inLanguage":"es","@id":"https:\/\/lobosnews.com.ar\/#\/schema\/person\/image\/","url":"https:\/\/secure.gravatar.com\/avatar\/76e419471a2083bc3ceab22a763dbbf9b0c1bd15a6214cf3280e2c2dde4580f9?s=96&d=mm&r=g","contentUrl":"https:\/\/secure.gravatar.com\/avatar\/76e419471a2083bc3ceab22a763dbbf9b0c1bd15a6214cf3280e2c2dde4580f9?s=96&d=mm&r=g","caption":"admin"},"sameAs":["https:\/\/lobosnews.com.ar"],"url":"https:\/\/lobosnews.com.ar\/index.php\/author\/lobos-news\/"}]}},"jetpack_featured_media_url":"","jetpack_sharing_enabled":true,"_links":{"self":[{"href":"https:\/\/lobosnews.com.ar\/index.php\/wp-json\/wp\/v2\/posts\/32546","targetHints":{"allow":["GET"]}}],"collection":[{"href":"https:\/\/lobosnews.com.ar\/index.php\/wp-json\/wp\/v2\/posts"}],"about":[{"href":"https:\/\/lobosnews.com.ar\/index.php\/wp-json\/wp\/v2\/types\/post"}],"author":[{"embeddable":true,"href":"https:\/\/lobosnews.com.ar\/index.php\/wp-json\/wp\/v2\/users\/1"}],"replies":[{"embeddable":true,"href":"https:\/\/lobosnews.com.ar\/index.php\/wp-json\/wp\/v2\/comments?post=32546"}],"version-history":[{"count":1,"href":"https:\/\/lobosnews.com.ar\/index.php\/wp-json\/wp\/v2\/posts\/32546\/revisions"}],"predecessor-version":[{"id":32550,"href":"https:\/\/lobosnews.com.ar\/index.php\/wp-json\/wp\/v2\/posts\/32546\/revisions\/32550"}],"wp:attachment":[{"href":"https:\/\/lobosnews.com.ar\/index.php\/wp-json\/wp\/v2\/media?parent=32546"}],"wp:term":[{"taxonomy":"category","embeddable":true,"href":"https:\/\/lobosnews.com.ar\/index.php\/wp-json\/wp\/v2\/categories?post=32546"},{"taxonomy":"post_tag","embeddable":true,"href":"https:\/\/lobosnews.com.ar\/index.php\/wp-json\/wp\/v2\/tags?post=32546"}],"curies":[{"name":"wp","href":"https:\/\/api.w.org\/{rel}","templated":true}]}}