{"id":32537,"date":"2026-03-12T19:31:18","date_gmt":"2026-03-12T19:31:18","guid":{"rendered":"https:\/\/lobosnews.com.ar\/index.php\/2026\/03\/12\/claudio-tapia-se-reunira-con-alejandro-dominguez-titular-de-la-conmebol-para-definir-la-sede-de-la-finalissima-entre-argentina-y-espana\/"},"modified":"2026-03-12T20:46:11","modified_gmt":"2026-03-12T20:46:11","slug":"claudio-tapia-se-reunira-con-alejandro-dominguez-titular-de-la-conmebol-para-definir-la-sede-de-la-finalissima-entre-argentina-y-espana","status":"publish","type":"post","link":"https:\/\/lobosnews.com.ar\/index.php\/2026\/03\/12\/claudio-tapia-se-reunira-con-alejandro-dominguez-titular-de-la-conmebol-para-definir-la-sede-de-la-finalissima-entre-argentina-y-espana\/","title":{"rendered":"Claudio Tapia se reunir\u00e1 con Alejandro Dom\u00ednguez, titular de la Conmebol, para definir la sede de la Finalissima entre Argentina y Espa\u00f1a"},"content":{"rendered":"<p><img fetchpriority=\"high\" decoding=\"async\" src=\"https:\/\/lobosnews.com.ar\/wp-content\/uploads\/2026\/03\/claudio-tapia-se-reunira-con-alejandro-dominguez-titular-de-la-conmebol-para-definir-la-sede-de-la-finalissima-entre-argentina-y-espana.jpg\" alt=\"Alejandro Dom\u00ednguez, presidente de la Conmebol, junto a su par de la AFA, Claudio Tapia (NORBERTO DUARTE \/ AFP)\" height=\"1772\" width=\"2600\"\/><\/p>\n<p>La<b> Asociaci\u00f3n del F\u00fatbol Argentino<\/b> (AFA) confirm\u00f3 que su presidente, <b>Claudio Tapia<\/b>, se reunir\u00e1 esta noche con su par de la Conmebol, <b>Alejandro Dom\u00ednguez<\/b>, para <b>\u201cdialogar sobre la Finalissima entre las selecciones de Argentina y Espa\u00f1a\u201d<\/b>. <\/p>\n<p>\u201cEsta noche dialogaremos con el presidente Alejandro Dom\u00ednguez sobre la Finalissima. <b>Desde la Asociaci\u00f3n del F\u00fatbol Argentino y la CONMEBOL creemos que el Estadio Monumental es el escenario ideal para recibir esta gran final\u201d<\/b>, escribi\u00f3 <b>Tapia <\/b>en su cuenta en la red social <i>X<\/i> (ex Twitter). De esta manera, se devela que uno de los temas principales del c\u00f3nclave ser\u00e1 discutir sobre la sede del partido programado para el <b>pr\u00f3ximo 27 de marzo<\/b>. En un principio, el encuentro entre los campeones de la Conmebol y la UEFA se iba a celebrar en el estadio <i>Lusail<\/i>, de <b>Qatar<\/b>, pero el conflicto b\u00e9lico en Medio Oriente trastoc\u00f3 los planes. <\/p>\n<p>Es por eso que la definici\u00f3n de la sede para la <b>Finalissima <\/b>ha generado intensas negociaciones y posiciones encontradas entre ambos pa\u00edses, ya que <b>en Espa\u00f1a ten\u00edan intenciones de llevarla al estadio <\/b><i><b>Santiago Bernab\u00e9u<\/b><\/i>, en Madrid. Luego de salir de los Tribunales, donde compareci\u00f3 ante la Justicia, <span class=\"waslinkname\"><i><b>Chiqui<\/b><\/i> <b>Tapia<\/b> manifest\u00f3 su deseo de que el encuentro se juegue <b>en el estadio <\/b><i><b>Monumental<\/b><\/i><i> <\/i>de N\u00fa\u00f1ez, en Buenos Aires<\/span>. La decisi\u00f3n debe tomarse en las pr\u00f3ximas horas, ya que en pocos d\u00edas comenzar\u00e1n a emitirse las convocatorias de jugadores para la doble <b>Fecha FIFA<\/b>, la \u00faltima antes del inicio de la preparaci\u00f3n rumbo al Mundial 2026.<\/p>\n<p>El eventual traslado de la <b>Finalissima <\/b>responde a la imposibilidad de celebrar el encuentro en el <i>Lusail Stadium<\/i> de Doha, donde inicialmente estaba previsto para el viernes 27 de marzo. Las tensiones pol\u00edticas y de seguridad en Medio Oriente han obligado a replantear la sede a contrarreloj. Medios espa\u00f1oles, entre ellos el diario <i>AS<\/i>, se\u00f1alaron que \u201c<b>la UEFA considera que Madrid y el Bernab\u00e9u son las mejores alternativas europeas<\/b>\u201d, ubicando a la capital espa\u00f1ola por encima de otras opciones como <b>Roma <\/b>y <b>Lisboa<\/b>. Adem\u00e1s, ese mismo d\u00eda, el estadio <i>Metropolitano<\/i> de Madrid recibir\u00e1 el partido entre <b>Marruecos<\/b> y <b>Ecuador<\/b>, lo que implica un desaf\u00edo de organizaci\u00f3n para las autoridades de seguridad locales, aunque subrayaron que \u201c<b>la capital de Espa\u00f1a es capaz de soportar dos eventos de esta magnitud en un mismo d\u00eda<\/b>\u201d.<\/p>\n<p>El rechazo de la <b>AFA<\/b> a disputar el partido en <b>Espa\u00f1a <\/b>constituye una traba significativa para alcanzar un consenso. El periodista <b>Diego Monroig<\/b>, de <i>ESPN<\/i>, recalc\u00f3 la postura institucional argentina: \u201c<b>La AFA no dio el ok para jugar en Espa\u00f1a y la AFA no va a dar el ok para jugar en Espa\u00f1a. Estoy en condiciones de decir que la AFA nunca y en ning\u00fan momento dio el OK para jugar en Espa\u00f1a. La postura de AFA es que nunca dio el ok para jugar en Espa\u00f1a y realmente lo sorprende la noticia que comienza a tomar fuerza all\u00ed en Europa<\/b>\u201d. A pesar de la firmeza p\u00fablica, Monroig reconoci\u00f3 que la reprogramaci\u00f3n del partido en territorio europeo es <b>\u201cla alternativa m\u00e1s viable\u201d<\/b> dado que la mayor\u00eda de los jugadores de ambos seleccionados compite en ligas de ese continente.<\/p>\n<p>Por su parte, <b>Tapia<\/b> declar\u00f3 a la salida de los Tribunales de la Ciudad de Buenos Aires, en el marco de la causa que lo investiga por presunta retenci\u00f3n indebida de aportes en la AFA: \u201c<b>Cumplimos con lo que quer\u00eda el juez, con lo que fuimos citados, y nos vamos a poner a trabajar porque Espa\u00f1a quiere que la final se juegue en Espa\u00f1a y yo quiero que se juegue en el Monumental<\/b>\u201d. Su comentario surgi\u00f3 tras salir del edificio de la justicia en lo Penal Econ\u00f3mico de Avenida De los Inmigrantes 1950, y constituy\u00f3 tanto una definici\u00f3n institucional como una se\u00f1al de la tensi\u00f3n con la propuesta de la <b>Real Federaci\u00f3n Espa\u00f1ola de F\u00fatbol (RFEF)<\/b>.<\/p>\n<p><img loading=\"lazy\" decoding=\"async\" src=\"https:\/\/lobosnews.com.ar\/wp-content\/uploads\/2026\/03\/claudio-tapia-se-reunira-con-alejandro-dominguez-titular-de-la-conmebol-para-definir-la-sede-de-la-finalissima-entre-argentina-y-espana-1.jpg\" alt=\"Claudio Tapia, presidente de la AFA, en su ingreso a los Tribunales de Buenos Aires para declarar ante la Justicia (REUTERS\/Agustin Marcarian)\" height=\"3026\" width=\"4432\"\/><\/p>\n<p>La urgencia para decidir la sede se intensific\u00f3 porque, seg\u00fan detall\u00f3 <i>ESPN<\/i>, este viernes fue establecido como <b>\u201cel nuevo l\u00edmite\u201d <\/b>informal para alcanzar un acuerdo definitivo respecto a la programaci\u00f3n. Sin embargo, advirtieron que \u201cya hubo varios d\u00edas claves que no terminaron siendo tal\u201d, reflejando la volatilidad y presi\u00f3n de la negociaci\u00f3n. Por parte del cuerpo t\u00e9cnico de la selecci\u00f3n argentina, <b>Pablo Aimar<\/b> afirm\u00f3 sobre la situaci\u00f3n: \u201c<b>No sabemos d\u00f3nde se jugar\u00e1 todav\u00eda, ojal\u00e1 sea en un lugar seguro. Es una muy linda medida<\/b>\u201d.<\/p>\n<p>El \u00faltimo enfrentamiento entre ambos equipos en el estadio <i>Monumental <\/i>de Buenos Aires<i> <\/i>ocurri\u00f3 en septiembre de <b>2010<\/b>, con victoria argentina por <b>4-1<\/b>. La estad\u00edstica hist\u00f3rica registra <b>14 encuentros<\/b> entre albicelestes y espa\u00f1oles:<b> 6 victorias para cada lado<\/b> y<b> 2 empates<\/b>. Si se discriminan por sede, el <i>Monumental <\/i>ha albergado cuatro partidos, con tres triunfos argentinos (1-0 en 1953, 2-0 en 1960 y 4-1 en 2010) y un empate (1-1 en 1974). En tanto que el <i>Santiago Bernab\u00e9u<\/i> ha recibido dos encuentros: uno termin\u00f3 a favor de la Albiceleste en 1952 (1-0) y otro para la selecci\u00f3n espa\u00f1ola en 1972 (1-0).<\/p>\n","protected":false},"excerpt":{"rendered":"<p>La Asociaci\u00f3n del F\u00fatbol Argentino (AFA) confirm\u00f3 que su presidente, Claudio Tapia, se reunir\u00e1 esta noche con su par de la Conmebol, Alejandro Dom\u00ednguez, para \u201cdialogar sobre la Finalissima entre las selecciones de Argentina y Espa\u00f1a\u201d. \u201cEsta noche dialogaremos con el presidente Alejandro Dom\u00ednguez sobre la Finalissima. Desde la Asociaci\u00f3n del F\u00fatbol Argentino y la&#8230;<\/p>\n","protected":false},"author":1,"featured_media":0,"comment_status":"open","ping_status":"closed","sticky":false,"template":"","format":"standard","meta":{"_jetpack_memberships_contains_paid_content":false,"footnotes":""},"categories":[30],"tags":[39],"class_list":["post-32537","post","type-post","status-publish","format-standard","hentry","category-argentina","tag-deportes"],"magazineBlocksPostFeaturedMedia":{"thumbnail":false,"medium":false,"medium_large":false,"large":false,"1536x1536":false,"2048x2048":false,"newsmatic-featured":false,"newsmatic-list":false,"newsmatic-thumb":false,"newsmatic-small":false,"newsmatic-grid":false},"magazineBlocksPostAuthor":{"name":"admin","avatar":"https:\/\/secure.gravatar.com\/avatar\/76e419471a2083bc3ceab22a763dbbf9b0c1bd15a6214cf3280e2c2dde4580f9?s=96&d=mm&r=g"},"magazineBlocksPostCommentsNumber":"0","magazineBlocksPostExcerpt":"La Asociaci\u00f3n del F\u00fatbol Argentino (AFA) confirm\u00f3 que su presidente, Claudio Tapia, se reunir\u00e1 esta noche con su par de la Conmebol, Alejandro Dom\u00ednguez, para \u201cdialogar sobre la Finalissima entre las selecciones de Argentina y Espa\u00f1a\u201d. \u201cEsta noche dialogaremos con el presidente Alejandro Dom\u00ednguez sobre la Finalissima. Desde la Asociaci\u00f3n del F\u00fatbol Argentino y la...","magazineBlocksPostCategories":["Argentina"],"magazineBlocksPostViewCount":112,"magazineBlocksPostReadTime":5,"magazine_blocks_featured_image_url":{"full":false,"medium":false,"thumbnail":false},"magazine_blocks_author":{"display_name":"admin","author_link":"https:\/\/lobosnews.com.ar\/index.php\/author\/lobos-news\/"},"magazine_blocks_comment":0,"magazine_blocks_author_image":"https:\/\/secure.gravatar.com\/avatar\/76e419471a2083bc3ceab22a763dbbf9b0c1bd15a6214cf3280e2c2dde4580f9?s=96&d=mm&r=g","magazine_blocks_category":"<a href=\"#\" class=\"category-link category-link-30\">Argentina<\/a>","yoast_head":"<!-- This site is optimized with the Yoast SEO plugin v26.6 - https:\/\/yoast.com\/wordpress\/plugins\/seo\/ -->\n<title>Claudio Tapia se reunir\u00e1 con Alejandro Dom\u00ednguez, titular de la Conmebol, para definir la sede de la Finalissima entre Argentina y Espa\u00f1a - Lobos News<\/title>\n<meta name=\"robots\" content=\"index, follow, max-snippet:-1, max-image-preview:large, max-video-preview:-1\" \/>\n<link rel=\"canonical\" href=\"https:\/\/lobosnews.com.ar\/index.php\/2026\/03\/12\/claudio-tapia-se-reunira-con-alejandro-dominguez-titular-de-la-conmebol-para-definir-la-sede-de-la-finalissima-entre-argentina-y-espana\/\" \/>\n<meta property=\"og:locale\" content=\"es_ES\" \/>\n<meta property=\"og:type\" content=\"article\" \/>\n<meta property=\"og:title\" content=\"Claudio Tapia se reunir\u00e1 con Alejandro Dom\u00ednguez, titular de la Conmebol, para definir la sede de la Finalissima entre Argentina y Espa\u00f1a - Lobos News\" \/>\n<meta property=\"og:description\" content=\"La Asociaci\u00f3n del F\u00fatbol Argentino (AFA) confirm\u00f3 que su presidente, Claudio Tapia, se reunir\u00e1 esta noche con su par de la Conmebol, Alejandro Dom\u00ednguez, para \u201cdialogar sobre la Finalissima entre las selecciones de Argentina y Espa\u00f1a\u201d. \u201cEsta noche dialogaremos con el presidente Alejandro Dom\u00ednguez sobre la Finalissima. Desde la Asociaci\u00f3n del F\u00fatbol Argentino y la...\" \/>\n<meta property=\"og:url\" content=\"https:\/\/lobosnews.com.ar\/index.php\/2026\/03\/12\/claudio-tapia-se-reunira-con-alejandro-dominguez-titular-de-la-conmebol-para-definir-la-sede-de-la-finalissima-entre-argentina-y-espana\/\" \/>\n<meta property=\"og:site_name\" content=\"Lobos News\" \/>\n<meta property=\"article:published_time\" content=\"2026-03-12T19:31:18+00:00\" \/>\n<meta property=\"article:modified_time\" content=\"2026-03-12T20:46:11+00:00\" \/>\n<meta property=\"og:image\" content=\"https:\/\/lobosnews.com.ar\/wp-content\/uploads\/2026\/03\/claudio-tapia-se-reunira-con-alejandro-dominguez-titular-de-la-conmebol-para-definir-la-sede-de-la-finalissima-entre-argentina-y-espana.jpg\" \/>\n<meta name=\"author\" content=\"admin\" \/>\n<meta name=\"twitter:card\" content=\"summary_large_image\" \/>\n<meta name=\"twitter:label1\" content=\"Escrito por\" \/>\n\t<meta name=\"twitter:data1\" content=\"admin\" \/>\n\t<meta name=\"twitter:label2\" content=\"Tiempo de lectura\" \/>\n\t<meta name=\"twitter:data2\" content=\"4 minutos\" \/>\n<script type=\"application\/ld+json\" class=\"yoast-schema-graph\">{\"@context\":\"https:\/\/schema.org\",\"@graph\":[{\"@type\":\"Article\",\"@id\":\"https:\/\/lobosnews.com.ar\/index.php\/2026\/03\/12\/claudio-tapia-se-reunira-con-alejandro-dominguez-titular-de-la-conmebol-para-definir-la-sede-de-la-finalissima-entre-argentina-y-espana\/#article\",\"isPartOf\":{\"@id\":\"https:\/\/lobosnews.com.ar\/index.php\/2026\/03\/12\/claudio-tapia-se-reunira-con-alejandro-dominguez-titular-de-la-conmebol-para-definir-la-sede-de-la-finalissima-entre-argentina-y-espana\/\"},\"author\":{\"name\":\"admin\",\"@id\":\"https:\/\/lobosnews.com.ar\/#\/schema\/person\/232422a593d5c541dd9aef6aaed10943\"},\"headline\":\"Claudio Tapia se reunir\u00e1 con Alejandro Dom\u00ednguez, titular de la Conmebol, para definir la sede de la Finalissima entre Argentina y Espa\u00f1a\",\"datePublished\":\"2026-03-12T19:31:18+00:00\",\"dateModified\":\"2026-03-12T20:46:11+00:00\",\"mainEntityOfPage\":{\"@id\":\"https:\/\/lobosnews.com.ar\/index.php\/2026\/03\/12\/claudio-tapia-se-reunira-con-alejandro-dominguez-titular-de-la-conmebol-para-definir-la-sede-de-la-finalissima-entre-argentina-y-espana\/\"},\"wordCount\":898,\"commentCount\":0,\"publisher\":{\"@id\":\"https:\/\/lobosnews.com.ar\/#organization\"},\"image\":{\"@id\":\"https:\/\/lobosnews.com.ar\/index.php\/2026\/03\/12\/claudio-tapia-se-reunira-con-alejandro-dominguez-titular-de-la-conmebol-para-definir-la-sede-de-la-finalissima-entre-argentina-y-espana\/#primaryimage\"},\"thumbnailUrl\":\"https:\/\/lobosnews.com.ar\/wp-content\/uploads\/2026\/03\/claudio-tapia-se-reunira-con-alejandro-dominguez-titular-de-la-conmebol-para-definir-la-sede-de-la-finalissima-entre-argentina-y-espana.jpg\",\"keywords\":[\"Deportes\"],\"articleSection\":[\"Argentina\"],\"inLanguage\":\"es\",\"potentialAction\":[{\"@type\":\"CommentAction\",\"name\":\"Comment\",\"target\":[\"https:\/\/lobosnews.com.ar\/index.php\/2026\/03\/12\/claudio-tapia-se-reunira-con-alejandro-dominguez-titular-de-la-conmebol-para-definir-la-sede-de-la-finalissima-entre-argentina-y-espana\/#respond\"]}]},{\"@type\":\"WebPage\",\"@id\":\"https:\/\/lobosnews.com.ar\/index.php\/2026\/03\/12\/claudio-tapia-se-reunira-con-alejandro-dominguez-titular-de-la-conmebol-para-definir-la-sede-de-la-finalissima-entre-argentina-y-espana\/\",\"url\":\"https:\/\/lobosnews.com.ar\/index.php\/2026\/03\/12\/claudio-tapia-se-reunira-con-alejandro-dominguez-titular-de-la-conmebol-para-definir-la-sede-de-la-finalissima-entre-argentina-y-espana\/\",\"name\":\"Claudio Tapia se reunir\u00e1 con Alejandro Dom\u00ednguez, titular de la Conmebol, para definir la sede de la Finalissima entre Argentina y Espa\u00f1a - Lobos News\",\"isPartOf\":{\"@id\":\"https:\/\/lobosnews.com.ar\/#website\"},\"primaryImageOfPage\":{\"@id\":\"https:\/\/lobosnews.com.ar\/index.php\/2026\/03\/12\/claudio-tapia-se-reunira-con-alejandro-dominguez-titular-de-la-conmebol-para-definir-la-sede-de-la-finalissima-entre-argentina-y-espana\/#primaryimage\"},\"image\":{\"@id\":\"https:\/\/lobosnews.com.ar\/index.php\/2026\/03\/12\/claudio-tapia-se-reunira-con-alejandro-dominguez-titular-de-la-conmebol-para-definir-la-sede-de-la-finalissima-entre-argentina-y-espana\/#primaryimage\"},\"thumbnailUrl\":\"https:\/\/lobosnews.com.ar\/wp-content\/uploads\/2026\/03\/claudio-tapia-se-reunira-con-alejandro-dominguez-titular-de-la-conmebol-para-definir-la-sede-de-la-finalissima-entre-argentina-y-espana.jpg\",\"datePublished\":\"2026-03-12T19:31:18+00:00\",\"dateModified\":\"2026-03-12T20:46:11+00:00\",\"breadcrumb\":{\"@id\":\"https:\/\/lobosnews.com.ar\/index.php\/2026\/03\/12\/claudio-tapia-se-reunira-con-alejandro-dominguez-titular-de-la-conmebol-para-definir-la-sede-de-la-finalissima-entre-argentina-y-espana\/#breadcrumb\"},\"inLanguage\":\"es\",\"potentialAction\":[{\"@type\":\"ReadAction\",\"target\":[\"https:\/\/lobosnews.com.ar\/index.php\/2026\/03\/12\/claudio-tapia-se-reunira-con-alejandro-dominguez-titular-de-la-conmebol-para-definir-la-sede-de-la-finalissima-entre-argentina-y-espana\/\"]}]},{\"@type\":\"ImageObject\",\"inLanguage\":\"es\",\"@id\":\"https:\/\/lobosnews.com.ar\/index.php\/2026\/03\/12\/claudio-tapia-se-reunira-con-alejandro-dominguez-titular-de-la-conmebol-para-definir-la-sede-de-la-finalissima-entre-argentina-y-espana\/#primaryimage\",\"url\":\"https:\/\/lobosnews.com.ar\/wp-content\/uploads\/2026\/03\/claudio-tapia-se-reunira-con-alejandro-dominguez-titular-de-la-conmebol-para-definir-la-sede-de-la-finalissima-entre-argentina-y-espana.jpg\",\"contentUrl\":\"https:\/\/lobosnews.com.ar\/wp-content\/uploads\/2026\/03\/claudio-tapia-se-reunira-con-alejandro-dominguez-titular-de-la-conmebol-para-definir-la-sede-de-la-finalissima-entre-argentina-y-espana.jpg\"},{\"@type\":\"BreadcrumbList\",\"@id\":\"https:\/\/lobosnews.com.ar\/index.php\/2026\/03\/12\/claudio-tapia-se-reunira-con-alejandro-dominguez-titular-de-la-conmebol-para-definir-la-sede-de-la-finalissima-entre-argentina-y-espana\/#breadcrumb\",\"itemListElement\":[{\"@type\":\"ListItem\",\"position\":1,\"name\":\"Portada\",\"item\":\"https:\/\/lobosnews.com.ar\/\"},{\"@type\":\"ListItem\",\"position\":2,\"name\":\"Claudio Tapia se reunir\u00e1 con Alejandro Dom\u00ednguez, titular de la Conmebol, para definir la sede de la Finalissima entre Argentina y Espa\u00f1a\"}]},{\"@type\":\"WebSite\",\"@id\":\"https:\/\/lobosnews.com.ar\/#website\",\"url\":\"https:\/\/lobosnews.com.ar\/\",\"name\":\"Lobos News\",\"description\":\"Informaci\u00f3n a cada instante\",\"publisher\":{\"@id\":\"https:\/\/lobosnews.com.ar\/#organization\"},\"potentialAction\":[{\"@type\":\"SearchAction\",\"target\":{\"@type\":\"EntryPoint\",\"urlTemplate\":\"https:\/\/lobosnews.com.ar\/?s={search_term_string}\"},\"query-input\":{\"@type\":\"PropertyValueSpecification\",\"valueRequired\":true,\"valueName\":\"search_term_string\"}}],\"inLanguage\":\"es\"},{\"@type\":\"Organization\",\"@id\":\"https:\/\/lobosnews.com.ar\/#organization\",\"name\":\"Lobos News\",\"url\":\"https:\/\/lobosnews.com.ar\/\",\"logo\":{\"@type\":\"ImageObject\",\"inLanguage\":\"es\",\"@id\":\"https:\/\/lobosnews.com.ar\/#\/schema\/logo\/image\/\",\"url\":\"https:\/\/lobosnews.com.ar\/wp-content\/uploads\/2026\/01\/logo-lobosnews.png\",\"contentUrl\":\"https:\/\/lobosnews.com.ar\/wp-content\/uploads\/2026\/01\/logo-lobosnews.png\",\"width\":500,\"height\":200,\"caption\":\"Lobos News\"},\"image\":{\"@id\":\"https:\/\/lobosnews.com.ar\/#\/schema\/logo\/image\/\"}},{\"@type\":\"Person\",\"@id\":\"https:\/\/lobosnews.com.ar\/#\/schema\/person\/232422a593d5c541dd9aef6aaed10943\",\"name\":\"admin\",\"image\":{\"@type\":\"ImageObject\",\"inLanguage\":\"es\",\"@id\":\"https:\/\/lobosnews.com.ar\/#\/schema\/person\/image\/\",\"url\":\"https:\/\/secure.gravatar.com\/avatar\/76e419471a2083bc3ceab22a763dbbf9b0c1bd15a6214cf3280e2c2dde4580f9?s=96&d=mm&r=g\",\"contentUrl\":\"https:\/\/secure.gravatar.com\/avatar\/76e419471a2083bc3ceab22a763dbbf9b0c1bd15a6214cf3280e2c2dde4580f9?s=96&d=mm&r=g\",\"caption\":\"admin\"},\"sameAs\":[\"https:\/\/lobosnews.com.ar\"],\"url\":\"https:\/\/lobosnews.com.ar\/index.php\/author\/lobos-news\/\"}]}<\/script>\n<!-- \/ Yoast SEO plugin. -->","yoast_head_json":{"title":"Claudio Tapia se reunir\u00e1 con Alejandro Dom\u00ednguez, titular de la Conmebol, para definir la sede de la Finalissima entre Argentina y Espa\u00f1a - Lobos News","robots":{"index":"index","follow":"follow","max-snippet":"max-snippet:-1","max-image-preview":"max-image-preview:large","max-video-preview":"max-video-preview:-1"},"canonical":"https:\/\/lobosnews.com.ar\/index.php\/2026\/03\/12\/claudio-tapia-se-reunira-con-alejandro-dominguez-titular-de-la-conmebol-para-definir-la-sede-de-la-finalissima-entre-argentina-y-espana\/","og_locale":"es_ES","og_type":"article","og_title":"Claudio Tapia se reunir\u00e1 con Alejandro Dom\u00ednguez, titular de la Conmebol, para definir la sede de la Finalissima entre Argentina y Espa\u00f1a - Lobos News","og_description":"La Asociaci\u00f3n del F\u00fatbol Argentino (AFA) confirm\u00f3 que su presidente, Claudio Tapia, se reunir\u00e1 esta noche con su par de la Conmebol, Alejandro Dom\u00ednguez, para \u201cdialogar sobre la Finalissima entre las selecciones de Argentina y Espa\u00f1a\u201d. \u201cEsta noche dialogaremos con el presidente Alejandro Dom\u00ednguez sobre la Finalissima. Desde la Asociaci\u00f3n del F\u00fatbol Argentino y la...","og_url":"https:\/\/lobosnews.com.ar\/index.php\/2026\/03\/12\/claudio-tapia-se-reunira-con-alejandro-dominguez-titular-de-la-conmebol-para-definir-la-sede-de-la-finalissima-entre-argentina-y-espana\/","og_site_name":"Lobos News","article_published_time":"2026-03-12T19:31:18+00:00","article_modified_time":"2026-03-12T20:46:11+00:00","og_image":[{"url":"https:\/\/lobosnews.com.ar\/wp-content\/uploads\/2026\/03\/claudio-tapia-se-reunira-con-alejandro-dominguez-titular-de-la-conmebol-para-definir-la-sede-de-la-finalissima-entre-argentina-y-espana.jpg","type":"","width":"","height":""}],"author":"admin","twitter_card":"summary_large_image","twitter_misc":{"Escrito por":"admin","Tiempo de lectura":"4 minutos"},"schema":{"@context":"https:\/\/schema.org","@graph":[{"@type":"Article","@id":"https:\/\/lobosnews.com.ar\/index.php\/2026\/03\/12\/claudio-tapia-se-reunira-con-alejandro-dominguez-titular-de-la-conmebol-para-definir-la-sede-de-la-finalissima-entre-argentina-y-espana\/#article","isPartOf":{"@id":"https:\/\/lobosnews.com.ar\/index.php\/2026\/03\/12\/claudio-tapia-se-reunira-con-alejandro-dominguez-titular-de-la-conmebol-para-definir-la-sede-de-la-finalissima-entre-argentina-y-espana\/"},"author":{"name":"admin","@id":"https:\/\/lobosnews.com.ar\/#\/schema\/person\/232422a593d5c541dd9aef6aaed10943"},"headline":"Claudio Tapia se reunir\u00e1 con Alejandro Dom\u00ednguez, titular de la Conmebol, para definir la sede de la Finalissima entre Argentina y Espa\u00f1a","datePublished":"2026-03-12T19:31:18+00:00","dateModified":"2026-03-12T20:46:11+00:00","mainEntityOfPage":{"@id":"https:\/\/lobosnews.com.ar\/index.php\/2026\/03\/12\/claudio-tapia-se-reunira-con-alejandro-dominguez-titular-de-la-conmebol-para-definir-la-sede-de-la-finalissima-entre-argentina-y-espana\/"},"wordCount":898,"commentCount":0,"publisher":{"@id":"https:\/\/lobosnews.com.ar\/#organization"},"image":{"@id":"https:\/\/lobosnews.com.ar\/index.php\/2026\/03\/12\/claudio-tapia-se-reunira-con-alejandro-dominguez-titular-de-la-conmebol-para-definir-la-sede-de-la-finalissima-entre-argentina-y-espana\/#primaryimage"},"thumbnailUrl":"https:\/\/lobosnews.com.ar\/wp-content\/uploads\/2026\/03\/claudio-tapia-se-reunira-con-alejandro-dominguez-titular-de-la-conmebol-para-definir-la-sede-de-la-finalissima-entre-argentina-y-espana.jpg","keywords":["Deportes"],"articleSection":["Argentina"],"inLanguage":"es","potentialAction":[{"@type":"CommentAction","name":"Comment","target":["https:\/\/lobosnews.com.ar\/index.php\/2026\/03\/12\/claudio-tapia-se-reunira-con-alejandro-dominguez-titular-de-la-conmebol-para-definir-la-sede-de-la-finalissima-entre-argentina-y-espana\/#respond"]}]},{"@type":"WebPage","@id":"https:\/\/lobosnews.com.ar\/index.php\/2026\/03\/12\/claudio-tapia-se-reunira-con-alejandro-dominguez-titular-de-la-conmebol-para-definir-la-sede-de-la-finalissima-entre-argentina-y-espana\/","url":"https:\/\/lobosnews.com.ar\/index.php\/2026\/03\/12\/claudio-tapia-se-reunira-con-alejandro-dominguez-titular-de-la-conmebol-para-definir-la-sede-de-la-finalissima-entre-argentina-y-espana\/","name":"Claudio Tapia se reunir\u00e1 con Alejandro Dom\u00ednguez, titular de la Conmebol, para definir la sede de la Finalissima entre Argentina y Espa\u00f1a - Lobos News","isPartOf":{"@id":"https:\/\/lobosnews.com.ar\/#website"},"primaryImageOfPage":{"@id":"https:\/\/lobosnews.com.ar\/index.php\/2026\/03\/12\/claudio-tapia-se-reunira-con-alejandro-dominguez-titular-de-la-conmebol-para-definir-la-sede-de-la-finalissima-entre-argentina-y-espana\/#primaryimage"},"image":{"@id":"https:\/\/lobosnews.com.ar\/index.php\/2026\/03\/12\/claudio-tapia-se-reunira-con-alejandro-dominguez-titular-de-la-conmebol-para-definir-la-sede-de-la-finalissima-entre-argentina-y-espana\/#primaryimage"},"thumbnailUrl":"https:\/\/lobosnews.com.ar\/wp-content\/uploads\/2026\/03\/claudio-tapia-se-reunira-con-alejandro-dominguez-titular-de-la-conmebol-para-definir-la-sede-de-la-finalissima-entre-argentina-y-espana.jpg","datePublished":"2026-03-12T19:31:18+00:00","dateModified":"2026-03-12T20:46:11+00:00","breadcrumb":{"@id":"https:\/\/lobosnews.com.ar\/index.php\/2026\/03\/12\/claudio-tapia-se-reunira-con-alejandro-dominguez-titular-de-la-conmebol-para-definir-la-sede-de-la-finalissima-entre-argentina-y-espana\/#breadcrumb"},"inLanguage":"es","potentialAction":[{"@type":"ReadAction","target":["https:\/\/lobosnews.com.ar\/index.php\/2026\/03\/12\/claudio-tapia-se-reunira-con-alejandro-dominguez-titular-de-la-conmebol-para-definir-la-sede-de-la-finalissima-entre-argentina-y-espana\/"]}]},{"@type":"ImageObject","inLanguage":"es","@id":"https:\/\/lobosnews.com.ar\/index.php\/2026\/03\/12\/claudio-tapia-se-reunira-con-alejandro-dominguez-titular-de-la-conmebol-para-definir-la-sede-de-la-finalissima-entre-argentina-y-espana\/#primaryimage","url":"https:\/\/lobosnews.com.ar\/wp-content\/uploads\/2026\/03\/claudio-tapia-se-reunira-con-alejandro-dominguez-titular-de-la-conmebol-para-definir-la-sede-de-la-finalissima-entre-argentina-y-espana.jpg","contentUrl":"https:\/\/lobosnews.com.ar\/wp-content\/uploads\/2026\/03\/claudio-tapia-se-reunira-con-alejandro-dominguez-titular-de-la-conmebol-para-definir-la-sede-de-la-finalissima-entre-argentina-y-espana.jpg"},{"@type":"BreadcrumbList","@id":"https:\/\/lobosnews.com.ar\/index.php\/2026\/03\/12\/claudio-tapia-se-reunira-con-alejandro-dominguez-titular-de-la-conmebol-para-definir-la-sede-de-la-finalissima-entre-argentina-y-espana\/#breadcrumb","itemListElement":[{"@type":"ListItem","position":1,"name":"Portada","item":"https:\/\/lobosnews.com.ar\/"},{"@type":"ListItem","position":2,"name":"Claudio Tapia se reunir\u00e1 con Alejandro Dom\u00ednguez, titular de la Conmebol, para definir la sede de la Finalissima entre Argentina y Espa\u00f1a"}]},{"@type":"WebSite","@id":"https:\/\/lobosnews.com.ar\/#website","url":"https:\/\/lobosnews.com.ar\/","name":"Lobos News","description":"Informaci\u00f3n a cada instante","publisher":{"@id":"https:\/\/lobosnews.com.ar\/#organization"},"potentialAction":[{"@type":"SearchAction","target":{"@type":"EntryPoint","urlTemplate":"https:\/\/lobosnews.com.ar\/?s={search_term_string}"},"query-input":{"@type":"PropertyValueSpecification","valueRequired":true,"valueName":"search_term_string"}}],"inLanguage":"es"},{"@type":"Organization","@id":"https:\/\/lobosnews.com.ar\/#organization","name":"Lobos News","url":"https:\/\/lobosnews.com.ar\/","logo":{"@type":"ImageObject","inLanguage":"es","@id":"https:\/\/lobosnews.com.ar\/#\/schema\/logo\/image\/","url":"https:\/\/lobosnews.com.ar\/wp-content\/uploads\/2026\/01\/logo-lobosnews.png","contentUrl":"https:\/\/lobosnews.com.ar\/wp-content\/uploads\/2026\/01\/logo-lobosnews.png","width":500,"height":200,"caption":"Lobos News"},"image":{"@id":"https:\/\/lobosnews.com.ar\/#\/schema\/logo\/image\/"}},{"@type":"Person","@id":"https:\/\/lobosnews.com.ar\/#\/schema\/person\/232422a593d5c541dd9aef6aaed10943","name":"admin","image":{"@type":"ImageObject","inLanguage":"es","@id":"https:\/\/lobosnews.com.ar\/#\/schema\/person\/image\/","url":"https:\/\/secure.gravatar.com\/avatar\/76e419471a2083bc3ceab22a763dbbf9b0c1bd15a6214cf3280e2c2dde4580f9?s=96&d=mm&r=g","contentUrl":"https:\/\/secure.gravatar.com\/avatar\/76e419471a2083bc3ceab22a763dbbf9b0c1bd15a6214cf3280e2c2dde4580f9?s=96&d=mm&r=g","caption":"admin"},"sameAs":["https:\/\/lobosnews.com.ar"],"url":"https:\/\/lobosnews.com.ar\/index.php\/author\/lobos-news\/"}]}},"jetpack_featured_media_url":"","jetpack_sharing_enabled":true,"_links":{"self":[{"href":"https:\/\/lobosnews.com.ar\/index.php\/wp-json\/wp\/v2\/posts\/32537","targetHints":{"allow":["GET"]}}],"collection":[{"href":"https:\/\/lobosnews.com.ar\/index.php\/wp-json\/wp\/v2\/posts"}],"about":[{"href":"https:\/\/lobosnews.com.ar\/index.php\/wp-json\/wp\/v2\/types\/post"}],"author":[{"embeddable":true,"href":"https:\/\/lobosnews.com.ar\/index.php\/wp-json\/wp\/v2\/users\/1"}],"replies":[{"embeddable":true,"href":"https:\/\/lobosnews.com.ar\/index.php\/wp-json\/wp\/v2\/comments?post=32537"}],"version-history":[{"count":1,"href":"https:\/\/lobosnews.com.ar\/index.php\/wp-json\/wp\/v2\/posts\/32537\/revisions"}],"predecessor-version":[{"id":32540,"href":"https:\/\/lobosnews.com.ar\/index.php\/wp-json\/wp\/v2\/posts\/32537\/revisions\/32540"}],"wp:attachment":[{"href":"https:\/\/lobosnews.com.ar\/index.php\/wp-json\/wp\/v2\/media?parent=32537"}],"wp:term":[{"taxonomy":"category","embeddable":true,"href":"https:\/\/lobosnews.com.ar\/index.php\/wp-json\/wp\/v2\/categories?post=32537"},{"taxonomy":"post_tag","embeddable":true,"href":"https:\/\/lobosnews.com.ar\/index.php\/wp-json\/wp\/v2\/tags?post=32537"}],"curies":[{"name":"wp","href":"https:\/\/api.w.org\/{rel}","templated":true}]}}