{"id":32519,"date":"2026-03-12T17:05:17","date_gmt":"2026-03-12T17:05:17","guid":{"rendered":"https:\/\/lobosnews.com.ar\/index.php\/2026\/03\/12\/microsoft-y-fundacion-taeda-presentaron-en-uruguay-un-libro-sobre-aplicaciones-de-ia-con-impacto-social-y-ambiental\/"},"modified":"2026-03-12T18:20:46","modified_gmt":"2026-03-12T18:20:46","slug":"microsoft-y-fundacion-taeda-presentaron-en-uruguay-un-libro-sobre-aplicaciones-de-ia-con-impacto-social-y-ambiental","status":"publish","type":"post","link":"https:\/\/lobosnews.com.ar\/index.php\/2026\/03\/12\/microsoft-y-fundacion-taeda-presentaron-en-uruguay-un-libro-sobre-aplicaciones-de-ia-con-impacto-social-y-ambiental\/","title":{"rendered":"Microsoft y Fundaci\u00f3n TAEDA presentaron en Uruguay un libro sobre aplicaciones de IA con impacto social y ambiental"},"content":{"rendered":"<p><b>Juan Miguel Lavista<\/b>, vicepresidente corporativo de Microsoft y Chief Data Scientist del laboratorio AI for Good, toma el micr\u00f3fono y mira al p\u00fablico reunido en el <b>Teatro Sol\u00eds<\/b> de Montevideo. No es la primera vez que habla sobre inteligencia artificial, pero la conversaci\u00f3n toma otro matiz: <b>el impacto social<\/b>.<\/p>\n<p>Lavista, ingeniero en Sistemas por la <b>Universidad Cat\u00f3lica del Uruguay<\/b> y mag\u00edster en Procesamiento de Datos por la <b>Universidad Johns Hopkins<\/b>, fund\u00f3 el laboratorio <b>Microsoft AI for Good<\/b> en <b>2018<\/b>. <\/p>\n<p><img fetchpriority=\"high\" decoding=\"async\" src=\"https:\/\/lobosnews.com.ar\/wp-content\/uploads\/2026\/03\/microsoft-y-fundacion-taeda-presentaron-en-uruguay-un-libro-sobre-aplicaciones-de-ia-con-impacto-social-y-ambiental.jpg\" alt=\"Mario Montoto, Lou Rinaldi, Juan Lavista y Daniel Korn\" height=\"1279\" width=\"1920\"\/><\/p>\n<p>El proyecto naci\u00f3 con la intenci\u00f3n de aplicar ciencia de datos para <b>combatir el s\u00edndrome de muerte s\u00fabita del lactante<\/b>. Aquella investigaci\u00f3n se public\u00f3 en revistas m\u00e9dicas como <i>Pediatrics<\/i> y fue difundida en m\u00e1s de <b>100 medios de comunicaci\u00f3n en todo el mundo<\/b>.<\/p>\n<p>La escena central de la noche es la presentaci\u00f3n de <i>Inteligencia Artificial para el Bien<\/i>, una publicaci\u00f3n creada por el propio Lavista, vicepresidente corporativo y Chief Data Scientist del laboratorio AI for Good de Microsoft, y editada por <i>Fundaci\u00f3n TAEDA<\/i>. <b>El libro re\u00fane aplicaciones reales de inteligencia artificial orientadas a la sostenibilidad, la acci\u00f3n humanitaria y la salud<\/b>.<\/p>\n<p><img loading=\"lazy\" decoding=\"async\" src=\"https:\/\/lobosnews.com.ar\/wp-content\/uploads\/2026\/03\/microsoft-y-fundacion-taeda-presentaron-en-uruguay-un-libro-sobre-aplicaciones-de-ia-con-impacto-social-y-ambiental-1.jpg\" alt=\"La orquesta SUSI (Selecci\u00f3n Uruguaya Sinf\u00f3nica) tuvo a cargo la m\u00fasica al cierre del encuentro \" height=\"1279\" width=\"1920\"\/><\/p>\n<p>La publicaci\u00f3n recorre proyectos desarrollados por el laboratorio filantr\u00f3pico AI for Good de Microsoft, que apuesta por el <b>uso de datos e inteligencia artificial para encarar desaf\u00edos globales<\/b>. El texto ofrece una hoja de ruta pr\u00e1ctica, pensada para que emprendedores sociales, organizaciones filantr\u00f3picas y voluntarios puedan replicar soluciones con impacto real.<\/p>\n<p><img loading=\"lazy\" decoding=\"async\" src=\"https:\/\/lobosnews.com.ar\/wp-content\/uploads\/2026\/03\/microsoft-y-fundacion-taeda-presentaron-en-uruguay-un-libro-sobre-aplicaciones-de-ia-con-impacto-social-y-ambiental-2.jpg\" alt=\"Mario Montoto, presidente de Fundaci\u00f3n TAEDA, frente al Teatro Sol\u00eds en Montevideo\" height=\"1279\" width=\"1920\"\/><\/p>\n<p>Entre los ejemplos, el libro detalla iniciativas en <b>Am\u00e9rica Latina<\/b>: <i><b>Proyecto Guacamaya<\/b><\/i>, que monitorea la deforestaci\u00f3n y el estado de los ecosistemas en la Amazonia de <b>Colombia<\/b> y <b>Per\u00fa<\/b>; <i><b>SPARROW<\/b><\/i>, una herramienta que permite medir y proteger la biodiversidad en los puntos m\u00e1s remotos del planeta; y <b>sistemas que aplican IA para mejorar la detecci\u00f3n temprana de enfermedades<\/b>, como la retinopat\u00eda del prematuro en contextos con recursos limitados.<\/p>\n<h2>El evento en Montevideo y su significado regional<\/h2>\n<p>La presentaci\u00f3n reuni\u00f3 a figuras del ecosistema tecnol\u00f3gico, acad\u00e9mico, gubernamental e industrial. La apertura estuvo a cargo de <b>Mario Montoto<\/b>, presidente de <i>Fundaci\u00f3n TAEDA<\/i>, quien subray\u00f3 la necesidad de repensar el rol de la inteligencia artificial m\u00e1s all\u00e1 del sector privado.<\/p>\n<p><img loading=\"lazy\" decoding=\"async\" src=\"https:\/\/lobosnews.com.ar\/wp-content\/uploads\/2026\/03\/microsoft-y-fundacion-taeda-presentaron-en-uruguay-un-libro-sobre-aplicaciones-de-ia-con-impacto-social-y-ambiental-3.jpg\" alt=\"Miembros de Microsoft de Estados Unidos, Argentina y Uruguay\" height=\"1279\" width=\"1920\"\/><\/p>\n<p>El panel sum\u00f3 a referentes como el ingeniero <b>Nicol\u00e1s Jodal<\/b>, cofundador y CEO de GeneXus by Globant, y <b>Daiana Beitler<\/b>, PhD en Sociolog\u00eda y exdirectora de Filantrop\u00eda de Microsoft Asia. Lavista afirm\u00f3: \u201c<b>El pa\u00eds tiene una oportunidad muy interesante para aprovechar el potencial de la inteligencia artificial<\/b>\u201d, enfatizando el alcance de la adopci\u00f3n tecnol\u00f3gica con una base de personas, empresas y organizaciones de todo tipo involucradas. <b>\u201cEsperamos que la publicaci\u00f3n pueda contribuir a generar soluciones con impacto social y productivo\u201d<\/b>, a\u00f1adi\u00f3.<\/p>\n<p><img loading=\"lazy\" decoding=\"async\" src=\"https:\/\/lobosnews.com.ar\/wp-content\/uploads\/2026\/03\/microsoft-y-fundacion-taeda-presentaron-en-uruguay-un-libro-sobre-aplicaciones-de-ia-con-impacto-social-y-ambiental-4.jpg\" alt=\"Un momento de la charla entre Nicola\u0301s Jodal, Daiana Beitler y Juan Lavista\" height=\"1279\" width=\"1920\"\/><\/p>\n<h2>Uruguay, laboratorio regional y l\u00edder en adopci\u00f3n de IA<\/h2>\n<p>La apuesta va m\u00e1s all\u00e1 de la publicaci\u00f3n. Esta semana, <b>Microsoft<\/b> y el gobierno de <b>Uruguay<\/b> anunciaron una nueva etapa de colaboraci\u00f3n: <b>el primer AI for Good Lab en Am\u00e9rica del Sur<\/b>, inaugurado en el Parque de Innovaci\u00f3n del LATU. El laboratorio surge como evoluci\u00f3n del Microsoft AI Co-Innovation Lab, que en sus primeros a\u00f1os acompa\u00f1\u00f3 a m\u00e1s de <b>200 organizaciones<\/b> para acelerar la adopci\u00f3n de IA.<\/p>\n<p><img loading=\"lazy\" decoding=\"async\" src=\"https:\/\/lobosnews.com.ar\/wp-content\/uploads\/2026\/03\/microsoft-y-fundacion-taeda-presentaron-en-uruguay-un-libro-sobre-aplicaciones-de-ia-con-impacto-social-y-ambiental-5.jpg\" alt=\"Mario Montoto y el embajador de Argentina en Uruguay, Alan Claudio Be\u0301raud\" height=\"1279\" width=\"1920\"\/><\/p>\n<p>El pa\u00eds ocupa un lugar destacado en la regi\u00f3n. De acuerdo con el <i>AI Diffusion Report 2025<\/i> de Microsoft, <b>Uruguay lidera en Sudam\u00e9rica<\/b> <b>y se ubica entre los tres primeros puestos en Am\u00e9rica Latina en niveles de adopci\u00f3n de inteligencia artificial, ocupando el puesto 40 a nivel mundial. <\/b>En el primer semestre de 2025, el 20,9% de la poblaci\u00f3n en edad de trabajar utiliz\u00f3 IA; en el segundo semestre, la cifra subi\u00f3 a <b>22,5%<\/b>.<\/p>\n","protected":false},"excerpt":{"rendered":"<p>Juan Miguel Lavista, vicepresidente corporativo de Microsoft y Chief Data Scientist del laboratorio AI for Good, toma el micr\u00f3fono y mira al p\u00fablico reunido en el Teatro Sol\u00eds de Montevideo. No es la primera vez que habla sobre inteligencia artificial, pero la conversaci\u00f3n toma otro matiz: el impacto social. Lavista, ingeniero en Sistemas por la&#8230;<\/p>\n","protected":false},"author":1,"featured_media":32527,"comment_status":"open","ping_status":"closed","sticky":false,"template":"","format":"standard","meta":{"_jetpack_memberships_contains_paid_content":false,"footnotes":""},"categories":[31,30,32,77,84,35,36,37],"tags":[],"class_list":["post-32519","post","type-post","status-publish","format-standard","has-post-thumbnail","hentry","category-actualidad","category-argentina","category-economia","category-inseguridad","category-masradios-com","category-nacionales","category-seguridad","category-sociedad"],"magazineBlocksPostFeaturedMedia":{"thumbnail":"https:\/\/lobosnews.com.ar\/wp-content\/uploads\/2026\/03\/microsoft-y-fundacion-taeda-presentaron-en-uruguay-un-libro-sobre-aplicaciones-de-ia-con-impacto-social-y-ambiental-10-150x150.jpg","medium":"https:\/\/lobosnews.com.ar\/wp-content\/uploads\/2026\/03\/microsoft-y-fundacion-taeda-presentaron-en-uruguay-un-libro-sobre-aplicaciones-de-ia-con-impacto-social-y-ambiental-10-300x200.jpg","medium_large":"https:\/\/lobosnews.com.ar\/wp-content\/uploads\/2026\/03\/microsoft-y-fundacion-taeda-presentaron-en-uruguay-un-libro-sobre-aplicaciones-de-ia-con-impacto-social-y-ambiental-10-768x512.jpg","large":"https:\/\/lobosnews.com.ar\/wp-content\/uploads\/2026\/03\/microsoft-y-fundacion-taeda-presentaron-en-uruguay-un-libro-sobre-aplicaciones-de-ia-con-impacto-social-y-ambiental-10-1024x682.jpg","1536x1536":"https:\/\/lobosnews.com.ar\/wp-content\/uploads\/2026\/03\/microsoft-y-fundacion-taeda-presentaron-en-uruguay-un-libro-sobre-aplicaciones-de-ia-con-impacto-social-y-ambiental-10-1536x1023.jpg","2048x2048":"https:\/\/lobosnews.com.ar\/wp-content\/uploads\/2026\/03\/microsoft-y-fundacion-taeda-presentaron-en-uruguay-un-libro-sobre-aplicaciones-de-ia-con-impacto-social-y-ambiental-10.jpg","newsmatic-featured":"https:\/\/lobosnews.com.ar\/wp-content\/uploads\/2026\/03\/microsoft-y-fundacion-taeda-presentaron-en-uruguay-un-libro-sobre-aplicaciones-de-ia-con-impacto-social-y-ambiental-10-820x545.jpg","newsmatic-list":"https:\/\/lobosnews.com.ar\/wp-content\/uploads\/2026\/03\/microsoft-y-fundacion-taeda-presentaron-en-uruguay-un-libro-sobre-aplicaciones-de-ia-con-impacto-social-y-ambiental-10-600x400.jpg","newsmatic-thumb":"https:\/\/lobosnews.com.ar\/wp-content\/uploads\/2026\/03\/microsoft-y-fundacion-taeda-presentaron-en-uruguay-un-libro-sobre-aplicaciones-de-ia-con-impacto-social-y-ambiental-10-300x200.jpg","newsmatic-small":"https:\/\/lobosnews.com.ar\/wp-content\/uploads\/2026\/03\/microsoft-y-fundacion-taeda-presentaron-en-uruguay-un-libro-sobre-aplicaciones-de-ia-con-impacto-social-y-ambiental-10-150x95.jpg","newsmatic-grid":"https:\/\/lobosnews.com.ar\/wp-content\/uploads\/2026\/03\/microsoft-y-fundacion-taeda-presentaron-en-uruguay-un-libro-sobre-aplicaciones-de-ia-con-impacto-social-y-ambiental-10-400x250.jpg"},"magazineBlocksPostAuthor":{"name":"admin","avatar":"https:\/\/secure.gravatar.com\/avatar\/76e419471a2083bc3ceab22a763dbbf9b0c1bd15a6214cf3280e2c2dde4580f9?s=96&d=mm&r=g"},"magazineBlocksPostCommentsNumber":"0","magazineBlocksPostExcerpt":"Juan Miguel Lavista, vicepresidente corporativo de Microsoft y Chief Data Scientist del laboratorio AI for Good, toma el micr\u00f3fono y mira al p\u00fablico reunido en el Teatro Sol\u00eds de Montevideo. No es la primera vez que habla sobre inteligencia artificial, pero la conversaci\u00f3n toma otro matiz: el impacto social. Lavista, ingeniero en Sistemas por la...","magazineBlocksPostCategories":["Actualidad","Argentina","econom\u00eda","inseguridad","masradios.com","nacionales","seguridad","sociedad"],"magazineBlocksPostViewCount":97,"magazineBlocksPostReadTime":4,"magazine_blocks_featured_image_url":{"full":["https:\/\/lobosnews.com.ar\/wp-content\/uploads\/2026\/03\/microsoft-y-fundacion-taeda-presentaron-en-uruguay-un-libro-sobre-aplicaciones-de-ia-con-impacto-social-y-ambiental-10.jpg",1920,1279,false],"medium":["https:\/\/lobosnews.com.ar\/wp-content\/uploads\/2026\/03\/microsoft-y-fundacion-taeda-presentaron-en-uruguay-un-libro-sobre-aplicaciones-de-ia-con-impacto-social-y-ambiental-10-300x200.jpg",300,200,true],"thumbnail":["https:\/\/lobosnews.com.ar\/wp-content\/uploads\/2026\/03\/microsoft-y-fundacion-taeda-presentaron-en-uruguay-un-libro-sobre-aplicaciones-de-ia-con-impacto-social-y-ambiental-10-150x150.jpg",150,150,true]},"magazine_blocks_author":{"display_name":"admin","author_link":"https:\/\/lobosnews.com.ar\/index.php\/author\/lobos-news\/"},"magazine_blocks_comment":0,"magazine_blocks_author_image":"https:\/\/secure.gravatar.com\/avatar\/76e419471a2083bc3ceab22a763dbbf9b0c1bd15a6214cf3280e2c2dde4580f9?s=96&d=mm&r=g","magazine_blocks_category":"<a href=\"#\" class=\"category-link category-link-31\">Actualidad<\/a> <a href=\"#\" class=\"category-link category-link-30\">Argentina<\/a> <a href=\"#\" class=\"category-link category-link-32\">econom\u00eda<\/a> <a href=\"#\" class=\"category-link category-link-77\">inseguridad<\/a> <a href=\"#\" class=\"category-link category-link-84\">masradios.com<\/a> <a href=\"#\" class=\"category-link category-link-35\">nacionales<\/a> <a href=\"#\" class=\"category-link category-link-36\">seguridad<\/a> <a href=\"#\" class=\"category-link category-link-37\">sociedad<\/a>","yoast_head":"<!-- This site is optimized with the Yoast SEO plugin v26.6 - https:\/\/yoast.com\/wordpress\/plugins\/seo\/ -->\n<title>Microsoft y Fundaci\u00f3n TAEDA presentaron en Uruguay un libro sobre aplicaciones de IA con impacto social y ambiental - Lobos News<\/title>\n<meta name=\"robots\" content=\"index, follow, max-snippet:-1, max-image-preview:large, max-video-preview:-1\" \/>\n<link rel=\"canonical\" href=\"https:\/\/lobosnews.com.ar\/index.php\/2026\/03\/12\/microsoft-y-fundacion-taeda-presentaron-en-uruguay-un-libro-sobre-aplicaciones-de-ia-con-impacto-social-y-ambiental\/\" \/>\n<meta property=\"og:locale\" content=\"es_ES\" \/>\n<meta property=\"og:type\" content=\"article\" \/>\n<meta property=\"og:title\" content=\"Microsoft y Fundaci\u00f3n TAEDA presentaron en Uruguay un libro sobre aplicaciones de IA con impacto social y ambiental - Lobos News\" \/>\n<meta property=\"og:description\" content=\"Juan Miguel Lavista, vicepresidente corporativo de Microsoft y Chief Data Scientist del laboratorio AI for Good, toma el micr\u00f3fono y mira al p\u00fablico reunido en el Teatro Sol\u00eds de Montevideo. No es la primera vez que habla sobre inteligencia artificial, pero la conversaci\u00f3n toma otro matiz: el impacto social. Lavista, ingeniero en Sistemas por la...\" \/>\n<meta property=\"og:url\" content=\"https:\/\/lobosnews.com.ar\/index.php\/2026\/03\/12\/microsoft-y-fundacion-taeda-presentaron-en-uruguay-un-libro-sobre-aplicaciones-de-ia-con-impacto-social-y-ambiental\/\" \/>\n<meta property=\"og:site_name\" content=\"Lobos News\" \/>\n<meta property=\"article:published_time\" content=\"2026-03-12T17:05:17+00:00\" \/>\n<meta property=\"article:modified_time\" content=\"2026-03-12T18:20:46+00:00\" \/>\n<meta property=\"og:image\" content=\"https:\/\/lobosnews.com.ar\/wp-content\/uploads\/2026\/03\/microsoft-y-fundacion-taeda-presentaron-en-uruguay-un-libro-sobre-aplicaciones-de-ia-con-impacto-social-y-ambiental.jpg\" \/>\n<meta name=\"author\" content=\"admin\" \/>\n<meta name=\"twitter:card\" content=\"summary_large_image\" \/>\n<meta name=\"twitter:label1\" content=\"Escrito por\" \/>\n\t<meta name=\"twitter:data1\" content=\"admin\" \/>\n\t<meta name=\"twitter:label2\" content=\"Tiempo de lectura\" \/>\n\t<meta name=\"twitter:data2\" content=\"3 minutos\" \/>\n<script type=\"application\/ld+json\" class=\"yoast-schema-graph\">{\"@context\":\"https:\/\/schema.org\",\"@graph\":[{\"@type\":\"Article\",\"@id\":\"https:\/\/lobosnews.com.ar\/index.php\/2026\/03\/12\/microsoft-y-fundacion-taeda-presentaron-en-uruguay-un-libro-sobre-aplicaciones-de-ia-con-impacto-social-y-ambiental\/#article\",\"isPartOf\":{\"@id\":\"https:\/\/lobosnews.com.ar\/index.php\/2026\/03\/12\/microsoft-y-fundacion-taeda-presentaron-en-uruguay-un-libro-sobre-aplicaciones-de-ia-con-impacto-social-y-ambiental\/\"},\"author\":{\"name\":\"admin\",\"@id\":\"https:\/\/lobosnews.com.ar\/#\/schema\/person\/232422a593d5c541dd9aef6aaed10943\"},\"headline\":\"Microsoft y Fundaci\u00f3n TAEDA presentaron en Uruguay un libro sobre aplicaciones de IA con impacto social y ambiental\",\"datePublished\":\"2026-03-12T17:05:17+00:00\",\"dateModified\":\"2026-03-12T18:20:46+00:00\",\"mainEntityOfPage\":{\"@id\":\"https:\/\/lobosnews.com.ar\/index.php\/2026\/03\/12\/microsoft-y-fundacion-taeda-presentaron-en-uruguay-un-libro-sobre-aplicaciones-de-ia-con-impacto-social-y-ambiental\/\"},\"wordCount\":648,\"commentCount\":0,\"publisher\":{\"@id\":\"https:\/\/lobosnews.com.ar\/#organization\"},\"image\":{\"@id\":\"https:\/\/lobosnews.com.ar\/index.php\/2026\/03\/12\/microsoft-y-fundacion-taeda-presentaron-en-uruguay-un-libro-sobre-aplicaciones-de-ia-con-impacto-social-y-ambiental\/#primaryimage\"},\"thumbnailUrl\":\"https:\/\/lobosnews.com.ar\/wp-content\/uploads\/2026\/03\/microsoft-y-fundacion-taeda-presentaron-en-uruguay-un-libro-sobre-aplicaciones-de-ia-con-impacto-social-y-ambiental-10.jpg\",\"articleSection\":[\"Actualidad\",\"Argentina\",\"econom\u00eda\",\"inseguridad\",\"masradios.com\",\"nacionales\",\"seguridad\",\"sociedad\"],\"inLanguage\":\"es\",\"potentialAction\":[{\"@type\":\"CommentAction\",\"name\":\"Comment\",\"target\":[\"https:\/\/lobosnews.com.ar\/index.php\/2026\/03\/12\/microsoft-y-fundacion-taeda-presentaron-en-uruguay-un-libro-sobre-aplicaciones-de-ia-con-impacto-social-y-ambiental\/#respond\"]}]},{\"@type\":\"WebPage\",\"@id\":\"https:\/\/lobosnews.com.ar\/index.php\/2026\/03\/12\/microsoft-y-fundacion-taeda-presentaron-en-uruguay-un-libro-sobre-aplicaciones-de-ia-con-impacto-social-y-ambiental\/\",\"url\":\"https:\/\/lobosnews.com.ar\/index.php\/2026\/03\/12\/microsoft-y-fundacion-taeda-presentaron-en-uruguay-un-libro-sobre-aplicaciones-de-ia-con-impacto-social-y-ambiental\/\",\"name\":\"Microsoft y Fundaci\u00f3n TAEDA presentaron en Uruguay un libro sobre aplicaciones de IA con impacto social y ambiental - Lobos News\",\"isPartOf\":{\"@id\":\"https:\/\/lobosnews.com.ar\/#website\"},\"primaryImageOfPage\":{\"@id\":\"https:\/\/lobosnews.com.ar\/index.php\/2026\/03\/12\/microsoft-y-fundacion-taeda-presentaron-en-uruguay-un-libro-sobre-aplicaciones-de-ia-con-impacto-social-y-ambiental\/#primaryimage\"},\"image\":{\"@id\":\"https:\/\/lobosnews.com.ar\/index.php\/2026\/03\/12\/microsoft-y-fundacion-taeda-presentaron-en-uruguay-un-libro-sobre-aplicaciones-de-ia-con-impacto-social-y-ambiental\/#primaryimage\"},\"thumbnailUrl\":\"https:\/\/lobosnews.com.ar\/wp-content\/uploads\/2026\/03\/microsoft-y-fundacion-taeda-presentaron-en-uruguay-un-libro-sobre-aplicaciones-de-ia-con-impacto-social-y-ambiental-10.jpg\",\"datePublished\":\"2026-03-12T17:05:17+00:00\",\"dateModified\":\"2026-03-12T18:20:46+00:00\",\"breadcrumb\":{\"@id\":\"https:\/\/lobosnews.com.ar\/index.php\/2026\/03\/12\/microsoft-y-fundacion-taeda-presentaron-en-uruguay-un-libro-sobre-aplicaciones-de-ia-con-impacto-social-y-ambiental\/#breadcrumb\"},\"inLanguage\":\"es\",\"potentialAction\":[{\"@type\":\"ReadAction\",\"target\":[\"https:\/\/lobosnews.com.ar\/index.php\/2026\/03\/12\/microsoft-y-fundacion-taeda-presentaron-en-uruguay-un-libro-sobre-aplicaciones-de-ia-con-impacto-social-y-ambiental\/\"]}]},{\"@type\":\"ImageObject\",\"inLanguage\":\"es\",\"@id\":\"https:\/\/lobosnews.com.ar\/index.php\/2026\/03\/12\/microsoft-y-fundacion-taeda-presentaron-en-uruguay-un-libro-sobre-aplicaciones-de-ia-con-impacto-social-y-ambiental\/#primaryimage\",\"url\":\"https:\/\/lobosnews.com.ar\/wp-content\/uploads\/2026\/03\/microsoft-y-fundacion-taeda-presentaron-en-uruguay-un-libro-sobre-aplicaciones-de-ia-con-impacto-social-y-ambiental-10.jpg\",\"contentUrl\":\"https:\/\/lobosnews.com.ar\/wp-content\/uploads\/2026\/03\/microsoft-y-fundacion-taeda-presentaron-en-uruguay-un-libro-sobre-aplicaciones-de-ia-con-impacto-social-y-ambiental-10.jpg\",\"width\":1920,\"height\":1279,\"caption\":\"Microsoft y Fundaci\u00f3n TAEDA presentaron en Uruguay un libro sobre aplicaciones de IA con impacto social y ambiental\"},{\"@type\":\"BreadcrumbList\",\"@id\":\"https:\/\/lobosnews.com.ar\/index.php\/2026\/03\/12\/microsoft-y-fundacion-taeda-presentaron-en-uruguay-un-libro-sobre-aplicaciones-de-ia-con-impacto-social-y-ambiental\/#breadcrumb\",\"itemListElement\":[{\"@type\":\"ListItem\",\"position\":1,\"name\":\"Portada\",\"item\":\"https:\/\/lobosnews.com.ar\/\"},{\"@type\":\"ListItem\",\"position\":2,\"name\":\"Microsoft y Fundaci\u00f3n TAEDA presentaron en Uruguay un libro sobre aplicaciones de IA con impacto social y ambiental\"}]},{\"@type\":\"WebSite\",\"@id\":\"https:\/\/lobosnews.com.ar\/#website\",\"url\":\"https:\/\/lobosnews.com.ar\/\",\"name\":\"Lobos News\",\"description\":\"Informaci\u00f3n a cada instante\",\"publisher\":{\"@id\":\"https:\/\/lobosnews.com.ar\/#organization\"},\"potentialAction\":[{\"@type\":\"SearchAction\",\"target\":{\"@type\":\"EntryPoint\",\"urlTemplate\":\"https:\/\/lobosnews.com.ar\/?s={search_term_string}\"},\"query-input\":{\"@type\":\"PropertyValueSpecification\",\"valueRequired\":true,\"valueName\":\"search_term_string\"}}],\"inLanguage\":\"es\"},{\"@type\":\"Organization\",\"@id\":\"https:\/\/lobosnews.com.ar\/#organization\",\"name\":\"Lobos News\",\"url\":\"https:\/\/lobosnews.com.ar\/\",\"logo\":{\"@type\":\"ImageObject\",\"inLanguage\":\"es\",\"@id\":\"https:\/\/lobosnews.com.ar\/#\/schema\/logo\/image\/\",\"url\":\"https:\/\/lobosnews.com.ar\/wp-content\/uploads\/2026\/01\/logo-lobosnews.png\",\"contentUrl\":\"https:\/\/lobosnews.com.ar\/wp-content\/uploads\/2026\/01\/logo-lobosnews.png\",\"width\":500,\"height\":200,\"caption\":\"Lobos News\"},\"image\":{\"@id\":\"https:\/\/lobosnews.com.ar\/#\/schema\/logo\/image\/\"}},{\"@type\":\"Person\",\"@id\":\"https:\/\/lobosnews.com.ar\/#\/schema\/person\/232422a593d5c541dd9aef6aaed10943\",\"name\":\"admin\",\"image\":{\"@type\":\"ImageObject\",\"inLanguage\":\"es\",\"@id\":\"https:\/\/lobosnews.com.ar\/#\/schema\/person\/image\/\",\"url\":\"https:\/\/secure.gravatar.com\/avatar\/76e419471a2083bc3ceab22a763dbbf9b0c1bd15a6214cf3280e2c2dde4580f9?s=96&d=mm&r=g\",\"contentUrl\":\"https:\/\/secure.gravatar.com\/avatar\/76e419471a2083bc3ceab22a763dbbf9b0c1bd15a6214cf3280e2c2dde4580f9?s=96&d=mm&r=g\",\"caption\":\"admin\"},\"sameAs\":[\"https:\/\/lobosnews.com.ar\"],\"url\":\"https:\/\/lobosnews.com.ar\/index.php\/author\/lobos-news\/\"}]}<\/script>\n<!-- \/ Yoast SEO plugin. -->","yoast_head_json":{"title":"Microsoft y Fundaci\u00f3n TAEDA presentaron en Uruguay un libro sobre aplicaciones de IA con impacto social y ambiental - Lobos News","robots":{"index":"index","follow":"follow","max-snippet":"max-snippet:-1","max-image-preview":"max-image-preview:large","max-video-preview":"max-video-preview:-1"},"canonical":"https:\/\/lobosnews.com.ar\/index.php\/2026\/03\/12\/microsoft-y-fundacion-taeda-presentaron-en-uruguay-un-libro-sobre-aplicaciones-de-ia-con-impacto-social-y-ambiental\/","og_locale":"es_ES","og_type":"article","og_title":"Microsoft y Fundaci\u00f3n TAEDA presentaron en Uruguay un libro sobre aplicaciones de IA con impacto social y ambiental - Lobos News","og_description":"Juan Miguel Lavista, vicepresidente corporativo de Microsoft y Chief Data Scientist del laboratorio AI for Good, toma el micr\u00f3fono y mira al p\u00fablico reunido en el Teatro Sol\u00eds de Montevideo. No es la primera vez que habla sobre inteligencia artificial, pero la conversaci\u00f3n toma otro matiz: el impacto social. Lavista, ingeniero en Sistemas por la...","og_url":"https:\/\/lobosnews.com.ar\/index.php\/2026\/03\/12\/microsoft-y-fundacion-taeda-presentaron-en-uruguay-un-libro-sobre-aplicaciones-de-ia-con-impacto-social-y-ambiental\/","og_site_name":"Lobos News","article_published_time":"2026-03-12T17:05:17+00:00","article_modified_time":"2026-03-12T18:20:46+00:00","og_image":[{"url":"https:\/\/lobosnews.com.ar\/wp-content\/uploads\/2026\/03\/microsoft-y-fundacion-taeda-presentaron-en-uruguay-un-libro-sobre-aplicaciones-de-ia-con-impacto-social-y-ambiental.jpg","type":"","width":"","height":""}],"author":"admin","twitter_card":"summary_large_image","twitter_misc":{"Escrito por":"admin","Tiempo de lectura":"3 minutos"},"schema":{"@context":"https:\/\/schema.org","@graph":[{"@type":"Article","@id":"https:\/\/lobosnews.com.ar\/index.php\/2026\/03\/12\/microsoft-y-fundacion-taeda-presentaron-en-uruguay-un-libro-sobre-aplicaciones-de-ia-con-impacto-social-y-ambiental\/#article","isPartOf":{"@id":"https:\/\/lobosnews.com.ar\/index.php\/2026\/03\/12\/microsoft-y-fundacion-taeda-presentaron-en-uruguay-un-libro-sobre-aplicaciones-de-ia-con-impacto-social-y-ambiental\/"},"author":{"name":"admin","@id":"https:\/\/lobosnews.com.ar\/#\/schema\/person\/232422a593d5c541dd9aef6aaed10943"},"headline":"Microsoft y Fundaci\u00f3n TAEDA presentaron en Uruguay un libro sobre aplicaciones de IA con impacto social y ambiental","datePublished":"2026-03-12T17:05:17+00:00","dateModified":"2026-03-12T18:20:46+00:00","mainEntityOfPage":{"@id":"https:\/\/lobosnews.com.ar\/index.php\/2026\/03\/12\/microsoft-y-fundacion-taeda-presentaron-en-uruguay-un-libro-sobre-aplicaciones-de-ia-con-impacto-social-y-ambiental\/"},"wordCount":648,"commentCount":0,"publisher":{"@id":"https:\/\/lobosnews.com.ar\/#organization"},"image":{"@id":"https:\/\/lobosnews.com.ar\/index.php\/2026\/03\/12\/microsoft-y-fundacion-taeda-presentaron-en-uruguay-un-libro-sobre-aplicaciones-de-ia-con-impacto-social-y-ambiental\/#primaryimage"},"thumbnailUrl":"https:\/\/lobosnews.com.ar\/wp-content\/uploads\/2026\/03\/microsoft-y-fundacion-taeda-presentaron-en-uruguay-un-libro-sobre-aplicaciones-de-ia-con-impacto-social-y-ambiental-10.jpg","articleSection":["Actualidad","Argentina","econom\u00eda","inseguridad","masradios.com","nacionales","seguridad","sociedad"],"inLanguage":"es","potentialAction":[{"@type":"CommentAction","name":"Comment","target":["https:\/\/lobosnews.com.ar\/index.php\/2026\/03\/12\/microsoft-y-fundacion-taeda-presentaron-en-uruguay-un-libro-sobre-aplicaciones-de-ia-con-impacto-social-y-ambiental\/#respond"]}]},{"@type":"WebPage","@id":"https:\/\/lobosnews.com.ar\/index.php\/2026\/03\/12\/microsoft-y-fundacion-taeda-presentaron-en-uruguay-un-libro-sobre-aplicaciones-de-ia-con-impacto-social-y-ambiental\/","url":"https:\/\/lobosnews.com.ar\/index.php\/2026\/03\/12\/microsoft-y-fundacion-taeda-presentaron-en-uruguay-un-libro-sobre-aplicaciones-de-ia-con-impacto-social-y-ambiental\/","name":"Microsoft y Fundaci\u00f3n TAEDA presentaron en Uruguay un libro sobre aplicaciones de IA con impacto social y ambiental - Lobos News","isPartOf":{"@id":"https:\/\/lobosnews.com.ar\/#website"},"primaryImageOfPage":{"@id":"https:\/\/lobosnews.com.ar\/index.php\/2026\/03\/12\/microsoft-y-fundacion-taeda-presentaron-en-uruguay-un-libro-sobre-aplicaciones-de-ia-con-impacto-social-y-ambiental\/#primaryimage"},"image":{"@id":"https:\/\/lobosnews.com.ar\/index.php\/2026\/03\/12\/microsoft-y-fundacion-taeda-presentaron-en-uruguay-un-libro-sobre-aplicaciones-de-ia-con-impacto-social-y-ambiental\/#primaryimage"},"thumbnailUrl":"https:\/\/lobosnews.com.ar\/wp-content\/uploads\/2026\/03\/microsoft-y-fundacion-taeda-presentaron-en-uruguay-un-libro-sobre-aplicaciones-de-ia-con-impacto-social-y-ambiental-10.jpg","datePublished":"2026-03-12T17:05:17+00:00","dateModified":"2026-03-12T18:20:46+00:00","breadcrumb":{"@id":"https:\/\/lobosnews.com.ar\/index.php\/2026\/03\/12\/microsoft-y-fundacion-taeda-presentaron-en-uruguay-un-libro-sobre-aplicaciones-de-ia-con-impacto-social-y-ambiental\/#breadcrumb"},"inLanguage":"es","potentialAction":[{"@type":"ReadAction","target":["https:\/\/lobosnews.com.ar\/index.php\/2026\/03\/12\/microsoft-y-fundacion-taeda-presentaron-en-uruguay-un-libro-sobre-aplicaciones-de-ia-con-impacto-social-y-ambiental\/"]}]},{"@type":"ImageObject","inLanguage":"es","@id":"https:\/\/lobosnews.com.ar\/index.php\/2026\/03\/12\/microsoft-y-fundacion-taeda-presentaron-en-uruguay-un-libro-sobre-aplicaciones-de-ia-con-impacto-social-y-ambiental\/#primaryimage","url":"https:\/\/lobosnews.com.ar\/wp-content\/uploads\/2026\/03\/microsoft-y-fundacion-taeda-presentaron-en-uruguay-un-libro-sobre-aplicaciones-de-ia-con-impacto-social-y-ambiental-10.jpg","contentUrl":"https:\/\/lobosnews.com.ar\/wp-content\/uploads\/2026\/03\/microsoft-y-fundacion-taeda-presentaron-en-uruguay-un-libro-sobre-aplicaciones-de-ia-con-impacto-social-y-ambiental-10.jpg","width":1920,"height":1279,"caption":"Microsoft y Fundaci\u00f3n TAEDA presentaron en Uruguay un libro sobre aplicaciones de IA con impacto social y ambiental"},{"@type":"BreadcrumbList","@id":"https:\/\/lobosnews.com.ar\/index.php\/2026\/03\/12\/microsoft-y-fundacion-taeda-presentaron-en-uruguay-un-libro-sobre-aplicaciones-de-ia-con-impacto-social-y-ambiental\/#breadcrumb","itemListElement":[{"@type":"ListItem","position":1,"name":"Portada","item":"https:\/\/lobosnews.com.ar\/"},{"@type":"ListItem","position":2,"name":"Microsoft y Fundaci\u00f3n TAEDA presentaron en Uruguay un libro sobre aplicaciones de IA con impacto social y ambiental"}]},{"@type":"WebSite","@id":"https:\/\/lobosnews.com.ar\/#website","url":"https:\/\/lobosnews.com.ar\/","name":"Lobos News","description":"Informaci\u00f3n a cada instante","publisher":{"@id":"https:\/\/lobosnews.com.ar\/#organization"},"potentialAction":[{"@type":"SearchAction","target":{"@type":"EntryPoint","urlTemplate":"https:\/\/lobosnews.com.ar\/?s={search_term_string}"},"query-input":{"@type":"PropertyValueSpecification","valueRequired":true,"valueName":"search_term_string"}}],"inLanguage":"es"},{"@type":"Organization","@id":"https:\/\/lobosnews.com.ar\/#organization","name":"Lobos News","url":"https:\/\/lobosnews.com.ar\/","logo":{"@type":"ImageObject","inLanguage":"es","@id":"https:\/\/lobosnews.com.ar\/#\/schema\/logo\/image\/","url":"https:\/\/lobosnews.com.ar\/wp-content\/uploads\/2026\/01\/logo-lobosnews.png","contentUrl":"https:\/\/lobosnews.com.ar\/wp-content\/uploads\/2026\/01\/logo-lobosnews.png","width":500,"height":200,"caption":"Lobos News"},"image":{"@id":"https:\/\/lobosnews.com.ar\/#\/schema\/logo\/image\/"}},{"@type":"Person","@id":"https:\/\/lobosnews.com.ar\/#\/schema\/person\/232422a593d5c541dd9aef6aaed10943","name":"admin","image":{"@type":"ImageObject","inLanguage":"es","@id":"https:\/\/lobosnews.com.ar\/#\/schema\/person\/image\/","url":"https:\/\/secure.gravatar.com\/avatar\/76e419471a2083bc3ceab22a763dbbf9b0c1bd15a6214cf3280e2c2dde4580f9?s=96&d=mm&r=g","contentUrl":"https:\/\/secure.gravatar.com\/avatar\/76e419471a2083bc3ceab22a763dbbf9b0c1bd15a6214cf3280e2c2dde4580f9?s=96&d=mm&r=g","caption":"admin"},"sameAs":["https:\/\/lobosnews.com.ar"],"url":"https:\/\/lobosnews.com.ar\/index.php\/author\/lobos-news\/"}]}},"jetpack_featured_media_url":"https:\/\/lobosnews.com.ar\/wp-content\/uploads\/2026\/03\/microsoft-y-fundacion-taeda-presentaron-en-uruguay-un-libro-sobre-aplicaciones-de-ia-con-impacto-social-y-ambiental-10.jpg","jetpack_sharing_enabled":true,"_links":{"self":[{"href":"https:\/\/lobosnews.com.ar\/index.php\/wp-json\/wp\/v2\/posts\/32519","targetHints":{"allow":["GET"]}}],"collection":[{"href":"https:\/\/lobosnews.com.ar\/index.php\/wp-json\/wp\/v2\/posts"}],"about":[{"href":"https:\/\/lobosnews.com.ar\/index.php\/wp-json\/wp\/v2\/types\/post"}],"author":[{"embeddable":true,"href":"https:\/\/lobosnews.com.ar\/index.php\/wp-json\/wp\/v2\/users\/1"}],"replies":[{"embeddable":true,"href":"https:\/\/lobosnews.com.ar\/index.php\/wp-json\/wp\/v2\/comments?post=32519"}],"version-history":[{"count":1,"href":"https:\/\/lobosnews.com.ar\/index.php\/wp-json\/wp\/v2\/posts\/32519\/revisions"}],"predecessor-version":[{"id":32526,"href":"https:\/\/lobosnews.com.ar\/index.php\/wp-json\/wp\/v2\/posts\/32519\/revisions\/32526"}],"wp:featuredmedia":[{"embeddable":true,"href":"https:\/\/lobosnews.com.ar\/index.php\/wp-json\/wp\/v2\/media\/32527"}],"wp:attachment":[{"href":"https:\/\/lobosnews.com.ar\/index.php\/wp-json\/wp\/v2\/media?parent=32519"}],"wp:term":[{"taxonomy":"category","embeddable":true,"href":"https:\/\/lobosnews.com.ar\/index.php\/wp-json\/wp\/v2\/categories?post=32519"},{"taxonomy":"post_tag","embeddable":true,"href":"https:\/\/lobosnews.com.ar\/index.php\/wp-json\/wp\/v2\/tags?post=32519"}],"curies":[{"name":"wp","href":"https:\/\/api.w.org\/{rel}","templated":true}]}}