{"id":32372,"date":"2026-03-12T05:00:00","date_gmt":"2026-03-12T05:00:00","guid":{"rendered":"https:\/\/lobosnews.com.ar\/index.php\/2026\/03\/12\/dia-mundial-del-glaucoma-el-50-no-sabe-que-lo-tiene-y-es-la-principal-causa-de-ceguera-irreversible\/"},"modified":"2026-03-12T09:34:48","modified_gmt":"2026-03-12T09:34:48","slug":"dia-mundial-del-glaucoma-el-50-no-sabe-que-lo-tiene-y-es-la-principal-causa-de-ceguera-irreversible","status":"publish","type":"post","link":"https:\/\/lobosnews.com.ar\/index.php\/2026\/03\/12\/dia-mundial-del-glaucoma-el-50-no-sabe-que-lo-tiene-y-es-la-principal-causa-de-ceguera-irreversible\/","title":{"rendered":"D\u00eda Mundial del Glaucoma: el 50% no sabe que lo tiene y es la principal causa de ceguera irreversible"},"content":{"rendered":"<p><img fetchpriority=\"high\" decoding=\"async\" src=\"https:\/\/lobosnews.com.ar\/wp-content\/uploads\/2026\/03\/dia-mundial-del-glaucoma-el-50-no-sabe-que-lo-tiene-y-es-la-principal-causa-de-ceguera-irreversible.jpg\" alt=\"La enfermedad ocular puede avanzar sin s\u00edntomas durante a\u00f1os, dificultando el diagn\u00f3stico temprano (Imagen Ilustrativa Infobae)\" height=\"816\" width=\"1456\"\/><\/p>\n<p>Cada 12 de marzo se conmemora el <b>D\u00eda Mundial del Glaucoma<\/b>, una enfermedad que agrupa m\u00e1s de 60 patolog\u00edas oculares capaces de provocar <span class=\"waslinkname\">ceguera<\/span> irreversible debido a la degeneraci\u00f3n progresiva del nervio \u00f3ptico. Seg\u00fan datos de la <b>Asociaci\u00f3n Mundial del Glaucoma<\/b>, actualmente m\u00e1s de <b>80 millones de personas en el mundo<\/b> viven con <span class=\"waslinkname\">glaucoma<\/span> y se proyecta que esa cifra ascender\u00e1 a 111,8 millones en 2040. <\/p>\n<p>En <b>Argentina<\/b>, la situaci\u00f3n es especialmente preocupante: \u201cEl 50% de la poblaci\u00f3n no sabe qu\u00e9 es esta enfermedad y no se tom\u00f3 la presi\u00f3n ocular en los \u00faltimos cinco a\u00f1os\u201d, advirti\u00f3 la m\u00e9dica oftalm\u00f3loga del <b>Hospital Italiano de Buenos Aires <\/b>Mar\u00eda Ang\u00e9lica Moussalli (MN 80.561). Este dato refuerza la importancia de los controles oftalmol\u00f3gicos anuales a partir de los 40 a\u00f1os.<\/p>\n<h2>\u00bfQu\u00e9 es el glaucoma y por qu\u00e9 es una amenaza silenciosa para la visi\u00f3n?<\/h2>\n<p><img loading=\"lazy\" decoding=\"async\" src=\"https:\/\/lobosnews.com.ar\/wp-content\/uploads\/2026\/03\/dia-mundial-del-glaucoma-el-50-no-sabe-que-lo-tiene-y-es-la-principal-causa-de-ceguera-irreversible-1.jpg\" alt=\"En Argentina, el 50% de la poblaci\u00f3n desconoce qu\u00e9 es el glaucoma y nunca se midi\u00f3 la presi\u00f3n ocular (Freepik)\" height=\"1080\" width=\"1920\"\/><\/p>\n<p>El glaucoma es una enfermedad silenciosa, asintom\u00e1tica en sus primeras etapas, que puede avanzar sin ser advertida y causar da\u00f1os irreversibles en la visi\u00f3n perif\u00e9rica. <\/p>\n<p>Seg\u00fan el <b>Consejo Argentino de Oftalmolog\u00eda (CAO)<\/b>, el glaucoma consiste en una lesi\u00f3n irreversible del nervio \u00f3ptico que conlleva una p\u00e9rdida progresiva del campo visual. La causa principal es una presi\u00f3n intraocular elevada, aunque existen otros factores de riesgo como la diabetes, los antecedentes familiares o la hipertensi\u00f3n arterial.<\/p>\n<p>El m\u00e9dico oftalm\u00f3logo y vicepresidente de la <b>Asociaci\u00f3n Argentina de Glaucoma<\/b>, Gabriel Bercovich, explic\u00f3 que \u201cel problema es que generalmente no da s\u00edntomas, no duele y no da se\u00f1ales tempranas, por lo que muchas veces llegamos tarde al diagn\u00f3stico, cuando ya el da\u00f1o es irreversible\u201d.<\/p>\n<p>En este punto, Moussalli ahond\u00f3: \u201cEl glaucoma es una enfermedad del nervio \u00f3ptico del ojo, el encargado de transmitir al cerebro la se\u00f1al visual para poder ver. Es importante tomar conciencia de que <b>se trata de una enfermedad silenciosa que puede llevar a la ceguera si no se la detecta a tiempo<\/b>\u201d.<\/p>\n<p>El diagn\u00f3stico temprano es clave. \u201c<b>El principal factor de riesgo est\u00e1 dado por la presi\u00f3n intraocular elevada<\/b>, que da\u00f1a al nervio \u00f3ptico\u201d, detalla la especialista. La presi\u00f3n ocular normal var\u00eda de <b>10 mmHg a 21 mmHg<\/b>; valores superiores pueden indicar la presencia de glaucoma. El estudio incluye la toma de presi\u00f3n ocular, fondo de ojos, gonioscopia, OCT y campo visual, procedimientos que \u201cno son dolorosos ni invasivos\u201d, subraya la Dra. Moussalli.<\/p>\n<h2>\u00bfCu\u00e1les son los principales factores de riesgo y grupos vulnerables?<\/h2>\n<p><img loading=\"lazy\" decoding=\"async\" src=\"https:\/\/lobosnews.com.ar\/wp-content\/uploads\/2026\/03\/dia-mundial-del-glaucoma-el-50-no-sabe-que-lo-tiene-y-es-la-principal-causa-de-ceguera-irreversible-2.jpg\" alt=\"La presi\u00f3n intraocular elevada es el principal factor de riesgo para desarrollar glaucoma (Freepik)\" height=\"1080\" width=\"1920\"\/><\/p>\n<p>La prevalencia del glaucoma aumenta de manera significativa con la edad: afecta a <b>m\u00e1s del 6% de las personas mayores de 40 a\u00f1os<\/b> y al 10% de quienes superan los 70 en Argentina. <\/p>\n<p>Puede presentarse en diferentes formas: cong\u00e9nito, juvenil, del adulto de \u00e1ngulo abierto o cerrado, y secundario a traumatismos o uso de corticoides. <b>El tipo m\u00e1s frecuente es el \u201cprimario de \u00e1ngulo abierto\u201d, que suele aparecer a partir de los 40 a\u00f1os.<\/b><\/p>\n<p>\u201cEl glaucoma generalmente afecta la visi\u00f3n perif\u00e9rica; s\u00f3lo en etapas muy avanzadas compromete la visi\u00f3n central. <b>Uno de los s\u00edntomas m\u00e1s frecuentes es que no se pueden ver los objetos hacia los costados<\/b>\u201d, advirti\u00f3 Moussalli. <\/p>\n<p>Adem\u00e1s, pueden aparecer visi\u00f3n borrosa, halos alrededor de las luces y sensibilidad a la luz. \u201cLos hijos, nietos y hermanos de pacientes con glaucoma tienen 10 veces m\u00e1s riesgo de contraerlo en comparaci\u00f3n con las personas que no tienen parientes cercanos con esta enfermedad\u201d, alerta la especialista.<\/p>\n<p><b>Entre los factores de riesgo se incluyen tambi\u00e9n la miop\u00eda, la hipermetrop\u00eda, la diabetes, la hipertensi\u00f3n arterial<\/b>. \u201cTodos podemos tener glaucoma, pero hay quienes tienen m\u00e1s riesgo de padecerlo: personas mayores de 40 a\u00f1os, con antecedentes familiares directos, que usaron o usan corticoides, o que sufrieron traumatismos en los ojos\u201d, indic\u00f3 el m\u00e9dico oftalm\u00f3logo y ex presidente del <b>Consejo Argentino de Oftalmolog\u00eda<\/b>, Javier Casiraghi.<\/p>\n<p>Por estas razones, <b>la recomendaci\u00f3n generalizada es realizar un<\/b> <b>control oftalmol\u00f3gico anual<\/b> a partir de los 40 a\u00f1os o antes si existen antecedentes o condiciones que eleven el riesgo.<\/p>\n<h2>\u00bfC\u00f3mo se detecta y trata el glaucoma en Argentina<\/h2>\n<p><img loading=\"lazy\" decoding=\"async\" src=\"https:\/\/lobosnews.com.ar\/wp-content\/uploads\/2026\/03\/dia-mundial-del-glaucoma-el-50-no-sabe-que-lo-tiene-y-es-la-principal-causa-de-ceguera-irreversible-3.jpg\" alt=\"El seguimiento regular con el oftalm\u00f3logo es esencial para controlar la progresi\u00f3n de la enfermedad (Freepik)\" height=\"1080\" width=\"1920\"\/><\/p>\n<p><b>La detecci\u00f3n precoz del glaucoma se basa en ex\u00e1menes sencillos y no invasivos<\/b>, como la medici\u00f3n de la presi\u00f3n intraocular y el examen de la papila del nervio \u00f3ptico. Estas pruebas son fundamentales para identificar la enfermedad en personas que no presentan s\u00edntomas.<\/p>\n<p>En el marco de la Semana Mundial del Glaucoma, y principalmente durante la <b>Campa\u00f1a Nacional de Detecci\u00f3n del Glaucoma<\/b> organizada por el Consejo Argentino de Oftalmolog\u00eda, <b>hospitales y centros m\u00e9dicos de todo el pa\u00eds ofrecen atenci\u00f3n gratuita <\/b>y por orden de llegada a personas de todas las edades. Cada a\u00f1o, entre 5.000 y 8.000 personas reciben atenci\u00f3n oftalmol\u00f3gica gratuita, seg\u00fan los organizadores de la campa\u00f1a.<\/p>\n<p>Para chequear la sede m\u00e1s cercana y horarios de atenci\u00f3n de este a\u00f1o, ingresar a <span class=\"waslinkname\">www.oftalmologos.org.ar\/glaucoma2026<\/span> <\/p>\n<p>Asimismo, el <b>Hospital Italiano de Buenos Aires<\/b> ofrecer\u00e1 este viernes 13 <b>controles oftalmol\u00f3gicos sin turno previo en sus sedes de Almagro y San Justo<\/b>, de 9 a 16 horas. \u201cEl objetivo de esta jornada es detectar el glaucoma en forma precoz y, de esta forma, prevenir la ceguera asociada al avance de la enfermedad\u201d, explican los organizadores. <\/p>\n<p>\u201cDado que esta enfermedad no presenta s\u00edntomas ni molestias en su fase inicial, las personas afectadas desconocen que la padecen. Por esta raz\u00f3n, se la suele calificar como el \u2018ladr\u00f3n silencioso de la visi\u00f3n\u2019. Pero hay una buena noticia: <b>con un diagn\u00f3stico oportuno y un tratamiento adecuado, la gran mayor\u00eda de los pacientes con glaucoma conservan su visi\u00f3n<\/b>\u201d, destac\u00f3 el m\u00e9dico oftalm\u00f3logo<b> <\/b>Daniel Grigera, integrante del CAO.<\/p>\n<h2>Tratamiento disponible y consejos para reducir el riesgo<\/h2>\n<p><img loading=\"lazy\" decoding=\"async\" src=\"https:\/\/lobosnews.com.ar\/wp-content\/uploads\/2026\/03\/dia-mundial-del-glaucoma-el-50-no-sabe-que-lo-tiene-y-es-la-principal-causa-de-ceguera-irreversible-4.jpg\" alt=\"El tratamiento del glaucoma incluye gotas, l\u00e1ser o cirug\u00eda, dependiendo de cada caso (Imagen Ilustrativa Infobae)\" height=\"816\" width=\"1456\"\/><\/p>\n<p><b>\u201cEl tratamiento tiene como meta controlar la presi\u00f3n intraocular y detener la progresi\u00f3n de la enfermedad\u201d<\/b>, explic\u00f3 Moussalli. Las opciones incluyen <b>gotas diarias, l\u00e1ser o cirug\u00eda incisional<\/b>. \u201cSi el oftalm\u00f3logo indica un tratamiento v\u00eda medicaci\u00f3n, habr\u00e1 que colocar las gotas en el horario indicado, utilizando recordatorios si fuera necesario y reponiendo la medicaci\u00f3n a tiempo\u201d, recomend\u00f3 la especialista.<\/p>\n<p>Y agreg\u00f3: \u201cSi bien la p\u00e9rdida de visi\u00f3n ocasionada por el glaucoma no se puede recuperar, su progreso se puede controlar mediante diferentes formas de tratamiento.<\/p>\n<p>Para reducir el riesgo y mejorar la calidad de vida, los expertos sugieren:<\/p>\n<ul>\n<li>Realizar ejercicio f\u00edsico aer\u00f3bico regular, evitando posturas con la cabeza hacia abajo.<\/li>\n<li>Consumir alimentos ricos en antioxidantes, como vegetales de hoja verde, ar\u00e1ndanos y cacao.<\/li>\n<li>Usar anteojos de sol con filtro UV certificado.<\/li>\n<li>Evitar la automedicaci\u00f3n y controlar la hipertensi\u00f3n arterial.<\/li>\n<li>Prestar especial atenci\u00f3n al uso de corticosteroides y consultar siempre con un oftalm\u00f3logo.<\/li>\n<li>Realizar controles anuales a partir de los 40 a\u00f1os, o antes si existen antecedentes familiares o factores de riesgo.<\/li>\n<\/ul>\n<p>Los especialistas insisten en la importancia de que las personas diagnosticadas mantengan controles peri\u00f3dicos, al menos una o dos veces al a\u00f1o, y permanezcan bajo supervisi\u00f3n oftalmol\u00f3gica de por vida. <b>La adherencia a las indicaciones m\u00e9dicas y la constancia en los controles permiten sostener una buena calidad de vida y evitar la progresi\u00f3n hacia la ceguera.<\/b><\/p>\n<p>El mensaje, respaldado por las entidades m\u00e9dicas y cient\u00edficas, es contundente: el glaucoma puede no dar se\u00f1ales, pero el control m\u00e9dico oportuno puede marcar la diferencia entre conservar o perder la visi\u00f3n de manera irreversible.<\/p>\n","protected":false},"excerpt":{"rendered":"<p>Cada 12 de marzo se conmemora el D\u00eda Mundial del Glaucoma, una enfermedad que agrupa m\u00e1s de 60 patolog\u00edas oculares capaces de provocar ceguera irreversible debido a la degeneraci\u00f3n progresiva del nervio \u00f3ptico. Seg\u00fan datos de la Asociaci\u00f3n Mundial del Glaucoma, actualmente m\u00e1s de 80 millones de personas en el mundo viven con glaucoma y&#8230;<\/p>\n","protected":false},"author":1,"featured_media":32379,"comment_status":"open","ping_status":"closed","sticky":false,"template":"","format":"standard","meta":{"_jetpack_memberships_contains_paid_content":false,"footnotes":""},"categories":[81],"tags":[],"class_list":["post-32372","post","type-post","status-publish","format-standard","has-post-thumbnail","hentry","category-salud"],"magazineBlocksPostFeaturedMedia":{"thumbnail":"https:\/\/lobosnews.com.ar\/wp-content\/uploads\/2026\/03\/dia-mundial-del-glaucoma-el-50-no-sabe-que-lo-tiene-y-es-la-principal-causa-de-ceguera-irreversible-8-150x150.jpg","medium":"https:\/\/lobosnews.com.ar\/wp-content\/uploads\/2026\/03\/dia-mundial-del-glaucoma-el-50-no-sabe-que-lo-tiene-y-es-la-principal-causa-de-ceguera-irreversible-8-300x168.jpg","medium_large":"https:\/\/lobosnews.com.ar\/wp-content\/uploads\/2026\/03\/dia-mundial-del-glaucoma-el-50-no-sabe-que-lo-tiene-y-es-la-principal-causa-de-ceguera-irreversible-8-768x430.jpg","large":"https:\/\/lobosnews.com.ar\/wp-content\/uploads\/2026\/03\/dia-mundial-del-glaucoma-el-50-no-sabe-que-lo-tiene-y-es-la-principal-causa-de-ceguera-irreversible-8-1024x574.jpg","1536x1536":"https:\/\/lobosnews.com.ar\/wp-content\/uploads\/2026\/03\/dia-mundial-del-glaucoma-el-50-no-sabe-que-lo-tiene-y-es-la-principal-causa-de-ceguera-irreversible-8.jpg","2048x2048":"https:\/\/lobosnews.com.ar\/wp-content\/uploads\/2026\/03\/dia-mundial-del-glaucoma-el-50-no-sabe-que-lo-tiene-y-es-la-principal-causa-de-ceguera-irreversible-8.jpg","newsmatic-featured":"https:\/\/lobosnews.com.ar\/wp-content\/uploads\/2026\/03\/dia-mundial-del-glaucoma-el-50-no-sabe-que-lo-tiene-y-es-la-principal-causa-de-ceguera-irreversible-8-820x545.jpg","newsmatic-list":"https:\/\/lobosnews.com.ar\/wp-content\/uploads\/2026\/03\/dia-mundial-del-glaucoma-el-50-no-sabe-que-lo-tiene-y-es-la-principal-causa-de-ceguera-irreversible-8-600x400.jpg","newsmatic-thumb":"https:\/\/lobosnews.com.ar\/wp-content\/uploads\/2026\/03\/dia-mundial-del-glaucoma-el-50-no-sabe-que-lo-tiene-y-es-la-principal-causa-de-ceguera-irreversible-8-300x200.jpg","newsmatic-small":"https:\/\/lobosnews.com.ar\/wp-content\/uploads\/2026\/03\/dia-mundial-del-glaucoma-el-50-no-sabe-que-lo-tiene-y-es-la-principal-causa-de-ceguera-irreversible-8-150x95.jpg","newsmatic-grid":"https:\/\/lobosnews.com.ar\/wp-content\/uploads\/2026\/03\/dia-mundial-del-glaucoma-el-50-no-sabe-que-lo-tiene-y-es-la-principal-causa-de-ceguera-irreversible-8-400x250.jpg"},"magazineBlocksPostAuthor":{"name":"admin","avatar":"https:\/\/secure.gravatar.com\/avatar\/76e419471a2083bc3ceab22a763dbbf9b0c1bd15a6214cf3280e2c2dde4580f9?s=96&d=mm&r=g"},"magazineBlocksPostCommentsNumber":"0","magazineBlocksPostExcerpt":"Cada 12 de marzo se conmemora el D\u00eda Mundial del Glaucoma, una enfermedad que agrupa m\u00e1s de 60 patolog\u00edas oculares capaces de provocar ceguera irreversible debido a la degeneraci\u00f3n progresiva del nervio \u00f3ptico. Seg\u00fan datos de la Asociaci\u00f3n Mundial del Glaucoma, actualmente m\u00e1s de 80 millones de personas en el mundo viven con glaucoma y...","magazineBlocksPostCategories":["Salud"],"magazineBlocksPostViewCount":112,"magazineBlocksPostReadTime":7,"magazine_blocks_featured_image_url":{"full":["https:\/\/lobosnews.com.ar\/wp-content\/uploads\/2026\/03\/dia-mundial-del-glaucoma-el-50-no-sabe-que-lo-tiene-y-es-la-principal-causa-de-ceguera-irreversible-8.jpg",1456,816,false],"medium":["https:\/\/lobosnews.com.ar\/wp-content\/uploads\/2026\/03\/dia-mundial-del-glaucoma-el-50-no-sabe-que-lo-tiene-y-es-la-principal-causa-de-ceguera-irreversible-8-300x168.jpg",300,168,true],"thumbnail":["https:\/\/lobosnews.com.ar\/wp-content\/uploads\/2026\/03\/dia-mundial-del-glaucoma-el-50-no-sabe-que-lo-tiene-y-es-la-principal-causa-de-ceguera-irreversible-8-150x150.jpg",150,150,true]},"magazine_blocks_author":{"display_name":"admin","author_link":"https:\/\/lobosnews.com.ar\/index.php\/author\/lobos-news\/"},"magazine_blocks_comment":0,"magazine_blocks_author_image":"https:\/\/secure.gravatar.com\/avatar\/76e419471a2083bc3ceab22a763dbbf9b0c1bd15a6214cf3280e2c2dde4580f9?s=96&d=mm&r=g","magazine_blocks_category":"<a href=\"#\" class=\"category-link category-link-81\">Salud<\/a>","yoast_head":"<!-- This site is optimized with the Yoast SEO plugin v26.6 - https:\/\/yoast.com\/wordpress\/plugins\/seo\/ -->\n<title>D\u00eda Mundial del Glaucoma: el 50% no sabe que lo tiene y es la principal causa de ceguera irreversible - Lobos News<\/title>\n<meta name=\"robots\" content=\"index, follow, max-snippet:-1, max-image-preview:large, max-video-preview:-1\" \/>\n<link rel=\"canonical\" href=\"https:\/\/lobosnews.com.ar\/index.php\/2026\/03\/12\/dia-mundial-del-glaucoma-el-50-no-sabe-que-lo-tiene-y-es-la-principal-causa-de-ceguera-irreversible\/\" \/>\n<meta property=\"og:locale\" content=\"es_ES\" \/>\n<meta property=\"og:type\" content=\"article\" \/>\n<meta property=\"og:title\" content=\"D\u00eda Mundial del Glaucoma: el 50% no sabe que lo tiene y es la principal causa de ceguera irreversible - Lobos News\" \/>\n<meta property=\"og:description\" content=\"Cada 12 de marzo se conmemora el D\u00eda Mundial del Glaucoma, una enfermedad que agrupa m\u00e1s de 60 patolog\u00edas oculares capaces de provocar ceguera irreversible debido a la degeneraci\u00f3n progresiva del nervio \u00f3ptico. Seg\u00fan datos de la Asociaci\u00f3n Mundial del Glaucoma, actualmente m\u00e1s de 80 millones de personas en el mundo viven con glaucoma y...\" \/>\n<meta property=\"og:url\" content=\"https:\/\/lobosnews.com.ar\/index.php\/2026\/03\/12\/dia-mundial-del-glaucoma-el-50-no-sabe-que-lo-tiene-y-es-la-principal-causa-de-ceguera-irreversible\/\" \/>\n<meta property=\"og:site_name\" content=\"Lobos News\" \/>\n<meta property=\"article:published_time\" content=\"2026-03-12T05:00:00+00:00\" \/>\n<meta property=\"article:modified_time\" content=\"2026-03-12T09:34:48+00:00\" \/>\n<meta property=\"og:image\" content=\"https:\/\/lobosnews.com.ar\/wp-content\/uploads\/2026\/03\/dia-mundial-del-glaucoma-el-50-no-sabe-que-lo-tiene-y-es-la-principal-causa-de-ceguera-irreversible.jpg\" \/>\n<meta name=\"author\" content=\"admin\" \/>\n<meta name=\"twitter:card\" content=\"summary_large_image\" \/>\n<meta name=\"twitter:label1\" content=\"Escrito por\" \/>\n\t<meta name=\"twitter:data1\" content=\"admin\" \/>\n\t<meta name=\"twitter:label2\" content=\"Tiempo de lectura\" \/>\n\t<meta name=\"twitter:data2\" content=\"6 minutos\" \/>\n<script type=\"application\/ld+json\" class=\"yoast-schema-graph\">{\"@context\":\"https:\/\/schema.org\",\"@graph\":[{\"@type\":\"Article\",\"@id\":\"https:\/\/lobosnews.com.ar\/index.php\/2026\/03\/12\/dia-mundial-del-glaucoma-el-50-no-sabe-que-lo-tiene-y-es-la-principal-causa-de-ceguera-irreversible\/#article\",\"isPartOf\":{\"@id\":\"https:\/\/lobosnews.com.ar\/index.php\/2026\/03\/12\/dia-mundial-del-glaucoma-el-50-no-sabe-que-lo-tiene-y-es-la-principal-causa-de-ceguera-irreversible\/\"},\"author\":{\"name\":\"admin\",\"@id\":\"https:\/\/lobosnews.com.ar\/#\/schema\/person\/232422a593d5c541dd9aef6aaed10943\"},\"headline\":\"D\u00eda Mundial del Glaucoma: el 50% no sabe que lo tiene y es la principal causa de ceguera irreversible\",\"datePublished\":\"2026-03-12T05:00:00+00:00\",\"dateModified\":\"2026-03-12T09:34:48+00:00\",\"mainEntityOfPage\":{\"@id\":\"https:\/\/lobosnews.com.ar\/index.php\/2026\/03\/12\/dia-mundial-del-glaucoma-el-50-no-sabe-que-lo-tiene-y-es-la-principal-causa-de-ceguera-irreversible\/\"},\"wordCount\":1296,\"commentCount\":0,\"publisher\":{\"@id\":\"https:\/\/lobosnews.com.ar\/#organization\"},\"image\":{\"@id\":\"https:\/\/lobosnews.com.ar\/index.php\/2026\/03\/12\/dia-mundial-del-glaucoma-el-50-no-sabe-que-lo-tiene-y-es-la-principal-causa-de-ceguera-irreversible\/#primaryimage\"},\"thumbnailUrl\":\"https:\/\/lobosnews.com.ar\/wp-content\/uploads\/2026\/03\/dia-mundial-del-glaucoma-el-50-no-sabe-que-lo-tiene-y-es-la-principal-causa-de-ceguera-irreversible-8.jpg\",\"articleSection\":[\"Salud\"],\"inLanguage\":\"es\",\"potentialAction\":[{\"@type\":\"CommentAction\",\"name\":\"Comment\",\"target\":[\"https:\/\/lobosnews.com.ar\/index.php\/2026\/03\/12\/dia-mundial-del-glaucoma-el-50-no-sabe-que-lo-tiene-y-es-la-principal-causa-de-ceguera-irreversible\/#respond\"]}]},{\"@type\":\"WebPage\",\"@id\":\"https:\/\/lobosnews.com.ar\/index.php\/2026\/03\/12\/dia-mundial-del-glaucoma-el-50-no-sabe-que-lo-tiene-y-es-la-principal-causa-de-ceguera-irreversible\/\",\"url\":\"https:\/\/lobosnews.com.ar\/index.php\/2026\/03\/12\/dia-mundial-del-glaucoma-el-50-no-sabe-que-lo-tiene-y-es-la-principal-causa-de-ceguera-irreversible\/\",\"name\":\"D\u00eda Mundial del Glaucoma: el 50% no sabe que lo tiene y es la principal causa de ceguera irreversible - Lobos News\",\"isPartOf\":{\"@id\":\"https:\/\/lobosnews.com.ar\/#website\"},\"primaryImageOfPage\":{\"@id\":\"https:\/\/lobosnews.com.ar\/index.php\/2026\/03\/12\/dia-mundial-del-glaucoma-el-50-no-sabe-que-lo-tiene-y-es-la-principal-causa-de-ceguera-irreversible\/#primaryimage\"},\"image\":{\"@id\":\"https:\/\/lobosnews.com.ar\/index.php\/2026\/03\/12\/dia-mundial-del-glaucoma-el-50-no-sabe-que-lo-tiene-y-es-la-principal-causa-de-ceguera-irreversible\/#primaryimage\"},\"thumbnailUrl\":\"https:\/\/lobosnews.com.ar\/wp-content\/uploads\/2026\/03\/dia-mundial-del-glaucoma-el-50-no-sabe-que-lo-tiene-y-es-la-principal-causa-de-ceguera-irreversible-8.jpg\",\"datePublished\":\"2026-03-12T05:00:00+00:00\",\"dateModified\":\"2026-03-12T09:34:48+00:00\",\"breadcrumb\":{\"@id\":\"https:\/\/lobosnews.com.ar\/index.php\/2026\/03\/12\/dia-mundial-del-glaucoma-el-50-no-sabe-que-lo-tiene-y-es-la-principal-causa-de-ceguera-irreversible\/#breadcrumb\"},\"inLanguage\":\"es\",\"potentialAction\":[{\"@type\":\"ReadAction\",\"target\":[\"https:\/\/lobosnews.com.ar\/index.php\/2026\/03\/12\/dia-mundial-del-glaucoma-el-50-no-sabe-que-lo-tiene-y-es-la-principal-causa-de-ceguera-irreversible\/\"]}]},{\"@type\":\"ImageObject\",\"inLanguage\":\"es\",\"@id\":\"https:\/\/lobosnews.com.ar\/index.php\/2026\/03\/12\/dia-mundial-del-glaucoma-el-50-no-sabe-que-lo-tiene-y-es-la-principal-causa-de-ceguera-irreversible\/#primaryimage\",\"url\":\"https:\/\/lobosnews.com.ar\/wp-content\/uploads\/2026\/03\/dia-mundial-del-glaucoma-el-50-no-sabe-que-lo-tiene-y-es-la-principal-causa-de-ceguera-irreversible-8.jpg\",\"contentUrl\":\"https:\/\/lobosnews.com.ar\/wp-content\/uploads\/2026\/03\/dia-mundial-del-glaucoma-el-50-no-sabe-que-lo-tiene-y-es-la-principal-causa-de-ceguera-irreversible-8.jpg\",\"width\":1456,\"height\":816,\"caption\":\"D\u00eda Mundial del Glaucoma: el 50% no sabe que lo tiene y es la principal causa de ceguera irreversible\"},{\"@type\":\"BreadcrumbList\",\"@id\":\"https:\/\/lobosnews.com.ar\/index.php\/2026\/03\/12\/dia-mundial-del-glaucoma-el-50-no-sabe-que-lo-tiene-y-es-la-principal-causa-de-ceguera-irreversible\/#breadcrumb\",\"itemListElement\":[{\"@type\":\"ListItem\",\"position\":1,\"name\":\"Portada\",\"item\":\"https:\/\/lobosnews.com.ar\/\"},{\"@type\":\"ListItem\",\"position\":2,\"name\":\"D\u00eda Mundial del Glaucoma: el 50% no sabe que lo tiene y es la principal causa de ceguera irreversible\"}]},{\"@type\":\"WebSite\",\"@id\":\"https:\/\/lobosnews.com.ar\/#website\",\"url\":\"https:\/\/lobosnews.com.ar\/\",\"name\":\"Lobos News\",\"description\":\"Informaci\u00f3n a cada instante\",\"publisher\":{\"@id\":\"https:\/\/lobosnews.com.ar\/#organization\"},\"potentialAction\":[{\"@type\":\"SearchAction\",\"target\":{\"@type\":\"EntryPoint\",\"urlTemplate\":\"https:\/\/lobosnews.com.ar\/?s={search_term_string}\"},\"query-input\":{\"@type\":\"PropertyValueSpecification\",\"valueRequired\":true,\"valueName\":\"search_term_string\"}}],\"inLanguage\":\"es\"},{\"@type\":\"Organization\",\"@id\":\"https:\/\/lobosnews.com.ar\/#organization\",\"name\":\"Lobos News\",\"url\":\"https:\/\/lobosnews.com.ar\/\",\"logo\":{\"@type\":\"ImageObject\",\"inLanguage\":\"es\",\"@id\":\"https:\/\/lobosnews.com.ar\/#\/schema\/logo\/image\/\",\"url\":\"https:\/\/lobosnews.com.ar\/wp-content\/uploads\/2026\/01\/logo-lobosnews.png\",\"contentUrl\":\"https:\/\/lobosnews.com.ar\/wp-content\/uploads\/2026\/01\/logo-lobosnews.png\",\"width\":500,\"height\":200,\"caption\":\"Lobos News\"},\"image\":{\"@id\":\"https:\/\/lobosnews.com.ar\/#\/schema\/logo\/image\/\"}},{\"@type\":\"Person\",\"@id\":\"https:\/\/lobosnews.com.ar\/#\/schema\/person\/232422a593d5c541dd9aef6aaed10943\",\"name\":\"admin\",\"image\":{\"@type\":\"ImageObject\",\"inLanguage\":\"es\",\"@id\":\"https:\/\/lobosnews.com.ar\/#\/schema\/person\/image\/\",\"url\":\"https:\/\/secure.gravatar.com\/avatar\/76e419471a2083bc3ceab22a763dbbf9b0c1bd15a6214cf3280e2c2dde4580f9?s=96&d=mm&r=g\",\"contentUrl\":\"https:\/\/secure.gravatar.com\/avatar\/76e419471a2083bc3ceab22a763dbbf9b0c1bd15a6214cf3280e2c2dde4580f9?s=96&d=mm&r=g\",\"caption\":\"admin\"},\"sameAs\":[\"https:\/\/lobosnews.com.ar\"],\"url\":\"https:\/\/lobosnews.com.ar\/index.php\/author\/lobos-news\/\"}]}<\/script>\n<!-- \/ Yoast SEO plugin. -->","yoast_head_json":{"title":"D\u00eda Mundial del Glaucoma: el 50% no sabe que lo tiene y es la principal causa de ceguera irreversible - Lobos News","robots":{"index":"index","follow":"follow","max-snippet":"max-snippet:-1","max-image-preview":"max-image-preview:large","max-video-preview":"max-video-preview:-1"},"canonical":"https:\/\/lobosnews.com.ar\/index.php\/2026\/03\/12\/dia-mundial-del-glaucoma-el-50-no-sabe-que-lo-tiene-y-es-la-principal-causa-de-ceguera-irreversible\/","og_locale":"es_ES","og_type":"article","og_title":"D\u00eda Mundial del Glaucoma: el 50% no sabe que lo tiene y es la principal causa de ceguera irreversible - Lobos News","og_description":"Cada 12 de marzo se conmemora el D\u00eda Mundial del Glaucoma, una enfermedad que agrupa m\u00e1s de 60 patolog\u00edas oculares capaces de provocar ceguera irreversible debido a la degeneraci\u00f3n progresiva del nervio \u00f3ptico. Seg\u00fan datos de la Asociaci\u00f3n Mundial del Glaucoma, actualmente m\u00e1s de 80 millones de personas en el mundo viven con glaucoma y...","og_url":"https:\/\/lobosnews.com.ar\/index.php\/2026\/03\/12\/dia-mundial-del-glaucoma-el-50-no-sabe-que-lo-tiene-y-es-la-principal-causa-de-ceguera-irreversible\/","og_site_name":"Lobos News","article_published_time":"2026-03-12T05:00:00+00:00","article_modified_time":"2026-03-12T09:34:48+00:00","og_image":[{"url":"https:\/\/lobosnews.com.ar\/wp-content\/uploads\/2026\/03\/dia-mundial-del-glaucoma-el-50-no-sabe-que-lo-tiene-y-es-la-principal-causa-de-ceguera-irreversible.jpg","type":"","width":"","height":""}],"author":"admin","twitter_card":"summary_large_image","twitter_misc":{"Escrito por":"admin","Tiempo de lectura":"6 minutos"},"schema":{"@context":"https:\/\/schema.org","@graph":[{"@type":"Article","@id":"https:\/\/lobosnews.com.ar\/index.php\/2026\/03\/12\/dia-mundial-del-glaucoma-el-50-no-sabe-que-lo-tiene-y-es-la-principal-causa-de-ceguera-irreversible\/#article","isPartOf":{"@id":"https:\/\/lobosnews.com.ar\/index.php\/2026\/03\/12\/dia-mundial-del-glaucoma-el-50-no-sabe-que-lo-tiene-y-es-la-principal-causa-de-ceguera-irreversible\/"},"author":{"name":"admin","@id":"https:\/\/lobosnews.com.ar\/#\/schema\/person\/232422a593d5c541dd9aef6aaed10943"},"headline":"D\u00eda Mundial del Glaucoma: el 50% no sabe que lo tiene y es la principal causa de ceguera irreversible","datePublished":"2026-03-12T05:00:00+00:00","dateModified":"2026-03-12T09:34:48+00:00","mainEntityOfPage":{"@id":"https:\/\/lobosnews.com.ar\/index.php\/2026\/03\/12\/dia-mundial-del-glaucoma-el-50-no-sabe-que-lo-tiene-y-es-la-principal-causa-de-ceguera-irreversible\/"},"wordCount":1296,"commentCount":0,"publisher":{"@id":"https:\/\/lobosnews.com.ar\/#organization"},"image":{"@id":"https:\/\/lobosnews.com.ar\/index.php\/2026\/03\/12\/dia-mundial-del-glaucoma-el-50-no-sabe-que-lo-tiene-y-es-la-principal-causa-de-ceguera-irreversible\/#primaryimage"},"thumbnailUrl":"https:\/\/lobosnews.com.ar\/wp-content\/uploads\/2026\/03\/dia-mundial-del-glaucoma-el-50-no-sabe-que-lo-tiene-y-es-la-principal-causa-de-ceguera-irreversible-8.jpg","articleSection":["Salud"],"inLanguage":"es","potentialAction":[{"@type":"CommentAction","name":"Comment","target":["https:\/\/lobosnews.com.ar\/index.php\/2026\/03\/12\/dia-mundial-del-glaucoma-el-50-no-sabe-que-lo-tiene-y-es-la-principal-causa-de-ceguera-irreversible\/#respond"]}]},{"@type":"WebPage","@id":"https:\/\/lobosnews.com.ar\/index.php\/2026\/03\/12\/dia-mundial-del-glaucoma-el-50-no-sabe-que-lo-tiene-y-es-la-principal-causa-de-ceguera-irreversible\/","url":"https:\/\/lobosnews.com.ar\/index.php\/2026\/03\/12\/dia-mundial-del-glaucoma-el-50-no-sabe-que-lo-tiene-y-es-la-principal-causa-de-ceguera-irreversible\/","name":"D\u00eda Mundial del Glaucoma: el 50% no sabe que lo tiene y es la principal causa de ceguera irreversible - Lobos News","isPartOf":{"@id":"https:\/\/lobosnews.com.ar\/#website"},"primaryImageOfPage":{"@id":"https:\/\/lobosnews.com.ar\/index.php\/2026\/03\/12\/dia-mundial-del-glaucoma-el-50-no-sabe-que-lo-tiene-y-es-la-principal-causa-de-ceguera-irreversible\/#primaryimage"},"image":{"@id":"https:\/\/lobosnews.com.ar\/index.php\/2026\/03\/12\/dia-mundial-del-glaucoma-el-50-no-sabe-que-lo-tiene-y-es-la-principal-causa-de-ceguera-irreversible\/#primaryimage"},"thumbnailUrl":"https:\/\/lobosnews.com.ar\/wp-content\/uploads\/2026\/03\/dia-mundial-del-glaucoma-el-50-no-sabe-que-lo-tiene-y-es-la-principal-causa-de-ceguera-irreversible-8.jpg","datePublished":"2026-03-12T05:00:00+00:00","dateModified":"2026-03-12T09:34:48+00:00","breadcrumb":{"@id":"https:\/\/lobosnews.com.ar\/index.php\/2026\/03\/12\/dia-mundial-del-glaucoma-el-50-no-sabe-que-lo-tiene-y-es-la-principal-causa-de-ceguera-irreversible\/#breadcrumb"},"inLanguage":"es","potentialAction":[{"@type":"ReadAction","target":["https:\/\/lobosnews.com.ar\/index.php\/2026\/03\/12\/dia-mundial-del-glaucoma-el-50-no-sabe-que-lo-tiene-y-es-la-principal-causa-de-ceguera-irreversible\/"]}]},{"@type":"ImageObject","inLanguage":"es","@id":"https:\/\/lobosnews.com.ar\/index.php\/2026\/03\/12\/dia-mundial-del-glaucoma-el-50-no-sabe-que-lo-tiene-y-es-la-principal-causa-de-ceguera-irreversible\/#primaryimage","url":"https:\/\/lobosnews.com.ar\/wp-content\/uploads\/2026\/03\/dia-mundial-del-glaucoma-el-50-no-sabe-que-lo-tiene-y-es-la-principal-causa-de-ceguera-irreversible-8.jpg","contentUrl":"https:\/\/lobosnews.com.ar\/wp-content\/uploads\/2026\/03\/dia-mundial-del-glaucoma-el-50-no-sabe-que-lo-tiene-y-es-la-principal-causa-de-ceguera-irreversible-8.jpg","width":1456,"height":816,"caption":"D\u00eda Mundial del Glaucoma: el 50% no sabe que lo tiene y es la principal causa de ceguera irreversible"},{"@type":"BreadcrumbList","@id":"https:\/\/lobosnews.com.ar\/index.php\/2026\/03\/12\/dia-mundial-del-glaucoma-el-50-no-sabe-que-lo-tiene-y-es-la-principal-causa-de-ceguera-irreversible\/#breadcrumb","itemListElement":[{"@type":"ListItem","position":1,"name":"Portada","item":"https:\/\/lobosnews.com.ar\/"},{"@type":"ListItem","position":2,"name":"D\u00eda Mundial del Glaucoma: el 50% no sabe que lo tiene y es la principal causa de ceguera irreversible"}]},{"@type":"WebSite","@id":"https:\/\/lobosnews.com.ar\/#website","url":"https:\/\/lobosnews.com.ar\/","name":"Lobos News","description":"Informaci\u00f3n a cada instante","publisher":{"@id":"https:\/\/lobosnews.com.ar\/#organization"},"potentialAction":[{"@type":"SearchAction","target":{"@type":"EntryPoint","urlTemplate":"https:\/\/lobosnews.com.ar\/?s={search_term_string}"},"query-input":{"@type":"PropertyValueSpecification","valueRequired":true,"valueName":"search_term_string"}}],"inLanguage":"es"},{"@type":"Organization","@id":"https:\/\/lobosnews.com.ar\/#organization","name":"Lobos News","url":"https:\/\/lobosnews.com.ar\/","logo":{"@type":"ImageObject","inLanguage":"es","@id":"https:\/\/lobosnews.com.ar\/#\/schema\/logo\/image\/","url":"https:\/\/lobosnews.com.ar\/wp-content\/uploads\/2026\/01\/logo-lobosnews.png","contentUrl":"https:\/\/lobosnews.com.ar\/wp-content\/uploads\/2026\/01\/logo-lobosnews.png","width":500,"height":200,"caption":"Lobos News"},"image":{"@id":"https:\/\/lobosnews.com.ar\/#\/schema\/logo\/image\/"}},{"@type":"Person","@id":"https:\/\/lobosnews.com.ar\/#\/schema\/person\/232422a593d5c541dd9aef6aaed10943","name":"admin","image":{"@type":"ImageObject","inLanguage":"es","@id":"https:\/\/lobosnews.com.ar\/#\/schema\/person\/image\/","url":"https:\/\/secure.gravatar.com\/avatar\/76e419471a2083bc3ceab22a763dbbf9b0c1bd15a6214cf3280e2c2dde4580f9?s=96&d=mm&r=g","contentUrl":"https:\/\/secure.gravatar.com\/avatar\/76e419471a2083bc3ceab22a763dbbf9b0c1bd15a6214cf3280e2c2dde4580f9?s=96&d=mm&r=g","caption":"admin"},"sameAs":["https:\/\/lobosnews.com.ar"],"url":"https:\/\/lobosnews.com.ar\/index.php\/author\/lobos-news\/"}]}},"jetpack_featured_media_url":"https:\/\/lobosnews.com.ar\/wp-content\/uploads\/2026\/03\/dia-mundial-del-glaucoma-el-50-no-sabe-que-lo-tiene-y-es-la-principal-causa-de-ceguera-irreversible-8.jpg","jetpack_sharing_enabled":true,"_links":{"self":[{"href":"https:\/\/lobosnews.com.ar\/index.php\/wp-json\/wp\/v2\/posts\/32372","targetHints":{"allow":["GET"]}}],"collection":[{"href":"https:\/\/lobosnews.com.ar\/index.php\/wp-json\/wp\/v2\/posts"}],"about":[{"href":"https:\/\/lobosnews.com.ar\/index.php\/wp-json\/wp\/v2\/types\/post"}],"author":[{"embeddable":true,"href":"https:\/\/lobosnews.com.ar\/index.php\/wp-json\/wp\/v2\/users\/1"}],"replies":[{"embeddable":true,"href":"https:\/\/lobosnews.com.ar\/index.php\/wp-json\/wp\/v2\/comments?post=32372"}],"version-history":[{"count":1,"href":"https:\/\/lobosnews.com.ar\/index.php\/wp-json\/wp\/v2\/posts\/32372\/revisions"}],"predecessor-version":[{"id":32378,"href":"https:\/\/lobosnews.com.ar\/index.php\/wp-json\/wp\/v2\/posts\/32372\/revisions\/32378"}],"wp:featuredmedia":[{"embeddable":true,"href":"https:\/\/lobosnews.com.ar\/index.php\/wp-json\/wp\/v2\/media\/32379"}],"wp:attachment":[{"href":"https:\/\/lobosnews.com.ar\/index.php\/wp-json\/wp\/v2\/media?parent=32372"}],"wp:term":[{"taxonomy":"category","embeddable":true,"href":"https:\/\/lobosnews.com.ar\/index.php\/wp-json\/wp\/v2\/categories?post=32372"},{"taxonomy":"post_tag","embeddable":true,"href":"https:\/\/lobosnews.com.ar\/index.php\/wp-json\/wp\/v2\/tags?post=32372"}],"curies":[{"name":"wp","href":"https:\/\/api.w.org\/{rel}","templated":true}]}}