{"id":32360,"date":"2026-03-12T03:58:34","date_gmt":"2026-03-12T03:58:34","guid":{"rendered":"https:\/\/lobosnews.com.ar\/index.php\/2026\/03\/12\/gran-hermano-quienes-fueron-los-siete-participantes-que-salieron-de-placa-antes-de-la-gala-de-eliminacion\/"},"modified":"2026-03-12T09:05:09","modified_gmt":"2026-03-12T09:05:09","slug":"gran-hermano-quienes-fueron-los-siete-participantes-que-salieron-de-placa-antes-de-la-gala-de-eliminacion","status":"publish","type":"post","link":"https:\/\/lobosnews.com.ar\/index.php\/2026\/03\/12\/gran-hermano-quienes-fueron-los-siete-participantes-que-salieron-de-placa-antes-de-la-gala-de-eliminacion\/","title":{"rendered":"Gran Hermano: qui\u00e9nes fueron los siete participantes que salieron de placa antes de la gala de eliminaci\u00f3n"},"content":{"rendered":"<p>La casa de <span class=\"waslinkname\"><i><b>Gran Hermano<\/b><\/i><\/span><i> <\/i>(Telefe) atraviesa una de las semanas m\u00e1s intensas desde el inicio de la temporada. En una decisi\u00f3n in\u00e9dita dentro de esta edici\u00f3n del reality, la producci\u00f3n dispuso que todos los participantes quedaran en placa positiva, una din\u00e1mica pensada para medir directamente el apoyo del p\u00fablico hacia cada jugador. Sin embargo, debido a la gran cantidad de competidores, la resoluci\u00f3n no se defini\u00f3 en una sola gala, sino que se fue revelando de manera progresiva a lo largo de varios programas.<\/p>\n<p>En ese contexto, durante la emisi\u00f3n de este mi\u00e9rcoles, <b>Santiago del Moro anunci\u00f3 qui\u00e9nes fueron los \u00faltimos participantes que lograron bajar de placa<\/b> <b>gracias al voto positivo de los televidentes<\/b>. La revelaci\u00f3n se dio en una noche cargada de tensi\u00f3n, marcada adem\u00e1s por el fuerte impacto que gener\u00f3 dentro de la casa la reciente expulsi\u00f3n de <b>Carmi\u00f1a Masi <\/b>tras sus comentarios racistas hacia su compa\u00f1era <b>Mavinga<\/b>.<\/p>\n<p>Con la din\u00e1mica en marcha y los jugadores expectantes frente al televisor del living, el conductor comenz\u00f3 a revelar los nombres de los participantes que lograban salvarse de la placa positiva. A diferencia de otras instancias del juego, los nombres fueron anunciados de manera aleatoria para evitar que los concursantes pudieran deducir informaci\u00f3n del exterior o interpretar qu\u00e9 jugadores cuentan con mayor apoyo del p\u00fablico. <\/p>\n<p>Uno a uno, Del Moro fue confirmando qui\u00e9nes lograban continuar en competencia sin riesgo de eliminaci\u00f3n en esta etapa. Los siete jugadores que bajaron de placa durante esta gala fueron:<b> Lola \u201cLolo\u201d Poggio<\/b>,<b> Juani \u201cJuanicar\u201d Caruso<\/b>, <b>Yisela \u201cYipio\u201d Pintos<\/b>,<b> Jennifer \u201cPincoya\u201d Galvarini<\/b>,<b> Yanina Zilli<\/b>,<b> Manuel \u201cManu\u201d Ibero<\/b> y<b> Luana Fern\u00e1ndez<\/b>.<\/p>\n<p>Con estas nuevas salvaciones, el grupo de participantes que qued\u00f3 fuera de peligro se ampli\u00f3 considerablemente y se sum\u00f3 al primer lote de jugadores que ya hab\u00eda sido anunciado previamente. Durante la primera jornada de votaci\u00f3n positiva, los seis m\u00e1s votados por el p\u00fablico hab\u00edan sido <b>Catalina \u201cTiti\u201d Tcherkaski<\/b>,<b> Cinzia Francischiello<\/b>,<b> Carmi\u00f1a Masi<\/b>,<b> Andrea Del Boca<\/b>,<b> Solange \u201cSol\u201d Abraham <\/b>y<b> Daniela De Luc\u00eda<\/b>.<\/p>\n<p>La situaci\u00f3n de Carmi\u00f1a gener\u00f3 una particularidad dentro del juego. A pesar de haber estado entre las primeras salvadas por el p\u00fablico, la participante termin\u00f3 siendo expulsada del reality tras la pol\u00e9mica por sus comentarios discriminatorios hacia Mavinga, lo que<b> redujo autom\u00e1ticamente el n\u00famero total de competidores dentro de la casa.<\/b><\/p>\n<p>En paralelo, otro elemento clave dentro de la din\u00e1mica de esta semana es la inmunidad que obtuvo la l\u00edder de la casa. <b>Lola Tomaszeuski, quien gan\u00f3 la prueba de liderazgo, qued\u00f3 autom\u00e1ticamente fuera de la placa <\/b>y no participa de esta instancia de votaci\u00f3n, lo que le garantiza su continuidad al menos por una semana m\u00e1s.<\/p>\n<p><img loading=\"lazy\" decoding=\"async\" src=\"https:\/\/lobosnews.com.ar\/wp-content\/uploads\/2026\/03\/gran-hermano-quienes-fueron-los-siete-participantes-que-salieron-de-placa-antes-de-la-gala-de-eliminacion.jpg\" alt=\"La inmunidad obtenida por Lola Tomaszeuski como l\u00edder de la casa le asegur\u00f3 su permanencia en Gran Hermano esta semana\" height=\"778\" width=\"1395\"\/><\/p>\n<p>Con todas estas definiciones, el tablero del juego qued\u00f3 reconfigurado de cara a la doble eliminaci\u00f3n que tendr\u00e1 lugar en los pr\u00f3ximos d\u00edas. Luego de las salvaciones anunciadas entre martes y mi\u00e9rcoles, el grupo de jugadores que contin\u00faa en placa qued\u00f3 reducido a doce participantes. Los que todav\u00eda siguen en riesgo dentro de la casa m\u00e1s famosa del pa\u00eds son <b>Brian Sarmiento<\/b>,<b> Carla \u201cCarlota\u201d Bigliani<\/b>, <b>Danelik Galazan<\/b>,<b> Eduardo Carrera<\/b>,<b> Emanuel Di Gioia<\/b>,<b> Franco Poggio<\/b>,<b> Franco Zunino<\/b>, <b>Jenny Mavinga<\/b>,<b> Kennys Palacios<\/b>,<b> Mart\u00edn Rodr\u00edguez<\/b>, <b>Nazareno Pompei<\/b> y <b>Nicol\u00e1s \u201cNick\u201d S\u00edcaro<\/b>.<\/p>\n<p>Entre ellos se definir\u00e1n los dos pr\u00f3ximos eliminados de la competencia. La din\u00e1mica de esta semana establece una doble salida:<b> el primer jugador abandonar\u00e1 la casa durante la gala del jueves, mientras que el segundo lo har\u00e1 el lunes siguiente.<\/b> A medida que se acerca la gala de eliminaci\u00f3n, el clima dentro del reality se vuelve cada vez m\u00e1s intenso. Los jugadores que todav\u00eda permanecen en placa saben que cualquier decisi\u00f3n del p\u00fablico puede cambiar su destino en el juego.<\/p>\n","protected":false},"excerpt":{"rendered":"<p>La casa de Gran Hermano (Telefe) atraviesa una de las semanas m\u00e1s intensas desde el inicio de la temporada. En una decisi\u00f3n in\u00e9dita dentro de esta edici\u00f3n del reality, la producci\u00f3n dispuso que todos los participantes quedaran en placa positiva, una din\u00e1mica pensada para medir directamente el apoyo del p\u00fablico hacia cada jugador. Sin embargo,&#8230;<\/p>\n","protected":false},"author":1,"featured_media":32363,"comment_status":"open","ping_status":"closed","sticky":false,"template":"","format":"standard","meta":{"_jetpack_memberships_contains_paid_content":false,"footnotes":""},"categories":[79],"tags":[],"class_list":["post-32360","post","type-post","status-publish","format-standard","has-post-thumbnail","hentry","category-cine-y-series"],"magazineBlocksPostFeaturedMedia":{"thumbnail":"https:\/\/lobosnews.com.ar\/wp-content\/uploads\/2026\/03\/gran-hermano-quienes-fueron-los-siete-participantes-que-salieron-de-placa-antes-de-la-gala-de-eliminacion-150x150.jpg","medium":"https:\/\/lobosnews.com.ar\/wp-content\/uploads\/2026\/03\/gran-hermano-quienes-fueron-los-siete-participantes-que-salieron-de-placa-antes-de-la-gala-de-eliminacion-300x167.jpg","medium_large":"https:\/\/lobosnews.com.ar\/wp-content\/uploads\/2026\/03\/gran-hermano-quienes-fueron-los-siete-participantes-que-salieron-de-placa-antes-de-la-gala-de-eliminacion-768x428.jpg","large":"https:\/\/lobosnews.com.ar\/wp-content\/uploads\/2026\/03\/gran-hermano-quienes-fueron-los-siete-participantes-que-salieron-de-placa-antes-de-la-gala-de-eliminacion-1024x571.jpg","1536x1536":"https:\/\/lobosnews.com.ar\/wp-content\/uploads\/2026\/03\/gran-hermano-quienes-fueron-los-siete-participantes-que-salieron-de-placa-antes-de-la-gala-de-eliminacion.jpg","2048x2048":"https:\/\/lobosnews.com.ar\/wp-content\/uploads\/2026\/03\/gran-hermano-quienes-fueron-los-siete-participantes-que-salieron-de-placa-antes-de-la-gala-de-eliminacion.jpg","newsmatic-featured":"https:\/\/lobosnews.com.ar\/wp-content\/uploads\/2026\/03\/gran-hermano-quienes-fueron-los-siete-participantes-que-salieron-de-placa-antes-de-la-gala-de-eliminacion-820x545.jpg","newsmatic-list":"https:\/\/lobosnews.com.ar\/wp-content\/uploads\/2026\/03\/gran-hermano-quienes-fueron-los-siete-participantes-que-salieron-de-placa-antes-de-la-gala-de-eliminacion-600x400.jpg","newsmatic-thumb":"https:\/\/lobosnews.com.ar\/wp-content\/uploads\/2026\/03\/gran-hermano-quienes-fueron-los-siete-participantes-que-salieron-de-placa-antes-de-la-gala-de-eliminacion-300x200.jpg","newsmatic-small":"https:\/\/lobosnews.com.ar\/wp-content\/uploads\/2026\/03\/gran-hermano-quienes-fueron-los-siete-participantes-que-salieron-de-placa-antes-de-la-gala-de-eliminacion-150x95.jpg","newsmatic-grid":"https:\/\/lobosnews.com.ar\/wp-content\/uploads\/2026\/03\/gran-hermano-quienes-fueron-los-siete-participantes-que-salieron-de-placa-antes-de-la-gala-de-eliminacion-400x250.jpg"},"magazineBlocksPostAuthor":{"name":"admin","avatar":"https:\/\/secure.gravatar.com\/avatar\/76e419471a2083bc3ceab22a763dbbf9b0c1bd15a6214cf3280e2c2dde4580f9?s=96&d=mm&r=g"},"magazineBlocksPostCommentsNumber":"0","magazineBlocksPostExcerpt":"La casa de Gran Hermano (Telefe) atraviesa una de las semanas m\u00e1s intensas desde el inicio de la temporada. En una decisi\u00f3n in\u00e9dita dentro de esta edici\u00f3n del reality, la producci\u00f3n dispuso que todos los participantes quedaran en placa positiva, una din\u00e1mica pensada para medir directamente el apoyo del p\u00fablico hacia cada jugador. Sin embargo,...","magazineBlocksPostCategories":["Cine y Series"],"magazineBlocksPostViewCount":100,"magazineBlocksPostReadTime":4,"magazine_blocks_featured_image_url":{"full":["https:\/\/lobosnews.com.ar\/wp-content\/uploads\/2026\/03\/gran-hermano-quienes-fueron-los-siete-participantes-que-salieron-de-placa-antes-de-la-gala-de-eliminacion.jpg",1395,778,false],"medium":["https:\/\/lobosnews.com.ar\/wp-content\/uploads\/2026\/03\/gran-hermano-quienes-fueron-los-siete-participantes-que-salieron-de-placa-antes-de-la-gala-de-eliminacion-300x167.jpg",300,167,true],"thumbnail":["https:\/\/lobosnews.com.ar\/wp-content\/uploads\/2026\/03\/gran-hermano-quienes-fueron-los-siete-participantes-que-salieron-de-placa-antes-de-la-gala-de-eliminacion-150x150.jpg",150,150,true]},"magazine_blocks_author":{"display_name":"admin","author_link":"https:\/\/lobosnews.com.ar\/index.php\/author\/lobos-news\/"},"magazine_blocks_comment":0,"magazine_blocks_author_image":"https:\/\/secure.gravatar.com\/avatar\/76e419471a2083bc3ceab22a763dbbf9b0c1bd15a6214cf3280e2c2dde4580f9?s=96&d=mm&r=g","magazine_blocks_category":"<a href=\"#\" class=\"category-link category-link-79\">Cine y Series<\/a>","yoast_head":"<!-- This site is optimized with the Yoast SEO plugin v26.6 - https:\/\/yoast.com\/wordpress\/plugins\/seo\/ -->\n<title>Gran Hermano: qui\u00e9nes fueron los siete participantes que salieron de placa antes de la gala de eliminaci\u00f3n - Lobos News<\/title>\n<meta name=\"robots\" content=\"index, follow, max-snippet:-1, max-image-preview:large, max-video-preview:-1\" \/>\n<link rel=\"canonical\" href=\"https:\/\/lobosnews.com.ar\/index.php\/2026\/03\/12\/gran-hermano-quienes-fueron-los-siete-participantes-que-salieron-de-placa-antes-de-la-gala-de-eliminacion\/\" \/>\n<meta property=\"og:locale\" content=\"es_ES\" \/>\n<meta property=\"og:type\" content=\"article\" \/>\n<meta property=\"og:title\" content=\"Gran Hermano: qui\u00e9nes fueron los siete participantes que salieron de placa antes de la gala de eliminaci\u00f3n - Lobos News\" \/>\n<meta property=\"og:description\" content=\"La casa de Gran Hermano (Telefe) atraviesa una de las semanas m\u00e1s intensas desde el inicio de la temporada. En una decisi\u00f3n in\u00e9dita dentro de esta edici\u00f3n del reality, la producci\u00f3n dispuso que todos los participantes quedaran en placa positiva, una din\u00e1mica pensada para medir directamente el apoyo del p\u00fablico hacia cada jugador. Sin embargo,...\" \/>\n<meta property=\"og:url\" content=\"https:\/\/lobosnews.com.ar\/index.php\/2026\/03\/12\/gran-hermano-quienes-fueron-los-siete-participantes-que-salieron-de-placa-antes-de-la-gala-de-eliminacion\/\" \/>\n<meta property=\"og:site_name\" content=\"Lobos News\" \/>\n<meta property=\"article:published_time\" content=\"2026-03-12T03:58:34+00:00\" \/>\n<meta property=\"article:modified_time\" content=\"2026-03-12T09:05:09+00:00\" \/>\n<meta property=\"og:image\" content=\"https:\/\/lobosnews.com.ar\/wp-content\/uploads\/2026\/03\/gran-hermano-quienes-fueron-los-siete-participantes-que-salieron-de-placa-antes-de-la-gala-de-eliminacion.jpg\" \/>\n<meta name=\"author\" content=\"admin\" \/>\n<meta name=\"twitter:card\" content=\"summary_large_image\" \/>\n<meta name=\"twitter:label1\" content=\"Escrito por\" \/>\n\t<meta name=\"twitter:data1\" content=\"admin\" \/>\n\t<meta name=\"twitter:label2\" content=\"Tiempo de lectura\" \/>\n\t<meta name=\"twitter:data2\" content=\"3 minutos\" \/>\n<script type=\"application\/ld+json\" class=\"yoast-schema-graph\">{\"@context\":\"https:\/\/schema.org\",\"@graph\":[{\"@type\":\"Article\",\"@id\":\"https:\/\/lobosnews.com.ar\/index.php\/2026\/03\/12\/gran-hermano-quienes-fueron-los-siete-participantes-que-salieron-de-placa-antes-de-la-gala-de-eliminacion\/#article\",\"isPartOf\":{\"@id\":\"https:\/\/lobosnews.com.ar\/index.php\/2026\/03\/12\/gran-hermano-quienes-fueron-los-siete-participantes-que-salieron-de-placa-antes-de-la-gala-de-eliminacion\/\"},\"author\":{\"name\":\"admin\",\"@id\":\"https:\/\/lobosnews.com.ar\/#\/schema\/person\/232422a593d5c541dd9aef6aaed10943\"},\"headline\":\"Gran Hermano: qui\u00e9nes fueron los siete participantes que salieron de placa antes de la gala de eliminaci\u00f3n\",\"datePublished\":\"2026-03-12T03:58:34+00:00\",\"dateModified\":\"2026-03-12T09:05:09+00:00\",\"mainEntityOfPage\":{\"@id\":\"https:\/\/lobosnews.com.ar\/index.php\/2026\/03\/12\/gran-hermano-quienes-fueron-los-siete-participantes-que-salieron-de-placa-antes-de-la-gala-de-eliminacion\/\"},\"wordCount\":684,\"commentCount\":0,\"publisher\":{\"@id\":\"https:\/\/lobosnews.com.ar\/#organization\"},\"image\":{\"@id\":\"https:\/\/lobosnews.com.ar\/index.php\/2026\/03\/12\/gran-hermano-quienes-fueron-los-siete-participantes-que-salieron-de-placa-antes-de-la-gala-de-eliminacion\/#primaryimage\"},\"thumbnailUrl\":\"https:\/\/lobosnews.com.ar\/wp-content\/uploads\/2026\/03\/gran-hermano-quienes-fueron-los-siete-participantes-que-salieron-de-placa-antes-de-la-gala-de-eliminacion.jpg\",\"articleSection\":[\"Cine y Series\"],\"inLanguage\":\"es\",\"potentialAction\":[{\"@type\":\"CommentAction\",\"name\":\"Comment\",\"target\":[\"https:\/\/lobosnews.com.ar\/index.php\/2026\/03\/12\/gran-hermano-quienes-fueron-los-siete-participantes-que-salieron-de-placa-antes-de-la-gala-de-eliminacion\/#respond\"]}]},{\"@type\":\"WebPage\",\"@id\":\"https:\/\/lobosnews.com.ar\/index.php\/2026\/03\/12\/gran-hermano-quienes-fueron-los-siete-participantes-que-salieron-de-placa-antes-de-la-gala-de-eliminacion\/\",\"url\":\"https:\/\/lobosnews.com.ar\/index.php\/2026\/03\/12\/gran-hermano-quienes-fueron-los-siete-participantes-que-salieron-de-placa-antes-de-la-gala-de-eliminacion\/\",\"name\":\"Gran Hermano: qui\u00e9nes fueron los siete participantes que salieron de placa antes de la gala de eliminaci\u00f3n - Lobos News\",\"isPartOf\":{\"@id\":\"https:\/\/lobosnews.com.ar\/#website\"},\"primaryImageOfPage\":{\"@id\":\"https:\/\/lobosnews.com.ar\/index.php\/2026\/03\/12\/gran-hermano-quienes-fueron-los-siete-participantes-que-salieron-de-placa-antes-de-la-gala-de-eliminacion\/#primaryimage\"},\"image\":{\"@id\":\"https:\/\/lobosnews.com.ar\/index.php\/2026\/03\/12\/gran-hermano-quienes-fueron-los-siete-participantes-que-salieron-de-placa-antes-de-la-gala-de-eliminacion\/#primaryimage\"},\"thumbnailUrl\":\"https:\/\/lobosnews.com.ar\/wp-content\/uploads\/2026\/03\/gran-hermano-quienes-fueron-los-siete-participantes-que-salieron-de-placa-antes-de-la-gala-de-eliminacion.jpg\",\"datePublished\":\"2026-03-12T03:58:34+00:00\",\"dateModified\":\"2026-03-12T09:05:09+00:00\",\"breadcrumb\":{\"@id\":\"https:\/\/lobosnews.com.ar\/index.php\/2026\/03\/12\/gran-hermano-quienes-fueron-los-siete-participantes-que-salieron-de-placa-antes-de-la-gala-de-eliminacion\/#breadcrumb\"},\"inLanguage\":\"es\",\"potentialAction\":[{\"@type\":\"ReadAction\",\"target\":[\"https:\/\/lobosnews.com.ar\/index.php\/2026\/03\/12\/gran-hermano-quienes-fueron-los-siete-participantes-que-salieron-de-placa-antes-de-la-gala-de-eliminacion\/\"]}]},{\"@type\":\"ImageObject\",\"inLanguage\":\"es\",\"@id\":\"https:\/\/lobosnews.com.ar\/index.php\/2026\/03\/12\/gran-hermano-quienes-fueron-los-siete-participantes-que-salieron-de-placa-antes-de-la-gala-de-eliminacion\/#primaryimage\",\"url\":\"https:\/\/lobosnews.com.ar\/wp-content\/uploads\/2026\/03\/gran-hermano-quienes-fueron-los-siete-participantes-que-salieron-de-placa-antes-de-la-gala-de-eliminacion.jpg\",\"contentUrl\":\"https:\/\/lobosnews.com.ar\/wp-content\/uploads\/2026\/03\/gran-hermano-quienes-fueron-los-siete-participantes-que-salieron-de-placa-antes-de-la-gala-de-eliminacion.jpg\",\"width\":1395,\"height\":778,\"caption\":\"Gran Hermano: qui\u00e9nes fueron los siete participantes que salieron de placa antes de la gala de eliminaci\u00f3n\"},{\"@type\":\"BreadcrumbList\",\"@id\":\"https:\/\/lobosnews.com.ar\/index.php\/2026\/03\/12\/gran-hermano-quienes-fueron-los-siete-participantes-que-salieron-de-placa-antes-de-la-gala-de-eliminacion\/#breadcrumb\",\"itemListElement\":[{\"@type\":\"ListItem\",\"position\":1,\"name\":\"Portada\",\"item\":\"https:\/\/lobosnews.com.ar\/\"},{\"@type\":\"ListItem\",\"position\":2,\"name\":\"Gran Hermano: qui\u00e9nes fueron los siete participantes que salieron de placa antes de la gala de eliminaci\u00f3n\"}]},{\"@type\":\"WebSite\",\"@id\":\"https:\/\/lobosnews.com.ar\/#website\",\"url\":\"https:\/\/lobosnews.com.ar\/\",\"name\":\"Lobos News\",\"description\":\"Informaci\u00f3n a cada instante\",\"publisher\":{\"@id\":\"https:\/\/lobosnews.com.ar\/#organization\"},\"potentialAction\":[{\"@type\":\"SearchAction\",\"target\":{\"@type\":\"EntryPoint\",\"urlTemplate\":\"https:\/\/lobosnews.com.ar\/?s={search_term_string}\"},\"query-input\":{\"@type\":\"PropertyValueSpecification\",\"valueRequired\":true,\"valueName\":\"search_term_string\"}}],\"inLanguage\":\"es\"},{\"@type\":\"Organization\",\"@id\":\"https:\/\/lobosnews.com.ar\/#organization\",\"name\":\"Lobos News\",\"url\":\"https:\/\/lobosnews.com.ar\/\",\"logo\":{\"@type\":\"ImageObject\",\"inLanguage\":\"es\",\"@id\":\"https:\/\/lobosnews.com.ar\/#\/schema\/logo\/image\/\",\"url\":\"https:\/\/lobosnews.com.ar\/wp-content\/uploads\/2026\/01\/logo-lobosnews.png\",\"contentUrl\":\"https:\/\/lobosnews.com.ar\/wp-content\/uploads\/2026\/01\/logo-lobosnews.png\",\"width\":500,\"height\":200,\"caption\":\"Lobos News\"},\"image\":{\"@id\":\"https:\/\/lobosnews.com.ar\/#\/schema\/logo\/image\/\"}},{\"@type\":\"Person\",\"@id\":\"https:\/\/lobosnews.com.ar\/#\/schema\/person\/232422a593d5c541dd9aef6aaed10943\",\"name\":\"admin\",\"image\":{\"@type\":\"ImageObject\",\"inLanguage\":\"es\",\"@id\":\"https:\/\/lobosnews.com.ar\/#\/schema\/person\/image\/\",\"url\":\"https:\/\/secure.gravatar.com\/avatar\/76e419471a2083bc3ceab22a763dbbf9b0c1bd15a6214cf3280e2c2dde4580f9?s=96&d=mm&r=g\",\"contentUrl\":\"https:\/\/secure.gravatar.com\/avatar\/76e419471a2083bc3ceab22a763dbbf9b0c1bd15a6214cf3280e2c2dde4580f9?s=96&d=mm&r=g\",\"caption\":\"admin\"},\"sameAs\":[\"https:\/\/lobosnews.com.ar\"],\"url\":\"https:\/\/lobosnews.com.ar\/index.php\/author\/lobos-news\/\"}]}<\/script>\n<!-- \/ Yoast SEO plugin. -->","yoast_head_json":{"title":"Gran Hermano: qui\u00e9nes fueron los siete participantes que salieron de placa antes de la gala de eliminaci\u00f3n - Lobos News","robots":{"index":"index","follow":"follow","max-snippet":"max-snippet:-1","max-image-preview":"max-image-preview:large","max-video-preview":"max-video-preview:-1"},"canonical":"https:\/\/lobosnews.com.ar\/index.php\/2026\/03\/12\/gran-hermano-quienes-fueron-los-siete-participantes-que-salieron-de-placa-antes-de-la-gala-de-eliminacion\/","og_locale":"es_ES","og_type":"article","og_title":"Gran Hermano: qui\u00e9nes fueron los siete participantes que salieron de placa antes de la gala de eliminaci\u00f3n - Lobos News","og_description":"La casa de Gran Hermano (Telefe) atraviesa una de las semanas m\u00e1s intensas desde el inicio de la temporada. En una decisi\u00f3n in\u00e9dita dentro de esta edici\u00f3n del reality, la producci\u00f3n dispuso que todos los participantes quedaran en placa positiva, una din\u00e1mica pensada para medir directamente el apoyo del p\u00fablico hacia cada jugador. Sin embargo,...","og_url":"https:\/\/lobosnews.com.ar\/index.php\/2026\/03\/12\/gran-hermano-quienes-fueron-los-siete-participantes-que-salieron-de-placa-antes-de-la-gala-de-eliminacion\/","og_site_name":"Lobos News","article_published_time":"2026-03-12T03:58:34+00:00","article_modified_time":"2026-03-12T09:05:09+00:00","og_image":[{"url":"https:\/\/lobosnews.com.ar\/wp-content\/uploads\/2026\/03\/gran-hermano-quienes-fueron-los-siete-participantes-que-salieron-de-placa-antes-de-la-gala-de-eliminacion.jpg","type":"","width":"","height":""}],"author":"admin","twitter_card":"summary_large_image","twitter_misc":{"Escrito por":"admin","Tiempo de lectura":"3 minutos"},"schema":{"@context":"https:\/\/schema.org","@graph":[{"@type":"Article","@id":"https:\/\/lobosnews.com.ar\/index.php\/2026\/03\/12\/gran-hermano-quienes-fueron-los-siete-participantes-que-salieron-de-placa-antes-de-la-gala-de-eliminacion\/#article","isPartOf":{"@id":"https:\/\/lobosnews.com.ar\/index.php\/2026\/03\/12\/gran-hermano-quienes-fueron-los-siete-participantes-que-salieron-de-placa-antes-de-la-gala-de-eliminacion\/"},"author":{"name":"admin","@id":"https:\/\/lobosnews.com.ar\/#\/schema\/person\/232422a593d5c541dd9aef6aaed10943"},"headline":"Gran Hermano: qui\u00e9nes fueron los siete participantes que salieron de placa antes de la gala de eliminaci\u00f3n","datePublished":"2026-03-12T03:58:34+00:00","dateModified":"2026-03-12T09:05:09+00:00","mainEntityOfPage":{"@id":"https:\/\/lobosnews.com.ar\/index.php\/2026\/03\/12\/gran-hermano-quienes-fueron-los-siete-participantes-que-salieron-de-placa-antes-de-la-gala-de-eliminacion\/"},"wordCount":684,"commentCount":0,"publisher":{"@id":"https:\/\/lobosnews.com.ar\/#organization"},"image":{"@id":"https:\/\/lobosnews.com.ar\/index.php\/2026\/03\/12\/gran-hermano-quienes-fueron-los-siete-participantes-que-salieron-de-placa-antes-de-la-gala-de-eliminacion\/#primaryimage"},"thumbnailUrl":"https:\/\/lobosnews.com.ar\/wp-content\/uploads\/2026\/03\/gran-hermano-quienes-fueron-los-siete-participantes-que-salieron-de-placa-antes-de-la-gala-de-eliminacion.jpg","articleSection":["Cine y Series"],"inLanguage":"es","potentialAction":[{"@type":"CommentAction","name":"Comment","target":["https:\/\/lobosnews.com.ar\/index.php\/2026\/03\/12\/gran-hermano-quienes-fueron-los-siete-participantes-que-salieron-de-placa-antes-de-la-gala-de-eliminacion\/#respond"]}]},{"@type":"WebPage","@id":"https:\/\/lobosnews.com.ar\/index.php\/2026\/03\/12\/gran-hermano-quienes-fueron-los-siete-participantes-que-salieron-de-placa-antes-de-la-gala-de-eliminacion\/","url":"https:\/\/lobosnews.com.ar\/index.php\/2026\/03\/12\/gran-hermano-quienes-fueron-los-siete-participantes-que-salieron-de-placa-antes-de-la-gala-de-eliminacion\/","name":"Gran Hermano: qui\u00e9nes fueron los siete participantes que salieron de placa antes de la gala de eliminaci\u00f3n - Lobos News","isPartOf":{"@id":"https:\/\/lobosnews.com.ar\/#website"},"primaryImageOfPage":{"@id":"https:\/\/lobosnews.com.ar\/index.php\/2026\/03\/12\/gran-hermano-quienes-fueron-los-siete-participantes-que-salieron-de-placa-antes-de-la-gala-de-eliminacion\/#primaryimage"},"image":{"@id":"https:\/\/lobosnews.com.ar\/index.php\/2026\/03\/12\/gran-hermano-quienes-fueron-los-siete-participantes-que-salieron-de-placa-antes-de-la-gala-de-eliminacion\/#primaryimage"},"thumbnailUrl":"https:\/\/lobosnews.com.ar\/wp-content\/uploads\/2026\/03\/gran-hermano-quienes-fueron-los-siete-participantes-que-salieron-de-placa-antes-de-la-gala-de-eliminacion.jpg","datePublished":"2026-03-12T03:58:34+00:00","dateModified":"2026-03-12T09:05:09+00:00","breadcrumb":{"@id":"https:\/\/lobosnews.com.ar\/index.php\/2026\/03\/12\/gran-hermano-quienes-fueron-los-siete-participantes-que-salieron-de-placa-antes-de-la-gala-de-eliminacion\/#breadcrumb"},"inLanguage":"es","potentialAction":[{"@type":"ReadAction","target":["https:\/\/lobosnews.com.ar\/index.php\/2026\/03\/12\/gran-hermano-quienes-fueron-los-siete-participantes-que-salieron-de-placa-antes-de-la-gala-de-eliminacion\/"]}]},{"@type":"ImageObject","inLanguage":"es","@id":"https:\/\/lobosnews.com.ar\/index.php\/2026\/03\/12\/gran-hermano-quienes-fueron-los-siete-participantes-que-salieron-de-placa-antes-de-la-gala-de-eliminacion\/#primaryimage","url":"https:\/\/lobosnews.com.ar\/wp-content\/uploads\/2026\/03\/gran-hermano-quienes-fueron-los-siete-participantes-que-salieron-de-placa-antes-de-la-gala-de-eliminacion.jpg","contentUrl":"https:\/\/lobosnews.com.ar\/wp-content\/uploads\/2026\/03\/gran-hermano-quienes-fueron-los-siete-participantes-que-salieron-de-placa-antes-de-la-gala-de-eliminacion.jpg","width":1395,"height":778,"caption":"Gran Hermano: qui\u00e9nes fueron los siete participantes que salieron de placa antes de la gala de eliminaci\u00f3n"},{"@type":"BreadcrumbList","@id":"https:\/\/lobosnews.com.ar\/index.php\/2026\/03\/12\/gran-hermano-quienes-fueron-los-siete-participantes-que-salieron-de-placa-antes-de-la-gala-de-eliminacion\/#breadcrumb","itemListElement":[{"@type":"ListItem","position":1,"name":"Portada","item":"https:\/\/lobosnews.com.ar\/"},{"@type":"ListItem","position":2,"name":"Gran Hermano: qui\u00e9nes fueron los siete participantes que salieron de placa antes de la gala de eliminaci\u00f3n"}]},{"@type":"WebSite","@id":"https:\/\/lobosnews.com.ar\/#website","url":"https:\/\/lobosnews.com.ar\/","name":"Lobos News","description":"Informaci\u00f3n a cada instante","publisher":{"@id":"https:\/\/lobosnews.com.ar\/#organization"},"potentialAction":[{"@type":"SearchAction","target":{"@type":"EntryPoint","urlTemplate":"https:\/\/lobosnews.com.ar\/?s={search_term_string}"},"query-input":{"@type":"PropertyValueSpecification","valueRequired":true,"valueName":"search_term_string"}}],"inLanguage":"es"},{"@type":"Organization","@id":"https:\/\/lobosnews.com.ar\/#organization","name":"Lobos News","url":"https:\/\/lobosnews.com.ar\/","logo":{"@type":"ImageObject","inLanguage":"es","@id":"https:\/\/lobosnews.com.ar\/#\/schema\/logo\/image\/","url":"https:\/\/lobosnews.com.ar\/wp-content\/uploads\/2026\/01\/logo-lobosnews.png","contentUrl":"https:\/\/lobosnews.com.ar\/wp-content\/uploads\/2026\/01\/logo-lobosnews.png","width":500,"height":200,"caption":"Lobos News"},"image":{"@id":"https:\/\/lobosnews.com.ar\/#\/schema\/logo\/image\/"}},{"@type":"Person","@id":"https:\/\/lobosnews.com.ar\/#\/schema\/person\/232422a593d5c541dd9aef6aaed10943","name":"admin","image":{"@type":"ImageObject","inLanguage":"es","@id":"https:\/\/lobosnews.com.ar\/#\/schema\/person\/image\/","url":"https:\/\/secure.gravatar.com\/avatar\/76e419471a2083bc3ceab22a763dbbf9b0c1bd15a6214cf3280e2c2dde4580f9?s=96&d=mm&r=g","contentUrl":"https:\/\/secure.gravatar.com\/avatar\/76e419471a2083bc3ceab22a763dbbf9b0c1bd15a6214cf3280e2c2dde4580f9?s=96&d=mm&r=g","caption":"admin"},"sameAs":["https:\/\/lobosnews.com.ar"],"url":"https:\/\/lobosnews.com.ar\/index.php\/author\/lobos-news\/"}]}},"jetpack_featured_media_url":"https:\/\/lobosnews.com.ar\/wp-content\/uploads\/2026\/03\/gran-hermano-quienes-fueron-los-siete-participantes-que-salieron-de-placa-antes-de-la-gala-de-eliminacion.jpg","jetpack_sharing_enabled":true,"_links":{"self":[{"href":"https:\/\/lobosnews.com.ar\/index.php\/wp-json\/wp\/v2\/posts\/32360","targetHints":{"allow":["GET"]}}],"collection":[{"href":"https:\/\/lobosnews.com.ar\/index.php\/wp-json\/wp\/v2\/posts"}],"about":[{"href":"https:\/\/lobosnews.com.ar\/index.php\/wp-json\/wp\/v2\/types\/post"}],"author":[{"embeddable":true,"href":"https:\/\/lobosnews.com.ar\/index.php\/wp-json\/wp\/v2\/users\/1"}],"replies":[{"embeddable":true,"href":"https:\/\/lobosnews.com.ar\/index.php\/wp-json\/wp\/v2\/comments?post=32360"}],"version-history":[{"count":1,"href":"https:\/\/lobosnews.com.ar\/index.php\/wp-json\/wp\/v2\/posts\/32360\/revisions"}],"predecessor-version":[{"id":32362,"href":"https:\/\/lobosnews.com.ar\/index.php\/wp-json\/wp\/v2\/posts\/32360\/revisions\/32362"}],"wp:featuredmedia":[{"embeddable":true,"href":"https:\/\/lobosnews.com.ar\/index.php\/wp-json\/wp\/v2\/media\/32363"}],"wp:attachment":[{"href":"https:\/\/lobosnews.com.ar\/index.php\/wp-json\/wp\/v2\/media?parent=32360"}],"wp:term":[{"taxonomy":"category","embeddable":true,"href":"https:\/\/lobosnews.com.ar\/index.php\/wp-json\/wp\/v2\/categories?post=32360"},{"taxonomy":"post_tag","embeddable":true,"href":"https:\/\/lobosnews.com.ar\/index.php\/wp-json\/wp\/v2\/tags?post=32360"}],"curies":[{"name":"wp","href":"https:\/\/api.w.org\/{rel}","templated":true}]}}