{"id":32305,"date":"2026-03-12T05:02:41","date_gmt":"2026-03-12T05:02:41","guid":{"rendered":"https:\/\/lobosnews.com.ar\/index.php\/2026\/03\/12\/coudet-debuta-como-tecnico-de-river-plate-el-principal-deficit-que-encontro-y-los-jugadores-que-quiere-recuperar\/"},"modified":"2026-03-12T08:44:38","modified_gmt":"2026-03-12T08:44:38","slug":"coudet-debuta-como-tecnico-de-river-plate-el-principal-deficit-que-encontro-y-los-jugadores-que-quiere-recuperar","status":"publish","type":"post","link":"https:\/\/lobosnews.com.ar\/index.php\/2026\/03\/12\/coudet-debuta-como-tecnico-de-river-plate-el-principal-deficit-que-encontro-y-los-jugadores-que-quiere-recuperar\/","title":{"rendered":"Coudet debuta como t\u00e9cnico de River Plate: el principal d\u00e9ficit que encontr\u00f3 y los jugadores que quiere recuperar"},"content":{"rendered":"<p><img loading=\"lazy\" decoding=\"async\" src=\"https:\/\/lobosnews.com.ar\/wp-content\/uploads\/2026\/03\/coudet-debuta-como-tecnico-de-river-plate-el-principal-deficit-que-encontro-y-los-jugadores-que-quiere-recuperar.jpg\" alt=\"El Chacho, de 51 a\u00f1os, ante uno de los desaf\u00edos m\u00e1s importantes de su carrera\" height=\"922\" width=\"1638\"\/><\/p>\n<p>A una semana del arranque del ciclo de <b>Eduardo Coudet<\/b> al frente del plantel profesional de <b>River Plate<\/b>, enfrenta su primer gran desaf\u00edo: el debut ante <b>Hurac\u00e1n<\/b> en Parque Patricios, por la d\u00e9cima fecha del Torneo Apertura. Y prepar\u00f3 el partido fiel a su estilo, para lograr resolver el d\u00e9ficit que detect\u00f3 en sus primeros d\u00edas en el River Camp.<\/p>\n<p>Verborr\u00e1gico, el Chacho, de 51 a\u00f1os, no par\u00f3 de hablar en las pr\u00e1cticas. Se trata de un rasgo distintivo de todo su cuerpo t\u00e9cnico. Los preparadores f\u00edsicos <b>Octavio Manera<\/b> y <b>Guido Cretari <\/b>tambi\u00e9n arengan constantemente. Lo mismo <b>Dami\u00e1n Musto<\/b>, ayudante de campo y ex dirigido por Coudet en Rosario Central y Tijuana. <b>Carlos Fern\u00e1ndez<\/b>, videoanalista, es el de perfil m\u00e1s bajo.<\/p>\n<p><b>El primer diagn\u00f3stico del ex mediocampista por derecha marc\u00f3 que el problema de River es m\u00e1s an\u00edmico que futbol\u00edstico<\/b>, por eso intent\u00f3 levantar la autoestima, trabajar en la confianza. Cree que es el punto principal por el que el equipo lleg\u00f3 a perder 13 de 20 partidos (en los \u00faltimos dos, gan\u00f3 ante Banfield e igual\u00f3 contra Independiente Rivadavia). <\/p>\n<p>Adem\u00e1s de imprimirle la identidad que pretende al equipo, Coudet quiere recuperar a los m\u00e1s cuestionado por los hinchas, como <b>Maxi Salas, Facundo Colidio, Kevin Casta\u00f1o, Paulo D\u00edaz y Giuliano Galoppo<\/b>. <b>Fabricio Bustos<\/b> es el \u00fanico jugador del grupo al que dirigi\u00f3: lo tuvo en <b>Inter de Porto Alegre<\/b>.<\/p>\n<p>\u201cEstoy conforme con el plantel que hay.<span class=\"waslinkname\"> <b>Creo que se puede recuperar el nivel de todos los jugadores y que eso lleve a ver un gran equipo<\/b>.<\/span> Lo intentaremos hacer lo antes posible, que se vea el cambio lo antes posible, pero el f\u00fatbol es una incertidumbre. Voy a intentar que lleguemos bien al pr\u00f3ximo partido, tenemos una semana, todav\u00eda no claudiqu\u00e9 con el cansancio ni voy a claudicar. Ir\u00e9 a entrenar con mucha fuerza. Tengo mucha adrenalina, lo cual empuja mucho. Tenemos que entender a las personas, soy mucho de entender a las personas, cuando hay situaciones dif\u00edciles, hay que abrazar a las personas y seguro vamos a encontrar la recuperaci\u00f3n de este equipo. Lo antes posible ser\u00eda lo mejor. Hay que trabajar y conocernos. Desde lo deportivo y el uno al otro en el d\u00eda a d\u00eda, ida y vuelta. Ah\u00ed nos vamos a ir encontrando lo antes posible\u201d, supo subrayar en conferencia de prensa. Y, en las pr\u00e1cticas, el DT obr\u00f3 en consecuencia.<\/p>\n<p><b>Su sistema t\u00e1ctico preferido es el 4-1-3-2<\/b>, aunque en la intimidad suele decir que no le gustan las rigideces futbol\u00edsticas. Eso s\u00ed, en su vocabulario hay un par de palabras que se repiten, porque no se negocian: intenso y agresivo. Eso es lo que pretende de sus futbolistas. Que jueguen y que corran. Que la presi\u00f3n sea asfixiante. <\/p>\n<p>\u201cTodos los entrenadores tienen que adaptarse a las caracter\u00edsticas de los jugadores que tienen y a convencerlos de una idea, una forma. Hay que trabajar; los niveles de los jugadores, los que mejor est\u00e9n, modifican la manera de jugar. Me creo mucho m\u00e1s adaptable a lo que tengamos. Las formas e ideas siguen siendo las mismas: tener un equipo protagonista y f\u00edsico, muy f\u00edsico. <b>Vamos a trabajar para que eso ocurra. Que sea f\u00edsico, agresivo y mirando siempre el arco de enfrente<\/b>\u201d, hizo una radiograf\u00eda de su objetivo durante su presentaci\u00f3n.<\/p>\n<p>En la semana, Coudet se enfoc\u00f3 en el trabajo reducido, en la pelota parada y en la definici\u00f3n. Siempre muy activo. Eso mismo anhela ver en su River a partir de este jueves. El Millonario acumula 11 puntos en el Grupo B del torneo de Primera Divisi\u00f3n y anhela incrementar su cosecha para no pasar zozobra de cara a la clasificaci\u00f3n a los playoffs. Tambi\u00e9n tendr\u00e1 la zanahoria de la Copa Sudamericana y de la Copa Argentina, certamen en el que accedi\u00f3 a los 16avos de final tras vencer a Ciudad de Bol\u00edvar.<\/p>\n<p>El Chacho, que logr\u00f3 buenas versiones de equipos en <b>Rosario Central<\/b> y <b>Racing<\/b>, ofrece su primer lienzo en el Estadio Tom\u00e1s A. Duc\u00f3. Habl\u00f3 y areng\u00f3 en continuado en la semana, en la intimidad de las pr\u00e1cticas. Ahora les toca hablar a sus dirigidos en el campo de juego.<\/p>\n","protected":false},"excerpt":{"rendered":"<p>A una semana del arranque del ciclo de Eduardo Coudet al frente del plantel profesional de River Plate, enfrenta su primer gran desaf\u00edo: el debut ante Hurac\u00e1n en Parque Patricios, por la d\u00e9cima fecha del Torneo Apertura. Y prepar\u00f3 el partido fiel a su estilo, para lograr resolver el d\u00e9ficit que detect\u00f3 en sus primeros&#8230;<\/p>\n","protected":false},"author":1,"featured_media":0,"comment_status":"open","ping_status":"closed","sticky":false,"template":"","format":"standard","meta":{"_jetpack_memberships_contains_paid_content":false,"footnotes":""},"categories":[30],"tags":[39],"class_list":["post-32305","post","type-post","status-publish","format-standard","hentry","category-argentina","tag-deportes"],"magazineBlocksPostFeaturedMedia":{"thumbnail":false,"medium":false,"medium_large":false,"large":false,"1536x1536":false,"2048x2048":false,"newsmatic-featured":false,"newsmatic-list":false,"newsmatic-thumb":false,"newsmatic-small":false,"newsmatic-grid":false},"magazineBlocksPostAuthor":{"name":"admin","avatar":"https:\/\/secure.gravatar.com\/avatar\/76e419471a2083bc3ceab22a763dbbf9b0c1bd15a6214cf3280e2c2dde4580f9?s=96&d=mm&r=g"},"magazineBlocksPostCommentsNumber":"0","magazineBlocksPostExcerpt":"A una semana del arranque del ciclo de Eduardo Coudet al frente del plantel profesional de River Plate, enfrenta su primer gran desaf\u00edo: el debut ante Hurac\u00e1n en Parque Patricios, por la d\u00e9cima fecha del Torneo Apertura. Y prepar\u00f3 el partido fiel a su estilo, para lograr resolver el d\u00e9ficit que detect\u00f3 en sus primeros...","magazineBlocksPostCategories":["Argentina"],"magazineBlocksPostViewCount":78,"magazineBlocksPostReadTime":4,"magazine_blocks_featured_image_url":{"full":false,"medium":false,"thumbnail":false},"magazine_blocks_author":{"display_name":"admin","author_link":"https:\/\/lobosnews.com.ar\/index.php\/author\/lobos-news\/"},"magazine_blocks_comment":0,"magazine_blocks_author_image":"https:\/\/secure.gravatar.com\/avatar\/76e419471a2083bc3ceab22a763dbbf9b0c1bd15a6214cf3280e2c2dde4580f9?s=96&d=mm&r=g","magazine_blocks_category":"<a href=\"#\" class=\"category-link category-link-30\">Argentina<\/a>","yoast_head":"<!-- This site is optimized with the Yoast SEO plugin v26.6 - https:\/\/yoast.com\/wordpress\/plugins\/seo\/ -->\n<title>Coudet debuta como t\u00e9cnico de River Plate: el principal d\u00e9ficit que encontr\u00f3 y los jugadores que quiere recuperar - Lobos News<\/title>\n<meta name=\"robots\" content=\"index, follow, max-snippet:-1, max-image-preview:large, max-video-preview:-1\" \/>\n<link rel=\"canonical\" href=\"https:\/\/lobosnews.com.ar\/index.php\/2026\/03\/12\/coudet-debuta-como-tecnico-de-river-plate-el-principal-deficit-que-encontro-y-los-jugadores-que-quiere-recuperar\/\" \/>\n<meta property=\"og:locale\" content=\"es_ES\" \/>\n<meta property=\"og:type\" content=\"article\" \/>\n<meta property=\"og:title\" content=\"Coudet debuta como t\u00e9cnico de River Plate: el principal d\u00e9ficit que encontr\u00f3 y los jugadores que quiere recuperar - Lobos News\" \/>\n<meta property=\"og:description\" content=\"A una semana del arranque del ciclo de Eduardo Coudet al frente del plantel profesional de River Plate, enfrenta su primer gran desaf\u00edo: el debut ante Hurac\u00e1n en Parque Patricios, por la d\u00e9cima fecha del Torneo Apertura. Y prepar\u00f3 el partido fiel a su estilo, para lograr resolver el d\u00e9ficit que detect\u00f3 en sus primeros...\" \/>\n<meta property=\"og:url\" content=\"https:\/\/lobosnews.com.ar\/index.php\/2026\/03\/12\/coudet-debuta-como-tecnico-de-river-plate-el-principal-deficit-que-encontro-y-los-jugadores-que-quiere-recuperar\/\" \/>\n<meta property=\"og:site_name\" content=\"Lobos News\" \/>\n<meta property=\"article:published_time\" content=\"2026-03-12T05:02:41+00:00\" \/>\n<meta property=\"article:modified_time\" content=\"2026-03-12T08:44:38+00:00\" \/>\n<meta property=\"og:image\" content=\"https:\/\/lobosnews.com.ar\/wp-content\/uploads\/2026\/03\/coudet-debuta-como-tecnico-de-river-plate-el-principal-deficit-que-encontro-y-los-jugadores-que-quiere-recuperar.jpg\" \/>\n<meta name=\"author\" content=\"admin\" \/>\n<meta name=\"twitter:card\" content=\"summary_large_image\" \/>\n<meta name=\"twitter:label1\" content=\"Escrito por\" \/>\n\t<meta name=\"twitter:data1\" content=\"admin\" \/>\n\t<meta name=\"twitter:label2\" content=\"Tiempo de lectura\" \/>\n\t<meta name=\"twitter:data2\" content=\"4 minutos\" \/>\n<script type=\"application\/ld+json\" class=\"yoast-schema-graph\">{\"@context\":\"https:\/\/schema.org\",\"@graph\":[{\"@type\":\"Article\",\"@id\":\"https:\/\/lobosnews.com.ar\/index.php\/2026\/03\/12\/coudet-debuta-como-tecnico-de-river-plate-el-principal-deficit-que-encontro-y-los-jugadores-que-quiere-recuperar\/#article\",\"isPartOf\":{\"@id\":\"https:\/\/lobosnews.com.ar\/index.php\/2026\/03\/12\/coudet-debuta-como-tecnico-de-river-plate-el-principal-deficit-que-encontro-y-los-jugadores-que-quiere-recuperar\/\"},\"author\":{\"name\":\"admin\",\"@id\":\"https:\/\/lobosnews.com.ar\/#\/schema\/person\/232422a593d5c541dd9aef6aaed10943\"},\"headline\":\"Coudet debuta como t\u00e9cnico de River Plate: el principal d\u00e9ficit que encontr\u00f3 y los jugadores que quiere recuperar\",\"datePublished\":\"2026-03-12T05:02:41+00:00\",\"dateModified\":\"2026-03-12T08:44:38+00:00\",\"mainEntityOfPage\":{\"@id\":\"https:\/\/lobosnews.com.ar\/index.php\/2026\/03\/12\/coudet-debuta-como-tecnico-de-river-plate-el-principal-deficit-que-encontro-y-los-jugadores-que-quiere-recuperar\/\"},\"wordCount\":753,\"commentCount\":0,\"publisher\":{\"@id\":\"https:\/\/lobosnews.com.ar\/#organization\"},\"image\":{\"@id\":\"https:\/\/lobosnews.com.ar\/index.php\/2026\/03\/12\/coudet-debuta-como-tecnico-de-river-plate-el-principal-deficit-que-encontro-y-los-jugadores-que-quiere-recuperar\/#primaryimage\"},\"thumbnailUrl\":\"https:\/\/lobosnews.com.ar\/wp-content\/uploads\/2026\/03\/coudet-debuta-como-tecnico-de-river-plate-el-principal-deficit-que-encontro-y-los-jugadores-que-quiere-recuperar.jpg\",\"keywords\":[\"Deportes\"],\"articleSection\":[\"Argentina\"],\"inLanguage\":\"es\",\"potentialAction\":[{\"@type\":\"CommentAction\",\"name\":\"Comment\",\"target\":[\"https:\/\/lobosnews.com.ar\/index.php\/2026\/03\/12\/coudet-debuta-como-tecnico-de-river-plate-el-principal-deficit-que-encontro-y-los-jugadores-que-quiere-recuperar\/#respond\"]}]},{\"@type\":\"WebPage\",\"@id\":\"https:\/\/lobosnews.com.ar\/index.php\/2026\/03\/12\/coudet-debuta-como-tecnico-de-river-plate-el-principal-deficit-que-encontro-y-los-jugadores-que-quiere-recuperar\/\",\"url\":\"https:\/\/lobosnews.com.ar\/index.php\/2026\/03\/12\/coudet-debuta-como-tecnico-de-river-plate-el-principal-deficit-que-encontro-y-los-jugadores-que-quiere-recuperar\/\",\"name\":\"Coudet debuta como t\u00e9cnico de River Plate: el principal d\u00e9ficit que encontr\u00f3 y los jugadores que quiere recuperar - Lobos News\",\"isPartOf\":{\"@id\":\"https:\/\/lobosnews.com.ar\/#website\"},\"primaryImageOfPage\":{\"@id\":\"https:\/\/lobosnews.com.ar\/index.php\/2026\/03\/12\/coudet-debuta-como-tecnico-de-river-plate-el-principal-deficit-que-encontro-y-los-jugadores-que-quiere-recuperar\/#primaryimage\"},\"image\":{\"@id\":\"https:\/\/lobosnews.com.ar\/index.php\/2026\/03\/12\/coudet-debuta-como-tecnico-de-river-plate-el-principal-deficit-que-encontro-y-los-jugadores-que-quiere-recuperar\/#primaryimage\"},\"thumbnailUrl\":\"https:\/\/lobosnews.com.ar\/wp-content\/uploads\/2026\/03\/coudet-debuta-como-tecnico-de-river-plate-el-principal-deficit-que-encontro-y-los-jugadores-que-quiere-recuperar.jpg\",\"datePublished\":\"2026-03-12T05:02:41+00:00\",\"dateModified\":\"2026-03-12T08:44:38+00:00\",\"breadcrumb\":{\"@id\":\"https:\/\/lobosnews.com.ar\/index.php\/2026\/03\/12\/coudet-debuta-como-tecnico-de-river-plate-el-principal-deficit-que-encontro-y-los-jugadores-que-quiere-recuperar\/#breadcrumb\"},\"inLanguage\":\"es\",\"potentialAction\":[{\"@type\":\"ReadAction\",\"target\":[\"https:\/\/lobosnews.com.ar\/index.php\/2026\/03\/12\/coudet-debuta-como-tecnico-de-river-plate-el-principal-deficit-que-encontro-y-los-jugadores-que-quiere-recuperar\/\"]}]},{\"@type\":\"ImageObject\",\"inLanguage\":\"es\",\"@id\":\"https:\/\/lobosnews.com.ar\/index.php\/2026\/03\/12\/coudet-debuta-como-tecnico-de-river-plate-el-principal-deficit-que-encontro-y-los-jugadores-que-quiere-recuperar\/#primaryimage\",\"url\":\"https:\/\/lobosnews.com.ar\/wp-content\/uploads\/2026\/03\/coudet-debuta-como-tecnico-de-river-plate-el-principal-deficit-que-encontro-y-los-jugadores-que-quiere-recuperar.jpg\",\"contentUrl\":\"https:\/\/lobosnews.com.ar\/wp-content\/uploads\/2026\/03\/coudet-debuta-como-tecnico-de-river-plate-el-principal-deficit-que-encontro-y-los-jugadores-que-quiere-recuperar.jpg\"},{\"@type\":\"BreadcrumbList\",\"@id\":\"https:\/\/lobosnews.com.ar\/index.php\/2026\/03\/12\/coudet-debuta-como-tecnico-de-river-plate-el-principal-deficit-que-encontro-y-los-jugadores-que-quiere-recuperar\/#breadcrumb\",\"itemListElement\":[{\"@type\":\"ListItem\",\"position\":1,\"name\":\"Portada\",\"item\":\"https:\/\/lobosnews.com.ar\/\"},{\"@type\":\"ListItem\",\"position\":2,\"name\":\"Coudet debuta como t\u00e9cnico de River Plate: el principal d\u00e9ficit que encontr\u00f3 y los jugadores que quiere recuperar\"}]},{\"@type\":\"WebSite\",\"@id\":\"https:\/\/lobosnews.com.ar\/#website\",\"url\":\"https:\/\/lobosnews.com.ar\/\",\"name\":\"Lobos News\",\"description\":\"Informaci\u00f3n a cada instante\",\"publisher\":{\"@id\":\"https:\/\/lobosnews.com.ar\/#organization\"},\"potentialAction\":[{\"@type\":\"SearchAction\",\"target\":{\"@type\":\"EntryPoint\",\"urlTemplate\":\"https:\/\/lobosnews.com.ar\/?s={search_term_string}\"},\"query-input\":{\"@type\":\"PropertyValueSpecification\",\"valueRequired\":true,\"valueName\":\"search_term_string\"}}],\"inLanguage\":\"es\"},{\"@type\":\"Organization\",\"@id\":\"https:\/\/lobosnews.com.ar\/#organization\",\"name\":\"Lobos News\",\"url\":\"https:\/\/lobosnews.com.ar\/\",\"logo\":{\"@type\":\"ImageObject\",\"inLanguage\":\"es\",\"@id\":\"https:\/\/lobosnews.com.ar\/#\/schema\/logo\/image\/\",\"url\":\"https:\/\/lobosnews.com.ar\/wp-content\/uploads\/2026\/01\/logo-lobosnews.png\",\"contentUrl\":\"https:\/\/lobosnews.com.ar\/wp-content\/uploads\/2026\/01\/logo-lobosnews.png\",\"width\":500,\"height\":200,\"caption\":\"Lobos News\"},\"image\":{\"@id\":\"https:\/\/lobosnews.com.ar\/#\/schema\/logo\/image\/\"}},{\"@type\":\"Person\",\"@id\":\"https:\/\/lobosnews.com.ar\/#\/schema\/person\/232422a593d5c541dd9aef6aaed10943\",\"name\":\"admin\",\"image\":{\"@type\":\"ImageObject\",\"inLanguage\":\"es\",\"@id\":\"https:\/\/lobosnews.com.ar\/#\/schema\/person\/image\/\",\"url\":\"https:\/\/secure.gravatar.com\/avatar\/76e419471a2083bc3ceab22a763dbbf9b0c1bd15a6214cf3280e2c2dde4580f9?s=96&d=mm&r=g\",\"contentUrl\":\"https:\/\/secure.gravatar.com\/avatar\/76e419471a2083bc3ceab22a763dbbf9b0c1bd15a6214cf3280e2c2dde4580f9?s=96&d=mm&r=g\",\"caption\":\"admin\"},\"sameAs\":[\"https:\/\/lobosnews.com.ar\"],\"url\":\"https:\/\/lobosnews.com.ar\/index.php\/author\/lobos-news\/\"}]}<\/script>\n<!-- \/ Yoast SEO plugin. -->","yoast_head_json":{"title":"Coudet debuta como t\u00e9cnico de River Plate: el principal d\u00e9ficit que encontr\u00f3 y los jugadores que quiere recuperar - Lobos News","robots":{"index":"index","follow":"follow","max-snippet":"max-snippet:-1","max-image-preview":"max-image-preview:large","max-video-preview":"max-video-preview:-1"},"canonical":"https:\/\/lobosnews.com.ar\/index.php\/2026\/03\/12\/coudet-debuta-como-tecnico-de-river-plate-el-principal-deficit-que-encontro-y-los-jugadores-que-quiere-recuperar\/","og_locale":"es_ES","og_type":"article","og_title":"Coudet debuta como t\u00e9cnico de River Plate: el principal d\u00e9ficit que encontr\u00f3 y los jugadores que quiere recuperar - Lobos News","og_description":"A una semana del arranque del ciclo de Eduardo Coudet al frente del plantel profesional de River Plate, enfrenta su primer gran desaf\u00edo: el debut ante Hurac\u00e1n en Parque Patricios, por la d\u00e9cima fecha del Torneo Apertura. Y prepar\u00f3 el partido fiel a su estilo, para lograr resolver el d\u00e9ficit que detect\u00f3 en sus primeros...","og_url":"https:\/\/lobosnews.com.ar\/index.php\/2026\/03\/12\/coudet-debuta-como-tecnico-de-river-plate-el-principal-deficit-que-encontro-y-los-jugadores-que-quiere-recuperar\/","og_site_name":"Lobos News","article_published_time":"2026-03-12T05:02:41+00:00","article_modified_time":"2026-03-12T08:44:38+00:00","og_image":[{"url":"https:\/\/lobosnews.com.ar\/wp-content\/uploads\/2026\/03\/coudet-debuta-como-tecnico-de-river-plate-el-principal-deficit-que-encontro-y-los-jugadores-que-quiere-recuperar.jpg","type":"","width":"","height":""}],"author":"admin","twitter_card":"summary_large_image","twitter_misc":{"Escrito por":"admin","Tiempo de lectura":"4 minutos"},"schema":{"@context":"https:\/\/schema.org","@graph":[{"@type":"Article","@id":"https:\/\/lobosnews.com.ar\/index.php\/2026\/03\/12\/coudet-debuta-como-tecnico-de-river-plate-el-principal-deficit-que-encontro-y-los-jugadores-que-quiere-recuperar\/#article","isPartOf":{"@id":"https:\/\/lobosnews.com.ar\/index.php\/2026\/03\/12\/coudet-debuta-como-tecnico-de-river-plate-el-principal-deficit-que-encontro-y-los-jugadores-que-quiere-recuperar\/"},"author":{"name":"admin","@id":"https:\/\/lobosnews.com.ar\/#\/schema\/person\/232422a593d5c541dd9aef6aaed10943"},"headline":"Coudet debuta como t\u00e9cnico de River Plate: el principal d\u00e9ficit que encontr\u00f3 y los jugadores que quiere recuperar","datePublished":"2026-03-12T05:02:41+00:00","dateModified":"2026-03-12T08:44:38+00:00","mainEntityOfPage":{"@id":"https:\/\/lobosnews.com.ar\/index.php\/2026\/03\/12\/coudet-debuta-como-tecnico-de-river-plate-el-principal-deficit-que-encontro-y-los-jugadores-que-quiere-recuperar\/"},"wordCount":753,"commentCount":0,"publisher":{"@id":"https:\/\/lobosnews.com.ar\/#organization"},"image":{"@id":"https:\/\/lobosnews.com.ar\/index.php\/2026\/03\/12\/coudet-debuta-como-tecnico-de-river-plate-el-principal-deficit-que-encontro-y-los-jugadores-que-quiere-recuperar\/#primaryimage"},"thumbnailUrl":"https:\/\/lobosnews.com.ar\/wp-content\/uploads\/2026\/03\/coudet-debuta-como-tecnico-de-river-plate-el-principal-deficit-que-encontro-y-los-jugadores-que-quiere-recuperar.jpg","keywords":["Deportes"],"articleSection":["Argentina"],"inLanguage":"es","potentialAction":[{"@type":"CommentAction","name":"Comment","target":["https:\/\/lobosnews.com.ar\/index.php\/2026\/03\/12\/coudet-debuta-como-tecnico-de-river-plate-el-principal-deficit-que-encontro-y-los-jugadores-que-quiere-recuperar\/#respond"]}]},{"@type":"WebPage","@id":"https:\/\/lobosnews.com.ar\/index.php\/2026\/03\/12\/coudet-debuta-como-tecnico-de-river-plate-el-principal-deficit-que-encontro-y-los-jugadores-que-quiere-recuperar\/","url":"https:\/\/lobosnews.com.ar\/index.php\/2026\/03\/12\/coudet-debuta-como-tecnico-de-river-plate-el-principal-deficit-que-encontro-y-los-jugadores-que-quiere-recuperar\/","name":"Coudet debuta como t\u00e9cnico de River Plate: el principal d\u00e9ficit que encontr\u00f3 y los jugadores que quiere recuperar - Lobos News","isPartOf":{"@id":"https:\/\/lobosnews.com.ar\/#website"},"primaryImageOfPage":{"@id":"https:\/\/lobosnews.com.ar\/index.php\/2026\/03\/12\/coudet-debuta-como-tecnico-de-river-plate-el-principal-deficit-que-encontro-y-los-jugadores-que-quiere-recuperar\/#primaryimage"},"image":{"@id":"https:\/\/lobosnews.com.ar\/index.php\/2026\/03\/12\/coudet-debuta-como-tecnico-de-river-plate-el-principal-deficit-que-encontro-y-los-jugadores-que-quiere-recuperar\/#primaryimage"},"thumbnailUrl":"https:\/\/lobosnews.com.ar\/wp-content\/uploads\/2026\/03\/coudet-debuta-como-tecnico-de-river-plate-el-principal-deficit-que-encontro-y-los-jugadores-que-quiere-recuperar.jpg","datePublished":"2026-03-12T05:02:41+00:00","dateModified":"2026-03-12T08:44:38+00:00","breadcrumb":{"@id":"https:\/\/lobosnews.com.ar\/index.php\/2026\/03\/12\/coudet-debuta-como-tecnico-de-river-plate-el-principal-deficit-que-encontro-y-los-jugadores-que-quiere-recuperar\/#breadcrumb"},"inLanguage":"es","potentialAction":[{"@type":"ReadAction","target":["https:\/\/lobosnews.com.ar\/index.php\/2026\/03\/12\/coudet-debuta-como-tecnico-de-river-plate-el-principal-deficit-que-encontro-y-los-jugadores-que-quiere-recuperar\/"]}]},{"@type":"ImageObject","inLanguage":"es","@id":"https:\/\/lobosnews.com.ar\/index.php\/2026\/03\/12\/coudet-debuta-como-tecnico-de-river-plate-el-principal-deficit-que-encontro-y-los-jugadores-que-quiere-recuperar\/#primaryimage","url":"https:\/\/lobosnews.com.ar\/wp-content\/uploads\/2026\/03\/coudet-debuta-como-tecnico-de-river-plate-el-principal-deficit-que-encontro-y-los-jugadores-que-quiere-recuperar.jpg","contentUrl":"https:\/\/lobosnews.com.ar\/wp-content\/uploads\/2026\/03\/coudet-debuta-como-tecnico-de-river-plate-el-principal-deficit-que-encontro-y-los-jugadores-que-quiere-recuperar.jpg"},{"@type":"BreadcrumbList","@id":"https:\/\/lobosnews.com.ar\/index.php\/2026\/03\/12\/coudet-debuta-como-tecnico-de-river-plate-el-principal-deficit-que-encontro-y-los-jugadores-que-quiere-recuperar\/#breadcrumb","itemListElement":[{"@type":"ListItem","position":1,"name":"Portada","item":"https:\/\/lobosnews.com.ar\/"},{"@type":"ListItem","position":2,"name":"Coudet debuta como t\u00e9cnico de River Plate: el principal d\u00e9ficit que encontr\u00f3 y los jugadores que quiere recuperar"}]},{"@type":"WebSite","@id":"https:\/\/lobosnews.com.ar\/#website","url":"https:\/\/lobosnews.com.ar\/","name":"Lobos News","description":"Informaci\u00f3n a cada instante","publisher":{"@id":"https:\/\/lobosnews.com.ar\/#organization"},"potentialAction":[{"@type":"SearchAction","target":{"@type":"EntryPoint","urlTemplate":"https:\/\/lobosnews.com.ar\/?s={search_term_string}"},"query-input":{"@type":"PropertyValueSpecification","valueRequired":true,"valueName":"search_term_string"}}],"inLanguage":"es"},{"@type":"Organization","@id":"https:\/\/lobosnews.com.ar\/#organization","name":"Lobos News","url":"https:\/\/lobosnews.com.ar\/","logo":{"@type":"ImageObject","inLanguage":"es","@id":"https:\/\/lobosnews.com.ar\/#\/schema\/logo\/image\/","url":"https:\/\/lobosnews.com.ar\/wp-content\/uploads\/2026\/01\/logo-lobosnews.png","contentUrl":"https:\/\/lobosnews.com.ar\/wp-content\/uploads\/2026\/01\/logo-lobosnews.png","width":500,"height":200,"caption":"Lobos News"},"image":{"@id":"https:\/\/lobosnews.com.ar\/#\/schema\/logo\/image\/"}},{"@type":"Person","@id":"https:\/\/lobosnews.com.ar\/#\/schema\/person\/232422a593d5c541dd9aef6aaed10943","name":"admin","image":{"@type":"ImageObject","inLanguage":"es","@id":"https:\/\/lobosnews.com.ar\/#\/schema\/person\/image\/","url":"https:\/\/secure.gravatar.com\/avatar\/76e419471a2083bc3ceab22a763dbbf9b0c1bd15a6214cf3280e2c2dde4580f9?s=96&d=mm&r=g","contentUrl":"https:\/\/secure.gravatar.com\/avatar\/76e419471a2083bc3ceab22a763dbbf9b0c1bd15a6214cf3280e2c2dde4580f9?s=96&d=mm&r=g","caption":"admin"},"sameAs":["https:\/\/lobosnews.com.ar"],"url":"https:\/\/lobosnews.com.ar\/index.php\/author\/lobos-news\/"}]}},"jetpack_featured_media_url":"","jetpack_sharing_enabled":true,"_links":{"self":[{"href":"https:\/\/lobosnews.com.ar\/index.php\/wp-json\/wp\/v2\/posts\/32305","targetHints":{"allow":["GET"]}}],"collection":[{"href":"https:\/\/lobosnews.com.ar\/index.php\/wp-json\/wp\/v2\/posts"}],"about":[{"href":"https:\/\/lobosnews.com.ar\/index.php\/wp-json\/wp\/v2\/types\/post"}],"author":[{"embeddable":true,"href":"https:\/\/lobosnews.com.ar\/index.php\/wp-json\/wp\/v2\/users\/1"}],"replies":[{"embeddable":true,"href":"https:\/\/lobosnews.com.ar\/index.php\/wp-json\/wp\/v2\/comments?post=32305"}],"version-history":[{"count":1,"href":"https:\/\/lobosnews.com.ar\/index.php\/wp-json\/wp\/v2\/posts\/32305\/revisions"}],"predecessor-version":[{"id":32307,"href":"https:\/\/lobosnews.com.ar\/index.php\/wp-json\/wp\/v2\/posts\/32305\/revisions\/32307"}],"wp:attachment":[{"href":"https:\/\/lobosnews.com.ar\/index.php\/wp-json\/wp\/v2\/media?parent=32305"}],"wp:term":[{"taxonomy":"category","embeddable":true,"href":"https:\/\/lobosnews.com.ar\/index.php\/wp-json\/wp\/v2\/categories?post=32305"},{"taxonomy":"post_tag","embeddable":true,"href":"https:\/\/lobosnews.com.ar\/index.php\/wp-json\/wp\/v2\/tags?post=32305"}],"curies":[{"name":"wp","href":"https:\/\/api.w.org\/{rel}","templated":true}]}}