{"id":32298,"date":"2026-03-12T05:05:58","date_gmt":"2026-03-12T05:05:58","guid":{"rendered":"https:\/\/lobosnews.com.ar\/index.php\/2026\/03\/12\/su-papa-brillo-en-europa-y-cautivo-a-federer-y-ella-descolla-en-el-real-madrid-dolores-delgado-la-delantera-que-ilusiona-a-argentina\/"},"modified":"2026-03-12T08:44:32","modified_gmt":"2026-03-12T08:44:32","slug":"su-papa-brillo-en-europa-y-cautivo-a-federer-y-ella-descolla-en-el-real-madrid-dolores-delgado-la-delantera-que-ilusiona-a-argentina","status":"publish","type":"post","link":"https:\/\/lobosnews.com.ar\/index.php\/2026\/03\/12\/su-papa-brillo-en-europa-y-cautivo-a-federer-y-ella-descolla-en-el-real-madrid-dolores-delgado-la-delantera-que-ilusiona-a-argentina\/","title":{"rendered":"Su pap\u00e1 brill\u00f3 en Europa y cautiv\u00f3 a Federer, y ella descolla en el Real Madrid: Dolores Delgado, la delantera que ilusiona a Argentina"},"content":{"rendered":"<p><img fetchpriority=\"high\" decoding=\"async\" src=\"https:\/\/lobosnews.com.ar\/wp-content\/uploads\/2026\/03\/su-papa-brillo-en-europa-y-cautivo-a-federer-y-ella-descolla-en-el-real-madrid-dolores-delgado-la-delantera-que-ilusiona-a-argentina.jpg\" alt=\"Dolores Delgado proyecta su futuro en el Real Madrid B y en la selecci\u00f3n argentina\" height=\"422\" width=\"750\"\/><\/p>\n<p>Con apenas 17 a\u00f1os, <b>Dolores Delgado<\/b> ya se gan\u00f3 un lugar destacado en la cantera del <b>Real Madrid <\/b>y en la<b> selecci\u00f3n argentina<\/b>. Su nombre volvi\u00f3 a resonar con fuerza cuando convirti\u00f3 cuatro goles en la victoria por 13-1 frente al <b>CD M\u00f3stoles<\/b>, un resultado que reflej\u00f3 la caracter\u00edstica goleadora de la delantera. Esa jornada no fue un hecho aislado: <b>la joven futbolista lidera la tabla de goleadoras con 47 tantos en 19 partidos<\/b>, consolid\u00e1ndose como la m\u00e1xima artillera de la <b>Primera Divisi\u00f3n Auton\u00f3mica Juvenil<\/b>.<\/p>\n<p>Nacida el 17 de abril de 2008 en Estambul, Dolores creci\u00f3 en Espa\u00f1a y desde peque\u00f1a se vincul\u00f3 al f\u00fatbol, siguiendo la huella de su padre, <b>Mat\u00edas Delgado<\/b>, exjugador de <b>Chacarita Juniors<\/b> y figura del <b>Basel <\/b>en la liga suiza. Desde entonces, su vida gir\u00f3 en torno a los entrenamientos, las competencias y el sue\u00f1o de marcar su propio camino en el deporte, primero en la cantera del <b>Atl\u00e9tico de Madrid C <\/b>y luego en el <b>Real Madrid B<\/b>.<\/p>\n<p><img loading=\"lazy\" decoding=\"async\" src=\"https:\/\/lobosnews.com.ar\/wp-content\/uploads\/2026\/03\/su-papa-brillo-en-europa-y-cautivo-a-federer-y-ella-descolla-en-el-real-madrid-dolores-delgado-la-delantera-que-ilusiona-a-argentina-1.jpg\" alt=\"La delantera se consolida como la m\u00e1xima goleadora en el torneo espa\u00f1ol con 47 goles\" height=\"663\" width=\"540\"\/><\/p>\n<p>A pesar de haber vivido casi toda su vida en Espa\u00f1a y de tener pasaporte italiano, Dolores eligi\u00f3 representar los colores de la selecci\u00f3n argentina, algo que emociona tanto a ella como a su familia. En 2023, fue convocada por primera vez por el entrenador <b>Christian Meloni <\/b>para participar en el <b>Sudamericano Sub 17<\/b> de Paraguay y posteriormente en el torneo de Colombia, donde inici\u00f3 su recorrido para destacarse actualmente como una de las figuras del plantel. Su relaci\u00f3n con la celeste y blanca se fortaleci\u00f3 con el tiempo, ya que <b>tuvo la oportunidad de gritar goles con la camiseta nacional<\/b>, en el torneo juvenil y en amistosos disputados a final del a\u00f1o pasado en el <i>Predio Lionel Andr\u00e9s Messi<\/i> en Ezeiza.<\/p>\n<p>El camino de Dolores no estuvo exento de desaf\u00edos. Defendi\u00f3 la camiseta del Atl\u00e9tico, equipo en el que <b>acumul\u00f3 37 goles en 23 partidos<\/b> en la \u00faltima temporada juvenil. Su traspaso al conjunto <i>Merengue<\/i>, a mediados del a\u00f1o pasado, fue un paso clave para su crecimiento: all\u00ed reparte su tiempo entre el Real Madrid B, que compite en la Segunda Divisi\u00f3n de Espa\u00f1a, y el equipo juvenil, donde la diferencia de nivel respecto a otros clubes de la regi\u00f3n es notable. Este contexto le permiti\u00f3 sumar minutos y goles, aunque el cuerpo t\u00e9cnico del seleccionado reconoce que el torneo regional no siempre ofrece la exigencia competitiva como en Argentina, donde tiene la ventaja de medirse ante equipos del mismo nivel.<\/p>\n<p>La estructura de las ligas juveniles espa\u00f1olas difiere de la argentina. Mientras en el pa\u00eds sudamericano los equipos de primera divisi\u00f3n compiten entre s\u00ed en las categor\u00edas formativas, en Madrid los clubes m\u00e1s potentes como el Real Madrid y el Atl\u00e9tico suelen enfrentarse a rivales de categor\u00edas inferiores de su regi\u00f3n, lo que genera marcadas desigualdades en los resultados y en el desarrollo de las futbolistas. Por eso, <b>el cuerpo t\u00e9cnico de la selecci\u00f3n argentina sigue de cerca el progreso de Dolores y de otras jugadoras que se desarrollan en el exterior<\/b>, buscando que sumen experiencia en contextos m\u00e1s exigentes y que puedan integrarse al grupo con tiempo suficiente antes de los torneos clave.<\/p>\n<p><img loading=\"lazy\" decoding=\"async\" src=\"https:\/\/lobosnews.com.ar\/wp-content\/uploads\/2026\/03\/su-papa-brillo-en-europa-y-cautivo-a-federer-y-ella-descolla-en-el-real-madrid-dolores-delgado-la-delantera-que-ilusiona-a-argentina-2.jpg\" alt=\"La futbolista fue convocada por primera vez al conjunto nacional en 2023\" height=\"2667\" width=\"4000\"\/><\/p>\n<p>En este sentido, la preparaci\u00f3n para el pr\u00f3ximo torneo Sub 17 presenta varios retos. La log\u00edstica de las convocatorias, los viajes desde Europa y la falta de continuidad en los entrenamientos con la Selecci\u00f3n complican el ensamblaje del equipo. Muchas jugadoras, como Dolores, llegan a \u00faltimo momento debido a los compromisos con sus clubes, lo que obliga al cuerpo t\u00e9cnico a acelerar procesos y adaptar las rutinas a la realidad de cada una. Los entrenadores valoran especialmente la versatilidad de la atacante, que <b>puede desempe\u00f1arse en su club como centrodelantera, mientras en el seleccionado lo viene haciendo por el extremo derecho<\/b>.<\/p>\n<p>Frente a la inminencia de los compromisos sudamericanos, en una charla con el entrenador <b>Christian Meloni<\/b> para<i> Infobae <\/i>expres\u00f3 que el objetivo es claro: <b>clasificar al Mundial Sub 17<\/b>. El sorteo del Sudamericano de la categor\u00eda, que se jugar\u00e1 en Paraguay entre el 24 de abril y el 9 de mayo, determin\u00f3 que la Albiceleste <b>comparta grupo con el local, Colombia, Chile y Bolivia<\/b>.<\/p>\n<p><b>El plantel se encuentra en un proceso de crecimiento, y el cuerpo t\u00e9cnico conf\u00eda en que el talento de jugadoras como Dolores Delgado ser\u00e1 determinante para acercarse a los est\u00e1ndares de las potencias continentales<\/b>.<\/p>\n<p>El caso de Dolores no es aislado dentro del f\u00fatbol femenino argentino. Cada vez son m\u00e1s las j\u00f3venes que se desarrollan en clubes de Europa, Australia o Estados Unidos y que luego son detectadas por el cuerpo t\u00e9cnico nacional. Christian, uno de los responsables del \u00e1rea de juveniles, explic\u00f3 en relaci\u00f3n a la delantera que \u201c<b>el d\u00eda a d\u00eda de jugar en una liga no tan competitiva es diferente a las chicas que juegan en Primera Divisi\u00f3n como Anikka Paz, Kishi N\u00fa\u00f1ez, Mercedes Diz. Ella es un proyecto interesante\u201d.<\/b><\/p>\n<p><img loading=\"lazy\" decoding=\"async\" src=\"https:\/\/lobosnews.com.ar\/wp-content\/uploads\/2026\/03\/su-papa-brillo-en-europa-y-cautivo-a-federer-y-ella-descolla-en-el-real-madrid-dolores-delgado-la-delantera-que-ilusiona-a-argentina-3.jpg\" alt=\"Dolores Delgado acumula goles con la camiseta celeste y blanca\" height=\"1280\" width=\"1042\"\/><\/p>\n<p>En el Real Madrid B, <b>Dolores tambi\u00e9n alterna entrenamientos con el equipo juvenil y suma minutos en ambas competencias<\/b>, pese a que la din\u00e1mica le permite ganar rodaje, la competencia interna es fuerte. Como lo explic\u00f3 el entrenador argentino, muchas veces futbolistas del primer equipo deciden descender, lo que limita las oportunidades para las m\u00e1s j\u00f3venes, pero tambi\u00e9n eleva el nivel de exigencia.<\/p>\n<p>La familia Delgado lleva el deporte en la sangre. El v\u00ednculo de Mat\u00edas con el f\u00fatbol no solo marc\u00f3 la carrera de su hija, sino que tambi\u00e9n le permiti\u00f3 estrechar lazos con personalidades como <b>Roger Federer<\/b>, quien admiraba la habilidad del exfutbolista argentino. La admiraci\u00f3n fue mutua: \u201c<b>Se nota que quiso ser futbolista porque sabe todo, entiende un mont\u00f3n. Le encanta y de hecho juega muy bien. Una vez se entren\u00f3 con nosotros y la ten\u00eda muy clara<\/b>\u201d, record\u00f3 Delgado sobre el atleta suizo. <b>La relaci\u00f3n incluy\u00f3 intercambios de camisetas y regalos, como la raqueta firmada que el tenista le obsequi\u00f3 tras recibir una casaca del Basel<\/b>, un gesto que qued\u00f3 grabado en la memoria familiar.<\/p>\n<p><img loading=\"lazy\" decoding=\"async\" src=\"https:\/\/lobosnews.com.ar\/wp-content\/uploads\/2026\/03\/su-papa-brillo-en-europa-y-cautivo-a-federer-y-ella-descolla-en-el-real-madrid-dolores-delgado-la-delantera-que-ilusiona-a-argentina-4.jpg\" alt=\"Dolores junto a su padre Mat\u00edas, su familia y Roger Federer en Suiza\" height=\"485\" width=\"862\"\/><\/p>\n<p>Representar a la Argentina implica para Dolores una conexi\u00f3n emocional profunda, <b>tanto ella como su padre recuerdan la llegada de la futbolista a la Selecci\u00f3n con alegr\u00eda<\/b>. Cada convocatoria es motivo de orgullo, aunque tambi\u00e9n implica sacrificios. El cuerpo t\u00e9cnico argentino trabaja para que jugadoras como ella puedan integrarse mejor a los procesos de selecci\u00f3n, aprovechando las fechas FIFA y ajustando las rutinas seg\u00fan las demandas de cada torneo. \u201c<b>La verdad que tenemos muy buen equipo, tenemos que adaptar a las chicas que son nuevas\u201d<\/b>, expres\u00f3 Meloni.<\/p>\n<p>Hoy el f\u00fatbol femenino argentino atraviesa una etapa de transici\u00f3n. Tras a\u00f1os de resultados discretos en los torneos sudamericanos, <b>la selecci\u00f3n juvenil demuestra saltos de calidad apoy\u00e1ndose en el talento de una nueva generaci\u00f3n<\/b>. Dolores Delgado encarna esa esperanza: su capacidad goleadora, su experiencia internacional y su determinaci\u00f3n la colocan como una de las promesas m\u00e1s firmes de la disciplina.<\/p>\n<p>Mientras tanto, la joven delantera sigue sumando goles y sue\u00f1os en Madrid y la selecci\u00f3n argentina tiene en mente los pr\u00f3ximos desaf\u00edos, luego de alcanzar la cita mundialista con la Sub 20, y con el Sudamericano Sub 17 cerca: \u201c<b>En la realidad el Mundial es otro nivel, pero bueno, estamos cada d\u00eda acerc\u00e1ndonos m\u00e1s compitiendo mejor con grandes equipos as\u00ed que esperemos seguir este camino\u201d<\/b>, concluy\u00f3 Christian Meloni.<\/p>\n","protected":false},"excerpt":{"rendered":"<p>Con apenas 17 a\u00f1os, Dolores Delgado ya se gan\u00f3 un lugar destacado en la cantera del Real Madrid y en la selecci\u00f3n argentina. Su nombre volvi\u00f3 a resonar con fuerza cuando convirti\u00f3 cuatro goles en la victoria por 13-1 frente al CD M\u00f3stoles, un resultado que reflej\u00f3 la caracter\u00edstica goleadora de la delantera. Esa jornada&#8230;<\/p>\n","protected":false},"author":1,"featured_media":0,"comment_status":"open","ping_status":"closed","sticky":false,"template":"","format":"standard","meta":{"_jetpack_memberships_contains_paid_content":false,"footnotes":""},"categories":[30],"tags":[39],"class_list":["post-32298","post","type-post","status-publish","format-standard","hentry","category-argentina","tag-deportes"],"magazineBlocksPostFeaturedMedia":{"thumbnail":false,"medium":false,"medium_large":false,"large":false,"1536x1536":false,"2048x2048":false,"newsmatic-featured":false,"newsmatic-list":false,"newsmatic-thumb":false,"newsmatic-small":false,"newsmatic-grid":false},"magazineBlocksPostAuthor":{"name":"admin","avatar":"https:\/\/secure.gravatar.com\/avatar\/76e419471a2083bc3ceab22a763dbbf9b0c1bd15a6214cf3280e2c2dde4580f9?s=96&d=mm&r=g"},"magazineBlocksPostCommentsNumber":"0","magazineBlocksPostExcerpt":"Con apenas 17 a\u00f1os, Dolores Delgado ya se gan\u00f3 un lugar destacado en la cantera del Real Madrid y en la selecci\u00f3n argentina. Su nombre volvi\u00f3 a resonar con fuerza cuando convirti\u00f3 cuatro goles en la victoria por 13-1 frente al CD M\u00f3stoles, un resultado que reflej\u00f3 la caracter\u00edstica goleadora de la delantera. Esa jornada...","magazineBlocksPostCategories":["Argentina"],"magazineBlocksPostViewCount":80,"magazineBlocksPostReadTime":7,"magazine_blocks_featured_image_url":{"full":false,"medium":false,"thumbnail":false},"magazine_blocks_author":{"display_name":"admin","author_link":"https:\/\/lobosnews.com.ar\/index.php\/author\/lobos-news\/"},"magazine_blocks_comment":0,"magazine_blocks_author_image":"https:\/\/secure.gravatar.com\/avatar\/76e419471a2083bc3ceab22a763dbbf9b0c1bd15a6214cf3280e2c2dde4580f9?s=96&d=mm&r=g","magazine_blocks_category":"<a href=\"#\" class=\"category-link category-link-30\">Argentina<\/a>","yoast_head":"<!-- This site is optimized with the Yoast SEO plugin v26.6 - https:\/\/yoast.com\/wordpress\/plugins\/seo\/ -->\n<title>Su pap\u00e1 brill\u00f3 en Europa y cautiv\u00f3 a Federer, y ella descolla en el Real Madrid: Dolores Delgado, la delantera que ilusiona a Argentina - Lobos News<\/title>\n<meta name=\"robots\" content=\"index, follow, max-snippet:-1, max-image-preview:large, max-video-preview:-1\" \/>\n<link rel=\"canonical\" href=\"https:\/\/lobosnews.com.ar\/index.php\/2026\/03\/12\/su-papa-brillo-en-europa-y-cautivo-a-federer-y-ella-descolla-en-el-real-madrid-dolores-delgado-la-delantera-que-ilusiona-a-argentina\/\" \/>\n<meta property=\"og:locale\" content=\"es_ES\" \/>\n<meta property=\"og:type\" content=\"article\" \/>\n<meta property=\"og:title\" content=\"Su pap\u00e1 brill\u00f3 en Europa y cautiv\u00f3 a Federer, y ella descolla en el Real Madrid: Dolores Delgado, la delantera que ilusiona a Argentina - Lobos News\" \/>\n<meta property=\"og:description\" content=\"Con apenas 17 a\u00f1os, Dolores Delgado ya se gan\u00f3 un lugar destacado en la cantera del Real Madrid y en la selecci\u00f3n argentina. Su nombre volvi\u00f3 a resonar con fuerza cuando convirti\u00f3 cuatro goles en la victoria por 13-1 frente al CD M\u00f3stoles, un resultado que reflej\u00f3 la caracter\u00edstica goleadora de la delantera. Esa jornada...\" \/>\n<meta property=\"og:url\" content=\"https:\/\/lobosnews.com.ar\/index.php\/2026\/03\/12\/su-papa-brillo-en-europa-y-cautivo-a-federer-y-ella-descolla-en-el-real-madrid-dolores-delgado-la-delantera-que-ilusiona-a-argentina\/\" \/>\n<meta property=\"og:site_name\" content=\"Lobos News\" \/>\n<meta property=\"article:published_time\" content=\"2026-03-12T05:05:58+00:00\" \/>\n<meta property=\"article:modified_time\" content=\"2026-03-12T08:44:32+00:00\" \/>\n<meta property=\"og:image\" content=\"https:\/\/lobosnews.com.ar\/wp-content\/uploads\/2026\/03\/su-papa-brillo-en-europa-y-cautivo-a-federer-y-ella-descolla-en-el-real-madrid-dolores-delgado-la-delantera-que-ilusiona-a-argentina.jpg\" \/>\n<meta name=\"author\" content=\"admin\" \/>\n<meta name=\"twitter:card\" content=\"summary_large_image\" \/>\n<meta name=\"twitter:label1\" content=\"Escrito por\" \/>\n\t<meta name=\"twitter:data1\" content=\"admin\" \/>\n\t<meta name=\"twitter:label2\" content=\"Tiempo de lectura\" \/>\n\t<meta name=\"twitter:data2\" content=\"6 minutos\" \/>\n<script type=\"application\/ld+json\" class=\"yoast-schema-graph\">{\"@context\":\"https:\/\/schema.org\",\"@graph\":[{\"@type\":\"Article\",\"@id\":\"https:\/\/lobosnews.com.ar\/index.php\/2026\/03\/12\/su-papa-brillo-en-europa-y-cautivo-a-federer-y-ella-descolla-en-el-real-madrid-dolores-delgado-la-delantera-que-ilusiona-a-argentina\/#article\",\"isPartOf\":{\"@id\":\"https:\/\/lobosnews.com.ar\/index.php\/2026\/03\/12\/su-papa-brillo-en-europa-y-cautivo-a-federer-y-ella-descolla-en-el-real-madrid-dolores-delgado-la-delantera-que-ilusiona-a-argentina\/\"},\"author\":{\"name\":\"admin\",\"@id\":\"https:\/\/lobosnews.com.ar\/#\/schema\/person\/232422a593d5c541dd9aef6aaed10943\"},\"headline\":\"Su pap\u00e1 brill\u00f3 en Europa y cautiv\u00f3 a Federer, y ella descolla en el Real Madrid: Dolores Delgado, la delantera que ilusiona a Argentina\",\"datePublished\":\"2026-03-12T05:05:58+00:00\",\"dateModified\":\"2026-03-12T08:44:32+00:00\",\"mainEntityOfPage\":{\"@id\":\"https:\/\/lobosnews.com.ar\/index.php\/2026\/03\/12\/su-papa-brillo-en-europa-y-cautivo-a-federer-y-ella-descolla-en-el-real-madrid-dolores-delgado-la-delantera-que-ilusiona-a-argentina\/\"},\"wordCount\":1302,\"commentCount\":0,\"publisher\":{\"@id\":\"https:\/\/lobosnews.com.ar\/#organization\"},\"image\":{\"@id\":\"https:\/\/lobosnews.com.ar\/index.php\/2026\/03\/12\/su-papa-brillo-en-europa-y-cautivo-a-federer-y-ella-descolla-en-el-real-madrid-dolores-delgado-la-delantera-que-ilusiona-a-argentina\/#primaryimage\"},\"thumbnailUrl\":\"https:\/\/lobosnews.com.ar\/wp-content\/uploads\/2026\/03\/su-papa-brillo-en-europa-y-cautivo-a-federer-y-ella-descolla-en-el-real-madrid-dolores-delgado-la-delantera-que-ilusiona-a-argentina.jpg\",\"keywords\":[\"Deportes\"],\"articleSection\":[\"Argentina\"],\"inLanguage\":\"es\",\"potentialAction\":[{\"@type\":\"CommentAction\",\"name\":\"Comment\",\"target\":[\"https:\/\/lobosnews.com.ar\/index.php\/2026\/03\/12\/su-papa-brillo-en-europa-y-cautivo-a-federer-y-ella-descolla-en-el-real-madrid-dolores-delgado-la-delantera-que-ilusiona-a-argentina\/#respond\"]}]},{\"@type\":\"WebPage\",\"@id\":\"https:\/\/lobosnews.com.ar\/index.php\/2026\/03\/12\/su-papa-brillo-en-europa-y-cautivo-a-federer-y-ella-descolla-en-el-real-madrid-dolores-delgado-la-delantera-que-ilusiona-a-argentina\/\",\"url\":\"https:\/\/lobosnews.com.ar\/index.php\/2026\/03\/12\/su-papa-brillo-en-europa-y-cautivo-a-federer-y-ella-descolla-en-el-real-madrid-dolores-delgado-la-delantera-que-ilusiona-a-argentina\/\",\"name\":\"Su pap\u00e1 brill\u00f3 en Europa y cautiv\u00f3 a Federer, y ella descolla en el Real Madrid: Dolores Delgado, la delantera que ilusiona a Argentina - Lobos News\",\"isPartOf\":{\"@id\":\"https:\/\/lobosnews.com.ar\/#website\"},\"primaryImageOfPage\":{\"@id\":\"https:\/\/lobosnews.com.ar\/index.php\/2026\/03\/12\/su-papa-brillo-en-europa-y-cautivo-a-federer-y-ella-descolla-en-el-real-madrid-dolores-delgado-la-delantera-que-ilusiona-a-argentina\/#primaryimage\"},\"image\":{\"@id\":\"https:\/\/lobosnews.com.ar\/index.php\/2026\/03\/12\/su-papa-brillo-en-europa-y-cautivo-a-federer-y-ella-descolla-en-el-real-madrid-dolores-delgado-la-delantera-que-ilusiona-a-argentina\/#primaryimage\"},\"thumbnailUrl\":\"https:\/\/lobosnews.com.ar\/wp-content\/uploads\/2026\/03\/su-papa-brillo-en-europa-y-cautivo-a-federer-y-ella-descolla-en-el-real-madrid-dolores-delgado-la-delantera-que-ilusiona-a-argentina.jpg\",\"datePublished\":\"2026-03-12T05:05:58+00:00\",\"dateModified\":\"2026-03-12T08:44:32+00:00\",\"breadcrumb\":{\"@id\":\"https:\/\/lobosnews.com.ar\/index.php\/2026\/03\/12\/su-papa-brillo-en-europa-y-cautivo-a-federer-y-ella-descolla-en-el-real-madrid-dolores-delgado-la-delantera-que-ilusiona-a-argentina\/#breadcrumb\"},\"inLanguage\":\"es\",\"potentialAction\":[{\"@type\":\"ReadAction\",\"target\":[\"https:\/\/lobosnews.com.ar\/index.php\/2026\/03\/12\/su-papa-brillo-en-europa-y-cautivo-a-federer-y-ella-descolla-en-el-real-madrid-dolores-delgado-la-delantera-que-ilusiona-a-argentina\/\"]}]},{\"@type\":\"ImageObject\",\"inLanguage\":\"es\",\"@id\":\"https:\/\/lobosnews.com.ar\/index.php\/2026\/03\/12\/su-papa-brillo-en-europa-y-cautivo-a-federer-y-ella-descolla-en-el-real-madrid-dolores-delgado-la-delantera-que-ilusiona-a-argentina\/#primaryimage\",\"url\":\"https:\/\/lobosnews.com.ar\/wp-content\/uploads\/2026\/03\/su-papa-brillo-en-europa-y-cautivo-a-federer-y-ella-descolla-en-el-real-madrid-dolores-delgado-la-delantera-que-ilusiona-a-argentina.jpg\",\"contentUrl\":\"https:\/\/lobosnews.com.ar\/wp-content\/uploads\/2026\/03\/su-papa-brillo-en-europa-y-cautivo-a-federer-y-ella-descolla-en-el-real-madrid-dolores-delgado-la-delantera-que-ilusiona-a-argentina.jpg\"},{\"@type\":\"BreadcrumbList\",\"@id\":\"https:\/\/lobosnews.com.ar\/index.php\/2026\/03\/12\/su-papa-brillo-en-europa-y-cautivo-a-federer-y-ella-descolla-en-el-real-madrid-dolores-delgado-la-delantera-que-ilusiona-a-argentina\/#breadcrumb\",\"itemListElement\":[{\"@type\":\"ListItem\",\"position\":1,\"name\":\"Portada\",\"item\":\"https:\/\/lobosnews.com.ar\/\"},{\"@type\":\"ListItem\",\"position\":2,\"name\":\"Su pap\u00e1 brill\u00f3 en Europa y cautiv\u00f3 a Federer, y ella descolla en el Real Madrid: Dolores Delgado, la delantera que ilusiona a Argentina\"}]},{\"@type\":\"WebSite\",\"@id\":\"https:\/\/lobosnews.com.ar\/#website\",\"url\":\"https:\/\/lobosnews.com.ar\/\",\"name\":\"Lobos News\",\"description\":\"Informaci\u00f3n a cada instante\",\"publisher\":{\"@id\":\"https:\/\/lobosnews.com.ar\/#organization\"},\"potentialAction\":[{\"@type\":\"SearchAction\",\"target\":{\"@type\":\"EntryPoint\",\"urlTemplate\":\"https:\/\/lobosnews.com.ar\/?s={search_term_string}\"},\"query-input\":{\"@type\":\"PropertyValueSpecification\",\"valueRequired\":true,\"valueName\":\"search_term_string\"}}],\"inLanguage\":\"es\"},{\"@type\":\"Organization\",\"@id\":\"https:\/\/lobosnews.com.ar\/#organization\",\"name\":\"Lobos News\",\"url\":\"https:\/\/lobosnews.com.ar\/\",\"logo\":{\"@type\":\"ImageObject\",\"inLanguage\":\"es\",\"@id\":\"https:\/\/lobosnews.com.ar\/#\/schema\/logo\/image\/\",\"url\":\"https:\/\/lobosnews.com.ar\/wp-content\/uploads\/2026\/01\/logo-lobosnews.png\",\"contentUrl\":\"https:\/\/lobosnews.com.ar\/wp-content\/uploads\/2026\/01\/logo-lobosnews.png\",\"width\":500,\"height\":200,\"caption\":\"Lobos News\"},\"image\":{\"@id\":\"https:\/\/lobosnews.com.ar\/#\/schema\/logo\/image\/\"}},{\"@type\":\"Person\",\"@id\":\"https:\/\/lobosnews.com.ar\/#\/schema\/person\/232422a593d5c541dd9aef6aaed10943\",\"name\":\"admin\",\"image\":{\"@type\":\"ImageObject\",\"inLanguage\":\"es\",\"@id\":\"https:\/\/lobosnews.com.ar\/#\/schema\/person\/image\/\",\"url\":\"https:\/\/secure.gravatar.com\/avatar\/76e419471a2083bc3ceab22a763dbbf9b0c1bd15a6214cf3280e2c2dde4580f9?s=96&d=mm&r=g\",\"contentUrl\":\"https:\/\/secure.gravatar.com\/avatar\/76e419471a2083bc3ceab22a763dbbf9b0c1bd15a6214cf3280e2c2dde4580f9?s=96&d=mm&r=g\",\"caption\":\"admin\"},\"sameAs\":[\"https:\/\/lobosnews.com.ar\"],\"url\":\"https:\/\/lobosnews.com.ar\/index.php\/author\/lobos-news\/\"}]}<\/script>\n<!-- \/ Yoast SEO plugin. -->","yoast_head_json":{"title":"Su pap\u00e1 brill\u00f3 en Europa y cautiv\u00f3 a Federer, y ella descolla en el Real Madrid: Dolores Delgado, la delantera que ilusiona a Argentina - Lobos News","robots":{"index":"index","follow":"follow","max-snippet":"max-snippet:-1","max-image-preview":"max-image-preview:large","max-video-preview":"max-video-preview:-1"},"canonical":"https:\/\/lobosnews.com.ar\/index.php\/2026\/03\/12\/su-papa-brillo-en-europa-y-cautivo-a-federer-y-ella-descolla-en-el-real-madrid-dolores-delgado-la-delantera-que-ilusiona-a-argentina\/","og_locale":"es_ES","og_type":"article","og_title":"Su pap\u00e1 brill\u00f3 en Europa y cautiv\u00f3 a Federer, y ella descolla en el Real Madrid: Dolores Delgado, la delantera que ilusiona a Argentina - Lobos News","og_description":"Con apenas 17 a\u00f1os, Dolores Delgado ya se gan\u00f3 un lugar destacado en la cantera del Real Madrid y en la selecci\u00f3n argentina. Su nombre volvi\u00f3 a resonar con fuerza cuando convirti\u00f3 cuatro goles en la victoria por 13-1 frente al CD M\u00f3stoles, un resultado que reflej\u00f3 la caracter\u00edstica goleadora de la delantera. Esa jornada...","og_url":"https:\/\/lobosnews.com.ar\/index.php\/2026\/03\/12\/su-papa-brillo-en-europa-y-cautivo-a-federer-y-ella-descolla-en-el-real-madrid-dolores-delgado-la-delantera-que-ilusiona-a-argentina\/","og_site_name":"Lobos News","article_published_time":"2026-03-12T05:05:58+00:00","article_modified_time":"2026-03-12T08:44:32+00:00","og_image":[{"url":"https:\/\/lobosnews.com.ar\/wp-content\/uploads\/2026\/03\/su-papa-brillo-en-europa-y-cautivo-a-federer-y-ella-descolla-en-el-real-madrid-dolores-delgado-la-delantera-que-ilusiona-a-argentina.jpg","type":"","width":"","height":""}],"author":"admin","twitter_card":"summary_large_image","twitter_misc":{"Escrito por":"admin","Tiempo de lectura":"6 minutos"},"schema":{"@context":"https:\/\/schema.org","@graph":[{"@type":"Article","@id":"https:\/\/lobosnews.com.ar\/index.php\/2026\/03\/12\/su-papa-brillo-en-europa-y-cautivo-a-federer-y-ella-descolla-en-el-real-madrid-dolores-delgado-la-delantera-que-ilusiona-a-argentina\/#article","isPartOf":{"@id":"https:\/\/lobosnews.com.ar\/index.php\/2026\/03\/12\/su-papa-brillo-en-europa-y-cautivo-a-federer-y-ella-descolla-en-el-real-madrid-dolores-delgado-la-delantera-que-ilusiona-a-argentina\/"},"author":{"name":"admin","@id":"https:\/\/lobosnews.com.ar\/#\/schema\/person\/232422a593d5c541dd9aef6aaed10943"},"headline":"Su pap\u00e1 brill\u00f3 en Europa y cautiv\u00f3 a Federer, y ella descolla en el Real Madrid: Dolores Delgado, la delantera que ilusiona a Argentina","datePublished":"2026-03-12T05:05:58+00:00","dateModified":"2026-03-12T08:44:32+00:00","mainEntityOfPage":{"@id":"https:\/\/lobosnews.com.ar\/index.php\/2026\/03\/12\/su-papa-brillo-en-europa-y-cautivo-a-federer-y-ella-descolla-en-el-real-madrid-dolores-delgado-la-delantera-que-ilusiona-a-argentina\/"},"wordCount":1302,"commentCount":0,"publisher":{"@id":"https:\/\/lobosnews.com.ar\/#organization"},"image":{"@id":"https:\/\/lobosnews.com.ar\/index.php\/2026\/03\/12\/su-papa-brillo-en-europa-y-cautivo-a-federer-y-ella-descolla-en-el-real-madrid-dolores-delgado-la-delantera-que-ilusiona-a-argentina\/#primaryimage"},"thumbnailUrl":"https:\/\/lobosnews.com.ar\/wp-content\/uploads\/2026\/03\/su-papa-brillo-en-europa-y-cautivo-a-federer-y-ella-descolla-en-el-real-madrid-dolores-delgado-la-delantera-que-ilusiona-a-argentina.jpg","keywords":["Deportes"],"articleSection":["Argentina"],"inLanguage":"es","potentialAction":[{"@type":"CommentAction","name":"Comment","target":["https:\/\/lobosnews.com.ar\/index.php\/2026\/03\/12\/su-papa-brillo-en-europa-y-cautivo-a-federer-y-ella-descolla-en-el-real-madrid-dolores-delgado-la-delantera-que-ilusiona-a-argentina\/#respond"]}]},{"@type":"WebPage","@id":"https:\/\/lobosnews.com.ar\/index.php\/2026\/03\/12\/su-papa-brillo-en-europa-y-cautivo-a-federer-y-ella-descolla-en-el-real-madrid-dolores-delgado-la-delantera-que-ilusiona-a-argentina\/","url":"https:\/\/lobosnews.com.ar\/index.php\/2026\/03\/12\/su-papa-brillo-en-europa-y-cautivo-a-federer-y-ella-descolla-en-el-real-madrid-dolores-delgado-la-delantera-que-ilusiona-a-argentina\/","name":"Su pap\u00e1 brill\u00f3 en Europa y cautiv\u00f3 a Federer, y ella descolla en el Real Madrid: Dolores Delgado, la delantera que ilusiona a Argentina - Lobos News","isPartOf":{"@id":"https:\/\/lobosnews.com.ar\/#website"},"primaryImageOfPage":{"@id":"https:\/\/lobosnews.com.ar\/index.php\/2026\/03\/12\/su-papa-brillo-en-europa-y-cautivo-a-federer-y-ella-descolla-en-el-real-madrid-dolores-delgado-la-delantera-que-ilusiona-a-argentina\/#primaryimage"},"image":{"@id":"https:\/\/lobosnews.com.ar\/index.php\/2026\/03\/12\/su-papa-brillo-en-europa-y-cautivo-a-federer-y-ella-descolla-en-el-real-madrid-dolores-delgado-la-delantera-que-ilusiona-a-argentina\/#primaryimage"},"thumbnailUrl":"https:\/\/lobosnews.com.ar\/wp-content\/uploads\/2026\/03\/su-papa-brillo-en-europa-y-cautivo-a-federer-y-ella-descolla-en-el-real-madrid-dolores-delgado-la-delantera-que-ilusiona-a-argentina.jpg","datePublished":"2026-03-12T05:05:58+00:00","dateModified":"2026-03-12T08:44:32+00:00","breadcrumb":{"@id":"https:\/\/lobosnews.com.ar\/index.php\/2026\/03\/12\/su-papa-brillo-en-europa-y-cautivo-a-federer-y-ella-descolla-en-el-real-madrid-dolores-delgado-la-delantera-que-ilusiona-a-argentina\/#breadcrumb"},"inLanguage":"es","potentialAction":[{"@type":"ReadAction","target":["https:\/\/lobosnews.com.ar\/index.php\/2026\/03\/12\/su-papa-brillo-en-europa-y-cautivo-a-federer-y-ella-descolla-en-el-real-madrid-dolores-delgado-la-delantera-que-ilusiona-a-argentina\/"]}]},{"@type":"ImageObject","inLanguage":"es","@id":"https:\/\/lobosnews.com.ar\/index.php\/2026\/03\/12\/su-papa-brillo-en-europa-y-cautivo-a-federer-y-ella-descolla-en-el-real-madrid-dolores-delgado-la-delantera-que-ilusiona-a-argentina\/#primaryimage","url":"https:\/\/lobosnews.com.ar\/wp-content\/uploads\/2026\/03\/su-papa-brillo-en-europa-y-cautivo-a-federer-y-ella-descolla-en-el-real-madrid-dolores-delgado-la-delantera-que-ilusiona-a-argentina.jpg","contentUrl":"https:\/\/lobosnews.com.ar\/wp-content\/uploads\/2026\/03\/su-papa-brillo-en-europa-y-cautivo-a-federer-y-ella-descolla-en-el-real-madrid-dolores-delgado-la-delantera-que-ilusiona-a-argentina.jpg"},{"@type":"BreadcrumbList","@id":"https:\/\/lobosnews.com.ar\/index.php\/2026\/03\/12\/su-papa-brillo-en-europa-y-cautivo-a-federer-y-ella-descolla-en-el-real-madrid-dolores-delgado-la-delantera-que-ilusiona-a-argentina\/#breadcrumb","itemListElement":[{"@type":"ListItem","position":1,"name":"Portada","item":"https:\/\/lobosnews.com.ar\/"},{"@type":"ListItem","position":2,"name":"Su pap\u00e1 brill\u00f3 en Europa y cautiv\u00f3 a Federer, y ella descolla en el Real Madrid: Dolores Delgado, la delantera que ilusiona a Argentina"}]},{"@type":"WebSite","@id":"https:\/\/lobosnews.com.ar\/#website","url":"https:\/\/lobosnews.com.ar\/","name":"Lobos News","description":"Informaci\u00f3n a cada instante","publisher":{"@id":"https:\/\/lobosnews.com.ar\/#organization"},"potentialAction":[{"@type":"SearchAction","target":{"@type":"EntryPoint","urlTemplate":"https:\/\/lobosnews.com.ar\/?s={search_term_string}"},"query-input":{"@type":"PropertyValueSpecification","valueRequired":true,"valueName":"search_term_string"}}],"inLanguage":"es"},{"@type":"Organization","@id":"https:\/\/lobosnews.com.ar\/#organization","name":"Lobos News","url":"https:\/\/lobosnews.com.ar\/","logo":{"@type":"ImageObject","inLanguage":"es","@id":"https:\/\/lobosnews.com.ar\/#\/schema\/logo\/image\/","url":"https:\/\/lobosnews.com.ar\/wp-content\/uploads\/2026\/01\/logo-lobosnews.png","contentUrl":"https:\/\/lobosnews.com.ar\/wp-content\/uploads\/2026\/01\/logo-lobosnews.png","width":500,"height":200,"caption":"Lobos News"},"image":{"@id":"https:\/\/lobosnews.com.ar\/#\/schema\/logo\/image\/"}},{"@type":"Person","@id":"https:\/\/lobosnews.com.ar\/#\/schema\/person\/232422a593d5c541dd9aef6aaed10943","name":"admin","image":{"@type":"ImageObject","inLanguage":"es","@id":"https:\/\/lobosnews.com.ar\/#\/schema\/person\/image\/","url":"https:\/\/secure.gravatar.com\/avatar\/76e419471a2083bc3ceab22a763dbbf9b0c1bd15a6214cf3280e2c2dde4580f9?s=96&d=mm&r=g","contentUrl":"https:\/\/secure.gravatar.com\/avatar\/76e419471a2083bc3ceab22a763dbbf9b0c1bd15a6214cf3280e2c2dde4580f9?s=96&d=mm&r=g","caption":"admin"},"sameAs":["https:\/\/lobosnews.com.ar"],"url":"https:\/\/lobosnews.com.ar\/index.php\/author\/lobos-news\/"}]}},"jetpack_featured_media_url":"","jetpack_sharing_enabled":true,"_links":{"self":[{"href":"https:\/\/lobosnews.com.ar\/index.php\/wp-json\/wp\/v2\/posts\/32298","targetHints":{"allow":["GET"]}}],"collection":[{"href":"https:\/\/lobosnews.com.ar\/index.php\/wp-json\/wp\/v2\/posts"}],"about":[{"href":"https:\/\/lobosnews.com.ar\/index.php\/wp-json\/wp\/v2\/types\/post"}],"author":[{"embeddable":true,"href":"https:\/\/lobosnews.com.ar\/index.php\/wp-json\/wp\/v2\/users\/1"}],"replies":[{"embeddable":true,"href":"https:\/\/lobosnews.com.ar\/index.php\/wp-json\/wp\/v2\/comments?post=32298"}],"version-history":[{"count":1,"href":"https:\/\/lobosnews.com.ar\/index.php\/wp-json\/wp\/v2\/posts\/32298\/revisions"}],"predecessor-version":[{"id":32304,"href":"https:\/\/lobosnews.com.ar\/index.php\/wp-json\/wp\/v2\/posts\/32298\/revisions\/32304"}],"wp:attachment":[{"href":"https:\/\/lobosnews.com.ar\/index.php\/wp-json\/wp\/v2\/media?parent=32298"}],"wp:term":[{"taxonomy":"category","embeddable":true,"href":"https:\/\/lobosnews.com.ar\/index.php\/wp-json\/wp\/v2\/categories?post=32298"},{"taxonomy":"post_tag","embeddable":true,"href":"https:\/\/lobosnews.com.ar\/index.php\/wp-json\/wp\/v2\/tags?post=32298"}],"curies":[{"name":"wp","href":"https:\/\/api.w.org\/{rel}","templated":true}]}}