{"id":32293,"date":"2026-03-12T04:12:56","date_gmt":"2026-03-12T04:12:56","guid":{"rendered":"https:\/\/lobosnews.com.ar\/index.php\/2026\/03\/12\/brote-de-chikungunya-en-jujuy-confirman-en-primer-caso-del-virus\/"},"modified":"2026-03-12T06:20:55","modified_gmt":"2026-03-12T06:20:55","slug":"brote-de-chikungunya-en-jujuy-confirman-en-primer-caso-del-virus","status":"publish","type":"post","link":"https:\/\/lobosnews.com.ar\/index.php\/2026\/03\/12\/brote-de-chikungunya-en-jujuy-confirman-en-primer-caso-del-virus\/","title":{"rendered":"Brote de chikungunya en Jujuy: confirman en primer caso del virus"},"content":{"rendered":"<p><img loading=\"lazy\" decoding=\"async\" src=\"https:\/\/lobosnews.com.ar\/wp-content\/uploads\/2026\/03\/brote-de-chikungunya-en-jujuy-confirman-en-primer-caso-del-virus.jpg\" alt=\"El virus chikungunya es una infecci\u00f3n v\u00edrica transmitida por los mosquitos Aedes aegypti y Aedes albopictus (Fuente: World Mosquito Program)\" height=\"595\" width=\"867\"\/><\/p>\n<p>Las <b>enfermedad viral<\/b> conocida como <span class=\"waslinkname\"><b>chikungunya<\/b><\/span><b> <\/b>sigue creciendo y esta semana se confirm\u00f3 el primer caso en <span class=\"waslinkname\"><i><b>Jujuy<\/b><\/i><\/span>. Seg\u00fan las investigaciones epidemiol\u00f3gica, el virus fue diagnosticado a una persona de 80 a\u00f1os. <\/p>\n<p>La Direcci\u00f3n Provincial de Epidemiolog\u00eda inform\u00f3 que los s\u00edntomas de la persona afectada comenzaron el 6 de marzo. Present\u00f3 dolor en las articulaciones, dolor muscular y dolor abdominal. <\/p>\n<p>El Ministerio de Salud de la provincia detect\u00f3 el virus en la <b>localidad de Aguas Calientes<\/b>. La persona de <b>80 a\u00f1os <\/b>est\u00e1 cl\u00ednicamente estable aunque sigue en vigilancia sanitaria y epidemiol\u00f3gica, bajo tratamiento ambulatorio. <\/p>\n<p>En el marco de los resultados positivos de chikungunya, una <b>persona de 73 a\u00f1os<\/b> que reside en el mismo hogar tuvo que ser monitoreada en caso de presentar s\u00edntomas. <\/p>\n<p>La transmisi\u00f3n comienza cuando una hembra de<b> Aedes aegypti o Aedes albopictus<\/b> pica a una persona infectada y luego a una persona sana. El contagio entre humanos no sucede por contacto directo sino a trav\u00e9s de la picadura. <\/p>\n<p>Tras los posibles contagios, los equipos sanitarios de Atenci\u00f3n Primaria de Salud comenzaron un operativo en el \u00e1rea donde desde el paciente. De esta manera, hicieron un control de cuatro manzanas e inspeccionaron doce viviendas. <\/p>\n<p>Algunas de las tareas para la detecci\u00f3n temprana del mosquito fueron: <b>fumigaci\u00f3n intradomiciliaria, b\u00fasqueda activa de personas con s\u00edntomas, seguimiento cl\u00ednico de contactos y refuerzo del control focal<\/b> con eliminaci\u00f3n de recipientes que acumulen agua.<\/p>\n<p>\u201cEl mosquito puede completar su ciclo de vida, desde el huevo hasta el adulto, en 7 a 10 d\u00edas; los mosquitos adultos generalmente viven de 4 a 6 semanas\u201d, indic\u00f3 la OPS.<\/p>\n<p>La Organizaci\u00f3n Mundial de la Salud (<b>OMS<\/b>) inform\u00f3: \u201cLos mosquitos <b>pican principalmente de d\u00eda <\/b>y depositan huevos en los recipientes y cavidades donde hay agua estancada\u201d.<\/p>\n<p><img loading=\"lazy\" decoding=\"async\" src=\"https:\/\/lobosnews.com.ar\/wp-content\/uploads\/2026\/03\/brote-de-chikungunya-en-jujuy-confirman-en-primer-caso-del-virus-1.jpg\" alt=\"El reporte de un paciente mayor gener\u00f3 acciones coordinadas entre equipos de salud para rastrear posibles contagios - cr\u00e9dito VisualesIa\" height=\"720\" width=\"1280\"\/><\/p>\n<h2>Se registraron 150 casos de chikungunya en Salta<\/h2>\n<p>El <b>norte de Salta<\/b> encabeza la lista de regiones con m\u00e1s casos de <b>chikungunya<\/b>, seg\u00fan datos difundidos por el Ministerio de Salud de la provincia. Salvador Mazza aparece como el municipio m\u00e1s afectado<\/p>\n<p>Federico Mangione, el ministro de Salud P\u00fablica de Salta confirm\u00f3 el aumento de casos en la provincia. \u201cYo lo advert\u00ed hace varios d\u00edas atr\u00e1s. Dije que esperemos despu\u00e9s del Carnaval qu\u00e9 \u00edbamos a tener, y dicho y hecho: termin\u00f3 el Carnaval y ya tenemos <b>m\u00e1s de 150 personas<\/b>\u201d, explic\u00f3. <\/p>\n<p>Adem\u00e1s, se\u00f1al\u00f3 que el principal problema es la falta de prevenci\u00f3n: \u201c<b>Conciencia social le estoy pidiendo a la gente.<\/b> Est\u00e1 bien que nos divirtamos, pero nadie se est\u00e1 cuidando\u201d. <\/p>\n<p>El <b>operativo binacional entre Salta y Tarija<\/b> incluy\u00f3 acciones como inspecci\u00f3n en sectores cr\u00edticos, mapeo de criaderos, aplicaci\u00f3n de insecticidas y capacitaciones. La jefa de Epidemiolog\u00eda del SEDES Tarija, Claudia Montegro sostuvo: <b>\u201cLa situaci\u00f3n epidemiol\u00f3gica requiere una respuesta articulada, ya que se trata de una regi\u00f3n con circulaci\u00f3n constante de personas\u201d<\/b>. <\/p>\n<h2>Medidas de prevenci\u00f3n contra el chikungunya <\/h2>\n<p>Algunas de las <b>recomendaciones del <\/b><span class=\"waslinkname\"><b>Ministerio de Salud<\/b><\/span> que se pueden realizar en los hogares para prevenir el mosquito es: eliminar cualquier objeto que contenga acumulaci\u00f3n de agua, mantener patios y jardines limpios, usar repelente durante el d\u00eda y colocar mosquiteros en las ventanas. <\/p>\n<p>El <b>sintoma <\/b>m\u00e1s frecuente del virus es el dolor articular severo que podr\u00eda durar durante meses. Adem\u00e1s, informan que se puede sufrir de: <b>fiebre alta, dolor muscular, nauseas, cefalea, fatiga y erupciones cut\u00e1neas. <\/b><\/p>\n<p>Ante la presencia de alguno de los s\u00edntomas se recomienda no automedicarse y presentarse en el centro de salud m\u00e1s cercano. A pesar de que las complicaciones graves no son frecuentes, pueden afectar a grupos vulnerables como adultos mayores, ni\u00f1os peque\u00f1os, personas con enfermedad cr\u00f3nicas y embarazadas. <\/p>\n<p>Por otro lado, la OMS habl\u00f3 de la importancia de la participaci\u00f3n comunitaria: \u201cLa movilizaci\u00f3n de las comunidades es fundamental para reducir los criaderos, vaciando y limpiando una vez por semana los recipientes que contengan agua\u201d.<\/p>\n","protected":false},"excerpt":{"rendered":"<p>Las enfermedad viral conocida como chikungunya sigue creciendo y esta semana se confirm\u00f3 el primer caso en Jujuy. Seg\u00fan las investigaciones epidemiol\u00f3gica, el virus fue diagnosticado a una persona de 80 a\u00f1os. La Direcci\u00f3n Provincial de Epidemiolog\u00eda inform\u00f3 que los s\u00edntomas de la persona afectada comenzaron el 6 de marzo. Present\u00f3 dolor en las articulaciones,&#8230;<\/p>\n","protected":false},"author":1,"featured_media":32297,"comment_status":"open","ping_status":"closed","sticky":false,"template":"","format":"standard","meta":{"_jetpack_memberships_contains_paid_content":false,"footnotes":""},"categories":[31,30,32,77,84,35,36,37],"tags":[],"class_list":["post-32293","post","type-post","status-publish","format-standard","has-post-thumbnail","hentry","category-actualidad","category-argentina","category-economia","category-inseguridad","category-masradios-com","category-nacionales","category-seguridad","category-sociedad"],"magazineBlocksPostFeaturedMedia":{"thumbnail":"https:\/\/lobosnews.com.ar\/wp-content\/uploads\/2026\/03\/brote-de-chikungunya-en-jujuy-confirman-en-primer-caso-del-virus-2-150x150.jpg","medium":"https:\/\/lobosnews.com.ar\/wp-content\/uploads\/2026\/03\/brote-de-chikungunya-en-jujuy-confirman-en-primer-caso-del-virus-2-300x169.jpg","medium_large":"https:\/\/lobosnews.com.ar\/wp-content\/uploads\/2026\/03\/brote-de-chikungunya-en-jujuy-confirman-en-primer-caso-del-virus-2-768x432.jpg","large":"https:\/\/lobosnews.com.ar\/wp-content\/uploads\/2026\/03\/brote-de-chikungunya-en-jujuy-confirman-en-primer-caso-del-virus-2-1024x576.jpg","1536x1536":"https:\/\/lobosnews.com.ar\/wp-content\/uploads\/2026\/03\/brote-de-chikungunya-en-jujuy-confirman-en-primer-caso-del-virus-2.jpg","2048x2048":"https:\/\/lobosnews.com.ar\/wp-content\/uploads\/2026\/03\/brote-de-chikungunya-en-jujuy-confirman-en-primer-caso-del-virus-2.jpg","newsmatic-featured":"https:\/\/lobosnews.com.ar\/wp-content\/uploads\/2026\/03\/brote-de-chikungunya-en-jujuy-confirman-en-primer-caso-del-virus-2-820x545.jpg","newsmatic-list":"https:\/\/lobosnews.com.ar\/wp-content\/uploads\/2026\/03\/brote-de-chikungunya-en-jujuy-confirman-en-primer-caso-del-virus-2-600x400.jpg","newsmatic-thumb":"https:\/\/lobosnews.com.ar\/wp-content\/uploads\/2026\/03\/brote-de-chikungunya-en-jujuy-confirman-en-primer-caso-del-virus-2-300x200.jpg","newsmatic-small":"https:\/\/lobosnews.com.ar\/wp-content\/uploads\/2026\/03\/brote-de-chikungunya-en-jujuy-confirman-en-primer-caso-del-virus-2-150x95.jpg","newsmatic-grid":"https:\/\/lobosnews.com.ar\/wp-content\/uploads\/2026\/03\/brote-de-chikungunya-en-jujuy-confirman-en-primer-caso-del-virus-2-400x250.jpg"},"magazineBlocksPostAuthor":{"name":"admin","avatar":"https:\/\/secure.gravatar.com\/avatar\/76e419471a2083bc3ceab22a763dbbf9b0c1bd15a6214cf3280e2c2dde4580f9?s=96&d=mm&r=g"},"magazineBlocksPostCommentsNumber":"0","magazineBlocksPostExcerpt":"Las enfermedad viral conocida como chikungunya sigue creciendo y esta semana se confirm\u00f3 el primer caso en Jujuy. Seg\u00fan las investigaciones epidemiol\u00f3gica, el virus fue diagnosticado a una persona de 80 a\u00f1os. La Direcci\u00f3n Provincial de Epidemiolog\u00eda inform\u00f3 que los s\u00edntomas de la persona afectada comenzaron el 6 de marzo. Present\u00f3 dolor en las articulaciones,...","magazineBlocksPostCategories":["Actualidad","Argentina","econom\u00eda","inseguridad","masradios.com","nacionales","seguridad","sociedad"],"magazineBlocksPostViewCount":86,"magazineBlocksPostReadTime":4,"magazine_blocks_featured_image_url":{"full":["https:\/\/lobosnews.com.ar\/wp-content\/uploads\/2026\/03\/brote-de-chikungunya-en-jujuy-confirman-en-primer-caso-del-virus-2.jpg",1280,720,false],"medium":["https:\/\/lobosnews.com.ar\/wp-content\/uploads\/2026\/03\/brote-de-chikungunya-en-jujuy-confirman-en-primer-caso-del-virus-2-300x169.jpg",300,169,true],"thumbnail":["https:\/\/lobosnews.com.ar\/wp-content\/uploads\/2026\/03\/brote-de-chikungunya-en-jujuy-confirman-en-primer-caso-del-virus-2-150x150.jpg",150,150,true]},"magazine_blocks_author":{"display_name":"admin","author_link":"https:\/\/lobosnews.com.ar\/index.php\/author\/lobos-news\/"},"magazine_blocks_comment":0,"magazine_blocks_author_image":"https:\/\/secure.gravatar.com\/avatar\/76e419471a2083bc3ceab22a763dbbf9b0c1bd15a6214cf3280e2c2dde4580f9?s=96&d=mm&r=g","magazine_blocks_category":"<a href=\"#\" class=\"category-link category-link-31\">Actualidad<\/a> <a href=\"#\" class=\"category-link category-link-30\">Argentina<\/a> <a href=\"#\" class=\"category-link category-link-32\">econom\u00eda<\/a> <a href=\"#\" class=\"category-link category-link-77\">inseguridad<\/a> <a href=\"#\" class=\"category-link category-link-84\">masradios.com<\/a> <a href=\"#\" class=\"category-link category-link-35\">nacionales<\/a> <a href=\"#\" class=\"category-link category-link-36\">seguridad<\/a> <a href=\"#\" class=\"category-link category-link-37\">sociedad<\/a>","yoast_head":"<!-- This site is optimized with the Yoast SEO plugin v26.6 - https:\/\/yoast.com\/wordpress\/plugins\/seo\/ -->\n<title>Brote de chikungunya en Jujuy: confirman en primer caso del virus - Lobos News<\/title>\n<meta name=\"robots\" content=\"index, follow, max-snippet:-1, max-image-preview:large, max-video-preview:-1\" \/>\n<link rel=\"canonical\" href=\"https:\/\/lobosnews.com.ar\/index.php\/2026\/03\/12\/brote-de-chikungunya-en-jujuy-confirman-en-primer-caso-del-virus\/\" \/>\n<meta property=\"og:locale\" content=\"es_ES\" \/>\n<meta property=\"og:type\" content=\"article\" \/>\n<meta property=\"og:title\" content=\"Brote de chikungunya en Jujuy: confirman en primer caso del virus - Lobos News\" \/>\n<meta property=\"og:description\" content=\"Las enfermedad viral conocida como chikungunya sigue creciendo y esta semana se confirm\u00f3 el primer caso en Jujuy. Seg\u00fan las investigaciones epidemiol\u00f3gica, el virus fue diagnosticado a una persona de 80 a\u00f1os. La Direcci\u00f3n Provincial de Epidemiolog\u00eda inform\u00f3 que los s\u00edntomas de la persona afectada comenzaron el 6 de marzo. Present\u00f3 dolor en las articulaciones,...\" \/>\n<meta property=\"og:url\" content=\"https:\/\/lobosnews.com.ar\/index.php\/2026\/03\/12\/brote-de-chikungunya-en-jujuy-confirman-en-primer-caso-del-virus\/\" \/>\n<meta property=\"og:site_name\" content=\"Lobos News\" \/>\n<meta property=\"article:published_time\" content=\"2026-03-12T04:12:56+00:00\" \/>\n<meta property=\"article:modified_time\" content=\"2026-03-12T06:20:55+00:00\" \/>\n<meta property=\"og:image\" content=\"https:\/\/lobosnews.com.ar\/wp-content\/uploads\/2026\/03\/brote-de-chikungunya-en-jujuy-confirman-en-primer-caso-del-virus.jpg\" \/>\n<meta name=\"author\" content=\"admin\" \/>\n<meta name=\"twitter:card\" content=\"summary_large_image\" \/>\n<meta name=\"twitter:label1\" content=\"Escrito por\" \/>\n\t<meta name=\"twitter:data1\" content=\"admin\" \/>\n\t<meta name=\"twitter:label2\" content=\"Tiempo de lectura\" \/>\n\t<meta name=\"twitter:data2\" content=\"3 minutos\" \/>\n<script type=\"application\/ld+json\" class=\"yoast-schema-graph\">{\"@context\":\"https:\/\/schema.org\",\"@graph\":[{\"@type\":\"Article\",\"@id\":\"https:\/\/lobosnews.com.ar\/index.php\/2026\/03\/12\/brote-de-chikungunya-en-jujuy-confirman-en-primer-caso-del-virus\/#article\",\"isPartOf\":{\"@id\":\"https:\/\/lobosnews.com.ar\/index.php\/2026\/03\/12\/brote-de-chikungunya-en-jujuy-confirman-en-primer-caso-del-virus\/\"},\"author\":{\"name\":\"admin\",\"@id\":\"https:\/\/lobosnews.com.ar\/#\/schema\/person\/232422a593d5c541dd9aef6aaed10943\"},\"headline\":\"Brote de chikungunya en Jujuy: confirman en primer caso del virus\",\"datePublished\":\"2026-03-12T04:12:56+00:00\",\"dateModified\":\"2026-03-12T06:20:55+00:00\",\"mainEntityOfPage\":{\"@id\":\"https:\/\/lobosnews.com.ar\/index.php\/2026\/03\/12\/brote-de-chikungunya-en-jujuy-confirman-en-primer-caso-del-virus\/\"},\"wordCount\":682,\"commentCount\":0,\"publisher\":{\"@id\":\"https:\/\/lobosnews.com.ar\/#organization\"},\"image\":{\"@id\":\"https:\/\/lobosnews.com.ar\/index.php\/2026\/03\/12\/brote-de-chikungunya-en-jujuy-confirman-en-primer-caso-del-virus\/#primaryimage\"},\"thumbnailUrl\":\"https:\/\/lobosnews.com.ar\/wp-content\/uploads\/2026\/03\/brote-de-chikungunya-en-jujuy-confirman-en-primer-caso-del-virus-2.jpg\",\"articleSection\":[\"Actualidad\",\"Argentina\",\"econom\u00eda\",\"inseguridad\",\"masradios.com\",\"nacionales\",\"seguridad\",\"sociedad\"],\"inLanguage\":\"es\",\"potentialAction\":[{\"@type\":\"CommentAction\",\"name\":\"Comment\",\"target\":[\"https:\/\/lobosnews.com.ar\/index.php\/2026\/03\/12\/brote-de-chikungunya-en-jujuy-confirman-en-primer-caso-del-virus\/#respond\"]}]},{\"@type\":\"WebPage\",\"@id\":\"https:\/\/lobosnews.com.ar\/index.php\/2026\/03\/12\/brote-de-chikungunya-en-jujuy-confirman-en-primer-caso-del-virus\/\",\"url\":\"https:\/\/lobosnews.com.ar\/index.php\/2026\/03\/12\/brote-de-chikungunya-en-jujuy-confirman-en-primer-caso-del-virus\/\",\"name\":\"Brote de chikungunya en Jujuy: confirman en primer caso del virus - Lobos News\",\"isPartOf\":{\"@id\":\"https:\/\/lobosnews.com.ar\/#website\"},\"primaryImageOfPage\":{\"@id\":\"https:\/\/lobosnews.com.ar\/index.php\/2026\/03\/12\/brote-de-chikungunya-en-jujuy-confirman-en-primer-caso-del-virus\/#primaryimage\"},\"image\":{\"@id\":\"https:\/\/lobosnews.com.ar\/index.php\/2026\/03\/12\/brote-de-chikungunya-en-jujuy-confirman-en-primer-caso-del-virus\/#primaryimage\"},\"thumbnailUrl\":\"https:\/\/lobosnews.com.ar\/wp-content\/uploads\/2026\/03\/brote-de-chikungunya-en-jujuy-confirman-en-primer-caso-del-virus-2.jpg\",\"datePublished\":\"2026-03-12T04:12:56+00:00\",\"dateModified\":\"2026-03-12T06:20:55+00:00\",\"breadcrumb\":{\"@id\":\"https:\/\/lobosnews.com.ar\/index.php\/2026\/03\/12\/brote-de-chikungunya-en-jujuy-confirman-en-primer-caso-del-virus\/#breadcrumb\"},\"inLanguage\":\"es\",\"potentialAction\":[{\"@type\":\"ReadAction\",\"target\":[\"https:\/\/lobosnews.com.ar\/index.php\/2026\/03\/12\/brote-de-chikungunya-en-jujuy-confirman-en-primer-caso-del-virus\/\"]}]},{\"@type\":\"ImageObject\",\"inLanguage\":\"es\",\"@id\":\"https:\/\/lobosnews.com.ar\/index.php\/2026\/03\/12\/brote-de-chikungunya-en-jujuy-confirman-en-primer-caso-del-virus\/#primaryimage\",\"url\":\"https:\/\/lobosnews.com.ar\/wp-content\/uploads\/2026\/03\/brote-de-chikungunya-en-jujuy-confirman-en-primer-caso-del-virus-2.jpg\",\"contentUrl\":\"https:\/\/lobosnews.com.ar\/wp-content\/uploads\/2026\/03\/brote-de-chikungunya-en-jujuy-confirman-en-primer-caso-del-virus-2.jpg\",\"width\":1280,\"height\":720,\"caption\":\"Brote de chikungunya en Jujuy: confirman en primer caso del virus\"},{\"@type\":\"BreadcrumbList\",\"@id\":\"https:\/\/lobosnews.com.ar\/index.php\/2026\/03\/12\/brote-de-chikungunya-en-jujuy-confirman-en-primer-caso-del-virus\/#breadcrumb\",\"itemListElement\":[{\"@type\":\"ListItem\",\"position\":1,\"name\":\"Portada\",\"item\":\"https:\/\/lobosnews.com.ar\/\"},{\"@type\":\"ListItem\",\"position\":2,\"name\":\"Brote de chikungunya en Jujuy: confirman en primer caso del virus\"}]},{\"@type\":\"WebSite\",\"@id\":\"https:\/\/lobosnews.com.ar\/#website\",\"url\":\"https:\/\/lobosnews.com.ar\/\",\"name\":\"Lobos News\",\"description\":\"Informaci\u00f3n a cada instante\",\"publisher\":{\"@id\":\"https:\/\/lobosnews.com.ar\/#organization\"},\"potentialAction\":[{\"@type\":\"SearchAction\",\"target\":{\"@type\":\"EntryPoint\",\"urlTemplate\":\"https:\/\/lobosnews.com.ar\/?s={search_term_string}\"},\"query-input\":{\"@type\":\"PropertyValueSpecification\",\"valueRequired\":true,\"valueName\":\"search_term_string\"}}],\"inLanguage\":\"es\"},{\"@type\":\"Organization\",\"@id\":\"https:\/\/lobosnews.com.ar\/#organization\",\"name\":\"Lobos News\",\"url\":\"https:\/\/lobosnews.com.ar\/\",\"logo\":{\"@type\":\"ImageObject\",\"inLanguage\":\"es\",\"@id\":\"https:\/\/lobosnews.com.ar\/#\/schema\/logo\/image\/\",\"url\":\"https:\/\/lobosnews.com.ar\/wp-content\/uploads\/2026\/01\/logo-lobosnews.png\",\"contentUrl\":\"https:\/\/lobosnews.com.ar\/wp-content\/uploads\/2026\/01\/logo-lobosnews.png\",\"width\":500,\"height\":200,\"caption\":\"Lobos News\"},\"image\":{\"@id\":\"https:\/\/lobosnews.com.ar\/#\/schema\/logo\/image\/\"}},{\"@type\":\"Person\",\"@id\":\"https:\/\/lobosnews.com.ar\/#\/schema\/person\/232422a593d5c541dd9aef6aaed10943\",\"name\":\"admin\",\"image\":{\"@type\":\"ImageObject\",\"inLanguage\":\"es\",\"@id\":\"https:\/\/lobosnews.com.ar\/#\/schema\/person\/image\/\",\"url\":\"https:\/\/secure.gravatar.com\/avatar\/76e419471a2083bc3ceab22a763dbbf9b0c1bd15a6214cf3280e2c2dde4580f9?s=96&d=mm&r=g\",\"contentUrl\":\"https:\/\/secure.gravatar.com\/avatar\/76e419471a2083bc3ceab22a763dbbf9b0c1bd15a6214cf3280e2c2dde4580f9?s=96&d=mm&r=g\",\"caption\":\"admin\"},\"sameAs\":[\"https:\/\/lobosnews.com.ar\"],\"url\":\"https:\/\/lobosnews.com.ar\/index.php\/author\/lobos-news\/\"}]}<\/script>\n<!-- \/ Yoast SEO plugin. -->","yoast_head_json":{"title":"Brote de chikungunya en Jujuy: confirman en primer caso del virus - Lobos News","robots":{"index":"index","follow":"follow","max-snippet":"max-snippet:-1","max-image-preview":"max-image-preview:large","max-video-preview":"max-video-preview:-1"},"canonical":"https:\/\/lobosnews.com.ar\/index.php\/2026\/03\/12\/brote-de-chikungunya-en-jujuy-confirman-en-primer-caso-del-virus\/","og_locale":"es_ES","og_type":"article","og_title":"Brote de chikungunya en Jujuy: confirman en primer caso del virus - Lobos News","og_description":"Las enfermedad viral conocida como chikungunya sigue creciendo y esta semana se confirm\u00f3 el primer caso en Jujuy. Seg\u00fan las investigaciones epidemiol\u00f3gica, el virus fue diagnosticado a una persona de 80 a\u00f1os. La Direcci\u00f3n Provincial de Epidemiolog\u00eda inform\u00f3 que los s\u00edntomas de la persona afectada comenzaron el 6 de marzo. Present\u00f3 dolor en las articulaciones,...","og_url":"https:\/\/lobosnews.com.ar\/index.php\/2026\/03\/12\/brote-de-chikungunya-en-jujuy-confirman-en-primer-caso-del-virus\/","og_site_name":"Lobos News","article_published_time":"2026-03-12T04:12:56+00:00","article_modified_time":"2026-03-12T06:20:55+00:00","og_image":[{"url":"https:\/\/lobosnews.com.ar\/wp-content\/uploads\/2026\/03\/brote-de-chikungunya-en-jujuy-confirman-en-primer-caso-del-virus.jpg","type":"","width":"","height":""}],"author":"admin","twitter_card":"summary_large_image","twitter_misc":{"Escrito por":"admin","Tiempo de lectura":"3 minutos"},"schema":{"@context":"https:\/\/schema.org","@graph":[{"@type":"Article","@id":"https:\/\/lobosnews.com.ar\/index.php\/2026\/03\/12\/brote-de-chikungunya-en-jujuy-confirman-en-primer-caso-del-virus\/#article","isPartOf":{"@id":"https:\/\/lobosnews.com.ar\/index.php\/2026\/03\/12\/brote-de-chikungunya-en-jujuy-confirman-en-primer-caso-del-virus\/"},"author":{"name":"admin","@id":"https:\/\/lobosnews.com.ar\/#\/schema\/person\/232422a593d5c541dd9aef6aaed10943"},"headline":"Brote de chikungunya en Jujuy: confirman en primer caso del virus","datePublished":"2026-03-12T04:12:56+00:00","dateModified":"2026-03-12T06:20:55+00:00","mainEntityOfPage":{"@id":"https:\/\/lobosnews.com.ar\/index.php\/2026\/03\/12\/brote-de-chikungunya-en-jujuy-confirman-en-primer-caso-del-virus\/"},"wordCount":682,"commentCount":0,"publisher":{"@id":"https:\/\/lobosnews.com.ar\/#organization"},"image":{"@id":"https:\/\/lobosnews.com.ar\/index.php\/2026\/03\/12\/brote-de-chikungunya-en-jujuy-confirman-en-primer-caso-del-virus\/#primaryimage"},"thumbnailUrl":"https:\/\/lobosnews.com.ar\/wp-content\/uploads\/2026\/03\/brote-de-chikungunya-en-jujuy-confirman-en-primer-caso-del-virus-2.jpg","articleSection":["Actualidad","Argentina","econom\u00eda","inseguridad","masradios.com","nacionales","seguridad","sociedad"],"inLanguage":"es","potentialAction":[{"@type":"CommentAction","name":"Comment","target":["https:\/\/lobosnews.com.ar\/index.php\/2026\/03\/12\/brote-de-chikungunya-en-jujuy-confirman-en-primer-caso-del-virus\/#respond"]}]},{"@type":"WebPage","@id":"https:\/\/lobosnews.com.ar\/index.php\/2026\/03\/12\/brote-de-chikungunya-en-jujuy-confirman-en-primer-caso-del-virus\/","url":"https:\/\/lobosnews.com.ar\/index.php\/2026\/03\/12\/brote-de-chikungunya-en-jujuy-confirman-en-primer-caso-del-virus\/","name":"Brote de chikungunya en Jujuy: confirman en primer caso del virus - Lobos News","isPartOf":{"@id":"https:\/\/lobosnews.com.ar\/#website"},"primaryImageOfPage":{"@id":"https:\/\/lobosnews.com.ar\/index.php\/2026\/03\/12\/brote-de-chikungunya-en-jujuy-confirman-en-primer-caso-del-virus\/#primaryimage"},"image":{"@id":"https:\/\/lobosnews.com.ar\/index.php\/2026\/03\/12\/brote-de-chikungunya-en-jujuy-confirman-en-primer-caso-del-virus\/#primaryimage"},"thumbnailUrl":"https:\/\/lobosnews.com.ar\/wp-content\/uploads\/2026\/03\/brote-de-chikungunya-en-jujuy-confirman-en-primer-caso-del-virus-2.jpg","datePublished":"2026-03-12T04:12:56+00:00","dateModified":"2026-03-12T06:20:55+00:00","breadcrumb":{"@id":"https:\/\/lobosnews.com.ar\/index.php\/2026\/03\/12\/brote-de-chikungunya-en-jujuy-confirman-en-primer-caso-del-virus\/#breadcrumb"},"inLanguage":"es","potentialAction":[{"@type":"ReadAction","target":["https:\/\/lobosnews.com.ar\/index.php\/2026\/03\/12\/brote-de-chikungunya-en-jujuy-confirman-en-primer-caso-del-virus\/"]}]},{"@type":"ImageObject","inLanguage":"es","@id":"https:\/\/lobosnews.com.ar\/index.php\/2026\/03\/12\/brote-de-chikungunya-en-jujuy-confirman-en-primer-caso-del-virus\/#primaryimage","url":"https:\/\/lobosnews.com.ar\/wp-content\/uploads\/2026\/03\/brote-de-chikungunya-en-jujuy-confirman-en-primer-caso-del-virus-2.jpg","contentUrl":"https:\/\/lobosnews.com.ar\/wp-content\/uploads\/2026\/03\/brote-de-chikungunya-en-jujuy-confirman-en-primer-caso-del-virus-2.jpg","width":1280,"height":720,"caption":"Brote de chikungunya en Jujuy: confirman en primer caso del virus"},{"@type":"BreadcrumbList","@id":"https:\/\/lobosnews.com.ar\/index.php\/2026\/03\/12\/brote-de-chikungunya-en-jujuy-confirman-en-primer-caso-del-virus\/#breadcrumb","itemListElement":[{"@type":"ListItem","position":1,"name":"Portada","item":"https:\/\/lobosnews.com.ar\/"},{"@type":"ListItem","position":2,"name":"Brote de chikungunya en Jujuy: confirman en primer caso del virus"}]},{"@type":"WebSite","@id":"https:\/\/lobosnews.com.ar\/#website","url":"https:\/\/lobosnews.com.ar\/","name":"Lobos News","description":"Informaci\u00f3n a cada instante","publisher":{"@id":"https:\/\/lobosnews.com.ar\/#organization"},"potentialAction":[{"@type":"SearchAction","target":{"@type":"EntryPoint","urlTemplate":"https:\/\/lobosnews.com.ar\/?s={search_term_string}"},"query-input":{"@type":"PropertyValueSpecification","valueRequired":true,"valueName":"search_term_string"}}],"inLanguage":"es"},{"@type":"Organization","@id":"https:\/\/lobosnews.com.ar\/#organization","name":"Lobos News","url":"https:\/\/lobosnews.com.ar\/","logo":{"@type":"ImageObject","inLanguage":"es","@id":"https:\/\/lobosnews.com.ar\/#\/schema\/logo\/image\/","url":"https:\/\/lobosnews.com.ar\/wp-content\/uploads\/2026\/01\/logo-lobosnews.png","contentUrl":"https:\/\/lobosnews.com.ar\/wp-content\/uploads\/2026\/01\/logo-lobosnews.png","width":500,"height":200,"caption":"Lobos News"},"image":{"@id":"https:\/\/lobosnews.com.ar\/#\/schema\/logo\/image\/"}},{"@type":"Person","@id":"https:\/\/lobosnews.com.ar\/#\/schema\/person\/232422a593d5c541dd9aef6aaed10943","name":"admin","image":{"@type":"ImageObject","inLanguage":"es","@id":"https:\/\/lobosnews.com.ar\/#\/schema\/person\/image\/","url":"https:\/\/secure.gravatar.com\/avatar\/76e419471a2083bc3ceab22a763dbbf9b0c1bd15a6214cf3280e2c2dde4580f9?s=96&d=mm&r=g","contentUrl":"https:\/\/secure.gravatar.com\/avatar\/76e419471a2083bc3ceab22a763dbbf9b0c1bd15a6214cf3280e2c2dde4580f9?s=96&d=mm&r=g","caption":"admin"},"sameAs":["https:\/\/lobosnews.com.ar"],"url":"https:\/\/lobosnews.com.ar\/index.php\/author\/lobos-news\/"}]}},"jetpack_featured_media_url":"https:\/\/lobosnews.com.ar\/wp-content\/uploads\/2026\/03\/brote-de-chikungunya-en-jujuy-confirman-en-primer-caso-del-virus-2.jpg","jetpack_sharing_enabled":true,"_links":{"self":[{"href":"https:\/\/lobosnews.com.ar\/index.php\/wp-json\/wp\/v2\/posts\/32293","targetHints":{"allow":["GET"]}}],"collection":[{"href":"https:\/\/lobosnews.com.ar\/index.php\/wp-json\/wp\/v2\/posts"}],"about":[{"href":"https:\/\/lobosnews.com.ar\/index.php\/wp-json\/wp\/v2\/types\/post"}],"author":[{"embeddable":true,"href":"https:\/\/lobosnews.com.ar\/index.php\/wp-json\/wp\/v2\/users\/1"}],"replies":[{"embeddable":true,"href":"https:\/\/lobosnews.com.ar\/index.php\/wp-json\/wp\/v2\/comments?post=32293"}],"version-history":[{"count":1,"href":"https:\/\/lobosnews.com.ar\/index.php\/wp-json\/wp\/v2\/posts\/32293\/revisions"}],"predecessor-version":[{"id":32296,"href":"https:\/\/lobosnews.com.ar\/index.php\/wp-json\/wp\/v2\/posts\/32293\/revisions\/32296"}],"wp:featuredmedia":[{"embeddable":true,"href":"https:\/\/lobosnews.com.ar\/index.php\/wp-json\/wp\/v2\/media\/32297"}],"wp:attachment":[{"href":"https:\/\/lobosnews.com.ar\/index.php\/wp-json\/wp\/v2\/media?parent=32293"}],"wp:term":[{"taxonomy":"category","embeddable":true,"href":"https:\/\/lobosnews.com.ar\/index.php\/wp-json\/wp\/v2\/categories?post=32293"},{"taxonomy":"post_tag","embeddable":true,"href":"https:\/\/lobosnews.com.ar\/index.php\/wp-json\/wp\/v2\/tags?post=32293"}],"curies":[{"name":"wp","href":"https:\/\/api.w.org\/{rel}","templated":true}]}}