{"id":32286,"date":"2026-03-12T05:13:13","date_gmt":"2026-03-12T05:13:13","guid":{"rendered":"https:\/\/lobosnews.com.ar\/index.php\/2026\/03\/12\/la-defensa-del-acusado-por-la-muerte-de-rocio-alvarito-empleo-una-nueva-estrategia-y-ordenaron-nuevas-pericias\/"},"modified":"2026-03-12T06:20:48","modified_gmt":"2026-03-12T06:20:48","slug":"la-defensa-del-acusado-por-la-muerte-de-rocio-alvarito-empleo-una-nueva-estrategia-y-ordenaron-nuevas-pericias","status":"publish","type":"post","link":"https:\/\/lobosnews.com.ar\/index.php\/2026\/03\/12\/la-defensa-del-acusado-por-la-muerte-de-rocio-alvarito-empleo-una-nueva-estrategia-y-ordenaron-nuevas-pericias\/","title":{"rendered":"La defensa del acusado por la muerte de Roc\u00edo Alvarito emple\u00f3 una nueva estrategia y ordenaron nuevas pericias"},"content":{"rendered":"<p><img loading=\"lazy\" decoding=\"async\" src=\"https:\/\/lobosnews.com.ar\/wp-content\/uploads\/2026\/03\/la-defensa-del-acusado-por-la-muerte-de-rocio-alvarito-empleo-una-nueva-estrategia-y-ordenaron-nuevas-pericias.jpg\" alt=\"La joven falleci\u00f3 tras caer de un segundo piso en La Plata\" height=\"403\" width=\"656\"\/><\/p>\n<p>Tras haber rechazado<b> <\/b><span class=\"waslinkname\"><i><b>dos pedidos de excarcelaci\u00f3n<\/b><\/i><\/span>, la<b> <\/b>Justicia hizo lugar a un nuevo pedido por parte de la defensa del<b> \u00fanico acusado y detenido por la muerte de <\/b><span class=\"waslinkname\"><i><b>Roc\u00edo Alvarito<\/b><\/i><\/span>, ocurrida a fines de enero en La Plata. La joven de 26 a\u00f1os <span class=\"waslinkname\"><i>falleci\u00f3 tras caer del balc\u00f3n de la vivienda que alquilaba junto a<\/i><i><b> M. A. G.<\/b><\/i><\/span><i>, <\/i>en <b>Calle 47 y Diagonal 76<\/b>, durante una violenta discusi\u00f3n de pareja.<\/p>\n<p>Ante la solicitud de los abogados <b>Alfredo Gasc\u00f3n y Miguel Molina<\/b> para modificar el <b>r\u00e9gimen de detenci\u00f3n <\/b>\u2014que el acusado cumple desde el 2 de marzo en una alca\u00eddia de la capital bonaerense\u2014, el juez de Garant\u00edas <b>Pablo Reale<\/b> dispuso la realizaci\u00f3n de una serie de ex\u00e1menes al imputado, seg\u00fan indic\u00f3 el portal<i> 0221.<\/i> <\/p>\n<p>El magistrado orden\u00f3 la realizaci\u00f3n de una <b>evaluaci\u00f3n psicol\u00f3gica<\/b> para determinar los rasgos de personalidad y una <b>pericia psiqui\u00e1trica <\/b>con el objetivo de establecer si el acusado representa un riesgo para s\u00ed mismo o para terceros, si presenta consumo de sustancias t\u00f3xicas o si existen otros aspectos cl\u00ednicos a tener en cuenta en el marco de la investigaci\u00f3n.<\/p>\n<p>Por otra parte, a\u00f1adi\u00f3 una <b>pericia ambiental <\/b>destinada a identificar el grupo familiar con el que convive el imputado, su modalidad de sustento econ\u00f3mico y las condiciones del domicilio propuesto en caso de <b>un eventual arresto domiciliario.<\/b><\/p>\n<p><img loading=\"lazy\" decoding=\"async\" src=\"https:\/\/lobosnews.com.ar\/wp-content\/uploads\/2026\/03\/la-defensa-del-acusado-por-la-muerte-de-rocio-alvarito-empleo-una-nueva-estrategia-y-ordenaron-nuevas-pericias-1.jpg\" alt=\"La pareja convivia en el barrio La Loma\" height=\"786\" width=\"1422\"\/><\/p>\n<p>En principio, <span class=\"waslinkname\"><i>el fical <\/i><i><b>\u00c1lvaro Garganta<\/b><\/i><\/span> intent\u00f3 imputar al sospechoso por <b>abandono de persona seguido de muerte <\/b>y <b>privaci\u00f3n ileg\u00edtima de la libertad agravada<\/b>, bas\u00e1ndose en un hecho que incluy\u00f3 \u201cuna descompensaci\u00f3n psicol\u00f3gica\u201d que llev\u00f3 a la v\u00edctima a \u201cintentar <b>huir colg\u00e1ndose del balc\u00f3n que posee la vivienda, <\/b>sin que su pareja se lo impidiera ni arbitrara los medios para resguardar la integridad f\u00edsica\u201d. Pero desde el Juzgado de Garant\u00edas N\u00b03 solo avalaron el segundo cargo. <\/p>\n<p>Para el funcionario judicial hay evidencias de que la ma\u00f1ana del 29 de enero, en el departamento del barrio <b>La Loma<\/b> donde conviv\u00edan, <b>\u201cse inicia una fuerte discusi\u00f3n entre ambos\u201d<\/b>que termin\u00f3 con el tr\u00e1gico final de la joven. En la presentaci\u00f3n, detall\u00f3 que en ese contexto Alvarito intent\u00f3 retirarse del lugar y el acusado no se lo permiti\u00f3. El texto presentado contin\u00faa detallando que M. A. G. no la intent\u00f3 ayudar pese a haberla colocado en \u201cesa <b>condici\u00f3n desesperante<\/b> a ra\u00edz del contexto que hab\u00eda generado, para finalmente caer al vac\u00edo, lo que le provoc\u00f3 lesiones que acarrearon su deceso a las pocas horas\u201d.<\/p>\n<p><img loading=\"lazy\" decoding=\"async\" src=\"https:\/\/lobosnews.com.ar\/wp-content\/uploads\/2026\/03\/la-defensa-del-acusado-por-la-muerte-de-rocio-alvarito-empleo-una-nueva-estrategia-y-ordenaron-nuevas-pericias-2.jpg\" alt=\"El novio dijo que Roc\u00edo reaccion\u00f3 muy mal cuando le pidi\u00f3 la separaci\u00f3n y comenz\u00f3 a romper cosas\" height=\"561\" width=\"964\"\/><\/p>\n<p>En el primer encuentro que el detenido tuvo con el fiscal, d\u00edas despu\u00e9s de la tragedia, <b>el sospechoso neg\u00f3 los cargos<\/b> y pidi\u00f3 ampliar su indagatoria cuando estuviera en mejores condiciones an\u00edmicas.<\/p>\n<p>Seg\u00fan relat\u00f3, <span class=\"waslinkname\"><i>una discusi\u00f3n ocurrida la noche anterior a la tragedia, hab\u00eda sido el detonante para que el acusado decidiera poner fin al v\u00ednculo. <\/i><\/span>\u201cCuando le digo que <b>hab\u00eda decidido terminar la relaci\u00f3n<\/b>, Roc\u00edo lo tom\u00f3 muy mal y<b> se puso agresiva<\/b>, empez\u00f3 a empacar sus cosas en una bolsa y comenz\u00f3 a romper cosas del departamento\u201d, declar\u00f3.<\/p>\n<p>Y coment\u00f3 que fue, en ese contexto, que llam\u00f3 a Julio, el pap\u00e1 de Roc\u00edo, para que fuera a buscar a su hija: <b>\u201cMe dijo que no pod\u00eda ir en ese momento\u201d<\/b>. Entonces, se comunic\u00f3 con su madre, quien ten\u00eda un buen v\u00ednculo con la joven: \u201cLe ped\u00ed que, por favor, viniera a ayudarme\u201d.<\/p>\n<p><img loading=\"lazy\" decoding=\"async\" src=\"https:\/\/lobosnews.com.ar\/wp-content\/uploads\/2026\/03\/la-defensa-del-acusado-por-la-muerte-de-rocio-alvarito-empleo-una-nueva-estrategia-y-ordenaron-nuevas-pericias-3.jpg\" alt=\"La muerte de la joven ocurri\u00f3 poco despues de caer del balcon del edificio ubicado en Calle 46 y Diagonal 76 (Google Street View)\" height=\"1080\" width=\"1920\"\/><\/p>\n<p>El padre de la v\u00edctima indic\u00f3 a las autoridades que cerca de las <b>7:15 de la ma\u00f1ana<\/b>, la pareja de Roc\u00edo lo llam\u00f3 y le dijo:<b> \u201cTato, por favor, ven\u00ed a buscar a Roc\u00edo. Est\u00e1 rompiendo todo el departamento, no quiero estar m\u00e1s con ella, se termin\u00f3\u201d<\/b>. A\u00f1adi\u00f3 que no ten\u00eda conocimiento previo de conflictos serios en la pareja.<\/p>\n<p>El detenido aleg\u00f3 que \u201cla puerta del departamento estaba como la dejaron la noche anterior\u201d y que \u201cella tir\u00f3 su llave al vac\u00edo\u201d. Y dijo: \u00ab<b>Cuando Roc\u00edo se colg\u00f3 de la baranda del balc\u00f3n, quise subirla, tom\u00e1ndola de sus brazos, pero no pude y le ped\u00ed que aguantara<\/b>&#8230; Hab\u00eda vecinos que se acercaron a la puerta del departamento y les ped\u00ed que llamaran a la Polic\u00eda, a modo de pedido de ayuda\u00bb.<\/p>\n<p>Luego, explic\u00f3: \u201cComo no pod\u00eda subirla, <b>corr\u00ed al piso de abajo para tratar de atajarla, pero no llegu\u00e9 <\/b>porque Roc\u00edo ya hab\u00eda ca\u00eddo\u00bb. Pese a recibir atenci\u00f3n m\u00e9dica en el <b>Hospital Rossi,<\/b> falleci\u00f3 a ra\u00edz de las lesiones sufridas por la ca\u00edda.<\/p>\n","protected":false},"excerpt":{"rendered":"<p>Tras haber rechazado dos pedidos de excarcelaci\u00f3n, la Justicia hizo lugar a un nuevo pedido por parte de la defensa del \u00fanico acusado y detenido por la muerte de Roc\u00edo Alvarito, ocurrida a fines de enero en La Plata. La joven de 26 a\u00f1os falleci\u00f3 tras caer del balc\u00f3n de la vivienda que alquilaba junto&#8230;<\/p>\n","protected":false},"author":1,"featured_media":32292,"comment_status":"open","ping_status":"closed","sticky":false,"template":"","format":"standard","meta":{"_jetpack_memberships_contains_paid_content":false,"footnotes":""},"categories":[31,30,32,77,84,35,36,37],"tags":[],"class_list":["post-32286","post","type-post","status-publish","format-standard","has-post-thumbnail","hentry","category-actualidad","category-argentina","category-economia","category-inseguridad","category-masradios-com","category-nacionales","category-seguridad","category-sociedad"],"magazineBlocksPostFeaturedMedia":{"thumbnail":"https:\/\/lobosnews.com.ar\/wp-content\/uploads\/2026\/03\/la-defensa-del-acusado-por-la-muerte-de-rocio-alvarito-empleo-una-nueva-estrategia-y-ordenaron-nuevas-pericias-6-150x150.jpg","medium":"https:\/\/lobosnews.com.ar\/wp-content\/uploads\/2026\/03\/la-defensa-del-acusado-por-la-muerte-de-rocio-alvarito-empleo-una-nueva-estrategia-y-ordenaron-nuevas-pericias-6-300x169.jpg","medium_large":"https:\/\/lobosnews.com.ar\/wp-content\/uploads\/2026\/03\/la-defensa-del-acusado-por-la-muerte-de-rocio-alvarito-empleo-una-nueva-estrategia-y-ordenaron-nuevas-pericias-6-768x432.jpg","large":"https:\/\/lobosnews.com.ar\/wp-content\/uploads\/2026\/03\/la-defensa-del-acusado-por-la-muerte-de-rocio-alvarito-empleo-una-nueva-estrategia-y-ordenaron-nuevas-pericias-6-1024x576.jpg","1536x1536":"https:\/\/lobosnews.com.ar\/wp-content\/uploads\/2026\/03\/la-defensa-del-acusado-por-la-muerte-de-rocio-alvarito-empleo-una-nueva-estrategia-y-ordenaron-nuevas-pericias-6-1536x864.jpg","2048x2048":"https:\/\/lobosnews.com.ar\/wp-content\/uploads\/2026\/03\/la-defensa-del-acusado-por-la-muerte-de-rocio-alvarito-empleo-una-nueva-estrategia-y-ordenaron-nuevas-pericias-6.jpg","newsmatic-featured":"https:\/\/lobosnews.com.ar\/wp-content\/uploads\/2026\/03\/la-defensa-del-acusado-por-la-muerte-de-rocio-alvarito-empleo-una-nueva-estrategia-y-ordenaron-nuevas-pericias-6-820x545.jpg","newsmatic-list":"https:\/\/lobosnews.com.ar\/wp-content\/uploads\/2026\/03\/la-defensa-del-acusado-por-la-muerte-de-rocio-alvarito-empleo-una-nueva-estrategia-y-ordenaron-nuevas-pericias-6-600x400.jpg","newsmatic-thumb":"https:\/\/lobosnews.com.ar\/wp-content\/uploads\/2026\/03\/la-defensa-del-acusado-por-la-muerte-de-rocio-alvarito-empleo-una-nueva-estrategia-y-ordenaron-nuevas-pericias-6-300x200.jpg","newsmatic-small":"https:\/\/lobosnews.com.ar\/wp-content\/uploads\/2026\/03\/la-defensa-del-acusado-por-la-muerte-de-rocio-alvarito-empleo-una-nueva-estrategia-y-ordenaron-nuevas-pericias-6-150x95.jpg","newsmatic-grid":"https:\/\/lobosnews.com.ar\/wp-content\/uploads\/2026\/03\/la-defensa-del-acusado-por-la-muerte-de-rocio-alvarito-empleo-una-nueva-estrategia-y-ordenaron-nuevas-pericias-6-400x250.jpg"},"magazineBlocksPostAuthor":{"name":"admin","avatar":"https:\/\/secure.gravatar.com\/avatar\/76e419471a2083bc3ceab22a763dbbf9b0c1bd15a6214cf3280e2c2dde4580f9?s=96&d=mm&r=g"},"magazineBlocksPostCommentsNumber":"0","magazineBlocksPostExcerpt":"Tras haber rechazado dos pedidos de excarcelaci\u00f3n, la Justicia hizo lugar a un nuevo pedido por parte de la defensa del \u00fanico acusado y detenido por la muerte de Roc\u00edo Alvarito, ocurrida a fines de enero en La Plata. La joven de 26 a\u00f1os falleci\u00f3 tras caer del balc\u00f3n de la vivienda que alquilaba junto...","magazineBlocksPostCategories":["Actualidad","Argentina","econom\u00eda","inseguridad","masradios.com","nacionales","seguridad","sociedad"],"magazineBlocksPostViewCount":113,"magazineBlocksPostReadTime":4,"magazine_blocks_featured_image_url":{"full":["https:\/\/lobosnews.com.ar\/wp-content\/uploads\/2026\/03\/la-defensa-del-acusado-por-la-muerte-de-rocio-alvarito-empleo-una-nueva-estrategia-y-ordenaron-nuevas-pericias-6.jpg",1920,1080,false],"medium":["https:\/\/lobosnews.com.ar\/wp-content\/uploads\/2026\/03\/la-defensa-del-acusado-por-la-muerte-de-rocio-alvarito-empleo-una-nueva-estrategia-y-ordenaron-nuevas-pericias-6-300x169.jpg",300,169,true],"thumbnail":["https:\/\/lobosnews.com.ar\/wp-content\/uploads\/2026\/03\/la-defensa-del-acusado-por-la-muerte-de-rocio-alvarito-empleo-una-nueva-estrategia-y-ordenaron-nuevas-pericias-6-150x150.jpg",150,150,true]},"magazine_blocks_author":{"display_name":"admin","author_link":"https:\/\/lobosnews.com.ar\/index.php\/author\/lobos-news\/"},"magazine_blocks_comment":0,"magazine_blocks_author_image":"https:\/\/secure.gravatar.com\/avatar\/76e419471a2083bc3ceab22a763dbbf9b0c1bd15a6214cf3280e2c2dde4580f9?s=96&d=mm&r=g","magazine_blocks_category":"<a href=\"#\" class=\"category-link category-link-31\">Actualidad<\/a> <a href=\"#\" class=\"category-link category-link-30\">Argentina<\/a> <a href=\"#\" class=\"category-link category-link-32\">econom\u00eda<\/a> <a href=\"#\" class=\"category-link category-link-77\">inseguridad<\/a> <a href=\"#\" class=\"category-link category-link-84\">masradios.com<\/a> <a href=\"#\" class=\"category-link category-link-35\">nacionales<\/a> <a href=\"#\" class=\"category-link category-link-36\">seguridad<\/a> <a href=\"#\" class=\"category-link category-link-37\">sociedad<\/a>","yoast_head":"<!-- This site is optimized with the Yoast SEO plugin v26.6 - https:\/\/yoast.com\/wordpress\/plugins\/seo\/ -->\n<title>La defensa del acusado por la muerte de Roc\u00edo Alvarito emple\u00f3 una nueva estrategia y ordenaron nuevas pericias - Lobos News<\/title>\n<meta name=\"robots\" content=\"index, follow, max-snippet:-1, max-image-preview:large, max-video-preview:-1\" \/>\n<link rel=\"canonical\" href=\"https:\/\/lobosnews.com.ar\/index.php\/2026\/03\/12\/la-defensa-del-acusado-por-la-muerte-de-rocio-alvarito-empleo-una-nueva-estrategia-y-ordenaron-nuevas-pericias\/\" \/>\n<meta property=\"og:locale\" content=\"es_ES\" \/>\n<meta property=\"og:type\" content=\"article\" \/>\n<meta property=\"og:title\" content=\"La defensa del acusado por la muerte de Roc\u00edo Alvarito emple\u00f3 una nueva estrategia y ordenaron nuevas pericias - Lobos News\" \/>\n<meta property=\"og:description\" content=\"Tras haber rechazado dos pedidos de excarcelaci\u00f3n, la Justicia hizo lugar a un nuevo pedido por parte de la defensa del \u00fanico acusado y detenido por la muerte de Roc\u00edo Alvarito, ocurrida a fines de enero en La Plata. La joven de 26 a\u00f1os falleci\u00f3 tras caer del balc\u00f3n de la vivienda que alquilaba junto...\" \/>\n<meta property=\"og:url\" content=\"https:\/\/lobosnews.com.ar\/index.php\/2026\/03\/12\/la-defensa-del-acusado-por-la-muerte-de-rocio-alvarito-empleo-una-nueva-estrategia-y-ordenaron-nuevas-pericias\/\" \/>\n<meta property=\"og:site_name\" content=\"Lobos News\" \/>\n<meta property=\"article:published_time\" content=\"2026-03-12T05:13:13+00:00\" \/>\n<meta property=\"article:modified_time\" content=\"2026-03-12T06:20:48+00:00\" \/>\n<meta property=\"og:image\" content=\"https:\/\/lobosnews.com.ar\/wp-content\/uploads\/2026\/03\/la-defensa-del-acusado-por-la-muerte-de-rocio-alvarito-empleo-una-nueva-estrategia-y-ordenaron-nuevas-pericias.jpg\" \/>\n<meta name=\"author\" content=\"admin\" \/>\n<meta name=\"twitter:card\" content=\"summary_large_image\" \/>\n<meta name=\"twitter:label1\" content=\"Escrito por\" \/>\n\t<meta name=\"twitter:data1\" content=\"admin\" \/>\n\t<meta name=\"twitter:label2\" content=\"Tiempo de lectura\" \/>\n\t<meta name=\"twitter:data2\" content=\"4 minutos\" \/>\n<script type=\"application\/ld+json\" class=\"yoast-schema-graph\">{\"@context\":\"https:\/\/schema.org\",\"@graph\":[{\"@type\":\"Article\",\"@id\":\"https:\/\/lobosnews.com.ar\/index.php\/2026\/03\/12\/la-defensa-del-acusado-por-la-muerte-de-rocio-alvarito-empleo-una-nueva-estrategia-y-ordenaron-nuevas-pericias\/#article\",\"isPartOf\":{\"@id\":\"https:\/\/lobosnews.com.ar\/index.php\/2026\/03\/12\/la-defensa-del-acusado-por-la-muerte-de-rocio-alvarito-empleo-una-nueva-estrategia-y-ordenaron-nuevas-pericias\/\"},\"author\":{\"name\":\"admin\",\"@id\":\"https:\/\/lobosnews.com.ar\/#\/schema\/person\/232422a593d5c541dd9aef6aaed10943\"},\"headline\":\"La defensa del acusado por la muerte de Roc\u00edo Alvarito emple\u00f3 una nueva estrategia y ordenaron nuevas pericias\",\"datePublished\":\"2026-03-12T05:13:13+00:00\",\"dateModified\":\"2026-03-12T06:20:48+00:00\",\"mainEntityOfPage\":{\"@id\":\"https:\/\/lobosnews.com.ar\/index.php\/2026\/03\/12\/la-defensa-del-acusado-por-la-muerte-de-rocio-alvarito-empleo-una-nueva-estrategia-y-ordenaron-nuevas-pericias\/\"},\"wordCount\":807,\"commentCount\":0,\"publisher\":{\"@id\":\"https:\/\/lobosnews.com.ar\/#organization\"},\"image\":{\"@id\":\"https:\/\/lobosnews.com.ar\/index.php\/2026\/03\/12\/la-defensa-del-acusado-por-la-muerte-de-rocio-alvarito-empleo-una-nueva-estrategia-y-ordenaron-nuevas-pericias\/#primaryimage\"},\"thumbnailUrl\":\"https:\/\/lobosnews.com.ar\/wp-content\/uploads\/2026\/03\/la-defensa-del-acusado-por-la-muerte-de-rocio-alvarito-empleo-una-nueva-estrategia-y-ordenaron-nuevas-pericias-6.jpg\",\"articleSection\":[\"Actualidad\",\"Argentina\",\"econom\u00eda\",\"inseguridad\",\"masradios.com\",\"nacionales\",\"seguridad\",\"sociedad\"],\"inLanguage\":\"es\",\"potentialAction\":[{\"@type\":\"CommentAction\",\"name\":\"Comment\",\"target\":[\"https:\/\/lobosnews.com.ar\/index.php\/2026\/03\/12\/la-defensa-del-acusado-por-la-muerte-de-rocio-alvarito-empleo-una-nueva-estrategia-y-ordenaron-nuevas-pericias\/#respond\"]}]},{\"@type\":\"WebPage\",\"@id\":\"https:\/\/lobosnews.com.ar\/index.php\/2026\/03\/12\/la-defensa-del-acusado-por-la-muerte-de-rocio-alvarito-empleo-una-nueva-estrategia-y-ordenaron-nuevas-pericias\/\",\"url\":\"https:\/\/lobosnews.com.ar\/index.php\/2026\/03\/12\/la-defensa-del-acusado-por-la-muerte-de-rocio-alvarito-empleo-una-nueva-estrategia-y-ordenaron-nuevas-pericias\/\",\"name\":\"La defensa del acusado por la muerte de Roc\u00edo Alvarito emple\u00f3 una nueva estrategia y ordenaron nuevas pericias - Lobos News\",\"isPartOf\":{\"@id\":\"https:\/\/lobosnews.com.ar\/#website\"},\"primaryImageOfPage\":{\"@id\":\"https:\/\/lobosnews.com.ar\/index.php\/2026\/03\/12\/la-defensa-del-acusado-por-la-muerte-de-rocio-alvarito-empleo-una-nueva-estrategia-y-ordenaron-nuevas-pericias\/#primaryimage\"},\"image\":{\"@id\":\"https:\/\/lobosnews.com.ar\/index.php\/2026\/03\/12\/la-defensa-del-acusado-por-la-muerte-de-rocio-alvarito-empleo-una-nueva-estrategia-y-ordenaron-nuevas-pericias\/#primaryimage\"},\"thumbnailUrl\":\"https:\/\/lobosnews.com.ar\/wp-content\/uploads\/2026\/03\/la-defensa-del-acusado-por-la-muerte-de-rocio-alvarito-empleo-una-nueva-estrategia-y-ordenaron-nuevas-pericias-6.jpg\",\"datePublished\":\"2026-03-12T05:13:13+00:00\",\"dateModified\":\"2026-03-12T06:20:48+00:00\",\"breadcrumb\":{\"@id\":\"https:\/\/lobosnews.com.ar\/index.php\/2026\/03\/12\/la-defensa-del-acusado-por-la-muerte-de-rocio-alvarito-empleo-una-nueva-estrategia-y-ordenaron-nuevas-pericias\/#breadcrumb\"},\"inLanguage\":\"es\",\"potentialAction\":[{\"@type\":\"ReadAction\",\"target\":[\"https:\/\/lobosnews.com.ar\/index.php\/2026\/03\/12\/la-defensa-del-acusado-por-la-muerte-de-rocio-alvarito-empleo-una-nueva-estrategia-y-ordenaron-nuevas-pericias\/\"]}]},{\"@type\":\"ImageObject\",\"inLanguage\":\"es\",\"@id\":\"https:\/\/lobosnews.com.ar\/index.php\/2026\/03\/12\/la-defensa-del-acusado-por-la-muerte-de-rocio-alvarito-empleo-una-nueva-estrategia-y-ordenaron-nuevas-pericias\/#primaryimage\",\"url\":\"https:\/\/lobosnews.com.ar\/wp-content\/uploads\/2026\/03\/la-defensa-del-acusado-por-la-muerte-de-rocio-alvarito-empleo-una-nueva-estrategia-y-ordenaron-nuevas-pericias-6.jpg\",\"contentUrl\":\"https:\/\/lobosnews.com.ar\/wp-content\/uploads\/2026\/03\/la-defensa-del-acusado-por-la-muerte-de-rocio-alvarito-empleo-una-nueva-estrategia-y-ordenaron-nuevas-pericias-6.jpg\",\"width\":1920,\"height\":1080,\"caption\":\"La defensa del acusado por la muerte de Roc\u00edo Alvarito emple\u00f3 una nueva estrategia y ordenaron nuevas pericias\"},{\"@type\":\"BreadcrumbList\",\"@id\":\"https:\/\/lobosnews.com.ar\/index.php\/2026\/03\/12\/la-defensa-del-acusado-por-la-muerte-de-rocio-alvarito-empleo-una-nueva-estrategia-y-ordenaron-nuevas-pericias\/#breadcrumb\",\"itemListElement\":[{\"@type\":\"ListItem\",\"position\":1,\"name\":\"Portada\",\"item\":\"https:\/\/lobosnews.com.ar\/\"},{\"@type\":\"ListItem\",\"position\":2,\"name\":\"La defensa del acusado por la muerte de Roc\u00edo Alvarito emple\u00f3 una nueva estrategia y ordenaron nuevas pericias\"}]},{\"@type\":\"WebSite\",\"@id\":\"https:\/\/lobosnews.com.ar\/#website\",\"url\":\"https:\/\/lobosnews.com.ar\/\",\"name\":\"Lobos News\",\"description\":\"Informaci\u00f3n a cada instante\",\"publisher\":{\"@id\":\"https:\/\/lobosnews.com.ar\/#organization\"},\"potentialAction\":[{\"@type\":\"SearchAction\",\"target\":{\"@type\":\"EntryPoint\",\"urlTemplate\":\"https:\/\/lobosnews.com.ar\/?s={search_term_string}\"},\"query-input\":{\"@type\":\"PropertyValueSpecification\",\"valueRequired\":true,\"valueName\":\"search_term_string\"}}],\"inLanguage\":\"es\"},{\"@type\":\"Organization\",\"@id\":\"https:\/\/lobosnews.com.ar\/#organization\",\"name\":\"Lobos News\",\"url\":\"https:\/\/lobosnews.com.ar\/\",\"logo\":{\"@type\":\"ImageObject\",\"inLanguage\":\"es\",\"@id\":\"https:\/\/lobosnews.com.ar\/#\/schema\/logo\/image\/\",\"url\":\"https:\/\/lobosnews.com.ar\/wp-content\/uploads\/2026\/01\/logo-lobosnews.png\",\"contentUrl\":\"https:\/\/lobosnews.com.ar\/wp-content\/uploads\/2026\/01\/logo-lobosnews.png\",\"width\":500,\"height\":200,\"caption\":\"Lobos News\"},\"image\":{\"@id\":\"https:\/\/lobosnews.com.ar\/#\/schema\/logo\/image\/\"}},{\"@type\":\"Person\",\"@id\":\"https:\/\/lobosnews.com.ar\/#\/schema\/person\/232422a593d5c541dd9aef6aaed10943\",\"name\":\"admin\",\"image\":{\"@type\":\"ImageObject\",\"inLanguage\":\"es\",\"@id\":\"https:\/\/lobosnews.com.ar\/#\/schema\/person\/image\/\",\"url\":\"https:\/\/secure.gravatar.com\/avatar\/76e419471a2083bc3ceab22a763dbbf9b0c1bd15a6214cf3280e2c2dde4580f9?s=96&d=mm&r=g\",\"contentUrl\":\"https:\/\/secure.gravatar.com\/avatar\/76e419471a2083bc3ceab22a763dbbf9b0c1bd15a6214cf3280e2c2dde4580f9?s=96&d=mm&r=g\",\"caption\":\"admin\"},\"sameAs\":[\"https:\/\/lobosnews.com.ar\"],\"url\":\"https:\/\/lobosnews.com.ar\/index.php\/author\/lobos-news\/\"}]}<\/script>\n<!-- \/ Yoast SEO plugin. -->","yoast_head_json":{"title":"La defensa del acusado por la muerte de Roc\u00edo Alvarito emple\u00f3 una nueva estrategia y ordenaron nuevas pericias - Lobos News","robots":{"index":"index","follow":"follow","max-snippet":"max-snippet:-1","max-image-preview":"max-image-preview:large","max-video-preview":"max-video-preview:-1"},"canonical":"https:\/\/lobosnews.com.ar\/index.php\/2026\/03\/12\/la-defensa-del-acusado-por-la-muerte-de-rocio-alvarito-empleo-una-nueva-estrategia-y-ordenaron-nuevas-pericias\/","og_locale":"es_ES","og_type":"article","og_title":"La defensa del acusado por la muerte de Roc\u00edo Alvarito emple\u00f3 una nueva estrategia y ordenaron nuevas pericias - Lobos News","og_description":"Tras haber rechazado dos pedidos de excarcelaci\u00f3n, la Justicia hizo lugar a un nuevo pedido por parte de la defensa del \u00fanico acusado y detenido por la muerte de Roc\u00edo Alvarito, ocurrida a fines de enero en La Plata. La joven de 26 a\u00f1os falleci\u00f3 tras caer del balc\u00f3n de la vivienda que alquilaba junto...","og_url":"https:\/\/lobosnews.com.ar\/index.php\/2026\/03\/12\/la-defensa-del-acusado-por-la-muerte-de-rocio-alvarito-empleo-una-nueva-estrategia-y-ordenaron-nuevas-pericias\/","og_site_name":"Lobos News","article_published_time":"2026-03-12T05:13:13+00:00","article_modified_time":"2026-03-12T06:20:48+00:00","og_image":[{"url":"https:\/\/lobosnews.com.ar\/wp-content\/uploads\/2026\/03\/la-defensa-del-acusado-por-la-muerte-de-rocio-alvarito-empleo-una-nueva-estrategia-y-ordenaron-nuevas-pericias.jpg","type":"","width":"","height":""}],"author":"admin","twitter_card":"summary_large_image","twitter_misc":{"Escrito por":"admin","Tiempo de lectura":"4 minutos"},"schema":{"@context":"https:\/\/schema.org","@graph":[{"@type":"Article","@id":"https:\/\/lobosnews.com.ar\/index.php\/2026\/03\/12\/la-defensa-del-acusado-por-la-muerte-de-rocio-alvarito-empleo-una-nueva-estrategia-y-ordenaron-nuevas-pericias\/#article","isPartOf":{"@id":"https:\/\/lobosnews.com.ar\/index.php\/2026\/03\/12\/la-defensa-del-acusado-por-la-muerte-de-rocio-alvarito-empleo-una-nueva-estrategia-y-ordenaron-nuevas-pericias\/"},"author":{"name":"admin","@id":"https:\/\/lobosnews.com.ar\/#\/schema\/person\/232422a593d5c541dd9aef6aaed10943"},"headline":"La defensa del acusado por la muerte de Roc\u00edo Alvarito emple\u00f3 una nueva estrategia y ordenaron nuevas pericias","datePublished":"2026-03-12T05:13:13+00:00","dateModified":"2026-03-12T06:20:48+00:00","mainEntityOfPage":{"@id":"https:\/\/lobosnews.com.ar\/index.php\/2026\/03\/12\/la-defensa-del-acusado-por-la-muerte-de-rocio-alvarito-empleo-una-nueva-estrategia-y-ordenaron-nuevas-pericias\/"},"wordCount":807,"commentCount":0,"publisher":{"@id":"https:\/\/lobosnews.com.ar\/#organization"},"image":{"@id":"https:\/\/lobosnews.com.ar\/index.php\/2026\/03\/12\/la-defensa-del-acusado-por-la-muerte-de-rocio-alvarito-empleo-una-nueva-estrategia-y-ordenaron-nuevas-pericias\/#primaryimage"},"thumbnailUrl":"https:\/\/lobosnews.com.ar\/wp-content\/uploads\/2026\/03\/la-defensa-del-acusado-por-la-muerte-de-rocio-alvarito-empleo-una-nueva-estrategia-y-ordenaron-nuevas-pericias-6.jpg","articleSection":["Actualidad","Argentina","econom\u00eda","inseguridad","masradios.com","nacionales","seguridad","sociedad"],"inLanguage":"es","potentialAction":[{"@type":"CommentAction","name":"Comment","target":["https:\/\/lobosnews.com.ar\/index.php\/2026\/03\/12\/la-defensa-del-acusado-por-la-muerte-de-rocio-alvarito-empleo-una-nueva-estrategia-y-ordenaron-nuevas-pericias\/#respond"]}]},{"@type":"WebPage","@id":"https:\/\/lobosnews.com.ar\/index.php\/2026\/03\/12\/la-defensa-del-acusado-por-la-muerte-de-rocio-alvarito-empleo-una-nueva-estrategia-y-ordenaron-nuevas-pericias\/","url":"https:\/\/lobosnews.com.ar\/index.php\/2026\/03\/12\/la-defensa-del-acusado-por-la-muerte-de-rocio-alvarito-empleo-una-nueva-estrategia-y-ordenaron-nuevas-pericias\/","name":"La defensa del acusado por la muerte de Roc\u00edo Alvarito emple\u00f3 una nueva estrategia y ordenaron nuevas pericias - Lobos News","isPartOf":{"@id":"https:\/\/lobosnews.com.ar\/#website"},"primaryImageOfPage":{"@id":"https:\/\/lobosnews.com.ar\/index.php\/2026\/03\/12\/la-defensa-del-acusado-por-la-muerte-de-rocio-alvarito-empleo-una-nueva-estrategia-y-ordenaron-nuevas-pericias\/#primaryimage"},"image":{"@id":"https:\/\/lobosnews.com.ar\/index.php\/2026\/03\/12\/la-defensa-del-acusado-por-la-muerte-de-rocio-alvarito-empleo-una-nueva-estrategia-y-ordenaron-nuevas-pericias\/#primaryimage"},"thumbnailUrl":"https:\/\/lobosnews.com.ar\/wp-content\/uploads\/2026\/03\/la-defensa-del-acusado-por-la-muerte-de-rocio-alvarito-empleo-una-nueva-estrategia-y-ordenaron-nuevas-pericias-6.jpg","datePublished":"2026-03-12T05:13:13+00:00","dateModified":"2026-03-12T06:20:48+00:00","breadcrumb":{"@id":"https:\/\/lobosnews.com.ar\/index.php\/2026\/03\/12\/la-defensa-del-acusado-por-la-muerte-de-rocio-alvarito-empleo-una-nueva-estrategia-y-ordenaron-nuevas-pericias\/#breadcrumb"},"inLanguage":"es","potentialAction":[{"@type":"ReadAction","target":["https:\/\/lobosnews.com.ar\/index.php\/2026\/03\/12\/la-defensa-del-acusado-por-la-muerte-de-rocio-alvarito-empleo-una-nueva-estrategia-y-ordenaron-nuevas-pericias\/"]}]},{"@type":"ImageObject","inLanguage":"es","@id":"https:\/\/lobosnews.com.ar\/index.php\/2026\/03\/12\/la-defensa-del-acusado-por-la-muerte-de-rocio-alvarito-empleo-una-nueva-estrategia-y-ordenaron-nuevas-pericias\/#primaryimage","url":"https:\/\/lobosnews.com.ar\/wp-content\/uploads\/2026\/03\/la-defensa-del-acusado-por-la-muerte-de-rocio-alvarito-empleo-una-nueva-estrategia-y-ordenaron-nuevas-pericias-6.jpg","contentUrl":"https:\/\/lobosnews.com.ar\/wp-content\/uploads\/2026\/03\/la-defensa-del-acusado-por-la-muerte-de-rocio-alvarito-empleo-una-nueva-estrategia-y-ordenaron-nuevas-pericias-6.jpg","width":1920,"height":1080,"caption":"La defensa del acusado por la muerte de Roc\u00edo Alvarito emple\u00f3 una nueva estrategia y ordenaron nuevas pericias"},{"@type":"BreadcrumbList","@id":"https:\/\/lobosnews.com.ar\/index.php\/2026\/03\/12\/la-defensa-del-acusado-por-la-muerte-de-rocio-alvarito-empleo-una-nueva-estrategia-y-ordenaron-nuevas-pericias\/#breadcrumb","itemListElement":[{"@type":"ListItem","position":1,"name":"Portada","item":"https:\/\/lobosnews.com.ar\/"},{"@type":"ListItem","position":2,"name":"La defensa del acusado por la muerte de Roc\u00edo Alvarito emple\u00f3 una nueva estrategia y ordenaron nuevas pericias"}]},{"@type":"WebSite","@id":"https:\/\/lobosnews.com.ar\/#website","url":"https:\/\/lobosnews.com.ar\/","name":"Lobos News","description":"Informaci\u00f3n a cada instante","publisher":{"@id":"https:\/\/lobosnews.com.ar\/#organization"},"potentialAction":[{"@type":"SearchAction","target":{"@type":"EntryPoint","urlTemplate":"https:\/\/lobosnews.com.ar\/?s={search_term_string}"},"query-input":{"@type":"PropertyValueSpecification","valueRequired":true,"valueName":"search_term_string"}}],"inLanguage":"es"},{"@type":"Organization","@id":"https:\/\/lobosnews.com.ar\/#organization","name":"Lobos News","url":"https:\/\/lobosnews.com.ar\/","logo":{"@type":"ImageObject","inLanguage":"es","@id":"https:\/\/lobosnews.com.ar\/#\/schema\/logo\/image\/","url":"https:\/\/lobosnews.com.ar\/wp-content\/uploads\/2026\/01\/logo-lobosnews.png","contentUrl":"https:\/\/lobosnews.com.ar\/wp-content\/uploads\/2026\/01\/logo-lobosnews.png","width":500,"height":200,"caption":"Lobos News"},"image":{"@id":"https:\/\/lobosnews.com.ar\/#\/schema\/logo\/image\/"}},{"@type":"Person","@id":"https:\/\/lobosnews.com.ar\/#\/schema\/person\/232422a593d5c541dd9aef6aaed10943","name":"admin","image":{"@type":"ImageObject","inLanguage":"es","@id":"https:\/\/lobosnews.com.ar\/#\/schema\/person\/image\/","url":"https:\/\/secure.gravatar.com\/avatar\/76e419471a2083bc3ceab22a763dbbf9b0c1bd15a6214cf3280e2c2dde4580f9?s=96&d=mm&r=g","contentUrl":"https:\/\/secure.gravatar.com\/avatar\/76e419471a2083bc3ceab22a763dbbf9b0c1bd15a6214cf3280e2c2dde4580f9?s=96&d=mm&r=g","caption":"admin"},"sameAs":["https:\/\/lobosnews.com.ar"],"url":"https:\/\/lobosnews.com.ar\/index.php\/author\/lobos-news\/"}]}},"jetpack_featured_media_url":"https:\/\/lobosnews.com.ar\/wp-content\/uploads\/2026\/03\/la-defensa-del-acusado-por-la-muerte-de-rocio-alvarito-empleo-una-nueva-estrategia-y-ordenaron-nuevas-pericias-6.jpg","jetpack_sharing_enabled":true,"_links":{"self":[{"href":"https:\/\/lobosnews.com.ar\/index.php\/wp-json\/wp\/v2\/posts\/32286","targetHints":{"allow":["GET"]}}],"collection":[{"href":"https:\/\/lobosnews.com.ar\/index.php\/wp-json\/wp\/v2\/posts"}],"about":[{"href":"https:\/\/lobosnews.com.ar\/index.php\/wp-json\/wp\/v2\/types\/post"}],"author":[{"embeddable":true,"href":"https:\/\/lobosnews.com.ar\/index.php\/wp-json\/wp\/v2\/users\/1"}],"replies":[{"embeddable":true,"href":"https:\/\/lobosnews.com.ar\/index.php\/wp-json\/wp\/v2\/comments?post=32286"}],"version-history":[{"count":1,"href":"https:\/\/lobosnews.com.ar\/index.php\/wp-json\/wp\/v2\/posts\/32286\/revisions"}],"predecessor-version":[{"id":32291,"href":"https:\/\/lobosnews.com.ar\/index.php\/wp-json\/wp\/v2\/posts\/32286\/revisions\/32291"}],"wp:featuredmedia":[{"embeddable":true,"href":"https:\/\/lobosnews.com.ar\/index.php\/wp-json\/wp\/v2\/media\/32292"}],"wp:attachment":[{"href":"https:\/\/lobosnews.com.ar\/index.php\/wp-json\/wp\/v2\/media?parent=32286"}],"wp:term":[{"taxonomy":"category","embeddable":true,"href":"https:\/\/lobosnews.com.ar\/index.php\/wp-json\/wp\/v2\/categories?post=32286"},{"taxonomy":"post_tag","embeddable":true,"href":"https:\/\/lobosnews.com.ar\/index.php\/wp-json\/wp\/v2\/tags?post=32286"}],"curies":[{"name":"wp","href":"https:\/\/api.w.org\/{rel}","templated":true}]}}