{"id":32242,"date":"2026-03-11T22:41:37","date_gmt":"2026-03-11T22:41:37","guid":{"rendered":"https:\/\/lobosnews.com.ar\/index.php\/2026\/03\/11\/la-emocion-de-lizardo-ponce-al-hablar-de-la-muerte-de-su-abuela-fue-muy-dificil\/"},"modified":"2026-03-12T03:03:13","modified_gmt":"2026-03-12T03:03:13","slug":"la-emocion-de-lizardo-ponce-al-hablar-de-la-muerte-de-su-abuela-fue-muy-dificil","status":"publish","type":"post","link":"https:\/\/lobosnews.com.ar\/index.php\/2026\/03\/11\/la-emocion-de-lizardo-ponce-al-hablar-de-la-muerte-de-su-abuela-fue-muy-dificil\/","title":{"rendered":"La emoci\u00f3n de Lizardo Ponce al hablar de la muerte de su abuela: \u201cFue muy dif\u00edcil\u201d"},"content":{"rendered":"<p>Cuatro d\u00edas atr\u00e1s, <span class=\"waslinkname\"><b>Lizardo Ponce<\/b> <\/span>us\u00f3 sus redes sociales para comunicar <span class=\"waslinkname\">el fallecimiento de su abuela<\/span>, atravesando uno de los momentos m\u00e1s dif\u00edciles a nivel personal justo cuando su pareja, <b>Franco Poggio<\/b>, se encuentra dentro de la casa de<span class=\"waslinkname\"> <i>Gran Hermano Generaci\u00f3n Dorada<\/i><\/span>. Lejos de su principal apoyo emocional, el influencer fue invitado a <i>A la Barbarossa<\/i> (Telefe) y no pudo evitar emocionarse al hablar del duelo y la distancia.<\/p>\n<p><b>P\u00eda Shaw<\/b> lo acompa\u00f1\u00f3 en el recuerdo: \u201cEstuve con Lizardo el d\u00eda que entraba su pareja a la casa. Obviamente que estabas mal. Nosotros lo hablamos, ven\u00eda con ma\u00f1anas y noches llorando por esta situaci\u00f3n. Lizardo, nos cruzamos hace un d\u00eda cuando \u00e9l volv\u00eda de C\u00f3rdoba, falleci\u00f3 su abuela. \u00bfC\u00f3mo fue tambi\u00e9n vivir esta experiencia personal sin la compa\u00f1\u00eda de lo que es tu amor? Que, que bueno, que siempre te acompa\u00f1a en los momentos m\u00e1s dif\u00edciles. Vos siempre dec\u00eds que \u00e9l te salv\u00f3, \u00bfno? En tantas situaciones\u201d.<\/p>\n<p>Lizardo respondi\u00f3 intentando contener las l\u00e1grimas de emoci\u00f3n al recordar a su abuela: \u201c<b>S\u00ed, fue muy dif\u00edcil no tenerlo conmigo en ese momento. Es un momento que pas\u00e9 muy dif\u00edcil, de tener a mi familia tambi\u00e9n lejos y que \u00e9l estuvo siempre<\/b>, desde un primer momento acompa\u00f1\u00e1ndome en todo, en absolutamente todo. Y cuando pas\u00f3 lo de mi abuela, nada, sent\u00ed la necesidad de ir a buscarlo para que me acompa\u00f1e. Pero nada. Tambi\u00e9n entiendo que se trata un poco de esto tambi\u00e9n, que \u00e9l est\u00e1 viviendo tambi\u00e9n su experiencia y respetarlo. Pero s\u00ed fue fundamental, saber que lo ten\u00eda conmigo m\u00e1s all\u00e1 de todo\u201d.<\/p>\n<p><img loading=\"lazy\" decoding=\"async\" src=\"https:\/\/lobosnews.com.ar\/wp-content\/uploads\/2026\/03\/la-emocion-de-lizardo-ponce-al-hablar-de-la-muerte-de-su-abuela-fue-muy-dificil.jpg\" alt=\"Lizardo Ponce comparti\u00f3 una tierna imagen abrazando a su abuela para honrar su memoria \" height=\"1440\" width=\"1080\"\/><\/p>\n<p>P\u00eda, que conoce a los dos, agreg\u00f3 sobre el v\u00ednculo: \u201cFranco estuvo contigo en momentos muy importantes en los cuales vos estuviste muy angustiado y atravesando momentos en los cuales no encontrabas muchas soluciones. \u00c9l vino como apoyo\u201d.<\/p>\n<p>Lizardo record\u00f3: \u201cNo, hace ya un tiempo, hace ya a\u00f1os atr\u00e1s, <b>tuve un momento muy oscuro de mi vida, en el cual por suerte \u00e9l apareci\u00f3 y me pudo cuidar y me pudo dar la contenci\u00f3n que yo necesitaba<\/b>. Entonces, fueron dos a\u00f1os donde fuimos muy compa\u00f1eros los dos y verlo ah\u00ed a m\u00ed me emociona mucho, porque realmente s\u00e9 que para \u00e9l es muy dif\u00edcil por el tipo de personalidad que tiene. Entonces, trato de apoyarlo y de bancarlo, porque s\u00e9 que tambi\u00e9n es una oportunidad para \u00e9l y tengo fe en que va a salir todo bien y que pase lo que pase, va a ser lo mejor para \u00e9l, porque se merece lo mejor\u201d.<\/p>\n<p>Sobre la experiencia de ver a Franco en el reality y no poder contactarlo, Lizardo reconoci\u00f3: \u201cConoci\u00e9ndolo, yo s\u00e9 que \u00e9l est\u00e1 siendo \u00e9l. Que para m\u00ed es lo m\u00e1s importante, porque los valores que \u00e9l tiene y la clase de persona que es, que me apena que todav\u00eda no lo pueda llegar a mostrar, me deja tranquilo de que, de que pase lo que pase se va a merecer lo mejor. Y ah\u00ed est\u00e1\u201d.<\/p>\n<p>El programa cerr\u00f3 con un mensaje de contenci\u00f3n y cari\u00f1o de P\u00eda y el resto del equipo, y Lizardo agradeci\u00f3 no solo el espacio, sino tambi\u00e9n las muestras de apoyo recibidas en redes sociales: \u201cHay que agradecer tambi\u00e9n de que dentro de todo, en las redes, que siempre criticamos, hay gente que tira buenas energ\u00edas, buenas vibras y eso tambi\u00e9n se hay que agradecerlo\u201d.<\/p>\n<p><img loading=\"lazy\" decoding=\"async\" src=\"https:\/\/lobosnews.com.ar\/wp-content\/uploads\/2026\/03\/la-emocion-de-lizardo-ponce-al-hablar-de-la-muerte-de-su-abuela-fue-muy-dificil-1.jpg\" alt=\"Lizardo despidi\u00f3 a su abuela con un posteo en sus redes (Instagram)\" height=\"1440\" width=\"1080\"\/><\/p>\n<p>As\u00ed, entre l\u00e1grimas, abrazos y palabras sinceras, Lizardo Ponce mostr\u00f3 la dimensi\u00f3n del dolor y la dificultad de atravesar un duelo lejos de su pareja y de parte de su familia, y puso en valor el afecto y la fuerza de los v\u00ednculos en los momentos m\u00e1s duros.<\/p>\n","protected":false},"excerpt":{"rendered":"<p>Cuatro d\u00edas atr\u00e1s, Lizardo Ponce us\u00f3 sus redes sociales para comunicar el fallecimiento de su abuela, atravesando uno de los momentos m\u00e1s dif\u00edciles a nivel personal justo cuando su pareja, Franco Poggio, se encuentra dentro de la casa de Gran Hermano Generaci\u00f3n Dorada. Lejos de su principal apoyo emocional, el influencer fue invitado a A&#8230;<\/p>\n","protected":false},"author":1,"featured_media":32246,"comment_status":"open","ping_status":"closed","sticky":false,"template":"","format":"standard","meta":{"_jetpack_memberships_contains_paid_content":false,"footnotes":""},"categories":[79],"tags":[],"class_list":["post-32242","post","type-post","status-publish","format-standard","has-post-thumbnail","hentry","category-cine-y-series"],"magazineBlocksPostFeaturedMedia":{"thumbnail":"https:\/\/lobosnews.com.ar\/wp-content\/uploads\/2026\/03\/la-emocion-de-lizardo-ponce-al-hablar-de-la-muerte-de-su-abuela-fue-muy-dificil-2-150x150.jpg","medium":"https:\/\/lobosnews.com.ar\/wp-content\/uploads\/2026\/03\/la-emocion-de-lizardo-ponce-al-hablar-de-la-muerte-de-su-abuela-fue-muy-dificil-2-225x300.jpg","medium_large":"https:\/\/lobosnews.com.ar\/wp-content\/uploads\/2026\/03\/la-emocion-de-lizardo-ponce-al-hablar-de-la-muerte-de-su-abuela-fue-muy-dificil-2-768x1024.jpg","large":"https:\/\/lobosnews.com.ar\/wp-content\/uploads\/2026\/03\/la-emocion-de-lizardo-ponce-al-hablar-de-la-muerte-de-su-abuela-fue-muy-dificil-2-768x1024.jpg","1536x1536":"https:\/\/lobosnews.com.ar\/wp-content\/uploads\/2026\/03\/la-emocion-de-lizardo-ponce-al-hablar-de-la-muerte-de-su-abuela-fue-muy-dificil-2.jpg","2048x2048":"https:\/\/lobosnews.com.ar\/wp-content\/uploads\/2026\/03\/la-emocion-de-lizardo-ponce-al-hablar-de-la-muerte-de-su-abuela-fue-muy-dificil-2.jpg","newsmatic-featured":"https:\/\/lobosnews.com.ar\/wp-content\/uploads\/2026\/03\/la-emocion-de-lizardo-ponce-al-hablar-de-la-muerte-de-su-abuela-fue-muy-dificil-2-820x545.jpg","newsmatic-list":"https:\/\/lobosnews.com.ar\/wp-content\/uploads\/2026\/03\/la-emocion-de-lizardo-ponce-al-hablar-de-la-muerte-de-su-abuela-fue-muy-dificil-2-600x400.jpg","newsmatic-thumb":"https:\/\/lobosnews.com.ar\/wp-content\/uploads\/2026\/03\/la-emocion-de-lizardo-ponce-al-hablar-de-la-muerte-de-su-abuela-fue-muy-dificil-2-300x200.jpg","newsmatic-small":"https:\/\/lobosnews.com.ar\/wp-content\/uploads\/2026\/03\/la-emocion-de-lizardo-ponce-al-hablar-de-la-muerte-de-su-abuela-fue-muy-dificil-2-150x95.jpg","newsmatic-grid":"https:\/\/lobosnews.com.ar\/wp-content\/uploads\/2026\/03\/la-emocion-de-lizardo-ponce-al-hablar-de-la-muerte-de-su-abuela-fue-muy-dificil-2-400x250.jpg"},"magazineBlocksPostAuthor":{"name":"admin","avatar":"https:\/\/secure.gravatar.com\/avatar\/76e419471a2083bc3ceab22a763dbbf9b0c1bd15a6214cf3280e2c2dde4580f9?s=96&d=mm&r=g"},"magazineBlocksPostCommentsNumber":"0","magazineBlocksPostExcerpt":"Cuatro d\u00edas atr\u00e1s, Lizardo Ponce us\u00f3 sus redes sociales para comunicar el fallecimiento de su abuela, atravesando uno de los momentos m\u00e1s dif\u00edciles a nivel personal justo cuando su pareja, Franco Poggio, se encuentra dentro de la casa de Gran Hermano Generaci\u00f3n Dorada. Lejos de su principal apoyo emocional, el influencer fue invitado a A...","magazineBlocksPostCategories":["Cine y Series"],"magazineBlocksPostViewCount":98,"magazineBlocksPostReadTime":4,"magazine_blocks_featured_image_url":{"full":["https:\/\/lobosnews.com.ar\/wp-content\/uploads\/2026\/03\/la-emocion-de-lizardo-ponce-al-hablar-de-la-muerte-de-su-abuela-fue-muy-dificil-2.jpg",1080,1440,false],"medium":["https:\/\/lobosnews.com.ar\/wp-content\/uploads\/2026\/03\/la-emocion-de-lizardo-ponce-al-hablar-de-la-muerte-de-su-abuela-fue-muy-dificil-2-225x300.jpg",225,300,true],"thumbnail":["https:\/\/lobosnews.com.ar\/wp-content\/uploads\/2026\/03\/la-emocion-de-lizardo-ponce-al-hablar-de-la-muerte-de-su-abuela-fue-muy-dificil-2-150x150.jpg",150,150,true]},"magazine_blocks_author":{"display_name":"admin","author_link":"https:\/\/lobosnews.com.ar\/index.php\/author\/lobos-news\/"},"magazine_blocks_comment":0,"magazine_blocks_author_image":"https:\/\/secure.gravatar.com\/avatar\/76e419471a2083bc3ceab22a763dbbf9b0c1bd15a6214cf3280e2c2dde4580f9?s=96&d=mm&r=g","magazine_blocks_category":"<a href=\"#\" class=\"category-link category-link-79\">Cine y Series<\/a>","yoast_head":"<!-- This site is optimized with the Yoast SEO plugin v26.6 - https:\/\/yoast.com\/wordpress\/plugins\/seo\/ -->\n<title>La emoci\u00f3n de Lizardo Ponce al hablar de la muerte de su abuela: \u201cFue muy dif\u00edcil\u201d - Lobos News<\/title>\n<meta name=\"robots\" content=\"index, follow, max-snippet:-1, max-image-preview:large, max-video-preview:-1\" \/>\n<link rel=\"canonical\" href=\"https:\/\/lobosnews.com.ar\/index.php\/2026\/03\/11\/la-emocion-de-lizardo-ponce-al-hablar-de-la-muerte-de-su-abuela-fue-muy-dificil\/\" \/>\n<meta property=\"og:locale\" content=\"es_ES\" \/>\n<meta property=\"og:type\" content=\"article\" \/>\n<meta property=\"og:title\" content=\"La emoci\u00f3n de Lizardo Ponce al hablar de la muerte de su abuela: \u201cFue muy dif\u00edcil\u201d - Lobos News\" \/>\n<meta property=\"og:description\" content=\"Cuatro d\u00edas atr\u00e1s, Lizardo Ponce us\u00f3 sus redes sociales para comunicar el fallecimiento de su abuela, atravesando uno de los momentos m\u00e1s dif\u00edciles a nivel personal justo cuando su pareja, Franco Poggio, se encuentra dentro de la casa de Gran Hermano Generaci\u00f3n Dorada. Lejos de su principal apoyo emocional, el influencer fue invitado a A...\" \/>\n<meta property=\"og:url\" content=\"https:\/\/lobosnews.com.ar\/index.php\/2026\/03\/11\/la-emocion-de-lizardo-ponce-al-hablar-de-la-muerte-de-su-abuela-fue-muy-dificil\/\" \/>\n<meta property=\"og:site_name\" content=\"Lobos News\" \/>\n<meta property=\"article:published_time\" content=\"2026-03-11T22:41:37+00:00\" \/>\n<meta property=\"article:modified_time\" content=\"2026-03-12T03:03:13+00:00\" \/>\n<meta property=\"og:image\" content=\"https:\/\/lobosnews.com.ar\/wp-content\/uploads\/2026\/03\/la-emocion-de-lizardo-ponce-al-hablar-de-la-muerte-de-su-abuela-fue-muy-dificil.jpg\" \/>\n<meta name=\"author\" content=\"admin\" \/>\n<meta name=\"twitter:card\" content=\"summary_large_image\" \/>\n<meta name=\"twitter:label1\" content=\"Escrito por\" \/>\n\t<meta name=\"twitter:data1\" content=\"admin\" \/>\n\t<meta name=\"twitter:label2\" content=\"Tiempo de lectura\" \/>\n\t<meta name=\"twitter:data2\" content=\"3 minutos\" \/>\n<script type=\"application\/ld+json\" class=\"yoast-schema-graph\">{\"@context\":\"https:\/\/schema.org\",\"@graph\":[{\"@type\":\"Article\",\"@id\":\"https:\/\/lobosnews.com.ar\/index.php\/2026\/03\/11\/la-emocion-de-lizardo-ponce-al-hablar-de-la-muerte-de-su-abuela-fue-muy-dificil\/#article\",\"isPartOf\":{\"@id\":\"https:\/\/lobosnews.com.ar\/index.php\/2026\/03\/11\/la-emocion-de-lizardo-ponce-al-hablar-de-la-muerte-de-su-abuela-fue-muy-dificil\/\"},\"author\":{\"name\":\"admin\",\"@id\":\"https:\/\/lobosnews.com.ar\/#\/schema\/person\/232422a593d5c541dd9aef6aaed10943\"},\"headline\":\"La emoci\u00f3n de Lizardo Ponce al hablar de la muerte de su abuela: \u201cFue muy dif\u00edcil\u201d\",\"datePublished\":\"2026-03-11T22:41:37+00:00\",\"dateModified\":\"2026-03-12T03:03:13+00:00\",\"mainEntityOfPage\":{\"@id\":\"https:\/\/lobosnews.com.ar\/index.php\/2026\/03\/11\/la-emocion-de-lizardo-ponce-al-hablar-de-la-muerte-de-su-abuela-fue-muy-dificil\/\"},\"wordCount\":678,\"commentCount\":0,\"publisher\":{\"@id\":\"https:\/\/lobosnews.com.ar\/#organization\"},\"image\":{\"@id\":\"https:\/\/lobosnews.com.ar\/index.php\/2026\/03\/11\/la-emocion-de-lizardo-ponce-al-hablar-de-la-muerte-de-su-abuela-fue-muy-dificil\/#primaryimage\"},\"thumbnailUrl\":\"https:\/\/lobosnews.com.ar\/wp-content\/uploads\/2026\/03\/la-emocion-de-lizardo-ponce-al-hablar-de-la-muerte-de-su-abuela-fue-muy-dificil-2.jpg\",\"articleSection\":[\"Cine y Series\"],\"inLanguage\":\"es\",\"potentialAction\":[{\"@type\":\"CommentAction\",\"name\":\"Comment\",\"target\":[\"https:\/\/lobosnews.com.ar\/index.php\/2026\/03\/11\/la-emocion-de-lizardo-ponce-al-hablar-de-la-muerte-de-su-abuela-fue-muy-dificil\/#respond\"]}]},{\"@type\":\"WebPage\",\"@id\":\"https:\/\/lobosnews.com.ar\/index.php\/2026\/03\/11\/la-emocion-de-lizardo-ponce-al-hablar-de-la-muerte-de-su-abuela-fue-muy-dificil\/\",\"url\":\"https:\/\/lobosnews.com.ar\/index.php\/2026\/03\/11\/la-emocion-de-lizardo-ponce-al-hablar-de-la-muerte-de-su-abuela-fue-muy-dificil\/\",\"name\":\"La emoci\u00f3n de Lizardo Ponce al hablar de la muerte de su abuela: \u201cFue muy dif\u00edcil\u201d - Lobos News\",\"isPartOf\":{\"@id\":\"https:\/\/lobosnews.com.ar\/#website\"},\"primaryImageOfPage\":{\"@id\":\"https:\/\/lobosnews.com.ar\/index.php\/2026\/03\/11\/la-emocion-de-lizardo-ponce-al-hablar-de-la-muerte-de-su-abuela-fue-muy-dificil\/#primaryimage\"},\"image\":{\"@id\":\"https:\/\/lobosnews.com.ar\/index.php\/2026\/03\/11\/la-emocion-de-lizardo-ponce-al-hablar-de-la-muerte-de-su-abuela-fue-muy-dificil\/#primaryimage\"},\"thumbnailUrl\":\"https:\/\/lobosnews.com.ar\/wp-content\/uploads\/2026\/03\/la-emocion-de-lizardo-ponce-al-hablar-de-la-muerte-de-su-abuela-fue-muy-dificil-2.jpg\",\"datePublished\":\"2026-03-11T22:41:37+00:00\",\"dateModified\":\"2026-03-12T03:03:13+00:00\",\"breadcrumb\":{\"@id\":\"https:\/\/lobosnews.com.ar\/index.php\/2026\/03\/11\/la-emocion-de-lizardo-ponce-al-hablar-de-la-muerte-de-su-abuela-fue-muy-dificil\/#breadcrumb\"},\"inLanguage\":\"es\",\"potentialAction\":[{\"@type\":\"ReadAction\",\"target\":[\"https:\/\/lobosnews.com.ar\/index.php\/2026\/03\/11\/la-emocion-de-lizardo-ponce-al-hablar-de-la-muerte-de-su-abuela-fue-muy-dificil\/\"]}]},{\"@type\":\"ImageObject\",\"inLanguage\":\"es\",\"@id\":\"https:\/\/lobosnews.com.ar\/index.php\/2026\/03\/11\/la-emocion-de-lizardo-ponce-al-hablar-de-la-muerte-de-su-abuela-fue-muy-dificil\/#primaryimage\",\"url\":\"https:\/\/lobosnews.com.ar\/wp-content\/uploads\/2026\/03\/la-emocion-de-lizardo-ponce-al-hablar-de-la-muerte-de-su-abuela-fue-muy-dificil-2.jpg\",\"contentUrl\":\"https:\/\/lobosnews.com.ar\/wp-content\/uploads\/2026\/03\/la-emocion-de-lizardo-ponce-al-hablar-de-la-muerte-de-su-abuela-fue-muy-dificil-2.jpg\",\"width\":1080,\"height\":1440,\"caption\":\"La emoci\u00f3n de Lizardo Ponce al hablar de la muerte de su abuela: \u201cFue muy dif\u00edcil\u201d\"},{\"@type\":\"BreadcrumbList\",\"@id\":\"https:\/\/lobosnews.com.ar\/index.php\/2026\/03\/11\/la-emocion-de-lizardo-ponce-al-hablar-de-la-muerte-de-su-abuela-fue-muy-dificil\/#breadcrumb\",\"itemListElement\":[{\"@type\":\"ListItem\",\"position\":1,\"name\":\"Portada\",\"item\":\"https:\/\/lobosnews.com.ar\/\"},{\"@type\":\"ListItem\",\"position\":2,\"name\":\"La emoci\u00f3n de Lizardo Ponce al hablar de la muerte de su abuela: \u201cFue muy dif\u00edcil\u201d\"}]},{\"@type\":\"WebSite\",\"@id\":\"https:\/\/lobosnews.com.ar\/#website\",\"url\":\"https:\/\/lobosnews.com.ar\/\",\"name\":\"Lobos News\",\"description\":\"Informaci\u00f3n a cada instante\",\"publisher\":{\"@id\":\"https:\/\/lobosnews.com.ar\/#organization\"},\"potentialAction\":[{\"@type\":\"SearchAction\",\"target\":{\"@type\":\"EntryPoint\",\"urlTemplate\":\"https:\/\/lobosnews.com.ar\/?s={search_term_string}\"},\"query-input\":{\"@type\":\"PropertyValueSpecification\",\"valueRequired\":true,\"valueName\":\"search_term_string\"}}],\"inLanguage\":\"es\"},{\"@type\":\"Organization\",\"@id\":\"https:\/\/lobosnews.com.ar\/#organization\",\"name\":\"Lobos News\",\"url\":\"https:\/\/lobosnews.com.ar\/\",\"logo\":{\"@type\":\"ImageObject\",\"inLanguage\":\"es\",\"@id\":\"https:\/\/lobosnews.com.ar\/#\/schema\/logo\/image\/\",\"url\":\"https:\/\/lobosnews.com.ar\/wp-content\/uploads\/2026\/01\/logo-lobosnews.png\",\"contentUrl\":\"https:\/\/lobosnews.com.ar\/wp-content\/uploads\/2026\/01\/logo-lobosnews.png\",\"width\":500,\"height\":200,\"caption\":\"Lobos News\"},\"image\":{\"@id\":\"https:\/\/lobosnews.com.ar\/#\/schema\/logo\/image\/\"}},{\"@type\":\"Person\",\"@id\":\"https:\/\/lobosnews.com.ar\/#\/schema\/person\/232422a593d5c541dd9aef6aaed10943\",\"name\":\"admin\",\"image\":{\"@type\":\"ImageObject\",\"inLanguage\":\"es\",\"@id\":\"https:\/\/lobosnews.com.ar\/#\/schema\/person\/image\/\",\"url\":\"https:\/\/secure.gravatar.com\/avatar\/76e419471a2083bc3ceab22a763dbbf9b0c1bd15a6214cf3280e2c2dde4580f9?s=96&d=mm&r=g\",\"contentUrl\":\"https:\/\/secure.gravatar.com\/avatar\/76e419471a2083bc3ceab22a763dbbf9b0c1bd15a6214cf3280e2c2dde4580f9?s=96&d=mm&r=g\",\"caption\":\"admin\"},\"sameAs\":[\"https:\/\/lobosnews.com.ar\"],\"url\":\"https:\/\/lobosnews.com.ar\/index.php\/author\/lobos-news\/\"}]}<\/script>\n<!-- \/ Yoast SEO plugin. -->","yoast_head_json":{"title":"La emoci\u00f3n de Lizardo Ponce al hablar de la muerte de su abuela: \u201cFue muy dif\u00edcil\u201d - Lobos News","robots":{"index":"index","follow":"follow","max-snippet":"max-snippet:-1","max-image-preview":"max-image-preview:large","max-video-preview":"max-video-preview:-1"},"canonical":"https:\/\/lobosnews.com.ar\/index.php\/2026\/03\/11\/la-emocion-de-lizardo-ponce-al-hablar-de-la-muerte-de-su-abuela-fue-muy-dificil\/","og_locale":"es_ES","og_type":"article","og_title":"La emoci\u00f3n de Lizardo Ponce al hablar de la muerte de su abuela: \u201cFue muy dif\u00edcil\u201d - Lobos News","og_description":"Cuatro d\u00edas atr\u00e1s, Lizardo Ponce us\u00f3 sus redes sociales para comunicar el fallecimiento de su abuela, atravesando uno de los momentos m\u00e1s dif\u00edciles a nivel personal justo cuando su pareja, Franco Poggio, se encuentra dentro de la casa de Gran Hermano Generaci\u00f3n Dorada. Lejos de su principal apoyo emocional, el influencer fue invitado a A...","og_url":"https:\/\/lobosnews.com.ar\/index.php\/2026\/03\/11\/la-emocion-de-lizardo-ponce-al-hablar-de-la-muerte-de-su-abuela-fue-muy-dificil\/","og_site_name":"Lobos News","article_published_time":"2026-03-11T22:41:37+00:00","article_modified_time":"2026-03-12T03:03:13+00:00","og_image":[{"url":"https:\/\/lobosnews.com.ar\/wp-content\/uploads\/2026\/03\/la-emocion-de-lizardo-ponce-al-hablar-de-la-muerte-de-su-abuela-fue-muy-dificil.jpg","type":"","width":"","height":""}],"author":"admin","twitter_card":"summary_large_image","twitter_misc":{"Escrito por":"admin","Tiempo de lectura":"3 minutos"},"schema":{"@context":"https:\/\/schema.org","@graph":[{"@type":"Article","@id":"https:\/\/lobosnews.com.ar\/index.php\/2026\/03\/11\/la-emocion-de-lizardo-ponce-al-hablar-de-la-muerte-de-su-abuela-fue-muy-dificil\/#article","isPartOf":{"@id":"https:\/\/lobosnews.com.ar\/index.php\/2026\/03\/11\/la-emocion-de-lizardo-ponce-al-hablar-de-la-muerte-de-su-abuela-fue-muy-dificil\/"},"author":{"name":"admin","@id":"https:\/\/lobosnews.com.ar\/#\/schema\/person\/232422a593d5c541dd9aef6aaed10943"},"headline":"La emoci\u00f3n de Lizardo Ponce al hablar de la muerte de su abuela: \u201cFue muy dif\u00edcil\u201d","datePublished":"2026-03-11T22:41:37+00:00","dateModified":"2026-03-12T03:03:13+00:00","mainEntityOfPage":{"@id":"https:\/\/lobosnews.com.ar\/index.php\/2026\/03\/11\/la-emocion-de-lizardo-ponce-al-hablar-de-la-muerte-de-su-abuela-fue-muy-dificil\/"},"wordCount":678,"commentCount":0,"publisher":{"@id":"https:\/\/lobosnews.com.ar\/#organization"},"image":{"@id":"https:\/\/lobosnews.com.ar\/index.php\/2026\/03\/11\/la-emocion-de-lizardo-ponce-al-hablar-de-la-muerte-de-su-abuela-fue-muy-dificil\/#primaryimage"},"thumbnailUrl":"https:\/\/lobosnews.com.ar\/wp-content\/uploads\/2026\/03\/la-emocion-de-lizardo-ponce-al-hablar-de-la-muerte-de-su-abuela-fue-muy-dificil-2.jpg","articleSection":["Cine y Series"],"inLanguage":"es","potentialAction":[{"@type":"CommentAction","name":"Comment","target":["https:\/\/lobosnews.com.ar\/index.php\/2026\/03\/11\/la-emocion-de-lizardo-ponce-al-hablar-de-la-muerte-de-su-abuela-fue-muy-dificil\/#respond"]}]},{"@type":"WebPage","@id":"https:\/\/lobosnews.com.ar\/index.php\/2026\/03\/11\/la-emocion-de-lizardo-ponce-al-hablar-de-la-muerte-de-su-abuela-fue-muy-dificil\/","url":"https:\/\/lobosnews.com.ar\/index.php\/2026\/03\/11\/la-emocion-de-lizardo-ponce-al-hablar-de-la-muerte-de-su-abuela-fue-muy-dificil\/","name":"La emoci\u00f3n de Lizardo Ponce al hablar de la muerte de su abuela: \u201cFue muy dif\u00edcil\u201d - Lobos News","isPartOf":{"@id":"https:\/\/lobosnews.com.ar\/#website"},"primaryImageOfPage":{"@id":"https:\/\/lobosnews.com.ar\/index.php\/2026\/03\/11\/la-emocion-de-lizardo-ponce-al-hablar-de-la-muerte-de-su-abuela-fue-muy-dificil\/#primaryimage"},"image":{"@id":"https:\/\/lobosnews.com.ar\/index.php\/2026\/03\/11\/la-emocion-de-lizardo-ponce-al-hablar-de-la-muerte-de-su-abuela-fue-muy-dificil\/#primaryimage"},"thumbnailUrl":"https:\/\/lobosnews.com.ar\/wp-content\/uploads\/2026\/03\/la-emocion-de-lizardo-ponce-al-hablar-de-la-muerte-de-su-abuela-fue-muy-dificil-2.jpg","datePublished":"2026-03-11T22:41:37+00:00","dateModified":"2026-03-12T03:03:13+00:00","breadcrumb":{"@id":"https:\/\/lobosnews.com.ar\/index.php\/2026\/03\/11\/la-emocion-de-lizardo-ponce-al-hablar-de-la-muerte-de-su-abuela-fue-muy-dificil\/#breadcrumb"},"inLanguage":"es","potentialAction":[{"@type":"ReadAction","target":["https:\/\/lobosnews.com.ar\/index.php\/2026\/03\/11\/la-emocion-de-lizardo-ponce-al-hablar-de-la-muerte-de-su-abuela-fue-muy-dificil\/"]}]},{"@type":"ImageObject","inLanguage":"es","@id":"https:\/\/lobosnews.com.ar\/index.php\/2026\/03\/11\/la-emocion-de-lizardo-ponce-al-hablar-de-la-muerte-de-su-abuela-fue-muy-dificil\/#primaryimage","url":"https:\/\/lobosnews.com.ar\/wp-content\/uploads\/2026\/03\/la-emocion-de-lizardo-ponce-al-hablar-de-la-muerte-de-su-abuela-fue-muy-dificil-2.jpg","contentUrl":"https:\/\/lobosnews.com.ar\/wp-content\/uploads\/2026\/03\/la-emocion-de-lizardo-ponce-al-hablar-de-la-muerte-de-su-abuela-fue-muy-dificil-2.jpg","width":1080,"height":1440,"caption":"La emoci\u00f3n de Lizardo Ponce al hablar de la muerte de su abuela: \u201cFue muy dif\u00edcil\u201d"},{"@type":"BreadcrumbList","@id":"https:\/\/lobosnews.com.ar\/index.php\/2026\/03\/11\/la-emocion-de-lizardo-ponce-al-hablar-de-la-muerte-de-su-abuela-fue-muy-dificil\/#breadcrumb","itemListElement":[{"@type":"ListItem","position":1,"name":"Portada","item":"https:\/\/lobosnews.com.ar\/"},{"@type":"ListItem","position":2,"name":"La emoci\u00f3n de Lizardo Ponce al hablar de la muerte de su abuela: \u201cFue muy dif\u00edcil\u201d"}]},{"@type":"WebSite","@id":"https:\/\/lobosnews.com.ar\/#website","url":"https:\/\/lobosnews.com.ar\/","name":"Lobos News","description":"Informaci\u00f3n a cada instante","publisher":{"@id":"https:\/\/lobosnews.com.ar\/#organization"},"potentialAction":[{"@type":"SearchAction","target":{"@type":"EntryPoint","urlTemplate":"https:\/\/lobosnews.com.ar\/?s={search_term_string}"},"query-input":{"@type":"PropertyValueSpecification","valueRequired":true,"valueName":"search_term_string"}}],"inLanguage":"es"},{"@type":"Organization","@id":"https:\/\/lobosnews.com.ar\/#organization","name":"Lobos News","url":"https:\/\/lobosnews.com.ar\/","logo":{"@type":"ImageObject","inLanguage":"es","@id":"https:\/\/lobosnews.com.ar\/#\/schema\/logo\/image\/","url":"https:\/\/lobosnews.com.ar\/wp-content\/uploads\/2026\/01\/logo-lobosnews.png","contentUrl":"https:\/\/lobosnews.com.ar\/wp-content\/uploads\/2026\/01\/logo-lobosnews.png","width":500,"height":200,"caption":"Lobos News"},"image":{"@id":"https:\/\/lobosnews.com.ar\/#\/schema\/logo\/image\/"}},{"@type":"Person","@id":"https:\/\/lobosnews.com.ar\/#\/schema\/person\/232422a593d5c541dd9aef6aaed10943","name":"admin","image":{"@type":"ImageObject","inLanguage":"es","@id":"https:\/\/lobosnews.com.ar\/#\/schema\/person\/image\/","url":"https:\/\/secure.gravatar.com\/avatar\/76e419471a2083bc3ceab22a763dbbf9b0c1bd15a6214cf3280e2c2dde4580f9?s=96&d=mm&r=g","contentUrl":"https:\/\/secure.gravatar.com\/avatar\/76e419471a2083bc3ceab22a763dbbf9b0c1bd15a6214cf3280e2c2dde4580f9?s=96&d=mm&r=g","caption":"admin"},"sameAs":["https:\/\/lobosnews.com.ar"],"url":"https:\/\/lobosnews.com.ar\/index.php\/author\/lobos-news\/"}]}},"jetpack_featured_media_url":"https:\/\/lobosnews.com.ar\/wp-content\/uploads\/2026\/03\/la-emocion-de-lizardo-ponce-al-hablar-de-la-muerte-de-su-abuela-fue-muy-dificil-2.jpg","jetpack_sharing_enabled":true,"_links":{"self":[{"href":"https:\/\/lobosnews.com.ar\/index.php\/wp-json\/wp\/v2\/posts\/32242","targetHints":{"allow":["GET"]}}],"collection":[{"href":"https:\/\/lobosnews.com.ar\/index.php\/wp-json\/wp\/v2\/posts"}],"about":[{"href":"https:\/\/lobosnews.com.ar\/index.php\/wp-json\/wp\/v2\/types\/post"}],"author":[{"embeddable":true,"href":"https:\/\/lobosnews.com.ar\/index.php\/wp-json\/wp\/v2\/users\/1"}],"replies":[{"embeddable":true,"href":"https:\/\/lobosnews.com.ar\/index.php\/wp-json\/wp\/v2\/comments?post=32242"}],"version-history":[{"count":1,"href":"https:\/\/lobosnews.com.ar\/index.php\/wp-json\/wp\/v2\/posts\/32242\/revisions"}],"predecessor-version":[{"id":32245,"href":"https:\/\/lobosnews.com.ar\/index.php\/wp-json\/wp\/v2\/posts\/32242\/revisions\/32245"}],"wp:featuredmedia":[{"embeddable":true,"href":"https:\/\/lobosnews.com.ar\/index.php\/wp-json\/wp\/v2\/media\/32246"}],"wp:attachment":[{"href":"https:\/\/lobosnews.com.ar\/index.php\/wp-json\/wp\/v2\/media?parent=32242"}],"wp:term":[{"taxonomy":"category","embeddable":true,"href":"https:\/\/lobosnews.com.ar\/index.php\/wp-json\/wp\/v2\/categories?post=32242"},{"taxonomy":"post_tag","embeddable":true,"href":"https:\/\/lobosnews.com.ar\/index.php\/wp-json\/wp\/v2\/tags?post=32242"}],"curies":[{"name":"wp","href":"https:\/\/api.w.org\/{rel}","templated":true}]}}