{"id":32225,"date":"2026-03-11T23:44:00","date_gmt":"2026-03-11T23:44:00","guid":{"rendered":"https:\/\/lobosnews.com.ar\/index.php\/2026\/03\/11\/la-asamblea-salvadorena-autoriza-transferencias-y-prestamos-para-educacion-justicia-e-infraestructura\/"},"modified":"2026-03-12T02:54:52","modified_gmt":"2026-03-12T02:54:52","slug":"la-asamblea-salvadorena-autoriza-transferencias-y-prestamos-para-educacion-justicia-e-infraestructura","status":"publish","type":"post","link":"https:\/\/lobosnews.com.ar\/index.php\/2026\/03\/11\/la-asamblea-salvadorena-autoriza-transferencias-y-prestamos-para-educacion-justicia-e-infraestructura\/","title":{"rendered":"La Asamblea salvadore\u00f1a autoriza transferencias y pr\u00e9stamos para educaci\u00f3n, justicia e infraestructura"},"content":{"rendered":"<p><img loading=\"lazy\" decoding=\"async\" src=\"https:\/\/lobosnews.com.ar\/wp-content\/uploads\/2026\/03\/la-asamblea-salvadorena-autoriza-transferencias-y-prestamos-para-educacion-justicia-e-infraestructura.jpg\" alt=\"La Asamblea Legislativa de El Salvador aprob\u00f3 tres reformas presupuestarias clave para 2026.\/(Asamblea Legislativa)\" height=\"582\" width=\"1136\"\/><\/p>\n<p>La <b>Asamblea Legislativa de El Salvador<\/b> aprob\u00f3 este mi\u00e9rcoles tres reformas clave que afectan el presupuesto estatal para 2026 en \u00e1reas de educaci\u00f3n, justicia e infraestructura. Destacan la aprobaci\u00f3n de transferencias presupuestarias para becas infantiles, la incorporaci\u00f3n de recursos para la <b>Fiscal\u00eda General<\/b> <b>de la Rep\u00fablica (FGR)<\/b> y la autorizaci\u00f3n de un pr\u00e9stamo internacional para obras viales. Las decisiones se adoptaron con amplias mayor\u00edas y tras la presentaci\u00f3n de argumentos por parte de diputados.<\/p>\n<p>El presidente de la <b>Asamblea<\/b>, <b>Ernesto Castro<\/b>, solicit\u00f3 omitir la lectura completa de los decretos por tratarse de dict\u00e1menes favorables ya discutidos en la <b>Comisi\u00f3n de Hacienda y Especial del Presupuesto<\/b>. Esta medida permiti\u00f3 agilizar la discusi\u00f3n y votaci\u00f3n de los proyectos.<\/p>\n<p><b>El primer dictamen aprobado autoriza una transferencia de 200,000 d\u00f3lares del Ministerio de Hacienda al Ministerio de Educaci\u00f3n, Ciencia y Tecnolog\u00eda. El objetivo principal es financiar proyectos de becas gestionadas por la Asociaci\u00f3n para la Promoci\u00f3n Humana, dirigida a la formaci\u00f3n integral de 376 ni\u00f1os en situaci\u00f3n de vulnerabilidad que finalizan sexto grado en escuelas p\u00fablicas del departamento de La Libertad.<\/b><\/p>\n<p><img loading=\"lazy\" decoding=\"async\" src=\"https:\/\/lobosnews.com.ar\/wp-content\/uploads\/2026\/03\/la-asamblea-salvadorena-autoriza-transferencias-y-prestamos-para-educacion-justicia-e-infraestructura-1.jpg\" alt=\"El presupuesto 2026 contempla una transferencia de 200,000 d\u00f3lares para becas infantiles en escuelas p\u00fablicas de La Libertad.\/ (Foto cortes\u00eda Ministerio de Educaci\u00f3n)\" height=\"1366\" width=\"2048\"\/><\/p>\n<p>Durante la presentaci\u00f3n, <b>William Soriano<\/b>, diputado del partido <b>Nuevas Ideas<\/b>, explic\u00f3 que la iniciativa responde a la necesidad de ampliar el acceso a una educaci\u00f3n de calidad para ni\u00f1os de comunidades con recursos limitados. De acuerdo con el dictamen favorable, la <b>Asociaci\u00f3n para la Promoci\u00f3n Humana<\/b>, entidad sin fines de lucro fundada en 1988, ha trabajado desde hace m\u00e1s de una d\u00e9cada en el otorgamiento de becas a estudiantes de la zona. \u201cEl costo por estudiante es de 1,125 d\u00f3lares anuales, que cubren colegiatura, transporte, materiales escolares, uniforme y atenci\u00f3n personalizada\u201d, detall\u00f3 Soriano ante el pleno.<\/p>\n<p>El diputado <b>Giovanny Salda\u00f1a<\/b> subray\u00f3 el impacto del programa, se\u00f1alando que \u201c<b>apostar a la educaci\u00f3n genera mayores oportunidades para ni\u00f1os y ni\u00f1as<\/b>\u201d. El dictamen fue aprobado por 57 votos y destina los fondos al rubro: \u201cApoyo a otras instituciones, programas educativos a trav\u00e9s de socios estrat\u00e9gicos\u201d, con financiamiento del Fondo General.<\/p>\n<p><b>El segundo dictamen autoriza la incorporaci\u00f3n de 580,849 d\u00f3lares al presupuesto de la Fiscal\u00eda General de la Rep\u00fablica. Los fondos provienen de pr\u00e9stamos externos gestionados a trav\u00e9s del Banco Centroamericano de Integraci\u00f3n Econ\u00f3mica (BCIE), y se suman a los recursos destinados al proyecto de construcci\u00f3n y modernizaci\u00f3n de las oficinas centrales de la instituci\u00f3n.<\/b><\/p>\n<p><img loading=\"lazy\" decoding=\"async\" src=\"https:\/\/lobosnews.com.ar\/wp-content\/uploads\/2026\/03\/la-asamblea-salvadorena-autoriza-transferencias-y-prestamos-para-educacion-justicia-e-infraestructura-2.jpg\" alt=\"La FGR recibir\u00e1 una ampliaci\u00f3n presupuestaria de 580,849 d\u00f3lares provenientes de pr\u00e9stamos del Banco Centroamericano de Integraci\u00f3n Econ\u00f3mica.\/(Asamblea Legislativa)\" height=\"776\" width=\"1373\"\/><\/p>\n<p>La iniciativa, presentada por el <b>Ejecutivo<\/b>, detalla que el contrato de pr\u00e9stamo fue aprobado en 2015 y ha permitido hasta la fecha ejecutar m\u00e1s de 42 millones de d\u00f3lares en obras. El saldo ahora incorporado se utilizar\u00e1 para el suministro de mobiliario y equipamiento complementario, lo que elevar\u00e1 la asignaci\u00f3n total del proyecto a 2,665,169 d\u00f3lares para el ejercicio fiscal 2026.<\/p>\n<p>Durante la discusi\u00f3n, <b>Soriano<\/b> record\u00f3 que el <b>Ministerio de Hacienda<\/b> expuso ante la comisi\u00f3n la urgencia de reforzar el cr\u00e9dito presupuestario para culminar el proyecto. El dictamen fue aprobado con 57 votos, sin intervenciones adicionales de los diputados.<\/p>\n<p><b>La tercera aprobaci\u00f3n autoriza al \u00f3rgano Ejecutivo a suscribir un pr\u00e9stamo de hasta 135 millones de d\u00f3lares con el BCIE para financiar la primera fase del Programa de Infraestructura Vial y Movilidad Urbana. El contrato, firmado el 27 de febrero de 2026, tiene un plazo de hasta 20 a\u00f1os con cuatro a\u00f1os de gracia, amortizaci\u00f3n semestral y una tasa de inter\u00e9s ajustable conforme a las pol\u00edticas del banco.<\/b><\/p>\n<p><img loading=\"lazy\" decoding=\"async\" src=\"https:\/\/lobosnews.com.ar\/wp-content\/uploads\/2026\/03\/la-asamblea-salvadorena-autoriza-transferencias-y-prestamos-para-educacion-justicia-e-infraestructura-3.jpg\" alt=\"El pr\u00e9stamo de 135 millones de d\u00f3lares permitir\u00e1 impulsar el Programa de Infraestructura Vial y Movilidad Urbana en San Salvador y La Libertad Este.\/(Cortes\u00eda)\" height=\"406\" width=\"612\"\/><\/p>\n<p>De acuerdo con la exposici\u00f3n ante el pleno, los fondos se destinar\u00e1n a intervenciones en el acceso a <b>Nuevo Cuscatl\u00e1n<\/b> (municipio de <b>La Libertad Este<\/b>), as\u00ed como a corredores viales del \u00c1rea Metropolitana de <b>San Salvador (AMSS)<\/b>. El programa busca mejorar la capacidad vial, reducir los costos operativos y los tiempos de traslado tanto para la poblaci\u00f3n como para los sectores productivos.<\/p>\n<p>El dictamen especifica que se han cumplido todos los requisitos legales para la aprobaci\u00f3n del contrato, en conformidad con el art\u00edculo 148 de la <b>Constituci\u00f3n<\/b>. Tras una breve lectura de las condiciones del pr\u00e9stamo, el presidente de la <b>Asamblea<\/b> someti\u00f3 el dictamen a votaci\u00f3n, obteniendo 59 votos a favor.<\/p>\n<p><b>Las reformas aprobadas durante la jornada reflejan la prioridad asignada por la Asamblea Legislativa a las \u00e1reas de educaci\u00f3n, justicia e infraestructura, tres pilares se\u00f1alados por el Ejecutivo como cruciales para el desarrollo nacional.<\/b><\/p>\n","protected":false},"excerpt":{"rendered":"<p>La Asamblea Legislativa de El Salvador aprob\u00f3 este mi\u00e9rcoles tres reformas clave que afectan el presupuesto estatal para 2026 en \u00e1reas de educaci\u00f3n, justicia e infraestructura. Destacan la aprobaci\u00f3n de transferencias presupuestarias para becas infantiles, la incorporaci\u00f3n de recursos para la Fiscal\u00eda General de la Rep\u00fablica (FGR) y la autorizaci\u00f3n de un pr\u00e9stamo internacional para&#8230;<\/p>\n","protected":false},"author":1,"featured_media":32231,"comment_status":"open","ping_status":"closed","sticky":false,"template":"","format":"standard","meta":{"_jetpack_memberships_contains_paid_content":false,"footnotes":""},"categories":[31],"tags":[],"class_list":["post-32225","post","type-post","status-publish","format-standard","has-post-thumbnail","hentry","category-actualidad"],"magazineBlocksPostFeaturedMedia":{"thumbnail":"https:\/\/lobosnews.com.ar\/wp-content\/uploads\/2026\/03\/la-asamblea-salvadorena-autoriza-transferencias-y-prestamos-para-educacion-justicia-e-infraestructura-6-150x150.jpg","medium":"https:\/\/lobosnews.com.ar\/wp-content\/uploads\/2026\/03\/la-asamblea-salvadorena-autoriza-transferencias-y-prestamos-para-educacion-justicia-e-infraestructura-6-300x199.jpg","medium_large":"https:\/\/lobosnews.com.ar\/wp-content\/uploads\/2026\/03\/la-asamblea-salvadorena-autoriza-transferencias-y-prestamos-para-educacion-justicia-e-infraestructura-6.jpg","large":"https:\/\/lobosnews.com.ar\/wp-content\/uploads\/2026\/03\/la-asamblea-salvadorena-autoriza-transferencias-y-prestamos-para-educacion-justicia-e-infraestructura-6.jpg","1536x1536":"https:\/\/lobosnews.com.ar\/wp-content\/uploads\/2026\/03\/la-asamblea-salvadorena-autoriza-transferencias-y-prestamos-para-educacion-justicia-e-infraestructura-6.jpg","2048x2048":"https:\/\/lobosnews.com.ar\/wp-content\/uploads\/2026\/03\/la-asamblea-salvadorena-autoriza-transferencias-y-prestamos-para-educacion-justicia-e-infraestructura-6.jpg","newsmatic-featured":"https:\/\/lobosnews.com.ar\/wp-content\/uploads\/2026\/03\/la-asamblea-salvadorena-autoriza-transferencias-y-prestamos-para-educacion-justicia-e-infraestructura-6.jpg","newsmatic-list":"https:\/\/lobosnews.com.ar\/wp-content\/uploads\/2026\/03\/la-asamblea-salvadorena-autoriza-transferencias-y-prestamos-para-educacion-justicia-e-infraestructura-6-600x400.jpg","newsmatic-thumb":"https:\/\/lobosnews.com.ar\/wp-content\/uploads\/2026\/03\/la-asamblea-salvadorena-autoriza-transferencias-y-prestamos-para-educacion-justicia-e-infraestructura-6-300x200.jpg","newsmatic-small":"https:\/\/lobosnews.com.ar\/wp-content\/uploads\/2026\/03\/la-asamblea-salvadorena-autoriza-transferencias-y-prestamos-para-educacion-justicia-e-infraestructura-6-150x95.jpg","newsmatic-grid":"https:\/\/lobosnews.com.ar\/wp-content\/uploads\/2026\/03\/la-asamblea-salvadorena-autoriza-transferencias-y-prestamos-para-educacion-justicia-e-infraestructura-6-400x250.jpg"},"magazineBlocksPostAuthor":{"name":"admin","avatar":"https:\/\/secure.gravatar.com\/avatar\/76e419471a2083bc3ceab22a763dbbf9b0c1bd15a6214cf3280e2c2dde4580f9?s=96&d=mm&r=g"},"magazineBlocksPostCommentsNumber":"0","magazineBlocksPostExcerpt":"La Asamblea Legislativa de El Salvador aprob\u00f3 este mi\u00e9rcoles tres reformas clave que afectan el presupuesto estatal para 2026 en \u00e1reas de educaci\u00f3n, justicia e infraestructura. Destacan la aprobaci\u00f3n de transferencias presupuestarias para becas infantiles, la incorporaci\u00f3n de recursos para la Fiscal\u00eda General de la Rep\u00fablica (FGR) y la autorizaci\u00f3n de un pr\u00e9stamo internacional para...","magazineBlocksPostCategories":["Actualidad"],"magazineBlocksPostViewCount":87,"magazineBlocksPostReadTime":4,"magazine_blocks_featured_image_url":{"full":["https:\/\/lobosnews.com.ar\/wp-content\/uploads\/2026\/03\/la-asamblea-salvadorena-autoriza-transferencias-y-prestamos-para-educacion-justicia-e-infraestructura-6.jpg",612,406,false],"medium":["https:\/\/lobosnews.com.ar\/wp-content\/uploads\/2026\/03\/la-asamblea-salvadorena-autoriza-transferencias-y-prestamos-para-educacion-justicia-e-infraestructura-6-300x199.jpg",300,199,true],"thumbnail":["https:\/\/lobosnews.com.ar\/wp-content\/uploads\/2026\/03\/la-asamblea-salvadorena-autoriza-transferencias-y-prestamos-para-educacion-justicia-e-infraestructura-6-150x150.jpg",150,150,true]},"magazine_blocks_author":{"display_name":"admin","author_link":"https:\/\/lobosnews.com.ar\/index.php\/author\/lobos-news\/"},"magazine_blocks_comment":0,"magazine_blocks_author_image":"https:\/\/secure.gravatar.com\/avatar\/76e419471a2083bc3ceab22a763dbbf9b0c1bd15a6214cf3280e2c2dde4580f9?s=96&d=mm&r=g","magazine_blocks_category":"<a href=\"#\" class=\"category-link category-link-31\">Actualidad<\/a>","yoast_head":"<!-- This site is optimized with the Yoast SEO plugin v26.6 - https:\/\/yoast.com\/wordpress\/plugins\/seo\/ -->\n<title>La Asamblea salvadore\u00f1a autoriza transferencias y pr\u00e9stamos para educaci\u00f3n, justicia e infraestructura - Lobos News<\/title>\n<meta name=\"robots\" content=\"index, follow, max-snippet:-1, max-image-preview:large, max-video-preview:-1\" \/>\n<link rel=\"canonical\" href=\"https:\/\/lobosnews.com.ar\/index.php\/2026\/03\/11\/la-asamblea-salvadorena-autoriza-transferencias-y-prestamos-para-educacion-justicia-e-infraestructura\/\" \/>\n<meta property=\"og:locale\" content=\"es_ES\" \/>\n<meta property=\"og:type\" content=\"article\" \/>\n<meta property=\"og:title\" content=\"La Asamblea salvadore\u00f1a autoriza transferencias y pr\u00e9stamos para educaci\u00f3n, justicia e infraestructura - Lobos News\" \/>\n<meta property=\"og:description\" content=\"La Asamblea Legislativa de El Salvador aprob\u00f3 este mi\u00e9rcoles tres reformas clave que afectan el presupuesto estatal para 2026 en \u00e1reas de educaci\u00f3n, justicia e infraestructura. Destacan la aprobaci\u00f3n de transferencias presupuestarias para becas infantiles, la incorporaci\u00f3n de recursos para la Fiscal\u00eda General de la Rep\u00fablica (FGR) y la autorizaci\u00f3n de un pr\u00e9stamo internacional para...\" \/>\n<meta property=\"og:url\" content=\"https:\/\/lobosnews.com.ar\/index.php\/2026\/03\/11\/la-asamblea-salvadorena-autoriza-transferencias-y-prestamos-para-educacion-justicia-e-infraestructura\/\" \/>\n<meta property=\"og:site_name\" content=\"Lobos News\" \/>\n<meta property=\"article:published_time\" content=\"2026-03-11T23:44:00+00:00\" \/>\n<meta property=\"article:modified_time\" content=\"2026-03-12T02:54:52+00:00\" \/>\n<meta property=\"og:image\" content=\"https:\/\/lobosnews.com.ar\/wp-content\/uploads\/2026\/03\/la-asamblea-salvadorena-autoriza-transferencias-y-prestamos-para-educacion-justicia-e-infraestructura.jpg\" \/>\n<meta name=\"author\" content=\"admin\" \/>\n<meta name=\"twitter:card\" content=\"summary_large_image\" \/>\n<meta name=\"twitter:label1\" content=\"Escrito por\" \/>\n\t<meta name=\"twitter:data1\" content=\"admin\" \/>\n\t<meta name=\"twitter:label2\" content=\"Tiempo de lectura\" \/>\n\t<meta name=\"twitter:data2\" content=\"4 minutos\" \/>\n<script type=\"application\/ld+json\" class=\"yoast-schema-graph\">{\"@context\":\"https:\/\/schema.org\",\"@graph\":[{\"@type\":\"Article\",\"@id\":\"https:\/\/lobosnews.com.ar\/index.php\/2026\/03\/11\/la-asamblea-salvadorena-autoriza-transferencias-y-prestamos-para-educacion-justicia-e-infraestructura\/#article\",\"isPartOf\":{\"@id\":\"https:\/\/lobosnews.com.ar\/index.php\/2026\/03\/11\/la-asamblea-salvadorena-autoriza-transferencias-y-prestamos-para-educacion-justicia-e-infraestructura\/\"},\"author\":{\"name\":\"admin\",\"@id\":\"https:\/\/lobosnews.com.ar\/#\/schema\/person\/232422a593d5c541dd9aef6aaed10943\"},\"headline\":\"La Asamblea salvadore\u00f1a autoriza transferencias y pr\u00e9stamos para educaci\u00f3n, justicia e infraestructura\",\"datePublished\":\"2026-03-11T23:44:00+00:00\",\"dateModified\":\"2026-03-12T02:54:52+00:00\",\"mainEntityOfPage\":{\"@id\":\"https:\/\/lobosnews.com.ar\/index.php\/2026\/03\/11\/la-asamblea-salvadorena-autoriza-transferencias-y-prestamos-para-educacion-justicia-e-infraestructura\/\"},\"wordCount\":764,\"commentCount\":0,\"publisher\":{\"@id\":\"https:\/\/lobosnews.com.ar\/#organization\"},\"image\":{\"@id\":\"https:\/\/lobosnews.com.ar\/index.php\/2026\/03\/11\/la-asamblea-salvadorena-autoriza-transferencias-y-prestamos-para-educacion-justicia-e-infraestructura\/#primaryimage\"},\"thumbnailUrl\":\"https:\/\/lobosnews.com.ar\/wp-content\/uploads\/2026\/03\/la-asamblea-salvadorena-autoriza-transferencias-y-prestamos-para-educacion-justicia-e-infraestructura-6.jpg\",\"articleSection\":[\"Actualidad\"],\"inLanguage\":\"es\",\"potentialAction\":[{\"@type\":\"CommentAction\",\"name\":\"Comment\",\"target\":[\"https:\/\/lobosnews.com.ar\/index.php\/2026\/03\/11\/la-asamblea-salvadorena-autoriza-transferencias-y-prestamos-para-educacion-justicia-e-infraestructura\/#respond\"]}]},{\"@type\":\"WebPage\",\"@id\":\"https:\/\/lobosnews.com.ar\/index.php\/2026\/03\/11\/la-asamblea-salvadorena-autoriza-transferencias-y-prestamos-para-educacion-justicia-e-infraestructura\/\",\"url\":\"https:\/\/lobosnews.com.ar\/index.php\/2026\/03\/11\/la-asamblea-salvadorena-autoriza-transferencias-y-prestamos-para-educacion-justicia-e-infraestructura\/\",\"name\":\"La Asamblea salvadore\u00f1a autoriza transferencias y pr\u00e9stamos para educaci\u00f3n, justicia e infraestructura - Lobos News\",\"isPartOf\":{\"@id\":\"https:\/\/lobosnews.com.ar\/#website\"},\"primaryImageOfPage\":{\"@id\":\"https:\/\/lobosnews.com.ar\/index.php\/2026\/03\/11\/la-asamblea-salvadorena-autoriza-transferencias-y-prestamos-para-educacion-justicia-e-infraestructura\/#primaryimage\"},\"image\":{\"@id\":\"https:\/\/lobosnews.com.ar\/index.php\/2026\/03\/11\/la-asamblea-salvadorena-autoriza-transferencias-y-prestamos-para-educacion-justicia-e-infraestructura\/#primaryimage\"},\"thumbnailUrl\":\"https:\/\/lobosnews.com.ar\/wp-content\/uploads\/2026\/03\/la-asamblea-salvadorena-autoriza-transferencias-y-prestamos-para-educacion-justicia-e-infraestructura-6.jpg\",\"datePublished\":\"2026-03-11T23:44:00+00:00\",\"dateModified\":\"2026-03-12T02:54:52+00:00\",\"breadcrumb\":{\"@id\":\"https:\/\/lobosnews.com.ar\/index.php\/2026\/03\/11\/la-asamblea-salvadorena-autoriza-transferencias-y-prestamos-para-educacion-justicia-e-infraestructura\/#breadcrumb\"},\"inLanguage\":\"es\",\"potentialAction\":[{\"@type\":\"ReadAction\",\"target\":[\"https:\/\/lobosnews.com.ar\/index.php\/2026\/03\/11\/la-asamblea-salvadorena-autoriza-transferencias-y-prestamos-para-educacion-justicia-e-infraestructura\/\"]}]},{\"@type\":\"ImageObject\",\"inLanguage\":\"es\",\"@id\":\"https:\/\/lobosnews.com.ar\/index.php\/2026\/03\/11\/la-asamblea-salvadorena-autoriza-transferencias-y-prestamos-para-educacion-justicia-e-infraestructura\/#primaryimage\",\"url\":\"https:\/\/lobosnews.com.ar\/wp-content\/uploads\/2026\/03\/la-asamblea-salvadorena-autoriza-transferencias-y-prestamos-para-educacion-justicia-e-infraestructura-6.jpg\",\"contentUrl\":\"https:\/\/lobosnews.com.ar\/wp-content\/uploads\/2026\/03\/la-asamblea-salvadorena-autoriza-transferencias-y-prestamos-para-educacion-justicia-e-infraestructura-6.jpg\",\"width\":612,\"height\":406,\"caption\":\"La Asamblea salvadore\u00f1a autoriza transferencias y pr\u00e9stamos para educaci\u00f3n, justicia e infraestructura\"},{\"@type\":\"BreadcrumbList\",\"@id\":\"https:\/\/lobosnews.com.ar\/index.php\/2026\/03\/11\/la-asamblea-salvadorena-autoriza-transferencias-y-prestamos-para-educacion-justicia-e-infraestructura\/#breadcrumb\",\"itemListElement\":[{\"@type\":\"ListItem\",\"position\":1,\"name\":\"Portada\",\"item\":\"https:\/\/lobosnews.com.ar\/\"},{\"@type\":\"ListItem\",\"position\":2,\"name\":\"La Asamblea salvadore\u00f1a autoriza transferencias y pr\u00e9stamos para educaci\u00f3n, justicia e infraestructura\"}]},{\"@type\":\"WebSite\",\"@id\":\"https:\/\/lobosnews.com.ar\/#website\",\"url\":\"https:\/\/lobosnews.com.ar\/\",\"name\":\"Lobos News\",\"description\":\"Informaci\u00f3n a cada instante\",\"publisher\":{\"@id\":\"https:\/\/lobosnews.com.ar\/#organization\"},\"potentialAction\":[{\"@type\":\"SearchAction\",\"target\":{\"@type\":\"EntryPoint\",\"urlTemplate\":\"https:\/\/lobosnews.com.ar\/?s={search_term_string}\"},\"query-input\":{\"@type\":\"PropertyValueSpecification\",\"valueRequired\":true,\"valueName\":\"search_term_string\"}}],\"inLanguage\":\"es\"},{\"@type\":\"Organization\",\"@id\":\"https:\/\/lobosnews.com.ar\/#organization\",\"name\":\"Lobos News\",\"url\":\"https:\/\/lobosnews.com.ar\/\",\"logo\":{\"@type\":\"ImageObject\",\"inLanguage\":\"es\",\"@id\":\"https:\/\/lobosnews.com.ar\/#\/schema\/logo\/image\/\",\"url\":\"https:\/\/lobosnews.com.ar\/wp-content\/uploads\/2026\/01\/logo-lobosnews.png\",\"contentUrl\":\"https:\/\/lobosnews.com.ar\/wp-content\/uploads\/2026\/01\/logo-lobosnews.png\",\"width\":500,\"height\":200,\"caption\":\"Lobos News\"},\"image\":{\"@id\":\"https:\/\/lobosnews.com.ar\/#\/schema\/logo\/image\/\"}},{\"@type\":\"Person\",\"@id\":\"https:\/\/lobosnews.com.ar\/#\/schema\/person\/232422a593d5c541dd9aef6aaed10943\",\"name\":\"admin\",\"image\":{\"@type\":\"ImageObject\",\"inLanguage\":\"es\",\"@id\":\"https:\/\/lobosnews.com.ar\/#\/schema\/person\/image\/\",\"url\":\"https:\/\/secure.gravatar.com\/avatar\/76e419471a2083bc3ceab22a763dbbf9b0c1bd15a6214cf3280e2c2dde4580f9?s=96&d=mm&r=g\",\"contentUrl\":\"https:\/\/secure.gravatar.com\/avatar\/76e419471a2083bc3ceab22a763dbbf9b0c1bd15a6214cf3280e2c2dde4580f9?s=96&d=mm&r=g\",\"caption\":\"admin\"},\"sameAs\":[\"https:\/\/lobosnews.com.ar\"],\"url\":\"https:\/\/lobosnews.com.ar\/index.php\/author\/lobos-news\/\"}]}<\/script>\n<!-- \/ Yoast SEO plugin. -->","yoast_head_json":{"title":"La Asamblea salvadore\u00f1a autoriza transferencias y pr\u00e9stamos para educaci\u00f3n, justicia e infraestructura - Lobos News","robots":{"index":"index","follow":"follow","max-snippet":"max-snippet:-1","max-image-preview":"max-image-preview:large","max-video-preview":"max-video-preview:-1"},"canonical":"https:\/\/lobosnews.com.ar\/index.php\/2026\/03\/11\/la-asamblea-salvadorena-autoriza-transferencias-y-prestamos-para-educacion-justicia-e-infraestructura\/","og_locale":"es_ES","og_type":"article","og_title":"La Asamblea salvadore\u00f1a autoriza transferencias y pr\u00e9stamos para educaci\u00f3n, justicia e infraestructura - Lobos News","og_description":"La Asamblea Legislativa de El Salvador aprob\u00f3 este mi\u00e9rcoles tres reformas clave que afectan el presupuesto estatal para 2026 en \u00e1reas de educaci\u00f3n, justicia e infraestructura. Destacan la aprobaci\u00f3n de transferencias presupuestarias para becas infantiles, la incorporaci\u00f3n de recursos para la Fiscal\u00eda General de la Rep\u00fablica (FGR) y la autorizaci\u00f3n de un pr\u00e9stamo internacional para...","og_url":"https:\/\/lobosnews.com.ar\/index.php\/2026\/03\/11\/la-asamblea-salvadorena-autoriza-transferencias-y-prestamos-para-educacion-justicia-e-infraestructura\/","og_site_name":"Lobos News","article_published_time":"2026-03-11T23:44:00+00:00","article_modified_time":"2026-03-12T02:54:52+00:00","og_image":[{"url":"https:\/\/lobosnews.com.ar\/wp-content\/uploads\/2026\/03\/la-asamblea-salvadorena-autoriza-transferencias-y-prestamos-para-educacion-justicia-e-infraestructura.jpg","type":"","width":"","height":""}],"author":"admin","twitter_card":"summary_large_image","twitter_misc":{"Escrito por":"admin","Tiempo de lectura":"4 minutos"},"schema":{"@context":"https:\/\/schema.org","@graph":[{"@type":"Article","@id":"https:\/\/lobosnews.com.ar\/index.php\/2026\/03\/11\/la-asamblea-salvadorena-autoriza-transferencias-y-prestamos-para-educacion-justicia-e-infraestructura\/#article","isPartOf":{"@id":"https:\/\/lobosnews.com.ar\/index.php\/2026\/03\/11\/la-asamblea-salvadorena-autoriza-transferencias-y-prestamos-para-educacion-justicia-e-infraestructura\/"},"author":{"name":"admin","@id":"https:\/\/lobosnews.com.ar\/#\/schema\/person\/232422a593d5c541dd9aef6aaed10943"},"headline":"La Asamblea salvadore\u00f1a autoriza transferencias y pr\u00e9stamos para educaci\u00f3n, justicia e infraestructura","datePublished":"2026-03-11T23:44:00+00:00","dateModified":"2026-03-12T02:54:52+00:00","mainEntityOfPage":{"@id":"https:\/\/lobosnews.com.ar\/index.php\/2026\/03\/11\/la-asamblea-salvadorena-autoriza-transferencias-y-prestamos-para-educacion-justicia-e-infraestructura\/"},"wordCount":764,"commentCount":0,"publisher":{"@id":"https:\/\/lobosnews.com.ar\/#organization"},"image":{"@id":"https:\/\/lobosnews.com.ar\/index.php\/2026\/03\/11\/la-asamblea-salvadorena-autoriza-transferencias-y-prestamos-para-educacion-justicia-e-infraestructura\/#primaryimage"},"thumbnailUrl":"https:\/\/lobosnews.com.ar\/wp-content\/uploads\/2026\/03\/la-asamblea-salvadorena-autoriza-transferencias-y-prestamos-para-educacion-justicia-e-infraestructura-6.jpg","articleSection":["Actualidad"],"inLanguage":"es","potentialAction":[{"@type":"CommentAction","name":"Comment","target":["https:\/\/lobosnews.com.ar\/index.php\/2026\/03\/11\/la-asamblea-salvadorena-autoriza-transferencias-y-prestamos-para-educacion-justicia-e-infraestructura\/#respond"]}]},{"@type":"WebPage","@id":"https:\/\/lobosnews.com.ar\/index.php\/2026\/03\/11\/la-asamblea-salvadorena-autoriza-transferencias-y-prestamos-para-educacion-justicia-e-infraestructura\/","url":"https:\/\/lobosnews.com.ar\/index.php\/2026\/03\/11\/la-asamblea-salvadorena-autoriza-transferencias-y-prestamos-para-educacion-justicia-e-infraestructura\/","name":"La Asamblea salvadore\u00f1a autoriza transferencias y pr\u00e9stamos para educaci\u00f3n, justicia e infraestructura - Lobos News","isPartOf":{"@id":"https:\/\/lobosnews.com.ar\/#website"},"primaryImageOfPage":{"@id":"https:\/\/lobosnews.com.ar\/index.php\/2026\/03\/11\/la-asamblea-salvadorena-autoriza-transferencias-y-prestamos-para-educacion-justicia-e-infraestructura\/#primaryimage"},"image":{"@id":"https:\/\/lobosnews.com.ar\/index.php\/2026\/03\/11\/la-asamblea-salvadorena-autoriza-transferencias-y-prestamos-para-educacion-justicia-e-infraestructura\/#primaryimage"},"thumbnailUrl":"https:\/\/lobosnews.com.ar\/wp-content\/uploads\/2026\/03\/la-asamblea-salvadorena-autoriza-transferencias-y-prestamos-para-educacion-justicia-e-infraestructura-6.jpg","datePublished":"2026-03-11T23:44:00+00:00","dateModified":"2026-03-12T02:54:52+00:00","breadcrumb":{"@id":"https:\/\/lobosnews.com.ar\/index.php\/2026\/03\/11\/la-asamblea-salvadorena-autoriza-transferencias-y-prestamos-para-educacion-justicia-e-infraestructura\/#breadcrumb"},"inLanguage":"es","potentialAction":[{"@type":"ReadAction","target":["https:\/\/lobosnews.com.ar\/index.php\/2026\/03\/11\/la-asamblea-salvadorena-autoriza-transferencias-y-prestamos-para-educacion-justicia-e-infraestructura\/"]}]},{"@type":"ImageObject","inLanguage":"es","@id":"https:\/\/lobosnews.com.ar\/index.php\/2026\/03\/11\/la-asamblea-salvadorena-autoriza-transferencias-y-prestamos-para-educacion-justicia-e-infraestructura\/#primaryimage","url":"https:\/\/lobosnews.com.ar\/wp-content\/uploads\/2026\/03\/la-asamblea-salvadorena-autoriza-transferencias-y-prestamos-para-educacion-justicia-e-infraestructura-6.jpg","contentUrl":"https:\/\/lobosnews.com.ar\/wp-content\/uploads\/2026\/03\/la-asamblea-salvadorena-autoriza-transferencias-y-prestamos-para-educacion-justicia-e-infraestructura-6.jpg","width":612,"height":406,"caption":"La Asamblea salvadore\u00f1a autoriza transferencias y pr\u00e9stamos para educaci\u00f3n, justicia e infraestructura"},{"@type":"BreadcrumbList","@id":"https:\/\/lobosnews.com.ar\/index.php\/2026\/03\/11\/la-asamblea-salvadorena-autoriza-transferencias-y-prestamos-para-educacion-justicia-e-infraestructura\/#breadcrumb","itemListElement":[{"@type":"ListItem","position":1,"name":"Portada","item":"https:\/\/lobosnews.com.ar\/"},{"@type":"ListItem","position":2,"name":"La Asamblea salvadore\u00f1a autoriza transferencias y pr\u00e9stamos para educaci\u00f3n, justicia e infraestructura"}]},{"@type":"WebSite","@id":"https:\/\/lobosnews.com.ar\/#website","url":"https:\/\/lobosnews.com.ar\/","name":"Lobos News","description":"Informaci\u00f3n a cada instante","publisher":{"@id":"https:\/\/lobosnews.com.ar\/#organization"},"potentialAction":[{"@type":"SearchAction","target":{"@type":"EntryPoint","urlTemplate":"https:\/\/lobosnews.com.ar\/?s={search_term_string}"},"query-input":{"@type":"PropertyValueSpecification","valueRequired":true,"valueName":"search_term_string"}}],"inLanguage":"es"},{"@type":"Organization","@id":"https:\/\/lobosnews.com.ar\/#organization","name":"Lobos News","url":"https:\/\/lobosnews.com.ar\/","logo":{"@type":"ImageObject","inLanguage":"es","@id":"https:\/\/lobosnews.com.ar\/#\/schema\/logo\/image\/","url":"https:\/\/lobosnews.com.ar\/wp-content\/uploads\/2026\/01\/logo-lobosnews.png","contentUrl":"https:\/\/lobosnews.com.ar\/wp-content\/uploads\/2026\/01\/logo-lobosnews.png","width":500,"height":200,"caption":"Lobos News"},"image":{"@id":"https:\/\/lobosnews.com.ar\/#\/schema\/logo\/image\/"}},{"@type":"Person","@id":"https:\/\/lobosnews.com.ar\/#\/schema\/person\/232422a593d5c541dd9aef6aaed10943","name":"admin","image":{"@type":"ImageObject","inLanguage":"es","@id":"https:\/\/lobosnews.com.ar\/#\/schema\/person\/image\/","url":"https:\/\/secure.gravatar.com\/avatar\/76e419471a2083bc3ceab22a763dbbf9b0c1bd15a6214cf3280e2c2dde4580f9?s=96&d=mm&r=g","contentUrl":"https:\/\/secure.gravatar.com\/avatar\/76e419471a2083bc3ceab22a763dbbf9b0c1bd15a6214cf3280e2c2dde4580f9?s=96&d=mm&r=g","caption":"admin"},"sameAs":["https:\/\/lobosnews.com.ar"],"url":"https:\/\/lobosnews.com.ar\/index.php\/author\/lobos-news\/"}]}},"jetpack_featured_media_url":"https:\/\/lobosnews.com.ar\/wp-content\/uploads\/2026\/03\/la-asamblea-salvadorena-autoriza-transferencias-y-prestamos-para-educacion-justicia-e-infraestructura-6.jpg","jetpack_sharing_enabled":true,"_links":{"self":[{"href":"https:\/\/lobosnews.com.ar\/index.php\/wp-json\/wp\/v2\/posts\/32225","targetHints":{"allow":["GET"]}}],"collection":[{"href":"https:\/\/lobosnews.com.ar\/index.php\/wp-json\/wp\/v2\/posts"}],"about":[{"href":"https:\/\/lobosnews.com.ar\/index.php\/wp-json\/wp\/v2\/types\/post"}],"author":[{"embeddable":true,"href":"https:\/\/lobosnews.com.ar\/index.php\/wp-json\/wp\/v2\/users\/1"}],"replies":[{"embeddable":true,"href":"https:\/\/lobosnews.com.ar\/index.php\/wp-json\/wp\/v2\/comments?post=32225"}],"version-history":[{"count":1,"href":"https:\/\/lobosnews.com.ar\/index.php\/wp-json\/wp\/v2\/posts\/32225\/revisions"}],"predecessor-version":[{"id":32230,"href":"https:\/\/lobosnews.com.ar\/index.php\/wp-json\/wp\/v2\/posts\/32225\/revisions\/32230"}],"wp:featuredmedia":[{"embeddable":true,"href":"https:\/\/lobosnews.com.ar\/index.php\/wp-json\/wp\/v2\/media\/32231"}],"wp:attachment":[{"href":"https:\/\/lobosnews.com.ar\/index.php\/wp-json\/wp\/v2\/media?parent=32225"}],"wp:term":[{"taxonomy":"category","embeddable":true,"href":"https:\/\/lobosnews.com.ar\/index.php\/wp-json\/wp\/v2\/categories?post=32225"},{"taxonomy":"post_tag","embeddable":true,"href":"https:\/\/lobosnews.com.ar\/index.php\/wp-json\/wp\/v2\/tags?post=32225"}],"curies":[{"name":"wp","href":"https:\/\/api.w.org\/{rel}","templated":true}]}}