{"id":32153,"date":"2026-03-11T20:28:57","date_gmt":"2026-03-11T20:28:57","guid":{"rendered":"https:\/\/lobosnews.com.ar\/index.php\/2026\/03\/11\/mitos-y-verdades-sobre-suplementos-alimenticios-que-dijo-el-neurologo-conrado-estol-sobre-su-utilidad-real\/"},"modified":"2026-03-11T21:32:41","modified_gmt":"2026-03-11T21:32:41","slug":"mitos-y-verdades-sobre-suplementos-alimenticios-que-dijo-el-neurologo-conrado-estol-sobre-su-utilidad-real","status":"publish","type":"post","link":"https:\/\/lobosnews.com.ar\/index.php\/2026\/03\/11\/mitos-y-verdades-sobre-suplementos-alimenticios-que-dijo-el-neurologo-conrado-estol-sobre-su-utilidad-real\/","title":{"rendered":"Mitos y verdades sobre suplementos alimenticios: qu\u00e9 dijo el neur\u00f3logo Conrado Estol sobre su utilidad real"},"content":{"rendered":"<p>En una entrevista en <b>Infobae en Vivo<\/b>, el experto neur\u00f3logo Conrado Estol advirti\u00f3 que la mayor\u00eda de las personas no consume los nutrientes necesarios en y se refiri\u00f3 a los suplementos alimentarios<\/p>\n<p>Durante su paso por el estudio de <b>Infobae al Mediod\u00eda<\/b>, donde dialog\u00f3 con<b> Maru Duffard, Andrei Serbin Pont, Jimena Grandinetti, Fede Mayol y Facundo Kablan, <\/b>Estol explic\u00f3: \u201cEl 95% de la gente cree que es algo esencial tomar suplementos y tenemos que decirles qu\u00e9 es lo que vale, porque no vamos a decir: \u2018No nos sirven\u2019. Claro que no vamos a decir eso, porque s\u00ed tienen una utilidad, pero hay que conocer\u201d. El m\u00e9dico repas\u00f3 que el 90% de los adultos no consume la fibra que necesita y tampoco ingiere todos los micronutrientes esenciales.<\/p>\n<p>El neur\u00f3logo remarc\u00f3: \u201cEl noventa por ciento de las personas tiene deficiencia de omega-3. El 40 % tiene deficiencia de magnesio, el 10 % de vitamina C\u201d. <\/p>\n<p>Sobre la causa de estas carencias, Estol indic\u00f3 que ocurre \u201cporque comemos muy mal, porque el sesenta por ciento de las calor\u00edas viene de, voy a decir el ox\u00edmoron, comida ultraprocesada. \u00bfPor qu\u00e9 es un ox\u00edmoron? Porque si es ultraprocesado no es comida\u201d.<\/p>\n<p><img fetchpriority=\"high\" decoding=\"async\" src=\"https:\/\/lobosnews.com.ar\/wp-content\/uploads\/2026\/03\/mitos-y-verdades-sobre-suplementos-alimenticios-que-dijo-el-neurologo-conrado-estol-sobre-su-utilidad-real.jpg\" alt=\"El Dr. Conrado Estol, reconocido profesional, participa en una entrevista en vivo para Infobae, compartiendo sus conocimientos sobre temas relevantes.\" height=\"1080\" width=\"1920\"\/><\/p>\n<p>Respecto a la confiabilidad de los productos, Estol alert\u00f3: \u201cCuando se han analizado en Estados Unidos, en la FDA han analizado y el ochenta por ciento de los que analizaron no ten\u00edan lo que dec\u00eda que ten\u00edan. Ese es el problema\u201d.<\/p>\n<p>Frente a la consulta de si toda la poblaci\u00f3n deber\u00eda consumir suplementos, Estol aclar\u00f3: \u201cNo, no todos\u201d. El neur\u00f3logo plante\u00f3 una serie de preguntas clave: \u201c\u00bfVos dorm\u00eds siete, ocho horas? \u00bfVos medit\u00e1s veinte minutos por d\u00eda \u00bfVos socializ\u00e1s lo suficiente aparte de este trabajo intenso? \u00bfVos hac\u00e9s ejercicio intenso todas las semanas? \u00bfVos com\u00e9s y respet\u00e1s la dieta mediterr\u00e1nea \u00bfVos dorm\u00eds siete, ocho horas por noche? \u00bfVos no fum\u00e1s? \u00bfVos moder\u00e1s el alcohol? \u00bfVos sab\u00e9s que ten\u00e9s bien el colesterol, la presi\u00f3n, el az\u00facar? Bueno, la respuesta es no. Cuando me digas que s\u00ed a todo eso, vamos por los suplementos, porque hay algunos que pueden enlentecer el reloj biol\u00f3gico\u00bb. <\/p>\n<p>Sobre la evidencia cient\u00edfica, advirti\u00f3: \u201cCon los suplementos no van a tener un estudio ustedes como el estudio que hacemos nosotros del medicamento para la diabetes, del medicamento para el c\u00e1ncer, la quimioterapia. No hay eso. \u00bfPor qu\u00e9? Porque no tienen protecci\u00f3n de patente. Entonces, \u00bfqui\u00e9n va a poner la plata de un estudio cient\u00edfico para probar esto? Aunque algunos hay\u201d.<\/p>\n<p>Como ejemplo, explic\u00f3: \u201cHay uno, el s\u00edndrome de Werner. Nadie lo escuch\u00f3 ese s\u00edndrome, pero es un s\u00edndrome en que envejec\u00e9s aceleradamente. Se llama progeria. \u00bfY qu\u00e9 se us\u00f3? El famoso NAD, nicotinamida dinucle\u00f3tido, que ayuda a la mitocondria, la refortalece. Y en el s\u00edndrome de Werner fue positivo el uso de NAD. En esas personas, la aterosclerosis aceleraba m\u00e1s lentamente. La piel envejec\u00eda m\u00e1s lentamente, el ri\u00f1\u00f3n se enfermaba m\u00e1s lentamente. O sea, el NAD, un suplemento que la gente busca mucho, fue efectivo\u201d.<\/p>\n<h2>Mir\u00e1 la entrevista completa<\/h2>\n<p><i><b>Infobae<\/b><\/i><i> te acompa\u00f1a cada d\u00eda en YouTube con entrevistas, an\u00e1lisis y la informaci\u00f3n m\u00e1s destacada, en un formato cercano y din\u00e1mico. <\/i><\/p>\n<p><i>\u2022 De 7 a 9: <\/i><i><b>Infobae al Amanecer<\/b><\/i><i>: Nacho Giron, Luciana Rubinska y Bel\u00e9n Escobar<\/i><\/p>\n<p><i>\u2022 De 9 a 12: <\/i><i><b>Infobae a las Nueve<\/b><\/i><i>: Gonzalo S\u00e1nchez, Tatiana Schapiro, Ram\u00f3n Indart y Cecilia Boufflet <\/i><\/p>\n<p><i>\u2022 De 12 a 15: <\/i><i><b>Infobae al Mediodia<\/b><\/i><i>: Maru Duffard, Andrei Serbin Pont, Jimena Grandinetti, Fede Mayol y Facundo Kablan <\/i><\/p>\n<p><i> De 15 a 18: <\/i><i><b>Infobae a la Tarde<\/b><\/i><i>: Manu Jove, Maia Jastreblansky y Paula Guardia Bourdin; rotan en la semana Marcos Shaw, Lara L\u00f3pez Calvo y Tom\u00e1s Trap\u00e9 <\/i><\/p>\n<p><i>\u2022 De 18 a 21: <\/i><i><b>Infobae al Regreso<\/b><\/i><i>: Gonzalo Aziz, Diego Iglesias, Malena de los R\u00edos y Mat\u00edas Barber\u00eda; rotan en la semana Gustavo Lazzari, Mart\u00edn Tetaz y Mica Mendelevich <\/i><\/p>\n<p><i>Actualidad, charlas y protagonistas, en vivo. Seguinos en nuestro canal de <\/i><i><b>YouTube<\/b><\/i><i> @infobae Pod\u00e9s encontrar la entrevista completa en este enlace.<\/i><\/p>\n","protected":false},"excerpt":{"rendered":"<p>En una entrevista en Infobae en Vivo, el experto neur\u00f3logo Conrado Estol advirti\u00f3 que la mayor\u00eda de las personas no consume los nutrientes necesarios en y se refiri\u00f3 a los suplementos alimentarios Durante su paso por el estudio de Infobae al Mediod\u00eda, donde dialog\u00f3 con Maru Duffard, Andrei Serbin Pont, Jimena Grandinetti, Fede Mayol y&#8230;<\/p>\n","protected":false},"author":1,"featured_media":32156,"comment_status":"open","ping_status":"closed","sticky":false,"template":"","format":"standard","meta":{"_jetpack_memberships_contains_paid_content":false,"footnotes":""},"categories":[81],"tags":[],"class_list":["post-32153","post","type-post","status-publish","format-standard","has-post-thumbnail","hentry","category-salud"],"magazineBlocksPostFeaturedMedia":{"thumbnail":"https:\/\/lobosnews.com.ar\/wp-content\/uploads\/2026\/03\/mitos-y-verdades-sobre-suplementos-alimenticios-que-dijo-el-neurologo-conrado-estol-sobre-su-utilidad-real-150x150.jpg","medium":"https:\/\/lobosnews.com.ar\/wp-content\/uploads\/2026\/03\/mitos-y-verdades-sobre-suplementos-alimenticios-que-dijo-el-neurologo-conrado-estol-sobre-su-utilidad-real-300x169.jpg","medium_large":"https:\/\/lobosnews.com.ar\/wp-content\/uploads\/2026\/03\/mitos-y-verdades-sobre-suplementos-alimenticios-que-dijo-el-neurologo-conrado-estol-sobre-su-utilidad-real-768x432.jpg","large":"https:\/\/lobosnews.com.ar\/wp-content\/uploads\/2026\/03\/mitos-y-verdades-sobre-suplementos-alimenticios-que-dijo-el-neurologo-conrado-estol-sobre-su-utilidad-real-1024x576.jpg","1536x1536":"https:\/\/lobosnews.com.ar\/wp-content\/uploads\/2026\/03\/mitos-y-verdades-sobre-suplementos-alimenticios-que-dijo-el-neurologo-conrado-estol-sobre-su-utilidad-real-1536x864.jpg","2048x2048":"https:\/\/lobosnews.com.ar\/wp-content\/uploads\/2026\/03\/mitos-y-verdades-sobre-suplementos-alimenticios-que-dijo-el-neurologo-conrado-estol-sobre-su-utilidad-real.jpg","newsmatic-featured":"https:\/\/lobosnews.com.ar\/wp-content\/uploads\/2026\/03\/mitos-y-verdades-sobre-suplementos-alimenticios-que-dijo-el-neurologo-conrado-estol-sobre-su-utilidad-real-820x545.jpg","newsmatic-list":"https:\/\/lobosnews.com.ar\/wp-content\/uploads\/2026\/03\/mitos-y-verdades-sobre-suplementos-alimenticios-que-dijo-el-neurologo-conrado-estol-sobre-su-utilidad-real-600x400.jpg","newsmatic-thumb":"https:\/\/lobosnews.com.ar\/wp-content\/uploads\/2026\/03\/mitos-y-verdades-sobre-suplementos-alimenticios-que-dijo-el-neurologo-conrado-estol-sobre-su-utilidad-real-300x200.jpg","newsmatic-small":"https:\/\/lobosnews.com.ar\/wp-content\/uploads\/2026\/03\/mitos-y-verdades-sobre-suplementos-alimenticios-que-dijo-el-neurologo-conrado-estol-sobre-su-utilidad-real-150x95.jpg","newsmatic-grid":"https:\/\/lobosnews.com.ar\/wp-content\/uploads\/2026\/03\/mitos-y-verdades-sobre-suplementos-alimenticios-que-dijo-el-neurologo-conrado-estol-sobre-su-utilidad-real-400x250.jpg"},"magazineBlocksPostAuthor":{"name":"admin","avatar":"https:\/\/secure.gravatar.com\/avatar\/76e419471a2083bc3ceab22a763dbbf9b0c1bd15a6214cf3280e2c2dde4580f9?s=96&d=mm&r=g"},"magazineBlocksPostCommentsNumber":"0","magazineBlocksPostExcerpt":"En una entrevista en Infobae en Vivo, el experto neur\u00f3logo Conrado Estol advirti\u00f3 que la mayor\u00eda de las personas no consume los nutrientes necesarios en y se refiri\u00f3 a los suplementos alimentarios Durante su paso por el estudio de Infobae al Mediod\u00eda, donde dialog\u00f3 con Maru Duffard, Andrei Serbin Pont, Jimena Grandinetti, Fede Mayol y...","magazineBlocksPostCategories":["Salud"],"magazineBlocksPostViewCount":112,"magazineBlocksPostReadTime":4,"magazine_blocks_featured_image_url":{"full":["https:\/\/lobosnews.com.ar\/wp-content\/uploads\/2026\/03\/mitos-y-verdades-sobre-suplementos-alimenticios-que-dijo-el-neurologo-conrado-estol-sobre-su-utilidad-real.jpg",1920,1080,false],"medium":["https:\/\/lobosnews.com.ar\/wp-content\/uploads\/2026\/03\/mitos-y-verdades-sobre-suplementos-alimenticios-que-dijo-el-neurologo-conrado-estol-sobre-su-utilidad-real-300x169.jpg",300,169,true],"thumbnail":["https:\/\/lobosnews.com.ar\/wp-content\/uploads\/2026\/03\/mitos-y-verdades-sobre-suplementos-alimenticios-que-dijo-el-neurologo-conrado-estol-sobre-su-utilidad-real-150x150.jpg",150,150,true]},"magazine_blocks_author":{"display_name":"admin","author_link":"https:\/\/lobosnews.com.ar\/index.php\/author\/lobos-news\/"},"magazine_blocks_comment":0,"magazine_blocks_author_image":"https:\/\/secure.gravatar.com\/avatar\/76e419471a2083bc3ceab22a763dbbf9b0c1bd15a6214cf3280e2c2dde4580f9?s=96&d=mm&r=g","magazine_blocks_category":"<a href=\"#\" class=\"category-link category-link-81\">Salud<\/a>","yoast_head":"<!-- This site is optimized with the Yoast SEO plugin v26.6 - https:\/\/yoast.com\/wordpress\/plugins\/seo\/ -->\n<title>Mitos y verdades sobre suplementos alimenticios: qu\u00e9 dijo el neur\u00f3logo Conrado Estol sobre su utilidad real - Lobos News<\/title>\n<meta name=\"robots\" content=\"index, follow, max-snippet:-1, max-image-preview:large, max-video-preview:-1\" \/>\n<link rel=\"canonical\" href=\"https:\/\/lobosnews.com.ar\/index.php\/2026\/03\/11\/mitos-y-verdades-sobre-suplementos-alimenticios-que-dijo-el-neurologo-conrado-estol-sobre-su-utilidad-real\/\" \/>\n<meta property=\"og:locale\" content=\"es_ES\" \/>\n<meta property=\"og:type\" content=\"article\" \/>\n<meta property=\"og:title\" content=\"Mitos y verdades sobre suplementos alimenticios: qu\u00e9 dijo el neur\u00f3logo Conrado Estol sobre su utilidad real - Lobos News\" \/>\n<meta property=\"og:description\" content=\"En una entrevista en Infobae en Vivo, el experto neur\u00f3logo Conrado Estol advirti\u00f3 que la mayor\u00eda de las personas no consume los nutrientes necesarios en y se refiri\u00f3 a los suplementos alimentarios Durante su paso por el estudio de Infobae al Mediod\u00eda, donde dialog\u00f3 con Maru Duffard, Andrei Serbin Pont, Jimena Grandinetti, Fede Mayol y...\" \/>\n<meta property=\"og:url\" content=\"https:\/\/lobosnews.com.ar\/index.php\/2026\/03\/11\/mitos-y-verdades-sobre-suplementos-alimenticios-que-dijo-el-neurologo-conrado-estol-sobre-su-utilidad-real\/\" \/>\n<meta property=\"og:site_name\" content=\"Lobos News\" \/>\n<meta property=\"article:published_time\" content=\"2026-03-11T20:28:57+00:00\" \/>\n<meta property=\"article:modified_time\" content=\"2026-03-11T21:32:41+00:00\" \/>\n<meta property=\"og:image\" content=\"https:\/\/lobosnews.com.ar\/wp-content\/uploads\/2026\/03\/mitos-y-verdades-sobre-suplementos-alimenticios-que-dijo-el-neurologo-conrado-estol-sobre-su-utilidad-real.jpg\" \/>\n<meta name=\"author\" content=\"admin\" \/>\n<meta name=\"twitter:card\" content=\"summary_large_image\" \/>\n<meta name=\"twitter:label1\" content=\"Escrito por\" \/>\n\t<meta name=\"twitter:data1\" content=\"admin\" \/>\n\t<meta name=\"twitter:label2\" content=\"Tiempo de lectura\" \/>\n\t<meta name=\"twitter:data2\" content=\"3 minutos\" \/>\n<script type=\"application\/ld+json\" class=\"yoast-schema-graph\">{\"@context\":\"https:\/\/schema.org\",\"@graph\":[{\"@type\":\"Article\",\"@id\":\"https:\/\/lobosnews.com.ar\/index.php\/2026\/03\/11\/mitos-y-verdades-sobre-suplementos-alimenticios-que-dijo-el-neurologo-conrado-estol-sobre-su-utilidad-real\/#article\",\"isPartOf\":{\"@id\":\"https:\/\/lobosnews.com.ar\/index.php\/2026\/03\/11\/mitos-y-verdades-sobre-suplementos-alimenticios-que-dijo-el-neurologo-conrado-estol-sobre-su-utilidad-real\/\"},\"author\":{\"name\":\"admin\",\"@id\":\"https:\/\/lobosnews.com.ar\/#\/schema\/person\/232422a593d5c541dd9aef6aaed10943\"},\"headline\":\"Mitos y verdades sobre suplementos alimenticios: qu\u00e9 dijo el neur\u00f3logo Conrado Estol sobre su utilidad real\",\"datePublished\":\"2026-03-11T20:28:57+00:00\",\"dateModified\":\"2026-03-11T21:32:41+00:00\",\"mainEntityOfPage\":{\"@id\":\"https:\/\/lobosnews.com.ar\/index.php\/2026\/03\/11\/mitos-y-verdades-sobre-suplementos-alimenticios-que-dijo-el-neurologo-conrado-estol-sobre-su-utilidad-real\/\"},\"wordCount\":709,\"commentCount\":0,\"publisher\":{\"@id\":\"https:\/\/lobosnews.com.ar\/#organization\"},\"image\":{\"@id\":\"https:\/\/lobosnews.com.ar\/index.php\/2026\/03\/11\/mitos-y-verdades-sobre-suplementos-alimenticios-que-dijo-el-neurologo-conrado-estol-sobre-su-utilidad-real\/#primaryimage\"},\"thumbnailUrl\":\"https:\/\/lobosnews.com.ar\/wp-content\/uploads\/2026\/03\/mitos-y-verdades-sobre-suplementos-alimenticios-que-dijo-el-neurologo-conrado-estol-sobre-su-utilidad-real.jpg\",\"articleSection\":[\"Salud\"],\"inLanguage\":\"es\",\"potentialAction\":[{\"@type\":\"CommentAction\",\"name\":\"Comment\",\"target\":[\"https:\/\/lobosnews.com.ar\/index.php\/2026\/03\/11\/mitos-y-verdades-sobre-suplementos-alimenticios-que-dijo-el-neurologo-conrado-estol-sobre-su-utilidad-real\/#respond\"]}]},{\"@type\":\"WebPage\",\"@id\":\"https:\/\/lobosnews.com.ar\/index.php\/2026\/03\/11\/mitos-y-verdades-sobre-suplementos-alimenticios-que-dijo-el-neurologo-conrado-estol-sobre-su-utilidad-real\/\",\"url\":\"https:\/\/lobosnews.com.ar\/index.php\/2026\/03\/11\/mitos-y-verdades-sobre-suplementos-alimenticios-que-dijo-el-neurologo-conrado-estol-sobre-su-utilidad-real\/\",\"name\":\"Mitos y verdades sobre suplementos alimenticios: qu\u00e9 dijo el neur\u00f3logo Conrado Estol sobre su utilidad real - Lobos News\",\"isPartOf\":{\"@id\":\"https:\/\/lobosnews.com.ar\/#website\"},\"primaryImageOfPage\":{\"@id\":\"https:\/\/lobosnews.com.ar\/index.php\/2026\/03\/11\/mitos-y-verdades-sobre-suplementos-alimenticios-que-dijo-el-neurologo-conrado-estol-sobre-su-utilidad-real\/#primaryimage\"},\"image\":{\"@id\":\"https:\/\/lobosnews.com.ar\/index.php\/2026\/03\/11\/mitos-y-verdades-sobre-suplementos-alimenticios-que-dijo-el-neurologo-conrado-estol-sobre-su-utilidad-real\/#primaryimage\"},\"thumbnailUrl\":\"https:\/\/lobosnews.com.ar\/wp-content\/uploads\/2026\/03\/mitos-y-verdades-sobre-suplementos-alimenticios-que-dijo-el-neurologo-conrado-estol-sobre-su-utilidad-real.jpg\",\"datePublished\":\"2026-03-11T20:28:57+00:00\",\"dateModified\":\"2026-03-11T21:32:41+00:00\",\"breadcrumb\":{\"@id\":\"https:\/\/lobosnews.com.ar\/index.php\/2026\/03\/11\/mitos-y-verdades-sobre-suplementos-alimenticios-que-dijo-el-neurologo-conrado-estol-sobre-su-utilidad-real\/#breadcrumb\"},\"inLanguage\":\"es\",\"potentialAction\":[{\"@type\":\"ReadAction\",\"target\":[\"https:\/\/lobosnews.com.ar\/index.php\/2026\/03\/11\/mitos-y-verdades-sobre-suplementos-alimenticios-que-dijo-el-neurologo-conrado-estol-sobre-su-utilidad-real\/\"]}]},{\"@type\":\"ImageObject\",\"inLanguage\":\"es\",\"@id\":\"https:\/\/lobosnews.com.ar\/index.php\/2026\/03\/11\/mitos-y-verdades-sobre-suplementos-alimenticios-que-dijo-el-neurologo-conrado-estol-sobre-su-utilidad-real\/#primaryimage\",\"url\":\"https:\/\/lobosnews.com.ar\/wp-content\/uploads\/2026\/03\/mitos-y-verdades-sobre-suplementos-alimenticios-que-dijo-el-neurologo-conrado-estol-sobre-su-utilidad-real.jpg\",\"contentUrl\":\"https:\/\/lobosnews.com.ar\/wp-content\/uploads\/2026\/03\/mitos-y-verdades-sobre-suplementos-alimenticios-que-dijo-el-neurologo-conrado-estol-sobre-su-utilidad-real.jpg\",\"width\":1920,\"height\":1080,\"caption\":\"Mitos y verdades sobre suplementos alimenticios: qu\u00e9 dijo el neur\u00f3logo Conrado Estol sobre su utilidad real\"},{\"@type\":\"BreadcrumbList\",\"@id\":\"https:\/\/lobosnews.com.ar\/index.php\/2026\/03\/11\/mitos-y-verdades-sobre-suplementos-alimenticios-que-dijo-el-neurologo-conrado-estol-sobre-su-utilidad-real\/#breadcrumb\",\"itemListElement\":[{\"@type\":\"ListItem\",\"position\":1,\"name\":\"Portada\",\"item\":\"https:\/\/lobosnews.com.ar\/\"},{\"@type\":\"ListItem\",\"position\":2,\"name\":\"Mitos y verdades sobre suplementos alimenticios: qu\u00e9 dijo el neur\u00f3logo Conrado Estol sobre su utilidad real\"}]},{\"@type\":\"WebSite\",\"@id\":\"https:\/\/lobosnews.com.ar\/#website\",\"url\":\"https:\/\/lobosnews.com.ar\/\",\"name\":\"Lobos News\",\"description\":\"Informaci\u00f3n a cada instante\",\"publisher\":{\"@id\":\"https:\/\/lobosnews.com.ar\/#organization\"},\"potentialAction\":[{\"@type\":\"SearchAction\",\"target\":{\"@type\":\"EntryPoint\",\"urlTemplate\":\"https:\/\/lobosnews.com.ar\/?s={search_term_string}\"},\"query-input\":{\"@type\":\"PropertyValueSpecification\",\"valueRequired\":true,\"valueName\":\"search_term_string\"}}],\"inLanguage\":\"es\"},{\"@type\":\"Organization\",\"@id\":\"https:\/\/lobosnews.com.ar\/#organization\",\"name\":\"Lobos News\",\"url\":\"https:\/\/lobosnews.com.ar\/\",\"logo\":{\"@type\":\"ImageObject\",\"inLanguage\":\"es\",\"@id\":\"https:\/\/lobosnews.com.ar\/#\/schema\/logo\/image\/\",\"url\":\"https:\/\/lobosnews.com.ar\/wp-content\/uploads\/2026\/01\/logo-lobosnews.png\",\"contentUrl\":\"https:\/\/lobosnews.com.ar\/wp-content\/uploads\/2026\/01\/logo-lobosnews.png\",\"width\":500,\"height\":200,\"caption\":\"Lobos News\"},\"image\":{\"@id\":\"https:\/\/lobosnews.com.ar\/#\/schema\/logo\/image\/\"}},{\"@type\":\"Person\",\"@id\":\"https:\/\/lobosnews.com.ar\/#\/schema\/person\/232422a593d5c541dd9aef6aaed10943\",\"name\":\"admin\",\"image\":{\"@type\":\"ImageObject\",\"inLanguage\":\"es\",\"@id\":\"https:\/\/lobosnews.com.ar\/#\/schema\/person\/image\/\",\"url\":\"https:\/\/secure.gravatar.com\/avatar\/76e419471a2083bc3ceab22a763dbbf9b0c1bd15a6214cf3280e2c2dde4580f9?s=96&d=mm&r=g\",\"contentUrl\":\"https:\/\/secure.gravatar.com\/avatar\/76e419471a2083bc3ceab22a763dbbf9b0c1bd15a6214cf3280e2c2dde4580f9?s=96&d=mm&r=g\",\"caption\":\"admin\"},\"sameAs\":[\"https:\/\/lobosnews.com.ar\"],\"url\":\"https:\/\/lobosnews.com.ar\/index.php\/author\/lobos-news\/\"}]}<\/script>\n<!-- \/ Yoast SEO plugin. -->","yoast_head_json":{"title":"Mitos y verdades sobre suplementos alimenticios: qu\u00e9 dijo el neur\u00f3logo Conrado Estol sobre su utilidad real - Lobos News","robots":{"index":"index","follow":"follow","max-snippet":"max-snippet:-1","max-image-preview":"max-image-preview:large","max-video-preview":"max-video-preview:-1"},"canonical":"https:\/\/lobosnews.com.ar\/index.php\/2026\/03\/11\/mitos-y-verdades-sobre-suplementos-alimenticios-que-dijo-el-neurologo-conrado-estol-sobre-su-utilidad-real\/","og_locale":"es_ES","og_type":"article","og_title":"Mitos y verdades sobre suplementos alimenticios: qu\u00e9 dijo el neur\u00f3logo Conrado Estol sobre su utilidad real - Lobos News","og_description":"En una entrevista en Infobae en Vivo, el experto neur\u00f3logo Conrado Estol advirti\u00f3 que la mayor\u00eda de las personas no consume los nutrientes necesarios en y se refiri\u00f3 a los suplementos alimentarios Durante su paso por el estudio de Infobae al Mediod\u00eda, donde dialog\u00f3 con Maru Duffard, Andrei Serbin Pont, Jimena Grandinetti, Fede Mayol y...","og_url":"https:\/\/lobosnews.com.ar\/index.php\/2026\/03\/11\/mitos-y-verdades-sobre-suplementos-alimenticios-que-dijo-el-neurologo-conrado-estol-sobre-su-utilidad-real\/","og_site_name":"Lobos News","article_published_time":"2026-03-11T20:28:57+00:00","article_modified_time":"2026-03-11T21:32:41+00:00","og_image":[{"url":"https:\/\/lobosnews.com.ar\/wp-content\/uploads\/2026\/03\/mitos-y-verdades-sobre-suplementos-alimenticios-que-dijo-el-neurologo-conrado-estol-sobre-su-utilidad-real.jpg","type":"","width":"","height":""}],"author":"admin","twitter_card":"summary_large_image","twitter_misc":{"Escrito por":"admin","Tiempo de lectura":"3 minutos"},"schema":{"@context":"https:\/\/schema.org","@graph":[{"@type":"Article","@id":"https:\/\/lobosnews.com.ar\/index.php\/2026\/03\/11\/mitos-y-verdades-sobre-suplementos-alimenticios-que-dijo-el-neurologo-conrado-estol-sobre-su-utilidad-real\/#article","isPartOf":{"@id":"https:\/\/lobosnews.com.ar\/index.php\/2026\/03\/11\/mitos-y-verdades-sobre-suplementos-alimenticios-que-dijo-el-neurologo-conrado-estol-sobre-su-utilidad-real\/"},"author":{"name":"admin","@id":"https:\/\/lobosnews.com.ar\/#\/schema\/person\/232422a593d5c541dd9aef6aaed10943"},"headline":"Mitos y verdades sobre suplementos alimenticios: qu\u00e9 dijo el neur\u00f3logo Conrado Estol sobre su utilidad real","datePublished":"2026-03-11T20:28:57+00:00","dateModified":"2026-03-11T21:32:41+00:00","mainEntityOfPage":{"@id":"https:\/\/lobosnews.com.ar\/index.php\/2026\/03\/11\/mitos-y-verdades-sobre-suplementos-alimenticios-que-dijo-el-neurologo-conrado-estol-sobre-su-utilidad-real\/"},"wordCount":709,"commentCount":0,"publisher":{"@id":"https:\/\/lobosnews.com.ar\/#organization"},"image":{"@id":"https:\/\/lobosnews.com.ar\/index.php\/2026\/03\/11\/mitos-y-verdades-sobre-suplementos-alimenticios-que-dijo-el-neurologo-conrado-estol-sobre-su-utilidad-real\/#primaryimage"},"thumbnailUrl":"https:\/\/lobosnews.com.ar\/wp-content\/uploads\/2026\/03\/mitos-y-verdades-sobre-suplementos-alimenticios-que-dijo-el-neurologo-conrado-estol-sobre-su-utilidad-real.jpg","articleSection":["Salud"],"inLanguage":"es","potentialAction":[{"@type":"CommentAction","name":"Comment","target":["https:\/\/lobosnews.com.ar\/index.php\/2026\/03\/11\/mitos-y-verdades-sobre-suplementos-alimenticios-que-dijo-el-neurologo-conrado-estol-sobre-su-utilidad-real\/#respond"]}]},{"@type":"WebPage","@id":"https:\/\/lobosnews.com.ar\/index.php\/2026\/03\/11\/mitos-y-verdades-sobre-suplementos-alimenticios-que-dijo-el-neurologo-conrado-estol-sobre-su-utilidad-real\/","url":"https:\/\/lobosnews.com.ar\/index.php\/2026\/03\/11\/mitos-y-verdades-sobre-suplementos-alimenticios-que-dijo-el-neurologo-conrado-estol-sobre-su-utilidad-real\/","name":"Mitos y verdades sobre suplementos alimenticios: qu\u00e9 dijo el neur\u00f3logo Conrado Estol sobre su utilidad real - Lobos News","isPartOf":{"@id":"https:\/\/lobosnews.com.ar\/#website"},"primaryImageOfPage":{"@id":"https:\/\/lobosnews.com.ar\/index.php\/2026\/03\/11\/mitos-y-verdades-sobre-suplementos-alimenticios-que-dijo-el-neurologo-conrado-estol-sobre-su-utilidad-real\/#primaryimage"},"image":{"@id":"https:\/\/lobosnews.com.ar\/index.php\/2026\/03\/11\/mitos-y-verdades-sobre-suplementos-alimenticios-que-dijo-el-neurologo-conrado-estol-sobre-su-utilidad-real\/#primaryimage"},"thumbnailUrl":"https:\/\/lobosnews.com.ar\/wp-content\/uploads\/2026\/03\/mitos-y-verdades-sobre-suplementos-alimenticios-que-dijo-el-neurologo-conrado-estol-sobre-su-utilidad-real.jpg","datePublished":"2026-03-11T20:28:57+00:00","dateModified":"2026-03-11T21:32:41+00:00","breadcrumb":{"@id":"https:\/\/lobosnews.com.ar\/index.php\/2026\/03\/11\/mitos-y-verdades-sobre-suplementos-alimenticios-que-dijo-el-neurologo-conrado-estol-sobre-su-utilidad-real\/#breadcrumb"},"inLanguage":"es","potentialAction":[{"@type":"ReadAction","target":["https:\/\/lobosnews.com.ar\/index.php\/2026\/03\/11\/mitos-y-verdades-sobre-suplementos-alimenticios-que-dijo-el-neurologo-conrado-estol-sobre-su-utilidad-real\/"]}]},{"@type":"ImageObject","inLanguage":"es","@id":"https:\/\/lobosnews.com.ar\/index.php\/2026\/03\/11\/mitos-y-verdades-sobre-suplementos-alimenticios-que-dijo-el-neurologo-conrado-estol-sobre-su-utilidad-real\/#primaryimage","url":"https:\/\/lobosnews.com.ar\/wp-content\/uploads\/2026\/03\/mitos-y-verdades-sobre-suplementos-alimenticios-que-dijo-el-neurologo-conrado-estol-sobre-su-utilidad-real.jpg","contentUrl":"https:\/\/lobosnews.com.ar\/wp-content\/uploads\/2026\/03\/mitos-y-verdades-sobre-suplementos-alimenticios-que-dijo-el-neurologo-conrado-estol-sobre-su-utilidad-real.jpg","width":1920,"height":1080,"caption":"Mitos y verdades sobre suplementos alimenticios: qu\u00e9 dijo el neur\u00f3logo Conrado Estol sobre su utilidad real"},{"@type":"BreadcrumbList","@id":"https:\/\/lobosnews.com.ar\/index.php\/2026\/03\/11\/mitos-y-verdades-sobre-suplementos-alimenticios-que-dijo-el-neurologo-conrado-estol-sobre-su-utilidad-real\/#breadcrumb","itemListElement":[{"@type":"ListItem","position":1,"name":"Portada","item":"https:\/\/lobosnews.com.ar\/"},{"@type":"ListItem","position":2,"name":"Mitos y verdades sobre suplementos alimenticios: qu\u00e9 dijo el neur\u00f3logo Conrado Estol sobre su utilidad real"}]},{"@type":"WebSite","@id":"https:\/\/lobosnews.com.ar\/#website","url":"https:\/\/lobosnews.com.ar\/","name":"Lobos News","description":"Informaci\u00f3n a cada instante","publisher":{"@id":"https:\/\/lobosnews.com.ar\/#organization"},"potentialAction":[{"@type":"SearchAction","target":{"@type":"EntryPoint","urlTemplate":"https:\/\/lobosnews.com.ar\/?s={search_term_string}"},"query-input":{"@type":"PropertyValueSpecification","valueRequired":true,"valueName":"search_term_string"}}],"inLanguage":"es"},{"@type":"Organization","@id":"https:\/\/lobosnews.com.ar\/#organization","name":"Lobos News","url":"https:\/\/lobosnews.com.ar\/","logo":{"@type":"ImageObject","inLanguage":"es","@id":"https:\/\/lobosnews.com.ar\/#\/schema\/logo\/image\/","url":"https:\/\/lobosnews.com.ar\/wp-content\/uploads\/2026\/01\/logo-lobosnews.png","contentUrl":"https:\/\/lobosnews.com.ar\/wp-content\/uploads\/2026\/01\/logo-lobosnews.png","width":500,"height":200,"caption":"Lobos News"},"image":{"@id":"https:\/\/lobosnews.com.ar\/#\/schema\/logo\/image\/"}},{"@type":"Person","@id":"https:\/\/lobosnews.com.ar\/#\/schema\/person\/232422a593d5c541dd9aef6aaed10943","name":"admin","image":{"@type":"ImageObject","inLanguage":"es","@id":"https:\/\/lobosnews.com.ar\/#\/schema\/person\/image\/","url":"https:\/\/secure.gravatar.com\/avatar\/76e419471a2083bc3ceab22a763dbbf9b0c1bd15a6214cf3280e2c2dde4580f9?s=96&d=mm&r=g","contentUrl":"https:\/\/secure.gravatar.com\/avatar\/76e419471a2083bc3ceab22a763dbbf9b0c1bd15a6214cf3280e2c2dde4580f9?s=96&d=mm&r=g","caption":"admin"},"sameAs":["https:\/\/lobosnews.com.ar"],"url":"https:\/\/lobosnews.com.ar\/index.php\/author\/lobos-news\/"}]}},"jetpack_featured_media_url":"https:\/\/lobosnews.com.ar\/wp-content\/uploads\/2026\/03\/mitos-y-verdades-sobre-suplementos-alimenticios-que-dijo-el-neurologo-conrado-estol-sobre-su-utilidad-real.jpg","jetpack_sharing_enabled":true,"_links":{"self":[{"href":"https:\/\/lobosnews.com.ar\/index.php\/wp-json\/wp\/v2\/posts\/32153","targetHints":{"allow":["GET"]}}],"collection":[{"href":"https:\/\/lobosnews.com.ar\/index.php\/wp-json\/wp\/v2\/posts"}],"about":[{"href":"https:\/\/lobosnews.com.ar\/index.php\/wp-json\/wp\/v2\/types\/post"}],"author":[{"embeddable":true,"href":"https:\/\/lobosnews.com.ar\/index.php\/wp-json\/wp\/v2\/users\/1"}],"replies":[{"embeddable":true,"href":"https:\/\/lobosnews.com.ar\/index.php\/wp-json\/wp\/v2\/comments?post=32153"}],"version-history":[{"count":1,"href":"https:\/\/lobosnews.com.ar\/index.php\/wp-json\/wp\/v2\/posts\/32153\/revisions"}],"predecessor-version":[{"id":32155,"href":"https:\/\/lobosnews.com.ar\/index.php\/wp-json\/wp\/v2\/posts\/32153\/revisions\/32155"}],"wp:featuredmedia":[{"embeddable":true,"href":"https:\/\/lobosnews.com.ar\/index.php\/wp-json\/wp\/v2\/media\/32156"}],"wp:attachment":[{"href":"https:\/\/lobosnews.com.ar\/index.php\/wp-json\/wp\/v2\/media?parent=32153"}],"wp:term":[{"taxonomy":"category","embeddable":true,"href":"https:\/\/lobosnews.com.ar\/index.php\/wp-json\/wp\/v2\/categories?post=32153"},{"taxonomy":"post_tag","embeddable":true,"href":"https:\/\/lobosnews.com.ar\/index.php\/wp-json\/wp\/v2\/tags?post=32153"}],"curies":[{"name":"wp","href":"https:\/\/api.w.org\/{rel}","templated":true}]}}