{"id":32142,"date":"2026-03-11T18:53:06","date_gmt":"2026-03-11T18:53:06","guid":{"rendered":"https:\/\/lobosnews.com.ar\/index.php\/2026\/03\/11\/brasil-negocia-con-estados-unidos-el-freno-a-la-designacion-del-pcc-y-el-comando-vermelho-como-organizaciones-terroristas\/"},"modified":"2026-03-11T20:52:59","modified_gmt":"2026-03-11T20:52:59","slug":"brasil-negocia-con-estados-unidos-el-freno-a-la-designacion-del-pcc-y-el-comando-vermelho-como-organizaciones-terroristas","status":"publish","type":"post","link":"https:\/\/lobosnews.com.ar\/index.php\/2026\/03\/11\/brasil-negocia-con-estados-unidos-el-freno-a-la-designacion-del-pcc-y-el-comando-vermelho-como-organizaciones-terroristas\/","title":{"rendered":"Brasil negocia con Estados Unidos el freno a la designaci\u00f3n del PCC y el Comando Vermelho como organizaciones terroristas"},"content":{"rendered":"<p><img loading=\"lazy\" decoding=\"async\" src=\"https:\/\/lobosnews.com.ar\/wp-content\/uploads\/2026\/03\/brasil-negocia-con-estados-unidos-el-freno-a-la-designacion-del-pcc-y-el-comando-vermelho-como-organizaciones-terroristas.jpg\" alt=\"El secretario de Estado de Estados Unidos, Marco Rubio, estrecha la mano del ministro de Relaciones Exteriores de Brasil, Mauro Vieira, durante su reuni\u00f3n en el Departamento de Estado en Washington, D.C., Estados Unidos, el 13 de noviembre de 2025\nREUTERS\/Evelyn Hockstein\" height=\"4335\" width=\"6500\"\/><\/p>\n<p>El gobierno de<b> Donald Trump<\/b> avanz\u00f3 en los tr\u00e1mites para clasificar al <b>Primeiro Comando da Capital<\/b> (PCC) y al <b>Comando Vermelho<\/b> (CV) como Organizaciones Terroristas Extranjeras (FTO, por sus siglas en ingl\u00e9s). El Departamento de Estado concluy\u00f3 la documentaci\u00f3n t\u00e9cnica que sustenta la designaci\u00f3n, y la decisi\u00f3n aguarda \u00fanicamente el visto bueno pol\u00edtico para formalizarse, seg\u00fan fuentes vinculadas al gobierno estadounidense consultadas por medios brasile\u00f1os.<b> La medida desat\u00f3 una crisis diplom\u00e1tica de urgencia entre Washington y Brasilia<\/b>.<\/p>\n<p>El canciller Mauro Vieira llam\u00f3 por tel\u00e9fono el domingo al secretario de Estado Marco Rubio para tratar el asunto, seg\u00fan informaron fuentes del gobierno brasile\u00f1o a <i>GloboNews<\/i>. La conversaci\u00f3n se enmarc\u00f3 en los preparativos de una visita de Lula a Washington, todav\u00eda sin fecha, pero el tema central fue la inminente clasificaci\u00f3n. <b>Rubio es se\u00f1alado como el <\/b><span class=\"waslinkname\"><b>principal impulsor de la medida<\/b><\/span>, y la propuesta podr\u00eda ser enviada al Congreso en los pr\u00f3ximos d\u00edas para su ratificaci\u00f3n.<\/p>\n<p>El temor de Brasilia no es s\u00f3lo simb\u00f3lico. La designaci\u00f3n como FTO convierte en delito federal el apoyo material a la organizaci\u00f3n designada, habilita el congelamiento de activos y <b>abre la puerta a operaciones militares unilaterales en el exterior<\/b>. El gobierno de Lula cita el caso venezolano: en julio de 2025, Washington comenz\u00f3 ataques navales tras designar como<b> terrorista al Cartel de los Soles<\/b>, y en enero de 2026 fuerzas estadounidenses capturaron a Maduro en Venezuela.<\/p>\n<p><img loading=\"lazy\" decoding=\"async\" src=\"https:\/\/lobosnews.com.ar\/wp-content\/uploads\/2026\/03\/brasil-negocia-con-estados-unidos-el-freno-a-la-designacion-del-pcc-y-el-comando-vermelho-como-organizaciones-terroristas-1.jpg\" alt=\"La polic\u00eda pasa junto a un veh\u00edculo incendiado utilizado como ret\u00e9n durante un operativo policial contra presuntos narcotraficantes en la favela Complexo do Alemao, donde opera la organizaci\u00f3n criminal \"Comando Vermelho\", en R\u00edo de Janeiro, el martes 28 de octubre de 2025\n(Foto AP\/Silvia Izquierdo)\" height=\"3692\" width=\"5538\"\/><\/p>\n<p>El <span class=\"waslinkname\">Comando Vermelho<\/span> naci\u00f3 en los a\u00f1os setenta en la prisi\u00f3n C\u00e1ndido Mendes, en la isla de Ilha Grande, como alianza entre presos comunes y militantes de izquierda encarcelados durante la dictadura militar (1964-1985). <b>La organizaci\u00f3n abandon\u00f3 con el tiempo su componente ideol\u00f3gico<\/b> y se convirti\u00f3 en el grupo criminal m\u00e1s antiguo del pa\u00eds, con base en las favelas de R\u00edo de Janeiro. El PCC surgi\u00f3 en S\u00e3o Paulo en agosto de 1993, fundado por ocho presos en la c\u00e1rcel de Taubat\u00e9 en respuesta a la masacre de Carandiru, en la que fuerzas de seguridad mataron a m\u00e1s de cien reclusos. Lo que empez\u00f3 como un pacto de protecci\u00f3n carcelaria se transform\u00f3 en una organizaci\u00f3n con hasta 40.000 miembros activos y presencia en al menos diecis\u00e9is pa\u00edses.<\/p>\n<p>Desde enero de 2025, la administraci\u00f3n <b>Trump design\u00f3 como terroristas extranjeras a 25 organizaciones latinoamericanas<\/b>, entre ellas el Tren de Aragua venezolano y seis carteles mexicanos. Paraguay tom\u00f3 la delantera en octubre de 2025 con un decreto presidencial que declar\u00f3 terroristas al PCC y al CV, lo que autoriz\u00f3 el despliegue de las Fuerzas Armadas en la frontera con Brasil. El gobernador de R\u00edo de Janeiro, Cl\u00e1udio Castro, respald\u00f3 la iniciativa de Washington tras la operaci\u00f3n policial del 28 de octubre contra el Comando Vermelho, la m\u00e1s letal de la historia brasile\u00f1a, con m\u00e1s de 120 muertos.<\/p>\n<p>El gobierno de Lula argumenta que ambas organizaciones est\u00e1n motivadas por el lucro, no por fines pol\u00edticos o ideol\u00f3gicos. Analistas advirtieron que la designaci\u00f3n podr\u00eda derivar en <b>arrestos del FBI<\/b> de operativos en el exterior y congelamiento de activos de empresas pantalla. Con elecciones presidenciales en 2026, el tema se convirti\u00f3 tambi\u00e9n en un arma pol\u00edtica interna: la derecha brasile\u00f1a, con <b>Eduardo Bolsonaro<\/b> como intermediario activo.<\/p>\n<p>Brasil dispone de poco tiempo para frenar una decisi\u00f3n que, seg\u00fan varias fuentes, ya super\u00f3 la etapa t\u00e9cnica y espera \u00fanicamente una firma.<\/p>\n","protected":false},"excerpt":{"rendered":"<p>El gobierno de Donald Trump avanz\u00f3 en los tr\u00e1mites para clasificar al Primeiro Comando da Capital (PCC) y al Comando Vermelho (CV) como Organizaciones Terroristas Extranjeras (FTO, por sus siglas en ingl\u00e9s). El Departamento de Estado concluy\u00f3 la documentaci\u00f3n t\u00e9cnica que sustenta la designaci\u00f3n, y la decisi\u00f3n aguarda \u00fanicamente el visto bueno pol\u00edtico para formalizarse,&#8230;<\/p>\n","protected":false},"author":1,"featured_media":32146,"comment_status":"open","ping_status":"closed","sticky":false,"template":"","format":"standard","meta":{"_jetpack_memberships_contains_paid_content":false,"footnotes":""},"categories":[31],"tags":[],"class_list":["post-32142","post","type-post","status-publish","format-standard","has-post-thumbnail","hentry","category-actualidad"],"magazineBlocksPostFeaturedMedia":{"thumbnail":"https:\/\/lobosnews.com.ar\/wp-content\/uploads\/2026\/03\/brasil-negocia-con-estados-unidos-el-freno-a-la-designacion-del-pcc-y-el-comando-vermelho-como-organizaciones-terroristas-2-150x150.jpg","medium":"https:\/\/lobosnews.com.ar\/wp-content\/uploads\/2026\/03\/brasil-negocia-con-estados-unidos-el-freno-a-la-designacion-del-pcc-y-el-comando-vermelho-como-organizaciones-terroristas-2-300x200.jpg","medium_large":"https:\/\/lobosnews.com.ar\/wp-content\/uploads\/2026\/03\/brasil-negocia-con-estados-unidos-el-freno-a-la-designacion-del-pcc-y-el-comando-vermelho-como-organizaciones-terroristas-2-768x512.jpg","large":"https:\/\/lobosnews.com.ar\/wp-content\/uploads\/2026\/03\/brasil-negocia-con-estados-unidos-el-freno-a-la-designacion-del-pcc-y-el-comando-vermelho-como-organizaciones-terroristas-2-1024x683.jpg","1536x1536":"https:\/\/lobosnews.com.ar\/wp-content\/uploads\/2026\/03\/brasil-negocia-con-estados-unidos-el-freno-a-la-designacion-del-pcc-y-el-comando-vermelho-como-organizaciones-terroristas-2-1536x1024.jpg","2048x2048":"https:\/\/lobosnews.com.ar\/wp-content\/uploads\/2026\/03\/brasil-negocia-con-estados-unidos-el-freno-a-la-designacion-del-pcc-y-el-comando-vermelho-como-organizaciones-terroristas-2-2048x1365.jpg","newsmatic-featured":"https:\/\/lobosnews.com.ar\/wp-content\/uploads\/2026\/03\/brasil-negocia-con-estados-unidos-el-freno-a-la-designacion-del-pcc-y-el-comando-vermelho-como-organizaciones-terroristas-2-820x545.jpg","newsmatic-list":"https:\/\/lobosnews.com.ar\/wp-content\/uploads\/2026\/03\/brasil-negocia-con-estados-unidos-el-freno-a-la-designacion-del-pcc-y-el-comando-vermelho-como-organizaciones-terroristas-2-600x400.jpg","newsmatic-thumb":"https:\/\/lobosnews.com.ar\/wp-content\/uploads\/2026\/03\/brasil-negocia-con-estados-unidos-el-freno-a-la-designacion-del-pcc-y-el-comando-vermelho-como-organizaciones-terroristas-2-300x200.jpg","newsmatic-small":"https:\/\/lobosnews.com.ar\/wp-content\/uploads\/2026\/03\/brasil-negocia-con-estados-unidos-el-freno-a-la-designacion-del-pcc-y-el-comando-vermelho-como-organizaciones-terroristas-2-150x95.jpg","newsmatic-grid":"https:\/\/lobosnews.com.ar\/wp-content\/uploads\/2026\/03\/brasil-negocia-con-estados-unidos-el-freno-a-la-designacion-del-pcc-y-el-comando-vermelho-como-organizaciones-terroristas-2-400x250.jpg"},"magazineBlocksPostAuthor":{"name":"admin","avatar":"https:\/\/secure.gravatar.com\/avatar\/76e419471a2083bc3ceab22a763dbbf9b0c1bd15a6214cf3280e2c2dde4580f9?s=96&d=mm&r=g"},"magazineBlocksPostCommentsNumber":"0","magazineBlocksPostExcerpt":"El gobierno de Donald Trump avanz\u00f3 en los tr\u00e1mites para clasificar al Primeiro Comando da Capital (PCC) y al Comando Vermelho (CV) como Organizaciones Terroristas Extranjeras (FTO, por sus siglas en ingl\u00e9s). El Departamento de Estado concluy\u00f3 la documentaci\u00f3n t\u00e9cnica que sustenta la designaci\u00f3n, y la decisi\u00f3n aguarda \u00fanicamente el visto bueno pol\u00edtico para formalizarse,...","magazineBlocksPostCategories":["Actualidad"],"magazineBlocksPostViewCount":77,"magazineBlocksPostReadTime":3,"magazine_blocks_featured_image_url":{"full":["https:\/\/lobosnews.com.ar\/wp-content\/uploads\/2026\/03\/brasil-negocia-con-estados-unidos-el-freno-a-la-designacion-del-pcc-y-el-comando-vermelho-como-organizaciones-terroristas-2-scaled.jpg",2560,1706,false],"medium":["https:\/\/lobosnews.com.ar\/wp-content\/uploads\/2026\/03\/brasil-negocia-con-estados-unidos-el-freno-a-la-designacion-del-pcc-y-el-comando-vermelho-como-organizaciones-terroristas-2-300x200.jpg",300,200,true],"thumbnail":["https:\/\/lobosnews.com.ar\/wp-content\/uploads\/2026\/03\/brasil-negocia-con-estados-unidos-el-freno-a-la-designacion-del-pcc-y-el-comando-vermelho-como-organizaciones-terroristas-2-150x150.jpg",150,150,true]},"magazine_blocks_author":{"display_name":"admin","author_link":"https:\/\/lobosnews.com.ar\/index.php\/author\/lobos-news\/"},"magazine_blocks_comment":0,"magazine_blocks_author_image":"https:\/\/secure.gravatar.com\/avatar\/76e419471a2083bc3ceab22a763dbbf9b0c1bd15a6214cf3280e2c2dde4580f9?s=96&d=mm&r=g","magazine_blocks_category":"<a href=\"#\" class=\"category-link category-link-31\">Actualidad<\/a>","yoast_head":"<!-- This site is optimized with the Yoast SEO plugin v26.6 - https:\/\/yoast.com\/wordpress\/plugins\/seo\/ -->\n<title>Brasil negocia con Estados Unidos el freno a la designaci\u00f3n del PCC y el Comando Vermelho como organizaciones terroristas - Lobos News<\/title>\n<meta name=\"robots\" content=\"index, follow, max-snippet:-1, max-image-preview:large, max-video-preview:-1\" \/>\n<link rel=\"canonical\" href=\"https:\/\/lobosnews.com.ar\/index.php\/2026\/03\/11\/brasil-negocia-con-estados-unidos-el-freno-a-la-designacion-del-pcc-y-el-comando-vermelho-como-organizaciones-terroristas\/\" \/>\n<meta property=\"og:locale\" content=\"es_ES\" \/>\n<meta property=\"og:type\" content=\"article\" \/>\n<meta property=\"og:title\" content=\"Brasil negocia con Estados Unidos el freno a la designaci\u00f3n del PCC y el Comando Vermelho como organizaciones terroristas - Lobos News\" \/>\n<meta property=\"og:description\" content=\"El gobierno de Donald Trump avanz\u00f3 en los tr\u00e1mites para clasificar al Primeiro Comando da Capital (PCC) y al Comando Vermelho (CV) como Organizaciones Terroristas Extranjeras (FTO, por sus siglas en ingl\u00e9s). El Departamento de Estado concluy\u00f3 la documentaci\u00f3n t\u00e9cnica que sustenta la designaci\u00f3n, y la decisi\u00f3n aguarda \u00fanicamente el visto bueno pol\u00edtico para formalizarse,...\" \/>\n<meta property=\"og:url\" content=\"https:\/\/lobosnews.com.ar\/index.php\/2026\/03\/11\/brasil-negocia-con-estados-unidos-el-freno-a-la-designacion-del-pcc-y-el-comando-vermelho-como-organizaciones-terroristas\/\" \/>\n<meta property=\"og:site_name\" content=\"Lobos News\" \/>\n<meta property=\"article:published_time\" content=\"2026-03-11T18:53:06+00:00\" \/>\n<meta property=\"article:modified_time\" content=\"2026-03-11T20:52:59+00:00\" \/>\n<meta property=\"og:image\" content=\"https:\/\/lobosnews.com.ar\/wp-content\/uploads\/2026\/03\/brasil-negocia-con-estados-unidos-el-freno-a-la-designacion-del-pcc-y-el-comando-vermelho-como-organizaciones-terroristas.jpg\" \/>\n<meta name=\"author\" content=\"admin\" \/>\n<meta name=\"twitter:card\" content=\"summary_large_image\" \/>\n<meta name=\"twitter:label1\" content=\"Escrito por\" \/>\n\t<meta name=\"twitter:data1\" content=\"admin\" \/>\n\t<meta name=\"twitter:label2\" content=\"Tiempo de lectura\" \/>\n\t<meta name=\"twitter:data2\" content=\"3 minutos\" \/>\n<script type=\"application\/ld+json\" class=\"yoast-schema-graph\">{\"@context\":\"https:\/\/schema.org\",\"@graph\":[{\"@type\":\"Article\",\"@id\":\"https:\/\/lobosnews.com.ar\/index.php\/2026\/03\/11\/brasil-negocia-con-estados-unidos-el-freno-a-la-designacion-del-pcc-y-el-comando-vermelho-como-organizaciones-terroristas\/#article\",\"isPartOf\":{\"@id\":\"https:\/\/lobosnews.com.ar\/index.php\/2026\/03\/11\/brasil-negocia-con-estados-unidos-el-freno-a-la-designacion-del-pcc-y-el-comando-vermelho-como-organizaciones-terroristas\/\"},\"author\":{\"name\":\"admin\",\"@id\":\"https:\/\/lobosnews.com.ar\/#\/schema\/person\/232422a593d5c541dd9aef6aaed10943\"},\"headline\":\"Brasil negocia con Estados Unidos el freno a la designaci\u00f3n del PCC y el Comando Vermelho como organizaciones terroristas\",\"datePublished\":\"2026-03-11T18:53:06+00:00\",\"dateModified\":\"2026-03-11T20:52:59+00:00\",\"mainEntityOfPage\":{\"@id\":\"https:\/\/lobosnews.com.ar\/index.php\/2026\/03\/11\/brasil-negocia-con-estados-unidos-el-freno-a-la-designacion-del-pcc-y-el-comando-vermelho-como-organizaciones-terroristas\/\"},\"wordCount\":611,\"commentCount\":0,\"publisher\":{\"@id\":\"https:\/\/lobosnews.com.ar\/#organization\"},\"image\":{\"@id\":\"https:\/\/lobosnews.com.ar\/index.php\/2026\/03\/11\/brasil-negocia-con-estados-unidos-el-freno-a-la-designacion-del-pcc-y-el-comando-vermelho-como-organizaciones-terroristas\/#primaryimage\"},\"thumbnailUrl\":\"https:\/\/lobosnews.com.ar\/wp-content\/uploads\/2026\/03\/brasil-negocia-con-estados-unidos-el-freno-a-la-designacion-del-pcc-y-el-comando-vermelho-como-organizaciones-terroristas-2-scaled.jpg\",\"articleSection\":[\"Actualidad\"],\"inLanguage\":\"es\",\"potentialAction\":[{\"@type\":\"CommentAction\",\"name\":\"Comment\",\"target\":[\"https:\/\/lobosnews.com.ar\/index.php\/2026\/03\/11\/brasil-negocia-con-estados-unidos-el-freno-a-la-designacion-del-pcc-y-el-comando-vermelho-como-organizaciones-terroristas\/#respond\"]}]},{\"@type\":\"WebPage\",\"@id\":\"https:\/\/lobosnews.com.ar\/index.php\/2026\/03\/11\/brasil-negocia-con-estados-unidos-el-freno-a-la-designacion-del-pcc-y-el-comando-vermelho-como-organizaciones-terroristas\/\",\"url\":\"https:\/\/lobosnews.com.ar\/index.php\/2026\/03\/11\/brasil-negocia-con-estados-unidos-el-freno-a-la-designacion-del-pcc-y-el-comando-vermelho-como-organizaciones-terroristas\/\",\"name\":\"Brasil negocia con Estados Unidos el freno a la designaci\u00f3n del PCC y el Comando Vermelho como organizaciones terroristas - Lobos News\",\"isPartOf\":{\"@id\":\"https:\/\/lobosnews.com.ar\/#website\"},\"primaryImageOfPage\":{\"@id\":\"https:\/\/lobosnews.com.ar\/index.php\/2026\/03\/11\/brasil-negocia-con-estados-unidos-el-freno-a-la-designacion-del-pcc-y-el-comando-vermelho-como-organizaciones-terroristas\/#primaryimage\"},\"image\":{\"@id\":\"https:\/\/lobosnews.com.ar\/index.php\/2026\/03\/11\/brasil-negocia-con-estados-unidos-el-freno-a-la-designacion-del-pcc-y-el-comando-vermelho-como-organizaciones-terroristas\/#primaryimage\"},\"thumbnailUrl\":\"https:\/\/lobosnews.com.ar\/wp-content\/uploads\/2026\/03\/brasil-negocia-con-estados-unidos-el-freno-a-la-designacion-del-pcc-y-el-comando-vermelho-como-organizaciones-terroristas-2-scaled.jpg\",\"datePublished\":\"2026-03-11T18:53:06+00:00\",\"dateModified\":\"2026-03-11T20:52:59+00:00\",\"breadcrumb\":{\"@id\":\"https:\/\/lobosnews.com.ar\/index.php\/2026\/03\/11\/brasil-negocia-con-estados-unidos-el-freno-a-la-designacion-del-pcc-y-el-comando-vermelho-como-organizaciones-terroristas\/#breadcrumb\"},\"inLanguage\":\"es\",\"potentialAction\":[{\"@type\":\"ReadAction\",\"target\":[\"https:\/\/lobosnews.com.ar\/index.php\/2026\/03\/11\/brasil-negocia-con-estados-unidos-el-freno-a-la-designacion-del-pcc-y-el-comando-vermelho-como-organizaciones-terroristas\/\"]}]},{\"@type\":\"ImageObject\",\"inLanguage\":\"es\",\"@id\":\"https:\/\/lobosnews.com.ar\/index.php\/2026\/03\/11\/brasil-negocia-con-estados-unidos-el-freno-a-la-designacion-del-pcc-y-el-comando-vermelho-como-organizaciones-terroristas\/#primaryimage\",\"url\":\"https:\/\/lobosnews.com.ar\/wp-content\/uploads\/2026\/03\/brasil-negocia-con-estados-unidos-el-freno-a-la-designacion-del-pcc-y-el-comando-vermelho-como-organizaciones-terroristas-2-scaled.jpg\",\"contentUrl\":\"https:\/\/lobosnews.com.ar\/wp-content\/uploads\/2026\/03\/brasil-negocia-con-estados-unidos-el-freno-a-la-designacion-del-pcc-y-el-comando-vermelho-como-organizaciones-terroristas-2-scaled.jpg\",\"width\":2560,\"height\":1706,\"caption\":\"Brasil negocia con Estados Unidos el freno a la designaci\u00f3n del PCC y el Comando Vermelho como organizaciones terroristas\"},{\"@type\":\"BreadcrumbList\",\"@id\":\"https:\/\/lobosnews.com.ar\/index.php\/2026\/03\/11\/brasil-negocia-con-estados-unidos-el-freno-a-la-designacion-del-pcc-y-el-comando-vermelho-como-organizaciones-terroristas\/#breadcrumb\",\"itemListElement\":[{\"@type\":\"ListItem\",\"position\":1,\"name\":\"Portada\",\"item\":\"https:\/\/lobosnews.com.ar\/\"},{\"@type\":\"ListItem\",\"position\":2,\"name\":\"Brasil negocia con Estados Unidos el freno a la designaci\u00f3n del PCC y el Comando Vermelho como organizaciones terroristas\"}]},{\"@type\":\"WebSite\",\"@id\":\"https:\/\/lobosnews.com.ar\/#website\",\"url\":\"https:\/\/lobosnews.com.ar\/\",\"name\":\"Lobos News\",\"description\":\"Informaci\u00f3n a cada instante\",\"publisher\":{\"@id\":\"https:\/\/lobosnews.com.ar\/#organization\"},\"potentialAction\":[{\"@type\":\"SearchAction\",\"target\":{\"@type\":\"EntryPoint\",\"urlTemplate\":\"https:\/\/lobosnews.com.ar\/?s={search_term_string}\"},\"query-input\":{\"@type\":\"PropertyValueSpecification\",\"valueRequired\":true,\"valueName\":\"search_term_string\"}}],\"inLanguage\":\"es\"},{\"@type\":\"Organization\",\"@id\":\"https:\/\/lobosnews.com.ar\/#organization\",\"name\":\"Lobos News\",\"url\":\"https:\/\/lobosnews.com.ar\/\",\"logo\":{\"@type\":\"ImageObject\",\"inLanguage\":\"es\",\"@id\":\"https:\/\/lobosnews.com.ar\/#\/schema\/logo\/image\/\",\"url\":\"https:\/\/lobosnews.com.ar\/wp-content\/uploads\/2026\/01\/logo-lobosnews.png\",\"contentUrl\":\"https:\/\/lobosnews.com.ar\/wp-content\/uploads\/2026\/01\/logo-lobosnews.png\",\"width\":500,\"height\":200,\"caption\":\"Lobos News\"},\"image\":{\"@id\":\"https:\/\/lobosnews.com.ar\/#\/schema\/logo\/image\/\"}},{\"@type\":\"Person\",\"@id\":\"https:\/\/lobosnews.com.ar\/#\/schema\/person\/232422a593d5c541dd9aef6aaed10943\",\"name\":\"admin\",\"image\":{\"@type\":\"ImageObject\",\"inLanguage\":\"es\",\"@id\":\"https:\/\/lobosnews.com.ar\/#\/schema\/person\/image\/\",\"url\":\"https:\/\/secure.gravatar.com\/avatar\/76e419471a2083bc3ceab22a763dbbf9b0c1bd15a6214cf3280e2c2dde4580f9?s=96&d=mm&r=g\",\"contentUrl\":\"https:\/\/secure.gravatar.com\/avatar\/76e419471a2083bc3ceab22a763dbbf9b0c1bd15a6214cf3280e2c2dde4580f9?s=96&d=mm&r=g\",\"caption\":\"admin\"},\"sameAs\":[\"https:\/\/lobosnews.com.ar\"],\"url\":\"https:\/\/lobosnews.com.ar\/index.php\/author\/lobos-news\/\"}]}<\/script>\n<!-- \/ Yoast SEO plugin. -->","yoast_head_json":{"title":"Brasil negocia con Estados Unidos el freno a la designaci\u00f3n del PCC y el Comando Vermelho como organizaciones terroristas - Lobos News","robots":{"index":"index","follow":"follow","max-snippet":"max-snippet:-1","max-image-preview":"max-image-preview:large","max-video-preview":"max-video-preview:-1"},"canonical":"https:\/\/lobosnews.com.ar\/index.php\/2026\/03\/11\/brasil-negocia-con-estados-unidos-el-freno-a-la-designacion-del-pcc-y-el-comando-vermelho-como-organizaciones-terroristas\/","og_locale":"es_ES","og_type":"article","og_title":"Brasil negocia con Estados Unidos el freno a la designaci\u00f3n del PCC y el Comando Vermelho como organizaciones terroristas - Lobos News","og_description":"El gobierno de Donald Trump avanz\u00f3 en los tr\u00e1mites para clasificar al Primeiro Comando da Capital (PCC) y al Comando Vermelho (CV) como Organizaciones Terroristas Extranjeras (FTO, por sus siglas en ingl\u00e9s). El Departamento de Estado concluy\u00f3 la documentaci\u00f3n t\u00e9cnica que sustenta la designaci\u00f3n, y la decisi\u00f3n aguarda \u00fanicamente el visto bueno pol\u00edtico para formalizarse,...","og_url":"https:\/\/lobosnews.com.ar\/index.php\/2026\/03\/11\/brasil-negocia-con-estados-unidos-el-freno-a-la-designacion-del-pcc-y-el-comando-vermelho-como-organizaciones-terroristas\/","og_site_name":"Lobos News","article_published_time":"2026-03-11T18:53:06+00:00","article_modified_time":"2026-03-11T20:52:59+00:00","og_image":[{"url":"https:\/\/lobosnews.com.ar\/wp-content\/uploads\/2026\/03\/brasil-negocia-con-estados-unidos-el-freno-a-la-designacion-del-pcc-y-el-comando-vermelho-como-organizaciones-terroristas.jpg","type":"","width":"","height":""}],"author":"admin","twitter_card":"summary_large_image","twitter_misc":{"Escrito por":"admin","Tiempo de lectura":"3 minutos"},"schema":{"@context":"https:\/\/schema.org","@graph":[{"@type":"Article","@id":"https:\/\/lobosnews.com.ar\/index.php\/2026\/03\/11\/brasil-negocia-con-estados-unidos-el-freno-a-la-designacion-del-pcc-y-el-comando-vermelho-como-organizaciones-terroristas\/#article","isPartOf":{"@id":"https:\/\/lobosnews.com.ar\/index.php\/2026\/03\/11\/brasil-negocia-con-estados-unidos-el-freno-a-la-designacion-del-pcc-y-el-comando-vermelho-como-organizaciones-terroristas\/"},"author":{"name":"admin","@id":"https:\/\/lobosnews.com.ar\/#\/schema\/person\/232422a593d5c541dd9aef6aaed10943"},"headline":"Brasil negocia con Estados Unidos el freno a la designaci\u00f3n del PCC y el Comando Vermelho como organizaciones terroristas","datePublished":"2026-03-11T18:53:06+00:00","dateModified":"2026-03-11T20:52:59+00:00","mainEntityOfPage":{"@id":"https:\/\/lobosnews.com.ar\/index.php\/2026\/03\/11\/brasil-negocia-con-estados-unidos-el-freno-a-la-designacion-del-pcc-y-el-comando-vermelho-como-organizaciones-terroristas\/"},"wordCount":611,"commentCount":0,"publisher":{"@id":"https:\/\/lobosnews.com.ar\/#organization"},"image":{"@id":"https:\/\/lobosnews.com.ar\/index.php\/2026\/03\/11\/brasil-negocia-con-estados-unidos-el-freno-a-la-designacion-del-pcc-y-el-comando-vermelho-como-organizaciones-terroristas\/#primaryimage"},"thumbnailUrl":"https:\/\/lobosnews.com.ar\/wp-content\/uploads\/2026\/03\/brasil-negocia-con-estados-unidos-el-freno-a-la-designacion-del-pcc-y-el-comando-vermelho-como-organizaciones-terroristas-2-scaled.jpg","articleSection":["Actualidad"],"inLanguage":"es","potentialAction":[{"@type":"CommentAction","name":"Comment","target":["https:\/\/lobosnews.com.ar\/index.php\/2026\/03\/11\/brasil-negocia-con-estados-unidos-el-freno-a-la-designacion-del-pcc-y-el-comando-vermelho-como-organizaciones-terroristas\/#respond"]}]},{"@type":"WebPage","@id":"https:\/\/lobosnews.com.ar\/index.php\/2026\/03\/11\/brasil-negocia-con-estados-unidos-el-freno-a-la-designacion-del-pcc-y-el-comando-vermelho-como-organizaciones-terroristas\/","url":"https:\/\/lobosnews.com.ar\/index.php\/2026\/03\/11\/brasil-negocia-con-estados-unidos-el-freno-a-la-designacion-del-pcc-y-el-comando-vermelho-como-organizaciones-terroristas\/","name":"Brasil negocia con Estados Unidos el freno a la designaci\u00f3n del PCC y el Comando Vermelho como organizaciones terroristas - Lobos News","isPartOf":{"@id":"https:\/\/lobosnews.com.ar\/#website"},"primaryImageOfPage":{"@id":"https:\/\/lobosnews.com.ar\/index.php\/2026\/03\/11\/brasil-negocia-con-estados-unidos-el-freno-a-la-designacion-del-pcc-y-el-comando-vermelho-como-organizaciones-terroristas\/#primaryimage"},"image":{"@id":"https:\/\/lobosnews.com.ar\/index.php\/2026\/03\/11\/brasil-negocia-con-estados-unidos-el-freno-a-la-designacion-del-pcc-y-el-comando-vermelho-como-organizaciones-terroristas\/#primaryimage"},"thumbnailUrl":"https:\/\/lobosnews.com.ar\/wp-content\/uploads\/2026\/03\/brasil-negocia-con-estados-unidos-el-freno-a-la-designacion-del-pcc-y-el-comando-vermelho-como-organizaciones-terroristas-2-scaled.jpg","datePublished":"2026-03-11T18:53:06+00:00","dateModified":"2026-03-11T20:52:59+00:00","breadcrumb":{"@id":"https:\/\/lobosnews.com.ar\/index.php\/2026\/03\/11\/brasil-negocia-con-estados-unidos-el-freno-a-la-designacion-del-pcc-y-el-comando-vermelho-como-organizaciones-terroristas\/#breadcrumb"},"inLanguage":"es","potentialAction":[{"@type":"ReadAction","target":["https:\/\/lobosnews.com.ar\/index.php\/2026\/03\/11\/brasil-negocia-con-estados-unidos-el-freno-a-la-designacion-del-pcc-y-el-comando-vermelho-como-organizaciones-terroristas\/"]}]},{"@type":"ImageObject","inLanguage":"es","@id":"https:\/\/lobosnews.com.ar\/index.php\/2026\/03\/11\/brasil-negocia-con-estados-unidos-el-freno-a-la-designacion-del-pcc-y-el-comando-vermelho-como-organizaciones-terroristas\/#primaryimage","url":"https:\/\/lobosnews.com.ar\/wp-content\/uploads\/2026\/03\/brasil-negocia-con-estados-unidos-el-freno-a-la-designacion-del-pcc-y-el-comando-vermelho-como-organizaciones-terroristas-2-scaled.jpg","contentUrl":"https:\/\/lobosnews.com.ar\/wp-content\/uploads\/2026\/03\/brasil-negocia-con-estados-unidos-el-freno-a-la-designacion-del-pcc-y-el-comando-vermelho-como-organizaciones-terroristas-2-scaled.jpg","width":2560,"height":1706,"caption":"Brasil negocia con Estados Unidos el freno a la designaci\u00f3n del PCC y el Comando Vermelho como organizaciones terroristas"},{"@type":"BreadcrumbList","@id":"https:\/\/lobosnews.com.ar\/index.php\/2026\/03\/11\/brasil-negocia-con-estados-unidos-el-freno-a-la-designacion-del-pcc-y-el-comando-vermelho-como-organizaciones-terroristas\/#breadcrumb","itemListElement":[{"@type":"ListItem","position":1,"name":"Portada","item":"https:\/\/lobosnews.com.ar\/"},{"@type":"ListItem","position":2,"name":"Brasil negocia con Estados Unidos el freno a la designaci\u00f3n del PCC y el Comando Vermelho como organizaciones terroristas"}]},{"@type":"WebSite","@id":"https:\/\/lobosnews.com.ar\/#website","url":"https:\/\/lobosnews.com.ar\/","name":"Lobos News","description":"Informaci\u00f3n a cada instante","publisher":{"@id":"https:\/\/lobosnews.com.ar\/#organization"},"potentialAction":[{"@type":"SearchAction","target":{"@type":"EntryPoint","urlTemplate":"https:\/\/lobosnews.com.ar\/?s={search_term_string}"},"query-input":{"@type":"PropertyValueSpecification","valueRequired":true,"valueName":"search_term_string"}}],"inLanguage":"es"},{"@type":"Organization","@id":"https:\/\/lobosnews.com.ar\/#organization","name":"Lobos News","url":"https:\/\/lobosnews.com.ar\/","logo":{"@type":"ImageObject","inLanguage":"es","@id":"https:\/\/lobosnews.com.ar\/#\/schema\/logo\/image\/","url":"https:\/\/lobosnews.com.ar\/wp-content\/uploads\/2026\/01\/logo-lobosnews.png","contentUrl":"https:\/\/lobosnews.com.ar\/wp-content\/uploads\/2026\/01\/logo-lobosnews.png","width":500,"height":200,"caption":"Lobos News"},"image":{"@id":"https:\/\/lobosnews.com.ar\/#\/schema\/logo\/image\/"}},{"@type":"Person","@id":"https:\/\/lobosnews.com.ar\/#\/schema\/person\/232422a593d5c541dd9aef6aaed10943","name":"admin","image":{"@type":"ImageObject","inLanguage":"es","@id":"https:\/\/lobosnews.com.ar\/#\/schema\/person\/image\/","url":"https:\/\/secure.gravatar.com\/avatar\/76e419471a2083bc3ceab22a763dbbf9b0c1bd15a6214cf3280e2c2dde4580f9?s=96&d=mm&r=g","contentUrl":"https:\/\/secure.gravatar.com\/avatar\/76e419471a2083bc3ceab22a763dbbf9b0c1bd15a6214cf3280e2c2dde4580f9?s=96&d=mm&r=g","caption":"admin"},"sameAs":["https:\/\/lobosnews.com.ar"],"url":"https:\/\/lobosnews.com.ar\/index.php\/author\/lobos-news\/"}]}},"jetpack_featured_media_url":"https:\/\/lobosnews.com.ar\/wp-content\/uploads\/2026\/03\/brasil-negocia-con-estados-unidos-el-freno-a-la-designacion-del-pcc-y-el-comando-vermelho-como-organizaciones-terroristas-2-scaled.jpg","jetpack_sharing_enabled":true,"_links":{"self":[{"href":"https:\/\/lobosnews.com.ar\/index.php\/wp-json\/wp\/v2\/posts\/32142","targetHints":{"allow":["GET"]}}],"collection":[{"href":"https:\/\/lobosnews.com.ar\/index.php\/wp-json\/wp\/v2\/posts"}],"about":[{"href":"https:\/\/lobosnews.com.ar\/index.php\/wp-json\/wp\/v2\/types\/post"}],"author":[{"embeddable":true,"href":"https:\/\/lobosnews.com.ar\/index.php\/wp-json\/wp\/v2\/users\/1"}],"replies":[{"embeddable":true,"href":"https:\/\/lobosnews.com.ar\/index.php\/wp-json\/wp\/v2\/comments?post=32142"}],"version-history":[{"count":1,"href":"https:\/\/lobosnews.com.ar\/index.php\/wp-json\/wp\/v2\/posts\/32142\/revisions"}],"predecessor-version":[{"id":32145,"href":"https:\/\/lobosnews.com.ar\/index.php\/wp-json\/wp\/v2\/posts\/32142\/revisions\/32145"}],"wp:featuredmedia":[{"embeddable":true,"href":"https:\/\/lobosnews.com.ar\/index.php\/wp-json\/wp\/v2\/media\/32146"}],"wp:attachment":[{"href":"https:\/\/lobosnews.com.ar\/index.php\/wp-json\/wp\/v2\/media?parent=32142"}],"wp:term":[{"taxonomy":"category","embeddable":true,"href":"https:\/\/lobosnews.com.ar\/index.php\/wp-json\/wp\/v2\/categories?post=32142"},{"taxonomy":"post_tag","embeddable":true,"href":"https:\/\/lobosnews.com.ar\/index.php\/wp-json\/wp\/v2\/tags?post=32142"}],"curies":[{"name":"wp","href":"https:\/\/api.w.org\/{rel}","templated":true}]}}