{"id":32122,"date":"2026-03-11T16:40:27","date_gmt":"2026-03-11T16:40:27","guid":{"rendered":"https:\/\/lobosnews.com.ar\/index.php\/2026\/03\/11\/como-se-definira-la-plaza-de-iran-si-finalmente-decide-no-jugar-el-mundial-2026-que-seleccion-podria-ocupar-su-lugar\/"},"modified":"2026-03-11T20:39:02","modified_gmt":"2026-03-11T20:39:02","slug":"como-se-definira-la-plaza-de-iran-si-finalmente-decide-no-jugar-el-mundial-2026-que-seleccion-podria-ocupar-su-lugar","status":"publish","type":"post","link":"https:\/\/lobosnews.com.ar\/index.php\/2026\/03\/11\/como-se-definira-la-plaza-de-iran-si-finalmente-decide-no-jugar-el-mundial-2026-que-seleccion-podria-ocupar-su-lugar\/","title":{"rendered":"C\u00f3mo se definir\u00e1 la plaza de Ir\u00e1n si finalmente decide no jugar el Mundial 2026: qu\u00e9 selecci\u00f3n podr\u00eda ocupar su lugar"},"content":{"rendered":"<p><img loading=\"lazy\" decoding=\"async\" src=\"https:\/\/lobosnews.com.ar\/wp-content\/uploads\/2026\/03\/como-se-definira-la-plaza-de-iran-si-finalmente-decide-no-jugar-el-mundial-2026-que-seleccion-podria-ocupar-su-lugar.jpg\" alt=\"Ir\u00e1n retirar\u00eda a su equipo del Mundial 2026 por el conflicto b\u00e9lico en Medio Oriente con Estados Unidos (Foto: Majid Asgaripour\/WANA West Asia News Agency via Reuters)\" height=\"2930\" width=\"4845\"\/><\/p>\n<p>El <b>futuro de Ir\u00e1n en el Mundial 2026<\/b> se torn\u00f3 incierto tras <span class=\"waslinkname\"><b>las recientes declaraciones de un funcionario gubernamental<\/b><\/span> y la normativa estricta de la <b>FIFA<\/b>: si la federaci\u00f3n renuncia, enfrentar\u00e1 sanciones econ\u00f3micas cercanas al medio mill\u00f3n de euros y <b>su plaza ser\u00e1 reasignada a otra selecci\u00f3n<\/b>.<b> <\/b>La situaci\u00f3n respecto a la presencia del seleccionado iran\u00ed en la Copa del Mundo cambi\u00f3 radicalmente luego de que el ministro de Deportes <b>Ahmad Donyamali <\/b>afirmara que \u201cdesde que este gobierno corrupto asesin\u00f3 a nuestro l\u00edder, no tenemos condiciones para participar en el Mundial\u201d.<\/p>\n<p>Los posibles castigos a una retirada est\u00e1n especificados en el reglamento de la FIFA para el Mundial 2026 seg\u00fan el art\u00edculo 6, referente a \u201cRetirada, partido no disputado, partido suspendido y sustituci\u00f3n\u201d. Si cualquier federaci\u00f3n se retira hasta 30 d\u00edas antes del inicio de la competici\u00f3n, recibir\u00e1 <b>una multa m\u00ednima de 275.000 euros<\/b>. Si la decisi\u00f3n se toma en los 30 d\u00edas previos al partido inaugural, la sanci\u00f3n econ\u00f3mica se duplica: <b>la multa ser\u00e1 de al menos 550.000 euros<\/b>. Adem\u00e1s, la federaci\u00f3n debe reembolsar todos los fondos que la FIFA le haya entregado para la preparaci\u00f3n del equipo y cualquier otro pago relacionado con el certamen (el ingreso base por clasificaci\u00f3n ronda los 10 millones de d\u00f3lares).<\/p>\n<p>No se trata solo de una cuesti\u00f3n financiera. El organismo rector contempla en su normativa la imposici\u00f3n de sanciones deportivas posteriores a la retirada, que pueden decantar en la <b>exclusi\u00f3n del siguiente torneo internacional<\/b> o la sustituci\u00f3n inmediata de la federaci\u00f3n por otra. El momento en que se comunique la retirada, la gravedad del caso y las circunstancias atenuantes ser\u00e1n factores evaluados por la comisi\u00f3n disciplinaria de la FIFA.<\/p>\n<p><img loading=\"lazy\" decoding=\"async\" src=\"https:\/\/lobosnews.com.ar\/wp-content\/uploads\/2026\/03\/como-se-definira-la-plaza-de-iran-si-finalmente-decide-no-jugar-el-mundial-2026-que-seleccion-podria-ocupar-su-lugar-1.jpg\" alt=\"Irak ser\u00eda el gran beneficiado ante la presunta baja de Ir\u00e1n en el Mundial 2026 (REUTERS\/Amr Alfiky)\" height=\"2332\" width=\"3435\"\/><\/p>\n<p>El reglamento de la FIFA establece que, en caso de vacancia, la plaza solo puede ser ocupada por otro pa\u00eds de la Confederaci\u00f3n Asi\u00e1tica de F\u00fatbol (AFC). Seg\u00fan el reglamento en el apartado 6.7 se especifica que <b>\u201csi una federaci\u00f3n participante se retirara o quedara excluida del Mundial de la FIFA 26, la FIFA decidir\u00e1 a su entera discreci\u00f3n al respecto y emprender\u00e1 las acciones que considere necesarias. La FIFA podr\u00e1 decidir, en particular, sustituir dicha federaci\u00f3n por otra\u201d<\/b>.<\/p>\n<p>Para este ciclo clasificatorio, Asia cuenta con ocho equipos clasificados: <b>Arabia Saud\u00ed, Australia, Catar, Corea del Sur, Uzbekist\u00e1n, Jap\u00f3n, Jordania e Ir\u00e1n.<\/b> Si se concretara la baja iran\u00ed, la plaza ser\u00eda destinada a la siguiente selecci\u00f3n con mejor desempe\u00f1o en la regi\u00f3n, papel que ahora ocupa <b>Irak<\/b>, siempre y cuando la entidad que maneja los destinos del f\u00fatbol mundial as\u00ed lo decida.<b> <\/b>Esta selecci\u00f3n, tras eliminar a Emiratos \u00c1rabes Unidos (EAU) por un penal en el minuto 107, accedi\u00f3 al repechaje intercontinental.<\/p>\n<p>Uno de los partidos del mini torneo, programado para el 31 de marzo en Monterrey (M\u00e9xico), enfrentar\u00e1 al combinado iraqu\u00ed con el ganador del encuentro entre Bolivia y Surinam (que se medir\u00e1n el 26\/3 en la misma ciudad). Si Irak ingresa directamente al Mundial por la eventual baja de Ir\u00e1n, <b>Emiratos \u00c1rabes Unidos<\/b> pasar\u00eda a disputar la repesca intercontinental, en el caso que FIFA tome la decisi\u00f3n de darle su lugar por quedar por detr\u00e1s de los iraqu\u00edes. <\/p>\n<p>El \u00faltimo antecedente con una reasignaci\u00f3n similar fue en el Mundial de Clubes, cuando el Club Le\u00f3n tuvo que ser excluido y su plaza fue determinada en un partido entre Los Angeles FC y Am\u00e9rica de M\u00e9xico, resuelto a favor del equipo de la MLS. La otra posibilidad es que los iraqu\u00edes se clasifiquen de forma directa y tambi\u00e9n lo haga el ganador de la llave de Repechaje Internacional que enfrentar\u00e1 a <b>bolivianos y surinameses<\/b>.<\/p>\n<p>Es importante recordar que <b>el combinado iraqu\u00ed solicit\u00f3 el aplazamiento del repechaje internacional debido a complicaciones derivadas del conflicto en Medio Oriente<\/b>, lo que pone en duda su participaci\u00f3n en el mini torneo a jugarse en territorio mexicano.<\/p>\n<p>Los <i>Pr\u00edncipes de Persia<\/i>, que clasificaron a su cuarto Mundial consecutivo, son el cuarto pa\u00eds asi\u00e1tico con m\u00e1s participaciones en citas de este tipo con un total de 7 (detr\u00e1s de Corea del Sur con 12, Jap\u00f3n y Arabia Saudita, con 8 cada uno). Ir\u00e1n lider\u00f3 su zona junto a <b>Uzbekist\u00e1n <\/b>por la segunda ronda de las Eliminatorias del continente, por delante de la l\u00ednea de <b>Turkmenist\u00e1n <\/b>y <b>Hong Kong<\/b>, y obtuvo el boleto directo en el Grupo A de la tercera ronda, siendo l\u00edder de una zona compuesta por los uzbekos, <b>Emiratos \u00c1rabes Unidos, Qatar, Kirguist\u00e1n y Corea del Norte.<\/b> S\u00f3lo perdi\u00f3 un encuentro ante los qatar\u00edes.<\/p>\n<p><img loading=\"lazy\" decoding=\"async\" src=\"https:\/\/lobosnews.com.ar\/wp-content\/uploads\/2026\/03\/como-se-definira-la-plaza-de-iran-si-finalmente-decide-no-jugar-el-mundial-2026-que-seleccion-podria-ocupar-su-lugar-2.jpg\" alt=\"El ex basquetbolista norteamericano Shaquille O'Neal sorte\u00f3 a Ir\u00e1n en la zona de B\u00e9lgica, Egipto y Nueva Zelanda (REUTERS\/Mandel Ngan)\" height=\"4632\" width=\"6650\"\/><\/p>\n<p>El cronograma mundialista indica que los iran\u00edes debutar\u00e1n el lunes 15 de junio ante <b>Nueva Zelanda<\/b> por el Grupo G de la Copa del Mundo en el estadio <i>SoFi <\/i>de Los \u00c1ngeles. El domingo 21 jugar\u00e1n contra <b>B\u00e9lgica <\/b>en el mismo escenario y el viernes 26 har\u00edan lo propio contra <b>Egipto <\/b>en el <i>Lumen Field<\/i> de Seattle.<\/p>\n<p>El contexto pol\u00edtico a\u00f1ade obst\u00e1culos adicionales. La prohibici\u00f3n de entrada a Estados Unidos para los visitantes procedentes de Ir\u00e1n ya estaba vigente desde la lista de 19 pa\u00edses anunciada por la administraci\u00f3n Trump en junio del a\u00f1o pasado. Aunque tanto el presidente de los EEUU como <b>Gianni Infantino<\/b>, mandatario de la FIFA, se\u00f1alaron que Ir\u00e1n <b>\u201ces bien acogida en el Mundial pese al conflicto pol\u00edtico\u201d<\/b>, existen interrogantes sobre las restricciones.<\/p>\n<p>El futuro inmediato de la selecci\u00f3n de Ir\u00e1n en el primer Mundial con 48 equipos sigue siendo incierto. Las pr\u00f3ximas horas ser\u00e1n decisivas para definir si mantiene su derecho a participar o si la AFC deber\u00e1 activar el mecanismo de sustituci\u00f3n previsto en el reglamento del torneo.<\/p>\n<h2>AS\u00cd SE JUGAR\u00c1 EL REPECHAJE INTERCONTINENTAL<\/h2>\n<p><img loading=\"lazy\" decoding=\"async\" src=\"https:\/\/lobosnews.com.ar\/wp-content\/uploads\/2026\/03\/como-se-definira-la-plaza-de-iran-si-finalmente-decide-no-jugar-el-mundial-2026-que-seleccion-podria-ocupar-su-lugar-3.jpg\" alt=\"As\u00ed se jugar\u00e1 el repechaje intercontinental\" height=\"1350\" width=\"1080\"\/><\/p>\n<p>El torneo<i> <\/i>tendr\u00e1 la presencia de dos representantes de la Concacaf, junto a uno de la AFC, uno de la CAF, uno de la Conmebol y uno de la OFC. Es importante mencionar que este mini certamen <b>se jugar\u00e1 durante la ventana internacional del 23 y el 31 de marzo en M\u00e9xico (Guadalajara y Monterrey)<\/b>, en la que se definir\u00e1 el destino de las \u00faltimas plazas mundialistas. <\/p>\n<p>El formato del certamen establece que las cuatro selecciones con menor posici\u00f3n en el ranking de la FIFA se medir\u00e1n en una ronda de semifinales. Por su parte, los dos equipos mejor ubicados en dicha n\u00f3mina avanzaron de forma directa a las finales, donde esperar\u00e1n a los ganadores de los cruces. <\/p>\n<p>Las finales determinar\u00e1n a los dos conjuntos que completar\u00e1n el cuadro de participantes de la Copa del Mundo. Tras la reciente actualizaci\u00f3n del ranking de la FIFA, qued\u00f3 establecido que <b>Rep\u00fablica Democr\u00e1tica del Congo (56\u00b0) <\/b>e <b>Irak (58\u00b0)<\/b> ser\u00e1n los que jugar\u00e1n las definiciones ante los equipos que se eliminar\u00e1n. Previamente, habr\u00e1 cruces entre<b> Jamaica (70\u00b0), Bolivia (76\u00b0), Surinam (123\u00b0) y Nueva Caledonia (149\u00b0)<\/b>.<\/p>\n<p>As\u00ed se jugar\u00e1n las llaves entre las seis selecciones por fuera de Europa que alcanzaron la repesca intercontinental:<\/p>\n<p>&#8211; <b>Nueva Caledonia vs. Jamaica<\/b>: el ganador jugar\u00e1 la final contra <b>RD Congo<\/b><\/p>\n<p>&#8211; <b>Bolivia vs. Surinam<\/b>: el ganador jugar\u00e1 la final contra <b>Irak<\/b><\/p>\n<h2>LAS SELECCIONES CLASIFICADAS AL MUNDIAL 2026 (42\/42)<\/h2>\n<p><img loading=\"lazy\" decoding=\"async\" src=\"https:\/\/lobosnews.com.ar\/wp-content\/uploads\/2026\/03\/como-se-definira-la-plaza-de-iran-si-finalmente-decide-no-jugar-el-mundial-2026-que-seleccion-podria-ocupar-su-lugar-4.jpg\" alt=\"Los grupos del Mundial 2026 (Cr\u00e9dito: Infobae)\" height=\"1350\" width=\"1080\"\/><\/p>\n<p><b>\u2022 Conmebol (6\/6)<\/b>: Argentina, Ecuador, Colombia, Uruguay, Brasil y Paraguay.<\/p>\n<p><b>\u2022 Concacaf (3\/6)<\/b>: M\u00e9xico*, Estados Unidos* y Canad\u00e1*. Panam\u00e1, Curazao y Hait\u00ed.<\/p>\n<p><b>\u2022 \u00c1frica (9\/9)<\/b>: Marruecos, T\u00fanez, Egipto, Argelia, Ghana, Cabo Verde, Sud\u00e1frica, Costa de Marfil y Senegal.<\/p>\n<p><b>\u2022 Asia (8\/8)<\/b>: Jap\u00f3n, Ir\u00e1n, Uzbekist\u00e1n, Corea del Sur, Jordania, Australia, Qatar y Arabia Saudita.<\/p>\n<p><b>\u2022 Ocean\u00eda (1\/1)<\/b>: Nueva Zelanda.<\/p>\n<p><b>\u2022 Europa (12\/12)<\/b>: Inglaterra, Francia, Croacia, Portugal, Alemania, Pa\u00edses Bajos, Noruega, Austria, B\u00e9lgica, Escocia, Suiza y Espa\u00f1a.<\/p>\n<p><i>* Pa\u00edses organizadores.<\/i><\/p>\n","protected":false},"excerpt":{"rendered":"<p>El futuro de Ir\u00e1n en el Mundial 2026 se torn\u00f3 incierto tras las recientes declaraciones de un funcionario gubernamental y la normativa estricta de la FIFA: si la federaci\u00f3n renuncia, enfrentar\u00e1 sanciones econ\u00f3micas cercanas al medio mill\u00f3n de euros y su plaza ser\u00e1 reasignada a otra selecci\u00f3n. La situaci\u00f3n respecto a la presencia del seleccionado&#8230;<\/p>\n","protected":false},"author":1,"featured_media":0,"comment_status":"open","ping_status":"closed","sticky":false,"template":"","format":"standard","meta":{"_jetpack_memberships_contains_paid_content":false,"footnotes":""},"categories":[30],"tags":[39],"class_list":["post-32122","post","type-post","status-publish","format-standard","hentry","category-argentina","tag-deportes"],"magazineBlocksPostFeaturedMedia":{"thumbnail":false,"medium":false,"medium_large":false,"large":false,"1536x1536":false,"2048x2048":false,"newsmatic-featured":false,"newsmatic-list":false,"newsmatic-thumb":false,"newsmatic-small":false,"newsmatic-grid":false},"magazineBlocksPostAuthor":{"name":"admin","avatar":"https:\/\/secure.gravatar.com\/avatar\/76e419471a2083bc3ceab22a763dbbf9b0c1bd15a6214cf3280e2c2dde4580f9?s=96&d=mm&r=g"},"magazineBlocksPostCommentsNumber":"0","magazineBlocksPostExcerpt":"El futuro de Ir\u00e1n en el Mundial 2026 se torn\u00f3 incierto tras las recientes declaraciones de un funcionario gubernamental y la normativa estricta de la FIFA: si la federaci\u00f3n renuncia, enfrentar\u00e1 sanciones econ\u00f3micas cercanas al medio mill\u00f3n de euros y su plaza ser\u00e1 reasignada a otra selecci\u00f3n. La situaci\u00f3n respecto a la presencia del seleccionado...","magazineBlocksPostCategories":["Argentina"],"magazineBlocksPostViewCount":117,"magazineBlocksPostReadTime":7,"magazine_blocks_featured_image_url":{"full":false,"medium":false,"thumbnail":false},"magazine_blocks_author":{"display_name":"admin","author_link":"https:\/\/lobosnews.com.ar\/index.php\/author\/lobos-news\/"},"magazine_blocks_comment":0,"magazine_blocks_author_image":"https:\/\/secure.gravatar.com\/avatar\/76e419471a2083bc3ceab22a763dbbf9b0c1bd15a6214cf3280e2c2dde4580f9?s=96&d=mm&r=g","magazine_blocks_category":"<a href=\"#\" class=\"category-link category-link-30\">Argentina<\/a>","yoast_head":"<!-- This site is optimized with the Yoast SEO plugin v26.6 - https:\/\/yoast.com\/wordpress\/plugins\/seo\/ -->\n<title>C\u00f3mo se definir\u00e1 la plaza de Ir\u00e1n si finalmente decide no jugar el Mundial 2026: qu\u00e9 selecci\u00f3n podr\u00eda ocupar su lugar - Lobos News<\/title>\n<meta name=\"robots\" content=\"index, follow, max-snippet:-1, max-image-preview:large, max-video-preview:-1\" \/>\n<link rel=\"canonical\" href=\"https:\/\/lobosnews.com.ar\/index.php\/2026\/03\/11\/como-se-definira-la-plaza-de-iran-si-finalmente-decide-no-jugar-el-mundial-2026-que-seleccion-podria-ocupar-su-lugar\/\" \/>\n<meta property=\"og:locale\" content=\"es_ES\" \/>\n<meta property=\"og:type\" content=\"article\" \/>\n<meta property=\"og:title\" content=\"C\u00f3mo se definir\u00e1 la plaza de Ir\u00e1n si finalmente decide no jugar el Mundial 2026: qu\u00e9 selecci\u00f3n podr\u00eda ocupar su lugar - Lobos News\" \/>\n<meta property=\"og:description\" content=\"El futuro de Ir\u00e1n en el Mundial 2026 se torn\u00f3 incierto tras las recientes declaraciones de un funcionario gubernamental y la normativa estricta de la FIFA: si la federaci\u00f3n renuncia, enfrentar\u00e1 sanciones econ\u00f3micas cercanas al medio mill\u00f3n de euros y su plaza ser\u00e1 reasignada a otra selecci\u00f3n. La situaci\u00f3n respecto a la presencia del seleccionado...\" \/>\n<meta property=\"og:url\" content=\"https:\/\/lobosnews.com.ar\/index.php\/2026\/03\/11\/como-se-definira-la-plaza-de-iran-si-finalmente-decide-no-jugar-el-mundial-2026-que-seleccion-podria-ocupar-su-lugar\/\" \/>\n<meta property=\"og:site_name\" content=\"Lobos News\" \/>\n<meta property=\"article:published_time\" content=\"2026-03-11T16:40:27+00:00\" \/>\n<meta property=\"article:modified_time\" content=\"2026-03-11T20:39:02+00:00\" \/>\n<meta property=\"og:image\" content=\"https:\/\/lobosnews.com.ar\/wp-content\/uploads\/2026\/03\/como-se-definira-la-plaza-de-iran-si-finalmente-decide-no-jugar-el-mundial-2026-que-seleccion-podria-ocupar-su-lugar.jpg\" \/>\n<meta name=\"author\" content=\"admin\" \/>\n<meta name=\"twitter:card\" content=\"summary_large_image\" \/>\n<meta name=\"twitter:label1\" content=\"Escrito por\" \/>\n\t<meta name=\"twitter:data1\" content=\"admin\" \/>\n\t<meta name=\"twitter:label2\" content=\"Tiempo de lectura\" \/>\n\t<meta name=\"twitter:data2\" content=\"7 minutos\" \/>\n<script type=\"application\/ld+json\" class=\"yoast-schema-graph\">{\"@context\":\"https:\/\/schema.org\",\"@graph\":[{\"@type\":\"Article\",\"@id\":\"https:\/\/lobosnews.com.ar\/index.php\/2026\/03\/11\/como-se-definira-la-plaza-de-iran-si-finalmente-decide-no-jugar-el-mundial-2026-que-seleccion-podria-ocupar-su-lugar\/#article\",\"isPartOf\":{\"@id\":\"https:\/\/lobosnews.com.ar\/index.php\/2026\/03\/11\/como-se-definira-la-plaza-de-iran-si-finalmente-decide-no-jugar-el-mundial-2026-que-seleccion-podria-ocupar-su-lugar\/\"},\"author\":{\"name\":\"admin\",\"@id\":\"https:\/\/lobosnews.com.ar\/#\/schema\/person\/232422a593d5c541dd9aef6aaed10943\"},\"headline\":\"C\u00f3mo se definir\u00e1 la plaza de Ir\u00e1n si finalmente decide no jugar el Mundial 2026: qu\u00e9 selecci\u00f3n podr\u00eda ocupar su lugar\",\"datePublished\":\"2026-03-11T16:40:27+00:00\",\"dateModified\":\"2026-03-11T20:39:02+00:00\",\"mainEntityOfPage\":{\"@id\":\"https:\/\/lobosnews.com.ar\/index.php\/2026\/03\/11\/como-se-definira-la-plaza-de-iran-si-finalmente-decide-no-jugar-el-mundial-2026-que-seleccion-podria-ocupar-su-lugar\/\"},\"wordCount\":1326,\"commentCount\":0,\"publisher\":{\"@id\":\"https:\/\/lobosnews.com.ar\/#organization\"},\"image\":{\"@id\":\"https:\/\/lobosnews.com.ar\/index.php\/2026\/03\/11\/como-se-definira-la-plaza-de-iran-si-finalmente-decide-no-jugar-el-mundial-2026-que-seleccion-podria-ocupar-su-lugar\/#primaryimage\"},\"thumbnailUrl\":\"https:\/\/lobosnews.com.ar\/wp-content\/uploads\/2026\/03\/como-se-definira-la-plaza-de-iran-si-finalmente-decide-no-jugar-el-mundial-2026-que-seleccion-podria-ocupar-su-lugar.jpg\",\"keywords\":[\"Deportes\"],\"articleSection\":[\"Argentina\"],\"inLanguage\":\"es\",\"potentialAction\":[{\"@type\":\"CommentAction\",\"name\":\"Comment\",\"target\":[\"https:\/\/lobosnews.com.ar\/index.php\/2026\/03\/11\/como-se-definira-la-plaza-de-iran-si-finalmente-decide-no-jugar-el-mundial-2026-que-seleccion-podria-ocupar-su-lugar\/#respond\"]}]},{\"@type\":\"WebPage\",\"@id\":\"https:\/\/lobosnews.com.ar\/index.php\/2026\/03\/11\/como-se-definira-la-plaza-de-iran-si-finalmente-decide-no-jugar-el-mundial-2026-que-seleccion-podria-ocupar-su-lugar\/\",\"url\":\"https:\/\/lobosnews.com.ar\/index.php\/2026\/03\/11\/como-se-definira-la-plaza-de-iran-si-finalmente-decide-no-jugar-el-mundial-2026-que-seleccion-podria-ocupar-su-lugar\/\",\"name\":\"C\u00f3mo se definir\u00e1 la plaza de Ir\u00e1n si finalmente decide no jugar el Mundial 2026: qu\u00e9 selecci\u00f3n podr\u00eda ocupar su lugar - Lobos News\",\"isPartOf\":{\"@id\":\"https:\/\/lobosnews.com.ar\/#website\"},\"primaryImageOfPage\":{\"@id\":\"https:\/\/lobosnews.com.ar\/index.php\/2026\/03\/11\/como-se-definira-la-plaza-de-iran-si-finalmente-decide-no-jugar-el-mundial-2026-que-seleccion-podria-ocupar-su-lugar\/#primaryimage\"},\"image\":{\"@id\":\"https:\/\/lobosnews.com.ar\/index.php\/2026\/03\/11\/como-se-definira-la-plaza-de-iran-si-finalmente-decide-no-jugar-el-mundial-2026-que-seleccion-podria-ocupar-su-lugar\/#primaryimage\"},\"thumbnailUrl\":\"https:\/\/lobosnews.com.ar\/wp-content\/uploads\/2026\/03\/como-se-definira-la-plaza-de-iran-si-finalmente-decide-no-jugar-el-mundial-2026-que-seleccion-podria-ocupar-su-lugar.jpg\",\"datePublished\":\"2026-03-11T16:40:27+00:00\",\"dateModified\":\"2026-03-11T20:39:02+00:00\",\"breadcrumb\":{\"@id\":\"https:\/\/lobosnews.com.ar\/index.php\/2026\/03\/11\/como-se-definira-la-plaza-de-iran-si-finalmente-decide-no-jugar-el-mundial-2026-que-seleccion-podria-ocupar-su-lugar\/#breadcrumb\"},\"inLanguage\":\"es\",\"potentialAction\":[{\"@type\":\"ReadAction\",\"target\":[\"https:\/\/lobosnews.com.ar\/index.php\/2026\/03\/11\/como-se-definira-la-plaza-de-iran-si-finalmente-decide-no-jugar-el-mundial-2026-que-seleccion-podria-ocupar-su-lugar\/\"]}]},{\"@type\":\"ImageObject\",\"inLanguage\":\"es\",\"@id\":\"https:\/\/lobosnews.com.ar\/index.php\/2026\/03\/11\/como-se-definira-la-plaza-de-iran-si-finalmente-decide-no-jugar-el-mundial-2026-que-seleccion-podria-ocupar-su-lugar\/#primaryimage\",\"url\":\"https:\/\/lobosnews.com.ar\/wp-content\/uploads\/2026\/03\/como-se-definira-la-plaza-de-iran-si-finalmente-decide-no-jugar-el-mundial-2026-que-seleccion-podria-ocupar-su-lugar.jpg\",\"contentUrl\":\"https:\/\/lobosnews.com.ar\/wp-content\/uploads\/2026\/03\/como-se-definira-la-plaza-de-iran-si-finalmente-decide-no-jugar-el-mundial-2026-que-seleccion-podria-ocupar-su-lugar.jpg\"},{\"@type\":\"BreadcrumbList\",\"@id\":\"https:\/\/lobosnews.com.ar\/index.php\/2026\/03\/11\/como-se-definira-la-plaza-de-iran-si-finalmente-decide-no-jugar-el-mundial-2026-que-seleccion-podria-ocupar-su-lugar\/#breadcrumb\",\"itemListElement\":[{\"@type\":\"ListItem\",\"position\":1,\"name\":\"Portada\",\"item\":\"https:\/\/lobosnews.com.ar\/\"},{\"@type\":\"ListItem\",\"position\":2,\"name\":\"C\u00f3mo se definir\u00e1 la plaza de Ir\u00e1n si finalmente decide no jugar el Mundial 2026: qu\u00e9 selecci\u00f3n podr\u00eda ocupar su lugar\"}]},{\"@type\":\"WebSite\",\"@id\":\"https:\/\/lobosnews.com.ar\/#website\",\"url\":\"https:\/\/lobosnews.com.ar\/\",\"name\":\"Lobos News\",\"description\":\"Informaci\u00f3n a cada instante\",\"publisher\":{\"@id\":\"https:\/\/lobosnews.com.ar\/#organization\"},\"potentialAction\":[{\"@type\":\"SearchAction\",\"target\":{\"@type\":\"EntryPoint\",\"urlTemplate\":\"https:\/\/lobosnews.com.ar\/?s={search_term_string}\"},\"query-input\":{\"@type\":\"PropertyValueSpecification\",\"valueRequired\":true,\"valueName\":\"search_term_string\"}}],\"inLanguage\":\"es\"},{\"@type\":\"Organization\",\"@id\":\"https:\/\/lobosnews.com.ar\/#organization\",\"name\":\"Lobos News\",\"url\":\"https:\/\/lobosnews.com.ar\/\",\"logo\":{\"@type\":\"ImageObject\",\"inLanguage\":\"es\",\"@id\":\"https:\/\/lobosnews.com.ar\/#\/schema\/logo\/image\/\",\"url\":\"https:\/\/lobosnews.com.ar\/wp-content\/uploads\/2026\/01\/logo-lobosnews.png\",\"contentUrl\":\"https:\/\/lobosnews.com.ar\/wp-content\/uploads\/2026\/01\/logo-lobosnews.png\",\"width\":500,\"height\":200,\"caption\":\"Lobos News\"},\"image\":{\"@id\":\"https:\/\/lobosnews.com.ar\/#\/schema\/logo\/image\/\"}},{\"@type\":\"Person\",\"@id\":\"https:\/\/lobosnews.com.ar\/#\/schema\/person\/232422a593d5c541dd9aef6aaed10943\",\"name\":\"admin\",\"image\":{\"@type\":\"ImageObject\",\"inLanguage\":\"es\",\"@id\":\"https:\/\/lobosnews.com.ar\/#\/schema\/person\/image\/\",\"url\":\"https:\/\/secure.gravatar.com\/avatar\/76e419471a2083bc3ceab22a763dbbf9b0c1bd15a6214cf3280e2c2dde4580f9?s=96&d=mm&r=g\",\"contentUrl\":\"https:\/\/secure.gravatar.com\/avatar\/76e419471a2083bc3ceab22a763dbbf9b0c1bd15a6214cf3280e2c2dde4580f9?s=96&d=mm&r=g\",\"caption\":\"admin\"},\"sameAs\":[\"https:\/\/lobosnews.com.ar\"],\"url\":\"https:\/\/lobosnews.com.ar\/index.php\/author\/lobos-news\/\"}]}<\/script>\n<!-- \/ Yoast SEO plugin. -->","yoast_head_json":{"title":"C\u00f3mo se definir\u00e1 la plaza de Ir\u00e1n si finalmente decide no jugar el Mundial 2026: qu\u00e9 selecci\u00f3n podr\u00eda ocupar su lugar - Lobos News","robots":{"index":"index","follow":"follow","max-snippet":"max-snippet:-1","max-image-preview":"max-image-preview:large","max-video-preview":"max-video-preview:-1"},"canonical":"https:\/\/lobosnews.com.ar\/index.php\/2026\/03\/11\/como-se-definira-la-plaza-de-iran-si-finalmente-decide-no-jugar-el-mundial-2026-que-seleccion-podria-ocupar-su-lugar\/","og_locale":"es_ES","og_type":"article","og_title":"C\u00f3mo se definir\u00e1 la plaza de Ir\u00e1n si finalmente decide no jugar el Mundial 2026: qu\u00e9 selecci\u00f3n podr\u00eda ocupar su lugar - Lobos News","og_description":"El futuro de Ir\u00e1n en el Mundial 2026 se torn\u00f3 incierto tras las recientes declaraciones de un funcionario gubernamental y la normativa estricta de la FIFA: si la federaci\u00f3n renuncia, enfrentar\u00e1 sanciones econ\u00f3micas cercanas al medio mill\u00f3n de euros y su plaza ser\u00e1 reasignada a otra selecci\u00f3n. La situaci\u00f3n respecto a la presencia del seleccionado...","og_url":"https:\/\/lobosnews.com.ar\/index.php\/2026\/03\/11\/como-se-definira-la-plaza-de-iran-si-finalmente-decide-no-jugar-el-mundial-2026-que-seleccion-podria-ocupar-su-lugar\/","og_site_name":"Lobos News","article_published_time":"2026-03-11T16:40:27+00:00","article_modified_time":"2026-03-11T20:39:02+00:00","og_image":[{"url":"https:\/\/lobosnews.com.ar\/wp-content\/uploads\/2026\/03\/como-se-definira-la-plaza-de-iran-si-finalmente-decide-no-jugar-el-mundial-2026-que-seleccion-podria-ocupar-su-lugar.jpg","type":"","width":"","height":""}],"author":"admin","twitter_card":"summary_large_image","twitter_misc":{"Escrito por":"admin","Tiempo de lectura":"7 minutos"},"schema":{"@context":"https:\/\/schema.org","@graph":[{"@type":"Article","@id":"https:\/\/lobosnews.com.ar\/index.php\/2026\/03\/11\/como-se-definira-la-plaza-de-iran-si-finalmente-decide-no-jugar-el-mundial-2026-que-seleccion-podria-ocupar-su-lugar\/#article","isPartOf":{"@id":"https:\/\/lobosnews.com.ar\/index.php\/2026\/03\/11\/como-se-definira-la-plaza-de-iran-si-finalmente-decide-no-jugar-el-mundial-2026-que-seleccion-podria-ocupar-su-lugar\/"},"author":{"name":"admin","@id":"https:\/\/lobosnews.com.ar\/#\/schema\/person\/232422a593d5c541dd9aef6aaed10943"},"headline":"C\u00f3mo se definir\u00e1 la plaza de Ir\u00e1n si finalmente decide no jugar el Mundial 2026: qu\u00e9 selecci\u00f3n podr\u00eda ocupar su lugar","datePublished":"2026-03-11T16:40:27+00:00","dateModified":"2026-03-11T20:39:02+00:00","mainEntityOfPage":{"@id":"https:\/\/lobosnews.com.ar\/index.php\/2026\/03\/11\/como-se-definira-la-plaza-de-iran-si-finalmente-decide-no-jugar-el-mundial-2026-que-seleccion-podria-ocupar-su-lugar\/"},"wordCount":1326,"commentCount":0,"publisher":{"@id":"https:\/\/lobosnews.com.ar\/#organization"},"image":{"@id":"https:\/\/lobosnews.com.ar\/index.php\/2026\/03\/11\/como-se-definira-la-plaza-de-iran-si-finalmente-decide-no-jugar-el-mundial-2026-que-seleccion-podria-ocupar-su-lugar\/#primaryimage"},"thumbnailUrl":"https:\/\/lobosnews.com.ar\/wp-content\/uploads\/2026\/03\/como-se-definira-la-plaza-de-iran-si-finalmente-decide-no-jugar-el-mundial-2026-que-seleccion-podria-ocupar-su-lugar.jpg","keywords":["Deportes"],"articleSection":["Argentina"],"inLanguage":"es","potentialAction":[{"@type":"CommentAction","name":"Comment","target":["https:\/\/lobosnews.com.ar\/index.php\/2026\/03\/11\/como-se-definira-la-plaza-de-iran-si-finalmente-decide-no-jugar-el-mundial-2026-que-seleccion-podria-ocupar-su-lugar\/#respond"]}]},{"@type":"WebPage","@id":"https:\/\/lobosnews.com.ar\/index.php\/2026\/03\/11\/como-se-definira-la-plaza-de-iran-si-finalmente-decide-no-jugar-el-mundial-2026-que-seleccion-podria-ocupar-su-lugar\/","url":"https:\/\/lobosnews.com.ar\/index.php\/2026\/03\/11\/como-se-definira-la-plaza-de-iran-si-finalmente-decide-no-jugar-el-mundial-2026-que-seleccion-podria-ocupar-su-lugar\/","name":"C\u00f3mo se definir\u00e1 la plaza de Ir\u00e1n si finalmente decide no jugar el Mundial 2026: qu\u00e9 selecci\u00f3n podr\u00eda ocupar su lugar - Lobos News","isPartOf":{"@id":"https:\/\/lobosnews.com.ar\/#website"},"primaryImageOfPage":{"@id":"https:\/\/lobosnews.com.ar\/index.php\/2026\/03\/11\/como-se-definira-la-plaza-de-iran-si-finalmente-decide-no-jugar-el-mundial-2026-que-seleccion-podria-ocupar-su-lugar\/#primaryimage"},"image":{"@id":"https:\/\/lobosnews.com.ar\/index.php\/2026\/03\/11\/como-se-definira-la-plaza-de-iran-si-finalmente-decide-no-jugar-el-mundial-2026-que-seleccion-podria-ocupar-su-lugar\/#primaryimage"},"thumbnailUrl":"https:\/\/lobosnews.com.ar\/wp-content\/uploads\/2026\/03\/como-se-definira-la-plaza-de-iran-si-finalmente-decide-no-jugar-el-mundial-2026-que-seleccion-podria-ocupar-su-lugar.jpg","datePublished":"2026-03-11T16:40:27+00:00","dateModified":"2026-03-11T20:39:02+00:00","breadcrumb":{"@id":"https:\/\/lobosnews.com.ar\/index.php\/2026\/03\/11\/como-se-definira-la-plaza-de-iran-si-finalmente-decide-no-jugar-el-mundial-2026-que-seleccion-podria-ocupar-su-lugar\/#breadcrumb"},"inLanguage":"es","potentialAction":[{"@type":"ReadAction","target":["https:\/\/lobosnews.com.ar\/index.php\/2026\/03\/11\/como-se-definira-la-plaza-de-iran-si-finalmente-decide-no-jugar-el-mundial-2026-que-seleccion-podria-ocupar-su-lugar\/"]}]},{"@type":"ImageObject","inLanguage":"es","@id":"https:\/\/lobosnews.com.ar\/index.php\/2026\/03\/11\/como-se-definira-la-plaza-de-iran-si-finalmente-decide-no-jugar-el-mundial-2026-que-seleccion-podria-ocupar-su-lugar\/#primaryimage","url":"https:\/\/lobosnews.com.ar\/wp-content\/uploads\/2026\/03\/como-se-definira-la-plaza-de-iran-si-finalmente-decide-no-jugar-el-mundial-2026-que-seleccion-podria-ocupar-su-lugar.jpg","contentUrl":"https:\/\/lobosnews.com.ar\/wp-content\/uploads\/2026\/03\/como-se-definira-la-plaza-de-iran-si-finalmente-decide-no-jugar-el-mundial-2026-que-seleccion-podria-ocupar-su-lugar.jpg"},{"@type":"BreadcrumbList","@id":"https:\/\/lobosnews.com.ar\/index.php\/2026\/03\/11\/como-se-definira-la-plaza-de-iran-si-finalmente-decide-no-jugar-el-mundial-2026-que-seleccion-podria-ocupar-su-lugar\/#breadcrumb","itemListElement":[{"@type":"ListItem","position":1,"name":"Portada","item":"https:\/\/lobosnews.com.ar\/"},{"@type":"ListItem","position":2,"name":"C\u00f3mo se definir\u00e1 la plaza de Ir\u00e1n si finalmente decide no jugar el Mundial 2026: qu\u00e9 selecci\u00f3n podr\u00eda ocupar su lugar"}]},{"@type":"WebSite","@id":"https:\/\/lobosnews.com.ar\/#website","url":"https:\/\/lobosnews.com.ar\/","name":"Lobos News","description":"Informaci\u00f3n a cada instante","publisher":{"@id":"https:\/\/lobosnews.com.ar\/#organization"},"potentialAction":[{"@type":"SearchAction","target":{"@type":"EntryPoint","urlTemplate":"https:\/\/lobosnews.com.ar\/?s={search_term_string}"},"query-input":{"@type":"PropertyValueSpecification","valueRequired":true,"valueName":"search_term_string"}}],"inLanguage":"es"},{"@type":"Organization","@id":"https:\/\/lobosnews.com.ar\/#organization","name":"Lobos News","url":"https:\/\/lobosnews.com.ar\/","logo":{"@type":"ImageObject","inLanguage":"es","@id":"https:\/\/lobosnews.com.ar\/#\/schema\/logo\/image\/","url":"https:\/\/lobosnews.com.ar\/wp-content\/uploads\/2026\/01\/logo-lobosnews.png","contentUrl":"https:\/\/lobosnews.com.ar\/wp-content\/uploads\/2026\/01\/logo-lobosnews.png","width":500,"height":200,"caption":"Lobos News"},"image":{"@id":"https:\/\/lobosnews.com.ar\/#\/schema\/logo\/image\/"}},{"@type":"Person","@id":"https:\/\/lobosnews.com.ar\/#\/schema\/person\/232422a593d5c541dd9aef6aaed10943","name":"admin","image":{"@type":"ImageObject","inLanguage":"es","@id":"https:\/\/lobosnews.com.ar\/#\/schema\/person\/image\/","url":"https:\/\/secure.gravatar.com\/avatar\/76e419471a2083bc3ceab22a763dbbf9b0c1bd15a6214cf3280e2c2dde4580f9?s=96&d=mm&r=g","contentUrl":"https:\/\/secure.gravatar.com\/avatar\/76e419471a2083bc3ceab22a763dbbf9b0c1bd15a6214cf3280e2c2dde4580f9?s=96&d=mm&r=g","caption":"admin"},"sameAs":["https:\/\/lobosnews.com.ar"],"url":"https:\/\/lobosnews.com.ar\/index.php\/author\/lobos-news\/"}]}},"jetpack_featured_media_url":"","jetpack_sharing_enabled":true,"_links":{"self":[{"href":"https:\/\/lobosnews.com.ar\/index.php\/wp-json\/wp\/v2\/posts\/32122","targetHints":{"allow":["GET"]}}],"collection":[{"href":"https:\/\/lobosnews.com.ar\/index.php\/wp-json\/wp\/v2\/posts"}],"about":[{"href":"https:\/\/lobosnews.com.ar\/index.php\/wp-json\/wp\/v2\/types\/post"}],"author":[{"embeddable":true,"href":"https:\/\/lobosnews.com.ar\/index.php\/wp-json\/wp\/v2\/users\/1"}],"replies":[{"embeddable":true,"href":"https:\/\/lobosnews.com.ar\/index.php\/wp-json\/wp\/v2\/comments?post=32122"}],"version-history":[{"count":1,"href":"https:\/\/lobosnews.com.ar\/index.php\/wp-json\/wp\/v2\/posts\/32122\/revisions"}],"predecessor-version":[{"id":32128,"href":"https:\/\/lobosnews.com.ar\/index.php\/wp-json\/wp\/v2\/posts\/32122\/revisions\/32128"}],"wp:attachment":[{"href":"https:\/\/lobosnews.com.ar\/index.php\/wp-json\/wp\/v2\/media?parent=32122"}],"wp:term":[{"taxonomy":"category","embeddable":true,"href":"https:\/\/lobosnews.com.ar\/index.php\/wp-json\/wp\/v2\/categories?post=32122"},{"taxonomy":"post_tag","embeddable":true,"href":"https:\/\/lobosnews.com.ar\/index.php\/wp-json\/wp\/v2\/tags?post=32122"}],"curies":[{"name":"wp","href":"https:\/\/api.w.org\/{rel}","templated":true}]}}