{"id":32109,"date":"2026-03-11T19:31:50","date_gmt":"2026-03-11T19:31:50","guid":{"rendered":"https:\/\/lobosnews.com.ar\/index.php\/2026\/03\/11\/ruggeri-recordo-la-patada-a-maradona-en-un-boca-san-lorenzo-que-sigue-generando-debate-no-lo-toque\/"},"modified":"2026-03-11T20:38:52","modified_gmt":"2026-03-11T20:38:52","slug":"ruggeri-recordo-la-patada-a-maradona-en-un-boca-san-lorenzo-que-sigue-generando-debate-no-lo-toque","status":"publish","type":"post","link":"https:\/\/lobosnews.com.ar\/index.php\/2026\/03\/11\/ruggeri-recordo-la-patada-a-maradona-en-un-boca-san-lorenzo-que-sigue-generando-debate-no-lo-toque\/","title":{"rendered":"Ruggeri record\u00f3 la patada a Maradona en un Boca-San Lorenzo que sigue generando debate: \u201cNo lo toqu\u00e9\u201d"},"content":{"rendered":"<p><!DOCTYPE html><br \/>\n<html><br \/>\n<head><br \/>\n<meta name=\"viewport\" content=\"width=device-width, initial-scale=1\"><\/p>\n<style>\n.container-video { position: relative; width: 100%; overflow: hidden; padding-top: 56.25%;\n}\n.responsive-iframe-video { position: absolute; top: 0; left: 0; bottom: 0; right: 0; width: 100%; height: 100%; border: none;\n}\n<\/style>\n<p><\/head><br \/>\n<body><\/p>\n<div class=\"container-video\"> <iframe title=\"video-espn\" class=\"responsive-iframe-video\" src=\"https:\/\/www.espn.com.ar\/core\/video\/iframe?id=16422541&#038;endcard=false&#038;omniReportSuite=wdgespge\" allowfullscreen><\/iframe>\n<\/div>\n<p><\/body><br \/>\n<\/html>\n<\/p>\n<p>En medio de la previa del partido entre <b>Boca Juniors<\/b> y<b> San Lorenzo<\/b> por la fecha 10 de la Zona A del <b>Torneo Apertura 2026<\/b>, la producci\u00f3n del programa <i>F90 <\/i>de <i>ESPN <\/i>puso en pantalla las im\u00e1genes de un cl\u00e1sico disputado en <i>La Bombonera<\/i> en 1995. En ese encuentro estuvieron frente a frente <b>Diego Maradona<\/b> y <b>Oscar Ruggeri<\/b>. <\/p>\n<p>En el repaso del compacto de aquel cl\u00e1sico se observ\u00f3 el momento en el que <b>Ruggeri fue a disputar una pelota con Maradona <\/b>en el sector defensivo de San Lorenzo. El <i>Cabez\u00f3n<\/i>, que se caracterizaba por la fuerte marca, <b>le cometi\u00f3 una infracci\u00f3n a Diego<\/b>, que en esos tiempos hab\u00eda regresado a Boca tras el doping en el Mundial de 1994. <b>\u201cC\u00f3mo le vas a pegar as\u00ed. Es una locura\u201d<\/b>, bromearon sus compa\u00f1eros en el estudio. <b>\u201cNo lo toqu\u00e9. Se agarra la pierna el mentiroso. Me le re\u00ed\u201d<\/b>, se defendi\u00f3 el campe\u00f3n del mundo. La jugada sigue generando debates entre los futboleros. <\/p>\n<p>Mientras el video continuaba, <b>Ruggeri <\/b>record\u00f3 que en aquel Boca (lo dirig\u00eda Carlos Bilardo) tambi\u00e9n se encontraba<b> Claudio Paul Caniggia<\/b>, quien hac\u00eda su estreno en el club de la Ribera. El partido termin\u00f3 igualado 0-0. Luego, el oriundo de Corral de Bustos sum\u00f3 que en ese entonces a los hinchas de San Lorenzo le hab\u00edan otorgado dos bandejas en <i>La Bombonera<\/i>. <\/p>\n<p>M\u00e1s tarde, compartieron otro fragmento del clip en el que un joven <i>Tit\u00ed <\/i>Fern\u00e1ndez entrevist\u00f3 al Ruggeri jugador en el vestuario luego del partido.<b> \u201c\u00bfQu\u00e9 se dec\u00edan con Diego en el costado?\u00bb<\/b>, consult\u00f3 el periodista. <b>\u201dQue me peg\u00f3 una patada que creo que lo deber\u00eda haber expulsado Crespi (el \u00e1rbitro). Yo no le pegu\u00e9, se tir\u00f3\u00bb<\/b>, replic\u00f3 el <i>Cabez\u00f3n, <\/i>entre risas. <\/p>\n<p><img fetchpriority=\"high\" decoding=\"async\" src=\"https:\/\/lobosnews.com.ar\/wp-content\/uploads\/2026\/03\/ruggeri-recordo-la-patada-a-maradona-en-un-boca-san-lorenzo-que-sigue-generando-debate-no-lo-toque.jpg\" alt=\"Oscar Ruggeri record\u00f3 la patada que le dio a Diego Maradona durante un Boca-San Lorenzo (Captura video)\" height=\"696\" width=\"1338\"\/><\/p>\n<p><b>Maradona <\/b>tambi\u00e9n hizo su descargo en la conferencia de prensa posterior y coment\u00f3 acerca de la controversial jugada: <b>\u201cLa patada de Ruggeri yo la tomo como de quien viene. Es un tipo sensacional que no me va a querer hacer mal<\/b>. Lo que pasa es que \u00e9l quiere ganar. Es un ganador nato y yo en ese momento le estaba ganando la pulseada. Incluso, se habr\u00e1 ido calentito porque le gan\u00e9 una pelota de arriba: es lo peor que le puede pasar al Cabez\u00f3n\u00bb. De nuevo en el estudio, el ex defensor confes\u00f3 que en la jugada del salto lo golpe\u00f3: <b>\u201cSabes el codazo que le di en la nuca\u201d<\/b>.<\/p>\n<p>En esa \u00faltima etapa, <b>Maradona<\/b> y <b>Ruggeri<\/b> fueron rivales representando a dos clubes hist\u00f3ricos de la Argentina. Sin embargo, ambos forjaron una s\u00f3lida amistad cuando fueron compa\u00f1eros en<b> Boca Juniors<\/b>, en 1981, y en la Selecci\u00f3n, donde compartieron el plantel campe\u00f3n del mundo en M\u00e9xico 1986 y en otras dos Copas del Mundo, como Italia 1990 y Estados Unidos 1994. <\/p>\n","protected":false},"excerpt":{"rendered":"<p>En medio de la previa del partido entre Boca Juniors y San Lorenzo por la fecha 10 de la Zona A del Torneo Apertura 2026, la producci\u00f3n del programa F90 de ESPN puso en pantalla las im\u00e1genes de un cl\u00e1sico disputado en La Bombonera en 1995. En ese encuentro estuvieron frente a frente Diego Maradona&#8230;<\/p>\n","protected":false},"author":1,"featured_media":0,"comment_status":"open","ping_status":"closed","sticky":false,"template":"","format":"standard","meta":{"_jetpack_memberships_contains_paid_content":false,"footnotes":""},"categories":[30],"tags":[39],"class_list":["post-32109","post","type-post","status-publish","format-standard","hentry","category-argentina","tag-deportes"],"magazineBlocksPostFeaturedMedia":{"thumbnail":false,"medium":false,"medium_large":false,"large":false,"1536x1536":false,"2048x2048":false,"newsmatic-featured":false,"newsmatic-list":false,"newsmatic-thumb":false,"newsmatic-small":false,"newsmatic-grid":false},"magazineBlocksPostAuthor":{"name":"admin","avatar":"https:\/\/secure.gravatar.com\/avatar\/76e419471a2083bc3ceab22a763dbbf9b0c1bd15a6214cf3280e2c2dde4580f9?s=96&d=mm&r=g"},"magazineBlocksPostCommentsNumber":"0","magazineBlocksPostExcerpt":"En medio de la previa del partido entre Boca Juniors y San Lorenzo por la fecha 10 de la Zona A del Torneo Apertura 2026, la producci\u00f3n del programa F90 de ESPN puso en pantalla las im\u00e1genes de un cl\u00e1sico disputado en La Bombonera en 1995. En ese encuentro estuvieron frente a frente Diego Maradona...","magazineBlocksPostCategories":["Argentina"],"magazineBlocksPostViewCount":66,"magazineBlocksPostReadTime":3,"magazine_blocks_featured_image_url":{"full":false,"medium":false,"thumbnail":false},"magazine_blocks_author":{"display_name":"admin","author_link":"https:\/\/lobosnews.com.ar\/index.php\/author\/lobos-news\/"},"magazine_blocks_comment":0,"magazine_blocks_author_image":"https:\/\/secure.gravatar.com\/avatar\/76e419471a2083bc3ceab22a763dbbf9b0c1bd15a6214cf3280e2c2dde4580f9?s=96&d=mm&r=g","magazine_blocks_category":"<a href=\"#\" class=\"category-link category-link-30\">Argentina<\/a>","yoast_head":"<!-- This site is optimized with the Yoast SEO plugin v26.6 - https:\/\/yoast.com\/wordpress\/plugins\/seo\/ -->\n<title>Ruggeri record\u00f3 la patada a Maradona en un Boca-San Lorenzo que sigue generando debate: \u201cNo lo toqu\u00e9\u201d - Lobos News<\/title>\n<meta name=\"robots\" content=\"index, follow, max-snippet:-1, max-image-preview:large, max-video-preview:-1\" \/>\n<link rel=\"canonical\" href=\"https:\/\/lobosnews.com.ar\/index.php\/2026\/03\/11\/ruggeri-recordo-la-patada-a-maradona-en-un-boca-san-lorenzo-que-sigue-generando-debate-no-lo-toque\/\" \/>\n<meta property=\"og:locale\" content=\"es_ES\" \/>\n<meta property=\"og:type\" content=\"article\" \/>\n<meta property=\"og:title\" content=\"Ruggeri record\u00f3 la patada a Maradona en un Boca-San Lorenzo que sigue generando debate: \u201cNo lo toqu\u00e9\u201d - Lobos News\" \/>\n<meta property=\"og:description\" content=\"En medio de la previa del partido entre Boca Juniors y San Lorenzo por la fecha 10 de la Zona A del Torneo Apertura 2026, la producci\u00f3n del programa F90 de ESPN puso en pantalla las im\u00e1genes de un cl\u00e1sico disputado en La Bombonera en 1995. En ese encuentro estuvieron frente a frente Diego Maradona...\" \/>\n<meta property=\"og:url\" content=\"https:\/\/lobosnews.com.ar\/index.php\/2026\/03\/11\/ruggeri-recordo-la-patada-a-maradona-en-un-boca-san-lorenzo-que-sigue-generando-debate-no-lo-toque\/\" \/>\n<meta property=\"og:site_name\" content=\"Lobos News\" \/>\n<meta property=\"article:published_time\" content=\"2026-03-11T19:31:50+00:00\" \/>\n<meta property=\"article:modified_time\" content=\"2026-03-11T20:38:52+00:00\" \/>\n<meta property=\"og:image\" content=\"https:\/\/lobosnews.com.ar\/wp-content\/uploads\/2026\/03\/ruggeri-recordo-la-patada-a-maradona-en-un-boca-san-lorenzo-que-sigue-generando-debate-no-lo-toque.jpg\" \/>\n<meta name=\"author\" content=\"admin\" \/>\n<meta name=\"twitter:card\" content=\"summary_large_image\" \/>\n<meta name=\"twitter:label1\" content=\"Escrito por\" \/>\n\t<meta name=\"twitter:data1\" content=\"admin\" \/>\n\t<meta name=\"twitter:label2\" content=\"Tiempo de lectura\" \/>\n\t<meta name=\"twitter:data2\" content=\"2 minutos\" \/>\n<script type=\"application\/ld+json\" class=\"yoast-schema-graph\">{\"@context\":\"https:\/\/schema.org\",\"@graph\":[{\"@type\":\"Article\",\"@id\":\"https:\/\/lobosnews.com.ar\/index.php\/2026\/03\/11\/ruggeri-recordo-la-patada-a-maradona-en-un-boca-san-lorenzo-que-sigue-generando-debate-no-lo-toque\/#article\",\"isPartOf\":{\"@id\":\"https:\/\/lobosnews.com.ar\/index.php\/2026\/03\/11\/ruggeri-recordo-la-patada-a-maradona-en-un-boca-san-lorenzo-que-sigue-generando-debate-no-lo-toque\/\"},\"author\":{\"name\":\"admin\",\"@id\":\"https:\/\/lobosnews.com.ar\/#\/schema\/person\/232422a593d5c541dd9aef6aaed10943\"},\"headline\":\"Ruggeri record\u00f3 la patada a Maradona en un Boca-San Lorenzo que sigue generando debate: \u201cNo lo toqu\u00e9\u201d\",\"datePublished\":\"2026-03-11T19:31:50+00:00\",\"dateModified\":\"2026-03-11T20:38:52+00:00\",\"mainEntityOfPage\":{\"@id\":\"https:\/\/lobosnews.com.ar\/index.php\/2026\/03\/11\/ruggeri-recordo-la-patada-a-maradona-en-un-boca-san-lorenzo-que-sigue-generando-debate-no-lo-toque\/\"},\"wordCount\":488,\"commentCount\":0,\"publisher\":{\"@id\":\"https:\/\/lobosnews.com.ar\/#organization\"},\"image\":{\"@id\":\"https:\/\/lobosnews.com.ar\/index.php\/2026\/03\/11\/ruggeri-recordo-la-patada-a-maradona-en-un-boca-san-lorenzo-que-sigue-generando-debate-no-lo-toque\/#primaryimage\"},\"thumbnailUrl\":\"https:\/\/lobosnews.com.ar\/wp-content\/uploads\/2026\/03\/ruggeri-recordo-la-patada-a-maradona-en-un-boca-san-lorenzo-que-sigue-generando-debate-no-lo-toque.jpg\",\"keywords\":[\"Deportes\"],\"articleSection\":[\"Argentina\"],\"inLanguage\":\"es\",\"potentialAction\":[{\"@type\":\"CommentAction\",\"name\":\"Comment\",\"target\":[\"https:\/\/lobosnews.com.ar\/index.php\/2026\/03\/11\/ruggeri-recordo-la-patada-a-maradona-en-un-boca-san-lorenzo-que-sigue-generando-debate-no-lo-toque\/#respond\"]}]},{\"@type\":\"WebPage\",\"@id\":\"https:\/\/lobosnews.com.ar\/index.php\/2026\/03\/11\/ruggeri-recordo-la-patada-a-maradona-en-un-boca-san-lorenzo-que-sigue-generando-debate-no-lo-toque\/\",\"url\":\"https:\/\/lobosnews.com.ar\/index.php\/2026\/03\/11\/ruggeri-recordo-la-patada-a-maradona-en-un-boca-san-lorenzo-que-sigue-generando-debate-no-lo-toque\/\",\"name\":\"Ruggeri record\u00f3 la patada a Maradona en un Boca-San Lorenzo que sigue generando debate: \u201cNo lo toqu\u00e9\u201d - Lobos News\",\"isPartOf\":{\"@id\":\"https:\/\/lobosnews.com.ar\/#website\"},\"primaryImageOfPage\":{\"@id\":\"https:\/\/lobosnews.com.ar\/index.php\/2026\/03\/11\/ruggeri-recordo-la-patada-a-maradona-en-un-boca-san-lorenzo-que-sigue-generando-debate-no-lo-toque\/#primaryimage\"},\"image\":{\"@id\":\"https:\/\/lobosnews.com.ar\/index.php\/2026\/03\/11\/ruggeri-recordo-la-patada-a-maradona-en-un-boca-san-lorenzo-que-sigue-generando-debate-no-lo-toque\/#primaryimage\"},\"thumbnailUrl\":\"https:\/\/lobosnews.com.ar\/wp-content\/uploads\/2026\/03\/ruggeri-recordo-la-patada-a-maradona-en-un-boca-san-lorenzo-que-sigue-generando-debate-no-lo-toque.jpg\",\"datePublished\":\"2026-03-11T19:31:50+00:00\",\"dateModified\":\"2026-03-11T20:38:52+00:00\",\"breadcrumb\":{\"@id\":\"https:\/\/lobosnews.com.ar\/index.php\/2026\/03\/11\/ruggeri-recordo-la-patada-a-maradona-en-un-boca-san-lorenzo-que-sigue-generando-debate-no-lo-toque\/#breadcrumb\"},\"inLanguage\":\"es\",\"potentialAction\":[{\"@type\":\"ReadAction\",\"target\":[\"https:\/\/lobosnews.com.ar\/index.php\/2026\/03\/11\/ruggeri-recordo-la-patada-a-maradona-en-un-boca-san-lorenzo-que-sigue-generando-debate-no-lo-toque\/\"]}]},{\"@type\":\"ImageObject\",\"inLanguage\":\"es\",\"@id\":\"https:\/\/lobosnews.com.ar\/index.php\/2026\/03\/11\/ruggeri-recordo-la-patada-a-maradona-en-un-boca-san-lorenzo-que-sigue-generando-debate-no-lo-toque\/#primaryimage\",\"url\":\"https:\/\/lobosnews.com.ar\/wp-content\/uploads\/2026\/03\/ruggeri-recordo-la-patada-a-maradona-en-un-boca-san-lorenzo-que-sigue-generando-debate-no-lo-toque.jpg\",\"contentUrl\":\"https:\/\/lobosnews.com.ar\/wp-content\/uploads\/2026\/03\/ruggeri-recordo-la-patada-a-maradona-en-un-boca-san-lorenzo-que-sigue-generando-debate-no-lo-toque.jpg\"},{\"@type\":\"BreadcrumbList\",\"@id\":\"https:\/\/lobosnews.com.ar\/index.php\/2026\/03\/11\/ruggeri-recordo-la-patada-a-maradona-en-un-boca-san-lorenzo-que-sigue-generando-debate-no-lo-toque\/#breadcrumb\",\"itemListElement\":[{\"@type\":\"ListItem\",\"position\":1,\"name\":\"Portada\",\"item\":\"https:\/\/lobosnews.com.ar\/\"},{\"@type\":\"ListItem\",\"position\":2,\"name\":\"Ruggeri record\u00f3 la patada a Maradona en un Boca-San Lorenzo que sigue generando debate: \u201cNo lo toqu\u00e9\u201d\"}]},{\"@type\":\"WebSite\",\"@id\":\"https:\/\/lobosnews.com.ar\/#website\",\"url\":\"https:\/\/lobosnews.com.ar\/\",\"name\":\"Lobos News\",\"description\":\"Informaci\u00f3n a cada instante\",\"publisher\":{\"@id\":\"https:\/\/lobosnews.com.ar\/#organization\"},\"potentialAction\":[{\"@type\":\"SearchAction\",\"target\":{\"@type\":\"EntryPoint\",\"urlTemplate\":\"https:\/\/lobosnews.com.ar\/?s={search_term_string}\"},\"query-input\":{\"@type\":\"PropertyValueSpecification\",\"valueRequired\":true,\"valueName\":\"search_term_string\"}}],\"inLanguage\":\"es\"},{\"@type\":\"Organization\",\"@id\":\"https:\/\/lobosnews.com.ar\/#organization\",\"name\":\"Lobos News\",\"url\":\"https:\/\/lobosnews.com.ar\/\",\"logo\":{\"@type\":\"ImageObject\",\"inLanguage\":\"es\",\"@id\":\"https:\/\/lobosnews.com.ar\/#\/schema\/logo\/image\/\",\"url\":\"https:\/\/lobosnews.com.ar\/wp-content\/uploads\/2026\/01\/logo-lobosnews.png\",\"contentUrl\":\"https:\/\/lobosnews.com.ar\/wp-content\/uploads\/2026\/01\/logo-lobosnews.png\",\"width\":500,\"height\":200,\"caption\":\"Lobos News\"},\"image\":{\"@id\":\"https:\/\/lobosnews.com.ar\/#\/schema\/logo\/image\/\"}},{\"@type\":\"Person\",\"@id\":\"https:\/\/lobosnews.com.ar\/#\/schema\/person\/232422a593d5c541dd9aef6aaed10943\",\"name\":\"admin\",\"image\":{\"@type\":\"ImageObject\",\"inLanguage\":\"es\",\"@id\":\"https:\/\/lobosnews.com.ar\/#\/schema\/person\/image\/\",\"url\":\"https:\/\/secure.gravatar.com\/avatar\/76e419471a2083bc3ceab22a763dbbf9b0c1bd15a6214cf3280e2c2dde4580f9?s=96&d=mm&r=g\",\"contentUrl\":\"https:\/\/secure.gravatar.com\/avatar\/76e419471a2083bc3ceab22a763dbbf9b0c1bd15a6214cf3280e2c2dde4580f9?s=96&d=mm&r=g\",\"caption\":\"admin\"},\"sameAs\":[\"https:\/\/lobosnews.com.ar\"],\"url\":\"https:\/\/lobosnews.com.ar\/index.php\/author\/lobos-news\/\"}]}<\/script>\n<!-- \/ Yoast SEO plugin. -->","yoast_head_json":{"title":"Ruggeri record\u00f3 la patada a Maradona en un Boca-San Lorenzo que sigue generando debate: \u201cNo lo toqu\u00e9\u201d - Lobos News","robots":{"index":"index","follow":"follow","max-snippet":"max-snippet:-1","max-image-preview":"max-image-preview:large","max-video-preview":"max-video-preview:-1"},"canonical":"https:\/\/lobosnews.com.ar\/index.php\/2026\/03\/11\/ruggeri-recordo-la-patada-a-maradona-en-un-boca-san-lorenzo-que-sigue-generando-debate-no-lo-toque\/","og_locale":"es_ES","og_type":"article","og_title":"Ruggeri record\u00f3 la patada a Maradona en un Boca-San Lorenzo que sigue generando debate: \u201cNo lo toqu\u00e9\u201d - Lobos News","og_description":"En medio de la previa del partido entre Boca Juniors y San Lorenzo por la fecha 10 de la Zona A del Torneo Apertura 2026, la producci\u00f3n del programa F90 de ESPN puso en pantalla las im\u00e1genes de un cl\u00e1sico disputado en La Bombonera en 1995. En ese encuentro estuvieron frente a frente Diego Maradona...","og_url":"https:\/\/lobosnews.com.ar\/index.php\/2026\/03\/11\/ruggeri-recordo-la-patada-a-maradona-en-un-boca-san-lorenzo-que-sigue-generando-debate-no-lo-toque\/","og_site_name":"Lobos News","article_published_time":"2026-03-11T19:31:50+00:00","article_modified_time":"2026-03-11T20:38:52+00:00","og_image":[{"url":"https:\/\/lobosnews.com.ar\/wp-content\/uploads\/2026\/03\/ruggeri-recordo-la-patada-a-maradona-en-un-boca-san-lorenzo-que-sigue-generando-debate-no-lo-toque.jpg","type":"","width":"","height":""}],"author":"admin","twitter_card":"summary_large_image","twitter_misc":{"Escrito por":"admin","Tiempo de lectura":"2 minutos"},"schema":{"@context":"https:\/\/schema.org","@graph":[{"@type":"Article","@id":"https:\/\/lobosnews.com.ar\/index.php\/2026\/03\/11\/ruggeri-recordo-la-patada-a-maradona-en-un-boca-san-lorenzo-que-sigue-generando-debate-no-lo-toque\/#article","isPartOf":{"@id":"https:\/\/lobosnews.com.ar\/index.php\/2026\/03\/11\/ruggeri-recordo-la-patada-a-maradona-en-un-boca-san-lorenzo-que-sigue-generando-debate-no-lo-toque\/"},"author":{"name":"admin","@id":"https:\/\/lobosnews.com.ar\/#\/schema\/person\/232422a593d5c541dd9aef6aaed10943"},"headline":"Ruggeri record\u00f3 la patada a Maradona en un Boca-San Lorenzo que sigue generando debate: \u201cNo lo toqu\u00e9\u201d","datePublished":"2026-03-11T19:31:50+00:00","dateModified":"2026-03-11T20:38:52+00:00","mainEntityOfPage":{"@id":"https:\/\/lobosnews.com.ar\/index.php\/2026\/03\/11\/ruggeri-recordo-la-patada-a-maradona-en-un-boca-san-lorenzo-que-sigue-generando-debate-no-lo-toque\/"},"wordCount":488,"commentCount":0,"publisher":{"@id":"https:\/\/lobosnews.com.ar\/#organization"},"image":{"@id":"https:\/\/lobosnews.com.ar\/index.php\/2026\/03\/11\/ruggeri-recordo-la-patada-a-maradona-en-un-boca-san-lorenzo-que-sigue-generando-debate-no-lo-toque\/#primaryimage"},"thumbnailUrl":"https:\/\/lobosnews.com.ar\/wp-content\/uploads\/2026\/03\/ruggeri-recordo-la-patada-a-maradona-en-un-boca-san-lorenzo-que-sigue-generando-debate-no-lo-toque.jpg","keywords":["Deportes"],"articleSection":["Argentina"],"inLanguage":"es","potentialAction":[{"@type":"CommentAction","name":"Comment","target":["https:\/\/lobosnews.com.ar\/index.php\/2026\/03\/11\/ruggeri-recordo-la-patada-a-maradona-en-un-boca-san-lorenzo-que-sigue-generando-debate-no-lo-toque\/#respond"]}]},{"@type":"WebPage","@id":"https:\/\/lobosnews.com.ar\/index.php\/2026\/03\/11\/ruggeri-recordo-la-patada-a-maradona-en-un-boca-san-lorenzo-que-sigue-generando-debate-no-lo-toque\/","url":"https:\/\/lobosnews.com.ar\/index.php\/2026\/03\/11\/ruggeri-recordo-la-patada-a-maradona-en-un-boca-san-lorenzo-que-sigue-generando-debate-no-lo-toque\/","name":"Ruggeri record\u00f3 la patada a Maradona en un Boca-San Lorenzo que sigue generando debate: \u201cNo lo toqu\u00e9\u201d - Lobos News","isPartOf":{"@id":"https:\/\/lobosnews.com.ar\/#website"},"primaryImageOfPage":{"@id":"https:\/\/lobosnews.com.ar\/index.php\/2026\/03\/11\/ruggeri-recordo-la-patada-a-maradona-en-un-boca-san-lorenzo-que-sigue-generando-debate-no-lo-toque\/#primaryimage"},"image":{"@id":"https:\/\/lobosnews.com.ar\/index.php\/2026\/03\/11\/ruggeri-recordo-la-patada-a-maradona-en-un-boca-san-lorenzo-que-sigue-generando-debate-no-lo-toque\/#primaryimage"},"thumbnailUrl":"https:\/\/lobosnews.com.ar\/wp-content\/uploads\/2026\/03\/ruggeri-recordo-la-patada-a-maradona-en-un-boca-san-lorenzo-que-sigue-generando-debate-no-lo-toque.jpg","datePublished":"2026-03-11T19:31:50+00:00","dateModified":"2026-03-11T20:38:52+00:00","breadcrumb":{"@id":"https:\/\/lobosnews.com.ar\/index.php\/2026\/03\/11\/ruggeri-recordo-la-patada-a-maradona-en-un-boca-san-lorenzo-que-sigue-generando-debate-no-lo-toque\/#breadcrumb"},"inLanguage":"es","potentialAction":[{"@type":"ReadAction","target":["https:\/\/lobosnews.com.ar\/index.php\/2026\/03\/11\/ruggeri-recordo-la-patada-a-maradona-en-un-boca-san-lorenzo-que-sigue-generando-debate-no-lo-toque\/"]}]},{"@type":"ImageObject","inLanguage":"es","@id":"https:\/\/lobosnews.com.ar\/index.php\/2026\/03\/11\/ruggeri-recordo-la-patada-a-maradona-en-un-boca-san-lorenzo-que-sigue-generando-debate-no-lo-toque\/#primaryimage","url":"https:\/\/lobosnews.com.ar\/wp-content\/uploads\/2026\/03\/ruggeri-recordo-la-patada-a-maradona-en-un-boca-san-lorenzo-que-sigue-generando-debate-no-lo-toque.jpg","contentUrl":"https:\/\/lobosnews.com.ar\/wp-content\/uploads\/2026\/03\/ruggeri-recordo-la-patada-a-maradona-en-un-boca-san-lorenzo-que-sigue-generando-debate-no-lo-toque.jpg"},{"@type":"BreadcrumbList","@id":"https:\/\/lobosnews.com.ar\/index.php\/2026\/03\/11\/ruggeri-recordo-la-patada-a-maradona-en-un-boca-san-lorenzo-que-sigue-generando-debate-no-lo-toque\/#breadcrumb","itemListElement":[{"@type":"ListItem","position":1,"name":"Portada","item":"https:\/\/lobosnews.com.ar\/"},{"@type":"ListItem","position":2,"name":"Ruggeri record\u00f3 la patada a Maradona en un Boca-San Lorenzo que sigue generando debate: \u201cNo lo toqu\u00e9\u201d"}]},{"@type":"WebSite","@id":"https:\/\/lobosnews.com.ar\/#website","url":"https:\/\/lobosnews.com.ar\/","name":"Lobos News","description":"Informaci\u00f3n a cada instante","publisher":{"@id":"https:\/\/lobosnews.com.ar\/#organization"},"potentialAction":[{"@type":"SearchAction","target":{"@type":"EntryPoint","urlTemplate":"https:\/\/lobosnews.com.ar\/?s={search_term_string}"},"query-input":{"@type":"PropertyValueSpecification","valueRequired":true,"valueName":"search_term_string"}}],"inLanguage":"es"},{"@type":"Organization","@id":"https:\/\/lobosnews.com.ar\/#organization","name":"Lobos News","url":"https:\/\/lobosnews.com.ar\/","logo":{"@type":"ImageObject","inLanguage":"es","@id":"https:\/\/lobosnews.com.ar\/#\/schema\/logo\/image\/","url":"https:\/\/lobosnews.com.ar\/wp-content\/uploads\/2026\/01\/logo-lobosnews.png","contentUrl":"https:\/\/lobosnews.com.ar\/wp-content\/uploads\/2026\/01\/logo-lobosnews.png","width":500,"height":200,"caption":"Lobos News"},"image":{"@id":"https:\/\/lobosnews.com.ar\/#\/schema\/logo\/image\/"}},{"@type":"Person","@id":"https:\/\/lobosnews.com.ar\/#\/schema\/person\/232422a593d5c541dd9aef6aaed10943","name":"admin","image":{"@type":"ImageObject","inLanguage":"es","@id":"https:\/\/lobosnews.com.ar\/#\/schema\/person\/image\/","url":"https:\/\/secure.gravatar.com\/avatar\/76e419471a2083bc3ceab22a763dbbf9b0c1bd15a6214cf3280e2c2dde4580f9?s=96&d=mm&r=g","contentUrl":"https:\/\/secure.gravatar.com\/avatar\/76e419471a2083bc3ceab22a763dbbf9b0c1bd15a6214cf3280e2c2dde4580f9?s=96&d=mm&r=g","caption":"admin"},"sameAs":["https:\/\/lobosnews.com.ar"],"url":"https:\/\/lobosnews.com.ar\/index.php\/author\/lobos-news\/"}]}},"jetpack_featured_media_url":"","jetpack_sharing_enabled":true,"_links":{"self":[{"href":"https:\/\/lobosnews.com.ar\/index.php\/wp-json\/wp\/v2\/posts\/32109","targetHints":{"allow":["GET"]}}],"collection":[{"href":"https:\/\/lobosnews.com.ar\/index.php\/wp-json\/wp\/v2\/posts"}],"about":[{"href":"https:\/\/lobosnews.com.ar\/index.php\/wp-json\/wp\/v2\/types\/post"}],"author":[{"embeddable":true,"href":"https:\/\/lobosnews.com.ar\/index.php\/wp-json\/wp\/v2\/users\/1"}],"replies":[{"embeddable":true,"href":"https:\/\/lobosnews.com.ar\/index.php\/wp-json\/wp\/v2\/comments?post=32109"}],"version-history":[{"count":1,"href":"https:\/\/lobosnews.com.ar\/index.php\/wp-json\/wp\/v2\/posts\/32109\/revisions"}],"predecessor-version":[{"id":32111,"href":"https:\/\/lobosnews.com.ar\/index.php\/wp-json\/wp\/v2\/posts\/32109\/revisions\/32111"}],"wp:attachment":[{"href":"https:\/\/lobosnews.com.ar\/index.php\/wp-json\/wp\/v2\/media?parent=32109"}],"wp:term":[{"taxonomy":"category","embeddable":true,"href":"https:\/\/lobosnews.com.ar\/index.php\/wp-json\/wp\/v2\/categories?post=32109"},{"taxonomy":"post_tag","embeddable":true,"href":"https:\/\/lobosnews.com.ar\/index.php\/wp-json\/wp\/v2\/tags?post=32109"}],"curies":[{"name":"wp","href":"https:\/\/api.w.org\/{rel}","templated":true}]}}