{"id":32093,"date":"2026-03-11T16:50:51","date_gmt":"2026-03-11T16:50:51","guid":{"rendered":"https:\/\/lobosnews.com.ar\/index.php\/2026\/03\/11\/comenzo-el-juicio-contra-un-sicario-acusado-de-uno-de-los-crimenes-narco-mas-atroces-de-argentina\/"},"modified":"2026-03-11T18:16:56","modified_gmt":"2026-03-11T18:16:56","slug":"comenzo-el-juicio-contra-un-sicario-acusado-de-uno-de-los-crimenes-narco-mas-atroces-de-argentina","status":"publish","type":"post","link":"https:\/\/lobosnews.com.ar\/index.php\/2026\/03\/11\/comenzo-el-juicio-contra-un-sicario-acusado-de-uno-de-los-crimenes-narco-mas-atroces-de-argentina\/","title":{"rendered":"Comenz\u00f3 el juicio contra un sicario acusado de uno de los cr\u00edmenes narco m\u00e1s atroces de Argentina"},"content":{"rendered":"<p><img fetchpriority=\"high\" decoding=\"async\" src=\"https:\/\/lobosnews.com.ar\/wp-content\/uploads\/2026\/03\/comenzo-el-juicio-contra-un-sicario-acusado-de-uno-de-los-crimenes-narco-mas-atroces-de-argentina.jpg\" alt=\"Giancarlos Crisostomo \u201cEl Contador\u201d Paredes, se\u00f1alado como sicario de \"El Loco\" C\u00e9sar\" height=\"559\" width=\"672\"\/><\/p>\n<p>Desde alg\u00fan momento del 7 de marzo de 2018, pero pasadas las 15:30 horas,<b> Robinson Pachau Quille, Liz de la Cruz Barrientos y Gerson Silva Mendoza<\/b> permanecieron cautivos en su restaurante, en la manzana 111 de la Villa 31 de Retiro, o en la casa 52 de la Manzana 105, m\u00e1s conocido como \u201cla carnicer\u00eda\u201d o \u201cel picadero\u201d, un aguantadero de la banda del peruano<b> C\u00e9sar Mor\u00e1n de la Cruz<\/b>, alias <span class=\"waslinkname\"><i><b>\u201cEl Loco\u201d<\/b><\/i><\/span>,<b> <\/b>uno de los narcos m\u00e1s feroces y sanguinarios del pa\u00eds.<\/p>\n<p><b>En ese sitio, los tres fueron torturados<\/b>. Luego les dispararon con, al menos, una pistola semiautom\u00e1tica de simple y doble acci\u00f3n, calibre 9X19mm, marca Bersa Thunder. Parte de los cuerpos fueron desmembrados y colocados en bolsas, para ser cargados en un carro cartonero y trasladados, hasta la Manzana 103,<b> donde fueron incendiados.<\/b><\/p>\n<p>El humo negro no llam\u00f3 tanto la atenci\u00f3n como el aroma que desprend\u00edan las llamas contra el \u201cpared\u00f3n de la muerte\u201d, en la zona dominada por \u201c<b>Los Sampedranos<\/b>\u201d, narcos paraguayos. <\/p>\n<p>Entre telas, maderas, alfombras y caucho, efectivos del Cuerpo de Prevenci\u00f3n Barrial de la Polic\u00eda de la Ciudad encontraron los <b>cuerpos carbonizados<\/b>. Ocurri\u00f3 el 9 de marzo de ese a\u00f1o, a las 3:40 de la madrugada.<\/p>\n<p><img loading=\"lazy\" decoding=\"async\" src=\"https:\/\/lobosnews.com.ar\/wp-content\/uploads\/2026\/03\/comenzo-el-juicio-contra-un-sicario-acusado-de-uno-de-los-crimenes-narco-mas-atroces-de-argentina-1.jpg\" alt=\"As\u00ed qued\u00f3 el carro donde fueron incinerados los cuerpos\" height=\"1080\" width=\"1920\"\/><\/p>\n<p>A ocho a\u00f1os de la escena que estremeci\u00f3 a los investigadores de la Fiscal\u00eda Federal N\u00b01, en ese entonces a cargo del fallecido <b>Jorge Di Lello<\/b>, y tras la instrucci\u00f3n del secretario <b>Javier Delio<\/b>, el caso lleg\u00f3 a juicio. <\/p>\n<p>El 19 de febrero de este a\u00f1o comenzaron las audiencias en el Tribunal Oral Criminal N\u00b011, integrado por los jueces <b>Julio Qui\u00f1ones<\/b>, <b>Julio L\u00f3pez Casariego<\/b> y <b>Mat\u00edas Buenaventura<\/b> (subrogante). Habr\u00e1 un cuarto intermedio hasta este jueves 12 de marzo, indicaron fuentes judiciales a <b>Infobae.<\/b><\/p>\n<p>Aunque no se pudo acreditar la participaci\u00f3n de \u201cEl Loco\u201d, se cree que fue <b>quien orden\u00f3 la ejecuci\u00f3n<\/b> y que varias personas participaron en la organizaci\u00f3n del triple homicidio. Sin embargo, solo una de ellas lleg\u00f3 al debate. <\/p>\n<p>Se trata de<b> Giancarlos Crisostomo \u201cEl Contador\u201d Paredes<\/b>, se\u00f1alado como <b>sicario del capo narco<\/b>. Naci\u00f3 el 17 de marzo de 1993 y es de nacionalidad peruana. Viv\u00eda en la Manzana 107, pero se fug\u00f3 tras los asesinatos y fue capturado en mayo de 2021 por Interpol, en Per\u00fa. <\/p>\n<p>\u201cEl Contador\u201d, que <b>habr\u00eda sido autor de otro crimen ocurrido ocho d\u00edas antes<\/b> de la triple ejecuci\u00f3n, fue extraditado y, desde entonces, permanece encerrado en el Complejo Penitenciario Federal N\u00b0 1 de Ezeiza con prisi\u00f3n preventiva. Lo defiende una abogada ligada a Mor\u00e1n de la Cruz en diferentes causas.<\/p>\n<p>Paredes habr\u00eda sido el autor de los asesinatos junto a un argentino identificado como \u201cel mec\u00e1nico Adri\u00e1n\u201d. Ambos habr\u00edan contado con la colaboraci\u00f3n de<b> Alfredo Orlando \u201cRemi\u201d, Oscar David \u201cEl Indio\u201d Barrios y Jonny Ringo \u201cEl Chino\u201d Flores.<\/b><\/p>\n<h2>Ajuste de cuentas<\/h2>\n<p><b>\u201cEst\u00e1s muerto\u201d. <\/b>Esas dos palabras escuch\u00f3 en el tel\u00e9fono Robinson Pachau Quille d\u00edas antes de ser asesinado. Junto a Barrientos, su esposa, hab\u00eda adquirido una casa en la Villa 31 en el 2015. Por razones que no pudieron ser esclarecidas, comenzaron a tener problemas con un grupo de personas que<b> no les permit\u00edan vender esa propiedad<\/b>. Detectives que participaron del caso aseguran que se trataba de integrantes de la banda de \u201cEl Loco\u201d.<\/p>\n<p><img loading=\"lazy\" decoding=\"async\" src=\"https:\/\/lobosnews.com.ar\/wp-content\/uploads\/2026\/03\/comenzo-el-juicio-contra-un-sicario-acusado-de-uno-de-los-crimenes-narco-mas-atroces-de-argentina-2.jpg\" alt=\"C\u00e9sar Humberto Mor\u00e1n de la Cruz, alias \"El Loco C\u00e9sar\"\" height=\"525\" width=\"930\"\/><\/p>\n<p>En noviembre de 2017, la pareja viaj\u00f3 a Per\u00fa a visitar a sus familiares. En esa oportunidad, comentaron los problemas que ten\u00edan con quien \u201cmanda en la Villa de Retiro, quien adem\u00e1s est\u00e1 preso\u201d. En enero del a\u00f1o siguiente, iban a regresar a ese pa\u00eds de visita, pero debieron interrumpir el viaje cuando se enteraron de que <b>su casa hab\u00eda sido intrusada. <\/b><\/p>\n<p>Barrientos denunci\u00f3 ante la comisar\u00eda 46\u00aa que al arribar al su domicilio comprob\u00f3 que<b> la cerradura de ingreso a la vivienda hab\u00eda sido cambiada<\/b> y, al golpear a la puerta, salieron del interior varios masculinos que la obligaron a retirarse del lugar. <\/p>\n<p>D\u00edas despu\u00e9s, el 22 de febrero de 2018, al ser requerida su presencia en sede judicial para ampliar la denuncia. La mujer asegur\u00f3 que logr\u00f3 recuperar la vivienda y que se encontraba en el domicilio con su esposo e hijos. Dijo, adem\u00e1s, que hab\u00eda recuperado todas sus pertenencias. Esa circunstancia <b>motiv\u00f3 el archivo de esa investigaci\u00f3n.<\/b><\/p>\n<p>La intenci\u00f3n de la pareja era vender sus bienes y regresar a Per\u00fa. A ra\u00edz de la imposibilidad de hacerlo, resolvieron instalar un restaurante que mantendr\u00edan alquilado durante su ausencia. Tampoco les fue permitido concretarlo. Lo hicieron igual y contrataron a <b>Gerson Silva \u201cCachete\u201d Mendoza<\/b>. <\/p>\n<p>Tras esa decisi\u00f3n temeraria, ninguna s\u00faplica evit\u00f3 la ejecuci\u00f3n de las tres v\u00edctimas. <\/p>\n","protected":false},"excerpt":{"rendered":"<p>Desde alg\u00fan momento del 7 de marzo de 2018, pero pasadas las 15:30 horas, Robinson Pachau Quille, Liz de la Cruz Barrientos y Gerson Silva Mendoza permanecieron cautivos en su restaurante, en la manzana 111 de la Villa 31 de Retiro, o en la casa 52 de la Manzana 105, m\u00e1s conocido como \u201cla carnicer\u00eda\u201d&#8230;<\/p>\n","protected":false},"author":1,"featured_media":32098,"comment_status":"open","ping_status":"closed","sticky":false,"template":"","format":"standard","meta":{"_jetpack_memberships_contains_paid_content":false,"footnotes":""},"categories":[31,30,32,77,84,35,36,37],"tags":[],"class_list":["post-32093","post","type-post","status-publish","format-standard","has-post-thumbnail","hentry","category-actualidad","category-argentina","category-economia","category-inseguridad","category-masradios-com","category-nacionales","category-seguridad","category-sociedad"],"magazineBlocksPostFeaturedMedia":{"thumbnail":"https:\/\/lobosnews.com.ar\/wp-content\/uploads\/2026\/03\/comenzo-el-juicio-contra-un-sicario-acusado-de-uno-de-los-crimenes-narco-mas-atroces-de-argentina-4-150x150.jpg","medium":"https:\/\/lobosnews.com.ar\/wp-content\/uploads\/2026\/03\/comenzo-el-juicio-contra-un-sicario-acusado-de-uno-de-los-crimenes-narco-mas-atroces-de-argentina-4-300x169.jpg","medium_large":"https:\/\/lobosnews.com.ar\/wp-content\/uploads\/2026\/03\/comenzo-el-juicio-contra-un-sicario-acusado-de-uno-de-los-crimenes-narco-mas-atroces-de-argentina-4-768x434.jpg","large":"https:\/\/lobosnews.com.ar\/wp-content\/uploads\/2026\/03\/comenzo-el-juicio-contra-un-sicario-acusado-de-uno-de-los-crimenes-narco-mas-atroces-de-argentina-4.jpg","1536x1536":"https:\/\/lobosnews.com.ar\/wp-content\/uploads\/2026\/03\/comenzo-el-juicio-contra-un-sicario-acusado-de-uno-de-los-crimenes-narco-mas-atroces-de-argentina-4.jpg","2048x2048":"https:\/\/lobosnews.com.ar\/wp-content\/uploads\/2026\/03\/comenzo-el-juicio-contra-un-sicario-acusado-de-uno-de-los-crimenes-narco-mas-atroces-de-argentina-4.jpg","newsmatic-featured":"https:\/\/lobosnews.com.ar\/wp-content\/uploads\/2026\/03\/comenzo-el-juicio-contra-un-sicario-acusado-de-uno-de-los-crimenes-narco-mas-atroces-de-argentina-4-820x525.jpg","newsmatic-list":"https:\/\/lobosnews.com.ar\/wp-content\/uploads\/2026\/03\/comenzo-el-juicio-contra-un-sicario-acusado-de-uno-de-los-crimenes-narco-mas-atroces-de-argentina-4-600x400.jpg","newsmatic-thumb":"https:\/\/lobosnews.com.ar\/wp-content\/uploads\/2026\/03\/comenzo-el-juicio-contra-un-sicario-acusado-de-uno-de-los-crimenes-narco-mas-atroces-de-argentina-4-300x200.jpg","newsmatic-small":"https:\/\/lobosnews.com.ar\/wp-content\/uploads\/2026\/03\/comenzo-el-juicio-contra-un-sicario-acusado-de-uno-de-los-crimenes-narco-mas-atroces-de-argentina-4-150x95.jpg","newsmatic-grid":"https:\/\/lobosnews.com.ar\/wp-content\/uploads\/2026\/03\/comenzo-el-juicio-contra-un-sicario-acusado-de-uno-de-los-crimenes-narco-mas-atroces-de-argentina-4-400x250.jpg"},"magazineBlocksPostAuthor":{"name":"admin","avatar":"https:\/\/secure.gravatar.com\/avatar\/76e419471a2083bc3ceab22a763dbbf9b0c1bd15a6214cf3280e2c2dde4580f9?s=96&d=mm&r=g"},"magazineBlocksPostCommentsNumber":"0","magazineBlocksPostExcerpt":"Desde alg\u00fan momento del 7 de marzo de 2018, pero pasadas las 15:30 horas, Robinson Pachau Quille, Liz de la Cruz Barrientos y Gerson Silva Mendoza permanecieron cautivos en su restaurante, en la manzana 111 de la Villa 31 de Retiro, o en la casa 52 de la Manzana 105, m\u00e1s conocido como \u201cla carnicer\u00eda\u201d...","magazineBlocksPostCategories":["Actualidad","Argentina","econom\u00eda","inseguridad","masradios.com","nacionales","seguridad","sociedad"],"magazineBlocksPostViewCount":92,"magazineBlocksPostReadTime":4,"magazine_blocks_featured_image_url":{"full":["https:\/\/lobosnews.com.ar\/wp-content\/uploads\/2026\/03\/comenzo-el-juicio-contra-un-sicario-acusado-de-uno-de-los-crimenes-narco-mas-atroces-de-argentina-4.jpg",930,525,false],"medium":["https:\/\/lobosnews.com.ar\/wp-content\/uploads\/2026\/03\/comenzo-el-juicio-contra-un-sicario-acusado-de-uno-de-los-crimenes-narco-mas-atroces-de-argentina-4-300x169.jpg",300,169,true],"thumbnail":["https:\/\/lobosnews.com.ar\/wp-content\/uploads\/2026\/03\/comenzo-el-juicio-contra-un-sicario-acusado-de-uno-de-los-crimenes-narco-mas-atroces-de-argentina-4-150x150.jpg",150,150,true]},"magazine_blocks_author":{"display_name":"admin","author_link":"https:\/\/lobosnews.com.ar\/index.php\/author\/lobos-news\/"},"magazine_blocks_comment":0,"magazine_blocks_author_image":"https:\/\/secure.gravatar.com\/avatar\/76e419471a2083bc3ceab22a763dbbf9b0c1bd15a6214cf3280e2c2dde4580f9?s=96&d=mm&r=g","magazine_blocks_category":"<a href=\"#\" class=\"category-link category-link-31\">Actualidad<\/a> <a href=\"#\" class=\"category-link category-link-30\">Argentina<\/a> <a href=\"#\" class=\"category-link category-link-32\">econom\u00eda<\/a> <a href=\"#\" class=\"category-link category-link-77\">inseguridad<\/a> <a href=\"#\" class=\"category-link category-link-84\">masradios.com<\/a> <a href=\"#\" class=\"category-link category-link-35\">nacionales<\/a> <a href=\"#\" class=\"category-link category-link-36\">seguridad<\/a> <a href=\"#\" class=\"category-link category-link-37\">sociedad<\/a>","yoast_head":"<!-- This site is optimized with the Yoast SEO plugin v26.6 - https:\/\/yoast.com\/wordpress\/plugins\/seo\/ -->\n<title>Comenz\u00f3 el juicio contra un sicario acusado de uno de los cr\u00edmenes narco m\u00e1s atroces de Argentina - Lobos News<\/title>\n<meta name=\"robots\" content=\"index, follow, max-snippet:-1, max-image-preview:large, max-video-preview:-1\" \/>\n<link rel=\"canonical\" href=\"https:\/\/lobosnews.com.ar\/index.php\/2026\/03\/11\/comenzo-el-juicio-contra-un-sicario-acusado-de-uno-de-los-crimenes-narco-mas-atroces-de-argentina\/\" \/>\n<meta property=\"og:locale\" content=\"es_ES\" \/>\n<meta property=\"og:type\" content=\"article\" \/>\n<meta property=\"og:title\" content=\"Comenz\u00f3 el juicio contra un sicario acusado de uno de los cr\u00edmenes narco m\u00e1s atroces de Argentina - Lobos News\" \/>\n<meta property=\"og:description\" content=\"Desde alg\u00fan momento del 7 de marzo de 2018, pero pasadas las 15:30 horas, Robinson Pachau Quille, Liz de la Cruz Barrientos y Gerson Silva Mendoza permanecieron cautivos en su restaurante, en la manzana 111 de la Villa 31 de Retiro, o en la casa 52 de la Manzana 105, m\u00e1s conocido como \u201cla carnicer\u00eda\u201d...\" \/>\n<meta property=\"og:url\" content=\"https:\/\/lobosnews.com.ar\/index.php\/2026\/03\/11\/comenzo-el-juicio-contra-un-sicario-acusado-de-uno-de-los-crimenes-narco-mas-atroces-de-argentina\/\" \/>\n<meta property=\"og:site_name\" content=\"Lobos News\" \/>\n<meta property=\"article:published_time\" content=\"2026-03-11T16:50:51+00:00\" \/>\n<meta property=\"article:modified_time\" content=\"2026-03-11T18:16:56+00:00\" \/>\n<meta property=\"og:image\" content=\"https:\/\/lobosnews.com.ar\/wp-content\/uploads\/2026\/03\/comenzo-el-juicio-contra-un-sicario-acusado-de-uno-de-los-crimenes-narco-mas-atroces-de-argentina.jpg\" \/>\n<meta name=\"author\" content=\"admin\" \/>\n<meta name=\"twitter:card\" content=\"summary_large_image\" \/>\n<meta name=\"twitter:label1\" content=\"Escrito por\" \/>\n\t<meta name=\"twitter:data1\" content=\"admin\" \/>\n\t<meta name=\"twitter:label2\" content=\"Tiempo de lectura\" \/>\n\t<meta name=\"twitter:data2\" content=\"4 minutos\" \/>\n<script type=\"application\/ld+json\" class=\"yoast-schema-graph\">{\"@context\":\"https:\/\/schema.org\",\"@graph\":[{\"@type\":\"Article\",\"@id\":\"https:\/\/lobosnews.com.ar\/index.php\/2026\/03\/11\/comenzo-el-juicio-contra-un-sicario-acusado-de-uno-de-los-crimenes-narco-mas-atroces-de-argentina\/#article\",\"isPartOf\":{\"@id\":\"https:\/\/lobosnews.com.ar\/index.php\/2026\/03\/11\/comenzo-el-juicio-contra-un-sicario-acusado-de-uno-de-los-crimenes-narco-mas-atroces-de-argentina\/\"},\"author\":{\"name\":\"admin\",\"@id\":\"https:\/\/lobosnews.com.ar\/#\/schema\/person\/232422a593d5c541dd9aef6aaed10943\"},\"headline\":\"Comenz\u00f3 el juicio contra un sicario acusado de uno de los cr\u00edmenes narco m\u00e1s atroces de Argentina\",\"datePublished\":\"2026-03-11T16:50:51+00:00\",\"dateModified\":\"2026-03-11T18:16:56+00:00\",\"mainEntityOfPage\":{\"@id\":\"https:\/\/lobosnews.com.ar\/index.php\/2026\/03\/11\/comenzo-el-juicio-contra-un-sicario-acusado-de-uno-de-los-crimenes-narco-mas-atroces-de-argentina\/\"},\"wordCount\":809,\"commentCount\":0,\"publisher\":{\"@id\":\"https:\/\/lobosnews.com.ar\/#organization\"},\"image\":{\"@id\":\"https:\/\/lobosnews.com.ar\/index.php\/2026\/03\/11\/comenzo-el-juicio-contra-un-sicario-acusado-de-uno-de-los-crimenes-narco-mas-atroces-de-argentina\/#primaryimage\"},\"thumbnailUrl\":\"https:\/\/lobosnews.com.ar\/wp-content\/uploads\/2026\/03\/comenzo-el-juicio-contra-un-sicario-acusado-de-uno-de-los-crimenes-narco-mas-atroces-de-argentina-4.jpg\",\"articleSection\":[\"Actualidad\",\"Argentina\",\"econom\u00eda\",\"inseguridad\",\"masradios.com\",\"nacionales\",\"seguridad\",\"sociedad\"],\"inLanguage\":\"es\",\"potentialAction\":[{\"@type\":\"CommentAction\",\"name\":\"Comment\",\"target\":[\"https:\/\/lobosnews.com.ar\/index.php\/2026\/03\/11\/comenzo-el-juicio-contra-un-sicario-acusado-de-uno-de-los-crimenes-narco-mas-atroces-de-argentina\/#respond\"]}]},{\"@type\":\"WebPage\",\"@id\":\"https:\/\/lobosnews.com.ar\/index.php\/2026\/03\/11\/comenzo-el-juicio-contra-un-sicario-acusado-de-uno-de-los-crimenes-narco-mas-atroces-de-argentina\/\",\"url\":\"https:\/\/lobosnews.com.ar\/index.php\/2026\/03\/11\/comenzo-el-juicio-contra-un-sicario-acusado-de-uno-de-los-crimenes-narco-mas-atroces-de-argentina\/\",\"name\":\"Comenz\u00f3 el juicio contra un sicario acusado de uno de los cr\u00edmenes narco m\u00e1s atroces de Argentina - Lobos News\",\"isPartOf\":{\"@id\":\"https:\/\/lobosnews.com.ar\/#website\"},\"primaryImageOfPage\":{\"@id\":\"https:\/\/lobosnews.com.ar\/index.php\/2026\/03\/11\/comenzo-el-juicio-contra-un-sicario-acusado-de-uno-de-los-crimenes-narco-mas-atroces-de-argentina\/#primaryimage\"},\"image\":{\"@id\":\"https:\/\/lobosnews.com.ar\/index.php\/2026\/03\/11\/comenzo-el-juicio-contra-un-sicario-acusado-de-uno-de-los-crimenes-narco-mas-atroces-de-argentina\/#primaryimage\"},\"thumbnailUrl\":\"https:\/\/lobosnews.com.ar\/wp-content\/uploads\/2026\/03\/comenzo-el-juicio-contra-un-sicario-acusado-de-uno-de-los-crimenes-narco-mas-atroces-de-argentina-4.jpg\",\"datePublished\":\"2026-03-11T16:50:51+00:00\",\"dateModified\":\"2026-03-11T18:16:56+00:00\",\"breadcrumb\":{\"@id\":\"https:\/\/lobosnews.com.ar\/index.php\/2026\/03\/11\/comenzo-el-juicio-contra-un-sicario-acusado-de-uno-de-los-crimenes-narco-mas-atroces-de-argentina\/#breadcrumb\"},\"inLanguage\":\"es\",\"potentialAction\":[{\"@type\":\"ReadAction\",\"target\":[\"https:\/\/lobosnews.com.ar\/index.php\/2026\/03\/11\/comenzo-el-juicio-contra-un-sicario-acusado-de-uno-de-los-crimenes-narco-mas-atroces-de-argentina\/\"]}]},{\"@type\":\"ImageObject\",\"inLanguage\":\"es\",\"@id\":\"https:\/\/lobosnews.com.ar\/index.php\/2026\/03\/11\/comenzo-el-juicio-contra-un-sicario-acusado-de-uno-de-los-crimenes-narco-mas-atroces-de-argentina\/#primaryimage\",\"url\":\"https:\/\/lobosnews.com.ar\/wp-content\/uploads\/2026\/03\/comenzo-el-juicio-contra-un-sicario-acusado-de-uno-de-los-crimenes-narco-mas-atroces-de-argentina-4.jpg\",\"contentUrl\":\"https:\/\/lobosnews.com.ar\/wp-content\/uploads\/2026\/03\/comenzo-el-juicio-contra-un-sicario-acusado-de-uno-de-los-crimenes-narco-mas-atroces-de-argentina-4.jpg\",\"width\":930,\"height\":525,\"caption\":\"Comenz\u00f3 el juicio contra un sicario acusado de uno de los cr\u00edmenes narco m\u00e1s atroces de Argentina\"},{\"@type\":\"BreadcrumbList\",\"@id\":\"https:\/\/lobosnews.com.ar\/index.php\/2026\/03\/11\/comenzo-el-juicio-contra-un-sicario-acusado-de-uno-de-los-crimenes-narco-mas-atroces-de-argentina\/#breadcrumb\",\"itemListElement\":[{\"@type\":\"ListItem\",\"position\":1,\"name\":\"Portada\",\"item\":\"https:\/\/lobosnews.com.ar\/\"},{\"@type\":\"ListItem\",\"position\":2,\"name\":\"Comenz\u00f3 el juicio contra un sicario acusado de uno de los cr\u00edmenes narco m\u00e1s atroces de Argentina\"}]},{\"@type\":\"WebSite\",\"@id\":\"https:\/\/lobosnews.com.ar\/#website\",\"url\":\"https:\/\/lobosnews.com.ar\/\",\"name\":\"Lobos News\",\"description\":\"Informaci\u00f3n a cada instante\",\"publisher\":{\"@id\":\"https:\/\/lobosnews.com.ar\/#organization\"},\"potentialAction\":[{\"@type\":\"SearchAction\",\"target\":{\"@type\":\"EntryPoint\",\"urlTemplate\":\"https:\/\/lobosnews.com.ar\/?s={search_term_string}\"},\"query-input\":{\"@type\":\"PropertyValueSpecification\",\"valueRequired\":true,\"valueName\":\"search_term_string\"}}],\"inLanguage\":\"es\"},{\"@type\":\"Organization\",\"@id\":\"https:\/\/lobosnews.com.ar\/#organization\",\"name\":\"Lobos News\",\"url\":\"https:\/\/lobosnews.com.ar\/\",\"logo\":{\"@type\":\"ImageObject\",\"inLanguage\":\"es\",\"@id\":\"https:\/\/lobosnews.com.ar\/#\/schema\/logo\/image\/\",\"url\":\"https:\/\/lobosnews.com.ar\/wp-content\/uploads\/2026\/01\/logo-lobosnews.png\",\"contentUrl\":\"https:\/\/lobosnews.com.ar\/wp-content\/uploads\/2026\/01\/logo-lobosnews.png\",\"width\":500,\"height\":200,\"caption\":\"Lobos News\"},\"image\":{\"@id\":\"https:\/\/lobosnews.com.ar\/#\/schema\/logo\/image\/\"}},{\"@type\":\"Person\",\"@id\":\"https:\/\/lobosnews.com.ar\/#\/schema\/person\/232422a593d5c541dd9aef6aaed10943\",\"name\":\"admin\",\"image\":{\"@type\":\"ImageObject\",\"inLanguage\":\"es\",\"@id\":\"https:\/\/lobosnews.com.ar\/#\/schema\/person\/image\/\",\"url\":\"https:\/\/secure.gravatar.com\/avatar\/76e419471a2083bc3ceab22a763dbbf9b0c1bd15a6214cf3280e2c2dde4580f9?s=96&d=mm&r=g\",\"contentUrl\":\"https:\/\/secure.gravatar.com\/avatar\/76e419471a2083bc3ceab22a763dbbf9b0c1bd15a6214cf3280e2c2dde4580f9?s=96&d=mm&r=g\",\"caption\":\"admin\"},\"sameAs\":[\"https:\/\/lobosnews.com.ar\"],\"url\":\"https:\/\/lobosnews.com.ar\/index.php\/author\/lobos-news\/\"}]}<\/script>\n<!-- \/ Yoast SEO plugin. -->","yoast_head_json":{"title":"Comenz\u00f3 el juicio contra un sicario acusado de uno de los cr\u00edmenes narco m\u00e1s atroces de Argentina - Lobos News","robots":{"index":"index","follow":"follow","max-snippet":"max-snippet:-1","max-image-preview":"max-image-preview:large","max-video-preview":"max-video-preview:-1"},"canonical":"https:\/\/lobosnews.com.ar\/index.php\/2026\/03\/11\/comenzo-el-juicio-contra-un-sicario-acusado-de-uno-de-los-crimenes-narco-mas-atroces-de-argentina\/","og_locale":"es_ES","og_type":"article","og_title":"Comenz\u00f3 el juicio contra un sicario acusado de uno de los cr\u00edmenes narco m\u00e1s atroces de Argentina - Lobos News","og_description":"Desde alg\u00fan momento del 7 de marzo de 2018, pero pasadas las 15:30 horas, Robinson Pachau Quille, Liz de la Cruz Barrientos y Gerson Silva Mendoza permanecieron cautivos en su restaurante, en la manzana 111 de la Villa 31 de Retiro, o en la casa 52 de la Manzana 105, m\u00e1s conocido como \u201cla carnicer\u00eda\u201d...","og_url":"https:\/\/lobosnews.com.ar\/index.php\/2026\/03\/11\/comenzo-el-juicio-contra-un-sicario-acusado-de-uno-de-los-crimenes-narco-mas-atroces-de-argentina\/","og_site_name":"Lobos News","article_published_time":"2026-03-11T16:50:51+00:00","article_modified_time":"2026-03-11T18:16:56+00:00","og_image":[{"url":"https:\/\/lobosnews.com.ar\/wp-content\/uploads\/2026\/03\/comenzo-el-juicio-contra-un-sicario-acusado-de-uno-de-los-crimenes-narco-mas-atroces-de-argentina.jpg","type":"","width":"","height":""}],"author":"admin","twitter_card":"summary_large_image","twitter_misc":{"Escrito por":"admin","Tiempo de lectura":"4 minutos"},"schema":{"@context":"https:\/\/schema.org","@graph":[{"@type":"Article","@id":"https:\/\/lobosnews.com.ar\/index.php\/2026\/03\/11\/comenzo-el-juicio-contra-un-sicario-acusado-de-uno-de-los-crimenes-narco-mas-atroces-de-argentina\/#article","isPartOf":{"@id":"https:\/\/lobosnews.com.ar\/index.php\/2026\/03\/11\/comenzo-el-juicio-contra-un-sicario-acusado-de-uno-de-los-crimenes-narco-mas-atroces-de-argentina\/"},"author":{"name":"admin","@id":"https:\/\/lobosnews.com.ar\/#\/schema\/person\/232422a593d5c541dd9aef6aaed10943"},"headline":"Comenz\u00f3 el juicio contra un sicario acusado de uno de los cr\u00edmenes narco m\u00e1s atroces de Argentina","datePublished":"2026-03-11T16:50:51+00:00","dateModified":"2026-03-11T18:16:56+00:00","mainEntityOfPage":{"@id":"https:\/\/lobosnews.com.ar\/index.php\/2026\/03\/11\/comenzo-el-juicio-contra-un-sicario-acusado-de-uno-de-los-crimenes-narco-mas-atroces-de-argentina\/"},"wordCount":809,"commentCount":0,"publisher":{"@id":"https:\/\/lobosnews.com.ar\/#organization"},"image":{"@id":"https:\/\/lobosnews.com.ar\/index.php\/2026\/03\/11\/comenzo-el-juicio-contra-un-sicario-acusado-de-uno-de-los-crimenes-narco-mas-atroces-de-argentina\/#primaryimage"},"thumbnailUrl":"https:\/\/lobosnews.com.ar\/wp-content\/uploads\/2026\/03\/comenzo-el-juicio-contra-un-sicario-acusado-de-uno-de-los-crimenes-narco-mas-atroces-de-argentina-4.jpg","articleSection":["Actualidad","Argentina","econom\u00eda","inseguridad","masradios.com","nacionales","seguridad","sociedad"],"inLanguage":"es","potentialAction":[{"@type":"CommentAction","name":"Comment","target":["https:\/\/lobosnews.com.ar\/index.php\/2026\/03\/11\/comenzo-el-juicio-contra-un-sicario-acusado-de-uno-de-los-crimenes-narco-mas-atroces-de-argentina\/#respond"]}]},{"@type":"WebPage","@id":"https:\/\/lobosnews.com.ar\/index.php\/2026\/03\/11\/comenzo-el-juicio-contra-un-sicario-acusado-de-uno-de-los-crimenes-narco-mas-atroces-de-argentina\/","url":"https:\/\/lobosnews.com.ar\/index.php\/2026\/03\/11\/comenzo-el-juicio-contra-un-sicario-acusado-de-uno-de-los-crimenes-narco-mas-atroces-de-argentina\/","name":"Comenz\u00f3 el juicio contra un sicario acusado de uno de los cr\u00edmenes narco m\u00e1s atroces de Argentina - Lobos News","isPartOf":{"@id":"https:\/\/lobosnews.com.ar\/#website"},"primaryImageOfPage":{"@id":"https:\/\/lobosnews.com.ar\/index.php\/2026\/03\/11\/comenzo-el-juicio-contra-un-sicario-acusado-de-uno-de-los-crimenes-narco-mas-atroces-de-argentina\/#primaryimage"},"image":{"@id":"https:\/\/lobosnews.com.ar\/index.php\/2026\/03\/11\/comenzo-el-juicio-contra-un-sicario-acusado-de-uno-de-los-crimenes-narco-mas-atroces-de-argentina\/#primaryimage"},"thumbnailUrl":"https:\/\/lobosnews.com.ar\/wp-content\/uploads\/2026\/03\/comenzo-el-juicio-contra-un-sicario-acusado-de-uno-de-los-crimenes-narco-mas-atroces-de-argentina-4.jpg","datePublished":"2026-03-11T16:50:51+00:00","dateModified":"2026-03-11T18:16:56+00:00","breadcrumb":{"@id":"https:\/\/lobosnews.com.ar\/index.php\/2026\/03\/11\/comenzo-el-juicio-contra-un-sicario-acusado-de-uno-de-los-crimenes-narco-mas-atroces-de-argentina\/#breadcrumb"},"inLanguage":"es","potentialAction":[{"@type":"ReadAction","target":["https:\/\/lobosnews.com.ar\/index.php\/2026\/03\/11\/comenzo-el-juicio-contra-un-sicario-acusado-de-uno-de-los-crimenes-narco-mas-atroces-de-argentina\/"]}]},{"@type":"ImageObject","inLanguage":"es","@id":"https:\/\/lobosnews.com.ar\/index.php\/2026\/03\/11\/comenzo-el-juicio-contra-un-sicario-acusado-de-uno-de-los-crimenes-narco-mas-atroces-de-argentina\/#primaryimage","url":"https:\/\/lobosnews.com.ar\/wp-content\/uploads\/2026\/03\/comenzo-el-juicio-contra-un-sicario-acusado-de-uno-de-los-crimenes-narco-mas-atroces-de-argentina-4.jpg","contentUrl":"https:\/\/lobosnews.com.ar\/wp-content\/uploads\/2026\/03\/comenzo-el-juicio-contra-un-sicario-acusado-de-uno-de-los-crimenes-narco-mas-atroces-de-argentina-4.jpg","width":930,"height":525,"caption":"Comenz\u00f3 el juicio contra un sicario acusado de uno de los cr\u00edmenes narco m\u00e1s atroces de Argentina"},{"@type":"BreadcrumbList","@id":"https:\/\/lobosnews.com.ar\/index.php\/2026\/03\/11\/comenzo-el-juicio-contra-un-sicario-acusado-de-uno-de-los-crimenes-narco-mas-atroces-de-argentina\/#breadcrumb","itemListElement":[{"@type":"ListItem","position":1,"name":"Portada","item":"https:\/\/lobosnews.com.ar\/"},{"@type":"ListItem","position":2,"name":"Comenz\u00f3 el juicio contra un sicario acusado de uno de los cr\u00edmenes narco m\u00e1s atroces de Argentina"}]},{"@type":"WebSite","@id":"https:\/\/lobosnews.com.ar\/#website","url":"https:\/\/lobosnews.com.ar\/","name":"Lobos News","description":"Informaci\u00f3n a cada instante","publisher":{"@id":"https:\/\/lobosnews.com.ar\/#organization"},"potentialAction":[{"@type":"SearchAction","target":{"@type":"EntryPoint","urlTemplate":"https:\/\/lobosnews.com.ar\/?s={search_term_string}"},"query-input":{"@type":"PropertyValueSpecification","valueRequired":true,"valueName":"search_term_string"}}],"inLanguage":"es"},{"@type":"Organization","@id":"https:\/\/lobosnews.com.ar\/#organization","name":"Lobos News","url":"https:\/\/lobosnews.com.ar\/","logo":{"@type":"ImageObject","inLanguage":"es","@id":"https:\/\/lobosnews.com.ar\/#\/schema\/logo\/image\/","url":"https:\/\/lobosnews.com.ar\/wp-content\/uploads\/2026\/01\/logo-lobosnews.png","contentUrl":"https:\/\/lobosnews.com.ar\/wp-content\/uploads\/2026\/01\/logo-lobosnews.png","width":500,"height":200,"caption":"Lobos News"},"image":{"@id":"https:\/\/lobosnews.com.ar\/#\/schema\/logo\/image\/"}},{"@type":"Person","@id":"https:\/\/lobosnews.com.ar\/#\/schema\/person\/232422a593d5c541dd9aef6aaed10943","name":"admin","image":{"@type":"ImageObject","inLanguage":"es","@id":"https:\/\/lobosnews.com.ar\/#\/schema\/person\/image\/","url":"https:\/\/secure.gravatar.com\/avatar\/76e419471a2083bc3ceab22a763dbbf9b0c1bd15a6214cf3280e2c2dde4580f9?s=96&d=mm&r=g","contentUrl":"https:\/\/secure.gravatar.com\/avatar\/76e419471a2083bc3ceab22a763dbbf9b0c1bd15a6214cf3280e2c2dde4580f9?s=96&d=mm&r=g","caption":"admin"},"sameAs":["https:\/\/lobosnews.com.ar"],"url":"https:\/\/lobosnews.com.ar\/index.php\/author\/lobos-news\/"}]}},"jetpack_featured_media_url":"https:\/\/lobosnews.com.ar\/wp-content\/uploads\/2026\/03\/comenzo-el-juicio-contra-un-sicario-acusado-de-uno-de-los-crimenes-narco-mas-atroces-de-argentina-4.jpg","jetpack_sharing_enabled":true,"_links":{"self":[{"href":"https:\/\/lobosnews.com.ar\/index.php\/wp-json\/wp\/v2\/posts\/32093","targetHints":{"allow":["GET"]}}],"collection":[{"href":"https:\/\/lobosnews.com.ar\/index.php\/wp-json\/wp\/v2\/posts"}],"about":[{"href":"https:\/\/lobosnews.com.ar\/index.php\/wp-json\/wp\/v2\/types\/post"}],"author":[{"embeddable":true,"href":"https:\/\/lobosnews.com.ar\/index.php\/wp-json\/wp\/v2\/users\/1"}],"replies":[{"embeddable":true,"href":"https:\/\/lobosnews.com.ar\/index.php\/wp-json\/wp\/v2\/comments?post=32093"}],"version-history":[{"count":1,"href":"https:\/\/lobosnews.com.ar\/index.php\/wp-json\/wp\/v2\/posts\/32093\/revisions"}],"predecessor-version":[{"id":32097,"href":"https:\/\/lobosnews.com.ar\/index.php\/wp-json\/wp\/v2\/posts\/32093\/revisions\/32097"}],"wp:featuredmedia":[{"embeddable":true,"href":"https:\/\/lobosnews.com.ar\/index.php\/wp-json\/wp\/v2\/media\/32098"}],"wp:attachment":[{"href":"https:\/\/lobosnews.com.ar\/index.php\/wp-json\/wp\/v2\/media?parent=32093"}],"wp:term":[{"taxonomy":"category","embeddable":true,"href":"https:\/\/lobosnews.com.ar\/index.php\/wp-json\/wp\/v2\/categories?post=32093"},{"taxonomy":"post_tag","embeddable":true,"href":"https:\/\/lobosnews.com.ar\/index.php\/wp-json\/wp\/v2\/tags?post=32093"}],"curies":[{"name":"wp","href":"https:\/\/api.w.org\/{rel}","templated":true}]}}