{"id":32069,"date":"2026-03-11T13:11:40","date_gmt":"2026-03-11T13:11:40","guid":{"rendered":"https:\/\/lobosnews.com.ar\/index.php\/2026\/03\/11\/envejecimiento-cerebral-por-que-la-depresion-y-el-ambiente-pueden-influir-mas-que-la-edad\/"},"modified":"2026-03-11T15:33:01","modified_gmt":"2026-03-11T15:33:01","slug":"envejecimiento-cerebral-por-que-la-depresion-y-el-ambiente-pueden-influir-mas-que-la-edad","status":"publish","type":"post","link":"https:\/\/lobosnews.com.ar\/index.php\/2026\/03\/11\/envejecimiento-cerebral-por-que-la-depresion-y-el-ambiente-pueden-influir-mas-que-la-edad\/","title":{"rendered":"Envejecimiento cerebral: por qu\u00e9 la depresi\u00f3n y el ambiente pueden influir m\u00e1s que la edad"},"content":{"rendered":"<p><img loading=\"lazy\" decoding=\"async\" src=\"https:\/\/lobosnews.com.ar\/wp-content\/uploads\/2026\/03\/envejecimiento-cerebral-por-que-la-depresion-y-el-ambiente-pueden-influir-mas-que-la-edad.jpg\" alt=\"La depresi\u00f3n leve puede afectar la memoria y acelerar el deterioro cognitivo en personas mayores, seg\u00fan nuevos estudios (Imagen Ilustrativa Infobae)\" height=\"768\" width=\"1408\"\/><\/p>\n<p>Durante d\u00e9cadas, los <b>neurocient\u00edficos consideraron el <\/b><span class=\"waslinkname\"><b>envejecimiento cerebral<\/b><\/span> como un proceso uniforme y predecible. <\/p>\n<p>Sin embargo, los avances recientes revelan que <b>la <\/b><span class=\"waslinkname\"><b>salud cognitiva<\/b><\/span><b> en la vejez no sigue una l\u00ednea recta<\/b>, sino que depende de una <b>interacci\u00f3n compleja <\/b>entre factores individuales, sociales, biogr\u00e1ficos y emocionales, donde la depresi\u00f3n y el entorno juegan un papel determinante.<\/p>\n<p>Las investigaciones presentadas en la reuni\u00f3n anual de la <i>Cognitive Neuroscience Society<\/i> celebrada en Vancouver (Canad\u00e1) muestran que <b>el envejecimiento cerebral est\u00e1 determinado por una combinaci\u00f3n de condiciones biol\u00f3gicas, sociales y emocionales<\/b> que interact\u00faan a lo largo de la vida. <\/p>\n<p>Randy McIntosh, de la Universidad Simon Fraser y presidente del simposio sobre resiliencia cerebral, sostuvo que comprender c\u00f3mo se relacionan la biograf\u00eda y el contexto social con la biolog\u00eda permite redefinir el diagn\u00f3stico y el tratamiento de los trastornos cognitivos vinculados a la edad.<\/p>\n<h2>De la visi\u00f3n lineal al modelo personalizado del envejecimiento cerebral<\/h2>\n<p><img loading=\"lazy\" decoding=\"async\" src=\"https:\/\/lobosnews.com.ar\/wp-content\/uploads\/2026\/03\/envejecimiento-cerebral-por-que-la-depresion-y-el-ambiente-pueden-influir-mas-que-la-edad-1.jpg\" alt=\"Investigadores advierten que el envejecimiento cerebral no sigue un patr\u00f3n uniforme, sino que depende de factores biogr\u00e1ficos, sociales y ambientales (Imagen Ilustrativa Infobae)\" height=\"768\" width=\"1408\"\/><\/p>\n<p>Hasta hace poco, la neurociencia describ\u00eda el envejecimiento cognitivo como un declive homog\u00e9neo para todos los individuos al cruzar el umbral de los 70 a\u00f1os. <\/p>\n<p>Hoy, la disciplina reconoce una amplia variabilidad entre personas, lo que exige modelos predictivos m\u00e1s personalizados.<\/p>\n<p>\u201c<b>No existe una sola mol\u00e9cula ni una sola prote\u00edna como biomarcador del envejecimiento cerebral saludable<\/b>; lo que hay es una combinaci\u00f3n de factores\u201d, explic\u00f3 McIntosh. <\/p>\n<p>Este <b>cambio de enfoque<\/b> implica recopilar datos sobre variables tan diversas como el sue\u00f1o, la salud vascular, la religiosidad, la actividad f\u00edsica y el contexto cultural.<\/p>\n<p>Los investigadores tambi\u00e9n ampliaron sus estudios a muestras poblacionales m\u00e1s diversas y a condiciones naturales, alej\u00e1ndose de los entornos de laboratorio controlados. <\/p>\n<p>La evidencia muestra que <b>el ambiente, el apoyo social y las experiencias de vida pueden modificar sustancialmente el curso del envejecimiento cerebral<\/b>, modelando rutas \u00fanicas para cada individuo.<\/p>\n<h3>La depresi\u00f3n, incluso leve, acelera el deterioro cognitivo<\/h3>\n<p><img loading=\"lazy\" decoding=\"async\" src=\"https:\/\/lobosnews.com.ar\/wp-content\/uploads\/2026\/03\/envejecimiento-cerebral-por-que-la-depresion-y-el-ambiente-pueden-influir-mas-que-la-edad-2.jpg\" alt=\"Estudios con neuroimagen muestran que la depresi\u00f3n reduce la capacidad del cerebro para filtrar informaci\u00f3n irrelevante, favoreciendo la p\u00e9rdida de memoria (Freepik)\" height=\"3731\" width=\"5596\"\/><\/p>\n<p>Un hallazgo clave de los \u00faltimos a\u00f1os es<b> el impacto de la depresi\u00f3n, incluso en niveles leves, sobre la memoria y la funci\u00f3n ejecutiva<\/b>. Audrey Duarte, neurocient\u00edfica cognitiva de la Universidad de Texas en Austin, observ\u00f3 que dos personas de la misma edad pueden mostrar diferencias marcadas en las evaluaciones cognitivas y la prevalencia de enfermedades asociadas. <\/p>\n<p>Su equipo, en un estudio multic\u00e9ntrico con 330 participantes de entre 18 y 75 a\u00f1os de diversos or\u00edgenes raciales y \u00e9tnicos, identific\u00f3 que <b>niveles m\u00ednimos de depresi\u00f3n pueden provocar disfunci\u00f3n ejecutiva<\/b>, acelerando el deterioro de la memoria a medida que avanza la edad.<\/p>\n<p>El trabajo de la investigadora postdoctoral Sarah Henderson demostr\u00f3 que<b> la depresi\u00f3n reduce la capacidad del cerebro para filtrar informaci\u00f3n irrelevante durante la memorizaci\u00f3n<\/b>, lo que facilita la interferencia cognitiva y acelera el declive ejecutivo. <\/p>\n<p>Este efecto es m\u00e1s pronunciado en personas negras y mexicoamericanas, quienes presentan mayor prevalencia de depresi\u00f3n y enfermedad de Alzheimer en comparaci\u00f3n con las personas blancas no hispanas. La capacidad de inhibici\u00f3n de recuerdos no deseados resulta clave para mantener la memoria funcional durante el envejecimiento.<\/p>\n<h2>El entorno y la experiencia cotidiana: claves para la resiliencia cerebral<\/h2>\n<p><img loading=\"lazy\" decoding=\"async\" src=\"https:\/\/lobosnews.com.ar\/wp-content\/uploads\/2026\/03\/envejecimiento-cerebral-por-que-la-depresion-y-el-ambiente-pueden-influir-mas-que-la-edad-3.jpg\" alt=\"La salud emocional y el apoyo social aparecen como factores protectores clave frente al deterioro cognitivo en la vejez (Freepik)\" height=\"1080\" width=\"1920\"\/><\/p>\n<p>El estudio del entorno natural transform\u00f3 la comprensi\u00f3n del envejecimiento cognitivo. Karen Campbell, de la Universidad Brock de Ontario, relat\u00f3 c\u00f3mo su inter\u00e9s naci\u00f3 al observar la resiliencia de su abuela, capaz de conservar recuerdos v\u00edvidos incluso tras experimentar traumas graves. <\/p>\n<p>Campbell demostr\u00f3 que<b> los cerebros j\u00f3venes y mayores muestran patrones de memoria y percepci\u00f3n similares cuando se los expone a situaciones cotidianas<\/b>, como ver pel\u00edculas, en lugar de realizar tareas artificiales de laboratorio.<\/p>\n<p>Uno de los hallazgos m\u00e1s relevantes es el \u201cEfecto Sherlock\u201d, una t\u00e9cnica de recuperaci\u00f3n activa en la que los participantes generan palabras clave al final de cada escena de una pel\u00edcula. Esta pr\u00e1ctica refuerza la segmentaci\u00f3n de eventos en la memoria, permitiendo que la informaci\u00f3n quede mejor delimitada y sea m\u00e1s f\u00e1cilmente recuperable. <\/p>\n<p>Los resultados preliminares sugieren que este m\u00e9todo ayuda a <b>potenciar la memoria y distinguir eventos individuales<\/b>, aprovechando la experiencia acumulada del cerebro mayor.<\/p>\n<h2>Hacia una neurociencia de la posibilidad y la personalizaci\u00f3n<\/h2>\n<p><img loading=\"lazy\" decoding=\"async\" src=\"https:\/\/lobosnews.com.ar\/wp-content\/uploads\/2026\/03\/envejecimiento-cerebral-por-que-la-depresion-y-el-ambiente-pueden-influir-mas-que-la-edad-4.jpg\" alt=\"Los expertos proponen un enfoque personalizado para el diagn\u00f3stico y tratamiento de los trastornos cognitivos relacionados con la edad (Freepik)\" height=\"410\" width=\"728\"\/><\/p>\n<p>La nueva corriente neurocient\u00edfica impulsa el desarrollo de modelos generativos capaces de integrar la diversidad de factores biol\u00f3gicos y ambientales. El objetivo es <b>sustituir los promedios estad\u00edsticos por rutas personalizadas de salud mental<\/b>, donde intervenciones como la actividad f\u00edsica, el uso de aud\u00edfonos para evitar la deprivaci\u00f3n sensorial, y el apoyo social cobran protagonismo.<\/p>\n<p>McIntosh sintetiz\u00f3 esta visi\u00f3n: \u201cAl modelar c\u00f3mo interact\u00faan la biolog\u00eda, la experiencia y el entorno, vamos m\u00e1s all\u00e1 de los promedios y hacia una ciencia que respeta la vida individual y abre nuevos caminos para la resiliencia a lo largo de la vida\u201d. <\/p>\n<p>De esta manera, <b>la verdadera edad del cerebro se redefine cada d\u00eda a trav\u00e9s de la organizaci\u00f3n consciente de la experiencia y la gesti\u00f3n de la carga emocional<\/b>, confirmando que la mente puede mantenerse funcional y resistente si se preservan sus mecanismos de segmentaci\u00f3n y flexibilidad.<\/p>\n","protected":false},"excerpt":{"rendered":"<p>Durante d\u00e9cadas, los neurocient\u00edficos consideraron el envejecimiento cerebral como un proceso uniforme y predecible. Sin embargo, los avances recientes revelan que la salud cognitiva en la vejez no sigue una l\u00ednea recta, sino que depende de una interacci\u00f3n compleja entre factores individuales, sociales, biogr\u00e1ficos y emocionales, donde la depresi\u00f3n y el entorno juegan un papel&#8230;<\/p>\n","protected":false},"author":1,"featured_media":32076,"comment_status":"open","ping_status":"closed","sticky":false,"template":"","format":"standard","meta":{"_jetpack_memberships_contains_paid_content":false,"footnotes":""},"categories":[81],"tags":[],"class_list":["post-32069","post","type-post","status-publish","format-standard","has-post-thumbnail","hentry","category-salud"],"magazineBlocksPostFeaturedMedia":{"thumbnail":"https:\/\/lobosnews.com.ar\/wp-content\/uploads\/2026\/03\/envejecimiento-cerebral-por-que-la-depresion-y-el-ambiente-pueden-influir-mas-que-la-edad-8-150x150.jpg","medium":"https:\/\/lobosnews.com.ar\/wp-content\/uploads\/2026\/03\/envejecimiento-cerebral-por-que-la-depresion-y-el-ambiente-pueden-influir-mas-que-la-edad-8-300x169.jpg","medium_large":"https:\/\/lobosnews.com.ar\/wp-content\/uploads\/2026\/03\/envejecimiento-cerebral-por-que-la-depresion-y-el-ambiente-pueden-influir-mas-que-la-edad-8.jpg","large":"https:\/\/lobosnews.com.ar\/wp-content\/uploads\/2026\/03\/envejecimiento-cerebral-por-que-la-depresion-y-el-ambiente-pueden-influir-mas-que-la-edad-8.jpg","1536x1536":"https:\/\/lobosnews.com.ar\/wp-content\/uploads\/2026\/03\/envejecimiento-cerebral-por-que-la-depresion-y-el-ambiente-pueden-influir-mas-que-la-edad-8.jpg","2048x2048":"https:\/\/lobosnews.com.ar\/wp-content\/uploads\/2026\/03\/envejecimiento-cerebral-por-que-la-depresion-y-el-ambiente-pueden-influir-mas-que-la-edad-8.jpg","newsmatic-featured":"https:\/\/lobosnews.com.ar\/wp-content\/uploads\/2026\/03\/envejecimiento-cerebral-por-que-la-depresion-y-el-ambiente-pueden-influir-mas-que-la-edad-8.jpg","newsmatic-list":"https:\/\/lobosnews.com.ar\/wp-content\/uploads\/2026\/03\/envejecimiento-cerebral-por-que-la-depresion-y-el-ambiente-pueden-influir-mas-que-la-edad-8-600x400.jpg","newsmatic-thumb":"https:\/\/lobosnews.com.ar\/wp-content\/uploads\/2026\/03\/envejecimiento-cerebral-por-que-la-depresion-y-el-ambiente-pueden-influir-mas-que-la-edad-8-300x200.jpg","newsmatic-small":"https:\/\/lobosnews.com.ar\/wp-content\/uploads\/2026\/03\/envejecimiento-cerebral-por-que-la-depresion-y-el-ambiente-pueden-influir-mas-que-la-edad-8-150x95.jpg","newsmatic-grid":"https:\/\/lobosnews.com.ar\/wp-content\/uploads\/2026\/03\/envejecimiento-cerebral-por-que-la-depresion-y-el-ambiente-pueden-influir-mas-que-la-edad-8-400x250.jpg"},"magazineBlocksPostAuthor":{"name":"admin","avatar":"https:\/\/secure.gravatar.com\/avatar\/76e419471a2083bc3ceab22a763dbbf9b0c1bd15a6214cf3280e2c2dde4580f9?s=96&d=mm&r=g"},"magazineBlocksPostCommentsNumber":"0","magazineBlocksPostExcerpt":"Durante d\u00e9cadas, los neurocient\u00edficos consideraron el envejecimiento cerebral como un proceso uniforme y predecible. Sin embargo, los avances recientes revelan que la salud cognitiva en la vejez no sigue una l\u00ednea recta, sino que depende de una interacci\u00f3n compleja entre factores individuales, sociales, biogr\u00e1ficos y emocionales, donde la depresi\u00f3n y el entorno juegan un papel...","magazineBlocksPostCategories":["Salud"],"magazineBlocksPostViewCount":82,"magazineBlocksPostReadTime":5,"magazine_blocks_featured_image_url":{"full":["https:\/\/lobosnews.com.ar\/wp-content\/uploads\/2026\/03\/envejecimiento-cerebral-por-que-la-depresion-y-el-ambiente-pueden-influir-mas-que-la-edad-8.jpg",728,410,false],"medium":["https:\/\/lobosnews.com.ar\/wp-content\/uploads\/2026\/03\/envejecimiento-cerebral-por-que-la-depresion-y-el-ambiente-pueden-influir-mas-que-la-edad-8-300x169.jpg",300,169,true],"thumbnail":["https:\/\/lobosnews.com.ar\/wp-content\/uploads\/2026\/03\/envejecimiento-cerebral-por-que-la-depresion-y-el-ambiente-pueden-influir-mas-que-la-edad-8-150x150.jpg",150,150,true]},"magazine_blocks_author":{"display_name":"admin","author_link":"https:\/\/lobosnews.com.ar\/index.php\/author\/lobos-news\/"},"magazine_blocks_comment":0,"magazine_blocks_author_image":"https:\/\/secure.gravatar.com\/avatar\/76e419471a2083bc3ceab22a763dbbf9b0c1bd15a6214cf3280e2c2dde4580f9?s=96&d=mm&r=g","magazine_blocks_category":"<a href=\"#\" class=\"category-link category-link-81\">Salud<\/a>","yoast_head":"<!-- This site is optimized with the Yoast SEO plugin v26.6 - https:\/\/yoast.com\/wordpress\/plugins\/seo\/ -->\n<title>Envejecimiento cerebral: por qu\u00e9 la depresi\u00f3n y el ambiente pueden influir m\u00e1s que la edad - Lobos News<\/title>\n<meta name=\"robots\" content=\"index, follow, max-snippet:-1, max-image-preview:large, max-video-preview:-1\" \/>\n<link rel=\"canonical\" href=\"https:\/\/lobosnews.com.ar\/index.php\/2026\/03\/11\/envejecimiento-cerebral-por-que-la-depresion-y-el-ambiente-pueden-influir-mas-que-la-edad\/\" \/>\n<meta property=\"og:locale\" content=\"es_ES\" \/>\n<meta property=\"og:type\" content=\"article\" \/>\n<meta property=\"og:title\" content=\"Envejecimiento cerebral: por qu\u00e9 la depresi\u00f3n y el ambiente pueden influir m\u00e1s que la edad - Lobos News\" \/>\n<meta property=\"og:description\" content=\"Durante d\u00e9cadas, los neurocient\u00edficos consideraron el envejecimiento cerebral como un proceso uniforme y predecible. Sin embargo, los avances recientes revelan que la salud cognitiva en la vejez no sigue una l\u00ednea recta, sino que depende de una interacci\u00f3n compleja entre factores individuales, sociales, biogr\u00e1ficos y emocionales, donde la depresi\u00f3n y el entorno juegan un papel...\" \/>\n<meta property=\"og:url\" content=\"https:\/\/lobosnews.com.ar\/index.php\/2026\/03\/11\/envejecimiento-cerebral-por-que-la-depresion-y-el-ambiente-pueden-influir-mas-que-la-edad\/\" \/>\n<meta property=\"og:site_name\" content=\"Lobos News\" \/>\n<meta property=\"article:published_time\" content=\"2026-03-11T13:11:40+00:00\" \/>\n<meta property=\"article:modified_time\" content=\"2026-03-11T15:33:01+00:00\" \/>\n<meta property=\"og:image\" content=\"https:\/\/lobosnews.com.ar\/wp-content\/uploads\/2026\/03\/envejecimiento-cerebral-por-que-la-depresion-y-el-ambiente-pueden-influir-mas-que-la-edad.jpg\" \/>\n<meta name=\"author\" content=\"admin\" \/>\n<meta name=\"twitter:card\" content=\"summary_large_image\" \/>\n<meta name=\"twitter:label1\" content=\"Escrito por\" \/>\n\t<meta name=\"twitter:data1\" content=\"admin\" \/>\n\t<meta name=\"twitter:label2\" content=\"Tiempo de lectura\" \/>\n\t<meta name=\"twitter:data2\" content=\"4 minutos\" \/>\n<script type=\"application\/ld+json\" class=\"yoast-schema-graph\">{\"@context\":\"https:\/\/schema.org\",\"@graph\":[{\"@type\":\"Article\",\"@id\":\"https:\/\/lobosnews.com.ar\/index.php\/2026\/03\/11\/envejecimiento-cerebral-por-que-la-depresion-y-el-ambiente-pueden-influir-mas-que-la-edad\/#article\",\"isPartOf\":{\"@id\":\"https:\/\/lobosnews.com.ar\/index.php\/2026\/03\/11\/envejecimiento-cerebral-por-que-la-depresion-y-el-ambiente-pueden-influir-mas-que-la-edad\/\"},\"author\":{\"name\":\"admin\",\"@id\":\"https:\/\/lobosnews.com.ar\/#\/schema\/person\/232422a593d5c541dd9aef6aaed10943\"},\"headline\":\"Envejecimiento cerebral: por qu\u00e9 la depresi\u00f3n y el ambiente pueden influir m\u00e1s que la edad\",\"datePublished\":\"2026-03-11T13:11:40+00:00\",\"dateModified\":\"2026-03-11T15:33:01+00:00\",\"mainEntityOfPage\":{\"@id\":\"https:\/\/lobosnews.com.ar\/index.php\/2026\/03\/11\/envejecimiento-cerebral-por-que-la-depresion-y-el-ambiente-pueden-influir-mas-que-la-edad\/\"},\"wordCount\":886,\"commentCount\":0,\"publisher\":{\"@id\":\"https:\/\/lobosnews.com.ar\/#organization\"},\"image\":{\"@id\":\"https:\/\/lobosnews.com.ar\/index.php\/2026\/03\/11\/envejecimiento-cerebral-por-que-la-depresion-y-el-ambiente-pueden-influir-mas-que-la-edad\/#primaryimage\"},\"thumbnailUrl\":\"https:\/\/lobosnews.com.ar\/wp-content\/uploads\/2026\/03\/envejecimiento-cerebral-por-que-la-depresion-y-el-ambiente-pueden-influir-mas-que-la-edad-8.jpg\",\"articleSection\":[\"Salud\"],\"inLanguage\":\"es\",\"potentialAction\":[{\"@type\":\"CommentAction\",\"name\":\"Comment\",\"target\":[\"https:\/\/lobosnews.com.ar\/index.php\/2026\/03\/11\/envejecimiento-cerebral-por-que-la-depresion-y-el-ambiente-pueden-influir-mas-que-la-edad\/#respond\"]}]},{\"@type\":\"WebPage\",\"@id\":\"https:\/\/lobosnews.com.ar\/index.php\/2026\/03\/11\/envejecimiento-cerebral-por-que-la-depresion-y-el-ambiente-pueden-influir-mas-que-la-edad\/\",\"url\":\"https:\/\/lobosnews.com.ar\/index.php\/2026\/03\/11\/envejecimiento-cerebral-por-que-la-depresion-y-el-ambiente-pueden-influir-mas-que-la-edad\/\",\"name\":\"Envejecimiento cerebral: por qu\u00e9 la depresi\u00f3n y el ambiente pueden influir m\u00e1s que la edad - Lobos News\",\"isPartOf\":{\"@id\":\"https:\/\/lobosnews.com.ar\/#website\"},\"primaryImageOfPage\":{\"@id\":\"https:\/\/lobosnews.com.ar\/index.php\/2026\/03\/11\/envejecimiento-cerebral-por-que-la-depresion-y-el-ambiente-pueden-influir-mas-que-la-edad\/#primaryimage\"},\"image\":{\"@id\":\"https:\/\/lobosnews.com.ar\/index.php\/2026\/03\/11\/envejecimiento-cerebral-por-que-la-depresion-y-el-ambiente-pueden-influir-mas-que-la-edad\/#primaryimage\"},\"thumbnailUrl\":\"https:\/\/lobosnews.com.ar\/wp-content\/uploads\/2026\/03\/envejecimiento-cerebral-por-que-la-depresion-y-el-ambiente-pueden-influir-mas-que-la-edad-8.jpg\",\"datePublished\":\"2026-03-11T13:11:40+00:00\",\"dateModified\":\"2026-03-11T15:33:01+00:00\",\"breadcrumb\":{\"@id\":\"https:\/\/lobosnews.com.ar\/index.php\/2026\/03\/11\/envejecimiento-cerebral-por-que-la-depresion-y-el-ambiente-pueden-influir-mas-que-la-edad\/#breadcrumb\"},\"inLanguage\":\"es\",\"potentialAction\":[{\"@type\":\"ReadAction\",\"target\":[\"https:\/\/lobosnews.com.ar\/index.php\/2026\/03\/11\/envejecimiento-cerebral-por-que-la-depresion-y-el-ambiente-pueden-influir-mas-que-la-edad\/\"]}]},{\"@type\":\"ImageObject\",\"inLanguage\":\"es\",\"@id\":\"https:\/\/lobosnews.com.ar\/index.php\/2026\/03\/11\/envejecimiento-cerebral-por-que-la-depresion-y-el-ambiente-pueden-influir-mas-que-la-edad\/#primaryimage\",\"url\":\"https:\/\/lobosnews.com.ar\/wp-content\/uploads\/2026\/03\/envejecimiento-cerebral-por-que-la-depresion-y-el-ambiente-pueden-influir-mas-que-la-edad-8.jpg\",\"contentUrl\":\"https:\/\/lobosnews.com.ar\/wp-content\/uploads\/2026\/03\/envejecimiento-cerebral-por-que-la-depresion-y-el-ambiente-pueden-influir-mas-que-la-edad-8.jpg\",\"width\":728,\"height\":410,\"caption\":\"Envejecimiento cerebral: por qu\u00e9 la depresi\u00f3n y el ambiente pueden influir m\u00e1s que la edad\"},{\"@type\":\"BreadcrumbList\",\"@id\":\"https:\/\/lobosnews.com.ar\/index.php\/2026\/03\/11\/envejecimiento-cerebral-por-que-la-depresion-y-el-ambiente-pueden-influir-mas-que-la-edad\/#breadcrumb\",\"itemListElement\":[{\"@type\":\"ListItem\",\"position\":1,\"name\":\"Portada\",\"item\":\"https:\/\/lobosnews.com.ar\/\"},{\"@type\":\"ListItem\",\"position\":2,\"name\":\"Envejecimiento cerebral: por qu\u00e9 la depresi\u00f3n y el ambiente pueden influir m\u00e1s que la edad\"}]},{\"@type\":\"WebSite\",\"@id\":\"https:\/\/lobosnews.com.ar\/#website\",\"url\":\"https:\/\/lobosnews.com.ar\/\",\"name\":\"Lobos News\",\"description\":\"Informaci\u00f3n a cada instante\",\"publisher\":{\"@id\":\"https:\/\/lobosnews.com.ar\/#organization\"},\"potentialAction\":[{\"@type\":\"SearchAction\",\"target\":{\"@type\":\"EntryPoint\",\"urlTemplate\":\"https:\/\/lobosnews.com.ar\/?s={search_term_string}\"},\"query-input\":{\"@type\":\"PropertyValueSpecification\",\"valueRequired\":true,\"valueName\":\"search_term_string\"}}],\"inLanguage\":\"es\"},{\"@type\":\"Organization\",\"@id\":\"https:\/\/lobosnews.com.ar\/#organization\",\"name\":\"Lobos News\",\"url\":\"https:\/\/lobosnews.com.ar\/\",\"logo\":{\"@type\":\"ImageObject\",\"inLanguage\":\"es\",\"@id\":\"https:\/\/lobosnews.com.ar\/#\/schema\/logo\/image\/\",\"url\":\"https:\/\/lobosnews.com.ar\/wp-content\/uploads\/2026\/01\/logo-lobosnews.png\",\"contentUrl\":\"https:\/\/lobosnews.com.ar\/wp-content\/uploads\/2026\/01\/logo-lobosnews.png\",\"width\":500,\"height\":200,\"caption\":\"Lobos News\"},\"image\":{\"@id\":\"https:\/\/lobosnews.com.ar\/#\/schema\/logo\/image\/\"}},{\"@type\":\"Person\",\"@id\":\"https:\/\/lobosnews.com.ar\/#\/schema\/person\/232422a593d5c541dd9aef6aaed10943\",\"name\":\"admin\",\"image\":{\"@type\":\"ImageObject\",\"inLanguage\":\"es\",\"@id\":\"https:\/\/lobosnews.com.ar\/#\/schema\/person\/image\/\",\"url\":\"https:\/\/secure.gravatar.com\/avatar\/76e419471a2083bc3ceab22a763dbbf9b0c1bd15a6214cf3280e2c2dde4580f9?s=96&d=mm&r=g\",\"contentUrl\":\"https:\/\/secure.gravatar.com\/avatar\/76e419471a2083bc3ceab22a763dbbf9b0c1bd15a6214cf3280e2c2dde4580f9?s=96&d=mm&r=g\",\"caption\":\"admin\"},\"sameAs\":[\"https:\/\/lobosnews.com.ar\"],\"url\":\"https:\/\/lobosnews.com.ar\/index.php\/author\/lobos-news\/\"}]}<\/script>\n<!-- \/ Yoast SEO plugin. -->","yoast_head_json":{"title":"Envejecimiento cerebral: por qu\u00e9 la depresi\u00f3n y el ambiente pueden influir m\u00e1s que la edad - Lobos News","robots":{"index":"index","follow":"follow","max-snippet":"max-snippet:-1","max-image-preview":"max-image-preview:large","max-video-preview":"max-video-preview:-1"},"canonical":"https:\/\/lobosnews.com.ar\/index.php\/2026\/03\/11\/envejecimiento-cerebral-por-que-la-depresion-y-el-ambiente-pueden-influir-mas-que-la-edad\/","og_locale":"es_ES","og_type":"article","og_title":"Envejecimiento cerebral: por qu\u00e9 la depresi\u00f3n y el ambiente pueden influir m\u00e1s que la edad - Lobos News","og_description":"Durante d\u00e9cadas, los neurocient\u00edficos consideraron el envejecimiento cerebral como un proceso uniforme y predecible. Sin embargo, los avances recientes revelan que la salud cognitiva en la vejez no sigue una l\u00ednea recta, sino que depende de una interacci\u00f3n compleja entre factores individuales, sociales, biogr\u00e1ficos y emocionales, donde la depresi\u00f3n y el entorno juegan un papel...","og_url":"https:\/\/lobosnews.com.ar\/index.php\/2026\/03\/11\/envejecimiento-cerebral-por-que-la-depresion-y-el-ambiente-pueden-influir-mas-que-la-edad\/","og_site_name":"Lobos News","article_published_time":"2026-03-11T13:11:40+00:00","article_modified_time":"2026-03-11T15:33:01+00:00","og_image":[{"url":"https:\/\/lobosnews.com.ar\/wp-content\/uploads\/2026\/03\/envejecimiento-cerebral-por-que-la-depresion-y-el-ambiente-pueden-influir-mas-que-la-edad.jpg","type":"","width":"","height":""}],"author":"admin","twitter_card":"summary_large_image","twitter_misc":{"Escrito por":"admin","Tiempo de lectura":"4 minutos"},"schema":{"@context":"https:\/\/schema.org","@graph":[{"@type":"Article","@id":"https:\/\/lobosnews.com.ar\/index.php\/2026\/03\/11\/envejecimiento-cerebral-por-que-la-depresion-y-el-ambiente-pueden-influir-mas-que-la-edad\/#article","isPartOf":{"@id":"https:\/\/lobosnews.com.ar\/index.php\/2026\/03\/11\/envejecimiento-cerebral-por-que-la-depresion-y-el-ambiente-pueden-influir-mas-que-la-edad\/"},"author":{"name":"admin","@id":"https:\/\/lobosnews.com.ar\/#\/schema\/person\/232422a593d5c541dd9aef6aaed10943"},"headline":"Envejecimiento cerebral: por qu\u00e9 la depresi\u00f3n y el ambiente pueden influir m\u00e1s que la edad","datePublished":"2026-03-11T13:11:40+00:00","dateModified":"2026-03-11T15:33:01+00:00","mainEntityOfPage":{"@id":"https:\/\/lobosnews.com.ar\/index.php\/2026\/03\/11\/envejecimiento-cerebral-por-que-la-depresion-y-el-ambiente-pueden-influir-mas-que-la-edad\/"},"wordCount":886,"commentCount":0,"publisher":{"@id":"https:\/\/lobosnews.com.ar\/#organization"},"image":{"@id":"https:\/\/lobosnews.com.ar\/index.php\/2026\/03\/11\/envejecimiento-cerebral-por-que-la-depresion-y-el-ambiente-pueden-influir-mas-que-la-edad\/#primaryimage"},"thumbnailUrl":"https:\/\/lobosnews.com.ar\/wp-content\/uploads\/2026\/03\/envejecimiento-cerebral-por-que-la-depresion-y-el-ambiente-pueden-influir-mas-que-la-edad-8.jpg","articleSection":["Salud"],"inLanguage":"es","potentialAction":[{"@type":"CommentAction","name":"Comment","target":["https:\/\/lobosnews.com.ar\/index.php\/2026\/03\/11\/envejecimiento-cerebral-por-que-la-depresion-y-el-ambiente-pueden-influir-mas-que-la-edad\/#respond"]}]},{"@type":"WebPage","@id":"https:\/\/lobosnews.com.ar\/index.php\/2026\/03\/11\/envejecimiento-cerebral-por-que-la-depresion-y-el-ambiente-pueden-influir-mas-que-la-edad\/","url":"https:\/\/lobosnews.com.ar\/index.php\/2026\/03\/11\/envejecimiento-cerebral-por-que-la-depresion-y-el-ambiente-pueden-influir-mas-que-la-edad\/","name":"Envejecimiento cerebral: por qu\u00e9 la depresi\u00f3n y el ambiente pueden influir m\u00e1s que la edad - Lobos News","isPartOf":{"@id":"https:\/\/lobosnews.com.ar\/#website"},"primaryImageOfPage":{"@id":"https:\/\/lobosnews.com.ar\/index.php\/2026\/03\/11\/envejecimiento-cerebral-por-que-la-depresion-y-el-ambiente-pueden-influir-mas-que-la-edad\/#primaryimage"},"image":{"@id":"https:\/\/lobosnews.com.ar\/index.php\/2026\/03\/11\/envejecimiento-cerebral-por-que-la-depresion-y-el-ambiente-pueden-influir-mas-que-la-edad\/#primaryimage"},"thumbnailUrl":"https:\/\/lobosnews.com.ar\/wp-content\/uploads\/2026\/03\/envejecimiento-cerebral-por-que-la-depresion-y-el-ambiente-pueden-influir-mas-que-la-edad-8.jpg","datePublished":"2026-03-11T13:11:40+00:00","dateModified":"2026-03-11T15:33:01+00:00","breadcrumb":{"@id":"https:\/\/lobosnews.com.ar\/index.php\/2026\/03\/11\/envejecimiento-cerebral-por-que-la-depresion-y-el-ambiente-pueden-influir-mas-que-la-edad\/#breadcrumb"},"inLanguage":"es","potentialAction":[{"@type":"ReadAction","target":["https:\/\/lobosnews.com.ar\/index.php\/2026\/03\/11\/envejecimiento-cerebral-por-que-la-depresion-y-el-ambiente-pueden-influir-mas-que-la-edad\/"]}]},{"@type":"ImageObject","inLanguage":"es","@id":"https:\/\/lobosnews.com.ar\/index.php\/2026\/03\/11\/envejecimiento-cerebral-por-que-la-depresion-y-el-ambiente-pueden-influir-mas-que-la-edad\/#primaryimage","url":"https:\/\/lobosnews.com.ar\/wp-content\/uploads\/2026\/03\/envejecimiento-cerebral-por-que-la-depresion-y-el-ambiente-pueden-influir-mas-que-la-edad-8.jpg","contentUrl":"https:\/\/lobosnews.com.ar\/wp-content\/uploads\/2026\/03\/envejecimiento-cerebral-por-que-la-depresion-y-el-ambiente-pueden-influir-mas-que-la-edad-8.jpg","width":728,"height":410,"caption":"Envejecimiento cerebral: por qu\u00e9 la depresi\u00f3n y el ambiente pueden influir m\u00e1s que la edad"},{"@type":"BreadcrumbList","@id":"https:\/\/lobosnews.com.ar\/index.php\/2026\/03\/11\/envejecimiento-cerebral-por-que-la-depresion-y-el-ambiente-pueden-influir-mas-que-la-edad\/#breadcrumb","itemListElement":[{"@type":"ListItem","position":1,"name":"Portada","item":"https:\/\/lobosnews.com.ar\/"},{"@type":"ListItem","position":2,"name":"Envejecimiento cerebral: por qu\u00e9 la depresi\u00f3n y el ambiente pueden influir m\u00e1s que la edad"}]},{"@type":"WebSite","@id":"https:\/\/lobosnews.com.ar\/#website","url":"https:\/\/lobosnews.com.ar\/","name":"Lobos News","description":"Informaci\u00f3n a cada instante","publisher":{"@id":"https:\/\/lobosnews.com.ar\/#organization"},"potentialAction":[{"@type":"SearchAction","target":{"@type":"EntryPoint","urlTemplate":"https:\/\/lobosnews.com.ar\/?s={search_term_string}"},"query-input":{"@type":"PropertyValueSpecification","valueRequired":true,"valueName":"search_term_string"}}],"inLanguage":"es"},{"@type":"Organization","@id":"https:\/\/lobosnews.com.ar\/#organization","name":"Lobos News","url":"https:\/\/lobosnews.com.ar\/","logo":{"@type":"ImageObject","inLanguage":"es","@id":"https:\/\/lobosnews.com.ar\/#\/schema\/logo\/image\/","url":"https:\/\/lobosnews.com.ar\/wp-content\/uploads\/2026\/01\/logo-lobosnews.png","contentUrl":"https:\/\/lobosnews.com.ar\/wp-content\/uploads\/2026\/01\/logo-lobosnews.png","width":500,"height":200,"caption":"Lobos News"},"image":{"@id":"https:\/\/lobosnews.com.ar\/#\/schema\/logo\/image\/"}},{"@type":"Person","@id":"https:\/\/lobosnews.com.ar\/#\/schema\/person\/232422a593d5c541dd9aef6aaed10943","name":"admin","image":{"@type":"ImageObject","inLanguage":"es","@id":"https:\/\/lobosnews.com.ar\/#\/schema\/person\/image\/","url":"https:\/\/secure.gravatar.com\/avatar\/76e419471a2083bc3ceab22a763dbbf9b0c1bd15a6214cf3280e2c2dde4580f9?s=96&d=mm&r=g","contentUrl":"https:\/\/secure.gravatar.com\/avatar\/76e419471a2083bc3ceab22a763dbbf9b0c1bd15a6214cf3280e2c2dde4580f9?s=96&d=mm&r=g","caption":"admin"},"sameAs":["https:\/\/lobosnews.com.ar"],"url":"https:\/\/lobosnews.com.ar\/index.php\/author\/lobos-news\/"}]}},"jetpack_featured_media_url":"https:\/\/lobosnews.com.ar\/wp-content\/uploads\/2026\/03\/envejecimiento-cerebral-por-que-la-depresion-y-el-ambiente-pueden-influir-mas-que-la-edad-8.jpg","jetpack_sharing_enabled":true,"_links":{"self":[{"href":"https:\/\/lobosnews.com.ar\/index.php\/wp-json\/wp\/v2\/posts\/32069","targetHints":{"allow":["GET"]}}],"collection":[{"href":"https:\/\/lobosnews.com.ar\/index.php\/wp-json\/wp\/v2\/posts"}],"about":[{"href":"https:\/\/lobosnews.com.ar\/index.php\/wp-json\/wp\/v2\/types\/post"}],"author":[{"embeddable":true,"href":"https:\/\/lobosnews.com.ar\/index.php\/wp-json\/wp\/v2\/users\/1"}],"replies":[{"embeddable":true,"href":"https:\/\/lobosnews.com.ar\/index.php\/wp-json\/wp\/v2\/comments?post=32069"}],"version-history":[{"count":1,"href":"https:\/\/lobosnews.com.ar\/index.php\/wp-json\/wp\/v2\/posts\/32069\/revisions"}],"predecessor-version":[{"id":32075,"href":"https:\/\/lobosnews.com.ar\/index.php\/wp-json\/wp\/v2\/posts\/32069\/revisions\/32075"}],"wp:featuredmedia":[{"embeddable":true,"href":"https:\/\/lobosnews.com.ar\/index.php\/wp-json\/wp\/v2\/media\/32076"}],"wp:attachment":[{"href":"https:\/\/lobosnews.com.ar\/index.php\/wp-json\/wp\/v2\/media?parent=32069"}],"wp:term":[{"taxonomy":"category","embeddable":true,"href":"https:\/\/lobosnews.com.ar\/index.php\/wp-json\/wp\/v2\/categories?post=32069"},{"taxonomy":"post_tag","embeddable":true,"href":"https:\/\/lobosnews.com.ar\/index.php\/wp-json\/wp\/v2\/tags?post=32069"}],"curies":[{"name":"wp","href":"https:\/\/api.w.org\/{rel}","templated":true}]}}