{"id":32055,"date":"2026-03-11T00:45:09","date_gmt":"2026-03-11T00:45:09","guid":{"rendered":"https:\/\/lobosnews.com.ar\/index.php\/2026\/03\/11\/benjamin-el-hijo-de-enzo-fernandez-sorprendio-a-valentina-cervantes-al-contarle-con-cual-de-sus-padres-prefiere-dormir\/"},"modified":"2026-03-11T14:59:20","modified_gmt":"2026-03-11T14:59:20","slug":"benjamin-el-hijo-de-enzo-fernandez-sorprendio-a-valentina-cervantes-al-contarle-con-cual-de-sus-padres-prefiere-dormir","status":"publish","type":"post","link":"https:\/\/lobosnews.com.ar\/index.php\/2026\/03\/11\/benjamin-el-hijo-de-enzo-fernandez-sorprendio-a-valentina-cervantes-al-contarle-con-cual-de-sus-padres-prefiere-dormir\/","title":{"rendered":"Benjam\u00edn, el hijo de Enzo Fern\u00e1ndez, sorprendi\u00f3 a Valentina Cervantes al contarle con cu\u00e1l de sus padres prefiere dormir"},"content":{"rendered":"<p>En la intimidad de su casa en Inglaterra, <span class=\"waslinkname\"><b>Valentina Cervantes<\/b><\/span> comparti\u00f3 en redes sociales la rutina nocturna de su hijo <span class=\"waslinkname\"><b>Benjam\u00edn<\/b><\/span>, el menor de su relaci\u00f3n con el futbolista <span class=\"waslinkname\"><b>Enzo Fern\u00e1ndez<\/b><\/span>. Los videos, espont\u00e1neos y llenos de ternura, mostraron la resistencia de Benja a irse a dormir y la complicidad entre madre e hijo en una escena cotidiana que r\u00e1pidamente conquist\u00f3 a sus seguidores.<\/p>\n<p>La secuencia comenz\u00f3 con Benjam\u00edn acostado en la cama, ri\u00e9ndose y neg\u00e1ndose a cerrar los ojos. \u201c\u00bfNo te vas a dormir?\u201d, le pregunt\u00f3 Valu, y el peque\u00f1o respondi\u00f3 con firmeza: \u201cNo\u201d. Entre risas y juegos, la mam\u00e1 insisti\u00f3: \u201cDale, dorm\u00ed. A ver, pon\u00e9 la\u2014apoy\u00e1 la cabeza, dorm\u00ed\u201d. Pero Benja se mantuvo firme y repiti\u00f3 la negativa con una sonrisa p\u00edcara.<\/p>\n<p>La charla se volvi\u00f3 a\u00fan m\u00e1s divertida cuando Valu le pregunt\u00f3 con qui\u00e9n prefer\u00eda dormir: \u201c\u00bfA vos te gusta dormir con mam\u00e1?\u201d. Benja, entre carcajadas, respondi\u00f3: \u201c\u00a1No! \u00bfC\u00f3mo?\u201d. La pregunta se repiti\u00f3 sobre el pap\u00e1 y, esa vez, el ni\u00f1o contest\u00f3 con entusiasmo: \u201cS\u00ed\u201d. Valu insisti\u00f3: \u201c\u00bfCon qui\u00e9n quer\u00e9s dormir?\u201d, y Benjam\u00edn lo dej\u00f3 claro: \u201cPap\u00e1\u201d.<\/p>\n<p>Jugando con la c\u00e1mara, Valu le pidi\u00f3 que saludara y se presentara ante quienes estaban mirando el video: \u201cDecile: \u2018Hola, amigos\u2019. Decile: \u2018Me llamo Benja\u2019\u201d. El ni\u00f1o repiti\u00f3 obediente y divertido, mientras su mam\u00e1 intentaba convencerlo de que era hora de hacer \u201cnoni\u201d. Pero Benja, firme en su postura, respondi\u00f3: \u201c\u00a1No!\u201d. Finalmente, tras varios intentos, cerr\u00f3 con un simp\u00e1tico \u201cChau\u201d.<\/p>\n<p><img loading=\"lazy\" decoding=\"async\" src=\"https:\/\/lobosnews.com.ar\/wp-content\/uploads\/2026\/03\/benjamin-el-hijo-de-enzo-fernandez-sorprendio-a-valentina-cervantes-al-contarle-con-cual-de-sus-padres-prefiere-dormir.jpg\" alt=\"Benjam\u00edn, hijo de Valentina Cervantes, se prepara para dormir con su chupete en una imagen que muestra su tranquila rutina nocturna.\" height=\"783\" width=\"520\"\/><\/p>\n<p>La conversaci\u00f3n tambi\u00e9n incluy\u00f3 algunas preguntas sobre Enzo Fern\u00e1ndez y su trabajo: \u201c\u00bfY pap\u00e1, d\u00f3nde est\u00e1 pap\u00e1? \u00bfA d\u00f3nde se fue?\u201d. Benjam\u00edn contest\u00f3 con seguridad: \u201cEntrenando. En Chelsea\u201d. Cuando Valu le pregunt\u00f3 cu\u00e1ndo volver\u00eda pap\u00e1, Benja respondi\u00f3 sin dudar: \u201cMa\u00f1ana\u201d.<\/p>\n<p>La escena, con Benjam\u00edn acurrucado en la cama, risue\u00f1o y charlando con su mam\u00e1, transmiti\u00f3 ese clima c\u00e1lido y familiar que caracteriz\u00f3 los posteos de Valu Cervantes. Los seguidores no tardaron en llenar la publicaci\u00f3n de likes y comentarios, destacando la ternura, el humor y la simpat\u00eda del peque\u00f1o, que con cada video se rob\u00f3 todas las miradas y dej\u00f3 ver el lado m\u00e1s cotidiano y entra\u00f1able de la familia Fern\u00e1ndez.<\/p>\n<p>Esta no fue la primera vez que Cervantes mostr\u00f3 la complicidad especial que tiene con el peque\u00f1o <b>Benja<\/b>. La pareja de Fern\u00e1ndez suele compartir con sus seguidores momentos \u00edntimos y cotidianos junto a sus hijos, Olivia y Benjam\u00edn, regalando escenas de ternura y humor que r\u00e1pidamente conquistan a sus seguidores.<\/p>\n<p>El lunes por la tarde, Valentina volvi\u00f3 a enternecer a todos al publicar un tierno video protagonizado por Benjam\u00edn, quien atraves\u00f3 un peque\u00f1o berrinche que enseguida se transform\u00f3 en risas gracias a la conexi\u00f3n con su mam\u00e1. En la secuencia, Benjam\u00edn apareci\u00f3 sentado en el piso, visiblemente molesto y con gesto de enojo. Valentina le pregunt\u00f3 con suavidad: \u201c\u00bfQu\u00e9 te pasa\u201d, a lo que \u00e9l respondi\u00f3: \u201cNada\u201d, mientras cruzaba los brazos y miraba hacia el costado. La mam\u00e1 insisti\u00f3: \u201c\u00bfEst\u00e1s enojado?\u201d, y Benjam\u00edn admiti\u00f3: \u201cS\u00ed\u201d. Cuando ella indag\u00f3 el motivo, \u00e9l respondi\u00f3: \u201cOli\u201d, haciendo referencia a su hermana mayor. Valentina le propuso: \u201cAhora viene. \u00bfLa voy a buscar?\u201d, pero el ni\u00f1o, todav\u00eda serio, contest\u00f3: \u201cNo\u201d.<\/p>\n<p>Para distender la situaci\u00f3n, la exparticipante de <i>MasterChef Celebrity<\/i> recurri\u00f3 al humor y le dijo: \u201cTe agarro, \u00a1te agarro el culo! \u00a1Te agarro el culete!\u201d, logrando finalmente que Benjam\u00edn estallara en carcajadas. La \u00faltima imagen del video mostr\u00f3 al peque\u00f1o con una sonrisa amplia, dejando atr\u00e1s el berrinche y disfrutando del momento junto a su mam\u00e1.<\/p>\n<p>La secuencia, que r\u00e1pidamente sum\u00f3 cientos de reacciones y comentarios, evidenci\u00f3 c\u00f3mo Valentina logra transformar un instante de mal humor en un momento de juego y conexi\u00f3n genuina. A trav\u00e9s del humor y la ternura, comparte con sus seguidores la espontaneidad y la calidez de la vida familiar, humanizando la crianza y mostrando el lado m\u00e1s real y cercano de su d\u00eda a d\u00eda junto a Enzo Fern\u00e1ndez y sus hijos.<\/p>\n","protected":false},"excerpt":{"rendered":"<p>En la intimidad de su casa en Inglaterra, Valentina Cervantes comparti\u00f3 en redes sociales la rutina nocturna de su hijo Benjam\u00edn, el menor de su relaci\u00f3n con el futbolista Enzo Fern\u00e1ndez. Los videos, espont\u00e1neos y llenos de ternura, mostraron la resistencia de Benja a irse a dormir y la complicidad entre madre e hijo en&#8230;<\/p>\n","protected":false},"author":1,"featured_media":32058,"comment_status":"open","ping_status":"closed","sticky":false,"template":"","format":"standard","meta":{"_jetpack_memberships_contains_paid_content":false,"footnotes":""},"categories":[79],"tags":[],"class_list":["post-32055","post","type-post","status-publish","format-standard","has-post-thumbnail","hentry","category-cine-y-series"],"magazineBlocksPostFeaturedMedia":{"thumbnail":"https:\/\/lobosnews.com.ar\/wp-content\/uploads\/2026\/03\/benjamin-el-hijo-de-enzo-fernandez-sorprendio-a-valentina-cervantes-al-contarle-con-cual-de-sus-padres-prefiere-dormir-150x150.jpg","medium":"https:\/\/lobosnews.com.ar\/wp-content\/uploads\/2026\/03\/benjamin-el-hijo-de-enzo-fernandez-sorprendio-a-valentina-cervantes-al-contarle-con-cual-de-sus-padres-prefiere-dormir-199x300.jpg","medium_large":"https:\/\/lobosnews.com.ar\/wp-content\/uploads\/2026\/03\/benjamin-el-hijo-de-enzo-fernandez-sorprendio-a-valentina-cervantes-al-contarle-con-cual-de-sus-padres-prefiere-dormir.jpg","large":"https:\/\/lobosnews.com.ar\/wp-content\/uploads\/2026\/03\/benjamin-el-hijo-de-enzo-fernandez-sorprendio-a-valentina-cervantes-al-contarle-con-cual-de-sus-padres-prefiere-dormir.jpg","1536x1536":"https:\/\/lobosnews.com.ar\/wp-content\/uploads\/2026\/03\/benjamin-el-hijo-de-enzo-fernandez-sorprendio-a-valentina-cervantes-al-contarle-con-cual-de-sus-padres-prefiere-dormir.jpg","2048x2048":"https:\/\/lobosnews.com.ar\/wp-content\/uploads\/2026\/03\/benjamin-el-hijo-de-enzo-fernandez-sorprendio-a-valentina-cervantes-al-contarle-con-cual-de-sus-padres-prefiere-dormir.jpg","newsmatic-featured":"https:\/\/lobosnews.com.ar\/wp-content\/uploads\/2026\/03\/benjamin-el-hijo-de-enzo-fernandez-sorprendio-a-valentina-cervantes-al-contarle-con-cual-de-sus-padres-prefiere-dormir-520x545.jpg","newsmatic-list":"https:\/\/lobosnews.com.ar\/wp-content\/uploads\/2026\/03\/benjamin-el-hijo-de-enzo-fernandez-sorprendio-a-valentina-cervantes-al-contarle-con-cual-de-sus-padres-prefiere-dormir-520x400.jpg","newsmatic-thumb":"https:\/\/lobosnews.com.ar\/wp-content\/uploads\/2026\/03\/benjamin-el-hijo-de-enzo-fernandez-sorprendio-a-valentina-cervantes-al-contarle-con-cual-de-sus-padres-prefiere-dormir-300x200.jpg","newsmatic-small":"https:\/\/lobosnews.com.ar\/wp-content\/uploads\/2026\/03\/benjamin-el-hijo-de-enzo-fernandez-sorprendio-a-valentina-cervantes-al-contarle-con-cual-de-sus-padres-prefiere-dormir-150x95.jpg","newsmatic-grid":"https:\/\/lobosnews.com.ar\/wp-content\/uploads\/2026\/03\/benjamin-el-hijo-de-enzo-fernandez-sorprendio-a-valentina-cervantes-al-contarle-con-cual-de-sus-padres-prefiere-dormir-400x250.jpg"},"magazineBlocksPostAuthor":{"name":"admin","avatar":"https:\/\/secure.gravatar.com\/avatar\/76e419471a2083bc3ceab22a763dbbf9b0c1bd15a6214cf3280e2c2dde4580f9?s=96&d=mm&r=g"},"magazineBlocksPostCommentsNumber":"0","magazineBlocksPostExcerpt":"En la intimidad de su casa en Inglaterra, Valentina Cervantes comparti\u00f3 en redes sociales la rutina nocturna de su hijo Benjam\u00edn, el menor de su relaci\u00f3n con el futbolista Enzo Fern\u00e1ndez. Los videos, espont\u00e1neos y llenos de ternura, mostraron la resistencia de Benja a irse a dormir y la complicidad entre madre e hijo en...","magazineBlocksPostCategories":["Cine y Series"],"magazineBlocksPostViewCount":109,"magazineBlocksPostReadTime":4,"magazine_blocks_featured_image_url":{"full":["https:\/\/lobosnews.com.ar\/wp-content\/uploads\/2026\/03\/benjamin-el-hijo-de-enzo-fernandez-sorprendio-a-valentina-cervantes-al-contarle-con-cual-de-sus-padres-prefiere-dormir.jpg",520,783,false],"medium":["https:\/\/lobosnews.com.ar\/wp-content\/uploads\/2026\/03\/benjamin-el-hijo-de-enzo-fernandez-sorprendio-a-valentina-cervantes-al-contarle-con-cual-de-sus-padres-prefiere-dormir-199x300.jpg",199,300,true],"thumbnail":["https:\/\/lobosnews.com.ar\/wp-content\/uploads\/2026\/03\/benjamin-el-hijo-de-enzo-fernandez-sorprendio-a-valentina-cervantes-al-contarle-con-cual-de-sus-padres-prefiere-dormir-150x150.jpg",150,150,true]},"magazine_blocks_author":{"display_name":"admin","author_link":"https:\/\/lobosnews.com.ar\/index.php\/author\/lobos-news\/"},"magazine_blocks_comment":0,"magazine_blocks_author_image":"https:\/\/secure.gravatar.com\/avatar\/76e419471a2083bc3ceab22a763dbbf9b0c1bd15a6214cf3280e2c2dde4580f9?s=96&d=mm&r=g","magazine_blocks_category":"<a href=\"#\" class=\"category-link category-link-79\">Cine y Series<\/a>","yoast_head":"<!-- This site is optimized with the Yoast SEO plugin v26.6 - https:\/\/yoast.com\/wordpress\/plugins\/seo\/ -->\n<title>Benjam\u00edn, el hijo de Enzo Fern\u00e1ndez, sorprendi\u00f3 a Valentina Cervantes al contarle con cu\u00e1l de sus padres prefiere dormir - Lobos News<\/title>\n<meta name=\"robots\" content=\"index, follow, max-snippet:-1, max-image-preview:large, max-video-preview:-1\" \/>\n<link rel=\"canonical\" href=\"https:\/\/lobosnews.com.ar\/index.php\/2026\/03\/11\/benjamin-el-hijo-de-enzo-fernandez-sorprendio-a-valentina-cervantes-al-contarle-con-cual-de-sus-padres-prefiere-dormir\/\" \/>\n<meta property=\"og:locale\" content=\"es_ES\" \/>\n<meta property=\"og:type\" content=\"article\" \/>\n<meta property=\"og:title\" content=\"Benjam\u00edn, el hijo de Enzo Fern\u00e1ndez, sorprendi\u00f3 a Valentina Cervantes al contarle con cu\u00e1l de sus padres prefiere dormir - Lobos News\" \/>\n<meta property=\"og:description\" content=\"En la intimidad de su casa en Inglaterra, Valentina Cervantes comparti\u00f3 en redes sociales la rutina nocturna de su hijo Benjam\u00edn, el menor de su relaci\u00f3n con el futbolista Enzo Fern\u00e1ndez. Los videos, espont\u00e1neos y llenos de ternura, mostraron la resistencia de Benja a irse a dormir y la complicidad entre madre e hijo en...\" \/>\n<meta property=\"og:url\" content=\"https:\/\/lobosnews.com.ar\/index.php\/2026\/03\/11\/benjamin-el-hijo-de-enzo-fernandez-sorprendio-a-valentina-cervantes-al-contarle-con-cual-de-sus-padres-prefiere-dormir\/\" \/>\n<meta property=\"og:site_name\" content=\"Lobos News\" \/>\n<meta property=\"article:published_time\" content=\"2026-03-11T00:45:09+00:00\" \/>\n<meta property=\"article:modified_time\" content=\"2026-03-11T14:59:20+00:00\" \/>\n<meta property=\"og:image\" content=\"https:\/\/lobosnews.com.ar\/wp-content\/uploads\/2026\/03\/benjamin-el-hijo-de-enzo-fernandez-sorprendio-a-valentina-cervantes-al-contarle-con-cual-de-sus-padres-prefiere-dormir.jpg\" \/>\n<meta name=\"author\" content=\"admin\" \/>\n<meta name=\"twitter:card\" content=\"summary_large_image\" \/>\n<meta name=\"twitter:label1\" content=\"Escrito por\" \/>\n\t<meta name=\"twitter:data1\" content=\"admin\" \/>\n\t<meta name=\"twitter:label2\" content=\"Tiempo de lectura\" \/>\n\t<meta name=\"twitter:data2\" content=\"4 minutos\" \/>\n<script type=\"application\/ld+json\" class=\"yoast-schema-graph\">{\"@context\":\"https:\/\/schema.org\",\"@graph\":[{\"@type\":\"Article\",\"@id\":\"https:\/\/lobosnews.com.ar\/index.php\/2026\/03\/11\/benjamin-el-hijo-de-enzo-fernandez-sorprendio-a-valentina-cervantes-al-contarle-con-cual-de-sus-padres-prefiere-dormir\/#article\",\"isPartOf\":{\"@id\":\"https:\/\/lobosnews.com.ar\/index.php\/2026\/03\/11\/benjamin-el-hijo-de-enzo-fernandez-sorprendio-a-valentina-cervantes-al-contarle-con-cual-de-sus-padres-prefiere-dormir\/\"},\"author\":{\"name\":\"admin\",\"@id\":\"https:\/\/lobosnews.com.ar\/#\/schema\/person\/232422a593d5c541dd9aef6aaed10943\"},\"headline\":\"Benjam\u00edn, el hijo de Enzo Fern\u00e1ndez, sorprendi\u00f3 a Valentina Cervantes al contarle con cu\u00e1l de sus padres prefiere dormir\",\"datePublished\":\"2026-03-11T00:45:09+00:00\",\"dateModified\":\"2026-03-11T14:59:20+00:00\",\"mainEntityOfPage\":{\"@id\":\"https:\/\/lobosnews.com.ar\/index.php\/2026\/03\/11\/benjamin-el-hijo-de-enzo-fernandez-sorprendio-a-valentina-cervantes-al-contarle-con-cual-de-sus-padres-prefiere-dormir\/\"},\"wordCount\":730,\"commentCount\":0,\"publisher\":{\"@id\":\"https:\/\/lobosnews.com.ar\/#organization\"},\"image\":{\"@id\":\"https:\/\/lobosnews.com.ar\/index.php\/2026\/03\/11\/benjamin-el-hijo-de-enzo-fernandez-sorprendio-a-valentina-cervantes-al-contarle-con-cual-de-sus-padres-prefiere-dormir\/#primaryimage\"},\"thumbnailUrl\":\"https:\/\/lobosnews.com.ar\/wp-content\/uploads\/2026\/03\/benjamin-el-hijo-de-enzo-fernandez-sorprendio-a-valentina-cervantes-al-contarle-con-cual-de-sus-padres-prefiere-dormir.jpg\",\"articleSection\":[\"Cine y Series\"],\"inLanguage\":\"es\",\"potentialAction\":[{\"@type\":\"CommentAction\",\"name\":\"Comment\",\"target\":[\"https:\/\/lobosnews.com.ar\/index.php\/2026\/03\/11\/benjamin-el-hijo-de-enzo-fernandez-sorprendio-a-valentina-cervantes-al-contarle-con-cual-de-sus-padres-prefiere-dormir\/#respond\"]}]},{\"@type\":\"WebPage\",\"@id\":\"https:\/\/lobosnews.com.ar\/index.php\/2026\/03\/11\/benjamin-el-hijo-de-enzo-fernandez-sorprendio-a-valentina-cervantes-al-contarle-con-cual-de-sus-padres-prefiere-dormir\/\",\"url\":\"https:\/\/lobosnews.com.ar\/index.php\/2026\/03\/11\/benjamin-el-hijo-de-enzo-fernandez-sorprendio-a-valentina-cervantes-al-contarle-con-cual-de-sus-padres-prefiere-dormir\/\",\"name\":\"Benjam\u00edn, el hijo de Enzo Fern\u00e1ndez, sorprendi\u00f3 a Valentina Cervantes al contarle con cu\u00e1l de sus padres prefiere dormir - Lobos News\",\"isPartOf\":{\"@id\":\"https:\/\/lobosnews.com.ar\/#website\"},\"primaryImageOfPage\":{\"@id\":\"https:\/\/lobosnews.com.ar\/index.php\/2026\/03\/11\/benjamin-el-hijo-de-enzo-fernandez-sorprendio-a-valentina-cervantes-al-contarle-con-cual-de-sus-padres-prefiere-dormir\/#primaryimage\"},\"image\":{\"@id\":\"https:\/\/lobosnews.com.ar\/index.php\/2026\/03\/11\/benjamin-el-hijo-de-enzo-fernandez-sorprendio-a-valentina-cervantes-al-contarle-con-cual-de-sus-padres-prefiere-dormir\/#primaryimage\"},\"thumbnailUrl\":\"https:\/\/lobosnews.com.ar\/wp-content\/uploads\/2026\/03\/benjamin-el-hijo-de-enzo-fernandez-sorprendio-a-valentina-cervantes-al-contarle-con-cual-de-sus-padres-prefiere-dormir.jpg\",\"datePublished\":\"2026-03-11T00:45:09+00:00\",\"dateModified\":\"2026-03-11T14:59:20+00:00\",\"breadcrumb\":{\"@id\":\"https:\/\/lobosnews.com.ar\/index.php\/2026\/03\/11\/benjamin-el-hijo-de-enzo-fernandez-sorprendio-a-valentina-cervantes-al-contarle-con-cual-de-sus-padres-prefiere-dormir\/#breadcrumb\"},\"inLanguage\":\"es\",\"potentialAction\":[{\"@type\":\"ReadAction\",\"target\":[\"https:\/\/lobosnews.com.ar\/index.php\/2026\/03\/11\/benjamin-el-hijo-de-enzo-fernandez-sorprendio-a-valentina-cervantes-al-contarle-con-cual-de-sus-padres-prefiere-dormir\/\"]}]},{\"@type\":\"ImageObject\",\"inLanguage\":\"es\",\"@id\":\"https:\/\/lobosnews.com.ar\/index.php\/2026\/03\/11\/benjamin-el-hijo-de-enzo-fernandez-sorprendio-a-valentina-cervantes-al-contarle-con-cual-de-sus-padres-prefiere-dormir\/#primaryimage\",\"url\":\"https:\/\/lobosnews.com.ar\/wp-content\/uploads\/2026\/03\/benjamin-el-hijo-de-enzo-fernandez-sorprendio-a-valentina-cervantes-al-contarle-con-cual-de-sus-padres-prefiere-dormir.jpg\",\"contentUrl\":\"https:\/\/lobosnews.com.ar\/wp-content\/uploads\/2026\/03\/benjamin-el-hijo-de-enzo-fernandez-sorprendio-a-valentina-cervantes-al-contarle-con-cual-de-sus-padres-prefiere-dormir.jpg\",\"width\":520,\"height\":783,\"caption\":\"Benjam\u00edn, el hijo de Enzo Fern\u00e1ndez, sorprendi\u00f3 a Valentina Cervantes al contarle con cu\u00e1l de sus padres prefiere dormir\"},{\"@type\":\"BreadcrumbList\",\"@id\":\"https:\/\/lobosnews.com.ar\/index.php\/2026\/03\/11\/benjamin-el-hijo-de-enzo-fernandez-sorprendio-a-valentina-cervantes-al-contarle-con-cual-de-sus-padres-prefiere-dormir\/#breadcrumb\",\"itemListElement\":[{\"@type\":\"ListItem\",\"position\":1,\"name\":\"Portada\",\"item\":\"https:\/\/lobosnews.com.ar\/\"},{\"@type\":\"ListItem\",\"position\":2,\"name\":\"Benjam\u00edn, el hijo de Enzo Fern\u00e1ndez, sorprendi\u00f3 a Valentina Cervantes al contarle con cu\u00e1l de sus padres prefiere dormir\"}]},{\"@type\":\"WebSite\",\"@id\":\"https:\/\/lobosnews.com.ar\/#website\",\"url\":\"https:\/\/lobosnews.com.ar\/\",\"name\":\"Lobos News\",\"description\":\"Informaci\u00f3n a cada instante\",\"publisher\":{\"@id\":\"https:\/\/lobosnews.com.ar\/#organization\"},\"potentialAction\":[{\"@type\":\"SearchAction\",\"target\":{\"@type\":\"EntryPoint\",\"urlTemplate\":\"https:\/\/lobosnews.com.ar\/?s={search_term_string}\"},\"query-input\":{\"@type\":\"PropertyValueSpecification\",\"valueRequired\":true,\"valueName\":\"search_term_string\"}}],\"inLanguage\":\"es\"},{\"@type\":\"Organization\",\"@id\":\"https:\/\/lobosnews.com.ar\/#organization\",\"name\":\"Lobos News\",\"url\":\"https:\/\/lobosnews.com.ar\/\",\"logo\":{\"@type\":\"ImageObject\",\"inLanguage\":\"es\",\"@id\":\"https:\/\/lobosnews.com.ar\/#\/schema\/logo\/image\/\",\"url\":\"https:\/\/lobosnews.com.ar\/wp-content\/uploads\/2026\/01\/logo-lobosnews.png\",\"contentUrl\":\"https:\/\/lobosnews.com.ar\/wp-content\/uploads\/2026\/01\/logo-lobosnews.png\",\"width\":500,\"height\":200,\"caption\":\"Lobos News\"},\"image\":{\"@id\":\"https:\/\/lobosnews.com.ar\/#\/schema\/logo\/image\/\"}},{\"@type\":\"Person\",\"@id\":\"https:\/\/lobosnews.com.ar\/#\/schema\/person\/232422a593d5c541dd9aef6aaed10943\",\"name\":\"admin\",\"image\":{\"@type\":\"ImageObject\",\"inLanguage\":\"es\",\"@id\":\"https:\/\/lobosnews.com.ar\/#\/schema\/person\/image\/\",\"url\":\"https:\/\/secure.gravatar.com\/avatar\/76e419471a2083bc3ceab22a763dbbf9b0c1bd15a6214cf3280e2c2dde4580f9?s=96&d=mm&r=g\",\"contentUrl\":\"https:\/\/secure.gravatar.com\/avatar\/76e419471a2083bc3ceab22a763dbbf9b0c1bd15a6214cf3280e2c2dde4580f9?s=96&d=mm&r=g\",\"caption\":\"admin\"},\"sameAs\":[\"https:\/\/lobosnews.com.ar\"],\"url\":\"https:\/\/lobosnews.com.ar\/index.php\/author\/lobos-news\/\"}]}<\/script>\n<!-- \/ Yoast SEO plugin. -->","yoast_head_json":{"title":"Benjam\u00edn, el hijo de Enzo Fern\u00e1ndez, sorprendi\u00f3 a Valentina Cervantes al contarle con cu\u00e1l de sus padres prefiere dormir - Lobos News","robots":{"index":"index","follow":"follow","max-snippet":"max-snippet:-1","max-image-preview":"max-image-preview:large","max-video-preview":"max-video-preview:-1"},"canonical":"https:\/\/lobosnews.com.ar\/index.php\/2026\/03\/11\/benjamin-el-hijo-de-enzo-fernandez-sorprendio-a-valentina-cervantes-al-contarle-con-cual-de-sus-padres-prefiere-dormir\/","og_locale":"es_ES","og_type":"article","og_title":"Benjam\u00edn, el hijo de Enzo Fern\u00e1ndez, sorprendi\u00f3 a Valentina Cervantes al contarle con cu\u00e1l de sus padres prefiere dormir - Lobos News","og_description":"En la intimidad de su casa en Inglaterra, Valentina Cervantes comparti\u00f3 en redes sociales la rutina nocturna de su hijo Benjam\u00edn, el menor de su relaci\u00f3n con el futbolista Enzo Fern\u00e1ndez. Los videos, espont\u00e1neos y llenos de ternura, mostraron la resistencia de Benja a irse a dormir y la complicidad entre madre e hijo en...","og_url":"https:\/\/lobosnews.com.ar\/index.php\/2026\/03\/11\/benjamin-el-hijo-de-enzo-fernandez-sorprendio-a-valentina-cervantes-al-contarle-con-cual-de-sus-padres-prefiere-dormir\/","og_site_name":"Lobos News","article_published_time":"2026-03-11T00:45:09+00:00","article_modified_time":"2026-03-11T14:59:20+00:00","og_image":[{"url":"https:\/\/lobosnews.com.ar\/wp-content\/uploads\/2026\/03\/benjamin-el-hijo-de-enzo-fernandez-sorprendio-a-valentina-cervantes-al-contarle-con-cual-de-sus-padres-prefiere-dormir.jpg","type":"","width":"","height":""}],"author":"admin","twitter_card":"summary_large_image","twitter_misc":{"Escrito por":"admin","Tiempo de lectura":"4 minutos"},"schema":{"@context":"https:\/\/schema.org","@graph":[{"@type":"Article","@id":"https:\/\/lobosnews.com.ar\/index.php\/2026\/03\/11\/benjamin-el-hijo-de-enzo-fernandez-sorprendio-a-valentina-cervantes-al-contarle-con-cual-de-sus-padres-prefiere-dormir\/#article","isPartOf":{"@id":"https:\/\/lobosnews.com.ar\/index.php\/2026\/03\/11\/benjamin-el-hijo-de-enzo-fernandez-sorprendio-a-valentina-cervantes-al-contarle-con-cual-de-sus-padres-prefiere-dormir\/"},"author":{"name":"admin","@id":"https:\/\/lobosnews.com.ar\/#\/schema\/person\/232422a593d5c541dd9aef6aaed10943"},"headline":"Benjam\u00edn, el hijo de Enzo Fern\u00e1ndez, sorprendi\u00f3 a Valentina Cervantes al contarle con cu\u00e1l de sus padres prefiere dormir","datePublished":"2026-03-11T00:45:09+00:00","dateModified":"2026-03-11T14:59:20+00:00","mainEntityOfPage":{"@id":"https:\/\/lobosnews.com.ar\/index.php\/2026\/03\/11\/benjamin-el-hijo-de-enzo-fernandez-sorprendio-a-valentina-cervantes-al-contarle-con-cual-de-sus-padres-prefiere-dormir\/"},"wordCount":730,"commentCount":0,"publisher":{"@id":"https:\/\/lobosnews.com.ar\/#organization"},"image":{"@id":"https:\/\/lobosnews.com.ar\/index.php\/2026\/03\/11\/benjamin-el-hijo-de-enzo-fernandez-sorprendio-a-valentina-cervantes-al-contarle-con-cual-de-sus-padres-prefiere-dormir\/#primaryimage"},"thumbnailUrl":"https:\/\/lobosnews.com.ar\/wp-content\/uploads\/2026\/03\/benjamin-el-hijo-de-enzo-fernandez-sorprendio-a-valentina-cervantes-al-contarle-con-cual-de-sus-padres-prefiere-dormir.jpg","articleSection":["Cine y Series"],"inLanguage":"es","potentialAction":[{"@type":"CommentAction","name":"Comment","target":["https:\/\/lobosnews.com.ar\/index.php\/2026\/03\/11\/benjamin-el-hijo-de-enzo-fernandez-sorprendio-a-valentina-cervantes-al-contarle-con-cual-de-sus-padres-prefiere-dormir\/#respond"]}]},{"@type":"WebPage","@id":"https:\/\/lobosnews.com.ar\/index.php\/2026\/03\/11\/benjamin-el-hijo-de-enzo-fernandez-sorprendio-a-valentina-cervantes-al-contarle-con-cual-de-sus-padres-prefiere-dormir\/","url":"https:\/\/lobosnews.com.ar\/index.php\/2026\/03\/11\/benjamin-el-hijo-de-enzo-fernandez-sorprendio-a-valentina-cervantes-al-contarle-con-cual-de-sus-padres-prefiere-dormir\/","name":"Benjam\u00edn, el hijo de Enzo Fern\u00e1ndez, sorprendi\u00f3 a Valentina Cervantes al contarle con cu\u00e1l de sus padres prefiere dormir - Lobos News","isPartOf":{"@id":"https:\/\/lobosnews.com.ar\/#website"},"primaryImageOfPage":{"@id":"https:\/\/lobosnews.com.ar\/index.php\/2026\/03\/11\/benjamin-el-hijo-de-enzo-fernandez-sorprendio-a-valentina-cervantes-al-contarle-con-cual-de-sus-padres-prefiere-dormir\/#primaryimage"},"image":{"@id":"https:\/\/lobosnews.com.ar\/index.php\/2026\/03\/11\/benjamin-el-hijo-de-enzo-fernandez-sorprendio-a-valentina-cervantes-al-contarle-con-cual-de-sus-padres-prefiere-dormir\/#primaryimage"},"thumbnailUrl":"https:\/\/lobosnews.com.ar\/wp-content\/uploads\/2026\/03\/benjamin-el-hijo-de-enzo-fernandez-sorprendio-a-valentina-cervantes-al-contarle-con-cual-de-sus-padres-prefiere-dormir.jpg","datePublished":"2026-03-11T00:45:09+00:00","dateModified":"2026-03-11T14:59:20+00:00","breadcrumb":{"@id":"https:\/\/lobosnews.com.ar\/index.php\/2026\/03\/11\/benjamin-el-hijo-de-enzo-fernandez-sorprendio-a-valentina-cervantes-al-contarle-con-cual-de-sus-padres-prefiere-dormir\/#breadcrumb"},"inLanguage":"es","potentialAction":[{"@type":"ReadAction","target":["https:\/\/lobosnews.com.ar\/index.php\/2026\/03\/11\/benjamin-el-hijo-de-enzo-fernandez-sorprendio-a-valentina-cervantes-al-contarle-con-cual-de-sus-padres-prefiere-dormir\/"]}]},{"@type":"ImageObject","inLanguage":"es","@id":"https:\/\/lobosnews.com.ar\/index.php\/2026\/03\/11\/benjamin-el-hijo-de-enzo-fernandez-sorprendio-a-valentina-cervantes-al-contarle-con-cual-de-sus-padres-prefiere-dormir\/#primaryimage","url":"https:\/\/lobosnews.com.ar\/wp-content\/uploads\/2026\/03\/benjamin-el-hijo-de-enzo-fernandez-sorprendio-a-valentina-cervantes-al-contarle-con-cual-de-sus-padres-prefiere-dormir.jpg","contentUrl":"https:\/\/lobosnews.com.ar\/wp-content\/uploads\/2026\/03\/benjamin-el-hijo-de-enzo-fernandez-sorprendio-a-valentina-cervantes-al-contarle-con-cual-de-sus-padres-prefiere-dormir.jpg","width":520,"height":783,"caption":"Benjam\u00edn, el hijo de Enzo Fern\u00e1ndez, sorprendi\u00f3 a Valentina Cervantes al contarle con cu\u00e1l de sus padres prefiere dormir"},{"@type":"BreadcrumbList","@id":"https:\/\/lobosnews.com.ar\/index.php\/2026\/03\/11\/benjamin-el-hijo-de-enzo-fernandez-sorprendio-a-valentina-cervantes-al-contarle-con-cual-de-sus-padres-prefiere-dormir\/#breadcrumb","itemListElement":[{"@type":"ListItem","position":1,"name":"Portada","item":"https:\/\/lobosnews.com.ar\/"},{"@type":"ListItem","position":2,"name":"Benjam\u00edn, el hijo de Enzo Fern\u00e1ndez, sorprendi\u00f3 a Valentina Cervantes al contarle con cu\u00e1l de sus padres prefiere dormir"}]},{"@type":"WebSite","@id":"https:\/\/lobosnews.com.ar\/#website","url":"https:\/\/lobosnews.com.ar\/","name":"Lobos News","description":"Informaci\u00f3n a cada instante","publisher":{"@id":"https:\/\/lobosnews.com.ar\/#organization"},"potentialAction":[{"@type":"SearchAction","target":{"@type":"EntryPoint","urlTemplate":"https:\/\/lobosnews.com.ar\/?s={search_term_string}"},"query-input":{"@type":"PropertyValueSpecification","valueRequired":true,"valueName":"search_term_string"}}],"inLanguage":"es"},{"@type":"Organization","@id":"https:\/\/lobosnews.com.ar\/#organization","name":"Lobos News","url":"https:\/\/lobosnews.com.ar\/","logo":{"@type":"ImageObject","inLanguage":"es","@id":"https:\/\/lobosnews.com.ar\/#\/schema\/logo\/image\/","url":"https:\/\/lobosnews.com.ar\/wp-content\/uploads\/2026\/01\/logo-lobosnews.png","contentUrl":"https:\/\/lobosnews.com.ar\/wp-content\/uploads\/2026\/01\/logo-lobosnews.png","width":500,"height":200,"caption":"Lobos News"},"image":{"@id":"https:\/\/lobosnews.com.ar\/#\/schema\/logo\/image\/"}},{"@type":"Person","@id":"https:\/\/lobosnews.com.ar\/#\/schema\/person\/232422a593d5c541dd9aef6aaed10943","name":"admin","image":{"@type":"ImageObject","inLanguage":"es","@id":"https:\/\/lobosnews.com.ar\/#\/schema\/person\/image\/","url":"https:\/\/secure.gravatar.com\/avatar\/76e419471a2083bc3ceab22a763dbbf9b0c1bd15a6214cf3280e2c2dde4580f9?s=96&d=mm&r=g","contentUrl":"https:\/\/secure.gravatar.com\/avatar\/76e419471a2083bc3ceab22a763dbbf9b0c1bd15a6214cf3280e2c2dde4580f9?s=96&d=mm&r=g","caption":"admin"},"sameAs":["https:\/\/lobosnews.com.ar"],"url":"https:\/\/lobosnews.com.ar\/index.php\/author\/lobos-news\/"}]}},"jetpack_featured_media_url":"https:\/\/lobosnews.com.ar\/wp-content\/uploads\/2026\/03\/benjamin-el-hijo-de-enzo-fernandez-sorprendio-a-valentina-cervantes-al-contarle-con-cual-de-sus-padres-prefiere-dormir.jpg","jetpack_sharing_enabled":true,"_links":{"self":[{"href":"https:\/\/lobosnews.com.ar\/index.php\/wp-json\/wp\/v2\/posts\/32055","targetHints":{"allow":["GET"]}}],"collection":[{"href":"https:\/\/lobosnews.com.ar\/index.php\/wp-json\/wp\/v2\/posts"}],"about":[{"href":"https:\/\/lobosnews.com.ar\/index.php\/wp-json\/wp\/v2\/types\/post"}],"author":[{"embeddable":true,"href":"https:\/\/lobosnews.com.ar\/index.php\/wp-json\/wp\/v2\/users\/1"}],"replies":[{"embeddable":true,"href":"https:\/\/lobosnews.com.ar\/index.php\/wp-json\/wp\/v2\/comments?post=32055"}],"version-history":[{"count":1,"href":"https:\/\/lobosnews.com.ar\/index.php\/wp-json\/wp\/v2\/posts\/32055\/revisions"}],"predecessor-version":[{"id":32057,"href":"https:\/\/lobosnews.com.ar\/index.php\/wp-json\/wp\/v2\/posts\/32055\/revisions\/32057"}],"wp:featuredmedia":[{"embeddable":true,"href":"https:\/\/lobosnews.com.ar\/index.php\/wp-json\/wp\/v2\/media\/32058"}],"wp:attachment":[{"href":"https:\/\/lobosnews.com.ar\/index.php\/wp-json\/wp\/v2\/media?parent=32055"}],"wp:term":[{"taxonomy":"category","embeddable":true,"href":"https:\/\/lobosnews.com.ar\/index.php\/wp-json\/wp\/v2\/categories?post=32055"},{"taxonomy":"post_tag","embeddable":true,"href":"https:\/\/lobosnews.com.ar\/index.php\/wp-json\/wp\/v2\/tags?post=32055"}],"curies":[{"name":"wp","href":"https:\/\/api.w.org\/{rel}","templated":true}]}}